{"id":33091,"date":"2023-06-27T19:10:19","date_gmt":"2023-06-27T17:10:19","guid":{"rendered":"https:\/\/hijascaridad.sjdigitaldemo.ovh\/beata-lindalva-justo-de-oliveira-30-anos-de-su-martirio-1993-2023\/"},"modified":"2024-03-04T19:18:19","modified_gmt":"2024-03-04T18:18:19","slug":"beata-lindalva-justo-de-oliveira-30-anos-de-su-martirio-1993-2023","status":"publish","type":"post","link":"https:\/\/filles-de-la-charite.org\/pl\/beata-lindalva-justo-de-oliveira-30-anos-de-su-martirio-1993-2023\/","title":{"rendered":"B\u0142ogos\u0142awiona Lindalva Justo de Oliveira: 30 lat m\u0119cze\u0144stwa (1993-2023)"},"content":{"rendered":"\n<p>W dniu 9 kwietnia 1993 r. Zgromadzenie Si\u00f3str Mi\u0142osierdzia obecne w Prowincji Recife, a konkretnie w Salvador da Bahia, zosta\u0142o zaskoczone wydarzeniem, kt\u00f3re zmieni\u0142o jego \u017cycie, histori\u0119, a nawet rozumienie s\u0142u\u017cby Ubogim, charyzmatu jego \u015awi\u0119tych Za\u0142o\u017cycieli.<\/p>\n\n\n\n<p>Ofiaruj\u0105c swoje \u017cycie, Siostra Lindalva z wielk\u0105 gorliwo\u015bci\u0105 i po\u015bwi\u0119ceniem podj\u0119\u0142a si\u0119 opieki nad osobami ubogimi powierzonymi jej w Schronisku Dom Pedro II w Salvador Bahia i da\u0142a \u015bwiadectwo doskona\u0142ej mi\u0142o\u015bci do Boga.&nbsp; Solidna w cnotach wincenty\u0144skich, zawsze manifestowa\u0142a ducha przynale\u017cno\u015bci do Zgromadzenia, zakorzenionego w charyzmacie, kt\u00f3ry przyj\u0119\u0142a.<\/p>\n\n\n\n<p>Aby uczci\u0107 30. rocznic\u0119 jej m\u0119cze\u0144skiej \u015bmierci, Prowincja Recife w jedno\u015bci z Archidiecezj\u0105 Salvador da Bahia, opracowa\u0142a Projekt Misyjny maj\u0105cy na celu pog\u0142\u0119bienie nabo\u017ce\u0144stwa do b\u0142ogos\u0142awionej Lindalvy. Otwarcie mia\u0142o miejsce w Domu Prowincjalnym Nossa Senhora das Gra\u00e7as w Recife \u2013 PE w obecno\u015bci wszystkich Si\u00f3str S\u0142u\u017cebnych, kt\u00f3re ju\u017c zaplanowa\u0142y w swoich wsp\u00f3lnotach uroczyste obchody z r\u00f3\u017cnorodnymi dzia\u0142aniami. W Salvadorze dzia\u0142ania te rozpocz\u0119\u0142y si\u0119 od zorganizowania pielgrzymki z relikwi\u0105 drugiego stopnia, kt\u00f3ra obj\u0119\u0142a ca\u0142e terytorium archidiecezji, podzielone na 12 obszar\u00f3w.<\/p>\n\n\n\n<p>Kulminacja Jubileuszu mia\u0142a miejsce w Salwadorze dnia 15 kwietnia 2023 r. z programem, kt\u00f3ry obejmowa\u0142 intensywny udzia\u0142 wiernych i czcicieli z r\u00f3\u017cnych miejsc, w tym du\u017c\u0105 pielgrzymk\u0119 z miejsca urodzenia b\u0142ogos\u0142awionej Lindalvy.&nbsp; W pielgrzymce wzi\u0119\u0142o udzia\u0142 trzech rodzonych braci Siostry Lindalvy. Rano w katedrze w S\u00e3o Salvador da Bahia odprawiona zosta\u0142a Msza \u015awi\u0119ta, kt\u00f3rej przewodniczy\u0142 kardyna\u0142 Dom Sergio da Rocha, arcybiskup Brazylii, koncelebrowana przez kilku biskup\u00f3w i kap\u0142an\u00f3w z innych diecezji. W swojej homilii kardyna\u0142 podkre\u015bli\u0142 niekt\u00f3re wa\u017cne cechy \u015bwiadectwa b\u0142ogos\u0142awionej Lindalvy:&nbsp;<em>Zosta\u0142a nagrodzona za \u017cycie zgodne z przykazaniem mi\u0142o\u015bci jako Siostra i C\u00f3rka Mi\u0142osierdzia. \u201ePo tym wszyscy poznaj\u0105, \u017ce\u015bcie uczniami moimi, je\u015bli b\u0119dziecie si\u0119 wzajemnie mi\u0142owali, tak jak Ja was umi\u0142owa\u0142em\u201d \u2013 powiedzia\u0142 Jezus. Te s\u0142owa odbi\u0142y si\u0119 echem w sercu Siostry Lindalvy i by\u0142y widoczne w jej hojnej s\u0142u\u017cbie braciom i siostrom. Umar\u0142a w szacie umycia n\u00f3g, w fartuchu, wprowadzaj\u0105c w \u017cycie lekcj\u0119, kt\u00f3r\u0105 Jezus zostawi\u0142 nam podczas Ostatniej Wieczerzy i na o\u0142tarzu Krzy\u017ca. Jej \u017cycie zosta\u0142o ofiarowane jak ziarno pszenicy, kt\u00f3re jest spo\u017cywane, aby wykie\u0142kowa\u0107. M\u0119cze\u0144stwo Siostry Lindalvy jest niezwyk\u0142ym znakiem jej wiary w Jezusa i jej wierno\u015bci powo\u0142aniu, do kt\u00f3rego zosta\u0142a wezwana i misji, kt\u00f3ra zosta\u0142a jej powierzona. Swoim m\u0119cze\u0144stwem upodobni\u0142a si\u0119 do Ukrzy\u017cowanego Jezusa, kt\u00f3ry do ko\u0144ca by\u0142 wierny Ojcu, wype\u0142niaj\u0105c Jego misj\u0119. By\u0142a wierna Jezusowi, by\u0142a wierna swojemu powo\u0142aniu i misji, trwaj\u0105c w czysto\u015bci i mi\u0142o\u015bci. Dzisiejszy \u015bwiat potrzebuje ludzi gotowych \u017cy\u0107 mi\u0142o\u015bci\u0105 i czysto\u015bci\u0105; potrzebuje ludzi czystych, aby m\u00f3c kocha\u0107 i s\u0142u\u017cy\u0107; potrzebuje ludzi zdolnych kocha\u0107 tak, jak Jezus kocha\u0142 i uczy\u0142 nas kocha\u0107. Dlatego w\u0142a\u015bnie Siostra Lindalva jest uznana przez Ko\u015bci\u00f3\u0142 jako B\u0142ogos\u0142awiona Lindalva, jako szcz\u0119\u015bliwa Lindalva. Tak, szcz\u0119\u015bliwa jest ta, kt\u00f3ra mo\u017ce \u017cy\u0107 z Chrystusem i jak Chrystus. B\u0142ogos\u0142awiona jest ta, kt\u00f3ra mo\u017ce umrze\u0107 z Chrystusem i jak Chrystus. *<\/em><\/p>\n\n\n\n<p>Siostra Alessandra Sousa Oliveira, Siostra Mi\u0142osierdzia, przedstawi\u0142a temat: \u201ePi\u0119kna Jutrzenka w niebieskim habicie Siostry Mi\u0142osierdzia, teraz wybielona we Krwi Baranka, kt\u00f3ra jest zmieszana z jej krwi\u0105\u201d.<\/p>\n\n\n\n<p>Ca\u0142y program odby\u0142 si\u0119 w atmosferze wiary, pobo\u017cno\u015bci i wielkiej nadziei na jej kanonizacj\u0119, chocia\u017c wiemy, \u017ce jej m\u0119cze\u0144stwo ju\u017c uczyni\u0142o j\u0105 \u015bwi\u0119t\u0105, o czym za\u015bwiadczy\u0142a dr Iraci Gomes Bonfim z Instytutu Medyczno-Prawnego, kt\u00f3ra opiekowa\u0142a si\u0119 Siostr\u0105 Lindalv\u0105 w dniu jej m\u0119cze\u0144stwa: \u201ePodobnie jak panna m\u0142oda, kt\u00f3ra potrzebuje szczeg\u00f3lnej uwagi w dniu \u015blubu, tak widzia\u0142am Siostr\u0119 Lindalv\u0119, kt\u00f3ra sz\u0142a na idealny \u015blub, ko\u0144cz\u0105c swoj\u0105 pos\u0142ug\u0119 po\u015bwi\u0119ceniem w\u0142asnego \u017cycia dla innych\u201d.<\/p>\n\n\n\n<p><\/p>\n\n\n\n<figure class=\"wp-block-gallery has-nested-images columns-default is-cropped wp-block-gallery-1 is-layout-flex wp-block-gallery-is-layout-flex\">\n<figure class=\"wp-block-image size-large\"><a href=\"https:\/\/filles-de-la-charite.org\/wp-content\/uploads\/2024\/03\/news-06.23-Beata-Lindalva-Justo-de-Oliveira-8-768x1024.jpg\" target=\"_blank\" rel=\"noopener\" data-rel=\"lightbox-image-0\" data-rl_title=\"\" data-rl_caption=\"\" title=\"\"><img loading=\"lazy\" decoding=\"async\" width=\"768\" height=\"1024\" data-id=\"33084\" src=\"https:\/\/filles-de-la-charite.org\/wp-content\/uploads\/2024\/03\/news-06.23-Beata-Lindalva-Justo-de-Oliveira-8-768x1024.jpg\" alt=\"\" class=\"wp-image-33084\" srcset=\"https:\/\/filles-de-la-charite.org\/wp-content\/uploads\/2024\/03\/news-06.23-Beata-Lindalva-Justo-de-Oliveira-8-768x1024.jpg 768w, https:\/\/filles-de-la-charite.org\/wp-content\/uploads\/2024\/03\/news-06.23-Beata-Lindalva-Justo-de-Oliveira-8-480x640.jpg 480w\" sizes=\"(min-width: 0px) and (max-width: 480px) 480px, (min-width: 481px) 768px, 100vw\" \/><\/a><\/figure>\n\n\n\n<figure class=\"wp-block-image size-large\"><a href=\"https:\/\/filles-de-la-charite.org\/wp-content\/uploads\/2024\/03\/news-06.23-Beata-Lindalva-Justo-de-Oliveira-7-768x1024.jpg\" target=\"_blank\" rel=\"noopener\" data-rel=\"lightbox-image-1\" data-rl_title=\"\" data-rl_caption=\"\" title=\"\"><img loading=\"lazy\" decoding=\"async\" width=\"768\" height=\"1024\" data-id=\"33078\" src=\"https:\/\/filles-de-la-charite.org\/wp-content\/uploads\/2024\/03\/news-06.23-Beata-Lindalva-Justo-de-Oliveira-7-768x1024.jpg\" alt=\"\" class=\"wp-image-33078\" srcset=\"https:\/\/filles-de-la-charite.org\/wp-content\/uploads\/2024\/03\/news-06.23-Beata-Lindalva-Justo-de-Oliveira-7-768x1024.jpg 768w, https:\/\/filles-de-la-charite.org\/wp-content\/uploads\/2024\/03\/news-06.23-Beata-Lindalva-Justo-de-Oliveira-7-480x640.jpg 480w\" sizes=\"(min-width: 0px) and (max-width: 480px) 480px, (min-width: 481px) 768px, 100vw\" \/><\/a><\/figure>\n\n\n\n<figure class=\"wp-block-image size-large\"><a href=\"https:\/\/filles-de-la-charite.org\/wp-content\/uploads\/2024\/03\/news-06.23-Beata-Lindalva-Justo-de-Oliveira-6-1024x768.jpg\" target=\"_blank\" rel=\"noopener\" data-rel=\"lightbox-image-2\" data-rl_title=\"\" data-rl_caption=\"\" title=\"\"><img loading=\"lazy\" decoding=\"async\" width=\"1024\" height=\"768\" data-id=\"33072\" src=\"https:\/\/filles-de-la-charite.org\/wp-content\/uploads\/2024\/03\/news-06.23-Beata-Lindalva-Justo-de-Oliveira-6-1024x768.jpg\" alt=\"\" class=\"wp-image-33072\" srcset=\"https:\/\/filles-de-la-charite.org\/wp-content\/uploads\/2024\/03\/news-06.23-Beata-Lindalva-Justo-de-Oliveira-6-980x735.jpg 980w, https:\/\/filles-de-la-charite.org\/wp-content\/uploads\/2024\/03\/news-06.23-Beata-Lindalva-Justo-de-Oliveira-6-480x360.jpg 480w\" sizes=\"(min-width: 0px) and (max-width: 480px) 480px, (min-width: 481px) and (max-width: 980px) 980px, (min-width: 981px) 1024px, 100vw\" \/><\/a><\/figure>\n\n\n\n<figure class=\"wp-block-image size-large\"><a href=\"https:\/\/filles-de-la-charite.org\/wp-content\/uploads\/2024\/03\/news-06.23-Beata-Lindalva-Justo-de-Oliveira-4-1024x554.jpg\" target=\"_blank\" rel=\"noopener\" data-rel=\"lightbox-image-3\" data-rl_title=\"\" data-rl_caption=\"\" title=\"\"><img loading=\"lazy\" decoding=\"async\" width=\"1024\" height=\"554\" data-id=\"33060\" src=\"https:\/\/filles-de-la-charite.org\/wp-content\/uploads\/2024\/03\/news-06.23-Beata-Lindalva-Justo-de-Oliveira-4-1024x554.jpg\" alt=\"\" class=\"wp-image-33060\" srcset=\"https:\/\/filles-de-la-charite.org\/wp-content\/uploads\/2024\/03\/news-06.23-Beata-Lindalva-Justo-de-Oliveira-4-1024x554.jpg 1024w, https:\/\/filles-de-la-charite.org\/wp-content\/uploads\/2024\/03\/news-06.23-Beata-Lindalva-Justo-de-Oliveira-4-980x530.jpg 980w, https:\/\/filles-de-la-charite.org\/wp-content\/uploads\/2024\/03\/news-06.23-Beata-Lindalva-Justo-de-Oliveira-4-480x260.jpg 480w\" sizes=\"(min-width: 0px) and (max-width: 480px) 480px, (min-width: 481px) and (max-width: 980px) 980px, (min-width: 981px) 1024px, 100vw\" \/><\/a><\/figure>\n\n\n\n<figure class=\"wp-block-image size-large\"><a href=\"https:\/\/filles-de-la-charite.org\/wp-content\/uploads\/2024\/03\/news-06.23-Beata-Lindalva-Justo-de-Oliveira-5-768x1024.jpg\" target=\"_blank\" rel=\"noopener\" data-rel=\"lightbox-image-4\" data-rl_title=\"\" data-rl_caption=\"\" title=\"\"><img loading=\"lazy\" decoding=\"async\" width=\"768\" height=\"1024\" data-id=\"33066\" src=\"https:\/\/filles-de-la-charite.org\/wp-content\/uploads\/2024\/03\/news-06.23-Beata-Lindalva-Justo-de-Oliveira-5-768x1024.jpg\" alt=\"\" class=\"wp-image-33066\" srcset=\"https:\/\/filles-de-la-charite.org\/wp-content\/uploads\/2024\/03\/news-06.23-Beata-Lindalva-Justo-de-Oliveira-5-768x1024.jpg 768w, https:\/\/filles-de-la-charite.org\/wp-content\/uploads\/2024\/03\/news-06.23-Beata-Lindalva-Justo-de-Oliveira-5-480x640.jpg 480w\" sizes=\"(min-width: 0px) and (max-width: 480px) 480px, (min-width: 481px) 768px, 100vw\" \/><\/a><\/figure>\n\n\n\n<figure class=\"wp-block-image size-large\"><a href=\"https:\/\/filles-de-la-charite.org\/wp-content\/uploads\/2024\/03\/news-06.23-Beata-Lindalva-Justo-de-Oliveira-3-1024x768.jpg\" target=\"_blank\" rel=\"noopener\" data-rel=\"lightbox-image-5\" data-rl_title=\"\" data-rl_caption=\"\" title=\"\"><img loading=\"lazy\" decoding=\"async\" width=\"1024\" height=\"768\" data-id=\"33054\" src=\"https:\/\/filles-de-la-charite.org\/wp-content\/uploads\/2024\/03\/news-06.23-Beata-Lindalva-Justo-de-Oliveira-3-1024x768.jpg\" alt=\"\" class=\"wp-image-33054\" srcset=\"https:\/\/filles-de-la-charite.org\/wp-content\/uploads\/2024\/03\/news-06.23-Beata-Lindalva-Justo-de-Oliveira-3-980x735.jpg 980w, https:\/\/filles-de-la-charite.org\/wp-content\/uploads\/2024\/03\/news-06.23-Beata-Lindalva-Justo-de-Oliveira-3-480x360.jpg 480w\" sizes=\"(min-width: 0px) and (max-width: 480px) 480px, (min-width: 481px) and (max-width: 980px) 980px, (min-width: 981px) 1024px, 100vw\" \/><\/a><\/figure>\n\n\n\n<figure class=\"wp-block-image size-large\"><a href=\"https:\/\/filles-de-la-charite.org\/wp-content\/uploads\/2024\/03\/news-06.23-Beata-Lindalva-Justo-de-Oliveira-2-768x1024.jpg\" target=\"_blank\" rel=\"noopener\" data-rel=\"lightbox-image-6\" data-rl_title=\"\" data-rl_caption=\"\" title=\"\"><img loading=\"lazy\" decoding=\"async\" width=\"768\" height=\"1024\" data-id=\"33048\" src=\"https:\/\/filles-de-la-charite.org\/wp-content\/uploads\/2024\/03\/news-06.23-Beata-Lindalva-Justo-de-Oliveira-2-768x1024.jpg\" alt=\"\" class=\"wp-image-33048\"\/><\/a><\/figure>\n\n\n\n<figure class=\"wp-block-image size-large\"><a href=\"https:\/\/filles-de-la-charite.org\/wp-content\/uploads\/2024\/03\/news-06.23-Beata-Lindalva-Justo-de-Oliveira-1-768x1024.jpg\" target=\"_blank\" rel=\"noopener\" data-rel=\"lightbox-image-7\" data-rl_title=\"\" data-rl_caption=\"\" title=\"\"><img loading=\"lazy\" decoding=\"async\" width=\"768\" height=\"1024\" data-id=\"33042\" src=\"https:\/\/filles-de-la-charite.org\/wp-content\/uploads\/2024\/03\/news-06.23-Beata-Lindalva-Justo-de-Oliveira-1-768x1024.jpg\" alt=\"\" class=\"wp-image-33042\" srcset=\"https:\/\/filles-de-la-charite.org\/wp-content\/uploads\/2024\/03\/news-06.23-Beata-Lindalva-Justo-de-Oliveira-1-768x1024.jpg 768w, https:\/\/filles-de-la-charite.org\/wp-content\/uploads\/2024\/03\/news-06.23-Beata-Lindalva-Justo-de-Oliveira-1-480x640.jpg 480w\" sizes=\"(min-width: 0px) and (max-width: 480px) 480px, (min-width: 481px) 768px, 100vw\" \/><\/a><\/figure>\n<\/figure>\n\n\n\n<p><\/p>\n\n\n\n<p>Niech b\u0142ogos\u0142awiona Lindalva inspiruje nas w naszej codziennej misji, aby\u015bmy odwa\u017cnie odpowiadali na wezwania, kt\u00f3re kieruje do nas Pan!<\/p>\n\n\n\n<p><em>Siostra Maria de Fatima do Nascimento<\/em><\/p>\n\n\n\n<p>*<em>Fragment homilii Dom Lucasa Moreiry Nevesa, \u00f3wczesnego kardyna\u0142a Brazylii, kt\u00f3ry przez te 30 lat pomaga\u0142 nam w duchu wiary dostrzec przemian\u0119 tragedii w niezaprzeczalne \u015bwiadectwo mi\u0142o\u015bci, m\u0119cze\u0144stwa.<\/em><\/p>\n","protected":false},"excerpt":{"rendered":"<p>W dniu 9 kwietnia 1993 r. Zgromadzenie Si\u00f3str Mi\u0142osierdzia obecne w Prowincji Recife, a konkretnie w Salvador da Bahia, zosta\u0142o zaskoczone wydarzeniem, kt\u00f3re zmieni\u0142o jego \u017cycie, histori\u0119, a nawet rozumienie s\u0142u\u017cby Ubogim, charyzmatu jego \u015awi\u0119tych Za\u0142o\u017cycieli. Ofiaruj\u0105c swoje \u017cycie, Siostra Lindalva z wielk\u0105 gorliwo\u015bci\u0105 i po\u015bwi\u0119ceniem podj\u0119\u0142a si\u0119 opieki nad osobami ubogimi powierzonymi jej w [&hellip;]<\/p>\n","protected":false},"author":5,"featured_media":33034,"comment_status":"closed","ping_status":"closed","sticky":false,"template":"","format":"standard","meta":{"_acf_changed":false,"footnotes":"","_links_to":"","_links_to_target":""},"categories":[720],"tags":[],"class_list":["post-33091","post","type-post","status-publish","format-standard","has-post-thumbnail","hentry","category-recife-pl"],"acf":[],"yoast_head":"<!-- This site is optimized with the Yoast SEO plugin v27.5 - https:\/\/yoast.com\/product\/yoast-seo-wordpress\/ -->\n<title>B\u0142ogos\u0142awiona Lindalva Justo de Oliveira: 30 lat m\u0119cze\u0144stwa (1993-2023) - Filles de la Charit\u00e9<\/title>\n<meta name=\"robots\" content=\"index, follow, max-snippet:-1, max-image-preview:large, max-video-preview:-1\" \/>\n<link rel=\"canonical\" href=\"https:\/\/filles-de-la-charite.org\/pl\/beata-lindalva-justo-de-oliveira-30-anos-de-su-martirio-1993-2023\/\" \/>\n<meta property=\"og:locale\" content=\"pl_PL\" \/>\n<meta property=\"og:type\" content=\"article\" \/>\n<meta property=\"og:title\" content=\"B\u0142ogos\u0142awiona Lindalva Justo de Oliveira: 30 lat m\u0119cze\u0144stwa (1993-2023) - Filles de la Charit\u00e9\" \/>\n<meta property=\"og:description\" content=\"W dniu 9 kwietnia 1993 r. Zgromadzenie Si\u00f3str Mi\u0142osierdzia obecne w Prowincji Recife, a konkretnie w Salvador da Bahia, zosta\u0142o zaskoczone wydarzeniem, kt\u00f3re zmieni\u0142o jego \u017cycie, histori\u0119, a nawet rozumienie s\u0142u\u017cby Ubogim, charyzmatu jego \u015awi\u0119tych Za\u0142o\u017cycieli. Ofiaruj\u0105c swoje \u017cycie, Siostra Lindalva z wielk\u0105 gorliwo\u015bci\u0105 i po\u015bwi\u0119ceniem podj\u0119\u0142a si\u0119 opieki nad osobami ubogimi powierzonymi jej w [&hellip;]\" \/>\n<meta property=\"og:url\" content=\"https:\/\/filles-de-la-charite.org\/pl\/beata-lindalva-justo-de-oliveira-30-anos-de-su-martirio-1993-2023\/\" \/>\n<meta property=\"og:site_name\" content=\"Filles de la Charit\u00e9\" \/>\n<meta property=\"article:published_time\" content=\"2023-06-27T17:10:19+00:00\" \/>\n<meta property=\"article:modified_time\" content=\"2024-03-04T18:18:19+00:00\" \/>\n<meta property=\"og:image\" content=\"https:\/\/filles-de-la-charite.org\/wp-content\/uploads\/2024\/03\/news-06.23-Beata-Lindalva-Justo-de-Oliveira-1.jpeg\" \/>\n\t<meta property=\"og:image:width\" content=\"1280\" \/>\n\t<meta property=\"og:image:height\" content=\"1143\" \/>\n\t<meta property=\"og:image:type\" content=\"image\/jpeg\" \/>\n<meta name=\"author\" content=\"SOR MARTA\" \/>\n<meta name=\"twitter:card\" content=\"summary_large_image\" \/>\n<meta name=\"twitter:label1\" content=\"Napisane przez\" \/>\n\t<meta name=\"twitter:data1\" content=\"SOR MARTA\" \/>\n\t<meta name=\"twitter:label2\" content=\"Szacowany czas czytania\" \/>\n\t<meta name=\"twitter:data2\" content=\"4 minuty\" \/>\n<script type=\"application\/ld+json\" class=\"yoast-schema-graph\">{\"@context\":\"https:\\\/\\\/schema.org\",\"@graph\":[{\"@type\":\"Article\",\"@id\":\"https:\\\/\\\/filles-de-la-charite.org\\\/pl\\\/beata-lindalva-justo-de-oliveira-30-anos-de-su-martirio-1993-2023\\\/#article\",\"isPartOf\":{\"@id\":\"https:\\\/\\\/filles-de-la-charite.org\\\/pl\\\/beata-lindalva-justo-de-oliveira-30-anos-de-su-martirio-1993-2023\\\/\"},\"author\":{\"name\":\"SOR MARTA\",\"@id\":\"https:\\\/\\\/filles-de-la-charite.org\\\/pl\\\/#\\\/schema\\\/person\\\/0c922b6ca71280639858d297b3a7209f\"},\"headline\":\"B\u0142ogos\u0142awiona Lindalva Justo de Oliveira: 30 lat m\u0119cze\u0144stwa (1993-2023)\",\"datePublished\":\"2023-06-27T17:10:19+00:00\",\"dateModified\":\"2024-03-04T18:18:19+00:00\",\"mainEntityOfPage\":{\"@id\":\"https:\\\/\\\/filles-de-la-charite.org\\\/pl\\\/beata-lindalva-justo-de-oliveira-30-anos-de-su-martirio-1993-2023\\\/\"},\"wordCount\":785,\"publisher\":{\"@id\":\"https:\\\/\\\/filles-de-la-charite.org\\\/pl\\\/#organization\"},\"image\":{\"@id\":\"https:\\\/\\\/filles-de-la-charite.org\\\/pl\\\/beata-lindalva-justo-de-oliveira-30-anos-de-su-martirio-1993-2023\\\/#primaryimage\"},\"thumbnailUrl\":\"https:\\\/\\\/filles-de-la-charite.org\\\/wp-content\\\/uploads\\\/2024\\\/03\\\/news-06.23-Beata-Lindalva-Justo-de-Oliveira-1.jpeg\",\"articleSection\":[\"Recife\"],\"inLanguage\":\"pl-PL\"},{\"@type\":\"WebPage\",\"@id\":\"https:\\\/\\\/filles-de-la-charite.org\\\/pl\\\/beata-lindalva-justo-de-oliveira-30-anos-de-su-martirio-1993-2023\\\/\",\"url\":\"https:\\\/\\\/filles-de-la-charite.org\\\/pl\\\/beata-lindalva-justo-de-oliveira-30-anos-de-su-martirio-1993-2023\\\/\",\"name\":\"B\u0142ogos\u0142awiona Lindalva Justo de Oliveira: 30 lat m\u0119cze\u0144stwa (1993-2023) - Filles de la Charit\u00e9\",\"isPartOf\":{\"@id\":\"https:\\\/\\\/filles-de-la-charite.org\\\/pl\\\/#website\"},\"primaryImageOfPage\":{\"@id\":\"https:\\\/\\\/filles-de-la-charite.org\\\/pl\\\/beata-lindalva-justo-de-oliveira-30-anos-de-su-martirio-1993-2023\\\/#primaryimage\"},\"image\":{\"@id\":\"https:\\\/\\\/filles-de-la-charite.org\\\/pl\\\/beata-lindalva-justo-de-oliveira-30-anos-de-su-martirio-1993-2023\\\/#primaryimage\"},\"thumbnailUrl\":\"https:\\\/\\\/filles-de-la-charite.org\\\/wp-content\\\/uploads\\\/2024\\\/03\\\/news-06.23-Beata-Lindalva-Justo-de-Oliveira-1.jpeg\",\"datePublished\":\"2023-06-27T17:10:19+00:00\",\"dateModified\":\"2024-03-04T18:18:19+00:00\",\"breadcrumb\":{\"@id\":\"https:\\\/\\\/filles-de-la-charite.org\\\/pl\\\/beata-lindalva-justo-de-oliveira-30-anos-de-su-martirio-1993-2023\\\/#breadcrumb\"},\"inLanguage\":\"pl-PL\",\"potentialAction\":[{\"@type\":\"ReadAction\",\"target\":[\"https:\\\/\\\/filles-de-la-charite.org\\\/pl\\\/beata-lindalva-justo-de-oliveira-30-anos-de-su-martirio-1993-2023\\\/\"]}]},{\"@type\":\"ImageObject\",\"inLanguage\":\"pl-PL\",\"@id\":\"https:\\\/\\\/filles-de-la-charite.org\\\/pl\\\/beata-lindalva-justo-de-oliveira-30-anos-de-su-martirio-1993-2023\\\/#primaryimage\",\"url\":\"https:\\\/\\\/filles-de-la-charite.org\\\/wp-content\\\/uploads\\\/2024\\\/03\\\/news-06.23-Beata-Lindalva-Justo-de-Oliveira-1.jpeg\",\"contentUrl\":\"https:\\\/\\\/filles-de-la-charite.org\\\/wp-content\\\/uploads\\\/2024\\\/03\\\/news-06.23-Beata-Lindalva-Justo-de-Oliveira-1.jpeg\",\"width\":1280,\"height\":1143},{\"@type\":\"BreadcrumbList\",\"@id\":\"https:\\\/\\\/filles-de-la-charite.org\\\/pl\\\/beata-lindalva-justo-de-oliveira-30-anos-de-su-martirio-1993-2023\\\/#breadcrumb\",\"itemListElement\":[{\"@type\":\"ListItem\",\"position\":1,\"name\":\"Recife\",\"item\":\"https:\\\/\\\/filles-de-la-charite.org\\\/pl\\\/category\\\/recife-pl\\\/\"},{\"@type\":\"ListItem\",\"position\":2,\"name\":\"B\u0142ogos\u0142awiona Lindalva Justo de Oliveira: 30 lat m\u0119cze\u0144stwa (1993-2023)\"}]},{\"@type\":\"WebSite\",\"@id\":\"https:\\\/\\\/filles-de-la-charite.org\\\/pl\\\/#website\",\"url\":\"https:\\\/\\\/filles-de-la-charite.org\\\/pl\\\/\",\"name\":\"Hijas de la Caridad\",\"description\":\"L\u2019amour de J\u00e9sus nous presse \u00e0 prendre soin des personnes les plus d\u00e9munies\",\"publisher\":{\"@id\":\"https:\\\/\\\/filles-de-la-charite.org\\\/pl\\\/#organization\"},\"potentialAction\":[{\"@type\":\"SearchAction\",\"target\":{\"@type\":\"EntryPoint\",\"urlTemplate\":\"https:\\\/\\\/filles-de-la-charite.org\\\/pl\\\/?s={search_term_string}\"},\"query-input\":{\"@type\":\"PropertyValueSpecification\",\"valueRequired\":true,\"valueName\":\"search_term_string\"}}],\"inLanguage\":\"pl-PL\"},{\"@type\":\"Organization\",\"@id\":\"https:\\\/\\\/filles-de-la-charite.org\\\/pl\\\/#organization\",\"name\":\"Hijas de la Caridad\",\"url\":\"https:\\\/\\\/filles-de-la-charite.org\\\/pl\\\/\",\"logo\":{\"@type\":\"ImageObject\",\"inLanguage\":\"pl-PL\",\"@id\":\"https:\\\/\\\/filles-de-la-charite.org\\\/pl\\\/#\\\/schema\\\/logo\\\/image\\\/\",\"url\":\"https:\\\/\\\/filles-de-la-charite.org\\\/wp-content\\\/uploads\\\/2023\\\/03\\\/isotipo-Hijas-de-la-Caridad.png\",\"contentUrl\":\"https:\\\/\\\/filles-de-la-charite.org\\\/wp-content\\\/uploads\\\/2023\\\/03\\\/isotipo-Hijas-de-la-Caridad.png\",\"width\":1417,\"height\":1417,\"caption\":\"Hijas de la Caridad\"},\"image\":{\"@id\":\"https:\\\/\\\/filles-de-la-charite.org\\\/pl\\\/#\\\/schema\\\/logo\\\/image\\\/\"}},{\"@type\":\"Person\",\"@id\":\"https:\\\/\\\/filles-de-la-charite.org\\\/pl\\\/#\\\/schema\\\/person\\\/0c922b6ca71280639858d297b3a7209f\",\"name\":\"SOR MARTA\",\"image\":{\"@type\":\"ImageObject\",\"inLanguage\":\"pl-PL\",\"@id\":\"https:\\\/\\\/secure.gravatar.com\\\/avatar\\\/d2c45b0fd6bf2d3e2670ab3d112257c24ac80fa960360bba1bdc0676485d1d09?s=96&d=mm&r=g\",\"url\":\"https:\\\/\\\/secure.gravatar.com\\\/avatar\\\/d2c45b0fd6bf2d3e2670ab3d112257c24ac80fa960360bba1bdc0676485d1d09?s=96&d=mm&r=g\",\"contentUrl\":\"https:\\\/\\\/secure.gravatar.com\\\/avatar\\\/d2c45b0fd6bf2d3e2670ab3d112257c24ac80fa960360bba1bdc0676485d1d09?s=96&d=mm&r=g\",\"caption\":\"SOR MARTA\"},\"url\":\"https:\\\/\\\/filles-de-la-charite.org\\\/pl\\\/author\\\/martaemn\\\/\"}]}<\/script>\n<!-- \/ Yoast SEO plugin. -->","yoast_head_json":{"title":"B\u0142ogos\u0142awiona Lindalva Justo de Oliveira: 30 lat m\u0119cze\u0144stwa (1993-2023) - Filles de la Charit\u00e9","robots":{"index":"index","follow":"follow","max-snippet":"max-snippet:-1","max-image-preview":"max-image-preview:large","max-video-preview":"max-video-preview:-1"},"canonical":"https:\/\/filles-de-la-charite.org\/pl\/beata-lindalva-justo-de-oliveira-30-anos-de-su-martirio-1993-2023\/","og_locale":"pl_PL","og_type":"article","og_title":"B\u0142ogos\u0142awiona Lindalva Justo de Oliveira: 30 lat m\u0119cze\u0144stwa (1993-2023) - Filles de la Charit\u00e9","og_description":"W dniu 9 kwietnia 1993 r. Zgromadzenie Si\u00f3str Mi\u0142osierdzia obecne w Prowincji Recife, a konkretnie w Salvador da Bahia, zosta\u0142o zaskoczone wydarzeniem, kt\u00f3re zmieni\u0142o jego \u017cycie, histori\u0119, a nawet rozumienie s\u0142u\u017cby Ubogim, charyzmatu jego \u015awi\u0119tych Za\u0142o\u017cycieli. Ofiaruj\u0105c swoje \u017cycie, Siostra Lindalva z wielk\u0105 gorliwo\u015bci\u0105 i po\u015bwi\u0119ceniem podj\u0119\u0142a si\u0119 opieki nad osobami ubogimi powierzonymi jej w [&hellip;]","og_url":"https:\/\/filles-de-la-charite.org\/pl\/beata-lindalva-justo-de-oliveira-30-anos-de-su-martirio-1993-2023\/","og_site_name":"Filles de la Charit\u00e9","article_published_time":"2023-06-27T17:10:19+00:00","article_modified_time":"2024-03-04T18:18:19+00:00","og_image":[{"width":1280,"height":1143,"url":"https:\/\/filles-de-la-charite.org\/wp-content\/uploads\/2024\/03\/news-06.23-Beata-Lindalva-Justo-de-Oliveira-1.jpeg","type":"image\/jpeg"}],"author":"SOR MARTA","twitter_card":"summary_large_image","twitter_misc":{"Napisane przez":"SOR MARTA","Szacowany czas czytania":"4 minuty"},"schema":{"@context":"https:\/\/schema.org","@graph":[{"@type":"Article","@id":"https:\/\/filles-de-la-charite.org\/pl\/beata-lindalva-justo-de-oliveira-30-anos-de-su-martirio-1993-2023\/#article","isPartOf":{"@id":"https:\/\/filles-de-la-charite.org\/pl\/beata-lindalva-justo-de-oliveira-30-anos-de-su-martirio-1993-2023\/"},"author":{"name":"SOR MARTA","@id":"https:\/\/filles-de-la-charite.org\/pl\/#\/schema\/person\/0c922b6ca71280639858d297b3a7209f"},"headline":"B\u0142ogos\u0142awiona Lindalva Justo de Oliveira: 30 lat m\u0119cze\u0144stwa (1993-2023)","datePublished":"2023-06-27T17:10:19+00:00","dateModified":"2024-03-04T18:18:19+00:00","mainEntityOfPage":{"@id":"https:\/\/filles-de-la-charite.org\/pl\/beata-lindalva-justo-de-oliveira-30-anos-de-su-martirio-1993-2023\/"},"wordCount":785,"publisher":{"@id":"https:\/\/filles-de-la-charite.org\/pl\/#organization"},"image":{"@id":"https:\/\/filles-de-la-charite.org\/pl\/beata-lindalva-justo-de-oliveira-30-anos-de-su-martirio-1993-2023\/#primaryimage"},"thumbnailUrl":"https:\/\/filles-de-la-charite.org\/wp-content\/uploads\/2024\/03\/news-06.23-Beata-Lindalva-Justo-de-Oliveira-1.jpeg","articleSection":["Recife"],"inLanguage":"pl-PL"},{"@type":"WebPage","@id":"https:\/\/filles-de-la-charite.org\/pl\/beata-lindalva-justo-de-oliveira-30-anos-de-su-martirio-1993-2023\/","url":"https:\/\/filles-de-la-charite.org\/pl\/beata-lindalva-justo-de-oliveira-30-anos-de-su-martirio-1993-2023\/","name":"B\u0142ogos\u0142awiona Lindalva Justo de Oliveira: 30 lat m\u0119cze\u0144stwa (1993-2023) - Filles de la Charit\u00e9","isPartOf":{"@id":"https:\/\/filles-de-la-charite.org\/pl\/#website"},"primaryImageOfPage":{"@id":"https:\/\/filles-de-la-charite.org\/pl\/beata-lindalva-justo-de-oliveira-30-anos-de-su-martirio-1993-2023\/#primaryimage"},"image":{"@id":"https:\/\/filles-de-la-charite.org\/pl\/beata-lindalva-justo-de-oliveira-30-anos-de-su-martirio-1993-2023\/#primaryimage"},"thumbnailUrl":"https:\/\/filles-de-la-charite.org\/wp-content\/uploads\/2024\/03\/news-06.23-Beata-Lindalva-Justo-de-Oliveira-1.jpeg","datePublished":"2023-06-27T17:10:19+00:00","dateModified":"2024-03-04T18:18:19+00:00","breadcrumb":{"@id":"https:\/\/filles-de-la-charite.org\/pl\/beata-lindalva-justo-de-oliveira-30-anos-de-su-martirio-1993-2023\/#breadcrumb"},"inLanguage":"pl-PL","potentialAction":[{"@type":"ReadAction","target":["https:\/\/filles-de-la-charite.org\/pl\/beata-lindalva-justo-de-oliveira-30-anos-de-su-martirio-1993-2023\/"]}]},{"@type":"ImageObject","inLanguage":"pl-PL","@id":"https:\/\/filles-de-la-charite.org\/pl\/beata-lindalva-justo-de-oliveira-30-anos-de-su-martirio-1993-2023\/#primaryimage","url":"https:\/\/filles-de-la-charite.org\/wp-content\/uploads\/2024\/03\/news-06.23-Beata-Lindalva-Justo-de-Oliveira-1.jpeg","contentUrl":"https:\/\/filles-de-la-charite.org\/wp-content\/uploads\/2024\/03\/news-06.23-Beata-Lindalva-Justo-de-Oliveira-1.jpeg","width":1280,"height":1143},{"@type":"BreadcrumbList","@id":"https:\/\/filles-de-la-charite.org\/pl\/beata-lindalva-justo-de-oliveira-30-anos-de-su-martirio-1993-2023\/#breadcrumb","itemListElement":[{"@type":"ListItem","position":1,"name":"Recife","item":"https:\/\/filles-de-la-charite.org\/pl\/category\/recife-pl\/"},{"@type":"ListItem","position":2,"name":"B\u0142ogos\u0142awiona Lindalva Justo de Oliveira: 30 lat m\u0119cze\u0144stwa (1993-2023)"}]},{"@type":"WebSite","@id":"https:\/\/filles-de-la-charite.org\/pl\/#website","url":"https:\/\/filles-de-la-charite.org\/pl\/","name":"Hijas de la Caridad","description":"L\u2019amour de J\u00e9sus nous presse \u00e0 prendre soin des personnes les plus d\u00e9munies","publisher":{"@id":"https:\/\/filles-de-la-charite.org\/pl\/#organization"},"potentialAction":[{"@type":"SearchAction","target":{"@type":"EntryPoint","urlTemplate":"https:\/\/filles-de-la-charite.org\/pl\/?s={search_term_string}"},"query-input":{"@type":"PropertyValueSpecification","valueRequired":true,"valueName":"search_term_string"}}],"inLanguage":"pl-PL"},{"@type":"Organization","@id":"https:\/\/filles-de-la-charite.org\/pl\/#organization","name":"Hijas de la Caridad","url":"https:\/\/filles-de-la-charite.org\/pl\/","logo":{"@type":"ImageObject","inLanguage":"pl-PL","@id":"https:\/\/filles-de-la-charite.org\/pl\/#\/schema\/logo\/image\/","url":"https:\/\/filles-de-la-charite.org\/wp-content\/uploads\/2023\/03\/isotipo-Hijas-de-la-Caridad.png","contentUrl":"https:\/\/filles-de-la-charite.org\/wp-content\/uploads\/2023\/03\/isotipo-Hijas-de-la-Caridad.png","width":1417,"height":1417,"caption":"Hijas de la Caridad"},"image":{"@id":"https:\/\/filles-de-la-charite.org\/pl\/#\/schema\/logo\/image\/"}},{"@type":"Person","@id":"https:\/\/filles-de-la-charite.org\/pl\/#\/schema\/person\/0c922b6ca71280639858d297b3a7209f","name":"SOR MARTA","image":{"@type":"ImageObject","inLanguage":"pl-PL","@id":"https:\/\/secure.gravatar.com\/avatar\/d2c45b0fd6bf2d3e2670ab3d112257c24ac80fa960360bba1bdc0676485d1d09?s=96&d=mm&r=g","url":"https:\/\/secure.gravatar.com\/avatar\/d2c45b0fd6bf2d3e2670ab3d112257c24ac80fa960360bba1bdc0676485d1d09?s=96&d=mm&r=g","contentUrl":"https:\/\/secure.gravatar.com\/avatar\/d2c45b0fd6bf2d3e2670ab3d112257c24ac80fa960360bba1bdc0676485d1d09?s=96&d=mm&r=g","caption":"SOR MARTA"},"url":"https:\/\/filles-de-la-charite.org\/pl\/author\/martaemn\/"}]}},"_links":{"self":[{"href":"https:\/\/filles-de-la-charite.org\/pl\/wp-json\/wp\/v2\/posts\/33091","targetHints":{"allow":["GET"]}}],"collection":[{"href":"https:\/\/filles-de-la-charite.org\/pl\/wp-json\/wp\/v2\/posts"}],"about":[{"href":"https:\/\/filles-de-la-charite.org\/pl\/wp-json\/wp\/v2\/types\/post"}],"author":[{"embeddable":true,"href":"https:\/\/filles-de-la-charite.org\/pl\/wp-json\/wp\/v2\/users\/5"}],"replies":[{"embeddable":true,"href":"https:\/\/filles-de-la-charite.org\/pl\/wp-json\/wp\/v2\/comments?post=33091"}],"version-history":[{"count":2,"href":"https:\/\/filles-de-la-charite.org\/pl\/wp-json\/wp\/v2\/posts\/33091\/revisions"}],"predecessor-version":[{"id":33100,"href":"https:\/\/filles-de-la-charite.org\/pl\/wp-json\/wp\/v2\/posts\/33091\/revisions\/33100"}],"wp:featuredmedia":[{"embeddable":true,"href":"https:\/\/filles-de-la-charite.org\/pl\/wp-json\/wp\/v2\/media\/33034"}],"wp:attachment":[{"href":"https:\/\/filles-de-la-charite.org\/pl\/wp-json\/wp\/v2\/media?parent=33091"}],"wp:term":[{"taxonomy":"category","embeddable":true,"href":"https:\/\/filles-de-la-charite.org\/pl\/wp-json\/wp\/v2\/categories?post=33091"},{"taxonomy":"post_tag","embeddable":true,"href":"https:\/\/filles-de-la-charite.org\/pl\/wp-json\/wp\/v2\/tags?post=33091"}],"curies":[{"name":"wp","href":"https:\/\/api.w.org\/{rel}","templated":true}]}}