{"id":33871,"date":"2023-11-01T09:40:04","date_gmt":"2023-11-01T08:40:04","guid":{"rendered":"https:\/\/hijascaridad.sjdigitaldemo.ovh\/envio-en-mision-ad-gentes\/"},"modified":"2024-03-06T09:47:16","modified_gmt":"2024-03-06T08:47:16","slug":"envio-en-mision-ad-gentes","status":"publish","type":"post","link":"https:\/\/filles-de-la-charite.org\/pl\/envio-en-mision-ad-gentes\/","title":{"rendered":"Pos\u0142anie na misj\u0119 Ad Gentes"},"content":{"rendered":"\n<p><em>\u201eNie jestem ani st\u0105d, ani stamt\u0105d, ale z zewsz\u0105d, sk\u0105d spodoba si\u0119 Bogu, bym by\u0142a\u2026\u201d<\/em><\/p>\n\n\n\n<p>Dnia 4 pa\u017adziernika, w \u015bwi\u0119to \u015bw. Franciszka z Asy\u017cu, uroczy\u015bcie dzi\u0119kowa\u0142y\u015bmy za pos\u0142anie na misj\u0119 Ad Gentes Siostry Soni Joao Chilave, pos\u0142anej do Prowincji Espana-Norte na misj\u0119 w Gwinei R\u00f3wnikowej oraz Siostry Sabiny Konopki, pos\u0142anej do Prowincji Afryki \u015arodkowej.<\/p>\n\n\n\n<p>Modlitwa Jutrzni, podczas kt\u00f3rej chwalili\u015bmy Boga wraz z ca\u0142ym stworzeniem, poprzedza\u0142a Eucharysti\u0119.<\/p>\n\n\n\n<figure class=\"wp-block-image size-full\"><img loading=\"lazy\" decoding=\"async\" width=\"1024\" height=\"681\" src=\"https:\/\/filles-de-la-charite.org\/wp-content\/uploads\/2024\/03\/News-11.23-Envio-mision-ad-gentes-1.jpeg\" alt=\"\" class=\"wp-image-33847\" srcset=\"https:\/\/filles-de-la-charite.org\/wp-content\/uploads\/2024\/03\/News-11.23-Envio-mision-ad-gentes-1.jpeg 1024w, https:\/\/filles-de-la-charite.org\/wp-content\/uploads\/2024\/03\/News-11.23-Envio-mision-ad-gentes-1-980x652.jpeg 980w, https:\/\/filles-de-la-charite.org\/wp-content\/uploads\/2024\/03\/News-11.23-Envio-mision-ad-gentes-1-480x319.jpeg 480w\" sizes=\"(min-width: 0px) and (max-width: 480px) 480px, (min-width: 481px) and (max-width: 980px) 980px, (min-width: 981px) 1024px, 100vw\" \/><\/figure>\n\n\n\n<p>Uroczysto\u015b\u0107 rozpocz\u0119\u0142a si\u0119 hymnem w j\u0119zyku polskim, kt\u00f3ry skupia\u0142 si\u0119 na misji.<\/p>\n\n\n\n<p>W swojej homilii Ojciec Jos\u00e9 Antonio Gonzalez nawi\u0105za\u0142 do Ewangelii z tego dnia, aby podkre\u015bli\u0107 dwa wa\u017cne aspekty pod\u0105\u017cania za Jezusem: rado\u015b\u0107 z misji i zwi\u0105zane z ni\u0105 wyzwanie. Nast\u0119pnie \u017cyczy\u0142 Siostrze Soni i Siostrze Sabinie szcz\u0119\u015bcia w pewno\u015bci, \u017ce to B\u00f3g je pos\u0142a\u0142 i \u017ce Duch \u015awi\u0119ty zawsze b\u0119dzie rozpala\u0142 dobro\u0107 w ich sercach. Zach\u0119ci\u0142 je, aby zaryzykowa\u0142y mi\u0142o\u015b\u0107 do Ubogich z tak\u0105 sam\u0105 mi\u0142o\u015bci\u0105, jak\u0105 B\u00f3g ma dla nich i jak\u0105 Chrystus ma wobec Ubogich! Na koniec poprosi\u0142 je, aby piel\u0119gnowa\u0142y wsp\u00f3lnot\u0119 bratersk\u0105 ze swoimi Siostrami i by\u0142y w\u015br\u00f3d nich now\u0105 si\u0142\u0105 czu\u0142o\u015bci i rado\u015bci misyjnej.<\/p>\n\n\n\n<p>Siostra Fran\u00e7oise Petit wr\u0119czy\u0142a ka\u017cdej z nich krzy\u017c misyjny, kt\u00f3ry zosta\u0142 wcze\u015bniej po\u015bwi\u0119cony; jest to zawsze wzruszaj\u0105cy moment dla nas wszystkich!<\/p>\n\n\n\n<figure class=\"wp-block-image size-full\"><img loading=\"lazy\" decoding=\"async\" width=\"1024\" height=\"681\" src=\"https:\/\/filles-de-la-charite.org\/wp-content\/uploads\/2024\/03\/News-11.23-Envio-mision-ad-gentes-3.jpeg\" alt=\"\" class=\"wp-image-33859\" srcset=\"https:\/\/filles-de-la-charite.org\/wp-content\/uploads\/2024\/03\/News-11.23-Envio-mision-ad-gentes-3.jpeg 1024w, https:\/\/filles-de-la-charite.org\/wp-content\/uploads\/2024\/03\/News-11.23-Envio-mision-ad-gentes-3-980x652.jpeg 980w, https:\/\/filles-de-la-charite.org\/wp-content\/uploads\/2024\/03\/News-11.23-Envio-mision-ad-gentes-3-480x319.jpeg 480w\" sizes=\"(min-width: 0px) and (max-width: 480px) 480px, (min-width: 481px) and (max-width: 980px) 980px, (min-width: 981px) 1024px, 100vw\" \/><\/figure>\n\n\n\n<p>Po modlitwie wstawienniczej procesja z darami wyrazi\u0142a znaczenie pos\u0142ania na misj\u0119:<\/p>\n\n\n\n<p>\u015awieca, nosicielka \u015awiat\u0142a, wezwanie do na\u015bladowania Jezusa, naszego prawdziwego \u015awiat\u0142a i do pozwolenia sobie na odnowienie przez Ducha \u015awi\u0119tego.<\/p>\n\n\n\n<p>B\u0119ben, znak rado\u015bci, wezwanie do czerpania jej ze \u0179r\u00f3d\u0142a mi\u0142o\u015bci i przekazywania jej.<\/p>\n\n\n\n<p>Wino, znak \u015bwi\u0119towania, wezwanie do spojrzenia na Maryj\u0119 w Kanie Galilejskiej i do wiary w rewolucyjn\u0105 moc czu\u0142o\u015bci (por. Rado\u015b\u0107 Ewangelii nr 288).<\/p>\n\n\n\n<p>Chleb, niezb\u0119dny do \u017cycia, wezwanie do dzielenia si\u0119 Ewangeli\u0105 z naszymi bra\u0107mi i &nbsp;&nbsp;&nbsp;&nbsp;&nbsp;&nbsp;&nbsp;&nbsp;&nbsp; siostrami, z cierpliw\u0105 i pe\u0142n\u0105 szacunku mi\u0142o\u015bci\u0105, poniewa\u017c tylko B\u00f3g jest dawc\u0105 wiary.<\/p>\n\n\n\n<figure class=\"wp-block-image size-full\"><img loading=\"lazy\" decoding=\"async\" width=\"1024\" height=\"681\" src=\"https:\/\/filles-de-la-charite.org\/wp-content\/uploads\/2024\/03\/News-11.23-Envio-mision-ad-gentes-4.jpeg\" alt=\"\" class=\"wp-image-33865\" srcset=\"https:\/\/filles-de-la-charite.org\/wp-content\/uploads\/2024\/03\/News-11.23-Envio-mision-ad-gentes-4.jpeg 1024w, https:\/\/filles-de-la-charite.org\/wp-content\/uploads\/2024\/03\/News-11.23-Envio-mision-ad-gentes-4-980x652.jpeg 980w, https:\/\/filles-de-la-charite.org\/wp-content\/uploads\/2024\/03\/News-11.23-Envio-mision-ad-gentes-4-480x319.jpeg 480w\" sizes=\"(min-width: 0px) and (max-width: 480px) 480px, (min-width: 481px) and (max-width: 980px) 980px, (min-width: 981px) 1024px, 100vw\" \/><\/figure>\n\n\n\n<p>Ostatnia piosenka, w j\u0119zyku portugalskim, \u201eLuz de Pentecostes\u201d zosta\u0142a skomponowana na 400. setn\u0105 rocznic\u0119 \u015awiat\u0142a Pi\u0119\u0107dziesi\u0105tnicy \u015bw. Ludwiki.<\/p>\n\n\n\n<p>W tej chwili radosnego \u015bwi\u0119towania \u015bw. Wincenty przypomina nam, \u017ce nie jeste\u015bmy \u201eani st\u0105d, ani stamt\u0105d, ale z zewsz\u0105d, sk\u0105d spodoba si\u0119 Bogu\u201d, \u017ce powinni\u015bmy by\u0107.<\/p>\n\n\n\n<p>Niech B\u00f3g ma Was w opiece Siostro Sonio i Siostro Sabino!<\/p>\n","protected":false},"excerpt":{"rendered":"<p>\u201eNie jestem ani st\u0105d, ani stamt\u0105d, ale z zewsz\u0105d, sk\u0105d spodoba si\u0119 Bogu, bym by\u0142a\u2026\u201d Dnia 4 pa\u017adziernika, w \u015bwi\u0119to \u015bw. Franciszka z Asy\u017cu, uroczy\u015bcie dzi\u0119kowa\u0142y\u015bmy za pos\u0142anie na misj\u0119 Ad Gentes Siostry Soni Joao Chilave, pos\u0142anej do Prowincji Espana-Norte na misj\u0119 w Gwinei R\u00f3wnikowej oraz Siostry Sabiny Konopki, pos\u0142anej do Prowincji Afryki \u015arodkowej. Modlitwa [&hellip;]<\/p>\n","protected":false},"author":5,"featured_media":33851,"comment_status":"closed","ping_status":"closed","sticky":false,"template":"","format":"standard","meta":{"_acf_changed":false,"_et_pb_use_builder":"","_et_pb_old_content":"","_et_gb_content_width":"","footnotes":"","_links_to":"","_links_to_target":""},"categories":[560],"tags":[],"class_list":["post-33871","post","type-post","status-publish","format-standard","has-post-thumbnail","hentry","category-mother-house-pl"],"acf":[],"yoast_head":"<!-- This site is optimized with the Yoast SEO plugin v27.5 - https:\/\/yoast.com\/product\/yoast-seo-wordpress\/ -->\n<title>Pos\u0142anie na misj\u0119 Ad Gentes - Filles de la Charit\u00e9<\/title>\n<meta name=\"robots\" content=\"index, follow, max-snippet:-1, max-image-preview:large, max-video-preview:-1\" \/>\n<link rel=\"canonical\" href=\"https:\/\/filles-de-la-charite.org\/pl\/envio-en-mision-ad-gentes\/\" \/>\n<meta property=\"og:locale\" content=\"pl_PL\" \/>\n<meta property=\"og:type\" content=\"article\" \/>\n<meta property=\"og:title\" content=\"Pos\u0142anie na misj\u0119 Ad Gentes - Filles de la Charit\u00e9\" \/>\n<meta property=\"og:description\" content=\"\u201eNie jestem ani st\u0105d, ani stamt\u0105d, ale z zewsz\u0105d, sk\u0105d spodoba si\u0119 Bogu, bym by\u0142a\u2026\u201d Dnia 4 pa\u017adziernika, w \u015bwi\u0119to \u015bw. Franciszka z Asy\u017cu, uroczy\u015bcie dzi\u0119kowa\u0142y\u015bmy za pos\u0142anie na misj\u0119 Ad Gentes Siostry Soni Joao Chilave, pos\u0142anej do Prowincji Espana-Norte na misj\u0119 w Gwinei R\u00f3wnikowej oraz Siostry Sabiny Konopki, pos\u0142anej do Prowincji Afryki \u015arodkowej. Modlitwa [&hellip;]\" \/>\n<meta property=\"og:url\" content=\"https:\/\/filles-de-la-charite.org\/pl\/envio-en-mision-ad-gentes\/\" \/>\n<meta property=\"og:site_name\" content=\"Filles de la Charit\u00e9\" \/>\n<meta property=\"article:published_time\" content=\"2023-11-01T08:40:04+00:00\" \/>\n<meta property=\"article:modified_time\" content=\"2024-03-06T08:47:16+00:00\" \/>\n<meta property=\"og:image\" content=\"https:\/\/filles-de-la-charite.org\/wp-content\/uploads\/2024\/03\/News-11.23-Envio-mision-ad-gentes-2.jpeg\" \/>\n\t<meta property=\"og:image:width\" content=\"1512\" \/>\n\t<meta property=\"og:image:height\" content=\"850\" \/>\n\t<meta property=\"og:image:type\" content=\"image\/jpeg\" \/>\n<meta name=\"author\" content=\"SOR MARTA\" \/>\n<meta name=\"twitter:card\" content=\"summary_large_image\" \/>\n<meta name=\"twitter:label1\" content=\"Napisane przez\" \/>\n\t<meta name=\"twitter:data1\" content=\"SOR MARTA\" \/>\n\t<meta name=\"twitter:label2\" content=\"Szacowany czas czytania\" \/>\n\t<meta name=\"twitter:data2\" content=\"2 minuty\" \/>\n<script type=\"application\/ld+json\" class=\"yoast-schema-graph\">{\"@context\":\"https:\\\/\\\/schema.org\",\"@graph\":[{\"@type\":\"Article\",\"@id\":\"https:\\\/\\\/filles-de-la-charite.org\\\/pl\\\/envio-en-mision-ad-gentes\\\/#article\",\"isPartOf\":{\"@id\":\"https:\\\/\\\/filles-de-la-charite.org\\\/pl\\\/envio-en-mision-ad-gentes\\\/\"},\"author\":{\"name\":\"SOR MARTA\",\"@id\":\"https:\\\/\\\/filles-de-la-charite.org\\\/pl\\\/#\\\/schema\\\/person\\\/0c922b6ca71280639858d297b3a7209f\"},\"headline\":\"Pos\u0142anie na misj\u0119 Ad Gentes\",\"datePublished\":\"2023-11-01T08:40:04+00:00\",\"dateModified\":\"2024-03-06T08:47:16+00:00\",\"mainEntityOfPage\":{\"@id\":\"https:\\\/\\\/filles-de-la-charite.org\\\/pl\\\/envio-en-mision-ad-gentes\\\/\"},\"wordCount\":449,\"publisher\":{\"@id\":\"https:\\\/\\\/filles-de-la-charite.org\\\/pl\\\/#organization\"},\"image\":{\"@id\":\"https:\\\/\\\/filles-de-la-charite.org\\\/pl\\\/envio-en-mision-ad-gentes\\\/#primaryimage\"},\"thumbnailUrl\":\"https:\\\/\\\/filles-de-la-charite.org\\\/wp-content\\\/uploads\\\/2024\\\/03\\\/News-11.23-Envio-mision-ad-gentes-2.jpeg\",\"articleSection\":[\"Dom Macierzysty\"],\"inLanguage\":\"pl-PL\"},{\"@type\":\"WebPage\",\"@id\":\"https:\\\/\\\/filles-de-la-charite.org\\\/pl\\\/envio-en-mision-ad-gentes\\\/\",\"url\":\"https:\\\/\\\/filles-de-la-charite.org\\\/pl\\\/envio-en-mision-ad-gentes\\\/\",\"name\":\"Pos\u0142anie na misj\u0119 Ad Gentes - Filles de la Charit\u00e9\",\"isPartOf\":{\"@id\":\"https:\\\/\\\/filles-de-la-charite.org\\\/pl\\\/#website\"},\"primaryImageOfPage\":{\"@id\":\"https:\\\/\\\/filles-de-la-charite.org\\\/pl\\\/envio-en-mision-ad-gentes\\\/#primaryimage\"},\"image\":{\"@id\":\"https:\\\/\\\/filles-de-la-charite.org\\\/pl\\\/envio-en-mision-ad-gentes\\\/#primaryimage\"},\"thumbnailUrl\":\"https:\\\/\\\/filles-de-la-charite.org\\\/wp-content\\\/uploads\\\/2024\\\/03\\\/News-11.23-Envio-mision-ad-gentes-2.jpeg\",\"datePublished\":\"2023-11-01T08:40:04+00:00\",\"dateModified\":\"2024-03-06T08:47:16+00:00\",\"breadcrumb\":{\"@id\":\"https:\\\/\\\/filles-de-la-charite.org\\\/pl\\\/envio-en-mision-ad-gentes\\\/#breadcrumb\"},\"inLanguage\":\"pl-PL\",\"potentialAction\":[{\"@type\":\"ReadAction\",\"target\":[\"https:\\\/\\\/filles-de-la-charite.org\\\/pl\\\/envio-en-mision-ad-gentes\\\/\"]}]},{\"@type\":\"ImageObject\",\"inLanguage\":\"pl-PL\",\"@id\":\"https:\\\/\\\/filles-de-la-charite.org\\\/pl\\\/envio-en-mision-ad-gentes\\\/#primaryimage\",\"url\":\"https:\\\/\\\/filles-de-la-charite.org\\\/wp-content\\\/uploads\\\/2024\\\/03\\\/News-11.23-Envio-mision-ad-gentes-2.jpeg\",\"contentUrl\":\"https:\\\/\\\/filles-de-la-charite.org\\\/wp-content\\\/uploads\\\/2024\\\/03\\\/News-11.23-Envio-mision-ad-gentes-2.jpeg\",\"width\":1512,\"height\":850},{\"@type\":\"BreadcrumbList\",\"@id\":\"https:\\\/\\\/filles-de-la-charite.org\\\/pl\\\/envio-en-mision-ad-gentes\\\/#breadcrumb\",\"itemListElement\":[{\"@type\":\"ListItem\",\"position\":1,\"name\":\"Dom Macierzysty\",\"item\":\"https:\\\/\\\/filles-de-la-charite.org\\\/pl\\\/category\\\/mother-house-pl\\\/\"},{\"@type\":\"ListItem\",\"position\":2,\"name\":\"Pos\u0142anie na misj\u0119 Ad Gentes\"}]},{\"@type\":\"WebSite\",\"@id\":\"https:\\\/\\\/filles-de-la-charite.org\\\/pl\\\/#website\",\"url\":\"https:\\\/\\\/filles-de-la-charite.org\\\/pl\\\/\",\"name\":\"Hijas de la Caridad\",\"description\":\"L\u2019amour de J\u00e9sus nous presse \u00e0 prendre soin des personnes les plus d\u00e9munies\",\"publisher\":{\"@id\":\"https:\\\/\\\/filles-de-la-charite.org\\\/pl\\\/#organization\"},\"potentialAction\":[{\"@type\":\"SearchAction\",\"target\":{\"@type\":\"EntryPoint\",\"urlTemplate\":\"https:\\\/\\\/filles-de-la-charite.org\\\/pl\\\/?s={search_term_string}\"},\"query-input\":{\"@type\":\"PropertyValueSpecification\",\"valueRequired\":true,\"valueName\":\"search_term_string\"}}],\"inLanguage\":\"pl-PL\"},{\"@type\":\"Organization\",\"@id\":\"https:\\\/\\\/filles-de-la-charite.org\\\/pl\\\/#organization\",\"name\":\"Hijas de la Caridad\",\"url\":\"https:\\\/\\\/filles-de-la-charite.org\\\/pl\\\/\",\"logo\":{\"@type\":\"ImageObject\",\"inLanguage\":\"pl-PL\",\"@id\":\"https:\\\/\\\/filles-de-la-charite.org\\\/pl\\\/#\\\/schema\\\/logo\\\/image\\\/\",\"url\":\"https:\\\/\\\/filles-de-la-charite.org\\\/wp-content\\\/uploads\\\/2023\\\/03\\\/isotipo-Hijas-de-la-Caridad.png\",\"contentUrl\":\"https:\\\/\\\/filles-de-la-charite.org\\\/wp-content\\\/uploads\\\/2023\\\/03\\\/isotipo-Hijas-de-la-Caridad.png\",\"width\":1417,\"height\":1417,\"caption\":\"Hijas de la Caridad\"},\"image\":{\"@id\":\"https:\\\/\\\/filles-de-la-charite.org\\\/pl\\\/#\\\/schema\\\/logo\\\/image\\\/\"}},{\"@type\":\"Person\",\"@id\":\"https:\\\/\\\/filles-de-la-charite.org\\\/pl\\\/#\\\/schema\\\/person\\\/0c922b6ca71280639858d297b3a7209f\",\"name\":\"SOR MARTA\",\"image\":{\"@type\":\"ImageObject\",\"inLanguage\":\"pl-PL\",\"@id\":\"https:\\\/\\\/secure.gravatar.com\\\/avatar\\\/d2c45b0fd6bf2d3e2670ab3d112257c24ac80fa960360bba1bdc0676485d1d09?s=96&d=mm&r=g\",\"url\":\"https:\\\/\\\/secure.gravatar.com\\\/avatar\\\/d2c45b0fd6bf2d3e2670ab3d112257c24ac80fa960360bba1bdc0676485d1d09?s=96&d=mm&r=g\",\"contentUrl\":\"https:\\\/\\\/secure.gravatar.com\\\/avatar\\\/d2c45b0fd6bf2d3e2670ab3d112257c24ac80fa960360bba1bdc0676485d1d09?s=96&d=mm&r=g\",\"caption\":\"SOR MARTA\"},\"url\":\"https:\\\/\\\/filles-de-la-charite.org\\\/pl\\\/author\\\/martaemn\\\/\"}]}<\/script>\n<!-- \/ Yoast SEO plugin. -->","yoast_head_json":{"title":"Pos\u0142anie na misj\u0119 Ad Gentes - Filles de la Charit\u00e9","robots":{"index":"index","follow":"follow","max-snippet":"max-snippet:-1","max-image-preview":"max-image-preview:large","max-video-preview":"max-video-preview:-1"},"canonical":"https:\/\/filles-de-la-charite.org\/pl\/envio-en-mision-ad-gentes\/","og_locale":"pl_PL","og_type":"article","og_title":"Pos\u0142anie na misj\u0119 Ad Gentes - Filles de la Charit\u00e9","og_description":"\u201eNie jestem ani st\u0105d, ani stamt\u0105d, ale z zewsz\u0105d, sk\u0105d spodoba si\u0119 Bogu, bym by\u0142a\u2026\u201d Dnia 4 pa\u017adziernika, w \u015bwi\u0119to \u015bw. Franciszka z Asy\u017cu, uroczy\u015bcie dzi\u0119kowa\u0142y\u015bmy za pos\u0142anie na misj\u0119 Ad Gentes Siostry Soni Joao Chilave, pos\u0142anej do Prowincji Espana-Norte na misj\u0119 w Gwinei R\u00f3wnikowej oraz Siostry Sabiny Konopki, pos\u0142anej do Prowincji Afryki \u015arodkowej. Modlitwa [&hellip;]","og_url":"https:\/\/filles-de-la-charite.org\/pl\/envio-en-mision-ad-gentes\/","og_site_name":"Filles de la Charit\u00e9","article_published_time":"2023-11-01T08:40:04+00:00","article_modified_time":"2024-03-06T08:47:16+00:00","og_image":[{"width":1512,"height":850,"url":"https:\/\/filles-de-la-charite.org\/wp-content\/uploads\/2024\/03\/News-11.23-Envio-mision-ad-gentes-2.jpeg","type":"image\/jpeg"}],"author":"SOR MARTA","twitter_card":"summary_large_image","twitter_misc":{"Napisane przez":"SOR MARTA","Szacowany czas czytania":"2 minuty"},"schema":{"@context":"https:\/\/schema.org","@graph":[{"@type":"Article","@id":"https:\/\/filles-de-la-charite.org\/pl\/envio-en-mision-ad-gentes\/#article","isPartOf":{"@id":"https:\/\/filles-de-la-charite.org\/pl\/envio-en-mision-ad-gentes\/"},"author":{"name":"SOR MARTA","@id":"https:\/\/filles-de-la-charite.org\/pl\/#\/schema\/person\/0c922b6ca71280639858d297b3a7209f"},"headline":"Pos\u0142anie na misj\u0119 Ad Gentes","datePublished":"2023-11-01T08:40:04+00:00","dateModified":"2024-03-06T08:47:16+00:00","mainEntityOfPage":{"@id":"https:\/\/filles-de-la-charite.org\/pl\/envio-en-mision-ad-gentes\/"},"wordCount":449,"publisher":{"@id":"https:\/\/filles-de-la-charite.org\/pl\/#organization"},"image":{"@id":"https:\/\/filles-de-la-charite.org\/pl\/envio-en-mision-ad-gentes\/#primaryimage"},"thumbnailUrl":"https:\/\/filles-de-la-charite.org\/wp-content\/uploads\/2024\/03\/News-11.23-Envio-mision-ad-gentes-2.jpeg","articleSection":["Dom Macierzysty"],"inLanguage":"pl-PL"},{"@type":"WebPage","@id":"https:\/\/filles-de-la-charite.org\/pl\/envio-en-mision-ad-gentes\/","url":"https:\/\/filles-de-la-charite.org\/pl\/envio-en-mision-ad-gentes\/","name":"Pos\u0142anie na misj\u0119 Ad Gentes - Filles de la Charit\u00e9","isPartOf":{"@id":"https:\/\/filles-de-la-charite.org\/pl\/#website"},"primaryImageOfPage":{"@id":"https:\/\/filles-de-la-charite.org\/pl\/envio-en-mision-ad-gentes\/#primaryimage"},"image":{"@id":"https:\/\/filles-de-la-charite.org\/pl\/envio-en-mision-ad-gentes\/#primaryimage"},"thumbnailUrl":"https:\/\/filles-de-la-charite.org\/wp-content\/uploads\/2024\/03\/News-11.23-Envio-mision-ad-gentes-2.jpeg","datePublished":"2023-11-01T08:40:04+00:00","dateModified":"2024-03-06T08:47:16+00:00","breadcrumb":{"@id":"https:\/\/filles-de-la-charite.org\/pl\/envio-en-mision-ad-gentes\/#breadcrumb"},"inLanguage":"pl-PL","potentialAction":[{"@type":"ReadAction","target":["https:\/\/filles-de-la-charite.org\/pl\/envio-en-mision-ad-gentes\/"]}]},{"@type":"ImageObject","inLanguage":"pl-PL","@id":"https:\/\/filles-de-la-charite.org\/pl\/envio-en-mision-ad-gentes\/#primaryimage","url":"https:\/\/filles-de-la-charite.org\/wp-content\/uploads\/2024\/03\/News-11.23-Envio-mision-ad-gentes-2.jpeg","contentUrl":"https:\/\/filles-de-la-charite.org\/wp-content\/uploads\/2024\/03\/News-11.23-Envio-mision-ad-gentes-2.jpeg","width":1512,"height":850},{"@type":"BreadcrumbList","@id":"https:\/\/filles-de-la-charite.org\/pl\/envio-en-mision-ad-gentes\/#breadcrumb","itemListElement":[{"@type":"ListItem","position":1,"name":"Dom Macierzysty","item":"https:\/\/filles-de-la-charite.org\/pl\/category\/mother-house-pl\/"},{"@type":"ListItem","position":2,"name":"Pos\u0142anie na misj\u0119 Ad Gentes"}]},{"@type":"WebSite","@id":"https:\/\/filles-de-la-charite.org\/pl\/#website","url":"https:\/\/filles-de-la-charite.org\/pl\/","name":"Hijas de la Caridad","description":"L\u2019amour de J\u00e9sus nous presse \u00e0 prendre soin des personnes les plus d\u00e9munies","publisher":{"@id":"https:\/\/filles-de-la-charite.org\/pl\/#organization"},"potentialAction":[{"@type":"SearchAction","target":{"@type":"EntryPoint","urlTemplate":"https:\/\/filles-de-la-charite.org\/pl\/?s={search_term_string}"},"query-input":{"@type":"PropertyValueSpecification","valueRequired":true,"valueName":"search_term_string"}}],"inLanguage":"pl-PL"},{"@type":"Organization","@id":"https:\/\/filles-de-la-charite.org\/pl\/#organization","name":"Hijas de la Caridad","url":"https:\/\/filles-de-la-charite.org\/pl\/","logo":{"@type":"ImageObject","inLanguage":"pl-PL","@id":"https:\/\/filles-de-la-charite.org\/pl\/#\/schema\/logo\/image\/","url":"https:\/\/filles-de-la-charite.org\/wp-content\/uploads\/2023\/03\/isotipo-Hijas-de-la-Caridad.png","contentUrl":"https:\/\/filles-de-la-charite.org\/wp-content\/uploads\/2023\/03\/isotipo-Hijas-de-la-Caridad.png","width":1417,"height":1417,"caption":"Hijas de la Caridad"},"image":{"@id":"https:\/\/filles-de-la-charite.org\/pl\/#\/schema\/logo\/image\/"}},{"@type":"Person","@id":"https:\/\/filles-de-la-charite.org\/pl\/#\/schema\/person\/0c922b6ca71280639858d297b3a7209f","name":"SOR MARTA","image":{"@type":"ImageObject","inLanguage":"pl-PL","@id":"https:\/\/secure.gravatar.com\/avatar\/d2c45b0fd6bf2d3e2670ab3d112257c24ac80fa960360bba1bdc0676485d1d09?s=96&d=mm&r=g","url":"https:\/\/secure.gravatar.com\/avatar\/d2c45b0fd6bf2d3e2670ab3d112257c24ac80fa960360bba1bdc0676485d1d09?s=96&d=mm&r=g","contentUrl":"https:\/\/secure.gravatar.com\/avatar\/d2c45b0fd6bf2d3e2670ab3d112257c24ac80fa960360bba1bdc0676485d1d09?s=96&d=mm&r=g","caption":"SOR MARTA"},"url":"https:\/\/filles-de-la-charite.org\/pl\/author\/martaemn\/"}]}},"_links":{"self":[{"href":"https:\/\/filles-de-la-charite.org\/pl\/wp-json\/wp\/v2\/posts\/33871","targetHints":{"allow":["GET"]}}],"collection":[{"href":"https:\/\/filles-de-la-charite.org\/pl\/wp-json\/wp\/v2\/posts"}],"about":[{"href":"https:\/\/filles-de-la-charite.org\/pl\/wp-json\/wp\/v2\/types\/post"}],"author":[{"embeddable":true,"href":"https:\/\/filles-de-la-charite.org\/pl\/wp-json\/wp\/v2\/users\/5"}],"replies":[{"embeddable":true,"href":"https:\/\/filles-de-la-charite.org\/pl\/wp-json\/wp\/v2\/comments?post=33871"}],"version-history":[{"count":1,"href":"https:\/\/filles-de-la-charite.org\/pl\/wp-json\/wp\/v2\/posts\/33871\/revisions"}],"predecessor-version":[{"id":33875,"href":"https:\/\/filles-de-la-charite.org\/pl\/wp-json\/wp\/v2\/posts\/33871\/revisions\/33875"}],"wp:featuredmedia":[{"embeddable":true,"href":"https:\/\/filles-de-la-charite.org\/pl\/wp-json\/wp\/v2\/media\/33851"}],"wp:attachment":[{"href":"https:\/\/filles-de-la-charite.org\/pl\/wp-json\/wp\/v2\/media?parent=33871"}],"wp:term":[{"taxonomy":"category","embeddable":true,"href":"https:\/\/filles-de-la-charite.org\/pl\/wp-json\/wp\/v2\/categories?post=33871"},{"taxonomy":"post_tag","embeddable":true,"href":"https:\/\/filles-de-la-charite.org\/pl\/wp-json\/wp\/v2\/tags?post=33871"}],"curies":[{"name":"wp","href":"https:\/\/api.w.org\/{rel}","templated":true}]}}