{"id":33998,"date":"2023-11-13T09:55:13","date_gmt":"2023-11-13T08:55:13","guid":{"rendered":"https:\/\/hijascaridad.sjdigitaldemo.ovh\/visita-de-la-superiora-general-a-la-provincia-del-caribe\/"},"modified":"2024-03-06T10:03:05","modified_gmt":"2024-03-06T09:03:05","slug":"visita-de-la-superiora-general-a-la-provincia-del-caribe","status":"publish","type":"post","link":"https:\/\/filles-de-la-charite.org\/pl\/visita-de-la-superiora-general-a-la-provincia-del-caribe\/","title":{"rendered":"Wizyta Prze\u0142o\u017conej Generalnej w Prowincji Karaiby"},"content":{"rendered":"\n<figure class=\"wp-block-image alignleft size-large\"><img loading=\"lazy\" decoding=\"async\" width=\"1024\" height=\"768\" src=\"https:\/\/filles-de-la-charite.org\/wp-content\/uploads\/2024\/03\/News-11.23-visita-Caribe-11-1024x768.jpg\" alt=\"\" class=\"wp-image-33932\" srcset=\"https:\/\/filles-de-la-charite.org\/wp-content\/uploads\/2024\/03\/News-11.23-visita-Caribe-11-980x735.jpg 980w, https:\/\/filles-de-la-charite.org\/wp-content\/uploads\/2024\/03\/News-11.23-visita-Caribe-11-480x360.jpg 480w\" sizes=\"(min-width: 0px) and (max-width: 480px) 480px, (min-width: 481px) and (max-width: 980px) 980px, (min-width: 981px) 1024px, 100vw\" \/><\/figure>\n\n\n\n<p>Dnia 12 pa\u017adziernika br., w \u015awi\u0119to Matki Bo\u017cej z Pilar, mia\u0142y\u015bmy rado\u015b\u0107 go\u015bci\u0107 nasz\u0105 Prze\u0142o\u017con\u0105 Generaln\u0105, Siostr\u0119 Fran\u00e7oise PETIT i Siostr\u0119 Alici\u0119 Margarit\u0119 CORT\u00c9S, Radn\u0105 Generaln\u0105 dla Ameryki \u0141aci\u0144skiej, z wizyt\u0105 w naszej Prowincji Karaibskiej w roku dziesi\u0105tej rocznicy od jej za\u0142o\u017cenia. Zosta\u0142y one rado\u015bnie powitane w Domu Prowincjalnym przez Siostry ze Wsp\u00f3lnoty i innych pobliskich dom\u00f3w.<\/p>\n\n\n\n<figure class=\"wp-block-image size-full\"><img loading=\"lazy\" decoding=\"async\" width=\"768\" height=\"1024\" src=\"https:\/\/filles-de-la-charite.org\/wp-content\/uploads\/2024\/03\/News-11.23-visita-Caribe-8.jpg\" alt=\"\" class=\"wp-image-33920\" srcset=\"https:\/\/filles-de-la-charite.org\/wp-content\/uploads\/2024\/03\/News-11.23-visita-Caribe-8.jpg 768w, https:\/\/filles-de-la-charite.org\/wp-content\/uploads\/2024\/03\/News-11.23-visita-Caribe-8-480x640.jpg 480w\" sizes=\"(min-width: 0px) and (max-width: 480px) 480px, (min-width: 481px) 768px, 100vw\" \/><\/figure>\n\n\n\n<p>Podczas swojego pobytu Siostra Fran\u00e7oise i Siostra Alicia Margarita odwiedzi\u0142y niekt\u00f3re wsp\u00f3lnoty w Republice Dominika\u0144skiej i na Kubie, s\u0142uchaj\u0105c jak Siostry, wsp\u00f3\u0142pracownicy i niekt\u00f3rzy beneficjenci dziel\u0105 si\u0119 swoim \u017cyciem, nadziejami i trudno\u015bciami.<\/p>\n\n\n\n<figure class=\"wp-block-image size-full\"><img loading=\"lazy\" decoding=\"async\" width=\"1024\" height=\"768\" src=\"https:\/\/filles-de-la-charite.org\/wp-content\/uploads\/2024\/03\/News-11.23-visita-Caribe-6.jpg\" alt=\"\" class=\"wp-image-33908\" srcset=\"https:\/\/filles-de-la-charite.org\/wp-content\/uploads\/2024\/03\/News-11.23-visita-Caribe-6.jpg 1024w, https:\/\/filles-de-la-charite.org\/wp-content\/uploads\/2024\/03\/News-11.23-visita-Caribe-6-980x735.jpg 980w, https:\/\/filles-de-la-charite.org\/wp-content\/uploads\/2024\/03\/News-11.23-visita-Caribe-6-480x360.jpg 480w\" sizes=\"(min-width: 0px) and (max-width: 480px) 480px, (min-width: 481px) and (max-width: 980px) 980px, (min-width: 981px) 1024px, 100vw\" \/><\/figure>\n\n\n\n<p>Dzi\u0119ki technologii mog\u0142y r\u00f3wnie\u017c spotka\u0107 si\u0119 z Siostrami z Puerto Rico, Miami i Haiti, kt\u00f3re cieszy\u0142y si\u0119 z ich obecno\u015bci, mo\u017cliwo\u015bci wys\u0142uchania ich i wymiany informacji na temat codziennego \u017cycia na r\u00f3\u017cnych misjach, rado\u015bci i wyzwa\u0144.<\/p>\n\n\n\n<p>Podczas wizyty Siostra Fran\u00e7oise i Siostra Alicia Margarita spotka\u0142y si\u0119 z Siostrami od 4 do 25 lat powo\u0142ania. Siostry M\u0142ode wyrazi\u0142y swoje troski, pragnienia i marzenia dotycz\u0105ce Zgromadzenia dzisiaj i w przysz\u0142o\u015bci. Siostra Fran\u00e7oise zaprosi\u0142a je do bycia \u015bwiat\u0142em po\u015br\u00f3d tak wielu ciemno\u015bci, kt\u00f3re otaczaj\u0105 nas w dzisiejszym \u015bwiecie.<\/p>\n\n\n\n<p>Podczas spotka\u0144 z Siostrami zach\u0119ca\u0142a nas do \u017cycia braterskiego jako proroczego znaku jedno\u015bci w r\u00f3\u017cnorodno\u015bci. Zach\u0119ca\u0142a nas do dbania o wsp\u00f3lnotowe chwile i przestrzenie, tworz\u0105c je tak, aby by\u0142y czasem i miejscem pokoju i komunii dla nas samych i dla innych. Siostra Fran\u00e7oise podzieli\u0142a si\u0119 z nami r\u00f3wnie\u017c wiadomo\u015bciami na temat \u017cycia Si\u00f3str w r\u00f3\u017cnych krajach, odpowiadaj\u0105c szczeg\u00f3lnie na nasze zainteresowanie Siostrami w miejscach konflikt\u00f3w.<\/p>\n\n\n\n<p>We wsp\u00f3lnotach, przez kt\u00f3re przeje\u017cd\u017ca\u0142y, Siostra Fran\u00e7oise i Siostra Alicia Margarita cieszy\u0142y si\u0119 bogactwem kulturowym naszego ludu wyra\u017conym w ta\u0144cach, pie\u015bniach i wierszach, prezentowanych przez dzieci, m\u0142odzie\u017c i starszych, a tak\u017ce lokalnych artyst\u00f3w.<\/p>\n\n\n\n<figure class=\"wp-block-image size-full\"><img loading=\"lazy\" decoding=\"async\" width=\"1024\" height=\"768\" src=\"https:\/\/filles-de-la-charite.org\/wp-content\/uploads\/2024\/03\/News-11.23-visita-Caribe-19.jpg\" alt=\"\" class=\"wp-image-33974\" srcset=\"https:\/\/filles-de-la-charite.org\/wp-content\/uploads\/2024\/03\/News-11.23-visita-Caribe-19.jpg 1024w, https:\/\/filles-de-la-charite.org\/wp-content\/uploads\/2024\/03\/News-11.23-visita-Caribe-19-980x735.jpg 980w, https:\/\/filles-de-la-charite.org\/wp-content\/uploads\/2024\/03\/News-11.23-visita-Caribe-19-480x360.jpg 480w\" sizes=\"(min-width: 0px) and (max-width: 480px) 480px, (min-width: 481px) and (max-width: 980px) 980px, (min-width: 981px) 1024px, 100vw\" \/><\/figure>\n\n\n\n<p>Dzi\u0119kujemy Bogu za ten b\u0142ogos\u0142awiony moment dla naszej Prowincji w 400. rocznic\u0119 \u015awiat\u0142a Pi\u0119\u0107dziesi\u0105tnicy, za dar obecno\u015bci Siostry Fran\u00e7oise i Siostry Alicii Margarity po\u015br\u00f3d nas, aby o\u017cywi\u0107 i odnowi\u0107 naszego ducha i charyzmat dla nowej Pi\u0119\u0107dziesi\u0105tnicy na tych karaibskich ziemiach.<\/p>\n\n\n\n<p><\/p>\n\n\n\n<p><\/p>\n\n\n\n<figure class=\"wp-block-gallery has-nested-images columns-default is-cropped wp-block-gallery-1 is-layout-flex wp-block-gallery-is-layout-flex\">\n<figure class=\"wp-block-image size-large\"><a href=\"https:\/\/filles-de-la-charite.org\/wp-content\/uploads\/2024\/03\/News-11.23-visita-Caribe-17.jpg\" target=\"_blank\" rel=\"noopener\" data-rel=\"lightbox-image-0\" data-rl_title=\"\" data-rl_caption=\"\" title=\"\"><img loading=\"lazy\" decoding=\"async\" width=\"1024\" height=\"768\" data-id=\"33962\" src=\"https:\/\/filles-de-la-charite.org\/wp-content\/uploads\/2024\/03\/News-11.23-visita-Caribe-17.jpg\" alt=\"\" class=\"wp-image-33962\" srcset=\"https:\/\/filles-de-la-charite.org\/wp-content\/uploads\/2024\/03\/News-11.23-visita-Caribe-17.jpg 1024w, https:\/\/filles-de-la-charite.org\/wp-content\/uploads\/2024\/03\/News-11.23-visita-Caribe-17-980x735.jpg 980w, https:\/\/filles-de-la-charite.org\/wp-content\/uploads\/2024\/03\/News-11.23-visita-Caribe-17-480x360.jpg 480w\" sizes=\"(min-width: 0px) and (max-width: 480px) 480px, (min-width: 481px) and (max-width: 980px) 980px, (min-width: 981px) 1024px, 100vw\" \/><\/a><\/figure>\n\n\n\n<figure class=\"wp-block-image size-large\"><a href=\"https:\/\/filles-de-la-charite.org\/wp-content\/uploads\/2024\/03\/News-11.23-visita-Caribe-1.jpg\" target=\"_blank\" rel=\"noopener\" data-rel=\"lightbox-image-1\" data-rl_title=\"\" data-rl_caption=\"\" title=\"\"><img loading=\"lazy\" decoding=\"async\" width=\"1024\" height=\"768\" data-id=\"33986\" src=\"https:\/\/filles-de-la-charite.org\/wp-content\/uploads\/2024\/03\/News-11.23-visita-Caribe-1.jpg\" alt=\"\" class=\"wp-image-33986\" srcset=\"https:\/\/filles-de-la-charite.org\/wp-content\/uploads\/2024\/03\/News-11.23-visita-Caribe-1.jpg 1024w, https:\/\/filles-de-la-charite.org\/wp-content\/uploads\/2024\/03\/News-11.23-visita-Caribe-1-980x735.jpg 980w, https:\/\/filles-de-la-charite.org\/wp-content\/uploads\/2024\/03\/News-11.23-visita-Caribe-1-480x360.jpg 480w\" sizes=\"(min-width: 0px) and (max-width: 480px) 480px, (min-width: 481px) and (max-width: 980px) 980px, (min-width: 981px) 1024px, 100vw\" \/><\/a><\/figure>\n\n\n\n<figure class=\"wp-block-image size-large\"><a href=\"https:\/\/filles-de-la-charite.org\/wp-content\/uploads\/2024\/03\/News-11.23-visita-Caribe-20.jpg\" target=\"_blank\" rel=\"noopener\" data-rel=\"lightbox-image-2\" data-rl_title=\"\" data-rl_caption=\"\" title=\"\"><img loading=\"lazy\" decoding=\"async\" width=\"1024\" height=\"768\" data-id=\"33980\" src=\"https:\/\/filles-de-la-charite.org\/wp-content\/uploads\/2024\/03\/News-11.23-visita-Caribe-20.jpg\" alt=\"\" class=\"wp-image-33980\" srcset=\"https:\/\/filles-de-la-charite.org\/wp-content\/uploads\/2024\/03\/News-11.23-visita-Caribe-20.jpg 1024w, https:\/\/filles-de-la-charite.org\/wp-content\/uploads\/2024\/03\/News-11.23-visita-Caribe-20-980x735.jpg 980w, https:\/\/filles-de-la-charite.org\/wp-content\/uploads\/2024\/03\/News-11.23-visita-Caribe-20-480x360.jpg 480w\" sizes=\"(min-width: 0px) and (max-width: 480px) 480px, (min-width: 481px) and (max-width: 980px) 980px, (min-width: 981px) 1024px, 100vw\" \/><\/a><\/figure>\n\n\n\n<figure class=\"wp-block-image size-large\"><a href=\"https:\/\/filles-de-la-charite.org\/wp-content\/uploads\/2024\/03\/News-11.23-visita-Caribe-16.jpg\" target=\"_blank\" rel=\"noopener\" data-rel=\"lightbox-image-3\" data-rl_title=\"\" data-rl_caption=\"\" title=\"\"><img loading=\"lazy\" decoding=\"async\" width=\"1024\" height=\"768\" data-id=\"33956\" src=\"https:\/\/filles-de-la-charite.org\/wp-content\/uploads\/2024\/03\/News-11.23-visita-Caribe-16.jpg\" alt=\"\" class=\"wp-image-33956\" srcset=\"https:\/\/filles-de-la-charite.org\/wp-content\/uploads\/2024\/03\/News-11.23-visita-Caribe-16.jpg 1024w, https:\/\/filles-de-la-charite.org\/wp-content\/uploads\/2024\/03\/News-11.23-visita-Caribe-16-980x735.jpg 980w, https:\/\/filles-de-la-charite.org\/wp-content\/uploads\/2024\/03\/News-11.23-visita-Caribe-16-480x360.jpg 480w\" sizes=\"(min-width: 0px) and (max-width: 480px) 480px, (min-width: 481px) and (max-width: 980px) 980px, (min-width: 981px) 1024px, 100vw\" \/><\/a><\/figure>\n\n\n\n<figure class=\"wp-block-image size-large\"><a href=\"https:\/\/filles-de-la-charite.org\/wp-content\/uploads\/2024\/03\/News-11.23-visita-Caribe-18.jpg\" target=\"_blank\" rel=\"noopener\" data-rel=\"lightbox-image-4\" data-rl_title=\"\" data-rl_caption=\"\" title=\"\"><img loading=\"lazy\" decoding=\"async\" width=\"768\" height=\"1024\" data-id=\"33968\" src=\"https:\/\/filles-de-la-charite.org\/wp-content\/uploads\/2024\/03\/News-11.23-visita-Caribe-18.jpg\" alt=\"\" class=\"wp-image-33968\" srcset=\"https:\/\/filles-de-la-charite.org\/wp-content\/uploads\/2024\/03\/News-11.23-visita-Caribe-18.jpg 768w, https:\/\/filles-de-la-charite.org\/wp-content\/uploads\/2024\/03\/News-11.23-visita-Caribe-18-480x640.jpg 480w\" sizes=\"(min-width: 0px) and (max-width: 480px) 480px, (min-width: 481px) 768px, 100vw\" \/><\/a><\/figure>\n\n\n\n<figure class=\"wp-block-image size-large\"><a href=\"https:\/\/filles-de-la-charite.org\/wp-content\/uploads\/2024\/03\/News-11.23-visita-Caribe-15.jpg\" target=\"_blank\" rel=\"noopener\" data-rel=\"lightbox-image-5\" data-rl_title=\"\" data-rl_caption=\"\" title=\"\"><img loading=\"lazy\" decoding=\"async\" width=\"1024\" height=\"768\" data-id=\"33950\" src=\"https:\/\/filles-de-la-charite.org\/wp-content\/uploads\/2024\/03\/News-11.23-visita-Caribe-15.jpg\" alt=\"\" class=\"wp-image-33950\" srcset=\"https:\/\/filles-de-la-charite.org\/wp-content\/uploads\/2024\/03\/News-11.23-visita-Caribe-15.jpg 1024w, https:\/\/filles-de-la-charite.org\/wp-content\/uploads\/2024\/03\/News-11.23-visita-Caribe-15-980x735.jpg 980w, https:\/\/filles-de-la-charite.org\/wp-content\/uploads\/2024\/03\/News-11.23-visita-Caribe-15-480x360.jpg 480w\" sizes=\"(min-width: 0px) and (max-width: 480px) 480px, (min-width: 481px) and (max-width: 980px) 980px, (min-width: 981px) 1024px, 100vw\" \/><\/a><\/figure>\n\n\n\n<figure class=\"wp-block-image size-large\"><a href=\"https:\/\/filles-de-la-charite.org\/wp-content\/uploads\/2024\/03\/News-11.23-visita-Caribe-14.jpg\" target=\"_blank\" rel=\"noopener\" data-rel=\"lightbox-image-6\" data-rl_title=\"\" data-rl_caption=\"\" title=\"\"><img loading=\"lazy\" decoding=\"async\" width=\"1000\" height=\"750\" data-id=\"33944\" src=\"https:\/\/filles-de-la-charite.org\/wp-content\/uploads\/2024\/03\/News-11.23-visita-Caribe-14.jpg\" alt=\"\" class=\"wp-image-33944\" srcset=\"https:\/\/filles-de-la-charite.org\/wp-content\/uploads\/2024\/03\/News-11.23-visita-Caribe-14.jpg 1000w, https:\/\/filles-de-la-charite.org\/wp-content\/uploads\/2024\/03\/News-11.23-visita-Caribe-14-980x735.jpg 980w, https:\/\/filles-de-la-charite.org\/wp-content\/uploads\/2024\/03\/News-11.23-visita-Caribe-14-480x360.jpg 480w\" sizes=\"(min-width: 0px) and (max-width: 480px) 480px, (min-width: 481px) and (max-width: 980px) 980px, (min-width: 981px) 1000px, 100vw\" \/><\/a><\/figure>\n\n\n\n<figure class=\"wp-block-image size-large\"><a href=\"https:\/\/filles-de-la-charite.org\/wp-content\/uploads\/2024\/03\/News-11.23-visita-Caribe-13.jpg\" target=\"_blank\" rel=\"noopener\" data-rel=\"lightbox-image-7\" data-rl_title=\"\" data-rl_caption=\"\" title=\"\"><img loading=\"lazy\" decoding=\"async\" width=\"1020\" height=\"768\" data-id=\"33938\" src=\"https:\/\/filles-de-la-charite.org\/wp-content\/uploads\/2024\/03\/News-11.23-visita-Caribe-13.jpg\" alt=\"\" class=\"wp-image-33938\" srcset=\"https:\/\/filles-de-la-charite.org\/wp-content\/uploads\/2024\/03\/News-11.23-visita-Caribe-13.jpg 1020w, https:\/\/filles-de-la-charite.org\/wp-content\/uploads\/2024\/03\/News-11.23-visita-Caribe-13-980x738.jpg 980w, https:\/\/filles-de-la-charite.org\/wp-content\/uploads\/2024\/03\/News-11.23-visita-Caribe-13-480x361.jpg 480w\" sizes=\"(min-width: 0px) and (max-width: 480px) 480px, (min-width: 481px) and (max-width: 980px) 980px, (min-width: 981px) 1020px, 100vw\" \/><\/a><\/figure>\n\n\n\n<figure class=\"wp-block-image size-large\"><a href=\"https:\/\/filles-de-la-charite.org\/wp-content\/uploads\/2024\/03\/News-11.23-visita-Caribe-10-1024x768.jpg\" target=\"_blank\" rel=\"noopener\" data-rel=\"lightbox-image-8\" data-rl_title=\"\" data-rl_caption=\"\" title=\"\"><img loading=\"lazy\" decoding=\"async\" width=\"1024\" height=\"768\" data-id=\"33926\" src=\"https:\/\/filles-de-la-charite.org\/wp-content\/uploads\/2024\/03\/News-11.23-visita-Caribe-10-1024x768.jpg\" alt=\"\" class=\"wp-image-33926\" srcset=\"https:\/\/filles-de-la-charite.org\/wp-content\/uploads\/2024\/03\/News-11.23-visita-Caribe-10-980x735.jpg 980w, https:\/\/filles-de-la-charite.org\/wp-content\/uploads\/2024\/03\/News-11.23-visita-Caribe-10-480x360.jpg 480w\" sizes=\"(min-width: 0px) and (max-width: 480px) 480px, (min-width: 481px) and (max-width: 980px) 980px, (min-width: 981px) 1024px, 100vw\" \/><\/a><\/figure>\n\n\n\n<figure class=\"wp-block-image size-large\"><a href=\"https:\/\/filles-de-la-charite.org\/wp-content\/uploads\/2024\/03\/News-11.23-visita-Caribe-7-497x1024.jpg\" target=\"_blank\" rel=\"noopener\" data-rel=\"lightbox-image-9\" data-rl_title=\"\" data-rl_caption=\"\" title=\"\"><img loading=\"lazy\" decoding=\"async\" width=\"497\" height=\"1024\" data-id=\"33914\" src=\"https:\/\/filles-de-la-charite.org\/wp-content\/uploads\/2024\/03\/News-11.23-visita-Caribe-7-497x1024.jpg\" alt=\"\" class=\"wp-image-33914\" srcset=\"https:\/\/filles-de-la-charite.org\/wp-content\/uploads\/2024\/03\/News-11.23-visita-Caribe-7-497x1024.jpg 497w, https:\/\/filles-de-la-charite.org\/wp-content\/uploads\/2024\/03\/News-11.23-visita-Caribe-7-480x989.jpg 480w\" sizes=\"(min-width: 0px) and (max-width: 480px) 480px, (min-width: 481px) 497px, 100vw\" \/><\/a><\/figure>\n\n\n\n<figure class=\"wp-block-image size-large\"><a href=\"https:\/\/filles-de-la-charite.org\/wp-content\/uploads\/2024\/03\/News-11.23-visita-Caribe-5.jpg\" target=\"_blank\" rel=\"noopener\" data-rel=\"lightbox-image-10\" data-rl_title=\"\" data-rl_caption=\"\" title=\"\"><img loading=\"lazy\" decoding=\"async\" width=\"1000\" height=\"750\" data-id=\"33902\" src=\"https:\/\/filles-de-la-charite.org\/wp-content\/uploads\/2024\/03\/News-11.23-visita-Caribe-5.jpg\" alt=\"\" class=\"wp-image-33902\" srcset=\"https:\/\/filles-de-la-charite.org\/wp-content\/uploads\/2024\/03\/News-11.23-visita-Caribe-5.jpg 1000w, https:\/\/filles-de-la-charite.org\/wp-content\/uploads\/2024\/03\/News-11.23-visita-Caribe-5-980x735.jpg 980w, https:\/\/filles-de-la-charite.org\/wp-content\/uploads\/2024\/03\/News-11.23-visita-Caribe-5-480x360.jpg 480w\" sizes=\"(min-width: 0px) and (max-width: 480px) 480px, (min-width: 481px) and (max-width: 980px) 980px, (min-width: 981px) 1000px, 100vw\" \/><\/a><\/figure>\n\n\n\n<figure class=\"wp-block-image size-large\"><a href=\"https:\/\/filles-de-la-charite.org\/wp-content\/uploads\/2024\/03\/News-11.23-visita-Caribe-4.jpg\" target=\"_blank\" rel=\"noopener\" data-rel=\"lightbox-image-11\" data-rl_title=\"\" data-rl_caption=\"\" title=\"\"><img loading=\"lazy\" decoding=\"async\" width=\"750\" height=\"1000\" data-id=\"33901\" src=\"https:\/\/filles-de-la-charite.org\/wp-content\/uploads\/2024\/03\/News-11.23-visita-Caribe-4.jpg\" alt=\"\" class=\"wp-image-33901\" srcset=\"https:\/\/filles-de-la-charite.org\/wp-content\/uploads\/2024\/03\/News-11.23-visita-Caribe-4.jpg 750w, https:\/\/filles-de-la-charite.org\/wp-content\/uploads\/2024\/03\/News-11.23-visita-Caribe-4-480x640.jpg 480w\" sizes=\"(min-width: 0px) and (max-width: 480px) 480px, (min-width: 481px) 750px, 100vw\" \/><\/a><\/figure>\n\n\n\n<figure class=\"wp-block-image size-large\"><a href=\"https:\/\/filles-de-la-charite.org\/wp-content\/uploads\/2024\/03\/News-11.23-visita-Caribe-3.jpg\" target=\"_blank\" rel=\"noopener\" data-rel=\"lightbox-image-12\" data-rl_title=\"\" data-rl_caption=\"\" title=\"\"><img loading=\"lazy\" decoding=\"async\" width=\"1024\" height=\"768\" data-id=\"33895\" src=\"https:\/\/filles-de-la-charite.org\/wp-content\/uploads\/2024\/03\/News-11.23-visita-Caribe-3.jpg\" alt=\"\" class=\"wp-image-33895\" srcset=\"https:\/\/filles-de-la-charite.org\/wp-content\/uploads\/2024\/03\/News-11.23-visita-Caribe-3.jpg 1024w, https:\/\/filles-de-la-charite.org\/wp-content\/uploads\/2024\/03\/News-11.23-visita-Caribe-3-980x735.jpg 980w, https:\/\/filles-de-la-charite.org\/wp-content\/uploads\/2024\/03\/News-11.23-visita-Caribe-3-480x360.jpg 480w\" sizes=\"(min-width: 0px) and (max-width: 480px) 480px, (min-width: 481px) and (max-width: 980px) 980px, (min-width: 981px) 1024px, 100vw\" \/><\/a><\/figure>\n\n\n\n<figure class=\"wp-block-image size-large\"><a href=\"https:\/\/filles-de-la-charite.org\/wp-content\/uploads\/2024\/03\/News-11.23-visita-Caribe-2.jpg\" target=\"_blank\" rel=\"noopener\" data-rel=\"lightbox-image-13\" data-rl_title=\"\" data-rl_caption=\"\" title=\"\"><img loading=\"lazy\" decoding=\"async\" width=\"1024\" height=\"768\" data-id=\"33889\" src=\"https:\/\/filles-de-la-charite.org\/wp-content\/uploads\/2024\/03\/News-11.23-visita-Caribe-2.jpg\" alt=\"\" class=\"wp-image-33889\" srcset=\"https:\/\/filles-de-la-charite.org\/wp-content\/uploads\/2024\/03\/News-11.23-visita-Caribe-2.jpg 1024w, https:\/\/filles-de-la-charite.org\/wp-content\/uploads\/2024\/03\/News-11.23-visita-Caribe-2-980x735.jpg 980w, https:\/\/filles-de-la-charite.org\/wp-content\/uploads\/2024\/03\/News-11.23-visita-Caribe-2-480x360.jpg 480w\" sizes=\"(min-width: 0px) and (max-width: 480px) 480px, (min-width: 481px) and (max-width: 980px) 980px, (min-width: 981px) 1024px, 100vw\" \/><\/a><\/figure>\n<\/figure>\n","protected":false},"excerpt":{"rendered":"<p>Dnia 12 pa\u017adziernika br., w \u015awi\u0119to Matki Bo\u017cej z Pilar, mia\u0142y\u015bmy rado\u015b\u0107 go\u015bci\u0107 nasz\u0105 Prze\u0142o\u017con\u0105 Generaln\u0105, Siostr\u0119 Fran\u00e7oise PETIT i Siostr\u0119 Alici\u0119 Margarit\u0119 CORT\u00c9S, Radn\u0105 Generaln\u0105 dla Ameryki \u0141aci\u0144skiej, z wizyt\u0105 w naszej Prowincji Karaibskiej w roku dziesi\u0105tej rocznicy od jej za\u0142o\u017cenia. Zosta\u0142y one rado\u015bnie powitane w Domu Prowincjalnym przez Siostry ze Wsp\u00f3lnoty i innych [&hellip;]<\/p>\n","protected":false},"author":5,"featured_media":33881,"comment_status":"closed","ping_status":"closed","sticky":false,"template":"","format":"standard","meta":{"_acf_changed":false,"_et_pb_use_builder":"","_et_pb_old_content":"","_et_gb_content_width":"","footnotes":"","_links_to":"","_links_to_target":""},"categories":[757],"tags":[],"class_list":["post-33998","post","type-post","status-publish","format-standard","has-post-thumbnail","hentry","category-caribe-pl"],"acf":[],"yoast_head":"<!-- This site is optimized with the Yoast SEO plugin v27.5 - https:\/\/yoast.com\/product\/yoast-seo-wordpress\/ -->\n<title>Wizyta Prze\u0142o\u017conej Generalnej w Prowincji Karaiby - Filles de la Charit\u00e9<\/title>\n<meta name=\"robots\" content=\"index, follow, max-snippet:-1, max-image-preview:large, max-video-preview:-1\" \/>\n<link rel=\"canonical\" href=\"https:\/\/filles-de-la-charite.org\/pl\/visita-de-la-superiora-general-a-la-provincia-del-caribe\/\" \/>\n<meta property=\"og:locale\" content=\"pl_PL\" \/>\n<meta property=\"og:type\" content=\"article\" \/>\n<meta property=\"og:title\" content=\"Wizyta Prze\u0142o\u017conej Generalnej w Prowincji Karaiby - Filles de la Charit\u00e9\" \/>\n<meta property=\"og:description\" content=\"Dnia 12 pa\u017adziernika br., w \u015awi\u0119to Matki Bo\u017cej z Pilar, mia\u0142y\u015bmy rado\u015b\u0107 go\u015bci\u0107 nasz\u0105 Prze\u0142o\u017con\u0105 Generaln\u0105, Siostr\u0119 Fran\u00e7oise PETIT i Siostr\u0119 Alici\u0119 Margarit\u0119 CORT\u00c9S, Radn\u0105 Generaln\u0105 dla Ameryki \u0141aci\u0144skiej, z wizyt\u0105 w naszej Prowincji Karaibskiej w roku dziesi\u0105tej rocznicy od jej za\u0142o\u017cenia. Zosta\u0142y one rado\u015bnie powitane w Domu Prowincjalnym przez Siostry ze Wsp\u00f3lnoty i innych [&hellip;]\" \/>\n<meta property=\"og:url\" content=\"https:\/\/filles-de-la-charite.org\/pl\/visita-de-la-superiora-general-a-la-provincia-del-caribe\/\" \/>\n<meta property=\"og:site_name\" content=\"Filles de la Charit\u00e9\" \/>\n<meta property=\"article:published_time\" content=\"2023-11-13T08:55:13+00:00\" \/>\n<meta property=\"article:modified_time\" content=\"2024-03-06T09:03:05+00:00\" \/>\n<meta property=\"og:image\" content=\"https:\/\/filles-de-la-charite.org\/wp-content\/uploads\/2024\/03\/News-11.23-visita-Caribe-1-1024x576.png\" \/>\n\t<meta property=\"og:image:width\" content=\"1024\" \/>\n\t<meta property=\"og:image:height\" content=\"576\" \/>\n\t<meta property=\"og:image:type\" content=\"image\/png\" \/>\n<meta name=\"author\" content=\"SOR MARTA\" \/>\n<meta name=\"twitter:card\" content=\"summary_large_image\" \/>\n<meta name=\"twitter:label1\" content=\"Napisane przez\" \/>\n\t<meta name=\"twitter:data1\" content=\"SOR MARTA\" \/>\n\t<meta name=\"twitter:label2\" content=\"Szacowany czas czytania\" \/>\n\t<meta name=\"twitter:data2\" content=\"2 minuty\" \/>\n<script type=\"application\/ld+json\" class=\"yoast-schema-graph\">{\"@context\":\"https:\\\/\\\/schema.org\",\"@graph\":[{\"@type\":\"Article\",\"@id\":\"https:\\\/\\\/filles-de-la-charite.org\\\/pl\\\/visita-de-la-superiora-general-a-la-provincia-del-caribe\\\/#article\",\"isPartOf\":{\"@id\":\"https:\\\/\\\/filles-de-la-charite.org\\\/pl\\\/visita-de-la-superiora-general-a-la-provincia-del-caribe\\\/\"},\"author\":{\"name\":\"SOR MARTA\",\"@id\":\"https:\\\/\\\/filles-de-la-charite.org\\\/pl\\\/#\\\/schema\\\/person\\\/0c922b6ca71280639858d297b3a7209f\"},\"headline\":\"Wizyta Prze\u0142o\u017conej Generalnej w Prowincji Karaiby\",\"datePublished\":\"2023-11-13T08:55:13+00:00\",\"dateModified\":\"2024-03-06T09:03:05+00:00\",\"mainEntityOfPage\":{\"@id\":\"https:\\\/\\\/filles-de-la-charite.org\\\/pl\\\/visita-de-la-superiora-general-a-la-provincia-del-caribe\\\/\"},\"wordCount\":415,\"publisher\":{\"@id\":\"https:\\\/\\\/filles-de-la-charite.org\\\/pl\\\/#organization\"},\"image\":{\"@id\":\"https:\\\/\\\/filles-de-la-charite.org\\\/pl\\\/visita-de-la-superiora-general-a-la-provincia-del-caribe\\\/#primaryimage\"},\"thumbnailUrl\":\"https:\\\/\\\/filles-de-la-charite.org\\\/wp-content\\\/uploads\\\/2024\\\/03\\\/News-11.23-visita-Caribe-1.png\",\"articleSection\":[\"Karaiby\"],\"inLanguage\":\"pl-PL\"},{\"@type\":\"WebPage\",\"@id\":\"https:\\\/\\\/filles-de-la-charite.org\\\/pl\\\/visita-de-la-superiora-general-a-la-provincia-del-caribe\\\/\",\"url\":\"https:\\\/\\\/filles-de-la-charite.org\\\/pl\\\/visita-de-la-superiora-general-a-la-provincia-del-caribe\\\/\",\"name\":\"Wizyta Prze\u0142o\u017conej Generalnej w Prowincji Karaiby - Filles de la Charit\u00e9\",\"isPartOf\":{\"@id\":\"https:\\\/\\\/filles-de-la-charite.org\\\/pl\\\/#website\"},\"primaryImageOfPage\":{\"@id\":\"https:\\\/\\\/filles-de-la-charite.org\\\/pl\\\/visita-de-la-superiora-general-a-la-provincia-del-caribe\\\/#primaryimage\"},\"image\":{\"@id\":\"https:\\\/\\\/filles-de-la-charite.org\\\/pl\\\/visita-de-la-superiora-general-a-la-provincia-del-caribe\\\/#primaryimage\"},\"thumbnailUrl\":\"https:\\\/\\\/filles-de-la-charite.org\\\/wp-content\\\/uploads\\\/2024\\\/03\\\/News-11.23-visita-Caribe-1.png\",\"datePublished\":\"2023-11-13T08:55:13+00:00\",\"dateModified\":\"2024-03-06T09:03:05+00:00\",\"breadcrumb\":{\"@id\":\"https:\\\/\\\/filles-de-la-charite.org\\\/pl\\\/visita-de-la-superiora-general-a-la-provincia-del-caribe\\\/#breadcrumb\"},\"inLanguage\":\"pl-PL\",\"potentialAction\":[{\"@type\":\"ReadAction\",\"target\":[\"https:\\\/\\\/filles-de-la-charite.org\\\/pl\\\/visita-de-la-superiora-general-a-la-provincia-del-caribe\\\/\"]}]},{\"@type\":\"ImageObject\",\"inLanguage\":\"pl-PL\",\"@id\":\"https:\\\/\\\/filles-de-la-charite.org\\\/pl\\\/visita-de-la-superiora-general-a-la-provincia-del-caribe\\\/#primaryimage\",\"url\":\"https:\\\/\\\/filles-de-la-charite.org\\\/wp-content\\\/uploads\\\/2024\\\/03\\\/News-11.23-visita-Caribe-1.png\",\"contentUrl\":\"https:\\\/\\\/filles-de-la-charite.org\\\/wp-content\\\/uploads\\\/2024\\\/03\\\/News-11.23-visita-Caribe-1.png\",\"width\":1978,\"height\":1113},{\"@type\":\"BreadcrumbList\",\"@id\":\"https:\\\/\\\/filles-de-la-charite.org\\\/pl\\\/visita-de-la-superiora-general-a-la-provincia-del-caribe\\\/#breadcrumb\",\"itemListElement\":[{\"@type\":\"ListItem\",\"position\":1,\"name\":\"Karaiby\",\"item\":\"https:\\\/\\\/filles-de-la-charite.org\\\/pl\\\/category\\\/caribe-pl\\\/\"},{\"@type\":\"ListItem\",\"position\":2,\"name\":\"Wizyta Prze\u0142o\u017conej Generalnej w Prowincji Karaiby\"}]},{\"@type\":\"WebSite\",\"@id\":\"https:\\\/\\\/filles-de-la-charite.org\\\/pl\\\/#website\",\"url\":\"https:\\\/\\\/filles-de-la-charite.org\\\/pl\\\/\",\"name\":\"Hijas de la Caridad\",\"description\":\"L\u2019amour de J\u00e9sus nous presse \u00e0 prendre soin des personnes les plus d\u00e9munies\",\"publisher\":{\"@id\":\"https:\\\/\\\/filles-de-la-charite.org\\\/pl\\\/#organization\"},\"potentialAction\":[{\"@type\":\"SearchAction\",\"target\":{\"@type\":\"EntryPoint\",\"urlTemplate\":\"https:\\\/\\\/filles-de-la-charite.org\\\/pl\\\/?s={search_term_string}\"},\"query-input\":{\"@type\":\"PropertyValueSpecification\",\"valueRequired\":true,\"valueName\":\"search_term_string\"}}],\"inLanguage\":\"pl-PL\"},{\"@type\":\"Organization\",\"@id\":\"https:\\\/\\\/filles-de-la-charite.org\\\/pl\\\/#organization\",\"name\":\"Hijas de la Caridad\",\"url\":\"https:\\\/\\\/filles-de-la-charite.org\\\/pl\\\/\",\"logo\":{\"@type\":\"ImageObject\",\"inLanguage\":\"pl-PL\",\"@id\":\"https:\\\/\\\/filles-de-la-charite.org\\\/pl\\\/#\\\/schema\\\/logo\\\/image\\\/\",\"url\":\"https:\\\/\\\/filles-de-la-charite.org\\\/wp-content\\\/uploads\\\/2023\\\/03\\\/isotipo-Hijas-de-la-Caridad.png\",\"contentUrl\":\"https:\\\/\\\/filles-de-la-charite.org\\\/wp-content\\\/uploads\\\/2023\\\/03\\\/isotipo-Hijas-de-la-Caridad.png\",\"width\":1417,\"height\":1417,\"caption\":\"Hijas de la Caridad\"},\"image\":{\"@id\":\"https:\\\/\\\/filles-de-la-charite.org\\\/pl\\\/#\\\/schema\\\/logo\\\/image\\\/\"}},{\"@type\":\"Person\",\"@id\":\"https:\\\/\\\/filles-de-la-charite.org\\\/pl\\\/#\\\/schema\\\/person\\\/0c922b6ca71280639858d297b3a7209f\",\"name\":\"SOR MARTA\",\"image\":{\"@type\":\"ImageObject\",\"inLanguage\":\"pl-PL\",\"@id\":\"https:\\\/\\\/secure.gravatar.com\\\/avatar\\\/d2c45b0fd6bf2d3e2670ab3d112257c24ac80fa960360bba1bdc0676485d1d09?s=96&d=mm&r=g\",\"url\":\"https:\\\/\\\/secure.gravatar.com\\\/avatar\\\/d2c45b0fd6bf2d3e2670ab3d112257c24ac80fa960360bba1bdc0676485d1d09?s=96&d=mm&r=g\",\"contentUrl\":\"https:\\\/\\\/secure.gravatar.com\\\/avatar\\\/d2c45b0fd6bf2d3e2670ab3d112257c24ac80fa960360bba1bdc0676485d1d09?s=96&d=mm&r=g\",\"caption\":\"SOR MARTA\"},\"url\":\"https:\\\/\\\/filles-de-la-charite.org\\\/pl\\\/author\\\/martaemn\\\/\"}]}<\/script>\n<!-- \/ Yoast SEO plugin. -->","yoast_head_json":{"title":"Wizyta Prze\u0142o\u017conej Generalnej w Prowincji Karaiby - Filles de la Charit\u00e9","robots":{"index":"index","follow":"follow","max-snippet":"max-snippet:-1","max-image-preview":"max-image-preview:large","max-video-preview":"max-video-preview:-1"},"canonical":"https:\/\/filles-de-la-charite.org\/pl\/visita-de-la-superiora-general-a-la-provincia-del-caribe\/","og_locale":"pl_PL","og_type":"article","og_title":"Wizyta Prze\u0142o\u017conej Generalnej w Prowincji Karaiby - Filles de la Charit\u00e9","og_description":"Dnia 12 pa\u017adziernika br., w \u015awi\u0119to Matki Bo\u017cej z Pilar, mia\u0142y\u015bmy rado\u015b\u0107 go\u015bci\u0107 nasz\u0105 Prze\u0142o\u017con\u0105 Generaln\u0105, Siostr\u0119 Fran\u00e7oise PETIT i Siostr\u0119 Alici\u0119 Margarit\u0119 CORT\u00c9S, Radn\u0105 Generaln\u0105 dla Ameryki \u0141aci\u0144skiej, z wizyt\u0105 w naszej Prowincji Karaibskiej w roku dziesi\u0105tej rocznicy od jej za\u0142o\u017cenia. Zosta\u0142y one rado\u015bnie powitane w Domu Prowincjalnym przez Siostry ze Wsp\u00f3lnoty i innych [&hellip;]","og_url":"https:\/\/filles-de-la-charite.org\/pl\/visita-de-la-superiora-general-a-la-provincia-del-caribe\/","og_site_name":"Filles de la Charit\u00e9","article_published_time":"2023-11-13T08:55:13+00:00","article_modified_time":"2024-03-06T09:03:05+00:00","og_image":[{"width":1024,"height":576,"url":"https:\/\/filles-de-la-charite.org\/wp-content\/uploads\/2024\/03\/News-11.23-visita-Caribe-1-1024x576.png","type":"image\/png"}],"author":"SOR MARTA","twitter_card":"summary_large_image","twitter_misc":{"Napisane przez":"SOR MARTA","Szacowany czas czytania":"2 minuty"},"schema":{"@context":"https:\/\/schema.org","@graph":[{"@type":"Article","@id":"https:\/\/filles-de-la-charite.org\/pl\/visita-de-la-superiora-general-a-la-provincia-del-caribe\/#article","isPartOf":{"@id":"https:\/\/filles-de-la-charite.org\/pl\/visita-de-la-superiora-general-a-la-provincia-del-caribe\/"},"author":{"name":"SOR MARTA","@id":"https:\/\/filles-de-la-charite.org\/pl\/#\/schema\/person\/0c922b6ca71280639858d297b3a7209f"},"headline":"Wizyta Prze\u0142o\u017conej Generalnej w Prowincji Karaiby","datePublished":"2023-11-13T08:55:13+00:00","dateModified":"2024-03-06T09:03:05+00:00","mainEntityOfPage":{"@id":"https:\/\/filles-de-la-charite.org\/pl\/visita-de-la-superiora-general-a-la-provincia-del-caribe\/"},"wordCount":415,"publisher":{"@id":"https:\/\/filles-de-la-charite.org\/pl\/#organization"},"image":{"@id":"https:\/\/filles-de-la-charite.org\/pl\/visita-de-la-superiora-general-a-la-provincia-del-caribe\/#primaryimage"},"thumbnailUrl":"https:\/\/filles-de-la-charite.org\/wp-content\/uploads\/2024\/03\/News-11.23-visita-Caribe-1.png","articleSection":["Karaiby"],"inLanguage":"pl-PL"},{"@type":"WebPage","@id":"https:\/\/filles-de-la-charite.org\/pl\/visita-de-la-superiora-general-a-la-provincia-del-caribe\/","url":"https:\/\/filles-de-la-charite.org\/pl\/visita-de-la-superiora-general-a-la-provincia-del-caribe\/","name":"Wizyta Prze\u0142o\u017conej Generalnej w Prowincji Karaiby - Filles de la Charit\u00e9","isPartOf":{"@id":"https:\/\/filles-de-la-charite.org\/pl\/#website"},"primaryImageOfPage":{"@id":"https:\/\/filles-de-la-charite.org\/pl\/visita-de-la-superiora-general-a-la-provincia-del-caribe\/#primaryimage"},"image":{"@id":"https:\/\/filles-de-la-charite.org\/pl\/visita-de-la-superiora-general-a-la-provincia-del-caribe\/#primaryimage"},"thumbnailUrl":"https:\/\/filles-de-la-charite.org\/wp-content\/uploads\/2024\/03\/News-11.23-visita-Caribe-1.png","datePublished":"2023-11-13T08:55:13+00:00","dateModified":"2024-03-06T09:03:05+00:00","breadcrumb":{"@id":"https:\/\/filles-de-la-charite.org\/pl\/visita-de-la-superiora-general-a-la-provincia-del-caribe\/#breadcrumb"},"inLanguage":"pl-PL","potentialAction":[{"@type":"ReadAction","target":["https:\/\/filles-de-la-charite.org\/pl\/visita-de-la-superiora-general-a-la-provincia-del-caribe\/"]}]},{"@type":"ImageObject","inLanguage":"pl-PL","@id":"https:\/\/filles-de-la-charite.org\/pl\/visita-de-la-superiora-general-a-la-provincia-del-caribe\/#primaryimage","url":"https:\/\/filles-de-la-charite.org\/wp-content\/uploads\/2024\/03\/News-11.23-visita-Caribe-1.png","contentUrl":"https:\/\/filles-de-la-charite.org\/wp-content\/uploads\/2024\/03\/News-11.23-visita-Caribe-1.png","width":1978,"height":1113},{"@type":"BreadcrumbList","@id":"https:\/\/filles-de-la-charite.org\/pl\/visita-de-la-superiora-general-a-la-provincia-del-caribe\/#breadcrumb","itemListElement":[{"@type":"ListItem","position":1,"name":"Karaiby","item":"https:\/\/filles-de-la-charite.org\/pl\/category\/caribe-pl\/"},{"@type":"ListItem","position":2,"name":"Wizyta Prze\u0142o\u017conej Generalnej w Prowincji Karaiby"}]},{"@type":"WebSite","@id":"https:\/\/filles-de-la-charite.org\/pl\/#website","url":"https:\/\/filles-de-la-charite.org\/pl\/","name":"Hijas de la Caridad","description":"L\u2019amour de J\u00e9sus nous presse \u00e0 prendre soin des personnes les plus d\u00e9munies","publisher":{"@id":"https:\/\/filles-de-la-charite.org\/pl\/#organization"},"potentialAction":[{"@type":"SearchAction","target":{"@type":"EntryPoint","urlTemplate":"https:\/\/filles-de-la-charite.org\/pl\/?s={search_term_string}"},"query-input":{"@type":"PropertyValueSpecification","valueRequired":true,"valueName":"search_term_string"}}],"inLanguage":"pl-PL"},{"@type":"Organization","@id":"https:\/\/filles-de-la-charite.org\/pl\/#organization","name":"Hijas de la Caridad","url":"https:\/\/filles-de-la-charite.org\/pl\/","logo":{"@type":"ImageObject","inLanguage":"pl-PL","@id":"https:\/\/filles-de-la-charite.org\/pl\/#\/schema\/logo\/image\/","url":"https:\/\/filles-de-la-charite.org\/wp-content\/uploads\/2023\/03\/isotipo-Hijas-de-la-Caridad.png","contentUrl":"https:\/\/filles-de-la-charite.org\/wp-content\/uploads\/2023\/03\/isotipo-Hijas-de-la-Caridad.png","width":1417,"height":1417,"caption":"Hijas de la Caridad"},"image":{"@id":"https:\/\/filles-de-la-charite.org\/pl\/#\/schema\/logo\/image\/"}},{"@type":"Person","@id":"https:\/\/filles-de-la-charite.org\/pl\/#\/schema\/person\/0c922b6ca71280639858d297b3a7209f","name":"SOR MARTA","image":{"@type":"ImageObject","inLanguage":"pl-PL","@id":"https:\/\/secure.gravatar.com\/avatar\/d2c45b0fd6bf2d3e2670ab3d112257c24ac80fa960360bba1bdc0676485d1d09?s=96&d=mm&r=g","url":"https:\/\/secure.gravatar.com\/avatar\/d2c45b0fd6bf2d3e2670ab3d112257c24ac80fa960360bba1bdc0676485d1d09?s=96&d=mm&r=g","contentUrl":"https:\/\/secure.gravatar.com\/avatar\/d2c45b0fd6bf2d3e2670ab3d112257c24ac80fa960360bba1bdc0676485d1d09?s=96&d=mm&r=g","caption":"SOR MARTA"},"url":"https:\/\/filles-de-la-charite.org\/pl\/author\/martaemn\/"}]}},"_links":{"self":[{"href":"https:\/\/filles-de-la-charite.org\/pl\/wp-json\/wp\/v2\/posts\/33998","targetHints":{"allow":["GET"]}}],"collection":[{"href":"https:\/\/filles-de-la-charite.org\/pl\/wp-json\/wp\/v2\/posts"}],"about":[{"href":"https:\/\/filles-de-la-charite.org\/pl\/wp-json\/wp\/v2\/types\/post"}],"author":[{"embeddable":true,"href":"https:\/\/filles-de-la-charite.org\/pl\/wp-json\/wp\/v2\/users\/5"}],"replies":[{"embeddable":true,"href":"https:\/\/filles-de-la-charite.org\/pl\/wp-json\/wp\/v2\/comments?post=33998"}],"version-history":[{"count":1,"href":"https:\/\/filles-de-la-charite.org\/pl\/wp-json\/wp\/v2\/posts\/33998\/revisions"}],"predecessor-version":[{"id":34002,"href":"https:\/\/filles-de-la-charite.org\/pl\/wp-json\/wp\/v2\/posts\/33998\/revisions\/34002"}],"wp:featuredmedia":[{"embeddable":true,"href":"https:\/\/filles-de-la-charite.org\/pl\/wp-json\/wp\/v2\/media\/33881"}],"wp:attachment":[{"href":"https:\/\/filles-de-la-charite.org\/pl\/wp-json\/wp\/v2\/media?parent=33998"}],"wp:term":[{"taxonomy":"category","embeddable":true,"href":"https:\/\/filles-de-la-charite.org\/pl\/wp-json\/wp\/v2\/categories?post=33998"},{"taxonomy":"post_tag","embeddable":true,"href":"https:\/\/filles-de-la-charite.org\/pl\/wp-json\/wp\/v2\/tags?post=33998"}],"curies":[{"name":"wp","href":"https:\/\/api.w.org\/{rel}","templated":true}]}}