{"id":34059,"date":"2023-12-01T10:08:32","date_gmt":"2023-12-01T09:08:32","guid":{"rendered":"https:\/\/hijascaridad.sjdigitaldemo.ovh\/celebracion-de-los-25-anos\/"},"modified":"2024-03-06T10:17:32","modified_gmt":"2024-03-06T09:17:32","slug":"celebracion-de-los-25-anos","status":"publish","type":"post","link":"https:\/\/filles-de-la-charite.org\/pl\/celebracion-de-los-25-anos\/","title":{"rendered":"\u015awi\u0119tujemy 25-lecie!"},"content":{"rendered":"\n<p>W dniach 11-13 listopada br.w Concordia College w Manili siedemna\u015bcie szk\u00f3\u0142, college\u2019\u00f3w i uniwersytet\u00f3w na Filipinach, nale\u017c\u0105cych do Systemu Edukacyjnego Si\u00f3str Mi\u0142osierdzia \u015awi\u0119tej Ludwiki de Marillac (DC-SLMES), \u015bwi\u0119towa\u0142o wierno\u015b\u0107 Boga i Jego Opatrzno\u015b\u0107! Siostry, \u015bwieccy partnerzy misyjni i uczniowie zjednoczyli si\u0119, aby chwali\u0107 Boga za 25 lat bycia jednym umys\u0142em, jednym sercem i jedn\u0105 misj\u0105 w formacji i edukacji m\u0142odzie\u017cy, z tematem przewodnim: \u201eRadosna podr\u00f3\u017c razem, aby utrzyma\u0107 ducha wincenty\u0144skiego i misj\u0119 przy \u017cyciu\u201d.<\/p>\n\n\n\n<figure class=\"wp-block-image size-full\"><img loading=\"lazy\" decoding=\"async\" width=\"921\" height=\"1024\" src=\"https:\/\/filles-de-la-charite.org\/wp-content\/uploads\/2024\/03\/News-12.23-Celebracion-de-los-25-a-4.jpg\" alt=\"\" class=\"wp-image-34010\" srcset=\"https:\/\/filles-de-la-charite.org\/wp-content\/uploads\/2024\/03\/News-12.23-Celebracion-de-los-25-a-4.jpg 921w, https:\/\/filles-de-la-charite.org\/wp-content\/uploads\/2024\/03\/News-12.23-Celebracion-de-los-25-a-4-480x534.jpg 480w\" sizes=\"(min-width: 0px) and (max-width: 480px) 480px, (min-width: 481px) 921px, 100vw\" \/><\/figure>\n\n\n\n<p>Trzydniowe obchody rozpocz\u0119\u0142y si\u0119 Eucharysti\u0105, kt\u00f3rej przewodniczy\u0142 ks. Gerardo VIBAR, CM, Dyrektor Prowincjalny. Po niej nast\u0105pi\u0142o niezwyk\u0142e wej\u015bcie z banerami ka\u017cdej szko\u0142y Si\u00f3str Mi\u0142osierdzia, logo Si\u00f3str i logo DC-SLMES. Nast\u0119pnie s. Maria Ana Rosario G. EVIDENTE, SM, i s. Anna Wiwiek SOEPRAPTIWI, SM, wyg\u0142osi\u0142y ciep\u0142e przem\u00f3wienie powitalne i inspiruj\u0105ce przes\u0142anie, za po\u015brednictwem Internetu.<\/p>\n\n\n\n<figure class=\"wp-block-image size-full\"><img loading=\"lazy\" decoding=\"async\" width=\"1024\" height=\"576\" src=\"https:\/\/filles-de-la-charite.org\/wp-content\/uploads\/2024\/03\/News-12.23-Celebracion-de-los-25-a-5.jpg\" alt=\"\" class=\"wp-image-34016\" srcset=\"https:\/\/filles-de-la-charite.org\/wp-content\/uploads\/2024\/03\/News-12.23-Celebracion-de-los-25-a-5.jpg 1024w, https:\/\/filles-de-la-charite.org\/wp-content\/uploads\/2024\/03\/News-12.23-Celebracion-de-los-25-a-5-980x551.jpg 980w, https:\/\/filles-de-la-charite.org\/wp-content\/uploads\/2024\/03\/News-12.23-Celebracion-de-los-25-a-5-480x270.jpg 480w\" sizes=\"(min-width: 0px) and (max-width: 480px) 480px, (min-width: 481px) and (max-width: 980px) 980px, (min-width: 981px) 1024px, 100vw\" \/><\/figure>\n\n\n\n<p>Uroczysto\u015b\u0107 obejmowa\u0142a wyr\u00f3\u017cnienie 2 wybitnych absolwentek: by\u0142ej wiceprezydent Filipin, Leni Gerona ROBREDO, absolwentki Universidad de Santa Isabel oraz by\u0142ej komisarz Komisji Audytu i podsekretarz Biura Nadzoru Wewn\u0119trznego ONZ, pani Heidi M. MENDOZA, absolwentki Sacred Heart College. \u017by\u0142y i nadal \u017cyj\u0105 wincenty\u0144skimi warto\u015bciami d\u0105\u017cenia do doskona\u0142o\u015bci, uczciwo\u015bci, prawdy i inspirowanej wiar\u0105 oddanej s\u0142u\u017cby dla kraju i jego mieszka\u0144c\u00f3w, zw\u0142aszcza tych z marginesu.<\/p>\n\n\n\n<figure class=\"wp-block-image size-full\"><img loading=\"lazy\" decoding=\"async\" width=\"1024\" height=\"478\" src=\"https:\/\/filles-de-la-charite.org\/wp-content\/uploads\/2024\/03\/News-12.23-Celebracion-de-los-25-a-6.jpg\" alt=\"\" class=\"wp-image-34017\" srcset=\"https:\/\/filles-de-la-charite.org\/wp-content\/uploads\/2024\/03\/News-12.23-Celebracion-de-los-25-a-6.jpg 1024w, https:\/\/filles-de-la-charite.org\/wp-content\/uploads\/2024\/03\/News-12.23-Celebracion-de-los-25-a-6-980x457.jpg 980w, https:\/\/filles-de-la-charite.org\/wp-content\/uploads\/2024\/03\/News-12.23-Celebracion-de-los-25-a-6-480x224.jpg 480w\" sizes=\"(min-width: 0px) and (max-width: 480px) 480px, (min-width: 481px) and (max-width: 980px) 980px, (min-width: 981px) 1024px, 100vw\" \/><\/figure>\n\n\n\n<figure class=\"wp-block-image size-full\"><img loading=\"lazy\" decoding=\"async\" width=\"461\" height=\"1024\" src=\"https:\/\/filles-de-la-charite.org\/wp-content\/uploads\/2024\/03\/News-12.23-Celebracion-de-los-25-a-7.jpg\" alt=\"\" class=\"wp-image-34023\" srcset=\"https:\/\/filles-de-la-charite.org\/wp-content\/uploads\/2024\/03\/News-12.23-Celebracion-de-los-25-a-7.jpg 461w, https:\/\/filles-de-la-charite.org\/wp-content\/uploads\/2024\/03\/News-12.23-Celebracion-de-los-25-a-7-135x300.jpg 135w\" sizes=\"(max-width: 461px) 100vw, 461px\" \/><\/figure>\n\n\n\n<p>Prezentacje ukazuj\u0105ce dziedzictwo kulturowe region\u00f3w, w kt\u00f3rych znajduj\u0105 si\u0119 szko\u0142y, doda\u0142y rocznicy wspania\u0142ych kolor\u00f3w. Uczniowie wraz ze \u015bwieckimi partnerami misyjnymi i Siostrami ta\u0144czyli i \u015bpiewali, daj\u0105c publiczno\u015bci wgl\u0105d w bogactwo jej mieszka\u0144c\u00f3w.<\/p>\n\n\n\n<p>Uczestnicy mieli r\u00f3wnie\u017c okazj\u0119 zaanga\u017cowa\u0107 si\u0119 w prac\u0119 spo\u0142eczn\u0105. Podzieleni na dwie grupy, niekt\u00f3rzy z nich sadzili drzewa w Domu Prowincjalnym Si\u00f3str Mi\u0142osierdzia, zgodnie z naszym zobowi\u0105zaniem do dbania o nasz Wsp\u00f3lny Dom, podczas gdy inni spotkali si\u0119 z osobami o specjalnych potrzebach, osobami starszymi i dzie\u0107mi w Hospicio de San Jose, zgodnie z naszym zobowi\u0105zaniem do poszanowania godno\u015bci ludzkiej.<\/p>\n\n\n\n<figure class=\"wp-block-image size-full\"><img loading=\"lazy\" decoding=\"async\" width=\"1024\" height=\"576\" src=\"https:\/\/filles-de-la-charite.org\/wp-content\/uploads\/2024\/03\/News-12.23-Celebracion-de-los-25-a-8.jpg\" alt=\"\" class=\"wp-image-34029\" srcset=\"https:\/\/filles-de-la-charite.org\/wp-content\/uploads\/2024\/03\/News-12.23-Celebracion-de-los-25-a-8.jpg 1024w, https:\/\/filles-de-la-charite.org\/wp-content\/uploads\/2024\/03\/News-12.23-Celebracion-de-los-25-a-8-980x551.jpg 980w, https:\/\/filles-de-la-charite.org\/wp-content\/uploads\/2024\/03\/News-12.23-Celebracion-de-los-25-a-8-480x270.jpg 480w\" sizes=\"(min-width: 0px) and (max-width: 480px) 480px, (min-width: 481px) and (max-width: 980px) 980px, (min-width: 981px) 1024px, 100vw\" \/><\/figure>\n\n\n\n<figure class=\"wp-block-image size-full\"><img loading=\"lazy\" decoding=\"async\" width=\"1024\" height=\"768\" src=\"https:\/\/filles-de-la-charite.org\/wp-content\/uploads\/2024\/03\/News-12.23-Celebracion-de-los-25-a-3.jpg\" alt=\"\" class=\"wp-image-34048\" srcset=\"https:\/\/filles-de-la-charite.org\/wp-content\/uploads\/2024\/03\/News-12.23-Celebracion-de-los-25-a-3.jpg 1024w, https:\/\/filles-de-la-charite.org\/wp-content\/uploads\/2024\/03\/News-12.23-Celebracion-de-los-25-a-3-980x735.jpg 980w, https:\/\/filles-de-la-charite.org\/wp-content\/uploads\/2024\/03\/News-12.23-Celebracion-de-los-25-a-3-480x360.jpg 480w\" sizes=\"(min-width: 0px) and (max-width: 480px) 480px, (min-width: 481px) and (max-width: 980px) 980px, (min-width: 981px) 1024px, 100vw\" \/><\/figure>\n\n\n\n<p>Uczestnicy przeszli przez karuzel\u0119 eksponat\u00f3w przygotowanych przez ka\u017cdy region; oczy i uszy podziwia\u0142y pokazy i prezentacje wideo na temat najlepszych praktyk ka\u017cdej szko\u0142y Si\u00f3str Mi\u0142osierdzia w zakresie programu nauczania i instrukcji, bada\u0144 i zaanga\u017cowania spo\u0142eczno\u015bci, podczas gdy j\u0119zyk delektowa\u0142 si\u0119 r\u00f3\u017cnymi przysmakami kulinarnymi charakterystycznymi dla ka\u017cdego regionu.<\/p>\n\n\n\n<p>Dr Pamela MANTUHAC z Uniwersytetu Adamsona w Manili wyg\u0142osi\u0142a wyk\u0142ad na temat zmian systemowych. Nast\u0119pnie uczestnicy zasiedli do pracy: burzy m\u00f3zg\u00f3w i tworzenia konkretnych plan\u00f3w dzia\u0142ania na rzecz poprawy systemu edukacji w nadchodz\u0105cych latach.<\/p>\n\n\n\n<figure class=\"wp-block-image size-full\"><img loading=\"lazy\" decoding=\"async\" width=\"1024\" height=\"576\" src=\"https:\/\/filles-de-la-charite.org\/wp-content\/uploads\/2024\/03\/News-12.23-Celebracion-de-los-25-a-2.jpg\" alt=\"\" class=\"wp-image-34042\" srcset=\"https:\/\/filles-de-la-charite.org\/wp-content\/uploads\/2024\/03\/News-12.23-Celebracion-de-los-25-a-2.jpg 1024w, https:\/\/filles-de-la-charite.org\/wp-content\/uploads\/2024\/03\/News-12.23-Celebracion-de-los-25-a-2-980x551.jpg 980w, https:\/\/filles-de-la-charite.org\/wp-content\/uploads\/2024\/03\/News-12.23-Celebracion-de-los-25-a-2-480x270.jpg 480w\" sizes=\"(min-width: 0px) and (max-width: 480px) 480px, (min-width: 481px) and (max-width: 980px) 980px, (min-width: 981px) 1024px, 100vw\" \/><\/figure>\n\n\n\n<p>W ci\u0105gu ostatnich 25 lat DC-SLMES by\u0142o latarni\u0105 nauki, po\u017cywk\u0105 dla doskona\u0142o\u015bci wincenty\u0144skiej i katalizatorem pozytywnych zmian w \u017cyciu niezliczonych os\u00f3b. Jego pasja i zaanga\u017cowanie w misj\u0119 sprawiaj\u0105, \u017ce jest or\u0119downikiem holistycznej formacji. Bogu niech b\u0119dzie najwy\u017csza chwa\u0142a i uwielbienie! Niech ta uroczysto\u015b\u0107 b\u0119dzie pocz\u0105tkiem kolejnych 25 lat podr\u00f3\u017cy z m\u0142odymi i dla m\u0142odych, aby tworzy\u0107 lepszy \u015bwiat do \u017cycia!<\/p>\n\n\n\n<figure class=\"wp-block-embed is-type-video is-provider-youtube wp-block-embed-youtube wp-embed-aspect-16-9 wp-has-aspect-ratio\"><div class=\"wp-block-embed__wrapper\">\n<iframe loading=\"lazy\" title=\"CELEBRATING 25\" width=\"1080\" height=\"608\" src=\"https:\/\/www.youtube.com\/embed\/OVJieirHQUk?feature=oembed\"  allow=\"accelerometer; autoplay; clipboard-write; encrypted-media; gyroscope; picture-in-picture; web-share\" allowfullscreen><\/iframe>\n<\/div><\/figure>\n","protected":false},"excerpt":{"rendered":"<p>W dniach 11-13 listopada br.w Concordia College w Manili siedemna\u015bcie szk\u00f3\u0142, college\u2019\u00f3w i uniwersytet\u00f3w na Filipinach, nale\u017c\u0105cych do Systemu Edukacyjnego Si\u00f3str Mi\u0142osierdzia \u015awi\u0119tej Ludwiki de Marillac (DC-SLMES), \u015bwi\u0119towa\u0142o wierno\u015b\u0107 Boga i Jego Opatrzno\u015b\u0107! Siostry, \u015bwieccy partnerzy misyjni i uczniowie zjednoczyli si\u0119, aby chwali\u0107 Boga za 25 lat bycia jednym umys\u0142em, jednym sercem i jedn\u0105 misj\u0105 [&hellip;]<\/p>\n","protected":false},"author":5,"featured_media":34040,"comment_status":"closed","ping_status":"closed","sticky":false,"template":"","format":"standard","meta":{"_acf_changed":false,"_et_pb_use_builder":"","_et_pb_old_content":"","_et_gb_content_width":"","footnotes":"","_links_to":"","_links_to_target":""},"categories":[762],"tags":[],"class_list":["post-34059","post","type-post","status-publish","format-standard","has-post-thumbnail","hentry","category-swieta-ludwika-azja-pl"],"acf":[],"yoast_head":"<!-- This site is optimized with the Yoast SEO plugin v27.4 - https:\/\/yoast.com\/product\/yoast-seo-wordpress\/ -->\n<title>\u015awi\u0119tujemy 25-lecie! - Filles de la Charit\u00e9<\/title>\n<meta name=\"robots\" content=\"index, follow, max-snippet:-1, max-image-preview:large, max-video-preview:-1\" \/>\n<link rel=\"canonical\" href=\"https:\/\/filles-de-la-charite.org\/pl\/celebracion-de-los-25-anos\/\" \/>\n<meta property=\"og:locale\" content=\"pl_PL\" \/>\n<meta property=\"og:type\" content=\"article\" \/>\n<meta property=\"og:title\" content=\"\u015awi\u0119tujemy 25-lecie! - Filles de la Charit\u00e9\" \/>\n<meta property=\"og:description\" content=\"W dniach 11-13 listopada br.w Concordia College w Manili siedemna\u015bcie szk\u00f3\u0142, college\u2019\u00f3w i uniwersytet\u00f3w na Filipinach, nale\u017c\u0105cych do Systemu Edukacyjnego Si\u00f3str Mi\u0142osierdzia \u015awi\u0119tej Ludwiki de Marillac (DC-SLMES), \u015bwi\u0119towa\u0142o wierno\u015b\u0107 Boga i Jego Opatrzno\u015b\u0107! Siostry, \u015bwieccy partnerzy misyjni i uczniowie zjednoczyli si\u0119, aby chwali\u0107 Boga za 25 lat bycia jednym umys\u0142em, jednym sercem i jedn\u0105 misj\u0105 [&hellip;]\" \/>\n<meta property=\"og:url\" content=\"https:\/\/filles-de-la-charite.org\/pl\/celebracion-de-los-25-anos\/\" \/>\n<meta property=\"og:site_name\" content=\"Filles de la Charit\u00e9\" \/>\n<meta property=\"article:published_time\" content=\"2023-12-01T09:08:32+00:00\" \/>\n<meta property=\"article:modified_time\" content=\"2024-03-06T09:17:32+00:00\" \/>\n<meta property=\"og:image\" content=\"https:\/\/filles-de-la-charite.org\/wp-content\/uploads\/2024\/03\/News-12.23-Celebracion-de-los-25-a-1.jpg\" \/>\n\t<meta property=\"og:image:width\" content=\"2560\" \/>\n\t<meta property=\"og:image:height\" content=\"1440\" \/>\n\t<meta property=\"og:image:type\" content=\"image\/jpeg\" \/>\n<meta name=\"author\" content=\"SOR MARTA\" \/>\n<meta name=\"twitter:card\" content=\"summary_large_image\" \/>\n<meta name=\"twitter:label1\" content=\"Napisane przez\" \/>\n\t<meta name=\"twitter:data1\" content=\"SOR MARTA\" \/>\n\t<meta name=\"twitter:label2\" content=\"Szacowany czas czytania\" \/>\n\t<meta name=\"twitter:data2\" content=\"3 minuty\" \/>\n<script type=\"application\/ld+json\" class=\"yoast-schema-graph\">{\"@context\":\"https:\\\/\\\/schema.org\",\"@graph\":[{\"@type\":\"Article\",\"@id\":\"https:\\\/\\\/filles-de-la-charite.org\\\/pl\\\/celebracion-de-los-25-anos\\\/#article\",\"isPartOf\":{\"@id\":\"https:\\\/\\\/filles-de-la-charite.org\\\/pl\\\/celebracion-de-los-25-anos\\\/\"},\"author\":{\"name\":\"SOR MARTA\",\"@id\":\"https:\\\/\\\/filles-de-la-charite.org\\\/pl\\\/#\\\/schema\\\/person\\\/0c922b6ca71280639858d297b3a7209f\"},\"headline\":\"\u015awi\u0119tujemy 25-lecie!\",\"datePublished\":\"2023-12-01T09:08:32+00:00\",\"dateModified\":\"2024-03-06T09:17:32+00:00\",\"mainEntityOfPage\":{\"@id\":\"https:\\\/\\\/filles-de-la-charite.org\\\/pl\\\/celebracion-de-los-25-anos\\\/\"},\"wordCount\":537,\"publisher\":{\"@id\":\"https:\\\/\\\/filles-de-la-charite.org\\\/pl\\\/#organization\"},\"image\":{\"@id\":\"https:\\\/\\\/filles-de-la-charite.org\\\/pl\\\/celebracion-de-los-25-anos\\\/#primaryimage\"},\"thumbnailUrl\":\"https:\\\/\\\/filles-de-la-charite.org\\\/wp-content\\\/uploads\\\/2024\\\/03\\\/News-12.23-Celebracion-de-los-25-a-1.jpg\",\"articleSection\":[\"\u015awi\u0119ta Ludwika \u2013 Azja\"],\"inLanguage\":\"pl-PL\"},{\"@type\":\"WebPage\",\"@id\":\"https:\\\/\\\/filles-de-la-charite.org\\\/pl\\\/celebracion-de-los-25-anos\\\/\",\"url\":\"https:\\\/\\\/filles-de-la-charite.org\\\/pl\\\/celebracion-de-los-25-anos\\\/\",\"name\":\"\u015awi\u0119tujemy 25-lecie! - Filles de la Charit\u00e9\",\"isPartOf\":{\"@id\":\"https:\\\/\\\/filles-de-la-charite.org\\\/pl\\\/#website\"},\"primaryImageOfPage\":{\"@id\":\"https:\\\/\\\/filles-de-la-charite.org\\\/pl\\\/celebracion-de-los-25-anos\\\/#primaryimage\"},\"image\":{\"@id\":\"https:\\\/\\\/filles-de-la-charite.org\\\/pl\\\/celebracion-de-los-25-anos\\\/#primaryimage\"},\"thumbnailUrl\":\"https:\\\/\\\/filles-de-la-charite.org\\\/wp-content\\\/uploads\\\/2024\\\/03\\\/News-12.23-Celebracion-de-los-25-a-1.jpg\",\"datePublished\":\"2023-12-01T09:08:32+00:00\",\"dateModified\":\"2024-03-06T09:17:32+00:00\",\"breadcrumb\":{\"@id\":\"https:\\\/\\\/filles-de-la-charite.org\\\/pl\\\/celebracion-de-los-25-anos\\\/#breadcrumb\"},\"inLanguage\":\"pl-PL\",\"potentialAction\":[{\"@type\":\"ReadAction\",\"target\":[\"https:\\\/\\\/filles-de-la-charite.org\\\/pl\\\/celebracion-de-los-25-anos\\\/\"]}]},{\"@type\":\"ImageObject\",\"inLanguage\":\"pl-PL\",\"@id\":\"https:\\\/\\\/filles-de-la-charite.org\\\/pl\\\/celebracion-de-los-25-anos\\\/#primaryimage\",\"url\":\"https:\\\/\\\/filles-de-la-charite.org\\\/wp-content\\\/uploads\\\/2024\\\/03\\\/News-12.23-Celebracion-de-los-25-a-1.jpg\",\"contentUrl\":\"https:\\\/\\\/filles-de-la-charite.org\\\/wp-content\\\/uploads\\\/2024\\\/03\\\/News-12.23-Celebracion-de-los-25-a-1.jpg\",\"width\":2560,\"height\":1440},{\"@type\":\"BreadcrumbList\",\"@id\":\"https:\\\/\\\/filles-de-la-charite.org\\\/pl\\\/celebracion-de-los-25-anos\\\/#breadcrumb\",\"itemListElement\":[{\"@type\":\"ListItem\",\"position\":1,\"name\":\"\u015awi\u0119ta Ludwika \u2013 Azja\",\"item\":\"https:\\\/\\\/filles-de-la-charite.org\\\/pl\\\/category\\\/swieta-ludwika-azja-pl\\\/\"},{\"@type\":\"ListItem\",\"position\":2,\"name\":\"\u015awi\u0119tujemy 25-lecie!\"}]},{\"@type\":\"WebSite\",\"@id\":\"https:\\\/\\\/filles-de-la-charite.org\\\/pl\\\/#website\",\"url\":\"https:\\\/\\\/filles-de-la-charite.org\\\/pl\\\/\",\"name\":\"Hijas de la Caridad\",\"description\":\"L\u2019amour de J\u00e9sus nous presse \u00e0 prendre soin des personnes les plus d\u00e9munies\",\"publisher\":{\"@id\":\"https:\\\/\\\/filles-de-la-charite.org\\\/pl\\\/#organization\"},\"potentialAction\":[{\"@type\":\"SearchAction\",\"target\":{\"@type\":\"EntryPoint\",\"urlTemplate\":\"https:\\\/\\\/filles-de-la-charite.org\\\/pl\\\/?s={search_term_string}\"},\"query-input\":{\"@type\":\"PropertyValueSpecification\",\"valueRequired\":true,\"valueName\":\"search_term_string\"}}],\"inLanguage\":\"pl-PL\"},{\"@type\":\"Organization\",\"@id\":\"https:\\\/\\\/filles-de-la-charite.org\\\/pl\\\/#organization\",\"name\":\"Hijas de la Caridad\",\"url\":\"https:\\\/\\\/filles-de-la-charite.org\\\/pl\\\/\",\"logo\":{\"@type\":\"ImageObject\",\"inLanguage\":\"pl-PL\",\"@id\":\"https:\\\/\\\/filles-de-la-charite.org\\\/pl\\\/#\\\/schema\\\/logo\\\/image\\\/\",\"url\":\"https:\\\/\\\/filles-de-la-charite.org\\\/wp-content\\\/uploads\\\/2023\\\/03\\\/isotipo-Hijas-de-la-Caridad.png\",\"contentUrl\":\"https:\\\/\\\/filles-de-la-charite.org\\\/wp-content\\\/uploads\\\/2023\\\/03\\\/isotipo-Hijas-de-la-Caridad.png\",\"width\":1417,\"height\":1417,\"caption\":\"Hijas de la Caridad\"},\"image\":{\"@id\":\"https:\\\/\\\/filles-de-la-charite.org\\\/pl\\\/#\\\/schema\\\/logo\\\/image\\\/\"}},{\"@type\":\"Person\",\"@id\":\"https:\\\/\\\/filles-de-la-charite.org\\\/pl\\\/#\\\/schema\\\/person\\\/0c922b6ca71280639858d297b3a7209f\",\"name\":\"SOR MARTA\",\"image\":{\"@type\":\"ImageObject\",\"inLanguage\":\"pl-PL\",\"@id\":\"https:\\\/\\\/secure.gravatar.com\\\/avatar\\\/d2c45b0fd6bf2d3e2670ab3d112257c24ac80fa960360bba1bdc0676485d1d09?s=96&d=mm&r=g\",\"url\":\"https:\\\/\\\/secure.gravatar.com\\\/avatar\\\/d2c45b0fd6bf2d3e2670ab3d112257c24ac80fa960360bba1bdc0676485d1d09?s=96&d=mm&r=g\",\"contentUrl\":\"https:\\\/\\\/secure.gravatar.com\\\/avatar\\\/d2c45b0fd6bf2d3e2670ab3d112257c24ac80fa960360bba1bdc0676485d1d09?s=96&d=mm&r=g\",\"caption\":\"SOR MARTA\"},\"url\":\"https:\\\/\\\/filles-de-la-charite.org\\\/pl\\\/author\\\/martaemn\\\/\"}]}<\/script>\n<!-- \/ Yoast SEO plugin. -->","yoast_head_json":{"title":"\u015awi\u0119tujemy 25-lecie! - Filles de la Charit\u00e9","robots":{"index":"index","follow":"follow","max-snippet":"max-snippet:-1","max-image-preview":"max-image-preview:large","max-video-preview":"max-video-preview:-1"},"canonical":"https:\/\/filles-de-la-charite.org\/pl\/celebracion-de-los-25-anos\/","og_locale":"pl_PL","og_type":"article","og_title":"\u015awi\u0119tujemy 25-lecie! - Filles de la Charit\u00e9","og_description":"W dniach 11-13 listopada br.w Concordia College w Manili siedemna\u015bcie szk\u00f3\u0142, college\u2019\u00f3w i uniwersytet\u00f3w na Filipinach, nale\u017c\u0105cych do Systemu Edukacyjnego Si\u00f3str Mi\u0142osierdzia \u015awi\u0119tej Ludwiki de Marillac (DC-SLMES), \u015bwi\u0119towa\u0142o wierno\u015b\u0107 Boga i Jego Opatrzno\u015b\u0107! Siostry, \u015bwieccy partnerzy misyjni i uczniowie zjednoczyli si\u0119, aby chwali\u0107 Boga za 25 lat bycia jednym umys\u0142em, jednym sercem i jedn\u0105 misj\u0105 [&hellip;]","og_url":"https:\/\/filles-de-la-charite.org\/pl\/celebracion-de-los-25-anos\/","og_site_name":"Filles de la Charit\u00e9","article_published_time":"2023-12-01T09:08:32+00:00","article_modified_time":"2024-03-06T09:17:32+00:00","og_image":[{"width":2560,"height":1440,"url":"https:\/\/filles-de-la-charite.org\/wp-content\/uploads\/2024\/03\/News-12.23-Celebracion-de-los-25-a-1.jpg","type":"image\/jpeg"}],"author":"SOR MARTA","twitter_card":"summary_large_image","twitter_misc":{"Napisane przez":"SOR MARTA","Szacowany czas czytania":"3 minuty"},"schema":{"@context":"https:\/\/schema.org","@graph":[{"@type":"Article","@id":"https:\/\/filles-de-la-charite.org\/pl\/celebracion-de-los-25-anos\/#article","isPartOf":{"@id":"https:\/\/filles-de-la-charite.org\/pl\/celebracion-de-los-25-anos\/"},"author":{"name":"SOR MARTA","@id":"https:\/\/filles-de-la-charite.org\/pl\/#\/schema\/person\/0c922b6ca71280639858d297b3a7209f"},"headline":"\u015awi\u0119tujemy 25-lecie!","datePublished":"2023-12-01T09:08:32+00:00","dateModified":"2024-03-06T09:17:32+00:00","mainEntityOfPage":{"@id":"https:\/\/filles-de-la-charite.org\/pl\/celebracion-de-los-25-anos\/"},"wordCount":537,"publisher":{"@id":"https:\/\/filles-de-la-charite.org\/pl\/#organization"},"image":{"@id":"https:\/\/filles-de-la-charite.org\/pl\/celebracion-de-los-25-anos\/#primaryimage"},"thumbnailUrl":"https:\/\/filles-de-la-charite.org\/wp-content\/uploads\/2024\/03\/News-12.23-Celebracion-de-los-25-a-1.jpg","articleSection":["\u015awi\u0119ta Ludwika \u2013 Azja"],"inLanguage":"pl-PL"},{"@type":"WebPage","@id":"https:\/\/filles-de-la-charite.org\/pl\/celebracion-de-los-25-anos\/","url":"https:\/\/filles-de-la-charite.org\/pl\/celebracion-de-los-25-anos\/","name":"\u015awi\u0119tujemy 25-lecie! - Filles de la Charit\u00e9","isPartOf":{"@id":"https:\/\/filles-de-la-charite.org\/pl\/#website"},"primaryImageOfPage":{"@id":"https:\/\/filles-de-la-charite.org\/pl\/celebracion-de-los-25-anos\/#primaryimage"},"image":{"@id":"https:\/\/filles-de-la-charite.org\/pl\/celebracion-de-los-25-anos\/#primaryimage"},"thumbnailUrl":"https:\/\/filles-de-la-charite.org\/wp-content\/uploads\/2024\/03\/News-12.23-Celebracion-de-los-25-a-1.jpg","datePublished":"2023-12-01T09:08:32+00:00","dateModified":"2024-03-06T09:17:32+00:00","breadcrumb":{"@id":"https:\/\/filles-de-la-charite.org\/pl\/celebracion-de-los-25-anos\/#breadcrumb"},"inLanguage":"pl-PL","potentialAction":[{"@type":"ReadAction","target":["https:\/\/filles-de-la-charite.org\/pl\/celebracion-de-los-25-anos\/"]}]},{"@type":"ImageObject","inLanguage":"pl-PL","@id":"https:\/\/filles-de-la-charite.org\/pl\/celebracion-de-los-25-anos\/#primaryimage","url":"https:\/\/filles-de-la-charite.org\/wp-content\/uploads\/2024\/03\/News-12.23-Celebracion-de-los-25-a-1.jpg","contentUrl":"https:\/\/filles-de-la-charite.org\/wp-content\/uploads\/2024\/03\/News-12.23-Celebracion-de-los-25-a-1.jpg","width":2560,"height":1440},{"@type":"BreadcrumbList","@id":"https:\/\/filles-de-la-charite.org\/pl\/celebracion-de-los-25-anos\/#breadcrumb","itemListElement":[{"@type":"ListItem","position":1,"name":"\u015awi\u0119ta Ludwika \u2013 Azja","item":"https:\/\/filles-de-la-charite.org\/pl\/category\/swieta-ludwika-azja-pl\/"},{"@type":"ListItem","position":2,"name":"\u015awi\u0119tujemy 25-lecie!"}]},{"@type":"WebSite","@id":"https:\/\/filles-de-la-charite.org\/pl\/#website","url":"https:\/\/filles-de-la-charite.org\/pl\/","name":"Hijas de la Caridad","description":"L\u2019amour de J\u00e9sus nous presse \u00e0 prendre soin des personnes les plus d\u00e9munies","publisher":{"@id":"https:\/\/filles-de-la-charite.org\/pl\/#organization"},"potentialAction":[{"@type":"SearchAction","target":{"@type":"EntryPoint","urlTemplate":"https:\/\/filles-de-la-charite.org\/pl\/?s={search_term_string}"},"query-input":{"@type":"PropertyValueSpecification","valueRequired":true,"valueName":"search_term_string"}}],"inLanguage":"pl-PL"},{"@type":"Organization","@id":"https:\/\/filles-de-la-charite.org\/pl\/#organization","name":"Hijas de la Caridad","url":"https:\/\/filles-de-la-charite.org\/pl\/","logo":{"@type":"ImageObject","inLanguage":"pl-PL","@id":"https:\/\/filles-de-la-charite.org\/pl\/#\/schema\/logo\/image\/","url":"https:\/\/filles-de-la-charite.org\/wp-content\/uploads\/2023\/03\/isotipo-Hijas-de-la-Caridad.png","contentUrl":"https:\/\/filles-de-la-charite.org\/wp-content\/uploads\/2023\/03\/isotipo-Hijas-de-la-Caridad.png","width":1417,"height":1417,"caption":"Hijas de la Caridad"},"image":{"@id":"https:\/\/filles-de-la-charite.org\/pl\/#\/schema\/logo\/image\/"}},{"@type":"Person","@id":"https:\/\/filles-de-la-charite.org\/pl\/#\/schema\/person\/0c922b6ca71280639858d297b3a7209f","name":"SOR MARTA","image":{"@type":"ImageObject","inLanguage":"pl-PL","@id":"https:\/\/secure.gravatar.com\/avatar\/d2c45b0fd6bf2d3e2670ab3d112257c24ac80fa960360bba1bdc0676485d1d09?s=96&d=mm&r=g","url":"https:\/\/secure.gravatar.com\/avatar\/d2c45b0fd6bf2d3e2670ab3d112257c24ac80fa960360bba1bdc0676485d1d09?s=96&d=mm&r=g","contentUrl":"https:\/\/secure.gravatar.com\/avatar\/d2c45b0fd6bf2d3e2670ab3d112257c24ac80fa960360bba1bdc0676485d1d09?s=96&d=mm&r=g","caption":"SOR MARTA"},"url":"https:\/\/filles-de-la-charite.org\/pl\/author\/martaemn\/"}]}},"_links":{"self":[{"href":"https:\/\/filles-de-la-charite.org\/pl\/wp-json\/wp\/v2\/posts\/34059","targetHints":{"allow":["GET"]}}],"collection":[{"href":"https:\/\/filles-de-la-charite.org\/pl\/wp-json\/wp\/v2\/posts"}],"about":[{"href":"https:\/\/filles-de-la-charite.org\/pl\/wp-json\/wp\/v2\/types\/post"}],"author":[{"embeddable":true,"href":"https:\/\/filles-de-la-charite.org\/pl\/wp-json\/wp\/v2\/users\/5"}],"replies":[{"embeddable":true,"href":"https:\/\/filles-de-la-charite.org\/pl\/wp-json\/wp\/v2\/comments?post=34059"}],"version-history":[{"count":1,"href":"https:\/\/filles-de-la-charite.org\/pl\/wp-json\/wp\/v2\/posts\/34059\/revisions"}],"predecessor-version":[{"id":34066,"href":"https:\/\/filles-de-la-charite.org\/pl\/wp-json\/wp\/v2\/posts\/34059\/revisions\/34066"}],"wp:featuredmedia":[{"embeddable":true,"href":"https:\/\/filles-de-la-charite.org\/pl\/wp-json\/wp\/v2\/media\/34040"}],"wp:attachment":[{"href":"https:\/\/filles-de-la-charite.org\/pl\/wp-json\/wp\/v2\/media?parent=34059"}],"wp:term":[{"taxonomy":"category","embeddable":true,"href":"https:\/\/filles-de-la-charite.org\/pl\/wp-json\/wp\/v2\/categories?post=34059"},{"taxonomy":"post_tag","embeddable":true,"href":"https:\/\/filles-de-la-charite.org\/pl\/wp-json\/wp\/v2\/tags?post=34059"}],"curies":[{"name":"wp","href":"https:\/\/api.w.org\/{rel}","templated":true}]}}