{"id":34177,"date":"2024-01-08T11:47:38","date_gmt":"2024-01-08T10:47:38","guid":{"rendered":"https:\/\/hijascaridad.sjdigitaldemo.ovh\/fallecimiento-de-sor-evelyne-franc\/"},"modified":"2024-04-17T11:50:56","modified_gmt":"2024-04-17T09:50:56","slug":"fallecimiento-de-sor-evelyne-franc","status":"publish","type":"post","link":"https:\/\/filles-de-la-charite.org\/pl\/fallecimiento-de-sor-evelyne-franc\/","title":{"rendered":"Zmar\u0142a Siostra Evelyne Franc"},"content":{"rendered":"\n<p>W poniedzia\u0142ek, 8 stycznia 2024 r., w wieku 75 lat, w 49 roku powo\u0142ania, zmar\u0142a Siostra Evelyne FRANC, Prze\u0142o\u017cona Generalna w latach 2003-2015.Jej pogrzeb odb\u0119dzie si\u0119 w pi\u0105tek, 12 stycznia 2024 r., o godz. <\/p>\n\n\n\n<p>11.00 w kaplicy Domu Opatrzno\u015bci w Le Coteau, we Wsp\u00f3lnocie przynale\u017c\u0105cej do Prowincji Belgia-Francja-Szwajcaria, w kt\u00f3rej \u015bp. Siostra Eveline pos\u0142ugiwa\u0142a od zako\u0144czenia swojego mandatu Prze\u0142o\u017conej Generalnej. <\/p>\n\n\n\n<p>Dzi\u0119kujemy Bogu za jej pi\u0119kne \u017cycie, nieustanne przywi\u0105zanie do Chrystusa i niestrudzone oddanie s\u0142u\u017cbie Zgromadzeniu przez wszystkie lata. Modlimy si\u0119 za ni\u0105, za jej rodzin\u0119, za ubogich, kt\u00f3rym s\u0142u\u017cy\u0142a i kt\u00f3rych kocha\u0142a, za Siostry, kt\u00f3re zna\u0142a i kt\u00f3rym towarzyszy\u0142a.<\/p>\n\n\n\n<p>Niech Pan przyjmie j\u0105 do Siebie i obdarzy wiecznym pokojem i rado\u015bci\u0105!<\/p>\n","protected":false},"excerpt":{"rendered":"<p>W poniedzia\u0142ek, 8 stycznia 2024 r., w wieku 75 lat, w 49 roku powo\u0142ania, zmar\u0142a Siostra Evelyne FRANC, Prze\u0142o\u017cona Generalna w latach 2003-2015.Jej pogrzeb odb\u0119dzie si\u0119 w pi\u0105tek, 12 stycznia 2024 r., o godz. 11.00 w kaplicy Domu Opatrzno\u015bci w Le Coteau, we Wsp\u00f3lnocie przynale\u017c\u0105cej do Prowincji Belgia-Francja-Szwajcaria, w kt\u00f3rej \u015bp. Siostra Eveline pos\u0142ugiwa\u0142a od [&hellip;]<\/p>\n","protected":false},"author":5,"featured_media":34151,"comment_status":"closed","ping_status":"closed","sticky":false,"template":"","format":"standard","meta":{"_acf_changed":false,"_et_pb_use_builder":"","_et_pb_old_content":"","_et_gb_content_width":"","footnotes":"","_links_to":"","_links_to_target":""},"categories":[560],"tags":[],"class_list":["post-34177","post","type-post","status-publish","format-standard","has-post-thumbnail","hentry","category-mother-house-pl"],"acf":[],"yoast_head":"<!-- This site is optimized with the Yoast SEO plugin v27.5 - https:\/\/yoast.com\/product\/yoast-seo-wordpress\/ -->\n<title>Zmar\u0142a Siostra Evelyne Franc - Filles de la Charit\u00e9<\/title>\n<meta name=\"robots\" content=\"index, follow, max-snippet:-1, max-image-preview:large, max-video-preview:-1\" \/>\n<link rel=\"canonical\" href=\"https:\/\/filles-de-la-charite.org\/pl\/fallecimiento-de-sor-evelyne-franc\/\" \/>\n<meta property=\"og:locale\" content=\"pl_PL\" \/>\n<meta property=\"og:type\" content=\"article\" \/>\n<meta property=\"og:title\" content=\"Zmar\u0142a Siostra Evelyne Franc - Filles de la Charit\u00e9\" \/>\n<meta property=\"og:description\" content=\"W poniedzia\u0142ek, 8 stycznia 2024 r., w wieku 75 lat, w 49 roku powo\u0142ania, zmar\u0142a Siostra Evelyne FRANC, Prze\u0142o\u017cona Generalna w latach 2003-2015.Jej pogrzeb odb\u0119dzie si\u0119 w pi\u0105tek, 12 stycznia 2024 r., o godz. 11.00 w kaplicy Domu Opatrzno\u015bci w Le Coteau, we Wsp\u00f3lnocie przynale\u017c\u0105cej do Prowincji Belgia-Francja-Szwajcaria, w kt\u00f3rej \u015bp. Siostra Eveline pos\u0142ugiwa\u0142a od [&hellip;]\" \/>\n<meta property=\"og:url\" content=\"https:\/\/filles-de-la-charite.org\/pl\/fallecimiento-de-sor-evelyne-franc\/\" \/>\n<meta property=\"og:site_name\" content=\"Filles de la Charit\u00e9\" \/>\n<meta property=\"article:published_time\" content=\"2024-01-08T10:47:38+00:00\" \/>\n<meta property=\"article:modified_time\" content=\"2024-04-17T09:50:56+00:00\" \/>\n<meta property=\"og:image\" content=\"https:\/\/filles-de-la-charite.org\/wp-content\/uploads\/2024\/03\/News-08.01.24-Sor-Evelyne-Franc-4-scaled-1.jpg\" \/>\n\t<meta property=\"og:image:width\" content=\"2560\" \/>\n\t<meta property=\"og:image:height\" content=\"1440\" \/>\n\t<meta property=\"og:image:type\" content=\"image\/jpeg\" \/>\n<meta name=\"author\" content=\"SOR MARTA\" \/>\n<meta name=\"twitter:card\" content=\"summary_large_image\" \/>\n<meta name=\"twitter:label1\" content=\"Napisane przez\" \/>\n\t<meta name=\"twitter:data1\" content=\"SOR MARTA\" \/>\n\t<meta name=\"twitter:label2\" content=\"Szacowany czas czytania\" \/>\n\t<meta name=\"twitter:data2\" content=\"1 minuta\" \/>\n<script type=\"application\/ld+json\" class=\"yoast-schema-graph\">{\"@context\":\"https:\\\/\\\/schema.org\",\"@graph\":[{\"@type\":\"Article\",\"@id\":\"https:\\\/\\\/filles-de-la-charite.org\\\/pl\\\/fallecimiento-de-sor-evelyne-franc\\\/#article\",\"isPartOf\":{\"@id\":\"https:\\\/\\\/filles-de-la-charite.org\\\/pl\\\/fallecimiento-de-sor-evelyne-franc\\\/\"},\"author\":{\"name\":\"SOR MARTA\",\"@id\":\"https:\\\/\\\/filles-de-la-charite.org\\\/pl\\\/#\\\/schema\\\/person\\\/0c922b6ca71280639858d297b3a7209f\"},\"headline\":\"Zmar\u0142a Siostra Evelyne Franc\",\"datePublished\":\"2024-01-08T10:47:38+00:00\",\"dateModified\":\"2024-04-17T09:50:56+00:00\",\"mainEntityOfPage\":{\"@id\":\"https:\\\/\\\/filles-de-la-charite.org\\\/pl\\\/fallecimiento-de-sor-evelyne-franc\\\/\"},\"wordCount\":142,\"publisher\":{\"@id\":\"https:\\\/\\\/filles-de-la-charite.org\\\/pl\\\/#organization\"},\"image\":{\"@id\":\"https:\\\/\\\/filles-de-la-charite.org\\\/pl\\\/fallecimiento-de-sor-evelyne-franc\\\/#primaryimage\"},\"thumbnailUrl\":\"https:\\\/\\\/filles-de-la-charite.org\\\/wp-content\\\/uploads\\\/2024\\\/03\\\/News-08.01.24-Sor-Evelyne-Franc-4-scaled-1.jpg\",\"articleSection\":[\"Dom Macierzysty\"],\"inLanguage\":\"pl-PL\"},{\"@type\":\"WebPage\",\"@id\":\"https:\\\/\\\/filles-de-la-charite.org\\\/pl\\\/fallecimiento-de-sor-evelyne-franc\\\/\",\"url\":\"https:\\\/\\\/filles-de-la-charite.org\\\/pl\\\/fallecimiento-de-sor-evelyne-franc\\\/\",\"name\":\"Zmar\u0142a Siostra Evelyne Franc - Filles de la Charit\u00e9\",\"isPartOf\":{\"@id\":\"https:\\\/\\\/filles-de-la-charite.org\\\/pl\\\/#website\"},\"primaryImageOfPage\":{\"@id\":\"https:\\\/\\\/filles-de-la-charite.org\\\/pl\\\/fallecimiento-de-sor-evelyne-franc\\\/#primaryimage\"},\"image\":{\"@id\":\"https:\\\/\\\/filles-de-la-charite.org\\\/pl\\\/fallecimiento-de-sor-evelyne-franc\\\/#primaryimage\"},\"thumbnailUrl\":\"https:\\\/\\\/filles-de-la-charite.org\\\/wp-content\\\/uploads\\\/2024\\\/03\\\/News-08.01.24-Sor-Evelyne-Franc-4-scaled-1.jpg\",\"datePublished\":\"2024-01-08T10:47:38+00:00\",\"dateModified\":\"2024-04-17T09:50:56+00:00\",\"breadcrumb\":{\"@id\":\"https:\\\/\\\/filles-de-la-charite.org\\\/pl\\\/fallecimiento-de-sor-evelyne-franc\\\/#breadcrumb\"},\"inLanguage\":\"pl-PL\",\"potentialAction\":[{\"@type\":\"ReadAction\",\"target\":[\"https:\\\/\\\/filles-de-la-charite.org\\\/pl\\\/fallecimiento-de-sor-evelyne-franc\\\/\"]}]},{\"@type\":\"ImageObject\",\"inLanguage\":\"pl-PL\",\"@id\":\"https:\\\/\\\/filles-de-la-charite.org\\\/pl\\\/fallecimiento-de-sor-evelyne-franc\\\/#primaryimage\",\"url\":\"https:\\\/\\\/filles-de-la-charite.org\\\/wp-content\\\/uploads\\\/2024\\\/03\\\/News-08.01.24-Sor-Evelyne-Franc-4-scaled-1.jpg\",\"contentUrl\":\"https:\\\/\\\/filles-de-la-charite.org\\\/wp-content\\\/uploads\\\/2024\\\/03\\\/News-08.01.24-Sor-Evelyne-Franc-4-scaled-1.jpg\",\"width\":2560,\"height\":1440},{\"@type\":\"BreadcrumbList\",\"@id\":\"https:\\\/\\\/filles-de-la-charite.org\\\/pl\\\/fallecimiento-de-sor-evelyne-franc\\\/#breadcrumb\",\"itemListElement\":[{\"@type\":\"ListItem\",\"position\":1,\"name\":\"Dom Macierzysty\",\"item\":\"https:\\\/\\\/filles-de-la-charite.org\\\/pl\\\/category\\\/mother-house-pl\\\/\"},{\"@type\":\"ListItem\",\"position\":2,\"name\":\"Zmar\u0142a Siostra Evelyne Franc\"}]},{\"@type\":\"WebSite\",\"@id\":\"https:\\\/\\\/filles-de-la-charite.org\\\/pl\\\/#website\",\"url\":\"https:\\\/\\\/filles-de-la-charite.org\\\/pl\\\/\",\"name\":\"Hijas de la Caridad\",\"description\":\"L\u2019amour de J\u00e9sus nous presse \u00e0 prendre soin des personnes les plus d\u00e9munies\",\"publisher\":{\"@id\":\"https:\\\/\\\/filles-de-la-charite.org\\\/pl\\\/#organization\"},\"potentialAction\":[{\"@type\":\"SearchAction\",\"target\":{\"@type\":\"EntryPoint\",\"urlTemplate\":\"https:\\\/\\\/filles-de-la-charite.org\\\/pl\\\/?s={search_term_string}\"},\"query-input\":{\"@type\":\"PropertyValueSpecification\",\"valueRequired\":true,\"valueName\":\"search_term_string\"}}],\"inLanguage\":\"pl-PL\"},{\"@type\":\"Organization\",\"@id\":\"https:\\\/\\\/filles-de-la-charite.org\\\/pl\\\/#organization\",\"name\":\"Hijas de la Caridad\",\"url\":\"https:\\\/\\\/filles-de-la-charite.org\\\/pl\\\/\",\"logo\":{\"@type\":\"ImageObject\",\"inLanguage\":\"pl-PL\",\"@id\":\"https:\\\/\\\/filles-de-la-charite.org\\\/pl\\\/#\\\/schema\\\/logo\\\/image\\\/\",\"url\":\"https:\\\/\\\/filles-de-la-charite.org\\\/wp-content\\\/uploads\\\/2023\\\/03\\\/isotipo-Hijas-de-la-Caridad.png\",\"contentUrl\":\"https:\\\/\\\/filles-de-la-charite.org\\\/wp-content\\\/uploads\\\/2023\\\/03\\\/isotipo-Hijas-de-la-Caridad.png\",\"width\":1417,\"height\":1417,\"caption\":\"Hijas de la Caridad\"},\"image\":{\"@id\":\"https:\\\/\\\/filles-de-la-charite.org\\\/pl\\\/#\\\/schema\\\/logo\\\/image\\\/\"}},{\"@type\":\"Person\",\"@id\":\"https:\\\/\\\/filles-de-la-charite.org\\\/pl\\\/#\\\/schema\\\/person\\\/0c922b6ca71280639858d297b3a7209f\",\"name\":\"SOR MARTA\",\"image\":{\"@type\":\"ImageObject\",\"inLanguage\":\"pl-PL\",\"@id\":\"https:\\\/\\\/secure.gravatar.com\\\/avatar\\\/d2c45b0fd6bf2d3e2670ab3d112257c24ac80fa960360bba1bdc0676485d1d09?s=96&d=mm&r=g\",\"url\":\"https:\\\/\\\/secure.gravatar.com\\\/avatar\\\/d2c45b0fd6bf2d3e2670ab3d112257c24ac80fa960360bba1bdc0676485d1d09?s=96&d=mm&r=g\",\"contentUrl\":\"https:\\\/\\\/secure.gravatar.com\\\/avatar\\\/d2c45b0fd6bf2d3e2670ab3d112257c24ac80fa960360bba1bdc0676485d1d09?s=96&d=mm&r=g\",\"caption\":\"SOR MARTA\"},\"url\":\"https:\\\/\\\/filles-de-la-charite.org\\\/pl\\\/author\\\/martaemn\\\/\"}]}<\/script>\n<!-- \/ Yoast SEO plugin. -->","yoast_head_json":{"title":"Zmar\u0142a Siostra Evelyne Franc - Filles de la Charit\u00e9","robots":{"index":"index","follow":"follow","max-snippet":"max-snippet:-1","max-image-preview":"max-image-preview:large","max-video-preview":"max-video-preview:-1"},"canonical":"https:\/\/filles-de-la-charite.org\/pl\/fallecimiento-de-sor-evelyne-franc\/","og_locale":"pl_PL","og_type":"article","og_title":"Zmar\u0142a Siostra Evelyne Franc - Filles de la Charit\u00e9","og_description":"W poniedzia\u0142ek, 8 stycznia 2024 r., w wieku 75 lat, w 49 roku powo\u0142ania, zmar\u0142a Siostra Evelyne FRANC, Prze\u0142o\u017cona Generalna w latach 2003-2015.Jej pogrzeb odb\u0119dzie si\u0119 w pi\u0105tek, 12 stycznia 2024 r., o godz. 11.00 w kaplicy Domu Opatrzno\u015bci w Le Coteau, we Wsp\u00f3lnocie przynale\u017c\u0105cej do Prowincji Belgia-Francja-Szwajcaria, w kt\u00f3rej \u015bp. Siostra Eveline pos\u0142ugiwa\u0142a od [&hellip;]","og_url":"https:\/\/filles-de-la-charite.org\/pl\/fallecimiento-de-sor-evelyne-franc\/","og_site_name":"Filles de la Charit\u00e9","article_published_time":"2024-01-08T10:47:38+00:00","article_modified_time":"2024-04-17T09:50:56+00:00","og_image":[{"width":2560,"height":1440,"url":"https:\/\/filles-de-la-charite.org\/wp-content\/uploads\/2024\/03\/News-08.01.24-Sor-Evelyne-Franc-4-scaled-1.jpg","type":"image\/jpeg"}],"author":"SOR MARTA","twitter_card":"summary_large_image","twitter_misc":{"Napisane przez":"SOR MARTA","Szacowany czas czytania":"1 minuta"},"schema":{"@context":"https:\/\/schema.org","@graph":[{"@type":"Article","@id":"https:\/\/filles-de-la-charite.org\/pl\/fallecimiento-de-sor-evelyne-franc\/#article","isPartOf":{"@id":"https:\/\/filles-de-la-charite.org\/pl\/fallecimiento-de-sor-evelyne-franc\/"},"author":{"name":"SOR MARTA","@id":"https:\/\/filles-de-la-charite.org\/pl\/#\/schema\/person\/0c922b6ca71280639858d297b3a7209f"},"headline":"Zmar\u0142a Siostra Evelyne Franc","datePublished":"2024-01-08T10:47:38+00:00","dateModified":"2024-04-17T09:50:56+00:00","mainEntityOfPage":{"@id":"https:\/\/filles-de-la-charite.org\/pl\/fallecimiento-de-sor-evelyne-franc\/"},"wordCount":142,"publisher":{"@id":"https:\/\/filles-de-la-charite.org\/pl\/#organization"},"image":{"@id":"https:\/\/filles-de-la-charite.org\/pl\/fallecimiento-de-sor-evelyne-franc\/#primaryimage"},"thumbnailUrl":"https:\/\/filles-de-la-charite.org\/wp-content\/uploads\/2024\/03\/News-08.01.24-Sor-Evelyne-Franc-4-scaled-1.jpg","articleSection":["Dom Macierzysty"],"inLanguage":"pl-PL"},{"@type":"WebPage","@id":"https:\/\/filles-de-la-charite.org\/pl\/fallecimiento-de-sor-evelyne-franc\/","url":"https:\/\/filles-de-la-charite.org\/pl\/fallecimiento-de-sor-evelyne-franc\/","name":"Zmar\u0142a Siostra Evelyne Franc - Filles de la Charit\u00e9","isPartOf":{"@id":"https:\/\/filles-de-la-charite.org\/pl\/#website"},"primaryImageOfPage":{"@id":"https:\/\/filles-de-la-charite.org\/pl\/fallecimiento-de-sor-evelyne-franc\/#primaryimage"},"image":{"@id":"https:\/\/filles-de-la-charite.org\/pl\/fallecimiento-de-sor-evelyne-franc\/#primaryimage"},"thumbnailUrl":"https:\/\/filles-de-la-charite.org\/wp-content\/uploads\/2024\/03\/News-08.01.24-Sor-Evelyne-Franc-4-scaled-1.jpg","datePublished":"2024-01-08T10:47:38+00:00","dateModified":"2024-04-17T09:50:56+00:00","breadcrumb":{"@id":"https:\/\/filles-de-la-charite.org\/pl\/fallecimiento-de-sor-evelyne-franc\/#breadcrumb"},"inLanguage":"pl-PL","potentialAction":[{"@type":"ReadAction","target":["https:\/\/filles-de-la-charite.org\/pl\/fallecimiento-de-sor-evelyne-franc\/"]}]},{"@type":"ImageObject","inLanguage":"pl-PL","@id":"https:\/\/filles-de-la-charite.org\/pl\/fallecimiento-de-sor-evelyne-franc\/#primaryimage","url":"https:\/\/filles-de-la-charite.org\/wp-content\/uploads\/2024\/03\/News-08.01.24-Sor-Evelyne-Franc-4-scaled-1.jpg","contentUrl":"https:\/\/filles-de-la-charite.org\/wp-content\/uploads\/2024\/03\/News-08.01.24-Sor-Evelyne-Franc-4-scaled-1.jpg","width":2560,"height":1440},{"@type":"BreadcrumbList","@id":"https:\/\/filles-de-la-charite.org\/pl\/fallecimiento-de-sor-evelyne-franc\/#breadcrumb","itemListElement":[{"@type":"ListItem","position":1,"name":"Dom Macierzysty","item":"https:\/\/filles-de-la-charite.org\/pl\/category\/mother-house-pl\/"},{"@type":"ListItem","position":2,"name":"Zmar\u0142a Siostra Evelyne Franc"}]},{"@type":"WebSite","@id":"https:\/\/filles-de-la-charite.org\/pl\/#website","url":"https:\/\/filles-de-la-charite.org\/pl\/","name":"Hijas de la Caridad","description":"L\u2019amour de J\u00e9sus nous presse \u00e0 prendre soin des personnes les plus d\u00e9munies","publisher":{"@id":"https:\/\/filles-de-la-charite.org\/pl\/#organization"},"potentialAction":[{"@type":"SearchAction","target":{"@type":"EntryPoint","urlTemplate":"https:\/\/filles-de-la-charite.org\/pl\/?s={search_term_string}"},"query-input":{"@type":"PropertyValueSpecification","valueRequired":true,"valueName":"search_term_string"}}],"inLanguage":"pl-PL"},{"@type":"Organization","@id":"https:\/\/filles-de-la-charite.org\/pl\/#organization","name":"Hijas de la Caridad","url":"https:\/\/filles-de-la-charite.org\/pl\/","logo":{"@type":"ImageObject","inLanguage":"pl-PL","@id":"https:\/\/filles-de-la-charite.org\/pl\/#\/schema\/logo\/image\/","url":"https:\/\/filles-de-la-charite.org\/wp-content\/uploads\/2023\/03\/isotipo-Hijas-de-la-Caridad.png","contentUrl":"https:\/\/filles-de-la-charite.org\/wp-content\/uploads\/2023\/03\/isotipo-Hijas-de-la-Caridad.png","width":1417,"height":1417,"caption":"Hijas de la Caridad"},"image":{"@id":"https:\/\/filles-de-la-charite.org\/pl\/#\/schema\/logo\/image\/"}},{"@type":"Person","@id":"https:\/\/filles-de-la-charite.org\/pl\/#\/schema\/person\/0c922b6ca71280639858d297b3a7209f","name":"SOR MARTA","image":{"@type":"ImageObject","inLanguage":"pl-PL","@id":"https:\/\/secure.gravatar.com\/avatar\/d2c45b0fd6bf2d3e2670ab3d112257c24ac80fa960360bba1bdc0676485d1d09?s=96&d=mm&r=g","url":"https:\/\/secure.gravatar.com\/avatar\/d2c45b0fd6bf2d3e2670ab3d112257c24ac80fa960360bba1bdc0676485d1d09?s=96&d=mm&r=g","contentUrl":"https:\/\/secure.gravatar.com\/avatar\/d2c45b0fd6bf2d3e2670ab3d112257c24ac80fa960360bba1bdc0676485d1d09?s=96&d=mm&r=g","caption":"SOR MARTA"},"url":"https:\/\/filles-de-la-charite.org\/pl\/author\/martaemn\/"}]}},"_links":{"self":[{"href":"https:\/\/filles-de-la-charite.org\/pl\/wp-json\/wp\/v2\/posts\/34177","targetHints":{"allow":["GET"]}}],"collection":[{"href":"https:\/\/filles-de-la-charite.org\/pl\/wp-json\/wp\/v2\/posts"}],"about":[{"href":"https:\/\/filles-de-la-charite.org\/pl\/wp-json\/wp\/v2\/types\/post"}],"author":[{"embeddable":true,"href":"https:\/\/filles-de-la-charite.org\/pl\/wp-json\/wp\/v2\/users\/5"}],"replies":[{"embeddable":true,"href":"https:\/\/filles-de-la-charite.org\/pl\/wp-json\/wp\/v2\/comments?post=34177"}],"version-history":[{"count":1,"href":"https:\/\/filles-de-la-charite.org\/pl\/wp-json\/wp\/v2\/posts\/34177\/revisions"}],"predecessor-version":[{"id":34828,"href":"https:\/\/filles-de-la-charite.org\/pl\/wp-json\/wp\/v2\/posts\/34177\/revisions\/34828"}],"wp:featuredmedia":[{"embeddable":true,"href":"https:\/\/filles-de-la-charite.org\/pl\/wp-json\/wp\/v2\/media\/34151"}],"wp:attachment":[{"href":"https:\/\/filles-de-la-charite.org\/pl\/wp-json\/wp\/v2\/media?parent=34177"}],"wp:term":[{"taxonomy":"category","embeddable":true,"href":"https:\/\/filles-de-la-charite.org\/pl\/wp-json\/wp\/v2\/categories?post=34177"},{"taxonomy":"post_tag","embeddable":true,"href":"https:\/\/filles-de-la-charite.org\/pl\/wp-json\/wp\/v2\/tags?post=34177"}],"curies":[{"name":"wp","href":"https:\/\/api.w.org\/{rel}","templated":true}]}}