{"id":38684,"date":"2023-04-18T22:00:00","date_gmt":"2023-04-18T20:00:00","guid":{"rendered":"https:\/\/filles-de-la-charite.org\/badz-zmiana-ktora-chcesz-zobaczyc-w-swiecie\/"},"modified":"2024-07-30T18:51:28","modified_gmt":"2024-07-30T16:51:28","slug":"badz-zmiana-ktora-chcesz-zobaczyc-w-swiecie","status":"publish","type":"post","link":"https:\/\/filles-de-la-charite.org\/pl\/badz-zmiana-ktora-chcesz-zobaczyc-w-swiecie\/","title":{"rendered":"<strong>B\u0105d\u017a zmian\u0105, kt\u00f3r\u0105 chcesz zobaczy\u0107 w \u015bwiecie!<\/strong>"},"content":{"rendered":"\n<p>B\u0142ogos\u0142awionego Okresu Wielkanocnego dla Was wszystkich!<\/p>\n\n<p>Jest to z pewno\u015bci\u0105 pracowity czas dla ONZ, poniewa\u017c coraz wi\u0119cej pracy przenosi si\u0119 z powrotem do formatu osobistego, a my wszyscy uczymy si\u0119, jak organizowa\u0107 spotkania hybrydowe.<\/p>\n\n<p>W lutym Komisja Rozwoju Spo\u0142ecznego na swoim dorocznym posiedzeniu zaj\u0119\u0142a si\u0119 tematem \u201epe\u0142nego i produktywnego zatrudnienia oraz godnej pracy\u201d w celu przezwyci\u0119\u017cenia nier\u00f3wno\u015bci. Chocia\u017c obszary te maj\u0105 kluczowe znaczenie dla przyspieszenia procesu wychodzenia z pandemii Covid-19, s\u0105 one r\u00f3wnie\u017c kluczowe dla osi\u0105gni\u0119cia cel\u00f3w zr\u00f3wnowa\u017conego rozwoju (SDG). Wa\u017cnym wymiarem obrad by\u0142o to, jak bezrobocie wp\u0142ywa na m\u0142odzie\u017c. M\u0142odzi ludzie, b\u0119d\u0105cy przysz\u0142o\u015bci\u0105, to w\u0142a\u015bnie oni ponios\u0105 konsekwencje obecnego kryzysu na \u015bwiecie.   <\/p>\n\n<p>Dla ONZ \u201egodna praca\u201d to taka, kt\u00f3ra zapewnia godno\u015b\u0107 pracownikowi; daje mu godne wynagrodzenie, aby m\u00f3g\u0142 on wnie\u015b\u0107 wk\u0142ad w \u017cycie spo\u0142ecze\u0144stwa; oraz zapewnia zatrudnionym niezb\u0119dne zabezpieczenia socjalne (np. dost\u0119p do opieki zdrowotnej, wsparcie w czasie choroby i niepe\u0142nosprawno\u015bci, emerytur\u0119, itp.) S\u0105 one bardzo sp\u00f3jne z wieloletni\u0105 katolick\u0105 nauk\u0105 spo\u0142eczn\u0105. Wszystko to przyczyni\u0142oby si\u0119 do osi\u0105gni\u0119cia Cel\u00f3w Zr\u00f3wnowa\u017conego Rozwoju ONZ do 2030 roku. <\/p>\n\n<figure class=\"wp-block-image alignleft size-large\"><img decoding=\"async\" src=\"https:\/\/filles-de-la-charite.org\/wp-content\/uploads\/2023\/05\/4-1-1-1024x586.jpg\" alt=\"\" class=\"wp-image-73280\"\/><\/figure>\n\n<p>Nast\u0119pnie, w marcu odby\u0142a si\u0119 67. sesja Komisji ds. Statusu Kobiet z pomy\u015blnie wynegocjowanym Agreed Conclusion CSW67, znacz\u0105cym dokumentem w odniesieniu do tematu sesji. Tegoroczne spotkanie mia\u0142o za g\u0142\u00f3wny temat krytyczn\u0105 rol\u0119 technologii i innowacji w osi\u0105ganiu r\u00f3wno\u015bci p\u0142ci oraz znaczenie edukacji dla kobiet i dziewcz\u0105t w erze cyfrowej. Dost\u0119p do wiedzy i umiej\u0119tno\u015bci cyfrowych jest dzi\u015b wa\u017cny dla wzmocnienia pozycji kobiet na \u015bwiecie. Wida\u0107 to ju\u017c w zwi\u0119kszonych mo\u017cliwo\u015bciach ekonomicznych dost\u0119pnych dla nich na rynku pracy i w \u015bwiecie biznesu.  <\/p>\n\n<p>Ta 67. sesja Komisji ds. Statusu Kobiet charakteryzowa\u0142a si\u0119 ponad dwustoma wydarzeniami pobocznymi i siedmiuset wydarzeniami r\u00f3wnoleg\u0142ymi. My, jako Siostry Mi\u0142osierdzia, prowadzi\u0142y\u015bmy r\u00f3wnoleg\u0142e wydarzenie zatytu\u0142owane: \u201eEdukacja w erze cyfrowej: Kochamy Czyta\u0107\u201d Dialog Mi\u0119dzypokoleniowy. Jak uczci\u0107 to, co najlepsze w edukacji w epoce cyfrowej? Co mo\u017ce si\u0119 wydarzy\u0107, gdy po\u0142\u0105czymy genialnego naukowca z Jordanii i przedsi\u0119biorc\u0119, kt\u00f3ry za\u0142o\u017cy\u0142 globaln\u0105 organizacj\u0119 non-profit \u201d Kochamy Czyta\u0107\u201d, z grup\u0105 uczni\u00f3w szk\u00f3\u0142 \u015brednich z r\u00f3\u017cnych tradycji religijnych w po\u0142owie drogi dooko\u0142a globu. Us\u0142ysza\u0142y\u015bmy o r\u00f3\u017cnych do\u015bwiadczeniach zwi\u0105zanych z dost\u0119pem do platform cyfrowych, zar\u00f3wno w celach edukacyjnych, jak i spo\u0142ecznych. Us\u0142ysza\u0142y\u015bmy r\u00f3wnie\u017c o do\u015bwiadczeniach zwi\u0105zanych z nadu\u017cyciami w sieci oraz o wysi\u0142kach zmierzaj\u0105cych do wzmocnienia pozycji i stworzenia bezpiecznych przestrzeni dla wszystkich dziewcz\u0105t. Dziewcz\u0119ta zdecydowanie opowiada\u0142y si\u0119 za ich dost\u0119pem, m\u00f3wi\u0105c, \u017ce jest to kwestia praw cz\u0142owieka.      <\/p>\n\n<p>Powy\u017csze Komisje \u2013 Rozwoju Spo\u0142ecznego i Statusu Kobiet \u2013 s\u0142u\u017c\u0105 jako sta\u0142e komisje ONZ. Zrzeszaj\u0105 one pa\u0144stwa cz\u0142onkowskie, spo\u0142ecze\u0144stwo obywatelskie i ekspert\u00f3w, aby pom\u00f3c rz\u0105dom w opracowaniu wytycznych, kt\u00f3re pomog\u0105 im w rozwi\u0105zaniu pilnych problem\u00f3w. Oczekuje si\u0119, \u017ce ka\u017cde pa\u0144stwo cz\u0142onkowskie opracuje polityk\u0119 zorientowan\u0105 na dzia\u0142ania dla dobra swoich obywateli i rozwoju swojego kraju. Organy ONZ mog\u0105 jedynie wydawa\u0107 zalecenia, ale to rz\u0105dy s\u0105 tymi, kt\u00f3re je wprowadzaj\u0105 w \u017cycie w swoich krajach.   <\/p>\n\n<p>Konferencja ONZ 2023 w sprawie wody zako\u0144czy\u0142a si\u0119 24 marca. Potwierdzi\u0142a ona, \u017ce woda naprawd\u0119 \u0142\u0105czy \u015bwiat jako zdeterminowana globalna spo\u0142eczno\u015b\u0107 i jednoczy go, aby dokona\u0107 zmian nie tylko dla przysz\u0142o\u015bci wody, ale dla przysz\u0142o\u015bci \u015bwiata. <\/p>\n\n<p>Sekretarz Generalny Antonio Guterres skierowa\u0142 swoje ko\u0144cowe uwagi do wype\u0142nionej po brzegi sali, dzi\u0119kuj\u0105c wszystkim za zaanga\u017cowanie w #WaterAction. Zauwa\u017cy\u0142 on: \u201eZobowi\u0105zania podj\u0119te na tej Konferencji b\u0119d\u0105 motywowa\u0107 ludzko\u015b\u0107 w kierunku bezpiecznej wody dla przysz\u0142o\u015bci, kt\u00f3rej potrzebuje ka\u017cda osoba na planecie\u201d. Podkre\u015bli\u0142, \u017ce woda jest dla zdrowia, dla pokoju, dla zr\u00f3wnowa\u017conego rozwoju i dlatego woda musi by\u0107 w centrum globalnej agendy politycznej. Prawo do wody uprawnia ka\u017cdego do dost\u0119pu do wystarczaj\u0105cej ilo\u015bci bezpiecznej, akceptowalnej, dost\u0119pnej fizycznie i niedrogiej wody.   <\/p>\n\n<p>Podstawowym celem Konferencji by\u0142o podniesienie \u015bwiadomo\u015bci globalnego kryzysu wodnego i zobowi\u0105zanie si\u0119 do wsp\u00f3lnego dzia\u0142ania (dzia\u0142a\u0144) w celu osi\u0105gni\u0119cia uzgodnionych na szczeblu mi\u0119dzynarodowym cel\u00f3w i zada\u0144 zwi\u0105zanych z wod\u0105, takich jak Cel Zr\u00f3wnowa\u017conego Rozwoju nr 6 (SDG6: Clean Water and Sanitation) Agendy Zr\u00f3wnowa\u017conego Rozwoju 2030.<\/p>\n\n<p>Konferencja by\u0142a wezwaniem do dzia\u0142ania dla ka\u017cdej osoby na planecie, aby przyspieszy\u0107 zmiany w celu rozwi\u0105zania kryzysu wodno-sanitarnego na ca\u0142ym \u015bwiecie.<\/p>\n\n<p>Ju\u017c wkr\u00f3tce dwudziesta druga sesja Sta\u0142ego Forum ONZ ds. Ludno\u015bci Rdzennej, kt\u00f3ra odb\u0119dzie si\u0119 w siedzibie ONZ, w Nowym Jorku, w dniach 17-28 kwietnia 2023 r. Temat priorytetowy sesji brzmi: \u201eLudy tubylcze, zdrowie ludzkie, zdrowie planetarne i terytorialne oraz zmiana klimatu: podej\u015bcie oparte na prawach\u201d. <\/p>\n\n<p>Jak przypomina nam nasz papie\u017c Franciszek na zako\u0144czenie Laudato Si\u2019: Niech nasze zmagania i nasza troska o t\u0119 planet\u0119 nigdy nie odbieraj\u0105 rado\u015bci naszej nadziei.<\/p>\n\n<p>Siostra Michelle Loisel SM<br\/><br\/><\/p>\n","protected":false},"excerpt":{"rendered":"<p>B\u0142ogos\u0142awionego Okresu Wielkanocnego dla Was wszystkich! Jest to z pewno\u015bci\u0105 pracowity czas dla ONZ, poniewa\u017c coraz wi\u0119cej pracy przenosi si\u0119 z powrotem do formatu osobistego, a my wszyscy uczymy si\u0119, jak organizowa\u0107 spotkania hybrydowe. W lutym Komisja Rozwoju Spo\u0142ecznego na swoim dorocznym posiedzeniu zaj\u0119\u0142a si\u0119 tematem \u201epe\u0142nego i produktywnego zatrudnienia oraz godnej pracy\u201d w celu [&hellip;]<\/p>\n","protected":false},"author":1,"featured_media":8429,"comment_status":"closed","ping_status":"closed","sticky":false,"template":"","format":"standard","meta":{"_acf_changed":false,"_et_pb_use_builder":"","_et_pb_old_content":"","_et_gb_content_width":"","footnotes":"","_links_to":"","_links_to_target":""},"categories":[632],"tags":[],"class_list":["post-38684","post","type-post","status-publish","format-standard","has-post-thumbnail","hentry","category-onz-pl"],"acf":[],"yoast_head":"<!-- This site is optimized with the Yoast SEO plugin v27.5 - https:\/\/yoast.com\/product\/yoast-seo-wordpress\/ -->\n<title>B\u0105d\u017a zmian\u0105, kt\u00f3r\u0105 chcesz zobaczy\u0107 w \u015bwiecie! - Filles de la Charit\u00e9<\/title>\n<meta name=\"robots\" content=\"index, follow, max-snippet:-1, max-image-preview:large, max-video-preview:-1\" \/>\n<link rel=\"canonical\" href=\"https:\/\/filles-de-la-charite.org\/pl\/badz-zmiana-ktora-chcesz-zobaczyc-w-swiecie\/\" \/>\n<meta property=\"og:locale\" content=\"pl_PL\" \/>\n<meta property=\"og:type\" content=\"article\" \/>\n<meta property=\"og:title\" content=\"B\u0105d\u017a zmian\u0105, kt\u00f3r\u0105 chcesz zobaczy\u0107 w \u015bwiecie! - Filles de la Charit\u00e9\" \/>\n<meta property=\"og:description\" content=\"B\u0142ogos\u0142awionego Okresu Wielkanocnego dla Was wszystkich! Jest to z pewno\u015bci\u0105 pracowity czas dla ONZ, poniewa\u017c coraz wi\u0119cej pracy przenosi si\u0119 z powrotem do formatu osobistego, a my wszyscy uczymy si\u0119, jak organizowa\u0107 spotkania hybrydowe. W lutym Komisja Rozwoju Spo\u0142ecznego na swoim dorocznym posiedzeniu zaj\u0119\u0142a si\u0119 tematem \u201epe\u0142nego i produktywnego zatrudnienia oraz godnej pracy\u201d w celu [&hellip;]\" \/>\n<meta property=\"og:url\" content=\"https:\/\/filles-de-la-charite.org\/pl\/badz-zmiana-ktora-chcesz-zobaczyc-w-swiecie\/\" \/>\n<meta property=\"og:site_name\" content=\"Filles de la Charit\u00e9\" \/>\n<meta property=\"article:published_time\" content=\"2023-04-18T20:00:00+00:00\" \/>\n<meta property=\"article:modified_time\" content=\"2024-07-30T16:51:28+00:00\" \/>\n<meta property=\"og:image\" content=\"https:\/\/filles-de-la-charite.org\/wp-content\/uploads\/2023\/05\/3-2.jpg\" \/>\n\t<meta property=\"og:image:width\" content=\"1475\" \/>\n\t<meta property=\"og:image:height\" content=\"1793\" \/>\n\t<meta property=\"og:image:type\" content=\"image\/jpeg\" \/>\n<meta name=\"author\" content=\"admin\" \/>\n<meta name=\"twitter:card\" content=\"summary_large_image\" \/>\n<meta name=\"twitter:label1\" content=\"Napisane przez\" \/>\n\t<meta name=\"twitter:data1\" content=\"admin\" \/>\n\t<meta name=\"twitter:label2\" content=\"Szacowany czas czytania\" \/>\n\t<meta name=\"twitter:data2\" content=\"4 minuty\" \/>\n<script type=\"application\/ld+json\" class=\"yoast-schema-graph\">{\"@context\":\"https:\\\/\\\/schema.org\",\"@graph\":[{\"@type\":\"Article\",\"@id\":\"https:\\\/\\\/filles-de-la-charite.org\\\/pl\\\/badz-zmiana-ktora-chcesz-zobaczyc-w-swiecie\\\/#article\",\"isPartOf\":{\"@id\":\"https:\\\/\\\/filles-de-la-charite.org\\\/pl\\\/badz-zmiana-ktora-chcesz-zobaczyc-w-swiecie\\\/\"},\"author\":{\"name\":\"admin\",\"@id\":\"https:\\\/\\\/filles-de-la-charite.org\\\/pl\\\/#\\\/schema\\\/person\\\/427567b2eccfc2dd7d206da186a1f438\"},\"headline\":\"B\u0105d\u017a zmian\u0105, kt\u00f3r\u0105 chcesz zobaczy\u0107 w \u015bwiecie!\",\"datePublished\":\"2023-04-18T20:00:00+00:00\",\"dateModified\":\"2024-07-30T16:51:28+00:00\",\"mainEntityOfPage\":{\"@id\":\"https:\\\/\\\/filles-de-la-charite.org\\\/pl\\\/badz-zmiana-ktora-chcesz-zobaczyc-w-swiecie\\\/\"},\"wordCount\":889,\"publisher\":{\"@id\":\"https:\\\/\\\/filles-de-la-charite.org\\\/pl\\\/#organization\"},\"image\":{\"@id\":\"https:\\\/\\\/filles-de-la-charite.org\\\/pl\\\/badz-zmiana-ktora-chcesz-zobaczyc-w-swiecie\\\/#primaryimage\"},\"thumbnailUrl\":\"https:\\\/\\\/filles-de-la-charite.org\\\/wp-content\\\/uploads\\\/2023\\\/05\\\/3-2.jpg\",\"articleSection\":[\"ONZ\"],\"inLanguage\":\"pl-PL\"},{\"@type\":\"WebPage\",\"@id\":\"https:\\\/\\\/filles-de-la-charite.org\\\/pl\\\/badz-zmiana-ktora-chcesz-zobaczyc-w-swiecie\\\/\",\"url\":\"https:\\\/\\\/filles-de-la-charite.org\\\/pl\\\/badz-zmiana-ktora-chcesz-zobaczyc-w-swiecie\\\/\",\"name\":\"B\u0105d\u017a zmian\u0105, kt\u00f3r\u0105 chcesz zobaczy\u0107 w \u015bwiecie! - Filles de la Charit\u00e9\",\"isPartOf\":{\"@id\":\"https:\\\/\\\/filles-de-la-charite.org\\\/pl\\\/#website\"},\"primaryImageOfPage\":{\"@id\":\"https:\\\/\\\/filles-de-la-charite.org\\\/pl\\\/badz-zmiana-ktora-chcesz-zobaczyc-w-swiecie\\\/#primaryimage\"},\"image\":{\"@id\":\"https:\\\/\\\/filles-de-la-charite.org\\\/pl\\\/badz-zmiana-ktora-chcesz-zobaczyc-w-swiecie\\\/#primaryimage\"},\"thumbnailUrl\":\"https:\\\/\\\/filles-de-la-charite.org\\\/wp-content\\\/uploads\\\/2023\\\/05\\\/3-2.jpg\",\"datePublished\":\"2023-04-18T20:00:00+00:00\",\"dateModified\":\"2024-07-30T16:51:28+00:00\",\"breadcrumb\":{\"@id\":\"https:\\\/\\\/filles-de-la-charite.org\\\/pl\\\/badz-zmiana-ktora-chcesz-zobaczyc-w-swiecie\\\/#breadcrumb\"},\"inLanguage\":\"pl-PL\",\"potentialAction\":[{\"@type\":\"ReadAction\",\"target\":[\"https:\\\/\\\/filles-de-la-charite.org\\\/pl\\\/badz-zmiana-ktora-chcesz-zobaczyc-w-swiecie\\\/\"]}]},{\"@type\":\"ImageObject\",\"inLanguage\":\"pl-PL\",\"@id\":\"https:\\\/\\\/filles-de-la-charite.org\\\/pl\\\/badz-zmiana-ktora-chcesz-zobaczyc-w-swiecie\\\/#primaryimage\",\"url\":\"https:\\\/\\\/filles-de-la-charite.org\\\/wp-content\\\/uploads\\\/2023\\\/05\\\/3-2.jpg\",\"contentUrl\":\"https:\\\/\\\/filles-de-la-charite.org\\\/wp-content\\\/uploads\\\/2023\\\/05\\\/3-2.jpg\",\"width\":1475,\"height\":1793},{\"@type\":\"BreadcrumbList\",\"@id\":\"https:\\\/\\\/filles-de-la-charite.org\\\/pl\\\/badz-zmiana-ktora-chcesz-zobaczyc-w-swiecie\\\/#breadcrumb\",\"itemListElement\":[{\"@type\":\"ListItem\",\"position\":1,\"name\":\"ONZ\",\"item\":\"https:\\\/\\\/filles-de-la-charite.org\\\/pl\\\/category\\\/onz-pl\\\/\"},{\"@type\":\"ListItem\",\"position\":2,\"name\":\"B\u0105d\u017a zmian\u0105, kt\u00f3r\u0105 chcesz zobaczy\u0107 w \u015bwiecie!\"}]},{\"@type\":\"WebSite\",\"@id\":\"https:\\\/\\\/filles-de-la-charite.org\\\/pl\\\/#website\",\"url\":\"https:\\\/\\\/filles-de-la-charite.org\\\/pl\\\/\",\"name\":\"Hijas de la Caridad\",\"description\":\"L\u2019amour de J\u00e9sus nous presse \u00e0 prendre soin des personnes les plus d\u00e9munies\",\"publisher\":{\"@id\":\"https:\\\/\\\/filles-de-la-charite.org\\\/pl\\\/#organization\"},\"potentialAction\":[{\"@type\":\"SearchAction\",\"target\":{\"@type\":\"EntryPoint\",\"urlTemplate\":\"https:\\\/\\\/filles-de-la-charite.org\\\/pl\\\/?s={search_term_string}\"},\"query-input\":{\"@type\":\"PropertyValueSpecification\",\"valueRequired\":true,\"valueName\":\"search_term_string\"}}],\"inLanguage\":\"pl-PL\"},{\"@type\":\"Organization\",\"@id\":\"https:\\\/\\\/filles-de-la-charite.org\\\/pl\\\/#organization\",\"name\":\"Hijas de la Caridad\",\"url\":\"https:\\\/\\\/filles-de-la-charite.org\\\/pl\\\/\",\"logo\":{\"@type\":\"ImageObject\",\"inLanguage\":\"pl-PL\",\"@id\":\"https:\\\/\\\/filles-de-la-charite.org\\\/pl\\\/#\\\/schema\\\/logo\\\/image\\\/\",\"url\":\"https:\\\/\\\/filles-de-la-charite.org\\\/wp-content\\\/uploads\\\/2023\\\/03\\\/isotipo-Hijas-de-la-Caridad.png\",\"contentUrl\":\"https:\\\/\\\/filles-de-la-charite.org\\\/wp-content\\\/uploads\\\/2023\\\/03\\\/isotipo-Hijas-de-la-Caridad.png\",\"width\":1417,\"height\":1417,\"caption\":\"Hijas de la Caridad\"},\"image\":{\"@id\":\"https:\\\/\\\/filles-de-la-charite.org\\\/pl\\\/#\\\/schema\\\/logo\\\/image\\\/\"}},{\"@type\":\"Person\",\"@id\":\"https:\\\/\\\/filles-de-la-charite.org\\\/pl\\\/#\\\/schema\\\/person\\\/427567b2eccfc2dd7d206da186a1f438\",\"name\":\"admin\",\"image\":{\"@type\":\"ImageObject\",\"inLanguage\":\"pl-PL\",\"@id\":\"https:\\\/\\\/secure.gravatar.com\\\/avatar\\\/948b492cce32b586ac2db0eaa926ee87024f7afe218d73b397ea5ddfc5f43ea1?s=96&d=mm&r=g\",\"url\":\"https:\\\/\\\/secure.gravatar.com\\\/avatar\\\/948b492cce32b586ac2db0eaa926ee87024f7afe218d73b397ea5ddfc5f43ea1?s=96&d=mm&r=g\",\"contentUrl\":\"https:\\\/\\\/secure.gravatar.com\\\/avatar\\\/948b492cce32b586ac2db0eaa926ee87024f7afe218d73b397ea5ddfc5f43ea1?s=96&d=mm&r=g\",\"caption\":\"admin\"},\"sameAs\":[\"https:\\\/\\\/filles-de-la-charite.org\"],\"url\":\"https:\\\/\\\/filles-de-la-charite.org\\\/pl\\\/author\\\/caridad\\\/\"}]}<\/script>\n<!-- \/ Yoast SEO plugin. -->","yoast_head_json":{"title":"B\u0105d\u017a zmian\u0105, kt\u00f3r\u0105 chcesz zobaczy\u0107 w \u015bwiecie! - Filles de la Charit\u00e9","robots":{"index":"index","follow":"follow","max-snippet":"max-snippet:-1","max-image-preview":"max-image-preview:large","max-video-preview":"max-video-preview:-1"},"canonical":"https:\/\/filles-de-la-charite.org\/pl\/badz-zmiana-ktora-chcesz-zobaczyc-w-swiecie\/","og_locale":"pl_PL","og_type":"article","og_title":"B\u0105d\u017a zmian\u0105, kt\u00f3r\u0105 chcesz zobaczy\u0107 w \u015bwiecie! - Filles de la Charit\u00e9","og_description":"B\u0142ogos\u0142awionego Okresu Wielkanocnego dla Was wszystkich! Jest to z pewno\u015bci\u0105 pracowity czas dla ONZ, poniewa\u017c coraz wi\u0119cej pracy przenosi si\u0119 z powrotem do formatu osobistego, a my wszyscy uczymy si\u0119, jak organizowa\u0107 spotkania hybrydowe. W lutym Komisja Rozwoju Spo\u0142ecznego na swoim dorocznym posiedzeniu zaj\u0119\u0142a si\u0119 tematem \u201epe\u0142nego i produktywnego zatrudnienia oraz godnej pracy\u201d w celu [&hellip;]","og_url":"https:\/\/filles-de-la-charite.org\/pl\/badz-zmiana-ktora-chcesz-zobaczyc-w-swiecie\/","og_site_name":"Filles de la Charit\u00e9","article_published_time":"2023-04-18T20:00:00+00:00","article_modified_time":"2024-07-30T16:51:28+00:00","og_image":[{"width":1475,"height":1793,"url":"https:\/\/filles-de-la-charite.org\/wp-content\/uploads\/2023\/05\/3-2.jpg","type":"image\/jpeg"}],"author":"admin","twitter_card":"summary_large_image","twitter_misc":{"Napisane przez":"admin","Szacowany czas czytania":"4 minuty"},"schema":{"@context":"https:\/\/schema.org","@graph":[{"@type":"Article","@id":"https:\/\/filles-de-la-charite.org\/pl\/badz-zmiana-ktora-chcesz-zobaczyc-w-swiecie\/#article","isPartOf":{"@id":"https:\/\/filles-de-la-charite.org\/pl\/badz-zmiana-ktora-chcesz-zobaczyc-w-swiecie\/"},"author":{"name":"admin","@id":"https:\/\/filles-de-la-charite.org\/pl\/#\/schema\/person\/427567b2eccfc2dd7d206da186a1f438"},"headline":"B\u0105d\u017a zmian\u0105, kt\u00f3r\u0105 chcesz zobaczy\u0107 w \u015bwiecie!","datePublished":"2023-04-18T20:00:00+00:00","dateModified":"2024-07-30T16:51:28+00:00","mainEntityOfPage":{"@id":"https:\/\/filles-de-la-charite.org\/pl\/badz-zmiana-ktora-chcesz-zobaczyc-w-swiecie\/"},"wordCount":889,"publisher":{"@id":"https:\/\/filles-de-la-charite.org\/pl\/#organization"},"image":{"@id":"https:\/\/filles-de-la-charite.org\/pl\/badz-zmiana-ktora-chcesz-zobaczyc-w-swiecie\/#primaryimage"},"thumbnailUrl":"https:\/\/filles-de-la-charite.org\/wp-content\/uploads\/2023\/05\/3-2.jpg","articleSection":["ONZ"],"inLanguage":"pl-PL"},{"@type":"WebPage","@id":"https:\/\/filles-de-la-charite.org\/pl\/badz-zmiana-ktora-chcesz-zobaczyc-w-swiecie\/","url":"https:\/\/filles-de-la-charite.org\/pl\/badz-zmiana-ktora-chcesz-zobaczyc-w-swiecie\/","name":"B\u0105d\u017a zmian\u0105, kt\u00f3r\u0105 chcesz zobaczy\u0107 w \u015bwiecie! - Filles de la Charit\u00e9","isPartOf":{"@id":"https:\/\/filles-de-la-charite.org\/pl\/#website"},"primaryImageOfPage":{"@id":"https:\/\/filles-de-la-charite.org\/pl\/badz-zmiana-ktora-chcesz-zobaczyc-w-swiecie\/#primaryimage"},"image":{"@id":"https:\/\/filles-de-la-charite.org\/pl\/badz-zmiana-ktora-chcesz-zobaczyc-w-swiecie\/#primaryimage"},"thumbnailUrl":"https:\/\/filles-de-la-charite.org\/wp-content\/uploads\/2023\/05\/3-2.jpg","datePublished":"2023-04-18T20:00:00+00:00","dateModified":"2024-07-30T16:51:28+00:00","breadcrumb":{"@id":"https:\/\/filles-de-la-charite.org\/pl\/badz-zmiana-ktora-chcesz-zobaczyc-w-swiecie\/#breadcrumb"},"inLanguage":"pl-PL","potentialAction":[{"@type":"ReadAction","target":["https:\/\/filles-de-la-charite.org\/pl\/badz-zmiana-ktora-chcesz-zobaczyc-w-swiecie\/"]}]},{"@type":"ImageObject","inLanguage":"pl-PL","@id":"https:\/\/filles-de-la-charite.org\/pl\/badz-zmiana-ktora-chcesz-zobaczyc-w-swiecie\/#primaryimage","url":"https:\/\/filles-de-la-charite.org\/wp-content\/uploads\/2023\/05\/3-2.jpg","contentUrl":"https:\/\/filles-de-la-charite.org\/wp-content\/uploads\/2023\/05\/3-2.jpg","width":1475,"height":1793},{"@type":"BreadcrumbList","@id":"https:\/\/filles-de-la-charite.org\/pl\/badz-zmiana-ktora-chcesz-zobaczyc-w-swiecie\/#breadcrumb","itemListElement":[{"@type":"ListItem","position":1,"name":"ONZ","item":"https:\/\/filles-de-la-charite.org\/pl\/category\/onz-pl\/"},{"@type":"ListItem","position":2,"name":"B\u0105d\u017a zmian\u0105, kt\u00f3r\u0105 chcesz zobaczy\u0107 w \u015bwiecie!"}]},{"@type":"WebSite","@id":"https:\/\/filles-de-la-charite.org\/pl\/#website","url":"https:\/\/filles-de-la-charite.org\/pl\/","name":"Hijas de la Caridad","description":"L\u2019amour de J\u00e9sus nous presse \u00e0 prendre soin des personnes les plus d\u00e9munies","publisher":{"@id":"https:\/\/filles-de-la-charite.org\/pl\/#organization"},"potentialAction":[{"@type":"SearchAction","target":{"@type":"EntryPoint","urlTemplate":"https:\/\/filles-de-la-charite.org\/pl\/?s={search_term_string}"},"query-input":{"@type":"PropertyValueSpecification","valueRequired":true,"valueName":"search_term_string"}}],"inLanguage":"pl-PL"},{"@type":"Organization","@id":"https:\/\/filles-de-la-charite.org\/pl\/#organization","name":"Hijas de la Caridad","url":"https:\/\/filles-de-la-charite.org\/pl\/","logo":{"@type":"ImageObject","inLanguage":"pl-PL","@id":"https:\/\/filles-de-la-charite.org\/pl\/#\/schema\/logo\/image\/","url":"https:\/\/filles-de-la-charite.org\/wp-content\/uploads\/2023\/03\/isotipo-Hijas-de-la-Caridad.png","contentUrl":"https:\/\/filles-de-la-charite.org\/wp-content\/uploads\/2023\/03\/isotipo-Hijas-de-la-Caridad.png","width":1417,"height":1417,"caption":"Hijas de la Caridad"},"image":{"@id":"https:\/\/filles-de-la-charite.org\/pl\/#\/schema\/logo\/image\/"}},{"@type":"Person","@id":"https:\/\/filles-de-la-charite.org\/pl\/#\/schema\/person\/427567b2eccfc2dd7d206da186a1f438","name":"admin","image":{"@type":"ImageObject","inLanguage":"pl-PL","@id":"https:\/\/secure.gravatar.com\/avatar\/948b492cce32b586ac2db0eaa926ee87024f7afe218d73b397ea5ddfc5f43ea1?s=96&d=mm&r=g","url":"https:\/\/secure.gravatar.com\/avatar\/948b492cce32b586ac2db0eaa926ee87024f7afe218d73b397ea5ddfc5f43ea1?s=96&d=mm&r=g","contentUrl":"https:\/\/secure.gravatar.com\/avatar\/948b492cce32b586ac2db0eaa926ee87024f7afe218d73b397ea5ddfc5f43ea1?s=96&d=mm&r=g","caption":"admin"},"sameAs":["https:\/\/filles-de-la-charite.org"],"url":"https:\/\/filles-de-la-charite.org\/pl\/author\/caridad\/"}]}},"_links":{"self":[{"href":"https:\/\/filles-de-la-charite.org\/pl\/wp-json\/wp\/v2\/posts\/38684","targetHints":{"allow":["GET"]}}],"collection":[{"href":"https:\/\/filles-de-la-charite.org\/pl\/wp-json\/wp\/v2\/posts"}],"about":[{"href":"https:\/\/filles-de-la-charite.org\/pl\/wp-json\/wp\/v2\/types\/post"}],"author":[{"embeddable":true,"href":"https:\/\/filles-de-la-charite.org\/pl\/wp-json\/wp\/v2\/users\/1"}],"replies":[{"embeddable":true,"href":"https:\/\/filles-de-la-charite.org\/pl\/wp-json\/wp\/v2\/comments?post=38684"}],"version-history":[{"count":1,"href":"https:\/\/filles-de-la-charite.org\/pl\/wp-json\/wp\/v2\/posts\/38684\/revisions"}],"predecessor-version":[{"id":38685,"href":"https:\/\/filles-de-la-charite.org\/pl\/wp-json\/wp\/v2\/posts\/38684\/revisions\/38685"}],"wp:featuredmedia":[{"embeddable":true,"href":"https:\/\/filles-de-la-charite.org\/pl\/wp-json\/wp\/v2\/media\/8429"}],"wp:attachment":[{"href":"https:\/\/filles-de-la-charite.org\/pl\/wp-json\/wp\/v2\/media?parent=38684"}],"wp:term":[{"taxonomy":"category","embeddable":true,"href":"https:\/\/filles-de-la-charite.org\/pl\/wp-json\/wp\/v2\/categories?post=38684"},{"taxonomy":"post_tag","embeddable":true,"href":"https:\/\/filles-de-la-charite.org\/pl\/wp-json\/wp\/v2\/tags?post=38684"}],"curies":[{"name":"wp","href":"https:\/\/api.w.org\/{rel}","templated":true}]}}