{"id":38784,"date":"2024-08-04T13:23:50","date_gmt":"2024-08-04T11:23:50","guid":{"rendered":"https:\/\/filles-de-la-charite.org\/?p=38784"},"modified":"2024-08-03T13:38:40","modified_gmt":"2024-08-03T11:38:40","slug":"meeting-of-the-international-team-of-the-web-site-of-the-daughters-of-charity-at-the-mother-house-in-paris","status":"publish","type":"post","link":"https:\/\/filles-de-la-charite.org\/pl\/meeting-of-the-international-team-of-the-web-site-of-the-daughters-of-charity-at-the-mother-house-in-paris\/","title":{"rendered":"Spotkanie Mi\u0119dzynarodowego Zespo\u0142u Strony Internetowej Si\u00f3str Mi\u0142osierdzia w Domu Macierzystym w Pary\u017cu"},"content":{"rendered":"\n<p>W dniach od 30 lipca do 3 sierpnia br. Mi\u0119dzynarodowy Zesp\u00f3\u0142 Strony Internetowej Zgromadzenia Si\u00f3str Mi\u0142osierdzia zebra\u0142 si\u0119 na dorocznym spotkaniu, prawdziwym warsztacie pomys\u0142\u00f3w, inspiracji i kreatywno\u015bci. Wydarzenie to by\u0142o wa\u017cnym momentem w planowaniu tre\u015bci multimedialnych, kt\u00f3re wzbogac\u0105 nasz\u0105 stron\u0119 internetow\u0105 w nadchodz\u0105cym roku.<\/p>\n\n\n\n<figure class=\"wp-block-image alignleft size-large\"><img loading=\"lazy\" decoding=\"async\" width=\"768\" height=\"1024\" src=\"https:\/\/filles-de-la-charite.org\/wp-content\/uploads\/2024\/08\/WhatsApp-Image-2024-08-01-at-16.54.22-768x1024.jpeg\" alt=\"\" class=\"wp-image-38754\"\/><\/figure>\n\n\n\n<p>Kluczow\u0105 kwesti\u0105 spotkania by\u0142a otwarta i konstruktywna dyskusja mi\u0119dzy cz\u0142onkami zespo\u0142u, b\u0119d\u0105ca cenn\u0105 okazj\u0105 do om\u00f3wienia i zastanowienia si\u0119 nad wieloma aspektami komunikacji cyfrowej. Ka\u017cdy dzie\u0144 przynosi\u0142 nowo\u015bci, a kulminacj\u0105 by\u0142o p\u00f3\u0142dniowe szkolenie w czwartek, 1 sierpnia, prowadzone przez Sophie Nouaille, odpowiedzialn\u0105 za komunikacj\u0119 CORREF (Konferencja \u017bycia Konsekrowanego Francji).<\/p>\n\n\n\n<figure class=\"wp-block-image size-large\"><img loading=\"lazy\" decoding=\"async\" width=\"1024\" height=\"681\" src=\"https:\/\/filles-de-la-charite.org\/wp-content\/uploads\/2024\/08\/DSC_0022-1024x681.jpg\" alt=\"\" class=\"wp-image-38766\" srcset=\"https:\/\/filles-de-la-charite.org\/wp-content\/uploads\/2024\/08\/DSC_0022-980x652.jpg 980w, https:\/\/filles-de-la-charite.org\/wp-content\/uploads\/2024\/08\/DSC_0022-480x319.jpg 480w\" sizes=\"(min-width: 0px) and (max-width: 480px) 480px, (min-width: 481px) and (max-width: 980px) 980px, (min-width: 981px) 1024px, 100vw\" \/><\/figure>\n\n\n\n<p>Sobotni poranek by\u0142 szczeg\u00f3lnym momentem dla zespo\u0142u: radosne i nieformalne spotkanie z Prze\u0142o\u017con\u0105 Generaln\u0105, kt\u00f3ra potwierdzi\u0142a kluczowe znaczenie komunikacji cyfrowej w Zgromadzeniu, zach\u0119caj\u0105c zesp\u00f3\u0142 do pod\u0105\u017cania za duchem czasu i korzystania z nowoczesnych technologii w celu szerzenia naszego przes\u0142ania nadziei i mi\u0142o\u015bci.<\/p>\n\n\n\n<p>Podczas spotkania zesp\u00f3\u0142 wyrazi\u0142 wdzi\u0119czno\u015b\u0107 siostrze Annabelle Escoto ( odpowiedzialnej za j\u0119zyk angielski) i siostrze Irene Malate (odpowiedzialnej za j\u0119zyk portugalski), kt\u00f3re zako\u0144czy\u0142y swoj\u0105 kadencj\u0119 w Mi\u0119dzynarodowym Zespole Strony Internetowej. Ich niestrudzona i tw\u00f3rcza praca pozostawi\u0142a niezatarty \u015blad w ca\u0142ym zespole. Pa\u0142eczka zosta\u0142a teraz przekazana siostrze Karinie Yuyun Katharinie z Indonezji i siostrze Alessandrze Sousa z Brazylii, kt\u00f3re s\u0105 gotowe kontynuowa\u0107 przekazane im dziedzictwo z pasj\u0105 i oddaniem.<\/p>\n\n\n\n<p>To spotkanie wzmocni\u0142o wi\u0119\u017a mi\u0119dzy nami wszystkimi, wzmacniaj\u0105c nasz\u0105 wsp\u00f3ln\u0105 misj\u0119. Jeste\u015bmy gotowe stawi\u0107 czo\u0142a przysz\u0142ym wyzwaniom i stopniowo budowa\u0107 cyfrowy most, kt\u00f3ry doprowadzi nas do &#8222;sz\u00f3stego kontynentu&#8221; (cyfrowego \u015bwiata).<\/p>\n\n\n\n<figure class=\"wp-block-image size-large\"><img loading=\"lazy\" decoding=\"async\" width=\"1024\" height=\"684\" src=\"https:\/\/filles-de-la-charite.org\/wp-content\/uploads\/2024\/08\/WhatsApp-Image-2024-08-03-at-13.03.31-1024x684.jpeg\" alt=\"\" class=\"wp-image-38772\" srcset=\"https:\/\/filles-de-la-charite.org\/wp-content\/uploads\/2024\/08\/WhatsApp-Image-2024-08-03-at-13.03.31-980x654.jpeg 980w, https:\/\/filles-de-la-charite.org\/wp-content\/uploads\/2024\/08\/WhatsApp-Image-2024-08-03-at-13.03.31-480x320.jpeg 480w\" sizes=\"(min-width: 0px) and (max-width: 480px) 480px, (min-width: 481px) and (max-width: 980px) 980px, (min-width: 981px) 1024px, 100vw\" \/><\/figure>\n\n\n\n<p>Nasz Mi\u0119dzynarodowy Zesp\u00f3\u0142 Strony Internetowej Zgromadzenia Si\u00f3str Mi\u0142osierdzia jest wdzi\u0119czny za mo\u017cliwo\u015b\u0107 kontynuowania tej cyfrowej drogi, z sercem przepe\u0142nionym wdzi\u0119czno\u015bci\u0105 i oczami zwr\u00f3conymi w przysz\u0142o\u015b\u0107, zawsze prowadzeni \u015bwiat\u0142em naszych Za\u0142o\u017cycieli i prowadzeni przez Maryj\u0119, jedyn\u0105 Matk\u0119 Zgromadzenia.<\/p>\n","protected":false},"excerpt":{"rendered":"<p>W dniach od 30 lipca do 3 sierpnia br. Mi\u0119dzynarodowy Zesp\u00f3\u0142 Strony Internetowej Zgromadzenia Si\u00f3str Mi\u0142osierdzia zebra\u0142 si\u0119 na dorocznym spotkaniu, prawdziwym warsztacie pomys\u0142\u00f3w, inspiracji i kreatywno\u015bci. Wydarzenie to by\u0142o wa\u017cnym momentem w planowaniu tre\u015bci multimedialnych, kt\u00f3re wzbogac\u0105 nasz\u0105 stron\u0119 internetow\u0105 w nadchodz\u0105cym roku. Kluczow\u0105 kwesti\u0105 spotkania by\u0142a otwarta i konstruktywna dyskusja mi\u0119dzy cz\u0142onkami zespo\u0142u, [&hellip;]<\/p>\n","protected":false},"author":5,"featured_media":38763,"comment_status":"closed","ping_status":"closed","sticky":false,"template":"","format":"standard","meta":{"_acf_changed":false,"_et_pb_use_builder":"","_et_pb_old_content":"","_et_gb_content_width":"","footnotes":"","_links_to":"","_links_to_target":""},"categories":[560],"tags":[],"class_list":["post-38784","post","type-post","status-publish","format-standard","has-post-thumbnail","hentry","category-mother-house-pl"],"acf":[],"yoast_head":"<!-- This site is optimized with the Yoast SEO plugin v27.5 - https:\/\/yoast.com\/product\/yoast-seo-wordpress\/ -->\n<title>Spotkanie Mi\u0119dzynarodowego Zespo\u0142u Strony Internetowej Si\u00f3str Mi\u0142osierdzia w Domu Macierzystym w Pary\u017cu - Filles de la Charit\u00e9<\/title>\n<meta name=\"robots\" content=\"index, follow, max-snippet:-1, max-image-preview:large, max-video-preview:-1\" \/>\n<link rel=\"canonical\" href=\"https:\/\/filles-de-la-charite.org\/pl\/meeting-of-the-international-team-of-the-web-site-of-the-daughters-of-charity-at-the-mother-house-in-paris\/\" \/>\n<meta property=\"og:locale\" content=\"pl_PL\" \/>\n<meta property=\"og:type\" content=\"article\" \/>\n<meta property=\"og:title\" content=\"Spotkanie Mi\u0119dzynarodowego Zespo\u0142u Strony Internetowej Si\u00f3str Mi\u0142osierdzia w Domu Macierzystym w Pary\u017cu - Filles de la Charit\u00e9\" \/>\n<meta property=\"og:description\" content=\"W dniach od 30 lipca do 3 sierpnia br. Mi\u0119dzynarodowy Zesp\u00f3\u0142 Strony Internetowej Zgromadzenia Si\u00f3str Mi\u0142osierdzia zebra\u0142 si\u0119 na dorocznym spotkaniu, prawdziwym warsztacie pomys\u0142\u00f3w, inspiracji i kreatywno\u015bci. Wydarzenie to by\u0142o wa\u017cnym momentem w planowaniu tre\u015bci multimedialnych, kt\u00f3re wzbogac\u0105 nasz\u0105 stron\u0119 internetow\u0105 w nadchodz\u0105cym roku. Kluczow\u0105 kwesti\u0105 spotkania by\u0142a otwarta i konstruktywna dyskusja mi\u0119dzy cz\u0142onkami zespo\u0142u, [&hellip;]\" \/>\n<meta property=\"og:url\" content=\"https:\/\/filles-de-la-charite.org\/pl\/meeting-of-the-international-team-of-the-web-site-of-the-daughters-of-charity-at-the-mother-house-in-paris\/\" \/>\n<meta property=\"og:site_name\" content=\"Filles de la Charit\u00e9\" \/>\n<meta property=\"article:published_time\" content=\"2024-08-04T11:23:50+00:00\" \/>\n<meta property=\"og:image\" content=\"https:\/\/filles-de-la-charite.org\/wp-content\/uploads\/2024\/08\/WhatsApp-Image-2024-08-03-at-13.27.06.jpeg\" \/>\n\t<meta property=\"og:image:width\" content=\"2000\" \/>\n\t<meta property=\"og:image:height\" content=\"1500\" \/>\n\t<meta property=\"og:image:type\" content=\"image\/jpeg\" \/>\n<meta name=\"author\" content=\"SOR MARTA\" \/>\n<meta name=\"twitter:card\" content=\"summary_large_image\" \/>\n<meta name=\"twitter:label1\" content=\"Napisane przez\" \/>\n\t<meta name=\"twitter:data1\" content=\"SOR MARTA\" \/>\n\t<meta name=\"twitter:label2\" content=\"Szacowany czas czytania\" \/>\n\t<meta name=\"twitter:data2\" content=\"3 minuty\" \/>\n<script type=\"application\/ld+json\" class=\"yoast-schema-graph\">{\"@context\":\"https:\\\/\\\/schema.org\",\"@graph\":[{\"@type\":\"Article\",\"@id\":\"https:\\\/\\\/filles-de-la-charite.org\\\/pl\\\/meeting-of-the-international-team-of-the-web-site-of-the-daughters-of-charity-at-the-mother-house-in-paris\\\/#article\",\"isPartOf\":{\"@id\":\"https:\\\/\\\/filles-de-la-charite.org\\\/pl\\\/meeting-of-the-international-team-of-the-web-site-of-the-daughters-of-charity-at-the-mother-house-in-paris\\\/\"},\"author\":{\"name\":\"SOR MARTA\",\"@id\":\"https:\\\/\\\/filles-de-la-charite.org\\\/pl\\\/#\\\/schema\\\/person\\\/0c922b6ca71280639858d297b3a7209f\"},\"headline\":\"Spotkanie Mi\u0119dzynarodowego Zespo\u0142u Strony Internetowej Si\u00f3str Mi\u0142osierdzia w Domu Macierzystym w Pary\u017cu\",\"datePublished\":\"2024-08-04T11:23:50+00:00\",\"mainEntityOfPage\":{\"@id\":\"https:\\\/\\\/filles-de-la-charite.org\\\/pl\\\/meeting-of-the-international-team-of-the-web-site-of-the-daughters-of-charity-at-the-mother-house-in-paris\\\/\"},\"wordCount\":351,\"publisher\":{\"@id\":\"https:\\\/\\\/filles-de-la-charite.org\\\/pl\\\/#organization\"},\"image\":{\"@id\":\"https:\\\/\\\/filles-de-la-charite.org\\\/pl\\\/meeting-of-the-international-team-of-the-web-site-of-the-daughters-of-charity-at-the-mother-house-in-paris\\\/#primaryimage\"},\"thumbnailUrl\":\"https:\\\/\\\/filles-de-la-charite.org\\\/wp-content\\\/uploads\\\/2024\\\/08\\\/WhatsApp-Image-2024-08-03-at-13.27.06.jpeg\",\"articleSection\":[\"Dom Macierzysty\"],\"inLanguage\":\"pl-PL\"},{\"@type\":\"WebPage\",\"@id\":\"https:\\\/\\\/filles-de-la-charite.org\\\/pl\\\/meeting-of-the-international-team-of-the-web-site-of-the-daughters-of-charity-at-the-mother-house-in-paris\\\/\",\"url\":\"https:\\\/\\\/filles-de-la-charite.org\\\/pl\\\/meeting-of-the-international-team-of-the-web-site-of-the-daughters-of-charity-at-the-mother-house-in-paris\\\/\",\"name\":\"Spotkanie Mi\u0119dzynarodowego Zespo\u0142u Strony Internetowej Si\u00f3str Mi\u0142osierdzia w Domu Macierzystym w Pary\u017cu - Filles de la Charit\u00e9\",\"isPartOf\":{\"@id\":\"https:\\\/\\\/filles-de-la-charite.org\\\/pl\\\/#website\"},\"primaryImageOfPage\":{\"@id\":\"https:\\\/\\\/filles-de-la-charite.org\\\/pl\\\/meeting-of-the-international-team-of-the-web-site-of-the-daughters-of-charity-at-the-mother-house-in-paris\\\/#primaryimage\"},\"image\":{\"@id\":\"https:\\\/\\\/filles-de-la-charite.org\\\/pl\\\/meeting-of-the-international-team-of-the-web-site-of-the-daughters-of-charity-at-the-mother-house-in-paris\\\/#primaryimage\"},\"thumbnailUrl\":\"https:\\\/\\\/filles-de-la-charite.org\\\/wp-content\\\/uploads\\\/2024\\\/08\\\/WhatsApp-Image-2024-08-03-at-13.27.06.jpeg\",\"datePublished\":\"2024-08-04T11:23:50+00:00\",\"breadcrumb\":{\"@id\":\"https:\\\/\\\/filles-de-la-charite.org\\\/pl\\\/meeting-of-the-international-team-of-the-web-site-of-the-daughters-of-charity-at-the-mother-house-in-paris\\\/#breadcrumb\"},\"inLanguage\":\"pl-PL\",\"potentialAction\":[{\"@type\":\"ReadAction\",\"target\":[\"https:\\\/\\\/filles-de-la-charite.org\\\/pl\\\/meeting-of-the-international-team-of-the-web-site-of-the-daughters-of-charity-at-the-mother-house-in-paris\\\/\"]}]},{\"@type\":\"ImageObject\",\"inLanguage\":\"pl-PL\",\"@id\":\"https:\\\/\\\/filles-de-la-charite.org\\\/pl\\\/meeting-of-the-international-team-of-the-web-site-of-the-daughters-of-charity-at-the-mother-house-in-paris\\\/#primaryimage\",\"url\":\"https:\\\/\\\/filles-de-la-charite.org\\\/wp-content\\\/uploads\\\/2024\\\/08\\\/WhatsApp-Image-2024-08-03-at-13.27.06.jpeg\",\"contentUrl\":\"https:\\\/\\\/filles-de-la-charite.org\\\/wp-content\\\/uploads\\\/2024\\\/08\\\/WhatsApp-Image-2024-08-03-at-13.27.06.jpeg\",\"width\":2000,\"height\":1500},{\"@type\":\"BreadcrumbList\",\"@id\":\"https:\\\/\\\/filles-de-la-charite.org\\\/pl\\\/meeting-of-the-international-team-of-the-web-site-of-the-daughters-of-charity-at-the-mother-house-in-paris\\\/#breadcrumb\",\"itemListElement\":[{\"@type\":\"ListItem\",\"position\":1,\"name\":\"Dom Macierzysty\",\"item\":\"https:\\\/\\\/filles-de-la-charite.org\\\/pl\\\/category\\\/mother-house-pl\\\/\"},{\"@type\":\"ListItem\",\"position\":2,\"name\":\"Spotkanie Mi\u0119dzynarodowego Zespo\u0142u Strony Internetowej Si\u00f3str Mi\u0142osierdzia w Domu Macierzystym w Pary\u017cu\"}]},{\"@type\":\"WebSite\",\"@id\":\"https:\\\/\\\/filles-de-la-charite.org\\\/pl\\\/#website\",\"url\":\"https:\\\/\\\/filles-de-la-charite.org\\\/pl\\\/\",\"name\":\"Hijas de la Caridad\",\"description\":\"L\u2019amour de J\u00e9sus nous presse \u00e0 prendre soin des personnes les plus d\u00e9munies\",\"publisher\":{\"@id\":\"https:\\\/\\\/filles-de-la-charite.org\\\/pl\\\/#organization\"},\"potentialAction\":[{\"@type\":\"SearchAction\",\"target\":{\"@type\":\"EntryPoint\",\"urlTemplate\":\"https:\\\/\\\/filles-de-la-charite.org\\\/pl\\\/?s={search_term_string}\"},\"query-input\":{\"@type\":\"PropertyValueSpecification\",\"valueRequired\":true,\"valueName\":\"search_term_string\"}}],\"inLanguage\":\"pl-PL\"},{\"@type\":\"Organization\",\"@id\":\"https:\\\/\\\/filles-de-la-charite.org\\\/pl\\\/#organization\",\"name\":\"Hijas de la Caridad\",\"url\":\"https:\\\/\\\/filles-de-la-charite.org\\\/pl\\\/\",\"logo\":{\"@type\":\"ImageObject\",\"inLanguage\":\"pl-PL\",\"@id\":\"https:\\\/\\\/filles-de-la-charite.org\\\/pl\\\/#\\\/schema\\\/logo\\\/image\\\/\",\"url\":\"https:\\\/\\\/filles-de-la-charite.org\\\/wp-content\\\/uploads\\\/2023\\\/03\\\/isotipo-Hijas-de-la-Caridad.png\",\"contentUrl\":\"https:\\\/\\\/filles-de-la-charite.org\\\/wp-content\\\/uploads\\\/2023\\\/03\\\/isotipo-Hijas-de-la-Caridad.png\",\"width\":1417,\"height\":1417,\"caption\":\"Hijas de la Caridad\"},\"image\":{\"@id\":\"https:\\\/\\\/filles-de-la-charite.org\\\/pl\\\/#\\\/schema\\\/logo\\\/image\\\/\"}},{\"@type\":\"Person\",\"@id\":\"https:\\\/\\\/filles-de-la-charite.org\\\/pl\\\/#\\\/schema\\\/person\\\/0c922b6ca71280639858d297b3a7209f\",\"name\":\"SOR MARTA\",\"image\":{\"@type\":\"ImageObject\",\"inLanguage\":\"pl-PL\",\"@id\":\"https:\\\/\\\/secure.gravatar.com\\\/avatar\\\/d2c45b0fd6bf2d3e2670ab3d112257c24ac80fa960360bba1bdc0676485d1d09?s=96&d=mm&r=g\",\"url\":\"https:\\\/\\\/secure.gravatar.com\\\/avatar\\\/d2c45b0fd6bf2d3e2670ab3d112257c24ac80fa960360bba1bdc0676485d1d09?s=96&d=mm&r=g\",\"contentUrl\":\"https:\\\/\\\/secure.gravatar.com\\\/avatar\\\/d2c45b0fd6bf2d3e2670ab3d112257c24ac80fa960360bba1bdc0676485d1d09?s=96&d=mm&r=g\",\"caption\":\"SOR MARTA\"},\"url\":\"https:\\\/\\\/filles-de-la-charite.org\\\/pl\\\/author\\\/martaemn\\\/\"}]}<\/script>\n<!-- \/ Yoast SEO plugin. -->","yoast_head_json":{"title":"Spotkanie Mi\u0119dzynarodowego Zespo\u0142u Strony Internetowej Si\u00f3str Mi\u0142osierdzia w Domu Macierzystym w Pary\u017cu - Filles de la Charit\u00e9","robots":{"index":"index","follow":"follow","max-snippet":"max-snippet:-1","max-image-preview":"max-image-preview:large","max-video-preview":"max-video-preview:-1"},"canonical":"https:\/\/filles-de-la-charite.org\/pl\/meeting-of-the-international-team-of-the-web-site-of-the-daughters-of-charity-at-the-mother-house-in-paris\/","og_locale":"pl_PL","og_type":"article","og_title":"Spotkanie Mi\u0119dzynarodowego Zespo\u0142u Strony Internetowej Si\u00f3str Mi\u0142osierdzia w Domu Macierzystym w Pary\u017cu - Filles de la Charit\u00e9","og_description":"W dniach od 30 lipca do 3 sierpnia br. Mi\u0119dzynarodowy Zesp\u00f3\u0142 Strony Internetowej Zgromadzenia Si\u00f3str Mi\u0142osierdzia zebra\u0142 si\u0119 na dorocznym spotkaniu, prawdziwym warsztacie pomys\u0142\u00f3w, inspiracji i kreatywno\u015bci. Wydarzenie to by\u0142o wa\u017cnym momentem w planowaniu tre\u015bci multimedialnych, kt\u00f3re wzbogac\u0105 nasz\u0105 stron\u0119 internetow\u0105 w nadchodz\u0105cym roku. Kluczow\u0105 kwesti\u0105 spotkania by\u0142a otwarta i konstruktywna dyskusja mi\u0119dzy cz\u0142onkami zespo\u0142u, [&hellip;]","og_url":"https:\/\/filles-de-la-charite.org\/pl\/meeting-of-the-international-team-of-the-web-site-of-the-daughters-of-charity-at-the-mother-house-in-paris\/","og_site_name":"Filles de la Charit\u00e9","article_published_time":"2024-08-04T11:23:50+00:00","og_image":[{"width":2000,"height":1500,"url":"https:\/\/filles-de-la-charite.org\/wp-content\/uploads\/2024\/08\/WhatsApp-Image-2024-08-03-at-13.27.06.jpeg","type":"image\/jpeg"}],"author":"SOR MARTA","twitter_card":"summary_large_image","twitter_misc":{"Napisane przez":"SOR MARTA","Szacowany czas czytania":"3 minuty"},"schema":{"@context":"https:\/\/schema.org","@graph":[{"@type":"Article","@id":"https:\/\/filles-de-la-charite.org\/pl\/meeting-of-the-international-team-of-the-web-site-of-the-daughters-of-charity-at-the-mother-house-in-paris\/#article","isPartOf":{"@id":"https:\/\/filles-de-la-charite.org\/pl\/meeting-of-the-international-team-of-the-web-site-of-the-daughters-of-charity-at-the-mother-house-in-paris\/"},"author":{"name":"SOR MARTA","@id":"https:\/\/filles-de-la-charite.org\/pl\/#\/schema\/person\/0c922b6ca71280639858d297b3a7209f"},"headline":"Spotkanie Mi\u0119dzynarodowego Zespo\u0142u Strony Internetowej Si\u00f3str Mi\u0142osierdzia w Domu Macierzystym w Pary\u017cu","datePublished":"2024-08-04T11:23:50+00:00","mainEntityOfPage":{"@id":"https:\/\/filles-de-la-charite.org\/pl\/meeting-of-the-international-team-of-the-web-site-of-the-daughters-of-charity-at-the-mother-house-in-paris\/"},"wordCount":351,"publisher":{"@id":"https:\/\/filles-de-la-charite.org\/pl\/#organization"},"image":{"@id":"https:\/\/filles-de-la-charite.org\/pl\/meeting-of-the-international-team-of-the-web-site-of-the-daughters-of-charity-at-the-mother-house-in-paris\/#primaryimage"},"thumbnailUrl":"https:\/\/filles-de-la-charite.org\/wp-content\/uploads\/2024\/08\/WhatsApp-Image-2024-08-03-at-13.27.06.jpeg","articleSection":["Dom Macierzysty"],"inLanguage":"pl-PL"},{"@type":"WebPage","@id":"https:\/\/filles-de-la-charite.org\/pl\/meeting-of-the-international-team-of-the-web-site-of-the-daughters-of-charity-at-the-mother-house-in-paris\/","url":"https:\/\/filles-de-la-charite.org\/pl\/meeting-of-the-international-team-of-the-web-site-of-the-daughters-of-charity-at-the-mother-house-in-paris\/","name":"Spotkanie Mi\u0119dzynarodowego Zespo\u0142u Strony Internetowej Si\u00f3str Mi\u0142osierdzia w Domu Macierzystym w Pary\u017cu - Filles de la Charit\u00e9","isPartOf":{"@id":"https:\/\/filles-de-la-charite.org\/pl\/#website"},"primaryImageOfPage":{"@id":"https:\/\/filles-de-la-charite.org\/pl\/meeting-of-the-international-team-of-the-web-site-of-the-daughters-of-charity-at-the-mother-house-in-paris\/#primaryimage"},"image":{"@id":"https:\/\/filles-de-la-charite.org\/pl\/meeting-of-the-international-team-of-the-web-site-of-the-daughters-of-charity-at-the-mother-house-in-paris\/#primaryimage"},"thumbnailUrl":"https:\/\/filles-de-la-charite.org\/wp-content\/uploads\/2024\/08\/WhatsApp-Image-2024-08-03-at-13.27.06.jpeg","datePublished":"2024-08-04T11:23:50+00:00","breadcrumb":{"@id":"https:\/\/filles-de-la-charite.org\/pl\/meeting-of-the-international-team-of-the-web-site-of-the-daughters-of-charity-at-the-mother-house-in-paris\/#breadcrumb"},"inLanguage":"pl-PL","potentialAction":[{"@type":"ReadAction","target":["https:\/\/filles-de-la-charite.org\/pl\/meeting-of-the-international-team-of-the-web-site-of-the-daughters-of-charity-at-the-mother-house-in-paris\/"]}]},{"@type":"ImageObject","inLanguage":"pl-PL","@id":"https:\/\/filles-de-la-charite.org\/pl\/meeting-of-the-international-team-of-the-web-site-of-the-daughters-of-charity-at-the-mother-house-in-paris\/#primaryimage","url":"https:\/\/filles-de-la-charite.org\/wp-content\/uploads\/2024\/08\/WhatsApp-Image-2024-08-03-at-13.27.06.jpeg","contentUrl":"https:\/\/filles-de-la-charite.org\/wp-content\/uploads\/2024\/08\/WhatsApp-Image-2024-08-03-at-13.27.06.jpeg","width":2000,"height":1500},{"@type":"BreadcrumbList","@id":"https:\/\/filles-de-la-charite.org\/pl\/meeting-of-the-international-team-of-the-web-site-of-the-daughters-of-charity-at-the-mother-house-in-paris\/#breadcrumb","itemListElement":[{"@type":"ListItem","position":1,"name":"Dom Macierzysty","item":"https:\/\/filles-de-la-charite.org\/pl\/category\/mother-house-pl\/"},{"@type":"ListItem","position":2,"name":"Spotkanie Mi\u0119dzynarodowego Zespo\u0142u Strony Internetowej Si\u00f3str Mi\u0142osierdzia w Domu Macierzystym w Pary\u017cu"}]},{"@type":"WebSite","@id":"https:\/\/filles-de-la-charite.org\/pl\/#website","url":"https:\/\/filles-de-la-charite.org\/pl\/","name":"Hijas de la Caridad","description":"L\u2019amour de J\u00e9sus nous presse \u00e0 prendre soin des personnes les plus d\u00e9munies","publisher":{"@id":"https:\/\/filles-de-la-charite.org\/pl\/#organization"},"potentialAction":[{"@type":"SearchAction","target":{"@type":"EntryPoint","urlTemplate":"https:\/\/filles-de-la-charite.org\/pl\/?s={search_term_string}"},"query-input":{"@type":"PropertyValueSpecification","valueRequired":true,"valueName":"search_term_string"}}],"inLanguage":"pl-PL"},{"@type":"Organization","@id":"https:\/\/filles-de-la-charite.org\/pl\/#organization","name":"Hijas de la Caridad","url":"https:\/\/filles-de-la-charite.org\/pl\/","logo":{"@type":"ImageObject","inLanguage":"pl-PL","@id":"https:\/\/filles-de-la-charite.org\/pl\/#\/schema\/logo\/image\/","url":"https:\/\/filles-de-la-charite.org\/wp-content\/uploads\/2023\/03\/isotipo-Hijas-de-la-Caridad.png","contentUrl":"https:\/\/filles-de-la-charite.org\/wp-content\/uploads\/2023\/03\/isotipo-Hijas-de-la-Caridad.png","width":1417,"height":1417,"caption":"Hijas de la Caridad"},"image":{"@id":"https:\/\/filles-de-la-charite.org\/pl\/#\/schema\/logo\/image\/"}},{"@type":"Person","@id":"https:\/\/filles-de-la-charite.org\/pl\/#\/schema\/person\/0c922b6ca71280639858d297b3a7209f","name":"SOR MARTA","image":{"@type":"ImageObject","inLanguage":"pl-PL","@id":"https:\/\/secure.gravatar.com\/avatar\/d2c45b0fd6bf2d3e2670ab3d112257c24ac80fa960360bba1bdc0676485d1d09?s=96&d=mm&r=g","url":"https:\/\/secure.gravatar.com\/avatar\/d2c45b0fd6bf2d3e2670ab3d112257c24ac80fa960360bba1bdc0676485d1d09?s=96&d=mm&r=g","contentUrl":"https:\/\/secure.gravatar.com\/avatar\/d2c45b0fd6bf2d3e2670ab3d112257c24ac80fa960360bba1bdc0676485d1d09?s=96&d=mm&r=g","caption":"SOR MARTA"},"url":"https:\/\/filles-de-la-charite.org\/pl\/author\/martaemn\/"}]}},"_links":{"self":[{"href":"https:\/\/filles-de-la-charite.org\/pl\/wp-json\/wp\/v2\/posts\/38784","targetHints":{"allow":["GET"]}}],"collection":[{"href":"https:\/\/filles-de-la-charite.org\/pl\/wp-json\/wp\/v2\/posts"}],"about":[{"href":"https:\/\/filles-de-la-charite.org\/pl\/wp-json\/wp\/v2\/types\/post"}],"author":[{"embeddable":true,"href":"https:\/\/filles-de-la-charite.org\/pl\/wp-json\/wp\/v2\/users\/5"}],"replies":[{"embeddable":true,"href":"https:\/\/filles-de-la-charite.org\/pl\/wp-json\/wp\/v2\/comments?post=38784"}],"version-history":[{"count":1,"href":"https:\/\/filles-de-la-charite.org\/pl\/wp-json\/wp\/v2\/posts\/38784\/revisions"}],"predecessor-version":[{"id":38790,"href":"https:\/\/filles-de-la-charite.org\/pl\/wp-json\/wp\/v2\/posts\/38784\/revisions\/38790"}],"wp:featuredmedia":[{"embeddable":true,"href":"https:\/\/filles-de-la-charite.org\/pl\/wp-json\/wp\/v2\/media\/38763"}],"wp:attachment":[{"href":"https:\/\/filles-de-la-charite.org\/pl\/wp-json\/wp\/v2\/media?parent=38784"}],"wp:term":[{"taxonomy":"category","embeddable":true,"href":"https:\/\/filles-de-la-charite.org\/pl\/wp-json\/wp\/v2\/categories?post=38784"},{"taxonomy":"post_tag","embeddable":true,"href":"https:\/\/filles-de-la-charite.org\/pl\/wp-json\/wp\/v2\/tags?post=38784"}],"curies":[{"name":"wp","href":"https:\/\/api.w.org\/{rel}","templated":true}]}}