{"id":39052,"date":"2024-08-08T00:14:43","date_gmt":"2024-08-07T22:14:43","guid":{"rendered":"https:\/\/filles-de-la-charite.org\/?p=39052"},"modified":"2024-09-06T00:52:27","modified_gmt":"2024-09-05T22:52:27","slug":"spotkanie-w-meksyku-z-siostra-francoise-petit-siostra-alicia-margarita-cortes-i-ojcem-jose-antonio-gonzalezem-prieto","status":"publish","type":"post","link":"https:\/\/filles-de-la-charite.org\/pl\/spotkanie-w-meksyku-z-siostra-francoise-petit-siostra-alicia-margarita-cortes-i-ojcem-jose-antonio-gonzalezem-prieto\/","title":{"rendered":"Spotkanie w Meksyku z Siostr\u0105 Fran\u00e7oise Petit, Siostr\u0105 Alici\u0105 Margarit\u0105 Cort\u00e9s i Ojcem Jos\u00e9 Antonio Gonz\u00e1lezem Prieto"},"content":{"rendered":"\n<p>Dnia 20 lipca br. Prowincja Meksyka\u0144ska i M\u0142ode Siostry Ameryki \u0141aci\u0144skiej i Karaib\u00f3w, uczestnicy CIEVI 2024, powita\u0142y z rado\u015bci\u0105 Siostr\u0119 Fran\u00e7oise Petit, Prze\u0142o\u017con\u0105 Generaln\u0105, Siostr\u0119 Alici\u0119 Margarit\u0119 Cort\u00e9s, Radn\u0105 Generaln\u0105 i Ojca Jos\u00e9 Antonio Gonz\u00e1leza Prieto, Dyrektora Generalnego, przypominaj\u0105c, jak do\u015bwiadczy\u0142y\u015bmy tego w Zgromadzeniu, \u017ce &#8222;obecno\u015b\u0107 Prze\u0142o\u017conych w\u015br\u00f3d nas jest obecno\u015bci\u0105 Boga&#8221;.<\/p>\n\n\n\n<figure class=\"wp-block-image size-large\"><img loading=\"lazy\" decoding=\"async\" width=\"1024\" height=\"461\" src=\"https:\/\/filles-de-la-charite.org\/wp-content\/uploads\/2024\/09\/Participantes-CIEVI-modalidad-presencial-y-virtual-con-Hnas.-de-Ecuador--1024x461.jpeg\" alt=\"\" class=\"wp-image-38968\" srcset=\"https:\/\/filles-de-la-charite.org\/wp-content\/uploads\/2024\/09\/Participantes-CIEVI-modalidad-presencial-y-virtual-con-Hnas.-de-Ecuador--1024x461.jpeg 1024w, https:\/\/filles-de-la-charite.org\/wp-content\/uploads\/2024\/09\/Participantes-CIEVI-modalidad-presencial-y-virtual-con-Hnas.-de-Ecuador--980x441.jpeg 980w, https:\/\/filles-de-la-charite.org\/wp-content\/uploads\/2024\/09\/Participantes-CIEVI-modalidad-presencial-y-virtual-con-Hnas.-de-Ecuador--480x216.jpeg 480w\" sizes=\"(min-width: 0px) and (max-width: 480px) 480px, (min-width: 481px) and (max-width: 980px) 980px, (min-width: 981px) 1024px, 100vw\" \/><\/figure>\n\n\n\n<p>Zabrzmia\u0142y dzwony Domu Prowincjalnego, rado\u015bnie wzywaj\u0105c obecne Siostry i te, kt\u00f3re mog\u0142y przyby\u0107 z pobliskich wsp\u00f3lnot. Pozdrowienia, powitania, u\u015bmiechy&#8230; pe\u0142ne rado\u015bci, czyni\u0105 nas bra\u0107mi i siostrami i poszerzaj\u0105 nasze serca.<\/p>\n\n\n\n<p>Udali\u015bmy si\u0119 do kaplicy, aby wyrazi\u0107 Bogu nasz\u0105 wdzi\u0119czno\u015b\u0107 za t\u0119 wspania\u0142\u0105 WIZYT\u0118 NASZYCH PRZE\u0141O\u017bONYCH, a jednocze\u015bnie powierzy\u0107 Matce Naj\u015bwi\u0119tszej, Opiekunce Zgromadzenia, nadchodz\u0105ce dni naszego spotkania.<\/p>\n\n\n\n<p>Podczas tej kr\u00f3tkiej wizyty mia\u0142y\u015bmy \u0142ask\u0119 do\u015bwiadczy\u0107 kilka wa\u017cnych moment\u00f3w, kt\u00f3re naznacz\u0105 \u017cycie Prowincji Meksyku, a tak\u017ce wzruszaj\u0105cych spotka\u0144 w ramach CIEVI 2024.&nbsp;<\/p>\n\n\n\n<figure class=\"wp-block-image size-large\"><img loading=\"lazy\" decoding=\"async\" width=\"1024\" height=\"576\" src=\"https:\/\/filles-de-la-charite.org\/wp-content\/uploads\/2024\/09\/Foto-con-Hermanas-Jubilares-25-50-y-60-anos-1024x576.jpg\" alt=\"\" class=\"wp-image-39004\" srcset=\"https:\/\/filles-de-la-charite.org\/wp-content\/uploads\/2024\/09\/Foto-con-Hermanas-Jubilares-25-50-y-60-anos-980x551.jpg 980w, https:\/\/filles-de-la-charite.org\/wp-content\/uploads\/2024\/09\/Foto-con-Hermanas-Jubilares-25-50-y-60-anos-480x270.jpg 480w\" sizes=\"(min-width: 0px) and (max-width: 480px) 480px, (min-width: 481px) and (max-width: 980px) 980px, (min-width: 981px) 1024px, 100vw\" \/><\/figure>\n\n\n\n<p>Eucharystia inauguracyjna by\u0142a celebrowana ze szczeg\u00f3ln\u0105 rado\u015bci\u0105 i wdzi\u0119czno\u015bci\u0105, jowialne g\u0142osy si\u00f3str harmonizowa\u0142y rado\u015bnie w uwielbieniu naszego Dobrego Boga, co pozwoli\u0142o nam rozpocz\u0105\u0107 nasze &#8222;Spotkanie CIEVI 2024&#8221;, kt\u00f3re w tym roku zaprasza m\u0142ode siostry w wieku od 4 do 6 lat powo\u0142ania, aby towarzyszy\u0107 im w przygotowaniu do pierwszych \u015blub\u00f3w pod has\u0142em: &#8222;Z wiar\u0105 w mi\u0142o\u015b\u0107 oddajemy si\u0119 Bogu&#8221;.<\/p>\n\n\n\n<figure class=\"wp-block-image size-large\"><img loading=\"lazy\" decoding=\"async\" width=\"1024\" height=\"607\" src=\"https:\/\/filles-de-la-charite.org\/wp-content\/uploads\/2024\/09\/Eucaristia-casa-Provincial-Mexico-1024x607.jpeg\" alt=\"\" class=\"wp-image-38974\" srcset=\"https:\/\/filles-de-la-charite.org\/wp-content\/uploads\/2024\/09\/Eucaristia-casa-Provincial-Mexico-980x581.jpeg 980w, https:\/\/filles-de-la-charite.org\/wp-content\/uploads\/2024\/09\/Eucaristia-casa-Provincial-Mexico-480x284.jpeg 480w\" sizes=\"(min-width: 0px) and (max-width: 480px) 480px, (min-width: 481px) and (max-width: 980px) 980px, (min-width: 981px) 1024px, 100vw\" \/><\/figure>\n\n\n\n<p>Nasze pierwsze spotkanie, podczas kt\u00f3rego przywitali\u015bmy si\u0119 i wys\u0142uchali\u015bmy siebie nawzajem, by\u0142o bardzo poruszaj\u0105ce. Wyrazi\u0142y\u015bmy nasze rado\u015bci, marzenia, obawy i pytania. Siostra Fran\u00e7oise zaprosi\u0142a nas, aby\u015bmy coraz bardziej ufa\u0142y Jezusowi i nie m\u0119czy\u0142y si\u0119 wsp\u00f3lnym marzeniem, poniewa\u017c jest to podstawa \u017cycia braterskiego. Siostra Fran\u00e7oise, Siostra Alicia Margarita i nasz Dyrektor, Ojciec Jos\u00e9 Antonio, cierpliwie wys\u0142uchali naszego dzielenia si\u0119.<\/p>\n\n\n\n<figure class=\"wp-block-image size-large\"><img loading=\"lazy\" decoding=\"async\" width=\"1024\" height=\"576\" src=\"https:\/\/filles-de-la-charite.org\/wp-content\/uploads\/2024\/09\/Mexico-y-Ecuador--1024x576.jpeg\" alt=\"\" class=\"wp-image-38962\" srcset=\"https:\/\/filles-de-la-charite.org\/wp-content\/uploads\/2024\/09\/Mexico-y-Ecuador--980x551.jpeg 980w, https:\/\/filles-de-la-charite.org\/wp-content\/uploads\/2024\/09\/Mexico-y-Ecuador--480x270.jpeg 480w\" sizes=\"(min-width: 0px) and (max-width: 480px) 480px, (min-width: 481px) and (max-width: 980px) 980px, (min-width: 981px) 1024px, 100vw\" \/><\/figure>\n\n\n\n<p>Jak mo\u017cna si\u0119 by\u0142o spodziewa\u0107 na pocz\u0105tku naszego spotkania, wsp\u00f3lnie odwiedzili\u015bmy Bazylik\u0119 Matki Bo\u017cej z Guadalupe i tam, u st\u00f3p Ma\u0142ej Dziewicy z Tepeyac, ofiarowa\u0142y\u015bmy nasze serca ze wszystkimi intencjami Zgromadzenia i powierzy\u0142y\u015bmy spotkanie CIEVI 2024.<\/p>\n\n\n\n<figure class=\"wp-block-image size-large\"><img loading=\"lazy\" decoding=\"async\" width=\"1024\" height=\"683\" src=\"https:\/\/filles-de-la-charite.org\/wp-content\/uploads\/2024\/09\/Basilica-3-1024x683.jpg\" alt=\"\" class=\"wp-image-38986\" srcset=\"https:\/\/filles-de-la-charite.org\/wp-content\/uploads\/2024\/09\/Basilica-3-980x653.jpg 980w, https:\/\/filles-de-la-charite.org\/wp-content\/uploads\/2024\/09\/Basilica-3-480x320.jpg 480w\" sizes=\"(min-width: 0px) and (max-width: 480px) 480px, (min-width: 481px) and (max-width: 980px) 980px, (min-width: 981px) 1024px, 100vw\" \/><\/figure>\n\n\n\n<p>Po powrocie do Domu \u015bwi\u0119towa\u0142y\u015bmy urodziny Siostry Fran\u00e7oise, a ka\u017cda uczestnicz\u0105ca Prowincja wykona\u0142a reprezentacyjny taniec lub pie\u015b\u0144 na jej cze\u015b\u0107. By\u0142 to bardzo radosny i braterski dzie\u0144.\u00a0<\/p>\n\n\n\n<figure class=\"wp-block-image size-large\"><img loading=\"lazy\" decoding=\"async\" width=\"1024\" height=\"768\" src=\"https:\/\/filles-de-la-charite.org\/wp-content\/uploads\/2024\/09\/Comuniad-Ramon-Arbide-1024x768.jpg\" alt=\"\" class=\"wp-image-38950\" srcset=\"https:\/\/filles-de-la-charite.org\/wp-content\/uploads\/2024\/09\/Comuniad-Ramon-Arbide-980x735.jpg 980w, https:\/\/filles-de-la-charite.org\/wp-content\/uploads\/2024\/09\/Comuniad-Ramon-Arbide-480x360.jpg 480w\" sizes=\"(min-width: 0px) and (max-width: 480px) 480px, (min-width: 481px) and (max-width: 980px) 980px, (min-width: 981px) 1024px, 100vw\" \/><\/figure>\n\n\n\n<p>Siostra Fran\u00e7oise w swoich konferencjach przygotowuj\u0105cych do \u015blub\u00f3w, zach\u0119ca\u0142a nas do \u017cycia radami ewangelicznymi, na\u015bladuj\u0105c przyk\u0142ad naszego Pana i praktykowania cn\u00f3t ewangelicznych pokory, prostoty i mi\u0142o\u015bci, gdziekolwiek jeste\u015bmy. Zach\u0119ca\u0142a tak\u017ce do piel\u0119gnowania \u017cycia modlitwy i aby nie zapomina\u0107 o tym, \u017ce jeste\u015bmy s\u0142u\u017cebnicami.<\/p>\n\n\n\n<figure class=\"wp-block-image size-large\"><img loading=\"lazy\" decoding=\"async\" width=\"1024\" height=\"768\" src=\"https:\/\/filles-de-la-charite.org\/wp-content\/uploads\/2024\/09\/Conferencia-Casa-Provincial-1024x768.jpg\" alt=\"\" class=\"wp-image-38938\" srcset=\"https:\/\/filles-de-la-charite.org\/wp-content\/uploads\/2024\/09\/Conferencia-Casa-Provincial-980x735.jpg 980w, https:\/\/filles-de-la-charite.org\/wp-content\/uploads\/2024\/09\/Conferencia-Casa-Provincial-480x360.jpg 480w\" sizes=\"(min-width: 0px) and (max-width: 480px) 480px, (min-width: 481px) and (max-width: 980px) 980px, (min-width: 981px) 1024px, 100vw\" \/><\/figure>\n\n\n\n<p>Siostra Fran\u00e7oise odwiedzi\u0142a tak\u017ce kilka r\u00f3\u017cnych wsp\u00f3lnot w Prowincji, gdzie zapozna\u0142a si\u0119 z realiami i kontekstami, w kt\u00f3rych s\u0142u\u017cymy naszym ubogim braciom i siostrom.<\/p>\n\n\n\n<figure class=\"wp-block-image size-large\"><img loading=\"lazy\" decoding=\"async\" width=\"1024\" height=\"768\" src=\"https:\/\/filles-de-la-charite.org\/wp-content\/uploads\/2024\/09\/Comunidad-Marillac-1024x768.jpg\" alt=\"\" class=\"wp-image-39034\" srcset=\"https:\/\/filles-de-la-charite.org\/wp-content\/uploads\/2024\/09\/Comunidad-Marillac-980x735.jpg 980w, https:\/\/filles-de-la-charite.org\/wp-content\/uploads\/2024\/09\/Comunidad-Marillac-480x360.jpg 480w\" sizes=\"(min-width: 0px) and (max-width: 480px) 480px, (min-width: 481px) and (max-width: 980px) 980px, (min-width: 981px) 1024px, 100vw\" \/><\/figure>\n\n\n\n<p>Nasze wdzi\u0119czne serce jest najlepsz\u0105 ofiar\u0105, jak\u0105 sk\u0142adamy Bogu za to, \u017ce pozwoli\u0142 nam prze\u017cy\u0107 wizyt\u0119 naszej Prze\u0142o\u017conej Generalnej w tym samym czasie, co spotkanie formacyjne dla naszych Si\u00f3str w Ameryce \u0141aci\u0144skiej i na Karaibach.<\/p>\n\n\n\n<figure class=\"wp-block-image size-large\"><img loading=\"lazy\" decoding=\"async\" width=\"1024\" height=\"461\" src=\"https:\/\/filles-de-la-charite.org\/wp-content\/uploads\/2024\/09\/Final-CIEVI-1024x461.jpeg\" alt=\"\" class=\"wp-image-38956\" srcset=\"https:\/\/filles-de-la-charite.org\/wp-content\/uploads\/2024\/09\/Final-CIEVI-980x441.jpeg 980w, https:\/\/filles-de-la-charite.org\/wp-content\/uploads\/2024\/09\/Final-CIEVI-480x216.jpeg 480w\" sizes=\"(min-width: 0px) and (max-width: 480px) 480px, (min-width: 481px) and (max-width: 980px) 980px, (min-width: 981px) 1024px, 100vw\" \/><\/figure>\n\n\n\n<p>Wszystko to usposabia nas do otwarcia si\u0119 na wol\u0119 Bo\u017c\u0105. Dzi\u0119kujemy naszej Prze\u0142o\u017conej Generalnej za jej wizyt\u0119, jej prostot\u0119 i blisko\u015b\u0107, ale przede wszystkim za jej s\u0142owa, kt\u00f3re nadal motywuj\u0105 i zach\u0119caj\u0105 nas do przekroczenia bramy&#8230; naszego serca, do p\u00f3j\u015bcia w kierunku&#8230; nowo\u015bci naszego charyzmatu i do spotkania&#8230; ka\u017cdego cz\u0142owieka, aby by\u0107 znakami czu\u0142o\u015bci, jak zach\u0119cali nas \u015bwi\u0119ci Wincenty i Ludwika. Z g\u0142\u0119bi naszych serc &#8211; dzi\u0119kujemy.<\/p>\n\n\n\n<figure class=\"wp-block-image size-large\"><img loading=\"lazy\" decoding=\"async\" width=\"1024\" height=\"768\" src=\"https:\/\/filles-de-la-charite.org\/wp-content\/uploads\/2024\/09\/Aeropuerto-Merida-Yuc-1024x768.jpg\" alt=\"\" class=\"wp-image-38944\" srcset=\"https:\/\/filles-de-la-charite.org\/wp-content\/uploads\/2024\/09\/Aeropuerto-Merida-Yuc-1024x768.jpg 1024w, https:\/\/filles-de-la-charite.org\/wp-content\/uploads\/2024\/09\/Aeropuerto-Merida-Yuc-980x735.jpg 980w, https:\/\/filles-de-la-charite.org\/wp-content\/uploads\/2024\/09\/Aeropuerto-Merida-Yuc-480x360.jpg 480w\" sizes=\"(min-width: 0px) and (max-width: 480px) 480px, (min-width: 481px) and (max-width: 980px) 980px, (min-width: 981px) 1024px, 100vw\" \/><\/figure>\n","protected":false},"excerpt":{"rendered":"<p>Dnia 20 lipca br. Prowincja Meksyka\u0144ska i M\u0142ode Siostry Ameryki \u0141aci\u0144skiej i Karaib\u00f3w, uczestnicy CIEVI 2024, powita\u0142y z rado\u015bci\u0105 Siostr\u0119 Fran\u00e7oise Petit, Prze\u0142o\u017con\u0105 Generaln\u0105, Siostr\u0119 Alici\u0119 Margarit\u0119 Cort\u00e9s, Radn\u0105 Generaln\u0105 i Ojca Jos\u00e9 Antonio Gonz\u00e1leza Prieto, Dyrektora Generalnego, przypominaj\u0105c, jak do\u015bwiadczy\u0142y\u015bmy tego w Zgromadzeniu, \u017ce &#8222;obecno\u015b\u0107 Prze\u0142o\u017conych w\u015br\u00f3d nas jest obecno\u015bci\u0105 Boga&#8221;. Zabrzmia\u0142y dzwony Domu [&hellip;]<\/p>\n","protected":false},"author":5,"featured_media":39002,"comment_status":"closed","ping_status":"closed","sticky":false,"template":"","format":"standard","meta":{"_acf_changed":false,"_et_pb_use_builder":"","_et_pb_old_content":"","_et_gb_content_width":"","footnotes":"","_links_to":"","_links_to_target":""},"categories":[832],"tags":[],"class_list":["post-39052","post","type-post","status-publish","format-standard","has-post-thumbnail","hentry","category-meksyk"],"acf":[],"yoast_head":"<!-- This site is optimized with the Yoast SEO plugin v27.5 - https:\/\/yoast.com\/product\/yoast-seo-wordpress\/ -->\n<title>Spotkanie w Meksyku z Siostr\u0105 Fran\u00e7oise Petit, Siostr\u0105 Alici\u0105 Margarit\u0105 Cort\u00e9s i Ojcem Jos\u00e9 Antonio Gonz\u00e1lezem Prieto - Filles de la Charit\u00e9<\/title>\n<meta name=\"robots\" content=\"index, follow, max-snippet:-1, max-image-preview:large, max-video-preview:-1\" \/>\n<link rel=\"canonical\" href=\"https:\/\/filles-de-la-charite.org\/pl\/spotkanie-w-meksyku-z-siostra-francoise-petit-siostra-alicia-margarita-cortes-i-ojcem-jose-antonio-gonzalezem-prieto\/\" \/>\n<meta property=\"og:locale\" content=\"pl_PL\" \/>\n<meta property=\"og:type\" content=\"article\" \/>\n<meta property=\"og:title\" content=\"Spotkanie w Meksyku z Siostr\u0105 Fran\u00e7oise Petit, Siostr\u0105 Alici\u0105 Margarit\u0105 Cort\u00e9s i Ojcem Jos\u00e9 Antonio Gonz\u00e1lezem Prieto - Filles de la Charit\u00e9\" \/>\n<meta property=\"og:description\" content=\"Dnia 20 lipca br. Prowincja Meksyka\u0144ska i M\u0142ode Siostry Ameryki \u0141aci\u0144skiej i Karaib\u00f3w, uczestnicy CIEVI 2024, powita\u0142y z rado\u015bci\u0105 Siostr\u0119 Fran\u00e7oise Petit, Prze\u0142o\u017con\u0105 Generaln\u0105, Siostr\u0119 Alici\u0119 Margarit\u0119 Cort\u00e9s, Radn\u0105 Generaln\u0105 i Ojca Jos\u00e9 Antonio Gonz\u00e1leza Prieto, Dyrektora Generalnego, przypominaj\u0105c, jak do\u015bwiadczy\u0142y\u015bmy tego w Zgromadzeniu, \u017ce &#8222;obecno\u015b\u0107 Prze\u0142o\u017conych w\u015br\u00f3d nas jest obecno\u015bci\u0105 Boga&#8221;. Zabrzmia\u0142y dzwony Domu [&hellip;]\" \/>\n<meta property=\"og:url\" content=\"https:\/\/filles-de-la-charite.org\/pl\/spotkanie-w-meksyku-z-siostra-francoise-petit-siostra-alicia-margarita-cortes-i-ojcem-jose-antonio-gonzalezem-prieto\/\" \/>\n<meta property=\"og:site_name\" content=\"Filles de la Charit\u00e9\" \/>\n<meta property=\"article:published_time\" content=\"2024-08-07T22:14:43+00:00\" \/>\n<meta property=\"article:modified_time\" content=\"2024-09-05T22:52:27+00:00\" \/>\n<meta property=\"og:image\" content=\"https:\/\/filles-de-la-charite.org\/wp-content\/uploads\/2024\/09\/Basilica-4-scaled.jpg\" \/>\n\t<meta property=\"og:image:width\" content=\"2560\" \/>\n\t<meta property=\"og:image:height\" content=\"1707\" \/>\n\t<meta property=\"og:image:type\" content=\"image\/jpeg\" \/>\n<meta name=\"author\" content=\"SOR MARTA\" \/>\n<meta name=\"twitter:card\" content=\"summary_large_image\" \/>\n<meta name=\"twitter:label1\" content=\"Napisane przez\" \/>\n\t<meta name=\"twitter:data1\" content=\"SOR MARTA\" \/>\n\t<meta name=\"twitter:label2\" content=\"Szacowany czas czytania\" \/>\n\t<meta name=\"twitter:data2\" content=\"5 minut\" \/>\n<script type=\"application\/ld+json\" class=\"yoast-schema-graph\">{\"@context\":\"https:\\\/\\\/schema.org\",\"@graph\":[{\"@type\":\"Article\",\"@id\":\"https:\\\/\\\/filles-de-la-charite.org\\\/pl\\\/spotkanie-w-meksyku-z-siostra-francoise-petit-siostra-alicia-margarita-cortes-i-ojcem-jose-antonio-gonzalezem-prieto\\\/#article\",\"isPartOf\":{\"@id\":\"https:\\\/\\\/filles-de-la-charite.org\\\/pl\\\/spotkanie-w-meksyku-z-siostra-francoise-petit-siostra-alicia-margarita-cortes-i-ojcem-jose-antonio-gonzalezem-prieto\\\/\"},\"author\":{\"name\":\"SOR MARTA\",\"@id\":\"https:\\\/\\\/filles-de-la-charite.org\\\/pl\\\/#\\\/schema\\\/person\\\/0c922b6ca71280639858d297b3a7209f\"},\"headline\":\"Spotkanie w Meksyku z Siostr\u0105 Fran\u00e7oise Petit, Siostr\u0105 Alici\u0105 Margarit\u0105 Cort\u00e9s i Ojcem Jos\u00e9 Antonio Gonz\u00e1lezem Prieto\",\"datePublished\":\"2024-08-07T22:14:43+00:00\",\"dateModified\":\"2024-09-05T22:52:27+00:00\",\"mainEntityOfPage\":{\"@id\":\"https:\\\/\\\/filles-de-la-charite.org\\\/pl\\\/spotkanie-w-meksyku-z-siostra-francoise-petit-siostra-alicia-margarita-cortes-i-ojcem-jose-antonio-gonzalezem-prieto\\\/\"},\"wordCount\":646,\"publisher\":{\"@id\":\"https:\\\/\\\/filles-de-la-charite.org\\\/pl\\\/#organization\"},\"image\":{\"@id\":\"https:\\\/\\\/filles-de-la-charite.org\\\/pl\\\/spotkanie-w-meksyku-z-siostra-francoise-petit-siostra-alicia-margarita-cortes-i-ojcem-jose-antonio-gonzalezem-prieto\\\/#primaryimage\"},\"thumbnailUrl\":\"https:\\\/\\\/filles-de-la-charite.org\\\/wp-content\\\/uploads\\\/2024\\\/09\\\/Basilica-4-scaled.jpg\",\"articleSection\":[\"Meksyk\"],\"inLanguage\":\"pl-PL\"},{\"@type\":\"WebPage\",\"@id\":\"https:\\\/\\\/filles-de-la-charite.org\\\/pl\\\/spotkanie-w-meksyku-z-siostra-francoise-petit-siostra-alicia-margarita-cortes-i-ojcem-jose-antonio-gonzalezem-prieto\\\/\",\"url\":\"https:\\\/\\\/filles-de-la-charite.org\\\/pl\\\/spotkanie-w-meksyku-z-siostra-francoise-petit-siostra-alicia-margarita-cortes-i-ojcem-jose-antonio-gonzalezem-prieto\\\/\",\"name\":\"Spotkanie w Meksyku z Siostr\u0105 Fran\u00e7oise Petit, Siostr\u0105 Alici\u0105 Margarit\u0105 Cort\u00e9s i Ojcem Jos\u00e9 Antonio Gonz\u00e1lezem Prieto - Filles de la Charit\u00e9\",\"isPartOf\":{\"@id\":\"https:\\\/\\\/filles-de-la-charite.org\\\/pl\\\/#website\"},\"primaryImageOfPage\":{\"@id\":\"https:\\\/\\\/filles-de-la-charite.org\\\/pl\\\/spotkanie-w-meksyku-z-siostra-francoise-petit-siostra-alicia-margarita-cortes-i-ojcem-jose-antonio-gonzalezem-prieto\\\/#primaryimage\"},\"image\":{\"@id\":\"https:\\\/\\\/filles-de-la-charite.org\\\/pl\\\/spotkanie-w-meksyku-z-siostra-francoise-petit-siostra-alicia-margarita-cortes-i-ojcem-jose-antonio-gonzalezem-prieto\\\/#primaryimage\"},\"thumbnailUrl\":\"https:\\\/\\\/filles-de-la-charite.org\\\/wp-content\\\/uploads\\\/2024\\\/09\\\/Basilica-4-scaled.jpg\",\"datePublished\":\"2024-08-07T22:14:43+00:00\",\"dateModified\":\"2024-09-05T22:52:27+00:00\",\"breadcrumb\":{\"@id\":\"https:\\\/\\\/filles-de-la-charite.org\\\/pl\\\/spotkanie-w-meksyku-z-siostra-francoise-petit-siostra-alicia-margarita-cortes-i-ojcem-jose-antonio-gonzalezem-prieto\\\/#breadcrumb\"},\"inLanguage\":\"pl-PL\",\"potentialAction\":[{\"@type\":\"ReadAction\",\"target\":[\"https:\\\/\\\/filles-de-la-charite.org\\\/pl\\\/spotkanie-w-meksyku-z-siostra-francoise-petit-siostra-alicia-margarita-cortes-i-ojcem-jose-antonio-gonzalezem-prieto\\\/\"]}]},{\"@type\":\"ImageObject\",\"inLanguage\":\"pl-PL\",\"@id\":\"https:\\\/\\\/filles-de-la-charite.org\\\/pl\\\/spotkanie-w-meksyku-z-siostra-francoise-petit-siostra-alicia-margarita-cortes-i-ojcem-jose-antonio-gonzalezem-prieto\\\/#primaryimage\",\"url\":\"https:\\\/\\\/filles-de-la-charite.org\\\/wp-content\\\/uploads\\\/2024\\\/09\\\/Basilica-4-scaled.jpg\",\"contentUrl\":\"https:\\\/\\\/filles-de-la-charite.org\\\/wp-content\\\/uploads\\\/2024\\\/09\\\/Basilica-4-scaled.jpg\",\"width\":2560,\"height\":1707},{\"@type\":\"BreadcrumbList\",\"@id\":\"https:\\\/\\\/filles-de-la-charite.org\\\/pl\\\/spotkanie-w-meksyku-z-siostra-francoise-petit-siostra-alicia-margarita-cortes-i-ojcem-jose-antonio-gonzalezem-prieto\\\/#breadcrumb\",\"itemListElement\":[{\"@type\":\"ListItem\",\"position\":1,\"name\":\"Meksyk\",\"item\":\"https:\\\/\\\/filles-de-la-charite.org\\\/pl\\\/category\\\/meksyk\\\/\"},{\"@type\":\"ListItem\",\"position\":2,\"name\":\"Spotkanie w Meksyku z Siostr\u0105 Fran\u00e7oise Petit, Siostr\u0105 Alici\u0105 Margarit\u0105 Cort\u00e9s i Ojcem Jos\u00e9 Antonio Gonz\u00e1lezem Prieto\"}]},{\"@type\":\"WebSite\",\"@id\":\"https:\\\/\\\/filles-de-la-charite.org\\\/pl\\\/#website\",\"url\":\"https:\\\/\\\/filles-de-la-charite.org\\\/pl\\\/\",\"name\":\"Hijas de la Caridad\",\"description\":\"L\u2019amour de J\u00e9sus nous presse \u00e0 prendre soin des personnes les plus d\u00e9munies\",\"publisher\":{\"@id\":\"https:\\\/\\\/filles-de-la-charite.org\\\/pl\\\/#organization\"},\"potentialAction\":[{\"@type\":\"SearchAction\",\"target\":{\"@type\":\"EntryPoint\",\"urlTemplate\":\"https:\\\/\\\/filles-de-la-charite.org\\\/pl\\\/?s={search_term_string}\"},\"query-input\":{\"@type\":\"PropertyValueSpecification\",\"valueRequired\":true,\"valueName\":\"search_term_string\"}}],\"inLanguage\":\"pl-PL\"},{\"@type\":\"Organization\",\"@id\":\"https:\\\/\\\/filles-de-la-charite.org\\\/pl\\\/#organization\",\"name\":\"Hijas de la Caridad\",\"url\":\"https:\\\/\\\/filles-de-la-charite.org\\\/pl\\\/\",\"logo\":{\"@type\":\"ImageObject\",\"inLanguage\":\"pl-PL\",\"@id\":\"https:\\\/\\\/filles-de-la-charite.org\\\/pl\\\/#\\\/schema\\\/logo\\\/image\\\/\",\"url\":\"https:\\\/\\\/filles-de-la-charite.org\\\/wp-content\\\/uploads\\\/2023\\\/03\\\/isotipo-Hijas-de-la-Caridad.png\",\"contentUrl\":\"https:\\\/\\\/filles-de-la-charite.org\\\/wp-content\\\/uploads\\\/2023\\\/03\\\/isotipo-Hijas-de-la-Caridad.png\",\"width\":1417,\"height\":1417,\"caption\":\"Hijas de la Caridad\"},\"image\":{\"@id\":\"https:\\\/\\\/filles-de-la-charite.org\\\/pl\\\/#\\\/schema\\\/logo\\\/image\\\/\"}},{\"@type\":\"Person\",\"@id\":\"https:\\\/\\\/filles-de-la-charite.org\\\/pl\\\/#\\\/schema\\\/person\\\/0c922b6ca71280639858d297b3a7209f\",\"name\":\"SOR MARTA\",\"image\":{\"@type\":\"ImageObject\",\"inLanguage\":\"pl-PL\",\"@id\":\"https:\\\/\\\/secure.gravatar.com\\\/avatar\\\/d2c45b0fd6bf2d3e2670ab3d112257c24ac80fa960360bba1bdc0676485d1d09?s=96&d=mm&r=g\",\"url\":\"https:\\\/\\\/secure.gravatar.com\\\/avatar\\\/d2c45b0fd6bf2d3e2670ab3d112257c24ac80fa960360bba1bdc0676485d1d09?s=96&d=mm&r=g\",\"contentUrl\":\"https:\\\/\\\/secure.gravatar.com\\\/avatar\\\/d2c45b0fd6bf2d3e2670ab3d112257c24ac80fa960360bba1bdc0676485d1d09?s=96&d=mm&r=g\",\"caption\":\"SOR MARTA\"},\"url\":\"https:\\\/\\\/filles-de-la-charite.org\\\/pl\\\/author\\\/martaemn\\\/\"}]}<\/script>\n<!-- \/ Yoast SEO plugin. -->","yoast_head_json":{"title":"Spotkanie w Meksyku z Siostr\u0105 Fran\u00e7oise Petit, Siostr\u0105 Alici\u0105 Margarit\u0105 Cort\u00e9s i Ojcem Jos\u00e9 Antonio Gonz\u00e1lezem Prieto - Filles de la Charit\u00e9","robots":{"index":"index","follow":"follow","max-snippet":"max-snippet:-1","max-image-preview":"max-image-preview:large","max-video-preview":"max-video-preview:-1"},"canonical":"https:\/\/filles-de-la-charite.org\/pl\/spotkanie-w-meksyku-z-siostra-francoise-petit-siostra-alicia-margarita-cortes-i-ojcem-jose-antonio-gonzalezem-prieto\/","og_locale":"pl_PL","og_type":"article","og_title":"Spotkanie w Meksyku z Siostr\u0105 Fran\u00e7oise Petit, Siostr\u0105 Alici\u0105 Margarit\u0105 Cort\u00e9s i Ojcem Jos\u00e9 Antonio Gonz\u00e1lezem Prieto - Filles de la Charit\u00e9","og_description":"Dnia 20 lipca br. Prowincja Meksyka\u0144ska i M\u0142ode Siostry Ameryki \u0141aci\u0144skiej i Karaib\u00f3w, uczestnicy CIEVI 2024, powita\u0142y z rado\u015bci\u0105 Siostr\u0119 Fran\u00e7oise Petit, Prze\u0142o\u017con\u0105 Generaln\u0105, Siostr\u0119 Alici\u0119 Margarit\u0119 Cort\u00e9s, Radn\u0105 Generaln\u0105 i Ojca Jos\u00e9 Antonio Gonz\u00e1leza Prieto, Dyrektora Generalnego, przypominaj\u0105c, jak do\u015bwiadczy\u0142y\u015bmy tego w Zgromadzeniu, \u017ce &#8222;obecno\u015b\u0107 Prze\u0142o\u017conych w\u015br\u00f3d nas jest obecno\u015bci\u0105 Boga&#8221;. Zabrzmia\u0142y dzwony Domu [&hellip;]","og_url":"https:\/\/filles-de-la-charite.org\/pl\/spotkanie-w-meksyku-z-siostra-francoise-petit-siostra-alicia-margarita-cortes-i-ojcem-jose-antonio-gonzalezem-prieto\/","og_site_name":"Filles de la Charit\u00e9","article_published_time":"2024-08-07T22:14:43+00:00","article_modified_time":"2024-09-05T22:52:27+00:00","og_image":[{"width":2560,"height":1707,"url":"https:\/\/filles-de-la-charite.org\/wp-content\/uploads\/2024\/09\/Basilica-4-scaled.jpg","type":"image\/jpeg"}],"author":"SOR MARTA","twitter_card":"summary_large_image","twitter_misc":{"Napisane przez":"SOR MARTA","Szacowany czas czytania":"5 minut"},"schema":{"@context":"https:\/\/schema.org","@graph":[{"@type":"Article","@id":"https:\/\/filles-de-la-charite.org\/pl\/spotkanie-w-meksyku-z-siostra-francoise-petit-siostra-alicia-margarita-cortes-i-ojcem-jose-antonio-gonzalezem-prieto\/#article","isPartOf":{"@id":"https:\/\/filles-de-la-charite.org\/pl\/spotkanie-w-meksyku-z-siostra-francoise-petit-siostra-alicia-margarita-cortes-i-ojcem-jose-antonio-gonzalezem-prieto\/"},"author":{"name":"SOR MARTA","@id":"https:\/\/filles-de-la-charite.org\/pl\/#\/schema\/person\/0c922b6ca71280639858d297b3a7209f"},"headline":"Spotkanie w Meksyku z Siostr\u0105 Fran\u00e7oise Petit, Siostr\u0105 Alici\u0105 Margarit\u0105 Cort\u00e9s i Ojcem Jos\u00e9 Antonio Gonz\u00e1lezem Prieto","datePublished":"2024-08-07T22:14:43+00:00","dateModified":"2024-09-05T22:52:27+00:00","mainEntityOfPage":{"@id":"https:\/\/filles-de-la-charite.org\/pl\/spotkanie-w-meksyku-z-siostra-francoise-petit-siostra-alicia-margarita-cortes-i-ojcem-jose-antonio-gonzalezem-prieto\/"},"wordCount":646,"publisher":{"@id":"https:\/\/filles-de-la-charite.org\/pl\/#organization"},"image":{"@id":"https:\/\/filles-de-la-charite.org\/pl\/spotkanie-w-meksyku-z-siostra-francoise-petit-siostra-alicia-margarita-cortes-i-ojcem-jose-antonio-gonzalezem-prieto\/#primaryimage"},"thumbnailUrl":"https:\/\/filles-de-la-charite.org\/wp-content\/uploads\/2024\/09\/Basilica-4-scaled.jpg","articleSection":["Meksyk"],"inLanguage":"pl-PL"},{"@type":"WebPage","@id":"https:\/\/filles-de-la-charite.org\/pl\/spotkanie-w-meksyku-z-siostra-francoise-petit-siostra-alicia-margarita-cortes-i-ojcem-jose-antonio-gonzalezem-prieto\/","url":"https:\/\/filles-de-la-charite.org\/pl\/spotkanie-w-meksyku-z-siostra-francoise-petit-siostra-alicia-margarita-cortes-i-ojcem-jose-antonio-gonzalezem-prieto\/","name":"Spotkanie w Meksyku z Siostr\u0105 Fran\u00e7oise Petit, Siostr\u0105 Alici\u0105 Margarit\u0105 Cort\u00e9s i Ojcem Jos\u00e9 Antonio Gonz\u00e1lezem Prieto - Filles de la Charit\u00e9","isPartOf":{"@id":"https:\/\/filles-de-la-charite.org\/pl\/#website"},"primaryImageOfPage":{"@id":"https:\/\/filles-de-la-charite.org\/pl\/spotkanie-w-meksyku-z-siostra-francoise-petit-siostra-alicia-margarita-cortes-i-ojcem-jose-antonio-gonzalezem-prieto\/#primaryimage"},"image":{"@id":"https:\/\/filles-de-la-charite.org\/pl\/spotkanie-w-meksyku-z-siostra-francoise-petit-siostra-alicia-margarita-cortes-i-ojcem-jose-antonio-gonzalezem-prieto\/#primaryimage"},"thumbnailUrl":"https:\/\/filles-de-la-charite.org\/wp-content\/uploads\/2024\/09\/Basilica-4-scaled.jpg","datePublished":"2024-08-07T22:14:43+00:00","dateModified":"2024-09-05T22:52:27+00:00","breadcrumb":{"@id":"https:\/\/filles-de-la-charite.org\/pl\/spotkanie-w-meksyku-z-siostra-francoise-petit-siostra-alicia-margarita-cortes-i-ojcem-jose-antonio-gonzalezem-prieto\/#breadcrumb"},"inLanguage":"pl-PL","potentialAction":[{"@type":"ReadAction","target":["https:\/\/filles-de-la-charite.org\/pl\/spotkanie-w-meksyku-z-siostra-francoise-petit-siostra-alicia-margarita-cortes-i-ojcem-jose-antonio-gonzalezem-prieto\/"]}]},{"@type":"ImageObject","inLanguage":"pl-PL","@id":"https:\/\/filles-de-la-charite.org\/pl\/spotkanie-w-meksyku-z-siostra-francoise-petit-siostra-alicia-margarita-cortes-i-ojcem-jose-antonio-gonzalezem-prieto\/#primaryimage","url":"https:\/\/filles-de-la-charite.org\/wp-content\/uploads\/2024\/09\/Basilica-4-scaled.jpg","contentUrl":"https:\/\/filles-de-la-charite.org\/wp-content\/uploads\/2024\/09\/Basilica-4-scaled.jpg","width":2560,"height":1707},{"@type":"BreadcrumbList","@id":"https:\/\/filles-de-la-charite.org\/pl\/spotkanie-w-meksyku-z-siostra-francoise-petit-siostra-alicia-margarita-cortes-i-ojcem-jose-antonio-gonzalezem-prieto\/#breadcrumb","itemListElement":[{"@type":"ListItem","position":1,"name":"Meksyk","item":"https:\/\/filles-de-la-charite.org\/pl\/category\/meksyk\/"},{"@type":"ListItem","position":2,"name":"Spotkanie w Meksyku z Siostr\u0105 Fran\u00e7oise Petit, Siostr\u0105 Alici\u0105 Margarit\u0105 Cort\u00e9s i Ojcem Jos\u00e9 Antonio Gonz\u00e1lezem Prieto"}]},{"@type":"WebSite","@id":"https:\/\/filles-de-la-charite.org\/pl\/#website","url":"https:\/\/filles-de-la-charite.org\/pl\/","name":"Hijas de la Caridad","description":"L\u2019amour de J\u00e9sus nous presse \u00e0 prendre soin des personnes les plus d\u00e9munies","publisher":{"@id":"https:\/\/filles-de-la-charite.org\/pl\/#organization"},"potentialAction":[{"@type":"SearchAction","target":{"@type":"EntryPoint","urlTemplate":"https:\/\/filles-de-la-charite.org\/pl\/?s={search_term_string}"},"query-input":{"@type":"PropertyValueSpecification","valueRequired":true,"valueName":"search_term_string"}}],"inLanguage":"pl-PL"},{"@type":"Organization","@id":"https:\/\/filles-de-la-charite.org\/pl\/#organization","name":"Hijas de la Caridad","url":"https:\/\/filles-de-la-charite.org\/pl\/","logo":{"@type":"ImageObject","inLanguage":"pl-PL","@id":"https:\/\/filles-de-la-charite.org\/pl\/#\/schema\/logo\/image\/","url":"https:\/\/filles-de-la-charite.org\/wp-content\/uploads\/2023\/03\/isotipo-Hijas-de-la-Caridad.png","contentUrl":"https:\/\/filles-de-la-charite.org\/wp-content\/uploads\/2023\/03\/isotipo-Hijas-de-la-Caridad.png","width":1417,"height":1417,"caption":"Hijas de la Caridad"},"image":{"@id":"https:\/\/filles-de-la-charite.org\/pl\/#\/schema\/logo\/image\/"}},{"@type":"Person","@id":"https:\/\/filles-de-la-charite.org\/pl\/#\/schema\/person\/0c922b6ca71280639858d297b3a7209f","name":"SOR MARTA","image":{"@type":"ImageObject","inLanguage":"pl-PL","@id":"https:\/\/secure.gravatar.com\/avatar\/d2c45b0fd6bf2d3e2670ab3d112257c24ac80fa960360bba1bdc0676485d1d09?s=96&d=mm&r=g","url":"https:\/\/secure.gravatar.com\/avatar\/d2c45b0fd6bf2d3e2670ab3d112257c24ac80fa960360bba1bdc0676485d1d09?s=96&d=mm&r=g","contentUrl":"https:\/\/secure.gravatar.com\/avatar\/d2c45b0fd6bf2d3e2670ab3d112257c24ac80fa960360bba1bdc0676485d1d09?s=96&d=mm&r=g","caption":"SOR MARTA"},"url":"https:\/\/filles-de-la-charite.org\/pl\/author\/martaemn\/"}]}},"_links":{"self":[{"href":"https:\/\/filles-de-la-charite.org\/pl\/wp-json\/wp\/v2\/posts\/39052","targetHints":{"allow":["GET"]}}],"collection":[{"href":"https:\/\/filles-de-la-charite.org\/pl\/wp-json\/wp\/v2\/posts"}],"about":[{"href":"https:\/\/filles-de-la-charite.org\/pl\/wp-json\/wp\/v2\/types\/post"}],"author":[{"embeddable":true,"href":"https:\/\/filles-de-la-charite.org\/pl\/wp-json\/wp\/v2\/users\/5"}],"replies":[{"embeddable":true,"href":"https:\/\/filles-de-la-charite.org\/pl\/wp-json\/wp\/v2\/comments?post=39052"}],"version-history":[{"count":3,"href":"https:\/\/filles-de-la-charite.org\/pl\/wp-json\/wp\/v2\/posts\/39052\/revisions"}],"predecessor-version":[{"id":39172,"href":"https:\/\/filles-de-la-charite.org\/pl\/wp-json\/wp\/v2\/posts\/39052\/revisions\/39172"}],"wp:featuredmedia":[{"embeddable":true,"href":"https:\/\/filles-de-la-charite.org\/pl\/wp-json\/wp\/v2\/media\/39002"}],"wp:attachment":[{"href":"https:\/\/filles-de-la-charite.org\/pl\/wp-json\/wp\/v2\/media?parent=39052"}],"wp:term":[{"taxonomy":"category","embeddable":true,"href":"https:\/\/filles-de-la-charite.org\/pl\/wp-json\/wp\/v2\/categories?post=39052"},{"taxonomy":"post_tag","embeddable":true,"href":"https:\/\/filles-de-la-charite.org\/pl\/wp-json\/wp\/v2\/tags?post=39052"}],"curies":[{"name":"wp","href":"https:\/\/api.w.org\/{rel}","templated":true}]}}