{"id":39269,"date":"2024-09-11T19:00:34","date_gmt":"2024-09-11T17:00:34","guid":{"rendered":"https:\/\/filles-de-la-charite.org\/?p=39269"},"modified":"2024-09-11T19:09:54","modified_gmt":"2024-09-11T17:09:54","slug":"pope-francis-apostolic-visit-to-indonesia-september-3-6-2024","status":"publish","type":"post","link":"https:\/\/filles-de-la-charite.org\/pl\/pope-francis-apostolic-visit-to-indonesia-september-3-6-2024\/","title":{"rendered":"Wizyta apostolska Papie\u017ca Franciszka w Indonezji, 3-6 Wrze\u015bnia 2024 r."},"content":{"rendered":"\n<p>Papie\u017c Franciszek we wrze\u015bniu wyruszy\u0142 z wizyt\u0105 apostolsk\u0105 do Azji Po\u0142udniowo-Wschodniej i Oceanii, a Indonezja by\u0142a pierwszym krajem, kt\u00f3ry odwiedzi\u0142, przed Papu\u0105 Now\u0105 Gwine\u0105, Timorem Wschodnim i Singapurem.<\/p>\n\n\n\n<p>Papie\u017c Franciszek przyby\u0142 do Indonezji 3 wrze\u015bnia 2024 r. Zosta\u0142 powitany z wielk\u0105 serdeczno\u015bci\u0105, rado\u015bci\u0105 i wdzi\u0119czno\u015bci\u0105 przez mieszka\u0144c\u00f3w Indonezji, kt\u00f3rzy s\u0105 zr\u00f3\u017cnicowani pod wzgl\u0119dem pochodzenia etnicznego, religii, kultury i j\u0119zyka. Nawet posta\u0107 Ojca \u015awi\u0119tego, kt\u00f3ry jest znany jako osoba zawsze u\u015bmiechni\u0119ta, go\u015bcinna, prosta i bezpretensjonalna, sta\u0142a si\u0119 g\u0142\u00f3wn\u0105 wiadomo\u015bci\u0105 we wszystkich mediach spo\u0142eczno\u015bciowych. Jego cnoty naprawd\u0119 ukazuj\u0105 obecno\u015b\u0107 samego Pana Jezusa na \u015bwiecie.<\/p>\n\n\n\n<figure class=\"wp-block-image size-large\"><img loading=\"lazy\" decoding=\"async\" width=\"1024\" height=\"575\" src=\"https:\/\/filles-de-la-charite.org\/wp-content\/uploads\/2024\/09\/WhatsApp-Image-2024-09-10-at-23.33.32-1024x575.jpeg\" alt=\"\" class=\"wp-image-39181\" srcset=\"https:\/\/filles-de-la-charite.org\/wp-content\/uploads\/2024\/09\/WhatsApp-Image-2024-09-10-at-23.33.32-1024x575.jpeg 1024w, https:\/\/filles-de-la-charite.org\/wp-content\/uploads\/2024\/09\/WhatsApp-Image-2024-09-10-at-23.33.32-980x550.jpeg 980w, https:\/\/filles-de-la-charite.org\/wp-content\/uploads\/2024\/09\/WhatsApp-Image-2024-09-10-at-23.33.32-480x270.jpeg 480w\" sizes=\"(min-width: 0px) and (max-width: 480px) 480px, (min-width: 481px) and (max-width: 980px) 980px, (min-width: 981px) 1024px, 100vw\" \/><\/figure>\n\n\n\n<p>Podczas wizyty apostolskiej w Indonezji zorganizowano r\u00f3\u017cne wydarzenia, kt\u00f3re dotar\u0142y do wszystkich poziom\u00f3w spo\u0142ecze\u0144stwa. Dnia 4 wrze\u015bnia 2024 r. papie\u017c spotka\u0142 si\u0119 z Joko Widodo, prezydentem Indonezji. Podczas tej wizyty pa\u0144stwowej Ojciec \u015awi\u0119ty pob\u0142ogos\u0142awi\u0142 wszystkich ludzi i narody Indonezji, m\u00f3wi\u0105c: &#8222;Niech B\u00f3g b\u0142ogos\u0142awi Indonezj\u0119 pokojem na przysz\u0142o\u015b\u0107 pe\u0142n\u0105 nadziei. Niech B\u00f3g b\u0142ogos\u0142awi was wszystkich&#8221;. Papieska modlitwa odnosi\u0142a si\u0119 do znaczenia jedno\u015bci w r\u00f3\u017cnorodno\u015bci, kt\u00f3ra charakteryzuje nar\u00f3d indonezyjski.<\/p>\n\n\n\n<figure class=\"wp-block-image size-large\"><img loading=\"lazy\" decoding=\"async\" width=\"1024\" height=\"682\" src=\"https:\/\/filles-de-la-charite.org\/wp-content\/uploads\/2024\/09\/WhatsApp-Image-2024-09-10-at-23.36.21-1024x682.jpeg\" alt=\"\" class=\"wp-image-39211\" srcset=\"https:\/\/filles-de-la-charite.org\/wp-content\/uploads\/2024\/09\/WhatsApp-Image-2024-09-10-at-23.36.21-1024x682.jpeg 1024w, https:\/\/filles-de-la-charite.org\/wp-content\/uploads\/2024\/09\/WhatsApp-Image-2024-09-10-at-23.36.21-980x652.jpeg 980w, https:\/\/filles-de-la-charite.org\/wp-content\/uploads\/2024\/09\/WhatsApp-Image-2024-09-10-at-23.36.21-480x319.jpeg 480w\" sizes=\"(min-width: 0px) and (max-width: 480px) 480px, (min-width: 481px) and (max-width: 980px) 980px, (min-width: 981px) 1024px, 100vw\" \/><\/figure>\n\n\n\n<p>P\u00f3\u017aniej, tego samego dnia w ko\u015bciele Wniebowzi\u0119cia Naj\u015bwi\u0119tszej Maryi Panny w katedrze w D\u017cakarcie, Ojciec \u015awi\u0119ty spotka\u0142 si\u0119 z biskupami, kap\u0142anami, zakonnikami, zakonnicami, diakonami, katechetami, animatorami i seminarzystami. W audiencji wzi\u0119\u0142o udzia\u0142 oko\u0142o 800 os\u00f3b, w tym od 10 do 20 os\u00f3b reprezentuj\u0105cych ka\u017cde zgromadzenie w Indonezji. Ojciec \u015awi\u0119ty podkre\u015bli\u0142, \u017ce wszyscy jeste\u015bmy takimi samymi bra\u0107mi, bez \u017cadnych r\u00f3\u017cnic, i wszyscy jeste\u015bmy odpowiedzialni za wzrost i rozw\u00f3j Ko\u015bcio\u0142a katolickiego.<\/p>\n\n\n\n<figure class=\"wp-block-image size-large\"><img loading=\"lazy\" decoding=\"async\" width=\"1024\" height=\"668\" src=\"https:\/\/filles-de-la-charite.org\/wp-content\/uploads\/2024\/09\/WhatsApp-Image-2024-09-10-at-23.37.07-1024x668.jpeg\" alt=\"\" class=\"wp-image-39205\" srcset=\"https:\/\/filles-de-la-charite.org\/wp-content\/uploads\/2024\/09\/WhatsApp-Image-2024-09-10-at-23.37.07-980x639.jpeg 980w, https:\/\/filles-de-la-charite.org\/wp-content\/uploads\/2024\/09\/WhatsApp-Image-2024-09-10-at-23.37.07-480x313.jpeg 480w\" sizes=\"(min-width: 0px) and (max-width: 480px) 480px, (min-width: 481px) and (max-width: 980px) 980px, (min-width: 981px) 1024px, 100vw\" \/><\/figure>\n\n\n\n<p>Po tym wydarzeniu odby\u0142o si\u0119 spotkanie z m\u0142odymi lud\u017ami, kt\u00f3rzy byli cz\u0142onkami Scholas Occurrentes, mi\u0119dzynarodowego ruchu edukacyjnego zainicjowanego przez papie\u017ca Franciszka, gdy by\u0142 biskupem Argentyny. Ruch ten obejmuje nie tylko m\u0142odych katolik\u00f3w, ale tak\u017ce m\u0142odych ludzi z r\u00f3\u017cnych religii.<\/p>\n\n\n\n<figure class=\"wp-block-image size-large\"><img loading=\"lazy\" decoding=\"async\" width=\"1024\" height=\"682\" src=\"https:\/\/filles-de-la-charite.org\/wp-content\/uploads\/2024\/09\/WhatsApp-Image-2024-09-10-at-23.37.52-1024x682.jpeg\" alt=\"\" class=\"wp-image-39199\" srcset=\"https:\/\/filles-de-la-charite.org\/wp-content\/uploads\/2024\/09\/WhatsApp-Image-2024-09-10-at-23.37.52-980x653.jpeg 980w, https:\/\/filles-de-la-charite.org\/wp-content\/uploads\/2024\/09\/WhatsApp-Image-2024-09-10-at-23.37.52-480x320.jpeg 480w\" sizes=\"(min-width: 0px) and (max-width: 480px) 480px, (min-width: 481px) and (max-width: 980px) 980px, (min-width: 981px) 1024px, 100vw\" \/><\/figure>\n\n\n\n<p>Mottem tej wizyty apostolskiej by\u0142a WIARA, BRATERSTWO i WSP\u00d3\u0141CZUCIE. Te trzy cnoty dobrze wyra\u017caj\u0105 cnoty bycia Ko\u015bcio\u0142em i charakter Indonezji jako narodu, kt\u00f3ry jest zr\u00f3\u017cnicowany etnicznie i kulturowo, a jednocze\u015bnie stoi w obliczu walki o urzeczywistnienie zjednoczonego i pokojowego \u017cycia razem zgodnie z podstawow\u0105 ideologi\u0105 Indonezji: PANCASILA.<\/p>\n\n\n\n<p>Na 5 wrze\u015bnia 2024 r. papie\u017c Franciszek zaplanowa\u0142 wizyt\u0119 apostolsk\u0105, aby spotka\u0107 si\u0119 z przyw\u00f3dcami innych religii w Indonezji w meczecie Istiqlal, kt\u00f3ry znajduje si\u0119 tu\u017c przed ko\u015bcio\u0142em katedralnym w D\u017cakarcie.&nbsp; Pomi\u0119dzy ko\u015bcio\u0142em a meczetem zbudowano tunel \u0142\u0105cz\u0105cy. Tunel ten nosi nazw\u0119 tunelu Silaturahmi, zwanego r\u00f3wnie\u017c tunelem tolerancji.&nbsp; Papie\u017c Franciszek powiedzia\u0142, \u017ce tunel Silaturahmi dotyczy dialogu religijnego, symbolu pokoju religijnego, kt\u00f3ry charakteryzuje Indonezj\u0119. Ojciec \u015awi\u0119ty modli\u0142 si\u0119 za tych, kt\u00f3rzy przechodz\u0105 przez ten tunel, aby zawsze zachowywali ducha r\u00f3\u017cnorodno\u015bci, harmonii i braterstwa.<\/p>\n\n\n\n<figure class=\"wp-block-image size-large\"><img loading=\"lazy\" decoding=\"async\" width=\"1024\" height=\"683\" src=\"https:\/\/filles-de-la-charite.org\/wp-content\/uploads\/2024\/09\/WhatsApp-Image-2024-09-10-at-23.39.00-1024x683.jpeg\" alt=\"\" class=\"wp-image-39193\" srcset=\"https:\/\/filles-de-la-charite.org\/wp-content\/uploads\/2024\/09\/WhatsApp-Image-2024-09-10-at-23.39.00-980x653.jpeg 980w, https:\/\/filles-de-la-charite.org\/wp-content\/uploads\/2024\/09\/WhatsApp-Image-2024-09-10-at-23.39.00-480x320.jpeg 480w\" sizes=\"(min-width: 0px) and (max-width: 480px) 480px, (min-width: 481px) and (max-width: 980px) 980px, (min-width: 981px) 1024px, 100vw\" \/><\/figure>\n\n\n\n<p>Papie\u017c Franciszek odwiedzi\u0142 nast\u0119pnie Biuro Konferencji Episkopatu Indonezji (BCI), aby spotka\u0107 si\u0119 z osobami niepe\u0142nosprawnymi. Przybycie papie\u017ca zosta\u0142o powitane entuzjastycznymi okrzykami ludzi zgromadzonych przed biurem BCI.<\/p>\n\n\n\n<p>Wizyta apostolska papie\u017ca Franciszka zako\u0144czy\u0142a si\u0119 Msz\u0105 \u015awi\u0119t\u0105 w Gelora Bung Karno, w kt\u00f3rej uczestniczy\u0142o 87 tysi\u0119cy indonezyjskich katolik\u00f3w. Gdy papie\u017c przyby\u0142 do Gelora Bung Karno, zosta\u0142 powitany wiwatami i okrzykami &#8222;Viva il Papa&#8221;.&nbsp; Podczas homilii papie\u017c Franciszek zach\u0119ca\u0142 katolik\u00f3w, aby nie tylko s\u0142uchali S\u0142owa Bo\u017cego, ale tak\u017ce aktywnie nim \u017cyli. A do narodu indonezyjskiego: &#8222;Nie m\u0119czcie si\u0119 \u017ceglowaniem i torowaniem sobie drogi, nie m\u0119czcie si\u0119 marzeniem i budowaniem cywilizacji pokoju! Zawsze miejcie odwag\u0119 marzy\u0107 o braterstwie! Kieruj\u0105c si\u0119 S\u0142owem Bo\u017cym, wzywam was wszystkich do szerzenia mi\u0142o\u015bci, ufnego wyboru drogi dialogu i dalszego okazywania \u017cyczliwo\u015bci i ciep\u0142a z charakterystycznym u\u015bmiechem, kt\u00f3ry wyr\u00f3\u017cnia was jako budowniczych jedno\u015bci i pokoju. W ten spos\u00f3b b\u0119dziecie rozsiewa\u0107 wok\u00f3\u0142 siebie zapach nadziei&#8221;.<\/p>\n\n\n\n<figure class=\"wp-block-gallery has-nested-images columns-default is-cropped wp-block-gallery-1 is-layout-flex wp-block-gallery-is-layout-flex\">\n<figure class=\"wp-block-image\"><img loading=\"lazy\" decoding=\"async\" width=\"1280\" height=\"576\" data-id=\"39249\" src=\"https:\/\/filles-de-la-charite.org\/wp-content\/uploads\/2024\/09\/WhatsApp-Image-2024-09-11-at-04.30.34-2.jpeg\" alt=\"\" class=\"wp-image-39249\" srcset=\"https:\/\/filles-de-la-charite.org\/wp-content\/uploads\/2024\/09\/WhatsApp-Image-2024-09-11-at-04.30.34-2.jpeg 1280w, https:\/\/filles-de-la-charite.org\/wp-content\/uploads\/2024\/09\/WhatsApp-Image-2024-09-11-at-04.30.34-2-980x441.jpeg 980w, https:\/\/filles-de-la-charite.org\/wp-content\/uploads\/2024\/09\/WhatsApp-Image-2024-09-11-at-04.30.34-2-480x216.jpeg 480w\" sizes=\"(min-width: 0px) and (max-width: 480px) 480px, (min-width: 481px) and (max-width: 980px) 980px, (min-width: 981px) 1280px, 100vw\" \/><\/figure>\n\n\n\n<figure class=\"wp-block-image\"><img loading=\"lazy\" decoding=\"async\" width=\"1600\" height=\"1200\" data-id=\"39243\" src=\"https:\/\/filles-de-la-charite.org\/wp-content\/uploads\/2024\/09\/WhatsApp-Image-2024-09-11-at-04.36.04-1.jpeg\" alt=\"\" class=\"wp-image-39243\" srcset=\"https:\/\/filles-de-la-charite.org\/wp-content\/uploads\/2024\/09\/WhatsApp-Image-2024-09-11-at-04.36.04-1.jpeg 1600w, https:\/\/filles-de-la-charite.org\/wp-content\/uploads\/2024\/09\/WhatsApp-Image-2024-09-11-at-04.36.04-1-1280x960.jpeg 1280w, https:\/\/filles-de-la-charite.org\/wp-content\/uploads\/2024\/09\/WhatsApp-Image-2024-09-11-at-04.36.04-1-980x735.jpeg 980w, https:\/\/filles-de-la-charite.org\/wp-content\/uploads\/2024\/09\/WhatsApp-Image-2024-09-11-at-04.36.04-1-480x360.jpeg 480w\" sizes=\"(min-width: 0px) and (max-width: 480px) 480px, (min-width: 481px) and (max-width: 980px) 980px, (min-width: 981px) and (max-width: 1280px) 1280px, (min-width: 1281px) 1600px, 100vw\" \/><\/figure>\n\n\n\n<figure class=\"wp-block-image\"><img loading=\"lazy\" decoding=\"async\" width=\"1600\" height=\"1200\" data-id=\"39237\" src=\"https:\/\/filles-de-la-charite.org\/wp-content\/uploads\/2024\/09\/WhatsApp-Image-2024-09-11-at-04.30.34.jpeg\" alt=\"\" class=\"wp-image-39237\" srcset=\"https:\/\/filles-de-la-charite.org\/wp-content\/uploads\/2024\/09\/WhatsApp-Image-2024-09-11-at-04.30.34.jpeg 1600w, https:\/\/filles-de-la-charite.org\/wp-content\/uploads\/2024\/09\/WhatsApp-Image-2024-09-11-at-04.30.34-1280x960.jpeg 1280w, https:\/\/filles-de-la-charite.org\/wp-content\/uploads\/2024\/09\/WhatsApp-Image-2024-09-11-at-04.30.34-980x735.jpeg 980w, https:\/\/filles-de-la-charite.org\/wp-content\/uploads\/2024\/09\/WhatsApp-Image-2024-09-11-at-04.30.34-480x360.jpeg 480w\" sizes=\"(min-width: 0px) and (max-width: 480px) 480px, (min-width: 481px) and (max-width: 980px) 980px, (min-width: 981px) and (max-width: 1280px) 1280px, (min-width: 1281px) 1600px, 100vw\" \/><\/figure>\n\n\n\n<figure class=\"wp-block-image\"><img loading=\"lazy\" decoding=\"async\" width=\"900\" height=\"1600\" data-id=\"39225\" src=\"https:\/\/filles-de-la-charite.org\/wp-content\/uploads\/2024\/09\/WhatsApp-Image-2024-09-11-at-04.30.35-2.jpeg\" alt=\"\" class=\"wp-image-39225\" srcset=\"https:\/\/filles-de-la-charite.org\/wp-content\/uploads\/2024\/09\/WhatsApp-Image-2024-09-11-at-04.30.35-2.jpeg 900w, https:\/\/filles-de-la-charite.org\/wp-content\/uploads\/2024\/09\/WhatsApp-Image-2024-09-11-at-04.30.35-2-480x853.jpeg 480w\" sizes=\"(min-width: 0px) and (max-width: 480px) 480px, (min-width: 481px) 900px, 100vw\" \/><\/figure>\n\n\n\n<figure class=\"wp-block-image\"><img loading=\"lazy\" decoding=\"async\" width=\"1600\" height=\"900\" data-id=\"39231\" src=\"https:\/\/filles-de-la-charite.org\/wp-content\/uploads\/2024\/09\/WhatsApp-Image-2024-09-11-at-04.30.35.jpeg\" alt=\"\" class=\"wp-image-39231\" srcset=\"https:\/\/filles-de-la-charite.org\/wp-content\/uploads\/2024\/09\/WhatsApp-Image-2024-09-11-at-04.30.35.jpeg 1600w, https:\/\/filles-de-la-charite.org\/wp-content\/uploads\/2024\/09\/WhatsApp-Image-2024-09-11-at-04.30.35-1280x720.jpeg 1280w, https:\/\/filles-de-la-charite.org\/wp-content\/uploads\/2024\/09\/WhatsApp-Image-2024-09-11-at-04.30.35-980x551.jpeg 980w, https:\/\/filles-de-la-charite.org\/wp-content\/uploads\/2024\/09\/WhatsApp-Image-2024-09-11-at-04.30.35-480x270.jpeg 480w\" sizes=\"(min-width: 0px) and (max-width: 480px) 480px, (min-width: 481px) and (max-width: 980px) 980px, (min-width: 981px) and (max-width: 1280px) 1280px, (min-width: 1281px) 1600px, 100vw\" \/><\/figure>\n\n\n\n<figure class=\"wp-block-image\"><img loading=\"lazy\" decoding=\"async\" width=\"900\" height=\"1600\" data-id=\"39255\" src=\"https:\/\/filles-de-la-charite.org\/wp-content\/uploads\/2024\/09\/WhatsApp-Image-2024-09-11-at-04.30.35-1.jpeg\" alt=\"\" class=\"wp-image-39255\" srcset=\"https:\/\/filles-de-la-charite.org\/wp-content\/uploads\/2024\/09\/WhatsApp-Image-2024-09-11-at-04.30.35-1.jpeg 900w, https:\/\/filles-de-la-charite.org\/wp-content\/uploads\/2024\/09\/WhatsApp-Image-2024-09-11-at-04.30.35-1-480x853.jpeg 480w\" sizes=\"(min-width: 0px) and (max-width: 480px) 480px, (min-width: 481px) 900px, 100vw\" \/><\/figure>\n<\/figure>\n\n\n\n<p>Papie\u017c Franciszek ko\u0144czy wizyt\u0119 w Indonezji dnia 6 wrze\u015bnia 2024 r. z mocnym wezwaniem do pokoju, jedno\u015bci i troski o \u015brodowisko.\u00a0 Przes\u0142ania przekazane podczas tej wizyty apostolskiej s\u0105 skierowane nie tylko do Indonezyjczyk\u00f3w, ale tak\u017ce do wszystkich narod\u00f3w. Warto\u015bci wiary, braterstwa i wsp\u00f3\u0142czucia musz\u0105 by\u0107 konsekwentnie podtrzymywane, aby wspiera\u0107 bardziej pokojow\u0105 i sprawiedliw\u0105 egzystencj\u0119. Niech obecno\u015b\u0107 Ojca \u015awi\u0119tego w Indonezji przyniesie b\u0142ogos\u0142awie\u0144stwo wszystkim narodom, aby imi\u0119 Boga by\u0142o uwielbione, zar\u00f3wno teraz, jak i na wieki.<\/p>\n","protected":false},"excerpt":{"rendered":"<p>Papie\u017c Franciszek we wrze\u015bniu wyruszy\u0142 z wizyt\u0105 apostolsk\u0105 do Azji Po\u0142udniowo-Wschodniej i Oceanii, a Indonezja by\u0142a pierwszym krajem, kt\u00f3ry odwiedzi\u0142, przed Papu\u0105 Now\u0105 Gwine\u0105, Timorem Wschodnim i Singapurem. Papie\u017c Franciszek przyby\u0142 do Indonezji 3 wrze\u015bnia 2024 r. Zosta\u0142 powitany z wielk\u0105 serdeczno\u015bci\u0105, rado\u015bci\u0105 i wdzi\u0119czno\u015bci\u0105 przez mieszka\u0144c\u00f3w Indonezji, kt\u00f3rzy s\u0105 zr\u00f3\u017cnicowani pod wzgl\u0119dem pochodzenia etnicznego, [&hellip;]<\/p>\n","protected":false},"author":5,"featured_media":39202,"comment_status":"closed","ping_status":"closed","sticky":false,"template":"","format":"standard","meta":{"_acf_changed":false,"_et_pb_use_builder":"","_et_pb_old_content":"","_et_gb_content_width":"","footnotes":"","_links_to":"","_links_to_target":""},"categories":[517],"tags":[],"class_list":["post-39269","post","type-post","status-publish","format-standard","has-post-thumbnail","hentry","category-indonezja"],"acf":[],"yoast_head":"<!-- This site is optimized with the Yoast SEO plugin v27.5 - https:\/\/yoast.com\/product\/yoast-seo-wordpress\/ -->\n<title>Wizyta apostolska Papie\u017ca Franciszka w Indonezji, 3-6 Wrze\u015bnia 2024 r. - Filles de la Charit\u00e9<\/title>\n<meta name=\"robots\" content=\"index, follow, max-snippet:-1, max-image-preview:large, max-video-preview:-1\" \/>\n<link rel=\"canonical\" href=\"https:\/\/filles-de-la-charite.org\/pl\/pope-francis-apostolic-visit-to-indonesia-september-3-6-2024\/\" \/>\n<meta property=\"og:locale\" content=\"pl_PL\" \/>\n<meta property=\"og:type\" content=\"article\" \/>\n<meta property=\"og:title\" content=\"Wizyta apostolska Papie\u017ca Franciszka w Indonezji, 3-6 Wrze\u015bnia 2024 r. - Filles de la Charit\u00e9\" \/>\n<meta property=\"og:description\" content=\"Papie\u017c Franciszek we wrze\u015bniu wyruszy\u0142 z wizyt\u0105 apostolsk\u0105 do Azji Po\u0142udniowo-Wschodniej i Oceanii, a Indonezja by\u0142a pierwszym krajem, kt\u00f3ry odwiedzi\u0142, przed Papu\u0105 Now\u0105 Gwine\u0105, Timorem Wschodnim i Singapurem. Papie\u017c Franciszek przyby\u0142 do Indonezji 3 wrze\u015bnia 2024 r. Zosta\u0142 powitany z wielk\u0105 serdeczno\u015bci\u0105, rado\u015bci\u0105 i wdzi\u0119czno\u015bci\u0105 przez mieszka\u0144c\u00f3w Indonezji, kt\u00f3rzy s\u0105 zr\u00f3\u017cnicowani pod wzgl\u0119dem pochodzenia etnicznego, [&hellip;]\" \/>\n<meta property=\"og:url\" content=\"https:\/\/filles-de-la-charite.org\/pl\/pope-francis-apostolic-visit-to-indonesia-september-3-6-2024\/\" \/>\n<meta property=\"og:site_name\" content=\"Filles de la Charit\u00e9\" \/>\n<meta property=\"article:published_time\" content=\"2024-09-11T17:00:34+00:00\" \/>\n<meta property=\"article:modified_time\" content=\"2024-09-11T17:09:54+00:00\" \/>\n<meta property=\"og:image\" content=\"https:\/\/filles-de-la-charite.org\/wp-content\/uploads\/2024\/09\/WhatsApp-Image-2024-09-10-at-23.37.52.jpeg\" \/>\n\t<meta property=\"og:image:width\" content=\"1600\" \/>\n\t<meta property=\"og:image:height\" content=\"1066\" \/>\n\t<meta property=\"og:image:type\" content=\"image\/jpeg\" \/>\n<meta name=\"author\" content=\"SOR MARTA\" \/>\n<meta name=\"twitter:card\" content=\"summary_large_image\" \/>\n<meta name=\"twitter:label1\" content=\"Napisane przez\" \/>\n\t<meta name=\"twitter:data1\" content=\"SOR MARTA\" \/>\n\t<meta name=\"twitter:label2\" content=\"Szacowany czas czytania\" \/>\n\t<meta name=\"twitter:data2\" content=\"6 minut\" \/>\n<script type=\"application\/ld+json\" class=\"yoast-schema-graph\">{\"@context\":\"https:\\\/\\\/schema.org\",\"@graph\":[{\"@type\":\"Article\",\"@id\":\"https:\\\/\\\/filles-de-la-charite.org\\\/pl\\\/pope-francis-apostolic-visit-to-indonesia-september-3-6-2024\\\/#article\",\"isPartOf\":{\"@id\":\"https:\\\/\\\/filles-de-la-charite.org\\\/pl\\\/pope-francis-apostolic-visit-to-indonesia-september-3-6-2024\\\/\"},\"author\":{\"name\":\"SOR MARTA\",\"@id\":\"https:\\\/\\\/filles-de-la-charite.org\\\/pl\\\/#\\\/schema\\\/person\\\/0c922b6ca71280639858d297b3a7209f\"},\"headline\":\"Wizyta apostolska Papie\u017ca Franciszka w Indonezji, 3-6 Wrze\u015bnia 2024 r.\",\"datePublished\":\"2024-09-11T17:00:34+00:00\",\"dateModified\":\"2024-09-11T17:09:54+00:00\",\"mainEntityOfPage\":{\"@id\":\"https:\\\/\\\/filles-de-la-charite.org\\\/pl\\\/pope-francis-apostolic-visit-to-indonesia-september-3-6-2024\\\/\"},\"wordCount\":775,\"publisher\":{\"@id\":\"https:\\\/\\\/filles-de-la-charite.org\\\/pl\\\/#organization\"},\"image\":{\"@id\":\"https:\\\/\\\/filles-de-la-charite.org\\\/pl\\\/pope-francis-apostolic-visit-to-indonesia-september-3-6-2024\\\/#primaryimage\"},\"thumbnailUrl\":\"https:\\\/\\\/filles-de-la-charite.org\\\/wp-content\\\/uploads\\\/2024\\\/09\\\/WhatsApp-Image-2024-09-10-at-23.37.52.jpeg\",\"articleSection\":[\"Indonezja\"],\"inLanguage\":\"pl-PL\"},{\"@type\":\"WebPage\",\"@id\":\"https:\\\/\\\/filles-de-la-charite.org\\\/pl\\\/pope-francis-apostolic-visit-to-indonesia-september-3-6-2024\\\/\",\"url\":\"https:\\\/\\\/filles-de-la-charite.org\\\/pl\\\/pope-francis-apostolic-visit-to-indonesia-september-3-6-2024\\\/\",\"name\":\"Wizyta apostolska Papie\u017ca Franciszka w Indonezji, 3-6 Wrze\u015bnia 2024 r. - Filles de la Charit\u00e9\",\"isPartOf\":{\"@id\":\"https:\\\/\\\/filles-de-la-charite.org\\\/pl\\\/#website\"},\"primaryImageOfPage\":{\"@id\":\"https:\\\/\\\/filles-de-la-charite.org\\\/pl\\\/pope-francis-apostolic-visit-to-indonesia-september-3-6-2024\\\/#primaryimage\"},\"image\":{\"@id\":\"https:\\\/\\\/filles-de-la-charite.org\\\/pl\\\/pope-francis-apostolic-visit-to-indonesia-september-3-6-2024\\\/#primaryimage\"},\"thumbnailUrl\":\"https:\\\/\\\/filles-de-la-charite.org\\\/wp-content\\\/uploads\\\/2024\\\/09\\\/WhatsApp-Image-2024-09-10-at-23.37.52.jpeg\",\"datePublished\":\"2024-09-11T17:00:34+00:00\",\"dateModified\":\"2024-09-11T17:09:54+00:00\",\"breadcrumb\":{\"@id\":\"https:\\\/\\\/filles-de-la-charite.org\\\/pl\\\/pope-francis-apostolic-visit-to-indonesia-september-3-6-2024\\\/#breadcrumb\"},\"inLanguage\":\"pl-PL\",\"potentialAction\":[{\"@type\":\"ReadAction\",\"target\":[\"https:\\\/\\\/filles-de-la-charite.org\\\/pl\\\/pope-francis-apostolic-visit-to-indonesia-september-3-6-2024\\\/\"]}]},{\"@type\":\"ImageObject\",\"inLanguage\":\"pl-PL\",\"@id\":\"https:\\\/\\\/filles-de-la-charite.org\\\/pl\\\/pope-francis-apostolic-visit-to-indonesia-september-3-6-2024\\\/#primaryimage\",\"url\":\"https:\\\/\\\/filles-de-la-charite.org\\\/wp-content\\\/uploads\\\/2024\\\/09\\\/WhatsApp-Image-2024-09-10-at-23.37.52.jpeg\",\"contentUrl\":\"https:\\\/\\\/filles-de-la-charite.org\\\/wp-content\\\/uploads\\\/2024\\\/09\\\/WhatsApp-Image-2024-09-10-at-23.37.52.jpeg\",\"width\":1600,\"height\":1066},{\"@type\":\"BreadcrumbList\",\"@id\":\"https:\\\/\\\/filles-de-la-charite.org\\\/pl\\\/pope-francis-apostolic-visit-to-indonesia-september-3-6-2024\\\/#breadcrumb\",\"itemListElement\":[{\"@type\":\"ListItem\",\"position\":1,\"name\":\"Indonezja\",\"item\":\"https:\\\/\\\/filles-de-la-charite.org\\\/pl\\\/category\\\/indonezja\\\/\"},{\"@type\":\"ListItem\",\"position\":2,\"name\":\"Wizyta apostolska Papie\u017ca Franciszka w Indonezji, 3-6 Wrze\u015bnia 2024 r.\"}]},{\"@type\":\"WebSite\",\"@id\":\"https:\\\/\\\/filles-de-la-charite.org\\\/pl\\\/#website\",\"url\":\"https:\\\/\\\/filles-de-la-charite.org\\\/pl\\\/\",\"name\":\"Hijas de la Caridad\",\"description\":\"L\u2019amour de J\u00e9sus nous presse \u00e0 prendre soin des personnes les plus d\u00e9munies\",\"publisher\":{\"@id\":\"https:\\\/\\\/filles-de-la-charite.org\\\/pl\\\/#organization\"},\"potentialAction\":[{\"@type\":\"SearchAction\",\"target\":{\"@type\":\"EntryPoint\",\"urlTemplate\":\"https:\\\/\\\/filles-de-la-charite.org\\\/pl\\\/?s={search_term_string}\"},\"query-input\":{\"@type\":\"PropertyValueSpecification\",\"valueRequired\":true,\"valueName\":\"search_term_string\"}}],\"inLanguage\":\"pl-PL\"},{\"@type\":\"Organization\",\"@id\":\"https:\\\/\\\/filles-de-la-charite.org\\\/pl\\\/#organization\",\"name\":\"Hijas de la Caridad\",\"url\":\"https:\\\/\\\/filles-de-la-charite.org\\\/pl\\\/\",\"logo\":{\"@type\":\"ImageObject\",\"inLanguage\":\"pl-PL\",\"@id\":\"https:\\\/\\\/filles-de-la-charite.org\\\/pl\\\/#\\\/schema\\\/logo\\\/image\\\/\",\"url\":\"https:\\\/\\\/filles-de-la-charite.org\\\/wp-content\\\/uploads\\\/2023\\\/03\\\/isotipo-Hijas-de-la-Caridad.png\",\"contentUrl\":\"https:\\\/\\\/filles-de-la-charite.org\\\/wp-content\\\/uploads\\\/2023\\\/03\\\/isotipo-Hijas-de-la-Caridad.png\",\"width\":1417,\"height\":1417,\"caption\":\"Hijas de la Caridad\"},\"image\":{\"@id\":\"https:\\\/\\\/filles-de-la-charite.org\\\/pl\\\/#\\\/schema\\\/logo\\\/image\\\/\"}},{\"@type\":\"Person\",\"@id\":\"https:\\\/\\\/filles-de-la-charite.org\\\/pl\\\/#\\\/schema\\\/person\\\/0c922b6ca71280639858d297b3a7209f\",\"name\":\"SOR MARTA\",\"image\":{\"@type\":\"ImageObject\",\"inLanguage\":\"pl-PL\",\"@id\":\"https:\\\/\\\/secure.gravatar.com\\\/avatar\\\/d2c45b0fd6bf2d3e2670ab3d112257c24ac80fa960360bba1bdc0676485d1d09?s=96&d=mm&r=g\",\"url\":\"https:\\\/\\\/secure.gravatar.com\\\/avatar\\\/d2c45b0fd6bf2d3e2670ab3d112257c24ac80fa960360bba1bdc0676485d1d09?s=96&d=mm&r=g\",\"contentUrl\":\"https:\\\/\\\/secure.gravatar.com\\\/avatar\\\/d2c45b0fd6bf2d3e2670ab3d112257c24ac80fa960360bba1bdc0676485d1d09?s=96&d=mm&r=g\",\"caption\":\"SOR MARTA\"},\"url\":\"https:\\\/\\\/filles-de-la-charite.org\\\/pl\\\/author\\\/martaemn\\\/\"}]}<\/script>\n<!-- \/ Yoast SEO plugin. -->","yoast_head_json":{"title":"Wizyta apostolska Papie\u017ca Franciszka w Indonezji, 3-6 Wrze\u015bnia 2024 r. - Filles de la Charit\u00e9","robots":{"index":"index","follow":"follow","max-snippet":"max-snippet:-1","max-image-preview":"max-image-preview:large","max-video-preview":"max-video-preview:-1"},"canonical":"https:\/\/filles-de-la-charite.org\/pl\/pope-francis-apostolic-visit-to-indonesia-september-3-6-2024\/","og_locale":"pl_PL","og_type":"article","og_title":"Wizyta apostolska Papie\u017ca Franciszka w Indonezji, 3-6 Wrze\u015bnia 2024 r. - Filles de la Charit\u00e9","og_description":"Papie\u017c Franciszek we wrze\u015bniu wyruszy\u0142 z wizyt\u0105 apostolsk\u0105 do Azji Po\u0142udniowo-Wschodniej i Oceanii, a Indonezja by\u0142a pierwszym krajem, kt\u00f3ry odwiedzi\u0142, przed Papu\u0105 Now\u0105 Gwine\u0105, Timorem Wschodnim i Singapurem. Papie\u017c Franciszek przyby\u0142 do Indonezji 3 wrze\u015bnia 2024 r. Zosta\u0142 powitany z wielk\u0105 serdeczno\u015bci\u0105, rado\u015bci\u0105 i wdzi\u0119czno\u015bci\u0105 przez mieszka\u0144c\u00f3w Indonezji, kt\u00f3rzy s\u0105 zr\u00f3\u017cnicowani pod wzgl\u0119dem pochodzenia etnicznego, [&hellip;]","og_url":"https:\/\/filles-de-la-charite.org\/pl\/pope-francis-apostolic-visit-to-indonesia-september-3-6-2024\/","og_site_name":"Filles de la Charit\u00e9","article_published_time":"2024-09-11T17:00:34+00:00","article_modified_time":"2024-09-11T17:09:54+00:00","og_image":[{"width":1600,"height":1066,"url":"https:\/\/filles-de-la-charite.org\/wp-content\/uploads\/2024\/09\/WhatsApp-Image-2024-09-10-at-23.37.52.jpeg","type":"image\/jpeg"}],"author":"SOR MARTA","twitter_card":"summary_large_image","twitter_misc":{"Napisane przez":"SOR MARTA","Szacowany czas czytania":"6 minut"},"schema":{"@context":"https:\/\/schema.org","@graph":[{"@type":"Article","@id":"https:\/\/filles-de-la-charite.org\/pl\/pope-francis-apostolic-visit-to-indonesia-september-3-6-2024\/#article","isPartOf":{"@id":"https:\/\/filles-de-la-charite.org\/pl\/pope-francis-apostolic-visit-to-indonesia-september-3-6-2024\/"},"author":{"name":"SOR MARTA","@id":"https:\/\/filles-de-la-charite.org\/pl\/#\/schema\/person\/0c922b6ca71280639858d297b3a7209f"},"headline":"Wizyta apostolska Papie\u017ca Franciszka w Indonezji, 3-6 Wrze\u015bnia 2024 r.","datePublished":"2024-09-11T17:00:34+00:00","dateModified":"2024-09-11T17:09:54+00:00","mainEntityOfPage":{"@id":"https:\/\/filles-de-la-charite.org\/pl\/pope-francis-apostolic-visit-to-indonesia-september-3-6-2024\/"},"wordCount":775,"publisher":{"@id":"https:\/\/filles-de-la-charite.org\/pl\/#organization"},"image":{"@id":"https:\/\/filles-de-la-charite.org\/pl\/pope-francis-apostolic-visit-to-indonesia-september-3-6-2024\/#primaryimage"},"thumbnailUrl":"https:\/\/filles-de-la-charite.org\/wp-content\/uploads\/2024\/09\/WhatsApp-Image-2024-09-10-at-23.37.52.jpeg","articleSection":["Indonezja"],"inLanguage":"pl-PL"},{"@type":"WebPage","@id":"https:\/\/filles-de-la-charite.org\/pl\/pope-francis-apostolic-visit-to-indonesia-september-3-6-2024\/","url":"https:\/\/filles-de-la-charite.org\/pl\/pope-francis-apostolic-visit-to-indonesia-september-3-6-2024\/","name":"Wizyta apostolska Papie\u017ca Franciszka w Indonezji, 3-6 Wrze\u015bnia 2024 r. - Filles de la Charit\u00e9","isPartOf":{"@id":"https:\/\/filles-de-la-charite.org\/pl\/#website"},"primaryImageOfPage":{"@id":"https:\/\/filles-de-la-charite.org\/pl\/pope-francis-apostolic-visit-to-indonesia-september-3-6-2024\/#primaryimage"},"image":{"@id":"https:\/\/filles-de-la-charite.org\/pl\/pope-francis-apostolic-visit-to-indonesia-september-3-6-2024\/#primaryimage"},"thumbnailUrl":"https:\/\/filles-de-la-charite.org\/wp-content\/uploads\/2024\/09\/WhatsApp-Image-2024-09-10-at-23.37.52.jpeg","datePublished":"2024-09-11T17:00:34+00:00","dateModified":"2024-09-11T17:09:54+00:00","breadcrumb":{"@id":"https:\/\/filles-de-la-charite.org\/pl\/pope-francis-apostolic-visit-to-indonesia-september-3-6-2024\/#breadcrumb"},"inLanguage":"pl-PL","potentialAction":[{"@type":"ReadAction","target":["https:\/\/filles-de-la-charite.org\/pl\/pope-francis-apostolic-visit-to-indonesia-september-3-6-2024\/"]}]},{"@type":"ImageObject","inLanguage":"pl-PL","@id":"https:\/\/filles-de-la-charite.org\/pl\/pope-francis-apostolic-visit-to-indonesia-september-3-6-2024\/#primaryimage","url":"https:\/\/filles-de-la-charite.org\/wp-content\/uploads\/2024\/09\/WhatsApp-Image-2024-09-10-at-23.37.52.jpeg","contentUrl":"https:\/\/filles-de-la-charite.org\/wp-content\/uploads\/2024\/09\/WhatsApp-Image-2024-09-10-at-23.37.52.jpeg","width":1600,"height":1066},{"@type":"BreadcrumbList","@id":"https:\/\/filles-de-la-charite.org\/pl\/pope-francis-apostolic-visit-to-indonesia-september-3-6-2024\/#breadcrumb","itemListElement":[{"@type":"ListItem","position":1,"name":"Indonezja","item":"https:\/\/filles-de-la-charite.org\/pl\/category\/indonezja\/"},{"@type":"ListItem","position":2,"name":"Wizyta apostolska Papie\u017ca Franciszka w Indonezji, 3-6 Wrze\u015bnia 2024 r."}]},{"@type":"WebSite","@id":"https:\/\/filles-de-la-charite.org\/pl\/#website","url":"https:\/\/filles-de-la-charite.org\/pl\/","name":"Hijas de la Caridad","description":"L\u2019amour de J\u00e9sus nous presse \u00e0 prendre soin des personnes les plus d\u00e9munies","publisher":{"@id":"https:\/\/filles-de-la-charite.org\/pl\/#organization"},"potentialAction":[{"@type":"SearchAction","target":{"@type":"EntryPoint","urlTemplate":"https:\/\/filles-de-la-charite.org\/pl\/?s={search_term_string}"},"query-input":{"@type":"PropertyValueSpecification","valueRequired":true,"valueName":"search_term_string"}}],"inLanguage":"pl-PL"},{"@type":"Organization","@id":"https:\/\/filles-de-la-charite.org\/pl\/#organization","name":"Hijas de la Caridad","url":"https:\/\/filles-de-la-charite.org\/pl\/","logo":{"@type":"ImageObject","inLanguage":"pl-PL","@id":"https:\/\/filles-de-la-charite.org\/pl\/#\/schema\/logo\/image\/","url":"https:\/\/filles-de-la-charite.org\/wp-content\/uploads\/2023\/03\/isotipo-Hijas-de-la-Caridad.png","contentUrl":"https:\/\/filles-de-la-charite.org\/wp-content\/uploads\/2023\/03\/isotipo-Hijas-de-la-Caridad.png","width":1417,"height":1417,"caption":"Hijas de la Caridad"},"image":{"@id":"https:\/\/filles-de-la-charite.org\/pl\/#\/schema\/logo\/image\/"}},{"@type":"Person","@id":"https:\/\/filles-de-la-charite.org\/pl\/#\/schema\/person\/0c922b6ca71280639858d297b3a7209f","name":"SOR MARTA","image":{"@type":"ImageObject","inLanguage":"pl-PL","@id":"https:\/\/secure.gravatar.com\/avatar\/d2c45b0fd6bf2d3e2670ab3d112257c24ac80fa960360bba1bdc0676485d1d09?s=96&d=mm&r=g","url":"https:\/\/secure.gravatar.com\/avatar\/d2c45b0fd6bf2d3e2670ab3d112257c24ac80fa960360bba1bdc0676485d1d09?s=96&d=mm&r=g","contentUrl":"https:\/\/secure.gravatar.com\/avatar\/d2c45b0fd6bf2d3e2670ab3d112257c24ac80fa960360bba1bdc0676485d1d09?s=96&d=mm&r=g","caption":"SOR MARTA"},"url":"https:\/\/filles-de-la-charite.org\/pl\/author\/martaemn\/"}]}},"_links":{"self":[{"href":"https:\/\/filles-de-la-charite.org\/pl\/wp-json\/wp\/v2\/posts\/39269","targetHints":{"allow":["GET"]}}],"collection":[{"href":"https:\/\/filles-de-la-charite.org\/pl\/wp-json\/wp\/v2\/posts"}],"about":[{"href":"https:\/\/filles-de-la-charite.org\/pl\/wp-json\/wp\/v2\/types\/post"}],"author":[{"embeddable":true,"href":"https:\/\/filles-de-la-charite.org\/pl\/wp-json\/wp\/v2\/users\/5"}],"replies":[{"embeddable":true,"href":"https:\/\/filles-de-la-charite.org\/pl\/wp-json\/wp\/v2\/comments?post=39269"}],"version-history":[{"count":2,"href":"https:\/\/filles-de-la-charite.org\/pl\/wp-json\/wp\/v2\/posts\/39269\/revisions"}],"predecessor-version":[{"id":39284,"href":"https:\/\/filles-de-la-charite.org\/pl\/wp-json\/wp\/v2\/posts\/39269\/revisions\/39284"}],"wp:featuredmedia":[{"embeddable":true,"href":"https:\/\/filles-de-la-charite.org\/pl\/wp-json\/wp\/v2\/media\/39202"}],"wp:attachment":[{"href":"https:\/\/filles-de-la-charite.org\/pl\/wp-json\/wp\/v2\/media?parent=39269"}],"wp:term":[{"taxonomy":"category","embeddable":true,"href":"https:\/\/filles-de-la-charite.org\/pl\/wp-json\/wp\/v2\/categories?post=39269"},{"taxonomy":"post_tag","embeddable":true,"href":"https:\/\/filles-de-la-charite.org\/pl\/wp-json\/wp\/v2\/tags?post=39269"}],"curies":[{"name":"wp","href":"https:\/\/api.w.org\/{rel}","templated":true}]}}