{"id":39953,"date":"2024-10-08T00:00:48","date_gmt":"2024-10-07T22:00:48","guid":{"rendered":"https:\/\/filles-de-la-charite.org\/hijas-de-la-caridad-hijas-de-la-iglesia\/"},"modified":"2024-10-08T00:06:44","modified_gmt":"2024-10-07T22:06:44","slug":"hijas-de-la-caridad-hijas-de-la-iglesia","status":"publish","type":"post","link":"https:\/\/filles-de-la-charite.org\/pl\/hijas-de-la-caridad-hijas-de-la-iglesia\/","title":{"rendered":"Siostry Mi\u0142osierdzia, c\u00f3rki Ko\u015bcio\u0142a"},"content":{"rendered":"\n<p>Siostra Ester Lucas Jos\u00e9 MARIA z Prowincji Mozambiku i Siostra Maria Suyapa CACHO \u00c1LVAREZ z Prowincji Ameryki \u015arodkowej bior\u0105 udzia\u0142 w drugiej sesji Synodu o synodalno\u015bci, kt\u00f3ry rozpocz\u0105\u0142 si\u0119 w Rzymie, 2 pa\u017adziernika br. By\u0142y one ju\u017c jego cz\u0142onkiniami w roku ubieg\u0142ym. Dzi\u0119kujemy im i m\u00f3dlmy si\u0119, aby Duch \u015awi\u0119ty prowadzi\u0142 to wielkie wydarzenie, tak wa\u017cne dla \u017cycia Ko\u015bcio\u0142a w dzisiejszym \u015bwiecie. \u00a0<\/p>\n\n\n\n<figure class=\"wp-block-image alignfull size-full\"><img loading=\"lazy\" decoding=\"async\" width=\"574\" height=\"323\" src=\"https:\/\/filles-de-la-charite.org\/wp-content\/uploads\/2024\/10\/synode-2-1.jpg\" alt=\"\" class=\"wp-image-39936\" srcset=\"https:\/\/filles-de-la-charite.org\/wp-content\/uploads\/2024\/10\/synode-2-1.jpg 574w, https:\/\/filles-de-la-charite.org\/wp-content\/uploads\/2024\/10\/synode-2-1-480x270.jpg 480w\" sizes=\"(min-width: 0px) and (max-width: 480px) 480px, (min-width: 481px) 574px, 100vw\" \/><\/figure>\n\n\n\n<figure class=\"wp-block-image alignfull size-large\"><img loading=\"lazy\" decoding=\"async\" width=\"1024\" height=\"576\" src=\"https:\/\/filles-de-la-charite.org\/wp-content\/uploads\/2024\/10\/synode-3-1-1024x576.jpg\" alt=\"\" class=\"wp-image-39942\" srcset=\"https:\/\/filles-de-la-charite.org\/wp-content\/uploads\/2024\/10\/synode-3-1-1024x576.jpg 1024w, https:\/\/filles-de-la-charite.org\/wp-content\/uploads\/2024\/10\/synode-3-1-980x551.jpg 980w, https:\/\/filles-de-la-charite.org\/wp-content\/uploads\/2024\/10\/synode-3-1-480x270.jpg 480w\" sizes=\"(min-width: 0px) and (max-width: 480px) 480px, (min-width: 481px) and (max-width: 980px) 980px, (min-width: 981px) 1024px, 100vw\" \/><\/figure>\n\n\n\n<p>Zach\u0119camy do \u015bledzenia poszczeg\u00f3lnych sesji, do modlitwy w intencji synodu, jak r\u00f3wnie\u017c do wsp\u00f3lnego zg\u0142\u0119biania poruszanych na nim kwestii. Umacniajmy nasz\u0105 mi\u0142o\u015b\u0107 do Ko\u015bcio\u0142a i nasze uczestnictwo w jego \u017cyciu na wszystkich p\u0142aszczyznach.<\/p>\n\n\n\n<figure class=\"wp-block-image size-large\"><img loading=\"lazy\" decoding=\"async\" width=\"768\" height=\"1024\" src=\"https:\/\/filles-de-la-charite.org\/wp-content\/uploads\/2024\/10\/synode-1-768x1024.jpg\" alt=\"\" class=\"wp-image-39912\"\/><\/figure>\n","protected":false},"excerpt":{"rendered":"<p>Siostra Ester Lucas Jos\u00e9 MARIA z Prowincji Mozambiku i Siostra Maria Suyapa CACHO \u00c1LVAREZ z Prowincji Ameryki \u015arodkowej bior\u0105 udzia\u0142 w drugiej sesji Synodu o synodalno\u015bci, kt\u00f3ry rozpocz\u0105\u0142 si\u0119 w Rzymie, 2 pa\u017adziernika br. By\u0142y one ju\u017c jego cz\u0142onkiniami w roku ubieg\u0142ym. Dzi\u0119kujemy im i m\u00f3dlmy si\u0119, aby Duch \u015awi\u0119ty prowadzi\u0142 to wielkie wydarzenie, tak [&hellip;]<\/p>\n","protected":false},"author":5,"featured_media":39931,"comment_status":"closed","ping_status":"closed","sticky":false,"template":"","format":"standard","meta":{"_acf_changed":false,"_et_pb_use_builder":"","_et_pb_old_content":"","_et_gb_content_width":"","footnotes":"","_links_to":"","_links_to_target":""},"categories":[844],"tags":[],"class_list":["post-39953","post","type-post","status-publish","format-standard","has-post-thumbnail","hentry","category-miedzynarodowy"],"acf":[],"yoast_head":"<!-- This site is optimized with the Yoast SEO plugin v27.5 - https:\/\/yoast.com\/product\/yoast-seo-wordpress\/ -->\n<title>Siostry Mi\u0142osierdzia, c\u00f3rki Ko\u015bcio\u0142a - Filles de la Charit\u00e9<\/title>\n<meta name=\"robots\" content=\"index, follow, max-snippet:-1, max-image-preview:large, max-video-preview:-1\" \/>\n<link rel=\"canonical\" href=\"https:\/\/filles-de-la-charite.org\/pl\/hijas-de-la-caridad-hijas-de-la-iglesia\/\" \/>\n<meta property=\"og:locale\" content=\"pl_PL\" \/>\n<meta property=\"og:type\" content=\"article\" \/>\n<meta property=\"og:title\" content=\"Siostry Mi\u0142osierdzia, c\u00f3rki Ko\u015bcio\u0142a - Filles de la Charit\u00e9\" \/>\n<meta property=\"og:description\" content=\"Siostra Ester Lucas Jos\u00e9 MARIA z Prowincji Mozambiku i Siostra Maria Suyapa CACHO \u00c1LVAREZ z Prowincji Ameryki \u015arodkowej bior\u0105 udzia\u0142 w drugiej sesji Synodu o synodalno\u015bci, kt\u00f3ry rozpocz\u0105\u0142 si\u0119 w Rzymie, 2 pa\u017adziernika br. By\u0142y one ju\u017c jego cz\u0142onkiniami w roku ubieg\u0142ym. Dzi\u0119kujemy im i m\u00f3dlmy si\u0119, aby Duch \u015awi\u0119ty prowadzi\u0142 to wielkie wydarzenie, tak [&hellip;]\" \/>\n<meta property=\"og:url\" content=\"https:\/\/filles-de-la-charite.org\/pl\/hijas-de-la-caridad-hijas-de-la-iglesia\/\" \/>\n<meta property=\"og:site_name\" content=\"Filles de la Charit\u00e9\" \/>\n<meta property=\"article:published_time\" content=\"2024-10-07T22:00:48+00:00\" \/>\n<meta property=\"article:modified_time\" content=\"2024-10-07T22:06:44+00:00\" \/>\n<meta property=\"og:image\" content=\"https:\/\/filles-de-la-charite.org\/wp-content\/uploads\/2024\/10\/synode-1-1.jpg\" \/>\n\t<meta property=\"og:image:width\" content=\"1200\" \/>\n\t<meta property=\"og:image:height\" content=\"675\" \/>\n\t<meta property=\"og:image:type\" content=\"image\/jpeg\" \/>\n<meta name=\"author\" content=\"SOR MARTA\" \/>\n<meta name=\"twitter:card\" content=\"summary_large_image\" \/>\n<meta name=\"twitter:label1\" content=\"Napisane przez\" \/>\n\t<meta name=\"twitter:data1\" content=\"SOR MARTA\" \/>\n\t<meta name=\"twitter:label2\" content=\"Szacowany czas czytania\" \/>\n\t<meta name=\"twitter:data2\" content=\"2 minuty\" \/>\n<script type=\"application\/ld+json\" class=\"yoast-schema-graph\">{\"@context\":\"https:\\\/\\\/schema.org\",\"@graph\":[{\"@type\":\"Article\",\"@id\":\"https:\\\/\\\/filles-de-la-charite.org\\\/pl\\\/hijas-de-la-caridad-hijas-de-la-iglesia\\\/#article\",\"isPartOf\":{\"@id\":\"https:\\\/\\\/filles-de-la-charite.org\\\/pl\\\/hijas-de-la-caridad-hijas-de-la-iglesia\\\/\"},\"author\":{\"name\":\"SOR MARTA\",\"@id\":\"https:\\\/\\\/filles-de-la-charite.org\\\/pl\\\/#\\\/schema\\\/person\\\/0c922b6ca71280639858d297b3a7209f\"},\"headline\":\"Siostry Mi\u0142osierdzia, c\u00f3rki Ko\u015bcio\u0142a\",\"datePublished\":\"2024-10-07T22:00:48+00:00\",\"dateModified\":\"2024-10-07T22:06:44+00:00\",\"mainEntityOfPage\":{\"@id\":\"https:\\\/\\\/filles-de-la-charite.org\\\/pl\\\/hijas-de-la-caridad-hijas-de-la-iglesia\\\/\"},\"wordCount\":123,\"publisher\":{\"@id\":\"https:\\\/\\\/filles-de-la-charite.org\\\/pl\\\/#organization\"},\"image\":{\"@id\":\"https:\\\/\\\/filles-de-la-charite.org\\\/pl\\\/hijas-de-la-caridad-hijas-de-la-iglesia\\\/#primaryimage\"},\"thumbnailUrl\":\"https:\\\/\\\/filles-de-la-charite.org\\\/wp-content\\\/uploads\\\/2024\\\/10\\\/synode-1-1.jpg\",\"articleSection\":[\"Mi\u0119dzynarodowy\"],\"inLanguage\":\"pl-PL\"},{\"@type\":\"WebPage\",\"@id\":\"https:\\\/\\\/filles-de-la-charite.org\\\/pl\\\/hijas-de-la-caridad-hijas-de-la-iglesia\\\/\",\"url\":\"https:\\\/\\\/filles-de-la-charite.org\\\/pl\\\/hijas-de-la-caridad-hijas-de-la-iglesia\\\/\",\"name\":\"Siostry Mi\u0142osierdzia, c\u00f3rki Ko\u015bcio\u0142a - Filles de la Charit\u00e9\",\"isPartOf\":{\"@id\":\"https:\\\/\\\/filles-de-la-charite.org\\\/pl\\\/#website\"},\"primaryImageOfPage\":{\"@id\":\"https:\\\/\\\/filles-de-la-charite.org\\\/pl\\\/hijas-de-la-caridad-hijas-de-la-iglesia\\\/#primaryimage\"},\"image\":{\"@id\":\"https:\\\/\\\/filles-de-la-charite.org\\\/pl\\\/hijas-de-la-caridad-hijas-de-la-iglesia\\\/#primaryimage\"},\"thumbnailUrl\":\"https:\\\/\\\/filles-de-la-charite.org\\\/wp-content\\\/uploads\\\/2024\\\/10\\\/synode-1-1.jpg\",\"datePublished\":\"2024-10-07T22:00:48+00:00\",\"dateModified\":\"2024-10-07T22:06:44+00:00\",\"breadcrumb\":{\"@id\":\"https:\\\/\\\/filles-de-la-charite.org\\\/pl\\\/hijas-de-la-caridad-hijas-de-la-iglesia\\\/#breadcrumb\"},\"inLanguage\":\"pl-PL\",\"potentialAction\":[{\"@type\":\"ReadAction\",\"target\":[\"https:\\\/\\\/filles-de-la-charite.org\\\/pl\\\/hijas-de-la-caridad-hijas-de-la-iglesia\\\/\"]}]},{\"@type\":\"ImageObject\",\"inLanguage\":\"pl-PL\",\"@id\":\"https:\\\/\\\/filles-de-la-charite.org\\\/pl\\\/hijas-de-la-caridad-hijas-de-la-iglesia\\\/#primaryimage\",\"url\":\"https:\\\/\\\/filles-de-la-charite.org\\\/wp-content\\\/uploads\\\/2024\\\/10\\\/synode-1-1.jpg\",\"contentUrl\":\"https:\\\/\\\/filles-de-la-charite.org\\\/wp-content\\\/uploads\\\/2024\\\/10\\\/synode-1-1.jpg\",\"width\":1200,\"height\":675},{\"@type\":\"BreadcrumbList\",\"@id\":\"https:\\\/\\\/filles-de-la-charite.org\\\/pl\\\/hijas-de-la-caridad-hijas-de-la-iglesia\\\/#breadcrumb\",\"itemListElement\":[{\"@type\":\"ListItem\",\"position\":1,\"name\":\"Mi\u0119dzynarodowy\",\"item\":\"https:\\\/\\\/filles-de-la-charite.org\\\/pl\\\/category\\\/miedzynarodowy\\\/\"},{\"@type\":\"ListItem\",\"position\":2,\"name\":\"Siostry Mi\u0142osierdzia, c\u00f3rki Ko\u015bcio\u0142a\"}]},{\"@type\":\"WebSite\",\"@id\":\"https:\\\/\\\/filles-de-la-charite.org\\\/pl\\\/#website\",\"url\":\"https:\\\/\\\/filles-de-la-charite.org\\\/pl\\\/\",\"name\":\"Hijas de la Caridad\",\"description\":\"L\u2019amour de J\u00e9sus nous presse \u00e0 prendre soin des personnes les plus d\u00e9munies\",\"publisher\":{\"@id\":\"https:\\\/\\\/filles-de-la-charite.org\\\/pl\\\/#organization\"},\"potentialAction\":[{\"@type\":\"SearchAction\",\"target\":{\"@type\":\"EntryPoint\",\"urlTemplate\":\"https:\\\/\\\/filles-de-la-charite.org\\\/pl\\\/?s={search_term_string}\"},\"query-input\":{\"@type\":\"PropertyValueSpecification\",\"valueRequired\":true,\"valueName\":\"search_term_string\"}}],\"inLanguage\":\"pl-PL\"},{\"@type\":\"Organization\",\"@id\":\"https:\\\/\\\/filles-de-la-charite.org\\\/pl\\\/#organization\",\"name\":\"Hijas de la Caridad\",\"url\":\"https:\\\/\\\/filles-de-la-charite.org\\\/pl\\\/\",\"logo\":{\"@type\":\"ImageObject\",\"inLanguage\":\"pl-PL\",\"@id\":\"https:\\\/\\\/filles-de-la-charite.org\\\/pl\\\/#\\\/schema\\\/logo\\\/image\\\/\",\"url\":\"https:\\\/\\\/filles-de-la-charite.org\\\/wp-content\\\/uploads\\\/2023\\\/03\\\/isotipo-Hijas-de-la-Caridad.png\",\"contentUrl\":\"https:\\\/\\\/filles-de-la-charite.org\\\/wp-content\\\/uploads\\\/2023\\\/03\\\/isotipo-Hijas-de-la-Caridad.png\",\"width\":1417,\"height\":1417,\"caption\":\"Hijas de la Caridad\"},\"image\":{\"@id\":\"https:\\\/\\\/filles-de-la-charite.org\\\/pl\\\/#\\\/schema\\\/logo\\\/image\\\/\"}},{\"@type\":\"Person\",\"@id\":\"https:\\\/\\\/filles-de-la-charite.org\\\/pl\\\/#\\\/schema\\\/person\\\/0c922b6ca71280639858d297b3a7209f\",\"name\":\"SOR MARTA\",\"image\":{\"@type\":\"ImageObject\",\"inLanguage\":\"pl-PL\",\"@id\":\"https:\\\/\\\/secure.gravatar.com\\\/avatar\\\/d2c45b0fd6bf2d3e2670ab3d112257c24ac80fa960360bba1bdc0676485d1d09?s=96&d=mm&r=g\",\"url\":\"https:\\\/\\\/secure.gravatar.com\\\/avatar\\\/d2c45b0fd6bf2d3e2670ab3d112257c24ac80fa960360bba1bdc0676485d1d09?s=96&d=mm&r=g\",\"contentUrl\":\"https:\\\/\\\/secure.gravatar.com\\\/avatar\\\/d2c45b0fd6bf2d3e2670ab3d112257c24ac80fa960360bba1bdc0676485d1d09?s=96&d=mm&r=g\",\"caption\":\"SOR MARTA\"},\"url\":\"https:\\\/\\\/filles-de-la-charite.org\\\/pl\\\/author\\\/martaemn\\\/\"}]}<\/script>\n<!-- \/ Yoast SEO plugin. -->","yoast_head_json":{"title":"Siostry Mi\u0142osierdzia, c\u00f3rki Ko\u015bcio\u0142a - Filles de la Charit\u00e9","robots":{"index":"index","follow":"follow","max-snippet":"max-snippet:-1","max-image-preview":"max-image-preview:large","max-video-preview":"max-video-preview:-1"},"canonical":"https:\/\/filles-de-la-charite.org\/pl\/hijas-de-la-caridad-hijas-de-la-iglesia\/","og_locale":"pl_PL","og_type":"article","og_title":"Siostry Mi\u0142osierdzia, c\u00f3rki Ko\u015bcio\u0142a - Filles de la Charit\u00e9","og_description":"Siostra Ester Lucas Jos\u00e9 MARIA z Prowincji Mozambiku i Siostra Maria Suyapa CACHO \u00c1LVAREZ z Prowincji Ameryki \u015arodkowej bior\u0105 udzia\u0142 w drugiej sesji Synodu o synodalno\u015bci, kt\u00f3ry rozpocz\u0105\u0142 si\u0119 w Rzymie, 2 pa\u017adziernika br. By\u0142y one ju\u017c jego cz\u0142onkiniami w roku ubieg\u0142ym. Dzi\u0119kujemy im i m\u00f3dlmy si\u0119, aby Duch \u015awi\u0119ty prowadzi\u0142 to wielkie wydarzenie, tak [&hellip;]","og_url":"https:\/\/filles-de-la-charite.org\/pl\/hijas-de-la-caridad-hijas-de-la-iglesia\/","og_site_name":"Filles de la Charit\u00e9","article_published_time":"2024-10-07T22:00:48+00:00","article_modified_time":"2024-10-07T22:06:44+00:00","og_image":[{"width":1200,"height":675,"url":"https:\/\/filles-de-la-charite.org\/wp-content\/uploads\/2024\/10\/synode-1-1.jpg","type":"image\/jpeg"}],"author":"SOR MARTA","twitter_card":"summary_large_image","twitter_misc":{"Napisane przez":"SOR MARTA","Szacowany czas czytania":"2 minuty"},"schema":{"@context":"https:\/\/schema.org","@graph":[{"@type":"Article","@id":"https:\/\/filles-de-la-charite.org\/pl\/hijas-de-la-caridad-hijas-de-la-iglesia\/#article","isPartOf":{"@id":"https:\/\/filles-de-la-charite.org\/pl\/hijas-de-la-caridad-hijas-de-la-iglesia\/"},"author":{"name":"SOR MARTA","@id":"https:\/\/filles-de-la-charite.org\/pl\/#\/schema\/person\/0c922b6ca71280639858d297b3a7209f"},"headline":"Siostry Mi\u0142osierdzia, c\u00f3rki Ko\u015bcio\u0142a","datePublished":"2024-10-07T22:00:48+00:00","dateModified":"2024-10-07T22:06:44+00:00","mainEntityOfPage":{"@id":"https:\/\/filles-de-la-charite.org\/pl\/hijas-de-la-caridad-hijas-de-la-iglesia\/"},"wordCount":123,"publisher":{"@id":"https:\/\/filles-de-la-charite.org\/pl\/#organization"},"image":{"@id":"https:\/\/filles-de-la-charite.org\/pl\/hijas-de-la-caridad-hijas-de-la-iglesia\/#primaryimage"},"thumbnailUrl":"https:\/\/filles-de-la-charite.org\/wp-content\/uploads\/2024\/10\/synode-1-1.jpg","articleSection":["Mi\u0119dzynarodowy"],"inLanguage":"pl-PL"},{"@type":"WebPage","@id":"https:\/\/filles-de-la-charite.org\/pl\/hijas-de-la-caridad-hijas-de-la-iglesia\/","url":"https:\/\/filles-de-la-charite.org\/pl\/hijas-de-la-caridad-hijas-de-la-iglesia\/","name":"Siostry Mi\u0142osierdzia, c\u00f3rki Ko\u015bcio\u0142a - Filles de la Charit\u00e9","isPartOf":{"@id":"https:\/\/filles-de-la-charite.org\/pl\/#website"},"primaryImageOfPage":{"@id":"https:\/\/filles-de-la-charite.org\/pl\/hijas-de-la-caridad-hijas-de-la-iglesia\/#primaryimage"},"image":{"@id":"https:\/\/filles-de-la-charite.org\/pl\/hijas-de-la-caridad-hijas-de-la-iglesia\/#primaryimage"},"thumbnailUrl":"https:\/\/filles-de-la-charite.org\/wp-content\/uploads\/2024\/10\/synode-1-1.jpg","datePublished":"2024-10-07T22:00:48+00:00","dateModified":"2024-10-07T22:06:44+00:00","breadcrumb":{"@id":"https:\/\/filles-de-la-charite.org\/pl\/hijas-de-la-caridad-hijas-de-la-iglesia\/#breadcrumb"},"inLanguage":"pl-PL","potentialAction":[{"@type":"ReadAction","target":["https:\/\/filles-de-la-charite.org\/pl\/hijas-de-la-caridad-hijas-de-la-iglesia\/"]}]},{"@type":"ImageObject","inLanguage":"pl-PL","@id":"https:\/\/filles-de-la-charite.org\/pl\/hijas-de-la-caridad-hijas-de-la-iglesia\/#primaryimage","url":"https:\/\/filles-de-la-charite.org\/wp-content\/uploads\/2024\/10\/synode-1-1.jpg","contentUrl":"https:\/\/filles-de-la-charite.org\/wp-content\/uploads\/2024\/10\/synode-1-1.jpg","width":1200,"height":675},{"@type":"BreadcrumbList","@id":"https:\/\/filles-de-la-charite.org\/pl\/hijas-de-la-caridad-hijas-de-la-iglesia\/#breadcrumb","itemListElement":[{"@type":"ListItem","position":1,"name":"Mi\u0119dzynarodowy","item":"https:\/\/filles-de-la-charite.org\/pl\/category\/miedzynarodowy\/"},{"@type":"ListItem","position":2,"name":"Siostry Mi\u0142osierdzia, c\u00f3rki Ko\u015bcio\u0142a"}]},{"@type":"WebSite","@id":"https:\/\/filles-de-la-charite.org\/pl\/#website","url":"https:\/\/filles-de-la-charite.org\/pl\/","name":"Hijas de la Caridad","description":"L\u2019amour de J\u00e9sus nous presse \u00e0 prendre soin des personnes les plus d\u00e9munies","publisher":{"@id":"https:\/\/filles-de-la-charite.org\/pl\/#organization"},"potentialAction":[{"@type":"SearchAction","target":{"@type":"EntryPoint","urlTemplate":"https:\/\/filles-de-la-charite.org\/pl\/?s={search_term_string}"},"query-input":{"@type":"PropertyValueSpecification","valueRequired":true,"valueName":"search_term_string"}}],"inLanguage":"pl-PL"},{"@type":"Organization","@id":"https:\/\/filles-de-la-charite.org\/pl\/#organization","name":"Hijas de la Caridad","url":"https:\/\/filles-de-la-charite.org\/pl\/","logo":{"@type":"ImageObject","inLanguage":"pl-PL","@id":"https:\/\/filles-de-la-charite.org\/pl\/#\/schema\/logo\/image\/","url":"https:\/\/filles-de-la-charite.org\/wp-content\/uploads\/2023\/03\/isotipo-Hijas-de-la-Caridad.png","contentUrl":"https:\/\/filles-de-la-charite.org\/wp-content\/uploads\/2023\/03\/isotipo-Hijas-de-la-Caridad.png","width":1417,"height":1417,"caption":"Hijas de la Caridad"},"image":{"@id":"https:\/\/filles-de-la-charite.org\/pl\/#\/schema\/logo\/image\/"}},{"@type":"Person","@id":"https:\/\/filles-de-la-charite.org\/pl\/#\/schema\/person\/0c922b6ca71280639858d297b3a7209f","name":"SOR MARTA","image":{"@type":"ImageObject","inLanguage":"pl-PL","@id":"https:\/\/secure.gravatar.com\/avatar\/d2c45b0fd6bf2d3e2670ab3d112257c24ac80fa960360bba1bdc0676485d1d09?s=96&d=mm&r=g","url":"https:\/\/secure.gravatar.com\/avatar\/d2c45b0fd6bf2d3e2670ab3d112257c24ac80fa960360bba1bdc0676485d1d09?s=96&d=mm&r=g","contentUrl":"https:\/\/secure.gravatar.com\/avatar\/d2c45b0fd6bf2d3e2670ab3d112257c24ac80fa960360bba1bdc0676485d1d09?s=96&d=mm&r=g","caption":"SOR MARTA"},"url":"https:\/\/filles-de-la-charite.org\/pl\/author\/martaemn\/"}]}},"_links":{"self":[{"href":"https:\/\/filles-de-la-charite.org\/pl\/wp-json\/wp\/v2\/posts\/39953","targetHints":{"allow":["GET"]}}],"collection":[{"href":"https:\/\/filles-de-la-charite.org\/pl\/wp-json\/wp\/v2\/posts"}],"about":[{"href":"https:\/\/filles-de-la-charite.org\/pl\/wp-json\/wp\/v2\/types\/post"}],"author":[{"embeddable":true,"href":"https:\/\/filles-de-la-charite.org\/pl\/wp-json\/wp\/v2\/users\/5"}],"replies":[{"embeddable":true,"href":"https:\/\/filles-de-la-charite.org\/pl\/wp-json\/wp\/v2\/comments?post=39953"}],"version-history":[{"count":1,"href":"https:\/\/filles-de-la-charite.org\/pl\/wp-json\/wp\/v2\/posts\/39953\/revisions"}],"predecessor-version":[{"id":39957,"href":"https:\/\/filles-de-la-charite.org\/pl\/wp-json\/wp\/v2\/posts\/39953\/revisions\/39957"}],"wp:featuredmedia":[{"embeddable":true,"href":"https:\/\/filles-de-la-charite.org\/pl\/wp-json\/wp\/v2\/media\/39931"}],"wp:attachment":[{"href":"https:\/\/filles-de-la-charite.org\/pl\/wp-json\/wp\/v2\/media?parent=39953"}],"wp:term":[{"taxonomy":"category","embeddable":true,"href":"https:\/\/filles-de-la-charite.org\/pl\/wp-json\/wp\/v2\/categories?post=39953"},{"taxonomy":"post_tag","embeddable":true,"href":"https:\/\/filles-de-la-charite.org\/pl\/wp-json\/wp\/v2\/tags?post=39953"}],"curies":[{"name":"wp","href":"https:\/\/api.w.org\/{rel}","templated":true}]}}