{"id":40250,"date":"2024-11-18T22:12:39","date_gmt":"2024-11-18T21:12:39","guid":{"rendered":"https:\/\/filles-de-la-charite.org\/?p=40250"},"modified":"2024-11-23T23:57:57","modified_gmt":"2024-11-23T22:57:57","slug":"sesion-formativa-italia-espana","status":"publish","type":"post","link":"https:\/\/filles-de-la-charite.org\/pl\/sesion-formativa-italia-espana\/","title":{"rendered":"Sesja formacyjna W\u0142ochy-Hiszpania"},"content":{"rendered":"\n<p>W dniach od 3 do 22 wrze\u015bnia br. w Madrycie Siostry M\u0142ode przed \u015blubami z Hiszpanii i W\u0142och oraz z mi\u0119dzyprowincjalnego Seminarium mia\u0142y okazj\u0119 uczestniczy\u0107 w sesji formacyjnej.<\/p>\n\n\n\n<figure class=\"wp-block-image aligncenter size-full\"><img loading=\"lazy\" decoding=\"async\" width=\"640\" height=\"480\" src=\"https:\/\/filles-de-la-charite.org\/wp-content\/uploads\/2024\/11\/1-Settimana-Spagna-Italia_page3_image4.jpg\" alt=\"\" class=\"wp-image-40066\" srcset=\"https:\/\/filles-de-la-charite.org\/wp-content\/uploads\/2024\/11\/1-Settimana-Spagna-Italia_page3_image4.jpg 640w, https:\/\/filles-de-la-charite.org\/wp-content\/uploads\/2024\/11\/1-Settimana-Spagna-Italia_page3_image4-480x360.jpg 480w\" sizes=\"(min-width: 0px) and (max-width: 480px) 480px, (min-width: 481px) 640px, 100vw\" \/><\/figure>\n\n\n\n<p>Sesja mia\u0142a na celu pog\u0142\u0119bienie to\u017csamo\u015bci Si\u00f3str Mi\u0142osierdzia i drogi, kt\u00f3r\u0105 ka\u017cda z nich przebywa, aby upodobni\u0107 si\u0119 do Chrystusa. R\u00f3\u017cnorodne interwencje przyczyni\u0142y si\u0119 do zaj\u0119cia si\u0119 r\u00f3\u017cnymi aspektami naszego \u017cycia: duchowo\u015bci\u0105, s\u0142u\u017cb\u0105, \u017cyciem wsp\u00f3lnotowym, uczuciami, seksualno\u015bci\u0105, nauk\u0105 spo\u0142eczn\u0105 Ko\u015bcio\u0142a, nowymi technologiami&#8230;<\/p>\n\n\n\n<figure class=\"wp-block-image aligncenter size-full\"><img loading=\"lazy\" decoding=\"async\" width=\"450\" height=\"600\" src=\"https:\/\/filles-de-la-charite.org\/wp-content\/uploads\/2024\/11\/1-Settimana-Spagna-Italia_page3_image10.jpg\" alt=\"\" class=\"wp-image-40096\" srcset=\"https:\/\/filles-de-la-charite.org\/wp-content\/uploads\/2024\/11\/1-Settimana-Spagna-Italia_page3_image10.jpg 450w, https:\/\/filles-de-la-charite.org\/wp-content\/uploads\/2024\/11\/1-Settimana-Spagna-Italia_page3_image10-225x300.jpg 225w\" sizes=\"(max-width: 450px) 100vw, 450px\" \/><\/figure>\n\n\n\n<p><strong>Ojciec Corpus Delgado (CM)<\/strong> otworzy\u0142 sesj\u0119 formacyjn\u0105 m\u00f3wi\u0105c o \u015blubie czysto\u015bci. Aby wprowadzi\u0107 nas w temat przedstawi\u0142 niekt\u00f3re aspekty rzeczywisto\u015bci dzisiejszego \u015bwiata w odniesieniu do seksualno\u015bci, a nast\u0119pnie kontynuowa\u0142 dog\u0142\u0119bn\u0105 dyskusj\u0119 na temat tego, jak dzi\u015b \u017cy\u0107 w czysto\u015bci i celibacie. R\u00f3wnowaga \u017cycia, dojrzewanie afektywne, zdrowe do\u015bwiadczenie samotno\u015bci i braterstwa prze\u017cywanego we wsp\u00f3lnocie s\u0105 kotwicami dla Siostry Mi\u0142osierdzia, kt\u00f3ra pragnie w pe\u0142ni \u017cy\u0107 tym \u015blubem. Zawsze pod przewodnictwem i z pomoc\u0105 naszej Matki, Dziewicy Maryi.<\/p>\n\n\n\n<p><strong>Joaquin Gonzalez (CM), Dyrektor Prowincjalny Si\u00f3str Mi\u0142osierdzia Prowincji Espa\u00f1a Centro <\/strong>, wprowadzi\u0142 nas w temat doktryny spo\u0142ecznej Ko\u015bcio\u0142a w \u015bwietle encyklik <em>Laudato Si<\/em> i <em>Fratelli Tutti<\/em> oraz adhortacji apostolskich <em>Evangelii Gaudium<\/em> i <em>Praise Deum<\/em> papie\u017ca Franciszka, temat, kt\u00f3ry stanowi bezpo\u015brednie wyzwanie dla nas jako Si\u00f3str Mi\u0142osierdzia. Zaprosi\u0142 nas do realizacji marzenia o powszechnym, integruj\u0105cym i w\u0142\u0105czaj\u0105cym braterstwie najubo\u017cszych poprzez trzy drogi zaproponowane przez Ojca \u015awi\u0119tego: drog\u0119 ubogich, drog\u0119 Ewangelii i drog\u0119 kreatywno\u015bci.<\/p>\n\n\n\n<p><strong>Z pomoc\u0105 siostry \u00c1ngeles Infante (Siostry Mi\u0142osierdzia, Prowincja Espa\u00f1a Centro) <\/strong>podj\u0119\u0142y\u015bmy refleksj\u0119 nad nasz\u0105 to\u017csamo\u015bci\u0105 jako Si\u00f3str Mi\u0142osierdzia. Rozpocz\u0119\u0142a od ukazania \u017ar\u00f3de\u0142 naszej to\u017csamo\u015bci: \u015bwiat\u0142o Pi\u0119\u0107dziesi\u0105tnicy, Ma\u0142gorzata Nasau i Konstytucje. Nast\u0119pnie m\u00f3wi\u0142a o elementach naszej to\u017csamo\u015bci: wierno\u015bci chrztowi \u015bwi\u0119temu, poczuciu przynale\u017cno\u015bci, ca\u0142kowitym i wsp\u00f3lnotowym oddaniu si\u0119 Chrystusowi w s\u0142u\u017cbie ubogim, cnotach pokory, prostoty i mi\u0142o\u015bci, dyspozycyjno\u015bci i byciu s\u0142ug\u0105.<\/p>\n\n\n\n<figure class=\"wp-block-image aligncenter size-full\"><img loading=\"lazy\" decoding=\"async\" width=\"800\" height=\"600\" src=\"https:\/\/filles-de-la-charite.org\/wp-content\/uploads\/2024\/11\/1-Settimana-Spagna-Italia_page3_image9.jpg\" alt=\"\" class=\"wp-image-40090\" srcset=\"https:\/\/filles-de-la-charite.org\/wp-content\/uploads\/2024\/11\/1-Settimana-Spagna-Italia_page3_image9.jpg 800w, https:\/\/filles-de-la-charite.org\/wp-content\/uploads\/2024\/11\/1-Settimana-Spagna-Italia_page3_image9-480x360.jpg 480w\" sizes=\"(min-width: 0px) and (max-width: 480px) 480px, (min-width: 481px) 800px, 100vw\" \/><\/figure>\n\n\n\n<p><strong>Z pomoc\u0105 ksi\u0119dza Jos\u00e9 Mar\u00edi Nieto <\/strong>(CM), kt\u00f3ry zaproponowa\u0142 cztery podstawowe klucze do rozeznania w odniesieniu do uczniostwa, zastanawia\u0142y\u015bmy si\u0119 r\u00f3wnie\u017c nad narz\u0119dziami do pod\u0105\u017cania za Panem. Musi by\u0107 ono rozumiane jako dar od Boga i opcja \u017cyciowa; musimy my\u015ble\u0107 o nim we wsp\u00f3lnocie i w Ko\u015bciele; prze\u017cywane jako uczniostwo; na rzecz misji i s\u0142u\u017cby.<\/p>\n\n\n\n<p>Podczas tego formacyjnego spotkania by\u0142 r\u00f3wnie\u017c czas na rozmow\u0119 o technologii, sieciach spo\u0142eczno\u015bciowych i ich wp\u0142ywie na nasze \u017cycie. <strong>Siostra Sara Encinar (Siostra Mi\u0142osierdzia Espa\u00f1a Centro) i siostra Clara L\u00f3pez (Siostra Mi\u0142osierdzia Espa\u00f1a Este)<\/strong> mia\u0142y za zadanie zaproponowa\u0107 interesuj\u0105ce i innowacyjne warsztaty na temat to\u017csamo\u015bci Si\u00f3str Mi\u0142osierdzia w Internecie. Zrozumia\u0142y\u015bmy, jak wa\u017cne jest ewangelizowanie poprzez sie\u0107, pod\u0105\u017caj\u0105c za wskaz\u00f3wkami papie\u017ca Franciszka i wnioskami wyci\u0105gni\u0119tymi z &#8222;Cyfrowego Synodu&#8221;, kt\u00f3ry zach\u0119ca nas do &#8222;pe\u0142nej obecno\u015bci&#8221; w sieci.<\/p>\n\n\n\n<figure class=\"wp-block-image size-full\"><img loading=\"lazy\" decoding=\"async\" width=\"1280\" height=\"576\" src=\"https:\/\/filles-de-la-charite.org\/wp-content\/uploads\/2024\/11\/Inc.-Suore-giovani-italia-Spagna_page3_image5.jpg\" alt=\"\" class=\"wp-image-40132\" srcset=\"https:\/\/filles-de-la-charite.org\/wp-content\/uploads\/2024\/11\/Inc.-Suore-giovani-italia-Spagna_page3_image5.jpg 1280w, https:\/\/filles-de-la-charite.org\/wp-content\/uploads\/2024\/11\/Inc.-Suore-giovani-italia-Spagna_page3_image5-980x441.jpg 980w, https:\/\/filles-de-la-charite.org\/wp-content\/uploads\/2024\/11\/Inc.-Suore-giovani-italia-Spagna_page3_image5-480x216.jpg 480w\" sizes=\"(min-width: 0px) and (max-width: 480px) 480px, (min-width: 481px) and (max-width: 980px) 980px, (min-width: 981px) 1280px, 100vw\" \/><\/figure>\n\n\n\n<p>Opr\u00f3cz temat\u00f3w przedstawionych przez cz\u0142onk\u00f3w Rodziny Wincenty\u0144skiej, dwie siostry zakonne towarzyszy\u0142y nam, aby om\u00f3wi\u0107 konkretne kwestie formacji ludzkiej: najpierw <strong>Soledad Marcos (IT)<\/strong> m\u00f3wi\u0142a nam o wychowaniu seksualno-afektywnym w \u017cyciu konsekrowanym; a<strong> Rosario R\u00edos (ODN, Zakon Zgromadzenia Maryi, Matki Bo\u017cej)<\/strong> skupi\u0142a si\u0119 na temacie \u017cycia wsp\u00f3lnotowego, analizuj\u0105c dwa zasadnicze aspekty: rozmow\u0119 duchow\u0105 oraz relacje mi\u0119dzykulturowe i mi\u0119dzypokoleniowe, zgodnie z Dokumentem Mi\u0119dzykonwentowym.<\/p>\n\n\n\n<p>Kr\u00f3tko m\u00f3wi\u0105c, by\u0142o to spotkanie, w kt\u00f3rym cieszy\u0142y\u015bmy si\u0119 zar\u00f3wno bogactwem formacyjnym jak i ludzkim. Mog\u0142y\u015bmy w nim odkry\u0107 i pog\u0142\u0119bi\u0107 fundamentalne aspekty naszego powo\u0142ania, co by\u0142o dla nas szans\u0105 i darem, za kt\u00f3ry mo\u017cemy by\u0107 tylko g\u0142\u0119boko wdzi\u0119czne.<\/p>\n\n\n\n<div class=\"wp-block-responsive-lightbox-gallery\"><div class=\"et_pb_slider et_pb_slider_fullwidth_off et_pb_gallery_post_type\">\n\t\t\t\t<div class=\"et_pb_slides\">\n\t\t\t\t\t<div class=\"et_pb_slide\" style=\"background: url(https:\/\/filles-de-la-charite.org\/wp-content\/uploads\/2024\/11\/1-Settimana-Spagna-Italia_page3_image4.jpg);\"><\/div><div class=\"et_pb_slide\" style=\"background: url(https:\/\/filles-de-la-charite.org\/wp-content\/uploads\/2024\/11\/Inc.-Suore-giovani-italia-Spagna_page3_image10.jpg);\"><\/div><div class=\"et_pb_slide\" style=\"background: url(https:\/\/filles-de-la-charite.org\/wp-content\/uploads\/2024\/11\/Inc.-Suore-giovani-italia-Spagna_page3_image11.jpg);\"><\/div><div class=\"et_pb_slide\" style=\"background: url(https:\/\/filles-de-la-charite.org\/wp-content\/uploads\/2024\/11\/Incontro-Intensivo-Giovani-FdC-Italia-Spagna-2\u00b0-settimana_page2_image1.jpg);\"><\/div><div class=\"et_pb_slide\" style=\"background: url(https:\/\/filles-de-la-charite.org\/wp-content\/uploads\/2024\/11\/Incontro-Intensivo-Giovani-FdC-Italia-Spagna-2\u00b0-settimana_page2_image2.jpg);\"><\/div><div class=\"et_pb_slide\" style=\"background: url(https:\/\/filles-de-la-charite.org\/wp-content\/uploads\/2024\/11\/Incontro-Intensivo-Giovani-FdC-Italia-Spagna-2\u00b0-settimana_page2_image4.jpg);\"><\/div><div class=\"et_pb_slide\" style=\"background: url(https:\/\/filles-de-la-charite.org\/wp-content\/uploads\/2024\/11\/Incontro-Intensivo-Giovani-FdC-Italia-Spagna-2\u00b0-settimana_page2_image5.jpg);\"><\/div><div class=\"et_pb_slide\" style=\"background: url(https:\/\/filles-de-la-charite.org\/wp-content\/uploads\/2024\/11\/Incontro-Intensivo-Giovani-FdC-Italia-Spagna-2\u00b0-settimana_page2_image6.jpg);\"><\/div><div class=\"et_pb_slide\" style=\"background: url(https:\/\/filles-de-la-charite.org\/wp-content\/uploads\/2024\/11\/Incontro-Intensivo-Giovani-FdC-Italia-Spagna-2\u00b0-settimana_page2_image8.jpg);\"><\/div><div class=\"et_pb_slide\" style=\"background: url(https:\/\/filles-de-la-charite.org\/wp-content\/uploads\/2024\/11\/Incontro-Intensivo-Giovani-FdC-Italia-Spagna-2\u00b0-settimana_page2_image10.jpg);\"><\/div><div class=\"et_pb_slide\" style=\"background: url(https:\/\/filles-de-la-charite.org\/wp-content\/uploads\/2024\/11\/Incontro-Intensivo-Giovani-FdC-Italia-Spagna-2\u00b0-settimana_page2_image19.jpg);\"><\/div><div class=\"et_pb_slide\" style=\"background: url(https:\/\/filles-de-la-charite.org\/wp-content\/uploads\/2024\/11\/1-Settimana-Spagna-Italia_page3_image1.jpg);\"><\/div><div class=\"et_pb_slide\" style=\"background: url(https:\/\/filles-de-la-charite.org\/wp-content\/uploads\/2024\/11\/1-Settimana-Spagna-Italia_page3_image2.jpg);\"><\/div><div class=\"et_pb_slide\" style=\"background: url(https:\/\/filles-de-la-charite.org\/wp-content\/uploads\/2024\/11\/Inc.-Suore-giovani-italia-Spagna_page3_image9.jpg);\"><\/div><div class=\"et_pb_slide\" style=\"background: url(https:\/\/filles-de-la-charite.org\/wp-content\/uploads\/2024\/11\/Inc.-Suore-giovani-italia-Spagna_page3_image8.jpg);\"><\/div><div class=\"et_pb_slide\" style=\"background: url(https:\/\/filles-de-la-charite.org\/wp-content\/uploads\/2024\/11\/Inc.-Suore-giovani-italia-Spagna_page3_image7.jpg);\"><\/div><div class=\"et_pb_slide\" style=\"background: url(https:\/\/filles-de-la-charite.org\/wp-content\/uploads\/2024\/11\/1-Settimana-Spagna-Italia_page3_image6.jpg);\"><\/div><div class=\"et_pb_slide\" style=\"background: url(https:\/\/filles-de-la-charite.org\/wp-content\/uploads\/2024\/11\/1-Settimana-Spagna-Italia_page3_image7.jpg);\"><\/div><div class=\"et_pb_slide\" style=\"background: url(https:\/\/filles-de-la-charite.org\/wp-content\/uploads\/2024\/11\/1-Settimana-Spagna-Italia_page3_image8.jpg);\"><\/div><div class=\"et_pb_slide\" style=\"background: url(https:\/\/filles-de-la-charite.org\/wp-content\/uploads\/2024\/11\/1-Settimana-Spagna-Italia_page3_image9.jpg);\"><\/div><div class=\"et_pb_slide\" style=\"background: url(https:\/\/filles-de-la-charite.org\/wp-content\/uploads\/2024\/11\/1-Settimana-Spagna-Italia_page3_image10.jpg);\"><\/div><div class=\"et_pb_slide\" style=\"background: url(https:\/\/filles-de-la-charite.org\/wp-content\/uploads\/2024\/11\/1-Settimana-Spagna-Italia_page3_image11.jpg);\"><\/div><div class=\"et_pb_slide\" style=\"background: url(https:\/\/filles-de-la-charite.org\/wp-content\/uploads\/2024\/11\/Imagen1-1.png);\"><\/div><div class=\"et_pb_slide\" style=\"background: url(https:\/\/filles-de-la-charite.org\/wp-content\/uploads\/2024\/11\/Inc.-Suore-giovani-italia-Spagna_page3_image1.jpg);\"><\/div><div class=\"et_pb_slide\" style=\"background: url(https:\/\/filles-de-la-charite.org\/wp-content\/uploads\/2024\/11\/Inc.-Suore-giovani-italia-Spagna_page3_image2.jpg);\"><\/div><div class=\"et_pb_slide\" style=\"background: url(https:\/\/filles-de-la-charite.org\/wp-content\/uploads\/2024\/11\/Inc.-Suore-giovani-italia-Spagna_page3_image3.jpg);\"><\/div><div class=\"et_pb_slide\" style=\"background: url(https:\/\/filles-de-la-charite.org\/wp-content\/uploads\/2024\/11\/Inc.-Suore-giovani-italia-Spagna_page3_image5.jpg);\"><\/div><div class=\"et_pb_slide\" style=\"background: url(https:\/\/filles-de-la-charite.org\/wp-content\/uploads\/2024\/11\/Inc.-Suore-giovani-italia-Spagna_page3_image6.jpg);\"><\/div><div class=\"et_pb_slide\" style=\"background: url(https:\/\/filles-de-la-charite.org\/wp-content\/uploads\/2024\/11\/1-Settimana-Spagna-Italia_page3_image3.jpg);\"><\/div>\n\t\t\t\t<\/div>\n\t\t\t<\/div><\/div>\n\n\n\n<p><\/p>\n","protected":false},"excerpt":{"rendered":"<p>W dniach od 3 do 22 wrze\u015bnia br. w Madrycie Siostry M\u0142ode przed \u015blubami z Hiszpanii i W\u0142och oraz z mi\u0119dzyprowincjalnego Seminarium mia\u0142y okazj\u0119 uczestniczy\u0107 w sesji formacyjnej. Sesja mia\u0142a na celu pog\u0142\u0119bienie to\u017csamo\u015bci Si\u00f3str Mi\u0142osierdzia i drogi, kt\u00f3r\u0105 ka\u017cda z nich przebywa, aby upodobni\u0107 si\u0119 do Chrystusa. R\u00f3\u017cnorodne interwencje przyczyni\u0142y si\u0119 do zaj\u0119cia si\u0119 [&hellip;]<\/p>\n","protected":false},"author":5,"featured_media":40215,"comment_status":"closed","ping_status":"closed","sticky":false,"template":"","format":"standard","meta":{"_acf_changed":false,"_et_pb_use_builder":"","_et_pb_old_content":"","_et_gb_content_width":"","footnotes":"","_links_to":"","_links_to_target":""},"categories":[767,526],"tags":[],"class_list":["post-40250","post","type-post","status-publish","format-standard","has-post-thumbnail","hentry","category-espana-pl","category-wlochy"],"acf":[],"yoast_head":"<!-- This site is optimized with the Yoast SEO plugin v27.5 - https:\/\/yoast.com\/product\/yoast-seo-wordpress\/ -->\n<title>Sesja formacyjna W\u0142ochy-Hiszpania - Filles de la Charit\u00e9<\/title>\n<meta name=\"robots\" content=\"index, follow, max-snippet:-1, max-image-preview:large, max-video-preview:-1\" \/>\n<link rel=\"canonical\" href=\"https:\/\/filles-de-la-charite.org\/pl\/sesion-formativa-italia-espana\/\" \/>\n<meta property=\"og:locale\" content=\"pl_PL\" \/>\n<meta property=\"og:type\" content=\"article\" \/>\n<meta property=\"og:title\" content=\"Sesja formacyjna W\u0142ochy-Hiszpania - Filles de la Charit\u00e9\" \/>\n<meta property=\"og:description\" content=\"W dniach od 3 do 22 wrze\u015bnia br. w Madrycie Siostry M\u0142ode przed \u015blubami z Hiszpanii i W\u0142och oraz z mi\u0119dzyprowincjalnego Seminarium mia\u0142y okazj\u0119 uczestniczy\u0107 w sesji formacyjnej. Sesja mia\u0142a na celu pog\u0142\u0119bienie to\u017csamo\u015bci Si\u00f3str Mi\u0142osierdzia i drogi, kt\u00f3r\u0105 ka\u017cda z nich przebywa, aby upodobni\u0107 si\u0119 do Chrystusa. R\u00f3\u017cnorodne interwencje przyczyni\u0142y si\u0119 do zaj\u0119cia si\u0119 [&hellip;]\" \/>\n<meta property=\"og:url\" content=\"https:\/\/filles-de-la-charite.org\/pl\/sesion-formativa-italia-espana\/\" \/>\n<meta property=\"og:site_name\" content=\"Filles de la Charit\u00e9\" \/>\n<meta property=\"article:published_time\" content=\"2024-11-18T21:12:39+00:00\" \/>\n<meta property=\"article:modified_time\" content=\"2024-11-23T22:57:57+00:00\" \/>\n<meta property=\"og:image\" content=\"https:\/\/filles-de-la-charite.org\/wp-content\/uploads\/2024\/11\/Incontro-Intensivo-Giovani-FdC-Italia-Spagna-2\u00b0-settimana_page2_image10.jpg\" \/>\n\t<meta property=\"og:image:width\" content=\"1600\" \/>\n\t<meta property=\"og:image:height\" content=\"1200\" \/>\n\t<meta property=\"og:image:type\" content=\"image\/jpeg\" \/>\n<meta name=\"author\" content=\"SOR MARTA\" \/>\n<meta name=\"twitter:card\" content=\"summary_large_image\" \/>\n<meta name=\"twitter:label1\" content=\"Napisane przez\" \/>\n\t<meta name=\"twitter:data1\" content=\"SOR MARTA\" \/>\n\t<meta name=\"twitter:label2\" content=\"Szacowany czas czytania\" \/>\n\t<meta name=\"twitter:data2\" content=\"4 minuty\" \/>\n<script type=\"application\/ld+json\" class=\"yoast-schema-graph\">{\"@context\":\"https:\\\/\\\/schema.org\",\"@graph\":[{\"@type\":\"Article\",\"@id\":\"https:\\\/\\\/filles-de-la-charite.org\\\/pl\\\/sesion-formativa-italia-espana\\\/#article\",\"isPartOf\":{\"@id\":\"https:\\\/\\\/filles-de-la-charite.org\\\/pl\\\/sesion-formativa-italia-espana\\\/\"},\"author\":{\"name\":\"SOR MARTA\",\"@id\":\"https:\\\/\\\/filles-de-la-charite.org\\\/pl\\\/#\\\/schema\\\/person\\\/0c922b6ca71280639858d297b3a7209f\"},\"headline\":\"Sesja formacyjna W\u0142ochy-Hiszpania\",\"datePublished\":\"2024-11-18T21:12:39+00:00\",\"dateModified\":\"2024-11-23T22:57:57+00:00\",\"mainEntityOfPage\":{\"@id\":\"https:\\\/\\\/filles-de-la-charite.org\\\/pl\\\/sesion-formativa-italia-espana\\\/\"},\"wordCount\":677,\"publisher\":{\"@id\":\"https:\\\/\\\/filles-de-la-charite.org\\\/pl\\\/#organization\"},\"image\":{\"@id\":\"https:\\\/\\\/filles-de-la-charite.org\\\/pl\\\/sesion-formativa-italia-espana\\\/#primaryimage\"},\"thumbnailUrl\":\"https:\\\/\\\/filles-de-la-charite.org\\\/wp-content\\\/uploads\\\/2024\\\/11\\\/Incontro-Intensivo-Giovani-FdC-Italia-Spagna-2\u00b0-settimana_page2_image10.jpg\",\"articleSection\":[\"Hiszpania\",\"W\u0142ochy\"],\"inLanguage\":\"pl-PL\"},{\"@type\":\"WebPage\",\"@id\":\"https:\\\/\\\/filles-de-la-charite.org\\\/pl\\\/sesion-formativa-italia-espana\\\/\",\"url\":\"https:\\\/\\\/filles-de-la-charite.org\\\/pl\\\/sesion-formativa-italia-espana\\\/\",\"name\":\"Sesja formacyjna W\u0142ochy-Hiszpania - Filles de la Charit\u00e9\",\"isPartOf\":{\"@id\":\"https:\\\/\\\/filles-de-la-charite.org\\\/pl\\\/#website\"},\"primaryImageOfPage\":{\"@id\":\"https:\\\/\\\/filles-de-la-charite.org\\\/pl\\\/sesion-formativa-italia-espana\\\/#primaryimage\"},\"image\":{\"@id\":\"https:\\\/\\\/filles-de-la-charite.org\\\/pl\\\/sesion-formativa-italia-espana\\\/#primaryimage\"},\"thumbnailUrl\":\"https:\\\/\\\/filles-de-la-charite.org\\\/wp-content\\\/uploads\\\/2024\\\/11\\\/Incontro-Intensivo-Giovani-FdC-Italia-Spagna-2\u00b0-settimana_page2_image10.jpg\",\"datePublished\":\"2024-11-18T21:12:39+00:00\",\"dateModified\":\"2024-11-23T22:57:57+00:00\",\"breadcrumb\":{\"@id\":\"https:\\\/\\\/filles-de-la-charite.org\\\/pl\\\/sesion-formativa-italia-espana\\\/#breadcrumb\"},\"inLanguage\":\"pl-PL\",\"potentialAction\":[{\"@type\":\"ReadAction\",\"target\":[\"https:\\\/\\\/filles-de-la-charite.org\\\/pl\\\/sesion-formativa-italia-espana\\\/\"]}]},{\"@type\":\"ImageObject\",\"inLanguage\":\"pl-PL\",\"@id\":\"https:\\\/\\\/filles-de-la-charite.org\\\/pl\\\/sesion-formativa-italia-espana\\\/#primaryimage\",\"url\":\"https:\\\/\\\/filles-de-la-charite.org\\\/wp-content\\\/uploads\\\/2024\\\/11\\\/Incontro-Intensivo-Giovani-FdC-Italia-Spagna-2\u00b0-settimana_page2_image10.jpg\",\"contentUrl\":\"https:\\\/\\\/filles-de-la-charite.org\\\/wp-content\\\/uploads\\\/2024\\\/11\\\/Incontro-Intensivo-Giovani-FdC-Italia-Spagna-2\u00b0-settimana_page2_image10.jpg\",\"width\":1600,\"height\":1200},{\"@type\":\"BreadcrumbList\",\"@id\":\"https:\\\/\\\/filles-de-la-charite.org\\\/pl\\\/sesion-formativa-italia-espana\\\/#breadcrumb\",\"itemListElement\":[{\"@type\":\"ListItem\",\"position\":1,\"name\":\"W\u0142ochy\",\"item\":\"https:\\\/\\\/filles-de-la-charite.org\\\/pl\\\/category\\\/wlochy\\\/\"},{\"@type\":\"ListItem\",\"position\":2,\"name\":\"Sesja formacyjna W\u0142ochy-Hiszpania\"}]},{\"@type\":\"WebSite\",\"@id\":\"https:\\\/\\\/filles-de-la-charite.org\\\/pl\\\/#website\",\"url\":\"https:\\\/\\\/filles-de-la-charite.org\\\/pl\\\/\",\"name\":\"Hijas de la Caridad\",\"description\":\"L\u2019amour de J\u00e9sus nous presse \u00e0 prendre soin des personnes les plus d\u00e9munies\",\"publisher\":{\"@id\":\"https:\\\/\\\/filles-de-la-charite.org\\\/pl\\\/#organization\"},\"potentialAction\":[{\"@type\":\"SearchAction\",\"target\":{\"@type\":\"EntryPoint\",\"urlTemplate\":\"https:\\\/\\\/filles-de-la-charite.org\\\/pl\\\/?s={search_term_string}\"},\"query-input\":{\"@type\":\"PropertyValueSpecification\",\"valueRequired\":true,\"valueName\":\"search_term_string\"}}],\"inLanguage\":\"pl-PL\"},{\"@type\":\"Organization\",\"@id\":\"https:\\\/\\\/filles-de-la-charite.org\\\/pl\\\/#organization\",\"name\":\"Hijas de la Caridad\",\"url\":\"https:\\\/\\\/filles-de-la-charite.org\\\/pl\\\/\",\"logo\":{\"@type\":\"ImageObject\",\"inLanguage\":\"pl-PL\",\"@id\":\"https:\\\/\\\/filles-de-la-charite.org\\\/pl\\\/#\\\/schema\\\/logo\\\/image\\\/\",\"url\":\"https:\\\/\\\/filles-de-la-charite.org\\\/wp-content\\\/uploads\\\/2023\\\/03\\\/isotipo-Hijas-de-la-Caridad.png\",\"contentUrl\":\"https:\\\/\\\/filles-de-la-charite.org\\\/wp-content\\\/uploads\\\/2023\\\/03\\\/isotipo-Hijas-de-la-Caridad.png\",\"width\":1417,\"height\":1417,\"caption\":\"Hijas de la Caridad\"},\"image\":{\"@id\":\"https:\\\/\\\/filles-de-la-charite.org\\\/pl\\\/#\\\/schema\\\/logo\\\/image\\\/\"}},{\"@type\":\"Person\",\"@id\":\"https:\\\/\\\/filles-de-la-charite.org\\\/pl\\\/#\\\/schema\\\/person\\\/0c922b6ca71280639858d297b3a7209f\",\"name\":\"SOR MARTA\",\"image\":{\"@type\":\"ImageObject\",\"inLanguage\":\"pl-PL\",\"@id\":\"https:\\\/\\\/secure.gravatar.com\\\/avatar\\\/d2c45b0fd6bf2d3e2670ab3d112257c24ac80fa960360bba1bdc0676485d1d09?s=96&d=mm&r=g\",\"url\":\"https:\\\/\\\/secure.gravatar.com\\\/avatar\\\/d2c45b0fd6bf2d3e2670ab3d112257c24ac80fa960360bba1bdc0676485d1d09?s=96&d=mm&r=g\",\"contentUrl\":\"https:\\\/\\\/secure.gravatar.com\\\/avatar\\\/d2c45b0fd6bf2d3e2670ab3d112257c24ac80fa960360bba1bdc0676485d1d09?s=96&d=mm&r=g\",\"caption\":\"SOR MARTA\"},\"url\":\"https:\\\/\\\/filles-de-la-charite.org\\\/pl\\\/author\\\/martaemn\\\/\"}]}<\/script>\n<!-- \/ Yoast SEO plugin. -->","yoast_head_json":{"title":"Sesja formacyjna W\u0142ochy-Hiszpania - Filles de la Charit\u00e9","robots":{"index":"index","follow":"follow","max-snippet":"max-snippet:-1","max-image-preview":"max-image-preview:large","max-video-preview":"max-video-preview:-1"},"canonical":"https:\/\/filles-de-la-charite.org\/pl\/sesion-formativa-italia-espana\/","og_locale":"pl_PL","og_type":"article","og_title":"Sesja formacyjna W\u0142ochy-Hiszpania - Filles de la Charit\u00e9","og_description":"W dniach od 3 do 22 wrze\u015bnia br. w Madrycie Siostry M\u0142ode przed \u015blubami z Hiszpanii i W\u0142och oraz z mi\u0119dzyprowincjalnego Seminarium mia\u0142y okazj\u0119 uczestniczy\u0107 w sesji formacyjnej. Sesja mia\u0142a na celu pog\u0142\u0119bienie to\u017csamo\u015bci Si\u00f3str Mi\u0142osierdzia i drogi, kt\u00f3r\u0105 ka\u017cda z nich przebywa, aby upodobni\u0107 si\u0119 do Chrystusa. R\u00f3\u017cnorodne interwencje przyczyni\u0142y si\u0119 do zaj\u0119cia si\u0119 [&hellip;]","og_url":"https:\/\/filles-de-la-charite.org\/pl\/sesion-formativa-italia-espana\/","og_site_name":"Filles de la Charit\u00e9","article_published_time":"2024-11-18T21:12:39+00:00","article_modified_time":"2024-11-23T22:57:57+00:00","og_image":[{"width":1600,"height":1200,"url":"https:\/\/filles-de-la-charite.org\/wp-content\/uploads\/2024\/11\/Incontro-Intensivo-Giovani-FdC-Italia-Spagna-2\u00b0-settimana_page2_image10.jpg","type":"image\/jpeg"}],"author":"SOR MARTA","twitter_card":"summary_large_image","twitter_misc":{"Napisane przez":"SOR MARTA","Szacowany czas czytania":"4 minuty"},"schema":{"@context":"https:\/\/schema.org","@graph":[{"@type":"Article","@id":"https:\/\/filles-de-la-charite.org\/pl\/sesion-formativa-italia-espana\/#article","isPartOf":{"@id":"https:\/\/filles-de-la-charite.org\/pl\/sesion-formativa-italia-espana\/"},"author":{"name":"SOR MARTA","@id":"https:\/\/filles-de-la-charite.org\/pl\/#\/schema\/person\/0c922b6ca71280639858d297b3a7209f"},"headline":"Sesja formacyjna W\u0142ochy-Hiszpania","datePublished":"2024-11-18T21:12:39+00:00","dateModified":"2024-11-23T22:57:57+00:00","mainEntityOfPage":{"@id":"https:\/\/filles-de-la-charite.org\/pl\/sesion-formativa-italia-espana\/"},"wordCount":677,"publisher":{"@id":"https:\/\/filles-de-la-charite.org\/pl\/#organization"},"image":{"@id":"https:\/\/filles-de-la-charite.org\/pl\/sesion-formativa-italia-espana\/#primaryimage"},"thumbnailUrl":"https:\/\/filles-de-la-charite.org\/wp-content\/uploads\/2024\/11\/Incontro-Intensivo-Giovani-FdC-Italia-Spagna-2\u00b0-settimana_page2_image10.jpg","articleSection":["Hiszpania","W\u0142ochy"],"inLanguage":"pl-PL"},{"@type":"WebPage","@id":"https:\/\/filles-de-la-charite.org\/pl\/sesion-formativa-italia-espana\/","url":"https:\/\/filles-de-la-charite.org\/pl\/sesion-formativa-italia-espana\/","name":"Sesja formacyjna W\u0142ochy-Hiszpania - Filles de la Charit\u00e9","isPartOf":{"@id":"https:\/\/filles-de-la-charite.org\/pl\/#website"},"primaryImageOfPage":{"@id":"https:\/\/filles-de-la-charite.org\/pl\/sesion-formativa-italia-espana\/#primaryimage"},"image":{"@id":"https:\/\/filles-de-la-charite.org\/pl\/sesion-formativa-italia-espana\/#primaryimage"},"thumbnailUrl":"https:\/\/filles-de-la-charite.org\/wp-content\/uploads\/2024\/11\/Incontro-Intensivo-Giovani-FdC-Italia-Spagna-2\u00b0-settimana_page2_image10.jpg","datePublished":"2024-11-18T21:12:39+00:00","dateModified":"2024-11-23T22:57:57+00:00","breadcrumb":{"@id":"https:\/\/filles-de-la-charite.org\/pl\/sesion-formativa-italia-espana\/#breadcrumb"},"inLanguage":"pl-PL","potentialAction":[{"@type":"ReadAction","target":["https:\/\/filles-de-la-charite.org\/pl\/sesion-formativa-italia-espana\/"]}]},{"@type":"ImageObject","inLanguage":"pl-PL","@id":"https:\/\/filles-de-la-charite.org\/pl\/sesion-formativa-italia-espana\/#primaryimage","url":"https:\/\/filles-de-la-charite.org\/wp-content\/uploads\/2024\/11\/Incontro-Intensivo-Giovani-FdC-Italia-Spagna-2\u00b0-settimana_page2_image10.jpg","contentUrl":"https:\/\/filles-de-la-charite.org\/wp-content\/uploads\/2024\/11\/Incontro-Intensivo-Giovani-FdC-Italia-Spagna-2\u00b0-settimana_page2_image10.jpg","width":1600,"height":1200},{"@type":"BreadcrumbList","@id":"https:\/\/filles-de-la-charite.org\/pl\/sesion-formativa-italia-espana\/#breadcrumb","itemListElement":[{"@type":"ListItem","position":1,"name":"W\u0142ochy","item":"https:\/\/filles-de-la-charite.org\/pl\/category\/wlochy\/"},{"@type":"ListItem","position":2,"name":"Sesja formacyjna W\u0142ochy-Hiszpania"}]},{"@type":"WebSite","@id":"https:\/\/filles-de-la-charite.org\/pl\/#website","url":"https:\/\/filles-de-la-charite.org\/pl\/","name":"Hijas de la Caridad","description":"L\u2019amour de J\u00e9sus nous presse \u00e0 prendre soin des personnes les plus d\u00e9munies","publisher":{"@id":"https:\/\/filles-de-la-charite.org\/pl\/#organization"},"potentialAction":[{"@type":"SearchAction","target":{"@type":"EntryPoint","urlTemplate":"https:\/\/filles-de-la-charite.org\/pl\/?s={search_term_string}"},"query-input":{"@type":"PropertyValueSpecification","valueRequired":true,"valueName":"search_term_string"}}],"inLanguage":"pl-PL"},{"@type":"Organization","@id":"https:\/\/filles-de-la-charite.org\/pl\/#organization","name":"Hijas de la Caridad","url":"https:\/\/filles-de-la-charite.org\/pl\/","logo":{"@type":"ImageObject","inLanguage":"pl-PL","@id":"https:\/\/filles-de-la-charite.org\/pl\/#\/schema\/logo\/image\/","url":"https:\/\/filles-de-la-charite.org\/wp-content\/uploads\/2023\/03\/isotipo-Hijas-de-la-Caridad.png","contentUrl":"https:\/\/filles-de-la-charite.org\/wp-content\/uploads\/2023\/03\/isotipo-Hijas-de-la-Caridad.png","width":1417,"height":1417,"caption":"Hijas de la Caridad"},"image":{"@id":"https:\/\/filles-de-la-charite.org\/pl\/#\/schema\/logo\/image\/"}},{"@type":"Person","@id":"https:\/\/filles-de-la-charite.org\/pl\/#\/schema\/person\/0c922b6ca71280639858d297b3a7209f","name":"SOR MARTA","image":{"@type":"ImageObject","inLanguage":"pl-PL","@id":"https:\/\/secure.gravatar.com\/avatar\/d2c45b0fd6bf2d3e2670ab3d112257c24ac80fa960360bba1bdc0676485d1d09?s=96&d=mm&r=g","url":"https:\/\/secure.gravatar.com\/avatar\/d2c45b0fd6bf2d3e2670ab3d112257c24ac80fa960360bba1bdc0676485d1d09?s=96&d=mm&r=g","contentUrl":"https:\/\/secure.gravatar.com\/avatar\/d2c45b0fd6bf2d3e2670ab3d112257c24ac80fa960360bba1bdc0676485d1d09?s=96&d=mm&r=g","caption":"SOR MARTA"},"url":"https:\/\/filles-de-la-charite.org\/pl\/author\/martaemn\/"}]}},"_links":{"self":[{"href":"https:\/\/filles-de-la-charite.org\/pl\/wp-json\/wp\/v2\/posts\/40250","targetHints":{"allow":["GET"]}}],"collection":[{"href":"https:\/\/filles-de-la-charite.org\/pl\/wp-json\/wp\/v2\/posts"}],"about":[{"href":"https:\/\/filles-de-la-charite.org\/pl\/wp-json\/wp\/v2\/types\/post"}],"author":[{"embeddable":true,"href":"https:\/\/filles-de-la-charite.org\/pl\/wp-json\/wp\/v2\/users\/5"}],"replies":[{"embeddable":true,"href":"https:\/\/filles-de-la-charite.org\/pl\/wp-json\/wp\/v2\/comments?post=40250"}],"version-history":[{"count":4,"href":"https:\/\/filles-de-la-charite.org\/pl\/wp-json\/wp\/v2\/posts\/40250\/revisions"}],"predecessor-version":[{"id":40591,"href":"https:\/\/filles-de-la-charite.org\/pl\/wp-json\/wp\/v2\/posts\/40250\/revisions\/40591"}],"wp:featuredmedia":[{"embeddable":true,"href":"https:\/\/filles-de-la-charite.org\/pl\/wp-json\/wp\/v2\/media\/40215"}],"wp:attachment":[{"href":"https:\/\/filles-de-la-charite.org\/pl\/wp-json\/wp\/v2\/media?parent=40250"}],"wp:term":[{"taxonomy":"category","embeddable":true,"href":"https:\/\/filles-de-la-charite.org\/pl\/wp-json\/wp\/v2\/categories?post=40250"},{"taxonomy":"post_tag","embeddable":true,"href":"https:\/\/filles-de-la-charite.org\/pl\/wp-json\/wp\/v2\/tags?post=40250"}],"curies":[{"name":"wp","href":"https:\/\/api.w.org\/{rel}","templated":true}]}}