{"id":40388,"date":"2024-11-23T12:51:22","date_gmt":"2024-11-23T11:51:22","guid":{"rendered":"https:\/\/filles-de-la-charite.org\/?p=40388"},"modified":"2024-11-23T13:06:36","modified_gmt":"2024-11-23T12:06:36","slug":"celebrando-las-despedidas-y-acogiendo-nuevos-comienzos","status":"publish","type":"post","link":"https:\/\/filles-de-la-charite.org\/pl\/celebrando-las-despedidas-y-acogiendo-nuevos-comienzos\/","title":{"rendered":"Dzi\u0119kujemy i witamy!"},"content":{"rendered":"\n<p>Modlitwa na po\u017cegnanie jest nieod\u0142\u0105czn\u0105 cz\u0119\u015bci\u0105 dzia\u0142alno\u015bci misyjnej Zgromadzenia Si\u00f3str Mi\u0142osierdzia \u015bw. Wincentego a Paulo. Podobnie jak koncepcja &#8222;wychodzenia i powracania&#8221;, kt\u00f3ra si\u0119ga czas\u00f3w \u015awiat\u0142a Mademoiselle le Gras w 1624 roku. Nie mamy sta\u0142ej misji w \u017cyciu, &#8222;wychodzimy i powracamy&#8221; gdziekolwiek i kiedykolwiek Opatrzno\u015b\u0107 Bo\u017ca zechce nas umie\u015bci\u0107; zawsze z darem wiary i ca\u0142kowit\u0105 zale\u017cno\u015bci\u0105 od Boga, kt\u00f3ry powo\u0142a\u0142 nas do Zgromadzenia. Sytuacja, kt\u00f3ra nie jest cz\u0119sto rozumiana przez tych, kt\u00f3rzy obserwuj\u0105 nas z zewn\u0105trz. Jednak\u017ce, poniewa\u017c zobowi\u0105za\u0142y\u015bmy si\u0119 i\u015b\u0107 tam, gdzie Opatrzno\u015b\u0107 Bo\u017ca mo\u017ce nas pos\u0142a\u0107, kiedy tylko nadejdzie wezwanie, &#8222;zabieramy nasz namiot i ruszamy&#8221;. Dzi\u015b mamy szczeg\u00f3lny przywilej napisa\u0107 o naszym &#8222;Dzi\u0119kuj\u0119&#8221; i &#8222;Dobra robota&#8221; dla s. Bernadette Macmahon, wspania\u0142ej Siostry i mentorki z Irlandzkiej Prowincji Si\u00f3str Mi\u0142osierdzia \u015bw. Wincentego a Paulo, kt\u00f3ra s\u0142u\u017cy\u0142a w Radzie Doradczej Si\u00f3str pos\u0142uguj\u0105cych w Organizacji Narod\u00f3w Zjednoczonych w latach 2006-2024.<\/p>\n\n\n\n<p>S. Bernadetta s\u0142u\u017cy\u0142a w Radzie Doradczej jako stra\u017cniczka historii i przekazicielka dziedzictwa. Jej obecno\u015b\u0107 i wk\u0142ad w spotkania by\u0142y zawsze pe\u0142ne spostrze\u017ce\u0144 z historycznymi konotacjami. Nie mo\u017cna by\u0142o si\u0119 pomyli\u0107, poniewa\u017c s. Bernadette by\u0142a w pewnym sensie stra\u017cniczk\u0105 przypominaj\u0105c\u0105 nam o oczekiwaniach Zgromadzenia wobec cz\u0142onk\u00f3w grupy i o tym, co oznacza\u0142o reprezentowanie Zgromadzenia w Organizacji Narod\u00f3w Zjednoczonych. Na przyk\u0142ad: <strong><em>&#8222;bycie rzecznikiem w ONZ oznacza ci\u0105g\u0142e bycie \u015bwiadomym i wykorzystywanie okazji do podnoszenia \u015bwiadomo\u015bci i poszukiwania zobowi\u0105za\u0144 ze strony wp\u0142ywowych os\u00f3b i decydent\u00f3w. Wi\u0105\u017ce si\u0119 to r\u00f3wnie\u017c z byciem na bie\u017c\u0105co z faktami i liczbami oraz ze znajomo\u015bci\u0105 sposob\u00f3w dzia\u0142ania ONZ w Genewie i Nowym Jorku. Dzia\u0142ania te s\u0105 wa\u017cnymi elementami roli Si\u00f3str Mi\u0142osierdzia w Organizacji Narod\u00f3w Zjednoczonych&#8221;.<\/em><\/strong><\/p>\n\n\n\n<p>Jak wa\u017cne jest dla nas, aby\u015bmy mog\u0142y zwraca\u0107 uwag\u0119 na dar, jakim ka\u017cda Siostra jest dla Zgromadzenia, Ko\u015bcio\u0142a i spo\u0142ecze\u0144stwa. To w\u0142a\u015bnie w takich cennych cz\u0142onkach i wspomnieniach, niezliczonych w Zgromadzeniu, by\u0142y\u015bmy w stanie zachowa\u0107 zapisy wydarze\u0144 i kamieni milowych dla potomno\u015bci.<\/p>\n\n\n\n<figure class=\"wp-block-image size-large\"><img loading=\"lazy\" decoding=\"async\" width=\"1024\" height=\"768\" src=\"https:\/\/filles-de-la-charite.org\/wp-content\/uploads\/2024\/11\/WhatsApp-Image-2024-11-20-at-21.03.48-1-1024x768.jpeg\" alt=\"\" class=\"wp-image-40377\" srcset=\"https:\/\/filles-de-la-charite.org\/wp-content\/uploads\/2024\/11\/WhatsApp-Image-2024-11-20-at-21.03.48-1-980x735.jpeg 980w, https:\/\/filles-de-la-charite.org\/wp-content\/uploads\/2024\/11\/WhatsApp-Image-2024-11-20-at-21.03.48-1-480x360.jpeg 480w\" sizes=\"(min-width: 0px) and (max-width: 480px) 480px, (min-width: 481px) and (max-width: 980px) 980px, (min-width: 981px) 1024px, 100vw\" \/><\/figure>\n\n\n\n<p>Po 18 latach hojnego dzielenia si\u0119 czasem i m\u0105dro\u015bci\u0105, nie mo\u017cemy zapomnie\u0107 podzi\u0119kowa\u0107 s. Bernadetcie i wszystkim naszym Siostrom, kt\u00f3re s\u0142u\u017cy\u0142y Zgromadzeniu i wszelkiego rodzaju Ubogim, w spos\u00f3b, o jaki zosta\u0142y poproszone. W tym samym duchu dodajemy nasze &#8222;Dzi\u0119kuj\u0119&#8221; i &#8222;Dobra robota&#8221; dla s. Marie Raw, s. Catherine Prendergast, s. Monique Javouey, s. Marii Ligii Hernandez oraz &#8222;serdeczne powitanie&#8221; s. Zofii Daniscakovej i s. Luz Eleny Mediny, kt\u00f3re przyby\u0142y ze swoimi darami, aby wzbogaci\u0107 grup\u0119 i by\u0107 mentorkami dla rzecznictwa.<\/p>\n\n\n\n<figure class=\"wp-block-image aligncenter size-large\"><img loading=\"lazy\" decoding=\"async\" width=\"1024\" height=\"991\" src=\"https:\/\/filles-de-la-charite.org\/wp-content\/uploads\/2024\/11\/WhatsApp-Image-2024-11-20-at-21.03.48-1024x991.jpeg\" alt=\"\" class=\"wp-image-40370\" srcset=\"https:\/\/filles-de-la-charite.org\/wp-content\/uploads\/2024\/11\/WhatsApp-Image-2024-11-20-at-21.03.48-980x949.jpeg 980w, https:\/\/filles-de-la-charite.org\/wp-content\/uploads\/2024\/11\/WhatsApp-Image-2024-11-20-at-21.03.48-480x465.jpeg 480w\" sizes=\"(min-width: 0px) and (max-width: 480px) 480px, (min-width: 481px) and (max-width: 980px) 980px, (min-width: 981px) 1024px, 100vw\" \/><\/figure>\n\n\n\n<p>Jeste\u015bmy lepsze, gdy uczymy si\u0119 otwiera\u0107 nasze serca i pozwalamy sobie na bycie obdarowanymi szczeg\u00f3lnymi darami, kt\u00f3rymi jeste\u015bmy dla siebie nawzajem i dla naszych braci i si\u00f3str, kt\u00f3rzy \u017cyj\u0105 w ub\u00f3stwie. Wreszcie, modlimy si\u0119 o wieczny odpoczynek i dzi\u0119kujemy Bogu za \u017cycie naszych Si\u00f3str: Evelyn Franc, Kathleen Appler i Margaret O&#8217;Dwyer, kt\u00f3re odesz\u0142y przed nami i obdarzy\u0142y nas swoj\u0105 wizj\u0105, gorliwo\u015bci\u0105 i zaanga\u017cowaniem w zapewnienie, \u017ce ka\u017cdy si\u0119 liczy.<\/p>\n\n\n\n<p>Autor: s. Francesca Edet, SM.<\/p>\n","protected":false},"excerpt":{"rendered":"<p>Modlitwa na po\u017cegnanie jest nieod\u0142\u0105czn\u0105 cz\u0119\u015bci\u0105 dzia\u0142alno\u015bci misyjnej Zgromadzenia Si\u00f3str Mi\u0142osierdzia \u015bw. Wincentego a Paulo. Podobnie jak koncepcja &#8222;wychodzenia i powracania&#8221;, kt\u00f3ra si\u0119ga czas\u00f3w \u015awiat\u0142a Mademoiselle le Gras w 1624 roku. Nie mamy sta\u0142ej misji w \u017cyciu, &#8222;wychodzimy i powracamy&#8221; gdziekolwiek i kiedykolwiek Opatrzno\u015b\u0107 Bo\u017ca zechce nas umie\u015bci\u0107; zawsze z darem wiary i ca\u0142kowit\u0105 zale\u017cno\u015bci\u0105 [&hellip;]<\/p>\n","protected":false},"author":5,"featured_media":40374,"comment_status":"closed","ping_status":"closed","sticky":false,"template":"","format":"standard","meta":{"_acf_changed":false,"_et_pb_use_builder":"","_et_pb_old_content":"","_et_gb_content_width":"","footnotes":"","_links_to":"","_links_to_target":""},"categories":[844,632],"tags":[],"class_list":["post-40388","post","type-post","status-publish","format-standard","has-post-thumbnail","hentry","category-miedzynarodowy","category-onz-pl"],"acf":[],"yoast_head":"<!-- This site is optimized with the Yoast SEO plugin v27.5 - https:\/\/yoast.com\/product\/yoast-seo-wordpress\/ -->\n<title>Dzi\u0119kujemy i witamy! - Filles de la Charit\u00e9<\/title>\n<meta name=\"robots\" content=\"index, follow, max-snippet:-1, max-image-preview:large, max-video-preview:-1\" \/>\n<link rel=\"canonical\" href=\"https:\/\/filles-de-la-charite.org\/pl\/celebrando-las-despedidas-y-acogiendo-nuevos-comienzos\/\" \/>\n<meta property=\"og:locale\" content=\"pl_PL\" \/>\n<meta property=\"og:type\" content=\"article\" \/>\n<meta property=\"og:title\" content=\"Dzi\u0119kujemy i witamy! - Filles de la Charit\u00e9\" \/>\n<meta property=\"og:description\" content=\"Modlitwa na po\u017cegnanie jest nieod\u0142\u0105czn\u0105 cz\u0119\u015bci\u0105 dzia\u0142alno\u015bci misyjnej Zgromadzenia Si\u00f3str Mi\u0142osierdzia \u015bw. Wincentego a Paulo. Podobnie jak koncepcja &#8222;wychodzenia i powracania&#8221;, kt\u00f3ra si\u0119ga czas\u00f3w \u015awiat\u0142a Mademoiselle le Gras w 1624 roku. Nie mamy sta\u0142ej misji w \u017cyciu, &#8222;wychodzimy i powracamy&#8221; gdziekolwiek i kiedykolwiek Opatrzno\u015b\u0107 Bo\u017ca zechce nas umie\u015bci\u0107; zawsze z darem wiary i ca\u0142kowit\u0105 zale\u017cno\u015bci\u0105 [&hellip;]\" \/>\n<meta property=\"og:url\" content=\"https:\/\/filles-de-la-charite.org\/pl\/celebrando-las-despedidas-y-acogiendo-nuevos-comienzos\/\" \/>\n<meta property=\"og:site_name\" content=\"Filles de la Charit\u00e9\" \/>\n<meta property=\"article:published_time\" content=\"2024-11-23T11:51:22+00:00\" \/>\n<meta property=\"article:modified_time\" content=\"2024-11-23T12:06:36+00:00\" \/>\n<meta property=\"og:image\" content=\"https:\/\/filles-de-la-charite.org\/wp-content\/uploads\/2024\/11\/WhatsApp-Image-2024-11-20-at-21.03.48.jpeg\" \/>\n\t<meta property=\"og:image:width\" content=\"1600\" \/>\n\t<meta property=\"og:image:height\" content=\"1549\" \/>\n\t<meta property=\"og:image:type\" content=\"image\/jpeg\" \/>\n<meta name=\"author\" content=\"SOR MARTA\" \/>\n<meta name=\"twitter:card\" content=\"summary_large_image\" \/>\n<meta name=\"twitter:label1\" content=\"Napisane przez\" \/>\n\t<meta name=\"twitter:data1\" content=\"SOR MARTA\" \/>\n\t<meta name=\"twitter:label2\" content=\"Szacowany czas czytania\" \/>\n\t<meta name=\"twitter:data2\" content=\"3 minuty\" \/>\n<script type=\"application\/ld+json\" class=\"yoast-schema-graph\">{\"@context\":\"https:\\\/\\\/schema.org\",\"@graph\":[{\"@type\":\"Article\",\"@id\":\"https:\\\/\\\/filles-de-la-charite.org\\\/pl\\\/celebrando-las-despedidas-y-acogiendo-nuevos-comienzos\\\/#article\",\"isPartOf\":{\"@id\":\"https:\\\/\\\/filles-de-la-charite.org\\\/pl\\\/celebrando-las-despedidas-y-acogiendo-nuevos-comienzos\\\/\"},\"author\":{\"name\":\"SOR MARTA\",\"@id\":\"https:\\\/\\\/filles-de-la-charite.org\\\/pl\\\/#\\\/schema\\\/person\\\/0c922b6ca71280639858d297b3a7209f\"},\"headline\":\"Dzi\u0119kujemy i witamy!\",\"datePublished\":\"2024-11-23T11:51:22+00:00\",\"dateModified\":\"2024-11-23T12:06:36+00:00\",\"mainEntityOfPage\":{\"@id\":\"https:\\\/\\\/filles-de-la-charite.org\\\/pl\\\/celebrando-las-despedidas-y-acogiendo-nuevos-comienzos\\\/\"},\"wordCount\":575,\"publisher\":{\"@id\":\"https:\\\/\\\/filles-de-la-charite.org\\\/pl\\\/#organization\"},\"image\":{\"@id\":\"https:\\\/\\\/filles-de-la-charite.org\\\/pl\\\/celebrando-las-despedidas-y-acogiendo-nuevos-comienzos\\\/#primaryimage\"},\"thumbnailUrl\":\"https:\\\/\\\/filles-de-la-charite.org\\\/wp-content\\\/uploads\\\/2024\\\/11\\\/WhatsApp-Image-2024-11-20-at-21.03.48.jpeg\",\"articleSection\":[\"Mi\u0119dzynarodowy\",\"ONZ\"],\"inLanguage\":\"pl-PL\"},{\"@type\":\"WebPage\",\"@id\":\"https:\\\/\\\/filles-de-la-charite.org\\\/pl\\\/celebrando-las-despedidas-y-acogiendo-nuevos-comienzos\\\/\",\"url\":\"https:\\\/\\\/filles-de-la-charite.org\\\/pl\\\/celebrando-las-despedidas-y-acogiendo-nuevos-comienzos\\\/\",\"name\":\"Dzi\u0119kujemy i witamy! - Filles de la Charit\u00e9\",\"isPartOf\":{\"@id\":\"https:\\\/\\\/filles-de-la-charite.org\\\/pl\\\/#website\"},\"primaryImageOfPage\":{\"@id\":\"https:\\\/\\\/filles-de-la-charite.org\\\/pl\\\/celebrando-las-despedidas-y-acogiendo-nuevos-comienzos\\\/#primaryimage\"},\"image\":{\"@id\":\"https:\\\/\\\/filles-de-la-charite.org\\\/pl\\\/celebrando-las-despedidas-y-acogiendo-nuevos-comienzos\\\/#primaryimage\"},\"thumbnailUrl\":\"https:\\\/\\\/filles-de-la-charite.org\\\/wp-content\\\/uploads\\\/2024\\\/11\\\/WhatsApp-Image-2024-11-20-at-21.03.48.jpeg\",\"datePublished\":\"2024-11-23T11:51:22+00:00\",\"dateModified\":\"2024-11-23T12:06:36+00:00\",\"breadcrumb\":{\"@id\":\"https:\\\/\\\/filles-de-la-charite.org\\\/pl\\\/celebrando-las-despedidas-y-acogiendo-nuevos-comienzos\\\/#breadcrumb\"},\"inLanguage\":\"pl-PL\",\"potentialAction\":[{\"@type\":\"ReadAction\",\"target\":[\"https:\\\/\\\/filles-de-la-charite.org\\\/pl\\\/celebrando-las-despedidas-y-acogiendo-nuevos-comienzos\\\/\"]}]},{\"@type\":\"ImageObject\",\"inLanguage\":\"pl-PL\",\"@id\":\"https:\\\/\\\/filles-de-la-charite.org\\\/pl\\\/celebrando-las-despedidas-y-acogiendo-nuevos-comienzos\\\/#primaryimage\",\"url\":\"https:\\\/\\\/filles-de-la-charite.org\\\/wp-content\\\/uploads\\\/2024\\\/11\\\/WhatsApp-Image-2024-11-20-at-21.03.48.jpeg\",\"contentUrl\":\"https:\\\/\\\/filles-de-la-charite.org\\\/wp-content\\\/uploads\\\/2024\\\/11\\\/WhatsApp-Image-2024-11-20-at-21.03.48.jpeg\",\"width\":1600,\"height\":1549},{\"@type\":\"BreadcrumbList\",\"@id\":\"https:\\\/\\\/filles-de-la-charite.org\\\/pl\\\/celebrando-las-despedidas-y-acogiendo-nuevos-comienzos\\\/#breadcrumb\",\"itemListElement\":[{\"@type\":\"ListItem\",\"position\":1,\"name\":\"ONZ\",\"item\":\"https:\\\/\\\/filles-de-la-charite.org\\\/pl\\\/category\\\/onz-pl\\\/\"},{\"@type\":\"ListItem\",\"position\":2,\"name\":\"Dzi\u0119kujemy i witamy!\"}]},{\"@type\":\"WebSite\",\"@id\":\"https:\\\/\\\/filles-de-la-charite.org\\\/pl\\\/#website\",\"url\":\"https:\\\/\\\/filles-de-la-charite.org\\\/pl\\\/\",\"name\":\"Hijas de la Caridad\",\"description\":\"L\u2019amour de J\u00e9sus nous presse \u00e0 prendre soin des personnes les plus d\u00e9munies\",\"publisher\":{\"@id\":\"https:\\\/\\\/filles-de-la-charite.org\\\/pl\\\/#organization\"},\"potentialAction\":[{\"@type\":\"SearchAction\",\"target\":{\"@type\":\"EntryPoint\",\"urlTemplate\":\"https:\\\/\\\/filles-de-la-charite.org\\\/pl\\\/?s={search_term_string}\"},\"query-input\":{\"@type\":\"PropertyValueSpecification\",\"valueRequired\":true,\"valueName\":\"search_term_string\"}}],\"inLanguage\":\"pl-PL\"},{\"@type\":\"Organization\",\"@id\":\"https:\\\/\\\/filles-de-la-charite.org\\\/pl\\\/#organization\",\"name\":\"Hijas de la Caridad\",\"url\":\"https:\\\/\\\/filles-de-la-charite.org\\\/pl\\\/\",\"logo\":{\"@type\":\"ImageObject\",\"inLanguage\":\"pl-PL\",\"@id\":\"https:\\\/\\\/filles-de-la-charite.org\\\/pl\\\/#\\\/schema\\\/logo\\\/image\\\/\",\"url\":\"https:\\\/\\\/filles-de-la-charite.org\\\/wp-content\\\/uploads\\\/2023\\\/03\\\/isotipo-Hijas-de-la-Caridad.png\",\"contentUrl\":\"https:\\\/\\\/filles-de-la-charite.org\\\/wp-content\\\/uploads\\\/2023\\\/03\\\/isotipo-Hijas-de-la-Caridad.png\",\"width\":1417,\"height\":1417,\"caption\":\"Hijas de la Caridad\"},\"image\":{\"@id\":\"https:\\\/\\\/filles-de-la-charite.org\\\/pl\\\/#\\\/schema\\\/logo\\\/image\\\/\"}},{\"@type\":\"Person\",\"@id\":\"https:\\\/\\\/filles-de-la-charite.org\\\/pl\\\/#\\\/schema\\\/person\\\/0c922b6ca71280639858d297b3a7209f\",\"name\":\"SOR MARTA\",\"image\":{\"@type\":\"ImageObject\",\"inLanguage\":\"pl-PL\",\"@id\":\"https:\\\/\\\/secure.gravatar.com\\\/avatar\\\/d2c45b0fd6bf2d3e2670ab3d112257c24ac80fa960360bba1bdc0676485d1d09?s=96&d=mm&r=g\",\"url\":\"https:\\\/\\\/secure.gravatar.com\\\/avatar\\\/d2c45b0fd6bf2d3e2670ab3d112257c24ac80fa960360bba1bdc0676485d1d09?s=96&d=mm&r=g\",\"contentUrl\":\"https:\\\/\\\/secure.gravatar.com\\\/avatar\\\/d2c45b0fd6bf2d3e2670ab3d112257c24ac80fa960360bba1bdc0676485d1d09?s=96&d=mm&r=g\",\"caption\":\"SOR MARTA\"},\"url\":\"https:\\\/\\\/filles-de-la-charite.org\\\/pl\\\/author\\\/martaemn\\\/\"}]}<\/script>\n<!-- \/ Yoast SEO plugin. -->","yoast_head_json":{"title":"Dzi\u0119kujemy i witamy! - Filles de la Charit\u00e9","robots":{"index":"index","follow":"follow","max-snippet":"max-snippet:-1","max-image-preview":"max-image-preview:large","max-video-preview":"max-video-preview:-1"},"canonical":"https:\/\/filles-de-la-charite.org\/pl\/celebrando-las-despedidas-y-acogiendo-nuevos-comienzos\/","og_locale":"pl_PL","og_type":"article","og_title":"Dzi\u0119kujemy i witamy! - Filles de la Charit\u00e9","og_description":"Modlitwa na po\u017cegnanie jest nieod\u0142\u0105czn\u0105 cz\u0119\u015bci\u0105 dzia\u0142alno\u015bci misyjnej Zgromadzenia Si\u00f3str Mi\u0142osierdzia \u015bw. Wincentego a Paulo. Podobnie jak koncepcja &#8222;wychodzenia i powracania&#8221;, kt\u00f3ra si\u0119ga czas\u00f3w \u015awiat\u0142a Mademoiselle le Gras w 1624 roku. Nie mamy sta\u0142ej misji w \u017cyciu, &#8222;wychodzimy i powracamy&#8221; gdziekolwiek i kiedykolwiek Opatrzno\u015b\u0107 Bo\u017ca zechce nas umie\u015bci\u0107; zawsze z darem wiary i ca\u0142kowit\u0105 zale\u017cno\u015bci\u0105 [&hellip;]","og_url":"https:\/\/filles-de-la-charite.org\/pl\/celebrando-las-despedidas-y-acogiendo-nuevos-comienzos\/","og_site_name":"Filles de la Charit\u00e9","article_published_time":"2024-11-23T11:51:22+00:00","article_modified_time":"2024-11-23T12:06:36+00:00","og_image":[{"width":1600,"height":1549,"url":"https:\/\/filles-de-la-charite.org\/wp-content\/uploads\/2024\/11\/WhatsApp-Image-2024-11-20-at-21.03.48.jpeg","type":"image\/jpeg"}],"author":"SOR MARTA","twitter_card":"summary_large_image","twitter_misc":{"Napisane przez":"SOR MARTA","Szacowany czas czytania":"3 minuty"},"schema":{"@context":"https:\/\/schema.org","@graph":[{"@type":"Article","@id":"https:\/\/filles-de-la-charite.org\/pl\/celebrando-las-despedidas-y-acogiendo-nuevos-comienzos\/#article","isPartOf":{"@id":"https:\/\/filles-de-la-charite.org\/pl\/celebrando-las-despedidas-y-acogiendo-nuevos-comienzos\/"},"author":{"name":"SOR MARTA","@id":"https:\/\/filles-de-la-charite.org\/pl\/#\/schema\/person\/0c922b6ca71280639858d297b3a7209f"},"headline":"Dzi\u0119kujemy i witamy!","datePublished":"2024-11-23T11:51:22+00:00","dateModified":"2024-11-23T12:06:36+00:00","mainEntityOfPage":{"@id":"https:\/\/filles-de-la-charite.org\/pl\/celebrando-las-despedidas-y-acogiendo-nuevos-comienzos\/"},"wordCount":575,"publisher":{"@id":"https:\/\/filles-de-la-charite.org\/pl\/#organization"},"image":{"@id":"https:\/\/filles-de-la-charite.org\/pl\/celebrando-las-despedidas-y-acogiendo-nuevos-comienzos\/#primaryimage"},"thumbnailUrl":"https:\/\/filles-de-la-charite.org\/wp-content\/uploads\/2024\/11\/WhatsApp-Image-2024-11-20-at-21.03.48.jpeg","articleSection":["Mi\u0119dzynarodowy","ONZ"],"inLanguage":"pl-PL"},{"@type":"WebPage","@id":"https:\/\/filles-de-la-charite.org\/pl\/celebrando-las-despedidas-y-acogiendo-nuevos-comienzos\/","url":"https:\/\/filles-de-la-charite.org\/pl\/celebrando-las-despedidas-y-acogiendo-nuevos-comienzos\/","name":"Dzi\u0119kujemy i witamy! - Filles de la Charit\u00e9","isPartOf":{"@id":"https:\/\/filles-de-la-charite.org\/pl\/#website"},"primaryImageOfPage":{"@id":"https:\/\/filles-de-la-charite.org\/pl\/celebrando-las-despedidas-y-acogiendo-nuevos-comienzos\/#primaryimage"},"image":{"@id":"https:\/\/filles-de-la-charite.org\/pl\/celebrando-las-despedidas-y-acogiendo-nuevos-comienzos\/#primaryimage"},"thumbnailUrl":"https:\/\/filles-de-la-charite.org\/wp-content\/uploads\/2024\/11\/WhatsApp-Image-2024-11-20-at-21.03.48.jpeg","datePublished":"2024-11-23T11:51:22+00:00","dateModified":"2024-11-23T12:06:36+00:00","breadcrumb":{"@id":"https:\/\/filles-de-la-charite.org\/pl\/celebrando-las-despedidas-y-acogiendo-nuevos-comienzos\/#breadcrumb"},"inLanguage":"pl-PL","potentialAction":[{"@type":"ReadAction","target":["https:\/\/filles-de-la-charite.org\/pl\/celebrando-las-despedidas-y-acogiendo-nuevos-comienzos\/"]}]},{"@type":"ImageObject","inLanguage":"pl-PL","@id":"https:\/\/filles-de-la-charite.org\/pl\/celebrando-las-despedidas-y-acogiendo-nuevos-comienzos\/#primaryimage","url":"https:\/\/filles-de-la-charite.org\/wp-content\/uploads\/2024\/11\/WhatsApp-Image-2024-11-20-at-21.03.48.jpeg","contentUrl":"https:\/\/filles-de-la-charite.org\/wp-content\/uploads\/2024\/11\/WhatsApp-Image-2024-11-20-at-21.03.48.jpeg","width":1600,"height":1549},{"@type":"BreadcrumbList","@id":"https:\/\/filles-de-la-charite.org\/pl\/celebrando-las-despedidas-y-acogiendo-nuevos-comienzos\/#breadcrumb","itemListElement":[{"@type":"ListItem","position":1,"name":"ONZ","item":"https:\/\/filles-de-la-charite.org\/pl\/category\/onz-pl\/"},{"@type":"ListItem","position":2,"name":"Dzi\u0119kujemy i witamy!"}]},{"@type":"WebSite","@id":"https:\/\/filles-de-la-charite.org\/pl\/#website","url":"https:\/\/filles-de-la-charite.org\/pl\/","name":"Hijas de la Caridad","description":"L\u2019amour de J\u00e9sus nous presse \u00e0 prendre soin des personnes les plus d\u00e9munies","publisher":{"@id":"https:\/\/filles-de-la-charite.org\/pl\/#organization"},"potentialAction":[{"@type":"SearchAction","target":{"@type":"EntryPoint","urlTemplate":"https:\/\/filles-de-la-charite.org\/pl\/?s={search_term_string}"},"query-input":{"@type":"PropertyValueSpecification","valueRequired":true,"valueName":"search_term_string"}}],"inLanguage":"pl-PL"},{"@type":"Organization","@id":"https:\/\/filles-de-la-charite.org\/pl\/#organization","name":"Hijas de la Caridad","url":"https:\/\/filles-de-la-charite.org\/pl\/","logo":{"@type":"ImageObject","inLanguage":"pl-PL","@id":"https:\/\/filles-de-la-charite.org\/pl\/#\/schema\/logo\/image\/","url":"https:\/\/filles-de-la-charite.org\/wp-content\/uploads\/2023\/03\/isotipo-Hijas-de-la-Caridad.png","contentUrl":"https:\/\/filles-de-la-charite.org\/wp-content\/uploads\/2023\/03\/isotipo-Hijas-de-la-Caridad.png","width":1417,"height":1417,"caption":"Hijas de la Caridad"},"image":{"@id":"https:\/\/filles-de-la-charite.org\/pl\/#\/schema\/logo\/image\/"}},{"@type":"Person","@id":"https:\/\/filles-de-la-charite.org\/pl\/#\/schema\/person\/0c922b6ca71280639858d297b3a7209f","name":"SOR MARTA","image":{"@type":"ImageObject","inLanguage":"pl-PL","@id":"https:\/\/secure.gravatar.com\/avatar\/d2c45b0fd6bf2d3e2670ab3d112257c24ac80fa960360bba1bdc0676485d1d09?s=96&d=mm&r=g","url":"https:\/\/secure.gravatar.com\/avatar\/d2c45b0fd6bf2d3e2670ab3d112257c24ac80fa960360bba1bdc0676485d1d09?s=96&d=mm&r=g","contentUrl":"https:\/\/secure.gravatar.com\/avatar\/d2c45b0fd6bf2d3e2670ab3d112257c24ac80fa960360bba1bdc0676485d1d09?s=96&d=mm&r=g","caption":"SOR MARTA"},"url":"https:\/\/filles-de-la-charite.org\/pl\/author\/martaemn\/"}]}},"_links":{"self":[{"href":"https:\/\/filles-de-la-charite.org\/pl\/wp-json\/wp\/v2\/posts\/40388","targetHints":{"allow":["GET"]}}],"collection":[{"href":"https:\/\/filles-de-la-charite.org\/pl\/wp-json\/wp\/v2\/posts"}],"about":[{"href":"https:\/\/filles-de-la-charite.org\/pl\/wp-json\/wp\/v2\/types\/post"}],"author":[{"embeddable":true,"href":"https:\/\/filles-de-la-charite.org\/pl\/wp-json\/wp\/v2\/users\/5"}],"replies":[{"embeddable":true,"href":"https:\/\/filles-de-la-charite.org\/pl\/wp-json\/wp\/v2\/comments?post=40388"}],"version-history":[{"count":1,"href":"https:\/\/filles-de-la-charite.org\/pl\/wp-json\/wp\/v2\/posts\/40388\/revisions"}],"predecessor-version":[{"id":40394,"href":"https:\/\/filles-de-la-charite.org\/pl\/wp-json\/wp\/v2\/posts\/40388\/revisions\/40394"}],"wp:featuredmedia":[{"embeddable":true,"href":"https:\/\/filles-de-la-charite.org\/pl\/wp-json\/wp\/v2\/media\/40374"}],"wp:attachment":[{"href":"https:\/\/filles-de-la-charite.org\/pl\/wp-json\/wp\/v2\/media?parent=40388"}],"wp:term":[{"taxonomy":"category","embeddable":true,"href":"https:\/\/filles-de-la-charite.org\/pl\/wp-json\/wp\/v2\/categories?post=40388"},{"taxonomy":"post_tag","embeddable":true,"href":"https:\/\/filles-de-la-charite.org\/pl\/wp-json\/wp\/v2\/tags?post=40388"}],"curies":[{"name":"wp","href":"https:\/\/api.w.org\/{rel}","templated":true}]}}