{"id":41094,"date":"2025-01-01T22:41:30","date_gmt":"2025-01-01T21:41:30","guid":{"rendered":"https:\/\/filles-de-la-charite.org\/?p=41094"},"modified":"2025-01-02T17:17:57","modified_gmt":"2025-01-02T16:17:57","slug":"entrega-del-premio-raoul-follereau-a-la-provincia-de-madagascar","status":"publish","type":"post","link":"https:\/\/filles-de-la-charite.org\/pl\/entrega-del-premio-raoul-follereau-a-la-provincia-de-madagascar\/","title":{"rendered":"Nagroda Raoula Follereau dla Prowincji Madagaskaru"},"content":{"rendered":"\n<p>Od 1955 roku, zgodnie z \u017cyczeniem Raoula i Madeleine Follereau, \"Nagroda Raoula Follereau\" przyznawana jest co dwa lata \"lekarzowi lub misjonarzowi, kt\u00f3ry swoj\u0105 prac\u0105 lub przyk\u0142adem odegra\u0142 skuteczn\u0105 rol\u0119 w walce z tr\u0105dem\".<\/p>\n\n\n\n<p>W czwartek 28 listopada 2024 r. nagroda zosta\u0142a przyznana po\u015bmiertnie przez Amina Maaloufa, sta\u0142ego sekretarza Acad\u00e9mie Fran\u00e7aise, Siostrze Joany Ravaoary, Siostrze Mi\u0142osierdzia z Prowincji Madagaskaru. W lipcu ubieg\u0142ego roku Siostra Joany zmar\u0142a w wieku 58 lat na wyniszczaj\u0105cego raka. Na szcz\u0119\u015bcie zosta\u0142a poinformowana o tym wyr\u00f3\u017cnieniu i by\u0142a przepe\u0142niona rado\u015bci\u0105.<\/p>\n\n\n\n<figure class=\"wp-block-image size-full\"><img loading=\"lazy\" decoding=\"async\" width=\"720\" height=\"717\" src=\"https:\/\/filles-de-la-charite.org\/wp-content\/uploads\/2024\/12\/1.jpeg\" alt=\"\" class=\"wp-image-41056\" srcset=\"https:\/\/filles-de-la-charite.org\/wp-content\/uploads\/2024\/12\/1.jpeg 720w, https:\/\/filles-de-la-charite.org\/wp-content\/uploads\/2024\/12\/1-480x478.jpeg 480w\" sizes=\"(min-width: 0px) and (max-width: 480px) 480px, (min-width: 481px) 720px, 100vw\" \/><\/figure>\n\n\n\n<p>By\u0142a piel\u0119gniark\u0105 i dyrektorem medycznym Centrum Zdrowia Ampasy, gdzie leczonych jest wielu pacjent\u00f3w, w tym ci z ci\u0119\u017ckimi postaciami tr\u0105du. Prowadzone s\u0105 tam r\u00f3wnie\u017c badania kliniczne nad nowymi metodami leczenia. Siostra Joany opracowa\u0142a r\u00f3wnie\u017c programy szkoleniowe dla opiekun\u00f3w i by\u0142ych pacjent\u00f3w, promuj\u0105c wczesne wykrywanie i zwalczanie stygmatyzacji tr\u0105du.<\/p>\n\n\n\n<figure class=\"wp-block-image size-large\"><img loading=\"lazy\" decoding=\"async\" width=\"1024\" height=\"736\" src=\"https:\/\/filles-de-la-charite.org\/wp-content\/uploads\/2024\/12\/2-1024x736.jpeg\" alt=\"\" class=\"wp-image-41062\" srcset=\"https:\/\/filles-de-la-charite.org\/wp-content\/uploads\/2024\/12\/2-1024x736.jpeg 1024w, https:\/\/filles-de-la-charite.org\/wp-content\/uploads\/2024\/12\/2-980x704.jpeg 980w, https:\/\/filles-de-la-charite.org\/wp-content\/uploads\/2024\/12\/2-480x345.jpeg 480w\" sizes=\"(min-width: 0px) and (max-width: 480px) 480px, (min-width: 481px) and (max-width: 980px) 980px, (min-width: 981px) 1024px, 100vw\" \/><\/figure>\n\n\n\n<p>Wiedzia\u0142a, jak u\u017cywa\u0107 w\u0142a\u015bciwych s\u0142\u00f3w, aby zach\u0119ci\u0107 rodzic\u00f3w do posy\u0142ania dzieci do szko\u0142y, podj\u0119cia szkolenia zawodowego i zaanga\u017cowania si\u0119 w dzia\u0142ania generuj\u0105ce doch\u00f3d, takie jak hodowla zwierz\u0105t i rolnictwo. W ten spos\u00f3b ludzie mogli naby\u0107 ma\u0142\u0105 dzia\u0142k\u0119, zbudowa\u0107 dom i odzyska\u0107 swoje miejsce w spo\u0142ecze\u0144stwie. <\/p>\n\n\n\n<p>Prowincja poprosi\u0142a mnie o reprezentowanie ich podczas ceremonii wr\u0119czenia nagr\u00f3d. By\u0142a moim najstarszym \"dzieckiem\". Dla Malgasz\u00f3w najstarsze dziecko, \"zoky\", ma delikatne zadanie wprowadzenia m\u0142odszych dzieci w \u017cycie rodzinne, w kultur\u0119 i spos\u00f3b \u017cycia. Siostra Joany by\u0142a dla mnie takim \"zoky\", zar\u00f3wno pod wzgl\u0119dem powo\u0142ania, jak i pos\u0142ugi zawodowej.<\/p>\n\n\n\n<div class=\"wp-block-responsive-lightbox-gallery\"><div class=\"et_pb_slider et_pb_slider_fullwidth_off et_pb_gallery_post_type\">\n\t\t\t\t<div class=\"et_pb_slides\">\n\t\t\t\t\t<div class=\"et_pb_slide\" style=\"background: url(https:\/\/filles-de-la-charite.org\/wp-content\/uploads\/2024\/12\/3.jpeg);\"><\/div><div class=\"et_pb_slide\" style=\"background: url(https:\/\/filles-de-la-charite.org\/wp-content\/uploads\/2024\/12\/4.jpeg);\"><\/div><div class=\"et_pb_slide\" style=\"background: url(https:\/\/filles-de-la-charite.org\/wp-content\/uploads\/2024\/12\/5.jpeg);\"><\/div>\n\t\t\t\t<\/div>\n\t\t\t<\/div><\/div>\n\n\n\n<p>Zapozna\u0142a mnie mi\u0119dzy innymi z badaniami przesiewowymi w kierunku tr\u0105du i wizytami w buszu. <\/p>\n\n\n\n<p>W naszej Prowincji wyb\u00f3r Zgromadzenia Si\u00f3str Mi\u0142osierdzia jako odbiorcy tej nagrody jest wezwaniem do kontynuowania drogi, kt\u00f3r\u0105 Siostra Joanna, wraz z wieloma innymi Siostrami, podj\u0119\u0142a w swoim zaanga\u017cowaniu w integraln\u0105 s\u0142u\u017cb\u0119 ludzko\u015bci - s\u0142u\u017c\u0105c ka\u017cdemu cz\u0142owiekowi, bez wyj\u0105tku.<\/p>\n\n\n\n<div class=\"wp-block-responsive-lightbox-gallery\"><div class=\"et_pb_slider et_pb_slider_fullwidth_off et_pb_gallery_post_type\">\n\t\t\t\t<div class=\"et_pb_slides\">\n\t\t\t\t\t<div class=\"et_pb_slide\" style=\"background: url(https:\/\/filles-de-la-charite.org\/wp-content\/uploads\/2024\/12\/6.jpeg);\"><\/div><div class=\"et_pb_slide\" style=\"background: url(https:\/\/filles-de-la-charite.org\/wp-content\/uploads\/2024\/12\/7.jpeg);\"><\/div>\n\t\t\t\t<\/div>\n\t\t\t<\/div><\/div>\n\n\n\n<p><strong>Siostra<\/strong> <strong>Fanilo FEMINASOA<\/strong><\/p>\n","protected":false},"excerpt":{"rendered":"<p>Od 1955 roku, zgodnie z \u017cyczeniem Raoula i Madeleine Follereau, &#8222;Nagroda Raoula Follereau&#8221; przyznawana jest co dwa lata &#8222;lekarzowi lub misjonarzowi, kt\u00f3ry swoj\u0105 prac\u0105 lub przyk\u0142adem odegra\u0142 skuteczn\u0105 rol\u0119 w walce z tr\u0105dem&#8221;. W czwartek 28 listopada 2024 r. nagroda zosta\u0142a przyznana po\u015bmiertnie przez Amina Maaloufa, sta\u0142ego sekretarza Acad\u00e9mie Fran\u00e7aise, Siostrze Joany Ravaoary, Siostrze Mi\u0142osierdzia [&hellip;]<\/p>\n","protected":false},"author":5,"featured_media":41048,"comment_status":"closed","ping_status":"closed","sticky":false,"template":"","format":"standard","meta":{"_acf_changed":false,"footnotes":"","_links_to":"","_links_to_target":""},"categories":[844],"tags":[],"class_list":["post-41094","post","type-post","status-publish","format-standard","has-post-thumbnail","hentry","category-miedzynarodowy"],"acf":[],"yoast_head":"<!-- This site is optimized with the Yoast SEO plugin v27.5 - https:\/\/yoast.com\/product\/yoast-seo-wordpress\/ -->\n<title>Nagroda Raoula Follereau dla Prowincji Madagaskaru - Filles de la Charit\u00e9<\/title>\n<meta name=\"robots\" content=\"index, follow, max-snippet:-1, max-image-preview:large, max-video-preview:-1\" \/>\n<link rel=\"canonical\" href=\"https:\/\/filles-de-la-charite.org\/pl\/entrega-del-premio-raoul-follereau-a-la-provincia-de-madagascar\/\" \/>\n<meta property=\"og:locale\" content=\"pl_PL\" \/>\n<meta property=\"og:type\" content=\"article\" \/>\n<meta property=\"og:title\" content=\"Nagroda Raoula Follereau dla Prowincji Madagaskaru - Filles de la Charit\u00e9\" \/>\n<meta property=\"og:description\" content=\"Od 1955 roku, zgodnie z \u017cyczeniem Raoula i Madeleine Follereau, &#8222;Nagroda Raoula Follereau&#8221; przyznawana jest co dwa lata &#8222;lekarzowi lub misjonarzowi, kt\u00f3ry swoj\u0105 prac\u0105 lub przyk\u0142adem odegra\u0142 skuteczn\u0105 rol\u0119 w walce z tr\u0105dem&#8221;. W czwartek 28 listopada 2024 r. nagroda zosta\u0142a przyznana po\u015bmiertnie przez Amina Maaloufa, sta\u0142ego sekretarza Acad\u00e9mie Fran\u00e7aise, Siostrze Joany Ravaoary, Siostrze Mi\u0142osierdzia [&hellip;]\" \/>\n<meta property=\"og:url\" content=\"https:\/\/filles-de-la-charite.org\/pl\/entrega-del-premio-raoul-follereau-a-la-provincia-de-madagascar\/\" \/>\n<meta property=\"og:site_name\" content=\"Filles de la Charit\u00e9\" \/>\n<meta property=\"article:published_time\" content=\"2025-01-01T21:41:30+00:00\" \/>\n<meta property=\"article:modified_time\" content=\"2025-01-02T16:17:57+00:00\" \/>\n<meta property=\"og:image\" content=\"https:\/\/filles-de-la-charite.org\/wp-content\/uploads\/2024\/12\/6.jpeg\" \/>\n\t<meta property=\"og:image:width\" content=\"1600\" \/>\n\t<meta property=\"og:image:height\" content=\"1204\" \/>\n\t<meta property=\"og:image:type\" content=\"image\/jpeg\" \/>\n<meta name=\"author\" content=\"SOR MARTA\" \/>\n<meta name=\"twitter:card\" content=\"summary_large_image\" \/>\n<meta name=\"twitter:label1\" content=\"Napisane przez\" \/>\n\t<meta name=\"twitter:data1\" content=\"SOR MARTA\" \/>\n\t<meta name=\"twitter:label2\" content=\"Szacowany czas czytania\" \/>\n\t<meta name=\"twitter:data2\" content=\"2 minuty\" \/>\n<script type=\"application\/ld+json\" class=\"yoast-schema-graph\">{\"@context\":\"https:\\\/\\\/schema.org\",\"@graph\":[{\"@type\":\"Article\",\"@id\":\"https:\\\/\\\/filles-de-la-charite.org\\\/pl\\\/entrega-del-premio-raoul-follereau-a-la-provincia-de-madagascar\\\/#article\",\"isPartOf\":{\"@id\":\"https:\\\/\\\/filles-de-la-charite.org\\\/pl\\\/entrega-del-premio-raoul-follereau-a-la-provincia-de-madagascar\\\/\"},\"author\":{\"name\":\"SOR MARTA\",\"@id\":\"https:\\\/\\\/filles-de-la-charite.org\\\/pl\\\/#\\\/schema\\\/person\\\/0c922b6ca71280639858d297b3a7209f\"},\"headline\":\"Nagroda Raoula Follereau dla Prowincji Madagaskaru\",\"datePublished\":\"2025-01-01T21:41:30+00:00\",\"dateModified\":\"2025-01-02T16:17:57+00:00\",\"mainEntityOfPage\":{\"@id\":\"https:\\\/\\\/filles-de-la-charite.org\\\/pl\\\/entrega-del-premio-raoul-follereau-a-la-provincia-de-madagascar\\\/\"},\"wordCount\":366,\"publisher\":{\"@id\":\"https:\\\/\\\/filles-de-la-charite.org\\\/pl\\\/#organization\"},\"image\":{\"@id\":\"https:\\\/\\\/filles-de-la-charite.org\\\/pl\\\/entrega-del-premio-raoul-follereau-a-la-provincia-de-madagascar\\\/#primaryimage\"},\"thumbnailUrl\":\"https:\\\/\\\/filles-de-la-charite.org\\\/wp-content\\\/uploads\\\/2024\\\/12\\\/6.jpeg\",\"articleSection\":[\"Mi\u0119dzynarodowy\"],\"inLanguage\":\"pl-PL\"},{\"@type\":\"WebPage\",\"@id\":\"https:\\\/\\\/filles-de-la-charite.org\\\/pl\\\/entrega-del-premio-raoul-follereau-a-la-provincia-de-madagascar\\\/\",\"url\":\"https:\\\/\\\/filles-de-la-charite.org\\\/pl\\\/entrega-del-premio-raoul-follereau-a-la-provincia-de-madagascar\\\/\",\"name\":\"Nagroda Raoula Follereau dla Prowincji Madagaskaru - Filles de la Charit\u00e9\",\"isPartOf\":{\"@id\":\"https:\\\/\\\/filles-de-la-charite.org\\\/pl\\\/#website\"},\"primaryImageOfPage\":{\"@id\":\"https:\\\/\\\/filles-de-la-charite.org\\\/pl\\\/entrega-del-premio-raoul-follereau-a-la-provincia-de-madagascar\\\/#primaryimage\"},\"image\":{\"@id\":\"https:\\\/\\\/filles-de-la-charite.org\\\/pl\\\/entrega-del-premio-raoul-follereau-a-la-provincia-de-madagascar\\\/#primaryimage\"},\"thumbnailUrl\":\"https:\\\/\\\/filles-de-la-charite.org\\\/wp-content\\\/uploads\\\/2024\\\/12\\\/6.jpeg\",\"datePublished\":\"2025-01-01T21:41:30+00:00\",\"dateModified\":\"2025-01-02T16:17:57+00:00\",\"breadcrumb\":{\"@id\":\"https:\\\/\\\/filles-de-la-charite.org\\\/pl\\\/entrega-del-premio-raoul-follereau-a-la-provincia-de-madagascar\\\/#breadcrumb\"},\"inLanguage\":\"pl-PL\",\"potentialAction\":[{\"@type\":\"ReadAction\",\"target\":[\"https:\\\/\\\/filles-de-la-charite.org\\\/pl\\\/entrega-del-premio-raoul-follereau-a-la-provincia-de-madagascar\\\/\"]}]},{\"@type\":\"ImageObject\",\"inLanguage\":\"pl-PL\",\"@id\":\"https:\\\/\\\/filles-de-la-charite.org\\\/pl\\\/entrega-del-premio-raoul-follereau-a-la-provincia-de-madagascar\\\/#primaryimage\",\"url\":\"https:\\\/\\\/filles-de-la-charite.org\\\/wp-content\\\/uploads\\\/2024\\\/12\\\/6.jpeg\",\"contentUrl\":\"https:\\\/\\\/filles-de-la-charite.org\\\/wp-content\\\/uploads\\\/2024\\\/12\\\/6.jpeg\",\"width\":1600,\"height\":1204},{\"@type\":\"BreadcrumbList\",\"@id\":\"https:\\\/\\\/filles-de-la-charite.org\\\/pl\\\/entrega-del-premio-raoul-follereau-a-la-provincia-de-madagascar\\\/#breadcrumb\",\"itemListElement\":[{\"@type\":\"ListItem\",\"position\":1,\"name\":\"Mi\u0119dzynarodowy\",\"item\":\"https:\\\/\\\/filles-de-la-charite.org\\\/pl\\\/category\\\/miedzynarodowy\\\/\"},{\"@type\":\"ListItem\",\"position\":2,\"name\":\"Nagroda Raoula Follereau dla Prowincji Madagaskaru\"}]},{\"@type\":\"WebSite\",\"@id\":\"https:\\\/\\\/filles-de-la-charite.org\\\/pl\\\/#website\",\"url\":\"https:\\\/\\\/filles-de-la-charite.org\\\/pl\\\/\",\"name\":\"Hijas de la Caridad\",\"description\":\"L\u2019amour de J\u00e9sus nous presse \u00e0 prendre soin des personnes les plus d\u00e9munies\",\"publisher\":{\"@id\":\"https:\\\/\\\/filles-de-la-charite.org\\\/pl\\\/#organization\"},\"potentialAction\":[{\"@type\":\"SearchAction\",\"target\":{\"@type\":\"EntryPoint\",\"urlTemplate\":\"https:\\\/\\\/filles-de-la-charite.org\\\/pl\\\/?s={search_term_string}\"},\"query-input\":{\"@type\":\"PropertyValueSpecification\",\"valueRequired\":true,\"valueName\":\"search_term_string\"}}],\"inLanguage\":\"pl-PL\"},{\"@type\":\"Organization\",\"@id\":\"https:\\\/\\\/filles-de-la-charite.org\\\/pl\\\/#organization\",\"name\":\"Hijas de la Caridad\",\"url\":\"https:\\\/\\\/filles-de-la-charite.org\\\/pl\\\/\",\"logo\":{\"@type\":\"ImageObject\",\"inLanguage\":\"pl-PL\",\"@id\":\"https:\\\/\\\/filles-de-la-charite.org\\\/pl\\\/#\\\/schema\\\/logo\\\/image\\\/\",\"url\":\"https:\\\/\\\/filles-de-la-charite.org\\\/wp-content\\\/uploads\\\/2023\\\/03\\\/isotipo-Hijas-de-la-Caridad.png\",\"contentUrl\":\"https:\\\/\\\/filles-de-la-charite.org\\\/wp-content\\\/uploads\\\/2023\\\/03\\\/isotipo-Hijas-de-la-Caridad.png\",\"width\":1417,\"height\":1417,\"caption\":\"Hijas de la Caridad\"},\"image\":{\"@id\":\"https:\\\/\\\/filles-de-la-charite.org\\\/pl\\\/#\\\/schema\\\/logo\\\/image\\\/\"}},{\"@type\":\"Person\",\"@id\":\"https:\\\/\\\/filles-de-la-charite.org\\\/pl\\\/#\\\/schema\\\/person\\\/0c922b6ca71280639858d297b3a7209f\",\"name\":\"SOR MARTA\",\"image\":{\"@type\":\"ImageObject\",\"inLanguage\":\"pl-PL\",\"@id\":\"https:\\\/\\\/secure.gravatar.com\\\/avatar\\\/d2c45b0fd6bf2d3e2670ab3d112257c24ac80fa960360bba1bdc0676485d1d09?s=96&d=mm&r=g\",\"url\":\"https:\\\/\\\/secure.gravatar.com\\\/avatar\\\/d2c45b0fd6bf2d3e2670ab3d112257c24ac80fa960360bba1bdc0676485d1d09?s=96&d=mm&r=g\",\"contentUrl\":\"https:\\\/\\\/secure.gravatar.com\\\/avatar\\\/d2c45b0fd6bf2d3e2670ab3d112257c24ac80fa960360bba1bdc0676485d1d09?s=96&d=mm&r=g\",\"caption\":\"SOR MARTA\"},\"url\":\"https:\\\/\\\/filles-de-la-charite.org\\\/pl\\\/author\\\/martaemn\\\/\"}]}<\/script>\n<!-- \/ Yoast SEO plugin. -->","yoast_head_json":{"title":"Nagroda Raoula Follereau dla Prowincji Madagaskaru - Filles de la Charit\u00e9","robots":{"index":"index","follow":"follow","max-snippet":"max-snippet:-1","max-image-preview":"max-image-preview:large","max-video-preview":"max-video-preview:-1"},"canonical":"https:\/\/filles-de-la-charite.org\/pl\/entrega-del-premio-raoul-follereau-a-la-provincia-de-madagascar\/","og_locale":"pl_PL","og_type":"article","og_title":"Nagroda Raoula Follereau dla Prowincji Madagaskaru - Filles de la Charit\u00e9","og_description":"Od 1955 roku, zgodnie z \u017cyczeniem Raoula i Madeleine Follereau, &#8222;Nagroda Raoula Follereau&#8221; przyznawana jest co dwa lata &#8222;lekarzowi lub misjonarzowi, kt\u00f3ry swoj\u0105 prac\u0105 lub przyk\u0142adem odegra\u0142 skuteczn\u0105 rol\u0119 w walce z tr\u0105dem&#8221;. W czwartek 28 listopada 2024 r. nagroda zosta\u0142a przyznana po\u015bmiertnie przez Amina Maaloufa, sta\u0142ego sekretarza Acad\u00e9mie Fran\u00e7aise, Siostrze Joany Ravaoary, Siostrze Mi\u0142osierdzia [&hellip;]","og_url":"https:\/\/filles-de-la-charite.org\/pl\/entrega-del-premio-raoul-follereau-a-la-provincia-de-madagascar\/","og_site_name":"Filles de la Charit\u00e9","article_published_time":"2025-01-01T21:41:30+00:00","article_modified_time":"2025-01-02T16:17:57+00:00","og_image":[{"width":1600,"height":1204,"url":"https:\/\/filles-de-la-charite.org\/wp-content\/uploads\/2024\/12\/6.jpeg","type":"image\/jpeg"}],"author":"SOR MARTA","twitter_card":"summary_large_image","twitter_misc":{"Napisane przez":"SOR MARTA","Szacowany czas czytania":"2 minuty"},"schema":{"@context":"https:\/\/schema.org","@graph":[{"@type":"Article","@id":"https:\/\/filles-de-la-charite.org\/pl\/entrega-del-premio-raoul-follereau-a-la-provincia-de-madagascar\/#article","isPartOf":{"@id":"https:\/\/filles-de-la-charite.org\/pl\/entrega-del-premio-raoul-follereau-a-la-provincia-de-madagascar\/"},"author":{"name":"SOR MARTA","@id":"https:\/\/filles-de-la-charite.org\/pl\/#\/schema\/person\/0c922b6ca71280639858d297b3a7209f"},"headline":"Nagroda Raoula Follereau dla Prowincji Madagaskaru","datePublished":"2025-01-01T21:41:30+00:00","dateModified":"2025-01-02T16:17:57+00:00","mainEntityOfPage":{"@id":"https:\/\/filles-de-la-charite.org\/pl\/entrega-del-premio-raoul-follereau-a-la-provincia-de-madagascar\/"},"wordCount":366,"publisher":{"@id":"https:\/\/filles-de-la-charite.org\/pl\/#organization"},"image":{"@id":"https:\/\/filles-de-la-charite.org\/pl\/entrega-del-premio-raoul-follereau-a-la-provincia-de-madagascar\/#primaryimage"},"thumbnailUrl":"https:\/\/filles-de-la-charite.org\/wp-content\/uploads\/2024\/12\/6.jpeg","articleSection":["Mi\u0119dzynarodowy"],"inLanguage":"pl-PL"},{"@type":"WebPage","@id":"https:\/\/filles-de-la-charite.org\/pl\/entrega-del-premio-raoul-follereau-a-la-provincia-de-madagascar\/","url":"https:\/\/filles-de-la-charite.org\/pl\/entrega-del-premio-raoul-follereau-a-la-provincia-de-madagascar\/","name":"Nagroda Raoula Follereau dla Prowincji Madagaskaru - Filles de la Charit\u00e9","isPartOf":{"@id":"https:\/\/filles-de-la-charite.org\/pl\/#website"},"primaryImageOfPage":{"@id":"https:\/\/filles-de-la-charite.org\/pl\/entrega-del-premio-raoul-follereau-a-la-provincia-de-madagascar\/#primaryimage"},"image":{"@id":"https:\/\/filles-de-la-charite.org\/pl\/entrega-del-premio-raoul-follereau-a-la-provincia-de-madagascar\/#primaryimage"},"thumbnailUrl":"https:\/\/filles-de-la-charite.org\/wp-content\/uploads\/2024\/12\/6.jpeg","datePublished":"2025-01-01T21:41:30+00:00","dateModified":"2025-01-02T16:17:57+00:00","breadcrumb":{"@id":"https:\/\/filles-de-la-charite.org\/pl\/entrega-del-premio-raoul-follereau-a-la-provincia-de-madagascar\/#breadcrumb"},"inLanguage":"pl-PL","potentialAction":[{"@type":"ReadAction","target":["https:\/\/filles-de-la-charite.org\/pl\/entrega-del-premio-raoul-follereau-a-la-provincia-de-madagascar\/"]}]},{"@type":"ImageObject","inLanguage":"pl-PL","@id":"https:\/\/filles-de-la-charite.org\/pl\/entrega-del-premio-raoul-follereau-a-la-provincia-de-madagascar\/#primaryimage","url":"https:\/\/filles-de-la-charite.org\/wp-content\/uploads\/2024\/12\/6.jpeg","contentUrl":"https:\/\/filles-de-la-charite.org\/wp-content\/uploads\/2024\/12\/6.jpeg","width":1600,"height":1204},{"@type":"BreadcrumbList","@id":"https:\/\/filles-de-la-charite.org\/pl\/entrega-del-premio-raoul-follereau-a-la-provincia-de-madagascar\/#breadcrumb","itemListElement":[{"@type":"ListItem","position":1,"name":"Mi\u0119dzynarodowy","item":"https:\/\/filles-de-la-charite.org\/pl\/category\/miedzynarodowy\/"},{"@type":"ListItem","position":2,"name":"Nagroda Raoula Follereau dla Prowincji Madagaskaru"}]},{"@type":"WebSite","@id":"https:\/\/filles-de-la-charite.org\/pl\/#website","url":"https:\/\/filles-de-la-charite.org\/pl\/","name":"Hijas de la Caridad","description":"L\u2019amour de J\u00e9sus nous presse \u00e0 prendre soin des personnes les plus d\u00e9munies","publisher":{"@id":"https:\/\/filles-de-la-charite.org\/pl\/#organization"},"potentialAction":[{"@type":"SearchAction","target":{"@type":"EntryPoint","urlTemplate":"https:\/\/filles-de-la-charite.org\/pl\/?s={search_term_string}"},"query-input":{"@type":"PropertyValueSpecification","valueRequired":true,"valueName":"search_term_string"}}],"inLanguage":"pl-PL"},{"@type":"Organization","@id":"https:\/\/filles-de-la-charite.org\/pl\/#organization","name":"Hijas de la Caridad","url":"https:\/\/filles-de-la-charite.org\/pl\/","logo":{"@type":"ImageObject","inLanguage":"pl-PL","@id":"https:\/\/filles-de-la-charite.org\/pl\/#\/schema\/logo\/image\/","url":"https:\/\/filles-de-la-charite.org\/wp-content\/uploads\/2023\/03\/isotipo-Hijas-de-la-Caridad.png","contentUrl":"https:\/\/filles-de-la-charite.org\/wp-content\/uploads\/2023\/03\/isotipo-Hijas-de-la-Caridad.png","width":1417,"height":1417,"caption":"Hijas de la Caridad"},"image":{"@id":"https:\/\/filles-de-la-charite.org\/pl\/#\/schema\/logo\/image\/"}},{"@type":"Person","@id":"https:\/\/filles-de-la-charite.org\/pl\/#\/schema\/person\/0c922b6ca71280639858d297b3a7209f","name":"SOR MARTA","image":{"@type":"ImageObject","inLanguage":"pl-PL","@id":"https:\/\/secure.gravatar.com\/avatar\/d2c45b0fd6bf2d3e2670ab3d112257c24ac80fa960360bba1bdc0676485d1d09?s=96&d=mm&r=g","url":"https:\/\/secure.gravatar.com\/avatar\/d2c45b0fd6bf2d3e2670ab3d112257c24ac80fa960360bba1bdc0676485d1d09?s=96&d=mm&r=g","contentUrl":"https:\/\/secure.gravatar.com\/avatar\/d2c45b0fd6bf2d3e2670ab3d112257c24ac80fa960360bba1bdc0676485d1d09?s=96&d=mm&r=g","caption":"SOR MARTA"},"url":"https:\/\/filles-de-la-charite.org\/pl\/author\/martaemn\/"}]}},"_links":{"self":[{"href":"https:\/\/filles-de-la-charite.org\/pl\/wp-json\/wp\/v2\/posts\/41094","targetHints":{"allow":["GET"]}}],"collection":[{"href":"https:\/\/filles-de-la-charite.org\/pl\/wp-json\/wp\/v2\/posts"}],"about":[{"href":"https:\/\/filles-de-la-charite.org\/pl\/wp-json\/wp\/v2\/types\/post"}],"author":[{"embeddable":true,"href":"https:\/\/filles-de-la-charite.org\/pl\/wp-json\/wp\/v2\/users\/5"}],"replies":[{"embeddable":true,"href":"https:\/\/filles-de-la-charite.org\/pl\/wp-json\/wp\/v2\/comments?post=41094"}],"version-history":[{"count":3,"href":"https:\/\/filles-de-la-charite.org\/pl\/wp-json\/wp\/v2\/posts\/41094\/revisions"}],"predecessor-version":[{"id":41459,"href":"https:\/\/filles-de-la-charite.org\/pl\/wp-json\/wp\/v2\/posts\/41094\/revisions\/41459"}],"wp:featuredmedia":[{"embeddable":true,"href":"https:\/\/filles-de-la-charite.org\/pl\/wp-json\/wp\/v2\/media\/41048"}],"wp:attachment":[{"href":"https:\/\/filles-de-la-charite.org\/pl\/wp-json\/wp\/v2\/media?parent=41094"}],"wp:term":[{"taxonomy":"category","embeddable":true,"href":"https:\/\/filles-de-la-charite.org\/pl\/wp-json\/wp\/v2\/categories?post=41094"},{"taxonomy":"post_tag","embeddable":true,"href":"https:\/\/filles-de-la-charite.org\/pl\/wp-json\/wp\/v2\/tags?post=41094"}],"curies":[{"name":"wp","href":"https:\/\/api.w.org\/{rel}","templated":true}]}}