{"id":41240,"date":"2024-12-05T23:51:00","date_gmt":"2024-12-05T22:51:00","guid":{"rendered":"https:\/\/filles-de-la-charite.org\/encuentro-de-los-directores-provinciales-de-las-hijas-de-la-caridad\/"},"modified":"2024-12-06T00:30:54","modified_gmt":"2024-12-05T23:30:54","slug":"encuentro-de-los-directores-provinciales-de-las-hijas-de-la-caridad","status":"publish","type":"post","link":"https:\/\/filles-de-la-charite.org\/pl\/encuentro-de-los-directores-provinciales-de-las-hijas-de-la-caridad\/","title":{"rendered":"Spotkanie Dyrektor\u00f3w Prowincjalnych Si\u00f3str Mi\u0142osierdzia"},"content":{"rendered":"\n<p>\u201eWspiera\u0107 i towarzyszy\u0107 w nadziei\u201d, to temat przewodni spotkania 44 Kap\u0142an\u00f3w Zgromadzenia Misji, Dyrektor\u00f3w Prowincjalnym Si\u00f3str Mi\u0142osierdzia, przyby\u0142ych z r\u00f3\u017cnych stron \u015bwiata do Pary\u017ca, aby wzi\u0105\u0107 udzia\u0142 w ich spotkaniu w dniach od 1 do 15 grudnia 2024.<\/p>\n\n\n\n<p>Jest to dla nich czas formacji w powierzonej im misji, mianowicie spe\u0142niania w Prowincjach Si\u00f3str Mi\u0142osierdzia wincenty\u0144skiej pos\u0142ugi animowania i towarzyszenia, we wsp\u00f3\u0142pracy z Wizytatork\u0105 i jej Rad\u0105.<\/p>\n\n\n\n<p>Cele obecnego spotkania s\u0105 nast\u0119puj\u0105ce:<\/p>\n\n\n\n<ul class=\"wp-block-list\">\n<li>Kontynuowa\u0107 refleksj\u0119 dotycz\u0105c\u0105 \u201eby\u0107\u201d i \u201edzia\u0142a\u0107\u201d w tej szczeg\u00f3lnej pos\u0142udze wzgl\u0119dem Si\u00f3str Mi\u0142osierdzia.<\/li>\n\n\n\n<li>By\u0107 uwa\u017cnymi na realia, kt\u00f3re jako znaki czasu, pobudzaj\u0105 i przynaglaj\u0105 Dyrektor\u00f3w Prowincjalnych do aktualizacji ich pos\u0142ugi.<\/li>\n\n\n\n<li>W duchu komunii braterskiej dzieli\u0107 si\u0119 do\u015bwiadczeniami i troskami, kt\u00f3re stanowi\u0105 wyzwania do podj\u0119cia przez Dyrektor\u00f3w Prowincjalnych.<\/li>\n<\/ul>\n\n\n\n<div class=\"wp-block-responsive-lightbox-gallery\"><div class=\"et_pb_slider et_pb_slider_fullwidth_off et_pb_gallery_post_type\">\n\t\t\t\t<div class=\"et_pb_slides\">\n\t\t\t\t\t<div class=\"et_pb_slide\" style=\"background: url(https:\/\/filles-de-la-charite.org\/wp-content\/uploads\/2024\/12\/1-1.jpeg);\"><\/div><div class=\"et_pb_slide\" style=\"background: url(https:\/\/filles-de-la-charite.org\/wp-content\/uploads\/2024\/12\/10.jpeg);\"><\/div><div class=\"et_pb_slide\" style=\"background: url(https:\/\/filles-de-la-charite.org\/wp-content\/uploads\/2024\/12\/11.jpeg);\"><\/div><div class=\"et_pb_slide\" style=\"background: url(https:\/\/filles-de-la-charite.org\/wp-content\/uploads\/2024\/12\/12.jpeg);\"><\/div><div class=\"et_pb_slide\" style=\"background: url(https:\/\/filles-de-la-charite.org\/wp-content\/uploads\/2024\/12\/13.jpeg);\"><\/div><div class=\"et_pb_slide\" style=\"background: url(https:\/\/filles-de-la-charite.org\/wp-content\/uploads\/2024\/12\/14.jpeg);\"><\/div><div class=\"et_pb_slide\" style=\"background: url(https:\/\/filles-de-la-charite.org\/wp-content\/uploads\/2024\/12\/15.jpeg);\"><\/div><div class=\"et_pb_slide\" style=\"background: url(https:\/\/filles-de-la-charite.org\/wp-content\/uploads\/2024\/12\/16.jpeg);\"><\/div><div class=\"et_pb_slide\" style=\"background: url(https:\/\/filles-de-la-charite.org\/wp-content\/uploads\/2024\/12\/17.jpeg);\"><\/div><div class=\"et_pb_slide\" style=\"background: url(https:\/\/filles-de-la-charite.org\/wp-content\/uploads\/2024\/12\/2-1.jpeg);\"><\/div><div class=\"et_pb_slide\" style=\"background: url(https:\/\/filles-de-la-charite.org\/wp-content\/uploads\/2024\/12\/3-1.jpeg);\"><\/div><div class=\"et_pb_slide\" style=\"background: url(https:\/\/filles-de-la-charite.org\/wp-content\/uploads\/2024\/12\/4-1.jpeg);\"><\/div><div class=\"et_pb_slide\" style=\"background: url(https:\/\/filles-de-la-charite.org\/wp-content\/uploads\/2024\/12\/5-1.jpeg);\"><\/div><div class=\"et_pb_slide\" style=\"background: url(https:\/\/filles-de-la-charite.org\/wp-content\/uploads\/2024\/12\/6-1.jpeg);\"><\/div><div class=\"et_pb_slide\" style=\"background: url(https:\/\/filles-de-la-charite.org\/wp-content\/uploads\/2024\/12\/7-1.jpeg);\"><\/div><div class=\"et_pb_slide\" style=\"background: url(https:\/\/filles-de-la-charite.org\/wp-content\/uploads\/2024\/12\/8.jpeg);\"><\/div><div class=\"et_pb_slide\" style=\"background: url(https:\/\/filles-de-la-charite.org\/wp-content\/uploads\/2024\/12\/9.jpeg);\"><\/div><div class=\"et_pb_slide\" style=\"background: url(https:\/\/filles-de-la-charite.org\/wp-content\/uploads\/2024\/12\/WhatsApp-Image-2024-12-06-at-17.54.12.jpeg);\"><\/div>\n\t\t\t\t<\/div>\n\t\t\t<\/div><\/div>\n","protected":false},"excerpt":{"rendered":"<p>\u201eWspiera\u0107 i towarzyszy\u0107 w nadziei\u201d, to temat przewodni spotkania 44 Kap\u0142an\u00f3w Zgromadzenia Misji, Dyrektor\u00f3w Prowincjalnym Si\u00f3str Mi\u0142osierdzia, przyby\u0142ych z r\u00f3\u017cnych stron \u015bwiata do Pary\u017ca, aby wzi\u0105\u0107 udzia\u0142 w ich spotkaniu w dniach od 1 do 15 grudnia 2024. Jest to dla nich czas formacji w powierzonej im misji, mianowicie spe\u0142niania w Prowincjach Si\u00f3str Mi\u0142osierdzia wincenty\u0144skiej [&hellip;]<\/p>\n","protected":false},"author":5,"featured_media":41213,"comment_status":"closed","ping_status":"closed","sticky":false,"template":"","format":"standard","meta":{"_acf_changed":false,"_et_pb_use_builder":"","_et_pb_old_content":"","_et_gb_content_width":"","footnotes":"","_links_to":"","_links_to_target":""},"categories":[560],"tags":[],"class_list":["post-41240","post","type-post","status-publish","format-standard","has-post-thumbnail","hentry","category-mother-house-pl"],"acf":[],"yoast_head":"<!-- This site is optimized with the Yoast SEO plugin v27.5 - https:\/\/yoast.com\/product\/yoast-seo-wordpress\/ -->\n<title>Spotkanie Dyrektor\u00f3w Prowincjalnych Si\u00f3str Mi\u0142osierdzia - Filles de la Charit\u00e9<\/title>\n<meta name=\"robots\" content=\"index, follow, max-snippet:-1, max-image-preview:large, max-video-preview:-1\" \/>\n<link rel=\"canonical\" href=\"https:\/\/filles-de-la-charite.org\/pl\/encuentro-de-los-directores-provinciales-de-las-hijas-de-la-caridad\/\" \/>\n<meta property=\"og:locale\" content=\"pl_PL\" \/>\n<meta property=\"og:type\" content=\"article\" \/>\n<meta property=\"og:title\" content=\"Spotkanie Dyrektor\u00f3w Prowincjalnych Si\u00f3str Mi\u0142osierdzia - Filles de la Charit\u00e9\" \/>\n<meta property=\"og:description\" content=\"\u201eWspiera\u0107 i towarzyszy\u0107 w nadziei\u201d, to temat przewodni spotkania 44 Kap\u0142an\u00f3w Zgromadzenia Misji, Dyrektor\u00f3w Prowincjalnym Si\u00f3str Mi\u0142osierdzia, przyby\u0142ych z r\u00f3\u017cnych stron \u015bwiata do Pary\u017ca, aby wzi\u0105\u0107 udzia\u0142 w ich spotkaniu w dniach od 1 do 15 grudnia 2024. Jest to dla nich czas formacji w powierzonej im misji, mianowicie spe\u0142niania w Prowincjach Si\u00f3str Mi\u0142osierdzia wincenty\u0144skiej [&hellip;]\" \/>\n<meta property=\"og:url\" content=\"https:\/\/filles-de-la-charite.org\/pl\/encuentro-de-los-directores-provinciales-de-las-hijas-de-la-caridad\/\" \/>\n<meta property=\"og:site_name\" content=\"Filles de la Charit\u00e9\" \/>\n<meta property=\"article:published_time\" content=\"2024-12-05T22:51:00+00:00\" \/>\n<meta property=\"article:modified_time\" content=\"2024-12-05T23:30:54+00:00\" \/>\n<meta property=\"og:image\" content=\"https:\/\/filles-de-la-charite.org\/wp-content\/uploads\/2024\/12\/14.jpeg\" \/>\n\t<meta property=\"og:image:width\" content=\"1600\" \/>\n\t<meta property=\"og:image:height\" content=\"996\" \/>\n\t<meta property=\"og:image:type\" content=\"image\/jpeg\" \/>\n<meta name=\"author\" content=\"SOR MARTA\" \/>\n<meta name=\"twitter:card\" content=\"summary_large_image\" \/>\n<meta name=\"twitter:label1\" content=\"Napisane przez\" \/>\n\t<meta name=\"twitter:data1\" content=\"SOR MARTA\" \/>\n\t<meta name=\"twitter:label2\" content=\"Szacowany czas czytania\" \/>\n\t<meta name=\"twitter:data2\" content=\"1 minuta\" \/>\n<script type=\"application\/ld+json\" class=\"yoast-schema-graph\">{\"@context\":\"https:\\\/\\\/schema.org\",\"@graph\":[{\"@type\":\"Article\",\"@id\":\"https:\\\/\\\/filles-de-la-charite.org\\\/pl\\\/encuentro-de-los-directores-provinciales-de-las-hijas-de-la-caridad\\\/#article\",\"isPartOf\":{\"@id\":\"https:\\\/\\\/filles-de-la-charite.org\\\/pl\\\/encuentro-de-los-directores-provinciales-de-las-hijas-de-la-caridad\\\/\"},\"author\":{\"name\":\"SOR MARTA\",\"@id\":\"https:\\\/\\\/filles-de-la-charite.org\\\/pl\\\/#\\\/schema\\\/person\\\/0c922b6ca71280639858d297b3a7209f\"},\"headline\":\"Spotkanie Dyrektor\u00f3w Prowincjalnych Si\u00f3str Mi\u0142osierdzia\",\"datePublished\":\"2024-12-05T22:51:00+00:00\",\"dateModified\":\"2024-12-05T23:30:54+00:00\",\"mainEntityOfPage\":{\"@id\":\"https:\\\/\\\/filles-de-la-charite.org\\\/pl\\\/encuentro-de-los-directores-provinciales-de-las-hijas-de-la-caridad\\\/\"},\"wordCount\":156,\"publisher\":{\"@id\":\"https:\\\/\\\/filles-de-la-charite.org\\\/pl\\\/#organization\"},\"image\":{\"@id\":\"https:\\\/\\\/filles-de-la-charite.org\\\/pl\\\/encuentro-de-los-directores-provinciales-de-las-hijas-de-la-caridad\\\/#primaryimage\"},\"thumbnailUrl\":\"https:\\\/\\\/filles-de-la-charite.org\\\/wp-content\\\/uploads\\\/2024\\\/12\\\/14.jpeg\",\"articleSection\":[\"Dom Macierzysty\"],\"inLanguage\":\"pl-PL\"},{\"@type\":\"WebPage\",\"@id\":\"https:\\\/\\\/filles-de-la-charite.org\\\/pl\\\/encuentro-de-los-directores-provinciales-de-las-hijas-de-la-caridad\\\/\",\"url\":\"https:\\\/\\\/filles-de-la-charite.org\\\/pl\\\/encuentro-de-los-directores-provinciales-de-las-hijas-de-la-caridad\\\/\",\"name\":\"Spotkanie Dyrektor\u00f3w Prowincjalnych Si\u00f3str Mi\u0142osierdzia - Filles de la Charit\u00e9\",\"isPartOf\":{\"@id\":\"https:\\\/\\\/filles-de-la-charite.org\\\/pl\\\/#website\"},\"primaryImageOfPage\":{\"@id\":\"https:\\\/\\\/filles-de-la-charite.org\\\/pl\\\/encuentro-de-los-directores-provinciales-de-las-hijas-de-la-caridad\\\/#primaryimage\"},\"image\":{\"@id\":\"https:\\\/\\\/filles-de-la-charite.org\\\/pl\\\/encuentro-de-los-directores-provinciales-de-las-hijas-de-la-caridad\\\/#primaryimage\"},\"thumbnailUrl\":\"https:\\\/\\\/filles-de-la-charite.org\\\/wp-content\\\/uploads\\\/2024\\\/12\\\/14.jpeg\",\"datePublished\":\"2024-12-05T22:51:00+00:00\",\"dateModified\":\"2024-12-05T23:30:54+00:00\",\"breadcrumb\":{\"@id\":\"https:\\\/\\\/filles-de-la-charite.org\\\/pl\\\/encuentro-de-los-directores-provinciales-de-las-hijas-de-la-caridad\\\/#breadcrumb\"},\"inLanguage\":\"pl-PL\",\"potentialAction\":[{\"@type\":\"ReadAction\",\"target\":[\"https:\\\/\\\/filles-de-la-charite.org\\\/pl\\\/encuentro-de-los-directores-provinciales-de-las-hijas-de-la-caridad\\\/\"]}]},{\"@type\":\"ImageObject\",\"inLanguage\":\"pl-PL\",\"@id\":\"https:\\\/\\\/filles-de-la-charite.org\\\/pl\\\/encuentro-de-los-directores-provinciales-de-las-hijas-de-la-caridad\\\/#primaryimage\",\"url\":\"https:\\\/\\\/filles-de-la-charite.org\\\/wp-content\\\/uploads\\\/2024\\\/12\\\/14.jpeg\",\"contentUrl\":\"https:\\\/\\\/filles-de-la-charite.org\\\/wp-content\\\/uploads\\\/2024\\\/12\\\/14.jpeg\",\"width\":1600,\"height\":996},{\"@type\":\"BreadcrumbList\",\"@id\":\"https:\\\/\\\/filles-de-la-charite.org\\\/pl\\\/encuentro-de-los-directores-provinciales-de-las-hijas-de-la-caridad\\\/#breadcrumb\",\"itemListElement\":[{\"@type\":\"ListItem\",\"position\":1,\"name\":\"Dom Macierzysty\",\"item\":\"https:\\\/\\\/filles-de-la-charite.org\\\/pl\\\/category\\\/mother-house-pl\\\/\"},{\"@type\":\"ListItem\",\"position\":2,\"name\":\"Spotkanie Dyrektor\u00f3w Prowincjalnych Si\u00f3str Mi\u0142osierdzia\"}]},{\"@type\":\"WebSite\",\"@id\":\"https:\\\/\\\/filles-de-la-charite.org\\\/pl\\\/#website\",\"url\":\"https:\\\/\\\/filles-de-la-charite.org\\\/pl\\\/\",\"name\":\"Hijas de la Caridad\",\"description\":\"L\u2019amour de J\u00e9sus nous presse \u00e0 prendre soin des personnes les plus d\u00e9munies\",\"publisher\":{\"@id\":\"https:\\\/\\\/filles-de-la-charite.org\\\/pl\\\/#organization\"},\"potentialAction\":[{\"@type\":\"SearchAction\",\"target\":{\"@type\":\"EntryPoint\",\"urlTemplate\":\"https:\\\/\\\/filles-de-la-charite.org\\\/pl\\\/?s={search_term_string}\"},\"query-input\":{\"@type\":\"PropertyValueSpecification\",\"valueRequired\":true,\"valueName\":\"search_term_string\"}}],\"inLanguage\":\"pl-PL\"},{\"@type\":\"Organization\",\"@id\":\"https:\\\/\\\/filles-de-la-charite.org\\\/pl\\\/#organization\",\"name\":\"Hijas de la Caridad\",\"url\":\"https:\\\/\\\/filles-de-la-charite.org\\\/pl\\\/\",\"logo\":{\"@type\":\"ImageObject\",\"inLanguage\":\"pl-PL\",\"@id\":\"https:\\\/\\\/filles-de-la-charite.org\\\/pl\\\/#\\\/schema\\\/logo\\\/image\\\/\",\"url\":\"https:\\\/\\\/filles-de-la-charite.org\\\/wp-content\\\/uploads\\\/2023\\\/03\\\/isotipo-Hijas-de-la-Caridad.png\",\"contentUrl\":\"https:\\\/\\\/filles-de-la-charite.org\\\/wp-content\\\/uploads\\\/2023\\\/03\\\/isotipo-Hijas-de-la-Caridad.png\",\"width\":1417,\"height\":1417,\"caption\":\"Hijas de la Caridad\"},\"image\":{\"@id\":\"https:\\\/\\\/filles-de-la-charite.org\\\/pl\\\/#\\\/schema\\\/logo\\\/image\\\/\"}},{\"@type\":\"Person\",\"@id\":\"https:\\\/\\\/filles-de-la-charite.org\\\/pl\\\/#\\\/schema\\\/person\\\/0c922b6ca71280639858d297b3a7209f\",\"name\":\"SOR MARTA\",\"image\":{\"@type\":\"ImageObject\",\"inLanguage\":\"pl-PL\",\"@id\":\"https:\\\/\\\/secure.gravatar.com\\\/avatar\\\/d2c45b0fd6bf2d3e2670ab3d112257c24ac80fa960360bba1bdc0676485d1d09?s=96&d=mm&r=g\",\"url\":\"https:\\\/\\\/secure.gravatar.com\\\/avatar\\\/d2c45b0fd6bf2d3e2670ab3d112257c24ac80fa960360bba1bdc0676485d1d09?s=96&d=mm&r=g\",\"contentUrl\":\"https:\\\/\\\/secure.gravatar.com\\\/avatar\\\/d2c45b0fd6bf2d3e2670ab3d112257c24ac80fa960360bba1bdc0676485d1d09?s=96&d=mm&r=g\",\"caption\":\"SOR MARTA\"},\"url\":\"https:\\\/\\\/filles-de-la-charite.org\\\/pl\\\/author\\\/martaemn\\\/\"}]}<\/script>\n<!-- \/ Yoast SEO plugin. -->","yoast_head_json":{"title":"Spotkanie Dyrektor\u00f3w Prowincjalnych Si\u00f3str Mi\u0142osierdzia - Filles de la Charit\u00e9","robots":{"index":"index","follow":"follow","max-snippet":"max-snippet:-1","max-image-preview":"max-image-preview:large","max-video-preview":"max-video-preview:-1"},"canonical":"https:\/\/filles-de-la-charite.org\/pl\/encuentro-de-los-directores-provinciales-de-las-hijas-de-la-caridad\/","og_locale":"pl_PL","og_type":"article","og_title":"Spotkanie Dyrektor\u00f3w Prowincjalnych Si\u00f3str Mi\u0142osierdzia - Filles de la Charit\u00e9","og_description":"\u201eWspiera\u0107 i towarzyszy\u0107 w nadziei\u201d, to temat przewodni spotkania 44 Kap\u0142an\u00f3w Zgromadzenia Misji, Dyrektor\u00f3w Prowincjalnym Si\u00f3str Mi\u0142osierdzia, przyby\u0142ych z r\u00f3\u017cnych stron \u015bwiata do Pary\u017ca, aby wzi\u0105\u0107 udzia\u0142 w ich spotkaniu w dniach od 1 do 15 grudnia 2024. Jest to dla nich czas formacji w powierzonej im misji, mianowicie spe\u0142niania w Prowincjach Si\u00f3str Mi\u0142osierdzia wincenty\u0144skiej [&hellip;]","og_url":"https:\/\/filles-de-la-charite.org\/pl\/encuentro-de-los-directores-provinciales-de-las-hijas-de-la-caridad\/","og_site_name":"Filles de la Charit\u00e9","article_published_time":"2024-12-05T22:51:00+00:00","article_modified_time":"2024-12-05T23:30:54+00:00","og_image":[{"width":1600,"height":996,"url":"https:\/\/filles-de-la-charite.org\/wp-content\/uploads\/2024\/12\/14.jpeg","type":"image\/jpeg"}],"author":"SOR MARTA","twitter_card":"summary_large_image","twitter_misc":{"Napisane przez":"SOR MARTA","Szacowany czas czytania":"1 minuta"},"schema":{"@context":"https:\/\/schema.org","@graph":[{"@type":"Article","@id":"https:\/\/filles-de-la-charite.org\/pl\/encuentro-de-los-directores-provinciales-de-las-hijas-de-la-caridad\/#article","isPartOf":{"@id":"https:\/\/filles-de-la-charite.org\/pl\/encuentro-de-los-directores-provinciales-de-las-hijas-de-la-caridad\/"},"author":{"name":"SOR MARTA","@id":"https:\/\/filles-de-la-charite.org\/pl\/#\/schema\/person\/0c922b6ca71280639858d297b3a7209f"},"headline":"Spotkanie Dyrektor\u00f3w Prowincjalnych Si\u00f3str Mi\u0142osierdzia","datePublished":"2024-12-05T22:51:00+00:00","dateModified":"2024-12-05T23:30:54+00:00","mainEntityOfPage":{"@id":"https:\/\/filles-de-la-charite.org\/pl\/encuentro-de-los-directores-provinciales-de-las-hijas-de-la-caridad\/"},"wordCount":156,"publisher":{"@id":"https:\/\/filles-de-la-charite.org\/pl\/#organization"},"image":{"@id":"https:\/\/filles-de-la-charite.org\/pl\/encuentro-de-los-directores-provinciales-de-las-hijas-de-la-caridad\/#primaryimage"},"thumbnailUrl":"https:\/\/filles-de-la-charite.org\/wp-content\/uploads\/2024\/12\/14.jpeg","articleSection":["Dom Macierzysty"],"inLanguage":"pl-PL"},{"@type":"WebPage","@id":"https:\/\/filles-de-la-charite.org\/pl\/encuentro-de-los-directores-provinciales-de-las-hijas-de-la-caridad\/","url":"https:\/\/filles-de-la-charite.org\/pl\/encuentro-de-los-directores-provinciales-de-las-hijas-de-la-caridad\/","name":"Spotkanie Dyrektor\u00f3w Prowincjalnych Si\u00f3str Mi\u0142osierdzia - Filles de la Charit\u00e9","isPartOf":{"@id":"https:\/\/filles-de-la-charite.org\/pl\/#website"},"primaryImageOfPage":{"@id":"https:\/\/filles-de-la-charite.org\/pl\/encuentro-de-los-directores-provinciales-de-las-hijas-de-la-caridad\/#primaryimage"},"image":{"@id":"https:\/\/filles-de-la-charite.org\/pl\/encuentro-de-los-directores-provinciales-de-las-hijas-de-la-caridad\/#primaryimage"},"thumbnailUrl":"https:\/\/filles-de-la-charite.org\/wp-content\/uploads\/2024\/12\/14.jpeg","datePublished":"2024-12-05T22:51:00+00:00","dateModified":"2024-12-05T23:30:54+00:00","breadcrumb":{"@id":"https:\/\/filles-de-la-charite.org\/pl\/encuentro-de-los-directores-provinciales-de-las-hijas-de-la-caridad\/#breadcrumb"},"inLanguage":"pl-PL","potentialAction":[{"@type":"ReadAction","target":["https:\/\/filles-de-la-charite.org\/pl\/encuentro-de-los-directores-provinciales-de-las-hijas-de-la-caridad\/"]}]},{"@type":"ImageObject","inLanguage":"pl-PL","@id":"https:\/\/filles-de-la-charite.org\/pl\/encuentro-de-los-directores-provinciales-de-las-hijas-de-la-caridad\/#primaryimage","url":"https:\/\/filles-de-la-charite.org\/wp-content\/uploads\/2024\/12\/14.jpeg","contentUrl":"https:\/\/filles-de-la-charite.org\/wp-content\/uploads\/2024\/12\/14.jpeg","width":1600,"height":996},{"@type":"BreadcrumbList","@id":"https:\/\/filles-de-la-charite.org\/pl\/encuentro-de-los-directores-provinciales-de-las-hijas-de-la-caridad\/#breadcrumb","itemListElement":[{"@type":"ListItem","position":1,"name":"Dom Macierzysty","item":"https:\/\/filles-de-la-charite.org\/pl\/category\/mother-house-pl\/"},{"@type":"ListItem","position":2,"name":"Spotkanie Dyrektor\u00f3w Prowincjalnych Si\u00f3str Mi\u0142osierdzia"}]},{"@type":"WebSite","@id":"https:\/\/filles-de-la-charite.org\/pl\/#website","url":"https:\/\/filles-de-la-charite.org\/pl\/","name":"Hijas de la Caridad","description":"L\u2019amour de J\u00e9sus nous presse \u00e0 prendre soin des personnes les plus d\u00e9munies","publisher":{"@id":"https:\/\/filles-de-la-charite.org\/pl\/#organization"},"potentialAction":[{"@type":"SearchAction","target":{"@type":"EntryPoint","urlTemplate":"https:\/\/filles-de-la-charite.org\/pl\/?s={search_term_string}"},"query-input":{"@type":"PropertyValueSpecification","valueRequired":true,"valueName":"search_term_string"}}],"inLanguage":"pl-PL"},{"@type":"Organization","@id":"https:\/\/filles-de-la-charite.org\/pl\/#organization","name":"Hijas de la Caridad","url":"https:\/\/filles-de-la-charite.org\/pl\/","logo":{"@type":"ImageObject","inLanguage":"pl-PL","@id":"https:\/\/filles-de-la-charite.org\/pl\/#\/schema\/logo\/image\/","url":"https:\/\/filles-de-la-charite.org\/wp-content\/uploads\/2023\/03\/isotipo-Hijas-de-la-Caridad.png","contentUrl":"https:\/\/filles-de-la-charite.org\/wp-content\/uploads\/2023\/03\/isotipo-Hijas-de-la-Caridad.png","width":1417,"height":1417,"caption":"Hijas de la Caridad"},"image":{"@id":"https:\/\/filles-de-la-charite.org\/pl\/#\/schema\/logo\/image\/"}},{"@type":"Person","@id":"https:\/\/filles-de-la-charite.org\/pl\/#\/schema\/person\/0c922b6ca71280639858d297b3a7209f","name":"SOR MARTA","image":{"@type":"ImageObject","inLanguage":"pl-PL","@id":"https:\/\/secure.gravatar.com\/avatar\/d2c45b0fd6bf2d3e2670ab3d112257c24ac80fa960360bba1bdc0676485d1d09?s=96&d=mm&r=g","url":"https:\/\/secure.gravatar.com\/avatar\/d2c45b0fd6bf2d3e2670ab3d112257c24ac80fa960360bba1bdc0676485d1d09?s=96&d=mm&r=g","contentUrl":"https:\/\/secure.gravatar.com\/avatar\/d2c45b0fd6bf2d3e2670ab3d112257c24ac80fa960360bba1bdc0676485d1d09?s=96&d=mm&r=g","caption":"SOR MARTA"},"url":"https:\/\/filles-de-la-charite.org\/pl\/author\/martaemn\/"}]}},"_links":{"self":[{"href":"https:\/\/filles-de-la-charite.org\/pl\/wp-json\/wp\/v2\/posts\/41240","targetHints":{"allow":["GET"]}}],"collection":[{"href":"https:\/\/filles-de-la-charite.org\/pl\/wp-json\/wp\/v2\/posts"}],"about":[{"href":"https:\/\/filles-de-la-charite.org\/pl\/wp-json\/wp\/v2\/types\/post"}],"author":[{"embeddable":true,"href":"https:\/\/filles-de-la-charite.org\/pl\/wp-json\/wp\/v2\/users\/5"}],"replies":[{"embeddable":true,"href":"https:\/\/filles-de-la-charite.org\/pl\/wp-json\/wp\/v2\/comments?post=41240"}],"version-history":[{"count":1,"href":"https:\/\/filles-de-la-charite.org\/pl\/wp-json\/wp\/v2\/posts\/41240\/revisions"}],"predecessor-version":[{"id":41244,"href":"https:\/\/filles-de-la-charite.org\/pl\/wp-json\/wp\/v2\/posts\/41240\/revisions\/41244"}],"wp:featuredmedia":[{"embeddable":true,"href":"https:\/\/filles-de-la-charite.org\/pl\/wp-json\/wp\/v2\/media\/41213"}],"wp:attachment":[{"href":"https:\/\/filles-de-la-charite.org\/pl\/wp-json\/wp\/v2\/media?parent=41240"}],"wp:term":[{"taxonomy":"category","embeddable":true,"href":"https:\/\/filles-de-la-charite.org\/pl\/wp-json\/wp\/v2\/categories?post=41240"},{"taxonomy":"post_tag","embeddable":true,"href":"https:\/\/filles-de-la-charite.org\/pl\/wp-json\/wp\/v2\/tags?post=41240"}],"curies":[{"name":"wp","href":"https:\/\/api.w.org\/{rel}","templated":true}]}}