{"id":41870,"date":"2025-02-28T12:54:00","date_gmt":"2025-02-28T11:54:00","guid":{"rendered":"https:\/\/filles-de-la-charite.org\/?p=41870"},"modified":"2025-03-01T23:20:24","modified_gmt":"2025-03-01T22:20:24","slug":"congreso-de-vocaciones-asamblea-de-llamados-para-la-mision","status":"publish","type":"post","link":"https:\/\/filles-de-la-charite.org\/pl\/congreso-de-vocaciones-asamblea-de-llamados-para-la-mision\/","title":{"rendered":"Kongres Powo\u0142a\u0144 &#8211; Kongres Powo\u0142anych do Misji"},"content":{"rendered":"\n<p>Zapowiada\u0142o si\u0119 wielkie wydarzenie, wielkie \u015bwi\u0119towanie &#8211; i tak si\u0119 sta\u0142o! Kongres Powo\u0142a\u0144 &#8211; Kongres Powo\u0142anych do Misji, zorganizowany przez Konferencj\u0119 Episkopatu Hiszpanii w dniach od 7 do 9 lutego 2025 r., zgromadzi\u0142 nas, aby \u015bwi\u0119towa\u0107 i dzieli\u0107 si\u0119 rado\u015bci\u0105 powo\u0142ania &#8211; w\u0142asnego &#8211; i wsp\u00f3lnie si\u0119 nad nim zastanowi\u0107. Siostry Mi\u0142osierdzia przyby\u0142y ze wszystkich prowincji Hiszpanii, a tak\u017ce z Pary\u017ca, z udzia\u0142em Siostry Antonii Gonz\u00e1lez i Siostry Hanny Cybula.<\/p>\n\n\n\n<figure class=\"wp-block-image size-large\"><img loading=\"lazy\" decoding=\"async\" width=\"1024\" height=\"768\" src=\"https:\/\/filles-de-la-charite.org\/wp-content\/uploads\/2025\/03\/WhatsApp-Image-2025-02-18-at-08.34.30-1024x768.jpeg\" alt=\"\" class=\"wp-image-41839\" srcset=\"https:\/\/filles-de-la-charite.org\/wp-content\/uploads\/2025\/03\/WhatsApp-Image-2025-02-18-at-08.34.30-980x735.jpeg 980w, https:\/\/filles-de-la-charite.org\/wp-content\/uploads\/2025\/03\/WhatsApp-Image-2025-02-18-at-08.34.30-480x360.jpeg 480w\" sizes=\"(min-width: 0px) and (max-width: 480px) 480px, (min-width: 481px) and (max-width: 980px) 980px, (min-width: 981px) 1024px, 100vw\" \/><\/figure>\n\n\n\n<p>Wed\u0142ug r\u00f3\u017cnych doniesie\u0144 medialnych, Kongres zgromadzi\u0142 ponad 3000 uczestnik\u00f3w z 70 hiszpa\u0144skich diecezji, kt\u00f3rym towarzyszy\u0142o 65 biskup\u00f3w. Obecni byli przedstawiciele 54 ruch\u00f3w i stowarzysze\u0144 \u015bwieckich, 120 kongregacji i 250 r\u00f3\u017cnych \u015brodowisk ko\u015bcielnych. Ta wielka r\u00f3\u017cnorodno\u015b\u0107 by\u0142a \u017ar\u00f3d\u0142em zach\u0119ty i entuzjazmu, poniewa\u017c mogli\u015bmy poczu\u0107 jedno\u015b\u0107 wszystkich w tej samej wierze. Z przyjemno\u015bci\u0105 wys\u0142uchali\u015bmy przem\u00f3wie\u0144 biskup\u00f3w, wyk\u0142ad\u00f3w teolog\u00f3w, bardzo anga\u017cuj\u0105cych i inspiruj\u0105cych Warsztat\u00f3w Do\u015bwiadcze\u0144 i \u015awiadectw (TET) oraz oczywi\u015bcie uroczystego wieczoru wype\u0142nionego pie\u015bniami i ta\u0144cami, kt\u00f3re jeszcze bardziej podnios\u0142y nas na duchu i i doda\u0142y energii naszym cia\u0142om.<\/p>\n\n\n\n<p>Atmosfera Kongresu zosta\u0142a opisana jako &#8222;\u015bwi\u0119to Ko\u015bcio\u0142a&#8221;, wype\u0142nione chwilami modlitwy, muzyki i \u015bwi\u0119towania. \u0141\u0105czy\u0142a nas rado\u015b\u0107 z tego, \u017ce zostali\u015bmy wezwani przez Boga i zgromadzeni, aby da\u0107 Mu konkretn\u0105 odpowied\u017a w naszym \u017cyciu.<\/p>\n\n\n\n<figure class=\"wp-block-image size-large\"><img loading=\"lazy\" decoding=\"async\" width=\"1024\" height=\"768\" src=\"https:\/\/filles-de-la-charite.org\/wp-content\/uploads\/2025\/03\/WhatsApp-Image-2025-02-18-at-08.46.48-4-1024x768.jpeg\" alt=\"\" class=\"wp-image-41851\" srcset=\"https:\/\/filles-de-la-charite.org\/wp-content\/uploads\/2025\/03\/WhatsApp-Image-2025-02-18-at-08.46.48-4-980x735.jpeg 980w, https:\/\/filles-de-la-charite.org\/wp-content\/uploads\/2025\/03\/WhatsApp-Image-2025-02-18-at-08.46.48-4-480x360.jpeg 480w\" sizes=\"(min-width: 0px) and (max-width: 480px) 480px, (min-width: 481px) and (max-width: 980px) 980px, (min-width: 981px) 1024px, 100vw\" \/><\/figure>\n\n\n\n<p>Cytujemy kilka s\u0142\u00f3w z jednego z przem\u00f3wie\u0144 otwieraj\u0105cych Kongres:<\/p>\n\n\n\n<p><strong>&#8222;\u017bycie jest powo\u0142aniem, a rado\u015b\u0107 p\u0142ynie ze \u015bwiadomo\u015bci, \u017ce jest ono darem &#8211; nale\u017cy do wszystkich i jest dla wszystkich. Kszta\u0142tuje si\u0119 ono w r\u00f3\u017cnych stanach \u017cycia i misji, kt\u00f3re s\u0105 specyficznymi powo\u0142aniami ka\u017cdej osoby. Innymi s\u0142owy, r\u00f3\u017cne powo\u0142ania s\u0105 konkretnym obliczem samego powo\u0142ania. Dlatego nie mo\u017cemy m\u00f3wi\u0107 o powo\u0142aniu bez powo\u0142ania, ani te\u017c powo\u0142anie nie ma sensu bez powo\u0142ania. Poniewa\u017c we wszystkich powo\u0142aniach B\u00f3g robi pierwszy krok; On jest Tym, kt\u00f3ry nas wzywa i podejmuje inicjatyw\u0119 &#8211; aby da\u0107 nam \u017cycie, aby wezwa\u0107 nas do p\u00f3j\u015bcia za Nim&#8221;.<\/strong><\/p>\n\n\n\n<p>My, <strong>Siostry Mi\u0142osierdzia<\/strong>, bierzemy sobie do serca wyj\u0105tkowo\u015b\u0107 naszego powo\u0142ania, kt\u00f3re wzywa nas do s\u0142u\u017cby najubo\u017cszym, w kt\u00f3rych odnajdujemy Jezusa. Nie ma powo\u0142ania bez misji &#8211; to jest dla nas jasne. I nie ma misji, kt\u00f3ra nie by\u0142aby wspierana przez powo\u0142anie, jakiekolwiek by ono nie by\u0142o. Wa\u017cne jest, aby je odkry\u0107 i na nie odpowiedzie\u0107.<\/p>\n\n\n\n<p><strong>&#8222;Niech mi si\u0119 stanie&#8221;<\/strong> &#8211; powiedzia\u0142a Maryja i wype\u0142ni\u0142a swoj\u0105 misj\u0119.<\/p>\n","protected":false},"excerpt":{"rendered":"<p>Zapowiada\u0142o si\u0119 wielkie wydarzenie, wielkie \u015bwi\u0119towanie &#8211; i tak si\u0119 sta\u0142o! Kongres Powo\u0142a\u0144 &#8211; Kongres Powo\u0142anych do Misji, zorganizowany przez Konferencj\u0119 Episkopatu Hiszpanii w dniach od 7 do 9 lutego 2025 r., zgromadzi\u0142 nas, aby \u015bwi\u0119towa\u0107 i dzieli\u0107 si\u0119 rado\u015bci\u0105 powo\u0142ania &#8211; w\u0142asnego &#8211; i wsp\u00f3lnie si\u0119 nad nim zastanowi\u0107. Siostry Mi\u0142osierdzia przyby\u0142y ze wszystkich [&hellip;]<\/p>\n","protected":false},"author":5,"featured_media":41849,"comment_status":"closed","ping_status":"closed","sticky":false,"template":"","format":"standard","meta":{"_acf_changed":false,"_et_pb_use_builder":"","_et_pb_old_content":"","_et_gb_content_width":"","footnotes":"","_links_to":"","_links_to_target":""},"categories":[767],"tags":[],"class_list":["post-41870","post","type-post","status-publish","format-standard","has-post-thumbnail","hentry","category-espana-pl"],"acf":[],"yoast_head":"<!-- This site is optimized with the Yoast SEO plugin v27.5 - https:\/\/yoast.com\/product\/yoast-seo-wordpress\/ -->\n<title>Kongres Powo\u0142a\u0144 - Kongres Powo\u0142anych do Misji - Filles de la Charit\u00e9<\/title>\n<meta name=\"robots\" content=\"index, follow, max-snippet:-1, max-image-preview:large, max-video-preview:-1\" \/>\n<link rel=\"canonical\" href=\"https:\/\/filles-de-la-charite.org\/pl\/congreso-de-vocaciones-asamblea-de-llamados-para-la-mision\/\" \/>\n<meta property=\"og:locale\" content=\"pl_PL\" \/>\n<meta property=\"og:type\" content=\"article\" \/>\n<meta property=\"og:title\" content=\"Kongres Powo\u0142a\u0144 - Kongres Powo\u0142anych do Misji - Filles de la Charit\u00e9\" \/>\n<meta property=\"og:description\" content=\"Zapowiada\u0142o si\u0119 wielkie wydarzenie, wielkie \u015bwi\u0119towanie &#8211; i tak si\u0119 sta\u0142o! Kongres Powo\u0142a\u0144 &#8211; Kongres Powo\u0142anych do Misji, zorganizowany przez Konferencj\u0119 Episkopatu Hiszpanii w dniach od 7 do 9 lutego 2025 r., zgromadzi\u0142 nas, aby \u015bwi\u0119towa\u0107 i dzieli\u0107 si\u0119 rado\u015bci\u0105 powo\u0142ania &#8211; w\u0142asnego &#8211; i wsp\u00f3lnie si\u0119 nad nim zastanowi\u0107. Siostry Mi\u0142osierdzia przyby\u0142y ze wszystkich [&hellip;]\" \/>\n<meta property=\"og:url\" content=\"https:\/\/filles-de-la-charite.org\/pl\/congreso-de-vocaciones-asamblea-de-llamados-para-la-mision\/\" \/>\n<meta property=\"og:site_name\" content=\"Filles de la Charit\u00e9\" \/>\n<meta property=\"article:published_time\" content=\"2025-02-28T11:54:00+00:00\" \/>\n<meta property=\"article:modified_time\" content=\"2025-03-01T22:20:24+00:00\" \/>\n<meta property=\"og:image\" content=\"https:\/\/filles-de-la-charite.org\/wp-content\/uploads\/2025\/03\/WhatsApp-Image-2025-02-18-at-08.46.48.jpeg\" \/>\n\t<meta property=\"og:image:width\" content=\"1600\" \/>\n\t<meta property=\"og:image:height\" content=\"1200\" \/>\n\t<meta property=\"og:image:type\" content=\"image\/jpeg\" \/>\n<meta name=\"author\" content=\"SOR MARTA\" \/>\n<meta name=\"twitter:card\" content=\"summary_large_image\" \/>\n<meta name=\"twitter:label1\" content=\"Napisane przez\" \/>\n\t<meta name=\"twitter:data1\" content=\"SOR MARTA\" \/>\n\t<meta name=\"twitter:label2\" content=\"Szacowany czas czytania\" \/>\n\t<meta name=\"twitter:data2\" content=\"3 minuty\" \/>\n<script type=\"application\/ld+json\" class=\"yoast-schema-graph\">{\"@context\":\"https:\\\/\\\/schema.org\",\"@graph\":[{\"@type\":\"Article\",\"@id\":\"https:\\\/\\\/filles-de-la-charite.org\\\/pl\\\/congreso-de-vocaciones-asamblea-de-llamados-para-la-mision\\\/#article\",\"isPartOf\":{\"@id\":\"https:\\\/\\\/filles-de-la-charite.org\\\/pl\\\/congreso-de-vocaciones-asamblea-de-llamados-para-la-mision\\\/\"},\"author\":{\"name\":\"SOR MARTA\",\"@id\":\"https:\\\/\\\/filles-de-la-charite.org\\\/pl\\\/#\\\/schema\\\/person\\\/0c922b6ca71280639858d297b3a7209f\"},\"headline\":\"Kongres Powo\u0142a\u0144 &#8211; Kongres Powo\u0142anych do Misji\",\"datePublished\":\"2025-02-28T11:54:00+00:00\",\"dateModified\":\"2025-03-01T22:20:24+00:00\",\"mainEntityOfPage\":{\"@id\":\"https:\\\/\\\/filles-de-la-charite.org\\\/pl\\\/congreso-de-vocaciones-asamblea-de-llamados-para-la-mision\\\/\"},\"wordCount\":458,\"publisher\":{\"@id\":\"https:\\\/\\\/filles-de-la-charite.org\\\/pl\\\/#organization\"},\"image\":{\"@id\":\"https:\\\/\\\/filles-de-la-charite.org\\\/pl\\\/congreso-de-vocaciones-asamblea-de-llamados-para-la-mision\\\/#primaryimage\"},\"thumbnailUrl\":\"https:\\\/\\\/filles-de-la-charite.org\\\/wp-content\\\/uploads\\\/2025\\\/03\\\/WhatsApp-Image-2025-02-18-at-08.46.48.jpeg\",\"articleSection\":[\"Hiszpania\"],\"inLanguage\":\"pl-PL\"},{\"@type\":\"WebPage\",\"@id\":\"https:\\\/\\\/filles-de-la-charite.org\\\/pl\\\/congreso-de-vocaciones-asamblea-de-llamados-para-la-mision\\\/\",\"url\":\"https:\\\/\\\/filles-de-la-charite.org\\\/pl\\\/congreso-de-vocaciones-asamblea-de-llamados-para-la-mision\\\/\",\"name\":\"Kongres Powo\u0142a\u0144 - Kongres Powo\u0142anych do Misji - Filles de la Charit\u00e9\",\"isPartOf\":{\"@id\":\"https:\\\/\\\/filles-de-la-charite.org\\\/pl\\\/#website\"},\"primaryImageOfPage\":{\"@id\":\"https:\\\/\\\/filles-de-la-charite.org\\\/pl\\\/congreso-de-vocaciones-asamblea-de-llamados-para-la-mision\\\/#primaryimage\"},\"image\":{\"@id\":\"https:\\\/\\\/filles-de-la-charite.org\\\/pl\\\/congreso-de-vocaciones-asamblea-de-llamados-para-la-mision\\\/#primaryimage\"},\"thumbnailUrl\":\"https:\\\/\\\/filles-de-la-charite.org\\\/wp-content\\\/uploads\\\/2025\\\/03\\\/WhatsApp-Image-2025-02-18-at-08.46.48.jpeg\",\"datePublished\":\"2025-02-28T11:54:00+00:00\",\"dateModified\":\"2025-03-01T22:20:24+00:00\",\"breadcrumb\":{\"@id\":\"https:\\\/\\\/filles-de-la-charite.org\\\/pl\\\/congreso-de-vocaciones-asamblea-de-llamados-para-la-mision\\\/#breadcrumb\"},\"inLanguage\":\"pl-PL\",\"potentialAction\":[{\"@type\":\"ReadAction\",\"target\":[\"https:\\\/\\\/filles-de-la-charite.org\\\/pl\\\/congreso-de-vocaciones-asamblea-de-llamados-para-la-mision\\\/\"]}]},{\"@type\":\"ImageObject\",\"inLanguage\":\"pl-PL\",\"@id\":\"https:\\\/\\\/filles-de-la-charite.org\\\/pl\\\/congreso-de-vocaciones-asamblea-de-llamados-para-la-mision\\\/#primaryimage\",\"url\":\"https:\\\/\\\/filles-de-la-charite.org\\\/wp-content\\\/uploads\\\/2025\\\/03\\\/WhatsApp-Image-2025-02-18-at-08.46.48.jpeg\",\"contentUrl\":\"https:\\\/\\\/filles-de-la-charite.org\\\/wp-content\\\/uploads\\\/2025\\\/03\\\/WhatsApp-Image-2025-02-18-at-08.46.48.jpeg\",\"width\":1600,\"height\":1200},{\"@type\":\"BreadcrumbList\",\"@id\":\"https:\\\/\\\/filles-de-la-charite.org\\\/pl\\\/congreso-de-vocaciones-asamblea-de-llamados-para-la-mision\\\/#breadcrumb\",\"itemListElement\":[{\"@type\":\"ListItem\",\"position\":1,\"name\":\"Hiszpania\",\"item\":\"https:\\\/\\\/filles-de-la-charite.org\\\/pl\\\/category\\\/espana-pl\\\/\"},{\"@type\":\"ListItem\",\"position\":2,\"name\":\"Kongres Powo\u0142a\u0144 &#8211; Kongres Powo\u0142anych do Misji\"}]},{\"@type\":\"WebSite\",\"@id\":\"https:\\\/\\\/filles-de-la-charite.org\\\/pl\\\/#website\",\"url\":\"https:\\\/\\\/filles-de-la-charite.org\\\/pl\\\/\",\"name\":\"Hijas de la Caridad\",\"description\":\"L\u2019amour de J\u00e9sus nous presse \u00e0 prendre soin des personnes les plus d\u00e9munies\",\"publisher\":{\"@id\":\"https:\\\/\\\/filles-de-la-charite.org\\\/pl\\\/#organization\"},\"potentialAction\":[{\"@type\":\"SearchAction\",\"target\":{\"@type\":\"EntryPoint\",\"urlTemplate\":\"https:\\\/\\\/filles-de-la-charite.org\\\/pl\\\/?s={search_term_string}\"},\"query-input\":{\"@type\":\"PropertyValueSpecification\",\"valueRequired\":true,\"valueName\":\"search_term_string\"}}],\"inLanguage\":\"pl-PL\"},{\"@type\":\"Organization\",\"@id\":\"https:\\\/\\\/filles-de-la-charite.org\\\/pl\\\/#organization\",\"name\":\"Hijas de la Caridad\",\"url\":\"https:\\\/\\\/filles-de-la-charite.org\\\/pl\\\/\",\"logo\":{\"@type\":\"ImageObject\",\"inLanguage\":\"pl-PL\",\"@id\":\"https:\\\/\\\/filles-de-la-charite.org\\\/pl\\\/#\\\/schema\\\/logo\\\/image\\\/\",\"url\":\"https:\\\/\\\/filles-de-la-charite.org\\\/wp-content\\\/uploads\\\/2023\\\/03\\\/isotipo-Hijas-de-la-Caridad.png\",\"contentUrl\":\"https:\\\/\\\/filles-de-la-charite.org\\\/wp-content\\\/uploads\\\/2023\\\/03\\\/isotipo-Hijas-de-la-Caridad.png\",\"width\":1417,\"height\":1417,\"caption\":\"Hijas de la Caridad\"},\"image\":{\"@id\":\"https:\\\/\\\/filles-de-la-charite.org\\\/pl\\\/#\\\/schema\\\/logo\\\/image\\\/\"}},{\"@type\":\"Person\",\"@id\":\"https:\\\/\\\/filles-de-la-charite.org\\\/pl\\\/#\\\/schema\\\/person\\\/0c922b6ca71280639858d297b3a7209f\",\"name\":\"SOR MARTA\",\"image\":{\"@type\":\"ImageObject\",\"inLanguage\":\"pl-PL\",\"@id\":\"https:\\\/\\\/secure.gravatar.com\\\/avatar\\\/d2c45b0fd6bf2d3e2670ab3d112257c24ac80fa960360bba1bdc0676485d1d09?s=96&d=mm&r=g\",\"url\":\"https:\\\/\\\/secure.gravatar.com\\\/avatar\\\/d2c45b0fd6bf2d3e2670ab3d112257c24ac80fa960360bba1bdc0676485d1d09?s=96&d=mm&r=g\",\"contentUrl\":\"https:\\\/\\\/secure.gravatar.com\\\/avatar\\\/d2c45b0fd6bf2d3e2670ab3d112257c24ac80fa960360bba1bdc0676485d1d09?s=96&d=mm&r=g\",\"caption\":\"SOR MARTA\"},\"url\":\"https:\\\/\\\/filles-de-la-charite.org\\\/pl\\\/author\\\/martaemn\\\/\"}]}<\/script>\n<!-- \/ Yoast SEO plugin. -->","yoast_head_json":{"title":"Kongres Powo\u0142a\u0144 - Kongres Powo\u0142anych do Misji - Filles de la Charit\u00e9","robots":{"index":"index","follow":"follow","max-snippet":"max-snippet:-1","max-image-preview":"max-image-preview:large","max-video-preview":"max-video-preview:-1"},"canonical":"https:\/\/filles-de-la-charite.org\/pl\/congreso-de-vocaciones-asamblea-de-llamados-para-la-mision\/","og_locale":"pl_PL","og_type":"article","og_title":"Kongres Powo\u0142a\u0144 - Kongres Powo\u0142anych do Misji - Filles de la Charit\u00e9","og_description":"Zapowiada\u0142o si\u0119 wielkie wydarzenie, wielkie \u015bwi\u0119towanie &#8211; i tak si\u0119 sta\u0142o! Kongres Powo\u0142a\u0144 &#8211; Kongres Powo\u0142anych do Misji, zorganizowany przez Konferencj\u0119 Episkopatu Hiszpanii w dniach od 7 do 9 lutego 2025 r., zgromadzi\u0142 nas, aby \u015bwi\u0119towa\u0107 i dzieli\u0107 si\u0119 rado\u015bci\u0105 powo\u0142ania &#8211; w\u0142asnego &#8211; i wsp\u00f3lnie si\u0119 nad nim zastanowi\u0107. Siostry Mi\u0142osierdzia przyby\u0142y ze wszystkich [&hellip;]","og_url":"https:\/\/filles-de-la-charite.org\/pl\/congreso-de-vocaciones-asamblea-de-llamados-para-la-mision\/","og_site_name":"Filles de la Charit\u00e9","article_published_time":"2025-02-28T11:54:00+00:00","article_modified_time":"2025-03-01T22:20:24+00:00","og_image":[{"width":1600,"height":1200,"url":"https:\/\/filles-de-la-charite.org\/wp-content\/uploads\/2025\/03\/WhatsApp-Image-2025-02-18-at-08.46.48.jpeg","type":"image\/jpeg"}],"author":"SOR MARTA","twitter_card":"summary_large_image","twitter_misc":{"Napisane przez":"SOR MARTA","Szacowany czas czytania":"3 minuty"},"schema":{"@context":"https:\/\/schema.org","@graph":[{"@type":"Article","@id":"https:\/\/filles-de-la-charite.org\/pl\/congreso-de-vocaciones-asamblea-de-llamados-para-la-mision\/#article","isPartOf":{"@id":"https:\/\/filles-de-la-charite.org\/pl\/congreso-de-vocaciones-asamblea-de-llamados-para-la-mision\/"},"author":{"name":"SOR MARTA","@id":"https:\/\/filles-de-la-charite.org\/pl\/#\/schema\/person\/0c922b6ca71280639858d297b3a7209f"},"headline":"Kongres Powo\u0142a\u0144 &#8211; Kongres Powo\u0142anych do Misji","datePublished":"2025-02-28T11:54:00+00:00","dateModified":"2025-03-01T22:20:24+00:00","mainEntityOfPage":{"@id":"https:\/\/filles-de-la-charite.org\/pl\/congreso-de-vocaciones-asamblea-de-llamados-para-la-mision\/"},"wordCount":458,"publisher":{"@id":"https:\/\/filles-de-la-charite.org\/pl\/#organization"},"image":{"@id":"https:\/\/filles-de-la-charite.org\/pl\/congreso-de-vocaciones-asamblea-de-llamados-para-la-mision\/#primaryimage"},"thumbnailUrl":"https:\/\/filles-de-la-charite.org\/wp-content\/uploads\/2025\/03\/WhatsApp-Image-2025-02-18-at-08.46.48.jpeg","articleSection":["Hiszpania"],"inLanguage":"pl-PL"},{"@type":"WebPage","@id":"https:\/\/filles-de-la-charite.org\/pl\/congreso-de-vocaciones-asamblea-de-llamados-para-la-mision\/","url":"https:\/\/filles-de-la-charite.org\/pl\/congreso-de-vocaciones-asamblea-de-llamados-para-la-mision\/","name":"Kongres Powo\u0142a\u0144 - Kongres Powo\u0142anych do Misji - Filles de la Charit\u00e9","isPartOf":{"@id":"https:\/\/filles-de-la-charite.org\/pl\/#website"},"primaryImageOfPage":{"@id":"https:\/\/filles-de-la-charite.org\/pl\/congreso-de-vocaciones-asamblea-de-llamados-para-la-mision\/#primaryimage"},"image":{"@id":"https:\/\/filles-de-la-charite.org\/pl\/congreso-de-vocaciones-asamblea-de-llamados-para-la-mision\/#primaryimage"},"thumbnailUrl":"https:\/\/filles-de-la-charite.org\/wp-content\/uploads\/2025\/03\/WhatsApp-Image-2025-02-18-at-08.46.48.jpeg","datePublished":"2025-02-28T11:54:00+00:00","dateModified":"2025-03-01T22:20:24+00:00","breadcrumb":{"@id":"https:\/\/filles-de-la-charite.org\/pl\/congreso-de-vocaciones-asamblea-de-llamados-para-la-mision\/#breadcrumb"},"inLanguage":"pl-PL","potentialAction":[{"@type":"ReadAction","target":["https:\/\/filles-de-la-charite.org\/pl\/congreso-de-vocaciones-asamblea-de-llamados-para-la-mision\/"]}]},{"@type":"ImageObject","inLanguage":"pl-PL","@id":"https:\/\/filles-de-la-charite.org\/pl\/congreso-de-vocaciones-asamblea-de-llamados-para-la-mision\/#primaryimage","url":"https:\/\/filles-de-la-charite.org\/wp-content\/uploads\/2025\/03\/WhatsApp-Image-2025-02-18-at-08.46.48.jpeg","contentUrl":"https:\/\/filles-de-la-charite.org\/wp-content\/uploads\/2025\/03\/WhatsApp-Image-2025-02-18-at-08.46.48.jpeg","width":1600,"height":1200},{"@type":"BreadcrumbList","@id":"https:\/\/filles-de-la-charite.org\/pl\/congreso-de-vocaciones-asamblea-de-llamados-para-la-mision\/#breadcrumb","itemListElement":[{"@type":"ListItem","position":1,"name":"Hiszpania","item":"https:\/\/filles-de-la-charite.org\/pl\/category\/espana-pl\/"},{"@type":"ListItem","position":2,"name":"Kongres Powo\u0142a\u0144 &#8211; Kongres Powo\u0142anych do Misji"}]},{"@type":"WebSite","@id":"https:\/\/filles-de-la-charite.org\/pl\/#website","url":"https:\/\/filles-de-la-charite.org\/pl\/","name":"Hijas de la Caridad","description":"L\u2019amour de J\u00e9sus nous presse \u00e0 prendre soin des personnes les plus d\u00e9munies","publisher":{"@id":"https:\/\/filles-de-la-charite.org\/pl\/#organization"},"potentialAction":[{"@type":"SearchAction","target":{"@type":"EntryPoint","urlTemplate":"https:\/\/filles-de-la-charite.org\/pl\/?s={search_term_string}"},"query-input":{"@type":"PropertyValueSpecification","valueRequired":true,"valueName":"search_term_string"}}],"inLanguage":"pl-PL"},{"@type":"Organization","@id":"https:\/\/filles-de-la-charite.org\/pl\/#organization","name":"Hijas de la Caridad","url":"https:\/\/filles-de-la-charite.org\/pl\/","logo":{"@type":"ImageObject","inLanguage":"pl-PL","@id":"https:\/\/filles-de-la-charite.org\/pl\/#\/schema\/logo\/image\/","url":"https:\/\/filles-de-la-charite.org\/wp-content\/uploads\/2023\/03\/isotipo-Hijas-de-la-Caridad.png","contentUrl":"https:\/\/filles-de-la-charite.org\/wp-content\/uploads\/2023\/03\/isotipo-Hijas-de-la-Caridad.png","width":1417,"height":1417,"caption":"Hijas de la Caridad"},"image":{"@id":"https:\/\/filles-de-la-charite.org\/pl\/#\/schema\/logo\/image\/"}},{"@type":"Person","@id":"https:\/\/filles-de-la-charite.org\/pl\/#\/schema\/person\/0c922b6ca71280639858d297b3a7209f","name":"SOR MARTA","image":{"@type":"ImageObject","inLanguage":"pl-PL","@id":"https:\/\/secure.gravatar.com\/avatar\/d2c45b0fd6bf2d3e2670ab3d112257c24ac80fa960360bba1bdc0676485d1d09?s=96&d=mm&r=g","url":"https:\/\/secure.gravatar.com\/avatar\/d2c45b0fd6bf2d3e2670ab3d112257c24ac80fa960360bba1bdc0676485d1d09?s=96&d=mm&r=g","contentUrl":"https:\/\/secure.gravatar.com\/avatar\/d2c45b0fd6bf2d3e2670ab3d112257c24ac80fa960360bba1bdc0676485d1d09?s=96&d=mm&r=g","caption":"SOR MARTA"},"url":"https:\/\/filles-de-la-charite.org\/pl\/author\/martaemn\/"}]}},"_links":{"self":[{"href":"https:\/\/filles-de-la-charite.org\/pl\/wp-json\/wp\/v2\/posts\/41870","targetHints":{"allow":["GET"]}}],"collection":[{"href":"https:\/\/filles-de-la-charite.org\/pl\/wp-json\/wp\/v2\/posts"}],"about":[{"href":"https:\/\/filles-de-la-charite.org\/pl\/wp-json\/wp\/v2\/types\/post"}],"author":[{"embeddable":true,"href":"https:\/\/filles-de-la-charite.org\/pl\/wp-json\/wp\/v2\/users\/5"}],"replies":[{"embeddable":true,"href":"https:\/\/filles-de-la-charite.org\/pl\/wp-json\/wp\/v2\/comments?post=41870"}],"version-history":[{"count":2,"href":"https:\/\/filles-de-la-charite.org\/pl\/wp-json\/wp\/v2\/posts\/41870\/revisions"}],"predecessor-version":[{"id":41882,"href":"https:\/\/filles-de-la-charite.org\/pl\/wp-json\/wp\/v2\/posts\/41870\/revisions\/41882"}],"wp:featuredmedia":[{"embeddable":true,"href":"https:\/\/filles-de-la-charite.org\/pl\/wp-json\/wp\/v2\/media\/41849"}],"wp:attachment":[{"href":"https:\/\/filles-de-la-charite.org\/pl\/wp-json\/wp\/v2\/media?parent=41870"}],"wp:term":[{"taxonomy":"category","embeddable":true,"href":"https:\/\/filles-de-la-charite.org\/pl\/wp-json\/wp\/v2\/categories?post=41870"},{"taxonomy":"post_tag","embeddable":true,"href":"https:\/\/filles-de-la-charite.org\/pl\/wp-json\/wp\/v2\/tags?post=41870"}],"curies":[{"name":"wp","href":"https:\/\/api.w.org\/{rel}","templated":true}]}}