{"id":42373,"date":"2025-03-21T06:50:00","date_gmt":"2025-03-21T05:50:00","guid":{"rendered":"https:\/\/filles-de-la-charite.org\/?p=42373"},"modified":"2025-03-22T09:50:08","modified_gmt":"2025-03-22T08:50:08","slug":"caminando-juntas-fortaleciendo-la-formacion-en-asia","status":"publish","type":"post","link":"https:\/\/filles-de-la-charite.org\/pl\/caminando-juntas-fortaleciendo-la-formacion-en-asia\/","title":{"rendered":"Podr\u00f3\u017cuj\u0105c razem, wzmacnianie formacji w Azji"},"content":{"rendered":"\n<p>W dniach od 2 do 11 marca 2025 r. ponad 50 Si\u00f3str Mi\u0142osierdzia z kraj\u00f3w azjatyckich zgromadzi\u0142o si\u0119 w Pohsarang, Kediri, Jawa Wschodnia, Indonezja, na Spotkaniu Si\u00f3str Formatorek z Azji. Temat tegorocznego spotkania brzmia\u0142 \u201ePodr\u00f3\u017cuj\u0105c razem, wzmacnianie formacji w Azji\u201d, pi\u0119knie oddawa\u0142 ducha wi\u0119zi i wsp\u00f3\u0142pracy, kt\u00f3ry zdefiniowa\u0142 to wydarzenie.<\/p>\n\n\n\n<figure class=\"wp-block-image aligncenter size-large\"><img loading=\"lazy\" decoding=\"async\" width=\"1024\" height=\"576\" src=\"https:\/\/filles-de-la-charite.org\/wp-content\/uploads\/2025\/03\/thumbnail2-1024x576.jpg\" alt=\"\" class=\"wp-image-42347\" srcset=\"https:\/\/filles-de-la-charite.org\/wp-content\/uploads\/2025\/03\/thumbnail2-980x551.jpg 980w, https:\/\/filles-de-la-charite.org\/wp-content\/uploads\/2025\/03\/thumbnail2-480x270.jpg 480w\" sizes=\"(min-width: 0px) and (max-width: 480px) 480px, (min-width: 481px) and (max-width: 980px) 980px, (min-width: 981px) 1024px, 100vw\" \/><\/figure>\n\n\n\n<p>Sercem tego spotkania by\u0142o piel\u0119gnowanie relacji i wspieranie wsp\u00f3\u0142pracy mi\u0119dzy Formatorkami, Dyrektorkami Prowincjalnymi i Wizytatorkami w ca\u0142ej Azji. By\u0142a to cenna okazja dla uczestnik\u00f3w, aby pog\u0142\u0119bi\u0107 wzajemne zrozumienie, tworzy\u0107 wspieraj\u0105ce wi\u0119zi i wsp\u00f3\u0142pracowa\u0107 w \u015bwi\u0119tej misji formowania Si\u00f3str Mi\u0142osierdzia zar\u00f3wno dla tera\u017aniejszo\u015bci, jak i przysz\u0142o\u015bci. Spotkanie s\u0142u\u017cy\u0142o jako przestrze\u0144 do dzielenia si\u0119 wiedz\u0105 i do\u015bwiadczeniami, kt\u00f3re wzbogaci\u0142y formacj\u0119 w ca\u0142ym regionie, promuj\u0105c Ducha Wincenty\u0144skiego i przyjmuj\u0105c synodalne podej\u015bcie do konsultacji i rozeznania.<\/p>\n\n\n\n<p>Wydarzenie rozpocz\u0119\u0142o si\u0119 uroczyst\u0105 Msz\u0105 \u015awi\u0119t\u0105, kt\u00f3r\u0105 celebrowali Ojcowie Dyrektorzy Si\u00f3str Mi\u0142osierdzia z Indii, Filipin, Wietnamu i Indonezji. Powitalne s\u0142owa Siostry Anny DC, Rady Generalnej dla Azji, nada\u0142y ton ciep\u0142a i przynale\u017cno\u015bci. Eucharystia by\u0142a znacz\u0105cym i inspiruj\u0105cym do\u015bwiadczeniem, nape\u0142niaj\u0105cym wszystkich now\u0105 energi\u0105 i d\u0105\u017ceniem, poniewa\u017c w t\u0119 podr\u00f3\u017c wyruszyli razem.<\/p>\n\n\n\n<figure class=\"wp-block-image aligncenter size-full\"><img loading=\"lazy\" decoding=\"async\" width=\"2560\" height=\"1440\" src=\"https:\/\/filles-de-la-charite.org\/wp-content\/uploads\/2025\/03\/misa-scaled.jpg\" alt=\"\" class=\"wp-image-42354\" srcset=\"https:\/\/filles-de-la-charite.org\/wp-content\/uploads\/2025\/03\/misa-scaled.jpg 2560w, https:\/\/filles-de-la-charite.org\/wp-content\/uploads\/2025\/03\/misa-1280x720.jpg 1280w, https:\/\/filles-de-la-charite.org\/wp-content\/uploads\/2025\/03\/misa-980x551.jpg 980w, https:\/\/filles-de-la-charite.org\/wp-content\/uploads\/2025\/03\/misa-480x270.jpg 480w\" sizes=\"(min-width: 0px) and (max-width: 480px) 480px, (min-width: 481px) and (max-width: 980px) 980px, (min-width: 981px) and (max-width: 1280px) 1280px, (min-width: 1281px) 2560px, 100vw\" \/><\/figure>\n\n\n\n<p>Podczas ca\u0142ego spotkania sesje i dyskusje koncentrowa\u0142y si\u0119 na wyj\u0105tkowych do\u015bwiadczeniach Si\u00f3str Formatorek z r\u00f3\u017cnych kraj\u00f3w. Pierwsza sesja zawiera\u0142a wnikliwe prezentacje Siostry Anny DC, Siostry Teresy Mueda DC, a nast\u0119pnego dnia dyskusje koncentrowa\u0142y si\u0119 na planach formacyjnych i promocji powo\u0142a\u0144 z ka\u017cdej prowincji. Uczestnicy zaanga\u017cowali si\u0119 w szczere rozmowy na r\u00f3\u017cnych poziomach, sprzyjaj\u0105c atmosferze otwarto\u015bci i wsparcia. Kilka cenionych os\u00f3b, w tym Siostra Fran\u00e7oise PETIT, Prze\u0142o\u017cona Generalna, za po\u015brednictwem Zoom; Ojciec Fransiskus Armada Rianto, CM; Pani Anita LIE i inni, wnie\u015bli cenne spostrze\u017cenia na interesuj\u0105ce tematy.<\/p>\n\n\n\n<p>Niezapomnianym momentem by\u0142a kr\u00f3tka wycieczka do miasta Surabaya, gdzie uczestnicy odwiedzili wa\u017cne miejsca, takie jak katedra w Surabaya, Dom Prowincjalny Ksi\u0119\u017cy Misjonarzy, ko\u015bci\u00f3\u0142 Kelahiran Santa Perawan Maria Kepanjen i sierociniec Don Bosco. Dzie\u0144 zako\u0144czy\u0142 si\u0119 wizyt\u0105 w Domu Prowincjalnym Si\u00f3str Mi\u0142osierdzia Indonezji w Kediri, tworz\u0105c trwa\u0142e wspomnienia i pog\u0142\u0119biaj\u0105c wi\u0119zi mi\u0119dzy Siostrami.<\/p>\n\n\n\n<figure class=\"wp-block-image aligncenter size-full\"><img loading=\"lazy\" decoding=\"async\" width=\"1158\" height=\"720\" src=\"https:\/\/filles-de-la-charite.org\/wp-content\/uploads\/2025\/03\/WhatsApp-Image-2025-03-21-at-16.09.45.jpeg\" alt=\"\" class=\"wp-image-42397\" srcset=\"https:\/\/filles-de-la-charite.org\/wp-content\/uploads\/2025\/03\/WhatsApp-Image-2025-03-21-at-16.09.45.jpeg 1158w, https:\/\/filles-de-la-charite.org\/wp-content\/uploads\/2025\/03\/WhatsApp-Image-2025-03-21-at-16.09.45-980x609.jpeg 980w, https:\/\/filles-de-la-charite.org\/wp-content\/uploads\/2025\/03\/WhatsApp-Image-2025-03-21-at-16.09.45-480x298.jpeg 480w\" sizes=\"(min-width: 0px) and (max-width: 480px) 480px, (min-width: 481px) and (max-width: 980px) 980px, (min-width: 981px) 1158px, 100vw\" \/><\/figure>\n\n\n\n<p>Podczas tego spotkania Siostry Formatorki umacnia\u0142y si\u0119 nawzajem, ucz\u0105c si\u0119 na podstawie swoich r\u00f3\u017cnorodnych do\u015bwiadcze\u0144 i celebruj\u0105c unikalne cechy, kt\u00f3re wnosi ka\u017cda prowincja. Entuzjazm i rado\u015b\u0107 promieniuj\u0105ce z ka\u017cdej Siostry by\u0142y wspania\u0142ym \u017ar\u00f3d\u0142em inspiracji. Wsp\u00f3lnie zastanawia\u0142y si\u0119 nad tym, jak wzmocni\u0107 duchowo\u015b\u0107 i jedno\u015b\u0107 w ich misji s\u0142u\u017cby na polu formacji.<\/p>\n\n\n\n<p>Spotkanie zako\u0144czy\u0142o si\u0119 radosn\u0105 celebracj\u0105 Eucharystii i serdeczn\u0105 modlitw\u0105 dzi\u0119kczynienia. Niech spostrze\u017cenia i kontakty, kt\u00f3re zdoby\u0142y\u015bmy podczas tego spotkania, umocni\u0105 nas do prze\u017cywania naszego powo\u0142ania, nios\u0105c mi\u0142o\u015b\u0107 bli\u017anim, gdziekolwiek jeste\u015bmy, zw\u0142aszcza jako nosicielki wiary i nadziei dla m\u0142odych ludzi. Z pe\u0142nymi sercami i odnowion\u0105 determinacj\u0105 Siostry powr\u00f3ci\u0142y do swoich kraj\u00f3w, gotowe kontynuowa\u0107 swoj\u0105 pos\u0142ug\u0119 z otwartymi sercami, podejmuj\u0105c \u017cycie w prostocie, pokorze i mi\u0142o\u015bci.<\/p>\n\n\n\n<p><\/p>\n\n\n\n<figure class=\"wp-block-embed aligncenter is-type-video is-provider-youtube wp-block-embed-youtube wp-embed-aspect-16-9 wp-has-aspect-ratio\"><div class=\"wp-block-embed__wrapper\">\n<iframe loading=\"lazy\" title=\"AFM 2025 - Indonesia (Asian Formators Meeting)\" width=\"1080\" height=\"608\" src=\"https:\/\/www.youtube.com\/embed\/gcOkTx_eBXw?feature=oembed\"  allow=\"accelerometer; autoplay; clipboard-write; encrypted-media; gyroscope; picture-in-picture; web-share\" referrerpolicy=\"strict-origin-when-cross-origin\" allowfullscreen><\/iframe>\n<\/div><\/figure>\n","protected":false},"excerpt":{"rendered":"<p>W dniach od 2 do 11 marca 2025 r. ponad 50 Si\u00f3str Mi\u0142osierdzia z kraj\u00f3w azjatyckich zgromadzi\u0142o si\u0119 w Pohsarang, Kediri, Jawa Wschodnia, Indonezja, na Spotkaniu Si\u00f3str Formatorek z Azji. Temat tegorocznego spotkania brzmia\u0142 \u201ePodr\u00f3\u017cuj\u0105c razem, wzmacnianie formacji w Azji\u201d, pi\u0119knie oddawa\u0142 ducha wi\u0119zi i wsp\u00f3\u0142pracy, kt\u00f3ry zdefiniowa\u0142 to wydarzenie. Sercem tego spotkania by\u0142o piel\u0119gnowanie [&hellip;]<\/p>\n","protected":false},"author":5,"featured_media":42344,"comment_status":"closed","ping_status":"closed","sticky":false,"template":"","format":"standard","meta":{"_acf_changed":false,"_et_pb_use_builder":"","_et_pb_old_content":"","_et_gb_content_width":"","footnotes":"","_links_to":"","_links_to_target":""},"categories":[873],"tags":[],"class_list":["post-42373","post","type-post","status-publish","format-standard","has-post-thumbnail","hentry","category-azji"],"acf":[],"yoast_head":"<!-- This site is optimized with the Yoast SEO plugin v27.5 - https:\/\/yoast.com\/product\/yoast-seo-wordpress\/ -->\n<title>Podr\u00f3\u017cuj\u0105c razem, wzmacnianie formacji w Azji - Filles de la Charit\u00e9<\/title>\n<meta name=\"robots\" content=\"index, follow, max-snippet:-1, max-image-preview:large, max-video-preview:-1\" \/>\n<link rel=\"canonical\" href=\"https:\/\/filles-de-la-charite.org\/pl\/caminando-juntas-fortaleciendo-la-formacion-en-asia\/\" \/>\n<meta property=\"og:locale\" content=\"pl_PL\" \/>\n<meta property=\"og:type\" content=\"article\" \/>\n<meta property=\"og:title\" content=\"Podr\u00f3\u017cuj\u0105c razem, wzmacnianie formacji w Azji - Filles de la Charit\u00e9\" \/>\n<meta property=\"og:description\" content=\"W dniach od 2 do 11 marca 2025 r. ponad 50 Si\u00f3str Mi\u0142osierdzia z kraj\u00f3w azjatyckich zgromadzi\u0142o si\u0119 w Pohsarang, Kediri, Jawa Wschodnia, Indonezja, na Spotkaniu Si\u00f3str Formatorek z Azji. Temat tegorocznego spotkania brzmia\u0142 \u201ePodr\u00f3\u017cuj\u0105c razem, wzmacnianie formacji w Azji\u201d, pi\u0119knie oddawa\u0142 ducha wi\u0119zi i wsp\u00f3\u0142pracy, kt\u00f3ry zdefiniowa\u0142 to wydarzenie. Sercem tego spotkania by\u0142o piel\u0119gnowanie [&hellip;]\" \/>\n<meta property=\"og:url\" content=\"https:\/\/filles-de-la-charite.org\/pl\/caminando-juntas-fortaleciendo-la-formacion-en-asia\/\" \/>\n<meta property=\"og:site_name\" content=\"Filles de la Charit\u00e9\" \/>\n<meta property=\"article:published_time\" content=\"2025-03-21T05:50:00+00:00\" \/>\n<meta property=\"article:modified_time\" content=\"2025-03-22T08:50:08+00:00\" \/>\n<meta property=\"og:image\" content=\"https:\/\/filles-de-la-charite.org\/wp-content\/uploads\/2025\/03\/thumbnail-scaled.jpg\" \/>\n\t<meta property=\"og:image:width\" content=\"2560\" \/>\n\t<meta property=\"og:image:height\" content=\"1440\" \/>\n\t<meta property=\"og:image:type\" content=\"image\/jpeg\" \/>\n<meta name=\"author\" content=\"SOR MARTA\" \/>\n<meta name=\"twitter:card\" content=\"summary_large_image\" \/>\n<meta name=\"twitter:label1\" content=\"Napisane przez\" \/>\n\t<meta name=\"twitter:data1\" content=\"SOR MARTA\" \/>\n\t<meta name=\"twitter:label2\" content=\"Szacowany czas czytania\" \/>\n\t<meta name=\"twitter:data2\" content=\"3 minuty\" \/>\n<script type=\"application\/ld+json\" class=\"yoast-schema-graph\">{\"@context\":\"https:\\\/\\\/schema.org\",\"@graph\":[{\"@type\":\"Article\",\"@id\":\"https:\\\/\\\/filles-de-la-charite.org\\\/pl\\\/caminando-juntas-fortaleciendo-la-formacion-en-asia\\\/#article\",\"isPartOf\":{\"@id\":\"https:\\\/\\\/filles-de-la-charite.org\\\/pl\\\/caminando-juntas-fortaleciendo-la-formacion-en-asia\\\/\"},\"author\":{\"name\":\"SOR MARTA\",\"@id\":\"https:\\\/\\\/filles-de-la-charite.org\\\/pl\\\/#\\\/schema\\\/person\\\/0c922b6ca71280639858d297b3a7209f\"},\"headline\":\"Podr\u00f3\u017cuj\u0105c razem, wzmacnianie formacji w Azji\",\"datePublished\":\"2025-03-21T05:50:00+00:00\",\"dateModified\":\"2025-03-22T08:50:08+00:00\",\"mainEntityOfPage\":{\"@id\":\"https:\\\/\\\/filles-de-la-charite.org\\\/pl\\\/caminando-juntas-fortaleciendo-la-formacion-en-asia\\\/\"},\"wordCount\":576,\"publisher\":{\"@id\":\"https:\\\/\\\/filles-de-la-charite.org\\\/pl\\\/#organization\"},\"image\":{\"@id\":\"https:\\\/\\\/filles-de-la-charite.org\\\/pl\\\/caminando-juntas-fortaleciendo-la-formacion-en-asia\\\/#primaryimage\"},\"thumbnailUrl\":\"https:\\\/\\\/filles-de-la-charite.org\\\/wp-content\\\/uploads\\\/2025\\\/03\\\/thumbnail-scaled.jpg\",\"articleSection\":[\"Azji\"],\"inLanguage\":\"pl-PL\"},{\"@type\":\"WebPage\",\"@id\":\"https:\\\/\\\/filles-de-la-charite.org\\\/pl\\\/caminando-juntas-fortaleciendo-la-formacion-en-asia\\\/\",\"url\":\"https:\\\/\\\/filles-de-la-charite.org\\\/pl\\\/caminando-juntas-fortaleciendo-la-formacion-en-asia\\\/\",\"name\":\"Podr\u00f3\u017cuj\u0105c razem, wzmacnianie formacji w Azji - Filles de la Charit\u00e9\",\"isPartOf\":{\"@id\":\"https:\\\/\\\/filles-de-la-charite.org\\\/pl\\\/#website\"},\"primaryImageOfPage\":{\"@id\":\"https:\\\/\\\/filles-de-la-charite.org\\\/pl\\\/caminando-juntas-fortaleciendo-la-formacion-en-asia\\\/#primaryimage\"},\"image\":{\"@id\":\"https:\\\/\\\/filles-de-la-charite.org\\\/pl\\\/caminando-juntas-fortaleciendo-la-formacion-en-asia\\\/#primaryimage\"},\"thumbnailUrl\":\"https:\\\/\\\/filles-de-la-charite.org\\\/wp-content\\\/uploads\\\/2025\\\/03\\\/thumbnail-scaled.jpg\",\"datePublished\":\"2025-03-21T05:50:00+00:00\",\"dateModified\":\"2025-03-22T08:50:08+00:00\",\"breadcrumb\":{\"@id\":\"https:\\\/\\\/filles-de-la-charite.org\\\/pl\\\/caminando-juntas-fortaleciendo-la-formacion-en-asia\\\/#breadcrumb\"},\"inLanguage\":\"pl-PL\",\"potentialAction\":[{\"@type\":\"ReadAction\",\"target\":[\"https:\\\/\\\/filles-de-la-charite.org\\\/pl\\\/caminando-juntas-fortaleciendo-la-formacion-en-asia\\\/\"]}]},{\"@type\":\"ImageObject\",\"inLanguage\":\"pl-PL\",\"@id\":\"https:\\\/\\\/filles-de-la-charite.org\\\/pl\\\/caminando-juntas-fortaleciendo-la-formacion-en-asia\\\/#primaryimage\",\"url\":\"https:\\\/\\\/filles-de-la-charite.org\\\/wp-content\\\/uploads\\\/2025\\\/03\\\/thumbnail-scaled.jpg\",\"contentUrl\":\"https:\\\/\\\/filles-de-la-charite.org\\\/wp-content\\\/uploads\\\/2025\\\/03\\\/thumbnail-scaled.jpg\",\"width\":2560,\"height\":1440},{\"@type\":\"BreadcrumbList\",\"@id\":\"https:\\\/\\\/filles-de-la-charite.org\\\/pl\\\/caminando-juntas-fortaleciendo-la-formacion-en-asia\\\/#breadcrumb\",\"itemListElement\":[{\"@type\":\"ListItem\",\"position\":1,\"name\":\"Azji\",\"item\":\"https:\\\/\\\/filles-de-la-charite.org\\\/pl\\\/category\\\/azji\\\/\"},{\"@type\":\"ListItem\",\"position\":2,\"name\":\"Podr\u00f3\u017cuj\u0105c razem, wzmacnianie formacji w Azji\"}]},{\"@type\":\"WebSite\",\"@id\":\"https:\\\/\\\/filles-de-la-charite.org\\\/pl\\\/#website\",\"url\":\"https:\\\/\\\/filles-de-la-charite.org\\\/pl\\\/\",\"name\":\"Hijas de la Caridad\",\"description\":\"L\u2019amour de J\u00e9sus nous presse \u00e0 prendre soin des personnes les plus d\u00e9munies\",\"publisher\":{\"@id\":\"https:\\\/\\\/filles-de-la-charite.org\\\/pl\\\/#organization\"},\"potentialAction\":[{\"@type\":\"SearchAction\",\"target\":{\"@type\":\"EntryPoint\",\"urlTemplate\":\"https:\\\/\\\/filles-de-la-charite.org\\\/pl\\\/?s={search_term_string}\"},\"query-input\":{\"@type\":\"PropertyValueSpecification\",\"valueRequired\":true,\"valueName\":\"search_term_string\"}}],\"inLanguage\":\"pl-PL\"},{\"@type\":\"Organization\",\"@id\":\"https:\\\/\\\/filles-de-la-charite.org\\\/pl\\\/#organization\",\"name\":\"Hijas de la Caridad\",\"url\":\"https:\\\/\\\/filles-de-la-charite.org\\\/pl\\\/\",\"logo\":{\"@type\":\"ImageObject\",\"inLanguage\":\"pl-PL\",\"@id\":\"https:\\\/\\\/filles-de-la-charite.org\\\/pl\\\/#\\\/schema\\\/logo\\\/image\\\/\",\"url\":\"https:\\\/\\\/filles-de-la-charite.org\\\/wp-content\\\/uploads\\\/2023\\\/03\\\/isotipo-Hijas-de-la-Caridad.png\",\"contentUrl\":\"https:\\\/\\\/filles-de-la-charite.org\\\/wp-content\\\/uploads\\\/2023\\\/03\\\/isotipo-Hijas-de-la-Caridad.png\",\"width\":1417,\"height\":1417,\"caption\":\"Hijas de la Caridad\"},\"image\":{\"@id\":\"https:\\\/\\\/filles-de-la-charite.org\\\/pl\\\/#\\\/schema\\\/logo\\\/image\\\/\"}},{\"@type\":\"Person\",\"@id\":\"https:\\\/\\\/filles-de-la-charite.org\\\/pl\\\/#\\\/schema\\\/person\\\/0c922b6ca71280639858d297b3a7209f\",\"name\":\"SOR MARTA\",\"image\":{\"@type\":\"ImageObject\",\"inLanguage\":\"pl-PL\",\"@id\":\"https:\\\/\\\/secure.gravatar.com\\\/avatar\\\/d2c45b0fd6bf2d3e2670ab3d112257c24ac80fa960360bba1bdc0676485d1d09?s=96&d=mm&r=g\",\"url\":\"https:\\\/\\\/secure.gravatar.com\\\/avatar\\\/d2c45b0fd6bf2d3e2670ab3d112257c24ac80fa960360bba1bdc0676485d1d09?s=96&d=mm&r=g\",\"contentUrl\":\"https:\\\/\\\/secure.gravatar.com\\\/avatar\\\/d2c45b0fd6bf2d3e2670ab3d112257c24ac80fa960360bba1bdc0676485d1d09?s=96&d=mm&r=g\",\"caption\":\"SOR MARTA\"},\"url\":\"https:\\\/\\\/filles-de-la-charite.org\\\/pl\\\/author\\\/martaemn\\\/\"}]}<\/script>\n<!-- \/ Yoast SEO plugin. -->","yoast_head_json":{"title":"Podr\u00f3\u017cuj\u0105c razem, wzmacnianie formacji w Azji - Filles de la Charit\u00e9","robots":{"index":"index","follow":"follow","max-snippet":"max-snippet:-1","max-image-preview":"max-image-preview:large","max-video-preview":"max-video-preview:-1"},"canonical":"https:\/\/filles-de-la-charite.org\/pl\/caminando-juntas-fortaleciendo-la-formacion-en-asia\/","og_locale":"pl_PL","og_type":"article","og_title":"Podr\u00f3\u017cuj\u0105c razem, wzmacnianie formacji w Azji - Filles de la Charit\u00e9","og_description":"W dniach od 2 do 11 marca 2025 r. ponad 50 Si\u00f3str Mi\u0142osierdzia z kraj\u00f3w azjatyckich zgromadzi\u0142o si\u0119 w Pohsarang, Kediri, Jawa Wschodnia, Indonezja, na Spotkaniu Si\u00f3str Formatorek z Azji. Temat tegorocznego spotkania brzmia\u0142 \u201ePodr\u00f3\u017cuj\u0105c razem, wzmacnianie formacji w Azji\u201d, pi\u0119knie oddawa\u0142 ducha wi\u0119zi i wsp\u00f3\u0142pracy, kt\u00f3ry zdefiniowa\u0142 to wydarzenie. Sercem tego spotkania by\u0142o piel\u0119gnowanie [&hellip;]","og_url":"https:\/\/filles-de-la-charite.org\/pl\/caminando-juntas-fortaleciendo-la-formacion-en-asia\/","og_site_name":"Filles de la Charit\u00e9","article_published_time":"2025-03-21T05:50:00+00:00","article_modified_time":"2025-03-22T08:50:08+00:00","og_image":[{"width":2560,"height":1440,"url":"https:\/\/filles-de-la-charite.org\/wp-content\/uploads\/2025\/03\/thumbnail-scaled.jpg","type":"image\/jpeg"}],"author":"SOR MARTA","twitter_card":"summary_large_image","twitter_misc":{"Napisane przez":"SOR MARTA","Szacowany czas czytania":"3 minuty"},"schema":{"@context":"https:\/\/schema.org","@graph":[{"@type":"Article","@id":"https:\/\/filles-de-la-charite.org\/pl\/caminando-juntas-fortaleciendo-la-formacion-en-asia\/#article","isPartOf":{"@id":"https:\/\/filles-de-la-charite.org\/pl\/caminando-juntas-fortaleciendo-la-formacion-en-asia\/"},"author":{"name":"SOR MARTA","@id":"https:\/\/filles-de-la-charite.org\/pl\/#\/schema\/person\/0c922b6ca71280639858d297b3a7209f"},"headline":"Podr\u00f3\u017cuj\u0105c razem, wzmacnianie formacji w Azji","datePublished":"2025-03-21T05:50:00+00:00","dateModified":"2025-03-22T08:50:08+00:00","mainEntityOfPage":{"@id":"https:\/\/filles-de-la-charite.org\/pl\/caminando-juntas-fortaleciendo-la-formacion-en-asia\/"},"wordCount":576,"publisher":{"@id":"https:\/\/filles-de-la-charite.org\/pl\/#organization"},"image":{"@id":"https:\/\/filles-de-la-charite.org\/pl\/caminando-juntas-fortaleciendo-la-formacion-en-asia\/#primaryimage"},"thumbnailUrl":"https:\/\/filles-de-la-charite.org\/wp-content\/uploads\/2025\/03\/thumbnail-scaled.jpg","articleSection":["Azji"],"inLanguage":"pl-PL"},{"@type":"WebPage","@id":"https:\/\/filles-de-la-charite.org\/pl\/caminando-juntas-fortaleciendo-la-formacion-en-asia\/","url":"https:\/\/filles-de-la-charite.org\/pl\/caminando-juntas-fortaleciendo-la-formacion-en-asia\/","name":"Podr\u00f3\u017cuj\u0105c razem, wzmacnianie formacji w Azji - Filles de la Charit\u00e9","isPartOf":{"@id":"https:\/\/filles-de-la-charite.org\/pl\/#website"},"primaryImageOfPage":{"@id":"https:\/\/filles-de-la-charite.org\/pl\/caminando-juntas-fortaleciendo-la-formacion-en-asia\/#primaryimage"},"image":{"@id":"https:\/\/filles-de-la-charite.org\/pl\/caminando-juntas-fortaleciendo-la-formacion-en-asia\/#primaryimage"},"thumbnailUrl":"https:\/\/filles-de-la-charite.org\/wp-content\/uploads\/2025\/03\/thumbnail-scaled.jpg","datePublished":"2025-03-21T05:50:00+00:00","dateModified":"2025-03-22T08:50:08+00:00","breadcrumb":{"@id":"https:\/\/filles-de-la-charite.org\/pl\/caminando-juntas-fortaleciendo-la-formacion-en-asia\/#breadcrumb"},"inLanguage":"pl-PL","potentialAction":[{"@type":"ReadAction","target":["https:\/\/filles-de-la-charite.org\/pl\/caminando-juntas-fortaleciendo-la-formacion-en-asia\/"]}]},{"@type":"ImageObject","inLanguage":"pl-PL","@id":"https:\/\/filles-de-la-charite.org\/pl\/caminando-juntas-fortaleciendo-la-formacion-en-asia\/#primaryimage","url":"https:\/\/filles-de-la-charite.org\/wp-content\/uploads\/2025\/03\/thumbnail-scaled.jpg","contentUrl":"https:\/\/filles-de-la-charite.org\/wp-content\/uploads\/2025\/03\/thumbnail-scaled.jpg","width":2560,"height":1440},{"@type":"BreadcrumbList","@id":"https:\/\/filles-de-la-charite.org\/pl\/caminando-juntas-fortaleciendo-la-formacion-en-asia\/#breadcrumb","itemListElement":[{"@type":"ListItem","position":1,"name":"Azji","item":"https:\/\/filles-de-la-charite.org\/pl\/category\/azji\/"},{"@type":"ListItem","position":2,"name":"Podr\u00f3\u017cuj\u0105c razem, wzmacnianie formacji w Azji"}]},{"@type":"WebSite","@id":"https:\/\/filles-de-la-charite.org\/pl\/#website","url":"https:\/\/filles-de-la-charite.org\/pl\/","name":"Hijas de la Caridad","description":"L\u2019amour de J\u00e9sus nous presse \u00e0 prendre soin des personnes les plus d\u00e9munies","publisher":{"@id":"https:\/\/filles-de-la-charite.org\/pl\/#organization"},"potentialAction":[{"@type":"SearchAction","target":{"@type":"EntryPoint","urlTemplate":"https:\/\/filles-de-la-charite.org\/pl\/?s={search_term_string}"},"query-input":{"@type":"PropertyValueSpecification","valueRequired":true,"valueName":"search_term_string"}}],"inLanguage":"pl-PL"},{"@type":"Organization","@id":"https:\/\/filles-de-la-charite.org\/pl\/#organization","name":"Hijas de la Caridad","url":"https:\/\/filles-de-la-charite.org\/pl\/","logo":{"@type":"ImageObject","inLanguage":"pl-PL","@id":"https:\/\/filles-de-la-charite.org\/pl\/#\/schema\/logo\/image\/","url":"https:\/\/filles-de-la-charite.org\/wp-content\/uploads\/2023\/03\/isotipo-Hijas-de-la-Caridad.png","contentUrl":"https:\/\/filles-de-la-charite.org\/wp-content\/uploads\/2023\/03\/isotipo-Hijas-de-la-Caridad.png","width":1417,"height":1417,"caption":"Hijas de la Caridad"},"image":{"@id":"https:\/\/filles-de-la-charite.org\/pl\/#\/schema\/logo\/image\/"}},{"@type":"Person","@id":"https:\/\/filles-de-la-charite.org\/pl\/#\/schema\/person\/0c922b6ca71280639858d297b3a7209f","name":"SOR MARTA","image":{"@type":"ImageObject","inLanguage":"pl-PL","@id":"https:\/\/secure.gravatar.com\/avatar\/d2c45b0fd6bf2d3e2670ab3d112257c24ac80fa960360bba1bdc0676485d1d09?s=96&d=mm&r=g","url":"https:\/\/secure.gravatar.com\/avatar\/d2c45b0fd6bf2d3e2670ab3d112257c24ac80fa960360bba1bdc0676485d1d09?s=96&d=mm&r=g","contentUrl":"https:\/\/secure.gravatar.com\/avatar\/d2c45b0fd6bf2d3e2670ab3d112257c24ac80fa960360bba1bdc0676485d1d09?s=96&d=mm&r=g","caption":"SOR MARTA"},"url":"https:\/\/filles-de-la-charite.org\/pl\/author\/martaemn\/"}]}},"_links":{"self":[{"href":"https:\/\/filles-de-la-charite.org\/pl\/wp-json\/wp\/v2\/posts\/42373","targetHints":{"allow":["GET"]}}],"collection":[{"href":"https:\/\/filles-de-la-charite.org\/pl\/wp-json\/wp\/v2\/posts"}],"about":[{"href":"https:\/\/filles-de-la-charite.org\/pl\/wp-json\/wp\/v2\/types\/post"}],"author":[{"embeddable":true,"href":"https:\/\/filles-de-la-charite.org\/pl\/wp-json\/wp\/v2\/users\/5"}],"replies":[{"embeddable":true,"href":"https:\/\/filles-de-la-charite.org\/pl\/wp-json\/wp\/v2\/comments?post=42373"}],"version-history":[{"count":4,"href":"https:\/\/filles-de-la-charite.org\/pl\/wp-json\/wp\/v2\/posts\/42373\/revisions"}],"predecessor-version":[{"id":42410,"href":"https:\/\/filles-de-la-charite.org\/pl\/wp-json\/wp\/v2\/posts\/42373\/revisions\/42410"}],"wp:featuredmedia":[{"embeddable":true,"href":"https:\/\/filles-de-la-charite.org\/pl\/wp-json\/wp\/v2\/media\/42344"}],"wp:attachment":[{"href":"https:\/\/filles-de-la-charite.org\/pl\/wp-json\/wp\/v2\/media?parent=42373"}],"wp:term":[{"taxonomy":"category","embeddable":true,"href":"https:\/\/filles-de-la-charite.org\/pl\/wp-json\/wp\/v2\/categories?post=42373"},{"taxonomy":"post_tag","embeddable":true,"href":"https:\/\/filles-de-la-charite.org\/pl\/wp-json\/wp\/v2\/tags?post=42373"}],"curies":[{"name":"wp","href":"https:\/\/api.w.org\/{rel}","templated":true}]}}