{"id":42473,"date":"2025-04-01T22:30:56","date_gmt":"2025-04-01T20:30:56","guid":{"rendered":"https:\/\/filles-de-la-charite.org\/el-centro-inclusivo-socio-educativo-santa-luisa-de-nouna-cisesl-una-historia-de-esperanza-y-resiliencia\/"},"modified":"2025-04-04T11:39:12","modified_gmt":"2025-04-04T09:39:12","slug":"el-centro-inclusivo-socio-educativo-santa-luisa-de-nouna-cisesl-una-historia-de-esperanza-y-resiliencia","status":"publish","type":"post","link":"https:\/\/filles-de-la-charite.org\/pl\/el-centro-inclusivo-socio-educativo-santa-luisa-de-nouna-cisesl-una-historia-de-esperanza-y-resiliencia\/","title":{"rendered":"Integracyjne Centrum Spo\u0142eczno-Edukacyjne \u015aw. Ludwiki w Nounie (CISESL): historia nadziei i wytrwa\u0142o\u015bci"},"content":{"rendered":"\n<p>Historia Integracyjnego Centrum Spo\u0142eczno-Edukacyjnego \u015aw. Ludwiki w Nounie jest przyk\u0142adem MOCY NADZIEI I AKTYWNEJ WIARY W BO\u017b\u0104 OPATRZNO\u015a\u0106. Po niefortunnym ataku na siostry w Kolonkoura sytuacja wydawa\u0142a si\u0119 tragiczna. Jednak to wyzwanie sta\u0142o si\u0119 bod\u017acem do konstruktywnego dzia\u0142ania. Spo\u0142eczno\u015b\u0107 parafialna, kierowana przez oddanego proboszcza, zapewni\u0142a niezb\u0119dne wsparcie, oferuj\u0105c sale lekcyjne na terenie parafii, umo\u017cliwiaj\u0105c szkole dalsze sprawne funkcjonowanie w latach akademickich 2021-2023.<\/p>\n\n\n\n<p>W obliczu znacznego braku bezpiecze\u0144stwa wiele rodzin stan\u0119\u0142o w obliczu wysiedlenia, a okoliczne parafie wraz ze swoimi katechetami zwr\u00f3ci\u0142y si\u0119 do Nouny o schronienie. W odpowiedzi na ten nap\u0142yw, proboszcz parafii skutecznie dostosowa\u0142 si\u0119 do tych dodatkowych potrzeb w istniej\u0105cych salach lekcyjnych. Kreatywne rozwi\u0105zania, w tym wykorzystanie plandeki do powi\u0119kszenia przestrzeni u\u017cytkowej, pokaza\u0142y zaradno\u015b\u0107 lokalnej spo\u0142eczno\u015bci w potrzebie.<\/p>\n\n\n\n<figure class=\"wp-block-image aligncenter size-large\"><img loading=\"lazy\" decoding=\"async\" width=\"1024\" height=\"576\" src=\"https:\/\/filles-de-la-charite.org\/wp-content\/uploads\/2025\/04\/WhatsApp-Image-2025-04-01-at-17.52.57-1024x576.jpeg\" alt=\"\" class=\"wp-image-42445\" srcset=\"https:\/\/filles-de-la-charite.org\/wp-content\/uploads\/2025\/04\/WhatsApp-Image-2025-04-01-at-17.52.57-1024x576.jpeg 1024w, https:\/\/filles-de-la-charite.org\/wp-content\/uploads\/2025\/04\/WhatsApp-Image-2025-04-01-at-17.52.57-980x551.jpeg 980w, https:\/\/filles-de-la-charite.org\/wp-content\/uploads\/2025\/04\/WhatsApp-Image-2025-04-01-at-17.52.57-480x270.jpeg 480w\" sizes=\"(min-width: 0px) and (max-width: 480px) 480px, (min-width: 481px) and (max-width: 980px) 980px, (min-width: 981px) 1024px, 100vw\" \/><\/figure>\n\n\n\n<p>Uznaj\u0105c d\u0142ugoterminowe potrzeby tamtejszej spo\u0142eczno\u015bci, biskup Joseph SAMA wni\u00f3s\u0142 znacz\u0105cy wk\u0142ad: zaoferowa\u0142 siostrom akr ziemi na odbudow\u0119 szko\u0142y w pobli\u017cu wsp\u00f3lnoty Mont Tabor w mie\u015bcie Nouna. Akt ten nie tylko zapewni\u0142 praktyczne rozwi\u0105zanie, ale tak\u017ce zaszczepi\u0142 w ich spo\u0142eczno\u015bci odnowione poczucie nadziei i celu.<\/p>\n\n\n\n<figure class=\"wp-block-image aligncenter size-large\"><img loading=\"lazy\" decoding=\"async\" width=\"1024\" height=\"576\" src=\"https:\/\/filles-de-la-charite.org\/wp-content\/uploads\/2025\/04\/WhatsApp-Image-2025-04-01-at-17.52.56-1024x576.jpeg\" alt=\"\" class=\"wp-image-42433\" srcset=\"https:\/\/filles-de-la-charite.org\/wp-content\/uploads\/2025\/04\/WhatsApp-Image-2025-04-01-at-17.52.56-1024x576.jpeg 1024w, https:\/\/filles-de-la-charite.org\/wp-content\/uploads\/2025\/04\/WhatsApp-Image-2025-04-01-at-17.52.56-980x551.jpeg 980w, https:\/\/filles-de-la-charite.org\/wp-content\/uploads\/2025\/04\/WhatsApp-Image-2025-04-01-at-17.52.56-480x270.jpeg 480w\" sizes=\"(min-width: 0px) and (max-width: 480px) 480px, (min-width: 481px) and (max-width: 980px) 980px, (min-width: 981px) 1024px, 100vw\" \/><\/figure>\n\n\n\n<p>Opieraj\u0105c si\u0119 na tej dynamice, szko\u0142a wykaza\u0142a si\u0119 niezwyk\u0142\u0105 wytrwa\u0142o\u015bci\u0105. Dzi\u0119ki inicjatywie Siostry Toyin Abegunde, SM, i wsparciu projektu African Action \u201eEquality from the Start\u201d, zrealizowano budow\u0119 budynku przedszkola, kt\u00f3ra zako\u0144czy\u0142a si\u0119 w lipcu 2023 roku. Ten nowy obiekt, obejmuj\u0105cy cztery sale lekcyjne i hol, s\u0142u\u017cy jako podstawa do wzrostu i rozwoju.<\/p>\n\n\n\n<figure class=\"wp-block-image aligncenter size-large\"><img loading=\"lazy\" decoding=\"async\" width=\"1024\" height=\"576\" src=\"https:\/\/filles-de-la-charite.org\/wp-content\/uploads\/2025\/04\/WhatsApp-Image-2025-04-01-at-17.52.57-1-1024x576.jpeg\" alt=\"\" class=\"wp-image-42439\" srcset=\"https:\/\/filles-de-la-charite.org\/wp-content\/uploads\/2025\/04\/WhatsApp-Image-2025-04-01-at-17.52.57-1-1024x576.jpeg 1024w, https:\/\/filles-de-la-charite.org\/wp-content\/uploads\/2025\/04\/WhatsApp-Image-2025-04-01-at-17.52.57-1-980x551.jpeg 980w, https:\/\/filles-de-la-charite.org\/wp-content\/uploads\/2025\/04\/WhatsApp-Image-2025-04-01-at-17.52.57-1-480x270.jpeg 480w\" sizes=\"(min-width: 0px) and (max-width: 480px) 480px, (min-width: 481px) and (max-width: 980px) 980px, (min-width: 981px) 1024px, 100vw\" \/><\/figure>\n\n\n\n<p>Rozpoczynaj\u0105c sesj\u0119 akademick\u0105 2023\/2024, cieszymy si\u0119, \u017ce mo\u017cemy wykorzysta\u0107 budynek przedszkola, umo\u017cliwiaj\u0105c wsp\u00f3\u0142prac\u0119 w \u015brodowisku, w kt\u00f3rym szko\u0142a podstawowa dzieli swoje sale lekcyjne. Budynek szko\u0142y podstawowej, sfinansowany w ramach projektu Missio, rozpocz\u0105\u0142 budow\u0119 w lipcu 2024 roku i zosta\u0142 uko\u0144czony w styczniu 2025 roku. Wsp\u00f3lna rado\u015b\u0107 si\u00f3str, dzieci, nauczycieli i rodzic\u00f3w, kt\u00f3rzy przyj\u0119li ten nowy pocz\u0105tek, jest pot\u0119\u017cnym \u015bwiadectwem tego, co mo\u017cna osi\u0105gn\u0105\u0107 dzi\u0119ki jedno\u015bci i wytrwa\u0142o\u015bci. Razem nie tylko odbudowujemy szko\u0142\u0119; wspieramy wsp\u00f3lnot\u0119, w kt\u00f3rej kwitnie nadzieja i potencja\u0142.<\/p>\n\n\n\n<figure class=\"wp-block-image aligncenter size-large\"><img loading=\"lazy\" decoding=\"async\" width=\"1024\" height=\"576\" src=\"https:\/\/filles-de-la-charite.org\/wp-content\/uploads\/2025\/04\/WhatsApp-Image-2025-04-01-at-17.52.56-1-1024x576.jpeg\" alt=\"\" class=\"wp-image-42451\" srcset=\"https:\/\/filles-de-la-charite.org\/wp-content\/uploads\/2025\/04\/WhatsApp-Image-2025-04-01-at-17.52.56-1-1024x576.jpeg 1024w, https:\/\/filles-de-la-charite.org\/wp-content\/uploads\/2025\/04\/WhatsApp-Image-2025-04-01-at-17.52.56-1-980x551.jpeg 980w, https:\/\/filles-de-la-charite.org\/wp-content\/uploads\/2025\/04\/WhatsApp-Image-2025-04-01-at-17.52.56-1-480x270.jpeg 480w\" sizes=\"(min-width: 0px) and (max-width: 480px) 480px, (min-width: 481px) and (max-width: 980px) 980px, (min-width: 981px) 1024px, 100vw\" \/><\/figure>\n","protected":false},"excerpt":{"rendered":"<p>Historia Integracyjnego Centrum Spo\u0142eczno-Edukacyjnego \u015aw. Ludwiki w Nounie jest przyk\u0142adem MOCY NADZIEI I AKTYWNEJ WIARY W BO\u017b\u0104 OPATRZNO\u015a\u0106. Po niefortunnym ataku na siostry w Kolonkoura sytuacja wydawa\u0142a si\u0119 tragiczna. Jednak to wyzwanie sta\u0142o si\u0119 bod\u017acem do konstruktywnego dzia\u0142ania. Spo\u0142eczno\u015b\u0107 parafialna, kierowana przez oddanego proboszcza, zapewni\u0142a niezb\u0119dne wsparcie, oferuj\u0105c sale lekcyjne na terenie parafii, umo\u017cliwiaj\u0105c szkole [&hellip;]<\/p>\n","protected":false},"author":5,"featured_media":42431,"comment_status":"closed","ping_status":"closed","sticky":false,"template":"","format":"standard","meta":{"_acf_changed":false,"_et_pb_use_builder":"","_et_pb_old_content":"","_et_gb_content_width":"","footnotes":"","_links_to":"","_links_to_target":""},"categories":[627],"tags":[],"class_list":["post-42473","post","type-post","status-publish","format-standard","has-post-thumbnail","hentry","category-nigeria-pl"],"acf":[],"yoast_head":"<!-- This site is optimized with the Yoast SEO plugin v27.5 - https:\/\/yoast.com\/product\/yoast-seo-wordpress\/ -->\n<title>Integracyjne Centrum Spo\u0142eczno-Edukacyjne \u015aw. Ludwiki w Nounie (CISESL): historia nadziei i wytrwa\u0142o\u015bci - Filles de la Charit\u00e9<\/title>\n<meta name=\"robots\" content=\"index, follow, max-snippet:-1, max-image-preview:large, max-video-preview:-1\" \/>\n<link rel=\"canonical\" href=\"https:\/\/filles-de-la-charite.org\/pl\/el-centro-inclusivo-socio-educativo-santa-luisa-de-nouna-cisesl-una-historia-de-esperanza-y-resiliencia\/\" \/>\n<meta property=\"og:locale\" content=\"pl_PL\" \/>\n<meta property=\"og:type\" content=\"article\" \/>\n<meta property=\"og:title\" content=\"Integracyjne Centrum Spo\u0142eczno-Edukacyjne \u015aw. Ludwiki w Nounie (CISESL): historia nadziei i wytrwa\u0142o\u015bci - Filles de la Charit\u00e9\" \/>\n<meta property=\"og:description\" content=\"Historia Integracyjnego Centrum Spo\u0142eczno-Edukacyjnego \u015aw. Ludwiki w Nounie jest przyk\u0142adem MOCY NADZIEI I AKTYWNEJ WIARY W BO\u017b\u0104 OPATRZNO\u015a\u0106. Po niefortunnym ataku na siostry w Kolonkoura sytuacja wydawa\u0142a si\u0119 tragiczna. Jednak to wyzwanie sta\u0142o si\u0119 bod\u017acem do konstruktywnego dzia\u0142ania. Spo\u0142eczno\u015b\u0107 parafialna, kierowana przez oddanego proboszcza, zapewni\u0142a niezb\u0119dne wsparcie, oferuj\u0105c sale lekcyjne na terenie parafii, umo\u017cliwiaj\u0105c szkole [&hellip;]\" \/>\n<meta property=\"og:url\" content=\"https:\/\/filles-de-la-charite.org\/pl\/el-centro-inclusivo-socio-educativo-santa-luisa-de-nouna-cisesl-una-historia-de-esperanza-y-resiliencia\/\" \/>\n<meta property=\"og:site_name\" content=\"Filles de la Charit\u00e9\" \/>\n<meta property=\"article:published_time\" content=\"2025-04-01T20:30:56+00:00\" \/>\n<meta property=\"article:modified_time\" content=\"2025-04-04T09:39:12+00:00\" \/>\n<meta property=\"og:image\" content=\"https:\/\/filles-de-la-charite.org\/wp-content\/uploads\/2025\/04\/WhatsApp-Image-2025-04-01-at-17.52.56-2.jpeg\" \/>\n\t<meta property=\"og:image:width\" content=\"1280\" \/>\n\t<meta property=\"og:image:height\" content=\"720\" \/>\n\t<meta property=\"og:image:type\" content=\"image\/jpeg\" \/>\n<meta name=\"author\" content=\"SOR MARTA\" \/>\n<meta name=\"twitter:card\" content=\"summary_large_image\" \/>\n<meta name=\"twitter:label1\" content=\"Napisane przez\" \/>\n\t<meta name=\"twitter:data1\" content=\"SOR MARTA\" \/>\n\t<meta name=\"twitter:label2\" content=\"Szacowany czas czytania\" \/>\n\t<meta name=\"twitter:data2\" content=\"3 minuty\" \/>\n<script type=\"application\/ld+json\" class=\"yoast-schema-graph\">{\"@context\":\"https:\\\/\\\/schema.org\",\"@graph\":[{\"@type\":\"Article\",\"@id\":\"https:\\\/\\\/filles-de-la-charite.org\\\/pl\\\/el-centro-inclusivo-socio-educativo-santa-luisa-de-nouna-cisesl-una-historia-de-esperanza-y-resiliencia\\\/#article\",\"isPartOf\":{\"@id\":\"https:\\\/\\\/filles-de-la-charite.org\\\/pl\\\/el-centro-inclusivo-socio-educativo-santa-luisa-de-nouna-cisesl-una-historia-de-esperanza-y-resiliencia\\\/\"},\"author\":{\"name\":\"SOR MARTA\",\"@id\":\"https:\\\/\\\/filles-de-la-charite.org\\\/pl\\\/#\\\/schema\\\/person\\\/0c922b6ca71280639858d297b3a7209f\"},\"headline\":\"Integracyjne Centrum Spo\u0142eczno-Edukacyjne \u015aw. Ludwiki w Nounie (CISESL): historia nadziei i wytrwa\u0142o\u015bci\",\"datePublished\":\"2025-04-01T20:30:56+00:00\",\"dateModified\":\"2025-04-04T09:39:12+00:00\",\"mainEntityOfPage\":{\"@id\":\"https:\\\/\\\/filles-de-la-charite.org\\\/pl\\\/el-centro-inclusivo-socio-educativo-santa-luisa-de-nouna-cisesl-una-historia-de-esperanza-y-resiliencia\\\/\"},\"wordCount\":382,\"publisher\":{\"@id\":\"https:\\\/\\\/filles-de-la-charite.org\\\/pl\\\/#organization\"},\"image\":{\"@id\":\"https:\\\/\\\/filles-de-la-charite.org\\\/pl\\\/el-centro-inclusivo-socio-educativo-santa-luisa-de-nouna-cisesl-una-historia-de-esperanza-y-resiliencia\\\/#primaryimage\"},\"thumbnailUrl\":\"https:\\\/\\\/filles-de-la-charite.org\\\/wp-content\\\/uploads\\\/2025\\\/04\\\/WhatsApp-Image-2025-04-01-at-17.52.56-2.jpeg\",\"articleSection\":[\"Nigeria\"],\"inLanguage\":\"pl-PL\"},{\"@type\":\"WebPage\",\"@id\":\"https:\\\/\\\/filles-de-la-charite.org\\\/pl\\\/el-centro-inclusivo-socio-educativo-santa-luisa-de-nouna-cisesl-una-historia-de-esperanza-y-resiliencia\\\/\",\"url\":\"https:\\\/\\\/filles-de-la-charite.org\\\/pl\\\/el-centro-inclusivo-socio-educativo-santa-luisa-de-nouna-cisesl-una-historia-de-esperanza-y-resiliencia\\\/\",\"name\":\"Integracyjne Centrum Spo\u0142eczno-Edukacyjne \u015aw. Ludwiki w Nounie (CISESL): historia nadziei i wytrwa\u0142o\u015bci - Filles de la Charit\u00e9\",\"isPartOf\":{\"@id\":\"https:\\\/\\\/filles-de-la-charite.org\\\/pl\\\/#website\"},\"primaryImageOfPage\":{\"@id\":\"https:\\\/\\\/filles-de-la-charite.org\\\/pl\\\/el-centro-inclusivo-socio-educativo-santa-luisa-de-nouna-cisesl-una-historia-de-esperanza-y-resiliencia\\\/#primaryimage\"},\"image\":{\"@id\":\"https:\\\/\\\/filles-de-la-charite.org\\\/pl\\\/el-centro-inclusivo-socio-educativo-santa-luisa-de-nouna-cisesl-una-historia-de-esperanza-y-resiliencia\\\/#primaryimage\"},\"thumbnailUrl\":\"https:\\\/\\\/filles-de-la-charite.org\\\/wp-content\\\/uploads\\\/2025\\\/04\\\/WhatsApp-Image-2025-04-01-at-17.52.56-2.jpeg\",\"datePublished\":\"2025-04-01T20:30:56+00:00\",\"dateModified\":\"2025-04-04T09:39:12+00:00\",\"breadcrumb\":{\"@id\":\"https:\\\/\\\/filles-de-la-charite.org\\\/pl\\\/el-centro-inclusivo-socio-educativo-santa-luisa-de-nouna-cisesl-una-historia-de-esperanza-y-resiliencia\\\/#breadcrumb\"},\"inLanguage\":\"pl-PL\",\"potentialAction\":[{\"@type\":\"ReadAction\",\"target\":[\"https:\\\/\\\/filles-de-la-charite.org\\\/pl\\\/el-centro-inclusivo-socio-educativo-santa-luisa-de-nouna-cisesl-una-historia-de-esperanza-y-resiliencia\\\/\"]}]},{\"@type\":\"ImageObject\",\"inLanguage\":\"pl-PL\",\"@id\":\"https:\\\/\\\/filles-de-la-charite.org\\\/pl\\\/el-centro-inclusivo-socio-educativo-santa-luisa-de-nouna-cisesl-una-historia-de-esperanza-y-resiliencia\\\/#primaryimage\",\"url\":\"https:\\\/\\\/filles-de-la-charite.org\\\/wp-content\\\/uploads\\\/2025\\\/04\\\/WhatsApp-Image-2025-04-01-at-17.52.56-2.jpeg\",\"contentUrl\":\"https:\\\/\\\/filles-de-la-charite.org\\\/wp-content\\\/uploads\\\/2025\\\/04\\\/WhatsApp-Image-2025-04-01-at-17.52.56-2.jpeg\",\"width\":1280,\"height\":720},{\"@type\":\"BreadcrumbList\",\"@id\":\"https:\\\/\\\/filles-de-la-charite.org\\\/pl\\\/el-centro-inclusivo-socio-educativo-santa-luisa-de-nouna-cisesl-una-historia-de-esperanza-y-resiliencia\\\/#breadcrumb\",\"itemListElement\":[{\"@type\":\"ListItem\",\"position\":1,\"name\":\"Nigeria\",\"item\":\"https:\\\/\\\/filles-de-la-charite.org\\\/pl\\\/category\\\/nigeria-pl\\\/\"},{\"@type\":\"ListItem\",\"position\":2,\"name\":\"Integracyjne Centrum Spo\u0142eczno-Edukacyjne \u015aw. Ludwiki w Nounie (CISESL): historia nadziei i wytrwa\u0142o\u015bci\"}]},{\"@type\":\"WebSite\",\"@id\":\"https:\\\/\\\/filles-de-la-charite.org\\\/pl\\\/#website\",\"url\":\"https:\\\/\\\/filles-de-la-charite.org\\\/pl\\\/\",\"name\":\"Hijas de la Caridad\",\"description\":\"L\u2019amour de J\u00e9sus nous presse \u00e0 prendre soin des personnes les plus d\u00e9munies\",\"publisher\":{\"@id\":\"https:\\\/\\\/filles-de-la-charite.org\\\/pl\\\/#organization\"},\"potentialAction\":[{\"@type\":\"SearchAction\",\"target\":{\"@type\":\"EntryPoint\",\"urlTemplate\":\"https:\\\/\\\/filles-de-la-charite.org\\\/pl\\\/?s={search_term_string}\"},\"query-input\":{\"@type\":\"PropertyValueSpecification\",\"valueRequired\":true,\"valueName\":\"search_term_string\"}}],\"inLanguage\":\"pl-PL\"},{\"@type\":\"Organization\",\"@id\":\"https:\\\/\\\/filles-de-la-charite.org\\\/pl\\\/#organization\",\"name\":\"Hijas de la Caridad\",\"url\":\"https:\\\/\\\/filles-de-la-charite.org\\\/pl\\\/\",\"logo\":{\"@type\":\"ImageObject\",\"inLanguage\":\"pl-PL\",\"@id\":\"https:\\\/\\\/filles-de-la-charite.org\\\/pl\\\/#\\\/schema\\\/logo\\\/image\\\/\",\"url\":\"https:\\\/\\\/filles-de-la-charite.org\\\/wp-content\\\/uploads\\\/2023\\\/03\\\/isotipo-Hijas-de-la-Caridad.png\",\"contentUrl\":\"https:\\\/\\\/filles-de-la-charite.org\\\/wp-content\\\/uploads\\\/2023\\\/03\\\/isotipo-Hijas-de-la-Caridad.png\",\"width\":1417,\"height\":1417,\"caption\":\"Hijas de la Caridad\"},\"image\":{\"@id\":\"https:\\\/\\\/filles-de-la-charite.org\\\/pl\\\/#\\\/schema\\\/logo\\\/image\\\/\"}},{\"@type\":\"Person\",\"@id\":\"https:\\\/\\\/filles-de-la-charite.org\\\/pl\\\/#\\\/schema\\\/person\\\/0c922b6ca71280639858d297b3a7209f\",\"name\":\"SOR MARTA\",\"image\":{\"@type\":\"ImageObject\",\"inLanguage\":\"pl-PL\",\"@id\":\"https:\\\/\\\/secure.gravatar.com\\\/avatar\\\/d2c45b0fd6bf2d3e2670ab3d112257c24ac80fa960360bba1bdc0676485d1d09?s=96&d=mm&r=g\",\"url\":\"https:\\\/\\\/secure.gravatar.com\\\/avatar\\\/d2c45b0fd6bf2d3e2670ab3d112257c24ac80fa960360bba1bdc0676485d1d09?s=96&d=mm&r=g\",\"contentUrl\":\"https:\\\/\\\/secure.gravatar.com\\\/avatar\\\/d2c45b0fd6bf2d3e2670ab3d112257c24ac80fa960360bba1bdc0676485d1d09?s=96&d=mm&r=g\",\"caption\":\"SOR MARTA\"},\"url\":\"https:\\\/\\\/filles-de-la-charite.org\\\/pl\\\/author\\\/martaemn\\\/\"}]}<\/script>\n<!-- \/ Yoast SEO plugin. -->","yoast_head_json":{"title":"Integracyjne Centrum Spo\u0142eczno-Edukacyjne \u015aw. Ludwiki w Nounie (CISESL): historia nadziei i wytrwa\u0142o\u015bci - Filles de la Charit\u00e9","robots":{"index":"index","follow":"follow","max-snippet":"max-snippet:-1","max-image-preview":"max-image-preview:large","max-video-preview":"max-video-preview:-1"},"canonical":"https:\/\/filles-de-la-charite.org\/pl\/el-centro-inclusivo-socio-educativo-santa-luisa-de-nouna-cisesl-una-historia-de-esperanza-y-resiliencia\/","og_locale":"pl_PL","og_type":"article","og_title":"Integracyjne Centrum Spo\u0142eczno-Edukacyjne \u015aw. Ludwiki w Nounie (CISESL): historia nadziei i wytrwa\u0142o\u015bci - Filles de la Charit\u00e9","og_description":"Historia Integracyjnego Centrum Spo\u0142eczno-Edukacyjnego \u015aw. Ludwiki w Nounie jest przyk\u0142adem MOCY NADZIEI I AKTYWNEJ WIARY W BO\u017b\u0104 OPATRZNO\u015a\u0106. Po niefortunnym ataku na siostry w Kolonkoura sytuacja wydawa\u0142a si\u0119 tragiczna. Jednak to wyzwanie sta\u0142o si\u0119 bod\u017acem do konstruktywnego dzia\u0142ania. Spo\u0142eczno\u015b\u0107 parafialna, kierowana przez oddanego proboszcza, zapewni\u0142a niezb\u0119dne wsparcie, oferuj\u0105c sale lekcyjne na terenie parafii, umo\u017cliwiaj\u0105c szkole [&hellip;]","og_url":"https:\/\/filles-de-la-charite.org\/pl\/el-centro-inclusivo-socio-educativo-santa-luisa-de-nouna-cisesl-una-historia-de-esperanza-y-resiliencia\/","og_site_name":"Filles de la Charit\u00e9","article_published_time":"2025-04-01T20:30:56+00:00","article_modified_time":"2025-04-04T09:39:12+00:00","og_image":[{"width":1280,"height":720,"url":"https:\/\/filles-de-la-charite.org\/wp-content\/uploads\/2025\/04\/WhatsApp-Image-2025-04-01-at-17.52.56-2.jpeg","type":"image\/jpeg"}],"author":"SOR MARTA","twitter_card":"summary_large_image","twitter_misc":{"Napisane przez":"SOR MARTA","Szacowany czas czytania":"3 minuty"},"schema":{"@context":"https:\/\/schema.org","@graph":[{"@type":"Article","@id":"https:\/\/filles-de-la-charite.org\/pl\/el-centro-inclusivo-socio-educativo-santa-luisa-de-nouna-cisesl-una-historia-de-esperanza-y-resiliencia\/#article","isPartOf":{"@id":"https:\/\/filles-de-la-charite.org\/pl\/el-centro-inclusivo-socio-educativo-santa-luisa-de-nouna-cisesl-una-historia-de-esperanza-y-resiliencia\/"},"author":{"name":"SOR MARTA","@id":"https:\/\/filles-de-la-charite.org\/pl\/#\/schema\/person\/0c922b6ca71280639858d297b3a7209f"},"headline":"Integracyjne Centrum Spo\u0142eczno-Edukacyjne \u015aw. Ludwiki w Nounie (CISESL): historia nadziei i wytrwa\u0142o\u015bci","datePublished":"2025-04-01T20:30:56+00:00","dateModified":"2025-04-04T09:39:12+00:00","mainEntityOfPage":{"@id":"https:\/\/filles-de-la-charite.org\/pl\/el-centro-inclusivo-socio-educativo-santa-luisa-de-nouna-cisesl-una-historia-de-esperanza-y-resiliencia\/"},"wordCount":382,"publisher":{"@id":"https:\/\/filles-de-la-charite.org\/pl\/#organization"},"image":{"@id":"https:\/\/filles-de-la-charite.org\/pl\/el-centro-inclusivo-socio-educativo-santa-luisa-de-nouna-cisesl-una-historia-de-esperanza-y-resiliencia\/#primaryimage"},"thumbnailUrl":"https:\/\/filles-de-la-charite.org\/wp-content\/uploads\/2025\/04\/WhatsApp-Image-2025-04-01-at-17.52.56-2.jpeg","articleSection":["Nigeria"],"inLanguage":"pl-PL"},{"@type":"WebPage","@id":"https:\/\/filles-de-la-charite.org\/pl\/el-centro-inclusivo-socio-educativo-santa-luisa-de-nouna-cisesl-una-historia-de-esperanza-y-resiliencia\/","url":"https:\/\/filles-de-la-charite.org\/pl\/el-centro-inclusivo-socio-educativo-santa-luisa-de-nouna-cisesl-una-historia-de-esperanza-y-resiliencia\/","name":"Integracyjne Centrum Spo\u0142eczno-Edukacyjne \u015aw. Ludwiki w Nounie (CISESL): historia nadziei i wytrwa\u0142o\u015bci - Filles de la Charit\u00e9","isPartOf":{"@id":"https:\/\/filles-de-la-charite.org\/pl\/#website"},"primaryImageOfPage":{"@id":"https:\/\/filles-de-la-charite.org\/pl\/el-centro-inclusivo-socio-educativo-santa-luisa-de-nouna-cisesl-una-historia-de-esperanza-y-resiliencia\/#primaryimage"},"image":{"@id":"https:\/\/filles-de-la-charite.org\/pl\/el-centro-inclusivo-socio-educativo-santa-luisa-de-nouna-cisesl-una-historia-de-esperanza-y-resiliencia\/#primaryimage"},"thumbnailUrl":"https:\/\/filles-de-la-charite.org\/wp-content\/uploads\/2025\/04\/WhatsApp-Image-2025-04-01-at-17.52.56-2.jpeg","datePublished":"2025-04-01T20:30:56+00:00","dateModified":"2025-04-04T09:39:12+00:00","breadcrumb":{"@id":"https:\/\/filles-de-la-charite.org\/pl\/el-centro-inclusivo-socio-educativo-santa-luisa-de-nouna-cisesl-una-historia-de-esperanza-y-resiliencia\/#breadcrumb"},"inLanguage":"pl-PL","potentialAction":[{"@type":"ReadAction","target":["https:\/\/filles-de-la-charite.org\/pl\/el-centro-inclusivo-socio-educativo-santa-luisa-de-nouna-cisesl-una-historia-de-esperanza-y-resiliencia\/"]}]},{"@type":"ImageObject","inLanguage":"pl-PL","@id":"https:\/\/filles-de-la-charite.org\/pl\/el-centro-inclusivo-socio-educativo-santa-luisa-de-nouna-cisesl-una-historia-de-esperanza-y-resiliencia\/#primaryimage","url":"https:\/\/filles-de-la-charite.org\/wp-content\/uploads\/2025\/04\/WhatsApp-Image-2025-04-01-at-17.52.56-2.jpeg","contentUrl":"https:\/\/filles-de-la-charite.org\/wp-content\/uploads\/2025\/04\/WhatsApp-Image-2025-04-01-at-17.52.56-2.jpeg","width":1280,"height":720},{"@type":"BreadcrumbList","@id":"https:\/\/filles-de-la-charite.org\/pl\/el-centro-inclusivo-socio-educativo-santa-luisa-de-nouna-cisesl-una-historia-de-esperanza-y-resiliencia\/#breadcrumb","itemListElement":[{"@type":"ListItem","position":1,"name":"Nigeria","item":"https:\/\/filles-de-la-charite.org\/pl\/category\/nigeria-pl\/"},{"@type":"ListItem","position":2,"name":"Integracyjne Centrum Spo\u0142eczno-Edukacyjne \u015aw. Ludwiki w Nounie (CISESL): historia nadziei i wytrwa\u0142o\u015bci"}]},{"@type":"WebSite","@id":"https:\/\/filles-de-la-charite.org\/pl\/#website","url":"https:\/\/filles-de-la-charite.org\/pl\/","name":"Hijas de la Caridad","description":"L\u2019amour de J\u00e9sus nous presse \u00e0 prendre soin des personnes les plus d\u00e9munies","publisher":{"@id":"https:\/\/filles-de-la-charite.org\/pl\/#organization"},"potentialAction":[{"@type":"SearchAction","target":{"@type":"EntryPoint","urlTemplate":"https:\/\/filles-de-la-charite.org\/pl\/?s={search_term_string}"},"query-input":{"@type":"PropertyValueSpecification","valueRequired":true,"valueName":"search_term_string"}}],"inLanguage":"pl-PL"},{"@type":"Organization","@id":"https:\/\/filles-de-la-charite.org\/pl\/#organization","name":"Hijas de la Caridad","url":"https:\/\/filles-de-la-charite.org\/pl\/","logo":{"@type":"ImageObject","inLanguage":"pl-PL","@id":"https:\/\/filles-de-la-charite.org\/pl\/#\/schema\/logo\/image\/","url":"https:\/\/filles-de-la-charite.org\/wp-content\/uploads\/2023\/03\/isotipo-Hijas-de-la-Caridad.png","contentUrl":"https:\/\/filles-de-la-charite.org\/wp-content\/uploads\/2023\/03\/isotipo-Hijas-de-la-Caridad.png","width":1417,"height":1417,"caption":"Hijas de la Caridad"},"image":{"@id":"https:\/\/filles-de-la-charite.org\/pl\/#\/schema\/logo\/image\/"}},{"@type":"Person","@id":"https:\/\/filles-de-la-charite.org\/pl\/#\/schema\/person\/0c922b6ca71280639858d297b3a7209f","name":"SOR MARTA","image":{"@type":"ImageObject","inLanguage":"pl-PL","@id":"https:\/\/secure.gravatar.com\/avatar\/d2c45b0fd6bf2d3e2670ab3d112257c24ac80fa960360bba1bdc0676485d1d09?s=96&d=mm&r=g","url":"https:\/\/secure.gravatar.com\/avatar\/d2c45b0fd6bf2d3e2670ab3d112257c24ac80fa960360bba1bdc0676485d1d09?s=96&d=mm&r=g","contentUrl":"https:\/\/secure.gravatar.com\/avatar\/d2c45b0fd6bf2d3e2670ab3d112257c24ac80fa960360bba1bdc0676485d1d09?s=96&d=mm&r=g","caption":"SOR MARTA"},"url":"https:\/\/filles-de-la-charite.org\/pl\/author\/martaemn\/"}]}},"_links":{"self":[{"href":"https:\/\/filles-de-la-charite.org\/pl\/wp-json\/wp\/v2\/posts\/42473","targetHints":{"allow":["GET"]}}],"collection":[{"href":"https:\/\/filles-de-la-charite.org\/pl\/wp-json\/wp\/v2\/posts"}],"about":[{"href":"https:\/\/filles-de-la-charite.org\/pl\/wp-json\/wp\/v2\/types\/post"}],"author":[{"embeddable":true,"href":"https:\/\/filles-de-la-charite.org\/pl\/wp-json\/wp\/v2\/users\/5"}],"replies":[{"embeddable":true,"href":"https:\/\/filles-de-la-charite.org\/pl\/wp-json\/wp\/v2\/comments?post=42473"}],"version-history":[{"count":1,"href":"https:\/\/filles-de-la-charite.org\/pl\/wp-json\/wp\/v2\/posts\/42473\/revisions"}],"predecessor-version":[{"id":42474,"href":"https:\/\/filles-de-la-charite.org\/pl\/wp-json\/wp\/v2\/posts\/42473\/revisions\/42474"}],"wp:featuredmedia":[{"embeddable":true,"href":"https:\/\/filles-de-la-charite.org\/pl\/wp-json\/wp\/v2\/media\/42431"}],"wp:attachment":[{"href":"https:\/\/filles-de-la-charite.org\/pl\/wp-json\/wp\/v2\/media?parent=42473"}],"wp:term":[{"taxonomy":"category","embeddable":true,"href":"https:\/\/filles-de-la-charite.org\/pl\/wp-json\/wp\/v2\/categories?post=42473"},{"taxonomy":"post_tag","embeddable":true,"href":"https:\/\/filles-de-la-charite.org\/pl\/wp-json\/wp\/v2\/tags?post=42473"}],"curies":[{"name":"wp","href":"https:\/\/api.w.org\/{rel}","templated":true}]}}