{"id":42540,"date":"2025-04-10T20:56:00","date_gmt":"2025-04-10T18:56:00","guid":{"rendered":"https:\/\/filles-de-la-charite.org\/?p=42540"},"modified":"2025-04-10T20:36:31","modified_gmt":"2025-04-10T18:36:31","slug":"iniciativa-impulsada-por-la-comunidad-para-plantar-100-millones-de-arboles-autoctonos-irlandeses-en-toda-irlanda","status":"publish","type":"post","link":"https:\/\/filles-de-la-charite.org\/pl\/iniciativa-impulsada-por-la-comunidad-para-plantar-100-millones-de-arboles-autoctonos-irlandeses-en-toda-irlanda\/","title":{"rendered":"Inicjatywa spo\u0142eczno\u015bci lokalnych maj\u0105ca na celu zasadzenie 100 milion\u00f3w rdzennych irlandzkich drzew w ca\u0142ej Irlandii"},"content":{"rendered":"\n<p>Siostry Mi\u0142osierdzia z dum\u0105 do\u0142\u0105czy\u0142y do inicjatywy kierowanej przez lokaln\u0105 spo\u0142eczno\u015b\u0107, kt\u00f3ra odzwierciedla ich g\u0142\u0119bokie zaanga\u017cowanie w ekologi\u0119 i dba\u0142o\u015b\u0107 o nasze \u015brodowisko.<\/p>\n\n\n\n<p>Projekt 100 Milion\u00f3w Drzew, prowadzony przez pe\u0142nych pasji Richarda, Davida i Tin\u0119 Mulcahy, ma na celu posadzenie zdumiewaj\u0105cej liczby 100 milion\u00f3w rodzimych irlandzkich drzew na ca\u0142ej pi\u0119knej wyspie Irlandii w ci\u0105gu nast\u0119pnej dekady. W tym znacz\u0105cym wysi\u0142ku nie chodzi tylko o zwi\u0119kszenie populacji rodzimych drzew; chodzi o wzbogacenie naszej r\u00f3\u017cnorodno\u015bci biologicznej i przyczynienie si\u0119 do walki z emisj\u0105 dwutlenku w\u0119gla, zapewniaj\u0105c zdrowsz\u0105 planet\u0119 dla przysz\u0142ych pokole\u0144.<\/p>\n\n\n\n<figure class=\"wp-block-image aligncenter size-full\"><img loading=\"lazy\" decoding=\"async\" width=\"602\" height=\"342\" src=\"https:\/\/filles-de-la-charite.org\/wp-content\/uploads\/2025\/04\/Imagen1.png\" alt=\"\" class=\"wp-image-42523\" srcset=\"https:\/\/filles-de-la-charite.org\/wp-content\/uploads\/2025\/04\/Imagen1.png 602w, https:\/\/filles-de-la-charite.org\/wp-content\/uploads\/2025\/04\/Imagen1-480x273.png 480w\" sizes=\"(min-width: 0px) and (max-width: 480px) 480px, (min-width: 481px) 602px, 100vw\" \/><\/figure>\n\n\n\n<p>Z rado\u015bci\u0105 informujemy, \u017ce 19 marca 2025 r. rozpocz\u0119li\u015bmy znacz\u0105cy projekt sadzenia do 2500 rodzimych irlandzkich drzew w mini lasach na terenach o powierzchni \u00bc akra w St. Catherines, Dunardagh, Temple Hill i Blackrock, Co. Dublin, we wsp\u00f3\u0142pracy z naszym sponsorem, UNIPHAR.<\/p>\n\n\n\n<p>Poni\u017cej znajduje si\u0119 lista 2500 drzew posadzonych w tym miejscu: dzika wi\u015bnia, czeremcha zwyczajna, tarnina, r\u00f3\u017ca dzika, jab\u0142o\u0144 kraba, olsza pospolita, brzoza brodawkowata, d\u0105b, g\u0142\u00f3g\/jarz\u0105b pospolity, sosna zwyczajna, jarz\u0119bina, leszczyna, wrzeciono.<\/p>\n\n\n\n<p>Wykorzystuj\u0105c innowacyjn\u0105 metod\u0119 Miyawaki, opracowan\u0105 przez japo\u0144skiego botanika profesora Akir\u0119 Miyawaki w latach 70-tych XX wieku, d\u0105\u017cymy do przywr\u00f3cenia i odm\u0142odzenia naszego \u015brodowiska. Technika ta okaza\u0142a si\u0119 niezwykle skuteczna w o\u017cywianiu zdegradowanych teren\u00f3w, a nasz\u0105 inspiracj\u0105 jest 3000 mini las\u00f3w, kt\u00f3re obecnie kwitn\u0105 na ca\u0142ym \u015bwiecie. Pracujmy razem nad bardziej ekologiczn\u0105 i zdrowsz\u0105 przysz\u0142o\u015bci\u0105 naszej planety.<\/p>\n\n\n\n<figure class=\"wp-block-image aligncenter size-full\"><img loading=\"lazy\" decoding=\"async\" width=\"602\" height=\"342\" src=\"https:\/\/filles-de-la-charite.org\/wp-content\/uploads\/2025\/04\/Imagen2.png\" alt=\"\" class=\"wp-image-42529\" srcset=\"https:\/\/filles-de-la-charite.org\/wp-content\/uploads\/2025\/04\/Imagen2.png 602w, https:\/\/filles-de-la-charite.org\/wp-content\/uploads\/2025\/04\/Imagen2-480x273.png 480w\" sizes=\"(min-width: 0px) and (max-width: 480px) 480px, (min-width: 481px) 602px, 100vw\" \/><\/figure>\n\n\n\n<p>Sadz\u0105c drzewa w bliskiej odleg\u0142o\u015bci, metoda Miyawaki zach\u0119ca do szybkiego wzrostu i znacznie zwi\u0119ksza bior\u00f3\u017cnorodno\u015b\u0107, jednocze\u015bnie tworz\u0105c skuteczne poch\u0142aniacze dwutlenku w\u0119gla. Podej\u015bcie to pozwala nam w pe\u0142ni wykorzysta\u0107 ma\u0142e, cz\u0119sto nieu\u017cywane dzia\u0142ki w ca\u0142ej Irlandii, przekszta\u0142caj\u0105c je w bujne tereny zielone.<\/p>\n\n\n\n<figure class=\"wp-block-image aligncenter size-full\"><img loading=\"lazy\" decoding=\"async\" width=\"602\" height=\"333\" src=\"https:\/\/filles-de-la-charite.org\/wp-content\/uploads\/2025\/04\/Imagen3.png\" alt=\"\" class=\"wp-image-42517\" srcset=\"https:\/\/filles-de-la-charite.org\/wp-content\/uploads\/2025\/04\/Imagen3.png 602w, https:\/\/filles-de-la-charite.org\/wp-content\/uploads\/2025\/04\/Imagen3-480x266.png 480w\" sizes=\"(min-width: 0px) and (max-width: 480px) 480px, (min-width: 481px) 602px, 100vw\" \/><\/figure>\n\n\n\n<p>Je\u015bli czujesz si\u0119 zainspirowany, aby sta\u0107 si\u0119 cz\u0119\u015bci\u0105 tego projektu i masz dost\u0119p do odpowiedniego terenu o powierzchni \u00bc akra na mini las, z przyjemno\u015bci\u0105 wesprzemy Ci\u0119, przekazuj\u0105c drzewa i sadz\u0105c mini las bez \u017cadnych koszt\u00f3w. Wystarczy klikn\u0105\u0107 na ten link https:\/\/100milliontreesproject.ie\/sites\/.<\/p>\n\n\n\n<p>Wyra\u017camy nasz\u0105 serdeczn\u0105 wdzi\u0119czno\u015b\u0107 Siostrom Mi\u0142osierdzia za ich nieoceniony wk\u0142ad w zasadzenie wspania\u0142ego mini-lasu rodzimych irlandzkich drzew w sercu miejskiego Blackrock, co jest istotnym krokiem w walce ze zmianami klimatycznymi. Specjalne podzi\u0119kowania dla Siostry Eileen za jej niezachwiany entuzjazm i wiar\u0119 w ten projekt, wraz z Siostrami Marie, Olivi\u0105, Eil\u00eds, Mary W., Bernadette, Christin\u0105, Ann\u0105, Geraldine, \u00c1ine MacNamara oraz Siostrami z Dunardagh i Labour\u00e9 House, kt\u00f3re wspiera\u0142y projekt swoimi modlitwami. Chcieliby\u015bmy r\u00f3wnie\u017c podzi\u0119kowa\u0107 Alanowi Andrewsowi i Stephenowi Traceyowi za ich staranne przygotowanie terenu, a tak\u017ce oddanym plantatorom drzew z Forestry Services &#8211; g\u0142\u0119boko doceniamy Wasze wysi\u0142ki. Dzi\u0119kujemy wszystkim za wiar\u0119 i wsparcie tej wa\u017cnej sprawy!<\/p>\n\n\n\n<p><\/p>\n\n\n\n<figure class=\"wp-block-embed aligncenter is-type-video is-provider-youtube wp-block-embed-youtube wp-embed-aspect-16-9 wp-has-aspect-ratio\"><div class=\"wp-block-embed__wrapper\">\n<iframe loading=\"lazy\" title=\"Daughters of Charity Blackrock plant a mini-forest\" width=\"1080\" height=\"608\" src=\"https:\/\/www.youtube.com\/embed\/oUsqwJeJW2w?feature=oembed\"  allow=\"accelerometer; autoplay; clipboard-write; encrypted-media; gyroscope; picture-in-picture; web-share\" referrerpolicy=\"strict-origin-when-cross-origin\" allowfullscreen><\/iframe>\n<\/div><\/figure>\n","protected":false},"excerpt":{"rendered":"<p>Siostry Mi\u0142osierdzia z dum\u0105 do\u0142\u0105czy\u0142y do inicjatywy kierowanej przez lokaln\u0105 spo\u0142eczno\u015b\u0107, kt\u00f3ra odzwierciedla ich g\u0142\u0119bokie zaanga\u017cowanie w ekologi\u0119 i dba\u0142o\u015b\u0107 o nasze \u015brodowisko. Projekt 100 Milion\u00f3w Drzew, prowadzony przez pe\u0142nych pasji Richarda, Davida i Tin\u0119 Mulcahy, ma na celu posadzenie zdumiewaj\u0105cej liczby 100 milion\u00f3w rodzimych irlandzkich drzew na ca\u0142ej pi\u0119knej wyspie Irlandii w ci\u0105gu nast\u0119pnej [&hellip;]<\/p>\n","protected":false},"author":5,"featured_media":42515,"comment_status":"closed","ping_status":"closed","sticky":false,"template":"","format":"standard","meta":{"_acf_changed":false,"_et_pb_use_builder":"","_et_pb_old_content":"","_et_gb_content_width":"","footnotes":"","_links_to":"","_links_to_target":""},"categories":[513],"tags":[],"class_list":["post-42540","post","type-post","status-publish","format-standard","has-post-thumbnail","hentry","category-irlandia"],"acf":[],"yoast_head":"<!-- This site is optimized with the Yoast SEO plugin v27.5 - https:\/\/yoast.com\/product\/yoast-seo-wordpress\/ -->\n<title>Inicjatywa spo\u0142eczno\u015bci lokalnych maj\u0105ca na celu zasadzenie 100 milion\u00f3w rdzennych irlandzkich drzew w ca\u0142ej Irlandii - Filles de la Charit\u00e9<\/title>\n<meta name=\"robots\" content=\"index, follow, max-snippet:-1, max-image-preview:large, max-video-preview:-1\" \/>\n<link rel=\"canonical\" href=\"https:\/\/filles-de-la-charite.org\/pl\/iniciativa-impulsada-por-la-comunidad-para-plantar-100-millones-de-arboles-autoctonos-irlandeses-en-toda-irlanda\/\" \/>\n<meta property=\"og:locale\" content=\"pl_PL\" \/>\n<meta property=\"og:type\" content=\"article\" \/>\n<meta property=\"og:title\" content=\"Inicjatywa spo\u0142eczno\u015bci lokalnych maj\u0105ca na celu zasadzenie 100 milion\u00f3w rdzennych irlandzkich drzew w ca\u0142ej Irlandii - Filles de la Charit\u00e9\" \/>\n<meta property=\"og:description\" content=\"Siostry Mi\u0142osierdzia z dum\u0105 do\u0142\u0105czy\u0142y do inicjatywy kierowanej przez lokaln\u0105 spo\u0142eczno\u015b\u0107, kt\u00f3ra odzwierciedla ich g\u0142\u0119bokie zaanga\u017cowanie w ekologi\u0119 i dba\u0142o\u015b\u0107 o nasze \u015brodowisko. Projekt 100 Milion\u00f3w Drzew, prowadzony przez pe\u0142nych pasji Richarda, Davida i Tin\u0119 Mulcahy, ma na celu posadzenie zdumiewaj\u0105cej liczby 100 milion\u00f3w rodzimych irlandzkich drzew na ca\u0142ej pi\u0119knej wyspie Irlandii w ci\u0105gu nast\u0119pnej [&hellip;]\" \/>\n<meta property=\"og:url\" content=\"https:\/\/filles-de-la-charite.org\/pl\/iniciativa-impulsada-por-la-comunidad-para-plantar-100-millones-de-arboles-autoctonos-irlandeses-en-toda-irlanda\/\" \/>\n<meta property=\"og:site_name\" content=\"Filles de la Charit\u00e9\" \/>\n<meta property=\"article:published_time\" content=\"2025-04-10T18:56:00+00:00\" \/>\n<meta property=\"og:image\" content=\"https:\/\/filles-de-la-charite.org\/wp-content\/uploads\/2025\/04\/thumbnail-news-Ireland-scaled.jpg\" \/>\n\t<meta property=\"og:image:width\" content=\"2560\" \/>\n\t<meta property=\"og:image:height\" content=\"1440\" \/>\n\t<meta property=\"og:image:type\" content=\"image\/jpeg\" \/>\n<meta name=\"author\" content=\"SOR MARTA\" \/>\n<meta name=\"twitter:card\" content=\"summary_large_image\" \/>\n<meta name=\"twitter:label1\" content=\"Napisane przez\" \/>\n\t<meta name=\"twitter:data1\" content=\"SOR MARTA\" \/>\n\t<meta name=\"twitter:label2\" content=\"Szacowany czas czytania\" \/>\n\t<meta name=\"twitter:data2\" content=\"4 minuty\" \/>\n<script type=\"application\/ld+json\" class=\"yoast-schema-graph\">{\"@context\":\"https:\\\/\\\/schema.org\",\"@graph\":[{\"@type\":\"Article\",\"@id\":\"https:\\\/\\\/filles-de-la-charite.org\\\/pl\\\/iniciativa-impulsada-por-la-comunidad-para-plantar-100-millones-de-arboles-autoctonos-irlandeses-en-toda-irlanda\\\/#article\",\"isPartOf\":{\"@id\":\"https:\\\/\\\/filles-de-la-charite.org\\\/pl\\\/iniciativa-impulsada-por-la-comunidad-para-plantar-100-millones-de-arboles-autoctonos-irlandeses-en-toda-irlanda\\\/\"},\"author\":{\"name\":\"SOR MARTA\",\"@id\":\"https:\\\/\\\/filles-de-la-charite.org\\\/pl\\\/#\\\/schema\\\/person\\\/0c922b6ca71280639858d297b3a7209f\"},\"headline\":\"Inicjatywa spo\u0142eczno\u015bci lokalnych maj\u0105ca na celu zasadzenie 100 milion\u00f3w rdzennych irlandzkich drzew w ca\u0142ej Irlandii\",\"datePublished\":\"2025-04-10T18:56:00+00:00\",\"mainEntityOfPage\":{\"@id\":\"https:\\\/\\\/filles-de-la-charite.org\\\/pl\\\/iniciativa-impulsada-por-la-comunidad-para-plantar-100-millones-de-arboles-autoctonos-irlandeses-en-toda-irlanda\\\/\"},\"wordCount\":521,\"publisher\":{\"@id\":\"https:\\\/\\\/filles-de-la-charite.org\\\/pl\\\/#organization\"},\"image\":{\"@id\":\"https:\\\/\\\/filles-de-la-charite.org\\\/pl\\\/iniciativa-impulsada-por-la-comunidad-para-plantar-100-millones-de-arboles-autoctonos-irlandeses-en-toda-irlanda\\\/#primaryimage\"},\"thumbnailUrl\":\"https:\\\/\\\/filles-de-la-charite.org\\\/wp-content\\\/uploads\\\/2025\\\/04\\\/thumbnail-news-Ireland-scaled.jpg\",\"articleSection\":[\"Irlandia\"],\"inLanguage\":\"pl-PL\"},{\"@type\":\"WebPage\",\"@id\":\"https:\\\/\\\/filles-de-la-charite.org\\\/pl\\\/iniciativa-impulsada-por-la-comunidad-para-plantar-100-millones-de-arboles-autoctonos-irlandeses-en-toda-irlanda\\\/\",\"url\":\"https:\\\/\\\/filles-de-la-charite.org\\\/pl\\\/iniciativa-impulsada-por-la-comunidad-para-plantar-100-millones-de-arboles-autoctonos-irlandeses-en-toda-irlanda\\\/\",\"name\":\"Inicjatywa spo\u0142eczno\u015bci lokalnych maj\u0105ca na celu zasadzenie 100 milion\u00f3w rdzennych irlandzkich drzew w ca\u0142ej Irlandii - Filles de la Charit\u00e9\",\"isPartOf\":{\"@id\":\"https:\\\/\\\/filles-de-la-charite.org\\\/pl\\\/#website\"},\"primaryImageOfPage\":{\"@id\":\"https:\\\/\\\/filles-de-la-charite.org\\\/pl\\\/iniciativa-impulsada-por-la-comunidad-para-plantar-100-millones-de-arboles-autoctonos-irlandeses-en-toda-irlanda\\\/#primaryimage\"},\"image\":{\"@id\":\"https:\\\/\\\/filles-de-la-charite.org\\\/pl\\\/iniciativa-impulsada-por-la-comunidad-para-plantar-100-millones-de-arboles-autoctonos-irlandeses-en-toda-irlanda\\\/#primaryimage\"},\"thumbnailUrl\":\"https:\\\/\\\/filles-de-la-charite.org\\\/wp-content\\\/uploads\\\/2025\\\/04\\\/thumbnail-news-Ireland-scaled.jpg\",\"datePublished\":\"2025-04-10T18:56:00+00:00\",\"breadcrumb\":{\"@id\":\"https:\\\/\\\/filles-de-la-charite.org\\\/pl\\\/iniciativa-impulsada-por-la-comunidad-para-plantar-100-millones-de-arboles-autoctonos-irlandeses-en-toda-irlanda\\\/#breadcrumb\"},\"inLanguage\":\"pl-PL\",\"potentialAction\":[{\"@type\":\"ReadAction\",\"target\":[\"https:\\\/\\\/filles-de-la-charite.org\\\/pl\\\/iniciativa-impulsada-por-la-comunidad-para-plantar-100-millones-de-arboles-autoctonos-irlandeses-en-toda-irlanda\\\/\"]}]},{\"@type\":\"ImageObject\",\"inLanguage\":\"pl-PL\",\"@id\":\"https:\\\/\\\/filles-de-la-charite.org\\\/pl\\\/iniciativa-impulsada-por-la-comunidad-para-plantar-100-millones-de-arboles-autoctonos-irlandeses-en-toda-irlanda\\\/#primaryimage\",\"url\":\"https:\\\/\\\/filles-de-la-charite.org\\\/wp-content\\\/uploads\\\/2025\\\/04\\\/thumbnail-news-Ireland-scaled.jpg\",\"contentUrl\":\"https:\\\/\\\/filles-de-la-charite.org\\\/wp-content\\\/uploads\\\/2025\\\/04\\\/thumbnail-news-Ireland-scaled.jpg\",\"width\":2560,\"height\":1440},{\"@type\":\"BreadcrumbList\",\"@id\":\"https:\\\/\\\/filles-de-la-charite.org\\\/pl\\\/iniciativa-impulsada-por-la-comunidad-para-plantar-100-millones-de-arboles-autoctonos-irlandeses-en-toda-irlanda\\\/#breadcrumb\",\"itemListElement\":[{\"@type\":\"ListItem\",\"position\":1,\"name\":\"Irlandia\",\"item\":\"https:\\\/\\\/filles-de-la-charite.org\\\/pl\\\/category\\\/irlandia\\\/\"},{\"@type\":\"ListItem\",\"position\":2,\"name\":\"Inicjatywa spo\u0142eczno\u015bci lokalnych maj\u0105ca na celu zasadzenie 100 milion\u00f3w rdzennych irlandzkich drzew w ca\u0142ej Irlandii\"}]},{\"@type\":\"WebSite\",\"@id\":\"https:\\\/\\\/filles-de-la-charite.org\\\/pl\\\/#website\",\"url\":\"https:\\\/\\\/filles-de-la-charite.org\\\/pl\\\/\",\"name\":\"Hijas de la Caridad\",\"description\":\"L\u2019amour de J\u00e9sus nous presse \u00e0 prendre soin des personnes les plus d\u00e9munies\",\"publisher\":{\"@id\":\"https:\\\/\\\/filles-de-la-charite.org\\\/pl\\\/#organization\"},\"potentialAction\":[{\"@type\":\"SearchAction\",\"target\":{\"@type\":\"EntryPoint\",\"urlTemplate\":\"https:\\\/\\\/filles-de-la-charite.org\\\/pl\\\/?s={search_term_string}\"},\"query-input\":{\"@type\":\"PropertyValueSpecification\",\"valueRequired\":true,\"valueName\":\"search_term_string\"}}],\"inLanguage\":\"pl-PL\"},{\"@type\":\"Organization\",\"@id\":\"https:\\\/\\\/filles-de-la-charite.org\\\/pl\\\/#organization\",\"name\":\"Hijas de la Caridad\",\"url\":\"https:\\\/\\\/filles-de-la-charite.org\\\/pl\\\/\",\"logo\":{\"@type\":\"ImageObject\",\"inLanguage\":\"pl-PL\",\"@id\":\"https:\\\/\\\/filles-de-la-charite.org\\\/pl\\\/#\\\/schema\\\/logo\\\/image\\\/\",\"url\":\"https:\\\/\\\/filles-de-la-charite.org\\\/wp-content\\\/uploads\\\/2023\\\/03\\\/isotipo-Hijas-de-la-Caridad.png\",\"contentUrl\":\"https:\\\/\\\/filles-de-la-charite.org\\\/wp-content\\\/uploads\\\/2023\\\/03\\\/isotipo-Hijas-de-la-Caridad.png\",\"width\":1417,\"height\":1417,\"caption\":\"Hijas de la Caridad\"},\"image\":{\"@id\":\"https:\\\/\\\/filles-de-la-charite.org\\\/pl\\\/#\\\/schema\\\/logo\\\/image\\\/\"}},{\"@type\":\"Person\",\"@id\":\"https:\\\/\\\/filles-de-la-charite.org\\\/pl\\\/#\\\/schema\\\/person\\\/0c922b6ca71280639858d297b3a7209f\",\"name\":\"SOR MARTA\",\"image\":{\"@type\":\"ImageObject\",\"inLanguage\":\"pl-PL\",\"@id\":\"https:\\\/\\\/secure.gravatar.com\\\/avatar\\\/d2c45b0fd6bf2d3e2670ab3d112257c24ac80fa960360bba1bdc0676485d1d09?s=96&d=mm&r=g\",\"url\":\"https:\\\/\\\/secure.gravatar.com\\\/avatar\\\/d2c45b0fd6bf2d3e2670ab3d112257c24ac80fa960360bba1bdc0676485d1d09?s=96&d=mm&r=g\",\"contentUrl\":\"https:\\\/\\\/secure.gravatar.com\\\/avatar\\\/d2c45b0fd6bf2d3e2670ab3d112257c24ac80fa960360bba1bdc0676485d1d09?s=96&d=mm&r=g\",\"caption\":\"SOR MARTA\"},\"url\":\"https:\\\/\\\/filles-de-la-charite.org\\\/pl\\\/author\\\/martaemn\\\/\"}]}<\/script>\n<!-- \/ Yoast SEO plugin. -->","yoast_head_json":{"title":"Inicjatywa spo\u0142eczno\u015bci lokalnych maj\u0105ca na celu zasadzenie 100 milion\u00f3w rdzennych irlandzkich drzew w ca\u0142ej Irlandii - Filles de la Charit\u00e9","robots":{"index":"index","follow":"follow","max-snippet":"max-snippet:-1","max-image-preview":"max-image-preview:large","max-video-preview":"max-video-preview:-1"},"canonical":"https:\/\/filles-de-la-charite.org\/pl\/iniciativa-impulsada-por-la-comunidad-para-plantar-100-millones-de-arboles-autoctonos-irlandeses-en-toda-irlanda\/","og_locale":"pl_PL","og_type":"article","og_title":"Inicjatywa spo\u0142eczno\u015bci lokalnych maj\u0105ca na celu zasadzenie 100 milion\u00f3w rdzennych irlandzkich drzew w ca\u0142ej Irlandii - Filles de la Charit\u00e9","og_description":"Siostry Mi\u0142osierdzia z dum\u0105 do\u0142\u0105czy\u0142y do inicjatywy kierowanej przez lokaln\u0105 spo\u0142eczno\u015b\u0107, kt\u00f3ra odzwierciedla ich g\u0142\u0119bokie zaanga\u017cowanie w ekologi\u0119 i dba\u0142o\u015b\u0107 o nasze \u015brodowisko. Projekt 100 Milion\u00f3w Drzew, prowadzony przez pe\u0142nych pasji Richarda, Davida i Tin\u0119 Mulcahy, ma na celu posadzenie zdumiewaj\u0105cej liczby 100 milion\u00f3w rodzimych irlandzkich drzew na ca\u0142ej pi\u0119knej wyspie Irlandii w ci\u0105gu nast\u0119pnej [&hellip;]","og_url":"https:\/\/filles-de-la-charite.org\/pl\/iniciativa-impulsada-por-la-comunidad-para-plantar-100-millones-de-arboles-autoctonos-irlandeses-en-toda-irlanda\/","og_site_name":"Filles de la Charit\u00e9","article_published_time":"2025-04-10T18:56:00+00:00","og_image":[{"width":2560,"height":1440,"url":"https:\/\/filles-de-la-charite.org\/wp-content\/uploads\/2025\/04\/thumbnail-news-Ireland-scaled.jpg","type":"image\/jpeg"}],"author":"SOR MARTA","twitter_card":"summary_large_image","twitter_misc":{"Napisane przez":"SOR MARTA","Szacowany czas czytania":"4 minuty"},"schema":{"@context":"https:\/\/schema.org","@graph":[{"@type":"Article","@id":"https:\/\/filles-de-la-charite.org\/pl\/iniciativa-impulsada-por-la-comunidad-para-plantar-100-millones-de-arboles-autoctonos-irlandeses-en-toda-irlanda\/#article","isPartOf":{"@id":"https:\/\/filles-de-la-charite.org\/pl\/iniciativa-impulsada-por-la-comunidad-para-plantar-100-millones-de-arboles-autoctonos-irlandeses-en-toda-irlanda\/"},"author":{"name":"SOR MARTA","@id":"https:\/\/filles-de-la-charite.org\/pl\/#\/schema\/person\/0c922b6ca71280639858d297b3a7209f"},"headline":"Inicjatywa spo\u0142eczno\u015bci lokalnych maj\u0105ca na celu zasadzenie 100 milion\u00f3w rdzennych irlandzkich drzew w ca\u0142ej Irlandii","datePublished":"2025-04-10T18:56:00+00:00","mainEntityOfPage":{"@id":"https:\/\/filles-de-la-charite.org\/pl\/iniciativa-impulsada-por-la-comunidad-para-plantar-100-millones-de-arboles-autoctonos-irlandeses-en-toda-irlanda\/"},"wordCount":521,"publisher":{"@id":"https:\/\/filles-de-la-charite.org\/pl\/#organization"},"image":{"@id":"https:\/\/filles-de-la-charite.org\/pl\/iniciativa-impulsada-por-la-comunidad-para-plantar-100-millones-de-arboles-autoctonos-irlandeses-en-toda-irlanda\/#primaryimage"},"thumbnailUrl":"https:\/\/filles-de-la-charite.org\/wp-content\/uploads\/2025\/04\/thumbnail-news-Ireland-scaled.jpg","articleSection":["Irlandia"],"inLanguage":"pl-PL"},{"@type":"WebPage","@id":"https:\/\/filles-de-la-charite.org\/pl\/iniciativa-impulsada-por-la-comunidad-para-plantar-100-millones-de-arboles-autoctonos-irlandeses-en-toda-irlanda\/","url":"https:\/\/filles-de-la-charite.org\/pl\/iniciativa-impulsada-por-la-comunidad-para-plantar-100-millones-de-arboles-autoctonos-irlandeses-en-toda-irlanda\/","name":"Inicjatywa spo\u0142eczno\u015bci lokalnych maj\u0105ca na celu zasadzenie 100 milion\u00f3w rdzennych irlandzkich drzew w ca\u0142ej Irlandii - Filles de la Charit\u00e9","isPartOf":{"@id":"https:\/\/filles-de-la-charite.org\/pl\/#website"},"primaryImageOfPage":{"@id":"https:\/\/filles-de-la-charite.org\/pl\/iniciativa-impulsada-por-la-comunidad-para-plantar-100-millones-de-arboles-autoctonos-irlandeses-en-toda-irlanda\/#primaryimage"},"image":{"@id":"https:\/\/filles-de-la-charite.org\/pl\/iniciativa-impulsada-por-la-comunidad-para-plantar-100-millones-de-arboles-autoctonos-irlandeses-en-toda-irlanda\/#primaryimage"},"thumbnailUrl":"https:\/\/filles-de-la-charite.org\/wp-content\/uploads\/2025\/04\/thumbnail-news-Ireland-scaled.jpg","datePublished":"2025-04-10T18:56:00+00:00","breadcrumb":{"@id":"https:\/\/filles-de-la-charite.org\/pl\/iniciativa-impulsada-por-la-comunidad-para-plantar-100-millones-de-arboles-autoctonos-irlandeses-en-toda-irlanda\/#breadcrumb"},"inLanguage":"pl-PL","potentialAction":[{"@type":"ReadAction","target":["https:\/\/filles-de-la-charite.org\/pl\/iniciativa-impulsada-por-la-comunidad-para-plantar-100-millones-de-arboles-autoctonos-irlandeses-en-toda-irlanda\/"]}]},{"@type":"ImageObject","inLanguage":"pl-PL","@id":"https:\/\/filles-de-la-charite.org\/pl\/iniciativa-impulsada-por-la-comunidad-para-plantar-100-millones-de-arboles-autoctonos-irlandeses-en-toda-irlanda\/#primaryimage","url":"https:\/\/filles-de-la-charite.org\/wp-content\/uploads\/2025\/04\/thumbnail-news-Ireland-scaled.jpg","contentUrl":"https:\/\/filles-de-la-charite.org\/wp-content\/uploads\/2025\/04\/thumbnail-news-Ireland-scaled.jpg","width":2560,"height":1440},{"@type":"BreadcrumbList","@id":"https:\/\/filles-de-la-charite.org\/pl\/iniciativa-impulsada-por-la-comunidad-para-plantar-100-millones-de-arboles-autoctonos-irlandeses-en-toda-irlanda\/#breadcrumb","itemListElement":[{"@type":"ListItem","position":1,"name":"Irlandia","item":"https:\/\/filles-de-la-charite.org\/pl\/category\/irlandia\/"},{"@type":"ListItem","position":2,"name":"Inicjatywa spo\u0142eczno\u015bci lokalnych maj\u0105ca na celu zasadzenie 100 milion\u00f3w rdzennych irlandzkich drzew w ca\u0142ej Irlandii"}]},{"@type":"WebSite","@id":"https:\/\/filles-de-la-charite.org\/pl\/#website","url":"https:\/\/filles-de-la-charite.org\/pl\/","name":"Hijas de la Caridad","description":"L\u2019amour de J\u00e9sus nous presse \u00e0 prendre soin des personnes les plus d\u00e9munies","publisher":{"@id":"https:\/\/filles-de-la-charite.org\/pl\/#organization"},"potentialAction":[{"@type":"SearchAction","target":{"@type":"EntryPoint","urlTemplate":"https:\/\/filles-de-la-charite.org\/pl\/?s={search_term_string}"},"query-input":{"@type":"PropertyValueSpecification","valueRequired":true,"valueName":"search_term_string"}}],"inLanguage":"pl-PL"},{"@type":"Organization","@id":"https:\/\/filles-de-la-charite.org\/pl\/#organization","name":"Hijas de la Caridad","url":"https:\/\/filles-de-la-charite.org\/pl\/","logo":{"@type":"ImageObject","inLanguage":"pl-PL","@id":"https:\/\/filles-de-la-charite.org\/pl\/#\/schema\/logo\/image\/","url":"https:\/\/filles-de-la-charite.org\/wp-content\/uploads\/2023\/03\/isotipo-Hijas-de-la-Caridad.png","contentUrl":"https:\/\/filles-de-la-charite.org\/wp-content\/uploads\/2023\/03\/isotipo-Hijas-de-la-Caridad.png","width":1417,"height":1417,"caption":"Hijas de la Caridad"},"image":{"@id":"https:\/\/filles-de-la-charite.org\/pl\/#\/schema\/logo\/image\/"}},{"@type":"Person","@id":"https:\/\/filles-de-la-charite.org\/pl\/#\/schema\/person\/0c922b6ca71280639858d297b3a7209f","name":"SOR MARTA","image":{"@type":"ImageObject","inLanguage":"pl-PL","@id":"https:\/\/secure.gravatar.com\/avatar\/d2c45b0fd6bf2d3e2670ab3d112257c24ac80fa960360bba1bdc0676485d1d09?s=96&d=mm&r=g","url":"https:\/\/secure.gravatar.com\/avatar\/d2c45b0fd6bf2d3e2670ab3d112257c24ac80fa960360bba1bdc0676485d1d09?s=96&d=mm&r=g","contentUrl":"https:\/\/secure.gravatar.com\/avatar\/d2c45b0fd6bf2d3e2670ab3d112257c24ac80fa960360bba1bdc0676485d1d09?s=96&d=mm&r=g","caption":"SOR MARTA"},"url":"https:\/\/filles-de-la-charite.org\/pl\/author\/martaemn\/"}]}},"_links":{"self":[{"href":"https:\/\/filles-de-la-charite.org\/pl\/wp-json\/wp\/v2\/posts\/42540","targetHints":{"allow":["GET"]}}],"collection":[{"href":"https:\/\/filles-de-la-charite.org\/pl\/wp-json\/wp\/v2\/posts"}],"about":[{"href":"https:\/\/filles-de-la-charite.org\/pl\/wp-json\/wp\/v2\/types\/post"}],"author":[{"embeddable":true,"href":"https:\/\/filles-de-la-charite.org\/pl\/wp-json\/wp\/v2\/users\/5"}],"replies":[{"embeddable":true,"href":"https:\/\/filles-de-la-charite.org\/pl\/wp-json\/wp\/v2\/comments?post=42540"}],"version-history":[{"count":2,"href":"https:\/\/filles-de-la-charite.org\/pl\/wp-json\/wp\/v2\/posts\/42540\/revisions"}],"predecessor-version":[{"id":42551,"href":"https:\/\/filles-de-la-charite.org\/pl\/wp-json\/wp\/v2\/posts\/42540\/revisions\/42551"}],"wp:featuredmedia":[{"embeddable":true,"href":"https:\/\/filles-de-la-charite.org\/pl\/wp-json\/wp\/v2\/media\/42515"}],"wp:attachment":[{"href":"https:\/\/filles-de-la-charite.org\/pl\/wp-json\/wp\/v2\/media?parent=42540"}],"wp:term":[{"taxonomy":"category","embeddable":true,"href":"https:\/\/filles-de-la-charite.org\/pl\/wp-json\/wp\/v2\/categories?post=42540"},{"taxonomy":"post_tag","embeddable":true,"href":"https:\/\/filles-de-la-charite.org\/pl\/wp-json\/wp\/v2\/tags?post=42540"}],"curies":[{"name":"wp","href":"https:\/\/api.w.org\/{rel}","templated":true}]}}