{"id":43523,"date":"2025-05-26T08:40:00","date_gmt":"2025-05-26T06:40:00","guid":{"rendered":"https:\/\/filles-de-la-charite.org\/?p=43523"},"modified":"2025-05-26T16:11:10","modified_gmt":"2025-05-26T14:11:10","slug":"encuentro-para-la-revision-apostolica","status":"publish","type":"post","link":"https:\/\/filles-de-la-charite.org\/pl\/encuentro-para-la-revision-apostolica\/","title":{"rendered":"Apostolskie Spotkanie Rewizyjne"},"content":{"rendered":"\n<p>W dniach od 24 do 27 kwietnia 2025 r. w Domu Prowincjalnym Si\u00f3str Mi\u0142osierdzia w Bel\u00e9m w stanie Par\u00e1, odby\u0142o si\u0119 Apostolskie Spotkanie Rewizyjne. Wzi\u0119\u0142o w nim udzia\u0142 31 Si\u00f3str reprezentuj\u0105cych wsp\u00f3lnoty Prowincji Amazo\u0144skiej. Na pocz\u0105tku powierzy\u0142y\u015bmy to spotkanie opiece Matki Bo\u017cej \u0141askawej poprzez Msz\u0119 \u015awi\u0119t\u0105 w Kaplicy Cudownego Medalika.<\/p>\n\n\n\n<figure class=\"wp-block-image size-large\"><img loading=\"lazy\" decoding=\"async\" width=\"1024\" height=\"712\" src=\"https:\/\/filles-de-la-charite.org\/wp-content\/uploads\/2025\/05\/IMG-20250512-WA0006-1024x712.jpg\" alt=\"\" class=\"wp-image-42961\" srcset=\"https:\/\/filles-de-la-charite.org\/wp-content\/uploads\/2025\/05\/IMG-20250512-WA0006-1024x712.jpg 1024w, https:\/\/filles-de-la-charite.org\/wp-content\/uploads\/2025\/05\/IMG-20250512-WA0006-980x681.jpg 980w, https:\/\/filles-de-la-charite.org\/wp-content\/uploads\/2025\/05\/IMG-20250512-WA0006-480x334.jpg 480w\" sizes=\"(min-width: 0px) and (max-width: 480px) 480px, (min-width: 481px) and (max-width: 980px) 980px, (min-width: 981px) 1024px, 100vw\" \/><\/figure>\n\n\n\n<p>Wszystkie uczestniczki zosta\u0142y zainspirowane tematem: <strong>&#8222;O\u017cywianie \u017cywego p\u0142omienia nadziei&#8221;<\/strong>, w harmonii z Rokiem Jubileuszowym. Zaproponowane podtematy pomog\u0142y dokona\u0107 rewizji apostolskiej drogi Si\u00f3str Mi\u0142osierdzia, odnosz\u0105c si\u0119 do aspekt\u00f3w fizycznych, emocjonalnych, duchowych i misyjnych. Przede wszystkim, aby lepiej s\u0142u\u017cy\u0107, wa\u017cne jest, aby by\u0107 w pe\u0142ni sob\u0105, zwraca\u0107 uwag\u0119 na wyzwania wsp\u00f3\u0142czesno\u015bci i szuka\u0107 odpowiedzi, aby wzmocni\u0107 filary naszego powo\u0142ania.<\/p>\n\n\n\n<figure class=\"wp-block-image size-large\"><img loading=\"lazy\" decoding=\"async\" width=\"1024\" height=\"768\" src=\"https:\/\/filles-de-la-charite.org\/wp-content\/uploads\/2025\/05\/IMG-20250429-WA0032-1024x768.jpg\" alt=\"\" class=\"wp-image-42975\" srcset=\"https:\/\/filles-de-la-charite.org\/wp-content\/uploads\/2025\/05\/IMG-20250429-WA0032-980x735.jpg 980w, https:\/\/filles-de-la-charite.org\/wp-content\/uploads\/2025\/05\/IMG-20250429-WA0032-480x360.jpg 480w\" sizes=\"(min-width: 0px) and (max-width: 480px) 480px, (min-width: 481px) and (max-width: 980px) 980px, (min-width: 981px) 1024px, 100vw\" \/><\/figure>\n\n\n\n<p>Poruszone \u017cywym p\u0142omieniem nadziei, Siostry wyruszy\u0142y na <strong>pielgrzymk\u0119<\/strong>, odwiedzaj\u0105c historyczne ko\u015bcio\u0142y Bel\u00e9m, przechodz\u0105c przez Drzwi \u015awi\u0119te w katedrze S\u00e9 i otwieraj\u0105c swoje serca na przyj\u0119cie odpust\u00f3w tego \u015awi\u0119tego Jubileuszowego Roku Nadziei. Temu g\u0142\u0119bokiemu duchowemu do\u015bwiadczeniu towarzyszy\u0142o kontemplacyjne docenienie pi\u0119kna historii naszego Ko\u015bcio\u0142a, a tak\u017ce wzmocnienie braterskich relacji mi\u0119dzy Siostrami, sprzyjaj\u0105c prawdziwej <strong>&#8222;kulturze spotkania&#8221;.<\/strong><\/p>\n\n\n\n<figure class=\"wp-block-image size-large\"><img loading=\"lazy\" decoding=\"async\" width=\"1024\" height=\"768\" src=\"https:\/\/filles-de-la-charite.org\/wp-content\/uploads\/2025\/05\/IMG-20250429-WA0031-1024x768.jpg\" alt=\"\" class=\"wp-image-42968\" srcset=\"https:\/\/filles-de-la-charite.org\/wp-content\/uploads\/2025\/05\/IMG-20250429-WA0031-980x735.jpg 980w, https:\/\/filles-de-la-charite.org\/wp-content\/uploads\/2025\/05\/IMG-20250429-WA0031-480x360.jpg 480w\" sizes=\"(min-width: 0px) and (max-width: 480px) 480px, (min-width: 481px) and (max-width: 980px) 980px, (min-width: 981px) 1024px, 100vw\" \/><\/figure>\n\n\n\n<p>Spotkanie zosta\u0142o ubogacone licznymi <strong>&#8222;znakami nadziei&#8221;<\/strong> wyra\u017conymi poprzez dynamiczne dzielenie si\u0119 do\u015bwiadczeniami misyjnymi ze wsp\u00f3lnot Amazonii, symbolizowanymi przez \u0142odzie i kotwice, kt\u00f3re s\u0105 g\u0142\u0119boko reprezentatywne dla naszej amazo\u0144skiej rzeczywisto\u015bci. Jak wspaniale jest by\u0107 \u015bwiadkiem po\u015bwi\u0119cenia ka\u017cdej Siostry w jej misji podtrzymywania p\u0142omienia mi\u0142o\u015bci do Jezusa Chrystusa w osobach Ubogich!<\/p>\n\n\n\n<p>Na zako\u0144czenie celebracji Eucharystycznej zjednoczy\u0142y\u015bmy nasze modlitwy w uwielbieniu Boga w \u015awi\u0119to Mi\u0142osierdzia Bo\u017cego. Z naszymi sercami odnowionymi przez te dni formacji i refleksji apostolskiej, poczu\u0142y\u015bmy, \u017ce duch komunii ro\u015bnie, a rado\u015b\u0107 misji popycha nas naprz\u00f3d, rozpalaj\u0105c \u017cywy p\u0142omie\u0144 nadziei na dalsz\u0105 s\u0142u\u017cb\u0119 Ubogim, pow\u00f3d naszego powo\u0142ania.<\/p>\n\n\n\n<figure class=\"wp-block-image size-large\"><img loading=\"lazy\" decoding=\"async\" width=\"1024\" height=\"768\" src=\"https:\/\/filles-de-la-charite.org\/wp-content\/uploads\/2025\/05\/IMG-20250427-WA0013-1024x768.jpg\" alt=\"\" class=\"wp-image-42962\" srcset=\"https:\/\/filles-de-la-charite.org\/wp-content\/uploads\/2025\/05\/IMG-20250427-WA0013-980x735.jpg 980w, https:\/\/filles-de-la-charite.org\/wp-content\/uploads\/2025\/05\/IMG-20250427-WA0013-480x360.jpg 480w\" sizes=\"(min-width: 0px) and (max-width: 480px) 480px, (min-width: 481px) and (max-width: 980px) 980px, (min-width: 981px) 1024px, 100vw\" \/><\/figure>\n","protected":false},"excerpt":{"rendered":"<p>W dniach od 24 do 27 kwietnia 2025 r. w Domu Prowincjalnym Si\u00f3str Mi\u0142osierdzia w Bel\u00e9m w stanie Par\u00e1, odby\u0142o si\u0119 Apostolskie Spotkanie Rewizyjne. Wzi\u0119\u0142o w nim udzia\u0142 31 Si\u00f3str reprezentuj\u0105cych wsp\u00f3lnoty Prowincji Amazo\u0144skiej. Na pocz\u0105tku powierzy\u0142y\u015bmy to spotkanie opiece Matki Bo\u017cej \u0141askawej poprzez Msz\u0119 \u015awi\u0119t\u0105 w Kaplicy Cudownego Medalika. Wszystkie uczestniczki zosta\u0142y zainspirowane tematem: [&hellip;]<\/p>\n","protected":false},"author":5,"featured_media":42985,"comment_status":"closed","ping_status":"closed","sticky":false,"template":"","format":"standard","meta":{"_acf_changed":false,"_et_pb_use_builder":"","_et_pb_old_content":"","_et_gb_content_width":"","footnotes":"","_links_to":"","_links_to_target":""},"categories":[886],"tags":[],"class_list":["post-43523","post","type-post","status-publish","format-standard","has-post-thumbnail","hentry","category-amazonia-pl"],"acf":[],"yoast_head":"<!-- This site is optimized with the Yoast SEO plugin v27.5 - https:\/\/yoast.com\/product\/yoast-seo-wordpress\/ -->\n<title>Apostolskie Spotkanie Rewizyjne - Filles de la Charit\u00e9<\/title>\n<meta name=\"robots\" content=\"index, follow, max-snippet:-1, max-image-preview:large, max-video-preview:-1\" \/>\n<link rel=\"canonical\" href=\"https:\/\/filles-de-la-charite.org\/pl\/encuentro-para-la-revision-apostolica\/\" \/>\n<meta property=\"og:locale\" content=\"pl_PL\" \/>\n<meta property=\"og:type\" content=\"article\" \/>\n<meta property=\"og:title\" content=\"Apostolskie Spotkanie Rewizyjne - Filles de la Charit\u00e9\" \/>\n<meta property=\"og:description\" content=\"W dniach od 24 do 27 kwietnia 2025 r. w Domu Prowincjalnym Si\u00f3str Mi\u0142osierdzia w Bel\u00e9m w stanie Par\u00e1, odby\u0142o si\u0119 Apostolskie Spotkanie Rewizyjne. Wzi\u0119\u0142o w nim udzia\u0142 31 Si\u00f3str reprezentuj\u0105cych wsp\u00f3lnoty Prowincji Amazo\u0144skiej. Na pocz\u0105tku powierzy\u0142y\u015bmy to spotkanie opiece Matki Bo\u017cej \u0141askawej poprzez Msz\u0119 \u015awi\u0119t\u0105 w Kaplicy Cudownego Medalika. Wszystkie uczestniczki zosta\u0142y zainspirowane tematem: [&hellip;]\" \/>\n<meta property=\"og:url\" content=\"https:\/\/filles-de-la-charite.org\/pl\/encuentro-para-la-revision-apostolica\/\" \/>\n<meta property=\"og:site_name\" content=\"Filles de la Charit\u00e9\" \/>\n<meta property=\"article:published_time\" content=\"2025-05-26T06:40:00+00:00\" \/>\n<meta property=\"article:modified_time\" content=\"2025-05-26T14:11:10+00:00\" \/>\n<meta property=\"og:image\" content=\"https:\/\/filles-de-la-charite.org\/wp-content\/uploads\/2025\/05\/IMG-20250429-WA0033.jpg\" \/>\n\t<meta property=\"og:image:width\" content=\"1600\" \/>\n\t<meta property=\"og:image:height\" content=\"1200\" \/>\n\t<meta property=\"og:image:type\" content=\"image\/jpeg\" \/>\n<meta name=\"author\" content=\"SOR MARTA\" \/>\n<meta name=\"twitter:card\" content=\"summary_large_image\" \/>\n<meta name=\"twitter:label1\" content=\"Napisane przez\" \/>\n\t<meta name=\"twitter:data1\" content=\"SOR MARTA\" \/>\n\t<meta name=\"twitter:label2\" content=\"Szacowany czas czytania\" \/>\n\t<meta name=\"twitter:data2\" content=\"3 minuty\" \/>\n<script type=\"application\/ld+json\" class=\"yoast-schema-graph\">{\"@context\":\"https:\\\/\\\/schema.org\",\"@graph\":[{\"@type\":\"Article\",\"@id\":\"https:\\\/\\\/filles-de-la-charite.org\\\/pl\\\/encuentro-para-la-revision-apostolica\\\/#article\",\"isPartOf\":{\"@id\":\"https:\\\/\\\/filles-de-la-charite.org\\\/pl\\\/encuentro-para-la-revision-apostolica\\\/\"},\"author\":{\"name\":\"SOR MARTA\",\"@id\":\"https:\\\/\\\/filles-de-la-charite.org\\\/pl\\\/#\\\/schema\\\/person\\\/0c922b6ca71280639858d297b3a7209f\"},\"headline\":\"Apostolskie Spotkanie Rewizyjne\",\"datePublished\":\"2025-05-26T06:40:00+00:00\",\"dateModified\":\"2025-05-26T14:11:10+00:00\",\"mainEntityOfPage\":{\"@id\":\"https:\\\/\\\/filles-de-la-charite.org\\\/pl\\\/encuentro-para-la-revision-apostolica\\\/\"},\"wordCount\":335,\"publisher\":{\"@id\":\"https:\\\/\\\/filles-de-la-charite.org\\\/pl\\\/#organization\"},\"image\":{\"@id\":\"https:\\\/\\\/filles-de-la-charite.org\\\/pl\\\/encuentro-para-la-revision-apostolica\\\/#primaryimage\"},\"thumbnailUrl\":\"https:\\\/\\\/filles-de-la-charite.org\\\/wp-content\\\/uploads\\\/2025\\\/05\\\/IMG-20250429-WA0033.jpg\",\"articleSection\":[\"Amazonia\"],\"inLanguage\":\"pl-PL\"},{\"@type\":\"WebPage\",\"@id\":\"https:\\\/\\\/filles-de-la-charite.org\\\/pl\\\/encuentro-para-la-revision-apostolica\\\/\",\"url\":\"https:\\\/\\\/filles-de-la-charite.org\\\/pl\\\/encuentro-para-la-revision-apostolica\\\/\",\"name\":\"Apostolskie Spotkanie Rewizyjne - Filles de la Charit\u00e9\",\"isPartOf\":{\"@id\":\"https:\\\/\\\/filles-de-la-charite.org\\\/pl\\\/#website\"},\"primaryImageOfPage\":{\"@id\":\"https:\\\/\\\/filles-de-la-charite.org\\\/pl\\\/encuentro-para-la-revision-apostolica\\\/#primaryimage\"},\"image\":{\"@id\":\"https:\\\/\\\/filles-de-la-charite.org\\\/pl\\\/encuentro-para-la-revision-apostolica\\\/#primaryimage\"},\"thumbnailUrl\":\"https:\\\/\\\/filles-de-la-charite.org\\\/wp-content\\\/uploads\\\/2025\\\/05\\\/IMG-20250429-WA0033.jpg\",\"datePublished\":\"2025-05-26T06:40:00+00:00\",\"dateModified\":\"2025-05-26T14:11:10+00:00\",\"breadcrumb\":{\"@id\":\"https:\\\/\\\/filles-de-la-charite.org\\\/pl\\\/encuentro-para-la-revision-apostolica\\\/#breadcrumb\"},\"inLanguage\":\"pl-PL\",\"potentialAction\":[{\"@type\":\"ReadAction\",\"target\":[\"https:\\\/\\\/filles-de-la-charite.org\\\/pl\\\/encuentro-para-la-revision-apostolica\\\/\"]}]},{\"@type\":\"ImageObject\",\"inLanguage\":\"pl-PL\",\"@id\":\"https:\\\/\\\/filles-de-la-charite.org\\\/pl\\\/encuentro-para-la-revision-apostolica\\\/#primaryimage\",\"url\":\"https:\\\/\\\/filles-de-la-charite.org\\\/wp-content\\\/uploads\\\/2025\\\/05\\\/IMG-20250429-WA0033.jpg\",\"contentUrl\":\"https:\\\/\\\/filles-de-la-charite.org\\\/wp-content\\\/uploads\\\/2025\\\/05\\\/IMG-20250429-WA0033.jpg\",\"width\":1600,\"height\":1200},{\"@type\":\"BreadcrumbList\",\"@id\":\"https:\\\/\\\/filles-de-la-charite.org\\\/pl\\\/encuentro-para-la-revision-apostolica\\\/#breadcrumb\",\"itemListElement\":[{\"@type\":\"ListItem\",\"position\":1,\"name\":\"Amazonia\",\"item\":\"https:\\\/\\\/filles-de-la-charite.org\\\/pl\\\/category\\\/amazonia-pl\\\/\"},{\"@type\":\"ListItem\",\"position\":2,\"name\":\"Apostolskie Spotkanie Rewizyjne\"}]},{\"@type\":\"WebSite\",\"@id\":\"https:\\\/\\\/filles-de-la-charite.org\\\/pl\\\/#website\",\"url\":\"https:\\\/\\\/filles-de-la-charite.org\\\/pl\\\/\",\"name\":\"Hijas de la Caridad\",\"description\":\"L\u2019amour de J\u00e9sus nous presse \u00e0 prendre soin des personnes les plus d\u00e9munies\",\"publisher\":{\"@id\":\"https:\\\/\\\/filles-de-la-charite.org\\\/pl\\\/#organization\"},\"potentialAction\":[{\"@type\":\"SearchAction\",\"target\":{\"@type\":\"EntryPoint\",\"urlTemplate\":\"https:\\\/\\\/filles-de-la-charite.org\\\/pl\\\/?s={search_term_string}\"},\"query-input\":{\"@type\":\"PropertyValueSpecification\",\"valueRequired\":true,\"valueName\":\"search_term_string\"}}],\"inLanguage\":\"pl-PL\"},{\"@type\":\"Organization\",\"@id\":\"https:\\\/\\\/filles-de-la-charite.org\\\/pl\\\/#organization\",\"name\":\"Hijas de la Caridad\",\"url\":\"https:\\\/\\\/filles-de-la-charite.org\\\/pl\\\/\",\"logo\":{\"@type\":\"ImageObject\",\"inLanguage\":\"pl-PL\",\"@id\":\"https:\\\/\\\/filles-de-la-charite.org\\\/pl\\\/#\\\/schema\\\/logo\\\/image\\\/\",\"url\":\"https:\\\/\\\/filles-de-la-charite.org\\\/wp-content\\\/uploads\\\/2023\\\/03\\\/isotipo-Hijas-de-la-Caridad.png\",\"contentUrl\":\"https:\\\/\\\/filles-de-la-charite.org\\\/wp-content\\\/uploads\\\/2023\\\/03\\\/isotipo-Hijas-de-la-Caridad.png\",\"width\":1417,\"height\":1417,\"caption\":\"Hijas de la Caridad\"},\"image\":{\"@id\":\"https:\\\/\\\/filles-de-la-charite.org\\\/pl\\\/#\\\/schema\\\/logo\\\/image\\\/\"}},{\"@type\":\"Person\",\"@id\":\"https:\\\/\\\/filles-de-la-charite.org\\\/pl\\\/#\\\/schema\\\/person\\\/0c922b6ca71280639858d297b3a7209f\",\"name\":\"SOR MARTA\",\"image\":{\"@type\":\"ImageObject\",\"inLanguage\":\"pl-PL\",\"@id\":\"https:\\\/\\\/secure.gravatar.com\\\/avatar\\\/d2c45b0fd6bf2d3e2670ab3d112257c24ac80fa960360bba1bdc0676485d1d09?s=96&d=mm&r=g\",\"url\":\"https:\\\/\\\/secure.gravatar.com\\\/avatar\\\/d2c45b0fd6bf2d3e2670ab3d112257c24ac80fa960360bba1bdc0676485d1d09?s=96&d=mm&r=g\",\"contentUrl\":\"https:\\\/\\\/secure.gravatar.com\\\/avatar\\\/d2c45b0fd6bf2d3e2670ab3d112257c24ac80fa960360bba1bdc0676485d1d09?s=96&d=mm&r=g\",\"caption\":\"SOR MARTA\"},\"url\":\"https:\\\/\\\/filles-de-la-charite.org\\\/pl\\\/author\\\/martaemn\\\/\"}]}<\/script>\n<!-- \/ Yoast SEO plugin. -->","yoast_head_json":{"title":"Apostolskie Spotkanie Rewizyjne - Filles de la Charit\u00e9","robots":{"index":"index","follow":"follow","max-snippet":"max-snippet:-1","max-image-preview":"max-image-preview:large","max-video-preview":"max-video-preview:-1"},"canonical":"https:\/\/filles-de-la-charite.org\/pl\/encuentro-para-la-revision-apostolica\/","og_locale":"pl_PL","og_type":"article","og_title":"Apostolskie Spotkanie Rewizyjne - Filles de la Charit\u00e9","og_description":"W dniach od 24 do 27 kwietnia 2025 r. w Domu Prowincjalnym Si\u00f3str Mi\u0142osierdzia w Bel\u00e9m w stanie Par\u00e1, odby\u0142o si\u0119 Apostolskie Spotkanie Rewizyjne. Wzi\u0119\u0142o w nim udzia\u0142 31 Si\u00f3str reprezentuj\u0105cych wsp\u00f3lnoty Prowincji Amazo\u0144skiej. Na pocz\u0105tku powierzy\u0142y\u015bmy to spotkanie opiece Matki Bo\u017cej \u0141askawej poprzez Msz\u0119 \u015awi\u0119t\u0105 w Kaplicy Cudownego Medalika. Wszystkie uczestniczki zosta\u0142y zainspirowane tematem: [&hellip;]","og_url":"https:\/\/filles-de-la-charite.org\/pl\/encuentro-para-la-revision-apostolica\/","og_site_name":"Filles de la Charit\u00e9","article_published_time":"2025-05-26T06:40:00+00:00","article_modified_time":"2025-05-26T14:11:10+00:00","og_image":[{"width":1600,"height":1200,"url":"https:\/\/filles-de-la-charite.org\/wp-content\/uploads\/2025\/05\/IMG-20250429-WA0033.jpg","type":"image\/jpeg"}],"author":"SOR MARTA","twitter_card":"summary_large_image","twitter_misc":{"Napisane przez":"SOR MARTA","Szacowany czas czytania":"3 minuty"},"schema":{"@context":"https:\/\/schema.org","@graph":[{"@type":"Article","@id":"https:\/\/filles-de-la-charite.org\/pl\/encuentro-para-la-revision-apostolica\/#article","isPartOf":{"@id":"https:\/\/filles-de-la-charite.org\/pl\/encuentro-para-la-revision-apostolica\/"},"author":{"name":"SOR MARTA","@id":"https:\/\/filles-de-la-charite.org\/pl\/#\/schema\/person\/0c922b6ca71280639858d297b3a7209f"},"headline":"Apostolskie Spotkanie Rewizyjne","datePublished":"2025-05-26T06:40:00+00:00","dateModified":"2025-05-26T14:11:10+00:00","mainEntityOfPage":{"@id":"https:\/\/filles-de-la-charite.org\/pl\/encuentro-para-la-revision-apostolica\/"},"wordCount":335,"publisher":{"@id":"https:\/\/filles-de-la-charite.org\/pl\/#organization"},"image":{"@id":"https:\/\/filles-de-la-charite.org\/pl\/encuentro-para-la-revision-apostolica\/#primaryimage"},"thumbnailUrl":"https:\/\/filles-de-la-charite.org\/wp-content\/uploads\/2025\/05\/IMG-20250429-WA0033.jpg","articleSection":["Amazonia"],"inLanguage":"pl-PL"},{"@type":"WebPage","@id":"https:\/\/filles-de-la-charite.org\/pl\/encuentro-para-la-revision-apostolica\/","url":"https:\/\/filles-de-la-charite.org\/pl\/encuentro-para-la-revision-apostolica\/","name":"Apostolskie Spotkanie Rewizyjne - Filles de la Charit\u00e9","isPartOf":{"@id":"https:\/\/filles-de-la-charite.org\/pl\/#website"},"primaryImageOfPage":{"@id":"https:\/\/filles-de-la-charite.org\/pl\/encuentro-para-la-revision-apostolica\/#primaryimage"},"image":{"@id":"https:\/\/filles-de-la-charite.org\/pl\/encuentro-para-la-revision-apostolica\/#primaryimage"},"thumbnailUrl":"https:\/\/filles-de-la-charite.org\/wp-content\/uploads\/2025\/05\/IMG-20250429-WA0033.jpg","datePublished":"2025-05-26T06:40:00+00:00","dateModified":"2025-05-26T14:11:10+00:00","breadcrumb":{"@id":"https:\/\/filles-de-la-charite.org\/pl\/encuentro-para-la-revision-apostolica\/#breadcrumb"},"inLanguage":"pl-PL","potentialAction":[{"@type":"ReadAction","target":["https:\/\/filles-de-la-charite.org\/pl\/encuentro-para-la-revision-apostolica\/"]}]},{"@type":"ImageObject","inLanguage":"pl-PL","@id":"https:\/\/filles-de-la-charite.org\/pl\/encuentro-para-la-revision-apostolica\/#primaryimage","url":"https:\/\/filles-de-la-charite.org\/wp-content\/uploads\/2025\/05\/IMG-20250429-WA0033.jpg","contentUrl":"https:\/\/filles-de-la-charite.org\/wp-content\/uploads\/2025\/05\/IMG-20250429-WA0033.jpg","width":1600,"height":1200},{"@type":"BreadcrumbList","@id":"https:\/\/filles-de-la-charite.org\/pl\/encuentro-para-la-revision-apostolica\/#breadcrumb","itemListElement":[{"@type":"ListItem","position":1,"name":"Amazonia","item":"https:\/\/filles-de-la-charite.org\/pl\/category\/amazonia-pl\/"},{"@type":"ListItem","position":2,"name":"Apostolskie Spotkanie Rewizyjne"}]},{"@type":"WebSite","@id":"https:\/\/filles-de-la-charite.org\/pl\/#website","url":"https:\/\/filles-de-la-charite.org\/pl\/","name":"Hijas de la Caridad","description":"L\u2019amour de J\u00e9sus nous presse \u00e0 prendre soin des personnes les plus d\u00e9munies","publisher":{"@id":"https:\/\/filles-de-la-charite.org\/pl\/#organization"},"potentialAction":[{"@type":"SearchAction","target":{"@type":"EntryPoint","urlTemplate":"https:\/\/filles-de-la-charite.org\/pl\/?s={search_term_string}"},"query-input":{"@type":"PropertyValueSpecification","valueRequired":true,"valueName":"search_term_string"}}],"inLanguage":"pl-PL"},{"@type":"Organization","@id":"https:\/\/filles-de-la-charite.org\/pl\/#organization","name":"Hijas de la Caridad","url":"https:\/\/filles-de-la-charite.org\/pl\/","logo":{"@type":"ImageObject","inLanguage":"pl-PL","@id":"https:\/\/filles-de-la-charite.org\/pl\/#\/schema\/logo\/image\/","url":"https:\/\/filles-de-la-charite.org\/wp-content\/uploads\/2023\/03\/isotipo-Hijas-de-la-Caridad.png","contentUrl":"https:\/\/filles-de-la-charite.org\/wp-content\/uploads\/2023\/03\/isotipo-Hijas-de-la-Caridad.png","width":1417,"height":1417,"caption":"Hijas de la Caridad"},"image":{"@id":"https:\/\/filles-de-la-charite.org\/pl\/#\/schema\/logo\/image\/"}},{"@type":"Person","@id":"https:\/\/filles-de-la-charite.org\/pl\/#\/schema\/person\/0c922b6ca71280639858d297b3a7209f","name":"SOR MARTA","image":{"@type":"ImageObject","inLanguage":"pl-PL","@id":"https:\/\/secure.gravatar.com\/avatar\/d2c45b0fd6bf2d3e2670ab3d112257c24ac80fa960360bba1bdc0676485d1d09?s=96&d=mm&r=g","url":"https:\/\/secure.gravatar.com\/avatar\/d2c45b0fd6bf2d3e2670ab3d112257c24ac80fa960360bba1bdc0676485d1d09?s=96&d=mm&r=g","contentUrl":"https:\/\/secure.gravatar.com\/avatar\/d2c45b0fd6bf2d3e2670ab3d112257c24ac80fa960360bba1bdc0676485d1d09?s=96&d=mm&r=g","caption":"SOR MARTA"},"url":"https:\/\/filles-de-la-charite.org\/pl\/author\/martaemn\/"}]}},"_links":{"self":[{"href":"https:\/\/filles-de-la-charite.org\/pl\/wp-json\/wp\/v2\/posts\/43523","targetHints":{"allow":["GET"]}}],"collection":[{"href":"https:\/\/filles-de-la-charite.org\/pl\/wp-json\/wp\/v2\/posts"}],"about":[{"href":"https:\/\/filles-de-la-charite.org\/pl\/wp-json\/wp\/v2\/types\/post"}],"author":[{"embeddable":true,"href":"https:\/\/filles-de-la-charite.org\/pl\/wp-json\/wp\/v2\/users\/5"}],"replies":[{"embeddable":true,"href":"https:\/\/filles-de-la-charite.org\/pl\/wp-json\/wp\/v2\/comments?post=43523"}],"version-history":[{"count":1,"href":"https:\/\/filles-de-la-charite.org\/pl\/wp-json\/wp\/v2\/posts\/43523\/revisions"}],"predecessor-version":[{"id":43524,"href":"https:\/\/filles-de-la-charite.org\/pl\/wp-json\/wp\/v2\/posts\/43523\/revisions\/43524"}],"wp:featuredmedia":[{"embeddable":true,"href":"https:\/\/filles-de-la-charite.org\/pl\/wp-json\/wp\/v2\/media\/42985"}],"wp:attachment":[{"href":"https:\/\/filles-de-la-charite.org\/pl\/wp-json\/wp\/v2\/media?parent=43523"}],"wp:term":[{"taxonomy":"category","embeddable":true,"href":"https:\/\/filles-de-la-charite.org\/pl\/wp-json\/wp\/v2\/categories?post=43523"},{"taxonomy":"post_tag","embeddable":true,"href":"https:\/\/filles-de-la-charite.org\/pl\/wp-json\/wp\/v2\/tags?post=43523"}],"curies":[{"name":"wp","href":"https:\/\/api.w.org\/{rel}","templated":true}]}}