{"id":46512,"date":"2025-09-10T09:25:50","date_gmt":"2025-09-10T07:25:50","guid":{"rendered":"https:\/\/filles-de-la-charite.org\/?p=46512"},"modified":"2025-09-30T16:46:47","modified_gmt":"2025-09-30T14:46:47","slug":"abramonos-al-espiritu-para-salir-y-franquear-las-puertas","status":"publish","type":"post","link":"https:\/\/filles-de-la-charite.org\/pl\/abramonos-al-espiritu-para-salir-y-franquear-las-puertas\/","title":{"rendered":"Otw\u00f3rzmy si\u0119 na Ducha \u015bwi\u0119tego, by i\u015b\u0107 i przechodzi\u0107 przez bramy\u2026"},"content":{"rendered":"\n<p>W dniach od 1 do 28 wrze\u015bnia Dom Macierzysty Si\u00f3str Mi\u0142osierdzia w Pary\u017cu go\u015bci Mi\u0119dzynarodow\u0105 Sesj\u0119 odnowy duchowej i wincenty\u0144skiej dla Si\u00f3str od 25 do 40 lat powo\u0142ania. Pod has\u0142em \u00ab<strong> Otw\u00f3rzmy si\u0119 na Ducha \u015bwi\u0119tego, by i\u015b\u0107 i przechodzi\u0107 przez bramy\u2026<\/strong>\u00bb Siostry z ca\u0142ego \u015bwiata maj\u0105 okazj\u0119 do\u015bwiadczy\u0107 bogactwa mi\u0119dzynarodowo\u015bci Zgromadzenia: czasu formacji, dzielenia si\u0119, modlitwy oraz r\u00f3\u017cnorodnych pielgrzymek do miejsc wincenty\u0144skich\u2026<\/p>\n\n\n\n<div class=\"wp-block-responsive-lightbox-gallery\"><div class=\"et_pb_slider et_pb_slider_fullwidth_off et_pb_gallery_post_type\">\n\t\t\t\t<div class=\"et_pb_slides\">\n\t\t\t\t\t<div class=\"et_pb_slide\" style=\"background: url(https:\/\/filles-de-la-charite.org\/wp-content\/uploads\/2025\/09\/3.jpg);\"><\/div><div class=\"et_pb_slide\" style=\"background: url(https:\/\/filles-de-la-charite.org\/wp-content\/uploads\/2025\/09\/30.jpg);\"><\/div><div class=\"et_pb_slide\" style=\"background: url(https:\/\/filles-de-la-charite.org\/wp-content\/uploads\/2025\/09\/31.jpg);\"><\/div><div class=\"et_pb_slide\" style=\"background: url(https:\/\/filles-de-la-charite.org\/wp-content\/uploads\/2025\/09\/32.jpg);\"><\/div><div class=\"et_pb_slide\" style=\"background: url(https:\/\/filles-de-la-charite.org\/wp-content\/uploads\/2025\/09\/35.jpg);\"><\/div><div class=\"et_pb_slide\" style=\"background: url(https:\/\/filles-de-la-charite.org\/wp-content\/uploads\/2025\/09\/41.jpg);\"><\/div><div class=\"et_pb_slide\" style=\"background: url(https:\/\/filles-de-la-charite.org\/wp-content\/uploads\/2025\/09\/1-1.jpg);\"><\/div><div class=\"et_pb_slide\" style=\"background: url(https:\/\/filles-de-la-charite.org\/wp-content\/uploads\/2025\/09\/3-1.jpg);\"><\/div><div class=\"et_pb_slide\" style=\"background: url(https:\/\/filles-de-la-charite.org\/wp-content\/uploads\/2025\/09\/4-1.jpg);\"><\/div><div class=\"et_pb_slide\" style=\"background: url(https:\/\/filles-de-la-charite.org\/wp-content\/uploads\/2025\/09\/6-1.jpg);\"><\/div><div class=\"et_pb_slide\" style=\"background: url(https:\/\/filles-de-la-charite.org\/wp-content\/uploads\/2025\/09\/15-1.jpg);\"><\/div><div class=\"et_pb_slide\" style=\"background: url(https:\/\/filles-de-la-charite.org\/wp-content\/uploads\/2025\/09\/22.jpg);\"><\/div><div class=\"et_pb_slide\" style=\"background: url(https:\/\/filles-de-la-charite.org\/wp-content\/uploads\/2025\/09\/24.jpg);\"><\/div><div class=\"et_pb_slide\" style=\"background: url(https:\/\/filles-de-la-charite.org\/wp-content\/uploads\/2025\/09\/IMG-20250929-WA0021.jpg);\"><\/div><div class=\"et_pb_slide\" style=\"background: url(https:\/\/filles-de-la-charite.org\/wp-content\/uploads\/2025\/09\/26.jpg);\"><\/div><div class=\"et_pb_slide\" style=\"background: url(https:\/\/filles-de-la-charite.org\/wp-content\/uploads\/2025\/09\/2.jpg);\"><\/div><div class=\"et_pb_slide\" style=\"background: url(https:\/\/filles-de-la-charite.org\/wp-content\/uploads\/2025\/09\/4.jpg);\"><\/div><div class=\"et_pb_slide\" style=\"background: url(https:\/\/filles-de-la-charite.org\/wp-content\/uploads\/2025\/09\/6.jpg);\"><\/div><div class=\"et_pb_slide\" style=\"background: url(https:\/\/filles-de-la-charite.org\/wp-content\/uploads\/2025\/09\/7.jpg);\"><\/div><div class=\"et_pb_slide\" style=\"background: url(https:\/\/filles-de-la-charite.org\/wp-content\/uploads\/2025\/09\/8.jpg);\"><\/div><div class=\"et_pb_slide\" style=\"background: url(https:\/\/filles-de-la-charite.org\/wp-content\/uploads\/2025\/09\/9.jpg);\"><\/div><div class=\"et_pb_slide\" style=\"background: url(https:\/\/filles-de-la-charite.org\/wp-content\/uploads\/2025\/09\/12.jpg);\"><\/div><div class=\"et_pb_slide\" style=\"background: url(https:\/\/filles-de-la-charite.org\/wp-content\/uploads\/2025\/09\/13.jpg);\"><\/div><div class=\"et_pb_slide\" style=\"background: url(https:\/\/filles-de-la-charite.org\/wp-content\/uploads\/2025\/09\/14.jpg);\"><\/div><div class=\"et_pb_slide\" style=\"background: url(https:\/\/filles-de-la-charite.org\/wp-content\/uploads\/2025\/09\/15.jpg);\"><\/div><div class=\"et_pb_slide\" style=\"background: url(https:\/\/filles-de-la-charite.org\/wp-content\/uploads\/2025\/09\/20250903_074507-scaled.jpg);\"><\/div><div class=\"et_pb_slide\" style=\"background: url(https:\/\/filles-de-la-charite.org\/wp-content\/uploads\/2025\/09\/20250903_111131.jpg);\"><\/div><div class=\"et_pb_slide\" style=\"background: url(https:\/\/filles-de-la-charite.org\/wp-content\/uploads\/2025\/09\/20250904_1720570-scaled.jpg);\"><\/div><div class=\"et_pb_slide\" style=\"background: url(https:\/\/filles-de-la-charite.org\/wp-content\/uploads\/2025\/09\/1.jpg);\"><\/div><div class=\"et_pb_slide\" style=\"background: url(https:\/\/filles-de-la-charite.org\/wp-content\/uploads\/2025\/09\/IMG-20250929-WA0020.jpg);\"><\/div>\n\t\t\t\t<\/div>\n\t\t\t<\/div><\/div>\n\n\n\n<p><\/p>\n\n\n\n<figure class=\"wp-block-embed is-type-video is-provider-youtube wp-block-embed-youtube wp-embed-aspect-16-9 wp-has-aspect-ratio\"><div class=\"wp-block-embed__wrapper\">\n<iframe loading=\"lazy\" title=\"Session internationale vincentienne des S\u0153urs de 25-40 ans de vocation\" width=\"1080\" height=\"608\" src=\"https:\/\/www.youtube.com\/embed\/c7K37C2ZMVU?feature=oembed\"  allow=\"accelerometer; autoplay; clipboard-write; encrypted-media; gyroscope; picture-in-picture; web-share\" referrerpolicy=\"strict-origin-when-cross-origin\" allowfullscreen><\/iframe>\n<\/div><\/figure>\n","protected":false},"excerpt":{"rendered":"<p>W dniach od 1 do 28 wrze\u015bnia Dom Macierzysty Si\u00f3str Mi\u0142osierdzia w Pary\u017cu go\u015bci Mi\u0119dzynarodow\u0105 Sesj\u0119 odnowy duchowej i wincenty\u0144skiej dla Si\u00f3str od 25 do 40 lat powo\u0142ania. Pod has\u0142em \u00ab Otw\u00f3rzmy si\u0119 na Ducha \u015bwi\u0119tego, by i\u015b\u0107 i przechodzi\u0107 przez bramy\u2026\u00bb Siostry z ca\u0142ego \u015bwiata maj\u0105 okazj\u0119 do\u015bwiadczy\u0107 bogactwa mi\u0119dzynarodowo\u015bci Zgromadzenia: czasu formacji, dzielenia [&hellip;]<\/p>\n","protected":false},"author":5,"featured_media":46465,"comment_status":"closed","ping_status":"closed","sticky":false,"template":"","format":"standard","meta":{"_acf_changed":false,"footnotes":"","_links_to":"","_links_to_target":""},"categories":[844],"tags":[],"class_list":["post-46512","post","type-post","status-publish","format-standard","has-post-thumbnail","hentry","category-miedzynarodowy"],"acf":[],"yoast_head":"<!-- This site is optimized with the Yoast SEO plugin v27.5 - https:\/\/yoast.com\/product\/yoast-seo-wordpress\/ -->\n<title>Otw\u00f3rzmy si\u0119 na Ducha \u015bwi\u0119tego, by i\u015b\u0107 i przechodzi\u0107 przez bramy\u2026 - Filles de la Charit\u00e9<\/title>\n<meta name=\"robots\" content=\"index, follow, max-snippet:-1, max-image-preview:large, max-video-preview:-1\" \/>\n<link rel=\"canonical\" href=\"https:\/\/filles-de-la-charite.org\/pl\/abramonos-al-espiritu-para-salir-y-franquear-las-puertas\/\" \/>\n<meta property=\"og:locale\" content=\"pl_PL\" \/>\n<meta property=\"og:type\" content=\"article\" \/>\n<meta property=\"og:title\" content=\"Otw\u00f3rzmy si\u0119 na Ducha \u015bwi\u0119tego, by i\u015b\u0107 i przechodzi\u0107 przez bramy\u2026 - Filles de la Charit\u00e9\" \/>\n<meta property=\"og:description\" content=\"W dniach od 1 do 28 wrze\u015bnia Dom Macierzysty Si\u00f3str Mi\u0142osierdzia w Pary\u017cu go\u015bci Mi\u0119dzynarodow\u0105 Sesj\u0119 odnowy duchowej i wincenty\u0144skiej dla Si\u00f3str od 25 do 40 lat powo\u0142ania. Pod has\u0142em \u00ab Otw\u00f3rzmy si\u0119 na Ducha \u015bwi\u0119tego, by i\u015b\u0107 i przechodzi\u0107 przez bramy\u2026\u00bb Siostry z ca\u0142ego \u015bwiata maj\u0105 okazj\u0119 do\u015bwiadczy\u0107 bogactwa mi\u0119dzynarodowo\u015bci Zgromadzenia: czasu formacji, dzielenia [&hellip;]\" \/>\n<meta property=\"og:url\" content=\"https:\/\/filles-de-la-charite.org\/pl\/abramonos-al-espiritu-para-salir-y-franquear-las-puertas\/\" \/>\n<meta property=\"og:site_name\" content=\"Filles de la Charit\u00e9\" \/>\n<meta property=\"article:published_time\" content=\"2025-09-10T07:25:50+00:00\" \/>\n<meta property=\"article:modified_time\" content=\"2025-09-30T14:46:47+00:00\" \/>\n<meta property=\"og:image\" content=\"https:\/\/filles-de-la-charite.org\/wp-content\/uploads\/2025\/09\/14.jpg\" \/>\n\t<meta property=\"og:image:width\" content=\"1536\" \/>\n\t<meta property=\"og:image:height\" content=\"2048\" \/>\n\t<meta property=\"og:image:type\" content=\"image\/jpeg\" \/>\n<meta name=\"author\" content=\"SOR MARTA\" \/>\n<meta name=\"twitter:card\" content=\"summary_large_image\" \/>\n<meta name=\"twitter:label1\" content=\"Napisane przez\" \/>\n\t<meta name=\"twitter:data1\" content=\"SOR MARTA\" \/>\n\t<meta name=\"twitter:label2\" content=\"Szacowany czas czytania\" \/>\n\t<meta name=\"twitter:data2\" content=\"1 minuta\" \/>\n<script type=\"application\/ld+json\" class=\"yoast-schema-graph\">{\"@context\":\"https:\\\/\\\/schema.org\",\"@graph\":[{\"@type\":\"Article\",\"@id\":\"https:\\\/\\\/filles-de-la-charite.org\\\/pl\\\/abramonos-al-espiritu-para-salir-y-franquear-las-puertas\\\/#article\",\"isPartOf\":{\"@id\":\"https:\\\/\\\/filles-de-la-charite.org\\\/pl\\\/abramonos-al-espiritu-para-salir-y-franquear-las-puertas\\\/\"},\"author\":{\"name\":\"SOR MARTA\",\"@id\":\"https:\\\/\\\/filles-de-la-charite.org\\\/pl\\\/#\\\/schema\\\/person\\\/0c922b6ca71280639858d297b3a7209f\"},\"headline\":\"Otw\u00f3rzmy si\u0119 na Ducha \u015bwi\u0119tego, by i\u015b\u0107 i przechodzi\u0107 przez bramy\u2026\",\"datePublished\":\"2025-09-10T07:25:50+00:00\",\"dateModified\":\"2025-09-30T14:46:47+00:00\",\"mainEntityOfPage\":{\"@id\":\"https:\\\/\\\/filles-de-la-charite.org\\\/pl\\\/abramonos-al-espiritu-para-salir-y-franquear-las-puertas\\\/\"},\"wordCount\":101,\"publisher\":{\"@id\":\"https:\\\/\\\/filles-de-la-charite.org\\\/pl\\\/#organization\"},\"image\":{\"@id\":\"https:\\\/\\\/filles-de-la-charite.org\\\/pl\\\/abramonos-al-espiritu-para-salir-y-franquear-las-puertas\\\/#primaryimage\"},\"thumbnailUrl\":\"https:\\\/\\\/filles-de-la-charite.org\\\/wp-content\\\/uploads\\\/2025\\\/09\\\/14.jpg\",\"articleSection\":[\"Mi\u0119dzynarodowy\"],\"inLanguage\":\"pl-PL\"},{\"@type\":\"WebPage\",\"@id\":\"https:\\\/\\\/filles-de-la-charite.org\\\/pl\\\/abramonos-al-espiritu-para-salir-y-franquear-las-puertas\\\/\",\"url\":\"https:\\\/\\\/filles-de-la-charite.org\\\/pl\\\/abramonos-al-espiritu-para-salir-y-franquear-las-puertas\\\/\",\"name\":\"Otw\u00f3rzmy si\u0119 na Ducha \u015bwi\u0119tego, by i\u015b\u0107 i przechodzi\u0107 przez bramy\u2026 - Filles de la Charit\u00e9\",\"isPartOf\":{\"@id\":\"https:\\\/\\\/filles-de-la-charite.org\\\/pl\\\/#website\"},\"primaryImageOfPage\":{\"@id\":\"https:\\\/\\\/filles-de-la-charite.org\\\/pl\\\/abramonos-al-espiritu-para-salir-y-franquear-las-puertas\\\/#primaryimage\"},\"image\":{\"@id\":\"https:\\\/\\\/filles-de-la-charite.org\\\/pl\\\/abramonos-al-espiritu-para-salir-y-franquear-las-puertas\\\/#primaryimage\"},\"thumbnailUrl\":\"https:\\\/\\\/filles-de-la-charite.org\\\/wp-content\\\/uploads\\\/2025\\\/09\\\/14.jpg\",\"datePublished\":\"2025-09-10T07:25:50+00:00\",\"dateModified\":\"2025-09-30T14:46:47+00:00\",\"breadcrumb\":{\"@id\":\"https:\\\/\\\/filles-de-la-charite.org\\\/pl\\\/abramonos-al-espiritu-para-salir-y-franquear-las-puertas\\\/#breadcrumb\"},\"inLanguage\":\"pl-PL\",\"potentialAction\":[{\"@type\":\"ReadAction\",\"target\":[\"https:\\\/\\\/filles-de-la-charite.org\\\/pl\\\/abramonos-al-espiritu-para-salir-y-franquear-las-puertas\\\/\"]}]},{\"@type\":\"ImageObject\",\"inLanguage\":\"pl-PL\",\"@id\":\"https:\\\/\\\/filles-de-la-charite.org\\\/pl\\\/abramonos-al-espiritu-para-salir-y-franquear-las-puertas\\\/#primaryimage\",\"url\":\"https:\\\/\\\/filles-de-la-charite.org\\\/wp-content\\\/uploads\\\/2025\\\/09\\\/14.jpg\",\"contentUrl\":\"https:\\\/\\\/filles-de-la-charite.org\\\/wp-content\\\/uploads\\\/2025\\\/09\\\/14.jpg\",\"width\":1536,\"height\":2048},{\"@type\":\"BreadcrumbList\",\"@id\":\"https:\\\/\\\/filles-de-la-charite.org\\\/pl\\\/abramonos-al-espiritu-para-salir-y-franquear-las-puertas\\\/#breadcrumb\",\"itemListElement\":[{\"@type\":\"ListItem\",\"position\":1,\"name\":\"Mi\u0119dzynarodowy\",\"item\":\"https:\\\/\\\/filles-de-la-charite.org\\\/pl\\\/category\\\/miedzynarodowy\\\/\"},{\"@type\":\"ListItem\",\"position\":2,\"name\":\"Otw\u00f3rzmy si\u0119 na Ducha \u015bwi\u0119tego, by i\u015b\u0107 i przechodzi\u0107 przez bramy\u2026\"}]},{\"@type\":\"WebSite\",\"@id\":\"https:\\\/\\\/filles-de-la-charite.org\\\/pl\\\/#website\",\"url\":\"https:\\\/\\\/filles-de-la-charite.org\\\/pl\\\/\",\"name\":\"Hijas de la Caridad\",\"description\":\"L\u2019amour de J\u00e9sus nous presse \u00e0 prendre soin des personnes les plus d\u00e9munies\",\"publisher\":{\"@id\":\"https:\\\/\\\/filles-de-la-charite.org\\\/pl\\\/#organization\"},\"potentialAction\":[{\"@type\":\"SearchAction\",\"target\":{\"@type\":\"EntryPoint\",\"urlTemplate\":\"https:\\\/\\\/filles-de-la-charite.org\\\/pl\\\/?s={search_term_string}\"},\"query-input\":{\"@type\":\"PropertyValueSpecification\",\"valueRequired\":true,\"valueName\":\"search_term_string\"}}],\"inLanguage\":\"pl-PL\"},{\"@type\":\"Organization\",\"@id\":\"https:\\\/\\\/filles-de-la-charite.org\\\/pl\\\/#organization\",\"name\":\"Hijas de la Caridad\",\"url\":\"https:\\\/\\\/filles-de-la-charite.org\\\/pl\\\/\",\"logo\":{\"@type\":\"ImageObject\",\"inLanguage\":\"pl-PL\",\"@id\":\"https:\\\/\\\/filles-de-la-charite.org\\\/pl\\\/#\\\/schema\\\/logo\\\/image\\\/\",\"url\":\"https:\\\/\\\/filles-de-la-charite.org\\\/wp-content\\\/uploads\\\/2023\\\/03\\\/isotipo-Hijas-de-la-Caridad.png\",\"contentUrl\":\"https:\\\/\\\/filles-de-la-charite.org\\\/wp-content\\\/uploads\\\/2023\\\/03\\\/isotipo-Hijas-de-la-Caridad.png\",\"width\":1417,\"height\":1417,\"caption\":\"Hijas de la Caridad\"},\"image\":{\"@id\":\"https:\\\/\\\/filles-de-la-charite.org\\\/pl\\\/#\\\/schema\\\/logo\\\/image\\\/\"}},{\"@type\":\"Person\",\"@id\":\"https:\\\/\\\/filles-de-la-charite.org\\\/pl\\\/#\\\/schema\\\/person\\\/0c922b6ca71280639858d297b3a7209f\",\"name\":\"SOR MARTA\",\"image\":{\"@type\":\"ImageObject\",\"inLanguage\":\"pl-PL\",\"@id\":\"https:\\\/\\\/secure.gravatar.com\\\/avatar\\\/d2c45b0fd6bf2d3e2670ab3d112257c24ac80fa960360bba1bdc0676485d1d09?s=96&d=mm&r=g\",\"url\":\"https:\\\/\\\/secure.gravatar.com\\\/avatar\\\/d2c45b0fd6bf2d3e2670ab3d112257c24ac80fa960360bba1bdc0676485d1d09?s=96&d=mm&r=g\",\"contentUrl\":\"https:\\\/\\\/secure.gravatar.com\\\/avatar\\\/d2c45b0fd6bf2d3e2670ab3d112257c24ac80fa960360bba1bdc0676485d1d09?s=96&d=mm&r=g\",\"caption\":\"SOR MARTA\"},\"url\":\"https:\\\/\\\/filles-de-la-charite.org\\\/pl\\\/author\\\/martaemn\\\/\"}]}<\/script>\n<!-- \/ Yoast SEO plugin. -->","yoast_head_json":{"title":"Otw\u00f3rzmy si\u0119 na Ducha \u015bwi\u0119tego, by i\u015b\u0107 i przechodzi\u0107 przez bramy\u2026 - Filles de la Charit\u00e9","robots":{"index":"index","follow":"follow","max-snippet":"max-snippet:-1","max-image-preview":"max-image-preview:large","max-video-preview":"max-video-preview:-1"},"canonical":"https:\/\/filles-de-la-charite.org\/pl\/abramonos-al-espiritu-para-salir-y-franquear-las-puertas\/","og_locale":"pl_PL","og_type":"article","og_title":"Otw\u00f3rzmy si\u0119 na Ducha \u015bwi\u0119tego, by i\u015b\u0107 i przechodzi\u0107 przez bramy\u2026 - Filles de la Charit\u00e9","og_description":"W dniach od 1 do 28 wrze\u015bnia Dom Macierzysty Si\u00f3str Mi\u0142osierdzia w Pary\u017cu go\u015bci Mi\u0119dzynarodow\u0105 Sesj\u0119 odnowy duchowej i wincenty\u0144skiej dla Si\u00f3str od 25 do 40 lat powo\u0142ania. Pod has\u0142em \u00ab Otw\u00f3rzmy si\u0119 na Ducha \u015bwi\u0119tego, by i\u015b\u0107 i przechodzi\u0107 przez bramy\u2026\u00bb Siostry z ca\u0142ego \u015bwiata maj\u0105 okazj\u0119 do\u015bwiadczy\u0107 bogactwa mi\u0119dzynarodowo\u015bci Zgromadzenia: czasu formacji, dzielenia [&hellip;]","og_url":"https:\/\/filles-de-la-charite.org\/pl\/abramonos-al-espiritu-para-salir-y-franquear-las-puertas\/","og_site_name":"Filles de la Charit\u00e9","article_published_time":"2025-09-10T07:25:50+00:00","article_modified_time":"2025-09-30T14:46:47+00:00","og_image":[{"width":1536,"height":2048,"url":"https:\/\/filles-de-la-charite.org\/wp-content\/uploads\/2025\/09\/14.jpg","type":"image\/jpeg"}],"author":"SOR MARTA","twitter_card":"summary_large_image","twitter_misc":{"Napisane przez":"SOR MARTA","Szacowany czas czytania":"1 minuta"},"schema":{"@context":"https:\/\/schema.org","@graph":[{"@type":"Article","@id":"https:\/\/filles-de-la-charite.org\/pl\/abramonos-al-espiritu-para-salir-y-franquear-las-puertas\/#article","isPartOf":{"@id":"https:\/\/filles-de-la-charite.org\/pl\/abramonos-al-espiritu-para-salir-y-franquear-las-puertas\/"},"author":{"name":"SOR MARTA","@id":"https:\/\/filles-de-la-charite.org\/pl\/#\/schema\/person\/0c922b6ca71280639858d297b3a7209f"},"headline":"Otw\u00f3rzmy si\u0119 na Ducha \u015bwi\u0119tego, by i\u015b\u0107 i przechodzi\u0107 przez bramy\u2026","datePublished":"2025-09-10T07:25:50+00:00","dateModified":"2025-09-30T14:46:47+00:00","mainEntityOfPage":{"@id":"https:\/\/filles-de-la-charite.org\/pl\/abramonos-al-espiritu-para-salir-y-franquear-las-puertas\/"},"wordCount":101,"publisher":{"@id":"https:\/\/filles-de-la-charite.org\/pl\/#organization"},"image":{"@id":"https:\/\/filles-de-la-charite.org\/pl\/abramonos-al-espiritu-para-salir-y-franquear-las-puertas\/#primaryimage"},"thumbnailUrl":"https:\/\/filles-de-la-charite.org\/wp-content\/uploads\/2025\/09\/14.jpg","articleSection":["Mi\u0119dzynarodowy"],"inLanguage":"pl-PL"},{"@type":"WebPage","@id":"https:\/\/filles-de-la-charite.org\/pl\/abramonos-al-espiritu-para-salir-y-franquear-las-puertas\/","url":"https:\/\/filles-de-la-charite.org\/pl\/abramonos-al-espiritu-para-salir-y-franquear-las-puertas\/","name":"Otw\u00f3rzmy si\u0119 na Ducha \u015bwi\u0119tego, by i\u015b\u0107 i przechodzi\u0107 przez bramy\u2026 - Filles de la Charit\u00e9","isPartOf":{"@id":"https:\/\/filles-de-la-charite.org\/pl\/#website"},"primaryImageOfPage":{"@id":"https:\/\/filles-de-la-charite.org\/pl\/abramonos-al-espiritu-para-salir-y-franquear-las-puertas\/#primaryimage"},"image":{"@id":"https:\/\/filles-de-la-charite.org\/pl\/abramonos-al-espiritu-para-salir-y-franquear-las-puertas\/#primaryimage"},"thumbnailUrl":"https:\/\/filles-de-la-charite.org\/wp-content\/uploads\/2025\/09\/14.jpg","datePublished":"2025-09-10T07:25:50+00:00","dateModified":"2025-09-30T14:46:47+00:00","breadcrumb":{"@id":"https:\/\/filles-de-la-charite.org\/pl\/abramonos-al-espiritu-para-salir-y-franquear-las-puertas\/#breadcrumb"},"inLanguage":"pl-PL","potentialAction":[{"@type":"ReadAction","target":["https:\/\/filles-de-la-charite.org\/pl\/abramonos-al-espiritu-para-salir-y-franquear-las-puertas\/"]}]},{"@type":"ImageObject","inLanguage":"pl-PL","@id":"https:\/\/filles-de-la-charite.org\/pl\/abramonos-al-espiritu-para-salir-y-franquear-las-puertas\/#primaryimage","url":"https:\/\/filles-de-la-charite.org\/wp-content\/uploads\/2025\/09\/14.jpg","contentUrl":"https:\/\/filles-de-la-charite.org\/wp-content\/uploads\/2025\/09\/14.jpg","width":1536,"height":2048},{"@type":"BreadcrumbList","@id":"https:\/\/filles-de-la-charite.org\/pl\/abramonos-al-espiritu-para-salir-y-franquear-las-puertas\/#breadcrumb","itemListElement":[{"@type":"ListItem","position":1,"name":"Mi\u0119dzynarodowy","item":"https:\/\/filles-de-la-charite.org\/pl\/category\/miedzynarodowy\/"},{"@type":"ListItem","position":2,"name":"Otw\u00f3rzmy si\u0119 na Ducha \u015bwi\u0119tego, by i\u015b\u0107 i przechodzi\u0107 przez bramy\u2026"}]},{"@type":"WebSite","@id":"https:\/\/filles-de-la-charite.org\/pl\/#website","url":"https:\/\/filles-de-la-charite.org\/pl\/","name":"Hijas de la Caridad","description":"L\u2019amour de J\u00e9sus nous presse \u00e0 prendre soin des personnes les plus d\u00e9munies","publisher":{"@id":"https:\/\/filles-de-la-charite.org\/pl\/#organization"},"potentialAction":[{"@type":"SearchAction","target":{"@type":"EntryPoint","urlTemplate":"https:\/\/filles-de-la-charite.org\/pl\/?s={search_term_string}"},"query-input":{"@type":"PropertyValueSpecification","valueRequired":true,"valueName":"search_term_string"}}],"inLanguage":"pl-PL"},{"@type":"Organization","@id":"https:\/\/filles-de-la-charite.org\/pl\/#organization","name":"Hijas de la Caridad","url":"https:\/\/filles-de-la-charite.org\/pl\/","logo":{"@type":"ImageObject","inLanguage":"pl-PL","@id":"https:\/\/filles-de-la-charite.org\/pl\/#\/schema\/logo\/image\/","url":"https:\/\/filles-de-la-charite.org\/wp-content\/uploads\/2023\/03\/isotipo-Hijas-de-la-Caridad.png","contentUrl":"https:\/\/filles-de-la-charite.org\/wp-content\/uploads\/2023\/03\/isotipo-Hijas-de-la-Caridad.png","width":1417,"height":1417,"caption":"Hijas de la Caridad"},"image":{"@id":"https:\/\/filles-de-la-charite.org\/pl\/#\/schema\/logo\/image\/"}},{"@type":"Person","@id":"https:\/\/filles-de-la-charite.org\/pl\/#\/schema\/person\/0c922b6ca71280639858d297b3a7209f","name":"SOR MARTA","image":{"@type":"ImageObject","inLanguage":"pl-PL","@id":"https:\/\/secure.gravatar.com\/avatar\/d2c45b0fd6bf2d3e2670ab3d112257c24ac80fa960360bba1bdc0676485d1d09?s=96&d=mm&r=g","url":"https:\/\/secure.gravatar.com\/avatar\/d2c45b0fd6bf2d3e2670ab3d112257c24ac80fa960360bba1bdc0676485d1d09?s=96&d=mm&r=g","contentUrl":"https:\/\/secure.gravatar.com\/avatar\/d2c45b0fd6bf2d3e2670ab3d112257c24ac80fa960360bba1bdc0676485d1d09?s=96&d=mm&r=g","caption":"SOR MARTA"},"url":"https:\/\/filles-de-la-charite.org\/pl\/author\/martaemn\/"}]}},"_links":{"self":[{"href":"https:\/\/filles-de-la-charite.org\/pl\/wp-json\/wp\/v2\/posts\/46512","targetHints":{"allow":["GET"]}}],"collection":[{"href":"https:\/\/filles-de-la-charite.org\/pl\/wp-json\/wp\/v2\/posts"}],"about":[{"href":"https:\/\/filles-de-la-charite.org\/pl\/wp-json\/wp\/v2\/types\/post"}],"author":[{"embeddable":true,"href":"https:\/\/filles-de-la-charite.org\/pl\/wp-json\/wp\/v2\/users\/5"}],"replies":[{"embeddable":true,"href":"https:\/\/filles-de-la-charite.org\/pl\/wp-json\/wp\/v2\/comments?post=46512"}],"version-history":[{"count":2,"href":"https:\/\/filles-de-la-charite.org\/pl\/wp-json\/wp\/v2\/posts\/46512\/revisions"}],"predecessor-version":[{"id":47077,"href":"https:\/\/filles-de-la-charite.org\/pl\/wp-json\/wp\/v2\/posts\/46512\/revisions\/47077"}],"wp:featuredmedia":[{"embeddable":true,"href":"https:\/\/filles-de-la-charite.org\/pl\/wp-json\/wp\/v2\/media\/46465"}],"wp:attachment":[{"href":"https:\/\/filles-de-la-charite.org\/pl\/wp-json\/wp\/v2\/media?parent=46512"}],"wp:term":[{"taxonomy":"category","embeddable":true,"href":"https:\/\/filles-de-la-charite.org\/pl\/wp-json\/wp\/v2\/categories?post=46512"},{"taxonomy":"post_tag","embeddable":true,"href":"https:\/\/filles-de-la-charite.org\/pl\/wp-json\/wp\/v2\/tags?post=46512"}],"curies":[{"name":"wp","href":"https:\/\/api.w.org\/{rel}","templated":true}]}}