{"id":47188,"date":"2025-10-05T18:17:58","date_gmt":"2025-10-05T16:17:58","guid":{"rendered":"https:\/\/filles-de-la-charite.org\/?p=47188"},"modified":"2025-10-04T00:26:11","modified_gmt":"2025-10-03T22:26:11","slug":"peregrinas-de-esperanza-con-maria-peregrinacion-a-notre-dame-de-paris","status":"publish","type":"post","link":"https:\/\/filles-de-la-charite.org\/pl\/peregrinas-de-esperanza-con-maria-peregrinacion-a-notre-dame-de-paris\/","title":{"rendered":"Pielgrzymi nadziei z Maryj\u0105 \u2013 pielgrzymka do katedry Notre Dame w Pary\u017cu"},"content":{"rendered":"\n<p>Rok jubileuszowy zapuka\u0142 do naszych drzwi wraz z zaproszeniem papie\u017ca Franciszka, aby\u015bmy stali si\u0119 \u201epielgrzymami nadziei\u201d. Wraz z nim odczuli\u015bmy, \u017ce ten jubileusz powinien by\u0107 momentem przebudzenia naszej \u015bwiadomo\u015bci, aby o\u017cywi\u0107 t\u0119 nadziej\u0119 w nas samych i w \u015bwiecie. Bez nadziei ewangelizacja jest bowiem niemo\u017cliwa, to z nadziej\u0105 ufamy wierno\u015bci Bo\u017cych obietnic.<\/p>\n\n\n\n<figure class=\"wp-block-image size-large\"><img loading=\"lazy\" decoding=\"async\" width=\"1024\" height=\"576\" src=\"https:\/\/filles-de-la-charite.org\/wp-content\/uploads\/2025\/09\/1-3-1024x576.jpg\" alt=\"\" class=\"wp-image-46828\" srcset=\"https:\/\/filles-de-la-charite.org\/wp-content\/uploads\/2025\/09\/1-3-980x551.jpg 980w, https:\/\/filles-de-la-charite.org\/wp-content\/uploads\/2025\/09\/1-3-480x270.jpg 480w\" sizes=\"(min-width: 0px) and (max-width: 480px) 480px, (min-width: 481px) and (max-width: 980px) 980px, (min-width: 981px) 1024px, 100vw\" \/><\/figure>\n\n\n\n<p>\u201eJa jestem z wami przez wszystkie dni, a\u017c do sko\u0144czenia \u015bwiata\u201d (Mt 28, 20).<\/p>\n\n\n\n<p>\u201eAni choroba, ani wiek nie mog\u0105 zwolni\u0107 nas z naszych chrze\u015bcija\u0144skich obowi\u0105zk\u00f3w\u201d.<\/p>\n\n\n\n<p>Jako podr\u00f3\u017cnicy tego \u015bwiata, niestrudzeni pielgrzymi nadziei na fascynuj\u0105cej drodze upodabniania si\u0119 do Chrystusa, Siostry ze Wsp\u00f3lnoty \u015bw. J\u00f3zefa z Domu Macierzystego w Pary\u017cu chcia\u0142y urzeczywistni\u0107 to do\u015bwiadczenie, odpowiadaj\u0105c na zaproszenie Papie\u017ca. Chcia\u0142y uczyni\u0107 ten Jubileusz momentem \u017cywego i osobistego spotkania z Panem Jezusem, \u201eBram\u0105 zbawienia\u201d, nasz\u0105 jedyn\u0105 nadziej\u0105.<\/p>\n\n\n\n<figure class=\"wp-block-image size-full\"><img loading=\"lazy\" decoding=\"async\" width=\"1200\" height=\"675\" src=\"https:\/\/filles-de-la-charite.org\/wp-content\/uploads\/2025\/09\/22-1.jpg\" alt=\"\" class=\"wp-image-46846\" srcset=\"https:\/\/filles-de-la-charite.org\/wp-content\/uploads\/2025\/09\/22-1.jpg 1200w, https:\/\/filles-de-la-charite.org\/wp-content\/uploads\/2025\/09\/22-1-980x551.jpg 980w, https:\/\/filles-de-la-charite.org\/wp-content\/uploads\/2025\/09\/22-1-480x270.jpg 480w\" sizes=\"(min-width: 0px) and (max-width: 480px) 480px, (min-width: 481px) and (max-width: 980px) 980px, (min-width: 981px) 1200px, 100vw\" \/><\/figure>\n\n\n\n<p>Zaproponowali\u015bmy naszym Siostrom pielgrzymk\u0119 do katedry Notre Dame w Pary\u017cu i bez \u017cadnego wahania w sercu ka\u017cdej z nich zap\u0142on\u0105\u0142 ogie\u0144 entuzjazmu. Co\u015b si\u0119 przebudzi\u0142o i by\u0142o to wyra\u017anie widoczne w takich wypowiedziach jak: \u201eCzekam na dzie\u0144 pielgrzymki do Notre Dame. \u201d, \u201eTy te\u017c wybierasz si\u0119 na pielgrzymk\u0119 do katedry Notre Dame?\u201d, \u201ePojad\u0119 z Siostrami z naszej Wsp\u00f3lnoty na pielgrzymk\u0119 do katedry Notre Dame\u201d. By\u0142o to dla nas bardzo motywuj\u0105ce.<\/p>\n\n\n\n<p>Jako Siostry Mi\u0142osierdzia, rozpocz\u0119\u0142y\u015bmy z ufno\u015bci\u0105 w Opatrzno\u015b\u0107 Bo\u017c\u0105, oddaj\u0105c wszystko w r\u0119ce Boga. Po d\u0142ugich przygotowaniach logistycznych, ale tak\u017ce psychicznych i duchowych, obejmuj\u0105cych lektur\u0119 konferencji \u015bw. Wincentego na temat Jubileuszu oraz listu papie\u017ca Franciszka, to \u015bwi\u0119to Naj\u015bwi\u0119tszego Imienia Maryi zosta\u0142o wybrane jako dzie\u0144 naszej pielgrzymki do Notre Dame w Pary\u017cu.<\/p>\n\n\n\n<figure class=\"wp-block-image size-large\"><img loading=\"lazy\" decoding=\"async\" width=\"1024\" height=\"768\" src=\"https:\/\/filles-de-la-charite.org\/wp-content\/uploads\/2025\/09\/3_1-1024x768.jpg\" alt=\"\" class=\"wp-image-46826\" srcset=\"https:\/\/filles-de-la-charite.org\/wp-content\/uploads\/2025\/09\/3_1-980x735.jpg 980w, https:\/\/filles-de-la-charite.org\/wp-content\/uploads\/2025\/09\/3_1-480x360.jpg 480w\" sizes=\"(min-width: 0px) and (max-width: 480px) 480px, (min-width: 481px) and (max-width: 980px) 980px, (min-width: 981px) 1024px, 100vw\" \/><\/figure>\n\n\n\n<p>Nie mo\u017cna i\u015b\u0107 bez Matki Jezusa, kt\u00f3ra \u201e\u015bwieci jak ikona nadziei dla swoich dzieci pielgrzymuj\u0105cych w historii\u201d, jest pierwsza na drodze i zawsze nas poprzedza.<\/p>\n\n\n\n<p>W ko\u0144cu nadszed\u0142 d\u0142ugo wyczekiwany dzie\u0144! Rozpocz\u0105\u0142 si\u0119 Msz\u0105 \u015awi\u0119t\u0105 odprawion\u0105 przez Ojca Jos\u00e9 Antonio Gonzaleza, naszego Dyrektora Generalnego. Zach\u0119ci\u0142 on nas, aby\u015bmy prze\u017cyli ten dzie\u0144 jako czas \u0142aski i podczas przekraczania Drzwi \u015awi\u0119tych wyrazili Bogu nasze pragnienie nawr\u00f3cenia, a tak\u017ce wysi\u0142ki, jakie nale\u017cy podejmowa\u0107 na co dzie\u0144, aby wzrasta\u0107 w tym procesie.<\/p>\n\n\n\n<figure class=\"wp-block-image size-large\"><img loading=\"lazy\" decoding=\"async\" width=\"1024\" height=\"576\" src=\"https:\/\/filles-de-la-charite.org\/wp-content\/uploads\/2025\/09\/5-1024x576.jpg\" alt=\"\" class=\"wp-image-46834\" srcset=\"https:\/\/filles-de-la-charite.org\/wp-content\/uploads\/2025\/09\/5-1024x576.jpg 1024w, https:\/\/filles-de-la-charite.org\/wp-content\/uploads\/2025\/09\/5-980x551.jpg 980w, https:\/\/filles-de-la-charite.org\/wp-content\/uploads\/2025\/09\/5-480x270.jpg 480w\" sizes=\"(min-width: 0px) and (max-width: 480px) 480px, (min-width: 481px) and (max-width: 980px) 980px, (min-width: 981px) 1024px, 100vw\" \/><\/figure>\n\n\n\n<p>Zaraz po mszy procesja Si\u00f3str na w\u00f3zkach inwalidzkich i innych w parach uda\u0142a si\u0119 do autobusu przystosowanego do naszych potrzeb fizycznych, czyli wyposa\u017conego w podno\u015bnik dla w\u00f3zk\u00f3w inwalidzkich.<\/p>\n\n\n\n<p>W autobusie odm\u00f3wiono r\u00f3\u017caniec i odby\u0142a si\u0119 pierwsza cz\u0119\u015b\u0107 celebracji&nbsp; odczytana z przygotowanego na t\u0119 okazj\u0119 zeszytu. Najwa\u017cniejsze momenty to: przej\u015bcie przez \u015awi\u0119te Drzwi, zwiedzanie odnowionej katedry, d\u0142u\u017csza przerwa przed relikwi\u0105 Korony Cierniowej i oczywi\u015bcie zdj\u0119cie grupowe na dziedzi\u0144cu katedry, aby uwieczni\u0107 ten pi\u0119kny jubileuszowy dzie\u0144.<\/p>\n\n\n\n<p>By\u0142y\u015bmy pod wra\u017ceniem uwa\u017cno\u015bci, solidarno\u015bci i szacunku ze strony wolontariuszy, a tak\u017ce tego, \u017ce obecny w katedrze t\u0142um ludzi zawsze robi\u0142 dla nas przej\u015bcie, towarzysz\u0105c nam u\u015bmiechem, jak te\u017c i braterstwa mi\u0119dzy nami i rado\u015bci ze wsp\u00f3lnego marszu.<\/p>\n\n\n\n<p>Wszystkie by\u0142y\u015bmy zachwycone! By\u0142o to tak pi\u0119kne, \u017ce czas mija\u0142 niepostrze\u017cenie, a nasze serca recytowa\u0142y wersety psalmu: \u201eWierz\u0119, i\u017c b\u0119d\u0119 ogl\u0105da\u0142 dobra Pa\u0144skie w ziemi \u017cyj\u0105cych\u201d (Psalm 26).<\/p>\n\n\n\n<figure class=\"wp-block-image size-large\"><img loading=\"lazy\" decoding=\"async\" width=\"1024\" height=\"576\" src=\"https:\/\/filles-de-la-charite.org\/wp-content\/uploads\/2025\/09\/44-1024x576.jpg\" alt=\"\" class=\"wp-image-46840\" srcset=\"https:\/\/filles-de-la-charite.org\/wp-content\/uploads\/2025\/09\/44-1024x576.jpg 1024w, https:\/\/filles-de-la-charite.org\/wp-content\/uploads\/2025\/09\/44-980x551.jpg 980w, https:\/\/filles-de-la-charite.org\/wp-content\/uploads\/2025\/09\/44-480x270.jpg 480w\" sizes=\"(min-width: 0px) and (max-width: 480px) 480px, (min-width: 481px) and (max-width: 980px) 980px, (min-width: 981px) 1024px, 100vw\" \/><\/figure>\n\n\n\n<p>Dzi\u0119kujemy wszystkim, kt\u00f3rzy sprawili, \u017ce to marzenie sta\u0142o si\u0119 rzeczywisto\u015bci\u0105: siostrze Luizie za jej motywacj\u0119, Ojcu Dyrektorowi Generalnemu, kt\u00f3ry towarzyszy\u0142 nam przez ca\u0142y czas, Wsp\u00f3lnocie za jej entuzjazm i zaanga\u017cowanie, Siostrom i personelowi, kt\u00f3rzy z oddaniem nas wspierali.<\/p>\n\n\n\n<p>\u201eZ ca\u0142ego serca dzi\u0119kujemy Ci, Panie, za Twoj\u0105 niesko\u0144czon\u0105 dobro\u0107. Dzi\u0119kujemy za ten dzie\u0144 \u0142aski i modlitwy! \u201d<\/p>\n\n\n\n<p>Siostry ze Wsp\u00f3lnoty \u015bw. J\u00f3zefa, Dom Macierzysty<\/p>\n\n\n\n<figure class=\"wp-block-image size-large\"><img loading=\"lazy\" decoding=\"async\" width=\"1024\" height=\"768\" src=\"https:\/\/filles-de-la-charite.org\/wp-content\/uploads\/2025\/09\/6_1-1024x768.jpg\" alt=\"\" class=\"wp-image-46820\" srcset=\"https:\/\/filles-de-la-charite.org\/wp-content\/uploads\/2025\/09\/6_1-980x735.jpg 980w, https:\/\/filles-de-la-charite.org\/wp-content\/uploads\/2025\/09\/6_1-480x360.jpg 480w\" sizes=\"(min-width: 0px) and (max-width: 480px) 480px, (min-width: 481px) and (max-width: 980px) 980px, (min-width: 981px) 1024px, 100vw\" \/><\/figure>\n","protected":false},"excerpt":{"rendered":"<p>Rok jubileuszowy zapuka\u0142 do naszych drzwi wraz z zaproszeniem papie\u017ca Franciszka, aby\u015bmy stali si\u0119 \u201epielgrzymami nadziei\u201d. Wraz z nim odczuli\u015bmy, \u017ce ten jubileusz powinien by\u0107 momentem przebudzenia naszej \u015bwiadomo\u015bci, aby o\u017cywi\u0107 t\u0119 nadziej\u0119 w nas samych i w \u015bwiecie. Bez nadziei ewangelizacja jest bowiem niemo\u017cliwa, to z nadziej\u0105 ufamy wierno\u015bci Bo\u017cych obietnic. \u201eJa jestem z [&hellip;]<\/p>\n","protected":false},"author":5,"featured_media":46815,"comment_status":"closed","ping_status":"closed","sticky":false,"template":"","format":"standard","meta":{"_acf_changed":false,"_et_pb_use_builder":"","_et_pb_old_content":"","_et_gb_content_width":"","footnotes":"","_links_to":"","_links_to_target":""},"categories":[560],"tags":[],"class_list":["post-47188","post","type-post","status-publish","format-standard","has-post-thumbnail","hentry","category-mother-house-pl"],"acf":[],"yoast_head":"<!-- This site is optimized with the Yoast SEO plugin v27.5 - https:\/\/yoast.com\/product\/yoast-seo-wordpress\/ -->\n<title>Pielgrzymi nadziei z Maryj\u0105 \u2013 pielgrzymka do katedry Notre Dame w Pary\u017cu - Filles de la Charit\u00e9<\/title>\n<meta name=\"robots\" content=\"index, follow, max-snippet:-1, max-image-preview:large, max-video-preview:-1\" \/>\n<link rel=\"canonical\" href=\"https:\/\/filles-de-la-charite.org\/pl\/peregrinas-de-esperanza-con-maria-peregrinacion-a-notre-dame-de-paris\/\" \/>\n<meta property=\"og:locale\" content=\"pl_PL\" \/>\n<meta property=\"og:type\" content=\"article\" \/>\n<meta property=\"og:title\" content=\"Pielgrzymi nadziei z Maryj\u0105 \u2013 pielgrzymka do katedry Notre Dame w Pary\u017cu - Filles de la Charit\u00e9\" \/>\n<meta property=\"og:description\" content=\"Rok jubileuszowy zapuka\u0142 do naszych drzwi wraz z zaproszeniem papie\u017ca Franciszka, aby\u015bmy stali si\u0119 \u201epielgrzymami nadziei\u201d. Wraz z nim odczuli\u015bmy, \u017ce ten jubileusz powinien by\u0107 momentem przebudzenia naszej \u015bwiadomo\u015bci, aby o\u017cywi\u0107 t\u0119 nadziej\u0119 w nas samych i w \u015bwiecie. Bez nadziei ewangelizacja jest bowiem niemo\u017cliwa, to z nadziej\u0105 ufamy wierno\u015bci Bo\u017cych obietnic. \u201eJa jestem z [&hellip;]\" \/>\n<meta property=\"og:url\" content=\"https:\/\/filles-de-la-charite.org\/pl\/peregrinas-de-esperanza-con-maria-peregrinacion-a-notre-dame-de-paris\/\" \/>\n<meta property=\"og:site_name\" content=\"Filles de la Charit\u00e9\" \/>\n<meta property=\"article:published_time\" content=\"2025-10-05T16:17:58+00:00\" \/>\n<meta property=\"og:image\" content=\"https:\/\/filles-de-la-charite.org\/wp-content\/uploads\/2025\/09\/6_1.jpg\" \/>\n\t<meta property=\"og:image:width\" content=\"1600\" \/>\n\t<meta property=\"og:image:height\" content=\"1200\" \/>\n\t<meta property=\"og:image:type\" content=\"image\/jpeg\" \/>\n<meta name=\"author\" content=\"SOR MARTA\" \/>\n<meta name=\"twitter:card\" content=\"summary_large_image\" \/>\n<meta name=\"twitter:label1\" content=\"Napisane przez\" \/>\n\t<meta name=\"twitter:data1\" content=\"SOR MARTA\" \/>\n\t<meta name=\"twitter:label2\" content=\"Szacowany czas czytania\" \/>\n\t<meta name=\"twitter:data2\" content=\"4 minuty\" \/>\n<script type=\"application\/ld+json\" class=\"yoast-schema-graph\">{\"@context\":\"https:\\\/\\\/schema.org\",\"@graph\":[{\"@type\":\"Article\",\"@id\":\"https:\\\/\\\/filles-de-la-charite.org\\\/pl\\\/peregrinas-de-esperanza-con-maria-peregrinacion-a-notre-dame-de-paris\\\/#article\",\"isPartOf\":{\"@id\":\"https:\\\/\\\/filles-de-la-charite.org\\\/pl\\\/peregrinas-de-esperanza-con-maria-peregrinacion-a-notre-dame-de-paris\\\/\"},\"author\":{\"name\":\"SOR MARTA\",\"@id\":\"https:\\\/\\\/filles-de-la-charite.org\\\/pl\\\/#\\\/schema\\\/person\\\/0c922b6ca71280639858d297b3a7209f\"},\"headline\":\"Pielgrzymi nadziei z Maryj\u0105 \u2013 pielgrzymka do katedry Notre Dame w Pary\u017cu\",\"datePublished\":\"2025-10-05T16:17:58+00:00\",\"mainEntityOfPage\":{\"@id\":\"https:\\\/\\\/filles-de-la-charite.org\\\/pl\\\/peregrinas-de-esperanza-con-maria-peregrinacion-a-notre-dame-de-paris\\\/\"},\"wordCount\":657,\"publisher\":{\"@id\":\"https:\\\/\\\/filles-de-la-charite.org\\\/pl\\\/#organization\"},\"image\":{\"@id\":\"https:\\\/\\\/filles-de-la-charite.org\\\/pl\\\/peregrinas-de-esperanza-con-maria-peregrinacion-a-notre-dame-de-paris\\\/#primaryimage\"},\"thumbnailUrl\":\"https:\\\/\\\/filles-de-la-charite.org\\\/wp-content\\\/uploads\\\/2025\\\/09\\\/6_1.jpg\",\"articleSection\":[\"Dom Macierzysty\"],\"inLanguage\":\"pl-PL\"},{\"@type\":\"WebPage\",\"@id\":\"https:\\\/\\\/filles-de-la-charite.org\\\/pl\\\/peregrinas-de-esperanza-con-maria-peregrinacion-a-notre-dame-de-paris\\\/\",\"url\":\"https:\\\/\\\/filles-de-la-charite.org\\\/pl\\\/peregrinas-de-esperanza-con-maria-peregrinacion-a-notre-dame-de-paris\\\/\",\"name\":\"Pielgrzymi nadziei z Maryj\u0105 \u2013 pielgrzymka do katedry Notre Dame w Pary\u017cu - Filles de la Charit\u00e9\",\"isPartOf\":{\"@id\":\"https:\\\/\\\/filles-de-la-charite.org\\\/pl\\\/#website\"},\"primaryImageOfPage\":{\"@id\":\"https:\\\/\\\/filles-de-la-charite.org\\\/pl\\\/peregrinas-de-esperanza-con-maria-peregrinacion-a-notre-dame-de-paris\\\/#primaryimage\"},\"image\":{\"@id\":\"https:\\\/\\\/filles-de-la-charite.org\\\/pl\\\/peregrinas-de-esperanza-con-maria-peregrinacion-a-notre-dame-de-paris\\\/#primaryimage\"},\"thumbnailUrl\":\"https:\\\/\\\/filles-de-la-charite.org\\\/wp-content\\\/uploads\\\/2025\\\/09\\\/6_1.jpg\",\"datePublished\":\"2025-10-05T16:17:58+00:00\",\"breadcrumb\":{\"@id\":\"https:\\\/\\\/filles-de-la-charite.org\\\/pl\\\/peregrinas-de-esperanza-con-maria-peregrinacion-a-notre-dame-de-paris\\\/#breadcrumb\"},\"inLanguage\":\"pl-PL\",\"potentialAction\":[{\"@type\":\"ReadAction\",\"target\":[\"https:\\\/\\\/filles-de-la-charite.org\\\/pl\\\/peregrinas-de-esperanza-con-maria-peregrinacion-a-notre-dame-de-paris\\\/\"]}]},{\"@type\":\"ImageObject\",\"inLanguage\":\"pl-PL\",\"@id\":\"https:\\\/\\\/filles-de-la-charite.org\\\/pl\\\/peregrinas-de-esperanza-con-maria-peregrinacion-a-notre-dame-de-paris\\\/#primaryimage\",\"url\":\"https:\\\/\\\/filles-de-la-charite.org\\\/wp-content\\\/uploads\\\/2025\\\/09\\\/6_1.jpg\",\"contentUrl\":\"https:\\\/\\\/filles-de-la-charite.org\\\/wp-content\\\/uploads\\\/2025\\\/09\\\/6_1.jpg\",\"width\":1600,\"height\":1200},{\"@type\":\"BreadcrumbList\",\"@id\":\"https:\\\/\\\/filles-de-la-charite.org\\\/pl\\\/peregrinas-de-esperanza-con-maria-peregrinacion-a-notre-dame-de-paris\\\/#breadcrumb\",\"itemListElement\":[{\"@type\":\"ListItem\",\"position\":1,\"name\":\"Dom Macierzysty\",\"item\":\"https:\\\/\\\/filles-de-la-charite.org\\\/pl\\\/category\\\/mother-house-pl\\\/\"},{\"@type\":\"ListItem\",\"position\":2,\"name\":\"Pielgrzymi nadziei z Maryj\u0105 \u2013 pielgrzymka do katedry Notre Dame w Pary\u017cu\"}]},{\"@type\":\"WebSite\",\"@id\":\"https:\\\/\\\/filles-de-la-charite.org\\\/pl\\\/#website\",\"url\":\"https:\\\/\\\/filles-de-la-charite.org\\\/pl\\\/\",\"name\":\"Hijas de la Caridad\",\"description\":\"L\u2019amour de J\u00e9sus nous presse \u00e0 prendre soin des personnes les plus d\u00e9munies\",\"publisher\":{\"@id\":\"https:\\\/\\\/filles-de-la-charite.org\\\/pl\\\/#organization\"},\"potentialAction\":[{\"@type\":\"SearchAction\",\"target\":{\"@type\":\"EntryPoint\",\"urlTemplate\":\"https:\\\/\\\/filles-de-la-charite.org\\\/pl\\\/?s={search_term_string}\"},\"query-input\":{\"@type\":\"PropertyValueSpecification\",\"valueRequired\":true,\"valueName\":\"search_term_string\"}}],\"inLanguage\":\"pl-PL\"},{\"@type\":\"Organization\",\"@id\":\"https:\\\/\\\/filles-de-la-charite.org\\\/pl\\\/#organization\",\"name\":\"Hijas de la Caridad\",\"url\":\"https:\\\/\\\/filles-de-la-charite.org\\\/pl\\\/\",\"logo\":{\"@type\":\"ImageObject\",\"inLanguage\":\"pl-PL\",\"@id\":\"https:\\\/\\\/filles-de-la-charite.org\\\/pl\\\/#\\\/schema\\\/logo\\\/image\\\/\",\"url\":\"https:\\\/\\\/filles-de-la-charite.org\\\/wp-content\\\/uploads\\\/2023\\\/03\\\/isotipo-Hijas-de-la-Caridad.png\",\"contentUrl\":\"https:\\\/\\\/filles-de-la-charite.org\\\/wp-content\\\/uploads\\\/2023\\\/03\\\/isotipo-Hijas-de-la-Caridad.png\",\"width\":1417,\"height\":1417,\"caption\":\"Hijas de la Caridad\"},\"image\":{\"@id\":\"https:\\\/\\\/filles-de-la-charite.org\\\/pl\\\/#\\\/schema\\\/logo\\\/image\\\/\"}},{\"@type\":\"Person\",\"@id\":\"https:\\\/\\\/filles-de-la-charite.org\\\/pl\\\/#\\\/schema\\\/person\\\/0c922b6ca71280639858d297b3a7209f\",\"name\":\"SOR MARTA\",\"image\":{\"@type\":\"ImageObject\",\"inLanguage\":\"pl-PL\",\"@id\":\"https:\\\/\\\/secure.gravatar.com\\\/avatar\\\/d2c45b0fd6bf2d3e2670ab3d112257c24ac80fa960360bba1bdc0676485d1d09?s=96&d=mm&r=g\",\"url\":\"https:\\\/\\\/secure.gravatar.com\\\/avatar\\\/d2c45b0fd6bf2d3e2670ab3d112257c24ac80fa960360bba1bdc0676485d1d09?s=96&d=mm&r=g\",\"contentUrl\":\"https:\\\/\\\/secure.gravatar.com\\\/avatar\\\/d2c45b0fd6bf2d3e2670ab3d112257c24ac80fa960360bba1bdc0676485d1d09?s=96&d=mm&r=g\",\"caption\":\"SOR MARTA\"},\"url\":\"https:\\\/\\\/filles-de-la-charite.org\\\/pl\\\/author\\\/martaemn\\\/\"}]}<\/script>\n<!-- \/ Yoast SEO plugin. -->","yoast_head_json":{"title":"Pielgrzymi nadziei z Maryj\u0105 \u2013 pielgrzymka do katedry Notre Dame w Pary\u017cu - Filles de la Charit\u00e9","robots":{"index":"index","follow":"follow","max-snippet":"max-snippet:-1","max-image-preview":"max-image-preview:large","max-video-preview":"max-video-preview:-1"},"canonical":"https:\/\/filles-de-la-charite.org\/pl\/peregrinas-de-esperanza-con-maria-peregrinacion-a-notre-dame-de-paris\/","og_locale":"pl_PL","og_type":"article","og_title":"Pielgrzymi nadziei z Maryj\u0105 \u2013 pielgrzymka do katedry Notre Dame w Pary\u017cu - Filles de la Charit\u00e9","og_description":"Rok jubileuszowy zapuka\u0142 do naszych drzwi wraz z zaproszeniem papie\u017ca Franciszka, aby\u015bmy stali si\u0119 \u201epielgrzymami nadziei\u201d. Wraz z nim odczuli\u015bmy, \u017ce ten jubileusz powinien by\u0107 momentem przebudzenia naszej \u015bwiadomo\u015bci, aby o\u017cywi\u0107 t\u0119 nadziej\u0119 w nas samych i w \u015bwiecie. Bez nadziei ewangelizacja jest bowiem niemo\u017cliwa, to z nadziej\u0105 ufamy wierno\u015bci Bo\u017cych obietnic. \u201eJa jestem z [&hellip;]","og_url":"https:\/\/filles-de-la-charite.org\/pl\/peregrinas-de-esperanza-con-maria-peregrinacion-a-notre-dame-de-paris\/","og_site_name":"Filles de la Charit\u00e9","article_published_time":"2025-10-05T16:17:58+00:00","og_image":[{"width":1600,"height":1200,"url":"https:\/\/filles-de-la-charite.org\/wp-content\/uploads\/2025\/09\/6_1.jpg","type":"image\/jpeg"}],"author":"SOR MARTA","twitter_card":"summary_large_image","twitter_misc":{"Napisane przez":"SOR MARTA","Szacowany czas czytania":"4 minuty"},"schema":{"@context":"https:\/\/schema.org","@graph":[{"@type":"Article","@id":"https:\/\/filles-de-la-charite.org\/pl\/peregrinas-de-esperanza-con-maria-peregrinacion-a-notre-dame-de-paris\/#article","isPartOf":{"@id":"https:\/\/filles-de-la-charite.org\/pl\/peregrinas-de-esperanza-con-maria-peregrinacion-a-notre-dame-de-paris\/"},"author":{"name":"SOR MARTA","@id":"https:\/\/filles-de-la-charite.org\/pl\/#\/schema\/person\/0c922b6ca71280639858d297b3a7209f"},"headline":"Pielgrzymi nadziei z Maryj\u0105 \u2013 pielgrzymka do katedry Notre Dame w Pary\u017cu","datePublished":"2025-10-05T16:17:58+00:00","mainEntityOfPage":{"@id":"https:\/\/filles-de-la-charite.org\/pl\/peregrinas-de-esperanza-con-maria-peregrinacion-a-notre-dame-de-paris\/"},"wordCount":657,"publisher":{"@id":"https:\/\/filles-de-la-charite.org\/pl\/#organization"},"image":{"@id":"https:\/\/filles-de-la-charite.org\/pl\/peregrinas-de-esperanza-con-maria-peregrinacion-a-notre-dame-de-paris\/#primaryimage"},"thumbnailUrl":"https:\/\/filles-de-la-charite.org\/wp-content\/uploads\/2025\/09\/6_1.jpg","articleSection":["Dom Macierzysty"],"inLanguage":"pl-PL"},{"@type":"WebPage","@id":"https:\/\/filles-de-la-charite.org\/pl\/peregrinas-de-esperanza-con-maria-peregrinacion-a-notre-dame-de-paris\/","url":"https:\/\/filles-de-la-charite.org\/pl\/peregrinas-de-esperanza-con-maria-peregrinacion-a-notre-dame-de-paris\/","name":"Pielgrzymi nadziei z Maryj\u0105 \u2013 pielgrzymka do katedry Notre Dame w Pary\u017cu - Filles de la Charit\u00e9","isPartOf":{"@id":"https:\/\/filles-de-la-charite.org\/pl\/#website"},"primaryImageOfPage":{"@id":"https:\/\/filles-de-la-charite.org\/pl\/peregrinas-de-esperanza-con-maria-peregrinacion-a-notre-dame-de-paris\/#primaryimage"},"image":{"@id":"https:\/\/filles-de-la-charite.org\/pl\/peregrinas-de-esperanza-con-maria-peregrinacion-a-notre-dame-de-paris\/#primaryimage"},"thumbnailUrl":"https:\/\/filles-de-la-charite.org\/wp-content\/uploads\/2025\/09\/6_1.jpg","datePublished":"2025-10-05T16:17:58+00:00","breadcrumb":{"@id":"https:\/\/filles-de-la-charite.org\/pl\/peregrinas-de-esperanza-con-maria-peregrinacion-a-notre-dame-de-paris\/#breadcrumb"},"inLanguage":"pl-PL","potentialAction":[{"@type":"ReadAction","target":["https:\/\/filles-de-la-charite.org\/pl\/peregrinas-de-esperanza-con-maria-peregrinacion-a-notre-dame-de-paris\/"]}]},{"@type":"ImageObject","inLanguage":"pl-PL","@id":"https:\/\/filles-de-la-charite.org\/pl\/peregrinas-de-esperanza-con-maria-peregrinacion-a-notre-dame-de-paris\/#primaryimage","url":"https:\/\/filles-de-la-charite.org\/wp-content\/uploads\/2025\/09\/6_1.jpg","contentUrl":"https:\/\/filles-de-la-charite.org\/wp-content\/uploads\/2025\/09\/6_1.jpg","width":1600,"height":1200},{"@type":"BreadcrumbList","@id":"https:\/\/filles-de-la-charite.org\/pl\/peregrinas-de-esperanza-con-maria-peregrinacion-a-notre-dame-de-paris\/#breadcrumb","itemListElement":[{"@type":"ListItem","position":1,"name":"Dom Macierzysty","item":"https:\/\/filles-de-la-charite.org\/pl\/category\/mother-house-pl\/"},{"@type":"ListItem","position":2,"name":"Pielgrzymi nadziei z Maryj\u0105 \u2013 pielgrzymka do katedry Notre Dame w Pary\u017cu"}]},{"@type":"WebSite","@id":"https:\/\/filles-de-la-charite.org\/pl\/#website","url":"https:\/\/filles-de-la-charite.org\/pl\/","name":"Hijas de la Caridad","description":"L\u2019amour de J\u00e9sus nous presse \u00e0 prendre soin des personnes les plus d\u00e9munies","publisher":{"@id":"https:\/\/filles-de-la-charite.org\/pl\/#organization"},"potentialAction":[{"@type":"SearchAction","target":{"@type":"EntryPoint","urlTemplate":"https:\/\/filles-de-la-charite.org\/pl\/?s={search_term_string}"},"query-input":{"@type":"PropertyValueSpecification","valueRequired":true,"valueName":"search_term_string"}}],"inLanguage":"pl-PL"},{"@type":"Organization","@id":"https:\/\/filles-de-la-charite.org\/pl\/#organization","name":"Hijas de la Caridad","url":"https:\/\/filles-de-la-charite.org\/pl\/","logo":{"@type":"ImageObject","inLanguage":"pl-PL","@id":"https:\/\/filles-de-la-charite.org\/pl\/#\/schema\/logo\/image\/","url":"https:\/\/filles-de-la-charite.org\/wp-content\/uploads\/2023\/03\/isotipo-Hijas-de-la-Caridad.png","contentUrl":"https:\/\/filles-de-la-charite.org\/wp-content\/uploads\/2023\/03\/isotipo-Hijas-de-la-Caridad.png","width":1417,"height":1417,"caption":"Hijas de la Caridad"},"image":{"@id":"https:\/\/filles-de-la-charite.org\/pl\/#\/schema\/logo\/image\/"}},{"@type":"Person","@id":"https:\/\/filles-de-la-charite.org\/pl\/#\/schema\/person\/0c922b6ca71280639858d297b3a7209f","name":"SOR MARTA","image":{"@type":"ImageObject","inLanguage":"pl-PL","@id":"https:\/\/secure.gravatar.com\/avatar\/d2c45b0fd6bf2d3e2670ab3d112257c24ac80fa960360bba1bdc0676485d1d09?s=96&d=mm&r=g","url":"https:\/\/secure.gravatar.com\/avatar\/d2c45b0fd6bf2d3e2670ab3d112257c24ac80fa960360bba1bdc0676485d1d09?s=96&d=mm&r=g","contentUrl":"https:\/\/secure.gravatar.com\/avatar\/d2c45b0fd6bf2d3e2670ab3d112257c24ac80fa960360bba1bdc0676485d1d09?s=96&d=mm&r=g","caption":"SOR MARTA"},"url":"https:\/\/filles-de-la-charite.org\/pl\/author\/martaemn\/"}]}},"_links":{"self":[{"href":"https:\/\/filles-de-la-charite.org\/pl\/wp-json\/wp\/v2\/posts\/47188","targetHints":{"allow":["GET"]}}],"collection":[{"href":"https:\/\/filles-de-la-charite.org\/pl\/wp-json\/wp\/v2\/posts"}],"about":[{"href":"https:\/\/filles-de-la-charite.org\/pl\/wp-json\/wp\/v2\/types\/post"}],"author":[{"embeddable":true,"href":"https:\/\/filles-de-la-charite.org\/pl\/wp-json\/wp\/v2\/users\/5"}],"replies":[{"embeddable":true,"href":"https:\/\/filles-de-la-charite.org\/pl\/wp-json\/wp\/v2\/comments?post=47188"}],"version-history":[{"count":1,"href":"https:\/\/filles-de-la-charite.org\/pl\/wp-json\/wp\/v2\/posts\/47188\/revisions"}],"predecessor-version":[{"id":47191,"href":"https:\/\/filles-de-la-charite.org\/pl\/wp-json\/wp\/v2\/posts\/47188\/revisions\/47191"}],"wp:featuredmedia":[{"embeddable":true,"href":"https:\/\/filles-de-la-charite.org\/pl\/wp-json\/wp\/v2\/media\/46815"}],"wp:attachment":[{"href":"https:\/\/filles-de-la-charite.org\/pl\/wp-json\/wp\/v2\/media?parent=47188"}],"wp:term":[{"taxonomy":"category","embeddable":true,"href":"https:\/\/filles-de-la-charite.org\/pl\/wp-json\/wp\/v2\/categories?post=47188"},{"taxonomy":"post_tag","embeddable":true,"href":"https:\/\/filles-de-la-charite.org\/pl\/wp-json\/wp\/v2\/tags?post=47188"}],"curies":[{"name":"wp","href":"https:\/\/api.w.org\/{rel}","templated":true}]}}