{"id":47373,"date":"2025-10-09T12:00:00","date_gmt":"2025-10-09T10:00:00","guid":{"rendered":"https:\/\/filles-de-la-charite.org\/?p=47373"},"modified":"2025-10-13T17:15:30","modified_gmt":"2025-10-13T15:15:30","slug":"dilexi-te-una-llamada-a-amar-a-los-pobres","status":"publish","type":"post","link":"https:\/\/filles-de-la-charite.org\/pl\/dilexi-te-una-llamada-a-amar-a-los-pobres\/","title":{"rendered":"Dilexi te: wezwanie do mi\u0142o\u015bci Ubogich"},"content":{"rendered":"\n<p>Papie\u017c Leon XIV opublikowa\u0142 adhortacj\u0119 apostolsk\u0105&nbsp;<em>Dilexi te<\/em>&nbsp;o mi\u0142o\u015bci wobec Ubogich. Kontynuuj\u0105c projekt papie\u017ca Franciszka, przedstawia j\u0105 \u201ena pocz\u0105tku swojego pontyfikatu\u201d, aby \u201ewszyscy chrze\u015bcijanie mogli dostrzec silny zwi\u0105zek mi\u0119dzy mi\u0142o\u015bci\u0105 Chrystusa aby\u015bmy stawali si\u0119 bli\u017animi Ubogich\u201d (n. 3).<\/p>\n\n\n\n<p>Tekst zach\u0119ca do rozpoznania oblicza Pana w Ubogich:<\/p>\n\n\n\n<p>\u201eKontakt z tymi, kt\u00f3rzy nie maj\u0105 w\u0142adzy i wielko\u015bci, jest fundamentalnym sposobem spotkania z Panem dziej\u00f3w\u201d (n. 5).<\/p>\n\n\n\n<p>W\u015br\u00f3d \u015bwiadk\u00f3w chrze\u015bcija\u0144skiej mi\u0142o\u015bci Papie\u017c z wdzi\u0119czno\u015bci\u0105 wspomina \"Siostry Mi\u0142osierdzia \u015bw. Wincentego a Paulo\" i \"\u015bw. Ludwik\u0119 de Marillac\", podkre\u015blaj\u0105c ich macierzy\u0144sk\u0105 trosk\u0119 o chorych oraz \u201eszczeg\u00f3lne b\u0142ogos\u0142awie\u0144stwo od Boga aby s\u0142u\u017cy\u0107 ubogim chorym w szpitalach\u201d (n. 51).<\/p>\n\n\n\n<p>Dla nas, Si\u00f3str Mi\u0142osierdzia \u015bw. Wincentego a Paulo,&nbsp;<em>Dilexi te<\/em>&nbsp;jest jasnym wezwaniem do odnowienia naszego powo\u0142ania: kocha\u0107 Chrystusa w ubogich z odwag\u0105, prostot\u0105 i nadziej\u0105.<\/p>\n\n\n\n<p>W czasie przygotowa\u0144 do naszych Konwent\u00f3w Domowych to wezwanie umacnia nasz\u0105 wsp\u00f3ln\u0105 drog\u0119 i przypomina, \u017ce mi\u0142o\u015b\u0107 jest \u017ar\u00f3d\u0142em i tchnieniem naszej misji.<\/p>\n\n\n\n<p><a href=\"https:\/\/www.vatican.va\/content\/leo-xiv\/pl\/apost_exhortations\/documents\/20251004-dilexi-te.html\" target=\"_blank\" rel=\"noreferrer noopener\">Pe\u0142ny tekst \u2013 *Dilexi te* (Vatican.va)<\/a><\/p>\n","protected":false},"excerpt":{"rendered":"<p>Papie\u017c Leon XIV opublikowa\u0142 adhortacj\u0119 apostolsk\u0105&nbsp;Dilexi te&nbsp;o mi\u0142o\u015bci wobec Ubogich. Kontynuuj\u0105c projekt papie\u017ca Franciszka, przedstawia j\u0105 \u201ena pocz\u0105tku swojego pontyfikatu\u201d, aby \u201ewszyscy chrze\u015bcijanie mogli dostrzec silny zwi\u0105zek mi\u0119dzy mi\u0142o\u015bci\u0105 Chrystusa aby\u015bmy stawali si\u0119 bli\u017animi Ubogich\u201d (n. 3). Tekst zach\u0119ca do rozpoznania oblicza Pana w Ubogich: \u201eKontakt z tymi, kt\u00f3rzy nie maj\u0105 w\u0142adzy i wielko\u015bci, jest [&hellip;]<\/p>\n","protected":false},"author":5,"featured_media":47367,"comment_status":"closed","ping_status":"closed","sticky":false,"template":"","format":"standard","meta":{"_acf_changed":false,"footnotes":"","_links_to":"","_links_to_target":""},"categories":[844],"tags":[],"class_list":["post-47373","post","type-post","status-publish","format-standard","has-post-thumbnail","hentry","category-miedzynarodowy"],"acf":[],"yoast_head":"<!-- This site is optimized with the Yoast SEO plugin v27.5 - https:\/\/yoast.com\/product\/yoast-seo-wordpress\/ -->\n<title>Dilexi te: wezwanie do mi\u0142o\u015bci Ubogich - Filles de la Charit\u00e9<\/title>\n<meta name=\"robots\" content=\"index, follow, max-snippet:-1, max-image-preview:large, max-video-preview:-1\" \/>\n<link rel=\"canonical\" href=\"https:\/\/filles-de-la-charite.org\/pl\/dilexi-te-una-llamada-a-amar-a-los-pobres\/\" \/>\n<meta property=\"og:locale\" content=\"pl_PL\" \/>\n<meta property=\"og:type\" content=\"article\" \/>\n<meta property=\"og:title\" content=\"Dilexi te: wezwanie do mi\u0142o\u015bci Ubogich - Filles de la Charit\u00e9\" \/>\n<meta property=\"og:description\" content=\"Papie\u017c Leon XIV opublikowa\u0142 adhortacj\u0119 apostolsk\u0105&nbsp;Dilexi te&nbsp;o mi\u0142o\u015bci wobec Ubogich. Kontynuuj\u0105c projekt papie\u017ca Franciszka, przedstawia j\u0105 \u201ena pocz\u0105tku swojego pontyfikatu\u201d, aby \u201ewszyscy chrze\u015bcijanie mogli dostrzec silny zwi\u0105zek mi\u0119dzy mi\u0142o\u015bci\u0105 Chrystusa aby\u015bmy stawali si\u0119 bli\u017animi Ubogich\u201d (n. 3). Tekst zach\u0119ca do rozpoznania oblicza Pana w Ubogich: \u201eKontakt z tymi, kt\u00f3rzy nie maj\u0105 w\u0142adzy i wielko\u015bci, jest [&hellip;]\" \/>\n<meta property=\"og:url\" content=\"https:\/\/filles-de-la-charite.org\/pl\/dilexi-te-una-llamada-a-amar-a-los-pobres\/\" \/>\n<meta property=\"og:site_name\" content=\"Filles de la Charit\u00e9\" \/>\n<meta property=\"article:published_time\" content=\"2025-10-09T10:00:00+00:00\" \/>\n<meta property=\"article:modified_time\" content=\"2025-10-13T15:15:30+00:00\" \/>\n<meta property=\"og:image\" content=\"https:\/\/filles-de-la-charite.org\/wp-content\/uploads\/2025\/10\/DILEXI-TE-scaled.jpg\" \/>\n\t<meta property=\"og:image:width\" content=\"2560\" \/>\n\t<meta property=\"og:image:height\" content=\"1440\" \/>\n\t<meta property=\"og:image:type\" content=\"image\/jpeg\" \/>\n<meta name=\"author\" content=\"SOR MARTA\" \/>\n<meta name=\"twitter:card\" content=\"summary_large_image\" \/>\n<meta name=\"twitter:label1\" content=\"Napisane przez\" \/>\n\t<meta name=\"twitter:data1\" content=\"SOR MARTA\" \/>\n\t<meta name=\"twitter:label2\" content=\"Szacowany czas czytania\" \/>\n\t<meta name=\"twitter:data2\" content=\"1 minuta\" \/>\n<script type=\"application\/ld+json\" class=\"yoast-schema-graph\">{\"@context\":\"https:\\\/\\\/schema.org\",\"@graph\":[{\"@type\":\"Article\",\"@id\":\"https:\\\/\\\/filles-de-la-charite.org\\\/pl\\\/dilexi-te-una-llamada-a-amar-a-los-pobres\\\/#article\",\"isPartOf\":{\"@id\":\"https:\\\/\\\/filles-de-la-charite.org\\\/pl\\\/dilexi-te-una-llamada-a-amar-a-los-pobres\\\/\"},\"author\":{\"name\":\"SOR MARTA\",\"@id\":\"https:\\\/\\\/filles-de-la-charite.org\\\/pl\\\/#\\\/schema\\\/person\\\/0c922b6ca71280639858d297b3a7209f\"},\"headline\":\"Dilexi te: wezwanie do mi\u0142o\u015bci Ubogich\",\"datePublished\":\"2025-10-09T10:00:00+00:00\",\"dateModified\":\"2025-10-13T15:15:30+00:00\",\"mainEntityOfPage\":{\"@id\":\"https:\\\/\\\/filles-de-la-charite.org\\\/pl\\\/dilexi-te-una-llamada-a-amar-a-los-pobres\\\/\"},\"wordCount\":212,\"publisher\":{\"@id\":\"https:\\\/\\\/filles-de-la-charite.org\\\/pl\\\/#organization\"},\"image\":{\"@id\":\"https:\\\/\\\/filles-de-la-charite.org\\\/pl\\\/dilexi-te-una-llamada-a-amar-a-los-pobres\\\/#primaryimage\"},\"thumbnailUrl\":\"https:\\\/\\\/filles-de-la-charite.org\\\/wp-content\\\/uploads\\\/2025\\\/10\\\/DILEXI-TE-scaled.jpg\",\"articleSection\":[\"Mi\u0119dzynarodowy\"],\"inLanguage\":\"pl-PL\"},{\"@type\":\"WebPage\",\"@id\":\"https:\\\/\\\/filles-de-la-charite.org\\\/pl\\\/dilexi-te-una-llamada-a-amar-a-los-pobres\\\/\",\"url\":\"https:\\\/\\\/filles-de-la-charite.org\\\/pl\\\/dilexi-te-una-llamada-a-amar-a-los-pobres\\\/\",\"name\":\"Dilexi te: wezwanie do mi\u0142o\u015bci Ubogich - Filles de la Charit\u00e9\",\"isPartOf\":{\"@id\":\"https:\\\/\\\/filles-de-la-charite.org\\\/pl\\\/#website\"},\"primaryImageOfPage\":{\"@id\":\"https:\\\/\\\/filles-de-la-charite.org\\\/pl\\\/dilexi-te-una-llamada-a-amar-a-los-pobres\\\/#primaryimage\"},\"image\":{\"@id\":\"https:\\\/\\\/filles-de-la-charite.org\\\/pl\\\/dilexi-te-una-llamada-a-amar-a-los-pobres\\\/#primaryimage\"},\"thumbnailUrl\":\"https:\\\/\\\/filles-de-la-charite.org\\\/wp-content\\\/uploads\\\/2025\\\/10\\\/DILEXI-TE-scaled.jpg\",\"datePublished\":\"2025-10-09T10:00:00+00:00\",\"dateModified\":\"2025-10-13T15:15:30+00:00\",\"breadcrumb\":{\"@id\":\"https:\\\/\\\/filles-de-la-charite.org\\\/pl\\\/dilexi-te-una-llamada-a-amar-a-los-pobres\\\/#breadcrumb\"},\"inLanguage\":\"pl-PL\",\"potentialAction\":[{\"@type\":\"ReadAction\",\"target\":[\"https:\\\/\\\/filles-de-la-charite.org\\\/pl\\\/dilexi-te-una-llamada-a-amar-a-los-pobres\\\/\"]}]},{\"@type\":\"ImageObject\",\"inLanguage\":\"pl-PL\",\"@id\":\"https:\\\/\\\/filles-de-la-charite.org\\\/pl\\\/dilexi-te-una-llamada-a-amar-a-los-pobres\\\/#primaryimage\",\"url\":\"https:\\\/\\\/filles-de-la-charite.org\\\/wp-content\\\/uploads\\\/2025\\\/10\\\/DILEXI-TE-scaled.jpg\",\"contentUrl\":\"https:\\\/\\\/filles-de-la-charite.org\\\/wp-content\\\/uploads\\\/2025\\\/10\\\/DILEXI-TE-scaled.jpg\",\"width\":2560,\"height\":1440},{\"@type\":\"BreadcrumbList\",\"@id\":\"https:\\\/\\\/filles-de-la-charite.org\\\/pl\\\/dilexi-te-una-llamada-a-amar-a-los-pobres\\\/#breadcrumb\",\"itemListElement\":[{\"@type\":\"ListItem\",\"position\":1,\"name\":\"Mi\u0119dzynarodowy\",\"item\":\"https:\\\/\\\/filles-de-la-charite.org\\\/pl\\\/category\\\/miedzynarodowy\\\/\"},{\"@type\":\"ListItem\",\"position\":2,\"name\":\"Dilexi te: wezwanie do mi\u0142o\u015bci Ubogich\"}]},{\"@type\":\"WebSite\",\"@id\":\"https:\\\/\\\/filles-de-la-charite.org\\\/pl\\\/#website\",\"url\":\"https:\\\/\\\/filles-de-la-charite.org\\\/pl\\\/\",\"name\":\"Hijas de la Caridad\",\"description\":\"L\u2019amour de J\u00e9sus nous presse \u00e0 prendre soin des personnes les plus d\u00e9munies\",\"publisher\":{\"@id\":\"https:\\\/\\\/filles-de-la-charite.org\\\/pl\\\/#organization\"},\"potentialAction\":[{\"@type\":\"SearchAction\",\"target\":{\"@type\":\"EntryPoint\",\"urlTemplate\":\"https:\\\/\\\/filles-de-la-charite.org\\\/pl\\\/?s={search_term_string}\"},\"query-input\":{\"@type\":\"PropertyValueSpecification\",\"valueRequired\":true,\"valueName\":\"search_term_string\"}}],\"inLanguage\":\"pl-PL\"},{\"@type\":\"Organization\",\"@id\":\"https:\\\/\\\/filles-de-la-charite.org\\\/pl\\\/#organization\",\"name\":\"Hijas de la Caridad\",\"url\":\"https:\\\/\\\/filles-de-la-charite.org\\\/pl\\\/\",\"logo\":{\"@type\":\"ImageObject\",\"inLanguage\":\"pl-PL\",\"@id\":\"https:\\\/\\\/filles-de-la-charite.org\\\/pl\\\/#\\\/schema\\\/logo\\\/image\\\/\",\"url\":\"https:\\\/\\\/filles-de-la-charite.org\\\/wp-content\\\/uploads\\\/2023\\\/03\\\/isotipo-Hijas-de-la-Caridad.png\",\"contentUrl\":\"https:\\\/\\\/filles-de-la-charite.org\\\/wp-content\\\/uploads\\\/2023\\\/03\\\/isotipo-Hijas-de-la-Caridad.png\",\"width\":1417,\"height\":1417,\"caption\":\"Hijas de la Caridad\"},\"image\":{\"@id\":\"https:\\\/\\\/filles-de-la-charite.org\\\/pl\\\/#\\\/schema\\\/logo\\\/image\\\/\"}},{\"@type\":\"Person\",\"@id\":\"https:\\\/\\\/filles-de-la-charite.org\\\/pl\\\/#\\\/schema\\\/person\\\/0c922b6ca71280639858d297b3a7209f\",\"name\":\"SOR MARTA\",\"image\":{\"@type\":\"ImageObject\",\"inLanguage\":\"pl-PL\",\"@id\":\"https:\\\/\\\/secure.gravatar.com\\\/avatar\\\/d2c45b0fd6bf2d3e2670ab3d112257c24ac80fa960360bba1bdc0676485d1d09?s=96&d=mm&r=g\",\"url\":\"https:\\\/\\\/secure.gravatar.com\\\/avatar\\\/d2c45b0fd6bf2d3e2670ab3d112257c24ac80fa960360bba1bdc0676485d1d09?s=96&d=mm&r=g\",\"contentUrl\":\"https:\\\/\\\/secure.gravatar.com\\\/avatar\\\/d2c45b0fd6bf2d3e2670ab3d112257c24ac80fa960360bba1bdc0676485d1d09?s=96&d=mm&r=g\",\"caption\":\"SOR MARTA\"},\"url\":\"https:\\\/\\\/filles-de-la-charite.org\\\/pl\\\/author\\\/martaemn\\\/\"}]}<\/script>\n<!-- \/ Yoast SEO plugin. -->","yoast_head_json":{"title":"Dilexi te: wezwanie do mi\u0142o\u015bci Ubogich - Filles de la Charit\u00e9","robots":{"index":"index","follow":"follow","max-snippet":"max-snippet:-1","max-image-preview":"max-image-preview:large","max-video-preview":"max-video-preview:-1"},"canonical":"https:\/\/filles-de-la-charite.org\/pl\/dilexi-te-una-llamada-a-amar-a-los-pobres\/","og_locale":"pl_PL","og_type":"article","og_title":"Dilexi te: wezwanie do mi\u0142o\u015bci Ubogich - Filles de la Charit\u00e9","og_description":"Papie\u017c Leon XIV opublikowa\u0142 adhortacj\u0119 apostolsk\u0105&nbsp;Dilexi te&nbsp;o mi\u0142o\u015bci wobec Ubogich. Kontynuuj\u0105c projekt papie\u017ca Franciszka, przedstawia j\u0105 \u201ena pocz\u0105tku swojego pontyfikatu\u201d, aby \u201ewszyscy chrze\u015bcijanie mogli dostrzec silny zwi\u0105zek mi\u0119dzy mi\u0142o\u015bci\u0105 Chrystusa aby\u015bmy stawali si\u0119 bli\u017animi Ubogich\u201d (n. 3). Tekst zach\u0119ca do rozpoznania oblicza Pana w Ubogich: \u201eKontakt z tymi, kt\u00f3rzy nie maj\u0105 w\u0142adzy i wielko\u015bci, jest [&hellip;]","og_url":"https:\/\/filles-de-la-charite.org\/pl\/dilexi-te-una-llamada-a-amar-a-los-pobres\/","og_site_name":"Filles de la Charit\u00e9","article_published_time":"2025-10-09T10:00:00+00:00","article_modified_time":"2025-10-13T15:15:30+00:00","og_image":[{"width":2560,"height":1440,"url":"https:\/\/filles-de-la-charite.org\/wp-content\/uploads\/2025\/10\/DILEXI-TE-scaled.jpg","type":"image\/jpeg"}],"author":"SOR MARTA","twitter_card":"summary_large_image","twitter_misc":{"Napisane przez":"SOR MARTA","Szacowany czas czytania":"1 minuta"},"schema":{"@context":"https:\/\/schema.org","@graph":[{"@type":"Article","@id":"https:\/\/filles-de-la-charite.org\/pl\/dilexi-te-una-llamada-a-amar-a-los-pobres\/#article","isPartOf":{"@id":"https:\/\/filles-de-la-charite.org\/pl\/dilexi-te-una-llamada-a-amar-a-los-pobres\/"},"author":{"name":"SOR MARTA","@id":"https:\/\/filles-de-la-charite.org\/pl\/#\/schema\/person\/0c922b6ca71280639858d297b3a7209f"},"headline":"Dilexi te: wezwanie do mi\u0142o\u015bci Ubogich","datePublished":"2025-10-09T10:00:00+00:00","dateModified":"2025-10-13T15:15:30+00:00","mainEntityOfPage":{"@id":"https:\/\/filles-de-la-charite.org\/pl\/dilexi-te-una-llamada-a-amar-a-los-pobres\/"},"wordCount":212,"publisher":{"@id":"https:\/\/filles-de-la-charite.org\/pl\/#organization"},"image":{"@id":"https:\/\/filles-de-la-charite.org\/pl\/dilexi-te-una-llamada-a-amar-a-los-pobres\/#primaryimage"},"thumbnailUrl":"https:\/\/filles-de-la-charite.org\/wp-content\/uploads\/2025\/10\/DILEXI-TE-scaled.jpg","articleSection":["Mi\u0119dzynarodowy"],"inLanguage":"pl-PL"},{"@type":"WebPage","@id":"https:\/\/filles-de-la-charite.org\/pl\/dilexi-te-una-llamada-a-amar-a-los-pobres\/","url":"https:\/\/filles-de-la-charite.org\/pl\/dilexi-te-una-llamada-a-amar-a-los-pobres\/","name":"Dilexi te: wezwanie do mi\u0142o\u015bci Ubogich - Filles de la Charit\u00e9","isPartOf":{"@id":"https:\/\/filles-de-la-charite.org\/pl\/#website"},"primaryImageOfPage":{"@id":"https:\/\/filles-de-la-charite.org\/pl\/dilexi-te-una-llamada-a-amar-a-los-pobres\/#primaryimage"},"image":{"@id":"https:\/\/filles-de-la-charite.org\/pl\/dilexi-te-una-llamada-a-amar-a-los-pobres\/#primaryimage"},"thumbnailUrl":"https:\/\/filles-de-la-charite.org\/wp-content\/uploads\/2025\/10\/DILEXI-TE-scaled.jpg","datePublished":"2025-10-09T10:00:00+00:00","dateModified":"2025-10-13T15:15:30+00:00","breadcrumb":{"@id":"https:\/\/filles-de-la-charite.org\/pl\/dilexi-te-una-llamada-a-amar-a-los-pobres\/#breadcrumb"},"inLanguage":"pl-PL","potentialAction":[{"@type":"ReadAction","target":["https:\/\/filles-de-la-charite.org\/pl\/dilexi-te-una-llamada-a-amar-a-los-pobres\/"]}]},{"@type":"ImageObject","inLanguage":"pl-PL","@id":"https:\/\/filles-de-la-charite.org\/pl\/dilexi-te-una-llamada-a-amar-a-los-pobres\/#primaryimage","url":"https:\/\/filles-de-la-charite.org\/wp-content\/uploads\/2025\/10\/DILEXI-TE-scaled.jpg","contentUrl":"https:\/\/filles-de-la-charite.org\/wp-content\/uploads\/2025\/10\/DILEXI-TE-scaled.jpg","width":2560,"height":1440},{"@type":"BreadcrumbList","@id":"https:\/\/filles-de-la-charite.org\/pl\/dilexi-te-una-llamada-a-amar-a-los-pobres\/#breadcrumb","itemListElement":[{"@type":"ListItem","position":1,"name":"Mi\u0119dzynarodowy","item":"https:\/\/filles-de-la-charite.org\/pl\/category\/miedzynarodowy\/"},{"@type":"ListItem","position":2,"name":"Dilexi te: wezwanie do mi\u0142o\u015bci Ubogich"}]},{"@type":"WebSite","@id":"https:\/\/filles-de-la-charite.org\/pl\/#website","url":"https:\/\/filles-de-la-charite.org\/pl\/","name":"Hijas de la Caridad","description":"L\u2019amour de J\u00e9sus nous presse \u00e0 prendre soin des personnes les plus d\u00e9munies","publisher":{"@id":"https:\/\/filles-de-la-charite.org\/pl\/#organization"},"potentialAction":[{"@type":"SearchAction","target":{"@type":"EntryPoint","urlTemplate":"https:\/\/filles-de-la-charite.org\/pl\/?s={search_term_string}"},"query-input":{"@type":"PropertyValueSpecification","valueRequired":true,"valueName":"search_term_string"}}],"inLanguage":"pl-PL"},{"@type":"Organization","@id":"https:\/\/filles-de-la-charite.org\/pl\/#organization","name":"Hijas de la Caridad","url":"https:\/\/filles-de-la-charite.org\/pl\/","logo":{"@type":"ImageObject","inLanguage":"pl-PL","@id":"https:\/\/filles-de-la-charite.org\/pl\/#\/schema\/logo\/image\/","url":"https:\/\/filles-de-la-charite.org\/wp-content\/uploads\/2023\/03\/isotipo-Hijas-de-la-Caridad.png","contentUrl":"https:\/\/filles-de-la-charite.org\/wp-content\/uploads\/2023\/03\/isotipo-Hijas-de-la-Caridad.png","width":1417,"height":1417,"caption":"Hijas de la Caridad"},"image":{"@id":"https:\/\/filles-de-la-charite.org\/pl\/#\/schema\/logo\/image\/"}},{"@type":"Person","@id":"https:\/\/filles-de-la-charite.org\/pl\/#\/schema\/person\/0c922b6ca71280639858d297b3a7209f","name":"SOR MARTA","image":{"@type":"ImageObject","inLanguage":"pl-PL","@id":"https:\/\/secure.gravatar.com\/avatar\/d2c45b0fd6bf2d3e2670ab3d112257c24ac80fa960360bba1bdc0676485d1d09?s=96&d=mm&r=g","url":"https:\/\/secure.gravatar.com\/avatar\/d2c45b0fd6bf2d3e2670ab3d112257c24ac80fa960360bba1bdc0676485d1d09?s=96&d=mm&r=g","contentUrl":"https:\/\/secure.gravatar.com\/avatar\/d2c45b0fd6bf2d3e2670ab3d112257c24ac80fa960360bba1bdc0676485d1d09?s=96&d=mm&r=g","caption":"SOR MARTA"},"url":"https:\/\/filles-de-la-charite.org\/pl\/author\/martaemn\/"}]}},"_links":{"self":[{"href":"https:\/\/filles-de-la-charite.org\/pl\/wp-json\/wp\/v2\/posts\/47373","targetHints":{"allow":["GET"]}}],"collection":[{"href":"https:\/\/filles-de-la-charite.org\/pl\/wp-json\/wp\/v2\/posts"}],"about":[{"href":"https:\/\/filles-de-la-charite.org\/pl\/wp-json\/wp\/v2\/types\/post"}],"author":[{"embeddable":true,"href":"https:\/\/filles-de-la-charite.org\/pl\/wp-json\/wp\/v2\/users\/5"}],"replies":[{"embeddable":true,"href":"https:\/\/filles-de-la-charite.org\/pl\/wp-json\/wp\/v2\/comments?post=47373"}],"version-history":[{"count":2,"href":"https:\/\/filles-de-la-charite.org\/pl\/wp-json\/wp\/v2\/posts\/47373\/revisions"}],"predecessor-version":[{"id":47411,"href":"https:\/\/filles-de-la-charite.org\/pl\/wp-json\/wp\/v2\/posts\/47373\/revisions\/47411"}],"wp:featuredmedia":[{"embeddable":true,"href":"https:\/\/filles-de-la-charite.org\/pl\/wp-json\/wp\/v2\/media\/47367"}],"wp:attachment":[{"href":"https:\/\/filles-de-la-charite.org\/pl\/wp-json\/wp\/v2\/media?parent=47373"}],"wp:term":[{"taxonomy":"category","embeddable":true,"href":"https:\/\/filles-de-la-charite.org\/pl\/wp-json\/wp\/v2\/categories?post=47373"},{"taxonomy":"post_tag","embeddable":true,"href":"https:\/\/filles-de-la-charite.org\/pl\/wp-json\/wp\/v2\/tags?post=47373"}],"curies":[{"name":"wp","href":"https:\/\/api.w.org\/{rel}","templated":true}]}}