{"id":47578,"date":"2025-11-08T18:18:34","date_gmt":"2025-11-08T17:18:34","guid":{"rendered":"https:\/\/filles-de-la-charite.org\/?p=47578"},"modified":"2025-11-07T23:51:52","modified_gmt":"2025-11-07T22:51:52","slug":"centro-misionero-internacional","status":"publish","type":"post","link":"https:\/\/filles-de-la-charite.org\/pl\/centro-misionero-internacional\/","title":{"rendered":"Mi\u0119dzynarodowe Centrum Misyjne"},"content":{"rendered":"\n<p>Od momentu powstania Mi\u0119dzynarodowe Centrum Misyjne w Domu Macierzystym jest symbolem wierno\u015bci misji ewangelicznej. Z oddaniem i mi\u0142o\u015bci\u0105 towarzyszy przysz\u0142ym misjonarkom w ich bezpo\u015brednich przygotowaniach do misji, pomagaj\u0105c im piel\u0119gnowa\u0107 ducha gotowo\u015bci, uwa\u017cnego s\u0142uchania i oddania dla drugich.<\/p>\n\n\n\n<p>Centrum jest nie tylko miejscem formacji, ale tak\u017ce przestrzeni\u0105 braterskiego przyj\u0119cia dla Si\u00f3str misjonarek, kt\u00f3re przebywaj\u0105c w Domu Macierzystym, znajduj\u0105 tu atmosfer\u0119 s\u0142uchania, dzielenia si\u0119 i odnowy duchowej. Jest to prawdziwa oaza, w kt\u00f3rej serce misjonarki budzi si\u0119 na nowo, aby z rado\u015bci\u0105 mog\u0142a kontynuowa\u0107 pos\u0142ug\u0119.<\/p>\n\n\n\n<p>W tej \u015bwi\u0119tej przestrzeni misja jest prze\u017cywana jako konkretny wyraz mi\u0142o\u015bci Boga do Ubogich i tych, kt\u00f3rzy najbardziej cierpi\u0105. Ka\u017cdy gest, ka\u017cde s\u0142owo, ka\u017cda wsp\u00f3lnie przez Siostry prze\u017cywana cisza&nbsp; jest znakiem komunii i nadziei.<\/p>\n\n\n\n<p>Mi\u0119dzynarodowe Centrum Misyjne jest przestrzeni\u0105, w kt\u00f3rej poszczeg\u00f3lne osoby mog\u0105 g\u0142\u0119boko zaanga\u017cowa\u0107 si\u0119 w misj\u0119. Tutaj nie tylko uczymy zasad pracy misyjnej, ale tak\u017ce zach\u0119camy wszystkich do wsp\u00f3lnego jej do\u015bwiadczania i celebrowania, buduj\u0105c poczucie wsp\u00f3lnoty i wsp\u00f3lnego celu.<\/p>\n\n\n\n<p>Tutaj odnawia si\u0119 wezwanie do ewangelizacji, a pos\u0142anie na misje staje si\u0119 aktem wiary i zaufania w dzia\u0142anie Ducha \u015awi\u0119tego.<\/p>\n\n\n\n<figure class=\"wp-block-embed is-type-video is-provider-youtube wp-block-embed-youtube wp-embed-aspect-16-9 wp-has-aspect-ratio\"><div class=\"wp-block-embed__wrapper\">\n<iframe loading=\"lazy\" title=\"Centre International Missionnaire \u00e0 la Maison-M\u00e8re\" width=\"1080\" height=\"608\" src=\"https:\/\/www.youtube.com\/embed\/DtB9z03OXRI?feature=oembed\"  allow=\"accelerometer; autoplay; clipboard-write; encrypted-media; gyroscope; picture-in-picture; web-share\" referrerpolicy=\"strict-origin-when-cross-origin\" allowfullscreen><\/iframe>\n<\/div><\/figure>\n","protected":false},"excerpt":{"rendered":"<p>Od momentu powstania Mi\u0119dzynarodowe Centrum Misyjne w Domu Macierzystym jest symbolem wierno\u015bci misji ewangelicznej. Z oddaniem i mi\u0142o\u015bci\u0105 towarzyszy przysz\u0142ym misjonarkom w ich bezpo\u015brednich przygotowaniach do misji, pomagaj\u0105c im piel\u0119gnowa\u0107 ducha gotowo\u015bci, uwa\u017cnego s\u0142uchania i oddania dla drugich. Centrum jest nie tylko miejscem formacji, ale tak\u017ce przestrzeni\u0105 braterskiego przyj\u0119cia dla Si\u00f3str misjonarek, kt\u00f3re przebywaj\u0105c w [&hellip;]<\/p>\n","protected":false},"author":5,"featured_media":47579,"comment_status":"closed","ping_status":"closed","sticky":false,"template":"","format":"standard","meta":{"_acf_changed":false,"footnotes":"","_links_to":"","_links_to_target":""},"categories":[560],"tags":[],"class_list":["post-47578","post","type-post","status-publish","format-standard","has-post-thumbnail","hentry","category-mother-house-pl"],"acf":[],"yoast_head":"<!-- This site is optimized with the Yoast SEO plugin v27.5 - https:\/\/yoast.com\/product\/yoast-seo-wordpress\/ -->\n<title>Mi\u0119dzynarodowe Centrum Misyjne - Filles de la Charit\u00e9<\/title>\n<meta name=\"robots\" content=\"index, follow, max-snippet:-1, max-image-preview:large, max-video-preview:-1\" \/>\n<link rel=\"canonical\" href=\"https:\/\/filles-de-la-charite.org\/pl\/centro-misionero-internacional\/\" \/>\n<meta property=\"og:locale\" content=\"pl_PL\" \/>\n<meta property=\"og:type\" content=\"article\" \/>\n<meta property=\"og:title\" content=\"Mi\u0119dzynarodowe Centrum Misyjne - Filles de la Charit\u00e9\" \/>\n<meta property=\"og:description\" content=\"Od momentu powstania Mi\u0119dzynarodowe Centrum Misyjne w Domu Macierzystym jest symbolem wierno\u015bci misji ewangelicznej. Z oddaniem i mi\u0142o\u015bci\u0105 towarzyszy przysz\u0142ym misjonarkom w ich bezpo\u015brednich przygotowaniach do misji, pomagaj\u0105c im piel\u0119gnowa\u0107 ducha gotowo\u015bci, uwa\u017cnego s\u0142uchania i oddania dla drugich. Centrum jest nie tylko miejscem formacji, ale tak\u017ce przestrzeni\u0105 braterskiego przyj\u0119cia dla Si\u00f3str misjonarek, kt\u00f3re przebywaj\u0105c w [&hellip;]\" \/>\n<meta property=\"og:url\" content=\"https:\/\/filles-de-la-charite.org\/pl\/centro-misionero-internacional\/\" \/>\n<meta property=\"og:site_name\" content=\"Filles de la Charit\u00e9\" \/>\n<meta property=\"article:published_time\" content=\"2025-11-08T17:18:34+00:00\" \/>\n<meta property=\"og:image\" content=\"https:\/\/filles-de-la-charite.org\/wp-content\/uploads\/2025\/11\/centro-misionero-cm-scaled.jpg\" \/>\n\t<meta property=\"og:image:width\" content=\"2560\" \/>\n\t<meta property=\"og:image:height\" content=\"1440\" \/>\n\t<meta property=\"og:image:type\" content=\"image\/jpeg\" \/>\n<meta name=\"author\" content=\"SOR MARTA\" \/>\n<meta name=\"twitter:card\" content=\"summary_large_image\" \/>\n<meta name=\"twitter:label1\" content=\"Napisane przez\" \/>\n\t<meta name=\"twitter:data1\" content=\"SOR MARTA\" \/>\n\t<meta name=\"twitter:label2\" content=\"Szacowany czas czytania\" \/>\n\t<meta name=\"twitter:data2\" content=\"2 minuty\" \/>\n<script type=\"application\/ld+json\" class=\"yoast-schema-graph\">{\"@context\":\"https:\\\/\\\/schema.org\",\"@graph\":[{\"@type\":\"Article\",\"@id\":\"https:\\\/\\\/filles-de-la-charite.org\\\/pl\\\/centro-misionero-internacional\\\/#article\",\"isPartOf\":{\"@id\":\"https:\\\/\\\/filles-de-la-charite.org\\\/pl\\\/centro-misionero-internacional\\\/\"},\"author\":{\"name\":\"SOR MARTA\",\"@id\":\"https:\\\/\\\/filles-de-la-charite.org\\\/pl\\\/#\\\/schema\\\/person\\\/0c922b6ca71280639858d297b3a7209f\"},\"headline\":\"Mi\u0119dzynarodowe Centrum Misyjne\",\"datePublished\":\"2025-11-08T17:18:34+00:00\",\"mainEntityOfPage\":{\"@id\":\"https:\\\/\\\/filles-de-la-charite.org\\\/pl\\\/centro-misionero-internacional\\\/\"},\"wordCount\":234,\"publisher\":{\"@id\":\"https:\\\/\\\/filles-de-la-charite.org\\\/pl\\\/#organization\"},\"image\":{\"@id\":\"https:\\\/\\\/filles-de-la-charite.org\\\/pl\\\/centro-misionero-internacional\\\/#primaryimage\"},\"thumbnailUrl\":\"https:\\\/\\\/filles-de-la-charite.org\\\/wp-content\\\/uploads\\\/2025\\\/11\\\/centro-misionero-cm-scaled.jpg\",\"articleSection\":[\"Dom Macierzysty\"],\"inLanguage\":\"pl-PL\"},{\"@type\":\"WebPage\",\"@id\":\"https:\\\/\\\/filles-de-la-charite.org\\\/pl\\\/centro-misionero-internacional\\\/\",\"url\":\"https:\\\/\\\/filles-de-la-charite.org\\\/pl\\\/centro-misionero-internacional\\\/\",\"name\":\"Mi\u0119dzynarodowe Centrum Misyjne - Filles de la Charit\u00e9\",\"isPartOf\":{\"@id\":\"https:\\\/\\\/filles-de-la-charite.org\\\/pl\\\/#website\"},\"primaryImageOfPage\":{\"@id\":\"https:\\\/\\\/filles-de-la-charite.org\\\/pl\\\/centro-misionero-internacional\\\/#primaryimage\"},\"image\":{\"@id\":\"https:\\\/\\\/filles-de-la-charite.org\\\/pl\\\/centro-misionero-internacional\\\/#primaryimage\"},\"thumbnailUrl\":\"https:\\\/\\\/filles-de-la-charite.org\\\/wp-content\\\/uploads\\\/2025\\\/11\\\/centro-misionero-cm-scaled.jpg\",\"datePublished\":\"2025-11-08T17:18:34+00:00\",\"breadcrumb\":{\"@id\":\"https:\\\/\\\/filles-de-la-charite.org\\\/pl\\\/centro-misionero-internacional\\\/#breadcrumb\"},\"inLanguage\":\"pl-PL\",\"potentialAction\":[{\"@type\":\"ReadAction\",\"target\":[\"https:\\\/\\\/filles-de-la-charite.org\\\/pl\\\/centro-misionero-internacional\\\/\"]}]},{\"@type\":\"ImageObject\",\"inLanguage\":\"pl-PL\",\"@id\":\"https:\\\/\\\/filles-de-la-charite.org\\\/pl\\\/centro-misionero-internacional\\\/#primaryimage\",\"url\":\"https:\\\/\\\/filles-de-la-charite.org\\\/wp-content\\\/uploads\\\/2025\\\/11\\\/centro-misionero-cm-scaled.jpg\",\"contentUrl\":\"https:\\\/\\\/filles-de-la-charite.org\\\/wp-content\\\/uploads\\\/2025\\\/11\\\/centro-misionero-cm-scaled.jpg\",\"width\":2560,\"height\":1440},{\"@type\":\"BreadcrumbList\",\"@id\":\"https:\\\/\\\/filles-de-la-charite.org\\\/pl\\\/centro-misionero-internacional\\\/#breadcrumb\",\"itemListElement\":[{\"@type\":\"ListItem\",\"position\":1,\"name\":\"Dom Macierzysty\",\"item\":\"https:\\\/\\\/filles-de-la-charite.org\\\/pl\\\/category\\\/mother-house-pl\\\/\"},{\"@type\":\"ListItem\",\"position\":2,\"name\":\"Mi\u0119dzynarodowe Centrum Misyjne\"}]},{\"@type\":\"WebSite\",\"@id\":\"https:\\\/\\\/filles-de-la-charite.org\\\/pl\\\/#website\",\"url\":\"https:\\\/\\\/filles-de-la-charite.org\\\/pl\\\/\",\"name\":\"Hijas de la Caridad\",\"description\":\"L\u2019amour de J\u00e9sus nous presse \u00e0 prendre soin des personnes les plus d\u00e9munies\",\"publisher\":{\"@id\":\"https:\\\/\\\/filles-de-la-charite.org\\\/pl\\\/#organization\"},\"potentialAction\":[{\"@type\":\"SearchAction\",\"target\":{\"@type\":\"EntryPoint\",\"urlTemplate\":\"https:\\\/\\\/filles-de-la-charite.org\\\/pl\\\/?s={search_term_string}\"},\"query-input\":{\"@type\":\"PropertyValueSpecification\",\"valueRequired\":true,\"valueName\":\"search_term_string\"}}],\"inLanguage\":\"pl-PL\"},{\"@type\":\"Organization\",\"@id\":\"https:\\\/\\\/filles-de-la-charite.org\\\/pl\\\/#organization\",\"name\":\"Hijas de la Caridad\",\"url\":\"https:\\\/\\\/filles-de-la-charite.org\\\/pl\\\/\",\"logo\":{\"@type\":\"ImageObject\",\"inLanguage\":\"pl-PL\",\"@id\":\"https:\\\/\\\/filles-de-la-charite.org\\\/pl\\\/#\\\/schema\\\/logo\\\/image\\\/\",\"url\":\"https:\\\/\\\/filles-de-la-charite.org\\\/wp-content\\\/uploads\\\/2023\\\/03\\\/isotipo-Hijas-de-la-Caridad.png\",\"contentUrl\":\"https:\\\/\\\/filles-de-la-charite.org\\\/wp-content\\\/uploads\\\/2023\\\/03\\\/isotipo-Hijas-de-la-Caridad.png\",\"width\":1417,\"height\":1417,\"caption\":\"Hijas de la Caridad\"},\"image\":{\"@id\":\"https:\\\/\\\/filles-de-la-charite.org\\\/pl\\\/#\\\/schema\\\/logo\\\/image\\\/\"}},{\"@type\":\"Person\",\"@id\":\"https:\\\/\\\/filles-de-la-charite.org\\\/pl\\\/#\\\/schema\\\/person\\\/0c922b6ca71280639858d297b3a7209f\",\"name\":\"SOR MARTA\",\"image\":{\"@type\":\"ImageObject\",\"inLanguage\":\"pl-PL\",\"@id\":\"https:\\\/\\\/secure.gravatar.com\\\/avatar\\\/d2c45b0fd6bf2d3e2670ab3d112257c24ac80fa960360bba1bdc0676485d1d09?s=96&d=mm&r=g\",\"url\":\"https:\\\/\\\/secure.gravatar.com\\\/avatar\\\/d2c45b0fd6bf2d3e2670ab3d112257c24ac80fa960360bba1bdc0676485d1d09?s=96&d=mm&r=g\",\"contentUrl\":\"https:\\\/\\\/secure.gravatar.com\\\/avatar\\\/d2c45b0fd6bf2d3e2670ab3d112257c24ac80fa960360bba1bdc0676485d1d09?s=96&d=mm&r=g\",\"caption\":\"SOR MARTA\"},\"url\":\"https:\\\/\\\/filles-de-la-charite.org\\\/pl\\\/author\\\/martaemn\\\/\"}]}<\/script>\n<!-- \/ Yoast SEO plugin. -->","yoast_head_json":{"title":"Mi\u0119dzynarodowe Centrum Misyjne - Filles de la Charit\u00e9","robots":{"index":"index","follow":"follow","max-snippet":"max-snippet:-1","max-image-preview":"max-image-preview:large","max-video-preview":"max-video-preview:-1"},"canonical":"https:\/\/filles-de-la-charite.org\/pl\/centro-misionero-internacional\/","og_locale":"pl_PL","og_type":"article","og_title":"Mi\u0119dzynarodowe Centrum Misyjne - Filles de la Charit\u00e9","og_description":"Od momentu powstania Mi\u0119dzynarodowe Centrum Misyjne w Domu Macierzystym jest symbolem wierno\u015bci misji ewangelicznej. Z oddaniem i mi\u0142o\u015bci\u0105 towarzyszy przysz\u0142ym misjonarkom w ich bezpo\u015brednich przygotowaniach do misji, pomagaj\u0105c im piel\u0119gnowa\u0107 ducha gotowo\u015bci, uwa\u017cnego s\u0142uchania i oddania dla drugich. Centrum jest nie tylko miejscem formacji, ale tak\u017ce przestrzeni\u0105 braterskiego przyj\u0119cia dla Si\u00f3str misjonarek, kt\u00f3re przebywaj\u0105c w [&hellip;]","og_url":"https:\/\/filles-de-la-charite.org\/pl\/centro-misionero-internacional\/","og_site_name":"Filles de la Charit\u00e9","article_published_time":"2025-11-08T17:18:34+00:00","og_image":[{"width":2560,"height":1440,"url":"https:\/\/filles-de-la-charite.org\/wp-content\/uploads\/2025\/11\/centro-misionero-cm-scaled.jpg","type":"image\/jpeg"}],"author":"SOR MARTA","twitter_card":"summary_large_image","twitter_misc":{"Napisane przez":"SOR MARTA","Szacowany czas czytania":"2 minuty"},"schema":{"@context":"https:\/\/schema.org","@graph":[{"@type":"Article","@id":"https:\/\/filles-de-la-charite.org\/pl\/centro-misionero-internacional\/#article","isPartOf":{"@id":"https:\/\/filles-de-la-charite.org\/pl\/centro-misionero-internacional\/"},"author":{"name":"SOR MARTA","@id":"https:\/\/filles-de-la-charite.org\/pl\/#\/schema\/person\/0c922b6ca71280639858d297b3a7209f"},"headline":"Mi\u0119dzynarodowe Centrum Misyjne","datePublished":"2025-11-08T17:18:34+00:00","mainEntityOfPage":{"@id":"https:\/\/filles-de-la-charite.org\/pl\/centro-misionero-internacional\/"},"wordCount":234,"publisher":{"@id":"https:\/\/filles-de-la-charite.org\/pl\/#organization"},"image":{"@id":"https:\/\/filles-de-la-charite.org\/pl\/centro-misionero-internacional\/#primaryimage"},"thumbnailUrl":"https:\/\/filles-de-la-charite.org\/wp-content\/uploads\/2025\/11\/centro-misionero-cm-scaled.jpg","articleSection":["Dom Macierzysty"],"inLanguage":"pl-PL"},{"@type":"WebPage","@id":"https:\/\/filles-de-la-charite.org\/pl\/centro-misionero-internacional\/","url":"https:\/\/filles-de-la-charite.org\/pl\/centro-misionero-internacional\/","name":"Mi\u0119dzynarodowe Centrum Misyjne - Filles de la Charit\u00e9","isPartOf":{"@id":"https:\/\/filles-de-la-charite.org\/pl\/#website"},"primaryImageOfPage":{"@id":"https:\/\/filles-de-la-charite.org\/pl\/centro-misionero-internacional\/#primaryimage"},"image":{"@id":"https:\/\/filles-de-la-charite.org\/pl\/centro-misionero-internacional\/#primaryimage"},"thumbnailUrl":"https:\/\/filles-de-la-charite.org\/wp-content\/uploads\/2025\/11\/centro-misionero-cm-scaled.jpg","datePublished":"2025-11-08T17:18:34+00:00","breadcrumb":{"@id":"https:\/\/filles-de-la-charite.org\/pl\/centro-misionero-internacional\/#breadcrumb"},"inLanguage":"pl-PL","potentialAction":[{"@type":"ReadAction","target":["https:\/\/filles-de-la-charite.org\/pl\/centro-misionero-internacional\/"]}]},{"@type":"ImageObject","inLanguage":"pl-PL","@id":"https:\/\/filles-de-la-charite.org\/pl\/centro-misionero-internacional\/#primaryimage","url":"https:\/\/filles-de-la-charite.org\/wp-content\/uploads\/2025\/11\/centro-misionero-cm-scaled.jpg","contentUrl":"https:\/\/filles-de-la-charite.org\/wp-content\/uploads\/2025\/11\/centro-misionero-cm-scaled.jpg","width":2560,"height":1440},{"@type":"BreadcrumbList","@id":"https:\/\/filles-de-la-charite.org\/pl\/centro-misionero-internacional\/#breadcrumb","itemListElement":[{"@type":"ListItem","position":1,"name":"Dom Macierzysty","item":"https:\/\/filles-de-la-charite.org\/pl\/category\/mother-house-pl\/"},{"@type":"ListItem","position":2,"name":"Mi\u0119dzynarodowe Centrum Misyjne"}]},{"@type":"WebSite","@id":"https:\/\/filles-de-la-charite.org\/pl\/#website","url":"https:\/\/filles-de-la-charite.org\/pl\/","name":"Hijas de la Caridad","description":"L\u2019amour de J\u00e9sus nous presse \u00e0 prendre soin des personnes les plus d\u00e9munies","publisher":{"@id":"https:\/\/filles-de-la-charite.org\/pl\/#organization"},"potentialAction":[{"@type":"SearchAction","target":{"@type":"EntryPoint","urlTemplate":"https:\/\/filles-de-la-charite.org\/pl\/?s={search_term_string}"},"query-input":{"@type":"PropertyValueSpecification","valueRequired":true,"valueName":"search_term_string"}}],"inLanguage":"pl-PL"},{"@type":"Organization","@id":"https:\/\/filles-de-la-charite.org\/pl\/#organization","name":"Hijas de la Caridad","url":"https:\/\/filles-de-la-charite.org\/pl\/","logo":{"@type":"ImageObject","inLanguage":"pl-PL","@id":"https:\/\/filles-de-la-charite.org\/pl\/#\/schema\/logo\/image\/","url":"https:\/\/filles-de-la-charite.org\/wp-content\/uploads\/2023\/03\/isotipo-Hijas-de-la-Caridad.png","contentUrl":"https:\/\/filles-de-la-charite.org\/wp-content\/uploads\/2023\/03\/isotipo-Hijas-de-la-Caridad.png","width":1417,"height":1417,"caption":"Hijas de la Caridad"},"image":{"@id":"https:\/\/filles-de-la-charite.org\/pl\/#\/schema\/logo\/image\/"}},{"@type":"Person","@id":"https:\/\/filles-de-la-charite.org\/pl\/#\/schema\/person\/0c922b6ca71280639858d297b3a7209f","name":"SOR MARTA","image":{"@type":"ImageObject","inLanguage":"pl-PL","@id":"https:\/\/secure.gravatar.com\/avatar\/d2c45b0fd6bf2d3e2670ab3d112257c24ac80fa960360bba1bdc0676485d1d09?s=96&d=mm&r=g","url":"https:\/\/secure.gravatar.com\/avatar\/d2c45b0fd6bf2d3e2670ab3d112257c24ac80fa960360bba1bdc0676485d1d09?s=96&d=mm&r=g","contentUrl":"https:\/\/secure.gravatar.com\/avatar\/d2c45b0fd6bf2d3e2670ab3d112257c24ac80fa960360bba1bdc0676485d1d09?s=96&d=mm&r=g","caption":"SOR MARTA"},"url":"https:\/\/filles-de-la-charite.org\/pl\/author\/martaemn\/"}]}},"_links":{"self":[{"href":"https:\/\/filles-de-la-charite.org\/pl\/wp-json\/wp\/v2\/posts\/47578","targetHints":{"allow":["GET"]}}],"collection":[{"href":"https:\/\/filles-de-la-charite.org\/pl\/wp-json\/wp\/v2\/posts"}],"about":[{"href":"https:\/\/filles-de-la-charite.org\/pl\/wp-json\/wp\/v2\/types\/post"}],"author":[{"embeddable":true,"href":"https:\/\/filles-de-la-charite.org\/pl\/wp-json\/wp\/v2\/users\/5"}],"replies":[{"embeddable":true,"href":"https:\/\/filles-de-la-charite.org\/pl\/wp-json\/wp\/v2\/comments?post=47578"}],"version-history":[{"count":1,"href":"https:\/\/filles-de-la-charite.org\/pl\/wp-json\/wp\/v2\/posts\/47578\/revisions"}],"predecessor-version":[{"id":47583,"href":"https:\/\/filles-de-la-charite.org\/pl\/wp-json\/wp\/v2\/posts\/47578\/revisions\/47583"}],"wp:featuredmedia":[{"embeddable":true,"href":"https:\/\/filles-de-la-charite.org\/pl\/wp-json\/wp\/v2\/media\/47579"}],"wp:attachment":[{"href":"https:\/\/filles-de-la-charite.org\/pl\/wp-json\/wp\/v2\/media?parent=47578"}],"wp:term":[{"taxonomy":"category","embeddable":true,"href":"https:\/\/filles-de-la-charite.org\/pl\/wp-json\/wp\/v2\/categories?post=47578"},{"taxonomy":"post_tag","embeddable":true,"href":"https:\/\/filles-de-la-charite.org\/pl\/wp-json\/wp\/v2\/tags?post=47578"}],"curies":[{"name":"wp","href":"https:\/\/api.w.org\/{rel}","templated":true}]}}