{"id":47600,"date":"2025-11-09T00:12:56","date_gmt":"2025-11-08T23:12:56","guid":{"rendered":"https:\/\/filles-de-la-charite.org\/?p=47600"},"modified":"2025-11-08T23:48:23","modified_gmt":"2025-11-08T22:48:23","slug":"un-nuevo-camino-de-comunion-la-admision-de-sor-piergrazia-licandro-en-la-compania-de-las-hijas-de-la-caridad","status":"publish","type":"post","link":"https:\/\/filles-de-la-charite.org\/pl\/un-nuevo-camino-de-comunion-la-admision-de-sor-piergrazia-licandro-en-la-compania-de-las-hijas-de-la-caridad\/","title":{"rendered":"Nowa droga komunii: przyj\u0119cie Siostry Piergrazii Licandro do Zgromadzenia Si\u00f3str Mi\u0142osierdzia."},"content":{"rendered":"\n<p>Uroczysto\u015b\u0107 Wszystkich \u015awi\u0119tych, dzie\u0144, w kt\u00f3rym oddajemy cze\u015b\u0107 tym, kt\u00f3rzy w pe\u0142ni prze\u017cyli mi\u0142o\u015b\u0107 Chrystusa, by\u0142a dla nas dniem pe\u0142nym \u0142aski i nadziei.<\/p>\n\n\n\n<p>Wraz z przyj\u0119ciem Siostry Piergrazia Licandro do Zgromadzenia Si\u00f3str Mi\u0142osierdzia, Prowincja \u015bw. Wincentego we W\u0142oszech do\u0142\u0105czy\u0142a do Seminarium Mi\u0119dzyprowincjalnego wraz z Prowincjami hiszpa\u0144skimi. Jest to nowy krok i znak, \u017ce Duch \u015awi\u0119ty otwiera drogi do komunii i wsp\u00f3\u0142pracy mi\u0119dzy naszymi wsp\u00f3lnotami europejskimi.<\/p>\n\n\n\n<figure class=\"wp-block-image size-large\"><img loading=\"lazy\" decoding=\"async\" width=\"1024\" height=\"768\" src=\"https:\/\/filles-de-la-charite.org\/wp-content\/uploads\/2025\/11\/3-1024x768.jpg\" alt=\"\" class=\"wp-image-47591\" srcset=\"https:\/\/filles-de-la-charite.org\/wp-content\/uploads\/2025\/11\/3-1024x768.jpg 1024w, https:\/\/filles-de-la-charite.org\/wp-content\/uploads\/2025\/11\/3-980x735.jpg 980w, https:\/\/filles-de-la-charite.org\/wp-content\/uploads\/2025\/11\/3-480x360.jpg 480w\" sizes=\"(min-width: 0px) and (max-width: 480px) 480px, (min-width: 481px) and (max-width: 980px) 980px, (min-width: 981px) 1024px, 100vw\" \/><\/figure>\n\n\n\n<p>W czasach, gdy spadek powo\u0142a\u0144 i r\u00f3\u017cnice mi\u0119dzy Prowincjami europejskimi mog\u0105 czasami sprawia\u0107, \u017ce czujemy si\u0119 zagubieni, ta nowa droga jest dla nas \u017ar\u00f3d\u0142em g\u0142\u0119bokiej rado\u015bci i ufno\u015bci. Po raz kolejny S\u0142owo Bo\u017ce dociera do nas jako \u017cywa obietnica:<\/p>\n\n\n\n<p><em>Oto Ja dokonuj\u0119 rzeczy nowej, pojawia si\u0119 w\u0142a\u015bnie. Czy\u017c jej nie poznajecie? Otworz\u0119 te\u017c drog\u0119 na pustyni, \u015bcie\u017cyny na pustkowiu.<\/em> (Izajasz 43:19)<\/p>\n\n\n\n<figure class=\"wp-block-image size-large\"><img loading=\"lazy\" decoding=\"async\" width=\"1024\" height=\"768\" src=\"https:\/\/filles-de-la-charite.org\/wp-content\/uploads\/2025\/11\/1-1024x768.jpg\" alt=\"\" class=\"wp-image-47589\" srcset=\"https:\/\/filles-de-la-charite.org\/wp-content\/uploads\/2025\/11\/1-980x735.jpg 980w, https:\/\/filles-de-la-charite.org\/wp-content\/uploads\/2025\/11\/1-480x360.jpg 480w\" sizes=\"(min-width: 0px) and (max-width: 480px) 480px, (min-width: 481px) and (max-width: 980px) 980px, (min-width: 981px) 1024px, 100vw\" \/><\/figure>\n\n\n\n<p>Uroczysto\u015b\u0107 przyj\u0119cia Siostry Piergrazii, kt\u00f3ra odby\u0142a si\u0119 w Domu Prowincjalnym w Rzymie, przebiega\u0142a w atmosferze modlitwy i braterstwa.<\/p>\n\n\n\n<p>Do wsp\u00f3lnoty Mi\u0119dzyprowincjalnego Seminarium Hiszpa\u0144skiego do\u0142\u0105czy\u0142y m\u0142ode Siostry i kilka Si\u00f3str z r\u00f3\u017cnych wsp\u00f3lnot w\u0142oskich. Obecne by\u0142y r\u00f3wnie\u017c s. Visitaci\u00f3n Garc\u00eda, Wizytatorka Prowincji p\u00f3\u0142nocnej Hiszpanii i koordynatorka Prowincji hiszpa\u0144skich, oraz s. Maria Rosaria Matranga, Wizytatorka Prowincji w\u0142oskiej. Ponadto uczestniczy\u0142y w uroczysto\u015bci niekt\u00f3re Radne Prowincjalne, Sekretarka i Ekonomka.<\/p>\n\n\n\n<figure class=\"wp-block-image size-large\"><img loading=\"lazy\" decoding=\"async\" width=\"1024\" height=\"768\" src=\"https:\/\/filles-de-la-charite.org\/wp-content\/uploads\/2025\/11\/5-1024x768.jpg\" alt=\"\" class=\"wp-image-47594\" srcset=\"https:\/\/filles-de-la-charite.org\/wp-content\/uploads\/2025\/11\/5-1024x768.jpg 1024w, https:\/\/filles-de-la-charite.org\/wp-content\/uploads\/2025\/11\/5-980x735.jpg 980w, https:\/\/filles-de-la-charite.org\/wp-content\/uploads\/2025\/11\/5-480x360.jpg 480w\" sizes=\"(min-width: 0px) and (max-width: 480px) 480px, (min-width: 481px) and (max-width: 980px) 980px, (min-width: 981px) 1024px, 100vw\" \/><\/figure>\n\n\n\n<p>Szczeg\u00f3lnie znacz\u0105ca by\u0142a obecno\u015b\u0107 Radnych Generalnych, Siostry Luisy Farri i Siostry Antonii Gonz\u00e1lez, kt\u00f3re \u015bwi\u0119towa\u0142y z nami t\u0119 chwil\u0119 \u0142aski. Ich udzia\u0142, wraz z pami\u0119ci\u0105 i blisko\u015bci\u0105 Prze\u0142o\u017conej Generalnej, Siostry Fran\u00e7oise Petit, sprawi\u0142, \u017ce poczu\u0142y\u015bmy konkretn\u0105 obecno\u015b\u0107 ca\u0142ego Zgromadzenia, towarzysz\u0105cego nam i wspieraj\u0105cego nas w tym kroku komunii.<\/p>\n\n\n\n<p>Ten dzie\u0144 by\u0142 prawdziwym \u201eEphata\u201d, co oznacza \u201eotw\u00f3rz si\u0119\u201d, zach\u0119caj\u0105cym nas do przyj\u0119cia nowego tchnienia Ducha z ufno\u015bci\u0105.<\/p>\n\n\n\n<p>Ten dzie\u0144 zosta\u0142 dodatkowo wzbogacony rozpocz\u0119ciem postulatu przez Elen\u0119 Follini, co by\u0142o dla nas symbolem obfito\u015bci dar\u00f3w Bo\u017cych.<\/p>\n\n\n\n<p>Bior\u0105c pod uwag\u0119 silny character powo\u0142aniowy tego dnia, postanowili\u015bmy zaprosi\u0107 do tego do\u015bwiadczenia kilka m\u0142odych kobiet, kt\u00f3re obecnie s\u0105 w trakcie rozeznawania swojego powo\u0142ania, co zamieni\u0142o to wydarzenie w prawdziw\u0105 uroczysto\u015b\u0107 powo\u0142aniow\u0105.<\/p>\n\n\n\n<figure class=\"wp-block-image size-large\"><img loading=\"lazy\" decoding=\"async\" width=\"1024\" height=\"576\" src=\"https:\/\/filles-de-la-charite.org\/wp-content\/uploads\/2025\/11\/2-1024x576.jpg\" alt=\"\" class=\"wp-image-47590\" srcset=\"https:\/\/filles-de-la-charite.org\/wp-content\/uploads\/2025\/11\/2-980x551.jpg 980w, https:\/\/filles-de-la-charite.org\/wp-content\/uploads\/2025\/11\/2-480x270.jpg 480w\" sizes=\"(min-width: 0px) and (max-width: 480px) 480px, (min-width: 481px) and (max-width: 980px) 980px, (min-width: 981px) 1024px, 100vw\" \/><\/figure>\n\n\n\n<p><\/p>\n\n\n\n<p>Dzie\u0144 przed \u015bwi\u0119tem by\u0142 czasem przygotowa\u0144, podczas kt\u00f3rych do\u015bwiadczyli\u015bmy g\u0142\u0119bokiej duchowej komunii. O. Nicola Albanesi CM poprowadzi\u0142 medytacj\u0119 po\u015bwi\u0119con\u0105 tematowi \u015bwi\u0119to\u015bci. Przypomnia\u0142 nam, \u017ce oddanie si\u0119 jest drog\u0105, kt\u00f3ra czyni nas otwartymi na dzia\u0142anie \u0142aski i pozwala nam sta\u0107 si\u0119 stra\u017cnikami Ducha. \u015awiadectwo powo\u0142ania Eleny, wraz z adoracj\u0105 i modlitw\u0105 powo\u0142aniow\u0105, pomog\u0142o wszystkim zanurzy\u0107 si\u0119 w atmosferze s\u0142uchania i wdzi\u0119czno\u015bci za dar naszego powo\u0142ania.<\/p>\n\n\n\n<p>By\u0142y to proste, ale g\u0142\u0119bokie chwile, kt\u00f3re sprzyja\u0142y prawdziwemu spotkaniu z Panem i mi\u0119dzy sob\u0105.<\/p>\n\n\n\n<p>Dni up\u0142ywa\u0142y w duchu braterstwa, prostoty, dzielenia si\u0119 i rado\u015bci. Odkry\u0142y\u015bmy, \u017ce r\u00f3\u017cnice j\u0119zykowe nie by\u0142y przeszkod\u0105, ale raczej bogactwem, kt\u00f3re wzmacnia\u0142o nasze poczucie wsp\u00f3lnoty.<\/p>\n\n\n\n<p>Wszystko zako\u0144czy\u0142o si\u0119 uroczystym obiadem, symbolizuj\u0105cym nasz\u0105 wsp\u00f3ln\u0105 rado\u015b\u0107 i wdzi\u0119czno\u015b\u0107 za to, co Pan czyni w\u015br\u00f3d nas.<\/p>\n\n\n\n<figure class=\"wp-block-image size-large\"><img loading=\"lazy\" decoding=\"async\" width=\"1024\" height=\"768\" src=\"https:\/\/filles-de-la-charite.org\/wp-content\/uploads\/2025\/11\/4-1024x768.jpg\" alt=\"\" class=\"wp-image-47592\" srcset=\"https:\/\/filles-de-la-charite.org\/wp-content\/uploads\/2025\/11\/4-1024x768.jpg 1024w, https:\/\/filles-de-la-charite.org\/wp-content\/uploads\/2025\/11\/4-980x735.jpg 980w, https:\/\/filles-de-la-charite.org\/wp-content\/uploads\/2025\/11\/4-480x360.jpg 480w\" sizes=\"(min-width: 0px) and (max-width: 480px) 480px, (min-width: 481px) and (max-width: 980px) 980px, (min-width: 981px) 1024px, 100vw\" \/><\/figure>\n\n\n\n<p>Z ufno\u015bci\u0105 powierzamy Panu t\u0119 now\u0105 mi\u0119dzyprowincjaln\u0105 podr\u00f3\u017c, maj\u0105c nadziej\u0119, \u017ce przyniesie ona owoce komunii, nadziei i odnowionej witalno\u015bci powo\u0142aniowej dla ca\u0142ej Wsp\u00f3lnoty.<\/p>\n","protected":false},"excerpt":{"rendered":"<p>Uroczysto\u015b\u0107 Wszystkich \u015awi\u0119tych, dzie\u0144, w kt\u00f3rym oddajemy cze\u015b\u0107 tym, kt\u00f3rzy w pe\u0142ni prze\u017cyli mi\u0142o\u015b\u0107 Chrystusa, by\u0142a dla nas dniem pe\u0142nym \u0142aski i nadziei. Wraz z przyj\u0119ciem Siostry Piergrazia Licandro do Zgromadzenia Si\u00f3str Mi\u0142osierdzia, Prowincja \u015bw. Wincentego we W\u0142oszech do\u0142\u0105czy\u0142a do Seminarium Mi\u0119dzyprowincjalnego wraz z Prowincjami hiszpa\u0144skimi. Jest to nowy krok i znak, \u017ce Duch \u015awi\u0119ty [&hellip;]<\/p>\n","protected":false},"author":5,"featured_media":47611,"comment_status":"closed","ping_status":"closed","sticky":false,"template":"","format":"standard","meta":{"_acf_changed":false,"_et_pb_use_builder":"","_et_pb_old_content":"","_et_gb_content_width":"","footnotes":"","_links_to":"","_links_to_target":""},"categories":[767,526],"tags":[],"class_list":["post-47600","post","type-post","status-publish","format-standard","has-post-thumbnail","hentry","category-espana-pl","category-wlochy"],"acf":[],"yoast_head":"<!-- This site is optimized with the Yoast SEO plugin v27.5 - https:\/\/yoast.com\/product\/yoast-seo-wordpress\/ -->\n<title>Nowa droga komunii: przyj\u0119cie Siostry Piergrazii Licandro do Zgromadzenia Si\u00f3str Mi\u0142osierdzia. - Filles de la Charit\u00e9<\/title>\n<meta name=\"robots\" content=\"index, follow, max-snippet:-1, max-image-preview:large, max-video-preview:-1\" \/>\n<link rel=\"canonical\" href=\"https:\/\/filles-de-la-charite.org\/pl\/un-nuevo-camino-de-comunion-la-admision-de-sor-piergrazia-licandro-en-la-compania-de-las-hijas-de-la-caridad\/\" \/>\n<meta property=\"og:locale\" content=\"pl_PL\" \/>\n<meta property=\"og:type\" content=\"article\" \/>\n<meta property=\"og:title\" content=\"Nowa droga komunii: przyj\u0119cie Siostry Piergrazii Licandro do Zgromadzenia Si\u00f3str Mi\u0142osierdzia. - Filles de la Charit\u00e9\" \/>\n<meta property=\"og:description\" content=\"Uroczysto\u015b\u0107 Wszystkich \u015awi\u0119tych, dzie\u0144, w kt\u00f3rym oddajemy cze\u015b\u0107 tym, kt\u00f3rzy w pe\u0142ni prze\u017cyli mi\u0142o\u015b\u0107 Chrystusa, by\u0142a dla nas dniem pe\u0142nym \u0142aski i nadziei. Wraz z przyj\u0119ciem Siostry Piergrazia Licandro do Zgromadzenia Si\u00f3str Mi\u0142osierdzia, Prowincja \u015bw. Wincentego we W\u0142oszech do\u0142\u0105czy\u0142a do Seminarium Mi\u0119dzyprowincjalnego wraz z Prowincjami hiszpa\u0144skimi. Jest to nowy krok i znak, \u017ce Duch \u015awi\u0119ty [&hellip;]\" \/>\n<meta property=\"og:url\" content=\"https:\/\/filles-de-la-charite.org\/pl\/un-nuevo-camino-de-comunion-la-admision-de-sor-piergrazia-licandro-en-la-compania-de-las-hijas-de-la-caridad\/\" \/>\n<meta property=\"og:site_name\" content=\"Filles de la Charit\u00e9\" \/>\n<meta property=\"article:published_time\" content=\"2025-11-08T23:12:56+00:00\" \/>\n<meta property=\"og:image\" content=\"https:\/\/filles-de-la-charite.org\/wp-content\/uploads\/2025\/11\/1-copia.jpg\" \/>\n\t<meta property=\"og:image:width\" content=\"1600\" \/>\n\t<meta property=\"og:image:height\" content=\"900\" \/>\n\t<meta property=\"og:image:type\" content=\"image\/jpeg\" \/>\n<meta name=\"author\" content=\"SOR MARTA\" \/>\n<meta name=\"twitter:card\" content=\"summary_large_image\" \/>\n<meta name=\"twitter:label1\" content=\"Napisane przez\" \/>\n\t<meta name=\"twitter:data1\" content=\"SOR MARTA\" \/>\n\t<meta name=\"twitter:label2\" content=\"Szacowany czas czytania\" \/>\n\t<meta name=\"twitter:data2\" content=\"4 minuty\" \/>\n<script type=\"application\/ld+json\" class=\"yoast-schema-graph\">{\"@context\":\"https:\\\/\\\/schema.org\",\"@graph\":[{\"@type\":\"Article\",\"@id\":\"https:\\\/\\\/filles-de-la-charite.org\\\/pl\\\/un-nuevo-camino-de-comunion-la-admision-de-sor-piergrazia-licandro-en-la-compania-de-las-hijas-de-la-caridad\\\/#article\",\"isPartOf\":{\"@id\":\"https:\\\/\\\/filles-de-la-charite.org\\\/pl\\\/un-nuevo-camino-de-comunion-la-admision-de-sor-piergrazia-licandro-en-la-compania-de-las-hijas-de-la-caridad\\\/\"},\"author\":{\"name\":\"SOR MARTA\",\"@id\":\"https:\\\/\\\/filles-de-la-charite.org\\\/pl\\\/#\\\/schema\\\/person\\\/0c922b6ca71280639858d297b3a7209f\"},\"headline\":\"Nowa droga komunii: przyj\u0119cie Siostry Piergrazii Licandro do Zgromadzenia Si\u00f3str Mi\u0142osierdzia.\",\"datePublished\":\"2025-11-08T23:12:56+00:00\",\"mainEntityOfPage\":{\"@id\":\"https:\\\/\\\/filles-de-la-charite.org\\\/pl\\\/un-nuevo-camino-de-comunion-la-admision-de-sor-piergrazia-licandro-en-la-compania-de-las-hijas-de-la-caridad\\\/\"},\"wordCount\":607,\"publisher\":{\"@id\":\"https:\\\/\\\/filles-de-la-charite.org\\\/pl\\\/#organization\"},\"image\":{\"@id\":\"https:\\\/\\\/filles-de-la-charite.org\\\/pl\\\/un-nuevo-camino-de-comunion-la-admision-de-sor-piergrazia-licandro-en-la-compania-de-las-hijas-de-la-caridad\\\/#primaryimage\"},\"thumbnailUrl\":\"https:\\\/\\\/filles-de-la-charite.org\\\/wp-content\\\/uploads\\\/2025\\\/11\\\/1-copia.jpg\",\"articleSection\":[\"Hiszpania\",\"W\u0142ochy\"],\"inLanguage\":\"pl-PL\"},{\"@type\":\"WebPage\",\"@id\":\"https:\\\/\\\/filles-de-la-charite.org\\\/pl\\\/un-nuevo-camino-de-comunion-la-admision-de-sor-piergrazia-licandro-en-la-compania-de-las-hijas-de-la-caridad\\\/\",\"url\":\"https:\\\/\\\/filles-de-la-charite.org\\\/pl\\\/un-nuevo-camino-de-comunion-la-admision-de-sor-piergrazia-licandro-en-la-compania-de-las-hijas-de-la-caridad\\\/\",\"name\":\"Nowa droga komunii: przyj\u0119cie Siostry Piergrazii Licandro do Zgromadzenia Si\u00f3str Mi\u0142osierdzia. - Filles de la Charit\u00e9\",\"isPartOf\":{\"@id\":\"https:\\\/\\\/filles-de-la-charite.org\\\/pl\\\/#website\"},\"primaryImageOfPage\":{\"@id\":\"https:\\\/\\\/filles-de-la-charite.org\\\/pl\\\/un-nuevo-camino-de-comunion-la-admision-de-sor-piergrazia-licandro-en-la-compania-de-las-hijas-de-la-caridad\\\/#primaryimage\"},\"image\":{\"@id\":\"https:\\\/\\\/filles-de-la-charite.org\\\/pl\\\/un-nuevo-camino-de-comunion-la-admision-de-sor-piergrazia-licandro-en-la-compania-de-las-hijas-de-la-caridad\\\/#primaryimage\"},\"thumbnailUrl\":\"https:\\\/\\\/filles-de-la-charite.org\\\/wp-content\\\/uploads\\\/2025\\\/11\\\/1-copia.jpg\",\"datePublished\":\"2025-11-08T23:12:56+00:00\",\"breadcrumb\":{\"@id\":\"https:\\\/\\\/filles-de-la-charite.org\\\/pl\\\/un-nuevo-camino-de-comunion-la-admision-de-sor-piergrazia-licandro-en-la-compania-de-las-hijas-de-la-caridad\\\/#breadcrumb\"},\"inLanguage\":\"pl-PL\",\"potentialAction\":[{\"@type\":\"ReadAction\",\"target\":[\"https:\\\/\\\/filles-de-la-charite.org\\\/pl\\\/un-nuevo-camino-de-comunion-la-admision-de-sor-piergrazia-licandro-en-la-compania-de-las-hijas-de-la-caridad\\\/\"]}]},{\"@type\":\"ImageObject\",\"inLanguage\":\"pl-PL\",\"@id\":\"https:\\\/\\\/filles-de-la-charite.org\\\/pl\\\/un-nuevo-camino-de-comunion-la-admision-de-sor-piergrazia-licandro-en-la-compania-de-las-hijas-de-la-caridad\\\/#primaryimage\",\"url\":\"https:\\\/\\\/filles-de-la-charite.org\\\/wp-content\\\/uploads\\\/2025\\\/11\\\/1-copia.jpg\",\"contentUrl\":\"https:\\\/\\\/filles-de-la-charite.org\\\/wp-content\\\/uploads\\\/2025\\\/11\\\/1-copia.jpg\",\"width\":1600,\"height\":900},{\"@type\":\"BreadcrumbList\",\"@id\":\"https:\\\/\\\/filles-de-la-charite.org\\\/pl\\\/un-nuevo-camino-de-comunion-la-admision-de-sor-piergrazia-licandro-en-la-compania-de-las-hijas-de-la-caridad\\\/#breadcrumb\",\"itemListElement\":[{\"@type\":\"ListItem\",\"position\":1,\"name\":\"W\u0142ochy\",\"item\":\"https:\\\/\\\/filles-de-la-charite.org\\\/pl\\\/category\\\/wlochy\\\/\"},{\"@type\":\"ListItem\",\"position\":2,\"name\":\"Nowa droga komunii: przyj\u0119cie Siostry Piergrazii Licandro do Zgromadzenia Si\u00f3str Mi\u0142osierdzia.\"}]},{\"@type\":\"WebSite\",\"@id\":\"https:\\\/\\\/filles-de-la-charite.org\\\/pl\\\/#website\",\"url\":\"https:\\\/\\\/filles-de-la-charite.org\\\/pl\\\/\",\"name\":\"Hijas de la Caridad\",\"description\":\"L\u2019amour de J\u00e9sus nous presse \u00e0 prendre soin des personnes les plus d\u00e9munies\",\"publisher\":{\"@id\":\"https:\\\/\\\/filles-de-la-charite.org\\\/pl\\\/#organization\"},\"potentialAction\":[{\"@type\":\"SearchAction\",\"target\":{\"@type\":\"EntryPoint\",\"urlTemplate\":\"https:\\\/\\\/filles-de-la-charite.org\\\/pl\\\/?s={search_term_string}\"},\"query-input\":{\"@type\":\"PropertyValueSpecification\",\"valueRequired\":true,\"valueName\":\"search_term_string\"}}],\"inLanguage\":\"pl-PL\"},{\"@type\":\"Organization\",\"@id\":\"https:\\\/\\\/filles-de-la-charite.org\\\/pl\\\/#organization\",\"name\":\"Hijas de la Caridad\",\"url\":\"https:\\\/\\\/filles-de-la-charite.org\\\/pl\\\/\",\"logo\":{\"@type\":\"ImageObject\",\"inLanguage\":\"pl-PL\",\"@id\":\"https:\\\/\\\/filles-de-la-charite.org\\\/pl\\\/#\\\/schema\\\/logo\\\/image\\\/\",\"url\":\"https:\\\/\\\/filles-de-la-charite.org\\\/wp-content\\\/uploads\\\/2023\\\/03\\\/isotipo-Hijas-de-la-Caridad.png\",\"contentUrl\":\"https:\\\/\\\/filles-de-la-charite.org\\\/wp-content\\\/uploads\\\/2023\\\/03\\\/isotipo-Hijas-de-la-Caridad.png\",\"width\":1417,\"height\":1417,\"caption\":\"Hijas de la Caridad\"},\"image\":{\"@id\":\"https:\\\/\\\/filles-de-la-charite.org\\\/pl\\\/#\\\/schema\\\/logo\\\/image\\\/\"}},{\"@type\":\"Person\",\"@id\":\"https:\\\/\\\/filles-de-la-charite.org\\\/pl\\\/#\\\/schema\\\/person\\\/0c922b6ca71280639858d297b3a7209f\",\"name\":\"SOR MARTA\",\"image\":{\"@type\":\"ImageObject\",\"inLanguage\":\"pl-PL\",\"@id\":\"https:\\\/\\\/secure.gravatar.com\\\/avatar\\\/d2c45b0fd6bf2d3e2670ab3d112257c24ac80fa960360bba1bdc0676485d1d09?s=96&d=mm&r=g\",\"url\":\"https:\\\/\\\/secure.gravatar.com\\\/avatar\\\/d2c45b0fd6bf2d3e2670ab3d112257c24ac80fa960360bba1bdc0676485d1d09?s=96&d=mm&r=g\",\"contentUrl\":\"https:\\\/\\\/secure.gravatar.com\\\/avatar\\\/d2c45b0fd6bf2d3e2670ab3d112257c24ac80fa960360bba1bdc0676485d1d09?s=96&d=mm&r=g\",\"caption\":\"SOR MARTA\"},\"url\":\"https:\\\/\\\/filles-de-la-charite.org\\\/pl\\\/author\\\/martaemn\\\/\"}]}<\/script>\n<!-- \/ Yoast SEO plugin. -->","yoast_head_json":{"title":"Nowa droga komunii: przyj\u0119cie Siostry Piergrazii Licandro do Zgromadzenia Si\u00f3str Mi\u0142osierdzia. - Filles de la Charit\u00e9","robots":{"index":"index","follow":"follow","max-snippet":"max-snippet:-1","max-image-preview":"max-image-preview:large","max-video-preview":"max-video-preview:-1"},"canonical":"https:\/\/filles-de-la-charite.org\/pl\/un-nuevo-camino-de-comunion-la-admision-de-sor-piergrazia-licandro-en-la-compania-de-las-hijas-de-la-caridad\/","og_locale":"pl_PL","og_type":"article","og_title":"Nowa droga komunii: przyj\u0119cie Siostry Piergrazii Licandro do Zgromadzenia Si\u00f3str Mi\u0142osierdzia. - Filles de la Charit\u00e9","og_description":"Uroczysto\u015b\u0107 Wszystkich \u015awi\u0119tych, dzie\u0144, w kt\u00f3rym oddajemy cze\u015b\u0107 tym, kt\u00f3rzy w pe\u0142ni prze\u017cyli mi\u0142o\u015b\u0107 Chrystusa, by\u0142a dla nas dniem pe\u0142nym \u0142aski i nadziei. Wraz z przyj\u0119ciem Siostry Piergrazia Licandro do Zgromadzenia Si\u00f3str Mi\u0142osierdzia, Prowincja \u015bw. Wincentego we W\u0142oszech do\u0142\u0105czy\u0142a do Seminarium Mi\u0119dzyprowincjalnego wraz z Prowincjami hiszpa\u0144skimi. Jest to nowy krok i znak, \u017ce Duch \u015awi\u0119ty [&hellip;]","og_url":"https:\/\/filles-de-la-charite.org\/pl\/un-nuevo-camino-de-comunion-la-admision-de-sor-piergrazia-licandro-en-la-compania-de-las-hijas-de-la-caridad\/","og_site_name":"Filles de la Charit\u00e9","article_published_time":"2025-11-08T23:12:56+00:00","og_image":[{"width":1600,"height":900,"url":"https:\/\/filles-de-la-charite.org\/wp-content\/uploads\/2025\/11\/1-copia.jpg","type":"image\/jpeg"}],"author":"SOR MARTA","twitter_card":"summary_large_image","twitter_misc":{"Napisane przez":"SOR MARTA","Szacowany czas czytania":"4 minuty"},"schema":{"@context":"https:\/\/schema.org","@graph":[{"@type":"Article","@id":"https:\/\/filles-de-la-charite.org\/pl\/un-nuevo-camino-de-comunion-la-admision-de-sor-piergrazia-licandro-en-la-compania-de-las-hijas-de-la-caridad\/#article","isPartOf":{"@id":"https:\/\/filles-de-la-charite.org\/pl\/un-nuevo-camino-de-comunion-la-admision-de-sor-piergrazia-licandro-en-la-compania-de-las-hijas-de-la-caridad\/"},"author":{"name":"SOR MARTA","@id":"https:\/\/filles-de-la-charite.org\/pl\/#\/schema\/person\/0c922b6ca71280639858d297b3a7209f"},"headline":"Nowa droga komunii: przyj\u0119cie Siostry Piergrazii Licandro do Zgromadzenia Si\u00f3str Mi\u0142osierdzia.","datePublished":"2025-11-08T23:12:56+00:00","mainEntityOfPage":{"@id":"https:\/\/filles-de-la-charite.org\/pl\/un-nuevo-camino-de-comunion-la-admision-de-sor-piergrazia-licandro-en-la-compania-de-las-hijas-de-la-caridad\/"},"wordCount":607,"publisher":{"@id":"https:\/\/filles-de-la-charite.org\/pl\/#organization"},"image":{"@id":"https:\/\/filles-de-la-charite.org\/pl\/un-nuevo-camino-de-comunion-la-admision-de-sor-piergrazia-licandro-en-la-compania-de-las-hijas-de-la-caridad\/#primaryimage"},"thumbnailUrl":"https:\/\/filles-de-la-charite.org\/wp-content\/uploads\/2025\/11\/1-copia.jpg","articleSection":["Hiszpania","W\u0142ochy"],"inLanguage":"pl-PL"},{"@type":"WebPage","@id":"https:\/\/filles-de-la-charite.org\/pl\/un-nuevo-camino-de-comunion-la-admision-de-sor-piergrazia-licandro-en-la-compania-de-las-hijas-de-la-caridad\/","url":"https:\/\/filles-de-la-charite.org\/pl\/un-nuevo-camino-de-comunion-la-admision-de-sor-piergrazia-licandro-en-la-compania-de-las-hijas-de-la-caridad\/","name":"Nowa droga komunii: przyj\u0119cie Siostry Piergrazii Licandro do Zgromadzenia Si\u00f3str Mi\u0142osierdzia. - Filles de la Charit\u00e9","isPartOf":{"@id":"https:\/\/filles-de-la-charite.org\/pl\/#website"},"primaryImageOfPage":{"@id":"https:\/\/filles-de-la-charite.org\/pl\/un-nuevo-camino-de-comunion-la-admision-de-sor-piergrazia-licandro-en-la-compania-de-las-hijas-de-la-caridad\/#primaryimage"},"image":{"@id":"https:\/\/filles-de-la-charite.org\/pl\/un-nuevo-camino-de-comunion-la-admision-de-sor-piergrazia-licandro-en-la-compania-de-las-hijas-de-la-caridad\/#primaryimage"},"thumbnailUrl":"https:\/\/filles-de-la-charite.org\/wp-content\/uploads\/2025\/11\/1-copia.jpg","datePublished":"2025-11-08T23:12:56+00:00","breadcrumb":{"@id":"https:\/\/filles-de-la-charite.org\/pl\/un-nuevo-camino-de-comunion-la-admision-de-sor-piergrazia-licandro-en-la-compania-de-las-hijas-de-la-caridad\/#breadcrumb"},"inLanguage":"pl-PL","potentialAction":[{"@type":"ReadAction","target":["https:\/\/filles-de-la-charite.org\/pl\/un-nuevo-camino-de-comunion-la-admision-de-sor-piergrazia-licandro-en-la-compania-de-las-hijas-de-la-caridad\/"]}]},{"@type":"ImageObject","inLanguage":"pl-PL","@id":"https:\/\/filles-de-la-charite.org\/pl\/un-nuevo-camino-de-comunion-la-admision-de-sor-piergrazia-licandro-en-la-compania-de-las-hijas-de-la-caridad\/#primaryimage","url":"https:\/\/filles-de-la-charite.org\/wp-content\/uploads\/2025\/11\/1-copia.jpg","contentUrl":"https:\/\/filles-de-la-charite.org\/wp-content\/uploads\/2025\/11\/1-copia.jpg","width":1600,"height":900},{"@type":"BreadcrumbList","@id":"https:\/\/filles-de-la-charite.org\/pl\/un-nuevo-camino-de-comunion-la-admision-de-sor-piergrazia-licandro-en-la-compania-de-las-hijas-de-la-caridad\/#breadcrumb","itemListElement":[{"@type":"ListItem","position":1,"name":"W\u0142ochy","item":"https:\/\/filles-de-la-charite.org\/pl\/category\/wlochy\/"},{"@type":"ListItem","position":2,"name":"Nowa droga komunii: przyj\u0119cie Siostry Piergrazii Licandro do Zgromadzenia Si\u00f3str Mi\u0142osierdzia."}]},{"@type":"WebSite","@id":"https:\/\/filles-de-la-charite.org\/pl\/#website","url":"https:\/\/filles-de-la-charite.org\/pl\/","name":"Hijas de la Caridad","description":"L\u2019amour de J\u00e9sus nous presse \u00e0 prendre soin des personnes les plus d\u00e9munies","publisher":{"@id":"https:\/\/filles-de-la-charite.org\/pl\/#organization"},"potentialAction":[{"@type":"SearchAction","target":{"@type":"EntryPoint","urlTemplate":"https:\/\/filles-de-la-charite.org\/pl\/?s={search_term_string}"},"query-input":{"@type":"PropertyValueSpecification","valueRequired":true,"valueName":"search_term_string"}}],"inLanguage":"pl-PL"},{"@type":"Organization","@id":"https:\/\/filles-de-la-charite.org\/pl\/#organization","name":"Hijas de la Caridad","url":"https:\/\/filles-de-la-charite.org\/pl\/","logo":{"@type":"ImageObject","inLanguage":"pl-PL","@id":"https:\/\/filles-de-la-charite.org\/pl\/#\/schema\/logo\/image\/","url":"https:\/\/filles-de-la-charite.org\/wp-content\/uploads\/2023\/03\/isotipo-Hijas-de-la-Caridad.png","contentUrl":"https:\/\/filles-de-la-charite.org\/wp-content\/uploads\/2023\/03\/isotipo-Hijas-de-la-Caridad.png","width":1417,"height":1417,"caption":"Hijas de la Caridad"},"image":{"@id":"https:\/\/filles-de-la-charite.org\/pl\/#\/schema\/logo\/image\/"}},{"@type":"Person","@id":"https:\/\/filles-de-la-charite.org\/pl\/#\/schema\/person\/0c922b6ca71280639858d297b3a7209f","name":"SOR MARTA","image":{"@type":"ImageObject","inLanguage":"pl-PL","@id":"https:\/\/secure.gravatar.com\/avatar\/d2c45b0fd6bf2d3e2670ab3d112257c24ac80fa960360bba1bdc0676485d1d09?s=96&d=mm&r=g","url":"https:\/\/secure.gravatar.com\/avatar\/d2c45b0fd6bf2d3e2670ab3d112257c24ac80fa960360bba1bdc0676485d1d09?s=96&d=mm&r=g","contentUrl":"https:\/\/secure.gravatar.com\/avatar\/d2c45b0fd6bf2d3e2670ab3d112257c24ac80fa960360bba1bdc0676485d1d09?s=96&d=mm&r=g","caption":"SOR MARTA"},"url":"https:\/\/filles-de-la-charite.org\/pl\/author\/martaemn\/"}]}},"_links":{"self":[{"href":"https:\/\/filles-de-la-charite.org\/pl\/wp-json\/wp\/v2\/posts\/47600","targetHints":{"allow":["GET"]}}],"collection":[{"href":"https:\/\/filles-de-la-charite.org\/pl\/wp-json\/wp\/v2\/posts"}],"about":[{"href":"https:\/\/filles-de-la-charite.org\/pl\/wp-json\/wp\/v2\/types\/post"}],"author":[{"embeddable":true,"href":"https:\/\/filles-de-la-charite.org\/pl\/wp-json\/wp\/v2\/users\/5"}],"replies":[{"embeddable":true,"href":"https:\/\/filles-de-la-charite.org\/pl\/wp-json\/wp\/v2\/comments?post=47600"}],"version-history":[{"count":2,"href":"https:\/\/filles-de-la-charite.org\/pl\/wp-json\/wp\/v2\/posts\/47600\/revisions"}],"predecessor-version":[{"id":47625,"href":"https:\/\/filles-de-la-charite.org\/pl\/wp-json\/wp\/v2\/posts\/47600\/revisions\/47625"}],"wp:featuredmedia":[{"embeddable":true,"href":"https:\/\/filles-de-la-charite.org\/pl\/wp-json\/wp\/v2\/media\/47611"}],"wp:attachment":[{"href":"https:\/\/filles-de-la-charite.org\/pl\/wp-json\/wp\/v2\/media?parent=47600"}],"wp:term":[{"taxonomy":"category","embeddable":true,"href":"https:\/\/filles-de-la-charite.org\/pl\/wp-json\/wp\/v2\/categories?post=47600"},{"taxonomy":"post_tag","embeddable":true,"href":"https:\/\/filles-de-la-charite.org\/pl\/wp-json\/wp\/v2\/tags?post=47600"}],"curies":[{"name":"wp","href":"https:\/\/api.w.org\/{rel}","templated":true}]}}