{"id":47721,"date":"2025-11-13T12:24:37","date_gmt":"2025-11-13T11:24:37","guid":{"rendered":"https:\/\/filles-de-la-charite.org\/?p=47721"},"modified":"2025-11-29T22:50:18","modified_gmt":"2025-11-29T21:50:18","slug":"amazonia-tierra-de-esperanza-y-encuentro-vicenciano","status":"publish","type":"post","link":"https:\/\/filles-de-la-charite.org\/pl\/amazonia-tierra-de-esperanza-y-encuentro-vicenciano\/","title":{"rendered":"Amazonia: kraina nadziei i wincenty\u0144skiego spotkania"},"content":{"rendered":"\n<p><strong><strong>Wizyta Prze\u0142o\u017conej Generalnej i Dyrektora Generalnego Si\u00f3str Mi\u0142osierdzia podczas C\u00edrio de Nazar\u00e9 2025 (C\u00edrio de Nazar\u00e9 \u2013 jedna z najwi\u0119kszych procesji maryjnych na \u015bwiecie)<\/strong><\/strong><\/p>\n\n\n\n<figure class=\"wp-block-image size-large\"><img loading=\"lazy\" decoding=\"async\" width=\"1024\" height=\"576\" src=\"https:\/\/filles-de-la-charite.org\/wp-content\/uploads\/2025\/11\/WhatsApp-Image-2025-11-10-at-01.26.27-3-1024x576.jpeg\" alt=\"\" class=\"wp-image-47703\" srcset=\"https:\/\/filles-de-la-charite.org\/wp-content\/uploads\/2025\/11\/WhatsApp-Image-2025-11-10-at-01.26.27-3-980x551.jpeg 980w, https:\/\/filles-de-la-charite.org\/wp-content\/uploads\/2025\/11\/WhatsApp-Image-2025-11-10-at-01.26.27-3-480x270.jpeg 480w\" sizes=\"(min-width: 0px) and (max-width: 480px) 480px, (min-width: 481px) and (max-width: 980px) 980px, (min-width: 981px) 1024px, 100vw\" \/><\/figure>\n\n\n\n<p>W pa\u017adzierniku 2025 r. Bel\u00e9m do Par\u00e1, brazylijska brama do Amazonii, sta\u0142o si\u0119 miejscem g\u0142\u0119boko symbolicznego spotkania charyzmatu wincenty\u0144skiego z ludow\u0105 duchowo\u015bci\u0105. Podczas uroczysto\u015bci C\u00edrio de Nazar\u00e9&nbsp; Prze\u0142o\u017cona Generalna Si\u00f3str Mi\u0142osierdzia \u015bw. Wincentego a Paulo, Siostra Fran\u00e7oise Petit, oraz Dyrektor Generalny, Ojciec Jos\u00e9 Antonio Gonz\u00e1lez Prieto, CM, odwiedzili Prowincj\u0119 Amazonii, nios\u0105c ze sob\u0105 przes\u0142anie pokoju, uwa\u017cnego s\u0142uchania i nadziei.<\/p>\n\n\n\n<h2 class=\"wp-block-heading\"><strong>Obecno\u015b\u0107, kt\u00f3ra pociesza i inspiruje<\/strong><\/h2>\n\n\n\n<p>Od 9 do 14 pa\u017adziernika Siostra Fran\u00e7oise zanurzy\u0142a si\u0119 w duszy Amazonii. Odwiedzi\u0142a spo\u0142eczno\u015bci nadrzeczne, zapozna\u0142a si\u0119 z projektami spo\u0142ecznymi, takimi jak \u201eA\u00e7\u00e3o Partilha\u201d (Dzia\u0142anie dzielenia si\u0119) i \u201eDo Lixo ao Luxo\u201d (Od \u015bmieci do skarbu), oraz uczestniczy\u0142a w pielgrzymkach C\u00edrio wraz z mieszka\u0144cami Par\u00e1. Jej dyskretna i siostrzana obecno\u015b\u0107 ujawni\u0142a sedno charyzmatu wincenty\u0144skiego: by\u0107 obecnym, s\u0142ucha\u0107, s\u0142u\u017cy\u0107 z czu\u0142o\u015bci\u0105 i kocha\u0107 ubogich.<\/p>\n\n\n\n<p>Podczas pielgrzymki rzecznej \u0142odzie ozdobione kwiatami i \u015bpiewami zamieni\u0142y rzek\u0119 w ruchome sanktuarium. Obraz Matki Bo\u017cej z Nazar\u00e9 p\u0142yn\u0105\u0142 po wodach zatoki Guajar\u00e1 w towarzystwie tysi\u0119cy wiernych. Wygl\u0105da\u0142o to tak, jakby Maryja kroczy\u0142a po wodach Amazonki, b\u0142ogos\u0142awi\u0105c sw\u00f3j lud nadziej\u0105.<\/p>\n\n\n\n<figure class=\"wp-block-image size-large\"><img loading=\"lazy\" decoding=\"async\" width=\"1024\" height=\"768\" src=\"https:\/\/filles-de-la-charite.org\/wp-content\/uploads\/2025\/11\/WhatsApp-Image-2025-11-10-at-01.26.27-2-1024x768.jpeg\" alt=\"\" class=\"wp-image-47702\" srcset=\"https:\/\/filles-de-la-charite.org\/wp-content\/uploads\/2025\/11\/WhatsApp-Image-2025-11-10-at-01.26.27-2-1024x768.jpeg 1024w, https:\/\/filles-de-la-charite.org\/wp-content\/uploads\/2025\/11\/WhatsApp-Image-2025-11-10-at-01.26.27-2-980x735.jpeg 980w, https:\/\/filles-de-la-charite.org\/wp-content\/uploads\/2025\/11\/WhatsApp-Image-2025-11-10-at-01.26.27-2-480x360.jpeg 480w\" sizes=\"(min-width: 0px) and (max-width: 480px) 480px, (min-width: 481px) and (max-width: 980px) 980px, (min-width: 981px) 1024px, 100vw\" \/><\/figure>\n\n\n\n<h2 class=\"wp-block-heading\"><strong>Duchowo\u015b\u0107 zrodzona z ziemi<\/strong><\/h2>\n\n\n\n<p>Podczas swojego pobytu Siostra Fran\u00e7oise by\u0142a oczarowana lokaln\u0105 kultur\u0105. Skosztowa\u0142a tradycyjnych potraw, takich jak pato no tucupi (kaczka w sosie tucupi), a\u00e7a\u00ed i \u015bwie\u017ce ryby rzeczne, ta\u0144czy\u0142a w rytm carimb\u00f3 (tradycyjnego ta\u0144ca amazo\u0144skiego) i nauczy\u0142a si\u0119 popularnej piosenki \u201eNaza, Nazarezinha, Nazar\u00e9 Rainha&#8230;\u201d (\u201eNaza, ma\u0142a Nazaret, kr\u00f3lowa Nazaretu&#8230;\u201d), \u015bpiewanej z entuzjazmem przez mieszka\u0144c\u00f3w. Ka\u017cdy gest wyra\u017ca\u0142 wsp\u00f3lnot\u0119 i szacunek dla to\u017csamo\u015bci Amazonii.<\/p>\n\n\n\n<p>Wiara w Amazonii niesie ze sob\u0105 zapach wilgotnej ziemi i widoczna jest na ulicach, targowiskach, w domach i na brzegach rzek. Jest to duchowo\u015b\u0107 wcielona, z\u0142o\u017cona z prostych i serdecznych gest\u00f3w, odzwierciedlaj\u0105ca spos\u00f3b, w jaki Siostry Mi\u0142osierdzia od ponad 90 lat realizuj\u0105 swoje powo\u0142anie w tym regionie.<\/p>\n\n\n\n<figure class=\"wp-block-image size-large\"><img loading=\"lazy\" decoding=\"async\" width=\"768\" height=\"1024\" src=\"https:\/\/filles-de-la-charite.org\/wp-content\/uploads\/2025\/11\/WhatsApp-Image-2025-11-10-at-01.26.27-768x1024.jpeg\" alt=\"\" class=\"wp-image-47704\"\/><\/figure>\n\n\n\n<h2 class=\"wp-block-heading\"><strong>Wezwanie do integralnej ekologii i braterstwa<\/strong><\/h2>\n\n\n\n<p>Zainspirowana encyklik\u0105 Laudato Si\u2019 papie\u017ca Franciszka, wizyta ta wzmocni\u0142a zwi\u0105zek mi\u0119dzy trosk\u0105 o ubogich a trosk\u0105 o nasz wsp\u00f3lny dom. Temat C\u00edrio 2025, \u201eMaryja, Matka i Kr\u00f3lowa ca\u0142ego stworzenia\u201d, by\u0142 echem tego wezwania do zbiorowej odpowiedzialno\u015bci za przysz\u0142o\u015b\u0107 Ziemi.<\/p>\n\n\n\n<p>W g\u0142\u0119boko poruszaj\u0105cym ge\u015bcie Siostra Fran\u00e7oise po\u015bwi\u0119ci\u0142a ca\u0142\u0105 Wsp\u00f3lnot\u0119 \u201ePani z Berlindy\u201d (Senhora da Berlinda \u2013 tytu\u0142 nadany Matce Bo\u017cej z Nazar\u00e9 podczas procesji), powtarzaj\u0105c czyn \u015bw. Ludwiki de Marillac w Chartres. Jej wizyta podczas Jubileuszowego Roku Nadziei by\u0142a \u017cywym \u015bwiadectwem niez\u0142omnej wiary, konkretnej nadziei i mi\u0142osierdzia, kt\u00f3re nigdy nie ustaje w s\u0142u\u017cbie.<\/p>\n\n\n\n<figure class=\"wp-block-image size-large\"><img loading=\"lazy\" decoding=\"async\" width=\"768\" height=\"1024\" src=\"https:\/\/filles-de-la-charite.org\/wp-content\/uploads\/2025\/11\/WhatsApp-Image-2025-11-10-at-01.26.27-1-768x1024.jpeg\" alt=\"\" class=\"wp-image-47701\"\/><\/figure>\n\n\n\n<h2 class=\"wp-block-heading\"><strong>Wizyta, kt\u00f3ra trwa w komunii<\/strong><\/h2>\n\n\n\n<p>W dniach 20 i 21 pa\u017adziernika, kiedy Bel\u00e9m wci\u0105\u017c t\u0119tni\u0142o wiar\u0105 C\u00edrio, miasto go\u015bci\u0142o kolejn\u0105 osob\u0119 o g\u0142\u0119bokim znaczeniu duchowym: Dyrektora Generalnego Zgromadzenia, Ojca Jos\u00e9 Antonio Gonz\u00e1leza Prieto CM, kt\u00f3ry uczestniczy\u0142 w Quinzena Nazarena (Dwutygodniu Nazare\u0144skim \u2013 okresie intensywnej pobo\u017cno\u015bci religijnej i braterskiej wsp\u00f3lnoty).<\/p>\n\n\n\n<p>Ojciec Jos\u00e9 Antonio spotka\u0142 si\u0119 z Siostrami, kt\u00f3re z cichym oddaniem s\u0142u\u017c\u0105 nad rzekami i na przedmie\u015bciach. Zauroczony r\u00f3\u017cnorodno\u015bci\u0105 biologiczn\u0105 i naturalnym pi\u0119knem Amazonii, dostrzeg\u0142 w niej \u017cyw\u0105 Ewangeli\u0119: ka\u017cde drzewo, ka\u017cda rzeka, ka\u017cda ludzka twarz objawia tw\u00f3rcz\u0105 i pe\u0142n\u0105 mi\u0142o\u015bci obecno\u015b\u0107 Boga.<\/p>\n\n\n\n<p>Zainspirowany tematem Konwent\u00f3w Zgromadzenia, \u201eWprowadzaj\u0105ce pok\u00f3j i nadziej\u0119\u201d, podkre\u015bli\u0142 rol\u0119 Si\u00f3str jako \u015bwiadk\u00f3w pojednania w \u015bwiecie zranionym podzia\u0142ami. Jego s\u0142owa g\u0142\u0119boko poruszy\u0142y wsp\u00f3lnoty, utwierdzaj\u0105c w powo\u0142aniu i zach\u0119caj\u0105c do radosnego i wdzi\u0119cznego \u017cycia we wsp\u00f3lnocie.<\/p>\n\n\n\n<figure class=\"wp-block-image size-large\"><img loading=\"lazy\" decoding=\"async\" width=\"1024\" height=\"768\" src=\"https:\/\/filles-de-la-charite.org\/wp-content\/uploads\/2025\/11\/WhatsApp-Image-2025-11-10-at-01.26.26-1024x768.jpeg\" alt=\"\" class=\"wp-image-47700\" srcset=\"https:\/\/filles-de-la-charite.org\/wp-content\/uploads\/2025\/11\/WhatsApp-Image-2025-11-10-at-01.26.26-980x735.jpeg 980w, https:\/\/filles-de-la-charite.org\/wp-content\/uploads\/2025\/11\/WhatsApp-Image-2025-11-10-at-01.26.26-480x360.jpeg 480w\" sizes=\"(min-width: 0px) and (max-width: 480px) 480px, (min-width: 481px) and (max-width: 980px) 980px, (min-width: 981px) 1024px, 100vw\" \/><\/figure>\n\n\n\n<h2 class=\"wp-block-heading\"><strong>\u015awiadectwo dla \u015bwiata<\/strong><\/h2>\n\n\n\n<p>Wizyta Prze\u0142o\u017conej Generalnej i Gyrektora Generalnego w Bel\u00e9m do Par\u00e1 zostanie zapami\u0119tana jako proroczy gest powszechnej komunii. W czasach kryzysu \u015brodowiskowego, nier\u00f3wno\u015bci i konflikt\u00f3w Amazonia staje si\u0119 znakiem, \u017ce nadzieja jest mo\u017cliwa. Wiara, kt\u00f3ra u\u015bmiecha si\u0119 nawet wtedy, gdy jest zm\u0119czona, mi\u0142o\u015b\u0107, kt\u00f3ra nigdy nie m\u0119czy si\u0119 s\u0142u\u017cb\u0105, i duchowo\u015b\u0107, kt\u00f3ra \u015bpiewa w\u015br\u00f3d rzek i targowisk, ujawniaj\u0105, \u017ce B\u00f3g idzie z nami.<\/p>\n\n\n\n<p>Niech C\u00edrio nadal b\u0119dzie \u015bwiat\u0142em dla \u015bwiata, przypomnieniem, \u017ce pok\u00f3j zaczyna si\u0119, gdy nauczymy si\u0119 zbli\u017ca\u0107 do siebie z mi\u0142o\u015bci\u0105. Pomi\u0119dzy zapachem kadzid\u0142a a aromatem tucupi, pomi\u0119dzy pie\u015bniami procesji a szumem rzek, pozostaje jedna pewno\u015b\u0107: pok\u00f3j i nadzieja s\u0105 nadal mo\u017cliwe, gdy s\u0105 z mi\u0142o\u015bci\u0105 splecione z wiar\u0105, mi\u0142o\u015bci\u0105 i blisko\u015bci\u0105.<\/p>\n\n\n\n<figure class=\"wp-block-image size-large\"><img loading=\"lazy\" decoding=\"async\" width=\"576\" height=\"1024\" src=\"https:\/\/filles-de-la-charite.org\/wp-content\/uploads\/2025\/11\/WhatsApp-Image-2025-11-10-at-01.26.26-1-576x1024.jpeg\" alt=\"\" class=\"wp-image-47699\" srcset=\"https:\/\/filles-de-la-charite.org\/wp-content\/uploads\/2025\/11\/WhatsApp-Image-2025-11-10-at-01.26.26-1-576x1024.jpeg 576w, https:\/\/filles-de-la-charite.org\/wp-content\/uploads\/2025\/11\/WhatsApp-Image-2025-11-10-at-01.26.26-1-480x853.jpeg 480w\" sizes=\"(min-width: 0px) and (max-width: 480px) 480px, (min-width: 481px) 576px, 100vw\" \/><\/figure>\n\n\n\n<p>Dzi\u0119kujemy Ci, Panie, za te pe\u0142ne braterstwa i nadziei wizyty, kt\u00f3re ukazuj\u0105 Twoje \u0142agodne gesty wobec nas, nale\u017c\u0105cych do tej \u015bwi\u0119tej ziemi Amazonii.<\/p>\n\n\n\n<p><strong>Chwa\u0142a Bogu!<\/strong><\/p>\n\n\n\n<p><em>s. Maria Rejiane da Mata Dias,<\/em><br><em>s. Anagilsa Sampaio Bentes<\/em><\/p>\n\n\n\n<p><em><br><\/em><\/p>\n","protected":false},"excerpt":{"rendered":"<p>Wizyta Prze\u0142o\u017conej Generalnej i Dyrektora Generalnego Si\u00f3str Mi\u0142osierdzia podczas C\u00edrio de Nazar\u00e9 2025 (C\u00edrio de Nazar\u00e9 \u2013 jedna z najwi\u0119kszych procesji maryjnych na \u015bwiecie) W pa\u017adzierniku 2025 r. Bel\u00e9m do Par\u00e1, brazylijska brama do Amazonii, sta\u0142o si\u0119 miejscem g\u0142\u0119boko symbolicznego spotkania charyzmatu wincenty\u0144skiego z ludow\u0105 duchowo\u015bci\u0105. Podczas uroczysto\u015bci C\u00edrio de Nazar\u00e9&nbsp; Prze\u0142o\u017cona Generalna Si\u00f3str Mi\u0142osierdzia [&hellip;]<\/p>\n","protected":false},"author":5,"featured_media":48053,"comment_status":"closed","ping_status":"closed","sticky":false,"template":"","format":"standard","meta":{"_acf_changed":false,"_et_pb_use_builder":"","_et_pb_old_content":"","_et_gb_content_width":"","footnotes":"","_links_to":"","_links_to_target":""},"categories":[886],"tags":[],"class_list":["post-47721","post","type-post","status-publish","format-standard","has-post-thumbnail","hentry","category-amazonia-pl"],"acf":[],"yoast_head":"<!-- This site is optimized with the Yoast SEO plugin v27.5 - https:\/\/yoast.com\/product\/yoast-seo-wordpress\/ -->\n<title>Amazonia: kraina nadziei i wincenty\u0144skiego spotkania - Filles de la Charit\u00e9<\/title>\n<meta name=\"robots\" content=\"index, follow, max-snippet:-1, max-image-preview:large, max-video-preview:-1\" \/>\n<link rel=\"canonical\" href=\"https:\/\/filles-de-la-charite.org\/pl\/amazonia-tierra-de-esperanza-y-encuentro-vicenciano\/\" \/>\n<meta property=\"og:locale\" content=\"pl_PL\" \/>\n<meta property=\"og:type\" content=\"article\" \/>\n<meta property=\"og:title\" content=\"Amazonia: kraina nadziei i wincenty\u0144skiego spotkania - Filles de la Charit\u00e9\" \/>\n<meta property=\"og:description\" content=\"Wizyta Prze\u0142o\u017conej Generalnej i Dyrektora Generalnego Si\u00f3str Mi\u0142osierdzia podczas C\u00edrio de Nazar\u00e9 2025 (C\u00edrio de Nazar\u00e9 \u2013 jedna z najwi\u0119kszych procesji maryjnych na \u015bwiecie) W pa\u017adzierniku 2025 r. Bel\u00e9m do Par\u00e1, brazylijska brama do Amazonii, sta\u0142o si\u0119 miejscem g\u0142\u0119boko symbolicznego spotkania charyzmatu wincenty\u0144skiego z ludow\u0105 duchowo\u015bci\u0105. Podczas uroczysto\u015bci C\u00edrio de Nazar\u00e9&nbsp; Prze\u0142o\u017cona Generalna Si\u00f3str Mi\u0142osierdzia [&hellip;]\" \/>\n<meta property=\"og:url\" content=\"https:\/\/filles-de-la-charite.org\/pl\/amazonia-tierra-de-esperanza-y-encuentro-vicenciano\/\" \/>\n<meta property=\"og:site_name\" content=\"Filles de la Charit\u00e9\" \/>\n<meta property=\"article:published_time\" content=\"2025-11-13T11:24:37+00:00\" \/>\n<meta property=\"article:modified_time\" content=\"2025-11-29T21:50:18+00:00\" \/>\n<meta property=\"og:image\" content=\"https:\/\/filles-de-la-charite.org\/wp-content\/uploads\/2025\/11\/WhatsApp-Image-2025-11-10-at-01.26.27-3-7.jpeg\" \/>\n\t<meta property=\"og:image:width\" content=\"1600\" \/>\n\t<meta property=\"og:image:height\" content=\"900\" \/>\n\t<meta property=\"og:image:type\" content=\"image\/jpeg\" \/>\n<meta name=\"author\" content=\"SOR MARTA\" \/>\n<meta name=\"twitter:card\" content=\"summary_large_image\" \/>\n<meta name=\"twitter:label1\" content=\"Napisane przez\" \/>\n\t<meta name=\"twitter:data1\" content=\"SOR MARTA\" \/>\n\t<meta name=\"twitter:label2\" content=\"Szacowany czas czytania\" \/>\n\t<meta name=\"twitter:data2\" content=\"5 minut\" \/>\n<script type=\"application\/ld+json\" class=\"yoast-schema-graph\">{\"@context\":\"https:\\\/\\\/schema.org\",\"@graph\":[{\"@type\":\"Article\",\"@id\":\"https:\\\/\\\/filles-de-la-charite.org\\\/pl\\\/amazonia-tierra-de-esperanza-y-encuentro-vicenciano\\\/#article\",\"isPartOf\":{\"@id\":\"https:\\\/\\\/filles-de-la-charite.org\\\/pl\\\/amazonia-tierra-de-esperanza-y-encuentro-vicenciano\\\/\"},\"author\":{\"name\":\"SOR MARTA\",\"@id\":\"https:\\\/\\\/filles-de-la-charite.org\\\/pl\\\/#\\\/schema\\\/person\\\/0c922b6ca71280639858d297b3a7209f\"},\"headline\":\"Amazonia: kraina nadziei i wincenty\u0144skiego spotkania\",\"datePublished\":\"2025-11-13T11:24:37+00:00\",\"dateModified\":\"2025-11-29T21:50:18+00:00\",\"mainEntityOfPage\":{\"@id\":\"https:\\\/\\\/filles-de-la-charite.org\\\/pl\\\/amazonia-tierra-de-esperanza-y-encuentro-vicenciano\\\/\"},\"wordCount\":874,\"publisher\":{\"@id\":\"https:\\\/\\\/filles-de-la-charite.org\\\/pl\\\/#organization\"},\"image\":{\"@id\":\"https:\\\/\\\/filles-de-la-charite.org\\\/pl\\\/amazonia-tierra-de-esperanza-y-encuentro-vicenciano\\\/#primaryimage\"},\"thumbnailUrl\":\"https:\\\/\\\/filles-de-la-charite.org\\\/wp-content\\\/uploads\\\/2025\\\/11\\\/WhatsApp-Image-2025-11-10-at-01.26.27-3-7.jpeg\",\"articleSection\":[\"Amazonia\"],\"inLanguage\":\"pl-PL\"},{\"@type\":\"WebPage\",\"@id\":\"https:\\\/\\\/filles-de-la-charite.org\\\/pl\\\/amazonia-tierra-de-esperanza-y-encuentro-vicenciano\\\/\",\"url\":\"https:\\\/\\\/filles-de-la-charite.org\\\/pl\\\/amazonia-tierra-de-esperanza-y-encuentro-vicenciano\\\/\",\"name\":\"Amazonia: kraina nadziei i wincenty\u0144skiego spotkania - Filles de la Charit\u00e9\",\"isPartOf\":{\"@id\":\"https:\\\/\\\/filles-de-la-charite.org\\\/pl\\\/#website\"},\"primaryImageOfPage\":{\"@id\":\"https:\\\/\\\/filles-de-la-charite.org\\\/pl\\\/amazonia-tierra-de-esperanza-y-encuentro-vicenciano\\\/#primaryimage\"},\"image\":{\"@id\":\"https:\\\/\\\/filles-de-la-charite.org\\\/pl\\\/amazonia-tierra-de-esperanza-y-encuentro-vicenciano\\\/#primaryimage\"},\"thumbnailUrl\":\"https:\\\/\\\/filles-de-la-charite.org\\\/wp-content\\\/uploads\\\/2025\\\/11\\\/WhatsApp-Image-2025-11-10-at-01.26.27-3-7.jpeg\",\"datePublished\":\"2025-11-13T11:24:37+00:00\",\"dateModified\":\"2025-11-29T21:50:18+00:00\",\"breadcrumb\":{\"@id\":\"https:\\\/\\\/filles-de-la-charite.org\\\/pl\\\/amazonia-tierra-de-esperanza-y-encuentro-vicenciano\\\/#breadcrumb\"},\"inLanguage\":\"pl-PL\",\"potentialAction\":[{\"@type\":\"ReadAction\",\"target\":[\"https:\\\/\\\/filles-de-la-charite.org\\\/pl\\\/amazonia-tierra-de-esperanza-y-encuentro-vicenciano\\\/\"]}]},{\"@type\":\"ImageObject\",\"inLanguage\":\"pl-PL\",\"@id\":\"https:\\\/\\\/filles-de-la-charite.org\\\/pl\\\/amazonia-tierra-de-esperanza-y-encuentro-vicenciano\\\/#primaryimage\",\"url\":\"https:\\\/\\\/filles-de-la-charite.org\\\/wp-content\\\/uploads\\\/2025\\\/11\\\/WhatsApp-Image-2025-11-10-at-01.26.27-3-7.jpeg\",\"contentUrl\":\"https:\\\/\\\/filles-de-la-charite.org\\\/wp-content\\\/uploads\\\/2025\\\/11\\\/WhatsApp-Image-2025-11-10-at-01.26.27-3-7.jpeg\",\"width\":1600,\"height\":900},{\"@type\":\"BreadcrumbList\",\"@id\":\"https:\\\/\\\/filles-de-la-charite.org\\\/pl\\\/amazonia-tierra-de-esperanza-y-encuentro-vicenciano\\\/#breadcrumb\",\"itemListElement\":[{\"@type\":\"ListItem\",\"position\":1,\"name\":\"Amazonia\",\"item\":\"https:\\\/\\\/filles-de-la-charite.org\\\/pl\\\/category\\\/amazonia-pl\\\/\"},{\"@type\":\"ListItem\",\"position\":2,\"name\":\"Amazonia: kraina nadziei i wincenty\u0144skiego spotkania\"}]},{\"@type\":\"WebSite\",\"@id\":\"https:\\\/\\\/filles-de-la-charite.org\\\/pl\\\/#website\",\"url\":\"https:\\\/\\\/filles-de-la-charite.org\\\/pl\\\/\",\"name\":\"Hijas de la Caridad\",\"description\":\"L\u2019amour de J\u00e9sus nous presse \u00e0 prendre soin des personnes les plus d\u00e9munies\",\"publisher\":{\"@id\":\"https:\\\/\\\/filles-de-la-charite.org\\\/pl\\\/#organization\"},\"potentialAction\":[{\"@type\":\"SearchAction\",\"target\":{\"@type\":\"EntryPoint\",\"urlTemplate\":\"https:\\\/\\\/filles-de-la-charite.org\\\/pl\\\/?s={search_term_string}\"},\"query-input\":{\"@type\":\"PropertyValueSpecification\",\"valueRequired\":true,\"valueName\":\"search_term_string\"}}],\"inLanguage\":\"pl-PL\"},{\"@type\":\"Organization\",\"@id\":\"https:\\\/\\\/filles-de-la-charite.org\\\/pl\\\/#organization\",\"name\":\"Hijas de la Caridad\",\"url\":\"https:\\\/\\\/filles-de-la-charite.org\\\/pl\\\/\",\"logo\":{\"@type\":\"ImageObject\",\"inLanguage\":\"pl-PL\",\"@id\":\"https:\\\/\\\/filles-de-la-charite.org\\\/pl\\\/#\\\/schema\\\/logo\\\/image\\\/\",\"url\":\"https:\\\/\\\/filles-de-la-charite.org\\\/wp-content\\\/uploads\\\/2023\\\/03\\\/isotipo-Hijas-de-la-Caridad.png\",\"contentUrl\":\"https:\\\/\\\/filles-de-la-charite.org\\\/wp-content\\\/uploads\\\/2023\\\/03\\\/isotipo-Hijas-de-la-Caridad.png\",\"width\":1417,\"height\":1417,\"caption\":\"Hijas de la Caridad\"},\"image\":{\"@id\":\"https:\\\/\\\/filles-de-la-charite.org\\\/pl\\\/#\\\/schema\\\/logo\\\/image\\\/\"}},{\"@type\":\"Person\",\"@id\":\"https:\\\/\\\/filles-de-la-charite.org\\\/pl\\\/#\\\/schema\\\/person\\\/0c922b6ca71280639858d297b3a7209f\",\"name\":\"SOR MARTA\",\"image\":{\"@type\":\"ImageObject\",\"inLanguage\":\"pl-PL\",\"@id\":\"https:\\\/\\\/secure.gravatar.com\\\/avatar\\\/d2c45b0fd6bf2d3e2670ab3d112257c24ac80fa960360bba1bdc0676485d1d09?s=96&d=mm&r=g\",\"url\":\"https:\\\/\\\/secure.gravatar.com\\\/avatar\\\/d2c45b0fd6bf2d3e2670ab3d112257c24ac80fa960360bba1bdc0676485d1d09?s=96&d=mm&r=g\",\"contentUrl\":\"https:\\\/\\\/secure.gravatar.com\\\/avatar\\\/d2c45b0fd6bf2d3e2670ab3d112257c24ac80fa960360bba1bdc0676485d1d09?s=96&d=mm&r=g\",\"caption\":\"SOR MARTA\"},\"url\":\"https:\\\/\\\/filles-de-la-charite.org\\\/pl\\\/author\\\/martaemn\\\/\"}]}<\/script>\n<!-- \/ Yoast SEO plugin. -->","yoast_head_json":{"title":"Amazonia: kraina nadziei i wincenty\u0144skiego spotkania - Filles de la Charit\u00e9","robots":{"index":"index","follow":"follow","max-snippet":"max-snippet:-1","max-image-preview":"max-image-preview:large","max-video-preview":"max-video-preview:-1"},"canonical":"https:\/\/filles-de-la-charite.org\/pl\/amazonia-tierra-de-esperanza-y-encuentro-vicenciano\/","og_locale":"pl_PL","og_type":"article","og_title":"Amazonia: kraina nadziei i wincenty\u0144skiego spotkania - Filles de la Charit\u00e9","og_description":"Wizyta Prze\u0142o\u017conej Generalnej i Dyrektora Generalnego Si\u00f3str Mi\u0142osierdzia podczas C\u00edrio de Nazar\u00e9 2025 (C\u00edrio de Nazar\u00e9 \u2013 jedna z najwi\u0119kszych procesji maryjnych na \u015bwiecie) W pa\u017adzierniku 2025 r. Bel\u00e9m do Par\u00e1, brazylijska brama do Amazonii, sta\u0142o si\u0119 miejscem g\u0142\u0119boko symbolicznego spotkania charyzmatu wincenty\u0144skiego z ludow\u0105 duchowo\u015bci\u0105. Podczas uroczysto\u015bci C\u00edrio de Nazar\u00e9&nbsp; Prze\u0142o\u017cona Generalna Si\u00f3str Mi\u0142osierdzia [&hellip;]","og_url":"https:\/\/filles-de-la-charite.org\/pl\/amazonia-tierra-de-esperanza-y-encuentro-vicenciano\/","og_site_name":"Filles de la Charit\u00e9","article_published_time":"2025-11-13T11:24:37+00:00","article_modified_time":"2025-11-29T21:50:18+00:00","og_image":[{"width":1600,"height":900,"url":"https:\/\/filles-de-la-charite.org\/wp-content\/uploads\/2025\/11\/WhatsApp-Image-2025-11-10-at-01.26.27-3-7.jpeg","type":"image\/jpeg"}],"author":"SOR MARTA","twitter_card":"summary_large_image","twitter_misc":{"Napisane przez":"SOR MARTA","Szacowany czas czytania":"5 minut"},"schema":{"@context":"https:\/\/schema.org","@graph":[{"@type":"Article","@id":"https:\/\/filles-de-la-charite.org\/pl\/amazonia-tierra-de-esperanza-y-encuentro-vicenciano\/#article","isPartOf":{"@id":"https:\/\/filles-de-la-charite.org\/pl\/amazonia-tierra-de-esperanza-y-encuentro-vicenciano\/"},"author":{"name":"SOR MARTA","@id":"https:\/\/filles-de-la-charite.org\/pl\/#\/schema\/person\/0c922b6ca71280639858d297b3a7209f"},"headline":"Amazonia: kraina nadziei i wincenty\u0144skiego spotkania","datePublished":"2025-11-13T11:24:37+00:00","dateModified":"2025-11-29T21:50:18+00:00","mainEntityOfPage":{"@id":"https:\/\/filles-de-la-charite.org\/pl\/amazonia-tierra-de-esperanza-y-encuentro-vicenciano\/"},"wordCount":874,"publisher":{"@id":"https:\/\/filles-de-la-charite.org\/pl\/#organization"},"image":{"@id":"https:\/\/filles-de-la-charite.org\/pl\/amazonia-tierra-de-esperanza-y-encuentro-vicenciano\/#primaryimage"},"thumbnailUrl":"https:\/\/filles-de-la-charite.org\/wp-content\/uploads\/2025\/11\/WhatsApp-Image-2025-11-10-at-01.26.27-3-7.jpeg","articleSection":["Amazonia"],"inLanguage":"pl-PL"},{"@type":"WebPage","@id":"https:\/\/filles-de-la-charite.org\/pl\/amazonia-tierra-de-esperanza-y-encuentro-vicenciano\/","url":"https:\/\/filles-de-la-charite.org\/pl\/amazonia-tierra-de-esperanza-y-encuentro-vicenciano\/","name":"Amazonia: kraina nadziei i wincenty\u0144skiego spotkania - Filles de la Charit\u00e9","isPartOf":{"@id":"https:\/\/filles-de-la-charite.org\/pl\/#website"},"primaryImageOfPage":{"@id":"https:\/\/filles-de-la-charite.org\/pl\/amazonia-tierra-de-esperanza-y-encuentro-vicenciano\/#primaryimage"},"image":{"@id":"https:\/\/filles-de-la-charite.org\/pl\/amazonia-tierra-de-esperanza-y-encuentro-vicenciano\/#primaryimage"},"thumbnailUrl":"https:\/\/filles-de-la-charite.org\/wp-content\/uploads\/2025\/11\/WhatsApp-Image-2025-11-10-at-01.26.27-3-7.jpeg","datePublished":"2025-11-13T11:24:37+00:00","dateModified":"2025-11-29T21:50:18+00:00","breadcrumb":{"@id":"https:\/\/filles-de-la-charite.org\/pl\/amazonia-tierra-de-esperanza-y-encuentro-vicenciano\/#breadcrumb"},"inLanguage":"pl-PL","potentialAction":[{"@type":"ReadAction","target":["https:\/\/filles-de-la-charite.org\/pl\/amazonia-tierra-de-esperanza-y-encuentro-vicenciano\/"]}]},{"@type":"ImageObject","inLanguage":"pl-PL","@id":"https:\/\/filles-de-la-charite.org\/pl\/amazonia-tierra-de-esperanza-y-encuentro-vicenciano\/#primaryimage","url":"https:\/\/filles-de-la-charite.org\/wp-content\/uploads\/2025\/11\/WhatsApp-Image-2025-11-10-at-01.26.27-3-7.jpeg","contentUrl":"https:\/\/filles-de-la-charite.org\/wp-content\/uploads\/2025\/11\/WhatsApp-Image-2025-11-10-at-01.26.27-3-7.jpeg","width":1600,"height":900},{"@type":"BreadcrumbList","@id":"https:\/\/filles-de-la-charite.org\/pl\/amazonia-tierra-de-esperanza-y-encuentro-vicenciano\/#breadcrumb","itemListElement":[{"@type":"ListItem","position":1,"name":"Amazonia","item":"https:\/\/filles-de-la-charite.org\/pl\/category\/amazonia-pl\/"},{"@type":"ListItem","position":2,"name":"Amazonia: kraina nadziei i wincenty\u0144skiego spotkania"}]},{"@type":"WebSite","@id":"https:\/\/filles-de-la-charite.org\/pl\/#website","url":"https:\/\/filles-de-la-charite.org\/pl\/","name":"Hijas de la Caridad","description":"L\u2019amour de J\u00e9sus nous presse \u00e0 prendre soin des personnes les plus d\u00e9munies","publisher":{"@id":"https:\/\/filles-de-la-charite.org\/pl\/#organization"},"potentialAction":[{"@type":"SearchAction","target":{"@type":"EntryPoint","urlTemplate":"https:\/\/filles-de-la-charite.org\/pl\/?s={search_term_string}"},"query-input":{"@type":"PropertyValueSpecification","valueRequired":true,"valueName":"search_term_string"}}],"inLanguage":"pl-PL"},{"@type":"Organization","@id":"https:\/\/filles-de-la-charite.org\/pl\/#organization","name":"Hijas de la Caridad","url":"https:\/\/filles-de-la-charite.org\/pl\/","logo":{"@type":"ImageObject","inLanguage":"pl-PL","@id":"https:\/\/filles-de-la-charite.org\/pl\/#\/schema\/logo\/image\/","url":"https:\/\/filles-de-la-charite.org\/wp-content\/uploads\/2023\/03\/isotipo-Hijas-de-la-Caridad.png","contentUrl":"https:\/\/filles-de-la-charite.org\/wp-content\/uploads\/2023\/03\/isotipo-Hijas-de-la-Caridad.png","width":1417,"height":1417,"caption":"Hijas de la Caridad"},"image":{"@id":"https:\/\/filles-de-la-charite.org\/pl\/#\/schema\/logo\/image\/"}},{"@type":"Person","@id":"https:\/\/filles-de-la-charite.org\/pl\/#\/schema\/person\/0c922b6ca71280639858d297b3a7209f","name":"SOR MARTA","image":{"@type":"ImageObject","inLanguage":"pl-PL","@id":"https:\/\/secure.gravatar.com\/avatar\/d2c45b0fd6bf2d3e2670ab3d112257c24ac80fa960360bba1bdc0676485d1d09?s=96&d=mm&r=g","url":"https:\/\/secure.gravatar.com\/avatar\/d2c45b0fd6bf2d3e2670ab3d112257c24ac80fa960360bba1bdc0676485d1d09?s=96&d=mm&r=g","contentUrl":"https:\/\/secure.gravatar.com\/avatar\/d2c45b0fd6bf2d3e2670ab3d112257c24ac80fa960360bba1bdc0676485d1d09?s=96&d=mm&r=g","caption":"SOR MARTA"},"url":"https:\/\/filles-de-la-charite.org\/pl\/author\/martaemn\/"}]}},"_links":{"self":[{"href":"https:\/\/filles-de-la-charite.org\/pl\/wp-json\/wp\/v2\/posts\/47721","targetHints":{"allow":["GET"]}}],"collection":[{"href":"https:\/\/filles-de-la-charite.org\/pl\/wp-json\/wp\/v2\/posts"}],"about":[{"href":"https:\/\/filles-de-la-charite.org\/pl\/wp-json\/wp\/v2\/types\/post"}],"author":[{"embeddable":true,"href":"https:\/\/filles-de-la-charite.org\/pl\/wp-json\/wp\/v2\/users\/5"}],"replies":[{"embeddable":true,"href":"https:\/\/filles-de-la-charite.org\/pl\/wp-json\/wp\/v2\/comments?post=47721"}],"version-history":[{"count":1,"href":"https:\/\/filles-de-la-charite.org\/pl\/wp-json\/wp\/v2\/posts\/47721\/revisions"}],"predecessor-version":[{"id":47745,"href":"https:\/\/filles-de-la-charite.org\/pl\/wp-json\/wp\/v2\/posts\/47721\/revisions\/47745"}],"wp:featuredmedia":[{"embeddable":true,"href":"https:\/\/filles-de-la-charite.org\/pl\/wp-json\/wp\/v2\/media\/48053"}],"wp:attachment":[{"href":"https:\/\/filles-de-la-charite.org\/pl\/wp-json\/wp\/v2\/media?parent=47721"}],"wp:term":[{"taxonomy":"category","embeddable":true,"href":"https:\/\/filles-de-la-charite.org\/pl\/wp-json\/wp\/v2\/categories?post=47721"},{"taxonomy":"post_tag","embeddable":true,"href":"https:\/\/filles-de-la-charite.org\/pl\/wp-json\/wp\/v2\/tags?post=47721"}],"curies":[{"name":"wp","href":"https:\/\/api.w.org\/{rel}","templated":true}]}}