{"id":47774,"date":"2025-11-13T13:08:38","date_gmt":"2025-11-13T12:08:38","guid":{"rendered":"https:\/\/filles-de-la-charite.org\/?p=47774"},"modified":"2025-11-13T13:01:10","modified_gmt":"2025-11-13T12:01:10","slug":"como-peregrinas-de-la-caridad-esperando-y-avanzando","status":"publish","type":"post","link":"https:\/\/filles-de-la-charite.org\/pl\/como-peregrinas-de-la-caridad-esperando-y-avanzando\/","title":{"rendered":"Pielgrzymi Mi\u0142osierdzia: Nadzieja i post\u0119p"},"content":{"rendered":"\n<p><strong>Pierwsze spotkanie mi\u0119dzyprowincjalne Si\u00f3str do 15 lat powo\u0142ania\u2013 Prowincje Brazylii<\/strong><\/p>\n\n\n\n<p><em>Rio de Janeiro, Brazylia \u2013 14\u201318 pa\u017adziernika 2025 r.<\/em><\/p>\n\n\n\n<figure class=\"wp-block-image size-large\"><img loading=\"lazy\" decoding=\"async\" width=\"1024\" height=\"682\" src=\"https:\/\/filles-de-la-charite.org\/wp-content\/uploads\/2025\/11\/WhatsApp-Image-2025-11-10-at-01.16.02-1024x682.jpeg\" alt=\"\" class=\"wp-image-47763\" srcset=\"https:\/\/filles-de-la-charite.org\/wp-content\/uploads\/2025\/11\/WhatsApp-Image-2025-11-10-at-01.16.02-1024x682.jpeg 1024w, https:\/\/filles-de-la-charite.org\/wp-content\/uploads\/2025\/11\/WhatsApp-Image-2025-11-10-at-01.16.02-980x653.jpeg 980w, https:\/\/filles-de-la-charite.org\/wp-content\/uploads\/2025\/11\/WhatsApp-Image-2025-11-10-at-01.16.02-480x320.jpeg 480w\" sizes=\"(min-width: 0px) and (max-width: 480px) 480px, (min-width: 481px) and (max-width: 980px) 980px, (min-width: 981px) 1024px, 100vw\" \/><\/figure>\n\n\n\n<p>W dniach 14-18 pa\u017adziernika 2025 r. w Rio de Janeiro odby\u0142o si\u0119 pierwsze mi\u0119dzyprowincjalne spotkanie m\u0142odych Si\u00f3str do pi\u0119tnastu lat powo\u0142ania. Zebra\u0142y\u015bmy si\u0119 jako Pielgrzymi Mi\u0142osierdzia, pragn\u0105c wzmocni\u0107 nasz\u0105 to\u017csamo\u015b\u0107 wincenty\u0144sk\u0105 i o\u017cywi\u0107 nasz zapa\u0142 misyjny. Od pierwszej chwili siostrzana rado\u015b\u0107 i dzielenie si\u0119 ujawni\u0142y \u017cyw\u0105 obecno\u015b\u0107 Boga w\u015br\u00f3d nas.<\/p>\n\n\n\n<figure class=\"wp-block-image size-large\"><img loading=\"lazy\" decoding=\"async\" width=\"1024\" height=\"682\" src=\"https:\/\/filles-de-la-charite.org\/wp-content\/uploads\/2025\/11\/WhatsApp-Image-2025-11-10-at-01.15.27-1-1024x682.jpeg\" alt=\"\" class=\"wp-image-47754\" srcset=\"https:\/\/filles-de-la-charite.org\/wp-content\/uploads\/2025\/11\/WhatsApp-Image-2025-11-10-at-01.15.27-1-1024x682.jpeg 1024w, https:\/\/filles-de-la-charite.org\/wp-content\/uploads\/2025\/11\/WhatsApp-Image-2025-11-10-at-01.15.27-1-980x653.jpeg 980w, https:\/\/filles-de-la-charite.org\/wp-content\/uploads\/2025\/11\/WhatsApp-Image-2025-11-10-at-01.15.27-1-480x320.jpeg 480w\" sizes=\"(min-width: 0px) and (max-width: 480px) 480px, (min-width: 481px) and (max-width: 980px) 980px, (min-width: 981px) 1024px, 100vw\" \/><\/figure>\n\n\n\n<h2 class=\"wp-block-heading\"><strong>Inspiruj\u0105ce osobisto\u015bci<\/strong><\/h2>\n\n\n\n<p>Spotkanie wzbogaci\u0142a obecno\u015b\u0107 Siostry Fran\u00e7oise Petit, Prze\u0142o\u017conej Generalnej, kt\u00f3ra z delikatno\u015bci\u0105 i m\u0105dro\u015bci\u0105 zach\u0119ca\u0142a nas do wytrwania w powo\u0142aniu z rado\u015bci\u0105 i wierno\u015bci\u0105, zachowuj\u0105c Ubogich w centrum naszej pos\u0142ugi. Przypomnia\u0142a nam, \u017ce \u201enic w naszych Konstytucjach nie hamuje misyjnej \u015bmia\u0142o\u015bci\u201d i \u017ce wierno\u015b\u0107 jest drog\u0105 codziennej mi\u0142o\u015bci. Siostra Ana Am\u00e9lia Guedes, Radna Generalna, pomog\u0142a nam zastanowi\u0107 si\u0119 nad tematem spotkania, przypominaj\u0105c, \u017ce wsp\u00f3lnota jest przestrzeni\u0105 \u017cycia Ewangeli\u0105, gdzie mi\u0142o\u015b\u0107 siostrzana staje si\u0119 misj\u0105. Nawi\u0105zuj\u0105c do tematu Konwent\u00f3w, por\u00f3wna\u0142a Wsp\u00f3lnot\u0119 do \u201ewielkiej pracowni\u201d, w kt\u00f3rej ka\u017cda Siostra jest&nbsp;: \u00ab&nbsp;Wprowadzaj\u0105c\u0105 pok\u00f3j i nadziej\u0119&nbsp;\u00bb, dyskretnie przyczyniaj\u0105c si\u0119 do pi\u0119kna ca\u0142o\u015bci. Obecny by\u0142 r\u00f3wnie\u017c Dyrektor Generalny, Ojciec Jos\u00e9 Antonio Gonz\u00e1lez Prieto CM, kt\u00f3ry przypomnia\u0142 nam, \u017ce wsp\u00f3lnota, uczestnictwo i misja s\u0105 cz\u0119\u015bci\u0105 istoty wincenty\u0144skiej. Synodalno\u015b\u0107, jak powiedzia\u0142, jest wyrazem s\u0142uchania Ducha \u015awi\u0119tego i nawr\u00f3cenia duszpasterskiego, do kt\u00f3rego jeste\u015bmy wezwani.<\/p>\n\n\n\n<figure class=\"wp-block-image size-large\"><img loading=\"lazy\" decoding=\"async\" width=\"1024\" height=\"682\" src=\"https:\/\/filles-de-la-charite.org\/wp-content\/uploads\/2025\/11\/WhatsApp-Image-2025-11-10-at-01.15.30-1024x682.jpeg\" alt=\"\" class=\"wp-image-47757\" srcset=\"https:\/\/filles-de-la-charite.org\/wp-content\/uploads\/2025\/11\/WhatsApp-Image-2025-11-10-at-01.15.30-1024x682.jpeg 1024w, https:\/\/filles-de-la-charite.org\/wp-content\/uploads\/2025\/11\/WhatsApp-Image-2025-11-10-at-01.15.30-980x653.jpeg 980w, https:\/\/filles-de-la-charite.org\/wp-content\/uploads\/2025\/11\/WhatsApp-Image-2025-11-10-at-01.15.30-480x320.jpeg 480w\" sizes=\"(min-width: 0px) and (max-width: 480px) 480px, (min-width: 481px) and (max-width: 980px) 980px, (min-width: 981px) 1024px, 100vw\" \/><\/figure>\n\n\n\n<p>Poruszaj\u0105c kwesti\u0119 znaczenia r\u00f3wnowagi i elastyczno\u015bci w naszym powo\u0142aniu, Ksi\u0105dz Ronaldo Zacharias, SDC, podkre\u015bli\u0142 potrzeb\u0119 integracji cia\u0142a, umys\u0142u i emocji w na\u015bladowaniu Chrystusa. Ojciec Eli Chaves, CM, ostrzeg\u0142 nas przed niebezpiecze\u0144stwem bycia \u201echrze\u015bcijankami bez Jezusa\u201d i zaprosi\u0142 nas do ponownego odkrycia uroku pierwszej mi\u0142o\u015bci. \u201eTylko maj\u0105c stopy mocno osadzone w rzeczywisto\u015bci i oczy utkwione w Chrystusie, mo\u017cna mie\u0107 nadziej\u0119 i i\u015b\u0107 naprz\u00f3d\u201d \u2013 stwierdzi\u0142. Otrzyma\u0142y\u015bmy r\u00f3wnie\u017c wiadomo\u015b\u0107 od o. Toma\u017ea Mavri\u010da CM, Prze\u0142o\u017conego Generalnego, kt\u00f3ry zach\u0119ci\u0142 nas do \u017cycia gorliw\u0105 i misyjn\u0105 duchowo\u015bci\u0105, podtrzymuj\u0105c charyzmat wincenty\u0144ski w s\u0142u\u017cbie ubogim.<\/p>\n\n\n\n<h2 class=\"wp-block-heading\"><strong>Ewangelia wcielona: wizyta w Centrum dla Uchod\u017ac\u00f3w<\/strong><\/h2>\n\n\n\n<p>Jednym z najbardziej poruszaj\u0105cych moment\u00f3w by\u0142a wizyta w Centrum dla Uchod\u017ac\u00f3w i Imigrant\u00f3w, prowadzonym przez Prowincj\u0119 Rio de Janeiro. Tam Ewangelia otrzyma\u0142a twarz i g\u0142os w historiach tych, kt\u00f3rzy znale\u017ali schronienie i godno\u015b\u0107. S\u0142u\u017cba Ubogim okaza\u0142a si\u0119 po raz kolejny s\u0142u\u017cb\u0105 samemu Chrystusowi.<\/p>\n\n\n\n<figure class=\"wp-block-image size-large\"><img loading=\"lazy\" decoding=\"async\" width=\"1024\" height=\"682\" src=\"https:\/\/filles-de-la-charite.org\/wp-content\/uploads\/2025\/11\/WhatsApp-Image-2025-11-10-at-01.15.47-1-1024x682.jpeg\" alt=\"\" class=\"wp-image-47758\" srcset=\"https:\/\/filles-de-la-charite.org\/wp-content\/uploads\/2025\/11\/WhatsApp-Image-2025-11-10-at-01.15.47-1-1024x682.jpeg 1024w, https:\/\/filles-de-la-charite.org\/wp-content\/uploads\/2025\/11\/WhatsApp-Image-2025-11-10-at-01.15.47-1-980x653.jpeg 980w, https:\/\/filles-de-la-charite.org\/wp-content\/uploads\/2025\/11\/WhatsApp-Image-2025-11-10-at-01.15.47-1-480x320.jpeg 480w\" sizes=\"(min-width: 0px) and (max-width: 480px) 480px, (min-width: 481px) and (max-width: 980px) 980px, (min-width: 981px) 1024px, 100vw\" \/><\/figure>\n\n\n\n<h2 class=\"wp-block-heading\"><strong>Zako\u0144czenie z nadziej\u0105<\/strong><\/h2>\n\n\n\n<p>W swoim ko\u0144cowym przes\u0142aniu Siostra Fran\u00e7oise Petit, przemawiaj\u0105c po portugalsku, podzieli\u0142a si\u0119 rado\u015bci\u0105 z przebywania w\u015br\u00f3d nas. Odnowi\u0142a po\u015bwi\u0119cenie Zgromadzenia Matce Bo\u017cej w Narodowym Sanktuarium w Aparecida i potwierdzi\u0142a gest \u015bw. Ludwiki sprzed 381 lat w Chartres. Z wiar\u0105 o\u015bwiadczy\u0142a:\u201eNie jeste\u015bmy same. Idziemy razem. Zachowajcie entuzjazm i pog\u0142\u0119biajcie zakorzenienie w Jezusie\u201d.<\/p>\n\n\n\n<figure class=\"wp-block-image size-large\"><img loading=\"lazy\" decoding=\"async\" width=\"1024\" height=\"682\" src=\"https:\/\/filles-de-la-charite.org\/wp-content\/uploads\/2025\/11\/WhatsApp-Image-2025-11-10-at-01.16.04-1-1024x682.jpeg\" alt=\"\" class=\"wp-image-47764\" srcset=\"https:\/\/filles-de-la-charite.org\/wp-content\/uploads\/2025\/11\/WhatsApp-Image-2025-11-10-at-01.16.04-1-1024x682.jpeg 1024w, https:\/\/filles-de-la-charite.org\/wp-content\/uploads\/2025\/11\/WhatsApp-Image-2025-11-10-at-01.16.04-1-980x653.jpeg 980w, https:\/\/filles-de-la-charite.org\/wp-content\/uploads\/2025\/11\/WhatsApp-Image-2025-11-10-at-01.16.04-1-480x320.jpeg 480w\" sizes=\"(min-width: 0px) and (max-width: 480px) 480px, (min-width: 481px) and (max-width: 980px) 980px, (min-width: 981px) 1024px, 100vw\" \/><\/figure>\n\n\n\n<h2 class=\"wp-block-heading\"><strong>Droga o\u017cywiona na nowo<\/strong><\/h2>\n\n\n\n<p>Z wdzi\u0119czno\u015bci\u0105 powr\u00f3ci\u0142y\u015bmy do naszych wsp\u00f3lnot, nios\u0105c o\u017cywiony p\u0142omie\u0144 powo\u0142ania. Niech Maryja, Matka i Opiekunka Zgromadzenia, pomo\u017ce nam zachowa\u0107 otrzymane \u015bwiat\u0142o i i\u015b\u0107 z nadziej\u0105 \u015bladami \u015awi\u0119tych Wincentego i Ludwiki, na spotkanie z Ubogimi, gdzie sam Chrystus na nas czeka.<\/p>\n\n\n\n<figure class=\"wp-block-image size-large\"><img loading=\"lazy\" decoding=\"async\" width=\"682\" height=\"1024\" src=\"https:\/\/filles-de-la-charite.org\/wp-content\/uploads\/2025\/11\/WhatsApp-Image-2025-11-10-at-01.16.22-682x1024.jpeg\" alt=\"\" class=\"wp-image-47766\" srcset=\"https:\/\/filles-de-la-charite.org\/wp-content\/uploads\/2025\/11\/WhatsApp-Image-2025-11-10-at-01.16.22-682x1024.jpeg 682w, https:\/\/filles-de-la-charite.org\/wp-content\/uploads\/2025\/11\/WhatsApp-Image-2025-11-10-at-01.16.22-480x720.jpeg 480w\" sizes=\"(min-width: 0px) and (max-width: 480px) 480px, (min-width: 481px) 682px, 100vw\" \/><\/figure>\n\n\n\n<p><strong><strong>Niech b\u0119dzie b\u0142ogos\u0142awiony B\u00f3g, kt\u00f3ry idzie z nami\u00a0!<\/strong><\/strong><\/p>\n","protected":false},"excerpt":{"rendered":"<p>Pierwsze spotkanie mi\u0119dzyprowincjalne Si\u00f3str do 15 lat powo\u0142ania\u2013 Prowincje Brazylii Rio de Janeiro, Brazylia \u2013 14\u201318 pa\u017adziernika 2025 r. W dniach 14-18 pa\u017adziernika 2025 r. w Rio de Janeiro odby\u0142o si\u0119 pierwsze mi\u0119dzyprowincjalne spotkanie m\u0142odych Si\u00f3str do pi\u0119tnastu lat powo\u0142ania. Zebra\u0142y\u015bmy si\u0119 jako Pielgrzymi Mi\u0142osierdzia, pragn\u0105c wzmocni\u0107 nasz\u0105 to\u017csamo\u015b\u0107 wincenty\u0144sk\u0105 i o\u017cywi\u0107 nasz zapa\u0142 misyjny. [&hellip;]<\/p>\n","protected":false},"author":5,"featured_media":47775,"comment_status":"closed","ping_status":"closed","sticky":false,"template":"","format":"standard","meta":{"_acf_changed":false,"_et_pb_use_builder":"","_et_pb_old_content":"","_et_gb_content_width":"","footnotes":"","_links_to":"","_links_to_target":""},"categories":[852],"tags":[],"class_list":["post-47774","post","type-post","status-publish","format-standard","has-post-thumbnail","hentry","category-brazylia"],"acf":[],"yoast_head":"<!-- This site is optimized with the Yoast SEO plugin v27.5 - https:\/\/yoast.com\/product\/yoast-seo-wordpress\/ -->\n<title>Pielgrzymi Mi\u0142osierdzia: Nadzieja i post\u0119p - Filles de la Charit\u00e9<\/title>\n<meta name=\"robots\" content=\"index, follow, max-snippet:-1, max-image-preview:large, max-video-preview:-1\" \/>\n<link rel=\"canonical\" href=\"https:\/\/filles-de-la-charite.org\/pl\/como-peregrinas-de-la-caridad-esperando-y-avanzando\/\" \/>\n<meta property=\"og:locale\" content=\"pl_PL\" \/>\n<meta property=\"og:type\" content=\"article\" \/>\n<meta property=\"og:title\" content=\"Pielgrzymi Mi\u0142osierdzia: Nadzieja i post\u0119p - Filles de la Charit\u00e9\" \/>\n<meta property=\"og:description\" content=\"Pierwsze spotkanie mi\u0119dzyprowincjalne Si\u00f3str do 15 lat powo\u0142ania\u2013 Prowincje Brazylii Rio de Janeiro, Brazylia \u2013 14\u201318 pa\u017adziernika 2025 r. W dniach 14-18 pa\u017adziernika 2025 r. w Rio de Janeiro odby\u0142o si\u0119 pierwsze mi\u0119dzyprowincjalne spotkanie m\u0142odych Si\u00f3str do pi\u0119tnastu lat powo\u0142ania. Zebra\u0142y\u015bmy si\u0119 jako Pielgrzymi Mi\u0142osierdzia, pragn\u0105c wzmocni\u0107 nasz\u0105 to\u017csamo\u015b\u0107 wincenty\u0144sk\u0105 i o\u017cywi\u0107 nasz zapa\u0142 misyjny. [&hellip;]\" \/>\n<meta property=\"og:url\" content=\"https:\/\/filles-de-la-charite.org\/pl\/como-peregrinas-de-la-caridad-esperando-y-avanzando\/\" \/>\n<meta property=\"og:site_name\" content=\"Filles de la Charit\u00e9\" \/>\n<meta property=\"article:published_time\" content=\"2025-11-13T12:08:38+00:00\" \/>\n<meta property=\"og:image\" content=\"https:\/\/filles-de-la-charite.org\/wp-content\/uploads\/2025\/11\/WhatsApp-Image-2025-11-10-at-01.15.27.jpeg\" \/>\n\t<meta property=\"og:image:width\" content=\"1280\" \/>\n\t<meta property=\"og:image:height\" content=\"719\" \/>\n\t<meta property=\"og:image:type\" content=\"image\/jpeg\" \/>\n<meta name=\"author\" content=\"SOR MARTA\" \/>\n<meta name=\"twitter:card\" content=\"summary_large_image\" \/>\n<meta name=\"twitter:label1\" content=\"Napisane przez\" \/>\n\t<meta name=\"twitter:data1\" content=\"SOR MARTA\" \/>\n\t<meta name=\"twitter:label2\" content=\"Szacowany czas czytania\" \/>\n\t<meta name=\"twitter:data2\" content=\"4 minuty\" \/>\n<script type=\"application\/ld+json\" class=\"yoast-schema-graph\">{\"@context\":\"https:\\\/\\\/schema.org\",\"@graph\":[{\"@type\":\"Article\",\"@id\":\"https:\\\/\\\/filles-de-la-charite.org\\\/pl\\\/como-peregrinas-de-la-caridad-esperando-y-avanzando\\\/#article\",\"isPartOf\":{\"@id\":\"https:\\\/\\\/filles-de-la-charite.org\\\/pl\\\/como-peregrinas-de-la-caridad-esperando-y-avanzando\\\/\"},\"author\":{\"name\":\"SOR MARTA\",\"@id\":\"https:\\\/\\\/filles-de-la-charite.org\\\/pl\\\/#\\\/schema\\\/person\\\/0c922b6ca71280639858d297b3a7209f\"},\"headline\":\"Pielgrzymi Mi\u0142osierdzia: Nadzieja i post\u0119p\",\"datePublished\":\"2025-11-13T12:08:38+00:00\",\"mainEntityOfPage\":{\"@id\":\"https:\\\/\\\/filles-de-la-charite.org\\\/pl\\\/como-peregrinas-de-la-caridad-esperando-y-avanzando\\\/\"},\"wordCount\":613,\"publisher\":{\"@id\":\"https:\\\/\\\/filles-de-la-charite.org\\\/pl\\\/#organization\"},\"image\":{\"@id\":\"https:\\\/\\\/filles-de-la-charite.org\\\/pl\\\/como-peregrinas-de-la-caridad-esperando-y-avanzando\\\/#primaryimage\"},\"thumbnailUrl\":\"https:\\\/\\\/filles-de-la-charite.org\\\/wp-content\\\/uploads\\\/2025\\\/11\\\/WhatsApp-Image-2025-11-10-at-01.15.27.jpeg\",\"articleSection\":[\"Brazylia\"],\"inLanguage\":\"pl-PL\"},{\"@type\":\"WebPage\",\"@id\":\"https:\\\/\\\/filles-de-la-charite.org\\\/pl\\\/como-peregrinas-de-la-caridad-esperando-y-avanzando\\\/\",\"url\":\"https:\\\/\\\/filles-de-la-charite.org\\\/pl\\\/como-peregrinas-de-la-caridad-esperando-y-avanzando\\\/\",\"name\":\"Pielgrzymi Mi\u0142osierdzia: Nadzieja i post\u0119p - Filles de la Charit\u00e9\",\"isPartOf\":{\"@id\":\"https:\\\/\\\/filles-de-la-charite.org\\\/pl\\\/#website\"},\"primaryImageOfPage\":{\"@id\":\"https:\\\/\\\/filles-de-la-charite.org\\\/pl\\\/como-peregrinas-de-la-caridad-esperando-y-avanzando\\\/#primaryimage\"},\"image\":{\"@id\":\"https:\\\/\\\/filles-de-la-charite.org\\\/pl\\\/como-peregrinas-de-la-caridad-esperando-y-avanzando\\\/#primaryimage\"},\"thumbnailUrl\":\"https:\\\/\\\/filles-de-la-charite.org\\\/wp-content\\\/uploads\\\/2025\\\/11\\\/WhatsApp-Image-2025-11-10-at-01.15.27.jpeg\",\"datePublished\":\"2025-11-13T12:08:38+00:00\",\"breadcrumb\":{\"@id\":\"https:\\\/\\\/filles-de-la-charite.org\\\/pl\\\/como-peregrinas-de-la-caridad-esperando-y-avanzando\\\/#breadcrumb\"},\"inLanguage\":\"pl-PL\",\"potentialAction\":[{\"@type\":\"ReadAction\",\"target\":[\"https:\\\/\\\/filles-de-la-charite.org\\\/pl\\\/como-peregrinas-de-la-caridad-esperando-y-avanzando\\\/\"]}]},{\"@type\":\"ImageObject\",\"inLanguage\":\"pl-PL\",\"@id\":\"https:\\\/\\\/filles-de-la-charite.org\\\/pl\\\/como-peregrinas-de-la-caridad-esperando-y-avanzando\\\/#primaryimage\",\"url\":\"https:\\\/\\\/filles-de-la-charite.org\\\/wp-content\\\/uploads\\\/2025\\\/11\\\/WhatsApp-Image-2025-11-10-at-01.15.27.jpeg\",\"contentUrl\":\"https:\\\/\\\/filles-de-la-charite.org\\\/wp-content\\\/uploads\\\/2025\\\/11\\\/WhatsApp-Image-2025-11-10-at-01.15.27.jpeg\",\"width\":1280,\"height\":719},{\"@type\":\"BreadcrumbList\",\"@id\":\"https:\\\/\\\/filles-de-la-charite.org\\\/pl\\\/como-peregrinas-de-la-caridad-esperando-y-avanzando\\\/#breadcrumb\",\"itemListElement\":[{\"@type\":\"ListItem\",\"position\":1,\"name\":\"Brazylia\",\"item\":\"https:\\\/\\\/filles-de-la-charite.org\\\/pl\\\/category\\\/brazylia\\\/\"},{\"@type\":\"ListItem\",\"position\":2,\"name\":\"Pielgrzymi Mi\u0142osierdzia: Nadzieja i post\u0119p\"}]},{\"@type\":\"WebSite\",\"@id\":\"https:\\\/\\\/filles-de-la-charite.org\\\/pl\\\/#website\",\"url\":\"https:\\\/\\\/filles-de-la-charite.org\\\/pl\\\/\",\"name\":\"Hijas de la Caridad\",\"description\":\"L\u2019amour de J\u00e9sus nous presse \u00e0 prendre soin des personnes les plus d\u00e9munies\",\"publisher\":{\"@id\":\"https:\\\/\\\/filles-de-la-charite.org\\\/pl\\\/#organization\"},\"potentialAction\":[{\"@type\":\"SearchAction\",\"target\":{\"@type\":\"EntryPoint\",\"urlTemplate\":\"https:\\\/\\\/filles-de-la-charite.org\\\/pl\\\/?s={search_term_string}\"},\"query-input\":{\"@type\":\"PropertyValueSpecification\",\"valueRequired\":true,\"valueName\":\"search_term_string\"}}],\"inLanguage\":\"pl-PL\"},{\"@type\":\"Organization\",\"@id\":\"https:\\\/\\\/filles-de-la-charite.org\\\/pl\\\/#organization\",\"name\":\"Hijas de la Caridad\",\"url\":\"https:\\\/\\\/filles-de-la-charite.org\\\/pl\\\/\",\"logo\":{\"@type\":\"ImageObject\",\"inLanguage\":\"pl-PL\",\"@id\":\"https:\\\/\\\/filles-de-la-charite.org\\\/pl\\\/#\\\/schema\\\/logo\\\/image\\\/\",\"url\":\"https:\\\/\\\/filles-de-la-charite.org\\\/wp-content\\\/uploads\\\/2023\\\/03\\\/isotipo-Hijas-de-la-Caridad.png\",\"contentUrl\":\"https:\\\/\\\/filles-de-la-charite.org\\\/wp-content\\\/uploads\\\/2023\\\/03\\\/isotipo-Hijas-de-la-Caridad.png\",\"width\":1417,\"height\":1417,\"caption\":\"Hijas de la Caridad\"},\"image\":{\"@id\":\"https:\\\/\\\/filles-de-la-charite.org\\\/pl\\\/#\\\/schema\\\/logo\\\/image\\\/\"}},{\"@type\":\"Person\",\"@id\":\"https:\\\/\\\/filles-de-la-charite.org\\\/pl\\\/#\\\/schema\\\/person\\\/0c922b6ca71280639858d297b3a7209f\",\"name\":\"SOR MARTA\",\"image\":{\"@type\":\"ImageObject\",\"inLanguage\":\"pl-PL\",\"@id\":\"https:\\\/\\\/secure.gravatar.com\\\/avatar\\\/d2c45b0fd6bf2d3e2670ab3d112257c24ac80fa960360bba1bdc0676485d1d09?s=96&d=mm&r=g\",\"url\":\"https:\\\/\\\/secure.gravatar.com\\\/avatar\\\/d2c45b0fd6bf2d3e2670ab3d112257c24ac80fa960360bba1bdc0676485d1d09?s=96&d=mm&r=g\",\"contentUrl\":\"https:\\\/\\\/secure.gravatar.com\\\/avatar\\\/d2c45b0fd6bf2d3e2670ab3d112257c24ac80fa960360bba1bdc0676485d1d09?s=96&d=mm&r=g\",\"caption\":\"SOR MARTA\"},\"url\":\"https:\\\/\\\/filles-de-la-charite.org\\\/pl\\\/author\\\/martaemn\\\/\"}]}<\/script>\n<!-- \/ Yoast SEO plugin. -->","yoast_head_json":{"title":"Pielgrzymi Mi\u0142osierdzia: Nadzieja i post\u0119p - Filles de la Charit\u00e9","robots":{"index":"index","follow":"follow","max-snippet":"max-snippet:-1","max-image-preview":"max-image-preview:large","max-video-preview":"max-video-preview:-1"},"canonical":"https:\/\/filles-de-la-charite.org\/pl\/como-peregrinas-de-la-caridad-esperando-y-avanzando\/","og_locale":"pl_PL","og_type":"article","og_title":"Pielgrzymi Mi\u0142osierdzia: Nadzieja i post\u0119p - Filles de la Charit\u00e9","og_description":"Pierwsze spotkanie mi\u0119dzyprowincjalne Si\u00f3str do 15 lat powo\u0142ania\u2013 Prowincje Brazylii Rio de Janeiro, Brazylia \u2013 14\u201318 pa\u017adziernika 2025 r. W dniach 14-18 pa\u017adziernika 2025 r. w Rio de Janeiro odby\u0142o si\u0119 pierwsze mi\u0119dzyprowincjalne spotkanie m\u0142odych Si\u00f3str do pi\u0119tnastu lat powo\u0142ania. Zebra\u0142y\u015bmy si\u0119 jako Pielgrzymi Mi\u0142osierdzia, pragn\u0105c wzmocni\u0107 nasz\u0105 to\u017csamo\u015b\u0107 wincenty\u0144sk\u0105 i o\u017cywi\u0107 nasz zapa\u0142 misyjny. [&hellip;]","og_url":"https:\/\/filles-de-la-charite.org\/pl\/como-peregrinas-de-la-caridad-esperando-y-avanzando\/","og_site_name":"Filles de la Charit\u00e9","article_published_time":"2025-11-13T12:08:38+00:00","og_image":[{"width":1280,"height":719,"url":"https:\/\/filles-de-la-charite.org\/wp-content\/uploads\/2025\/11\/WhatsApp-Image-2025-11-10-at-01.15.27.jpeg","type":"image\/jpeg"}],"author":"SOR MARTA","twitter_card":"summary_large_image","twitter_misc":{"Napisane przez":"SOR MARTA","Szacowany czas czytania":"4 minuty"},"schema":{"@context":"https:\/\/schema.org","@graph":[{"@type":"Article","@id":"https:\/\/filles-de-la-charite.org\/pl\/como-peregrinas-de-la-caridad-esperando-y-avanzando\/#article","isPartOf":{"@id":"https:\/\/filles-de-la-charite.org\/pl\/como-peregrinas-de-la-caridad-esperando-y-avanzando\/"},"author":{"name":"SOR MARTA","@id":"https:\/\/filles-de-la-charite.org\/pl\/#\/schema\/person\/0c922b6ca71280639858d297b3a7209f"},"headline":"Pielgrzymi Mi\u0142osierdzia: Nadzieja i post\u0119p","datePublished":"2025-11-13T12:08:38+00:00","mainEntityOfPage":{"@id":"https:\/\/filles-de-la-charite.org\/pl\/como-peregrinas-de-la-caridad-esperando-y-avanzando\/"},"wordCount":613,"publisher":{"@id":"https:\/\/filles-de-la-charite.org\/pl\/#organization"},"image":{"@id":"https:\/\/filles-de-la-charite.org\/pl\/como-peregrinas-de-la-caridad-esperando-y-avanzando\/#primaryimage"},"thumbnailUrl":"https:\/\/filles-de-la-charite.org\/wp-content\/uploads\/2025\/11\/WhatsApp-Image-2025-11-10-at-01.15.27.jpeg","articleSection":["Brazylia"],"inLanguage":"pl-PL"},{"@type":"WebPage","@id":"https:\/\/filles-de-la-charite.org\/pl\/como-peregrinas-de-la-caridad-esperando-y-avanzando\/","url":"https:\/\/filles-de-la-charite.org\/pl\/como-peregrinas-de-la-caridad-esperando-y-avanzando\/","name":"Pielgrzymi Mi\u0142osierdzia: Nadzieja i post\u0119p - Filles de la Charit\u00e9","isPartOf":{"@id":"https:\/\/filles-de-la-charite.org\/pl\/#website"},"primaryImageOfPage":{"@id":"https:\/\/filles-de-la-charite.org\/pl\/como-peregrinas-de-la-caridad-esperando-y-avanzando\/#primaryimage"},"image":{"@id":"https:\/\/filles-de-la-charite.org\/pl\/como-peregrinas-de-la-caridad-esperando-y-avanzando\/#primaryimage"},"thumbnailUrl":"https:\/\/filles-de-la-charite.org\/wp-content\/uploads\/2025\/11\/WhatsApp-Image-2025-11-10-at-01.15.27.jpeg","datePublished":"2025-11-13T12:08:38+00:00","breadcrumb":{"@id":"https:\/\/filles-de-la-charite.org\/pl\/como-peregrinas-de-la-caridad-esperando-y-avanzando\/#breadcrumb"},"inLanguage":"pl-PL","potentialAction":[{"@type":"ReadAction","target":["https:\/\/filles-de-la-charite.org\/pl\/como-peregrinas-de-la-caridad-esperando-y-avanzando\/"]}]},{"@type":"ImageObject","inLanguage":"pl-PL","@id":"https:\/\/filles-de-la-charite.org\/pl\/como-peregrinas-de-la-caridad-esperando-y-avanzando\/#primaryimage","url":"https:\/\/filles-de-la-charite.org\/wp-content\/uploads\/2025\/11\/WhatsApp-Image-2025-11-10-at-01.15.27.jpeg","contentUrl":"https:\/\/filles-de-la-charite.org\/wp-content\/uploads\/2025\/11\/WhatsApp-Image-2025-11-10-at-01.15.27.jpeg","width":1280,"height":719},{"@type":"BreadcrumbList","@id":"https:\/\/filles-de-la-charite.org\/pl\/como-peregrinas-de-la-caridad-esperando-y-avanzando\/#breadcrumb","itemListElement":[{"@type":"ListItem","position":1,"name":"Brazylia","item":"https:\/\/filles-de-la-charite.org\/pl\/category\/brazylia\/"},{"@type":"ListItem","position":2,"name":"Pielgrzymi Mi\u0142osierdzia: Nadzieja i post\u0119p"}]},{"@type":"WebSite","@id":"https:\/\/filles-de-la-charite.org\/pl\/#website","url":"https:\/\/filles-de-la-charite.org\/pl\/","name":"Hijas de la Caridad","description":"L\u2019amour de J\u00e9sus nous presse \u00e0 prendre soin des personnes les plus d\u00e9munies","publisher":{"@id":"https:\/\/filles-de-la-charite.org\/pl\/#organization"},"potentialAction":[{"@type":"SearchAction","target":{"@type":"EntryPoint","urlTemplate":"https:\/\/filles-de-la-charite.org\/pl\/?s={search_term_string}"},"query-input":{"@type":"PropertyValueSpecification","valueRequired":true,"valueName":"search_term_string"}}],"inLanguage":"pl-PL"},{"@type":"Organization","@id":"https:\/\/filles-de-la-charite.org\/pl\/#organization","name":"Hijas de la Caridad","url":"https:\/\/filles-de-la-charite.org\/pl\/","logo":{"@type":"ImageObject","inLanguage":"pl-PL","@id":"https:\/\/filles-de-la-charite.org\/pl\/#\/schema\/logo\/image\/","url":"https:\/\/filles-de-la-charite.org\/wp-content\/uploads\/2023\/03\/isotipo-Hijas-de-la-Caridad.png","contentUrl":"https:\/\/filles-de-la-charite.org\/wp-content\/uploads\/2023\/03\/isotipo-Hijas-de-la-Caridad.png","width":1417,"height":1417,"caption":"Hijas de la Caridad"},"image":{"@id":"https:\/\/filles-de-la-charite.org\/pl\/#\/schema\/logo\/image\/"}},{"@type":"Person","@id":"https:\/\/filles-de-la-charite.org\/pl\/#\/schema\/person\/0c922b6ca71280639858d297b3a7209f","name":"SOR MARTA","image":{"@type":"ImageObject","inLanguage":"pl-PL","@id":"https:\/\/secure.gravatar.com\/avatar\/d2c45b0fd6bf2d3e2670ab3d112257c24ac80fa960360bba1bdc0676485d1d09?s=96&d=mm&r=g","url":"https:\/\/secure.gravatar.com\/avatar\/d2c45b0fd6bf2d3e2670ab3d112257c24ac80fa960360bba1bdc0676485d1d09?s=96&d=mm&r=g","contentUrl":"https:\/\/secure.gravatar.com\/avatar\/d2c45b0fd6bf2d3e2670ab3d112257c24ac80fa960360bba1bdc0676485d1d09?s=96&d=mm&r=g","caption":"SOR MARTA"},"url":"https:\/\/filles-de-la-charite.org\/pl\/author\/martaemn\/"}]}},"_links":{"self":[{"href":"https:\/\/filles-de-la-charite.org\/pl\/wp-json\/wp\/v2\/posts\/47774","targetHints":{"allow":["GET"]}}],"collection":[{"href":"https:\/\/filles-de-la-charite.org\/pl\/wp-json\/wp\/v2\/posts"}],"about":[{"href":"https:\/\/filles-de-la-charite.org\/pl\/wp-json\/wp\/v2\/types\/post"}],"author":[{"embeddable":true,"href":"https:\/\/filles-de-la-charite.org\/pl\/wp-json\/wp\/v2\/users\/5"}],"replies":[{"embeddable":true,"href":"https:\/\/filles-de-la-charite.org\/pl\/wp-json\/wp\/v2\/comments?post=47774"}],"version-history":[{"count":1,"href":"https:\/\/filles-de-la-charite.org\/pl\/wp-json\/wp\/v2\/posts\/47774\/revisions"}],"predecessor-version":[{"id":47801,"href":"https:\/\/filles-de-la-charite.org\/pl\/wp-json\/wp\/v2\/posts\/47774\/revisions\/47801"}],"wp:featuredmedia":[{"embeddable":true,"href":"https:\/\/filles-de-la-charite.org\/pl\/wp-json\/wp\/v2\/media\/47775"}],"wp:attachment":[{"href":"https:\/\/filles-de-la-charite.org\/pl\/wp-json\/wp\/v2\/media?parent=47774"}],"wp:term":[{"taxonomy":"category","embeddable":true,"href":"https:\/\/filles-de-la-charite.org\/pl\/wp-json\/wp\/v2\/categories?post=47774"},{"taxonomy":"post_tag","embeddable":true,"href":"https:\/\/filles-de-la-charite.org\/pl\/wp-json\/wp\/v2\/tags?post=47774"}],"curies":[{"name":"wp","href":"https:\/\/api.w.org\/{rel}","templated":true}]}}