{"id":48018,"date":"2025-11-29T11:39:17","date_gmt":"2025-11-29T10:39:17","guid":{"rendered":"https:\/\/filles-de-la-charite.org\/?p=48018"},"modified":"2025-11-29T11:36:39","modified_gmt":"2025-11-29T10:36:39","slug":"la-mision-continua","status":"publish","type":"post","link":"https:\/\/filles-de-la-charite.org\/pl\/la-mision-continua\/","title":{"rendered":"Misja trwa"},"content":{"rendered":"\n<p>Dzi\u015b \u015bwi\u0119tujemy rocznic\u0119 powstania naszego Zgromadzenia i otwieramy now\u0105 przestrze\u0144 dla komunii.<br>Dzi\u015b powstaje mi\u0119dzynarodowy profil Si\u00f3str Mi\u0142osierdzia stworzony, aby by\u0107 miejscem spotkania.<\/p>\n\n\n\n<p><\/p>\n\n\n\n<p>\u015aled\u017a oficjalne profile:<br>Instagram: <a href=\"https:\/\/www.instagram.com\/fillesdelacharite\/\" target=\"_blank\" rel=\"noreferrer noopener\">@fillesdelacharite<\/a><br>Facebook: <a href=\"https:\/\/www.facebook.com\/fillesdelachariteofficiel\" target=\"_blank\" rel=\"noreferrer noopener\">https:\/\/www.facebook.com\/fillesdelachariteofficiel<\/a><\/p>\n\n\n\n<p><br>Zostawcie polubienie, komentujcie i przekazujcie nasz nowy kontent.<\/p>\n\n\n\n<p>Misja trwa\u2026<\/p>\n","protected":false},"excerpt":{"rendered":"<p>Dzi\u015b \u015bwi\u0119tujemy rocznic\u0119 powstania naszego Zgromadzenia i otwieramy now\u0105 przestrze\u0144 dla komunii.Dzi\u015b powstaje mi\u0119dzynarodowy profil Si\u00f3str Mi\u0142osierdzia stworzony, aby by\u0107 miejscem spotkania. \u015aled\u017a oficjalne profile:Instagram: @fillesdelachariteFacebook: https:\/\/www.facebook.com\/fillesdelachariteofficiel Zostawcie polubienie, komentujcie i przekazujcie nasz nowy kontent. Misja trwa\u2026<\/p>\n","protected":false},"author":5,"featured_media":48019,"comment_status":"closed","ping_status":"closed","sticky":false,"template":"","format":"standard","meta":{"_acf_changed":false,"_et_pb_use_builder":"","_et_pb_old_content":"","_et_gb_content_width":"","footnotes":"","_links_to":"","_links_to_target":""},"categories":[844],"tags":[],"class_list":["post-48018","post","type-post","status-publish","format-standard","has-post-thumbnail","hentry","category-miedzynarodowy"],"acf":[],"yoast_head":"<!-- This site is optimized with the Yoast SEO plugin v27.5 - https:\/\/yoast.com\/product\/yoast-seo-wordpress\/ -->\n<title>Misja trwa - Filles de la Charit\u00e9<\/title>\n<meta name=\"robots\" content=\"index, follow, max-snippet:-1, max-image-preview:large, max-video-preview:-1\" \/>\n<link rel=\"canonical\" href=\"https:\/\/filles-de-la-charite.org\/pl\/la-mision-continua\/\" \/>\n<meta property=\"og:locale\" content=\"pl_PL\" \/>\n<meta property=\"og:type\" content=\"article\" \/>\n<meta property=\"og:title\" content=\"Misja trwa - Filles de la Charit\u00e9\" \/>\n<meta property=\"og:description\" content=\"Dzi\u015b \u015bwi\u0119tujemy rocznic\u0119 powstania naszego Zgromadzenia i otwieramy now\u0105 przestrze\u0144 dla komunii.Dzi\u015b powstaje mi\u0119dzynarodowy profil Si\u00f3str Mi\u0142osierdzia stworzony, aby by\u0107 miejscem spotkania. \u015aled\u017a oficjalne profile:Instagram: @fillesdelachariteFacebook: https:\/\/www.facebook.com\/fillesdelachariteofficiel Zostawcie polubienie, komentujcie i przekazujcie nasz nowy kontent. Misja trwa\u2026\" \/>\n<meta property=\"og:url\" content=\"https:\/\/filles-de-la-charite.org\/pl\/la-mision-continua\/\" \/>\n<meta property=\"og:site_name\" content=\"Filles de la Charit\u00e9\" \/>\n<meta property=\"article:published_time\" content=\"2025-11-29T10:39:17+00:00\" \/>\n<meta property=\"og:image\" content=\"https:\/\/filles-de-la-charite.org\/wp-content\/uploads\/2025\/11\/588811645_122101502733139156_996845338393324693_n-1.png\" \/>\n\t<meta property=\"og:image:width\" content=\"1773\" \/>\n\t<meta property=\"og:image:height\" content=\"657\" \/>\n\t<meta property=\"og:image:type\" content=\"image\/png\" \/>\n<meta name=\"author\" content=\"SOR MARTA\" \/>\n<meta name=\"twitter:card\" content=\"summary_large_image\" \/>\n<meta name=\"twitter:label1\" content=\"Napisane przez\" \/>\n\t<meta name=\"twitter:data1\" content=\"SOR MARTA\" \/>\n\t<meta name=\"twitter:label2\" content=\"Szacowany czas czytania\" \/>\n\t<meta name=\"twitter:data2\" content=\"1 minuta\" \/>\n<script type=\"application\/ld+json\" class=\"yoast-schema-graph\">{\"@context\":\"https:\\\/\\\/schema.org\",\"@graph\":[{\"@type\":\"Article\",\"@id\":\"https:\\\/\\\/filles-de-la-charite.org\\\/pl\\\/la-mision-continua\\\/#article\",\"isPartOf\":{\"@id\":\"https:\\\/\\\/filles-de-la-charite.org\\\/pl\\\/la-mision-continua\\\/\"},\"author\":{\"name\":\"SOR MARTA\",\"@id\":\"https:\\\/\\\/filles-de-la-charite.org\\\/pl\\\/#\\\/schema\\\/person\\\/0c922b6ca71280639858d297b3a7209f\"},\"headline\":\"Misja trwa\",\"datePublished\":\"2025-11-29T10:39:17+00:00\",\"mainEntityOfPage\":{\"@id\":\"https:\\\/\\\/filles-de-la-charite.org\\\/pl\\\/la-mision-continua\\\/\"},\"wordCount\":50,\"publisher\":{\"@id\":\"https:\\\/\\\/filles-de-la-charite.org\\\/pl\\\/#organization\"},\"image\":{\"@id\":\"https:\\\/\\\/filles-de-la-charite.org\\\/pl\\\/la-mision-continua\\\/#primaryimage\"},\"thumbnailUrl\":\"https:\\\/\\\/filles-de-la-charite.org\\\/wp-content\\\/uploads\\\/2025\\\/11\\\/588811645_122101502733139156_996845338393324693_n-1.png\",\"articleSection\":[\"Mi\u0119dzynarodowy\"],\"inLanguage\":\"pl-PL\"},{\"@type\":\"WebPage\",\"@id\":\"https:\\\/\\\/filles-de-la-charite.org\\\/pl\\\/la-mision-continua\\\/\",\"url\":\"https:\\\/\\\/filles-de-la-charite.org\\\/pl\\\/la-mision-continua\\\/\",\"name\":\"Misja trwa - Filles de la Charit\u00e9\",\"isPartOf\":{\"@id\":\"https:\\\/\\\/filles-de-la-charite.org\\\/pl\\\/#website\"},\"primaryImageOfPage\":{\"@id\":\"https:\\\/\\\/filles-de-la-charite.org\\\/pl\\\/la-mision-continua\\\/#primaryimage\"},\"image\":{\"@id\":\"https:\\\/\\\/filles-de-la-charite.org\\\/pl\\\/la-mision-continua\\\/#primaryimage\"},\"thumbnailUrl\":\"https:\\\/\\\/filles-de-la-charite.org\\\/wp-content\\\/uploads\\\/2025\\\/11\\\/588811645_122101502733139156_996845338393324693_n-1.png\",\"datePublished\":\"2025-11-29T10:39:17+00:00\",\"breadcrumb\":{\"@id\":\"https:\\\/\\\/filles-de-la-charite.org\\\/pl\\\/la-mision-continua\\\/#breadcrumb\"},\"inLanguage\":\"pl-PL\",\"potentialAction\":[{\"@type\":\"ReadAction\",\"target\":[\"https:\\\/\\\/filles-de-la-charite.org\\\/pl\\\/la-mision-continua\\\/\"]}]},{\"@type\":\"ImageObject\",\"inLanguage\":\"pl-PL\",\"@id\":\"https:\\\/\\\/filles-de-la-charite.org\\\/pl\\\/la-mision-continua\\\/#primaryimage\",\"url\":\"https:\\\/\\\/filles-de-la-charite.org\\\/wp-content\\\/uploads\\\/2025\\\/11\\\/588811645_122101502733139156_996845338393324693_n-1.png\",\"contentUrl\":\"https:\\\/\\\/filles-de-la-charite.org\\\/wp-content\\\/uploads\\\/2025\\\/11\\\/588811645_122101502733139156_996845338393324693_n-1.png\",\"width\":1773,\"height\":657},{\"@type\":\"BreadcrumbList\",\"@id\":\"https:\\\/\\\/filles-de-la-charite.org\\\/pl\\\/la-mision-continua\\\/#breadcrumb\",\"itemListElement\":[{\"@type\":\"ListItem\",\"position\":1,\"name\":\"Mi\u0119dzynarodowy\",\"item\":\"https:\\\/\\\/filles-de-la-charite.org\\\/pl\\\/category\\\/miedzynarodowy\\\/\"},{\"@type\":\"ListItem\",\"position\":2,\"name\":\"Misja trwa\"}]},{\"@type\":\"WebSite\",\"@id\":\"https:\\\/\\\/filles-de-la-charite.org\\\/pl\\\/#website\",\"url\":\"https:\\\/\\\/filles-de-la-charite.org\\\/pl\\\/\",\"name\":\"Hijas de la Caridad\",\"description\":\"L\u2019amour de J\u00e9sus nous presse \u00e0 prendre soin des personnes les plus d\u00e9munies\",\"publisher\":{\"@id\":\"https:\\\/\\\/filles-de-la-charite.org\\\/pl\\\/#organization\"},\"potentialAction\":[{\"@type\":\"SearchAction\",\"target\":{\"@type\":\"EntryPoint\",\"urlTemplate\":\"https:\\\/\\\/filles-de-la-charite.org\\\/pl\\\/?s={search_term_string}\"},\"query-input\":{\"@type\":\"PropertyValueSpecification\",\"valueRequired\":true,\"valueName\":\"search_term_string\"}}],\"inLanguage\":\"pl-PL\"},{\"@type\":\"Organization\",\"@id\":\"https:\\\/\\\/filles-de-la-charite.org\\\/pl\\\/#organization\",\"name\":\"Hijas de la Caridad\",\"url\":\"https:\\\/\\\/filles-de-la-charite.org\\\/pl\\\/\",\"logo\":{\"@type\":\"ImageObject\",\"inLanguage\":\"pl-PL\",\"@id\":\"https:\\\/\\\/filles-de-la-charite.org\\\/pl\\\/#\\\/schema\\\/logo\\\/image\\\/\",\"url\":\"https:\\\/\\\/filles-de-la-charite.org\\\/wp-content\\\/uploads\\\/2023\\\/03\\\/isotipo-Hijas-de-la-Caridad.png\",\"contentUrl\":\"https:\\\/\\\/filles-de-la-charite.org\\\/wp-content\\\/uploads\\\/2023\\\/03\\\/isotipo-Hijas-de-la-Caridad.png\",\"width\":1417,\"height\":1417,\"caption\":\"Hijas de la Caridad\"},\"image\":{\"@id\":\"https:\\\/\\\/filles-de-la-charite.org\\\/pl\\\/#\\\/schema\\\/logo\\\/image\\\/\"}},{\"@type\":\"Person\",\"@id\":\"https:\\\/\\\/filles-de-la-charite.org\\\/pl\\\/#\\\/schema\\\/person\\\/0c922b6ca71280639858d297b3a7209f\",\"name\":\"SOR MARTA\",\"image\":{\"@type\":\"ImageObject\",\"inLanguage\":\"pl-PL\",\"@id\":\"https:\\\/\\\/secure.gravatar.com\\\/avatar\\\/d2c45b0fd6bf2d3e2670ab3d112257c24ac80fa960360bba1bdc0676485d1d09?s=96&d=mm&r=g\",\"url\":\"https:\\\/\\\/secure.gravatar.com\\\/avatar\\\/d2c45b0fd6bf2d3e2670ab3d112257c24ac80fa960360bba1bdc0676485d1d09?s=96&d=mm&r=g\",\"contentUrl\":\"https:\\\/\\\/secure.gravatar.com\\\/avatar\\\/d2c45b0fd6bf2d3e2670ab3d112257c24ac80fa960360bba1bdc0676485d1d09?s=96&d=mm&r=g\",\"caption\":\"SOR MARTA\"},\"url\":\"https:\\\/\\\/filles-de-la-charite.org\\\/pl\\\/author\\\/martaemn\\\/\"}]}<\/script>\n<!-- \/ Yoast SEO plugin. -->","yoast_head_json":{"title":"Misja trwa - Filles de la Charit\u00e9","robots":{"index":"index","follow":"follow","max-snippet":"max-snippet:-1","max-image-preview":"max-image-preview:large","max-video-preview":"max-video-preview:-1"},"canonical":"https:\/\/filles-de-la-charite.org\/pl\/la-mision-continua\/","og_locale":"pl_PL","og_type":"article","og_title":"Misja trwa - Filles de la Charit\u00e9","og_description":"Dzi\u015b \u015bwi\u0119tujemy rocznic\u0119 powstania naszego Zgromadzenia i otwieramy now\u0105 przestrze\u0144 dla komunii.Dzi\u015b powstaje mi\u0119dzynarodowy profil Si\u00f3str Mi\u0142osierdzia stworzony, aby by\u0107 miejscem spotkania. \u015aled\u017a oficjalne profile:Instagram: @fillesdelachariteFacebook: https:\/\/www.facebook.com\/fillesdelachariteofficiel Zostawcie polubienie, komentujcie i przekazujcie nasz nowy kontent. Misja trwa\u2026","og_url":"https:\/\/filles-de-la-charite.org\/pl\/la-mision-continua\/","og_site_name":"Filles de la Charit\u00e9","article_published_time":"2025-11-29T10:39:17+00:00","og_image":[{"width":1773,"height":657,"url":"https:\/\/filles-de-la-charite.org\/wp-content\/uploads\/2025\/11\/588811645_122101502733139156_996845338393324693_n-1.png","type":"image\/png"}],"author":"SOR MARTA","twitter_card":"summary_large_image","twitter_misc":{"Napisane przez":"SOR MARTA","Szacowany czas czytania":"1 minuta"},"schema":{"@context":"https:\/\/schema.org","@graph":[{"@type":"Article","@id":"https:\/\/filles-de-la-charite.org\/pl\/la-mision-continua\/#article","isPartOf":{"@id":"https:\/\/filles-de-la-charite.org\/pl\/la-mision-continua\/"},"author":{"name":"SOR MARTA","@id":"https:\/\/filles-de-la-charite.org\/pl\/#\/schema\/person\/0c922b6ca71280639858d297b3a7209f"},"headline":"Misja trwa","datePublished":"2025-11-29T10:39:17+00:00","mainEntityOfPage":{"@id":"https:\/\/filles-de-la-charite.org\/pl\/la-mision-continua\/"},"wordCount":50,"publisher":{"@id":"https:\/\/filles-de-la-charite.org\/pl\/#organization"},"image":{"@id":"https:\/\/filles-de-la-charite.org\/pl\/la-mision-continua\/#primaryimage"},"thumbnailUrl":"https:\/\/filles-de-la-charite.org\/wp-content\/uploads\/2025\/11\/588811645_122101502733139156_996845338393324693_n-1.png","articleSection":["Mi\u0119dzynarodowy"],"inLanguage":"pl-PL"},{"@type":"WebPage","@id":"https:\/\/filles-de-la-charite.org\/pl\/la-mision-continua\/","url":"https:\/\/filles-de-la-charite.org\/pl\/la-mision-continua\/","name":"Misja trwa - Filles de la Charit\u00e9","isPartOf":{"@id":"https:\/\/filles-de-la-charite.org\/pl\/#website"},"primaryImageOfPage":{"@id":"https:\/\/filles-de-la-charite.org\/pl\/la-mision-continua\/#primaryimage"},"image":{"@id":"https:\/\/filles-de-la-charite.org\/pl\/la-mision-continua\/#primaryimage"},"thumbnailUrl":"https:\/\/filles-de-la-charite.org\/wp-content\/uploads\/2025\/11\/588811645_122101502733139156_996845338393324693_n-1.png","datePublished":"2025-11-29T10:39:17+00:00","breadcrumb":{"@id":"https:\/\/filles-de-la-charite.org\/pl\/la-mision-continua\/#breadcrumb"},"inLanguage":"pl-PL","potentialAction":[{"@type":"ReadAction","target":["https:\/\/filles-de-la-charite.org\/pl\/la-mision-continua\/"]}]},{"@type":"ImageObject","inLanguage":"pl-PL","@id":"https:\/\/filles-de-la-charite.org\/pl\/la-mision-continua\/#primaryimage","url":"https:\/\/filles-de-la-charite.org\/wp-content\/uploads\/2025\/11\/588811645_122101502733139156_996845338393324693_n-1.png","contentUrl":"https:\/\/filles-de-la-charite.org\/wp-content\/uploads\/2025\/11\/588811645_122101502733139156_996845338393324693_n-1.png","width":1773,"height":657},{"@type":"BreadcrumbList","@id":"https:\/\/filles-de-la-charite.org\/pl\/la-mision-continua\/#breadcrumb","itemListElement":[{"@type":"ListItem","position":1,"name":"Mi\u0119dzynarodowy","item":"https:\/\/filles-de-la-charite.org\/pl\/category\/miedzynarodowy\/"},{"@type":"ListItem","position":2,"name":"Misja trwa"}]},{"@type":"WebSite","@id":"https:\/\/filles-de-la-charite.org\/pl\/#website","url":"https:\/\/filles-de-la-charite.org\/pl\/","name":"Hijas de la Caridad","description":"L\u2019amour de J\u00e9sus nous presse \u00e0 prendre soin des personnes les plus d\u00e9munies","publisher":{"@id":"https:\/\/filles-de-la-charite.org\/pl\/#organization"},"potentialAction":[{"@type":"SearchAction","target":{"@type":"EntryPoint","urlTemplate":"https:\/\/filles-de-la-charite.org\/pl\/?s={search_term_string}"},"query-input":{"@type":"PropertyValueSpecification","valueRequired":true,"valueName":"search_term_string"}}],"inLanguage":"pl-PL"},{"@type":"Organization","@id":"https:\/\/filles-de-la-charite.org\/pl\/#organization","name":"Hijas de la Caridad","url":"https:\/\/filles-de-la-charite.org\/pl\/","logo":{"@type":"ImageObject","inLanguage":"pl-PL","@id":"https:\/\/filles-de-la-charite.org\/pl\/#\/schema\/logo\/image\/","url":"https:\/\/filles-de-la-charite.org\/wp-content\/uploads\/2023\/03\/isotipo-Hijas-de-la-Caridad.png","contentUrl":"https:\/\/filles-de-la-charite.org\/wp-content\/uploads\/2023\/03\/isotipo-Hijas-de-la-Caridad.png","width":1417,"height":1417,"caption":"Hijas de la Caridad"},"image":{"@id":"https:\/\/filles-de-la-charite.org\/pl\/#\/schema\/logo\/image\/"}},{"@type":"Person","@id":"https:\/\/filles-de-la-charite.org\/pl\/#\/schema\/person\/0c922b6ca71280639858d297b3a7209f","name":"SOR MARTA","image":{"@type":"ImageObject","inLanguage":"pl-PL","@id":"https:\/\/secure.gravatar.com\/avatar\/d2c45b0fd6bf2d3e2670ab3d112257c24ac80fa960360bba1bdc0676485d1d09?s=96&d=mm&r=g","url":"https:\/\/secure.gravatar.com\/avatar\/d2c45b0fd6bf2d3e2670ab3d112257c24ac80fa960360bba1bdc0676485d1d09?s=96&d=mm&r=g","contentUrl":"https:\/\/secure.gravatar.com\/avatar\/d2c45b0fd6bf2d3e2670ab3d112257c24ac80fa960360bba1bdc0676485d1d09?s=96&d=mm&r=g","caption":"SOR MARTA"},"url":"https:\/\/filles-de-la-charite.org\/pl\/author\/martaemn\/"}]}},"_links":{"self":[{"href":"https:\/\/filles-de-la-charite.org\/pl\/wp-json\/wp\/v2\/posts\/48018","targetHints":{"allow":["GET"]}}],"collection":[{"href":"https:\/\/filles-de-la-charite.org\/pl\/wp-json\/wp\/v2\/posts"}],"about":[{"href":"https:\/\/filles-de-la-charite.org\/pl\/wp-json\/wp\/v2\/types\/post"}],"author":[{"embeddable":true,"href":"https:\/\/filles-de-la-charite.org\/pl\/wp-json\/wp\/v2\/users\/5"}],"replies":[{"embeddable":true,"href":"https:\/\/filles-de-la-charite.org\/pl\/wp-json\/wp\/v2\/comments?post=48018"}],"version-history":[{"count":1,"href":"https:\/\/filles-de-la-charite.org\/pl\/wp-json\/wp\/v2\/posts\/48018\/revisions"}],"predecessor-version":[{"id":48026,"href":"https:\/\/filles-de-la-charite.org\/pl\/wp-json\/wp\/v2\/posts\/48018\/revisions\/48026"}],"wp:featuredmedia":[{"embeddable":true,"href":"https:\/\/filles-de-la-charite.org\/pl\/wp-json\/wp\/v2\/media\/48019"}],"wp:attachment":[{"href":"https:\/\/filles-de-la-charite.org\/pl\/wp-json\/wp\/v2\/media?parent=48018"}],"wp:term":[{"taxonomy":"category","embeddable":true,"href":"https:\/\/filles-de-la-charite.org\/pl\/wp-json\/wp\/v2\/categories?post=48018"},{"taxonomy":"post_tag","embeddable":true,"href":"https:\/\/filles-de-la-charite.org\/pl\/wp-json\/wp\/v2\/tags?post=48018"}],"curies":[{"name":"wp","href":"https:\/\/api.w.org\/{rel}","templated":true}]}}