{"id":48221,"date":"2025-12-18T20:08:21","date_gmt":"2025-12-18T19:08:21","guid":{"rendered":"https:\/\/filles-de-la-charite.org\/encuentro-de-la-comision-internacional-de-finanzas\/"},"modified":"2025-12-24T10:38:33","modified_gmt":"2025-12-24T09:38:33","slug":"encuentro-de-la-comision-internacional-de-finanzas","status":"publish","type":"post","link":"https:\/\/filles-de-la-charite.org\/pl\/encuentro-de-la-comision-internacional-de-finanzas\/","title":{"rendered":"Spotkanie Mi\u0119dzynarodowej Komisji Finans\u00f3w"},"content":{"rendered":"\n<p>W dniach od 3 do 6 grudnia Mi\u0119dzynarodowa Komisja Finans\u00f3w zebra\u0142a si\u0119 w Domu Macierzystym na swoim drugim spotkaniu w tym roku.<\/p>\n\n\n\n<p>W duchu s\u0142u\u017cby i komunii powitano nowe cz\u0142onkinie, niedawno mianowane przez Rad\u0119 Generaln\u0105, i w\u0142\u0105czono je w misj\u0119 powierzon\u0105 Komisji.<\/p>\n\n\n\n<figure class=\"wp-block-image size-large\"><img loading=\"lazy\" decoding=\"async\" width=\"1024\" height=\"709\" src=\"https:\/\/filles-de-la-charite.org\/wp-content\/uploads\/2025\/12\/CIF-1-1024x709.jpg\" alt=\"\" class=\"wp-image-48190\" srcset=\"https:\/\/filles-de-la-charite.org\/wp-content\/uploads\/2025\/12\/CIF-1-980x679.jpg 980w, https:\/\/filles-de-la-charite.org\/wp-content\/uploads\/2025\/12\/CIF-1-480x332.jpg 480w\" sizes=\"(min-width: 0px) and (max-width: 480px) 480px, (min-width: 481px) and (max-width: 980px) 980px, (min-width: 981px) 1024px, 100vw\" \/><\/figure>\n\n\n\n<p><br>Spotkanie zako\u0144czy\u0142o si\u0119 w niedziel\u0119 7 grudnia, pielgrzymk\u0105 do katedry Notre-Dame w Pary\u017cu, gdzie z modlitw\u0105 i dzi\u0119kczynieniem powierzono Bogu zar\u00f3wno owoce tych dni pracy jak i przysz\u0142e projekty.<\/p>\n\n\n\n<figure class=\"wp-block-image size-large\"><img loading=\"lazy\" decoding=\"async\" width=\"1024\" height=\"681\" src=\"https:\/\/filles-de-la-charite.org\/wp-content\/uploads\/2025\/12\/DSC_0064-1024x681.jpg\" alt=\"\" class=\"wp-image-48188\" srcset=\"https:\/\/filles-de-la-charite.org\/wp-content\/uploads\/2025\/12\/DSC_0064-980x652.jpg 980w, https:\/\/filles-de-la-charite.org\/wp-content\/uploads\/2025\/12\/DSC_0064-480x319.jpg 480w\" sizes=\"(min-width: 0px) and (max-width: 480px) 480px, (min-width: 481px) and (max-width: 980px) 980px, (min-width: 981px) 1024px, 100vw\" \/><\/figure>\n\n\n\n<p>Mi\u0119dzynarodowa Komisja Finans\u00f3w (CIF)<\/p>\n\n\n\n<p>Komisja sk\u0142ada si\u0119 z pi\u0119ciu cz\u0142onki\u0144, \u0142\u0105cznie z Ekonomk\u0105 Generaln\u0105. Siostry pomagaj\u0105 Ekonomce Generalnej, zw\u0142aszcza w analizie sprawozda\u0144 finansowych Prowincji. W poprzednim roku uczestniczy\u0142y w przygotowaniu i animacji Spotkania Ekonomek Prowincjalnych.<\/p>\n\n\n\n<p>Oto nowy sk\u0142ad Komisji:<\/p>\n\n\n\n<ul class=\"wp-block-list\">\n<li>Siostra Stella MAMEH (Quasi-Prowincja, pochodzi z Prowincji Nigerii)<\/li>\n\n\n\n<li>Siostra Th\u00e9odosie NYIRAHAGENIMANA (Prowincja Afryki \u015arodkowej)<\/li>\n\n\n\n<li>Siostra Katarzyna POSPIESZY\u0143SKA (Quasi-Prowincja, pochodzi z Prowincji Che\u0142mi\u0144sko - Pozna\u0144skiej)<\/li>\n\n\n\n<li>Siostra Alicia Yanina VIDAL QUIJANO (Quasi-Prowincja, pochodzi z Prowincji Peru).<\/li>\n<\/ul>\n\n\n\n<p>Dzi\u0119kujemy Siostrze Puricie ESPALDON (Prowincja St. Louise de Marillac-Asia), Siostrze Inmaculadzie LADRERO (Prowincja Espana-Este) i Siostrze Sonii SANTOS (Prowincja Recife), kt\u00f3re przez wiele lat s\u0142u\u017cy\u0142y w tej Komisji.<\/p>\n\n\n\n<figure class=\"wp-block-image size-large\"><img loading=\"lazy\" decoding=\"async\" width=\"1024\" height=\"720\" src=\"https:\/\/filles-de-la-charite.org\/wp-content\/uploads\/2025\/12\/CIF-4-1024x720.jpg\" alt=\"\" class=\"wp-image-48185\" srcset=\"https:\/\/filles-de-la-charite.org\/wp-content\/uploads\/2025\/12\/CIF-4-980x689.jpg 980w, https:\/\/filles-de-la-charite.org\/wp-content\/uploads\/2025\/12\/CIF-4-480x338.jpg 480w\" sizes=\"(min-width: 0px) and (max-width: 480px) 480px, (min-width: 481px) and (max-width: 980px) 980px, (min-width: 981px) 1024px, 100vw\" \/><\/figure>\n","protected":false},"excerpt":{"rendered":"<p>W dniach od 3 do 6 grudnia Mi\u0119dzynarodowa Komisja Finans\u00f3w zebra\u0142a si\u0119 w Domu Macierzystym na swoim drugim spotkaniu w tym roku. W duchu s\u0142u\u017cby i komunii powitano nowe cz\u0142onkinie, niedawno mianowane przez Rad\u0119 Generaln\u0105, i w\u0142\u0105czono je w misj\u0119 powierzon\u0105 Komisji. Spotkanie zako\u0144czy\u0142o si\u0119 w niedziel\u0119 7 grudnia, pielgrzymk\u0105 do katedry Notre-Dame w Pary\u017cu, [&hellip;]<\/p>\n","protected":false},"author":5,"featured_media":48222,"comment_status":"closed","ping_status":"closed","sticky":false,"template":"","format":"standard","meta":{"_acf_changed":false,"footnotes":"","_links_to":"","_links_to_target":""},"categories":[844],"tags":[],"class_list":["post-48221","post","type-post","status-publish","format-standard","has-post-thumbnail","hentry","category-miedzynarodowy"],"acf":[],"yoast_head":"<!-- This site is optimized with the Yoast SEO plugin v27.5 - https:\/\/yoast.com\/product\/yoast-seo-wordpress\/ -->\n<title>Spotkanie Mi\u0119dzynarodowej Komisji Finans\u00f3w - Filles de la Charit\u00e9<\/title>\n<meta name=\"robots\" content=\"index, follow, max-snippet:-1, max-image-preview:large, max-video-preview:-1\" \/>\n<link rel=\"canonical\" href=\"https:\/\/filles-de-la-charite.org\/pl\/encuentro-de-la-comision-internacional-de-finanzas\/\" \/>\n<meta property=\"og:locale\" content=\"pl_PL\" \/>\n<meta property=\"og:type\" content=\"article\" \/>\n<meta property=\"og:title\" content=\"Spotkanie Mi\u0119dzynarodowej Komisji Finans\u00f3w - Filles de la Charit\u00e9\" \/>\n<meta property=\"og:description\" content=\"W dniach od 3 do 6 grudnia Mi\u0119dzynarodowa Komisja Finans\u00f3w zebra\u0142a si\u0119 w Domu Macierzystym na swoim drugim spotkaniu w tym roku. W duchu s\u0142u\u017cby i komunii powitano nowe cz\u0142onkinie, niedawno mianowane przez Rad\u0119 Generaln\u0105, i w\u0142\u0105czono je w misj\u0119 powierzon\u0105 Komisji. Spotkanie zako\u0144czy\u0142o si\u0119 w niedziel\u0119 7 grudnia, pielgrzymk\u0105 do katedry Notre-Dame w Pary\u017cu, [&hellip;]\" \/>\n<meta property=\"og:url\" content=\"https:\/\/filles-de-la-charite.org\/pl\/encuentro-de-la-comision-internacional-de-finanzas\/\" \/>\n<meta property=\"og:site_name\" content=\"Filles de la Charit\u00e9\" \/>\n<meta property=\"article:published_time\" content=\"2025-12-18T19:08:21+00:00\" \/>\n<meta property=\"article:modified_time\" content=\"2025-12-24T09:38:33+00:00\" \/>\n<meta property=\"og:image\" content=\"https:\/\/filles-de-la-charite.org\/wp-content\/uploads\/2025\/12\/DSC_0076-scaled.jpg\" \/>\n\t<meta property=\"og:image:width\" content=\"2560\" \/>\n\t<meta property=\"og:image:height\" content=\"1702\" \/>\n\t<meta property=\"og:image:type\" content=\"image\/jpeg\" \/>\n<meta name=\"author\" content=\"SOR MARTA\" \/>\n<meta name=\"twitter:card\" content=\"summary_large_image\" \/>\n<meta name=\"twitter:label1\" content=\"Napisane przez\" \/>\n\t<meta name=\"twitter:data1\" content=\"SOR MARTA\" \/>\n\t<meta name=\"twitter:label2\" content=\"Szacowany czas czytania\" \/>\n\t<meta name=\"twitter:data2\" content=\"2 minuty\" \/>\n<script type=\"application\/ld+json\" class=\"yoast-schema-graph\">{\"@context\":\"https:\\\/\\\/schema.org\",\"@graph\":[{\"@type\":\"Article\",\"@id\":\"https:\\\/\\\/filles-de-la-charite.org\\\/pl\\\/encuentro-de-la-comision-internacional-de-finanzas\\\/#article\",\"isPartOf\":{\"@id\":\"https:\\\/\\\/filles-de-la-charite.org\\\/pl\\\/encuentro-de-la-comision-internacional-de-finanzas\\\/\"},\"author\":{\"name\":\"SOR MARTA\",\"@id\":\"https:\\\/\\\/filles-de-la-charite.org\\\/pl\\\/#\\\/schema\\\/person\\\/0c922b6ca71280639858d297b3a7209f\"},\"headline\":\"Spotkanie Mi\u0119dzynarodowej Komisji Finans\u00f3w\",\"datePublished\":\"2025-12-18T19:08:21+00:00\",\"dateModified\":\"2025-12-24T09:38:33+00:00\",\"mainEntityOfPage\":{\"@id\":\"https:\\\/\\\/filles-de-la-charite.org\\\/pl\\\/encuentro-de-la-comision-internacional-de-finanzas\\\/\"},\"wordCount\":206,\"publisher\":{\"@id\":\"https:\\\/\\\/filles-de-la-charite.org\\\/pl\\\/#organization\"},\"image\":{\"@id\":\"https:\\\/\\\/filles-de-la-charite.org\\\/pl\\\/encuentro-de-la-comision-internacional-de-finanzas\\\/#primaryimage\"},\"thumbnailUrl\":\"https:\\\/\\\/filles-de-la-charite.org\\\/wp-content\\\/uploads\\\/2025\\\/12\\\/DSC_0076-scaled.jpg\",\"articleSection\":[\"Mi\u0119dzynarodowy\"],\"inLanguage\":\"pl-PL\"},{\"@type\":\"WebPage\",\"@id\":\"https:\\\/\\\/filles-de-la-charite.org\\\/pl\\\/encuentro-de-la-comision-internacional-de-finanzas\\\/\",\"url\":\"https:\\\/\\\/filles-de-la-charite.org\\\/pl\\\/encuentro-de-la-comision-internacional-de-finanzas\\\/\",\"name\":\"Spotkanie Mi\u0119dzynarodowej Komisji Finans\u00f3w - Filles de la Charit\u00e9\",\"isPartOf\":{\"@id\":\"https:\\\/\\\/filles-de-la-charite.org\\\/pl\\\/#website\"},\"primaryImageOfPage\":{\"@id\":\"https:\\\/\\\/filles-de-la-charite.org\\\/pl\\\/encuentro-de-la-comision-internacional-de-finanzas\\\/#primaryimage\"},\"image\":{\"@id\":\"https:\\\/\\\/filles-de-la-charite.org\\\/pl\\\/encuentro-de-la-comision-internacional-de-finanzas\\\/#primaryimage\"},\"thumbnailUrl\":\"https:\\\/\\\/filles-de-la-charite.org\\\/wp-content\\\/uploads\\\/2025\\\/12\\\/DSC_0076-scaled.jpg\",\"datePublished\":\"2025-12-18T19:08:21+00:00\",\"dateModified\":\"2025-12-24T09:38:33+00:00\",\"breadcrumb\":{\"@id\":\"https:\\\/\\\/filles-de-la-charite.org\\\/pl\\\/encuentro-de-la-comision-internacional-de-finanzas\\\/#breadcrumb\"},\"inLanguage\":\"pl-PL\",\"potentialAction\":[{\"@type\":\"ReadAction\",\"target\":[\"https:\\\/\\\/filles-de-la-charite.org\\\/pl\\\/encuentro-de-la-comision-internacional-de-finanzas\\\/\"]}]},{\"@type\":\"ImageObject\",\"inLanguage\":\"pl-PL\",\"@id\":\"https:\\\/\\\/filles-de-la-charite.org\\\/pl\\\/encuentro-de-la-comision-internacional-de-finanzas\\\/#primaryimage\",\"url\":\"https:\\\/\\\/filles-de-la-charite.org\\\/wp-content\\\/uploads\\\/2025\\\/12\\\/DSC_0076-scaled.jpg\",\"contentUrl\":\"https:\\\/\\\/filles-de-la-charite.org\\\/wp-content\\\/uploads\\\/2025\\\/12\\\/DSC_0076-scaled.jpg\",\"width\":2560,\"height\":1702},{\"@type\":\"BreadcrumbList\",\"@id\":\"https:\\\/\\\/filles-de-la-charite.org\\\/pl\\\/encuentro-de-la-comision-internacional-de-finanzas\\\/#breadcrumb\",\"itemListElement\":[{\"@type\":\"ListItem\",\"position\":1,\"name\":\"Mi\u0119dzynarodowy\",\"item\":\"https:\\\/\\\/filles-de-la-charite.org\\\/pl\\\/category\\\/miedzynarodowy\\\/\"},{\"@type\":\"ListItem\",\"position\":2,\"name\":\"Spotkanie Mi\u0119dzynarodowej Komisji Finans\u00f3w\"}]},{\"@type\":\"WebSite\",\"@id\":\"https:\\\/\\\/filles-de-la-charite.org\\\/pl\\\/#website\",\"url\":\"https:\\\/\\\/filles-de-la-charite.org\\\/pl\\\/\",\"name\":\"Hijas de la Caridad\",\"description\":\"L\u2019amour de J\u00e9sus nous presse \u00e0 prendre soin des personnes les plus d\u00e9munies\",\"publisher\":{\"@id\":\"https:\\\/\\\/filles-de-la-charite.org\\\/pl\\\/#organization\"},\"potentialAction\":[{\"@type\":\"SearchAction\",\"target\":{\"@type\":\"EntryPoint\",\"urlTemplate\":\"https:\\\/\\\/filles-de-la-charite.org\\\/pl\\\/?s={search_term_string}\"},\"query-input\":{\"@type\":\"PropertyValueSpecification\",\"valueRequired\":true,\"valueName\":\"search_term_string\"}}],\"inLanguage\":\"pl-PL\"},{\"@type\":\"Organization\",\"@id\":\"https:\\\/\\\/filles-de-la-charite.org\\\/pl\\\/#organization\",\"name\":\"Hijas de la Caridad\",\"url\":\"https:\\\/\\\/filles-de-la-charite.org\\\/pl\\\/\",\"logo\":{\"@type\":\"ImageObject\",\"inLanguage\":\"pl-PL\",\"@id\":\"https:\\\/\\\/filles-de-la-charite.org\\\/pl\\\/#\\\/schema\\\/logo\\\/image\\\/\",\"url\":\"https:\\\/\\\/filles-de-la-charite.org\\\/wp-content\\\/uploads\\\/2023\\\/03\\\/isotipo-Hijas-de-la-Caridad.png\",\"contentUrl\":\"https:\\\/\\\/filles-de-la-charite.org\\\/wp-content\\\/uploads\\\/2023\\\/03\\\/isotipo-Hijas-de-la-Caridad.png\",\"width\":1417,\"height\":1417,\"caption\":\"Hijas de la Caridad\"},\"image\":{\"@id\":\"https:\\\/\\\/filles-de-la-charite.org\\\/pl\\\/#\\\/schema\\\/logo\\\/image\\\/\"}},{\"@type\":\"Person\",\"@id\":\"https:\\\/\\\/filles-de-la-charite.org\\\/pl\\\/#\\\/schema\\\/person\\\/0c922b6ca71280639858d297b3a7209f\",\"name\":\"SOR MARTA\",\"image\":{\"@type\":\"ImageObject\",\"inLanguage\":\"pl-PL\",\"@id\":\"https:\\\/\\\/secure.gravatar.com\\\/avatar\\\/d2c45b0fd6bf2d3e2670ab3d112257c24ac80fa960360bba1bdc0676485d1d09?s=96&d=mm&r=g\",\"url\":\"https:\\\/\\\/secure.gravatar.com\\\/avatar\\\/d2c45b0fd6bf2d3e2670ab3d112257c24ac80fa960360bba1bdc0676485d1d09?s=96&d=mm&r=g\",\"contentUrl\":\"https:\\\/\\\/secure.gravatar.com\\\/avatar\\\/d2c45b0fd6bf2d3e2670ab3d112257c24ac80fa960360bba1bdc0676485d1d09?s=96&d=mm&r=g\",\"caption\":\"SOR MARTA\"},\"url\":\"https:\\\/\\\/filles-de-la-charite.org\\\/pl\\\/author\\\/martaemn\\\/\"}]}<\/script>\n<!-- \/ Yoast SEO plugin. -->","yoast_head_json":{"title":"Spotkanie Mi\u0119dzynarodowej Komisji Finans\u00f3w - Filles de la Charit\u00e9","robots":{"index":"index","follow":"follow","max-snippet":"max-snippet:-1","max-image-preview":"max-image-preview:large","max-video-preview":"max-video-preview:-1"},"canonical":"https:\/\/filles-de-la-charite.org\/pl\/encuentro-de-la-comision-internacional-de-finanzas\/","og_locale":"pl_PL","og_type":"article","og_title":"Spotkanie Mi\u0119dzynarodowej Komisji Finans\u00f3w - Filles de la Charit\u00e9","og_description":"W dniach od 3 do 6 grudnia Mi\u0119dzynarodowa Komisja Finans\u00f3w zebra\u0142a si\u0119 w Domu Macierzystym na swoim drugim spotkaniu w tym roku. W duchu s\u0142u\u017cby i komunii powitano nowe cz\u0142onkinie, niedawno mianowane przez Rad\u0119 Generaln\u0105, i w\u0142\u0105czono je w misj\u0119 powierzon\u0105 Komisji. Spotkanie zako\u0144czy\u0142o si\u0119 w niedziel\u0119 7 grudnia, pielgrzymk\u0105 do katedry Notre-Dame w Pary\u017cu, [&hellip;]","og_url":"https:\/\/filles-de-la-charite.org\/pl\/encuentro-de-la-comision-internacional-de-finanzas\/","og_site_name":"Filles de la Charit\u00e9","article_published_time":"2025-12-18T19:08:21+00:00","article_modified_time":"2025-12-24T09:38:33+00:00","og_image":[{"width":2560,"height":1702,"url":"https:\/\/filles-de-la-charite.org\/wp-content\/uploads\/2025\/12\/DSC_0076-scaled.jpg","type":"image\/jpeg"}],"author":"SOR MARTA","twitter_card":"summary_large_image","twitter_misc":{"Napisane przez":"SOR MARTA","Szacowany czas czytania":"2 minuty"},"schema":{"@context":"https:\/\/schema.org","@graph":[{"@type":"Article","@id":"https:\/\/filles-de-la-charite.org\/pl\/encuentro-de-la-comision-internacional-de-finanzas\/#article","isPartOf":{"@id":"https:\/\/filles-de-la-charite.org\/pl\/encuentro-de-la-comision-internacional-de-finanzas\/"},"author":{"name":"SOR MARTA","@id":"https:\/\/filles-de-la-charite.org\/pl\/#\/schema\/person\/0c922b6ca71280639858d297b3a7209f"},"headline":"Spotkanie Mi\u0119dzynarodowej Komisji Finans\u00f3w","datePublished":"2025-12-18T19:08:21+00:00","dateModified":"2025-12-24T09:38:33+00:00","mainEntityOfPage":{"@id":"https:\/\/filles-de-la-charite.org\/pl\/encuentro-de-la-comision-internacional-de-finanzas\/"},"wordCount":206,"publisher":{"@id":"https:\/\/filles-de-la-charite.org\/pl\/#organization"},"image":{"@id":"https:\/\/filles-de-la-charite.org\/pl\/encuentro-de-la-comision-internacional-de-finanzas\/#primaryimage"},"thumbnailUrl":"https:\/\/filles-de-la-charite.org\/wp-content\/uploads\/2025\/12\/DSC_0076-scaled.jpg","articleSection":["Mi\u0119dzynarodowy"],"inLanguage":"pl-PL"},{"@type":"WebPage","@id":"https:\/\/filles-de-la-charite.org\/pl\/encuentro-de-la-comision-internacional-de-finanzas\/","url":"https:\/\/filles-de-la-charite.org\/pl\/encuentro-de-la-comision-internacional-de-finanzas\/","name":"Spotkanie Mi\u0119dzynarodowej Komisji Finans\u00f3w - Filles de la Charit\u00e9","isPartOf":{"@id":"https:\/\/filles-de-la-charite.org\/pl\/#website"},"primaryImageOfPage":{"@id":"https:\/\/filles-de-la-charite.org\/pl\/encuentro-de-la-comision-internacional-de-finanzas\/#primaryimage"},"image":{"@id":"https:\/\/filles-de-la-charite.org\/pl\/encuentro-de-la-comision-internacional-de-finanzas\/#primaryimage"},"thumbnailUrl":"https:\/\/filles-de-la-charite.org\/wp-content\/uploads\/2025\/12\/DSC_0076-scaled.jpg","datePublished":"2025-12-18T19:08:21+00:00","dateModified":"2025-12-24T09:38:33+00:00","breadcrumb":{"@id":"https:\/\/filles-de-la-charite.org\/pl\/encuentro-de-la-comision-internacional-de-finanzas\/#breadcrumb"},"inLanguage":"pl-PL","potentialAction":[{"@type":"ReadAction","target":["https:\/\/filles-de-la-charite.org\/pl\/encuentro-de-la-comision-internacional-de-finanzas\/"]}]},{"@type":"ImageObject","inLanguage":"pl-PL","@id":"https:\/\/filles-de-la-charite.org\/pl\/encuentro-de-la-comision-internacional-de-finanzas\/#primaryimage","url":"https:\/\/filles-de-la-charite.org\/wp-content\/uploads\/2025\/12\/DSC_0076-scaled.jpg","contentUrl":"https:\/\/filles-de-la-charite.org\/wp-content\/uploads\/2025\/12\/DSC_0076-scaled.jpg","width":2560,"height":1702},{"@type":"BreadcrumbList","@id":"https:\/\/filles-de-la-charite.org\/pl\/encuentro-de-la-comision-internacional-de-finanzas\/#breadcrumb","itemListElement":[{"@type":"ListItem","position":1,"name":"Mi\u0119dzynarodowy","item":"https:\/\/filles-de-la-charite.org\/pl\/category\/miedzynarodowy\/"},{"@type":"ListItem","position":2,"name":"Spotkanie Mi\u0119dzynarodowej Komisji Finans\u00f3w"}]},{"@type":"WebSite","@id":"https:\/\/filles-de-la-charite.org\/pl\/#website","url":"https:\/\/filles-de-la-charite.org\/pl\/","name":"Hijas de la Caridad","description":"L\u2019amour de J\u00e9sus nous presse \u00e0 prendre soin des personnes les plus d\u00e9munies","publisher":{"@id":"https:\/\/filles-de-la-charite.org\/pl\/#organization"},"potentialAction":[{"@type":"SearchAction","target":{"@type":"EntryPoint","urlTemplate":"https:\/\/filles-de-la-charite.org\/pl\/?s={search_term_string}"},"query-input":{"@type":"PropertyValueSpecification","valueRequired":true,"valueName":"search_term_string"}}],"inLanguage":"pl-PL"},{"@type":"Organization","@id":"https:\/\/filles-de-la-charite.org\/pl\/#organization","name":"Hijas de la Caridad","url":"https:\/\/filles-de-la-charite.org\/pl\/","logo":{"@type":"ImageObject","inLanguage":"pl-PL","@id":"https:\/\/filles-de-la-charite.org\/pl\/#\/schema\/logo\/image\/","url":"https:\/\/filles-de-la-charite.org\/wp-content\/uploads\/2023\/03\/isotipo-Hijas-de-la-Caridad.png","contentUrl":"https:\/\/filles-de-la-charite.org\/wp-content\/uploads\/2023\/03\/isotipo-Hijas-de-la-Caridad.png","width":1417,"height":1417,"caption":"Hijas de la Caridad"},"image":{"@id":"https:\/\/filles-de-la-charite.org\/pl\/#\/schema\/logo\/image\/"}},{"@type":"Person","@id":"https:\/\/filles-de-la-charite.org\/pl\/#\/schema\/person\/0c922b6ca71280639858d297b3a7209f","name":"SOR MARTA","image":{"@type":"ImageObject","inLanguage":"pl-PL","@id":"https:\/\/secure.gravatar.com\/avatar\/d2c45b0fd6bf2d3e2670ab3d112257c24ac80fa960360bba1bdc0676485d1d09?s=96&d=mm&r=g","url":"https:\/\/secure.gravatar.com\/avatar\/d2c45b0fd6bf2d3e2670ab3d112257c24ac80fa960360bba1bdc0676485d1d09?s=96&d=mm&r=g","contentUrl":"https:\/\/secure.gravatar.com\/avatar\/d2c45b0fd6bf2d3e2670ab3d112257c24ac80fa960360bba1bdc0676485d1d09?s=96&d=mm&r=g","caption":"SOR MARTA"},"url":"https:\/\/filles-de-la-charite.org\/pl\/author\/martaemn\/"}]}},"_links":{"self":[{"href":"https:\/\/filles-de-la-charite.org\/pl\/wp-json\/wp\/v2\/posts\/48221","targetHints":{"allow":["GET"]}}],"collection":[{"href":"https:\/\/filles-de-la-charite.org\/pl\/wp-json\/wp\/v2\/posts"}],"about":[{"href":"https:\/\/filles-de-la-charite.org\/pl\/wp-json\/wp\/v2\/types\/post"}],"author":[{"embeddable":true,"href":"https:\/\/filles-de-la-charite.org\/pl\/wp-json\/wp\/v2\/users\/5"}],"replies":[{"embeddable":true,"href":"https:\/\/filles-de-la-charite.org\/pl\/wp-json\/wp\/v2\/comments?post=48221"}],"version-history":[{"count":2,"href":"https:\/\/filles-de-la-charite.org\/pl\/wp-json\/wp\/v2\/posts\/48221\/revisions"}],"predecessor-version":[{"id":48233,"href":"https:\/\/filles-de-la-charite.org\/pl\/wp-json\/wp\/v2\/posts\/48221\/revisions\/48233"}],"wp:featuredmedia":[{"embeddable":true,"href":"https:\/\/filles-de-la-charite.org\/pl\/wp-json\/wp\/v2\/media\/48222"}],"wp:attachment":[{"href":"https:\/\/filles-de-la-charite.org\/pl\/wp-json\/wp\/v2\/media?parent=48221"}],"wp:term":[{"taxonomy":"category","embeddable":true,"href":"https:\/\/filles-de-la-charite.org\/pl\/wp-json\/wp\/v2\/categories?post=48221"},{"taxonomy":"post_tag","embeddable":true,"href":"https:\/\/filles-de-la-charite.org\/pl\/wp-json\/wp\/v2\/tags?post=48221"}],"curies":[{"name":"wp","href":"https:\/\/api.w.org\/{rel}","templated":true}]}}