{"id":48551,"date":"2026-01-31T22:10:00","date_gmt":"2026-01-31T21:10:00","guid":{"rendered":"https:\/\/filles-de-la-charite.org\/una-comunidad-interprovincial-en-camino-en-las-fronteras-de-la-vida\/"},"modified":"2026-02-05T09:34:54","modified_gmt":"2026-02-05T08:34:54","slug":"una-comunidad-interprovincial-en-camino-en-las-fronteras-de-la-vida","status":"publish","type":"post","link":"https:\/\/filles-de-la-charite.org\/pl\/una-comunidad-interprovincial-en-camino-en-las-fronteras-de-la-vida\/","title":{"rendered":"Wsp\u00f3lnota mi\u0119dzyprowincjalna w drodze, na granicach ludzkiej egzystencji"},"content":{"rendered":"\n<p>Zrodzi\u0142y\u015bmy si\u0119 z wezwania, kt\u00f3re zabrzmia\u0142o z moc\u0105 po Konwencie Generalnym w Prowincjach Hiszpanii. Poprowadzi\u0142o nas ono dalej, ku granicom ludzkim i geograficznym, tam, gdzie godno\u015b\u0107 os\u00f3b jest najbardziej zagro\u017cona. Z zas\u0142uchania w to wezwanie stopniowo wy\u0142oni\u0142 si\u0119 konkretny spos\u00f3b \u017cycia: wsp\u00f3lnota mi\u0119dzyprowincjalna, kt\u00f3ra p\u00f3\u017aniej sta\u0142a si\u0119 misj\u0105 w\u0119drown\u0105, przepe\u0142nion\u0105 pragnieniem pozostawania uwa\u017cnymi na dzia\u0142anie Ducha i na rzeczywisto\u015b\u0107, kt\u00f3ra nas wezwa\u0142a tam, gdzie s\u0105 Ubodzy.<\/p>\n\n\n\n<figure class=\"wp-block-image size-full\"><img loading=\"lazy\" decoding=\"async\" width=\"808\" height=\"354\" src=\"https:\/\/filles-de-la-charite.org\/wp-content\/uploads\/2026\/02\/WhatsApp-Image-2026-02-01-at-00.59.20.jpeg\" alt=\"\" class=\"wp-image-48542\" srcset=\"https:\/\/filles-de-la-charite.org\/wp-content\/uploads\/2026\/02\/WhatsApp-Image-2026-02-01-at-00.59.20.jpeg 808w, https:\/\/filles-de-la-charite.org\/wp-content\/uploads\/2026\/02\/WhatsApp-Image-2026-02-01-at-00.59.20-480x210.jpeg 480w\" sizes=\"(min-width: 0px) and (max-width: 480px) 480px, (min-width: 481px) 808px, 100vw\" \/><\/figure>\n\n\n\n<p>Pierwszy etap tej drogi rozpocz\u0105\u0142 si\u0119 w Melilli, na ziemi pogranicza, naznaczonej migracj\u0105, przemieszczaniem si\u0119 i oczekiwaniem. Tam uczy\u0142y\u015bmy si\u0119 towarzyszy\u0107 w blisko\u015bci, dziel\u0105c \u017cycie z migrantami&nbsp; &#8211; zw\u0142aszcza m\u0142odymi &#8211; i odpowiadaj\u0105c na ich najbardziej podstawowe potrzeby, w kontek\u015bcie bardzo z\u0142o\u017conym, zmiennym i g\u0142\u0119boko ludzkim. Przybycie Siostry Lupity z Meksyku, jako odpowied\u017a na wezwanie Matki Generalnej w roku, w kt\u00f3rym wspomina\u0142y\u015bmy \u0142ask\u0119 \u015awiat\u0142a Pi\u0119\u0107dziesi\u0105tnicy, by\u0142o r\u00f3wnie\u017c darem dla wsp\u00f3lnoty, ubogacaj\u0105c \u017cycie braterskie oraz misj\u0119 na ca\u0142ej drodze poprzez jej obecno\u015b\u0107, spojrzenie i dyspozycyjno\u015b\u0107.<\/p>\n\n\n\n<figure class=\"wp-block-image size-large\"><img loading=\"lazy\" decoding=\"async\" width=\"1024\" height=\"768\" src=\"https:\/\/filles-de-la-charite.org\/wp-content\/uploads\/2026\/02\/WhatsApp-Image-2026-02-01-at-00.10.12-1024x768.jpeg\" alt=\"\" class=\"wp-image-48543\" srcset=\"https:\/\/filles-de-la-charite.org\/wp-content\/uploads\/2026\/02\/WhatsApp-Image-2026-02-01-at-00.10.12-980x735.jpeg 980w, https:\/\/filles-de-la-charite.org\/wp-content\/uploads\/2026\/02\/WhatsApp-Image-2026-02-01-at-00.10.12-480x360.jpeg 480w\" sizes=\"(min-width: 0px) and (max-width: 480px) 480px, (min-width: 481px) and (max-width: 980px) 980px, (min-width: 981px) 1024px, 100vw\" \/><\/figure>\n\n\n\n<p>Z czasem, gdy poprawi\u0142y si\u0119 warunki bytowe w Melilli i zmieni\u0142y si\u0119 szlaki migracyjne, rozpozna\u0142y\u015bmy nowe wezwanie wymagaj\u0105ce pilnej odpowiedzi: rodziny w g\u00f3rach dotkni\u0119te trz\u0119sieniem ziemi w Marrakeszu w 2023 roku. Wsp\u00f3lnota przenios\u0142a si\u0119 tam i przez dwa lata, we wsp\u00f3\u0142pracy z Caritas Marrakesz, uczestniczy\u0142y\u015bmy w projektach odbudowy, rozwoju i promocji w wioskach maroka\u0144skiego Atlasu. Czekali tam na nas tak\u017ce, w parafii prowadzonej przez Ojc\u00f3w Franciszkan\u00f3w, coraz liczniej przybywaj\u0105cy m\u0142odzi migranci z Afryki Subsaharyjskiej. Poszerzy\u0142y\u015bmy misj\u0119, oferuj\u0105c im przyj\u0119cie, trosk\u0119 i towarzyszenie, s\u0142uchaj\u0105c historii splecionych z cierpienia i nadziei.<\/p>\n\n\n\n<figure class=\"wp-block-image size-large\"><img loading=\"lazy\" decoding=\"async\" width=\"768\" height=\"1024\" src=\"https:\/\/filles-de-la-charite.org\/wp-content\/uploads\/2026\/02\/WhatsApp-Image-2026-01-31-at-23.35.47-768x1024.jpeg\" alt=\"\" class=\"wp-image-48538\"\/><\/figure>\n\n\n\n<p>Gdy projekt zwi\u0105zany z trz\u0119sieniem ziemi dobiega\u0142 ko\u0144ca, a praca z migrantami by\u0142a kontynuowana przez zesp\u00f3\u0142 wolontariuszy, ponownie zapyta\u0142y\u015bmy o wezwanie, kt\u00f3re kiedy\u015b zabrzmia\u0142o tak mocno; ws\u0142ucha\u0142y\u015bmy si\u0119 na nowo w pytanie zasadnicze: jaka nowa granica dzi\u015b domaga si\u0119 naszej obecno\u015bci? Prze\u017cy\u0142y\u015bmy wsp\u00f3lne rozeznawanie wraz z&nbsp; Siostrami Wizytatorkami i Radn\u0105 Generaln\u0105. W tym czasie znacz\u0105cy wzrost liczby przybywaj\u0105cych \u0142odzi na Baleary oraz niedob\u00f3r zasob\u00f3w przyj\u0119cia wskaza\u0142y nowy horyzont. 29 wrze\u015bnia Wizytatorki przekaza\u0142y nam nowe pos\u0142anie wsp\u00f3lnoty &#8211; &nbsp;na Majork\u0119.<\/p>\n\n\n\n<figure class=\"wp-block-image size-full\"><img loading=\"lazy\" decoding=\"async\" width=\"1024\" height=\"576\" src=\"https:\/\/filles-de-la-charite.org\/wp-content\/uploads\/2026\/02\/WhatsApp-Image-2026-01-31-at-23.56.50.jpeg\" alt=\"\" class=\"wp-image-48539\" srcset=\"https:\/\/filles-de-la-charite.org\/wp-content\/uploads\/2026\/02\/WhatsApp-Image-2026-01-31-at-23.56.50.jpeg 1024w, https:\/\/filles-de-la-charite.org\/wp-content\/uploads\/2026\/02\/WhatsApp-Image-2026-01-31-at-23.56.50-980x551.jpeg 980w, https:\/\/filles-de-la-charite.org\/wp-content\/uploads\/2026\/02\/WhatsApp-Image-2026-01-31-at-23.56.50-480x270.jpeg 480w\" sizes=\"(min-width: 0px) and (max-width: 480px) 480px, (min-width: 481px) and (max-width: 980px) 980px, (min-width: 981px) 1024px, 100vw\" \/><\/figure>\n\n\n\n<p>Dzi\u015b nasza misja realizuje si\u0119 w bezpo\u015bredniej pracy z migrantami na granicy, we wsp\u00f3\u0142pracy szczeg\u00f3lnie z Czerwonym Krzy\u017cem, co pozwala nam by\u0107 na pierwszej linii w przyjmowaniu \u0142odzi, oraz poprzez w\u0142\u0105czenie si\u0119 w dzia\u0142ania Caritas. Wszystkim przybywaj\u0105cym staramy si\u0119 da\u0107 co\u015b wi\u0119cej ni\u017c pomoc materialn\u0105: humanizowa\u0107 ka\u017cdym gestem, umacnia\u0107 godno\u015b\u0107 ka\u017cdego spotkania, okazywa\u0107 prawdziw\u0105 blisko\u015b\u0107 i podtrzymywa\u0107 nadziej\u0119.<\/p>\n\n\n\n<figure class=\"wp-block-image size-large\"><img decoding=\"async\" src=\"https:\/\/filles-de-la-charite.org\/wp-content\/uploads\/2026\/02\/Diseno-sin-titulo-5-1024x511.png\" alt=\"\"\/><\/figure>\n\n\n\n<p>Ta droga &#8211; Melilla, Marrakesz, Majorka &#8211; nie jest tylko list\u0105 miejsc, lecz jedn\u0105 ci\u0105g\u0142\u0105 \u015bcie\u017ck\u0105 utkan\u0105 z wierno\u015bci powo\u0142aniu otrzymanemu od Boga, w dzisiejszej rzeczywisto\u015bci Ubogich: wyj\u015b\u0107\u2026 p\u00f3j\u015b\u0107 ku\u2026 spotka\u0107 tych, kt\u00f3rzy prosz\u0105, by ich przyj\u0105\u0107 i uzna\u0107 w ich godno\u015bci, i \u201eaby ubogi poczu\u0142, \u017ce nastepuj\u0105ce s\u0142owa Jezusa sa skierowane do niego: \u201cJa ci\u0119 umi\u0142owa\u0142em\u201d. (Ap 3,9; Dilexi Te, nr 121).<\/p>\n\n\n\n<figure class=\"wp-block-image aligncenter size-full\"><img decoding=\"async\" src=\"https:\/\/filles-de-la-charite.org\/wp-content\/uploads\/2026\/02\/IMG-20260201-WA0024.jpg\" alt=\"\" class=\"wp-image-48612\"\/><\/figure>\n","protected":false},"excerpt":{"rendered":"<p>Zrodzi\u0142y\u015bmy si\u0119 z wezwania, kt\u00f3re zabrzmia\u0142o z moc\u0105 po Konwencie Generalnym w Prowincjach Hiszpanii. Poprowadzi\u0142o nas ono dalej, ku granicom ludzkim i geograficznym, tam, gdzie godno\u015b\u0107 os\u00f3b jest najbardziej zagro\u017cona. Z zas\u0142uchania w to wezwanie stopniowo wy\u0142oni\u0142 si\u0119 konkretny spos\u00f3b \u017cycia: wsp\u00f3lnota mi\u0119dzyprowincjalna, kt\u00f3ra p\u00f3\u017aniej sta\u0142a si\u0119 misj\u0105 w\u0119drown\u0105, przepe\u0142nion\u0105 pragnieniem pozostawania uwa\u017cnymi na dzia\u0142anie [&hellip;]<\/p>\n","protected":false},"author":5,"featured_media":48552,"comment_status":"closed","ping_status":"closed","sticky":false,"template":"","format":"standard","meta":{"_acf_changed":false,"_et_pb_use_builder":"","_et_pb_old_content":"","_et_gb_content_width":"","footnotes":"","_links_to":"","_links_to_target":""},"categories":[767,832],"tags":[],"class_list":["post-48551","post","type-post","status-publish","format-standard","has-post-thumbnail","hentry","category-espana-pl","category-meksyk"],"acf":[],"yoast_head":"<!-- This site is optimized with the Yoast SEO plugin v27.5 - https:\/\/yoast.com\/product\/yoast-seo-wordpress\/ -->\n<title>Wsp\u00f3lnota mi\u0119dzyprowincjalna w drodze, na granicach ludzkiej egzystencji - Filles de la Charit\u00e9<\/title>\n<meta name=\"robots\" content=\"index, follow, max-snippet:-1, max-image-preview:large, max-video-preview:-1\" \/>\n<link rel=\"canonical\" href=\"https:\/\/filles-de-la-charite.org\/pl\/una-comunidad-interprovincial-en-camino-en-las-fronteras-de-la-vida\/\" \/>\n<meta property=\"og:locale\" content=\"pl_PL\" \/>\n<meta property=\"og:type\" content=\"article\" \/>\n<meta property=\"og:title\" content=\"Wsp\u00f3lnota mi\u0119dzyprowincjalna w drodze, na granicach ludzkiej egzystencji - Filles de la Charit\u00e9\" \/>\n<meta property=\"og:description\" content=\"Zrodzi\u0142y\u015bmy si\u0119 z wezwania, kt\u00f3re zabrzmia\u0142o z moc\u0105 po Konwencie Generalnym w Prowincjach Hiszpanii. Poprowadzi\u0142o nas ono dalej, ku granicom ludzkim i geograficznym, tam, gdzie godno\u015b\u0107 os\u00f3b jest najbardziej zagro\u017cona. Z zas\u0142uchania w to wezwanie stopniowo wy\u0142oni\u0142 si\u0119 konkretny spos\u00f3b \u017cycia: wsp\u00f3lnota mi\u0119dzyprowincjalna, kt\u00f3ra p\u00f3\u017aniej sta\u0142a si\u0119 misj\u0105 w\u0119drown\u0105, przepe\u0142nion\u0105 pragnieniem pozostawania uwa\u017cnymi na dzia\u0142anie [&hellip;]\" \/>\n<meta property=\"og:url\" content=\"https:\/\/filles-de-la-charite.org\/pl\/una-comunidad-interprovincial-en-camino-en-las-fronteras-de-la-vida\/\" \/>\n<meta property=\"og:site_name\" content=\"Filles de la Charit\u00e9\" \/>\n<meta property=\"article:published_time\" content=\"2026-01-31T21:10:00+00:00\" \/>\n<meta property=\"article:modified_time\" content=\"2026-02-05T08:34:54+00:00\" \/>\n<meta property=\"og:image\" content=\"https:\/\/filles-de-la-charite.org\/wp-content\/uploads\/2026\/02\/mision-interprovincial-thumbnail-scaled.jpg\" \/>\n\t<meta property=\"og:image:width\" content=\"2560\" \/>\n\t<meta property=\"og:image:height\" content=\"1440\" \/>\n\t<meta property=\"og:image:type\" content=\"image\/jpeg\" \/>\n<meta name=\"author\" content=\"SOR MARTA\" \/>\n<meta name=\"twitter:card\" content=\"summary_large_image\" \/>\n<meta name=\"twitter:label1\" content=\"Napisane przez\" \/>\n\t<meta name=\"twitter:data1\" content=\"SOR MARTA\" \/>\n\t<meta name=\"twitter:label2\" content=\"Szacowany czas czytania\" \/>\n\t<meta name=\"twitter:data2\" content=\"4 minuty\" \/>\n<script type=\"application\/ld+json\" class=\"yoast-schema-graph\">{\"@context\":\"https:\\\/\\\/schema.org\",\"@graph\":[{\"@type\":\"Article\",\"@id\":\"https:\\\/\\\/filles-de-la-charite.org\\\/pl\\\/una-comunidad-interprovincial-en-camino-en-las-fronteras-de-la-vida\\\/#article\",\"isPartOf\":{\"@id\":\"https:\\\/\\\/filles-de-la-charite.org\\\/pl\\\/una-comunidad-interprovincial-en-camino-en-las-fronteras-de-la-vida\\\/\"},\"author\":{\"name\":\"SOR MARTA\",\"@id\":\"https:\\\/\\\/filles-de-la-charite.org\\\/pl\\\/#\\\/schema\\\/person\\\/0c922b6ca71280639858d297b3a7209f\"},\"headline\":\"Wsp\u00f3lnota mi\u0119dzyprowincjalna w drodze, na granicach ludzkiej egzystencji\",\"datePublished\":\"2026-01-31T21:10:00+00:00\",\"dateModified\":\"2026-02-05T08:34:54+00:00\",\"mainEntityOfPage\":{\"@id\":\"https:\\\/\\\/filles-de-la-charite.org\\\/pl\\\/una-comunidad-interprovincial-en-camino-en-las-fronteras-de-la-vida\\\/\"},\"wordCount\":564,\"publisher\":{\"@id\":\"https:\\\/\\\/filles-de-la-charite.org\\\/pl\\\/#organization\"},\"image\":{\"@id\":\"https:\\\/\\\/filles-de-la-charite.org\\\/pl\\\/una-comunidad-interprovincial-en-camino-en-las-fronteras-de-la-vida\\\/#primaryimage\"},\"thumbnailUrl\":\"https:\\\/\\\/filles-de-la-charite.org\\\/wp-content\\\/uploads\\\/2026\\\/02\\\/mision-interprovincial-thumbnail-scaled.jpg\",\"articleSection\":[\"Hiszpania\",\"Meksyk\"],\"inLanguage\":\"pl-PL\"},{\"@type\":\"WebPage\",\"@id\":\"https:\\\/\\\/filles-de-la-charite.org\\\/pl\\\/una-comunidad-interprovincial-en-camino-en-las-fronteras-de-la-vida\\\/\",\"url\":\"https:\\\/\\\/filles-de-la-charite.org\\\/pl\\\/una-comunidad-interprovincial-en-camino-en-las-fronteras-de-la-vida\\\/\",\"name\":\"Wsp\u00f3lnota mi\u0119dzyprowincjalna w drodze, na granicach ludzkiej egzystencji - Filles de la Charit\u00e9\",\"isPartOf\":{\"@id\":\"https:\\\/\\\/filles-de-la-charite.org\\\/pl\\\/#website\"},\"primaryImageOfPage\":{\"@id\":\"https:\\\/\\\/filles-de-la-charite.org\\\/pl\\\/una-comunidad-interprovincial-en-camino-en-las-fronteras-de-la-vida\\\/#primaryimage\"},\"image\":{\"@id\":\"https:\\\/\\\/filles-de-la-charite.org\\\/pl\\\/una-comunidad-interprovincial-en-camino-en-las-fronteras-de-la-vida\\\/#primaryimage\"},\"thumbnailUrl\":\"https:\\\/\\\/filles-de-la-charite.org\\\/wp-content\\\/uploads\\\/2026\\\/02\\\/mision-interprovincial-thumbnail-scaled.jpg\",\"datePublished\":\"2026-01-31T21:10:00+00:00\",\"dateModified\":\"2026-02-05T08:34:54+00:00\",\"breadcrumb\":{\"@id\":\"https:\\\/\\\/filles-de-la-charite.org\\\/pl\\\/una-comunidad-interprovincial-en-camino-en-las-fronteras-de-la-vida\\\/#breadcrumb\"},\"inLanguage\":\"pl-PL\",\"potentialAction\":[{\"@type\":\"ReadAction\",\"target\":[\"https:\\\/\\\/filles-de-la-charite.org\\\/pl\\\/una-comunidad-interprovincial-en-camino-en-las-fronteras-de-la-vida\\\/\"]}]},{\"@type\":\"ImageObject\",\"inLanguage\":\"pl-PL\",\"@id\":\"https:\\\/\\\/filles-de-la-charite.org\\\/pl\\\/una-comunidad-interprovincial-en-camino-en-las-fronteras-de-la-vida\\\/#primaryimage\",\"url\":\"https:\\\/\\\/filles-de-la-charite.org\\\/wp-content\\\/uploads\\\/2026\\\/02\\\/mision-interprovincial-thumbnail-scaled.jpg\",\"contentUrl\":\"https:\\\/\\\/filles-de-la-charite.org\\\/wp-content\\\/uploads\\\/2026\\\/02\\\/mision-interprovincial-thumbnail-scaled.jpg\",\"width\":2560,\"height\":1440},{\"@type\":\"BreadcrumbList\",\"@id\":\"https:\\\/\\\/filles-de-la-charite.org\\\/pl\\\/una-comunidad-interprovincial-en-camino-en-las-fronteras-de-la-vida\\\/#breadcrumb\",\"itemListElement\":[{\"@type\":\"ListItem\",\"position\":1,\"name\":\"Hiszpania\",\"item\":\"https:\\\/\\\/filles-de-la-charite.org\\\/pl\\\/category\\\/espana-pl\\\/\"},{\"@type\":\"ListItem\",\"position\":2,\"name\":\"Wsp\u00f3lnota mi\u0119dzyprowincjalna w drodze, na granicach ludzkiej egzystencji\"}]},{\"@type\":\"WebSite\",\"@id\":\"https:\\\/\\\/filles-de-la-charite.org\\\/pl\\\/#website\",\"url\":\"https:\\\/\\\/filles-de-la-charite.org\\\/pl\\\/\",\"name\":\"Hijas de la Caridad\",\"description\":\"L\u2019amour de J\u00e9sus nous presse \u00e0 prendre soin des personnes les plus d\u00e9munies\",\"publisher\":{\"@id\":\"https:\\\/\\\/filles-de-la-charite.org\\\/pl\\\/#organization\"},\"potentialAction\":[{\"@type\":\"SearchAction\",\"target\":{\"@type\":\"EntryPoint\",\"urlTemplate\":\"https:\\\/\\\/filles-de-la-charite.org\\\/pl\\\/?s={search_term_string}\"},\"query-input\":{\"@type\":\"PropertyValueSpecification\",\"valueRequired\":true,\"valueName\":\"search_term_string\"}}],\"inLanguage\":\"pl-PL\"},{\"@type\":\"Organization\",\"@id\":\"https:\\\/\\\/filles-de-la-charite.org\\\/pl\\\/#organization\",\"name\":\"Hijas de la Caridad\",\"url\":\"https:\\\/\\\/filles-de-la-charite.org\\\/pl\\\/\",\"logo\":{\"@type\":\"ImageObject\",\"inLanguage\":\"pl-PL\",\"@id\":\"https:\\\/\\\/filles-de-la-charite.org\\\/pl\\\/#\\\/schema\\\/logo\\\/image\\\/\",\"url\":\"https:\\\/\\\/filles-de-la-charite.org\\\/wp-content\\\/uploads\\\/2023\\\/03\\\/isotipo-Hijas-de-la-Caridad.png\",\"contentUrl\":\"https:\\\/\\\/filles-de-la-charite.org\\\/wp-content\\\/uploads\\\/2023\\\/03\\\/isotipo-Hijas-de-la-Caridad.png\",\"width\":1417,\"height\":1417,\"caption\":\"Hijas de la Caridad\"},\"image\":{\"@id\":\"https:\\\/\\\/filles-de-la-charite.org\\\/pl\\\/#\\\/schema\\\/logo\\\/image\\\/\"}},{\"@type\":\"Person\",\"@id\":\"https:\\\/\\\/filles-de-la-charite.org\\\/pl\\\/#\\\/schema\\\/person\\\/0c922b6ca71280639858d297b3a7209f\",\"name\":\"SOR MARTA\",\"image\":{\"@type\":\"ImageObject\",\"inLanguage\":\"pl-PL\",\"@id\":\"https:\\\/\\\/secure.gravatar.com\\\/avatar\\\/d2c45b0fd6bf2d3e2670ab3d112257c24ac80fa960360bba1bdc0676485d1d09?s=96&d=mm&r=g\",\"url\":\"https:\\\/\\\/secure.gravatar.com\\\/avatar\\\/d2c45b0fd6bf2d3e2670ab3d112257c24ac80fa960360bba1bdc0676485d1d09?s=96&d=mm&r=g\",\"contentUrl\":\"https:\\\/\\\/secure.gravatar.com\\\/avatar\\\/d2c45b0fd6bf2d3e2670ab3d112257c24ac80fa960360bba1bdc0676485d1d09?s=96&d=mm&r=g\",\"caption\":\"SOR MARTA\"},\"url\":\"https:\\\/\\\/filles-de-la-charite.org\\\/pl\\\/author\\\/martaemn\\\/\"}]}<\/script>\n<!-- \/ Yoast SEO plugin. -->","yoast_head_json":{"title":"Wsp\u00f3lnota mi\u0119dzyprowincjalna w drodze, na granicach ludzkiej egzystencji - Filles de la Charit\u00e9","robots":{"index":"index","follow":"follow","max-snippet":"max-snippet:-1","max-image-preview":"max-image-preview:large","max-video-preview":"max-video-preview:-1"},"canonical":"https:\/\/filles-de-la-charite.org\/pl\/una-comunidad-interprovincial-en-camino-en-las-fronteras-de-la-vida\/","og_locale":"pl_PL","og_type":"article","og_title":"Wsp\u00f3lnota mi\u0119dzyprowincjalna w drodze, na granicach ludzkiej egzystencji - Filles de la Charit\u00e9","og_description":"Zrodzi\u0142y\u015bmy si\u0119 z wezwania, kt\u00f3re zabrzmia\u0142o z moc\u0105 po Konwencie Generalnym w Prowincjach Hiszpanii. Poprowadzi\u0142o nas ono dalej, ku granicom ludzkim i geograficznym, tam, gdzie godno\u015b\u0107 os\u00f3b jest najbardziej zagro\u017cona. Z zas\u0142uchania w to wezwanie stopniowo wy\u0142oni\u0142 si\u0119 konkretny spos\u00f3b \u017cycia: wsp\u00f3lnota mi\u0119dzyprowincjalna, kt\u00f3ra p\u00f3\u017aniej sta\u0142a si\u0119 misj\u0105 w\u0119drown\u0105, przepe\u0142nion\u0105 pragnieniem pozostawania uwa\u017cnymi na dzia\u0142anie [&hellip;]","og_url":"https:\/\/filles-de-la-charite.org\/pl\/una-comunidad-interprovincial-en-camino-en-las-fronteras-de-la-vida\/","og_site_name":"Filles de la Charit\u00e9","article_published_time":"2026-01-31T21:10:00+00:00","article_modified_time":"2026-02-05T08:34:54+00:00","og_image":[{"width":2560,"height":1440,"url":"https:\/\/filles-de-la-charite.org\/wp-content\/uploads\/2026\/02\/mision-interprovincial-thumbnail-scaled.jpg","type":"image\/jpeg"}],"author":"SOR MARTA","twitter_card":"summary_large_image","twitter_misc":{"Napisane przez":"SOR MARTA","Szacowany czas czytania":"4 minuty"},"schema":{"@context":"https:\/\/schema.org","@graph":[{"@type":"Article","@id":"https:\/\/filles-de-la-charite.org\/pl\/una-comunidad-interprovincial-en-camino-en-las-fronteras-de-la-vida\/#article","isPartOf":{"@id":"https:\/\/filles-de-la-charite.org\/pl\/una-comunidad-interprovincial-en-camino-en-las-fronteras-de-la-vida\/"},"author":{"name":"SOR MARTA","@id":"https:\/\/filles-de-la-charite.org\/pl\/#\/schema\/person\/0c922b6ca71280639858d297b3a7209f"},"headline":"Wsp\u00f3lnota mi\u0119dzyprowincjalna w drodze, na granicach ludzkiej egzystencji","datePublished":"2026-01-31T21:10:00+00:00","dateModified":"2026-02-05T08:34:54+00:00","mainEntityOfPage":{"@id":"https:\/\/filles-de-la-charite.org\/pl\/una-comunidad-interprovincial-en-camino-en-las-fronteras-de-la-vida\/"},"wordCount":564,"publisher":{"@id":"https:\/\/filles-de-la-charite.org\/pl\/#organization"},"image":{"@id":"https:\/\/filles-de-la-charite.org\/pl\/una-comunidad-interprovincial-en-camino-en-las-fronteras-de-la-vida\/#primaryimage"},"thumbnailUrl":"https:\/\/filles-de-la-charite.org\/wp-content\/uploads\/2026\/02\/mision-interprovincial-thumbnail-scaled.jpg","articleSection":["Hiszpania","Meksyk"],"inLanguage":"pl-PL"},{"@type":"WebPage","@id":"https:\/\/filles-de-la-charite.org\/pl\/una-comunidad-interprovincial-en-camino-en-las-fronteras-de-la-vida\/","url":"https:\/\/filles-de-la-charite.org\/pl\/una-comunidad-interprovincial-en-camino-en-las-fronteras-de-la-vida\/","name":"Wsp\u00f3lnota mi\u0119dzyprowincjalna w drodze, na granicach ludzkiej egzystencji - Filles de la Charit\u00e9","isPartOf":{"@id":"https:\/\/filles-de-la-charite.org\/pl\/#website"},"primaryImageOfPage":{"@id":"https:\/\/filles-de-la-charite.org\/pl\/una-comunidad-interprovincial-en-camino-en-las-fronteras-de-la-vida\/#primaryimage"},"image":{"@id":"https:\/\/filles-de-la-charite.org\/pl\/una-comunidad-interprovincial-en-camino-en-las-fronteras-de-la-vida\/#primaryimage"},"thumbnailUrl":"https:\/\/filles-de-la-charite.org\/wp-content\/uploads\/2026\/02\/mision-interprovincial-thumbnail-scaled.jpg","datePublished":"2026-01-31T21:10:00+00:00","dateModified":"2026-02-05T08:34:54+00:00","breadcrumb":{"@id":"https:\/\/filles-de-la-charite.org\/pl\/una-comunidad-interprovincial-en-camino-en-las-fronteras-de-la-vida\/#breadcrumb"},"inLanguage":"pl-PL","potentialAction":[{"@type":"ReadAction","target":["https:\/\/filles-de-la-charite.org\/pl\/una-comunidad-interprovincial-en-camino-en-las-fronteras-de-la-vida\/"]}]},{"@type":"ImageObject","inLanguage":"pl-PL","@id":"https:\/\/filles-de-la-charite.org\/pl\/una-comunidad-interprovincial-en-camino-en-las-fronteras-de-la-vida\/#primaryimage","url":"https:\/\/filles-de-la-charite.org\/wp-content\/uploads\/2026\/02\/mision-interprovincial-thumbnail-scaled.jpg","contentUrl":"https:\/\/filles-de-la-charite.org\/wp-content\/uploads\/2026\/02\/mision-interprovincial-thumbnail-scaled.jpg","width":2560,"height":1440},{"@type":"BreadcrumbList","@id":"https:\/\/filles-de-la-charite.org\/pl\/una-comunidad-interprovincial-en-camino-en-las-fronteras-de-la-vida\/#breadcrumb","itemListElement":[{"@type":"ListItem","position":1,"name":"Hiszpania","item":"https:\/\/filles-de-la-charite.org\/pl\/category\/espana-pl\/"},{"@type":"ListItem","position":2,"name":"Wsp\u00f3lnota mi\u0119dzyprowincjalna w drodze, na granicach ludzkiej egzystencji"}]},{"@type":"WebSite","@id":"https:\/\/filles-de-la-charite.org\/pl\/#website","url":"https:\/\/filles-de-la-charite.org\/pl\/","name":"Hijas de la Caridad","description":"L\u2019amour de J\u00e9sus nous presse \u00e0 prendre soin des personnes les plus d\u00e9munies","publisher":{"@id":"https:\/\/filles-de-la-charite.org\/pl\/#organization"},"potentialAction":[{"@type":"SearchAction","target":{"@type":"EntryPoint","urlTemplate":"https:\/\/filles-de-la-charite.org\/pl\/?s={search_term_string}"},"query-input":{"@type":"PropertyValueSpecification","valueRequired":true,"valueName":"search_term_string"}}],"inLanguage":"pl-PL"},{"@type":"Organization","@id":"https:\/\/filles-de-la-charite.org\/pl\/#organization","name":"Hijas de la Caridad","url":"https:\/\/filles-de-la-charite.org\/pl\/","logo":{"@type":"ImageObject","inLanguage":"pl-PL","@id":"https:\/\/filles-de-la-charite.org\/pl\/#\/schema\/logo\/image\/","url":"https:\/\/filles-de-la-charite.org\/wp-content\/uploads\/2023\/03\/isotipo-Hijas-de-la-Caridad.png","contentUrl":"https:\/\/filles-de-la-charite.org\/wp-content\/uploads\/2023\/03\/isotipo-Hijas-de-la-Caridad.png","width":1417,"height":1417,"caption":"Hijas de la Caridad"},"image":{"@id":"https:\/\/filles-de-la-charite.org\/pl\/#\/schema\/logo\/image\/"}},{"@type":"Person","@id":"https:\/\/filles-de-la-charite.org\/pl\/#\/schema\/person\/0c922b6ca71280639858d297b3a7209f","name":"SOR MARTA","image":{"@type":"ImageObject","inLanguage":"pl-PL","@id":"https:\/\/secure.gravatar.com\/avatar\/d2c45b0fd6bf2d3e2670ab3d112257c24ac80fa960360bba1bdc0676485d1d09?s=96&d=mm&r=g","url":"https:\/\/secure.gravatar.com\/avatar\/d2c45b0fd6bf2d3e2670ab3d112257c24ac80fa960360bba1bdc0676485d1d09?s=96&d=mm&r=g","contentUrl":"https:\/\/secure.gravatar.com\/avatar\/d2c45b0fd6bf2d3e2670ab3d112257c24ac80fa960360bba1bdc0676485d1d09?s=96&d=mm&r=g","caption":"SOR MARTA"},"url":"https:\/\/filles-de-la-charite.org\/pl\/author\/martaemn\/"}]}},"_links":{"self":[{"href":"https:\/\/filles-de-la-charite.org\/pl\/wp-json\/wp\/v2\/posts\/48551","targetHints":{"allow":["GET"]}}],"collection":[{"href":"https:\/\/filles-de-la-charite.org\/pl\/wp-json\/wp\/v2\/posts"}],"about":[{"href":"https:\/\/filles-de-la-charite.org\/pl\/wp-json\/wp\/v2\/types\/post"}],"author":[{"embeddable":true,"href":"https:\/\/filles-de-la-charite.org\/pl\/wp-json\/wp\/v2\/users\/5"}],"replies":[{"embeddable":true,"href":"https:\/\/filles-de-la-charite.org\/pl\/wp-json\/wp\/v2\/comments?post=48551"}],"version-history":[{"count":4,"href":"https:\/\/filles-de-la-charite.org\/pl\/wp-json\/wp\/v2\/posts\/48551\/revisions"}],"predecessor-version":[{"id":48701,"href":"https:\/\/filles-de-la-charite.org\/pl\/wp-json\/wp\/v2\/posts\/48551\/revisions\/48701"}],"wp:featuredmedia":[{"embeddable":true,"href":"https:\/\/filles-de-la-charite.org\/pl\/wp-json\/wp\/v2\/media\/48552"}],"wp:attachment":[{"href":"https:\/\/filles-de-la-charite.org\/pl\/wp-json\/wp\/v2\/media?parent=48551"}],"wp:term":[{"taxonomy":"category","embeddable":true,"href":"https:\/\/filles-de-la-charite.org\/pl\/wp-json\/wp\/v2\/categories?post=48551"},{"taxonomy":"post_tag","embeddable":true,"href":"https:\/\/filles-de-la-charite.org\/pl\/wp-json\/wp\/v2\/tags?post=48551"}],"curies":[{"name":"wp","href":"https:\/\/api.w.org\/{rel}","templated":true}]}}