{"id":48778,"date":"2026-02-08T08:00:00","date_gmt":"2026-02-08T07:00:00","guid":{"rendered":"https:\/\/filles-de-la-charite.org\/?p=48778"},"modified":"2026-02-07T23:02:44","modified_gmt":"2026-02-07T22:02:44","slug":"si-nuestro-testimonio-ayuda-aunque-sea-a-una-sola-mujer-seremos-felices","status":"publish","type":"post","link":"https:\/\/filles-de-la-charite.org\/pl\/si-nuestro-testimonio-ayuda-aunque-sea-a-una-sola-mujer-seremos-felices\/","title":{"rendered":"\u015awiadczy\u0107, by pomaga\u0107 innym"},"content":{"rendered":"\n<p>Je\u015bli nasze \u015bwiadectwo pomo\u017ce cho\u0107 jednej kobiecie, b\u0119dziemy szcz\u0119\u015bliwe<\/p>\n\n\n\n<p>W zwi\u0105zku ze zbli\u017caj\u0105cym si\u0119 Mi\u0119dzynarodowym Dniem Modlitwy i Refleksji na temat Walki z Handlem Lud\u017ami, postanowi\u0142am porozmawia\u0107 z podopiecznymi \u015awietlicy dla Kobiet Bezdomnych i Zagro\u017conych Bezdomno\u015bci\u0105, prowadzonej przez Fundacj\u0119 Mi\u0142osierdzie.<\/p>\n\n\n\n<figure class=\"wp-block-image size-large\"><img loading=\"lazy\" decoding=\"async\" width=\"900\" height=\"675\" src=\"https:\/\/filles-de-la-charite.org\/wp-content\/uploads\/2026\/02\/WhatsApp-Image-2026-01-29-at-16.07.44-1-edited.jpeg\" alt=\"\" class=\"wp-image-48758\" srcset=\"https:\/\/filles-de-la-charite.org\/wp-content\/uploads\/2026\/02\/WhatsApp-Image-2026-01-29-at-16.07.44-1-edited.jpeg 900w, https:\/\/filles-de-la-charite.org\/wp-content\/uploads\/2026\/02\/WhatsApp-Image-2026-01-29-at-16.07.44-1-edited-480x360.jpeg 480w\" sizes=\"(min-width: 0px) and (max-width: 480px) 480px, (min-width: 481px) 900px, 100vw\" \/><\/figure>\n\n\n\n<p>By\u0142am zaskoczona ich entuzjastyczn\u0105 reakcj\u0105 i wielk\u0105 otwarto\u015bci\u0105. Powtarza\u0142y, \u017ce o tego typu zagro\u017ceniach trzeba m\u00f3wi\u0107 g\u0142o\u015bno, aby dziewcz\u0119ta i kobiety wiedzia\u0142y, na co zwraca\u0107 uwag\u0119, jakich sytuacji unika\u0107, \u017ce trzeba dok\u0142adnie sprawdza\u0107 warunki oferowanej pracy. Przebywaj\u0105c w przestrzeni publicznej, na dworcach, w parkach niejednokrotnie natkn\u0119\u0142y si\u0119 na rekruter\u00f3w grup przest\u0119pczych, m\u00f3wi\u0142y, \u017ce nie s\u0105 to tylko m\u0119\u017cczy\u017ani, ale r\u00f3wnie\u017c kobiety lub udaj\u0105ce ma\u0142\u017ce\u0144stwo pary oferuj\u0105ce prac\u0119. M\u00f3wi\u0142y o tym, \u017ce bardzo z\u0142a sytuacja materialna, g\u0142\u00f3d, brak dachu nad g\u0142ow\u0105 popycha kobiety do korzystania z niepewnych ofert pracy a nawet do wej\u015bcia na drog\u0119 prostytucji. Przestrach, zagubienie, smutek zdaj\u0105 si\u0119 przyci\u0105ga\u0107 przest\u0119pc\u00f3w. Ostrzega\u0142y, \u017ce na ulicach trzeba by\u0107 ostro\u017cn\u0105 nawet przyjmuj\u0105c od kogo\u015b jedzenie lub picie. Spotyka\u0142y si\u0119 z sytuacjami, gdzie kobiety by\u0142y w ten spos\u00f3b odurzane. Zdarza\u0142y si\u0119 te\u017c osoby oferuj\u0105ce darmowe narkotyki, aby uzale\u017cni\u0107 upatrzon\u0105 osob\u0119.<\/p>\n\n\n\n<figure class=\"wp-block-image size-full\"><img loading=\"lazy\" decoding=\"async\" width=\"900\" height=\"675\" src=\"https:\/\/filles-de-la-charite.org\/wp-content\/uploads\/2026\/02\/thumbnail.jpeg\" alt=\"\" class=\"wp-image-48768\" srcset=\"https:\/\/filles-de-la-charite.org\/wp-content\/uploads\/2026\/02\/thumbnail.jpeg 900w, https:\/\/filles-de-la-charite.org\/wp-content\/uploads\/2026\/02\/thumbnail-480x360.jpeg 480w\" sizes=\"(min-width: 0px) and (max-width: 480px) 480px, (min-width: 481px) 900px, 100vw\" \/><\/figure>\n\n\n\n<p>Pani Marianna: <em>Zacz\u0119\u0142o si\u0119 od ta\u0144ca. By\u0142am zawodow\u0105 tancerk\u0105 zapraszan\u0105 na r\u00f3\u017cne spotkania firmowe, gale. Z czasem pracodawcy zacz\u0119li wywiera\u0107 na mnie coraz wi\u0119ksz\u0105 presj\u0119, zmuszaj\u0105c do prostytucji. Gdy raz si\u0119 zgodzi\u0142am, nie by\u0142o odwrotu. Pr\u00f3bowa\u0142am si\u0119 wyzwoli\u0107, przyjmuj\u0105c ofert\u0119 pracy w Niemczech. To by\u0142a pu\u0142apka, zosta\u0142am tam uwi\u0119ziona. Pewien Polak pom\u00f3g\u0142 mi uciec. Wr\u00f3ci\u0142am w strasznym stanie psychicznym i fizycznym. Pom\u00f3g\u0142 mi m\u00f3j krewny, za\u0142atwiaj\u0105c terapi\u0119 w odleg\u0142ym mie\u015bcie, a potem pomagaj\u0105c mi znale\u017a\u0107 tam prac\u0119 i mieszkanie.<\/em><\/p>\n\n\n\n<p>Pani Alicja: <em>Kiedy\u015b jad\u0105c autostopem trafi\u0142am na grup\u0119 Bu\u0142gar\u00f3w, kt\u00f3rzy mnie uprowadzili. Na postoju wyrwa\u0142am si\u0119, walczy\u0142am o swoj\u0105 godno\u015b\u0107, walczy\u0142am o \u017cycie. Uda\u0142o mi si\u0119 uciec. Nigdy wi\u0119cej nie pojad\u0119 autostopem.<\/em><\/p>\n\n\n\n<figure class=\"wp-block-image size-large\"><img loading=\"lazy\" decoding=\"async\" width=\"900\" height=\"675\" src=\"https:\/\/filles-de-la-charite.org\/wp-content\/uploads\/2026\/02\/WhatsApp-Image-2026-01-29-at-16.10.07-edited.jpeg\" alt=\"\" class=\"wp-image-48760\" srcset=\"https:\/\/filles-de-la-charite.org\/wp-content\/uploads\/2026\/02\/WhatsApp-Image-2026-01-29-at-16.10.07-edited.jpeg 900w, https:\/\/filles-de-la-charite.org\/wp-content\/uploads\/2026\/02\/WhatsApp-Image-2026-01-29-at-16.10.07-edited-480x360.jpeg 480w\" sizes=\"(min-width: 0px) and (max-width: 480px) 480px, (min-width: 481px) 900px, 100vw\" \/><\/figure>\n\n\n\n<p>Pani Anna:<em> Korzystaj\u0105c z autostopu zosta\u0142am porwana. Porywacz przy\u0142o\u017cy\u0142 mi pistolet do g\u0142owy. Zacz\u0119\u0142am b\u0142aga\u0107, by mnie pu\u015bci\u0142, w\u0142\u0105czy\u0142am na telefonie filmik z moim dzieckiem. Kiedy us\u0142ysza\u0142 p\u0142acz dziecka, otworzy\u0142 drzwi i wyrzuci\u0142 mnie z jad\u0105cego auta. Ocala\u0142am.<\/em><\/p>\n\n\n\n<p>Pani Eleonora:<em> Kiedy\u015b pracowa\u0142am na czarno, sprz\u0105taj\u0105c will\u0119 pewnej rodziny. Ich krewny zawozi\u0142 mnie tam i odwozi\u0142 po pracy. Pewnego dnia zacz\u0105\u0142 mi grozi\u0107 i robi\u0107 niemoralne propozycje\u2026 Jak ja si\u0119 wtedy modli\u0142am\u2026 ca\u0142\u0105 drog\u0119 prosi\u0142am Anio\u0142a Str\u00f3\u017ca o pomoc. Na postoju uciek\u0142am i nigdy wi\u0119cej tam nie wr\u00f3ci\u0142am. Anio\u0142 Str\u00f3\u017c mnie uratowa\u0142\u2026<\/em><\/p>\n\n\n\n<figure class=\"wp-block-image size-large\"><img loading=\"lazy\" decoding=\"async\" width=\"900\" height=\"675\" src=\"https:\/\/filles-de-la-charite.org\/wp-content\/uploads\/2026\/02\/WhatsApp-Image-2026-01-29-at-16.11.13-edited.jpeg\" alt=\"\" class=\"wp-image-48761\" srcset=\"https:\/\/filles-de-la-charite.org\/wp-content\/uploads\/2026\/02\/WhatsApp-Image-2026-01-29-at-16.11.13-edited.jpeg 900w, https:\/\/filles-de-la-charite.org\/wp-content\/uploads\/2026\/02\/WhatsApp-Image-2026-01-29-at-16.11.13-edited-480x360.jpeg 480w\" sizes=\"(min-width: 0px) and (max-width: 480px) 480px, (min-width: 481px) 900px, 100vw\" \/><\/figure>\n\n\n\n<p>Kobiety zgodnie twierdzi\u0142y, \u017ce po takich do\u015bwiadczeniach trudno jest komu\u015b zaufa\u0107, stworzy\u0107 zwi\u0105zek uczuciowy, trauma wraca\u2026 Cz\u0119sto konieczna jest d\u0142ugotrwa\u0142a terapia i leczenie psychiatryczne. Podkre\u015bla\u0142y jak wa\u017cne jest znalezienie bezpiecznego miejsca, bycie w otoczeniu \u017cyczliwych os\u00f3b, znalezienie miejsca, gdzie mog\u0105 by\u0107 tylko w towarzystwie kobiet. Ceni\u0105 bardzo zar\u00f3wno pomoc w znalezieniu bezpiecznej pracy, mo\u017cliwo\u015b\u0107 wypowiedzenia na g\u0142os swoich do\u015bwiadcze\u0144. <\/p>\n\n\n\n<figure class=\"wp-block-image size-large\"><img loading=\"lazy\" decoding=\"async\" width=\"900\" height=\"675\" src=\"https:\/\/filles-de-la-charite.org\/wp-content\/uploads\/2026\/02\/WhatsApp-Image-2026-01-29-at-16.11.00-edited-1.jpeg\" alt=\"\" class=\"wp-image-48771\" srcset=\"https:\/\/filles-de-la-charite.org\/wp-content\/uploads\/2026\/02\/WhatsApp-Image-2026-01-29-at-16.11.00-edited-1.jpeg 900w, https:\/\/filles-de-la-charite.org\/wp-content\/uploads\/2026\/02\/WhatsApp-Image-2026-01-29-at-16.11.00-edited-1-480x360.jpeg 480w\" sizes=\"(min-width: 0px) and (max-width: 480px) 480px, (min-width: 481px) 900px, 100vw\" \/><\/figure>\n\n\n\n<p><strong>M\u00f3wi\u0105, \u017ce je\u015bli ich \u015bwiadectwo pomo\u017ce cho\u0107 jednej kobiecie, b\u0119d\u0105 szcz\u0119\u015bliwe.<\/strong><\/p>\n","protected":false},"excerpt":{"rendered":"<p>Je\u015bli nasze \u015bwiadectwo pomo\u017ce cho\u0107 jednej kobiecie, b\u0119dziemy szcz\u0119\u015bliwe W zwi\u0105zku ze zbli\u017caj\u0105cym si\u0119 Mi\u0119dzynarodowym Dniem Modlitwy i Refleksji na temat Walki z Handlem Lud\u017ami, postanowi\u0142am porozmawia\u0107 z podopiecznymi \u015awietlicy dla Kobiet Bezdomnych i Zagro\u017conych Bezdomno\u015bci\u0105, prowadzonej przez Fundacj\u0119 Mi\u0142osierdzie. By\u0142am zaskoczona ich entuzjastyczn\u0105 reakcj\u0105 i wielk\u0105 otwarto\u015bci\u0105. Powtarza\u0142y, \u017ce o tego typu zagro\u017ceniach trzeba [&hellip;]<\/p>\n","protected":false},"author":5,"featured_media":48779,"comment_status":"closed","ping_status":"closed","sticky":false,"template":"","format":"standard","meta":{"_acf_changed":false,"_et_pb_use_builder":"","_et_pb_old_content":"","_et_gb_content_width":"","footnotes":"","_links_to":"","_links_to_target":""},"categories":[915],"tags":[],"class_list":["post-48778","post","type-post","status-publish","format-standard","has-post-thumbnail","hentry","category-polska"],"acf":[],"yoast_head":"<!-- This site is optimized with the Yoast SEO plugin v27.5 - https:\/\/yoast.com\/product\/yoast-seo-wordpress\/ -->\n<title>\u015awiadczy\u0107, by pomaga\u0107 innym - Filles de la Charit\u00e9<\/title>\n<meta name=\"robots\" content=\"index, follow, max-snippet:-1, max-image-preview:large, max-video-preview:-1\" \/>\n<link rel=\"canonical\" href=\"https:\/\/filles-de-la-charite.org\/pl\/si-nuestro-testimonio-ayuda-aunque-sea-a-una-sola-mujer-seremos-felices\/\" \/>\n<meta property=\"og:locale\" content=\"pl_PL\" \/>\n<meta property=\"og:type\" content=\"article\" \/>\n<meta property=\"og:title\" content=\"\u015awiadczy\u0107, by pomaga\u0107 innym - Filles de la Charit\u00e9\" \/>\n<meta property=\"og:description\" content=\"Je\u015bli nasze \u015bwiadectwo pomo\u017ce cho\u0107 jednej kobiecie, b\u0119dziemy szcz\u0119\u015bliwe W zwi\u0105zku ze zbli\u017caj\u0105cym si\u0119 Mi\u0119dzynarodowym Dniem Modlitwy i Refleksji na temat Walki z Handlem Lud\u017ami, postanowi\u0142am porozmawia\u0107 z podopiecznymi \u015awietlicy dla Kobiet Bezdomnych i Zagro\u017conych Bezdomno\u015bci\u0105, prowadzonej przez Fundacj\u0119 Mi\u0142osierdzie. By\u0142am zaskoczona ich entuzjastyczn\u0105 reakcj\u0105 i wielk\u0105 otwarto\u015bci\u0105. Powtarza\u0142y, \u017ce o tego typu zagro\u017ceniach trzeba [&hellip;]\" \/>\n<meta property=\"og:url\" content=\"https:\/\/filles-de-la-charite.org\/pl\/si-nuestro-testimonio-ayuda-aunque-sea-a-una-sola-mujer-seremos-felices\/\" \/>\n<meta property=\"og:site_name\" content=\"Filles de la Charit\u00e9\" \/>\n<meta property=\"article:published_time\" content=\"2026-02-08T07:00:00+00:00\" \/>\n<meta property=\"og:image\" content=\"https:\/\/filles-de-la-charite.org\/wp-content\/uploads\/2026\/02\/WhatsApp-Image-2026-01-29-at-16.07.54.jpeg\" \/>\n\t<meta property=\"og:image:width\" content=\"1600\" \/>\n\t<meta property=\"og:image:height\" content=\"900\" \/>\n\t<meta property=\"og:image:type\" content=\"image\/jpeg\" \/>\n<meta name=\"author\" content=\"SOR MARTA\" \/>\n<meta name=\"twitter:card\" content=\"summary_large_image\" \/>\n<meta name=\"twitter:label1\" content=\"Napisane przez\" \/>\n\t<meta name=\"twitter:data1\" content=\"SOR MARTA\" \/>\n\t<meta name=\"twitter:label2\" content=\"Szacowany czas czytania\" \/>\n\t<meta name=\"twitter:data2\" content=\"4 minuty\" \/>\n<script type=\"application\/ld+json\" class=\"yoast-schema-graph\">{\"@context\":\"https:\\\/\\\/schema.org\",\"@graph\":[{\"@type\":\"Article\",\"@id\":\"https:\\\/\\\/filles-de-la-charite.org\\\/pl\\\/si-nuestro-testimonio-ayuda-aunque-sea-a-una-sola-mujer-seremos-felices\\\/#article\",\"isPartOf\":{\"@id\":\"https:\\\/\\\/filles-de-la-charite.org\\\/pl\\\/si-nuestro-testimonio-ayuda-aunque-sea-a-una-sola-mujer-seremos-felices\\\/\"},\"author\":{\"name\":\"SOR MARTA\",\"@id\":\"https:\\\/\\\/filles-de-la-charite.org\\\/pl\\\/#\\\/schema\\\/person\\\/0c922b6ca71280639858d297b3a7209f\"},\"headline\":\"\u015awiadczy\u0107, by pomaga\u0107 innym\",\"datePublished\":\"2026-02-08T07:00:00+00:00\",\"mainEntityOfPage\":{\"@id\":\"https:\\\/\\\/filles-de-la-charite.org\\\/pl\\\/si-nuestro-testimonio-ayuda-aunque-sea-a-una-sola-mujer-seremos-felices\\\/\"},\"wordCount\":588,\"publisher\":{\"@id\":\"https:\\\/\\\/filles-de-la-charite.org\\\/pl\\\/#organization\"},\"image\":{\"@id\":\"https:\\\/\\\/filles-de-la-charite.org\\\/pl\\\/si-nuestro-testimonio-ayuda-aunque-sea-a-una-sola-mujer-seremos-felices\\\/#primaryimage\"},\"thumbnailUrl\":\"https:\\\/\\\/filles-de-la-charite.org\\\/wp-content\\\/uploads\\\/2026\\\/02\\\/WhatsApp-Image-2026-01-29-at-16.07.54.jpeg\",\"articleSection\":[\"Polska\"],\"inLanguage\":\"pl-PL\"},{\"@type\":\"WebPage\",\"@id\":\"https:\\\/\\\/filles-de-la-charite.org\\\/pl\\\/si-nuestro-testimonio-ayuda-aunque-sea-a-una-sola-mujer-seremos-felices\\\/\",\"url\":\"https:\\\/\\\/filles-de-la-charite.org\\\/pl\\\/si-nuestro-testimonio-ayuda-aunque-sea-a-una-sola-mujer-seremos-felices\\\/\",\"name\":\"\u015awiadczy\u0107, by pomaga\u0107 innym - Filles de la Charit\u00e9\",\"isPartOf\":{\"@id\":\"https:\\\/\\\/filles-de-la-charite.org\\\/pl\\\/#website\"},\"primaryImageOfPage\":{\"@id\":\"https:\\\/\\\/filles-de-la-charite.org\\\/pl\\\/si-nuestro-testimonio-ayuda-aunque-sea-a-una-sola-mujer-seremos-felices\\\/#primaryimage\"},\"image\":{\"@id\":\"https:\\\/\\\/filles-de-la-charite.org\\\/pl\\\/si-nuestro-testimonio-ayuda-aunque-sea-a-una-sola-mujer-seremos-felices\\\/#primaryimage\"},\"thumbnailUrl\":\"https:\\\/\\\/filles-de-la-charite.org\\\/wp-content\\\/uploads\\\/2026\\\/02\\\/WhatsApp-Image-2026-01-29-at-16.07.54.jpeg\",\"datePublished\":\"2026-02-08T07:00:00+00:00\",\"breadcrumb\":{\"@id\":\"https:\\\/\\\/filles-de-la-charite.org\\\/pl\\\/si-nuestro-testimonio-ayuda-aunque-sea-a-una-sola-mujer-seremos-felices\\\/#breadcrumb\"},\"inLanguage\":\"pl-PL\",\"potentialAction\":[{\"@type\":\"ReadAction\",\"target\":[\"https:\\\/\\\/filles-de-la-charite.org\\\/pl\\\/si-nuestro-testimonio-ayuda-aunque-sea-a-una-sola-mujer-seremos-felices\\\/\"]}]},{\"@type\":\"ImageObject\",\"inLanguage\":\"pl-PL\",\"@id\":\"https:\\\/\\\/filles-de-la-charite.org\\\/pl\\\/si-nuestro-testimonio-ayuda-aunque-sea-a-una-sola-mujer-seremos-felices\\\/#primaryimage\",\"url\":\"https:\\\/\\\/filles-de-la-charite.org\\\/wp-content\\\/uploads\\\/2026\\\/02\\\/WhatsApp-Image-2026-01-29-at-16.07.54.jpeg\",\"contentUrl\":\"https:\\\/\\\/filles-de-la-charite.org\\\/wp-content\\\/uploads\\\/2026\\\/02\\\/WhatsApp-Image-2026-01-29-at-16.07.54.jpeg\",\"width\":1600,\"height\":900},{\"@type\":\"BreadcrumbList\",\"@id\":\"https:\\\/\\\/filles-de-la-charite.org\\\/pl\\\/si-nuestro-testimonio-ayuda-aunque-sea-a-una-sola-mujer-seremos-felices\\\/#breadcrumb\",\"itemListElement\":[{\"@type\":\"ListItem\",\"position\":1,\"name\":\"Polska\",\"item\":\"https:\\\/\\\/filles-de-la-charite.org\\\/pl\\\/category\\\/polska\\\/\"},{\"@type\":\"ListItem\",\"position\":2,\"name\":\"\u015awiadczy\u0107, by pomaga\u0107 innym\"}]},{\"@type\":\"WebSite\",\"@id\":\"https:\\\/\\\/filles-de-la-charite.org\\\/pl\\\/#website\",\"url\":\"https:\\\/\\\/filles-de-la-charite.org\\\/pl\\\/\",\"name\":\"Hijas de la Caridad\",\"description\":\"L\u2019amour de J\u00e9sus nous presse \u00e0 prendre soin des personnes les plus d\u00e9munies\",\"publisher\":{\"@id\":\"https:\\\/\\\/filles-de-la-charite.org\\\/pl\\\/#organization\"},\"potentialAction\":[{\"@type\":\"SearchAction\",\"target\":{\"@type\":\"EntryPoint\",\"urlTemplate\":\"https:\\\/\\\/filles-de-la-charite.org\\\/pl\\\/?s={search_term_string}\"},\"query-input\":{\"@type\":\"PropertyValueSpecification\",\"valueRequired\":true,\"valueName\":\"search_term_string\"}}],\"inLanguage\":\"pl-PL\"},{\"@type\":\"Organization\",\"@id\":\"https:\\\/\\\/filles-de-la-charite.org\\\/pl\\\/#organization\",\"name\":\"Hijas de la Caridad\",\"url\":\"https:\\\/\\\/filles-de-la-charite.org\\\/pl\\\/\",\"logo\":{\"@type\":\"ImageObject\",\"inLanguage\":\"pl-PL\",\"@id\":\"https:\\\/\\\/filles-de-la-charite.org\\\/pl\\\/#\\\/schema\\\/logo\\\/image\\\/\",\"url\":\"https:\\\/\\\/filles-de-la-charite.org\\\/wp-content\\\/uploads\\\/2023\\\/03\\\/isotipo-Hijas-de-la-Caridad.png\",\"contentUrl\":\"https:\\\/\\\/filles-de-la-charite.org\\\/wp-content\\\/uploads\\\/2023\\\/03\\\/isotipo-Hijas-de-la-Caridad.png\",\"width\":1417,\"height\":1417,\"caption\":\"Hijas de la Caridad\"},\"image\":{\"@id\":\"https:\\\/\\\/filles-de-la-charite.org\\\/pl\\\/#\\\/schema\\\/logo\\\/image\\\/\"}},{\"@type\":\"Person\",\"@id\":\"https:\\\/\\\/filles-de-la-charite.org\\\/pl\\\/#\\\/schema\\\/person\\\/0c922b6ca71280639858d297b3a7209f\",\"name\":\"SOR MARTA\",\"image\":{\"@type\":\"ImageObject\",\"inLanguage\":\"pl-PL\",\"@id\":\"https:\\\/\\\/secure.gravatar.com\\\/avatar\\\/d2c45b0fd6bf2d3e2670ab3d112257c24ac80fa960360bba1bdc0676485d1d09?s=96&d=mm&r=g\",\"url\":\"https:\\\/\\\/secure.gravatar.com\\\/avatar\\\/d2c45b0fd6bf2d3e2670ab3d112257c24ac80fa960360bba1bdc0676485d1d09?s=96&d=mm&r=g\",\"contentUrl\":\"https:\\\/\\\/secure.gravatar.com\\\/avatar\\\/d2c45b0fd6bf2d3e2670ab3d112257c24ac80fa960360bba1bdc0676485d1d09?s=96&d=mm&r=g\",\"caption\":\"SOR MARTA\"},\"url\":\"https:\\\/\\\/filles-de-la-charite.org\\\/pl\\\/author\\\/martaemn\\\/\"}]}<\/script>\n<!-- \/ Yoast SEO plugin. -->","yoast_head_json":{"title":"\u015awiadczy\u0107, by pomaga\u0107 innym - Filles de la Charit\u00e9","robots":{"index":"index","follow":"follow","max-snippet":"max-snippet:-1","max-image-preview":"max-image-preview:large","max-video-preview":"max-video-preview:-1"},"canonical":"https:\/\/filles-de-la-charite.org\/pl\/si-nuestro-testimonio-ayuda-aunque-sea-a-una-sola-mujer-seremos-felices\/","og_locale":"pl_PL","og_type":"article","og_title":"\u015awiadczy\u0107, by pomaga\u0107 innym - Filles de la Charit\u00e9","og_description":"Je\u015bli nasze \u015bwiadectwo pomo\u017ce cho\u0107 jednej kobiecie, b\u0119dziemy szcz\u0119\u015bliwe W zwi\u0105zku ze zbli\u017caj\u0105cym si\u0119 Mi\u0119dzynarodowym Dniem Modlitwy i Refleksji na temat Walki z Handlem Lud\u017ami, postanowi\u0142am porozmawia\u0107 z podopiecznymi \u015awietlicy dla Kobiet Bezdomnych i Zagro\u017conych Bezdomno\u015bci\u0105, prowadzonej przez Fundacj\u0119 Mi\u0142osierdzie. By\u0142am zaskoczona ich entuzjastyczn\u0105 reakcj\u0105 i wielk\u0105 otwarto\u015bci\u0105. Powtarza\u0142y, \u017ce o tego typu zagro\u017ceniach trzeba [&hellip;]","og_url":"https:\/\/filles-de-la-charite.org\/pl\/si-nuestro-testimonio-ayuda-aunque-sea-a-una-sola-mujer-seremos-felices\/","og_site_name":"Filles de la Charit\u00e9","article_published_time":"2026-02-08T07:00:00+00:00","og_image":[{"width":1600,"height":900,"url":"https:\/\/filles-de-la-charite.org\/wp-content\/uploads\/2026\/02\/WhatsApp-Image-2026-01-29-at-16.07.54.jpeg","type":"image\/jpeg"}],"author":"SOR MARTA","twitter_card":"summary_large_image","twitter_misc":{"Napisane przez":"SOR MARTA","Szacowany czas czytania":"4 minuty"},"schema":{"@context":"https:\/\/schema.org","@graph":[{"@type":"Article","@id":"https:\/\/filles-de-la-charite.org\/pl\/si-nuestro-testimonio-ayuda-aunque-sea-a-una-sola-mujer-seremos-felices\/#article","isPartOf":{"@id":"https:\/\/filles-de-la-charite.org\/pl\/si-nuestro-testimonio-ayuda-aunque-sea-a-una-sola-mujer-seremos-felices\/"},"author":{"name":"SOR MARTA","@id":"https:\/\/filles-de-la-charite.org\/pl\/#\/schema\/person\/0c922b6ca71280639858d297b3a7209f"},"headline":"\u015awiadczy\u0107, by pomaga\u0107 innym","datePublished":"2026-02-08T07:00:00+00:00","mainEntityOfPage":{"@id":"https:\/\/filles-de-la-charite.org\/pl\/si-nuestro-testimonio-ayuda-aunque-sea-a-una-sola-mujer-seremos-felices\/"},"wordCount":588,"publisher":{"@id":"https:\/\/filles-de-la-charite.org\/pl\/#organization"},"image":{"@id":"https:\/\/filles-de-la-charite.org\/pl\/si-nuestro-testimonio-ayuda-aunque-sea-a-una-sola-mujer-seremos-felices\/#primaryimage"},"thumbnailUrl":"https:\/\/filles-de-la-charite.org\/wp-content\/uploads\/2026\/02\/WhatsApp-Image-2026-01-29-at-16.07.54.jpeg","articleSection":["Polska"],"inLanguage":"pl-PL"},{"@type":"WebPage","@id":"https:\/\/filles-de-la-charite.org\/pl\/si-nuestro-testimonio-ayuda-aunque-sea-a-una-sola-mujer-seremos-felices\/","url":"https:\/\/filles-de-la-charite.org\/pl\/si-nuestro-testimonio-ayuda-aunque-sea-a-una-sola-mujer-seremos-felices\/","name":"\u015awiadczy\u0107, by pomaga\u0107 innym - Filles de la Charit\u00e9","isPartOf":{"@id":"https:\/\/filles-de-la-charite.org\/pl\/#website"},"primaryImageOfPage":{"@id":"https:\/\/filles-de-la-charite.org\/pl\/si-nuestro-testimonio-ayuda-aunque-sea-a-una-sola-mujer-seremos-felices\/#primaryimage"},"image":{"@id":"https:\/\/filles-de-la-charite.org\/pl\/si-nuestro-testimonio-ayuda-aunque-sea-a-una-sola-mujer-seremos-felices\/#primaryimage"},"thumbnailUrl":"https:\/\/filles-de-la-charite.org\/wp-content\/uploads\/2026\/02\/WhatsApp-Image-2026-01-29-at-16.07.54.jpeg","datePublished":"2026-02-08T07:00:00+00:00","breadcrumb":{"@id":"https:\/\/filles-de-la-charite.org\/pl\/si-nuestro-testimonio-ayuda-aunque-sea-a-una-sola-mujer-seremos-felices\/#breadcrumb"},"inLanguage":"pl-PL","potentialAction":[{"@type":"ReadAction","target":["https:\/\/filles-de-la-charite.org\/pl\/si-nuestro-testimonio-ayuda-aunque-sea-a-una-sola-mujer-seremos-felices\/"]}]},{"@type":"ImageObject","inLanguage":"pl-PL","@id":"https:\/\/filles-de-la-charite.org\/pl\/si-nuestro-testimonio-ayuda-aunque-sea-a-una-sola-mujer-seremos-felices\/#primaryimage","url":"https:\/\/filles-de-la-charite.org\/wp-content\/uploads\/2026\/02\/WhatsApp-Image-2026-01-29-at-16.07.54.jpeg","contentUrl":"https:\/\/filles-de-la-charite.org\/wp-content\/uploads\/2026\/02\/WhatsApp-Image-2026-01-29-at-16.07.54.jpeg","width":1600,"height":900},{"@type":"BreadcrumbList","@id":"https:\/\/filles-de-la-charite.org\/pl\/si-nuestro-testimonio-ayuda-aunque-sea-a-una-sola-mujer-seremos-felices\/#breadcrumb","itemListElement":[{"@type":"ListItem","position":1,"name":"Polska","item":"https:\/\/filles-de-la-charite.org\/pl\/category\/polska\/"},{"@type":"ListItem","position":2,"name":"\u015awiadczy\u0107, by pomaga\u0107 innym"}]},{"@type":"WebSite","@id":"https:\/\/filles-de-la-charite.org\/pl\/#website","url":"https:\/\/filles-de-la-charite.org\/pl\/","name":"Hijas de la Caridad","description":"L\u2019amour de J\u00e9sus nous presse \u00e0 prendre soin des personnes les plus d\u00e9munies","publisher":{"@id":"https:\/\/filles-de-la-charite.org\/pl\/#organization"},"potentialAction":[{"@type":"SearchAction","target":{"@type":"EntryPoint","urlTemplate":"https:\/\/filles-de-la-charite.org\/pl\/?s={search_term_string}"},"query-input":{"@type":"PropertyValueSpecification","valueRequired":true,"valueName":"search_term_string"}}],"inLanguage":"pl-PL"},{"@type":"Organization","@id":"https:\/\/filles-de-la-charite.org\/pl\/#organization","name":"Hijas de la Caridad","url":"https:\/\/filles-de-la-charite.org\/pl\/","logo":{"@type":"ImageObject","inLanguage":"pl-PL","@id":"https:\/\/filles-de-la-charite.org\/pl\/#\/schema\/logo\/image\/","url":"https:\/\/filles-de-la-charite.org\/wp-content\/uploads\/2023\/03\/isotipo-Hijas-de-la-Caridad.png","contentUrl":"https:\/\/filles-de-la-charite.org\/wp-content\/uploads\/2023\/03\/isotipo-Hijas-de-la-Caridad.png","width":1417,"height":1417,"caption":"Hijas de la Caridad"},"image":{"@id":"https:\/\/filles-de-la-charite.org\/pl\/#\/schema\/logo\/image\/"}},{"@type":"Person","@id":"https:\/\/filles-de-la-charite.org\/pl\/#\/schema\/person\/0c922b6ca71280639858d297b3a7209f","name":"SOR MARTA","image":{"@type":"ImageObject","inLanguage":"pl-PL","@id":"https:\/\/secure.gravatar.com\/avatar\/d2c45b0fd6bf2d3e2670ab3d112257c24ac80fa960360bba1bdc0676485d1d09?s=96&d=mm&r=g","url":"https:\/\/secure.gravatar.com\/avatar\/d2c45b0fd6bf2d3e2670ab3d112257c24ac80fa960360bba1bdc0676485d1d09?s=96&d=mm&r=g","contentUrl":"https:\/\/secure.gravatar.com\/avatar\/d2c45b0fd6bf2d3e2670ab3d112257c24ac80fa960360bba1bdc0676485d1d09?s=96&d=mm&r=g","caption":"SOR MARTA"},"url":"https:\/\/filles-de-la-charite.org\/pl\/author\/martaemn\/"}]}},"_links":{"self":[{"href":"https:\/\/filles-de-la-charite.org\/pl\/wp-json\/wp\/v2\/posts\/48778","targetHints":{"allow":["GET"]}}],"collection":[{"href":"https:\/\/filles-de-la-charite.org\/pl\/wp-json\/wp\/v2\/posts"}],"about":[{"href":"https:\/\/filles-de-la-charite.org\/pl\/wp-json\/wp\/v2\/types\/post"}],"author":[{"embeddable":true,"href":"https:\/\/filles-de-la-charite.org\/pl\/wp-json\/wp\/v2\/users\/5"}],"replies":[{"embeddable":true,"href":"https:\/\/filles-de-la-charite.org\/pl\/wp-json\/wp\/v2\/comments?post=48778"}],"version-history":[{"count":1,"href":"https:\/\/filles-de-la-charite.org\/pl\/wp-json\/wp\/v2\/posts\/48778\/revisions"}],"predecessor-version":[{"id":48795,"href":"https:\/\/filles-de-la-charite.org\/pl\/wp-json\/wp\/v2\/posts\/48778\/revisions\/48795"}],"wp:featuredmedia":[{"embeddable":true,"href":"https:\/\/filles-de-la-charite.org\/pl\/wp-json\/wp\/v2\/media\/48779"}],"wp:attachment":[{"href":"https:\/\/filles-de-la-charite.org\/pl\/wp-json\/wp\/v2\/media?parent=48778"}],"wp:term":[{"taxonomy":"category","embeddable":true,"href":"https:\/\/filles-de-la-charite.org\/pl\/wp-json\/wp\/v2\/categories?post=48778"},{"taxonomy":"post_tag","embeddable":true,"href":"https:\/\/filles-de-la-charite.org\/pl\/wp-json\/wp\/v2\/tags?post=48778"}],"curies":[{"name":"wp","href":"https:\/\/api.w.org\/{rel}","templated":true}]}}