{"id":48825,"date":"2026-02-10T21:00:00","date_gmt":"2026-02-10T20:00:00","guid":{"rendered":"https:\/\/filles-de-la-charite.org\/?p=48825"},"modified":"2026-02-10T13:53:04","modified_gmt":"2026-02-10T12:53:04","slug":"una-mano-mas-es-una-victima-menos","status":"publish","type":"post","link":"https:\/\/filles-de-la-charite.org\/pl\/una-mano-mas-es-una-victima-menos\/","title":{"rendered":"Jedna para r\u0105k wi\u0119cej oznacza jedn\u0105 ofiar\u0119 mniej"},"content":{"rendered":"\n<p>W szko\u0142ach, dzielnicach i spo\u0142eczno\u015bciach edukacyjnych Siostry Mi\u0142osierdzia \u015bw. Wincentego a Paulo w Kolumbii nieustannie tworz\u0105 sie\u0107 opieki i profilaktyki w obliczu zagro\u017cenia handlem lud\u017ami. Poprzez Sie\u0107 Obro\u0144c\u00f3w \u017bycia (Defenders of Life Network), inicjatyw\u0119 za\u0142o\u017con\u0105 w 2009 roku, Siostry Mi\u0142osierdzia, nauczyciele i pracownicy socjalni \u0142\u0105cz\u0105 si\u0142y, aby chroni\u0107 zw\u0142aszcza dzieci i m\u0142odzie\u017c, kt\u00f3re s\u0105 najbardziej nara\u017cone na nowe formy rekrutacji i wykorzystywania. Jak niedawno podkre\u015bli\u0142 serwis Vatican News, praca ta opiera si\u0119 na jasnym przekonaniu: ka\u017cdy akt prewencji jest szans\u0105 na uratowanie \u017cycia.<\/p>\n\n\n\n<figure class=\"wp-block-image size-large\"><img loading=\"lazy\" decoding=\"async\" width=\"1024\" height=\"576\" src=\"https:\/\/filles-de-la-charite.org\/wp-content\/uploads\/2026\/02\/WhatsApp-Image-2026-02-03-at-17.09.53-1024x576.jpeg\" alt=\"\" class=\"wp-image-48813\" srcset=\"https:\/\/filles-de-la-charite.org\/wp-content\/uploads\/2026\/02\/WhatsApp-Image-2026-02-03-at-17.09.53-1024x576.jpeg 1024w, https:\/\/filles-de-la-charite.org\/wp-content\/uploads\/2026\/02\/WhatsApp-Image-2026-02-03-at-17.09.53-980x551.jpeg 980w, https:\/\/filles-de-la-charite.org\/wp-content\/uploads\/2026\/02\/WhatsApp-Image-2026-02-03-at-17.09.53-480x270.jpeg 480w\" sizes=\"(min-width: 0px) and (max-width: 480px) 480px, (min-width: 481px) and (max-width: 980px) 980px, (min-width: 981px) 1024px, 100vw\" \/><\/figure>\n\n\n\n<p>Sie\u0107 opracowuje programy szkoleniowe dostosowane do r\u00f3\u017cnych grup wiekowych i kontekst\u00f3w, \u0142\u0105cz\u0105c edukacj\u0119, towarzyszenie i prac\u0119 spo\u0142eczn\u0105. Inicjatywy takie jak \u201ePodr\u00f3\u017c na rzecz \u017cycia\u201d lub \u201ePrzygody nawigatora\u201d pomagaj\u0105 m\u0142odym ludziom rozpoznawa\u0107 sytuacje ryzyka, wzmacnia\u0107 poczucie w\u0142asnej warto\u015bci i budowa\u0107 sensowny projekt \u017cycia, podczas gdy kursy dyplomowe dla nauczycieli i warsztaty dla rodzin zwi\u0119kszaj\u0105 wczesne wykrywanie zagro\u017ce\u0144 i reagowanie na sytuacje przemocy. W ten spos\u00f3b profilaktyka wykracza poza informacj\u0119 i staje si\u0119 wsp\u00f3lnym do\u015bwiadczeniem odpowiedzialno\u015bci i troski.<\/p>\n\n\n\n<figure class=\"wp-block-image size-large\"><img loading=\"lazy\" decoding=\"async\" width=\"1024\" height=\"576\" src=\"https:\/\/filles-de-la-charite.org\/wp-content\/uploads\/2026\/02\/WhatsApp-Image-2026-02-03-at-17.11.52-1-1024x576.jpeg\" alt=\"\" class=\"wp-image-48816\" srcset=\"https:\/\/filles-de-la-charite.org\/wp-content\/uploads\/2026\/02\/WhatsApp-Image-2026-02-03-at-17.11.52-1-980x551.jpeg 980w, https:\/\/filles-de-la-charite.org\/wp-content\/uploads\/2026\/02\/WhatsApp-Image-2026-02-03-at-17.11.52-1-480x270.jpeg 480w\" sizes=\"(min-width: 0px) and (max-width: 480px) 480px, (min-width: 481px) and (max-width: 980px) 980px, (min-width: 981px) 1024px, 100vw\" \/><\/figure>\n\n\n\n<p>Zainspirowane charyzmatem \u015bw. Wincentego i jego opcj\u0105 na rzecz najs\u0142abszych, Siostry Mi\u0142osierdzia rozumiej\u0105 t\u0119 misj\u0119 jako sta\u0142\u0105 obecno\u015b\u0107 wsz\u0119dzie tam, gdzie zagro\u017cona jest godno\u015b\u0107 ludzka. Sie\u0107 Obro\u0144c\u00f3w \u017bycia nie tylko edukuje i uwra\u017cliwia, ale tak\u017ce buduje wi\u0119zi i zbiorow\u0105 \u015bwiadomo\u015b\u0107, przypominaj\u0105c, \u017ce walka z handlem lud\u017ami wymaga zjednoczonych r\u0105k, czujnych oczu i zaanga\u017cowanych spo\u0142eczno\u015bci. Poniewa\u017c, jak potwierdza do\u015bwiadczenie Sieci Obro\u0144c\u00f3w \u017bycia, <strong>jedna para r\u0105k wi\u0119cej mo\u017ce oznacza\u0107 jedn\u0105 ofiar\u0119 mniej.<\/strong><\/p>\n\n\n\n<p><\/p>\n\n\n\n<p>Je\u015bli chcesz dowiedzie\u0107 si\u0119 wi\u0119cej lub do\u0142\u0105czy\u0107 do projektu <strong>Obro\u0144cy \u017bycia<\/strong>, skontaktuj si\u0119 z nami:<br><strong>E-mail:<\/strong><a> defensoresdevidas@gmail.com<\/a><br><strong>WhatsApp:<\/strong> +57 310 613 5155<br><strong>Media spo\u0142eczno\u015bciowe:<\/strong> Defensores de Vidas<br><strong>Strona internetowa:<\/strong><a href=\"http:\/\/www.tratadepersonas.org\"> www.tratadepersonas.org<\/a><\/p>\n","protected":false},"excerpt":{"rendered":"<p>W szko\u0142ach, dzielnicach i spo\u0142eczno\u015bciach edukacyjnych Siostry Mi\u0142osierdzia \u015bw. Wincentego a Paulo w Kolumbii nieustannie tworz\u0105 sie\u0107 opieki i profilaktyki w obliczu zagro\u017cenia handlem lud\u017ami. Poprzez Sie\u0107 Obro\u0144c\u00f3w \u017bycia (Defenders of Life Network), inicjatyw\u0119 za\u0142o\u017con\u0105 w 2009 roku, Siostry Mi\u0142osierdzia, nauczyciele i pracownicy socjalni \u0142\u0105cz\u0105 si\u0142y, aby chroni\u0107 zw\u0142aszcza dzieci i m\u0142odzie\u017c, kt\u00f3re s\u0105 najbardziej [&hellip;]<\/p>\n","protected":false},"author":5,"featured_media":48826,"comment_status":"closed","ping_status":"closed","sticky":false,"template":"","format":"standard","meta":{"_acf_changed":false,"_et_pb_use_builder":"","_et_pb_old_content":"","_et_gb_content_width":"","footnotes":"","_links_to":"","_links_to_target":""},"categories":[922],"tags":[],"class_list":["post-48825","post","type-post","status-publish","format-standard","has-post-thumbnail","hentry","category-kolumbia"],"acf":[],"yoast_head":"<!-- This site is optimized with the Yoast SEO plugin v27.5 - https:\/\/yoast.com\/product\/yoast-seo-wordpress\/ -->\n<title>Jedna para r\u0105k wi\u0119cej oznacza jedn\u0105 ofiar\u0119 mniej - Filles de la Charit\u00e9<\/title>\n<meta name=\"robots\" content=\"index, follow, max-snippet:-1, max-image-preview:large, max-video-preview:-1\" \/>\n<link rel=\"canonical\" href=\"https:\/\/filles-de-la-charite.org\/pl\/una-mano-mas-es-una-victima-menos\/\" \/>\n<meta property=\"og:locale\" content=\"pl_PL\" \/>\n<meta property=\"og:type\" content=\"article\" \/>\n<meta property=\"og:title\" content=\"Jedna para r\u0105k wi\u0119cej oznacza jedn\u0105 ofiar\u0119 mniej - Filles de la Charit\u00e9\" \/>\n<meta property=\"og:description\" content=\"W szko\u0142ach, dzielnicach i spo\u0142eczno\u015bciach edukacyjnych Siostry Mi\u0142osierdzia \u015bw. Wincentego a Paulo w Kolumbii nieustannie tworz\u0105 sie\u0107 opieki i profilaktyki w obliczu zagro\u017cenia handlem lud\u017ami. Poprzez Sie\u0107 Obro\u0144c\u00f3w \u017bycia (Defenders of Life Network), inicjatyw\u0119 za\u0142o\u017con\u0105 w 2009 roku, Siostry Mi\u0142osierdzia, nauczyciele i pracownicy socjalni \u0142\u0105cz\u0105 si\u0142y, aby chroni\u0107 zw\u0142aszcza dzieci i m\u0142odzie\u017c, kt\u00f3re s\u0105 najbardziej [&hellip;]\" \/>\n<meta property=\"og:url\" content=\"https:\/\/filles-de-la-charite.org\/pl\/una-mano-mas-es-una-victima-menos\/\" \/>\n<meta property=\"og:site_name\" content=\"Filles de la Charit\u00e9\" \/>\n<meta property=\"article:published_time\" content=\"2026-02-10T20:00:00+00:00\" \/>\n<meta property=\"og:image\" content=\"https:\/\/filles-de-la-charite.org\/wp-content\/uploads\/2026\/02\/WhatsApp-Image-2026-02-03-at-16.18.24.jpeg\" \/>\n\t<meta property=\"og:image:width\" content=\"1600\" \/>\n\t<meta property=\"og:image:height\" content=\"1066\" \/>\n\t<meta property=\"og:image:type\" content=\"image\/jpeg\" \/>\n<meta name=\"author\" content=\"SOR MARTA\" \/>\n<meta name=\"twitter:card\" content=\"summary_large_image\" \/>\n<meta name=\"twitter:label1\" content=\"Napisane przez\" \/>\n\t<meta name=\"twitter:data1\" content=\"SOR MARTA\" \/>\n\t<meta name=\"twitter:label2\" content=\"Szacowany czas czytania\" \/>\n\t<meta name=\"twitter:data2\" content=\"2 minuty\" \/>\n<script type=\"application\/ld+json\" class=\"yoast-schema-graph\">{\"@context\":\"https:\\\/\\\/schema.org\",\"@graph\":[{\"@type\":\"Article\",\"@id\":\"https:\\\/\\\/filles-de-la-charite.org\\\/pl\\\/una-mano-mas-es-una-victima-menos\\\/#article\",\"isPartOf\":{\"@id\":\"https:\\\/\\\/filles-de-la-charite.org\\\/pl\\\/una-mano-mas-es-una-victima-menos\\\/\"},\"author\":{\"name\":\"SOR MARTA\",\"@id\":\"https:\\\/\\\/filles-de-la-charite.org\\\/pl\\\/#\\\/schema\\\/person\\\/0c922b6ca71280639858d297b3a7209f\"},\"headline\":\"Jedna para r\u0105k wi\u0119cej oznacza jedn\u0105 ofiar\u0119 mniej\",\"datePublished\":\"2026-02-10T20:00:00+00:00\",\"mainEntityOfPage\":{\"@id\":\"https:\\\/\\\/filles-de-la-charite.org\\\/pl\\\/una-mano-mas-es-una-victima-menos\\\/\"},\"wordCount\":326,\"publisher\":{\"@id\":\"https:\\\/\\\/filles-de-la-charite.org\\\/pl\\\/#organization\"},\"image\":{\"@id\":\"https:\\\/\\\/filles-de-la-charite.org\\\/pl\\\/una-mano-mas-es-una-victima-menos\\\/#primaryimage\"},\"thumbnailUrl\":\"https:\\\/\\\/filles-de-la-charite.org\\\/wp-content\\\/uploads\\\/2026\\\/02\\\/WhatsApp-Image-2026-02-03-at-16.18.24.jpeg\",\"articleSection\":[\"Kolumbia\"],\"inLanguage\":\"pl-PL\"},{\"@type\":\"WebPage\",\"@id\":\"https:\\\/\\\/filles-de-la-charite.org\\\/pl\\\/una-mano-mas-es-una-victima-menos\\\/\",\"url\":\"https:\\\/\\\/filles-de-la-charite.org\\\/pl\\\/una-mano-mas-es-una-victima-menos\\\/\",\"name\":\"Jedna para r\u0105k wi\u0119cej oznacza jedn\u0105 ofiar\u0119 mniej - Filles de la Charit\u00e9\",\"isPartOf\":{\"@id\":\"https:\\\/\\\/filles-de-la-charite.org\\\/pl\\\/#website\"},\"primaryImageOfPage\":{\"@id\":\"https:\\\/\\\/filles-de-la-charite.org\\\/pl\\\/una-mano-mas-es-una-victima-menos\\\/#primaryimage\"},\"image\":{\"@id\":\"https:\\\/\\\/filles-de-la-charite.org\\\/pl\\\/una-mano-mas-es-una-victima-menos\\\/#primaryimage\"},\"thumbnailUrl\":\"https:\\\/\\\/filles-de-la-charite.org\\\/wp-content\\\/uploads\\\/2026\\\/02\\\/WhatsApp-Image-2026-02-03-at-16.18.24.jpeg\",\"datePublished\":\"2026-02-10T20:00:00+00:00\",\"breadcrumb\":{\"@id\":\"https:\\\/\\\/filles-de-la-charite.org\\\/pl\\\/una-mano-mas-es-una-victima-menos\\\/#breadcrumb\"},\"inLanguage\":\"pl-PL\",\"potentialAction\":[{\"@type\":\"ReadAction\",\"target\":[\"https:\\\/\\\/filles-de-la-charite.org\\\/pl\\\/una-mano-mas-es-una-victima-menos\\\/\"]}]},{\"@type\":\"ImageObject\",\"inLanguage\":\"pl-PL\",\"@id\":\"https:\\\/\\\/filles-de-la-charite.org\\\/pl\\\/una-mano-mas-es-una-victima-menos\\\/#primaryimage\",\"url\":\"https:\\\/\\\/filles-de-la-charite.org\\\/wp-content\\\/uploads\\\/2026\\\/02\\\/WhatsApp-Image-2026-02-03-at-16.18.24.jpeg\",\"contentUrl\":\"https:\\\/\\\/filles-de-la-charite.org\\\/wp-content\\\/uploads\\\/2026\\\/02\\\/WhatsApp-Image-2026-02-03-at-16.18.24.jpeg\",\"width\":1600,\"height\":1066},{\"@type\":\"BreadcrumbList\",\"@id\":\"https:\\\/\\\/filles-de-la-charite.org\\\/pl\\\/una-mano-mas-es-una-victima-menos\\\/#breadcrumb\",\"itemListElement\":[{\"@type\":\"ListItem\",\"position\":1,\"name\":\"Kolumbia\",\"item\":\"https:\\\/\\\/filles-de-la-charite.org\\\/pl\\\/category\\\/kolumbia\\\/\"},{\"@type\":\"ListItem\",\"position\":2,\"name\":\"Jedna para r\u0105k wi\u0119cej oznacza jedn\u0105 ofiar\u0119 mniej\"}]},{\"@type\":\"WebSite\",\"@id\":\"https:\\\/\\\/filles-de-la-charite.org\\\/pl\\\/#website\",\"url\":\"https:\\\/\\\/filles-de-la-charite.org\\\/pl\\\/\",\"name\":\"Hijas de la Caridad\",\"description\":\"L\u2019amour de J\u00e9sus nous presse \u00e0 prendre soin des personnes les plus d\u00e9munies\",\"publisher\":{\"@id\":\"https:\\\/\\\/filles-de-la-charite.org\\\/pl\\\/#organization\"},\"potentialAction\":[{\"@type\":\"SearchAction\",\"target\":{\"@type\":\"EntryPoint\",\"urlTemplate\":\"https:\\\/\\\/filles-de-la-charite.org\\\/pl\\\/?s={search_term_string}\"},\"query-input\":{\"@type\":\"PropertyValueSpecification\",\"valueRequired\":true,\"valueName\":\"search_term_string\"}}],\"inLanguage\":\"pl-PL\"},{\"@type\":\"Organization\",\"@id\":\"https:\\\/\\\/filles-de-la-charite.org\\\/pl\\\/#organization\",\"name\":\"Hijas de la Caridad\",\"url\":\"https:\\\/\\\/filles-de-la-charite.org\\\/pl\\\/\",\"logo\":{\"@type\":\"ImageObject\",\"inLanguage\":\"pl-PL\",\"@id\":\"https:\\\/\\\/filles-de-la-charite.org\\\/pl\\\/#\\\/schema\\\/logo\\\/image\\\/\",\"url\":\"https:\\\/\\\/filles-de-la-charite.org\\\/wp-content\\\/uploads\\\/2023\\\/03\\\/isotipo-Hijas-de-la-Caridad.png\",\"contentUrl\":\"https:\\\/\\\/filles-de-la-charite.org\\\/wp-content\\\/uploads\\\/2023\\\/03\\\/isotipo-Hijas-de-la-Caridad.png\",\"width\":1417,\"height\":1417,\"caption\":\"Hijas de la Caridad\"},\"image\":{\"@id\":\"https:\\\/\\\/filles-de-la-charite.org\\\/pl\\\/#\\\/schema\\\/logo\\\/image\\\/\"}},{\"@type\":\"Person\",\"@id\":\"https:\\\/\\\/filles-de-la-charite.org\\\/pl\\\/#\\\/schema\\\/person\\\/0c922b6ca71280639858d297b3a7209f\",\"name\":\"SOR MARTA\",\"image\":{\"@type\":\"ImageObject\",\"inLanguage\":\"pl-PL\",\"@id\":\"https:\\\/\\\/secure.gravatar.com\\\/avatar\\\/d2c45b0fd6bf2d3e2670ab3d112257c24ac80fa960360bba1bdc0676485d1d09?s=96&d=mm&r=g\",\"url\":\"https:\\\/\\\/secure.gravatar.com\\\/avatar\\\/d2c45b0fd6bf2d3e2670ab3d112257c24ac80fa960360bba1bdc0676485d1d09?s=96&d=mm&r=g\",\"contentUrl\":\"https:\\\/\\\/secure.gravatar.com\\\/avatar\\\/d2c45b0fd6bf2d3e2670ab3d112257c24ac80fa960360bba1bdc0676485d1d09?s=96&d=mm&r=g\",\"caption\":\"SOR MARTA\"},\"url\":\"https:\\\/\\\/filles-de-la-charite.org\\\/pl\\\/author\\\/martaemn\\\/\"}]}<\/script>\n<!-- \/ Yoast SEO plugin. -->","yoast_head_json":{"title":"Jedna para r\u0105k wi\u0119cej oznacza jedn\u0105 ofiar\u0119 mniej - Filles de la Charit\u00e9","robots":{"index":"index","follow":"follow","max-snippet":"max-snippet:-1","max-image-preview":"max-image-preview:large","max-video-preview":"max-video-preview:-1"},"canonical":"https:\/\/filles-de-la-charite.org\/pl\/una-mano-mas-es-una-victima-menos\/","og_locale":"pl_PL","og_type":"article","og_title":"Jedna para r\u0105k wi\u0119cej oznacza jedn\u0105 ofiar\u0119 mniej - Filles de la Charit\u00e9","og_description":"W szko\u0142ach, dzielnicach i spo\u0142eczno\u015bciach edukacyjnych Siostry Mi\u0142osierdzia \u015bw. Wincentego a Paulo w Kolumbii nieustannie tworz\u0105 sie\u0107 opieki i profilaktyki w obliczu zagro\u017cenia handlem lud\u017ami. Poprzez Sie\u0107 Obro\u0144c\u00f3w \u017bycia (Defenders of Life Network), inicjatyw\u0119 za\u0142o\u017con\u0105 w 2009 roku, Siostry Mi\u0142osierdzia, nauczyciele i pracownicy socjalni \u0142\u0105cz\u0105 si\u0142y, aby chroni\u0107 zw\u0142aszcza dzieci i m\u0142odzie\u017c, kt\u00f3re s\u0105 najbardziej [&hellip;]","og_url":"https:\/\/filles-de-la-charite.org\/pl\/una-mano-mas-es-una-victima-menos\/","og_site_name":"Filles de la Charit\u00e9","article_published_time":"2026-02-10T20:00:00+00:00","og_image":[{"width":1600,"height":1066,"url":"https:\/\/filles-de-la-charite.org\/wp-content\/uploads\/2026\/02\/WhatsApp-Image-2026-02-03-at-16.18.24.jpeg","type":"image\/jpeg"}],"author":"SOR MARTA","twitter_card":"summary_large_image","twitter_misc":{"Napisane przez":"SOR MARTA","Szacowany czas czytania":"2 minuty"},"schema":{"@context":"https:\/\/schema.org","@graph":[{"@type":"Article","@id":"https:\/\/filles-de-la-charite.org\/pl\/una-mano-mas-es-una-victima-menos\/#article","isPartOf":{"@id":"https:\/\/filles-de-la-charite.org\/pl\/una-mano-mas-es-una-victima-menos\/"},"author":{"name":"SOR MARTA","@id":"https:\/\/filles-de-la-charite.org\/pl\/#\/schema\/person\/0c922b6ca71280639858d297b3a7209f"},"headline":"Jedna para r\u0105k wi\u0119cej oznacza jedn\u0105 ofiar\u0119 mniej","datePublished":"2026-02-10T20:00:00+00:00","mainEntityOfPage":{"@id":"https:\/\/filles-de-la-charite.org\/pl\/una-mano-mas-es-una-victima-menos\/"},"wordCount":326,"publisher":{"@id":"https:\/\/filles-de-la-charite.org\/pl\/#organization"},"image":{"@id":"https:\/\/filles-de-la-charite.org\/pl\/una-mano-mas-es-una-victima-menos\/#primaryimage"},"thumbnailUrl":"https:\/\/filles-de-la-charite.org\/wp-content\/uploads\/2026\/02\/WhatsApp-Image-2026-02-03-at-16.18.24.jpeg","articleSection":["Kolumbia"],"inLanguage":"pl-PL"},{"@type":"WebPage","@id":"https:\/\/filles-de-la-charite.org\/pl\/una-mano-mas-es-una-victima-menos\/","url":"https:\/\/filles-de-la-charite.org\/pl\/una-mano-mas-es-una-victima-menos\/","name":"Jedna para r\u0105k wi\u0119cej oznacza jedn\u0105 ofiar\u0119 mniej - Filles de la Charit\u00e9","isPartOf":{"@id":"https:\/\/filles-de-la-charite.org\/pl\/#website"},"primaryImageOfPage":{"@id":"https:\/\/filles-de-la-charite.org\/pl\/una-mano-mas-es-una-victima-menos\/#primaryimage"},"image":{"@id":"https:\/\/filles-de-la-charite.org\/pl\/una-mano-mas-es-una-victima-menos\/#primaryimage"},"thumbnailUrl":"https:\/\/filles-de-la-charite.org\/wp-content\/uploads\/2026\/02\/WhatsApp-Image-2026-02-03-at-16.18.24.jpeg","datePublished":"2026-02-10T20:00:00+00:00","breadcrumb":{"@id":"https:\/\/filles-de-la-charite.org\/pl\/una-mano-mas-es-una-victima-menos\/#breadcrumb"},"inLanguage":"pl-PL","potentialAction":[{"@type":"ReadAction","target":["https:\/\/filles-de-la-charite.org\/pl\/una-mano-mas-es-una-victima-menos\/"]}]},{"@type":"ImageObject","inLanguage":"pl-PL","@id":"https:\/\/filles-de-la-charite.org\/pl\/una-mano-mas-es-una-victima-menos\/#primaryimage","url":"https:\/\/filles-de-la-charite.org\/wp-content\/uploads\/2026\/02\/WhatsApp-Image-2026-02-03-at-16.18.24.jpeg","contentUrl":"https:\/\/filles-de-la-charite.org\/wp-content\/uploads\/2026\/02\/WhatsApp-Image-2026-02-03-at-16.18.24.jpeg","width":1600,"height":1066},{"@type":"BreadcrumbList","@id":"https:\/\/filles-de-la-charite.org\/pl\/una-mano-mas-es-una-victima-menos\/#breadcrumb","itemListElement":[{"@type":"ListItem","position":1,"name":"Kolumbia","item":"https:\/\/filles-de-la-charite.org\/pl\/category\/kolumbia\/"},{"@type":"ListItem","position":2,"name":"Jedna para r\u0105k wi\u0119cej oznacza jedn\u0105 ofiar\u0119 mniej"}]},{"@type":"WebSite","@id":"https:\/\/filles-de-la-charite.org\/pl\/#website","url":"https:\/\/filles-de-la-charite.org\/pl\/","name":"Hijas de la Caridad","description":"L\u2019amour de J\u00e9sus nous presse \u00e0 prendre soin des personnes les plus d\u00e9munies","publisher":{"@id":"https:\/\/filles-de-la-charite.org\/pl\/#organization"},"potentialAction":[{"@type":"SearchAction","target":{"@type":"EntryPoint","urlTemplate":"https:\/\/filles-de-la-charite.org\/pl\/?s={search_term_string}"},"query-input":{"@type":"PropertyValueSpecification","valueRequired":true,"valueName":"search_term_string"}}],"inLanguage":"pl-PL"},{"@type":"Organization","@id":"https:\/\/filles-de-la-charite.org\/pl\/#organization","name":"Hijas de la Caridad","url":"https:\/\/filles-de-la-charite.org\/pl\/","logo":{"@type":"ImageObject","inLanguage":"pl-PL","@id":"https:\/\/filles-de-la-charite.org\/pl\/#\/schema\/logo\/image\/","url":"https:\/\/filles-de-la-charite.org\/wp-content\/uploads\/2023\/03\/isotipo-Hijas-de-la-Caridad.png","contentUrl":"https:\/\/filles-de-la-charite.org\/wp-content\/uploads\/2023\/03\/isotipo-Hijas-de-la-Caridad.png","width":1417,"height":1417,"caption":"Hijas de la Caridad"},"image":{"@id":"https:\/\/filles-de-la-charite.org\/pl\/#\/schema\/logo\/image\/"}},{"@type":"Person","@id":"https:\/\/filles-de-la-charite.org\/pl\/#\/schema\/person\/0c922b6ca71280639858d297b3a7209f","name":"SOR MARTA","image":{"@type":"ImageObject","inLanguage":"pl-PL","@id":"https:\/\/secure.gravatar.com\/avatar\/d2c45b0fd6bf2d3e2670ab3d112257c24ac80fa960360bba1bdc0676485d1d09?s=96&d=mm&r=g","url":"https:\/\/secure.gravatar.com\/avatar\/d2c45b0fd6bf2d3e2670ab3d112257c24ac80fa960360bba1bdc0676485d1d09?s=96&d=mm&r=g","contentUrl":"https:\/\/secure.gravatar.com\/avatar\/d2c45b0fd6bf2d3e2670ab3d112257c24ac80fa960360bba1bdc0676485d1d09?s=96&d=mm&r=g","caption":"SOR MARTA"},"url":"https:\/\/filles-de-la-charite.org\/pl\/author\/martaemn\/"}]}},"_links":{"self":[{"href":"https:\/\/filles-de-la-charite.org\/pl\/wp-json\/wp\/v2\/posts\/48825","targetHints":{"allow":["GET"]}}],"collection":[{"href":"https:\/\/filles-de-la-charite.org\/pl\/wp-json\/wp\/v2\/posts"}],"about":[{"href":"https:\/\/filles-de-la-charite.org\/pl\/wp-json\/wp\/v2\/types\/post"}],"author":[{"embeddable":true,"href":"https:\/\/filles-de-la-charite.org\/pl\/wp-json\/wp\/v2\/users\/5"}],"replies":[{"embeddable":true,"href":"https:\/\/filles-de-la-charite.org\/pl\/wp-json\/wp\/v2\/comments?post=48825"}],"version-history":[{"count":2,"href":"https:\/\/filles-de-la-charite.org\/pl\/wp-json\/wp\/v2\/posts\/48825\/revisions"}],"predecessor-version":[{"id":48856,"href":"https:\/\/filles-de-la-charite.org\/pl\/wp-json\/wp\/v2\/posts\/48825\/revisions\/48856"}],"wp:featuredmedia":[{"embeddable":true,"href":"https:\/\/filles-de-la-charite.org\/pl\/wp-json\/wp\/v2\/media\/48826"}],"wp:attachment":[{"href":"https:\/\/filles-de-la-charite.org\/pl\/wp-json\/wp\/v2\/media?parent=48825"}],"wp:term":[{"taxonomy":"category","embeddable":true,"href":"https:\/\/filles-de-la-charite.org\/pl\/wp-json\/wp\/v2\/categories?post=48825"},{"taxonomy":"post_tag","embeddable":true,"href":"https:\/\/filles-de-la-charite.org\/pl\/wp-json\/wp\/v2\/tags?post=48825"}],"curies":[{"name":"wp","href":"https:\/\/api.w.org\/{rel}","templated":true}]}}