{"id":48908,"date":"2026-02-12T14:00:00","date_gmt":"2026-02-12T13:00:00","guid":{"rendered":"https:\/\/filles-de-la-charite.org\/?p=48908"},"modified":"2026-02-11T20:23:34","modified_gmt":"2026-02-11T19:23:34","slug":"esperanza-que-abraza-la-casa-de-acogida-sor-rosalia-rendu","status":"publish","type":"post","link":"https:\/\/filles-de-la-charite.org\/pl\/esperanza-que-abraza-la-casa-de-acogida-sor-rosalia-rendu\/","title":{"rendered":"Nadzieja, kt\u00f3ra przygarnia"},"content":{"rendered":"\n<h4 class=\"wp-block-heading\">Dom \u201eRozalii Randu\u201d w Peru<\/h4>\n\n\n\n<p><strong><em>\u201eHandel lud\u017ami jest ran\u0105 na ciele wsp\u00f3\u0142czesnej ludzko\u015bci, ran\u0105 na ciele Chrystusa\u201d<\/em><\/strong><em> (Papie\u017c Franciszek)<strong>.<\/strong><\/em><\/p>\n\n\n\n<p>Od marca 2023 r., roku jubileuszowego 400-lecia \u015awiat\u0142a Pi\u0119\u0107dziesi\u0105tnicy, Pan w opatrzno\u015bciowy spos\u00f3b powierzy\u0142 nam ryzykowne i \u015bmia\u0142e zadanie. Podj\u0119\u0142y\u015bmy to wyzwanie, przekonane, \u017ce \u017cycie konsekrowane powinno by\u0107 \u201etam, gdzie \u017cycie wo\u0142a\u201d i \u017ce powinny\u015bmy by\u0107 \u201esamarytankami przy drodze, gotowymi do s\u0142uchania i opatrywania ran\u201d.<\/p>\n\n\n\n<p>Rozpocz\u0119\u0142y\u015bmy t\u0119 przygod\u0119, przyjmuj\u0105c pod sw\u00f3j dach 22-letni\u0105 ci\u0119\u017carn\u0105 kobiet\u0119 z Wenezueli, ofiar\u0119 handlu lud\u017ami w celach seksualnych, kt\u00f3rej dziecko zosta\u0142o ju\u017c sprzedane przez organizacj\u0119 przest\u0119pcz\u0105. Prze\u017cy\u0142a niewyobra\u017calne do\u015bwiadczenia i by\u0142a \u015bwiadkiem \u015bmierci przyjaci\u00f3\u0142ki, kt\u00f3ra nie wytrzyma\u0142a presji i pope\u0142ni\u0142a samob\u00f3jstwo. Naszej podopiecznej towarzyszy\u0142 ogromny b\u00f3l i poczucie winy wynikaj\u0105ce z faktu, \u017ce nie mog\u0142a nic zrobi\u0107, aby uratowa\u0107 przyjaci\u00f3\u0142k\u0119. Po trzech miesi\u0105cach sp\u0119dzonych w naszym domu uda\u0142o jej si\u0119 szcz\u0119\u015bliwie wr\u00f3ci\u0107 do swojego kraju. Zorganizowa\u0142y\u015bmy jej powr\u00f3t we wsp\u00f3\u0142pracy z naszymi Siostrami z Wenezueli, kt\u00f3re przyj\u0119\u0142y i otoczy\u0142y opiek\u0105 j\u0105 i jej rodzin\u0119.<\/p>\n\n\n\n<p>Kobiety, kt\u00f3re przyjmujemy i kt\u00f3rym towarzyszymy maj\u0105 za sob\u0105 wiele bolesnych historii. Jeste\u015bmy przekonane, \u017ce B\u00f3g liczy na nas, aby\u015bmy z\u0142agodzi\u0142y b\u00f3l tych kobiet, kt\u00f3rych godno\u015b\u0107 zosta\u0142a ca\u0142kowicie zdeptana. Tutaj odzyskuj\u0105 one odrobin\u0119 nadziei po tak wielu cierpieniach. To Jezus Chrystus, nasz wz\u00f3r wsp\u00f3\u0142czucia i mi\u0142osierdzia, inspiruje nas i motywuje do podj\u0119cia tej s\u0142u\u017cby.<\/p>\n\n\n\n<figure class=\"wp-block-image size-large\"><img loading=\"lazy\" decoding=\"async\" width=\"1024\" height=\"773\" src=\"https:\/\/filles-de-la-charite.org\/wp-content\/uploads\/2026\/02\/WhatsApp-Image-2026-02-10-at-12.06.45-1024x773.jpeg\" alt=\"\" class=\"wp-image-48899\" srcset=\"https:\/\/filles-de-la-charite.org\/wp-content\/uploads\/2026\/02\/WhatsApp-Image-2026-02-10-at-12.06.45-1024x773.jpeg 1024w, https:\/\/filles-de-la-charite.org\/wp-content\/uploads\/2026\/02\/WhatsApp-Image-2026-02-10-at-12.06.45-980x740.jpeg 980w, https:\/\/filles-de-la-charite.org\/wp-content\/uploads\/2026\/02\/WhatsApp-Image-2026-02-10-at-12.06.45-480x362.jpeg 480w\" sizes=\"(min-width: 0px) and (max-width: 480px) 480px, (min-width: 481px) and (max-width: 980px) 980px, (min-width: 981px) 1024px, 100vw\" \/><\/figure>\n\n\n\n<p><strong>Przyjmowa\u0107 \u2013 towarzyszy\u0107 \u2013 usamodzielnia\u0107:<\/strong> przywraca\u0107 naszym siostrom, kt\u00f3rych godno\u015b\u0107 zosta\u0142a zlekcewa\u017cona, mo\u017cliwo\u015b\u0107 decydowania o w\u0142asnym \u017cyciu \u2013 taka jest nasza misja. Mamy \u015bwiadomo\u015b\u0107, \u017ce jest to s\u0142u\u017cba wymagaj\u0105ca zar\u00f3wno ostro\u017cno\u015bci, jak i odwagi. Przyjmujemy pod opiek\u0119 osoby powierzone nam przez s\u0142u\u017cby publiczne. Podobnie jak w przypadku gospodarza z przypowie\u015bci o dobrym Samarytaninie, nasz\u0105 misj\u0105 jest \u201eopieka nad zranionym \u017cyciem\u201d naszych si\u00f3str, kt\u00f3re tak wiele wycierpia\u0142y, jak na przyk\u0142ad 22-letnia Kolumbijka, kt\u00f3ra trafi\u0142a do nas z dwunastoma ranami postrza\u0142owymi na ciele: \u201eOpieka i towarzyszenie \u2013 taka jest nasza misja\u201d.<\/p>\n\n\n\n<p>Ka\u017cda kobieta jest \u017cywym obrazem cierpi\u0105cego Chrystusa w\u015br\u00f3d nas. Dom jest oaz\u0105 nadziei, miejscem uzdrowienia, gdzie dzi\u0119ki holistycznej opiece kobiety ucz\u0105 si\u0119 wierzy\u0107 w siebie, kocha\u0107 si\u0119 i docenia\u0107 jako istoty kochane przez Boga. Robimy to z g\u0142\u0119bokim szacunkiem, s\u0142uchaj\u0105c i okazuj\u0105c mi\u0142osierdzie. S\u0105 one prawdziwym przyk\u0142adem niez\u0142omno\u015bci, poniewa\u017c nawet w najg\u0142\u0119bszym b\u00f3lu nie poddaj\u0105 si\u0119 i potrafi\u0105 si\u0119 u\u015bmiecha\u0107.<\/p>\n\n\n\n<figure class=\"wp-block-image size-large\"><img loading=\"lazy\" decoding=\"async\" width=\"1024\" height=\"681\" src=\"https:\/\/filles-de-la-charite.org\/wp-content\/uploads\/2026\/02\/WhatsApp-Image-2026-02-10-at-12.06.47-1-1024x681.jpeg\" alt=\"\" class=\"wp-image-48898\" srcset=\"https:\/\/filles-de-la-charite.org\/wp-content\/uploads\/2026\/02\/WhatsApp-Image-2026-02-10-at-12.06.47-1-1024x681.jpeg 1024w, https:\/\/filles-de-la-charite.org\/wp-content\/uploads\/2026\/02\/WhatsApp-Image-2026-02-10-at-12.06.47-1-980x652.jpeg 980w, https:\/\/filles-de-la-charite.org\/wp-content\/uploads\/2026\/02\/WhatsApp-Image-2026-02-10-at-12.06.47-1-480x319.jpeg 480w\" sizes=\"(min-width: 0px) and (max-width: 480px) 480px, (min-width: 481px) and (max-width: 980px) 980px, (min-width: 981px) 1024px, 100vw\" \/><\/figure>\n\n\n\n<p>Pos\u0142uga ta jest mo\u017cliwa dzi\u0119ki wsp\u00f3\u0142pracy wielu organizacji, kt\u00f3re na r\u00f3\u017cne sposoby wspiera\u0142y i nadal wspieraj\u0105 t\u0119 inicjatyw\u0119: RED KAWSAY (Sie\u0107 \u017cycia konsekrowanego na rzecz spo\u0142ecze\u0144stwa bez handlu lud\u017ami \u2013 Peru) \u2013 Mi\u0119dzynarodowa Sie\u0107 Talitha Kum \u2013 Zgromadzenie Misji \u2013 IOM \u2013 UNHCR \u2013 OUR RESCUE \u2013 Instytucje publiczne.<\/p>\n\n\n\n<p>Zapraszam was do zachowania tych kobiet w waszych sercach i modlitwach i w ten spos\u00f3b towarzyszenia nam, gdziekolwiek jeste\u015bcie, w tej wsp\u00f3lnej misji uzdrawiania, sprawiedliwo\u015bci i nadziei.<\/p>\n\n\n\n<p>Niech \u015bwi\u0119ta J\u00f3zefina Bakhita wyprasza nam si\u0142\u0119, aby\u015bmy nadal walczy\u0142y o spo\u0142ecze\u0144stwo wolne od handlu lud\u017ami. Powierzamy jej wstawiennictwu ka\u017cd\u0105 kobiet\u0119, kt\u00f3ra prze\u017cy\u0142a ten koszmar, a tak\u017ce te, kt\u00f3re nadal s\u0105 ofiarami niewolnictwa.<\/p>\n","protected":false},"excerpt":{"rendered":"<p>Dom \u201eRozalii Randu\u201d w Peru \u201eHandel lud\u017ami jest ran\u0105 na ciele wsp\u00f3\u0142czesnej ludzko\u015bci, ran\u0105 na ciele Chrystusa\u201d (Papie\u017c Franciszek). Od marca 2023 r., roku jubileuszowego 400-lecia \u015awiat\u0142a Pi\u0119\u0107dziesi\u0105tnicy, Pan w opatrzno\u015bciowy spos\u00f3b powierzy\u0142 nam ryzykowne i \u015bmia\u0142e zadanie. Podj\u0119\u0142y\u015bmy to wyzwanie, przekonane, \u017ce \u017cycie konsekrowane powinno by\u0107 \u201etam, gdzie \u017cycie wo\u0142a\u201d i \u017ce powinny\u015bmy by\u0107 [&hellip;]<\/p>\n","protected":false},"author":5,"featured_media":48909,"comment_status":"closed","ping_status":"closed","sticky":false,"template":"","format":"standard","meta":{"_acf_changed":false,"_et_pb_use_builder":"","_et_pb_old_content":"","_et_gb_content_width":"","footnotes":"","_links_to":"","_links_to_target":""},"categories":[928],"tags":[],"class_list":["post-48908","post","type-post","status-publish","format-standard","has-post-thumbnail","hentry","category-peru"],"acf":[],"yoast_head":"<!-- This site is optimized with the Yoast SEO plugin v27.5 - https:\/\/yoast.com\/product\/yoast-seo-wordpress\/ -->\n<title>Nadzieja, kt\u00f3ra przygarnia - Filles de la Charit\u00e9<\/title>\n<meta name=\"robots\" content=\"index, follow, max-snippet:-1, max-image-preview:large, max-video-preview:-1\" \/>\n<link rel=\"canonical\" href=\"https:\/\/filles-de-la-charite.org\/pl\/esperanza-que-abraza-la-casa-de-acogida-sor-rosalia-rendu\/\" \/>\n<meta property=\"og:locale\" content=\"pl_PL\" \/>\n<meta property=\"og:type\" content=\"article\" \/>\n<meta property=\"og:title\" content=\"Nadzieja, kt\u00f3ra przygarnia - Filles de la Charit\u00e9\" \/>\n<meta property=\"og:description\" content=\"Dom \u201eRozalii Randu\u201d w Peru \u201eHandel lud\u017ami jest ran\u0105 na ciele wsp\u00f3\u0142czesnej ludzko\u015bci, ran\u0105 na ciele Chrystusa\u201d (Papie\u017c Franciszek). Od marca 2023 r., roku jubileuszowego 400-lecia \u015awiat\u0142a Pi\u0119\u0107dziesi\u0105tnicy, Pan w opatrzno\u015bciowy spos\u00f3b powierzy\u0142 nam ryzykowne i \u015bmia\u0142e zadanie. Podj\u0119\u0142y\u015bmy to wyzwanie, przekonane, \u017ce \u017cycie konsekrowane powinno by\u0107 \u201etam, gdzie \u017cycie wo\u0142a\u201d i \u017ce powinny\u015bmy by\u0107 [&hellip;]\" \/>\n<meta property=\"og:url\" content=\"https:\/\/filles-de-la-charite.org\/pl\/esperanza-que-abraza-la-casa-de-acogida-sor-rosalia-rendu\/\" \/>\n<meta property=\"og:site_name\" content=\"Filles de la Charit\u00e9\" \/>\n<meta property=\"article:published_time\" content=\"2026-02-12T13:00:00+00:00\" \/>\n<meta property=\"og:image\" content=\"https:\/\/filles-de-la-charite.org\/wp-content\/uploads\/2026\/02\/WhatsApp-Image-2026-02-10-at-12.06.46.jpeg\" \/>\n\t<meta property=\"og:image:width\" content=\"960\" \/>\n\t<meta property=\"og:image:height\" content=\"1280\" \/>\n\t<meta property=\"og:image:type\" content=\"image\/jpeg\" \/>\n<meta name=\"author\" content=\"SOR MARTA\" \/>\n<meta name=\"twitter:card\" content=\"summary_large_image\" \/>\n<meta name=\"twitter:label1\" content=\"Napisane przez\" \/>\n\t<meta name=\"twitter:data1\" content=\"SOR MARTA\" \/>\n\t<meta name=\"twitter:label2\" content=\"Szacowany czas czytania\" \/>\n\t<meta name=\"twitter:data2\" content=\"3 minuty\" \/>\n<script type=\"application\/ld+json\" class=\"yoast-schema-graph\">{\"@context\":\"https:\\\/\\\/schema.org\",\"@graph\":[{\"@type\":\"Article\",\"@id\":\"https:\\\/\\\/filles-de-la-charite.org\\\/pl\\\/esperanza-que-abraza-la-casa-de-acogida-sor-rosalia-rendu\\\/#article\",\"isPartOf\":{\"@id\":\"https:\\\/\\\/filles-de-la-charite.org\\\/pl\\\/esperanza-que-abraza-la-casa-de-acogida-sor-rosalia-rendu\\\/\"},\"author\":{\"name\":\"SOR MARTA\",\"@id\":\"https:\\\/\\\/filles-de-la-charite.org\\\/pl\\\/#\\\/schema\\\/person\\\/0c922b6ca71280639858d297b3a7209f\"},\"headline\":\"Nadzieja, kt\u00f3ra przygarnia\",\"datePublished\":\"2026-02-12T13:00:00+00:00\",\"mainEntityOfPage\":{\"@id\":\"https:\\\/\\\/filles-de-la-charite.org\\\/pl\\\/esperanza-que-abraza-la-casa-de-acogida-sor-rosalia-rendu\\\/\"},\"wordCount\":594,\"publisher\":{\"@id\":\"https:\\\/\\\/filles-de-la-charite.org\\\/pl\\\/#organization\"},\"image\":{\"@id\":\"https:\\\/\\\/filles-de-la-charite.org\\\/pl\\\/esperanza-que-abraza-la-casa-de-acogida-sor-rosalia-rendu\\\/#primaryimage\"},\"thumbnailUrl\":\"https:\\\/\\\/filles-de-la-charite.org\\\/wp-content\\\/uploads\\\/2026\\\/02\\\/WhatsApp-Image-2026-02-10-at-12.06.46.jpeg\",\"articleSection\":[\"Peru\"],\"inLanguage\":\"pl-PL\"},{\"@type\":\"WebPage\",\"@id\":\"https:\\\/\\\/filles-de-la-charite.org\\\/pl\\\/esperanza-que-abraza-la-casa-de-acogida-sor-rosalia-rendu\\\/\",\"url\":\"https:\\\/\\\/filles-de-la-charite.org\\\/pl\\\/esperanza-que-abraza-la-casa-de-acogida-sor-rosalia-rendu\\\/\",\"name\":\"Nadzieja, kt\u00f3ra przygarnia - Filles de la Charit\u00e9\",\"isPartOf\":{\"@id\":\"https:\\\/\\\/filles-de-la-charite.org\\\/pl\\\/#website\"},\"primaryImageOfPage\":{\"@id\":\"https:\\\/\\\/filles-de-la-charite.org\\\/pl\\\/esperanza-que-abraza-la-casa-de-acogida-sor-rosalia-rendu\\\/#primaryimage\"},\"image\":{\"@id\":\"https:\\\/\\\/filles-de-la-charite.org\\\/pl\\\/esperanza-que-abraza-la-casa-de-acogida-sor-rosalia-rendu\\\/#primaryimage\"},\"thumbnailUrl\":\"https:\\\/\\\/filles-de-la-charite.org\\\/wp-content\\\/uploads\\\/2026\\\/02\\\/WhatsApp-Image-2026-02-10-at-12.06.46.jpeg\",\"datePublished\":\"2026-02-12T13:00:00+00:00\",\"breadcrumb\":{\"@id\":\"https:\\\/\\\/filles-de-la-charite.org\\\/pl\\\/esperanza-que-abraza-la-casa-de-acogida-sor-rosalia-rendu\\\/#breadcrumb\"},\"inLanguage\":\"pl-PL\",\"potentialAction\":[{\"@type\":\"ReadAction\",\"target\":[\"https:\\\/\\\/filles-de-la-charite.org\\\/pl\\\/esperanza-que-abraza-la-casa-de-acogida-sor-rosalia-rendu\\\/\"]}]},{\"@type\":\"ImageObject\",\"inLanguage\":\"pl-PL\",\"@id\":\"https:\\\/\\\/filles-de-la-charite.org\\\/pl\\\/esperanza-que-abraza-la-casa-de-acogida-sor-rosalia-rendu\\\/#primaryimage\",\"url\":\"https:\\\/\\\/filles-de-la-charite.org\\\/wp-content\\\/uploads\\\/2026\\\/02\\\/WhatsApp-Image-2026-02-10-at-12.06.46.jpeg\",\"contentUrl\":\"https:\\\/\\\/filles-de-la-charite.org\\\/wp-content\\\/uploads\\\/2026\\\/02\\\/WhatsApp-Image-2026-02-10-at-12.06.46.jpeg\",\"width\":960,\"height\":1280},{\"@type\":\"BreadcrumbList\",\"@id\":\"https:\\\/\\\/filles-de-la-charite.org\\\/pl\\\/esperanza-que-abraza-la-casa-de-acogida-sor-rosalia-rendu\\\/#breadcrumb\",\"itemListElement\":[{\"@type\":\"ListItem\",\"position\":1,\"name\":\"Peru\",\"item\":\"https:\\\/\\\/filles-de-la-charite.org\\\/pl\\\/category\\\/peru\\\/\"},{\"@type\":\"ListItem\",\"position\":2,\"name\":\"Nadzieja, kt\u00f3ra przygarnia\"}]},{\"@type\":\"WebSite\",\"@id\":\"https:\\\/\\\/filles-de-la-charite.org\\\/pl\\\/#website\",\"url\":\"https:\\\/\\\/filles-de-la-charite.org\\\/pl\\\/\",\"name\":\"Hijas de la Caridad\",\"description\":\"L\u2019amour de J\u00e9sus nous presse \u00e0 prendre soin des personnes les plus d\u00e9munies\",\"publisher\":{\"@id\":\"https:\\\/\\\/filles-de-la-charite.org\\\/pl\\\/#organization\"},\"potentialAction\":[{\"@type\":\"SearchAction\",\"target\":{\"@type\":\"EntryPoint\",\"urlTemplate\":\"https:\\\/\\\/filles-de-la-charite.org\\\/pl\\\/?s={search_term_string}\"},\"query-input\":{\"@type\":\"PropertyValueSpecification\",\"valueRequired\":true,\"valueName\":\"search_term_string\"}}],\"inLanguage\":\"pl-PL\"},{\"@type\":\"Organization\",\"@id\":\"https:\\\/\\\/filles-de-la-charite.org\\\/pl\\\/#organization\",\"name\":\"Hijas de la Caridad\",\"url\":\"https:\\\/\\\/filles-de-la-charite.org\\\/pl\\\/\",\"logo\":{\"@type\":\"ImageObject\",\"inLanguage\":\"pl-PL\",\"@id\":\"https:\\\/\\\/filles-de-la-charite.org\\\/pl\\\/#\\\/schema\\\/logo\\\/image\\\/\",\"url\":\"https:\\\/\\\/filles-de-la-charite.org\\\/wp-content\\\/uploads\\\/2023\\\/03\\\/isotipo-Hijas-de-la-Caridad.png\",\"contentUrl\":\"https:\\\/\\\/filles-de-la-charite.org\\\/wp-content\\\/uploads\\\/2023\\\/03\\\/isotipo-Hijas-de-la-Caridad.png\",\"width\":1417,\"height\":1417,\"caption\":\"Hijas de la Caridad\"},\"image\":{\"@id\":\"https:\\\/\\\/filles-de-la-charite.org\\\/pl\\\/#\\\/schema\\\/logo\\\/image\\\/\"}},{\"@type\":\"Person\",\"@id\":\"https:\\\/\\\/filles-de-la-charite.org\\\/pl\\\/#\\\/schema\\\/person\\\/0c922b6ca71280639858d297b3a7209f\",\"name\":\"SOR MARTA\",\"image\":{\"@type\":\"ImageObject\",\"inLanguage\":\"pl-PL\",\"@id\":\"https:\\\/\\\/secure.gravatar.com\\\/avatar\\\/d2c45b0fd6bf2d3e2670ab3d112257c24ac80fa960360bba1bdc0676485d1d09?s=96&d=mm&r=g\",\"url\":\"https:\\\/\\\/secure.gravatar.com\\\/avatar\\\/d2c45b0fd6bf2d3e2670ab3d112257c24ac80fa960360bba1bdc0676485d1d09?s=96&d=mm&r=g\",\"contentUrl\":\"https:\\\/\\\/secure.gravatar.com\\\/avatar\\\/d2c45b0fd6bf2d3e2670ab3d112257c24ac80fa960360bba1bdc0676485d1d09?s=96&d=mm&r=g\",\"caption\":\"SOR MARTA\"},\"url\":\"https:\\\/\\\/filles-de-la-charite.org\\\/pl\\\/author\\\/martaemn\\\/\"}]}<\/script>\n<!-- \/ Yoast SEO plugin. -->","yoast_head_json":{"title":"Nadzieja, kt\u00f3ra przygarnia - Filles de la Charit\u00e9","robots":{"index":"index","follow":"follow","max-snippet":"max-snippet:-1","max-image-preview":"max-image-preview:large","max-video-preview":"max-video-preview:-1"},"canonical":"https:\/\/filles-de-la-charite.org\/pl\/esperanza-que-abraza-la-casa-de-acogida-sor-rosalia-rendu\/","og_locale":"pl_PL","og_type":"article","og_title":"Nadzieja, kt\u00f3ra przygarnia - Filles de la Charit\u00e9","og_description":"Dom \u201eRozalii Randu\u201d w Peru \u201eHandel lud\u017ami jest ran\u0105 na ciele wsp\u00f3\u0142czesnej ludzko\u015bci, ran\u0105 na ciele Chrystusa\u201d (Papie\u017c Franciszek). Od marca 2023 r., roku jubileuszowego 400-lecia \u015awiat\u0142a Pi\u0119\u0107dziesi\u0105tnicy, Pan w opatrzno\u015bciowy spos\u00f3b powierzy\u0142 nam ryzykowne i \u015bmia\u0142e zadanie. Podj\u0119\u0142y\u015bmy to wyzwanie, przekonane, \u017ce \u017cycie konsekrowane powinno by\u0107 \u201etam, gdzie \u017cycie wo\u0142a\u201d i \u017ce powinny\u015bmy by\u0107 [&hellip;]","og_url":"https:\/\/filles-de-la-charite.org\/pl\/esperanza-que-abraza-la-casa-de-acogida-sor-rosalia-rendu\/","og_site_name":"Filles de la Charit\u00e9","article_published_time":"2026-02-12T13:00:00+00:00","og_image":[{"width":960,"height":1280,"url":"https:\/\/filles-de-la-charite.org\/wp-content\/uploads\/2026\/02\/WhatsApp-Image-2026-02-10-at-12.06.46.jpeg","type":"image\/jpeg"}],"author":"SOR MARTA","twitter_card":"summary_large_image","twitter_misc":{"Napisane przez":"SOR MARTA","Szacowany czas czytania":"3 minuty"},"schema":{"@context":"https:\/\/schema.org","@graph":[{"@type":"Article","@id":"https:\/\/filles-de-la-charite.org\/pl\/esperanza-que-abraza-la-casa-de-acogida-sor-rosalia-rendu\/#article","isPartOf":{"@id":"https:\/\/filles-de-la-charite.org\/pl\/esperanza-que-abraza-la-casa-de-acogida-sor-rosalia-rendu\/"},"author":{"name":"SOR MARTA","@id":"https:\/\/filles-de-la-charite.org\/pl\/#\/schema\/person\/0c922b6ca71280639858d297b3a7209f"},"headline":"Nadzieja, kt\u00f3ra przygarnia","datePublished":"2026-02-12T13:00:00+00:00","mainEntityOfPage":{"@id":"https:\/\/filles-de-la-charite.org\/pl\/esperanza-que-abraza-la-casa-de-acogida-sor-rosalia-rendu\/"},"wordCount":594,"publisher":{"@id":"https:\/\/filles-de-la-charite.org\/pl\/#organization"},"image":{"@id":"https:\/\/filles-de-la-charite.org\/pl\/esperanza-que-abraza-la-casa-de-acogida-sor-rosalia-rendu\/#primaryimage"},"thumbnailUrl":"https:\/\/filles-de-la-charite.org\/wp-content\/uploads\/2026\/02\/WhatsApp-Image-2026-02-10-at-12.06.46.jpeg","articleSection":["Peru"],"inLanguage":"pl-PL"},{"@type":"WebPage","@id":"https:\/\/filles-de-la-charite.org\/pl\/esperanza-que-abraza-la-casa-de-acogida-sor-rosalia-rendu\/","url":"https:\/\/filles-de-la-charite.org\/pl\/esperanza-que-abraza-la-casa-de-acogida-sor-rosalia-rendu\/","name":"Nadzieja, kt\u00f3ra przygarnia - Filles de la Charit\u00e9","isPartOf":{"@id":"https:\/\/filles-de-la-charite.org\/pl\/#website"},"primaryImageOfPage":{"@id":"https:\/\/filles-de-la-charite.org\/pl\/esperanza-que-abraza-la-casa-de-acogida-sor-rosalia-rendu\/#primaryimage"},"image":{"@id":"https:\/\/filles-de-la-charite.org\/pl\/esperanza-que-abraza-la-casa-de-acogida-sor-rosalia-rendu\/#primaryimage"},"thumbnailUrl":"https:\/\/filles-de-la-charite.org\/wp-content\/uploads\/2026\/02\/WhatsApp-Image-2026-02-10-at-12.06.46.jpeg","datePublished":"2026-02-12T13:00:00+00:00","breadcrumb":{"@id":"https:\/\/filles-de-la-charite.org\/pl\/esperanza-que-abraza-la-casa-de-acogida-sor-rosalia-rendu\/#breadcrumb"},"inLanguage":"pl-PL","potentialAction":[{"@type":"ReadAction","target":["https:\/\/filles-de-la-charite.org\/pl\/esperanza-que-abraza-la-casa-de-acogida-sor-rosalia-rendu\/"]}]},{"@type":"ImageObject","inLanguage":"pl-PL","@id":"https:\/\/filles-de-la-charite.org\/pl\/esperanza-que-abraza-la-casa-de-acogida-sor-rosalia-rendu\/#primaryimage","url":"https:\/\/filles-de-la-charite.org\/wp-content\/uploads\/2026\/02\/WhatsApp-Image-2026-02-10-at-12.06.46.jpeg","contentUrl":"https:\/\/filles-de-la-charite.org\/wp-content\/uploads\/2026\/02\/WhatsApp-Image-2026-02-10-at-12.06.46.jpeg","width":960,"height":1280},{"@type":"BreadcrumbList","@id":"https:\/\/filles-de-la-charite.org\/pl\/esperanza-que-abraza-la-casa-de-acogida-sor-rosalia-rendu\/#breadcrumb","itemListElement":[{"@type":"ListItem","position":1,"name":"Peru","item":"https:\/\/filles-de-la-charite.org\/pl\/category\/peru\/"},{"@type":"ListItem","position":2,"name":"Nadzieja, kt\u00f3ra przygarnia"}]},{"@type":"WebSite","@id":"https:\/\/filles-de-la-charite.org\/pl\/#website","url":"https:\/\/filles-de-la-charite.org\/pl\/","name":"Hijas de la Caridad","description":"L\u2019amour de J\u00e9sus nous presse \u00e0 prendre soin des personnes les plus d\u00e9munies","publisher":{"@id":"https:\/\/filles-de-la-charite.org\/pl\/#organization"},"potentialAction":[{"@type":"SearchAction","target":{"@type":"EntryPoint","urlTemplate":"https:\/\/filles-de-la-charite.org\/pl\/?s={search_term_string}"},"query-input":{"@type":"PropertyValueSpecification","valueRequired":true,"valueName":"search_term_string"}}],"inLanguage":"pl-PL"},{"@type":"Organization","@id":"https:\/\/filles-de-la-charite.org\/pl\/#organization","name":"Hijas de la Caridad","url":"https:\/\/filles-de-la-charite.org\/pl\/","logo":{"@type":"ImageObject","inLanguage":"pl-PL","@id":"https:\/\/filles-de-la-charite.org\/pl\/#\/schema\/logo\/image\/","url":"https:\/\/filles-de-la-charite.org\/wp-content\/uploads\/2023\/03\/isotipo-Hijas-de-la-Caridad.png","contentUrl":"https:\/\/filles-de-la-charite.org\/wp-content\/uploads\/2023\/03\/isotipo-Hijas-de-la-Caridad.png","width":1417,"height":1417,"caption":"Hijas de la Caridad"},"image":{"@id":"https:\/\/filles-de-la-charite.org\/pl\/#\/schema\/logo\/image\/"}},{"@type":"Person","@id":"https:\/\/filles-de-la-charite.org\/pl\/#\/schema\/person\/0c922b6ca71280639858d297b3a7209f","name":"SOR MARTA","image":{"@type":"ImageObject","inLanguage":"pl-PL","@id":"https:\/\/secure.gravatar.com\/avatar\/d2c45b0fd6bf2d3e2670ab3d112257c24ac80fa960360bba1bdc0676485d1d09?s=96&d=mm&r=g","url":"https:\/\/secure.gravatar.com\/avatar\/d2c45b0fd6bf2d3e2670ab3d112257c24ac80fa960360bba1bdc0676485d1d09?s=96&d=mm&r=g","contentUrl":"https:\/\/secure.gravatar.com\/avatar\/d2c45b0fd6bf2d3e2670ab3d112257c24ac80fa960360bba1bdc0676485d1d09?s=96&d=mm&r=g","caption":"SOR MARTA"},"url":"https:\/\/filles-de-la-charite.org\/pl\/author\/martaemn\/"}]}},"_links":{"self":[{"href":"https:\/\/filles-de-la-charite.org\/pl\/wp-json\/wp\/v2\/posts\/48908","targetHints":{"allow":["GET"]}}],"collection":[{"href":"https:\/\/filles-de-la-charite.org\/pl\/wp-json\/wp\/v2\/posts"}],"about":[{"href":"https:\/\/filles-de-la-charite.org\/pl\/wp-json\/wp\/v2\/types\/post"}],"author":[{"embeddable":true,"href":"https:\/\/filles-de-la-charite.org\/pl\/wp-json\/wp\/v2\/users\/5"}],"replies":[{"embeddable":true,"href":"https:\/\/filles-de-la-charite.org\/pl\/wp-json\/wp\/v2\/comments?post=48908"}],"version-history":[{"count":2,"href":"https:\/\/filles-de-la-charite.org\/pl\/wp-json\/wp\/v2\/posts\/48908\/revisions"}],"predecessor-version":[{"id":48935,"href":"https:\/\/filles-de-la-charite.org\/pl\/wp-json\/wp\/v2\/posts\/48908\/revisions\/48935"}],"wp:featuredmedia":[{"embeddable":true,"href":"https:\/\/filles-de-la-charite.org\/pl\/wp-json\/wp\/v2\/media\/48909"}],"wp:attachment":[{"href":"https:\/\/filles-de-la-charite.org\/pl\/wp-json\/wp\/v2\/media?parent=48908"}],"wp:term":[{"taxonomy":"category","embeddable":true,"href":"https:\/\/filles-de-la-charite.org\/pl\/wp-json\/wp\/v2\/categories?post=48908"},{"taxonomy":"post_tag","embeddable":true,"href":"https:\/\/filles-de-la-charite.org\/pl\/wp-json\/wp\/v2\/tags?post=48908"}],"curies":[{"name":"wp","href":"https:\/\/api.w.org\/{rel}","templated":true}]}}