{"id":49378,"date":"2026-03-26T22:42:00","date_gmt":"2026-03-26T21:42:00","guid":{"rendered":"https:\/\/filles-de-la-charite.org\/message-of-father-tomaz-mavric-to-the-daughters-of-charity\/"},"modified":"2026-03-29T23:39:20","modified_gmt":"2026-03-29T21:39:20","slug":"message-of-father-tomaz-mavric-to-the-daughters-of-charity","status":"publish","type":"post","link":"https:\/\/filles-de-la-charite.org\/pl\/message-of-father-tomaz-mavric-to-the-daughters-of-charity\/","title":{"rendered":"Przes\u0142anie Ojca Genera\u0142a Toma\u017ea Mavri\u010d do Si\u00f3str Mi\u0142osierdzia"},"content":{"rendered":"\n<p>Ka\u017cdego roku, 25 marca, w \u015awi\u0119to Zwiastowania Pa\u0144skiego, Siostry Mi\u0142osierdzia na ca\u0142ym \u015bwiecie odnawiaj\u0105 \u015bluby czysto\u015bci, ub\u00f3stwa, pos\u0142usze\u0144stwa i s\u0142u\u017cby ubogim. Z tej okazji Prze\u0142o\u017cony Generalny, Ojciec <a>Toma\u017e<\/a> Mavri\u010d, przyby\u0142 do ich Domu Macierzystego w Pary\u017cu i odprawi\u0142 Msz\u0119 \u015bwi\u0119t\u0105 w Kaplicy Matki Bo\u017cej od Cudownego Medalika, gdzie Siostry odnowi\u0142y swoje \u015bluby.<\/p>\n\n\n\n<figure class=\"wp-block-embed is-type-video is-provider-youtube wp-block-embed-youtube wp-embed-aspect-16-9 wp-has-aspect-ratio\"><div class=\"wp-block-embed__wrapper\">\n<iframe loading=\"lazy\" title=\"Przes\u0142anie Ojca Genera\u0142a Toma\u017ea Mavri\u010d do Si\u00f3str Mi\u0142osierdzia\" width=\"1080\" height=\"608\" src=\"https:\/\/www.youtube.com\/embed\/e0JnE8oJALs?feature=oembed\"  allow=\"accelerometer; autoplay; clipboard-write; encrypted-media; gyroscope; picture-in-picture; web-share\" referrerpolicy=\"strict-origin-when-cross-origin\" allowfullscreen><\/iframe>\n<\/div><\/figure>\n","protected":false},"excerpt":{"rendered":"<p>Ka\u017cdego roku, 25 marca, w \u015awi\u0119to Zwiastowania Pa\u0144skiego, Siostry Mi\u0142osierdzia na ca\u0142ym \u015bwiecie odnawiaj\u0105 \u015bluby czysto\u015bci, ub\u00f3stwa, pos\u0142usze\u0144stwa i s\u0142u\u017cby ubogim. Z tej okazji Prze\u0142o\u017cony Generalny, Ojciec Toma\u017e Mavri\u010d, przyby\u0142 do ich Domu Macierzystego w Pary\u017cu i odprawi\u0142 Msz\u0119 \u015bwi\u0119t\u0105 w Kaplicy Matki Bo\u017cej od Cudownego Medalika, gdzie Siostry odnowi\u0142y swoje \u015bluby.<\/p>\n","protected":false},"author":5,"featured_media":49379,"comment_status":"closed","ping_status":"closed","sticky":false,"template":"","format":"standard","meta":{"_acf_changed":false,"footnotes":"","_links_to":"","_links_to_target":""},"categories":[560,844],"tags":[],"class_list":["post-49378","post","type-post","status-publish","format-standard","has-post-thumbnail","hentry","category-mother-house-pl","category-miedzynarodowy"],"acf":[],"yoast_head":"<!-- This site is optimized with the Yoast SEO plugin v27.5 - https:\/\/yoast.com\/product\/yoast-seo-wordpress\/ -->\n<title>Przes\u0142anie Ojca Genera\u0142a Toma\u017ea Mavri\u010d do Si\u00f3str Mi\u0142osierdzia - Filles de la Charit\u00e9<\/title>\n<meta name=\"robots\" content=\"index, follow, max-snippet:-1, max-image-preview:large, max-video-preview:-1\" \/>\n<link rel=\"canonical\" href=\"https:\/\/filles-de-la-charite.org\/pl\/message-of-father-tomaz-mavric-to-the-daughters-of-charity\/\" \/>\n<meta property=\"og:locale\" content=\"pl_PL\" \/>\n<meta property=\"og:type\" content=\"article\" \/>\n<meta property=\"og:title\" content=\"Przes\u0142anie Ojca Genera\u0142a Toma\u017ea Mavri\u010d do Si\u00f3str Mi\u0142osierdzia - Filles de la Charit\u00e9\" \/>\n<meta property=\"og:description\" content=\"Ka\u017cdego roku, 25 marca, w \u015awi\u0119to Zwiastowania Pa\u0144skiego, Siostry Mi\u0142osierdzia na ca\u0142ym \u015bwiecie odnawiaj\u0105 \u015bluby czysto\u015bci, ub\u00f3stwa, pos\u0142usze\u0144stwa i s\u0142u\u017cby ubogim. Z tej okazji Prze\u0142o\u017cony Generalny, Ojciec Toma\u017e Mavri\u010d, przyby\u0142 do ich Domu Macierzystego w Pary\u017cu i odprawi\u0142 Msz\u0119 \u015bwi\u0119t\u0105 w Kaplicy Matki Bo\u017cej od Cudownego Medalika, gdzie Siostry odnowi\u0142y swoje \u015bluby.\" \/>\n<meta property=\"og:url\" content=\"https:\/\/filles-de-la-charite.org\/pl\/message-of-father-tomaz-mavric-to-the-daughters-of-charity\/\" \/>\n<meta property=\"og:site_name\" content=\"Filles de la Charit\u00e9\" \/>\n<meta property=\"article:published_time\" content=\"2026-03-26T21:42:00+00:00\" \/>\n<meta property=\"article:modified_time\" content=\"2026-03-29T21:39:20+00:00\" \/>\n<meta property=\"og:image\" content=\"https:\/\/filles-de-la-charite.org\/wp-content\/uploads\/2026\/03\/WhatsApp-Image-2026-03-26-at-22.24.23.jpeg\" \/>\n\t<meta property=\"og:image:width\" content=\"1600\" \/>\n\t<meta property=\"og:image:height\" content=\"1063\" \/>\n\t<meta property=\"og:image:type\" content=\"image\/jpeg\" \/>\n<meta name=\"author\" content=\"SOR MARTA\" \/>\n<meta name=\"twitter:card\" content=\"summary_large_image\" \/>\n<meta name=\"twitter:label1\" content=\"Napisane przez\" \/>\n\t<meta name=\"twitter:data1\" content=\"SOR MARTA\" \/>\n\t<meta name=\"twitter:label2\" content=\"Szacowany czas czytania\" \/>\n\t<meta name=\"twitter:data2\" content=\"1 minuta\" \/>\n<script type=\"application\/ld+json\" class=\"yoast-schema-graph\">{\"@context\":\"https:\\\/\\\/schema.org\",\"@graph\":[{\"@type\":\"Article\",\"@id\":\"https:\\\/\\\/filles-de-la-charite.org\\\/pl\\\/message-of-father-tomaz-mavric-to-the-daughters-of-charity\\\/#article\",\"isPartOf\":{\"@id\":\"https:\\\/\\\/filles-de-la-charite.org\\\/pl\\\/message-of-father-tomaz-mavric-to-the-daughters-of-charity\\\/\"},\"author\":{\"name\":\"SOR MARTA\",\"@id\":\"https:\\\/\\\/filles-de-la-charite.org\\\/pl\\\/#\\\/schema\\\/person\\\/0c922b6ca71280639858d297b3a7209f\"},\"headline\":\"Przes\u0142anie Ojca Genera\u0142a Toma\u017ea Mavri\u010d do Si\u00f3str Mi\u0142osierdzia\",\"datePublished\":\"2026-03-26T21:42:00+00:00\",\"dateModified\":\"2026-03-29T21:39:20+00:00\",\"mainEntityOfPage\":{\"@id\":\"https:\\\/\\\/filles-de-la-charite.org\\\/pl\\\/message-of-father-tomaz-mavric-to-the-daughters-of-charity\\\/\"},\"wordCount\":87,\"publisher\":{\"@id\":\"https:\\\/\\\/filles-de-la-charite.org\\\/pl\\\/#organization\"},\"image\":{\"@id\":\"https:\\\/\\\/filles-de-la-charite.org\\\/pl\\\/message-of-father-tomaz-mavric-to-the-daughters-of-charity\\\/#primaryimage\"},\"thumbnailUrl\":\"https:\\\/\\\/filles-de-la-charite.org\\\/wp-content\\\/uploads\\\/2026\\\/03\\\/WhatsApp-Image-2026-03-26-at-22.24.23.jpeg\",\"articleSection\":[\"Dom Macierzysty\",\"Mi\u0119dzynarodowy\"],\"inLanguage\":\"pl-PL\"},{\"@type\":\"WebPage\",\"@id\":\"https:\\\/\\\/filles-de-la-charite.org\\\/pl\\\/message-of-father-tomaz-mavric-to-the-daughters-of-charity\\\/\",\"url\":\"https:\\\/\\\/filles-de-la-charite.org\\\/pl\\\/message-of-father-tomaz-mavric-to-the-daughters-of-charity\\\/\",\"name\":\"Przes\u0142anie Ojca Genera\u0142a Toma\u017ea Mavri\u010d do Si\u00f3str Mi\u0142osierdzia - Filles de la Charit\u00e9\",\"isPartOf\":{\"@id\":\"https:\\\/\\\/filles-de-la-charite.org\\\/pl\\\/#website\"},\"primaryImageOfPage\":{\"@id\":\"https:\\\/\\\/filles-de-la-charite.org\\\/pl\\\/message-of-father-tomaz-mavric-to-the-daughters-of-charity\\\/#primaryimage\"},\"image\":{\"@id\":\"https:\\\/\\\/filles-de-la-charite.org\\\/pl\\\/message-of-father-tomaz-mavric-to-the-daughters-of-charity\\\/#primaryimage\"},\"thumbnailUrl\":\"https:\\\/\\\/filles-de-la-charite.org\\\/wp-content\\\/uploads\\\/2026\\\/03\\\/WhatsApp-Image-2026-03-26-at-22.24.23.jpeg\",\"datePublished\":\"2026-03-26T21:42:00+00:00\",\"dateModified\":\"2026-03-29T21:39:20+00:00\",\"breadcrumb\":{\"@id\":\"https:\\\/\\\/filles-de-la-charite.org\\\/pl\\\/message-of-father-tomaz-mavric-to-the-daughters-of-charity\\\/#breadcrumb\"},\"inLanguage\":\"pl-PL\",\"potentialAction\":[{\"@type\":\"ReadAction\",\"target\":[\"https:\\\/\\\/filles-de-la-charite.org\\\/pl\\\/message-of-father-tomaz-mavric-to-the-daughters-of-charity\\\/\"]}]},{\"@type\":\"ImageObject\",\"inLanguage\":\"pl-PL\",\"@id\":\"https:\\\/\\\/filles-de-la-charite.org\\\/pl\\\/message-of-father-tomaz-mavric-to-the-daughters-of-charity\\\/#primaryimage\",\"url\":\"https:\\\/\\\/filles-de-la-charite.org\\\/wp-content\\\/uploads\\\/2026\\\/03\\\/WhatsApp-Image-2026-03-26-at-22.24.23.jpeg\",\"contentUrl\":\"https:\\\/\\\/filles-de-la-charite.org\\\/wp-content\\\/uploads\\\/2026\\\/03\\\/WhatsApp-Image-2026-03-26-at-22.24.23.jpeg\",\"width\":1600,\"height\":1063},{\"@type\":\"BreadcrumbList\",\"@id\":\"https:\\\/\\\/filles-de-la-charite.org\\\/pl\\\/message-of-father-tomaz-mavric-to-the-daughters-of-charity\\\/#breadcrumb\",\"itemListElement\":[{\"@type\":\"ListItem\",\"position\":1,\"name\":\"Mi\u0119dzynarodowy\",\"item\":\"https:\\\/\\\/filles-de-la-charite.org\\\/pl\\\/category\\\/miedzynarodowy\\\/\"},{\"@type\":\"ListItem\",\"position\":2,\"name\":\"Przes\u0142anie Ojca Genera\u0142a Toma\u017ea Mavri\u010d do Si\u00f3str Mi\u0142osierdzia\"}]},{\"@type\":\"WebSite\",\"@id\":\"https:\\\/\\\/filles-de-la-charite.org\\\/pl\\\/#website\",\"url\":\"https:\\\/\\\/filles-de-la-charite.org\\\/pl\\\/\",\"name\":\"Hijas de la Caridad\",\"description\":\"L\u2019amour de J\u00e9sus nous presse \u00e0 prendre soin des personnes les plus d\u00e9munies\",\"publisher\":{\"@id\":\"https:\\\/\\\/filles-de-la-charite.org\\\/pl\\\/#organization\"},\"potentialAction\":[{\"@type\":\"SearchAction\",\"target\":{\"@type\":\"EntryPoint\",\"urlTemplate\":\"https:\\\/\\\/filles-de-la-charite.org\\\/pl\\\/?s={search_term_string}\"},\"query-input\":{\"@type\":\"PropertyValueSpecification\",\"valueRequired\":true,\"valueName\":\"search_term_string\"}}],\"inLanguage\":\"pl-PL\"},{\"@type\":\"Organization\",\"@id\":\"https:\\\/\\\/filles-de-la-charite.org\\\/pl\\\/#organization\",\"name\":\"Hijas de la Caridad\",\"url\":\"https:\\\/\\\/filles-de-la-charite.org\\\/pl\\\/\",\"logo\":{\"@type\":\"ImageObject\",\"inLanguage\":\"pl-PL\",\"@id\":\"https:\\\/\\\/filles-de-la-charite.org\\\/pl\\\/#\\\/schema\\\/logo\\\/image\\\/\",\"url\":\"https:\\\/\\\/filles-de-la-charite.org\\\/wp-content\\\/uploads\\\/2023\\\/03\\\/isotipo-Hijas-de-la-Caridad.png\",\"contentUrl\":\"https:\\\/\\\/filles-de-la-charite.org\\\/wp-content\\\/uploads\\\/2023\\\/03\\\/isotipo-Hijas-de-la-Caridad.png\",\"width\":1417,\"height\":1417,\"caption\":\"Hijas de la Caridad\"},\"image\":{\"@id\":\"https:\\\/\\\/filles-de-la-charite.org\\\/pl\\\/#\\\/schema\\\/logo\\\/image\\\/\"}},{\"@type\":\"Person\",\"@id\":\"https:\\\/\\\/filles-de-la-charite.org\\\/pl\\\/#\\\/schema\\\/person\\\/0c922b6ca71280639858d297b3a7209f\",\"name\":\"SOR MARTA\",\"image\":{\"@type\":\"ImageObject\",\"inLanguage\":\"pl-PL\",\"@id\":\"https:\\\/\\\/secure.gravatar.com\\\/avatar\\\/d2c45b0fd6bf2d3e2670ab3d112257c24ac80fa960360bba1bdc0676485d1d09?s=96&d=mm&r=g\",\"url\":\"https:\\\/\\\/secure.gravatar.com\\\/avatar\\\/d2c45b0fd6bf2d3e2670ab3d112257c24ac80fa960360bba1bdc0676485d1d09?s=96&d=mm&r=g\",\"contentUrl\":\"https:\\\/\\\/secure.gravatar.com\\\/avatar\\\/d2c45b0fd6bf2d3e2670ab3d112257c24ac80fa960360bba1bdc0676485d1d09?s=96&d=mm&r=g\",\"caption\":\"SOR MARTA\"},\"url\":\"https:\\\/\\\/filles-de-la-charite.org\\\/pl\\\/author\\\/martaemn\\\/\"}]}<\/script>\n<!-- \/ Yoast SEO plugin. -->","yoast_head_json":{"title":"Przes\u0142anie Ojca Genera\u0142a Toma\u017ea Mavri\u010d do Si\u00f3str Mi\u0142osierdzia - Filles de la Charit\u00e9","robots":{"index":"index","follow":"follow","max-snippet":"max-snippet:-1","max-image-preview":"max-image-preview:large","max-video-preview":"max-video-preview:-1"},"canonical":"https:\/\/filles-de-la-charite.org\/pl\/message-of-father-tomaz-mavric-to-the-daughters-of-charity\/","og_locale":"pl_PL","og_type":"article","og_title":"Przes\u0142anie Ojca Genera\u0142a Toma\u017ea Mavri\u010d do Si\u00f3str Mi\u0142osierdzia - Filles de la Charit\u00e9","og_description":"Ka\u017cdego roku, 25 marca, w \u015awi\u0119to Zwiastowania Pa\u0144skiego, Siostry Mi\u0142osierdzia na ca\u0142ym \u015bwiecie odnawiaj\u0105 \u015bluby czysto\u015bci, ub\u00f3stwa, pos\u0142usze\u0144stwa i s\u0142u\u017cby ubogim. Z tej okazji Prze\u0142o\u017cony Generalny, Ojciec Toma\u017e Mavri\u010d, przyby\u0142 do ich Domu Macierzystego w Pary\u017cu i odprawi\u0142 Msz\u0119 \u015bwi\u0119t\u0105 w Kaplicy Matki Bo\u017cej od Cudownego Medalika, gdzie Siostry odnowi\u0142y swoje \u015bluby.","og_url":"https:\/\/filles-de-la-charite.org\/pl\/message-of-father-tomaz-mavric-to-the-daughters-of-charity\/","og_site_name":"Filles de la Charit\u00e9","article_published_time":"2026-03-26T21:42:00+00:00","article_modified_time":"2026-03-29T21:39:20+00:00","og_image":[{"width":1600,"height":1063,"url":"https:\/\/filles-de-la-charite.org\/wp-content\/uploads\/2026\/03\/WhatsApp-Image-2026-03-26-at-22.24.23.jpeg","type":"image\/jpeg"}],"author":"SOR MARTA","twitter_card":"summary_large_image","twitter_misc":{"Napisane przez":"SOR MARTA","Szacowany czas czytania":"1 minuta"},"schema":{"@context":"https:\/\/schema.org","@graph":[{"@type":"Article","@id":"https:\/\/filles-de-la-charite.org\/pl\/message-of-father-tomaz-mavric-to-the-daughters-of-charity\/#article","isPartOf":{"@id":"https:\/\/filles-de-la-charite.org\/pl\/message-of-father-tomaz-mavric-to-the-daughters-of-charity\/"},"author":{"name":"SOR MARTA","@id":"https:\/\/filles-de-la-charite.org\/pl\/#\/schema\/person\/0c922b6ca71280639858d297b3a7209f"},"headline":"Przes\u0142anie Ojca Genera\u0142a Toma\u017ea Mavri\u010d do Si\u00f3str Mi\u0142osierdzia","datePublished":"2026-03-26T21:42:00+00:00","dateModified":"2026-03-29T21:39:20+00:00","mainEntityOfPage":{"@id":"https:\/\/filles-de-la-charite.org\/pl\/message-of-father-tomaz-mavric-to-the-daughters-of-charity\/"},"wordCount":87,"publisher":{"@id":"https:\/\/filles-de-la-charite.org\/pl\/#organization"},"image":{"@id":"https:\/\/filles-de-la-charite.org\/pl\/message-of-father-tomaz-mavric-to-the-daughters-of-charity\/#primaryimage"},"thumbnailUrl":"https:\/\/filles-de-la-charite.org\/wp-content\/uploads\/2026\/03\/WhatsApp-Image-2026-03-26-at-22.24.23.jpeg","articleSection":["Dom Macierzysty","Mi\u0119dzynarodowy"],"inLanguage":"pl-PL"},{"@type":"WebPage","@id":"https:\/\/filles-de-la-charite.org\/pl\/message-of-father-tomaz-mavric-to-the-daughters-of-charity\/","url":"https:\/\/filles-de-la-charite.org\/pl\/message-of-father-tomaz-mavric-to-the-daughters-of-charity\/","name":"Przes\u0142anie Ojca Genera\u0142a Toma\u017ea Mavri\u010d do Si\u00f3str Mi\u0142osierdzia - Filles de la Charit\u00e9","isPartOf":{"@id":"https:\/\/filles-de-la-charite.org\/pl\/#website"},"primaryImageOfPage":{"@id":"https:\/\/filles-de-la-charite.org\/pl\/message-of-father-tomaz-mavric-to-the-daughters-of-charity\/#primaryimage"},"image":{"@id":"https:\/\/filles-de-la-charite.org\/pl\/message-of-father-tomaz-mavric-to-the-daughters-of-charity\/#primaryimage"},"thumbnailUrl":"https:\/\/filles-de-la-charite.org\/wp-content\/uploads\/2026\/03\/WhatsApp-Image-2026-03-26-at-22.24.23.jpeg","datePublished":"2026-03-26T21:42:00+00:00","dateModified":"2026-03-29T21:39:20+00:00","breadcrumb":{"@id":"https:\/\/filles-de-la-charite.org\/pl\/message-of-father-tomaz-mavric-to-the-daughters-of-charity\/#breadcrumb"},"inLanguage":"pl-PL","potentialAction":[{"@type":"ReadAction","target":["https:\/\/filles-de-la-charite.org\/pl\/message-of-father-tomaz-mavric-to-the-daughters-of-charity\/"]}]},{"@type":"ImageObject","inLanguage":"pl-PL","@id":"https:\/\/filles-de-la-charite.org\/pl\/message-of-father-tomaz-mavric-to-the-daughters-of-charity\/#primaryimage","url":"https:\/\/filles-de-la-charite.org\/wp-content\/uploads\/2026\/03\/WhatsApp-Image-2026-03-26-at-22.24.23.jpeg","contentUrl":"https:\/\/filles-de-la-charite.org\/wp-content\/uploads\/2026\/03\/WhatsApp-Image-2026-03-26-at-22.24.23.jpeg","width":1600,"height":1063},{"@type":"BreadcrumbList","@id":"https:\/\/filles-de-la-charite.org\/pl\/message-of-father-tomaz-mavric-to-the-daughters-of-charity\/#breadcrumb","itemListElement":[{"@type":"ListItem","position":1,"name":"Mi\u0119dzynarodowy","item":"https:\/\/filles-de-la-charite.org\/pl\/category\/miedzynarodowy\/"},{"@type":"ListItem","position":2,"name":"Przes\u0142anie Ojca Genera\u0142a Toma\u017ea Mavri\u010d do Si\u00f3str Mi\u0142osierdzia"}]},{"@type":"WebSite","@id":"https:\/\/filles-de-la-charite.org\/pl\/#website","url":"https:\/\/filles-de-la-charite.org\/pl\/","name":"Hijas de la Caridad","description":"L\u2019amour de J\u00e9sus nous presse \u00e0 prendre soin des personnes les plus d\u00e9munies","publisher":{"@id":"https:\/\/filles-de-la-charite.org\/pl\/#organization"},"potentialAction":[{"@type":"SearchAction","target":{"@type":"EntryPoint","urlTemplate":"https:\/\/filles-de-la-charite.org\/pl\/?s={search_term_string}"},"query-input":{"@type":"PropertyValueSpecification","valueRequired":true,"valueName":"search_term_string"}}],"inLanguage":"pl-PL"},{"@type":"Organization","@id":"https:\/\/filles-de-la-charite.org\/pl\/#organization","name":"Hijas de la Caridad","url":"https:\/\/filles-de-la-charite.org\/pl\/","logo":{"@type":"ImageObject","inLanguage":"pl-PL","@id":"https:\/\/filles-de-la-charite.org\/pl\/#\/schema\/logo\/image\/","url":"https:\/\/filles-de-la-charite.org\/wp-content\/uploads\/2023\/03\/isotipo-Hijas-de-la-Caridad.png","contentUrl":"https:\/\/filles-de-la-charite.org\/wp-content\/uploads\/2023\/03\/isotipo-Hijas-de-la-Caridad.png","width":1417,"height":1417,"caption":"Hijas de la Caridad"},"image":{"@id":"https:\/\/filles-de-la-charite.org\/pl\/#\/schema\/logo\/image\/"}},{"@type":"Person","@id":"https:\/\/filles-de-la-charite.org\/pl\/#\/schema\/person\/0c922b6ca71280639858d297b3a7209f","name":"SOR MARTA","image":{"@type":"ImageObject","inLanguage":"pl-PL","@id":"https:\/\/secure.gravatar.com\/avatar\/d2c45b0fd6bf2d3e2670ab3d112257c24ac80fa960360bba1bdc0676485d1d09?s=96&d=mm&r=g","url":"https:\/\/secure.gravatar.com\/avatar\/d2c45b0fd6bf2d3e2670ab3d112257c24ac80fa960360bba1bdc0676485d1d09?s=96&d=mm&r=g","contentUrl":"https:\/\/secure.gravatar.com\/avatar\/d2c45b0fd6bf2d3e2670ab3d112257c24ac80fa960360bba1bdc0676485d1d09?s=96&d=mm&r=g","caption":"SOR MARTA"},"url":"https:\/\/filles-de-la-charite.org\/pl\/author\/martaemn\/"}]}},"_links":{"self":[{"href":"https:\/\/filles-de-la-charite.org\/pl\/wp-json\/wp\/v2\/posts\/49378","targetHints":{"allow":["GET"]}}],"collection":[{"href":"https:\/\/filles-de-la-charite.org\/pl\/wp-json\/wp\/v2\/posts"}],"about":[{"href":"https:\/\/filles-de-la-charite.org\/pl\/wp-json\/wp\/v2\/types\/post"}],"author":[{"embeddable":true,"href":"https:\/\/filles-de-la-charite.org\/pl\/wp-json\/wp\/v2\/users\/5"}],"replies":[{"embeddable":true,"href":"https:\/\/filles-de-la-charite.org\/pl\/wp-json\/wp\/v2\/comments?post=49378"}],"version-history":[{"count":2,"href":"https:\/\/filles-de-la-charite.org\/pl\/wp-json\/wp\/v2\/posts\/49378\/revisions"}],"predecessor-version":[{"id":49387,"href":"https:\/\/filles-de-la-charite.org\/pl\/wp-json\/wp\/v2\/posts\/49378\/revisions\/49387"}],"wp:featuredmedia":[{"embeddable":true,"href":"https:\/\/filles-de-la-charite.org\/pl\/wp-json\/wp\/v2\/media\/49379"}],"wp:attachment":[{"href":"https:\/\/filles-de-la-charite.org\/pl\/wp-json\/wp\/v2\/media?parent=49378"}],"wp:term":[{"taxonomy":"category","embeddable":true,"href":"https:\/\/filles-de-la-charite.org\/pl\/wp-json\/wp\/v2\/categories?post=49378"},{"taxonomy":"post_tag","embeddable":true,"href":"https:\/\/filles-de-la-charite.org\/pl\/wp-json\/wp\/v2\/tags?post=49378"}],"curies":[{"name":"wp","href":"https:\/\/api.w.org\/{rel}","templated":true}]}}