{"id":25128,"date":"2019-11-28T23:14:37","date_gmt":"2019-11-28T22:14:37","guid":{"rendered":"https:\/\/hijascaridad.sjdigitaldemo.ovh\/sharing-the-same-charism-chronicle-of-the-vincentian-week-at-the-santander-economic-kitchen-workshops-5-2\/"},"modified":"2024-03-17T18:55:07","modified_gmt":"2024-03-17T17:55:07","slug":"sharing-the-same-charism-chronicle-of-the-vincentian-week-at-the-santander-economic-kitchen-workshops-5-2","status":"publish","type":"post","link":"https:\/\/filles-de-la-charite.org\/pt-pt\/sharing-the-same-charism-chronicle-of-the-vincentian-week-at-the-santander-economic-kitchen-workshops-5-2\/","title":{"rendered":"Compartilhando o mesmo carisma \u2013 Semana Vicentina nas oficinas da Cozinha Econ\u00f3mica de Santander"},"content":{"rendered":"\n<p>O dia da festa de S\u00e3o Vicente de Paulo se aproximava e nas Oficinas da Cozinha Econ\u00f4mica de Santander quer\u00edamos tomar consci\u00eancia da vida deste homem, pois est\u00e1vamos em uma casa das Filhas da Caridade.<\/p>\n\n\n\n<p>Come\u00e7amos a semana assistindo ao filme do fundador. Na quarta-feira, quer\u00edamos dividir a tarde em quatro momentos espec\u00edficos:<\/p>\n\n\n\n<ol class=\"wp-block-list\"><li style=\"text-align: justify\">Fazer um resumo escrito do que cada pessoa tinha entendido sobre o filme, tivemos grandes surpresas, porque entre os meninos h\u00e1 quem mais ou menos domina a l\u00edngua, e quem entende pouco, mas as imagens os chocaram\u2026<\/li><li style=\"text-align: justify\">&nbsp;Ap\u00f3s o resumo, perguntamos-lhes sobre o que haviam gostado ou lhes impressionado sobre o filme.<\/li><li style=\"text-align: justify\">Fazer uma pergunta a uma das irm\u00e3s que comp\u00f5em a Comunidade de Cozinha Econ\u00f4mica do Santander, pois no dia seguinte elas compartilhariam um momento conosco<\/li><li style=\"text-align: justify\">Ensaiar aquele momento que ter\u00edamos com as irm\u00e3s no dia seguinte.<\/li><\/ol>\n\n\n\n<p>Na quinta-feira, 26 de Setembro, \u00e0s 17h30, a Comunidade Econ\u00f4mica foi convocada para compartilhar com as crian\u00e7as que comp\u00f5em as oficinas. Uma esp\u00e9cie de roda de perguntas.<\/p>\n\n\n\n<div class=\"wp-block-image\"><figure class=\"aligncenter\"><img decoding=\"async\" src=\"https:\/\/filles-de-la-charite.org\/wp-content\/uploads\/2023\/06\/191129-FiestaSV-3.jpg\" alt=\"\" class=\"wp-image-40097\" \/><\/figure><\/div>\n\n\n\n<p>Come\u00e7amos acolhendo cada uma das Irm\u00e3s, nos apresentamos porque nem todos se conheciam, apesar de viverem sob o mesmo teto, e a ronda de perguntas come\u00e7ou imediatamente. Tamb\u00e9m tivemos a visita do novo diretor da Cozinha Econ\u00f4mica.<\/p>\n\n\n\n<p>As perguntas abaixo foram feitas pelos meninos e eles escolhiam a irm\u00e3 que queriam questionar ...<\/p>\n\n\n\n<ul class=\"wp-block-list\"><li style=\"text-align: justify\">&nbsp;Por qu\u00eanos ajudais?<\/li><li style=\"text-align: justify\">Como \u00e9 que S\u00e3o Vicente de Paulo fez as coisas certas, de cora\u00e7\u00e3o, sem hipocrisia?<\/li><li style=\"text-align: justify\">Porqu\u00eatens gosto de ser irm\u00e3?<\/li><li style=\"text-align: justify\">Porqu\u00eaS\u00e3o Vicente mudou totalmente a sua vida?<\/li><li style=\"text-align: justify\">A qu\u00eate dedicaste antes de seres Filha da Caridade?&nbsp;<\/li><li style=\"text-align: justify\">Porqu\u00easeguiste este caminho das Filhas da Caridade, podias ter-te tornado professora, m\u00e9dica, enfermeira, advogada, etc.?<\/li><li style=\"text-align: justify\">Qual foi o sonho que te motivou para te tornar Filha de Caridade, porqu\u00ea, para qu\u00eae a que idade?<\/li><li style=\"text-align: justify\">O que sentes sendo uma filha de Caridade?<\/li><li style=\"text-align: justify\">Porqu\u00ea n\u00e3o h\u00e1 mais gente como v\u00f3s, Filhas da Caridade hoje para ajudar aos pobres?<\/li><li style=\"text-align: justify\">Que idade tem o passo de servir aos mais necessitados e ser uma Filha da Caridade?<\/li><li style=\"text-align: justify\">Porqu\u00eaajudas as pessoas?<\/li><li style=\"text-align: justify\">H\u00e1 quanto tempo \u00e9 Filha de Caridade?<\/li><\/ul>\n\n\n\n<p>Foi um momento fraternal, todos somos irm\u00e3os na Miss\u00e3o, j\u00e1 que vivemos ou trabalhamos no mesmo lugar que tem um Carisma espec\u00edfico, o de S\u00e3o Vicente, foi uma tarde de partilha. No dia seguinte celebramos solenemente na Capela do centro da Eucaristia de S\u00e3o Vicente, nos reunimos Irm\u00e3s, trabalhadores, volunt\u00e1rios e pessoas que aparecem no nosso centro, dando GRA\u00c7AS ao Senhor por compartilhar o Carisma, j\u00e1 que todos somos companheiros na Miss\u00e3o.<\/p>\n\n\n\n<div class=\"wp-block-image\"><figure class=\"aligncenter\"><img decoding=\"async\" src=\"https:\/\/filles-de-la-charite.org\/wp-content\/uploads\/2023\/06\/191129-FiestaSV-1.jpg\" alt=\"\" class=\"wp-image-40095\" \/><\/figure><\/div>\n\n\n\n<div class=\"wp-block-image\"><figure class=\"aligncenter\"><img decoding=\"async\" src=\"https:\/\/filles-de-la-charite.org\/wp-content\/uploads\/2023\/06\/191129-FiestaSV-4.jpg\" alt=\"\" class=\"wp-image-40098\" \/><\/figure><\/div>\n\n\n\n<div class=\"wp-block-image\"><figure class=\"aligncenter\"><img decoding=\"async\" src=\"https:\/\/filles-de-la-charite.org\/wp-content\/uploads\/2023\/06\/191129-FiestaSV-2.jpg\" alt=\"\" class=\"wp-image-40096\" \/><\/figure><\/div>\n","protected":false},"excerpt":{"rendered":"<p>O dia da festa de S\u00e3o Vicente de Paulo se aproximava e nas Oficinas da Cozinha Econ\u00f4mica de Santander quer\u00edamos tomar consci\u00eancia da vida deste homem, pois est\u00e1vamos em uma casa das Filhas da Caridade. Come\u00e7amos a semana assistindo ao filme do fundador. Na quarta-feira, quer\u00edamos dividir a tarde em quatro momentos espec\u00edficos: Fazer um [&hellip;]<\/p>\n","protected":false},"author":1,"featured_media":14287,"comment_status":"closed","ping_status":"closed","sticky":false,"template":"","format":"standard","meta":{"_acf_changed":false,"footnotes":"","_links_to":"","_links_to_target":""},"categories":[802],"tags":[],"class_list":["post-25128","post","type-post","status-publish","format-standard","has-post-thumbnail","hentry","category-espana-norte-pt-pt"],"acf":[],"yoast_head":"<!-- This site is optimized with the Yoast SEO plugin v27.5 - https:\/\/yoast.com\/product\/yoast-seo-wordpress\/ -->\n<title>Compartilhando o mesmo carisma \u2013 Semana Vicentina nas oficinas da Cozinha Econ\u00f3mica de Santander - Filles de la Charit\u00e9<\/title>\n<meta name=\"robots\" content=\"index, follow, max-snippet:-1, max-image-preview:large, max-video-preview:-1\" \/>\n<link rel=\"canonical\" href=\"https:\/\/filles-de-la-charite.org\/pt-pt\/sharing-the-same-charism-chronicle-of-the-vincentian-week-at-the-santander-economic-kitchen-workshops-5-2\/\" \/>\n<meta property=\"og:locale\" content=\"pt_PT\" \/>\n<meta property=\"og:type\" content=\"article\" \/>\n<meta property=\"og:title\" content=\"Compartilhando o mesmo carisma \u2013 Semana Vicentina nas oficinas da Cozinha Econ\u00f3mica de Santander - Filles de la Charit\u00e9\" \/>\n<meta property=\"og:description\" content=\"O dia da festa de S\u00e3o Vicente de Paulo se aproximava e nas Oficinas da Cozinha Econ\u00f4mica de Santander quer\u00edamos tomar consci\u00eancia da vida deste homem, pois est\u00e1vamos em uma casa das Filhas da Caridade. Come\u00e7amos a semana assistindo ao filme do fundador. Na quarta-feira, quer\u00edamos dividir a tarde em quatro momentos espec\u00edficos: Fazer um [&hellip;]\" \/>\n<meta property=\"og:url\" content=\"https:\/\/filles-de-la-charite.org\/pt-pt\/sharing-the-same-charism-chronicle-of-the-vincentian-week-at-the-santander-economic-kitchen-workshops-5-2\/\" \/>\n<meta property=\"og:site_name\" content=\"Filles de la Charit\u00e9\" \/>\n<meta property=\"article:published_time\" content=\"2019-11-28T22:14:37+00:00\" \/>\n<meta property=\"article:modified_time\" content=\"2024-03-17T17:55:07+00:00\" \/>\n<meta property=\"og:image\" content=\"https:\/\/filles-de-la-charite.org\/wp-content\/uploads\/2023\/06\/191129-FiestaSV-FTD-1.jpg\" \/>\n\t<meta property=\"og:image:width\" content=\"1200\" \/>\n\t<meta property=\"og:image:height\" content=\"630\" \/>\n\t<meta property=\"og:image:type\" content=\"image\/jpeg\" \/>\n<meta name=\"author\" content=\"admin\" \/>\n<meta name=\"twitter:card\" content=\"summary_large_image\" \/>\n<meta name=\"twitter:label1\" content=\"Escrito por\" \/>\n\t<meta name=\"twitter:data1\" content=\"admin\" \/>\n\t<meta name=\"twitter:label2\" content=\"Tempo estimado de leitura\" \/>\n\t<meta name=\"twitter:data2\" content=\"2 minutos\" \/>\n<script type=\"application\/ld+json\" class=\"yoast-schema-graph\">{\"@context\":\"https:\\\/\\\/schema.org\",\"@graph\":[{\"@type\":\"Article\",\"@id\":\"https:\\\/\\\/filles-de-la-charite.org\\\/pt-pt\\\/sharing-the-same-charism-chronicle-of-the-vincentian-week-at-the-santander-economic-kitchen-workshops-5-2\\\/#article\",\"isPartOf\":{\"@id\":\"https:\\\/\\\/filles-de-la-charite.org\\\/pt-pt\\\/sharing-the-same-charism-chronicle-of-the-vincentian-week-at-the-santander-economic-kitchen-workshops-5-2\\\/\"},\"author\":{\"name\":\"admin\",\"@id\":\"https:\\\/\\\/filles-de-la-charite.org\\\/pt-pt\\\/#\\\/schema\\\/person\\\/427567b2eccfc2dd7d206da186a1f438\"},\"headline\":\"Compartilhando o mesmo carisma \u2013 Semana Vicentina nas oficinas da Cozinha Econ\u00f3mica de Santander\",\"datePublished\":\"2019-11-28T22:14:37+00:00\",\"dateModified\":\"2024-03-17T17:55:07+00:00\",\"mainEntityOfPage\":{\"@id\":\"https:\\\/\\\/filles-de-la-charite.org\\\/pt-pt\\\/sharing-the-same-charism-chronicle-of-the-vincentian-week-at-the-santander-economic-kitchen-workshops-5-2\\\/\"},\"wordCount\":474,\"publisher\":{\"@id\":\"https:\\\/\\\/filles-de-la-charite.org\\\/pt-pt\\\/#organization\"},\"image\":{\"@id\":\"https:\\\/\\\/filles-de-la-charite.org\\\/pt-pt\\\/sharing-the-same-charism-chronicle-of-the-vincentian-week-at-the-santander-economic-kitchen-workshops-5-2\\\/#primaryimage\"},\"thumbnailUrl\":\"https:\\\/\\\/filles-de-la-charite.org\\\/wp-content\\\/uploads\\\/2023\\\/06\\\/191129-FiestaSV-FTD-1.jpg\",\"articleSection\":[\"Espa\u00f1a-Norte\"],\"inLanguage\":\"pt-PT\"},{\"@type\":\"WebPage\",\"@id\":\"https:\\\/\\\/filles-de-la-charite.org\\\/pt-pt\\\/sharing-the-same-charism-chronicle-of-the-vincentian-week-at-the-santander-economic-kitchen-workshops-5-2\\\/\",\"url\":\"https:\\\/\\\/filles-de-la-charite.org\\\/pt-pt\\\/sharing-the-same-charism-chronicle-of-the-vincentian-week-at-the-santander-economic-kitchen-workshops-5-2\\\/\",\"name\":\"Compartilhando o mesmo carisma \u2013 Semana Vicentina nas oficinas da Cozinha Econ\u00f3mica de Santander - Filles de la Charit\u00e9\",\"isPartOf\":{\"@id\":\"https:\\\/\\\/filles-de-la-charite.org\\\/pt-pt\\\/#website\"},\"primaryImageOfPage\":{\"@id\":\"https:\\\/\\\/filles-de-la-charite.org\\\/pt-pt\\\/sharing-the-same-charism-chronicle-of-the-vincentian-week-at-the-santander-economic-kitchen-workshops-5-2\\\/#primaryimage\"},\"image\":{\"@id\":\"https:\\\/\\\/filles-de-la-charite.org\\\/pt-pt\\\/sharing-the-same-charism-chronicle-of-the-vincentian-week-at-the-santander-economic-kitchen-workshops-5-2\\\/#primaryimage\"},\"thumbnailUrl\":\"https:\\\/\\\/filles-de-la-charite.org\\\/wp-content\\\/uploads\\\/2023\\\/06\\\/191129-FiestaSV-FTD-1.jpg\",\"datePublished\":\"2019-11-28T22:14:37+00:00\",\"dateModified\":\"2024-03-17T17:55:07+00:00\",\"breadcrumb\":{\"@id\":\"https:\\\/\\\/filles-de-la-charite.org\\\/pt-pt\\\/sharing-the-same-charism-chronicle-of-the-vincentian-week-at-the-santander-economic-kitchen-workshops-5-2\\\/#breadcrumb\"},\"inLanguage\":\"pt-PT\",\"potentialAction\":[{\"@type\":\"ReadAction\",\"target\":[\"https:\\\/\\\/filles-de-la-charite.org\\\/pt-pt\\\/sharing-the-same-charism-chronicle-of-the-vincentian-week-at-the-santander-economic-kitchen-workshops-5-2\\\/\"]}]},{\"@type\":\"ImageObject\",\"inLanguage\":\"pt-PT\",\"@id\":\"https:\\\/\\\/filles-de-la-charite.org\\\/pt-pt\\\/sharing-the-same-charism-chronicle-of-the-vincentian-week-at-the-santander-economic-kitchen-workshops-5-2\\\/#primaryimage\",\"url\":\"https:\\\/\\\/filles-de-la-charite.org\\\/wp-content\\\/uploads\\\/2023\\\/06\\\/191129-FiestaSV-FTD-1.jpg\",\"contentUrl\":\"https:\\\/\\\/filles-de-la-charite.org\\\/wp-content\\\/uploads\\\/2023\\\/06\\\/191129-FiestaSV-FTD-1.jpg\",\"width\":1200,\"height\":630},{\"@type\":\"BreadcrumbList\",\"@id\":\"https:\\\/\\\/filles-de-la-charite.org\\\/pt-pt\\\/sharing-the-same-charism-chronicle-of-the-vincentian-week-at-the-santander-economic-kitchen-workshops-5-2\\\/#breadcrumb\",\"itemListElement\":[{\"@type\":\"ListItem\",\"position\":1,\"name\":\"Espa\u00f1a-Norte\",\"item\":\"https:\\\/\\\/filles-de-la-charite.org\\\/pt-pt\\\/category\\\/espana-norte-pt-pt\\\/\"},{\"@type\":\"ListItem\",\"position\":2,\"name\":\"Compartilhando o mesmo carisma \u2013 Semana Vicentina nas oficinas da Cozinha Econ\u00f3mica de Santander\"}]},{\"@type\":\"WebSite\",\"@id\":\"https:\\\/\\\/filles-de-la-charite.org\\\/pt-pt\\\/#website\",\"url\":\"https:\\\/\\\/filles-de-la-charite.org\\\/pt-pt\\\/\",\"name\":\"Hijas de la Caridad\",\"description\":\"L\u2019amour de J\u00e9sus nous presse \u00e0 prendre soin des personnes les plus d\u00e9munies\",\"publisher\":{\"@id\":\"https:\\\/\\\/filles-de-la-charite.org\\\/pt-pt\\\/#organization\"},\"potentialAction\":[{\"@type\":\"SearchAction\",\"target\":{\"@type\":\"EntryPoint\",\"urlTemplate\":\"https:\\\/\\\/filles-de-la-charite.org\\\/pt-pt\\\/?s={search_term_string}\"},\"query-input\":{\"@type\":\"PropertyValueSpecification\",\"valueRequired\":true,\"valueName\":\"search_term_string\"}}],\"inLanguage\":\"pt-PT\"},{\"@type\":\"Organization\",\"@id\":\"https:\\\/\\\/filles-de-la-charite.org\\\/pt-pt\\\/#organization\",\"name\":\"Hijas de la Caridad\",\"url\":\"https:\\\/\\\/filles-de-la-charite.org\\\/pt-pt\\\/\",\"logo\":{\"@type\":\"ImageObject\",\"inLanguage\":\"pt-PT\",\"@id\":\"https:\\\/\\\/filles-de-la-charite.org\\\/pt-pt\\\/#\\\/schema\\\/logo\\\/image\\\/\",\"url\":\"https:\\\/\\\/filles-de-la-charite.org\\\/wp-content\\\/uploads\\\/2023\\\/03\\\/isotipo-Hijas-de-la-Caridad.png\",\"contentUrl\":\"https:\\\/\\\/filles-de-la-charite.org\\\/wp-content\\\/uploads\\\/2023\\\/03\\\/isotipo-Hijas-de-la-Caridad.png\",\"width\":1417,\"height\":1417,\"caption\":\"Hijas de la Caridad\"},\"image\":{\"@id\":\"https:\\\/\\\/filles-de-la-charite.org\\\/pt-pt\\\/#\\\/schema\\\/logo\\\/image\\\/\"}},{\"@type\":\"Person\",\"@id\":\"https:\\\/\\\/filles-de-la-charite.org\\\/pt-pt\\\/#\\\/schema\\\/person\\\/427567b2eccfc2dd7d206da186a1f438\",\"name\":\"admin\",\"image\":{\"@type\":\"ImageObject\",\"inLanguage\":\"pt-PT\",\"@id\":\"https:\\\/\\\/secure.gravatar.com\\\/avatar\\\/948b492cce32b586ac2db0eaa926ee87024f7afe218d73b397ea5ddfc5f43ea1?s=96&d=mm&r=g\",\"url\":\"https:\\\/\\\/secure.gravatar.com\\\/avatar\\\/948b492cce32b586ac2db0eaa926ee87024f7afe218d73b397ea5ddfc5f43ea1?s=96&d=mm&r=g\",\"contentUrl\":\"https:\\\/\\\/secure.gravatar.com\\\/avatar\\\/948b492cce32b586ac2db0eaa926ee87024f7afe218d73b397ea5ddfc5f43ea1?s=96&d=mm&r=g\",\"caption\":\"admin\"},\"sameAs\":[\"https:\\\/\\\/filles-de-la-charite.org\"],\"url\":\"https:\\\/\\\/filles-de-la-charite.org\\\/pt-pt\\\/author\\\/caridad\\\/\"}]}<\/script>\n<!-- \/ Yoast SEO plugin. -->","yoast_head_json":{"title":"Compartilhando o mesmo carisma \u2013 Semana Vicentina nas oficinas da Cozinha Econ\u00f3mica de Santander - Filles de la Charit\u00e9","robots":{"index":"index","follow":"follow","max-snippet":"max-snippet:-1","max-image-preview":"max-image-preview:large","max-video-preview":"max-video-preview:-1"},"canonical":"https:\/\/filles-de-la-charite.org\/pt-pt\/sharing-the-same-charism-chronicle-of-the-vincentian-week-at-the-santander-economic-kitchen-workshops-5-2\/","og_locale":"pt_PT","og_type":"article","og_title":"Compartilhando o mesmo carisma \u2013 Semana Vicentina nas oficinas da Cozinha Econ\u00f3mica de Santander - Filles de la Charit\u00e9","og_description":"O dia da festa de S\u00e3o Vicente de Paulo se aproximava e nas Oficinas da Cozinha Econ\u00f4mica de Santander quer\u00edamos tomar consci\u00eancia da vida deste homem, pois est\u00e1vamos em uma casa das Filhas da Caridade. Come\u00e7amos a semana assistindo ao filme do fundador. Na quarta-feira, quer\u00edamos dividir a tarde em quatro momentos espec\u00edficos: Fazer um [&hellip;]","og_url":"https:\/\/filles-de-la-charite.org\/pt-pt\/sharing-the-same-charism-chronicle-of-the-vincentian-week-at-the-santander-economic-kitchen-workshops-5-2\/","og_site_name":"Filles de la Charit\u00e9","article_published_time":"2019-11-28T22:14:37+00:00","article_modified_time":"2024-03-17T17:55:07+00:00","og_image":[{"width":1200,"height":630,"url":"https:\/\/filles-de-la-charite.org\/wp-content\/uploads\/2023\/06\/191129-FiestaSV-FTD-1.jpg","type":"image\/jpeg"}],"author":"admin","twitter_card":"summary_large_image","twitter_misc":{"Escrito por":"admin","Tempo estimado de leitura":"2 minutos"},"schema":{"@context":"https:\/\/schema.org","@graph":[{"@type":"Article","@id":"https:\/\/filles-de-la-charite.org\/pt-pt\/sharing-the-same-charism-chronicle-of-the-vincentian-week-at-the-santander-economic-kitchen-workshops-5-2\/#article","isPartOf":{"@id":"https:\/\/filles-de-la-charite.org\/pt-pt\/sharing-the-same-charism-chronicle-of-the-vincentian-week-at-the-santander-economic-kitchen-workshops-5-2\/"},"author":{"name":"admin","@id":"https:\/\/filles-de-la-charite.org\/pt-pt\/#\/schema\/person\/427567b2eccfc2dd7d206da186a1f438"},"headline":"Compartilhando o mesmo carisma \u2013 Semana Vicentina nas oficinas da Cozinha Econ\u00f3mica de Santander","datePublished":"2019-11-28T22:14:37+00:00","dateModified":"2024-03-17T17:55:07+00:00","mainEntityOfPage":{"@id":"https:\/\/filles-de-la-charite.org\/pt-pt\/sharing-the-same-charism-chronicle-of-the-vincentian-week-at-the-santander-economic-kitchen-workshops-5-2\/"},"wordCount":474,"publisher":{"@id":"https:\/\/filles-de-la-charite.org\/pt-pt\/#organization"},"image":{"@id":"https:\/\/filles-de-la-charite.org\/pt-pt\/sharing-the-same-charism-chronicle-of-the-vincentian-week-at-the-santander-economic-kitchen-workshops-5-2\/#primaryimage"},"thumbnailUrl":"https:\/\/filles-de-la-charite.org\/wp-content\/uploads\/2023\/06\/191129-FiestaSV-FTD-1.jpg","articleSection":["Espa\u00f1a-Norte"],"inLanguage":"pt-PT"},{"@type":"WebPage","@id":"https:\/\/filles-de-la-charite.org\/pt-pt\/sharing-the-same-charism-chronicle-of-the-vincentian-week-at-the-santander-economic-kitchen-workshops-5-2\/","url":"https:\/\/filles-de-la-charite.org\/pt-pt\/sharing-the-same-charism-chronicle-of-the-vincentian-week-at-the-santander-economic-kitchen-workshops-5-2\/","name":"Compartilhando o mesmo carisma \u2013 Semana Vicentina nas oficinas da Cozinha Econ\u00f3mica de Santander - Filles de la Charit\u00e9","isPartOf":{"@id":"https:\/\/filles-de-la-charite.org\/pt-pt\/#website"},"primaryImageOfPage":{"@id":"https:\/\/filles-de-la-charite.org\/pt-pt\/sharing-the-same-charism-chronicle-of-the-vincentian-week-at-the-santander-economic-kitchen-workshops-5-2\/#primaryimage"},"image":{"@id":"https:\/\/filles-de-la-charite.org\/pt-pt\/sharing-the-same-charism-chronicle-of-the-vincentian-week-at-the-santander-economic-kitchen-workshops-5-2\/#primaryimage"},"thumbnailUrl":"https:\/\/filles-de-la-charite.org\/wp-content\/uploads\/2023\/06\/191129-FiestaSV-FTD-1.jpg","datePublished":"2019-11-28T22:14:37+00:00","dateModified":"2024-03-17T17:55:07+00:00","breadcrumb":{"@id":"https:\/\/filles-de-la-charite.org\/pt-pt\/sharing-the-same-charism-chronicle-of-the-vincentian-week-at-the-santander-economic-kitchen-workshops-5-2\/#breadcrumb"},"inLanguage":"pt-PT","potentialAction":[{"@type":"ReadAction","target":["https:\/\/filles-de-la-charite.org\/pt-pt\/sharing-the-same-charism-chronicle-of-the-vincentian-week-at-the-santander-economic-kitchen-workshops-5-2\/"]}]},{"@type":"ImageObject","inLanguage":"pt-PT","@id":"https:\/\/filles-de-la-charite.org\/pt-pt\/sharing-the-same-charism-chronicle-of-the-vincentian-week-at-the-santander-economic-kitchen-workshops-5-2\/#primaryimage","url":"https:\/\/filles-de-la-charite.org\/wp-content\/uploads\/2023\/06\/191129-FiestaSV-FTD-1.jpg","contentUrl":"https:\/\/filles-de-la-charite.org\/wp-content\/uploads\/2023\/06\/191129-FiestaSV-FTD-1.jpg","width":1200,"height":630},{"@type":"BreadcrumbList","@id":"https:\/\/filles-de-la-charite.org\/pt-pt\/sharing-the-same-charism-chronicle-of-the-vincentian-week-at-the-santander-economic-kitchen-workshops-5-2\/#breadcrumb","itemListElement":[{"@type":"ListItem","position":1,"name":"Espa\u00f1a-Norte","item":"https:\/\/filles-de-la-charite.org\/pt-pt\/category\/espana-norte-pt-pt\/"},{"@type":"ListItem","position":2,"name":"Compartilhando o mesmo carisma \u2013 Semana Vicentina nas oficinas da Cozinha Econ\u00f3mica de Santander"}]},{"@type":"WebSite","@id":"https:\/\/filles-de-la-charite.org\/pt-pt\/#website","url":"https:\/\/filles-de-la-charite.org\/pt-pt\/","name":"Hijas de la Caridad","description":"L\u2019amour de J\u00e9sus nous presse \u00e0 prendre soin des personnes les plus d\u00e9munies","publisher":{"@id":"https:\/\/filles-de-la-charite.org\/pt-pt\/#organization"},"potentialAction":[{"@type":"SearchAction","target":{"@type":"EntryPoint","urlTemplate":"https:\/\/filles-de-la-charite.org\/pt-pt\/?s={search_term_string}"},"query-input":{"@type":"PropertyValueSpecification","valueRequired":true,"valueName":"search_term_string"}}],"inLanguage":"pt-PT"},{"@type":"Organization","@id":"https:\/\/filles-de-la-charite.org\/pt-pt\/#organization","name":"Hijas de la Caridad","url":"https:\/\/filles-de-la-charite.org\/pt-pt\/","logo":{"@type":"ImageObject","inLanguage":"pt-PT","@id":"https:\/\/filles-de-la-charite.org\/pt-pt\/#\/schema\/logo\/image\/","url":"https:\/\/filles-de-la-charite.org\/wp-content\/uploads\/2023\/03\/isotipo-Hijas-de-la-Caridad.png","contentUrl":"https:\/\/filles-de-la-charite.org\/wp-content\/uploads\/2023\/03\/isotipo-Hijas-de-la-Caridad.png","width":1417,"height":1417,"caption":"Hijas de la Caridad"},"image":{"@id":"https:\/\/filles-de-la-charite.org\/pt-pt\/#\/schema\/logo\/image\/"}},{"@type":"Person","@id":"https:\/\/filles-de-la-charite.org\/pt-pt\/#\/schema\/person\/427567b2eccfc2dd7d206da186a1f438","name":"admin","image":{"@type":"ImageObject","inLanguage":"pt-PT","@id":"https:\/\/secure.gravatar.com\/avatar\/948b492cce32b586ac2db0eaa926ee87024f7afe218d73b397ea5ddfc5f43ea1?s=96&d=mm&r=g","url":"https:\/\/secure.gravatar.com\/avatar\/948b492cce32b586ac2db0eaa926ee87024f7afe218d73b397ea5ddfc5f43ea1?s=96&d=mm&r=g","contentUrl":"https:\/\/secure.gravatar.com\/avatar\/948b492cce32b586ac2db0eaa926ee87024f7afe218d73b397ea5ddfc5f43ea1?s=96&d=mm&r=g","caption":"admin"},"sameAs":["https:\/\/filles-de-la-charite.org"],"url":"https:\/\/filles-de-la-charite.org\/pt-pt\/author\/caridad\/"}]}},"_links":{"self":[{"href":"https:\/\/filles-de-la-charite.org\/pt-pt\/wp-json\/wp\/v2\/posts\/25128","targetHints":{"allow":["GET"]}}],"collection":[{"href":"https:\/\/filles-de-la-charite.org\/pt-pt\/wp-json\/wp\/v2\/posts"}],"about":[{"href":"https:\/\/filles-de-la-charite.org\/pt-pt\/wp-json\/wp\/v2\/types\/post"}],"author":[{"embeddable":true,"href":"https:\/\/filles-de-la-charite.org\/pt-pt\/wp-json\/wp\/v2\/users\/1"}],"replies":[{"embeddable":true,"href":"https:\/\/filles-de-la-charite.org\/pt-pt\/wp-json\/wp\/v2\/comments?post=25128"}],"version-history":[{"count":1,"href":"https:\/\/filles-de-la-charite.org\/pt-pt\/wp-json\/wp\/v2\/posts\/25128\/revisions"}],"predecessor-version":[{"id":25129,"href":"https:\/\/filles-de-la-charite.org\/pt-pt\/wp-json\/wp\/v2\/posts\/25128\/revisions\/25129"}],"wp:featuredmedia":[{"embeddable":true,"href":"https:\/\/filles-de-la-charite.org\/pt-pt\/wp-json\/wp\/v2\/media\/14287"}],"wp:attachment":[{"href":"https:\/\/filles-de-la-charite.org\/pt-pt\/wp-json\/wp\/v2\/media?parent=25128"}],"wp:term":[{"taxonomy":"category","embeddable":true,"href":"https:\/\/filles-de-la-charite.org\/pt-pt\/wp-json\/wp\/v2\/categories?post=25128"},{"taxonomy":"post_tag","embeddable":true,"href":"https:\/\/filles-de-la-charite.org\/pt-pt\/wp-json\/wp\/v2\/tags?post=25128"}],"curies":[{"name":"wp","href":"https:\/\/api.w.org\/{rel}","templated":true}]}}