{"id":25130,"date":"2019-12-28T18:21:05","date_gmt":"2019-12-28T17:21:05","guid":{"rendered":"https:\/\/hijascaridad.sjdigitaldemo.ovh\/interprovincial-meeting-of-initial-formation-sisters-of-spain-5-2\/"},"modified":"2024-03-17T18:54:59","modified_gmt":"2024-03-17T17:54:59","slug":"interprovincial-meeting-of-initial-formation-sisters-of-spain-5-2","status":"publish","type":"post","link":"https:\/\/filles-de-la-charite.org\/pt-pt\/interprovincial-meeting-of-initial-formation-sisters-of-spain-5-2\/","title":{"rendered":"Encontro Interprovincial de Irm\u00e3s de Forma\u00e7\u00e3o Inicial em Espanha"},"content":{"rendered":"\n<p>Nos dias 28\/11 a 1\/12 teve lugar em Almendros (Madrid) o <strong>Encontro de Forma\u00e7\u00e3o Inicial. <\/strong>Fomos na companhia de Lola Arrieta e Cova Orejas, Irm\u00e3s Carmelitas da Caridade de Vedruna que colaboram no Projeto conhecido por acompanhamento \u201cRuaj\u201d e foram as encarregadas de apresentar-nos o tema escolhido<strong>: \u201cRelato da pr\u00f3pria vida vivida como voca\u00e7\u00e3o\u201d&nbsp;<\/strong>e de colocar ao nosso alcance as ferramentas para conseguir o objetivo que foi tra\u00e7ado desde o&nbsp;in\u00edcio: <strong>Repensar a vida como voca\u00e7\u00e3o e fazer mem\u00f3ria dum passado remoto guardando-o no cora\u00e7\u00e3o e abrindo-nos ao futuro com agradecimento e f\u00e9 esperan\u00e7osa<\/strong>.<\/p>\n\n\n\n<p>Atrav\u00e9s de uma linha imagin\u00e1ria que representava os anos de perten\u00e7a na Companhia assinal\u00e1vamos pontos de inflex\u00e3o, momentos que nos geraram tristeza, alegria, confus\u00e3o, inquieta\u00e7\u00e3o\u2026, alguns deles guardados no ba\u00fa do que n\u00e3o se fala mais que nos foi configurado tal e qual somos hoje. Foi muito construtivo compartilhar em pares a releitura que cada uma de n\u00f3s hav\u00edamos feito para posteriormente compartilh\u00e1-lo em grupo. Tamb\u00e9m convidava-nos a tomar consci\u00eancia por onde caminh\u00e1vamos e detectar aquelas inquieta\u00e7\u00f5es e dificuldades que nos preocupavam.<\/p>\n\n\n\n<div class=\"wp-block-image\"><figure class=\"alignright\"><img decoding=\"async\" src=\"https:\/\/filles-de-la-charite.org\/wp-content\/uploads\/2023\/06\/191228-formacion-4-240x300.jpg\" alt=\"\" class=\"wp-image-40159\" \/><\/figure><\/div>\n\n\n\n<p>Demos um passo a mais de um testemunho forjado pelo Senhor, Isa\u00edas \u201cAqui estou, envia-me\u201d(Is 6,8), e na linha do texto aprofundamos no Itiner\u00e1rio pedag\u00f3gico, concretamente nos 3 elementos que h\u00e1 que ter em conta para viver a vida como chave de voca\u00e7\u00e3o: <strong>experi\u00eancia teof\u00e1nica<\/strong>, <strong>processo de consagra\u00e7\u00e3o<\/strong>que nos vai forjando e <strong>enviando em miss\u00e3o<\/strong>.<\/p>\n\n\n\n<p>Com o desejo de viver cada dia mais enraizadas e conetadas a Ele, isto \u00e9, viver com consci\u00eancia a vida como miss\u00e3o, come\u00e7armos o dia recorrendo juntas as <strong>Tarefas da rua<\/strong>&nbsp;no que aprofundamos na premissa de que o \u201c<strong>Ser adulto se define, entre outras coisas, pela capacidade de trabalhar\u201d<\/strong>recordando-nos que as tarefas n\u00e3o s\u00e3o a miss\u00e3o; As motiva\u00e7\u00f5es do bairro onde descobr\u00edamos que&nbsp;<em><strong>\u201c\u00e9 importante o que fazemos ainda mais o que nos move no que fazemos<\/strong>\u201d <\/em>e o importante que resulta em <strong>identificar as motiva\u00e7\u00f5es prim\u00e1rias<\/strong>para melhorar a gest\u00e3o das mesmas assim como alimentar aquelas motiva\u00e7\u00f5es secund\u00e1rias que nos movem a fazer quanto fazemos; o n\u00famero maior da Rua lugar<strong>&nbsp;<\/strong>no qual nos animava a pedir o dom do Esp\u00edrito para caminhar face a <strong>um processo de reunifica\u00e7\u00e3o e&nbsp;\u201cviver a vida como miss\u00e3o<\/strong>\u201d e a Fraternidade do Bairro<strong>&nbsp;<\/strong>para viver em atitude de <strong>filhas e irm\u00e3os.&nbsp;<\/strong>Para viver em atitude de <strong>Irm\u00e3os e irm\u00e3s.<\/strong><\/p>\n\n\n\n<div class=\"wp-block-image\"><figure class=\"alignleft\"><img decoding=\"async\" src=\"https:\/\/filles-de-la-charite.org\/wp-content\/uploads\/2023\/06\/191228-formacion-5-300x300.jpg\" alt=\"\" class=\"wp-image-40160\" \/><\/figure><\/div>\n\n\n\n<p>No Domingo aprofundamos em diferentes pontos&nbsp;&nbsp;de especial interesse que durante as nossas interven\u00e7\u00f5es refletiram ser uma preocupa\u00e7\u00e3o ou inquieta\u00e7\u00e3o no nosso caminhar vocacional: <strong>testemunhos confusos<\/strong>que tomam outros caminhos que s\u00e3o media\u00e7\u00f5es para olhar a Jesus, as <strong>dificuldades na integra\u00e7\u00e3o da vida como uma miss\u00e3o<\/strong>, <strong>necesidades&nbsp;<\/strong>q<em>ue sustentam as motiva\u00e7\u00f5es prim\u00e1rias e que quanto mais equilibradas, melhor podemos responder em nossa rendi\u00e7\u00e3o a outros, valores que s\u00e3o interesses vitais, relacionamento com Deus em tempos de adversidade, perda de pessoas significativas, import\u00e2ncia de tomar consci\u00eancia da presen\u00e7a de Deus em nossa vida atrav\u00e9s de momentos de intimidade com Ele, descobrindo a voca\u00e7\u00e3o pessoal dentro da voca\u00e7\u00e3o comum e a dificuldade de deixar Deus no centro de nossa vida e separar nosso Ser.<\/em><\/p>\n\n\n\n<p>Demos como terminada a este magn\u00edfico encontro dando Gra\u00e7as a Deus por quanto nos tinham oferecido, com a convic\u00e7\u00e3o de que \u00e9 necess\u00e1rio continuar aprofundando na forma\u00e7\u00e3o humana para assim sermos as Servas que o Senhor quer e que os Pobres necessitam. Como sempre expressamos tamb\u00e9m a nossa gratuidade as Irm\u00e3s da Casa que nos acolhem sempre com cordialidade e alegria.<\/p>\n\n\n\n<p class=\"has-text-align-right\"><em>Ir Maria Jos\u00e9 Alias, F.C<\/em><\/p>\n\n\n\n<div class=\"wp-block-image\"><figure class=\"aligncenter\"><img decoding=\"async\" src=\"https:\/\/filles-de-la-charite.org\/wp-content\/uploads\/2023\/06\/191228-formacion-3.jpg\" alt=\"\" class=\"wp-image-40158\" \/><\/figure><\/div>\n\n\n\n<div class=\"wp-block-image\"><figure class=\"alignleft\"><img decoding=\"async\" src=\"https:\/\/filles-de-la-charite.org\/wp-content\/uploads\/2023\/06\/191228-formacion-2.jpg\" alt=\"\" class=\"wp-image-40157\" \/><\/figure><\/div>\n\n\n\n<div class=\"wp-block-image\"><figure class=\"aligncenter\"><img decoding=\"async\" src=\"https:\/\/filles-de-la-charite.org\/wp-content\/uploads\/2023\/06\/191228-formacion-1.jpg\" alt=\"\" class=\"wp-image-40156\" \/><\/figure><\/div>\n","protected":false},"excerpt":{"rendered":"<p>Nos dias 28\/11 a 1\/12 teve lugar em Almendros (Madrid) o Encontro de Forma\u00e7\u00e3o Inicial. Fomos na companhia de Lola Arrieta e Cova Orejas, Irm\u00e3s Carmelitas da Caridade de Vedruna que colaboram no Projeto conhecido por acompanhamento \u201cRuaj\u201d e foram as encarregadas de apresentar-nos o tema escolhido: \u201cRelato da pr\u00f3pria vida vivida como voca\u00e7\u00e3o\u201d&nbsp;e de [&hellip;]<\/p>\n","protected":false},"author":1,"featured_media":14325,"comment_status":"closed","ping_status":"closed","sticky":false,"template":"","format":"standard","meta":{"_acf_changed":false,"footnotes":"","_links_to":"","_links_to_target":""},"categories":[768],"tags":[],"class_list":["post-25130","post","type-post","status-publish","format-standard","has-post-thumbnail","hentry","category-espana-pt-pt"],"acf":[],"yoast_head":"<!-- This site is optimized with the Yoast SEO plugin v27.5 - https:\/\/yoast.com\/product\/yoast-seo-wordpress\/ -->\n<title>Encontro Interprovincial de Irm\u00e3s de Forma\u00e7\u00e3o Inicial em Espanha - Filles de la Charit\u00e9<\/title>\n<meta name=\"robots\" content=\"index, follow, max-snippet:-1, max-image-preview:large, max-video-preview:-1\" \/>\n<link rel=\"canonical\" href=\"https:\/\/filles-de-la-charite.org\/pt-pt\/interprovincial-meeting-of-initial-formation-sisters-of-spain-5-2\/\" \/>\n<meta property=\"og:locale\" content=\"pt_PT\" \/>\n<meta property=\"og:type\" content=\"article\" \/>\n<meta property=\"og:title\" content=\"Encontro Interprovincial de Irm\u00e3s de Forma\u00e7\u00e3o Inicial em Espanha - Filles de la Charit\u00e9\" \/>\n<meta property=\"og:description\" content=\"Nos dias 28\/11 a 1\/12 teve lugar em Almendros (Madrid) o Encontro de Forma\u00e7\u00e3o Inicial. Fomos na companhia de Lola Arrieta e Cova Orejas, Irm\u00e3s Carmelitas da Caridade de Vedruna que colaboram no Projeto conhecido por acompanhamento \u201cRuaj\u201d e foram as encarregadas de apresentar-nos o tema escolhido: \u201cRelato da pr\u00f3pria vida vivida como voca\u00e7\u00e3o\u201d&nbsp;e de [&hellip;]\" \/>\n<meta property=\"og:url\" content=\"https:\/\/filles-de-la-charite.org\/pt-pt\/interprovincial-meeting-of-initial-formation-sisters-of-spain-5-2\/\" \/>\n<meta property=\"og:site_name\" content=\"Filles de la Charit\u00e9\" \/>\n<meta property=\"article:published_time\" content=\"2019-12-28T17:21:05+00:00\" \/>\n<meta property=\"article:modified_time\" content=\"2024-03-17T17:54:59+00:00\" \/>\n<meta property=\"og:image\" content=\"https:\/\/filles-de-la-charite.org\/wp-content\/uploads\/2023\/06\/191228-formacion-5-1.jpg\" \/>\n\t<meta property=\"og:image:width\" content=\"1200\" \/>\n\t<meta property=\"og:image:height\" content=\"1200\" \/>\n\t<meta property=\"og:image:type\" content=\"image\/jpeg\" \/>\n<meta name=\"author\" content=\"admin\" \/>\n<meta name=\"twitter:card\" content=\"summary_large_image\" \/>\n<meta name=\"twitter:label1\" content=\"Escrito por\" \/>\n\t<meta name=\"twitter:data1\" content=\"admin\" \/>\n\t<meta name=\"twitter:label2\" content=\"Tempo estimado de leitura\" \/>\n\t<meta name=\"twitter:data2\" content=\"3 minutos\" \/>\n<script type=\"application\/ld+json\" class=\"yoast-schema-graph\">{\"@context\":\"https:\\\/\\\/schema.org\",\"@graph\":[{\"@type\":\"Article\",\"@id\":\"https:\\\/\\\/filles-de-la-charite.org\\\/pt-pt\\\/interprovincial-meeting-of-initial-formation-sisters-of-spain-5-2\\\/#article\",\"isPartOf\":{\"@id\":\"https:\\\/\\\/filles-de-la-charite.org\\\/pt-pt\\\/interprovincial-meeting-of-initial-formation-sisters-of-spain-5-2\\\/\"},\"author\":{\"name\":\"admin\",\"@id\":\"https:\\\/\\\/filles-de-la-charite.org\\\/pt-pt\\\/#\\\/schema\\\/person\\\/427567b2eccfc2dd7d206da186a1f438\"},\"headline\":\"Encontro Interprovincial de Irm\u00e3s de Forma\u00e7\u00e3o Inicial em Espanha\",\"datePublished\":\"2019-12-28T17:21:05+00:00\",\"dateModified\":\"2024-03-17T17:54:59+00:00\",\"mainEntityOfPage\":{\"@id\":\"https:\\\/\\\/filles-de-la-charite.org\\\/pt-pt\\\/interprovincial-meeting-of-initial-formation-sisters-of-spain-5-2\\\/\"},\"wordCount\":671,\"publisher\":{\"@id\":\"https:\\\/\\\/filles-de-la-charite.org\\\/pt-pt\\\/#organization\"},\"image\":{\"@id\":\"https:\\\/\\\/filles-de-la-charite.org\\\/pt-pt\\\/interprovincial-meeting-of-initial-formation-sisters-of-spain-5-2\\\/#primaryimage\"},\"thumbnailUrl\":\"https:\\\/\\\/filles-de-la-charite.org\\\/wp-content\\\/uploads\\\/2023\\\/06\\\/191228-formacion-5-1.jpg\",\"articleSection\":[\"Espanha\"],\"inLanguage\":\"pt-PT\"},{\"@type\":\"WebPage\",\"@id\":\"https:\\\/\\\/filles-de-la-charite.org\\\/pt-pt\\\/interprovincial-meeting-of-initial-formation-sisters-of-spain-5-2\\\/\",\"url\":\"https:\\\/\\\/filles-de-la-charite.org\\\/pt-pt\\\/interprovincial-meeting-of-initial-formation-sisters-of-spain-5-2\\\/\",\"name\":\"Encontro Interprovincial de Irm\u00e3s de Forma\u00e7\u00e3o Inicial em Espanha - Filles de la Charit\u00e9\",\"isPartOf\":{\"@id\":\"https:\\\/\\\/filles-de-la-charite.org\\\/pt-pt\\\/#website\"},\"primaryImageOfPage\":{\"@id\":\"https:\\\/\\\/filles-de-la-charite.org\\\/pt-pt\\\/interprovincial-meeting-of-initial-formation-sisters-of-spain-5-2\\\/#primaryimage\"},\"image\":{\"@id\":\"https:\\\/\\\/filles-de-la-charite.org\\\/pt-pt\\\/interprovincial-meeting-of-initial-formation-sisters-of-spain-5-2\\\/#primaryimage\"},\"thumbnailUrl\":\"https:\\\/\\\/filles-de-la-charite.org\\\/wp-content\\\/uploads\\\/2023\\\/06\\\/191228-formacion-5-1.jpg\",\"datePublished\":\"2019-12-28T17:21:05+00:00\",\"dateModified\":\"2024-03-17T17:54:59+00:00\",\"breadcrumb\":{\"@id\":\"https:\\\/\\\/filles-de-la-charite.org\\\/pt-pt\\\/interprovincial-meeting-of-initial-formation-sisters-of-spain-5-2\\\/#breadcrumb\"},\"inLanguage\":\"pt-PT\",\"potentialAction\":[{\"@type\":\"ReadAction\",\"target\":[\"https:\\\/\\\/filles-de-la-charite.org\\\/pt-pt\\\/interprovincial-meeting-of-initial-formation-sisters-of-spain-5-2\\\/\"]}]},{\"@type\":\"ImageObject\",\"inLanguage\":\"pt-PT\",\"@id\":\"https:\\\/\\\/filles-de-la-charite.org\\\/pt-pt\\\/interprovincial-meeting-of-initial-formation-sisters-of-spain-5-2\\\/#primaryimage\",\"url\":\"https:\\\/\\\/filles-de-la-charite.org\\\/wp-content\\\/uploads\\\/2023\\\/06\\\/191228-formacion-5-1.jpg\",\"contentUrl\":\"https:\\\/\\\/filles-de-la-charite.org\\\/wp-content\\\/uploads\\\/2023\\\/06\\\/191228-formacion-5-1.jpg\",\"width\":1200,\"height\":1200},{\"@type\":\"BreadcrumbList\",\"@id\":\"https:\\\/\\\/filles-de-la-charite.org\\\/pt-pt\\\/interprovincial-meeting-of-initial-formation-sisters-of-spain-5-2\\\/#breadcrumb\",\"itemListElement\":[{\"@type\":\"ListItem\",\"position\":1,\"name\":\"Espanha\",\"item\":\"https:\\\/\\\/filles-de-la-charite.org\\\/pt-pt\\\/category\\\/espana-pt-pt\\\/\"},{\"@type\":\"ListItem\",\"position\":2,\"name\":\"Encontro Interprovincial de Irm\u00e3s de Forma\u00e7\u00e3o Inicial em Espanha\"}]},{\"@type\":\"WebSite\",\"@id\":\"https:\\\/\\\/filles-de-la-charite.org\\\/pt-pt\\\/#website\",\"url\":\"https:\\\/\\\/filles-de-la-charite.org\\\/pt-pt\\\/\",\"name\":\"Hijas de la Caridad\",\"description\":\"L\u2019amour de J\u00e9sus nous presse \u00e0 prendre soin des personnes les plus d\u00e9munies\",\"publisher\":{\"@id\":\"https:\\\/\\\/filles-de-la-charite.org\\\/pt-pt\\\/#organization\"},\"potentialAction\":[{\"@type\":\"SearchAction\",\"target\":{\"@type\":\"EntryPoint\",\"urlTemplate\":\"https:\\\/\\\/filles-de-la-charite.org\\\/pt-pt\\\/?s={search_term_string}\"},\"query-input\":{\"@type\":\"PropertyValueSpecification\",\"valueRequired\":true,\"valueName\":\"search_term_string\"}}],\"inLanguage\":\"pt-PT\"},{\"@type\":\"Organization\",\"@id\":\"https:\\\/\\\/filles-de-la-charite.org\\\/pt-pt\\\/#organization\",\"name\":\"Hijas de la Caridad\",\"url\":\"https:\\\/\\\/filles-de-la-charite.org\\\/pt-pt\\\/\",\"logo\":{\"@type\":\"ImageObject\",\"inLanguage\":\"pt-PT\",\"@id\":\"https:\\\/\\\/filles-de-la-charite.org\\\/pt-pt\\\/#\\\/schema\\\/logo\\\/image\\\/\",\"url\":\"https:\\\/\\\/filles-de-la-charite.org\\\/wp-content\\\/uploads\\\/2023\\\/03\\\/isotipo-Hijas-de-la-Caridad.png\",\"contentUrl\":\"https:\\\/\\\/filles-de-la-charite.org\\\/wp-content\\\/uploads\\\/2023\\\/03\\\/isotipo-Hijas-de-la-Caridad.png\",\"width\":1417,\"height\":1417,\"caption\":\"Hijas de la Caridad\"},\"image\":{\"@id\":\"https:\\\/\\\/filles-de-la-charite.org\\\/pt-pt\\\/#\\\/schema\\\/logo\\\/image\\\/\"}},{\"@type\":\"Person\",\"@id\":\"https:\\\/\\\/filles-de-la-charite.org\\\/pt-pt\\\/#\\\/schema\\\/person\\\/427567b2eccfc2dd7d206da186a1f438\",\"name\":\"admin\",\"image\":{\"@type\":\"ImageObject\",\"inLanguage\":\"pt-PT\",\"@id\":\"https:\\\/\\\/secure.gravatar.com\\\/avatar\\\/948b492cce32b586ac2db0eaa926ee87024f7afe218d73b397ea5ddfc5f43ea1?s=96&d=mm&r=g\",\"url\":\"https:\\\/\\\/secure.gravatar.com\\\/avatar\\\/948b492cce32b586ac2db0eaa926ee87024f7afe218d73b397ea5ddfc5f43ea1?s=96&d=mm&r=g\",\"contentUrl\":\"https:\\\/\\\/secure.gravatar.com\\\/avatar\\\/948b492cce32b586ac2db0eaa926ee87024f7afe218d73b397ea5ddfc5f43ea1?s=96&d=mm&r=g\",\"caption\":\"admin\"},\"sameAs\":[\"https:\\\/\\\/filles-de-la-charite.org\"],\"url\":\"https:\\\/\\\/filles-de-la-charite.org\\\/pt-pt\\\/author\\\/caridad\\\/\"}]}<\/script>\n<!-- \/ Yoast SEO plugin. -->","yoast_head_json":{"title":"Encontro Interprovincial de Irm\u00e3s de Forma\u00e7\u00e3o Inicial em Espanha - Filles de la Charit\u00e9","robots":{"index":"index","follow":"follow","max-snippet":"max-snippet:-1","max-image-preview":"max-image-preview:large","max-video-preview":"max-video-preview:-1"},"canonical":"https:\/\/filles-de-la-charite.org\/pt-pt\/interprovincial-meeting-of-initial-formation-sisters-of-spain-5-2\/","og_locale":"pt_PT","og_type":"article","og_title":"Encontro Interprovincial de Irm\u00e3s de Forma\u00e7\u00e3o Inicial em Espanha - Filles de la Charit\u00e9","og_description":"Nos dias 28\/11 a 1\/12 teve lugar em Almendros (Madrid) o Encontro de Forma\u00e7\u00e3o Inicial. Fomos na companhia de Lola Arrieta e Cova Orejas, Irm\u00e3s Carmelitas da Caridade de Vedruna que colaboram no Projeto conhecido por acompanhamento \u201cRuaj\u201d e foram as encarregadas de apresentar-nos o tema escolhido: \u201cRelato da pr\u00f3pria vida vivida como voca\u00e7\u00e3o\u201d&nbsp;e de [&hellip;]","og_url":"https:\/\/filles-de-la-charite.org\/pt-pt\/interprovincial-meeting-of-initial-formation-sisters-of-spain-5-2\/","og_site_name":"Filles de la Charit\u00e9","article_published_time":"2019-12-28T17:21:05+00:00","article_modified_time":"2024-03-17T17:54:59+00:00","og_image":[{"width":1200,"height":1200,"url":"https:\/\/filles-de-la-charite.org\/wp-content\/uploads\/2023\/06\/191228-formacion-5-1.jpg","type":"image\/jpeg"}],"author":"admin","twitter_card":"summary_large_image","twitter_misc":{"Escrito por":"admin","Tempo estimado de leitura":"3 minutos"},"schema":{"@context":"https:\/\/schema.org","@graph":[{"@type":"Article","@id":"https:\/\/filles-de-la-charite.org\/pt-pt\/interprovincial-meeting-of-initial-formation-sisters-of-spain-5-2\/#article","isPartOf":{"@id":"https:\/\/filles-de-la-charite.org\/pt-pt\/interprovincial-meeting-of-initial-formation-sisters-of-spain-5-2\/"},"author":{"name":"admin","@id":"https:\/\/filles-de-la-charite.org\/pt-pt\/#\/schema\/person\/427567b2eccfc2dd7d206da186a1f438"},"headline":"Encontro Interprovincial de Irm\u00e3s de Forma\u00e7\u00e3o Inicial em Espanha","datePublished":"2019-12-28T17:21:05+00:00","dateModified":"2024-03-17T17:54:59+00:00","mainEntityOfPage":{"@id":"https:\/\/filles-de-la-charite.org\/pt-pt\/interprovincial-meeting-of-initial-formation-sisters-of-spain-5-2\/"},"wordCount":671,"publisher":{"@id":"https:\/\/filles-de-la-charite.org\/pt-pt\/#organization"},"image":{"@id":"https:\/\/filles-de-la-charite.org\/pt-pt\/interprovincial-meeting-of-initial-formation-sisters-of-spain-5-2\/#primaryimage"},"thumbnailUrl":"https:\/\/filles-de-la-charite.org\/wp-content\/uploads\/2023\/06\/191228-formacion-5-1.jpg","articleSection":["Espanha"],"inLanguage":"pt-PT"},{"@type":"WebPage","@id":"https:\/\/filles-de-la-charite.org\/pt-pt\/interprovincial-meeting-of-initial-formation-sisters-of-spain-5-2\/","url":"https:\/\/filles-de-la-charite.org\/pt-pt\/interprovincial-meeting-of-initial-formation-sisters-of-spain-5-2\/","name":"Encontro Interprovincial de Irm\u00e3s de Forma\u00e7\u00e3o Inicial em Espanha - Filles de la Charit\u00e9","isPartOf":{"@id":"https:\/\/filles-de-la-charite.org\/pt-pt\/#website"},"primaryImageOfPage":{"@id":"https:\/\/filles-de-la-charite.org\/pt-pt\/interprovincial-meeting-of-initial-formation-sisters-of-spain-5-2\/#primaryimage"},"image":{"@id":"https:\/\/filles-de-la-charite.org\/pt-pt\/interprovincial-meeting-of-initial-formation-sisters-of-spain-5-2\/#primaryimage"},"thumbnailUrl":"https:\/\/filles-de-la-charite.org\/wp-content\/uploads\/2023\/06\/191228-formacion-5-1.jpg","datePublished":"2019-12-28T17:21:05+00:00","dateModified":"2024-03-17T17:54:59+00:00","breadcrumb":{"@id":"https:\/\/filles-de-la-charite.org\/pt-pt\/interprovincial-meeting-of-initial-formation-sisters-of-spain-5-2\/#breadcrumb"},"inLanguage":"pt-PT","potentialAction":[{"@type":"ReadAction","target":["https:\/\/filles-de-la-charite.org\/pt-pt\/interprovincial-meeting-of-initial-formation-sisters-of-spain-5-2\/"]}]},{"@type":"ImageObject","inLanguage":"pt-PT","@id":"https:\/\/filles-de-la-charite.org\/pt-pt\/interprovincial-meeting-of-initial-formation-sisters-of-spain-5-2\/#primaryimage","url":"https:\/\/filles-de-la-charite.org\/wp-content\/uploads\/2023\/06\/191228-formacion-5-1.jpg","contentUrl":"https:\/\/filles-de-la-charite.org\/wp-content\/uploads\/2023\/06\/191228-formacion-5-1.jpg","width":1200,"height":1200},{"@type":"BreadcrumbList","@id":"https:\/\/filles-de-la-charite.org\/pt-pt\/interprovincial-meeting-of-initial-formation-sisters-of-spain-5-2\/#breadcrumb","itemListElement":[{"@type":"ListItem","position":1,"name":"Espanha","item":"https:\/\/filles-de-la-charite.org\/pt-pt\/category\/espana-pt-pt\/"},{"@type":"ListItem","position":2,"name":"Encontro Interprovincial de Irm\u00e3s de Forma\u00e7\u00e3o Inicial em Espanha"}]},{"@type":"WebSite","@id":"https:\/\/filles-de-la-charite.org\/pt-pt\/#website","url":"https:\/\/filles-de-la-charite.org\/pt-pt\/","name":"Hijas de la Caridad","description":"L\u2019amour de J\u00e9sus nous presse \u00e0 prendre soin des personnes les plus d\u00e9munies","publisher":{"@id":"https:\/\/filles-de-la-charite.org\/pt-pt\/#organization"},"potentialAction":[{"@type":"SearchAction","target":{"@type":"EntryPoint","urlTemplate":"https:\/\/filles-de-la-charite.org\/pt-pt\/?s={search_term_string}"},"query-input":{"@type":"PropertyValueSpecification","valueRequired":true,"valueName":"search_term_string"}}],"inLanguage":"pt-PT"},{"@type":"Organization","@id":"https:\/\/filles-de-la-charite.org\/pt-pt\/#organization","name":"Hijas de la Caridad","url":"https:\/\/filles-de-la-charite.org\/pt-pt\/","logo":{"@type":"ImageObject","inLanguage":"pt-PT","@id":"https:\/\/filles-de-la-charite.org\/pt-pt\/#\/schema\/logo\/image\/","url":"https:\/\/filles-de-la-charite.org\/wp-content\/uploads\/2023\/03\/isotipo-Hijas-de-la-Caridad.png","contentUrl":"https:\/\/filles-de-la-charite.org\/wp-content\/uploads\/2023\/03\/isotipo-Hijas-de-la-Caridad.png","width":1417,"height":1417,"caption":"Hijas de la Caridad"},"image":{"@id":"https:\/\/filles-de-la-charite.org\/pt-pt\/#\/schema\/logo\/image\/"}},{"@type":"Person","@id":"https:\/\/filles-de-la-charite.org\/pt-pt\/#\/schema\/person\/427567b2eccfc2dd7d206da186a1f438","name":"admin","image":{"@type":"ImageObject","inLanguage":"pt-PT","@id":"https:\/\/secure.gravatar.com\/avatar\/948b492cce32b586ac2db0eaa926ee87024f7afe218d73b397ea5ddfc5f43ea1?s=96&d=mm&r=g","url":"https:\/\/secure.gravatar.com\/avatar\/948b492cce32b586ac2db0eaa926ee87024f7afe218d73b397ea5ddfc5f43ea1?s=96&d=mm&r=g","contentUrl":"https:\/\/secure.gravatar.com\/avatar\/948b492cce32b586ac2db0eaa926ee87024f7afe218d73b397ea5ddfc5f43ea1?s=96&d=mm&r=g","caption":"admin"},"sameAs":["https:\/\/filles-de-la-charite.org"],"url":"https:\/\/filles-de-la-charite.org\/pt-pt\/author\/caridad\/"}]}},"_links":{"self":[{"href":"https:\/\/filles-de-la-charite.org\/pt-pt\/wp-json\/wp\/v2\/posts\/25130","targetHints":{"allow":["GET"]}}],"collection":[{"href":"https:\/\/filles-de-la-charite.org\/pt-pt\/wp-json\/wp\/v2\/posts"}],"about":[{"href":"https:\/\/filles-de-la-charite.org\/pt-pt\/wp-json\/wp\/v2\/types\/post"}],"author":[{"embeddable":true,"href":"https:\/\/filles-de-la-charite.org\/pt-pt\/wp-json\/wp\/v2\/users\/1"}],"replies":[{"embeddable":true,"href":"https:\/\/filles-de-la-charite.org\/pt-pt\/wp-json\/wp\/v2\/comments?post=25130"}],"version-history":[{"count":1,"href":"https:\/\/filles-de-la-charite.org\/pt-pt\/wp-json\/wp\/v2\/posts\/25130\/revisions"}],"predecessor-version":[{"id":25131,"href":"https:\/\/filles-de-la-charite.org\/pt-pt\/wp-json\/wp\/v2\/posts\/25130\/revisions\/25131"}],"wp:featuredmedia":[{"embeddable":true,"href":"https:\/\/filles-de-la-charite.org\/pt-pt\/wp-json\/wp\/v2\/media\/14325"}],"wp:attachment":[{"href":"https:\/\/filles-de-la-charite.org\/pt-pt\/wp-json\/wp\/v2\/media?parent=25130"}],"wp:term":[{"taxonomy":"category","embeddable":true,"href":"https:\/\/filles-de-la-charite.org\/pt-pt\/wp-json\/wp\/v2\/categories?post=25130"},{"taxonomy":"post_tag","embeddable":true,"href":"https:\/\/filles-de-la-charite.org\/pt-pt\/wp-json\/wp\/v2\/tags?post=25130"}],"curies":[{"name":"wp","href":"https:\/\/api.w.org\/{rel}","templated":true}]}}