{"id":25132,"date":"2020-01-13T23:36:03","date_gmt":"2020-01-13T22:36:03","guid":{"rendered":"https:\/\/hijascaridad.sjdigitaldemo.ovh\/christmas-prayer-celebration-at-san-vicente-de-paul-integral-program-5-2\/"},"modified":"2024-03-17T18:54:51","modified_gmt":"2024-03-17T17:54:51","slug":"christmas-prayer-celebration-at-san-vicente-de-paul-integral-program-5-2","status":"publish","type":"post","link":"https:\/\/filles-de-la-charite.org\/pt-pt\/christmas-prayer-celebration-at-san-vicente-de-paul-integral-program-5-2\/","title":{"rendered":"Ora\u00e7\u00e3o-Celebra\u00e7\u00e3o do Natal no Programa Integral de S\u00e3o Vicente de Paulo"},"content":{"rendered":"\n<p><strong>O primeiro Bel\u00e9m<\/strong>foi realizado e vivido por todos os presentes. Hoje \u00e0 tarde, em 2019, vamos <strong>ENTRE TODOS<\/strong>(pessoas que v\u00eam ao Programa, trabalhadores, volunt\u00e1rios, irm\u00e3s), <strong>para orar, celebrar e reconstruir a Bel\u00e9m.<\/strong>Vamos contemplar <strong>a situa\u00e7\u00e3o de pobreza de Maria e Jos\u00e9<\/strong>, pais de Jesus, tendo que colocar seu Filho reclinado em uma manjedoura, <strong>no feno, porque n\u00e3o havia lugar para eles.<\/strong><\/p>\n\n\n\n<p><strong><u>PREPARE O PRES\u00c9PIO<\/u><\/strong>. (Uma m\u00e3e do programa prepara a manjedoura ...) \"Imagine\" ... \"sinta\" ... \"toque\" ... o lugar onde Jesus nasceu no meio da noite ... Vamos pensar em quantas vezes a noite envolve nossas vidas ..., mesmo nesses momentos, Deus n\u00e3o nos deixa em paz, ele se faz presente para responder \u00e0s perguntas sobre o significado de nossa exist\u00eancia: <strong>Quem sou eu? De onde venho? Por que eu nasci nessa \u00e9poca? Porque eu amo, Por que eu sofro? Por que eu vou morrer? ... Para responder a essas perguntas, Deus se tornou homem. Sua proximidade traz luz onde h\u00e1 trevas e ilumina aqueles que atravessam as trevas do sofrimento (cf. Lc 1,79).<\/strong> http:\/\/youtu.be\/u3-VftP_At8&nbsp; <\/p>\n\n\n\n<p><b>CORAL<\/b> ... (As Irm\u00e3s do Semin\u00e1rio cantam) Aproximamo-nos dos pais de Jesus, <strong>a MARIA e a JOS\u00c9<\/strong>. <strong>MARIA<\/strong>contempla o filho e <strong>mostra quantos v\u00eam visit\u00e1-lo<\/strong>. Deus bateu \u00e0 porta do seu cora\u00e7\u00e3o limpo e acolhedor. No an\u00fancio do anjo, que pediu que ele fosse a m\u00e3e de Deus, Maria respondeu: <strong>\"Fa\u00e7a-se em mim segundo a tua palavra<\/strong>\" (Lc 1,38). <strong>Ela n\u00e3o tem o Filho apenas para si mesma, mas para todos os que querem se aproximar dele.<\/strong><\/p>\n\n\n\n<div class=\"wp-block-image\"><figure class=\"alignright\"><img decoding=\"async\" src=\"https:\/\/filles-de-la-charite.org\/wp-content\/uploads\/2023\/06\/200113-Christmas-01-184x300.jpg\" alt=\"\" class=\"wp-image-40306\" \/><\/figure><\/div>\n\n\n\n<p><b>JOS\u00c9<\/b>, junto com Maria, em uma atitude de prote\u00e7\u00e3o \u00e0 crian\u00e7a e \u00e0 m\u00e3e, cuida e protege sua fam\u00edlia. Quando alertou sobre a amea\u00e7a de Herodes, n\u00e3o hesitou em seguir seu caminho e emigrar para o Egito (cf. Mt 2,13-15). Depois do perigo, ele voltou com sua fam\u00edlia para Nazar\u00e9, para continuar educando JESUS, junto com Maria. M\u00fasica.<\/p>\n\n\n\n<p><strong>JESUS&nbsp;<\/strong>\u200b\u200b(Um homem do programa traz a Crian\u00e7a). Deus aparece em uma crian\u00e7a. Na fraqueza e fragilidade, ele esconde seu poder que cria e transforma tudo, Deus a crian\u00e7a quis revelar a grandeza de seu amor, que se manifesta no sorriso e em alcan\u00e7ar todos. Ao ver os olhos dos maridos jovens brilharem diante do filho rec\u00e9m-nascido, entendemos os sentimentos de Maria e Jos\u00e9 que, olhando para o menino Jesus, perceberam a presen\u00e7a de Deus em suas vidas. \"A vida tornou-se vis\u00edvel\" (1 Jo 1,2).<\/p>\n\n\n\n<p><b>OS PASTORES<\/b> (Algumas crian\u00e7as do Programa Pastor se aproximam da Manjedoura) Quando a grande Nova foi anunciada aos pastores, eles se sentiram muito felizes. S\u00e3o os mais humildes e os mais pobres que sabem sediar o evento da Encarna\u00e7\u00e3o. Eles que n\u00e3o conhecem outra abund\u00e2ncia al\u00e9m da do cora\u00e7\u00e3o.<\/p>\n\n\n\n<p><b>OS MAGOS<\/b> (os trabalhadores do programa levam coroas dos reis magos que s\u00e3o deposita-os ao redor da manjedoura). As figuras dos tr\u00eas Reis Magos observando a estrela, aqueles s\u00e1bios e ricos senhores do Oriente partiram para Bel\u00e9m para oferecer presentes: ouro, incenso e mirra. O ouro honra a realeza de Jesus; o incenso sua divindade; Mirra sua humanidade. Cada um de n\u00f3s deve ser uma boa not\u00edcia para os outros, atrav\u00e9s de nossas palavras, nossos gestos, nossas a\u00e7\u00f5es, com a\u00e7\u00f5es concretas de miseric\u00f3rdia, demonstrando a alegria de ter encontrado Jesus e seu amor. Os Magos ensinam que voc\u00ea pode come\u00e7ar de longe para alcan\u00e7ar Cristo. Eles n\u00e3o s\u00e3o escandalizados pela pobreza do meio ambiente; N\u00e3o hesite em ajoelhar-se e ador\u00e1-lo. <div class=\"et_pb_slider et_pb_slider_fullwidth_off et_pb_gallery_post_type\">\n\t\t\t\t<div class=\"et_pb_slides\">\n\t\t\t\t\t\n\t\t\t\t<\/div>\n\t\t\t<\/div> <\/p>\n\n\n\n<p>Juli\u00e1n del Olmo (Padre e jornalista). <strong>O portal de Bel\u00e9m j\u00e1 est\u00e1 preparado<\/strong>, todos os personagens estiveram presentes. Faltamos n\u00f3s. Foi-nos dado um peda\u00e7o de papel no qual todos podem escrever um sonho, um pedido, uma lembran\u00e7a da sua inf\u00e2ncia ... <strong>Todo mundo vem colocar o papel com o sonho, o desejo, etc. e adorar a crian\u00e7a<\/strong>. Bel\u00e9m fala do amor de Deus, o Deus criado Crian\u00e7a, para nos dizer o qu\u00e3o perto est\u00e1 de cada pessoa, seja qual for sua condi\u00e7\u00e3o e situa\u00e7\u00e3o: crian\u00e7a, jovem, doente, velha, desempregada, emigrante ...<\/p>\n\n\n\n<p><strong>POEMA E CONTO DE NATAL<\/strong>Neste Natal ... diga \u00e0s crian\u00e7asque<strong>\u00e9 pecado jogar comida no lixo enquanto milh\u00f5es de pessoas passam fome.<\/strong><\/p>\n\n\n\n<p>Diga-lhes ... que <strong>os recursos do Planeta e dos pais s\u00e3o limitados e devem ser bem administrados, para garantir o futuro deles e o nosso.<\/strong><\/p>\n\n\n\n<p>Diga a eles ... que<strong>quem tem mais n\u00e3o \u00e9 mais feliz, mas quem precisa de menos.<\/strong><\/p>\n\n\n\n<p>Diga a eles ... que<strong>as pessoas que cuidam dos idosos s\u00e3o emigrantes e n\u00f3s temos que agradec\u00ea-los pelo servi\u00e7o que prestam.<\/strong><\/p>\n\n\n\n<p>Diga a eles ... <strong>o quecelebramos no Natal: QUE JESUS, O FILHO DE DEUS, VEIO DO C\u00c9U \u00c0 TERRA PARA SER O NOSSO MELHOR AMIGO.<\/strong><\/p>\n\n\n\n<p><b><span lang=\"PT-BR\"><strong>Diga \u00e0s crian\u00e7as!<\/strong>(O padre apresenta o JESUS \u200b\u200bINFANTIL para adorar em toda a capela.<\/span><\/b> <\/p>\n\n\n\n<div class=\"et_pb_slider et_pb_slider_fullwidth_off et_pb_gallery_post_type\">\n\t\t\t\t<div class=\"et_pb_slides\">\n\t\t\t\t\t\n\t\t\t\t<\/div>\n\t\t\t<\/div>\n","protected":false},"excerpt":{"rendered":"<p>O primeiro Bel\u00e9mfoi realizado e vivido por todos os presentes. Hoje \u00e0 tarde, em 2019, vamos ENTRE TODOS(pessoas que v\u00eam ao Programa, trabalhadores, volunt\u00e1rios, irm\u00e3s), para orar, celebrar e reconstruir a Bel\u00e9m.Vamos contemplar a situa\u00e7\u00e3o de pobreza de Maria e Jos\u00e9, pais de Jesus, tendo que colocar seu Filho reclinado em uma manjedoura, no feno, [&hellip;]<\/p>\n","protected":false},"author":1,"featured_media":14339,"comment_status":"closed","ping_status":"closed","sticky":false,"template":"","format":"standard","meta":{"_acf_changed":false,"footnotes":"","_links_to":"","_links_to_target":""},"categories":[814],"tags":[],"class_list":["post-25132","post","type-post","status-publish","format-standard","has-post-thumbnail","hentry","category-madrid-santa-luisa-pt-pt"],"acf":[],"yoast_head":"<!-- This site is optimized with the Yoast SEO plugin v27.5 - https:\/\/yoast.com\/product\/yoast-seo-wordpress\/ -->\n<title>Ora\u00e7\u00e3o-Celebra\u00e7\u00e3o do Natal no Programa Integral de S\u00e3o Vicente de Paulo - Filles de la Charit\u00e9<\/title>\n<meta name=\"robots\" content=\"index, follow, max-snippet:-1, max-image-preview:large, max-video-preview:-1\" \/>\n<link rel=\"canonical\" href=\"https:\/\/filles-de-la-charite.org\/pt-pt\/christmas-prayer-celebration-at-san-vicente-de-paul-integral-program-5-2\/\" \/>\n<meta property=\"og:locale\" content=\"pt_PT\" \/>\n<meta property=\"og:type\" content=\"article\" \/>\n<meta property=\"og:title\" content=\"Ora\u00e7\u00e3o-Celebra\u00e7\u00e3o do Natal no Programa Integral de S\u00e3o Vicente de Paulo - Filles de la Charit\u00e9\" \/>\n<meta property=\"og:description\" content=\"O primeiro Bel\u00e9mfoi realizado e vivido por todos os presentes. Hoje \u00e0 tarde, em 2019, vamos ENTRE TODOS(pessoas que v\u00eam ao Programa, trabalhadores, volunt\u00e1rios, irm\u00e3s), para orar, celebrar e reconstruir a Bel\u00e9m.Vamos contemplar a situa\u00e7\u00e3o de pobreza de Maria e Jos\u00e9, pais de Jesus, tendo que colocar seu Filho reclinado em uma manjedoura, no feno, [&hellip;]\" \/>\n<meta property=\"og:url\" content=\"https:\/\/filles-de-la-charite.org\/pt-pt\/christmas-prayer-celebration-at-san-vicente-de-paul-integral-program-5-2\/\" \/>\n<meta property=\"og:site_name\" content=\"Filles de la Charit\u00e9\" \/>\n<meta property=\"article:published_time\" content=\"2020-01-13T22:36:03+00:00\" \/>\n<meta property=\"article:modified_time\" content=\"2024-03-17T17:54:51+00:00\" \/>\n<meta property=\"og:image\" content=\"https:\/\/filles-de-la-charite.org\/wp-content\/uploads\/2023\/06\/200113-Christmas-thmb-300x200-1.jpg\" \/>\n\t<meta property=\"og:image:width\" content=\"300\" \/>\n\t<meta property=\"og:image:height\" content=\"200\" \/>\n\t<meta property=\"og:image:type\" content=\"image\/jpeg\" \/>\n<meta name=\"author\" content=\"admin\" \/>\n<meta name=\"twitter:card\" content=\"summary_large_image\" \/>\n<meta name=\"twitter:label1\" content=\"Escrito por\" \/>\n\t<meta name=\"twitter:data1\" content=\"admin\" \/>\n\t<meta name=\"twitter:label2\" content=\"Tempo estimado de leitura\" \/>\n\t<meta name=\"twitter:data2\" content=\"5 minutos\" \/>\n<script type=\"application\/ld+json\" class=\"yoast-schema-graph\">{\"@context\":\"https:\\\/\\\/schema.org\",\"@graph\":[{\"@type\":\"Article\",\"@id\":\"https:\\\/\\\/filles-de-la-charite.org\\\/pt-pt\\\/christmas-prayer-celebration-at-san-vicente-de-paul-integral-program-5-2\\\/#article\",\"isPartOf\":{\"@id\":\"https:\\\/\\\/filles-de-la-charite.org\\\/pt-pt\\\/christmas-prayer-celebration-at-san-vicente-de-paul-integral-program-5-2\\\/\"},\"author\":{\"name\":\"admin\",\"@id\":\"https:\\\/\\\/filles-de-la-charite.org\\\/pt-pt\\\/#\\\/schema\\\/person\\\/427567b2eccfc2dd7d206da186a1f438\"},\"headline\":\"Ora\u00e7\u00e3o-Celebra\u00e7\u00e3o do Natal no Programa Integral de S\u00e3o Vicente de Paulo\",\"datePublished\":\"2020-01-13T22:36:03+00:00\",\"dateModified\":\"2024-03-17T17:54:51+00:00\",\"mainEntityOfPage\":{\"@id\":\"https:\\\/\\\/filles-de-la-charite.org\\\/pt-pt\\\/christmas-prayer-celebration-at-san-vicente-de-paul-integral-program-5-2\\\/\"},\"wordCount\":933,\"publisher\":{\"@id\":\"https:\\\/\\\/filles-de-la-charite.org\\\/pt-pt\\\/#organization\"},\"image\":{\"@id\":\"https:\\\/\\\/filles-de-la-charite.org\\\/pt-pt\\\/christmas-prayer-celebration-at-san-vicente-de-paul-integral-program-5-2\\\/#primaryimage\"},\"thumbnailUrl\":\"https:\\\/\\\/filles-de-la-charite.org\\\/wp-content\\\/uploads\\\/2023\\\/06\\\/200113-Christmas-thmb-300x200-1.jpg\",\"articleSection\":[\"Madrid - Santa Luisa\"],\"inLanguage\":\"pt-PT\"},{\"@type\":\"WebPage\",\"@id\":\"https:\\\/\\\/filles-de-la-charite.org\\\/pt-pt\\\/christmas-prayer-celebration-at-san-vicente-de-paul-integral-program-5-2\\\/\",\"url\":\"https:\\\/\\\/filles-de-la-charite.org\\\/pt-pt\\\/christmas-prayer-celebration-at-san-vicente-de-paul-integral-program-5-2\\\/\",\"name\":\"Ora\u00e7\u00e3o-Celebra\u00e7\u00e3o do Natal no Programa Integral de S\u00e3o Vicente de Paulo - Filles de la Charit\u00e9\",\"isPartOf\":{\"@id\":\"https:\\\/\\\/filles-de-la-charite.org\\\/pt-pt\\\/#website\"},\"primaryImageOfPage\":{\"@id\":\"https:\\\/\\\/filles-de-la-charite.org\\\/pt-pt\\\/christmas-prayer-celebration-at-san-vicente-de-paul-integral-program-5-2\\\/#primaryimage\"},\"image\":{\"@id\":\"https:\\\/\\\/filles-de-la-charite.org\\\/pt-pt\\\/christmas-prayer-celebration-at-san-vicente-de-paul-integral-program-5-2\\\/#primaryimage\"},\"thumbnailUrl\":\"https:\\\/\\\/filles-de-la-charite.org\\\/wp-content\\\/uploads\\\/2023\\\/06\\\/200113-Christmas-thmb-300x200-1.jpg\",\"datePublished\":\"2020-01-13T22:36:03+00:00\",\"dateModified\":\"2024-03-17T17:54:51+00:00\",\"breadcrumb\":{\"@id\":\"https:\\\/\\\/filles-de-la-charite.org\\\/pt-pt\\\/christmas-prayer-celebration-at-san-vicente-de-paul-integral-program-5-2\\\/#breadcrumb\"},\"inLanguage\":\"pt-PT\",\"potentialAction\":[{\"@type\":\"ReadAction\",\"target\":[\"https:\\\/\\\/filles-de-la-charite.org\\\/pt-pt\\\/christmas-prayer-celebration-at-san-vicente-de-paul-integral-program-5-2\\\/\"]}]},{\"@type\":\"ImageObject\",\"inLanguage\":\"pt-PT\",\"@id\":\"https:\\\/\\\/filles-de-la-charite.org\\\/pt-pt\\\/christmas-prayer-celebration-at-san-vicente-de-paul-integral-program-5-2\\\/#primaryimage\",\"url\":\"https:\\\/\\\/filles-de-la-charite.org\\\/wp-content\\\/uploads\\\/2023\\\/06\\\/200113-Christmas-thmb-300x200-1.jpg\",\"contentUrl\":\"https:\\\/\\\/filles-de-la-charite.org\\\/wp-content\\\/uploads\\\/2023\\\/06\\\/200113-Christmas-thmb-300x200-1.jpg\",\"width\":300,\"height\":200},{\"@type\":\"BreadcrumbList\",\"@id\":\"https:\\\/\\\/filles-de-la-charite.org\\\/pt-pt\\\/christmas-prayer-celebration-at-san-vicente-de-paul-integral-program-5-2\\\/#breadcrumb\",\"itemListElement\":[{\"@type\":\"ListItem\",\"position\":1,\"name\":\"Filhas da Caridade\",\"item\":\"https:\\\/\\\/filles-de-la-charite.org\\\/pt-pt\\\/category\\\/filhas-da-caridade\\\/\"},{\"@type\":\"ListItem\",\"position\":2,\"name\":\"Ora\u00e7\u00e3o-Celebra\u00e7\u00e3o do Natal no Programa Integral de S\u00e3o Vicente de Paulo\"}]},{\"@type\":\"WebSite\",\"@id\":\"https:\\\/\\\/filles-de-la-charite.org\\\/pt-pt\\\/#website\",\"url\":\"https:\\\/\\\/filles-de-la-charite.org\\\/pt-pt\\\/\",\"name\":\"Hijas de la Caridad\",\"description\":\"L\u2019amour de J\u00e9sus nous presse \u00e0 prendre soin des personnes les plus d\u00e9munies\",\"publisher\":{\"@id\":\"https:\\\/\\\/filles-de-la-charite.org\\\/pt-pt\\\/#organization\"},\"potentialAction\":[{\"@type\":\"SearchAction\",\"target\":{\"@type\":\"EntryPoint\",\"urlTemplate\":\"https:\\\/\\\/filles-de-la-charite.org\\\/pt-pt\\\/?s={search_term_string}\"},\"query-input\":{\"@type\":\"PropertyValueSpecification\",\"valueRequired\":true,\"valueName\":\"search_term_string\"}}],\"inLanguage\":\"pt-PT\"},{\"@type\":\"Organization\",\"@id\":\"https:\\\/\\\/filles-de-la-charite.org\\\/pt-pt\\\/#organization\",\"name\":\"Hijas de la Caridad\",\"url\":\"https:\\\/\\\/filles-de-la-charite.org\\\/pt-pt\\\/\",\"logo\":{\"@type\":\"ImageObject\",\"inLanguage\":\"pt-PT\",\"@id\":\"https:\\\/\\\/filles-de-la-charite.org\\\/pt-pt\\\/#\\\/schema\\\/logo\\\/image\\\/\",\"url\":\"https:\\\/\\\/filles-de-la-charite.org\\\/wp-content\\\/uploads\\\/2023\\\/03\\\/isotipo-Hijas-de-la-Caridad.png\",\"contentUrl\":\"https:\\\/\\\/filles-de-la-charite.org\\\/wp-content\\\/uploads\\\/2023\\\/03\\\/isotipo-Hijas-de-la-Caridad.png\",\"width\":1417,\"height\":1417,\"caption\":\"Hijas de la Caridad\"},\"image\":{\"@id\":\"https:\\\/\\\/filles-de-la-charite.org\\\/pt-pt\\\/#\\\/schema\\\/logo\\\/image\\\/\"}},{\"@type\":\"Person\",\"@id\":\"https:\\\/\\\/filles-de-la-charite.org\\\/pt-pt\\\/#\\\/schema\\\/person\\\/427567b2eccfc2dd7d206da186a1f438\",\"name\":\"admin\",\"image\":{\"@type\":\"ImageObject\",\"inLanguage\":\"pt-PT\",\"@id\":\"https:\\\/\\\/secure.gravatar.com\\\/avatar\\\/948b492cce32b586ac2db0eaa926ee87024f7afe218d73b397ea5ddfc5f43ea1?s=96&d=mm&r=g\",\"url\":\"https:\\\/\\\/secure.gravatar.com\\\/avatar\\\/948b492cce32b586ac2db0eaa926ee87024f7afe218d73b397ea5ddfc5f43ea1?s=96&d=mm&r=g\",\"contentUrl\":\"https:\\\/\\\/secure.gravatar.com\\\/avatar\\\/948b492cce32b586ac2db0eaa926ee87024f7afe218d73b397ea5ddfc5f43ea1?s=96&d=mm&r=g\",\"caption\":\"admin\"},\"sameAs\":[\"https:\\\/\\\/filles-de-la-charite.org\"],\"url\":\"https:\\\/\\\/filles-de-la-charite.org\\\/pt-pt\\\/author\\\/caridad\\\/\"}]}<\/script>\n<!-- \/ Yoast SEO plugin. -->","yoast_head_json":{"title":"Ora\u00e7\u00e3o-Celebra\u00e7\u00e3o do Natal no Programa Integral de S\u00e3o Vicente de Paulo - Filles de la Charit\u00e9","robots":{"index":"index","follow":"follow","max-snippet":"max-snippet:-1","max-image-preview":"max-image-preview:large","max-video-preview":"max-video-preview:-1"},"canonical":"https:\/\/filles-de-la-charite.org\/pt-pt\/christmas-prayer-celebration-at-san-vicente-de-paul-integral-program-5-2\/","og_locale":"pt_PT","og_type":"article","og_title":"Ora\u00e7\u00e3o-Celebra\u00e7\u00e3o do Natal no Programa Integral de S\u00e3o Vicente de Paulo - Filles de la Charit\u00e9","og_description":"O primeiro Bel\u00e9mfoi realizado e vivido por todos os presentes. Hoje \u00e0 tarde, em 2019, vamos ENTRE TODOS(pessoas que v\u00eam ao Programa, trabalhadores, volunt\u00e1rios, irm\u00e3s), para orar, celebrar e reconstruir a Bel\u00e9m.Vamos contemplar a situa\u00e7\u00e3o de pobreza de Maria e Jos\u00e9, pais de Jesus, tendo que colocar seu Filho reclinado em uma manjedoura, no feno, [&hellip;]","og_url":"https:\/\/filles-de-la-charite.org\/pt-pt\/christmas-prayer-celebration-at-san-vicente-de-paul-integral-program-5-2\/","og_site_name":"Filles de la Charit\u00e9","article_published_time":"2020-01-13T22:36:03+00:00","article_modified_time":"2024-03-17T17:54:51+00:00","og_image":[{"width":300,"height":200,"url":"https:\/\/filles-de-la-charite.org\/wp-content\/uploads\/2023\/06\/200113-Christmas-thmb-300x200-1.jpg","type":"image\/jpeg"}],"author":"admin","twitter_card":"summary_large_image","twitter_misc":{"Escrito por":"admin","Tempo estimado de leitura":"5 minutos"},"schema":{"@context":"https:\/\/schema.org","@graph":[{"@type":"Article","@id":"https:\/\/filles-de-la-charite.org\/pt-pt\/christmas-prayer-celebration-at-san-vicente-de-paul-integral-program-5-2\/#article","isPartOf":{"@id":"https:\/\/filles-de-la-charite.org\/pt-pt\/christmas-prayer-celebration-at-san-vicente-de-paul-integral-program-5-2\/"},"author":{"name":"admin","@id":"https:\/\/filles-de-la-charite.org\/pt-pt\/#\/schema\/person\/427567b2eccfc2dd7d206da186a1f438"},"headline":"Ora\u00e7\u00e3o-Celebra\u00e7\u00e3o do Natal no Programa Integral de S\u00e3o Vicente de Paulo","datePublished":"2020-01-13T22:36:03+00:00","dateModified":"2024-03-17T17:54:51+00:00","mainEntityOfPage":{"@id":"https:\/\/filles-de-la-charite.org\/pt-pt\/christmas-prayer-celebration-at-san-vicente-de-paul-integral-program-5-2\/"},"wordCount":933,"publisher":{"@id":"https:\/\/filles-de-la-charite.org\/pt-pt\/#organization"},"image":{"@id":"https:\/\/filles-de-la-charite.org\/pt-pt\/christmas-prayer-celebration-at-san-vicente-de-paul-integral-program-5-2\/#primaryimage"},"thumbnailUrl":"https:\/\/filles-de-la-charite.org\/wp-content\/uploads\/2023\/06\/200113-Christmas-thmb-300x200-1.jpg","articleSection":["Madrid - Santa Luisa"],"inLanguage":"pt-PT"},{"@type":"WebPage","@id":"https:\/\/filles-de-la-charite.org\/pt-pt\/christmas-prayer-celebration-at-san-vicente-de-paul-integral-program-5-2\/","url":"https:\/\/filles-de-la-charite.org\/pt-pt\/christmas-prayer-celebration-at-san-vicente-de-paul-integral-program-5-2\/","name":"Ora\u00e7\u00e3o-Celebra\u00e7\u00e3o do Natal no Programa Integral de S\u00e3o Vicente de Paulo - Filles de la Charit\u00e9","isPartOf":{"@id":"https:\/\/filles-de-la-charite.org\/pt-pt\/#website"},"primaryImageOfPage":{"@id":"https:\/\/filles-de-la-charite.org\/pt-pt\/christmas-prayer-celebration-at-san-vicente-de-paul-integral-program-5-2\/#primaryimage"},"image":{"@id":"https:\/\/filles-de-la-charite.org\/pt-pt\/christmas-prayer-celebration-at-san-vicente-de-paul-integral-program-5-2\/#primaryimage"},"thumbnailUrl":"https:\/\/filles-de-la-charite.org\/wp-content\/uploads\/2023\/06\/200113-Christmas-thmb-300x200-1.jpg","datePublished":"2020-01-13T22:36:03+00:00","dateModified":"2024-03-17T17:54:51+00:00","breadcrumb":{"@id":"https:\/\/filles-de-la-charite.org\/pt-pt\/christmas-prayer-celebration-at-san-vicente-de-paul-integral-program-5-2\/#breadcrumb"},"inLanguage":"pt-PT","potentialAction":[{"@type":"ReadAction","target":["https:\/\/filles-de-la-charite.org\/pt-pt\/christmas-prayer-celebration-at-san-vicente-de-paul-integral-program-5-2\/"]}]},{"@type":"ImageObject","inLanguage":"pt-PT","@id":"https:\/\/filles-de-la-charite.org\/pt-pt\/christmas-prayer-celebration-at-san-vicente-de-paul-integral-program-5-2\/#primaryimage","url":"https:\/\/filles-de-la-charite.org\/wp-content\/uploads\/2023\/06\/200113-Christmas-thmb-300x200-1.jpg","contentUrl":"https:\/\/filles-de-la-charite.org\/wp-content\/uploads\/2023\/06\/200113-Christmas-thmb-300x200-1.jpg","width":300,"height":200},{"@type":"BreadcrumbList","@id":"https:\/\/filles-de-la-charite.org\/pt-pt\/christmas-prayer-celebration-at-san-vicente-de-paul-integral-program-5-2\/#breadcrumb","itemListElement":[{"@type":"ListItem","position":1,"name":"Filhas da Caridade","item":"https:\/\/filles-de-la-charite.org\/pt-pt\/category\/filhas-da-caridade\/"},{"@type":"ListItem","position":2,"name":"Ora\u00e7\u00e3o-Celebra\u00e7\u00e3o do Natal no Programa Integral de S\u00e3o Vicente de Paulo"}]},{"@type":"WebSite","@id":"https:\/\/filles-de-la-charite.org\/pt-pt\/#website","url":"https:\/\/filles-de-la-charite.org\/pt-pt\/","name":"Hijas de la Caridad","description":"L\u2019amour de J\u00e9sus nous presse \u00e0 prendre soin des personnes les plus d\u00e9munies","publisher":{"@id":"https:\/\/filles-de-la-charite.org\/pt-pt\/#organization"},"potentialAction":[{"@type":"SearchAction","target":{"@type":"EntryPoint","urlTemplate":"https:\/\/filles-de-la-charite.org\/pt-pt\/?s={search_term_string}"},"query-input":{"@type":"PropertyValueSpecification","valueRequired":true,"valueName":"search_term_string"}}],"inLanguage":"pt-PT"},{"@type":"Organization","@id":"https:\/\/filles-de-la-charite.org\/pt-pt\/#organization","name":"Hijas de la Caridad","url":"https:\/\/filles-de-la-charite.org\/pt-pt\/","logo":{"@type":"ImageObject","inLanguage":"pt-PT","@id":"https:\/\/filles-de-la-charite.org\/pt-pt\/#\/schema\/logo\/image\/","url":"https:\/\/filles-de-la-charite.org\/wp-content\/uploads\/2023\/03\/isotipo-Hijas-de-la-Caridad.png","contentUrl":"https:\/\/filles-de-la-charite.org\/wp-content\/uploads\/2023\/03\/isotipo-Hijas-de-la-Caridad.png","width":1417,"height":1417,"caption":"Hijas de la Caridad"},"image":{"@id":"https:\/\/filles-de-la-charite.org\/pt-pt\/#\/schema\/logo\/image\/"}},{"@type":"Person","@id":"https:\/\/filles-de-la-charite.org\/pt-pt\/#\/schema\/person\/427567b2eccfc2dd7d206da186a1f438","name":"admin","image":{"@type":"ImageObject","inLanguage":"pt-PT","@id":"https:\/\/secure.gravatar.com\/avatar\/948b492cce32b586ac2db0eaa926ee87024f7afe218d73b397ea5ddfc5f43ea1?s=96&d=mm&r=g","url":"https:\/\/secure.gravatar.com\/avatar\/948b492cce32b586ac2db0eaa926ee87024f7afe218d73b397ea5ddfc5f43ea1?s=96&d=mm&r=g","contentUrl":"https:\/\/secure.gravatar.com\/avatar\/948b492cce32b586ac2db0eaa926ee87024f7afe218d73b397ea5ddfc5f43ea1?s=96&d=mm&r=g","caption":"admin"},"sameAs":["https:\/\/filles-de-la-charite.org"],"url":"https:\/\/filles-de-la-charite.org\/pt-pt\/author\/caridad\/"}]}},"_links":{"self":[{"href":"https:\/\/filles-de-la-charite.org\/pt-pt\/wp-json\/wp\/v2\/posts\/25132","targetHints":{"allow":["GET"]}}],"collection":[{"href":"https:\/\/filles-de-la-charite.org\/pt-pt\/wp-json\/wp\/v2\/posts"}],"about":[{"href":"https:\/\/filles-de-la-charite.org\/pt-pt\/wp-json\/wp\/v2\/types\/post"}],"author":[{"embeddable":true,"href":"https:\/\/filles-de-la-charite.org\/pt-pt\/wp-json\/wp\/v2\/users\/1"}],"replies":[{"embeddable":true,"href":"https:\/\/filles-de-la-charite.org\/pt-pt\/wp-json\/wp\/v2\/comments?post=25132"}],"version-history":[{"count":2,"href":"https:\/\/filles-de-la-charite.org\/pt-pt\/wp-json\/wp\/v2\/posts\/25132\/revisions"}],"predecessor-version":[{"id":25134,"href":"https:\/\/filles-de-la-charite.org\/pt-pt\/wp-json\/wp\/v2\/posts\/25132\/revisions\/25134"}],"wp:featuredmedia":[{"embeddable":true,"href":"https:\/\/filles-de-la-charite.org\/pt-pt\/wp-json\/wp\/v2\/media\/14339"}],"wp:attachment":[{"href":"https:\/\/filles-de-la-charite.org\/pt-pt\/wp-json\/wp\/v2\/media?parent=25132"}],"wp:term":[{"taxonomy":"category","embeddable":true,"href":"https:\/\/filles-de-la-charite.org\/pt-pt\/wp-json\/wp\/v2\/categories?post=25132"},{"taxonomy":"post_tag","embeddable":true,"href":"https:\/\/filles-de-la-charite.org\/pt-pt\/wp-json\/wp\/v2\/tags?post=25132"}],"curies":[{"name":"wp","href":"https:\/\/api.w.org\/{rel}","templated":true}]}}