{"id":25135,"date":"2020-02-03T23:26:38","date_gmt":"2020-02-03T22:26:38","guid":{"rendered":"https:\/\/hijascaridad.sjdigitaldemo.ovh\/first-year-in-the-interprovincial-project-in-melilla-5-2\/"},"modified":"2024-03-17T19:07:53","modified_gmt":"2024-03-17T18:07:53","slug":"first-year-in-the-interprovincial-project-in-melilla-5-2","status":"publish","type":"post","link":"https:\/\/filles-de-la-charite.org\/pt-pt\/first-year-in-the-interprovincial-project-in-melilla-5-2\/","title":{"rendered":"Primeiro ano no Projecto Interprovincial em Melilla"},"content":{"rendered":"\n<p>Seguindo a mensagem do Papa: \"ser uma Comunidade em vias de sa\u00edda\", as prov\u00edncias da Espanha das Filhas da Caridade partiram em dire\u00e7\u00e3o a Melilla, buscando atenuar o abandono de muitas crian\u00e7as imigrantes nas ruas.<\/p>\n\n\n\n<p>Chegamos no total de 5 Filhas da Caridade, conduzidas pela M\u00e3o da Divina Provid\u00eancia, a Melilla.<\/p>\n\n\n\n<p>Comece a conhecer-nos, a se instalar, a mobiliar a casa, a conhecer pessoas ... tivemos o grande presente de conhecer o pastor, Dom Rafael, que nos abriu as portas e at\u00e9 nos acompanhou pela cidade para n\u00e3o nos perdermos. Todo o primeiro ano foi um trabalho de rua, nosso grande Mestre Jesus de Nazar\u00e9, passou tr\u00eas anos andando pelas aldeias conversando ouvindo, confortando ... n\u00f3s, seguindo o exemplo dele, come\u00e7amos a fazer o mesmo. Procurando lugares onde \"jovens\" moravam, encontrasse pessoas que nos ajudariam, autoridades, encontrasse um lugar para se encontrar com eles etc ... e aprendesse \u00c1rabe e Franc\u00eas, para se comunicar com as crian\u00e7as.<\/p>\n\n\n\n<p>Atualmente, temos um local de acolhida onde eles podem passar a tarde, aprender espanhol, se conectar \u00e0 Internet para conversar com suas fam\u00edlias e amigos ... ou aprender. \u00c0 noite, \u00e0s 21:00 acompanhamos um grupo de volunt\u00e1rios que lhes traz comida, aqui todos saem \u00e0s ruas, \u00e0s vezes n\u00e3o muito jovens, houve momentos em que contamos at\u00e9 100 pessoas. Esses jovens querem ir para a Pen\u00ednsula, por isso fazem o que chamam de \"Riski\", arriscado e, \u00e9 claro, arriscam suas vidas, muitos morreram na tentativa. Eles ficam embaixo de caminh\u00f5es ou dentro de mercadorias \u00e0s vezes perigosas, s\u00e3o jogados em mar \u00e0 noite tentando entrar nos barcos, etc ... muitos entendem, outros n\u00e3o. Tamb\u00e9m vamos a Nador, Marrocos, para colaborar com a Delega\u00e7\u00e3o de Imigra\u00e7\u00e3o, eles servem imigrantes subsaarianos que vivem em acampamentos nas montanhas. Nas tardes de sexta-feira, visitamos o CETI, Centro de Interna\u00e7\u00e3o para Estrangeiros. L\u00e1 encontramos os imigrantes que chegaram para pedir asilo e podem se mudar para a pen\u00ednsula, muitos chegaram em barcos ou pularam a cerca da fronteira, \u00e0s vezes temos a alegria de encontrar pessoas que encontramos nas montanhas de Nador. Com alguns, uma vez que passam na Pen\u00ednsula, continuamos a ter contato com eles.<\/p>\n\n\n\n<div class=\"wp-block-image\"><figure class=\"aligncenter size-large\"><img decoding=\"async\" src=\"https:\/\/filles-de-la-charite.org\/wp-content\/uploads\/2023\/06\/200204-Melila-3-4-650x300-1.jpg\" alt=\"\" class=\"wp-image-41083\" \/><\/figure><\/div>\n\n\n\n<p>Em Melilla, colaboramos com Caritas paroquial, visitando fam\u00edlias dando aulas nos cursos de alfabetiza\u00e7\u00e3o na Par\u00f3quia com a catequese depois da Comunh\u00e3o, uma irm\u00e3 colabora em conselho Paroquial, grupo de liturgia etc.<\/p>\n\n\n\n<p>Algo muito importante temos aprendido a formar Comunidade, a conhecer-nos, a saber, esperar, dar-nos tempo com profundo respeito e carinho. Aprendemos o saber estar e fazer \u201cnada\", sem saber qual era o trabalho que t\u00ednhamos que fazer, a confiarmo-nos na Divina Provid\u00eancia que nos ia mostrando cada dia QUE FAZER E COMO.<\/p>\n\n\n\n<p>V\u00e3o surgindo outras necessidades das quais vamos respondendo.<\/p>\n\n\n\n<p>Pouco a pouco vai-se nos abrindo outras atividades segundo as necessidades v\u00e3o surgindo, estamos muito abertas a todo o que a Divina PROVID\u00caNCIA nos vai pedindo.<\/p>\n\n\n\n<div class=\"wp-block-image\"><figure class=\"aligncenter size-large\"><img decoding=\"async\" src=\"https:\/\/filles-de-la-charite.org\/wp-content\/uploads\/2023\/06\/200204-Melila-1-2-768x792-1.jpg\" alt=\"\" class=\"wp-image-41076\" \/><\/figure><\/div>\n","protected":false},"excerpt":{"rendered":"<p>Seguindo a mensagem do Papa: &#8220;ser uma Comunidade em vias de sa\u00edda&#8221;, as prov\u00edncias da Espanha das Filhas da Caridade partiram em dire\u00e7\u00e3o a Melilla, buscando atenuar o abandono de muitas crian\u00e7as imigrantes nas ruas. Chegamos no total de 5 Filhas da Caridade, conduzidas pela M\u00e3o da Divina Provid\u00eancia, a Melilla. Comece a conhecer-nos, a [&hellip;]<\/p>\n","protected":false},"author":1,"featured_media":14359,"comment_status":"closed","ping_status":"closed","sticky":false,"template":"","format":"standard","meta":{"_acf_changed":false,"footnotes":"","_links_to":"","_links_to_target":""},"categories":[768],"tags":[],"class_list":["post-25135","post","type-post","status-publish","format-standard","has-post-thumbnail","hentry","category-espana-pt-pt"],"acf":[],"yoast_head":"<!-- This site is optimized with the Yoast SEO plugin v27.5 - https:\/\/yoast.com\/product\/yoast-seo-wordpress\/ -->\n<title>Primeiro ano no Projecto Interprovincial em Melilla - Filles de la Charit\u00e9<\/title>\n<meta name=\"robots\" content=\"index, follow, max-snippet:-1, max-image-preview:large, max-video-preview:-1\" \/>\n<link rel=\"canonical\" href=\"https:\/\/filles-de-la-charite.org\/pt-pt\/first-year-in-the-interprovincial-project-in-melilla-5-2\/\" \/>\n<meta property=\"og:locale\" content=\"pt_PT\" \/>\n<meta property=\"og:type\" content=\"article\" \/>\n<meta property=\"og:title\" content=\"Primeiro ano no Projecto Interprovincial em Melilla - Filles de la Charit\u00e9\" \/>\n<meta property=\"og:description\" content=\"Seguindo a mensagem do Papa: &#8220;ser uma Comunidade em vias de sa\u00edda&#8221;, as prov\u00edncias da Espanha das Filhas da Caridade partiram em dire\u00e7\u00e3o a Melilla, buscando atenuar o abandono de muitas crian\u00e7as imigrantes nas ruas. Chegamos no total de 5 Filhas da Caridade, conduzidas pela M\u00e3o da Divina Provid\u00eancia, a Melilla. Comece a conhecer-nos, a [&hellip;]\" \/>\n<meta property=\"og:url\" content=\"https:\/\/filles-de-la-charite.org\/pt-pt\/first-year-in-the-interprovincial-project-in-melilla-5-2\/\" \/>\n<meta property=\"og:site_name\" content=\"Filles de la Charit\u00e9\" \/>\n<meta property=\"article:published_time\" content=\"2020-02-03T22:26:38+00:00\" \/>\n<meta property=\"article:modified_time\" content=\"2024-03-17T18:07:53+00:00\" \/>\n<meta property=\"og:image\" content=\"https:\/\/filles-de-la-charite.org\/wp-content\/uploads\/2023\/06\/200204-Melila-thmb.jpg\" \/>\n\t<meta property=\"og:image:width\" content=\"450\" \/>\n\t<meta property=\"og:image:height\" content=\"300\" \/>\n\t<meta property=\"og:image:type\" content=\"image\/jpeg\" \/>\n<meta name=\"author\" content=\"admin\" \/>\n<meta name=\"twitter:card\" content=\"summary_large_image\" \/>\n<meta name=\"twitter:label1\" content=\"Escrito por\" \/>\n\t<meta name=\"twitter:data1\" content=\"admin\" \/>\n\t<meta name=\"twitter:label2\" content=\"Tempo estimado de leitura\" \/>\n\t<meta name=\"twitter:data2\" content=\"2 minutos\" \/>\n<script type=\"application\/ld+json\" class=\"yoast-schema-graph\">{\"@context\":\"https:\\\/\\\/schema.org\",\"@graph\":[{\"@type\":\"Article\",\"@id\":\"https:\\\/\\\/filles-de-la-charite.org\\\/pt-pt\\\/first-year-in-the-interprovincial-project-in-melilla-5-2\\\/#article\",\"isPartOf\":{\"@id\":\"https:\\\/\\\/filles-de-la-charite.org\\\/pt-pt\\\/first-year-in-the-interprovincial-project-in-melilla-5-2\\\/\"},\"author\":{\"name\":\"admin\",\"@id\":\"https:\\\/\\\/filles-de-la-charite.org\\\/pt-pt\\\/#\\\/schema\\\/person\\\/427567b2eccfc2dd7d206da186a1f438\"},\"headline\":\"Primeiro ano no Projecto Interprovincial em Melilla\",\"datePublished\":\"2020-02-03T22:26:38+00:00\",\"dateModified\":\"2024-03-17T18:07:53+00:00\",\"mainEntityOfPage\":{\"@id\":\"https:\\\/\\\/filles-de-la-charite.org\\\/pt-pt\\\/first-year-in-the-interprovincial-project-in-melilla-5-2\\\/\"},\"wordCount\":505,\"publisher\":{\"@id\":\"https:\\\/\\\/filles-de-la-charite.org\\\/pt-pt\\\/#organization\"},\"image\":{\"@id\":\"https:\\\/\\\/filles-de-la-charite.org\\\/pt-pt\\\/first-year-in-the-interprovincial-project-in-melilla-5-2\\\/#primaryimage\"},\"thumbnailUrl\":\"https:\\\/\\\/filles-de-la-charite.org\\\/wp-content\\\/uploads\\\/2023\\\/06\\\/200204-Melila-thmb.jpg\",\"articleSection\":[\"Espanha\"],\"inLanguage\":\"pt-PT\"},{\"@type\":\"WebPage\",\"@id\":\"https:\\\/\\\/filles-de-la-charite.org\\\/pt-pt\\\/first-year-in-the-interprovincial-project-in-melilla-5-2\\\/\",\"url\":\"https:\\\/\\\/filles-de-la-charite.org\\\/pt-pt\\\/first-year-in-the-interprovincial-project-in-melilla-5-2\\\/\",\"name\":\"Primeiro ano no Projecto Interprovincial em Melilla - Filles de la Charit\u00e9\",\"isPartOf\":{\"@id\":\"https:\\\/\\\/filles-de-la-charite.org\\\/pt-pt\\\/#website\"},\"primaryImageOfPage\":{\"@id\":\"https:\\\/\\\/filles-de-la-charite.org\\\/pt-pt\\\/first-year-in-the-interprovincial-project-in-melilla-5-2\\\/#primaryimage\"},\"image\":{\"@id\":\"https:\\\/\\\/filles-de-la-charite.org\\\/pt-pt\\\/first-year-in-the-interprovincial-project-in-melilla-5-2\\\/#primaryimage\"},\"thumbnailUrl\":\"https:\\\/\\\/filles-de-la-charite.org\\\/wp-content\\\/uploads\\\/2023\\\/06\\\/200204-Melila-thmb.jpg\",\"datePublished\":\"2020-02-03T22:26:38+00:00\",\"dateModified\":\"2024-03-17T18:07:53+00:00\",\"breadcrumb\":{\"@id\":\"https:\\\/\\\/filles-de-la-charite.org\\\/pt-pt\\\/first-year-in-the-interprovincial-project-in-melilla-5-2\\\/#breadcrumb\"},\"inLanguage\":\"pt-PT\",\"potentialAction\":[{\"@type\":\"ReadAction\",\"target\":[\"https:\\\/\\\/filles-de-la-charite.org\\\/pt-pt\\\/first-year-in-the-interprovincial-project-in-melilla-5-2\\\/\"]}]},{\"@type\":\"ImageObject\",\"inLanguage\":\"pt-PT\",\"@id\":\"https:\\\/\\\/filles-de-la-charite.org\\\/pt-pt\\\/first-year-in-the-interprovincial-project-in-melilla-5-2\\\/#primaryimage\",\"url\":\"https:\\\/\\\/filles-de-la-charite.org\\\/wp-content\\\/uploads\\\/2023\\\/06\\\/200204-Melila-thmb.jpg\",\"contentUrl\":\"https:\\\/\\\/filles-de-la-charite.org\\\/wp-content\\\/uploads\\\/2023\\\/06\\\/200204-Melila-thmb.jpg\",\"width\":450,\"height\":300},{\"@type\":\"BreadcrumbList\",\"@id\":\"https:\\\/\\\/filles-de-la-charite.org\\\/pt-pt\\\/first-year-in-the-interprovincial-project-in-melilla-5-2\\\/#breadcrumb\",\"itemListElement\":[{\"@type\":\"ListItem\",\"position\":1,\"name\":\"Espanha\",\"item\":\"https:\\\/\\\/filles-de-la-charite.org\\\/pt-pt\\\/category\\\/espana-pt-pt\\\/\"},{\"@type\":\"ListItem\",\"position\":2,\"name\":\"Primeiro ano no Projecto Interprovincial em Melilla\"}]},{\"@type\":\"WebSite\",\"@id\":\"https:\\\/\\\/filles-de-la-charite.org\\\/pt-pt\\\/#website\",\"url\":\"https:\\\/\\\/filles-de-la-charite.org\\\/pt-pt\\\/\",\"name\":\"Hijas de la Caridad\",\"description\":\"L\u2019amour de J\u00e9sus nous presse \u00e0 prendre soin des personnes les plus d\u00e9munies\",\"publisher\":{\"@id\":\"https:\\\/\\\/filles-de-la-charite.org\\\/pt-pt\\\/#organization\"},\"potentialAction\":[{\"@type\":\"SearchAction\",\"target\":{\"@type\":\"EntryPoint\",\"urlTemplate\":\"https:\\\/\\\/filles-de-la-charite.org\\\/pt-pt\\\/?s={search_term_string}\"},\"query-input\":{\"@type\":\"PropertyValueSpecification\",\"valueRequired\":true,\"valueName\":\"search_term_string\"}}],\"inLanguage\":\"pt-PT\"},{\"@type\":\"Organization\",\"@id\":\"https:\\\/\\\/filles-de-la-charite.org\\\/pt-pt\\\/#organization\",\"name\":\"Hijas de la Caridad\",\"url\":\"https:\\\/\\\/filles-de-la-charite.org\\\/pt-pt\\\/\",\"logo\":{\"@type\":\"ImageObject\",\"inLanguage\":\"pt-PT\",\"@id\":\"https:\\\/\\\/filles-de-la-charite.org\\\/pt-pt\\\/#\\\/schema\\\/logo\\\/image\\\/\",\"url\":\"https:\\\/\\\/filles-de-la-charite.org\\\/wp-content\\\/uploads\\\/2023\\\/03\\\/isotipo-Hijas-de-la-Caridad.png\",\"contentUrl\":\"https:\\\/\\\/filles-de-la-charite.org\\\/wp-content\\\/uploads\\\/2023\\\/03\\\/isotipo-Hijas-de-la-Caridad.png\",\"width\":1417,\"height\":1417,\"caption\":\"Hijas de la Caridad\"},\"image\":{\"@id\":\"https:\\\/\\\/filles-de-la-charite.org\\\/pt-pt\\\/#\\\/schema\\\/logo\\\/image\\\/\"}},{\"@type\":\"Person\",\"@id\":\"https:\\\/\\\/filles-de-la-charite.org\\\/pt-pt\\\/#\\\/schema\\\/person\\\/427567b2eccfc2dd7d206da186a1f438\",\"name\":\"admin\",\"image\":{\"@type\":\"ImageObject\",\"inLanguage\":\"pt-PT\",\"@id\":\"https:\\\/\\\/secure.gravatar.com\\\/avatar\\\/948b492cce32b586ac2db0eaa926ee87024f7afe218d73b397ea5ddfc5f43ea1?s=96&d=mm&r=g\",\"url\":\"https:\\\/\\\/secure.gravatar.com\\\/avatar\\\/948b492cce32b586ac2db0eaa926ee87024f7afe218d73b397ea5ddfc5f43ea1?s=96&d=mm&r=g\",\"contentUrl\":\"https:\\\/\\\/secure.gravatar.com\\\/avatar\\\/948b492cce32b586ac2db0eaa926ee87024f7afe218d73b397ea5ddfc5f43ea1?s=96&d=mm&r=g\",\"caption\":\"admin\"},\"sameAs\":[\"https:\\\/\\\/filles-de-la-charite.org\"],\"url\":\"https:\\\/\\\/filles-de-la-charite.org\\\/pt-pt\\\/author\\\/caridad\\\/\"}]}<\/script>\n<!-- \/ Yoast SEO plugin. -->","yoast_head_json":{"title":"Primeiro ano no Projecto Interprovincial em Melilla - Filles de la Charit\u00e9","robots":{"index":"index","follow":"follow","max-snippet":"max-snippet:-1","max-image-preview":"max-image-preview:large","max-video-preview":"max-video-preview:-1"},"canonical":"https:\/\/filles-de-la-charite.org\/pt-pt\/first-year-in-the-interprovincial-project-in-melilla-5-2\/","og_locale":"pt_PT","og_type":"article","og_title":"Primeiro ano no Projecto Interprovincial em Melilla - Filles de la Charit\u00e9","og_description":"Seguindo a mensagem do Papa: &#8220;ser uma Comunidade em vias de sa\u00edda&#8221;, as prov\u00edncias da Espanha das Filhas da Caridade partiram em dire\u00e7\u00e3o a Melilla, buscando atenuar o abandono de muitas crian\u00e7as imigrantes nas ruas. Chegamos no total de 5 Filhas da Caridade, conduzidas pela M\u00e3o da Divina Provid\u00eancia, a Melilla. Comece a conhecer-nos, a [&hellip;]","og_url":"https:\/\/filles-de-la-charite.org\/pt-pt\/first-year-in-the-interprovincial-project-in-melilla-5-2\/","og_site_name":"Filles de la Charit\u00e9","article_published_time":"2020-02-03T22:26:38+00:00","article_modified_time":"2024-03-17T18:07:53+00:00","og_image":[{"width":450,"height":300,"url":"https:\/\/filles-de-la-charite.org\/wp-content\/uploads\/2023\/06\/200204-Melila-thmb.jpg","type":"image\/jpeg"}],"author":"admin","twitter_card":"summary_large_image","twitter_misc":{"Escrito por":"admin","Tempo estimado de leitura":"2 minutos"},"schema":{"@context":"https:\/\/schema.org","@graph":[{"@type":"Article","@id":"https:\/\/filles-de-la-charite.org\/pt-pt\/first-year-in-the-interprovincial-project-in-melilla-5-2\/#article","isPartOf":{"@id":"https:\/\/filles-de-la-charite.org\/pt-pt\/first-year-in-the-interprovincial-project-in-melilla-5-2\/"},"author":{"name":"admin","@id":"https:\/\/filles-de-la-charite.org\/pt-pt\/#\/schema\/person\/427567b2eccfc2dd7d206da186a1f438"},"headline":"Primeiro ano no Projecto Interprovincial em Melilla","datePublished":"2020-02-03T22:26:38+00:00","dateModified":"2024-03-17T18:07:53+00:00","mainEntityOfPage":{"@id":"https:\/\/filles-de-la-charite.org\/pt-pt\/first-year-in-the-interprovincial-project-in-melilla-5-2\/"},"wordCount":505,"publisher":{"@id":"https:\/\/filles-de-la-charite.org\/pt-pt\/#organization"},"image":{"@id":"https:\/\/filles-de-la-charite.org\/pt-pt\/first-year-in-the-interprovincial-project-in-melilla-5-2\/#primaryimage"},"thumbnailUrl":"https:\/\/filles-de-la-charite.org\/wp-content\/uploads\/2023\/06\/200204-Melila-thmb.jpg","articleSection":["Espanha"],"inLanguage":"pt-PT"},{"@type":"WebPage","@id":"https:\/\/filles-de-la-charite.org\/pt-pt\/first-year-in-the-interprovincial-project-in-melilla-5-2\/","url":"https:\/\/filles-de-la-charite.org\/pt-pt\/first-year-in-the-interprovincial-project-in-melilla-5-2\/","name":"Primeiro ano no Projecto Interprovincial em Melilla - Filles de la Charit\u00e9","isPartOf":{"@id":"https:\/\/filles-de-la-charite.org\/pt-pt\/#website"},"primaryImageOfPage":{"@id":"https:\/\/filles-de-la-charite.org\/pt-pt\/first-year-in-the-interprovincial-project-in-melilla-5-2\/#primaryimage"},"image":{"@id":"https:\/\/filles-de-la-charite.org\/pt-pt\/first-year-in-the-interprovincial-project-in-melilla-5-2\/#primaryimage"},"thumbnailUrl":"https:\/\/filles-de-la-charite.org\/wp-content\/uploads\/2023\/06\/200204-Melila-thmb.jpg","datePublished":"2020-02-03T22:26:38+00:00","dateModified":"2024-03-17T18:07:53+00:00","breadcrumb":{"@id":"https:\/\/filles-de-la-charite.org\/pt-pt\/first-year-in-the-interprovincial-project-in-melilla-5-2\/#breadcrumb"},"inLanguage":"pt-PT","potentialAction":[{"@type":"ReadAction","target":["https:\/\/filles-de-la-charite.org\/pt-pt\/first-year-in-the-interprovincial-project-in-melilla-5-2\/"]}]},{"@type":"ImageObject","inLanguage":"pt-PT","@id":"https:\/\/filles-de-la-charite.org\/pt-pt\/first-year-in-the-interprovincial-project-in-melilla-5-2\/#primaryimage","url":"https:\/\/filles-de-la-charite.org\/wp-content\/uploads\/2023\/06\/200204-Melila-thmb.jpg","contentUrl":"https:\/\/filles-de-la-charite.org\/wp-content\/uploads\/2023\/06\/200204-Melila-thmb.jpg","width":450,"height":300},{"@type":"BreadcrumbList","@id":"https:\/\/filles-de-la-charite.org\/pt-pt\/first-year-in-the-interprovincial-project-in-melilla-5-2\/#breadcrumb","itemListElement":[{"@type":"ListItem","position":1,"name":"Espanha","item":"https:\/\/filles-de-la-charite.org\/pt-pt\/category\/espana-pt-pt\/"},{"@type":"ListItem","position":2,"name":"Primeiro ano no Projecto Interprovincial em Melilla"}]},{"@type":"WebSite","@id":"https:\/\/filles-de-la-charite.org\/pt-pt\/#website","url":"https:\/\/filles-de-la-charite.org\/pt-pt\/","name":"Hijas de la Caridad","description":"L\u2019amour de J\u00e9sus nous presse \u00e0 prendre soin des personnes les plus d\u00e9munies","publisher":{"@id":"https:\/\/filles-de-la-charite.org\/pt-pt\/#organization"},"potentialAction":[{"@type":"SearchAction","target":{"@type":"EntryPoint","urlTemplate":"https:\/\/filles-de-la-charite.org\/pt-pt\/?s={search_term_string}"},"query-input":{"@type":"PropertyValueSpecification","valueRequired":true,"valueName":"search_term_string"}}],"inLanguage":"pt-PT"},{"@type":"Organization","@id":"https:\/\/filles-de-la-charite.org\/pt-pt\/#organization","name":"Hijas de la Caridad","url":"https:\/\/filles-de-la-charite.org\/pt-pt\/","logo":{"@type":"ImageObject","inLanguage":"pt-PT","@id":"https:\/\/filles-de-la-charite.org\/pt-pt\/#\/schema\/logo\/image\/","url":"https:\/\/filles-de-la-charite.org\/wp-content\/uploads\/2023\/03\/isotipo-Hijas-de-la-Caridad.png","contentUrl":"https:\/\/filles-de-la-charite.org\/wp-content\/uploads\/2023\/03\/isotipo-Hijas-de-la-Caridad.png","width":1417,"height":1417,"caption":"Hijas de la Caridad"},"image":{"@id":"https:\/\/filles-de-la-charite.org\/pt-pt\/#\/schema\/logo\/image\/"}},{"@type":"Person","@id":"https:\/\/filles-de-la-charite.org\/pt-pt\/#\/schema\/person\/427567b2eccfc2dd7d206da186a1f438","name":"admin","image":{"@type":"ImageObject","inLanguage":"pt-PT","@id":"https:\/\/secure.gravatar.com\/avatar\/948b492cce32b586ac2db0eaa926ee87024f7afe218d73b397ea5ddfc5f43ea1?s=96&d=mm&r=g","url":"https:\/\/secure.gravatar.com\/avatar\/948b492cce32b586ac2db0eaa926ee87024f7afe218d73b397ea5ddfc5f43ea1?s=96&d=mm&r=g","contentUrl":"https:\/\/secure.gravatar.com\/avatar\/948b492cce32b586ac2db0eaa926ee87024f7afe218d73b397ea5ddfc5f43ea1?s=96&d=mm&r=g","caption":"admin"},"sameAs":["https:\/\/filles-de-la-charite.org"],"url":"https:\/\/filles-de-la-charite.org\/pt-pt\/author\/caridad\/"}]}},"_links":{"self":[{"href":"https:\/\/filles-de-la-charite.org\/pt-pt\/wp-json\/wp\/v2\/posts\/25135","targetHints":{"allow":["GET"]}}],"collection":[{"href":"https:\/\/filles-de-la-charite.org\/pt-pt\/wp-json\/wp\/v2\/posts"}],"about":[{"href":"https:\/\/filles-de-la-charite.org\/pt-pt\/wp-json\/wp\/v2\/types\/post"}],"author":[{"embeddable":true,"href":"https:\/\/filles-de-la-charite.org\/pt-pt\/wp-json\/wp\/v2\/users\/1"}],"replies":[{"embeddable":true,"href":"https:\/\/filles-de-la-charite.org\/pt-pt\/wp-json\/wp\/v2\/comments?post=25135"}],"version-history":[{"count":1,"href":"https:\/\/filles-de-la-charite.org\/pt-pt\/wp-json\/wp\/v2\/posts\/25135\/revisions"}],"predecessor-version":[{"id":25136,"href":"https:\/\/filles-de-la-charite.org\/pt-pt\/wp-json\/wp\/v2\/posts\/25135\/revisions\/25136"}],"wp:featuredmedia":[{"embeddable":true,"href":"https:\/\/filles-de-la-charite.org\/pt-pt\/wp-json\/wp\/v2\/media\/14359"}],"wp:attachment":[{"href":"https:\/\/filles-de-la-charite.org\/pt-pt\/wp-json\/wp\/v2\/media?parent=25135"}],"wp:term":[{"taxonomy":"category","embeddable":true,"href":"https:\/\/filles-de-la-charite.org\/pt-pt\/wp-json\/wp\/v2\/categories?post=25135"},{"taxonomy":"post_tag","embeddable":true,"href":"https:\/\/filles-de-la-charite.org\/pt-pt\/wp-json\/wp\/v2\/tags?post=25135"}],"curies":[{"name":"wp","href":"https:\/\/api.w.org\/{rel}","templated":true}]}}