{"id":25139,"date":"2020-02-14T11:55:44","date_gmt":"2020-02-14T10:55:44","guid":{"rendered":"https:\/\/hijascaridad.sjdigitaldemo.ovh\/vincent-helps-the-vincentian-familys-response-to-the-taal-volcano-eruption-in-the-philippines-5-2\/"},"modified":"2024-03-17T18:54:27","modified_gmt":"2024-03-17T17:54:27","slug":"vincent-helps-the-vincentian-familys-response-to-the-taal-volcano-eruption-in-the-philippines-5-2","status":"publish","type":"post","link":"https:\/\/filles-de-la-charite.org\/pt-pt\/vincent-helps-the-vincentian-familys-response-to-the-taal-volcano-eruption-in-the-philippines-5-2\/","title":{"rendered":"Vicente Ajuda: A resposta da Fam\u00edlia Vicentina \u00e0 erup\u00e7\u00e3o do vulc\u00e3o Taal nas Filipinas"},"content":{"rendered":"\n<p><b><span style=\"color: #929292\">\u00a0<\/span><\/b>Quando o vulc\u00e3o Taal entrou em erup\u00e7\u00e3o em 12 de Janeiro de 2020, um dos mais afetados pela queda de cinzas foram duas de nossas Comunidades localizadas na cidade de Tagaytay: a Villa Sta. Lu\u00edsa, uma Casa de Retiros das Filhas da Caridade e da Comunidade do Semin\u00e1rio.<\/p>\n\n\n\n<div class=\"wp-block-image\"><figure class=\"alignright\"><img decoding=\"async\" src=\"https:\/\/filles-de-la-charite.org\/wp-content\/uploads\/2023\/06\/200214-Taal-1-240x300.jpg\" alt=\"\" class=\"wp-image-40459\" \/><\/figure><\/div>\n\n\n\n<p>Um dia ap\u00f3s a erup\u00e7\u00e3o, as Irm\u00e3s visitaram diferentes centros de evacua\u00e7\u00e3o para obter informa\u00e7\u00f5es em primeira m\u00e3o sobre a situa\u00e7\u00e3o dos evacuados. Elas coletaram dados, incluindo o n\u00famero de fam\u00edlias afetadas, os espa\u00e7os dispon\u00edveis nos centros de evacua\u00e7\u00e3o e as necessidades imediatas dos evacuados, bem como daqueles que trabalham em Villa Sta. Lu\u00edsa cujas fam\u00edlias foram profundamente afetadas. Esses dados foram considerados no planejamento conduzido por Ir. Maria Ana Ros\u00e1rio G. Evidente, Visitadora, com os membros da Comunidade da Villa Sta. Lu\u00edsa e as Irm\u00e3s Serventes da Regi\u00e3o da Capital Nacional (NCR) para discutir a resposta imediata da Prov\u00edncia<\/p>\n\n\n\n<p>O planeamento inicial tamb\u00e9m resultou na decis\u00e3o de colaborar com outros membros da Fam\u00edlia Vicentina no que seria chamado: \u201cAjuda de Vicente\u201d. Os volunt\u00e1rios foram enviados para diferentes centros de evacua\u00e7\u00e3o, mas seu acesso limitado a esses centros para realizar apoio psicossocial-espiritual levou a Prov\u00edncia a abrir a comunidade de Villa Sta. Lu\u00edsa para acomodar pessoas e fam\u00edlias n\u00e3o registradas em qualquer um dos centros de evacua\u00e7\u00e3o e fornecer-lhes refei\u00e7\u00f5es, cuidados de sa\u00fade e itens para seu bem-estar, al\u00e9m de acompanh\u00e1-los em sua jornada psicossocial-espiritual no momento.<\/p>\n\n\n\n<div class=\"wp-block-image\"><figure class=\"aligncenter\"><img decoding=\"async\" src=\"https:\/\/filles-de-la-charite.org\/wp-content\/uploads\/2023\/06\/Taal-2.png\" alt=\"\" class=\"wp-image-40460\" \/><\/figure><\/div>\n\n\n\n<p>Quando a atividade em andamento do vulc\u00e3o Taal, com tra\u00e7os de fissuras em v\u00e1rias aldeias, levou o governo a emitir uma evacua\u00e7\u00e3o total ou a trancar em \u00e1reas dentro do raio de 14 quil\u00f4metros do centro da cratera, Villa Sta. Lu\u00edsa foi inclu\u00edda. Um plano de evacua\u00e7\u00e3o de emerg\u00eancia dos evacuados internos foi implementado e todos foram trazidos \u00e0 seguran\u00e7a, alguns para suas respectivas fam\u00edlias e outros para centros de evacua\u00e7\u00e3o registrados; as Irm\u00e3s e as volunt\u00e1rias leigas voltaram para Manila. O Centro de Desenvolvimento Rosalie Rendu, Inc., localizado na Casa Provincial de DC, agora serve como o centro de comando da OPERA\u00c7\u00c3O DE AJUDA DE TAAL DA FAM\u00cdLIA VICENTINA.<\/p>\n\n\n\n<p>Nas duas semanas seguintes de opera\u00e7\u00e3o, a equipe decidiu lan\u00e7ar a \u201cOPERA\u00c7\u00c3O DE AL\u00cdVIO M\u00d3VEL\u201d para as \u00e1reas afetadas ainda n\u00e3o atingidas pela assist\u00eancia do governo. A equipe, com Pe. Greg\u00f3rio Ba\u00f1aga, Jr. CM Visitador, visitar\u00e1 poss\u00edveis \u00e1reas para determinar como podemos estender nosso amor e servi\u00e7o.<\/p>\n\n\n\n<div class=\"wp-block-image\"><figure class=\"aligncenter\"><img decoding=\"async\" src=\"https:\/\/filles-de-la-charite.org\/wp-content\/uploads\/2023\/06\/Taal-6.png\" alt=\"\" class=\"wp-image-40461\" \/><\/figure><\/div>\n\n\n\n<p>Deus continue aben\u00e7oando nossos humildes esfor\u00e7os para aliviar os sofrimentos de nossas irm\u00e3s e irm\u00e3os em situa\u00e7\u00e3o de crise! Deus, cuja provid\u00eancia amorosa se manifesta atrav\u00e9s de todos aqueles que ajudaram, material e espiritualmente, \u00e9 nossa \u00daNICA SEGURAN\u00c7A REAL. Confiamos tudo a Maria, Nossa Senhora da Medalha Milagrosa!<\/p>\n\n\n\n<p class=\"has-text-align-right\"><em><span style=\"color: #0432ff\">Ir. Marylou O. Espora, FC<\/span><\/em>\n<em><span style=\"color: #0432ff\">Coordenadora de Opera\u00e7\u00e3o Taal<\/span><\/em><\/p>\n\n\n\n<div class=\"wp-block-image\"><figure class=\"aligncenter\"><img decoding=\"async\" src=\"https:\/\/filles-de-la-charite.org\/wp-content\/uploads\/2023\/06\/200214-Taal-6.jpg\" alt=\"\" class=\"wp-image-40464\" \/><\/figure><\/div>\n\n\n\n<div class=\"wp-block-image\"><figure class=\"aligncenter\"><img decoding=\"async\" src=\"https:\/\/filles-de-la-charite.org\/wp-content\/uploads\/2023\/06\/200214-Taal-5.jpg\" alt=\"\" class=\"wp-image-40463\" \/><\/figure><\/div>\n\n\n\n<div class=\"wp-block-image\"><figure class=\"aligncenter\"><img decoding=\"async\" src=\"https:\/\/filles-de-la-charite.org\/wp-content\/uploads\/2023\/06\/200214-Taal-4.jpg\" alt=\"\" class=\"wp-image-40462\" \/><\/figure><\/div>\n","protected":false},"excerpt":{"rendered":"<p>\u00a0Quando o vulc\u00e3o Taal entrou em erup\u00e7\u00e3o em 12 de Janeiro de 2020, um dos mais afetados pela queda de cinzas foram duas de nossas Comunidades localizadas na cidade de Tagaytay: a Villa Sta. Lu\u00edsa, uma Casa de Retiros das Filhas da Caridade e da Comunidade do Semin\u00e1rio. Um dia ap\u00f3s a erup\u00e7\u00e3o, as Irm\u00e3s [&hellip;]<\/p>\n","protected":false},"author":1,"featured_media":14428,"comment_status":"closed","ping_status":"closed","sticky":false,"template":"","format":"standard","meta":{"_acf_changed":false,"_et_pb_use_builder":"","_et_pb_old_content":"","_et_gb_content_width":"","footnotes":"","_links_to":"","_links_to_target":""},"categories":[763],"tags":[],"class_list":["post-25139","post","type-post","status-publish","format-standard","has-post-thumbnail","hentry","category-santa-luisa-asia-pt-pt"],"acf":[],"yoast_head":"<!-- This site is optimized with the Yoast SEO plugin v27.4 - https:\/\/yoast.com\/product\/yoast-seo-wordpress\/ -->\n<title>Vicente Ajuda: A resposta da Fam\u00edlia Vicentina \u00e0 erup\u00e7\u00e3o do vulc\u00e3o Taal nas Filipinas - Filles de la Charit\u00e9<\/title>\n<meta name=\"robots\" content=\"index, follow, max-snippet:-1, max-image-preview:large, max-video-preview:-1\" \/>\n<link rel=\"canonical\" href=\"https:\/\/filles-de-la-charite.org\/pt-pt\/vincent-helps-the-vincentian-familys-response-to-the-taal-volcano-eruption-in-the-philippines-5-2\/\" \/>\n<meta property=\"og:locale\" content=\"pt_PT\" \/>\n<meta property=\"og:type\" content=\"article\" \/>\n<meta property=\"og:title\" content=\"Vicente Ajuda: A resposta da Fam\u00edlia Vicentina \u00e0 erup\u00e7\u00e3o do vulc\u00e3o Taal nas Filipinas - Filles de la Charit\u00e9\" \/>\n<meta property=\"og:description\" content=\"\u00a0Quando o vulc\u00e3o Taal entrou em erup\u00e7\u00e3o em 12 de Janeiro de 2020, um dos mais afetados pela queda de cinzas foram duas de nossas Comunidades localizadas na cidade de Tagaytay: a Villa Sta. Lu\u00edsa, uma Casa de Retiros das Filhas da Caridade e da Comunidade do Semin\u00e1rio. Um dia ap\u00f3s a erup\u00e7\u00e3o, as Irm\u00e3s [&hellip;]\" \/>\n<meta property=\"og:url\" content=\"https:\/\/filles-de-la-charite.org\/pt-pt\/vincent-helps-the-vincentian-familys-response-to-the-taal-volcano-eruption-in-the-philippines-5-2\/\" \/>\n<meta property=\"og:site_name\" content=\"Filles de la Charit\u00e9\" \/>\n<meta property=\"article:published_time\" content=\"2020-02-14T10:55:44+00:00\" \/>\n<meta property=\"article:modified_time\" content=\"2024-03-17T17:54:27+00:00\" \/>\n<meta property=\"og:image\" content=\"https:\/\/filles-de-la-charite.org\/wp-content\/uploads\/2023\/06\/200214-Taal-6.jpg\" \/>\n\t<meta property=\"og:image:width\" content=\"640\" \/>\n\t<meta property=\"og:image:height\" content=\"640\" \/>\n\t<meta property=\"og:image:type\" content=\"image\/jpeg\" \/>\n<meta name=\"author\" content=\"admin\" \/>\n<meta name=\"twitter:card\" content=\"summary_large_image\" \/>\n<meta name=\"twitter:label1\" content=\"Escrito por\" \/>\n\t<meta name=\"twitter:data1\" content=\"admin\" \/>\n\t<meta name=\"twitter:label2\" content=\"Tempo estimado de leitura\" \/>\n\t<meta name=\"twitter:data2\" content=\"3 minutos\" \/>\n<script type=\"application\/ld+json\" class=\"yoast-schema-graph\">{\"@context\":\"https:\\\/\\\/schema.org\",\"@graph\":[{\"@type\":\"Article\",\"@id\":\"https:\\\/\\\/filles-de-la-charite.org\\\/pt-pt\\\/vincent-helps-the-vincentian-familys-response-to-the-taal-volcano-eruption-in-the-philippines-5-2\\\/#article\",\"isPartOf\":{\"@id\":\"https:\\\/\\\/filles-de-la-charite.org\\\/pt-pt\\\/vincent-helps-the-vincentian-familys-response-to-the-taal-volcano-eruption-in-the-philippines-5-2\\\/\"},\"author\":{\"name\":\"admin\",\"@id\":\"https:\\\/\\\/filles-de-la-charite.org\\\/pt-pt\\\/#\\\/schema\\\/person\\\/427567b2eccfc2dd7d206da186a1f438\"},\"headline\":\"Vicente Ajuda: A resposta da Fam\u00edlia Vicentina \u00e0 erup\u00e7\u00e3o do vulc\u00e3o Taal nas Filipinas\",\"datePublished\":\"2020-02-14T10:55:44+00:00\",\"dateModified\":\"2024-03-17T17:54:27+00:00\",\"mainEntityOfPage\":{\"@id\":\"https:\\\/\\\/filles-de-la-charite.org\\\/pt-pt\\\/vincent-helps-the-vincentian-familys-response-to-the-taal-volcano-eruption-in-the-philippines-5-2\\\/\"},\"wordCount\":533,\"publisher\":{\"@id\":\"https:\\\/\\\/filles-de-la-charite.org\\\/pt-pt\\\/#organization\"},\"image\":{\"@id\":\"https:\\\/\\\/filles-de-la-charite.org\\\/pt-pt\\\/vincent-helps-the-vincentian-familys-response-to-the-taal-volcano-eruption-in-the-philippines-5-2\\\/#primaryimage\"},\"thumbnailUrl\":\"https:\\\/\\\/filles-de-la-charite.org\\\/wp-content\\\/uploads\\\/2023\\\/06\\\/200214-Taal-6.jpg\",\"articleSection\":[\"Santa Lu\u00edsa - \u00c1sia\"],\"inLanguage\":\"pt-PT\"},{\"@type\":\"WebPage\",\"@id\":\"https:\\\/\\\/filles-de-la-charite.org\\\/pt-pt\\\/vincent-helps-the-vincentian-familys-response-to-the-taal-volcano-eruption-in-the-philippines-5-2\\\/\",\"url\":\"https:\\\/\\\/filles-de-la-charite.org\\\/pt-pt\\\/vincent-helps-the-vincentian-familys-response-to-the-taal-volcano-eruption-in-the-philippines-5-2\\\/\",\"name\":\"Vicente Ajuda: A resposta da Fam\u00edlia Vicentina \u00e0 erup\u00e7\u00e3o do vulc\u00e3o Taal nas Filipinas - Filles de la Charit\u00e9\",\"isPartOf\":{\"@id\":\"https:\\\/\\\/filles-de-la-charite.org\\\/pt-pt\\\/#website\"},\"primaryImageOfPage\":{\"@id\":\"https:\\\/\\\/filles-de-la-charite.org\\\/pt-pt\\\/vincent-helps-the-vincentian-familys-response-to-the-taal-volcano-eruption-in-the-philippines-5-2\\\/#primaryimage\"},\"image\":{\"@id\":\"https:\\\/\\\/filles-de-la-charite.org\\\/pt-pt\\\/vincent-helps-the-vincentian-familys-response-to-the-taal-volcano-eruption-in-the-philippines-5-2\\\/#primaryimage\"},\"thumbnailUrl\":\"https:\\\/\\\/filles-de-la-charite.org\\\/wp-content\\\/uploads\\\/2023\\\/06\\\/200214-Taal-6.jpg\",\"datePublished\":\"2020-02-14T10:55:44+00:00\",\"dateModified\":\"2024-03-17T17:54:27+00:00\",\"breadcrumb\":{\"@id\":\"https:\\\/\\\/filles-de-la-charite.org\\\/pt-pt\\\/vincent-helps-the-vincentian-familys-response-to-the-taal-volcano-eruption-in-the-philippines-5-2\\\/#breadcrumb\"},\"inLanguage\":\"pt-PT\",\"potentialAction\":[{\"@type\":\"ReadAction\",\"target\":[\"https:\\\/\\\/filles-de-la-charite.org\\\/pt-pt\\\/vincent-helps-the-vincentian-familys-response-to-the-taal-volcano-eruption-in-the-philippines-5-2\\\/\"]}]},{\"@type\":\"ImageObject\",\"inLanguage\":\"pt-PT\",\"@id\":\"https:\\\/\\\/filles-de-la-charite.org\\\/pt-pt\\\/vincent-helps-the-vincentian-familys-response-to-the-taal-volcano-eruption-in-the-philippines-5-2\\\/#primaryimage\",\"url\":\"https:\\\/\\\/filles-de-la-charite.org\\\/wp-content\\\/uploads\\\/2023\\\/06\\\/200214-Taal-6.jpg\",\"contentUrl\":\"https:\\\/\\\/filles-de-la-charite.org\\\/wp-content\\\/uploads\\\/2023\\\/06\\\/200214-Taal-6.jpg\",\"width\":640,\"height\":640},{\"@type\":\"BreadcrumbList\",\"@id\":\"https:\\\/\\\/filles-de-la-charite.org\\\/pt-pt\\\/vincent-helps-the-vincentian-familys-response-to-the-taal-volcano-eruption-in-the-philippines-5-2\\\/#breadcrumb\",\"itemListElement\":[{\"@type\":\"ListItem\",\"position\":1,\"name\":\"Indonesia\",\"item\":\"https:\\\/\\\/filles-de-la-charite.org\\\/pt-pt\\\/category\\\/indonesia-pt-pt\\\/\"},{\"@type\":\"ListItem\",\"position\":2,\"name\":\"Vicente Ajuda: A resposta da Fam\u00edlia Vicentina \u00e0 erup\u00e7\u00e3o do vulc\u00e3o Taal nas Filipinas\"}]},{\"@type\":\"WebSite\",\"@id\":\"https:\\\/\\\/filles-de-la-charite.org\\\/pt-pt\\\/#website\",\"url\":\"https:\\\/\\\/filles-de-la-charite.org\\\/pt-pt\\\/\",\"name\":\"Hijas de la Caridad\",\"description\":\"L\u2019amour de J\u00e9sus nous presse \u00e0 prendre soin des personnes les plus d\u00e9munies\",\"publisher\":{\"@id\":\"https:\\\/\\\/filles-de-la-charite.org\\\/pt-pt\\\/#organization\"},\"potentialAction\":[{\"@type\":\"SearchAction\",\"target\":{\"@type\":\"EntryPoint\",\"urlTemplate\":\"https:\\\/\\\/filles-de-la-charite.org\\\/pt-pt\\\/?s={search_term_string}\"},\"query-input\":{\"@type\":\"PropertyValueSpecification\",\"valueRequired\":true,\"valueName\":\"search_term_string\"}}],\"inLanguage\":\"pt-PT\"},{\"@type\":\"Organization\",\"@id\":\"https:\\\/\\\/filles-de-la-charite.org\\\/pt-pt\\\/#organization\",\"name\":\"Hijas de la Caridad\",\"url\":\"https:\\\/\\\/filles-de-la-charite.org\\\/pt-pt\\\/\",\"logo\":{\"@type\":\"ImageObject\",\"inLanguage\":\"pt-PT\",\"@id\":\"https:\\\/\\\/filles-de-la-charite.org\\\/pt-pt\\\/#\\\/schema\\\/logo\\\/image\\\/\",\"url\":\"https:\\\/\\\/filles-de-la-charite.org\\\/wp-content\\\/uploads\\\/2023\\\/03\\\/isotipo-Hijas-de-la-Caridad.png\",\"contentUrl\":\"https:\\\/\\\/filles-de-la-charite.org\\\/wp-content\\\/uploads\\\/2023\\\/03\\\/isotipo-Hijas-de-la-Caridad.png\",\"width\":1417,\"height\":1417,\"caption\":\"Hijas de la Caridad\"},\"image\":{\"@id\":\"https:\\\/\\\/filles-de-la-charite.org\\\/pt-pt\\\/#\\\/schema\\\/logo\\\/image\\\/\"}},{\"@type\":\"Person\",\"@id\":\"https:\\\/\\\/filles-de-la-charite.org\\\/pt-pt\\\/#\\\/schema\\\/person\\\/427567b2eccfc2dd7d206da186a1f438\",\"name\":\"admin\",\"image\":{\"@type\":\"ImageObject\",\"inLanguage\":\"pt-PT\",\"@id\":\"https:\\\/\\\/secure.gravatar.com\\\/avatar\\\/948b492cce32b586ac2db0eaa926ee87024f7afe218d73b397ea5ddfc5f43ea1?s=96&d=mm&r=g\",\"url\":\"https:\\\/\\\/secure.gravatar.com\\\/avatar\\\/948b492cce32b586ac2db0eaa926ee87024f7afe218d73b397ea5ddfc5f43ea1?s=96&d=mm&r=g\",\"contentUrl\":\"https:\\\/\\\/secure.gravatar.com\\\/avatar\\\/948b492cce32b586ac2db0eaa926ee87024f7afe218d73b397ea5ddfc5f43ea1?s=96&d=mm&r=g\",\"caption\":\"admin\"},\"sameAs\":[\"https:\\\/\\\/filles-de-la-charite.org\"],\"url\":\"https:\\\/\\\/filles-de-la-charite.org\\\/pt-pt\\\/author\\\/caridad\\\/\"}]}<\/script>\n<!-- \/ Yoast SEO plugin. -->","yoast_head_json":{"title":"Vicente Ajuda: A resposta da Fam\u00edlia Vicentina \u00e0 erup\u00e7\u00e3o do vulc\u00e3o Taal nas Filipinas - Filles de la Charit\u00e9","robots":{"index":"index","follow":"follow","max-snippet":"max-snippet:-1","max-image-preview":"max-image-preview:large","max-video-preview":"max-video-preview:-1"},"canonical":"https:\/\/filles-de-la-charite.org\/pt-pt\/vincent-helps-the-vincentian-familys-response-to-the-taal-volcano-eruption-in-the-philippines-5-2\/","og_locale":"pt_PT","og_type":"article","og_title":"Vicente Ajuda: A resposta da Fam\u00edlia Vicentina \u00e0 erup\u00e7\u00e3o do vulc\u00e3o Taal nas Filipinas - Filles de la Charit\u00e9","og_description":"\u00a0Quando o vulc\u00e3o Taal entrou em erup\u00e7\u00e3o em 12 de Janeiro de 2020, um dos mais afetados pela queda de cinzas foram duas de nossas Comunidades localizadas na cidade de Tagaytay: a Villa Sta. Lu\u00edsa, uma Casa de Retiros das Filhas da Caridade e da Comunidade do Semin\u00e1rio. Um dia ap\u00f3s a erup\u00e7\u00e3o, as Irm\u00e3s [&hellip;]","og_url":"https:\/\/filles-de-la-charite.org\/pt-pt\/vincent-helps-the-vincentian-familys-response-to-the-taal-volcano-eruption-in-the-philippines-5-2\/","og_site_name":"Filles de la Charit\u00e9","article_published_time":"2020-02-14T10:55:44+00:00","article_modified_time":"2024-03-17T17:54:27+00:00","og_image":[{"width":640,"height":640,"url":"https:\/\/filles-de-la-charite.org\/wp-content\/uploads\/2023\/06\/200214-Taal-6.jpg","type":"image\/jpeg"}],"author":"admin","twitter_card":"summary_large_image","twitter_misc":{"Escrito por":"admin","Tempo estimado de leitura":"3 minutos"},"schema":{"@context":"https:\/\/schema.org","@graph":[{"@type":"Article","@id":"https:\/\/filles-de-la-charite.org\/pt-pt\/vincent-helps-the-vincentian-familys-response-to-the-taal-volcano-eruption-in-the-philippines-5-2\/#article","isPartOf":{"@id":"https:\/\/filles-de-la-charite.org\/pt-pt\/vincent-helps-the-vincentian-familys-response-to-the-taal-volcano-eruption-in-the-philippines-5-2\/"},"author":{"name":"admin","@id":"https:\/\/filles-de-la-charite.org\/pt-pt\/#\/schema\/person\/427567b2eccfc2dd7d206da186a1f438"},"headline":"Vicente Ajuda: A resposta da Fam\u00edlia Vicentina \u00e0 erup\u00e7\u00e3o do vulc\u00e3o Taal nas Filipinas","datePublished":"2020-02-14T10:55:44+00:00","dateModified":"2024-03-17T17:54:27+00:00","mainEntityOfPage":{"@id":"https:\/\/filles-de-la-charite.org\/pt-pt\/vincent-helps-the-vincentian-familys-response-to-the-taal-volcano-eruption-in-the-philippines-5-2\/"},"wordCount":533,"publisher":{"@id":"https:\/\/filles-de-la-charite.org\/pt-pt\/#organization"},"image":{"@id":"https:\/\/filles-de-la-charite.org\/pt-pt\/vincent-helps-the-vincentian-familys-response-to-the-taal-volcano-eruption-in-the-philippines-5-2\/#primaryimage"},"thumbnailUrl":"https:\/\/filles-de-la-charite.org\/wp-content\/uploads\/2023\/06\/200214-Taal-6.jpg","articleSection":["Santa Lu\u00edsa - \u00c1sia"],"inLanguage":"pt-PT"},{"@type":"WebPage","@id":"https:\/\/filles-de-la-charite.org\/pt-pt\/vincent-helps-the-vincentian-familys-response-to-the-taal-volcano-eruption-in-the-philippines-5-2\/","url":"https:\/\/filles-de-la-charite.org\/pt-pt\/vincent-helps-the-vincentian-familys-response-to-the-taal-volcano-eruption-in-the-philippines-5-2\/","name":"Vicente Ajuda: A resposta da Fam\u00edlia Vicentina \u00e0 erup\u00e7\u00e3o do vulc\u00e3o Taal nas Filipinas - Filles de la Charit\u00e9","isPartOf":{"@id":"https:\/\/filles-de-la-charite.org\/pt-pt\/#website"},"primaryImageOfPage":{"@id":"https:\/\/filles-de-la-charite.org\/pt-pt\/vincent-helps-the-vincentian-familys-response-to-the-taal-volcano-eruption-in-the-philippines-5-2\/#primaryimage"},"image":{"@id":"https:\/\/filles-de-la-charite.org\/pt-pt\/vincent-helps-the-vincentian-familys-response-to-the-taal-volcano-eruption-in-the-philippines-5-2\/#primaryimage"},"thumbnailUrl":"https:\/\/filles-de-la-charite.org\/wp-content\/uploads\/2023\/06\/200214-Taal-6.jpg","datePublished":"2020-02-14T10:55:44+00:00","dateModified":"2024-03-17T17:54:27+00:00","breadcrumb":{"@id":"https:\/\/filles-de-la-charite.org\/pt-pt\/vincent-helps-the-vincentian-familys-response-to-the-taal-volcano-eruption-in-the-philippines-5-2\/#breadcrumb"},"inLanguage":"pt-PT","potentialAction":[{"@type":"ReadAction","target":["https:\/\/filles-de-la-charite.org\/pt-pt\/vincent-helps-the-vincentian-familys-response-to-the-taal-volcano-eruption-in-the-philippines-5-2\/"]}]},{"@type":"ImageObject","inLanguage":"pt-PT","@id":"https:\/\/filles-de-la-charite.org\/pt-pt\/vincent-helps-the-vincentian-familys-response-to-the-taal-volcano-eruption-in-the-philippines-5-2\/#primaryimage","url":"https:\/\/filles-de-la-charite.org\/wp-content\/uploads\/2023\/06\/200214-Taal-6.jpg","contentUrl":"https:\/\/filles-de-la-charite.org\/wp-content\/uploads\/2023\/06\/200214-Taal-6.jpg","width":640,"height":640},{"@type":"BreadcrumbList","@id":"https:\/\/filles-de-la-charite.org\/pt-pt\/vincent-helps-the-vincentian-familys-response-to-the-taal-volcano-eruption-in-the-philippines-5-2\/#breadcrumb","itemListElement":[{"@type":"ListItem","position":1,"name":"Indonesia","item":"https:\/\/filles-de-la-charite.org\/pt-pt\/category\/indonesia-pt-pt\/"},{"@type":"ListItem","position":2,"name":"Vicente Ajuda: A resposta da Fam\u00edlia Vicentina \u00e0 erup\u00e7\u00e3o do vulc\u00e3o Taal nas Filipinas"}]},{"@type":"WebSite","@id":"https:\/\/filles-de-la-charite.org\/pt-pt\/#website","url":"https:\/\/filles-de-la-charite.org\/pt-pt\/","name":"Hijas de la Caridad","description":"L\u2019amour de J\u00e9sus nous presse \u00e0 prendre soin des personnes les plus d\u00e9munies","publisher":{"@id":"https:\/\/filles-de-la-charite.org\/pt-pt\/#organization"},"potentialAction":[{"@type":"SearchAction","target":{"@type":"EntryPoint","urlTemplate":"https:\/\/filles-de-la-charite.org\/pt-pt\/?s={search_term_string}"},"query-input":{"@type":"PropertyValueSpecification","valueRequired":true,"valueName":"search_term_string"}}],"inLanguage":"pt-PT"},{"@type":"Organization","@id":"https:\/\/filles-de-la-charite.org\/pt-pt\/#organization","name":"Hijas de la Caridad","url":"https:\/\/filles-de-la-charite.org\/pt-pt\/","logo":{"@type":"ImageObject","inLanguage":"pt-PT","@id":"https:\/\/filles-de-la-charite.org\/pt-pt\/#\/schema\/logo\/image\/","url":"https:\/\/filles-de-la-charite.org\/wp-content\/uploads\/2023\/03\/isotipo-Hijas-de-la-Caridad.png","contentUrl":"https:\/\/filles-de-la-charite.org\/wp-content\/uploads\/2023\/03\/isotipo-Hijas-de-la-Caridad.png","width":1417,"height":1417,"caption":"Hijas de la Caridad"},"image":{"@id":"https:\/\/filles-de-la-charite.org\/pt-pt\/#\/schema\/logo\/image\/"}},{"@type":"Person","@id":"https:\/\/filles-de-la-charite.org\/pt-pt\/#\/schema\/person\/427567b2eccfc2dd7d206da186a1f438","name":"admin","image":{"@type":"ImageObject","inLanguage":"pt-PT","@id":"https:\/\/secure.gravatar.com\/avatar\/948b492cce32b586ac2db0eaa926ee87024f7afe218d73b397ea5ddfc5f43ea1?s=96&d=mm&r=g","url":"https:\/\/secure.gravatar.com\/avatar\/948b492cce32b586ac2db0eaa926ee87024f7afe218d73b397ea5ddfc5f43ea1?s=96&d=mm&r=g","contentUrl":"https:\/\/secure.gravatar.com\/avatar\/948b492cce32b586ac2db0eaa926ee87024f7afe218d73b397ea5ddfc5f43ea1?s=96&d=mm&r=g","caption":"admin"},"sameAs":["https:\/\/filles-de-la-charite.org"],"url":"https:\/\/filles-de-la-charite.org\/pt-pt\/author\/caridad\/"}]}},"_links":{"self":[{"href":"https:\/\/filles-de-la-charite.org\/pt-pt\/wp-json\/wp\/v2\/posts\/25139","targetHints":{"allow":["GET"]}}],"collection":[{"href":"https:\/\/filles-de-la-charite.org\/pt-pt\/wp-json\/wp\/v2\/posts"}],"about":[{"href":"https:\/\/filles-de-la-charite.org\/pt-pt\/wp-json\/wp\/v2\/types\/post"}],"author":[{"embeddable":true,"href":"https:\/\/filles-de-la-charite.org\/pt-pt\/wp-json\/wp\/v2\/users\/1"}],"replies":[{"embeddable":true,"href":"https:\/\/filles-de-la-charite.org\/pt-pt\/wp-json\/wp\/v2\/comments?post=25139"}],"version-history":[{"count":1,"href":"https:\/\/filles-de-la-charite.org\/pt-pt\/wp-json\/wp\/v2\/posts\/25139\/revisions"}],"predecessor-version":[{"id":25140,"href":"https:\/\/filles-de-la-charite.org\/pt-pt\/wp-json\/wp\/v2\/posts\/25139\/revisions\/25140"}],"wp:featuredmedia":[{"embeddable":true,"href":"https:\/\/filles-de-la-charite.org\/pt-pt\/wp-json\/wp\/v2\/media\/14428"}],"wp:attachment":[{"href":"https:\/\/filles-de-la-charite.org\/pt-pt\/wp-json\/wp\/v2\/media?parent=25139"}],"wp:term":[{"taxonomy":"category","embeddable":true,"href":"https:\/\/filles-de-la-charite.org\/pt-pt\/wp-json\/wp\/v2\/categories?post=25139"},{"taxonomy":"post_tag","embeddable":true,"href":"https:\/\/filles-de-la-charite.org\/pt-pt\/wp-json\/wp\/v2\/tags?post=25139"}],"curies":[{"name":"wp","href":"https:\/\/api.w.org\/{rel}","templated":true}]}}