{"id":25141,"date":"2020-02-21T22:00:33","date_gmt":"2020-02-21T21:00:33","guid":{"rendered":"https:\/\/hijascaridad.sjdigitaldemo.ovh\/santa-isabel-school-of-madrid-receives-award-5-2\/"},"modified":"2024-03-17T18:54:16","modified_gmt":"2024-03-17T17:54:16","slug":"santa-isabel-school-of-madrid-receives-award-5-2","status":"publish","type":"post","link":"https:\/\/filles-de-la-charite.org\/pt-pt\/santa-isabel-school-of-madrid-receives-award-5-2\/","title":{"rendered":"Pr\u00e9mio ao col\u00e9gio Sta. Isabel de Madrid"},"content":{"rendered":"\n<p>O col\u00e9gio Santa Isabel, conta com 700 alunos de 58 nacionalidades diferentes. \u00abApenas 1% s\u00e3o espanh\u00f3is, o resto s\u00e3o fam\u00edlias migrantes e desfavorecidas \u00bb. Como resultado de seu trabalho com esses perfis, a Comiss\u00e3o Espanhola de Assist\u00eancia aos Refugiados (CEAR) concedeu \u00e0 escola o Pr\u00eamio de A\u00e7\u00f5es pelo ref\u00fagio Juan Mar\u00eda Bandr\u00e9s.<\/p>\n\n\n\n<p>Os estudantes de Santa Isabel \u00abn\u00e3o precisam pagar nada\u00bb. A administra\u00e7\u00e3o paga um concerto e o resto \u00e9 colocado pelas irm\u00e3s. A Comunidade de Madrid cobre seus livros escolares durante os tr\u00eas primeiros cursos da Prim\u00e1ria e as Irm\u00e3s d\u00e3o-lhes o uniforme. As crian\u00e7as, muitas vezes &#8220;v\u00eam sem roupa e sem comida&#8221;, confiam no trabalho social do centro para progredir. Com a ajuda da Cruz Vermelha, a escola distribui cestas b\u00e1sicas duas vezes por semana, j\u00e1 que &#8220;muitos dos que frequentam a cantina tomam a \u00fanica refei\u00e7\u00e3o do dia&#8221;.<\/p>\n\n\n\n<div class=\"wp-block-image\"><figure class=\"alignright\"><img decoding=\"async\" src=\"https:\/\/filles-de-la-charite.org\/wp-content\/uploads\/2023\/06\/200221-Isabel-2-300x300.jpg\" alt=\"\" class=\"wp-image-40471\" \/><\/figure><\/div>\n\n\n\n<p>\u00abH\u00e1 crian\u00e7as que entram e saem depois de dois ou tr\u00eas meses porque s\u00e3o realocadas de organiza\u00e7\u00f5es como a CEAR&#8221;. Rapidamente, eles avaliam seu n\u00edvel e atribuem a elas &#8220;uma equipe de conselheiros muito conscientes das crian\u00e7as, porque uma fam\u00edlia numerosa \u00e9 formada aqui&#8221;. Em alguns casos, as crian\u00e7as n\u00e3o sabem espanhol, um grupo de professores &#8220;muito dedicados&#8221; ensina a toda velocidade e se vira especialmente com elas.<\/p>\n\n\n\n<p>Os alunos de Santa Isabel t\u00eam um acompanhamento do Centro de Assist\u00eancia \u00e0 Crian\u00e7a da Prefeitura de Madrid. &#8220;Alguns perderam seus pais ou irm\u00e3os, e queremos que eles vivam aquela inf\u00e2ncia que n\u00e3o foram capazes de a viver&#8221;. Essa supervis\u00e3o tamb\u00e9m vem de institui\u00e7\u00f5es relacionadas \u00e0 Igreja, como a &#8216;Luz Casanova Foundation&#8217;, que atende principalmente crian\u00e7as que sofrem viol\u00eancia em suas casas. \u00abTodas as crian\u00e7as s\u00e3o conhecidas e suas fam\u00edlias colaboram em quest\u00f5es de disciplina e conviv\u00eancia\u00bb. A disciplina precisamente \u00e9 um dos valores em que esta escola insiste mais do que, consciente de sua riqueza cultural, considera fundamental respeitar as regras para que a troca de ideias entre seus alunos seja real.<\/p>\n\n\n\n<div class=\"wp-block-image\"><figure class=\"alignleft\"><img decoding=\"async\" src=\"https:\/\/filles-de-la-charite.org\/wp-content\/uploads\/2023\/06\/200221-Isabel-5-214x300.jpg\" alt=\"\" class=\"wp-image-40472\" \/><\/figure><\/div>\n\n\n\n<p>Como consequ\u00eancia desse ambiente pac\u00edfico, e embora a maioria dos estudantes venha da periferia de Madrid, h\u00e1 quem &#8220;prefira pegar \u00f4nibus e trens e frequentar esta escola porque h\u00e1 uma atmosfera de toler\u00e2ncia e acolhimento&#8221;. Algo que contribui para a experi\u00eancia de seus pais, que frequentemente cursaram a escola no curso para adultos do centro e, em 2005, ganharam o Primeiro Pr\u00eamio Nacional de Compensa\u00e7\u00e3o Educacional. \u00abA escola \u00e9 um centro de refer\u00eancia no bairro\u00bb.<\/p>\n\n\n\n<p><strong>Evangelizar com o exemplo<\/strong><\/p>\n\n\n\n<p>A escola Santa Isabel \u00e9 uma escola cat\u00f3lica e, portanto, ensina religi\u00e3o. Algo que, na experi\u00eancia de Ir. Carmen Benavides, os pais aceitam independentemente de suas cren\u00e7as. Mas, al\u00e9m dos livros, na opini\u00e3o do diretor, a principal evangeliza\u00e7\u00e3o ocorre pelo exemplo. \u00abSou filha da Caridade h\u00e1 40 anos e sirvo a Cristo nos pobres, como S\u00e3o Vicente de Paulo nos pediu, \u00e9 a \u00fanica coisa que me interessa\u00bb.<\/p>\n\n\n\n<p>Ir Benavides, quem est\u00e1 convencida de que \u00abCristo est\u00e1 em cada crian\u00e7a\u00bb, ela argumenta que &#8220;toda vez que luto para que seus direitos sejam respeitados, estou vivendo o Evangelho&#8221;. &#8220;O mais importante \u00e9 que elas se sintam amados, por isso transmitiremos o amor de Deus&#8221;, conclui.<\/p>\n\n\n\n<p class=\"has-text-align-right\"><em><span style=\"color: #0432ff\">Rodrigo Moreno Quicios\nData de Publica\u00e7\u00e3o: 09 de Janeiro de 2020<\/span><\/em><\/p>\n\n\n\n<div class=\"wp-block-image\"><figure class=\"aligncenter\"><img decoding=\"async\" src=\"https:\/\/filles-de-la-charite.org\/wp-content\/uploads\/2023\/06\/200221-Isabel-3.jpg\" alt=\"\" class=\"wp-image-40474\" \/><\/figure><\/div>\n\n\n\n<div class=\"wp-block-image\"><figure class=\"aligncenter\"><img decoding=\"async\" src=\"https:\/\/filles-de-la-charite.org\/wp-content\/uploads\/2023\/06\/200221-Isabel-4.jpg\" alt=\"\" class=\"wp-image-40475\" \/><\/figure><\/div>\n\n\n\n<div class=\"wp-block-image\"><figure class=\"aligncenter\"><img decoding=\"async\" src=\"https:\/\/filles-de-la-charite.org\/wp-content\/uploads\/2023\/06\/200221-Isabel-1.jpg\" alt=\"\" class=\"wp-image-40473\" \/><\/figure><\/div>\n\n\n\n<div class=\"wp-block-image\"><figure class=\"aligncenter\"><img decoding=\"async\" src=\"https:\/\/filles-de-la-charite.org\/wp-content\/uploads\/2023\/06\/200221-Isabel-6.jpg\" alt=\"\" class=\"wp-image-40476\" \/><\/figure><\/div>\n\n\n\n<div class=\"wp-block-image\"><figure class=\"aligncenter\"><img decoding=\"async\" src=\"https:\/\/filles-de-la-charite.org\/wp-content\/uploads\/2023\/06\/200221-Isabel-7.jpg\" alt=\"\" class=\"wp-image-40477\" \/><\/figure><\/div>\n","protected":false},"excerpt":{"rendered":"<p>O col\u00e9gio Santa Isabel, conta com 700 alunos de 58 nacionalidades diferentes. \u00abApenas 1% s\u00e3o espanh\u00f3is, o resto s\u00e3o fam\u00edlias migrantes e desfavorecidas \u00bb. Como resultado de seu trabalho com esses perfis, a Comiss\u00e3o Espanhola de Assist\u00eancia aos Refugiados (CEAR) concedeu \u00e0 escola o Pr\u00eamio de A\u00e7\u00f5es pelo ref\u00fagio Juan Mar\u00eda Bandr\u00e9s. Os estudantes de [&hellip;]<\/p>\n","protected":false},"author":1,"featured_media":14472,"comment_status":"closed","ping_status":"closed","sticky":false,"template":"","format":"standard","meta":{"_acf_changed":false,"_et_pb_use_builder":"","_et_pb_old_content":"","_et_gb_content_width":"","footnotes":"","_links_to":"","_links_to_target":""},"categories":[807],"tags":[],"class_list":["post-25141","post","type-post","status-publish","format-standard","has-post-thumbnail","hentry","category-espana-sur-pt-pt"],"acf":[],"yoast_head":"<!-- This site is optimized with the Yoast SEO plugin v27.5 - https:\/\/yoast.com\/product\/yoast-seo-wordpress\/ -->\n<title>Pr\u00e9mio ao col\u00e9gio Sta. Isabel de Madrid - Filles de la Charit\u00e9<\/title>\n<meta name=\"robots\" content=\"index, follow, max-snippet:-1, max-image-preview:large, max-video-preview:-1\" \/>\n<link rel=\"canonical\" href=\"https:\/\/filles-de-la-charite.org\/pt-pt\/santa-isabel-school-of-madrid-receives-award-5-2\/\" \/>\n<meta property=\"og:locale\" content=\"pt_PT\" \/>\n<meta property=\"og:type\" content=\"article\" \/>\n<meta property=\"og:title\" content=\"Pr\u00e9mio ao col\u00e9gio Sta. Isabel de Madrid - Filles de la Charit\u00e9\" \/>\n<meta property=\"og:description\" content=\"O col\u00e9gio Santa Isabel, conta com 700 alunos de 58 nacionalidades diferentes. \u00abApenas 1% s\u00e3o espanh\u00f3is, o resto s\u00e3o fam\u00edlias migrantes e desfavorecidas \u00bb. Como resultado de seu trabalho com esses perfis, a Comiss\u00e3o Espanhola de Assist\u00eancia aos Refugiados (CEAR) concedeu \u00e0 escola o Pr\u00eamio de A\u00e7\u00f5es pelo ref\u00fagio Juan Mar\u00eda Bandr\u00e9s. Os estudantes de [&hellip;]\" \/>\n<meta property=\"og:url\" content=\"https:\/\/filles-de-la-charite.org\/pt-pt\/santa-isabel-school-of-madrid-receives-award-5-2\/\" \/>\n<meta property=\"og:site_name\" content=\"Filles de la Charit\u00e9\" \/>\n<meta property=\"article:published_time\" content=\"2020-02-21T21:00:33+00:00\" \/>\n<meta property=\"article:modified_time\" content=\"2024-03-17T17:54:16+00:00\" \/>\n<meta property=\"og:image\" content=\"https:\/\/filles-de-la-charite.org\/wp-content\/uploads\/2023\/06\/200221-Isabel-1.jpg\" \/>\n\t<meta property=\"og:image:width\" content=\"720\" \/>\n\t<meta property=\"og:image:height\" content=\"405\" \/>\n\t<meta property=\"og:image:type\" content=\"image\/jpeg\" \/>\n<meta name=\"author\" content=\"admin\" \/>\n<meta name=\"twitter:card\" content=\"summary_large_image\" \/>\n<meta name=\"twitter:label1\" content=\"Escrito por\" \/>\n\t<meta name=\"twitter:data1\" content=\"admin\" \/>\n\t<meta name=\"twitter:label2\" content=\"Tempo estimado de leitura\" \/>\n\t<meta name=\"twitter:data2\" content=\"3 minutos\" \/>\n<script type=\"application\/ld+json\" class=\"yoast-schema-graph\">{\"@context\":\"https:\\\/\\\/schema.org\",\"@graph\":[{\"@type\":\"Article\",\"@id\":\"https:\\\/\\\/filles-de-la-charite.org\\\/pt-pt\\\/santa-isabel-school-of-madrid-receives-award-5-2\\\/#article\",\"isPartOf\":{\"@id\":\"https:\\\/\\\/filles-de-la-charite.org\\\/pt-pt\\\/santa-isabel-school-of-madrid-receives-award-5-2\\\/\"},\"author\":{\"name\":\"admin\",\"@id\":\"https:\\\/\\\/filles-de-la-charite.org\\\/pt-pt\\\/#\\\/schema\\\/person\\\/427567b2eccfc2dd7d206da186a1f438\"},\"headline\":\"Pr\u00e9mio ao col\u00e9gio Sta. Isabel de Madrid\",\"datePublished\":\"2020-02-21T21:00:33+00:00\",\"dateModified\":\"2024-03-17T17:54:16+00:00\",\"mainEntityOfPage\":{\"@id\":\"https:\\\/\\\/filles-de-la-charite.org\\\/pt-pt\\\/santa-isabel-school-of-madrid-receives-award-5-2\\\/\"},\"wordCount\":582,\"publisher\":{\"@id\":\"https:\\\/\\\/filles-de-la-charite.org\\\/pt-pt\\\/#organization\"},\"image\":{\"@id\":\"https:\\\/\\\/filles-de-la-charite.org\\\/pt-pt\\\/santa-isabel-school-of-madrid-receives-award-5-2\\\/#primaryimage\"},\"thumbnailUrl\":\"https:\\\/\\\/filles-de-la-charite.org\\\/wp-content\\\/uploads\\\/2023\\\/06\\\/200221-Isabel-1.jpg\",\"articleSection\":[\"Espa\u00f1a-Sur\"],\"inLanguage\":\"pt-PT\"},{\"@type\":\"WebPage\",\"@id\":\"https:\\\/\\\/filles-de-la-charite.org\\\/pt-pt\\\/santa-isabel-school-of-madrid-receives-award-5-2\\\/\",\"url\":\"https:\\\/\\\/filles-de-la-charite.org\\\/pt-pt\\\/santa-isabel-school-of-madrid-receives-award-5-2\\\/\",\"name\":\"Pr\u00e9mio ao col\u00e9gio Sta. Isabel de Madrid - Filles de la Charit\u00e9\",\"isPartOf\":{\"@id\":\"https:\\\/\\\/filles-de-la-charite.org\\\/pt-pt\\\/#website\"},\"primaryImageOfPage\":{\"@id\":\"https:\\\/\\\/filles-de-la-charite.org\\\/pt-pt\\\/santa-isabel-school-of-madrid-receives-award-5-2\\\/#primaryimage\"},\"image\":{\"@id\":\"https:\\\/\\\/filles-de-la-charite.org\\\/pt-pt\\\/santa-isabel-school-of-madrid-receives-award-5-2\\\/#primaryimage\"},\"thumbnailUrl\":\"https:\\\/\\\/filles-de-la-charite.org\\\/wp-content\\\/uploads\\\/2023\\\/06\\\/200221-Isabel-1.jpg\",\"datePublished\":\"2020-02-21T21:00:33+00:00\",\"dateModified\":\"2024-03-17T17:54:16+00:00\",\"breadcrumb\":{\"@id\":\"https:\\\/\\\/filles-de-la-charite.org\\\/pt-pt\\\/santa-isabel-school-of-madrid-receives-award-5-2\\\/#breadcrumb\"},\"inLanguage\":\"pt-PT\",\"potentialAction\":[{\"@type\":\"ReadAction\",\"target\":[\"https:\\\/\\\/filles-de-la-charite.org\\\/pt-pt\\\/santa-isabel-school-of-madrid-receives-award-5-2\\\/\"]}]},{\"@type\":\"ImageObject\",\"inLanguage\":\"pt-PT\",\"@id\":\"https:\\\/\\\/filles-de-la-charite.org\\\/pt-pt\\\/santa-isabel-school-of-madrid-receives-award-5-2\\\/#primaryimage\",\"url\":\"https:\\\/\\\/filles-de-la-charite.org\\\/wp-content\\\/uploads\\\/2023\\\/06\\\/200221-Isabel-1.jpg\",\"contentUrl\":\"https:\\\/\\\/filles-de-la-charite.org\\\/wp-content\\\/uploads\\\/2023\\\/06\\\/200221-Isabel-1.jpg\",\"width\":720,\"height\":405},{\"@type\":\"BreadcrumbList\",\"@id\":\"https:\\\/\\\/filles-de-la-charite.org\\\/pt-pt\\\/santa-isabel-school-of-madrid-receives-award-5-2\\\/#breadcrumb\",\"itemListElement\":[{\"@type\":\"ListItem\",\"position\":1,\"name\":\"Rio de Janeiro - Brasil\",\"item\":\"https:\\\/\\\/filles-de-la-charite.org\\\/pt-pt\\\/category\\\/rio-de-janeiro-brasil-pt-pt\\\/\"},{\"@type\":\"ListItem\",\"position\":2,\"name\":\"Pr\u00e9mio ao col\u00e9gio Sta. Isabel de Madrid\"}]},{\"@type\":\"WebSite\",\"@id\":\"https:\\\/\\\/filles-de-la-charite.org\\\/pt-pt\\\/#website\",\"url\":\"https:\\\/\\\/filles-de-la-charite.org\\\/pt-pt\\\/\",\"name\":\"Hijas de la Caridad\",\"description\":\"L\u2019amour de J\u00e9sus nous presse \u00e0 prendre soin des personnes les plus d\u00e9munies\",\"publisher\":{\"@id\":\"https:\\\/\\\/filles-de-la-charite.org\\\/pt-pt\\\/#organization\"},\"potentialAction\":[{\"@type\":\"SearchAction\",\"target\":{\"@type\":\"EntryPoint\",\"urlTemplate\":\"https:\\\/\\\/filles-de-la-charite.org\\\/pt-pt\\\/?s={search_term_string}\"},\"query-input\":{\"@type\":\"PropertyValueSpecification\",\"valueRequired\":true,\"valueName\":\"search_term_string\"}}],\"inLanguage\":\"pt-PT\"},{\"@type\":\"Organization\",\"@id\":\"https:\\\/\\\/filles-de-la-charite.org\\\/pt-pt\\\/#organization\",\"name\":\"Hijas de la Caridad\",\"url\":\"https:\\\/\\\/filles-de-la-charite.org\\\/pt-pt\\\/\",\"logo\":{\"@type\":\"ImageObject\",\"inLanguage\":\"pt-PT\",\"@id\":\"https:\\\/\\\/filles-de-la-charite.org\\\/pt-pt\\\/#\\\/schema\\\/logo\\\/image\\\/\",\"url\":\"https:\\\/\\\/filles-de-la-charite.org\\\/wp-content\\\/uploads\\\/2023\\\/03\\\/isotipo-Hijas-de-la-Caridad.png\",\"contentUrl\":\"https:\\\/\\\/filles-de-la-charite.org\\\/wp-content\\\/uploads\\\/2023\\\/03\\\/isotipo-Hijas-de-la-Caridad.png\",\"width\":1417,\"height\":1417,\"caption\":\"Hijas de la Caridad\"},\"image\":{\"@id\":\"https:\\\/\\\/filles-de-la-charite.org\\\/pt-pt\\\/#\\\/schema\\\/logo\\\/image\\\/\"}},{\"@type\":\"Person\",\"@id\":\"https:\\\/\\\/filles-de-la-charite.org\\\/pt-pt\\\/#\\\/schema\\\/person\\\/427567b2eccfc2dd7d206da186a1f438\",\"name\":\"admin\",\"image\":{\"@type\":\"ImageObject\",\"inLanguage\":\"pt-PT\",\"@id\":\"https:\\\/\\\/secure.gravatar.com\\\/avatar\\\/948b492cce32b586ac2db0eaa926ee87024f7afe218d73b397ea5ddfc5f43ea1?s=96&d=mm&r=g\",\"url\":\"https:\\\/\\\/secure.gravatar.com\\\/avatar\\\/948b492cce32b586ac2db0eaa926ee87024f7afe218d73b397ea5ddfc5f43ea1?s=96&d=mm&r=g\",\"contentUrl\":\"https:\\\/\\\/secure.gravatar.com\\\/avatar\\\/948b492cce32b586ac2db0eaa926ee87024f7afe218d73b397ea5ddfc5f43ea1?s=96&d=mm&r=g\",\"caption\":\"admin\"},\"sameAs\":[\"https:\\\/\\\/filles-de-la-charite.org\"],\"url\":\"https:\\\/\\\/filles-de-la-charite.org\\\/pt-pt\\\/author\\\/caridad\\\/\"}]}<\/script>\n<!-- \/ Yoast SEO plugin. -->","yoast_head_json":{"title":"Pr\u00e9mio ao col\u00e9gio Sta. Isabel de Madrid - Filles de la Charit\u00e9","robots":{"index":"index","follow":"follow","max-snippet":"max-snippet:-1","max-image-preview":"max-image-preview:large","max-video-preview":"max-video-preview:-1"},"canonical":"https:\/\/filles-de-la-charite.org\/pt-pt\/santa-isabel-school-of-madrid-receives-award-5-2\/","og_locale":"pt_PT","og_type":"article","og_title":"Pr\u00e9mio ao col\u00e9gio Sta. Isabel de Madrid - Filles de la Charit\u00e9","og_description":"O col\u00e9gio Santa Isabel, conta com 700 alunos de 58 nacionalidades diferentes. \u00abApenas 1% s\u00e3o espanh\u00f3is, o resto s\u00e3o fam\u00edlias migrantes e desfavorecidas \u00bb. Como resultado de seu trabalho com esses perfis, a Comiss\u00e3o Espanhola de Assist\u00eancia aos Refugiados (CEAR) concedeu \u00e0 escola o Pr\u00eamio de A\u00e7\u00f5es pelo ref\u00fagio Juan Mar\u00eda Bandr\u00e9s. Os estudantes de [&hellip;]","og_url":"https:\/\/filles-de-la-charite.org\/pt-pt\/santa-isabel-school-of-madrid-receives-award-5-2\/","og_site_name":"Filles de la Charit\u00e9","article_published_time":"2020-02-21T21:00:33+00:00","article_modified_time":"2024-03-17T17:54:16+00:00","og_image":[{"width":720,"height":405,"url":"https:\/\/filles-de-la-charite.org\/wp-content\/uploads\/2023\/06\/200221-Isabel-1.jpg","type":"image\/jpeg"}],"author":"admin","twitter_card":"summary_large_image","twitter_misc":{"Escrito por":"admin","Tempo estimado de leitura":"3 minutos"},"schema":{"@context":"https:\/\/schema.org","@graph":[{"@type":"Article","@id":"https:\/\/filles-de-la-charite.org\/pt-pt\/santa-isabel-school-of-madrid-receives-award-5-2\/#article","isPartOf":{"@id":"https:\/\/filles-de-la-charite.org\/pt-pt\/santa-isabel-school-of-madrid-receives-award-5-2\/"},"author":{"name":"admin","@id":"https:\/\/filles-de-la-charite.org\/pt-pt\/#\/schema\/person\/427567b2eccfc2dd7d206da186a1f438"},"headline":"Pr\u00e9mio ao col\u00e9gio Sta. Isabel de Madrid","datePublished":"2020-02-21T21:00:33+00:00","dateModified":"2024-03-17T17:54:16+00:00","mainEntityOfPage":{"@id":"https:\/\/filles-de-la-charite.org\/pt-pt\/santa-isabel-school-of-madrid-receives-award-5-2\/"},"wordCount":582,"publisher":{"@id":"https:\/\/filles-de-la-charite.org\/pt-pt\/#organization"},"image":{"@id":"https:\/\/filles-de-la-charite.org\/pt-pt\/santa-isabel-school-of-madrid-receives-award-5-2\/#primaryimage"},"thumbnailUrl":"https:\/\/filles-de-la-charite.org\/wp-content\/uploads\/2023\/06\/200221-Isabel-1.jpg","articleSection":["Espa\u00f1a-Sur"],"inLanguage":"pt-PT"},{"@type":"WebPage","@id":"https:\/\/filles-de-la-charite.org\/pt-pt\/santa-isabel-school-of-madrid-receives-award-5-2\/","url":"https:\/\/filles-de-la-charite.org\/pt-pt\/santa-isabel-school-of-madrid-receives-award-5-2\/","name":"Pr\u00e9mio ao col\u00e9gio Sta. Isabel de Madrid - Filles de la Charit\u00e9","isPartOf":{"@id":"https:\/\/filles-de-la-charite.org\/pt-pt\/#website"},"primaryImageOfPage":{"@id":"https:\/\/filles-de-la-charite.org\/pt-pt\/santa-isabel-school-of-madrid-receives-award-5-2\/#primaryimage"},"image":{"@id":"https:\/\/filles-de-la-charite.org\/pt-pt\/santa-isabel-school-of-madrid-receives-award-5-2\/#primaryimage"},"thumbnailUrl":"https:\/\/filles-de-la-charite.org\/wp-content\/uploads\/2023\/06\/200221-Isabel-1.jpg","datePublished":"2020-02-21T21:00:33+00:00","dateModified":"2024-03-17T17:54:16+00:00","breadcrumb":{"@id":"https:\/\/filles-de-la-charite.org\/pt-pt\/santa-isabel-school-of-madrid-receives-award-5-2\/#breadcrumb"},"inLanguage":"pt-PT","potentialAction":[{"@type":"ReadAction","target":["https:\/\/filles-de-la-charite.org\/pt-pt\/santa-isabel-school-of-madrid-receives-award-5-2\/"]}]},{"@type":"ImageObject","inLanguage":"pt-PT","@id":"https:\/\/filles-de-la-charite.org\/pt-pt\/santa-isabel-school-of-madrid-receives-award-5-2\/#primaryimage","url":"https:\/\/filles-de-la-charite.org\/wp-content\/uploads\/2023\/06\/200221-Isabel-1.jpg","contentUrl":"https:\/\/filles-de-la-charite.org\/wp-content\/uploads\/2023\/06\/200221-Isabel-1.jpg","width":720,"height":405},{"@type":"BreadcrumbList","@id":"https:\/\/filles-de-la-charite.org\/pt-pt\/santa-isabel-school-of-madrid-receives-award-5-2\/#breadcrumb","itemListElement":[{"@type":"ListItem","position":1,"name":"Rio de Janeiro - Brasil","item":"https:\/\/filles-de-la-charite.org\/pt-pt\/category\/rio-de-janeiro-brasil-pt-pt\/"},{"@type":"ListItem","position":2,"name":"Pr\u00e9mio ao col\u00e9gio Sta. Isabel de Madrid"}]},{"@type":"WebSite","@id":"https:\/\/filles-de-la-charite.org\/pt-pt\/#website","url":"https:\/\/filles-de-la-charite.org\/pt-pt\/","name":"Hijas de la Caridad","description":"L\u2019amour de J\u00e9sus nous presse \u00e0 prendre soin des personnes les plus d\u00e9munies","publisher":{"@id":"https:\/\/filles-de-la-charite.org\/pt-pt\/#organization"},"potentialAction":[{"@type":"SearchAction","target":{"@type":"EntryPoint","urlTemplate":"https:\/\/filles-de-la-charite.org\/pt-pt\/?s={search_term_string}"},"query-input":{"@type":"PropertyValueSpecification","valueRequired":true,"valueName":"search_term_string"}}],"inLanguage":"pt-PT"},{"@type":"Organization","@id":"https:\/\/filles-de-la-charite.org\/pt-pt\/#organization","name":"Hijas de la Caridad","url":"https:\/\/filles-de-la-charite.org\/pt-pt\/","logo":{"@type":"ImageObject","inLanguage":"pt-PT","@id":"https:\/\/filles-de-la-charite.org\/pt-pt\/#\/schema\/logo\/image\/","url":"https:\/\/filles-de-la-charite.org\/wp-content\/uploads\/2023\/03\/isotipo-Hijas-de-la-Caridad.png","contentUrl":"https:\/\/filles-de-la-charite.org\/wp-content\/uploads\/2023\/03\/isotipo-Hijas-de-la-Caridad.png","width":1417,"height":1417,"caption":"Hijas de la Caridad"},"image":{"@id":"https:\/\/filles-de-la-charite.org\/pt-pt\/#\/schema\/logo\/image\/"}},{"@type":"Person","@id":"https:\/\/filles-de-la-charite.org\/pt-pt\/#\/schema\/person\/427567b2eccfc2dd7d206da186a1f438","name":"admin","image":{"@type":"ImageObject","inLanguage":"pt-PT","@id":"https:\/\/secure.gravatar.com\/avatar\/948b492cce32b586ac2db0eaa926ee87024f7afe218d73b397ea5ddfc5f43ea1?s=96&d=mm&r=g","url":"https:\/\/secure.gravatar.com\/avatar\/948b492cce32b586ac2db0eaa926ee87024f7afe218d73b397ea5ddfc5f43ea1?s=96&d=mm&r=g","contentUrl":"https:\/\/secure.gravatar.com\/avatar\/948b492cce32b586ac2db0eaa926ee87024f7afe218d73b397ea5ddfc5f43ea1?s=96&d=mm&r=g","caption":"admin"},"sameAs":["https:\/\/filles-de-la-charite.org"],"url":"https:\/\/filles-de-la-charite.org\/pt-pt\/author\/caridad\/"}]}},"_links":{"self":[{"href":"https:\/\/filles-de-la-charite.org\/pt-pt\/wp-json\/wp\/v2\/posts\/25141","targetHints":{"allow":["GET"]}}],"collection":[{"href":"https:\/\/filles-de-la-charite.org\/pt-pt\/wp-json\/wp\/v2\/posts"}],"about":[{"href":"https:\/\/filles-de-la-charite.org\/pt-pt\/wp-json\/wp\/v2\/types\/post"}],"author":[{"embeddable":true,"href":"https:\/\/filles-de-la-charite.org\/pt-pt\/wp-json\/wp\/v2\/users\/1"}],"replies":[{"embeddable":true,"href":"https:\/\/filles-de-la-charite.org\/pt-pt\/wp-json\/wp\/v2\/comments?post=25141"}],"version-history":[{"count":1,"href":"https:\/\/filles-de-la-charite.org\/pt-pt\/wp-json\/wp\/v2\/posts\/25141\/revisions"}],"predecessor-version":[{"id":25142,"href":"https:\/\/filles-de-la-charite.org\/pt-pt\/wp-json\/wp\/v2\/posts\/25141\/revisions\/25142"}],"wp:featuredmedia":[{"embeddable":true,"href":"https:\/\/filles-de-la-charite.org\/pt-pt\/wp-json\/wp\/v2\/media\/14472"}],"wp:attachment":[{"href":"https:\/\/filles-de-la-charite.org\/pt-pt\/wp-json\/wp\/v2\/media?parent=25141"}],"wp:term":[{"taxonomy":"category","embeddable":true,"href":"https:\/\/filles-de-la-charite.org\/pt-pt\/wp-json\/wp\/v2\/categories?post=25141"},{"taxonomy":"post_tag","embeddable":true,"href":"https:\/\/filles-de-la-charite.org\/pt-pt\/wp-json\/wp\/v2\/tags?post=25141"}],"curies":[{"name":"wp","href":"https:\/\/api.w.org\/{rel}","templated":true}]}}