{"id":25143,"date":"2020-03-06T22:57:14","date_gmt":"2020-03-06T21:57:14","guid":{"rendered":"https:\/\/hijascaridad.sjdigitaldemo.ovh\/fifty-years-of-service-of-the-daughters-of-charity-in-cameroon-5-2\/"},"modified":"2024-03-17T18:54:03","modified_gmt":"2024-03-17T17:54:03","slug":"fifty-years-of-service-of-the-daughters-of-charity-in-cameroon-5-2","status":"publish","type":"post","link":"https:\/\/filles-de-la-charite.org\/pt-pt\/fifty-years-of-service-of-the-daughters-of-charity-in-cameroon-5-2\/","title":{"rendered":"Cinquenta anos de servi\u00e7o como Filhas da Caridade em Camar\u00f5es"},"content":{"rendered":"\n<div class=\"wp-block-image\"><figure class=\"alignleft size-large\"><img decoding=\"async\" src=\"https:\/\/filles-de-la-charite.org\/wp-content\/uploads\/2023\/06\/200306-Cameroon-thmb.jpg\" alt=\"\" class=\"wp-image-41017\"\/><\/figure><\/div>\n\n\n\n<p><strong><em>Um olhar sobre a hist\u00f3ria&nbsp;<\/em><\/strong> Em 16 de Fevereiro de 1968, o Conselho Provincial das Filhas da Caridade da Su\u00ed\u00e7a respondeu positivamente ao pedido de Sua Emin\u00eancia Nkongsamba NDONGMO e decidiu abrir a Miss\u00e3o Cat\u00f3lica em Dchang, Camar\u00f5es. O contrato foi assinado pelo bispo NDONGMO em 25 de Julho de 1969 e pela madre CHIRON em 28 de Julho de 1969.<\/p>\n\n\n\n<div class=\"wp-block-image\"><figure class=\"alignright size-full is-resized\"><img loading=\"lazy\" decoding=\"async\" src=\"https:\/\/filles-de-la-charite.org\/wp-content\/uploads\/2023\/06\/200306-Cameroon-01.jpg\" alt=\"\" class=\"wp-image-40931\" width=\"343\" height=\"480\"\/><\/figure><\/div>\n\n\n\n<p><strong><em>Nossa Celebra\u00e7\u00e3o <\/em>\n<\/strong>Em 15 de Fevereiro de 2020, agradecemos a Deus por 50 anos de servi\u00e7o \u00e0s Filhas da Caridade de S\u00e3o Vicente de Paulo, nos Camar\u00f5es. Cinquenta anos de servi\u00e7o significam a abund\u00e2ncia de gra\u00e7as manifestadas nas pessoas que estavam no in\u00edcio do trabalho e nas gera\u00e7\u00f5es de pessoas pobres que foram servidas. Cinquenta anos representam os anos de observa\u00e7\u00e3o, adapta\u00e7\u00e3o e organiza\u00e7\u00e3o, tornando o servi\u00e7o cada vez mais eficaz. Cinquenta anos significam os muitos anos de gra\u00e7a que incluem o dom de amor, sacrif\u00edcio, entusiasmo, coragem e vida de tantas pessoas. Cinquenta anos significam as muitas decis\u00f5es tomadas para a gl\u00f3ria de Deus, o bem da Igreja e o servi\u00e7o amoroso \u00e0s pessoas pobres.<\/p>\n\n\n\n<p>Tudo isso refletimos e oramos durante o tr\u00edduo especial realizado em nossa par\u00f3quia, que consistia na Adora\u00e7\u00e3o do Sant\u00edssimo Sacramento, uma breve catequese sobre a miseric\u00f3rdia e uma partilha sobre o nosso carisma, bem como a celebra\u00e7\u00e3o da Eucaristia \u00e0s v\u00e9speras da cerim\u00f4nia.<\/p>\n\n\n\n<figure class=\"wp-block-gallery columns-2 is-cropped wp-block-gallery-1 is-layout-flex wp-block-gallery-is-layout-flex\"><ul class=\"blocks-gallery-grid\"><li class=\"blocks-gallery-item\"><figure><a href=\"https:\/\/filles-de-la-charite.org\/wp-content\/uploads\/2023\/06\/200306-Cameroon-10-1024x576.jpg\" data-rel=\"lightbox-image-0\" data-rl_title=\"\" data-rl_caption=\"\" title=\"\"><img decoding=\"async\" src=\"https:\/\/filles-de-la-charite.org\/wp-content\/uploads\/2023\/06\/200306-Cameroon-10-1024x576.jpg\" alt=\"\" data-id=\"41001\" data-full-url=\"https:\/\/filles-de-la-charite.org\/wp-content\/uploads\/2023\/06\/200306-Cameroon-10.jpg\" data-link=\"https:\/\/www.filles-de-la-charite.org\/uncategorized-fr\/congres-international-de-pastorale-pour-les-personnes-agees-ce-29-31-janvier-2020-theme-la-richesse-des-annees\/attachment\/200306-cameroon-10\/\" class=\"wp-image-41001\"\/><\/a><\/figure><\/li><li class=\"blocks-gallery-item\"><figure><a href=\"https:\/\/filles-de-la-charite.org\/wp-content\/uploads\/2023\/06\/200306-Cameroon-09-1024x576.jpg\" data-rel=\"lightbox-image-1\" data-rl_title=\"\" data-rl_caption=\"\" title=\"\"><img decoding=\"async\" src=\"https:\/\/filles-de-la-charite.org\/wp-content\/uploads\/2023\/06\/200306-Cameroon-09-1024x576.jpg\" alt=\"\" data-id=\"40993\" data-full-url=\"https:\/\/filles-de-la-charite.org\/wp-content\/uploads\/2023\/06\/200306-Cameroon-09.jpg\" data-link=\"https:\/\/www.filles-de-la-charite.org\/uncategorized-fr\/congres-international-de-pastorale-pour-les-personnes-agees-ce-29-31-janvier-2020-theme-la-richesse-des-annees\/attachment\/200306-cameroon-09\/\" class=\"wp-image-40993\"\/><\/a><\/figure><\/li><li class=\"blocks-gallery-item\"><figure><a href=\"https:\/\/filles-de-la-charite.org\/wp-content\/uploads\/2023\/06\/200306-Cameroon-08-1024x576.jpg\" data-rel=\"lightbox-image-2\" data-rl_title=\"\" data-rl_caption=\"\" title=\"\"><img decoding=\"async\" src=\"https:\/\/filles-de-la-charite.org\/wp-content\/uploads\/2023\/06\/200306-Cameroon-08-1024x576.jpg\" alt=\"\" data-id=\"40985\" data-full-url=\"https:\/\/filles-de-la-charite.org\/wp-content\/uploads\/2023\/06\/200306-Cameroon-08.jpg\" data-link=\"https:\/\/www.filles-de-la-charite.org\/uncategorized-fr\/congres-international-de-pastorale-pour-les-personnes-agees-ce-29-31-janvier-2020-theme-la-richesse-des-annees\/attachment\/200306-cameroon-08\/\" class=\"wp-image-40985\"\/><\/a><\/figure><\/li><li class=\"blocks-gallery-item\"><figure><a href=\"https:\/\/filles-de-la-charite.org\/wp-content\/uploads\/2023\/06\/200306-Cameroon-07-1024x576.jpg\" data-rel=\"lightbox-image-3\" data-rl_title=\"\" data-rl_caption=\"\" title=\"\"><img decoding=\"async\" src=\"https:\/\/filles-de-la-charite.org\/wp-content\/uploads\/2023\/06\/200306-Cameroon-07-1024x576.jpg\" alt=\"\" data-id=\"40977\" data-full-url=\"https:\/\/filles-de-la-charite.org\/wp-content\/uploads\/2023\/06\/200306-Cameroon-07.jpg\" data-link=\"https:\/\/www.filles-de-la-charite.org\/uncategorized-fr\/congres-international-de-pastorale-pour-les-personnes-agees-ce-29-31-janvier-2020-theme-la-richesse-des-annees\/attachment\/200306-cameroon-07\/\" class=\"wp-image-40977\"\/><\/a><\/figure><\/li><li class=\"blocks-gallery-item\"><figure><a href=\"https:\/\/filles-de-la-charite.org\/wp-content\/uploads\/2023\/06\/200306-Cameroon-06-1024x576.jpg\" data-rel=\"lightbox-image-4\" data-rl_title=\"\" data-rl_caption=\"\" title=\"\"><img decoding=\"async\" src=\"https:\/\/filles-de-la-charite.org\/wp-content\/uploads\/2023\/06\/200306-Cameroon-06-1024x576.jpg\" alt=\"\" data-id=\"40969\" data-full-url=\"https:\/\/filles-de-la-charite.org\/wp-content\/uploads\/2023\/06\/200306-Cameroon-06.jpg\" data-link=\"https:\/\/www.filles-de-la-charite.org\/uncategorized-fr\/congres-international-de-pastorale-pour-les-personnes-agees-ce-29-31-janvier-2020-theme-la-richesse-des-annees\/attachment\/200306-cameroon-06\/\" class=\"wp-image-40969\"\/><\/a><\/figure><\/li><li class=\"blocks-gallery-item\"><figure><a href=\"https:\/\/filles-de-la-charite.org\/wp-content\/uploads\/2023\/06\/200306-Cameroon-05-1024x576.jpg\" data-rel=\"lightbox-image-5\" data-rl_title=\"\" data-rl_caption=\"\" title=\"\"><img decoding=\"async\" src=\"https:\/\/filles-de-la-charite.org\/wp-content\/uploads\/2023\/06\/200306-Cameroon-05-1024x576.jpg\" alt=\"\" data-id=\"40961\" data-full-url=\"https:\/\/filles-de-la-charite.org\/wp-content\/uploads\/2023\/06\/200306-Cameroon-05.jpg\" data-link=\"https:\/\/www.filles-de-la-charite.org\/uncategorized-fr\/congres-international-de-pastorale-pour-les-personnes-agees-ce-29-31-janvier-2020-theme-la-richesse-des-annees\/attachment\/200306-cameroon-05\/\" class=\"wp-image-40961\"\/><\/a><\/figure><\/li><li class=\"blocks-gallery-item\"><figure><a href=\"https:\/\/filles-de-la-charite.org\/wp-content\/uploads\/2023\/06\/200306-Cameroon-04-1024x576.jpg\" data-rel=\"lightbox-image-6\" data-rl_title=\"\" data-rl_caption=\"\" title=\"\"><img decoding=\"async\" src=\"https:\/\/filles-de-la-charite.org\/wp-content\/uploads\/2023\/06\/200306-Cameroon-04-1024x576.jpg\" alt=\"\" data-id=\"40953\" data-full-url=\"https:\/\/filles-de-la-charite.org\/wp-content\/uploads\/2023\/06\/200306-Cameroon-04.jpg\" data-link=\"https:\/\/www.filles-de-la-charite.org\/uncategorized-fr\/congres-international-de-pastorale-pour-les-personnes-agees-ce-29-31-janvier-2020-theme-la-richesse-des-annees\/attachment\/200306-cameroon-04\/\" class=\"wp-image-40953\"\/><\/a><\/figure><\/li><li class=\"blocks-gallery-item\"><figure><a href=\"https:\/\/filles-de-la-charite.org\/wp-content\/uploads\/2023\/06\/200306-Cameroon-02-1024x576.jpg\" data-rel=\"lightbox-image-7\" data-rl_title=\"\" data-rl_caption=\"\" title=\"\"><img decoding=\"async\" src=\"https:\/\/filles-de-la-charite.org\/wp-content\/uploads\/2023\/06\/200306-Cameroon-02-1024x576.jpg\" alt=\"\" data-id=\"40938\" data-full-url=\"https:\/\/filles-de-la-charite.org\/wp-content\/uploads\/2023\/06\/200306-Cameroon-02.jpg\" data-link=\"https:\/\/www.filles-de-la-charite.org\/uncategorized-fr\/congres-international-de-pastorale-pour-les-personnes-agees-ce-29-31-janvier-2020-theme-la-richesse-des-annees\/attachment\/200306-cameroon-02\/\" class=\"wp-image-40938\"\/><\/a><\/figure><\/li><\/ul><\/figure>\n\n\n\n<p>A Santa Eucaristia celebrada em 15 de Fevereiro em nossa par\u00f3quia foi presidida pelo Bispo com a participa\u00e7\u00e3o de numerosos cl\u00e9rigos, autoridades civis locais, Irm\u00e3 Emmanuelle e Irm\u00e3 Maggie da Prov\u00edncia da Su\u00ed\u00e7a (ex -mission\u00e1rias nos Camar\u00f5es), a maioria das Irm\u00e3s de nossa Prov\u00edncia, delega\u00e7\u00e3o de v\u00e1rias congrega\u00e7\u00f5es religiosas, familiares de nossas irm\u00e3s, funcion\u00e1rios, paroquianos e aqueles a quem servimos - 50 pessoas vivendo em situa\u00e7\u00e3o de pobreza que receberam convites pessoais. A liturgia preparada pelos grupos juvenis da par\u00f3quia foi linda. O Bispo fez uma homilia sobre miseric\u00f3rdia e sacrif\u00edcio. No in\u00edcio da Eucaristia, as Irm\u00e3s da Su\u00ed\u00e7a recordaram a hist\u00f3ria da chegada das primeiras Irm\u00e3s nos Camar\u00f5es e o in\u00edcio de sua miss\u00e3o. Antes da b\u00ean\u00e7\u00e3o final, uma dessas primeiras irm\u00e3s deu um testemunho.<\/p>\n\n\n\n<figure class=\"wp-block-gallery alignright columns-1 is-cropped wp-block-gallery-2 is-layout-flex wp-block-gallery-is-layout-flex\"><ul class=\"blocks-gallery-grid\"><li class=\"blocks-gallery-item\"><figure><img decoding=\"async\" src=\"https:\/\/filles-de-la-charite.org\/wp-content\/uploads\/2023\/06\/200306-Cameroon-03-683x1024.jpg\" alt=\"\" data-id=\"40946\" class=\"wp-image-40946\"\/><\/figure><\/li><\/ul><\/figure>\n\n\n\n<p>Ap\u00f3s a Eucaristia, seguimos para o p\u00e1tio da nossa escola para tomar um refresco. A hora da refei\u00e7\u00e3o foi enriquecida por can\u00e7\u00f5es do coral e dan\u00e7as das crian\u00e7as e convidados. No final, o Bispo cortou o bolo do jubileu. Decora\u00e7\u00f5es especiais na igreja e no p\u00e1tio da escola foram exibidas, al\u00e9m de blusas com o logotipo do Ano do Jubileu. \u00c0 noite, as Irm\u00e3s da Su\u00ed\u00e7a visitaram nossas obras e notaram as muitas mudan\u00e7as que ocorreram desde que deixaram Camar\u00f5es; as perguntas feitas \u00e0s irm\u00e3s e as mem\u00f3rias que foram compartilhadas eram infinitas.<\/p>\n\n\n\n<p>No dia seguinte, a irm\u00e3 Emmanuelle e a irm\u00e3 Maggie, acompanhadas pela Visitadora, visitaram a Comunidade das Filhas da Caridade em Foumban. Nos despedimos ... at\u00e9 nos encontrarmos novamente, certamente antes dos pr\u00f3ximos 50 anos!<\/p>\n\n\n\n<p class=\"has-text-align-left\"><em>Irm\u00e3s de Camar\u00f5es<\/em><\/p>\n","protected":false},"excerpt":{"rendered":"<p>Um olhar sobre a hist\u00f3ria&nbsp; Em 16 de Fevereiro de 1968, o Conselho Provincial das Filhas da Caridade da Su\u00ed\u00e7a respondeu positivamente ao pedido de Sua Emin\u00eancia Nkongsamba NDONGMO e decidiu abrir a Miss\u00e3o Cat\u00f3lica em Dchang, Camar\u00f5es. O contrato foi assinado pelo bispo NDONGMO em 25 de Julho de 1969 e pela madre CHIRON [&hellip;]<\/p>\n","protected":false},"author":1,"featured_media":14559,"comment_status":"closed","ping_status":"closed","sticky":false,"template":"","format":"standard","meta":{"_acf_changed":false,"footnotes":"","_links_to":"","_links_to_target":""},"categories":[580],"tags":[],"class_list":["post-25143","post","type-post","status-publish","format-standard","has-post-thumbnail","hentry","category-camaroes-pt-pt"],"acf":[],"yoast_head":"<!-- This site is optimized with the Yoast SEO plugin v27.5 - https:\/\/yoast.com\/product\/yoast-seo-wordpress\/ -->\n<title>Cinquenta anos de servi\u00e7o como Filhas da Caridade em Camar\u00f5es - Filles de la Charit\u00e9<\/title>\n<meta name=\"robots\" content=\"index, follow, max-snippet:-1, max-image-preview:large, max-video-preview:-1\" \/>\n<link rel=\"canonical\" href=\"https:\/\/filles-de-la-charite.org\/pt-pt\/fifty-years-of-service-of-the-daughters-of-charity-in-cameroon-5-2\/\" \/>\n<meta property=\"og:locale\" content=\"pt_PT\" \/>\n<meta property=\"og:type\" content=\"article\" \/>\n<meta property=\"og:title\" content=\"Cinquenta anos de servi\u00e7o como Filhas da Caridade em Camar\u00f5es - Filles de la Charit\u00e9\" \/>\n<meta property=\"og:description\" content=\"Um olhar sobre a hist\u00f3ria&nbsp; Em 16 de Fevereiro de 1968, o Conselho Provincial das Filhas da Caridade da Su\u00ed\u00e7a respondeu positivamente ao pedido de Sua Emin\u00eancia Nkongsamba NDONGMO e decidiu abrir a Miss\u00e3o Cat\u00f3lica em Dchang, Camar\u00f5es. O contrato foi assinado pelo bispo NDONGMO em 25 de Julho de 1969 e pela madre CHIRON [&hellip;]\" \/>\n<meta property=\"og:url\" content=\"https:\/\/filles-de-la-charite.org\/pt-pt\/fifty-years-of-service-of-the-daughters-of-charity-in-cameroon-5-2\/\" \/>\n<meta property=\"og:site_name\" content=\"Filles de la Charit\u00e9\" \/>\n<meta property=\"article:published_time\" content=\"2020-03-06T21:57:14+00:00\" \/>\n<meta property=\"article:modified_time\" content=\"2024-03-17T17:54:03+00:00\" \/>\n<meta property=\"og:image\" content=\"https:\/\/filles-de-la-charite.org\/wp-content\/uploads\/2023\/06\/200306-Cameroon-FTD.jpg\" \/>\n\t<meta property=\"og:image:width\" content=\"1201\" \/>\n\t<meta property=\"og:image:height\" content=\"630\" \/>\n\t<meta property=\"og:image:type\" content=\"image\/jpeg\" \/>\n<meta name=\"author\" content=\"admin\" \/>\n<meta name=\"twitter:card\" content=\"summary_large_image\" \/>\n<meta name=\"twitter:label1\" content=\"Escrito por\" \/>\n\t<meta name=\"twitter:data1\" content=\"admin\" \/>\n\t<meta name=\"twitter:label2\" content=\"Tempo estimado de leitura\" \/>\n\t<meta name=\"twitter:data2\" content=\"3 minutos\" \/>\n<script type=\"application\/ld+json\" class=\"yoast-schema-graph\">{\"@context\":\"https:\\\/\\\/schema.org\",\"@graph\":[{\"@type\":\"Article\",\"@id\":\"https:\\\/\\\/filles-de-la-charite.org\\\/pt-pt\\\/fifty-years-of-service-of-the-daughters-of-charity-in-cameroon-5-2\\\/#article\",\"isPartOf\":{\"@id\":\"https:\\\/\\\/filles-de-la-charite.org\\\/pt-pt\\\/fifty-years-of-service-of-the-daughters-of-charity-in-cameroon-5-2\\\/\"},\"author\":{\"name\":\"admin\",\"@id\":\"https:\\\/\\\/filles-de-la-charite.org\\\/pt-pt\\\/#\\\/schema\\\/person\\\/427567b2eccfc2dd7d206da186a1f438\"},\"headline\":\"Cinquenta anos de servi\u00e7o como Filhas da Caridade em Camar\u00f5es\",\"datePublished\":\"2020-03-06T21:57:14+00:00\",\"dateModified\":\"2024-03-17T17:54:03+00:00\",\"mainEntityOfPage\":{\"@id\":\"https:\\\/\\\/filles-de-la-charite.org\\\/pt-pt\\\/fifty-years-of-service-of-the-daughters-of-charity-in-cameroon-5-2\\\/\"},\"wordCount\":555,\"publisher\":{\"@id\":\"https:\\\/\\\/filles-de-la-charite.org\\\/pt-pt\\\/#organization\"},\"image\":{\"@id\":\"https:\\\/\\\/filles-de-la-charite.org\\\/pt-pt\\\/fifty-years-of-service-of-the-daughters-of-charity-in-cameroon-5-2\\\/#primaryimage\"},\"thumbnailUrl\":\"https:\\\/\\\/filles-de-la-charite.org\\\/wp-content\\\/uploads\\\/2023\\\/06\\\/200306-Cameroon-FTD.jpg\",\"articleSection\":[\"Camar\u00f5es\"],\"inLanguage\":\"pt-PT\"},{\"@type\":\"WebPage\",\"@id\":\"https:\\\/\\\/filles-de-la-charite.org\\\/pt-pt\\\/fifty-years-of-service-of-the-daughters-of-charity-in-cameroon-5-2\\\/\",\"url\":\"https:\\\/\\\/filles-de-la-charite.org\\\/pt-pt\\\/fifty-years-of-service-of-the-daughters-of-charity-in-cameroon-5-2\\\/\",\"name\":\"Cinquenta anos de servi\u00e7o como Filhas da Caridade em Camar\u00f5es - Filles de la Charit\u00e9\",\"isPartOf\":{\"@id\":\"https:\\\/\\\/filles-de-la-charite.org\\\/pt-pt\\\/#website\"},\"primaryImageOfPage\":{\"@id\":\"https:\\\/\\\/filles-de-la-charite.org\\\/pt-pt\\\/fifty-years-of-service-of-the-daughters-of-charity-in-cameroon-5-2\\\/#primaryimage\"},\"image\":{\"@id\":\"https:\\\/\\\/filles-de-la-charite.org\\\/pt-pt\\\/fifty-years-of-service-of-the-daughters-of-charity-in-cameroon-5-2\\\/#primaryimage\"},\"thumbnailUrl\":\"https:\\\/\\\/filles-de-la-charite.org\\\/wp-content\\\/uploads\\\/2023\\\/06\\\/200306-Cameroon-FTD.jpg\",\"datePublished\":\"2020-03-06T21:57:14+00:00\",\"dateModified\":\"2024-03-17T17:54:03+00:00\",\"breadcrumb\":{\"@id\":\"https:\\\/\\\/filles-de-la-charite.org\\\/pt-pt\\\/fifty-years-of-service-of-the-daughters-of-charity-in-cameroon-5-2\\\/#breadcrumb\"},\"inLanguage\":\"pt-PT\",\"potentialAction\":[{\"@type\":\"ReadAction\",\"target\":[\"https:\\\/\\\/filles-de-la-charite.org\\\/pt-pt\\\/fifty-years-of-service-of-the-daughters-of-charity-in-cameroon-5-2\\\/\"]}]},{\"@type\":\"ImageObject\",\"inLanguage\":\"pt-PT\",\"@id\":\"https:\\\/\\\/filles-de-la-charite.org\\\/pt-pt\\\/fifty-years-of-service-of-the-daughters-of-charity-in-cameroon-5-2\\\/#primaryimage\",\"url\":\"https:\\\/\\\/filles-de-la-charite.org\\\/wp-content\\\/uploads\\\/2023\\\/06\\\/200306-Cameroon-FTD.jpg\",\"contentUrl\":\"https:\\\/\\\/filles-de-la-charite.org\\\/wp-content\\\/uploads\\\/2023\\\/06\\\/200306-Cameroon-FTD.jpg\",\"width\":1201,\"height\":630},{\"@type\":\"BreadcrumbList\",\"@id\":\"https:\\\/\\\/filles-de-la-charite.org\\\/pt-pt\\\/fifty-years-of-service-of-the-daughters-of-charity-in-cameroon-5-2\\\/#breadcrumb\",\"itemListElement\":[{\"@type\":\"ListItem\",\"position\":1,\"name\":\"\u00cdndia Sul\",\"item\":\"https:\\\/\\\/filles-de-la-charite.org\\\/pt-pt\\\/category\\\/india-del-sur-pt-pt\\\/\"},{\"@type\":\"ListItem\",\"position\":2,\"name\":\"Cinquenta anos de servi\u00e7o como Filhas da Caridade em Camar\u00f5es\"}]},{\"@type\":\"WebSite\",\"@id\":\"https:\\\/\\\/filles-de-la-charite.org\\\/pt-pt\\\/#website\",\"url\":\"https:\\\/\\\/filles-de-la-charite.org\\\/pt-pt\\\/\",\"name\":\"Hijas de la Caridad\",\"description\":\"L\u2019amour de J\u00e9sus nous presse \u00e0 prendre soin des personnes les plus d\u00e9munies\",\"publisher\":{\"@id\":\"https:\\\/\\\/filles-de-la-charite.org\\\/pt-pt\\\/#organization\"},\"potentialAction\":[{\"@type\":\"SearchAction\",\"target\":{\"@type\":\"EntryPoint\",\"urlTemplate\":\"https:\\\/\\\/filles-de-la-charite.org\\\/pt-pt\\\/?s={search_term_string}\"},\"query-input\":{\"@type\":\"PropertyValueSpecification\",\"valueRequired\":true,\"valueName\":\"search_term_string\"}}],\"inLanguage\":\"pt-PT\"},{\"@type\":\"Organization\",\"@id\":\"https:\\\/\\\/filles-de-la-charite.org\\\/pt-pt\\\/#organization\",\"name\":\"Hijas de la Caridad\",\"url\":\"https:\\\/\\\/filles-de-la-charite.org\\\/pt-pt\\\/\",\"logo\":{\"@type\":\"ImageObject\",\"inLanguage\":\"pt-PT\",\"@id\":\"https:\\\/\\\/filles-de-la-charite.org\\\/pt-pt\\\/#\\\/schema\\\/logo\\\/image\\\/\",\"url\":\"https:\\\/\\\/filles-de-la-charite.org\\\/wp-content\\\/uploads\\\/2023\\\/03\\\/isotipo-Hijas-de-la-Caridad.png\",\"contentUrl\":\"https:\\\/\\\/filles-de-la-charite.org\\\/wp-content\\\/uploads\\\/2023\\\/03\\\/isotipo-Hijas-de-la-Caridad.png\",\"width\":1417,\"height\":1417,\"caption\":\"Hijas de la Caridad\"},\"image\":{\"@id\":\"https:\\\/\\\/filles-de-la-charite.org\\\/pt-pt\\\/#\\\/schema\\\/logo\\\/image\\\/\"}},{\"@type\":\"Person\",\"@id\":\"https:\\\/\\\/filles-de-la-charite.org\\\/pt-pt\\\/#\\\/schema\\\/person\\\/427567b2eccfc2dd7d206da186a1f438\",\"name\":\"admin\",\"image\":{\"@type\":\"ImageObject\",\"inLanguage\":\"pt-PT\",\"@id\":\"https:\\\/\\\/secure.gravatar.com\\\/avatar\\\/948b492cce32b586ac2db0eaa926ee87024f7afe218d73b397ea5ddfc5f43ea1?s=96&d=mm&r=g\",\"url\":\"https:\\\/\\\/secure.gravatar.com\\\/avatar\\\/948b492cce32b586ac2db0eaa926ee87024f7afe218d73b397ea5ddfc5f43ea1?s=96&d=mm&r=g\",\"contentUrl\":\"https:\\\/\\\/secure.gravatar.com\\\/avatar\\\/948b492cce32b586ac2db0eaa926ee87024f7afe218d73b397ea5ddfc5f43ea1?s=96&d=mm&r=g\",\"caption\":\"admin\"},\"sameAs\":[\"https:\\\/\\\/filles-de-la-charite.org\"],\"url\":\"https:\\\/\\\/filles-de-la-charite.org\\\/pt-pt\\\/author\\\/caridad\\\/\"}]}<\/script>\n<!-- \/ Yoast SEO plugin. -->","yoast_head_json":{"title":"Cinquenta anos de servi\u00e7o como Filhas da Caridade em Camar\u00f5es - Filles de la Charit\u00e9","robots":{"index":"index","follow":"follow","max-snippet":"max-snippet:-1","max-image-preview":"max-image-preview:large","max-video-preview":"max-video-preview:-1"},"canonical":"https:\/\/filles-de-la-charite.org\/pt-pt\/fifty-years-of-service-of-the-daughters-of-charity-in-cameroon-5-2\/","og_locale":"pt_PT","og_type":"article","og_title":"Cinquenta anos de servi\u00e7o como Filhas da Caridade em Camar\u00f5es - Filles de la Charit\u00e9","og_description":"Um olhar sobre a hist\u00f3ria&nbsp; Em 16 de Fevereiro de 1968, o Conselho Provincial das Filhas da Caridade da Su\u00ed\u00e7a respondeu positivamente ao pedido de Sua Emin\u00eancia Nkongsamba NDONGMO e decidiu abrir a Miss\u00e3o Cat\u00f3lica em Dchang, Camar\u00f5es. O contrato foi assinado pelo bispo NDONGMO em 25 de Julho de 1969 e pela madre CHIRON [&hellip;]","og_url":"https:\/\/filles-de-la-charite.org\/pt-pt\/fifty-years-of-service-of-the-daughters-of-charity-in-cameroon-5-2\/","og_site_name":"Filles de la Charit\u00e9","article_published_time":"2020-03-06T21:57:14+00:00","article_modified_time":"2024-03-17T17:54:03+00:00","og_image":[{"width":1201,"height":630,"url":"https:\/\/filles-de-la-charite.org\/wp-content\/uploads\/2023\/06\/200306-Cameroon-FTD.jpg","type":"image\/jpeg"}],"author":"admin","twitter_card":"summary_large_image","twitter_misc":{"Escrito por":"admin","Tempo estimado de leitura":"3 minutos"},"schema":{"@context":"https:\/\/schema.org","@graph":[{"@type":"Article","@id":"https:\/\/filles-de-la-charite.org\/pt-pt\/fifty-years-of-service-of-the-daughters-of-charity-in-cameroon-5-2\/#article","isPartOf":{"@id":"https:\/\/filles-de-la-charite.org\/pt-pt\/fifty-years-of-service-of-the-daughters-of-charity-in-cameroon-5-2\/"},"author":{"name":"admin","@id":"https:\/\/filles-de-la-charite.org\/pt-pt\/#\/schema\/person\/427567b2eccfc2dd7d206da186a1f438"},"headline":"Cinquenta anos de servi\u00e7o como Filhas da Caridade em Camar\u00f5es","datePublished":"2020-03-06T21:57:14+00:00","dateModified":"2024-03-17T17:54:03+00:00","mainEntityOfPage":{"@id":"https:\/\/filles-de-la-charite.org\/pt-pt\/fifty-years-of-service-of-the-daughters-of-charity-in-cameroon-5-2\/"},"wordCount":555,"publisher":{"@id":"https:\/\/filles-de-la-charite.org\/pt-pt\/#organization"},"image":{"@id":"https:\/\/filles-de-la-charite.org\/pt-pt\/fifty-years-of-service-of-the-daughters-of-charity-in-cameroon-5-2\/#primaryimage"},"thumbnailUrl":"https:\/\/filles-de-la-charite.org\/wp-content\/uploads\/2023\/06\/200306-Cameroon-FTD.jpg","articleSection":["Camar\u00f5es"],"inLanguage":"pt-PT"},{"@type":"WebPage","@id":"https:\/\/filles-de-la-charite.org\/pt-pt\/fifty-years-of-service-of-the-daughters-of-charity-in-cameroon-5-2\/","url":"https:\/\/filles-de-la-charite.org\/pt-pt\/fifty-years-of-service-of-the-daughters-of-charity-in-cameroon-5-2\/","name":"Cinquenta anos de servi\u00e7o como Filhas da Caridade em Camar\u00f5es - Filles de la Charit\u00e9","isPartOf":{"@id":"https:\/\/filles-de-la-charite.org\/pt-pt\/#website"},"primaryImageOfPage":{"@id":"https:\/\/filles-de-la-charite.org\/pt-pt\/fifty-years-of-service-of-the-daughters-of-charity-in-cameroon-5-2\/#primaryimage"},"image":{"@id":"https:\/\/filles-de-la-charite.org\/pt-pt\/fifty-years-of-service-of-the-daughters-of-charity-in-cameroon-5-2\/#primaryimage"},"thumbnailUrl":"https:\/\/filles-de-la-charite.org\/wp-content\/uploads\/2023\/06\/200306-Cameroon-FTD.jpg","datePublished":"2020-03-06T21:57:14+00:00","dateModified":"2024-03-17T17:54:03+00:00","breadcrumb":{"@id":"https:\/\/filles-de-la-charite.org\/pt-pt\/fifty-years-of-service-of-the-daughters-of-charity-in-cameroon-5-2\/#breadcrumb"},"inLanguage":"pt-PT","potentialAction":[{"@type":"ReadAction","target":["https:\/\/filles-de-la-charite.org\/pt-pt\/fifty-years-of-service-of-the-daughters-of-charity-in-cameroon-5-2\/"]}]},{"@type":"ImageObject","inLanguage":"pt-PT","@id":"https:\/\/filles-de-la-charite.org\/pt-pt\/fifty-years-of-service-of-the-daughters-of-charity-in-cameroon-5-2\/#primaryimage","url":"https:\/\/filles-de-la-charite.org\/wp-content\/uploads\/2023\/06\/200306-Cameroon-FTD.jpg","contentUrl":"https:\/\/filles-de-la-charite.org\/wp-content\/uploads\/2023\/06\/200306-Cameroon-FTD.jpg","width":1201,"height":630},{"@type":"BreadcrumbList","@id":"https:\/\/filles-de-la-charite.org\/pt-pt\/fifty-years-of-service-of-the-daughters-of-charity-in-cameroon-5-2\/#breadcrumb","itemListElement":[{"@type":"ListItem","position":1,"name":"\u00cdndia Sul","item":"https:\/\/filles-de-la-charite.org\/pt-pt\/category\/india-del-sur-pt-pt\/"},{"@type":"ListItem","position":2,"name":"Cinquenta anos de servi\u00e7o como Filhas da Caridade em Camar\u00f5es"}]},{"@type":"WebSite","@id":"https:\/\/filles-de-la-charite.org\/pt-pt\/#website","url":"https:\/\/filles-de-la-charite.org\/pt-pt\/","name":"Hijas de la Caridad","description":"L\u2019amour de J\u00e9sus nous presse \u00e0 prendre soin des personnes les plus d\u00e9munies","publisher":{"@id":"https:\/\/filles-de-la-charite.org\/pt-pt\/#organization"},"potentialAction":[{"@type":"SearchAction","target":{"@type":"EntryPoint","urlTemplate":"https:\/\/filles-de-la-charite.org\/pt-pt\/?s={search_term_string}"},"query-input":{"@type":"PropertyValueSpecification","valueRequired":true,"valueName":"search_term_string"}}],"inLanguage":"pt-PT"},{"@type":"Organization","@id":"https:\/\/filles-de-la-charite.org\/pt-pt\/#organization","name":"Hijas de la Caridad","url":"https:\/\/filles-de-la-charite.org\/pt-pt\/","logo":{"@type":"ImageObject","inLanguage":"pt-PT","@id":"https:\/\/filles-de-la-charite.org\/pt-pt\/#\/schema\/logo\/image\/","url":"https:\/\/filles-de-la-charite.org\/wp-content\/uploads\/2023\/03\/isotipo-Hijas-de-la-Caridad.png","contentUrl":"https:\/\/filles-de-la-charite.org\/wp-content\/uploads\/2023\/03\/isotipo-Hijas-de-la-Caridad.png","width":1417,"height":1417,"caption":"Hijas de la Caridad"},"image":{"@id":"https:\/\/filles-de-la-charite.org\/pt-pt\/#\/schema\/logo\/image\/"}},{"@type":"Person","@id":"https:\/\/filles-de-la-charite.org\/pt-pt\/#\/schema\/person\/427567b2eccfc2dd7d206da186a1f438","name":"admin","image":{"@type":"ImageObject","inLanguage":"pt-PT","@id":"https:\/\/secure.gravatar.com\/avatar\/948b492cce32b586ac2db0eaa926ee87024f7afe218d73b397ea5ddfc5f43ea1?s=96&d=mm&r=g","url":"https:\/\/secure.gravatar.com\/avatar\/948b492cce32b586ac2db0eaa926ee87024f7afe218d73b397ea5ddfc5f43ea1?s=96&d=mm&r=g","contentUrl":"https:\/\/secure.gravatar.com\/avatar\/948b492cce32b586ac2db0eaa926ee87024f7afe218d73b397ea5ddfc5f43ea1?s=96&d=mm&r=g","caption":"admin"},"sameAs":["https:\/\/filles-de-la-charite.org"],"url":"https:\/\/filles-de-la-charite.org\/pt-pt\/author\/caridad\/"}]}},"_links":{"self":[{"href":"https:\/\/filles-de-la-charite.org\/pt-pt\/wp-json\/wp\/v2\/posts\/25143","targetHints":{"allow":["GET"]}}],"collection":[{"href":"https:\/\/filles-de-la-charite.org\/pt-pt\/wp-json\/wp\/v2\/posts"}],"about":[{"href":"https:\/\/filles-de-la-charite.org\/pt-pt\/wp-json\/wp\/v2\/types\/post"}],"author":[{"embeddable":true,"href":"https:\/\/filles-de-la-charite.org\/pt-pt\/wp-json\/wp\/v2\/users\/1"}],"replies":[{"embeddable":true,"href":"https:\/\/filles-de-la-charite.org\/pt-pt\/wp-json\/wp\/v2\/comments?post=25143"}],"version-history":[{"count":2,"href":"https:\/\/filles-de-la-charite.org\/pt-pt\/wp-json\/wp\/v2\/posts\/25143\/revisions"}],"predecessor-version":[{"id":34547,"href":"https:\/\/filles-de-la-charite.org\/pt-pt\/wp-json\/wp\/v2\/posts\/25143\/revisions\/34547"}],"wp:featuredmedia":[{"embeddable":true,"href":"https:\/\/filles-de-la-charite.org\/pt-pt\/wp-json\/wp\/v2\/media\/14559"}],"wp:attachment":[{"href":"https:\/\/filles-de-la-charite.org\/pt-pt\/wp-json\/wp\/v2\/media?parent=25143"}],"wp:term":[{"taxonomy":"category","embeddable":true,"href":"https:\/\/filles-de-la-charite.org\/pt-pt\/wp-json\/wp\/v2\/categories?post=25143"},{"taxonomy":"post_tag","embeddable":true,"href":"https:\/\/filles-de-la-charite.org\/pt-pt\/wp-json\/wp\/v2\/tags?post=25143"}],"curies":[{"name":"wp","href":"https:\/\/api.w.org\/{rel}","templated":true}]}}