{"id":25145,"date":"2020-03-16T22:40:22","date_gmt":"2020-03-16T21:40:22","guid":{"rendered":"https:\/\/hijascaridad.sjdigitaldemo.ovh\/fr-tomaz-mavric-cm-superior-general-visits-the-daughters-of-charity-in-australia-5-2\/"},"modified":"2024-03-17T18:53:54","modified_gmt":"2024-03-17T17:53:54","slug":"fr-tomaz-mavric-cm-superior-general-visits-the-daughters-of-charity-in-australia-5-2","status":"publish","type":"post","link":"https:\/\/filles-de-la-charite.org\/pt-pt\/fr-tomaz-mavric-cm-superior-general-visits-the-daughters-of-charity-in-australia-5-2\/","title":{"rendered":"Pe. Toma\u017e Mavri\u010d CM, Superior Geral, visitou Australia"},"content":{"rendered":"\n<p>Durante sua visita \u00e0 Congrega\u00e7\u00e3o da Miss\u00e3o, Prov\u00edncia da Oceania, o Pe. Tomaz visitou tamb\u00e9m as Filhas da Caridade. Chegou na ter\u00e7a-feira, 11 de Fevereiro, depois de um voo de volta de Melbourne, onde se encontrou com os Confrades de CM e nossas tr\u00eas Filhas da Caridade residentes.<\/p>\n\n\n\n<p>&nbsp;Vinte e cinco Filhas da Caridade se reuniram para dar as boas-vindas ao Pe. Tomaz.&nbsp; Ele entrou na sala de reuni\u00f5es e saudou pessoalmente cada Irm\u00e3 antes de se sentar para uma x\u00edcara de ch\u00e1.&nbsp;&nbsp; Este gesto colocou a todos \u00e0 vontade.&nbsp;&nbsp;&nbsp; Em seguida, o Pe. Tomaz nos deu um discurso informal, seguido de perguntas e respostas.&nbsp;&nbsp;Adoramos sua simplicidade em responder \u00e0s perguntas das Irm\u00e3s e admiramos seu conhecimento dos acontecimentos mundiais n\u00e3o necessariamente relacionados com a Fam\u00edlia Vicentina.&nbsp;&nbsp;<\/p>\n\n\n\n<div class=\"wp-block-image\"><figure class=\"alignright\"><img decoding=\"async\" src=\"https:\/\/filles-de-la-charite.org\/wp-content\/uploads\/2023\/06\/0316-Australia-2-240x300.jpg\" alt=\"\" class=\"wp-image-40561\" \/><\/figure><\/div>\n\n\n\n<p>Ap\u00f3s uma hora de conversa, eu o acompanhei em uma visita a quatro de nossas Irm\u00e3s que est\u00e3o no Lar Bethany Villa Nursing, localizado na casa ao lado.&nbsp; Tr\u00eas dessas Irm\u00e3s j\u00e1 est\u00e3o na casa dos noventa anos, mas a alegria de ver o nosso Superior Geral e de responder a ele foi uma alegria de contemplar.&nbsp;&nbsp; A terceira Irm\u00e3 estava na cama, o seu sorriso era brilhante e o seu rosto radiante quando foi apresentada ao Pe. Tomaz.&nbsp;&nbsp;&nbsp; A sua visita \u00e0 quarta Irm\u00e3 foi mais longa porque ela foi capaz de se engajar por mais tempo!&nbsp;&nbsp; Esta Irm\u00e3 admirava os escritos do Pe. Tomaz e de bom grado lhe fez saber de sua admira\u00e7\u00e3o!&nbsp;&nbsp; Em seguida, ela continuou a contar-lhe suas atividades em Bethany Villa, por exemplo, sess\u00f5es de poesia com um pequeno grupo de residentes, reflex\u00f5es semanais durante as esta\u00e7\u00f5es do Advento e Quaresma, novamente com um grupo de residentes.&nbsp;&nbsp; O Pe. Tomaz convidou a Irm\u00e3 a recitar um poema e ela o fez vers\u00edculo ap\u00f3s vers\u00edculo por pelo menos tr\u00eas minutos sem uma \u00fanica palavra na sua frente ou sem nenhuma solicita\u00e7\u00e3o!&nbsp;&nbsp; O Pe. Tomaz ficou fascinado!&nbsp;&nbsp; Na Austr\u00e1lia n\u00f3s diz\u00edamos &#8220;ele foi golpeado pela boca&#8221;!!!&nbsp;&nbsp;&nbsp;<\/p>\n\n\n\n<p>O Pe. Tomaz e eu, em seguida, caminhamos brevemente atrav\u00e9s da Casa visitando muito rapidamente tr\u00eas residentes.&nbsp;&nbsp;Um tinha sido nosso Gerente de Neg\u00f3cios e no Conselho Consultivo Provincial por muitos anos.&nbsp;&nbsp; Agora ele est\u00e1 na casa dos noventa anos e \u00e9 residente com sua esposa no nosso lar de cuidados de Sta. Catarina.&nbsp;&nbsp; Em agradecimento por seus anos de servi\u00e7o dedicado \u00e0 Comunidade e sua leal amizade com as Irm\u00e3s, apresentei o Pe. Tomaz ao casal.&nbsp;&nbsp;Em seguida o Pe. Tomaz visitou uma senhora italiana, residente h\u00e1 algum tempo em Sta. Catarina e, infelizmente, agora est\u00e1 de cama.&nbsp;&nbsp; Eles partilharam uma grande conversa em italiano!&nbsp; Finalmente, o Pe. Tomaz aben\u00e7oou uma irm\u00e3 de sangue da nossa Irm\u00e3 que est\u00e1 nos cuidados<\/p>\n\n\n\n<div class=\"wp-block-image\"><figure class=\"aligncenter\"><img decoding=\"async\" src=\"https:\/\/filles-de-la-charite.org\/wp-content\/uploads\/2023\/06\/0316-Australia-1.jpg\" alt=\"\" class=\"wp-image-40560\" \/><\/figure><\/div>\n\n\n\n<p>De volta \u00e0 sala de reuni\u00f5es, o Pe. Tomaz celebrou a Eucaristia e a noite terminou com uma refei\u00e7\u00e3o simples e conjunta.&nbsp;&nbsp;O dia 11 de fevereiro n\u00e3o foi somente a festa de Nossa Senhora de Lourdes, mas foi exatamente um m\u00eas antes que as Prov\u00edncias da Austr\u00e1lia e Gr\u00e3-Bretanha se integrassem para formar a Prov\u00edncia de Rosalie Rendu.<\/p>\n\n\n\n<p>O Pe. Tomaz foi muito generoso com seu tempo e v\u00e1rias Irm\u00e3s aproveitaram a oportunidade para falar pessoalmente com ele sobre seus minist\u00e9rios passados ou presentes, seu interesse pelos compromissos de nossas Irm\u00e3s em outras partes do mundo onde h\u00e1 muito sofrimento.&nbsp;&nbsp;Tamb\u00e9m estavam interessadas na refer\u00eancia do Pe. Tomaz de ser instrumentos de mudan\u00e7a atrav\u00e9s da representa\u00e7\u00e3o vicentina a n\u00edvel das Na\u00e7\u00f5es Unidas.<\/p>\n\n\n\n<div class=\"wp-block-image\"><figure class=\"aligncenter\"><img decoding=\"async\" src=\"https:\/\/filles-de-la-charite.org\/wp-content\/uploads\/2023\/06\/0316-Australia-3.jpg\" alt=\"\" class=\"wp-image-40562\" \/><\/figure><\/div>\n\n\n\n<p>Refer\u00eancia aos inc\u00eandios florestais que fizeram not\u00edcia mundial!&nbsp;&nbsp; Enquanto nossas Irm\u00e3s, suas fam\u00edlias, suas casas e as pessoas a quem ministramos n\u00e3o foram afetadas, gra\u00e7as a Deus, no entanto, houve muitas trag\u00e9dias envolvendo perda de vidas, propriedades e gado.&nbsp;&nbsp; Os australianos s\u00e3o muito generosos e mais ainda quando tais desastres ou trag\u00e9dias acontecem.&nbsp;&nbsp; Durante meses nossa maior ora\u00e7\u00e3o foi interceder por boas chuvas de molho.&nbsp;&nbsp;Finalmente Deus respondeu enviando chuvas torrenciais sem parar e tempestades por tr\u00eas dias inteiros.&nbsp;&nbsp;Estas tamb\u00e9m causaram estragos, mas Deus graciosamente respondeu aos pedidos do mundo em nome do nosso pa\u00eds e as represas n\u00e3o est\u00e3o mais secas.&nbsp;&nbsp; Durante estas chuvas sem parar, uma \u00e1rvore enorme caiu num \u00e2ngulo sobre o telhado do Centro de Cuidados aos Idosos de Santa Catarina e cinco dos residentes tiveram que ser transferidos para outra sec\u00e7\u00e3o do Lar.&nbsp;&nbsp; Gra\u00e7as a Deus, no entanto, nenhum destes residentes ficou ferido.&nbsp;&nbsp; Os seus quartos ainda est\u00e3o em obras.&nbsp;&nbsp; A noite em que o Pe. Tomaz chegou a Sydney foi a primeira das noites chuvosas e tempestuosas!<\/p>\n\n\n\n<p class=\"has-text-align-right\"><span style=\"color: #0432ff\"><i>Ir Celine Quadros\nFilha da Caridade<\/i><\/span><\/p>\n\n\n\n<div class=\"wp-block-image\"><figure class=\"aligncenter\"><img decoding=\"async\" src=\"https:\/\/filles-de-la-charite.org\/wp-content\/uploads\/2023\/06\/0316-Australia-4.jpg\" alt=\"\" class=\"wp-image-40563\" \/><\/figure><\/div>\n","protected":false},"excerpt":{"rendered":"<p>Durante sua visita \u00e0 Congrega\u00e7\u00e3o da Miss\u00e3o, Prov\u00edncia da Oceania, o Pe. Tomaz visitou tamb\u00e9m as Filhas da Caridade. Chegou na ter\u00e7a-feira, 11 de Fevereiro, depois de um voo de volta de Melbourne, onde se encontrou com os Confrades de CM e nossas tr\u00eas Filhas da Caridade residentes. &nbsp;Vinte e cinco Filhas da Caridade se [&hellip;]<\/p>\n","protected":false},"author":1,"featured_media":14591,"comment_status":"closed","ping_status":"closed","sticky":false,"template":"","format":"standard","meta":{"_acf_changed":false,"_et_pb_use_builder":"","_et_pb_old_content":"","_et_gb_content_width":"","footnotes":"","_links_to":"","_links_to_target":""},"categories":[670],"tags":[],"class_list":["post-25145","post","type-post","status-publish","format-standard","has-post-thumbnail","hentry","category-rosalie-rendu-ru-e-australia-pt-pt"],"acf":[],"yoast_head":"<!-- This site is optimized with the Yoast SEO plugin v27.5 - https:\/\/yoast.com\/product\/yoast-seo-wordpress\/ -->\n<title>Pe. Toma\u017e Mavri\u010d CM, Superior Geral, visitou Australia - Filles de la Charit\u00e9<\/title>\n<meta name=\"robots\" content=\"index, follow, max-snippet:-1, max-image-preview:large, max-video-preview:-1\" \/>\n<link rel=\"canonical\" href=\"https:\/\/filles-de-la-charite.org\/pt-pt\/fr-tomaz-mavric-cm-superior-general-visits-the-daughters-of-charity-in-australia-5-2\/\" \/>\n<meta property=\"og:locale\" content=\"pt_PT\" \/>\n<meta property=\"og:type\" content=\"article\" \/>\n<meta property=\"og:title\" content=\"Pe. Toma\u017e Mavri\u010d CM, Superior Geral, visitou Australia - Filles de la Charit\u00e9\" \/>\n<meta property=\"og:description\" content=\"Durante sua visita \u00e0 Congrega\u00e7\u00e3o da Miss\u00e3o, Prov\u00edncia da Oceania, o Pe. Tomaz visitou tamb\u00e9m as Filhas da Caridade. Chegou na ter\u00e7a-feira, 11 de Fevereiro, depois de um voo de volta de Melbourne, onde se encontrou com os Confrades de CM e nossas tr\u00eas Filhas da Caridade residentes. &nbsp;Vinte e cinco Filhas da Caridade se [&hellip;]\" \/>\n<meta property=\"og:url\" content=\"https:\/\/filles-de-la-charite.org\/pt-pt\/fr-tomaz-mavric-cm-superior-general-visits-the-daughters-of-charity-in-australia-5-2\/\" \/>\n<meta property=\"og:site_name\" content=\"Filles de la Charit\u00e9\" \/>\n<meta property=\"article:published_time\" content=\"2020-03-16T21:40:22+00:00\" \/>\n<meta property=\"article:modified_time\" content=\"2024-03-17T17:53:54+00:00\" \/>\n<meta property=\"og:image\" content=\"https:\/\/filles-de-la-charite.org\/wp-content\/uploads\/2023\/06\/0316-Australia-5.jpg\" \/>\n\t<meta property=\"og:image:width\" content=\"1280\" \/>\n\t<meta property=\"og:image:height\" content=\"720\" \/>\n\t<meta property=\"og:image:type\" content=\"image\/jpeg\" \/>\n<meta name=\"author\" content=\"admin\" \/>\n<meta name=\"twitter:card\" content=\"summary_large_image\" \/>\n<meta name=\"twitter:label1\" content=\"Escrito por\" \/>\n\t<meta name=\"twitter:data1\" content=\"admin\" \/>\n\t<meta name=\"twitter:label2\" content=\"Tempo estimado de leitura\" \/>\n\t<meta name=\"twitter:data2\" content=\"4 minutos\" \/>\n<script type=\"application\/ld+json\" class=\"yoast-schema-graph\">{\"@context\":\"https:\\\/\\\/schema.org\",\"@graph\":[{\"@type\":\"Article\",\"@id\":\"https:\\\/\\\/filles-de-la-charite.org\\\/pt-pt\\\/fr-tomaz-mavric-cm-superior-general-visits-the-daughters-of-charity-in-australia-5-2\\\/#article\",\"isPartOf\":{\"@id\":\"https:\\\/\\\/filles-de-la-charite.org\\\/pt-pt\\\/fr-tomaz-mavric-cm-superior-general-visits-the-daughters-of-charity-in-australia-5-2\\\/\"},\"author\":{\"name\":\"admin\",\"@id\":\"https:\\\/\\\/filles-de-la-charite.org\\\/pt-pt\\\/#\\\/schema\\\/person\\\/427567b2eccfc2dd7d206da186a1f438\"},\"headline\":\"Pe. Toma\u017e Mavri\u010d CM, Superior Geral, visitou Australia\",\"datePublished\":\"2020-03-16T21:40:22+00:00\",\"dateModified\":\"2024-03-17T17:53:54+00:00\",\"mainEntityOfPage\":{\"@id\":\"https:\\\/\\\/filles-de-la-charite.org\\\/pt-pt\\\/fr-tomaz-mavric-cm-superior-general-visits-the-daughters-of-charity-in-australia-5-2\\\/\"},\"wordCount\":889,\"publisher\":{\"@id\":\"https:\\\/\\\/filles-de-la-charite.org\\\/pt-pt\\\/#organization\"},\"image\":{\"@id\":\"https:\\\/\\\/filles-de-la-charite.org\\\/pt-pt\\\/fr-tomaz-mavric-cm-superior-general-visits-the-daughters-of-charity-in-australia-5-2\\\/#primaryimage\"},\"thumbnailUrl\":\"https:\\\/\\\/filles-de-la-charite.org\\\/wp-content\\\/uploads\\\/2023\\\/06\\\/0316-Australia-5.jpg\",\"articleSection\":[\"Rosalie Rendu - RU e Austr\u00e1lia\"],\"inLanguage\":\"pt-PT\"},{\"@type\":\"WebPage\",\"@id\":\"https:\\\/\\\/filles-de-la-charite.org\\\/pt-pt\\\/fr-tomaz-mavric-cm-superior-general-visits-the-daughters-of-charity-in-australia-5-2\\\/\",\"url\":\"https:\\\/\\\/filles-de-la-charite.org\\\/pt-pt\\\/fr-tomaz-mavric-cm-superior-general-visits-the-daughters-of-charity-in-australia-5-2\\\/\",\"name\":\"Pe. Toma\u017e Mavri\u010d CM, Superior Geral, visitou Australia - Filles de la Charit\u00e9\",\"isPartOf\":{\"@id\":\"https:\\\/\\\/filles-de-la-charite.org\\\/pt-pt\\\/#website\"},\"primaryImageOfPage\":{\"@id\":\"https:\\\/\\\/filles-de-la-charite.org\\\/pt-pt\\\/fr-tomaz-mavric-cm-superior-general-visits-the-daughters-of-charity-in-australia-5-2\\\/#primaryimage\"},\"image\":{\"@id\":\"https:\\\/\\\/filles-de-la-charite.org\\\/pt-pt\\\/fr-tomaz-mavric-cm-superior-general-visits-the-daughters-of-charity-in-australia-5-2\\\/#primaryimage\"},\"thumbnailUrl\":\"https:\\\/\\\/filles-de-la-charite.org\\\/wp-content\\\/uploads\\\/2023\\\/06\\\/0316-Australia-5.jpg\",\"datePublished\":\"2020-03-16T21:40:22+00:00\",\"dateModified\":\"2024-03-17T17:53:54+00:00\",\"breadcrumb\":{\"@id\":\"https:\\\/\\\/filles-de-la-charite.org\\\/pt-pt\\\/fr-tomaz-mavric-cm-superior-general-visits-the-daughters-of-charity-in-australia-5-2\\\/#breadcrumb\"},\"inLanguage\":\"pt-PT\",\"potentialAction\":[{\"@type\":\"ReadAction\",\"target\":[\"https:\\\/\\\/filles-de-la-charite.org\\\/pt-pt\\\/fr-tomaz-mavric-cm-superior-general-visits-the-daughters-of-charity-in-australia-5-2\\\/\"]}]},{\"@type\":\"ImageObject\",\"inLanguage\":\"pt-PT\",\"@id\":\"https:\\\/\\\/filles-de-la-charite.org\\\/pt-pt\\\/fr-tomaz-mavric-cm-superior-general-visits-the-daughters-of-charity-in-australia-5-2\\\/#primaryimage\",\"url\":\"https:\\\/\\\/filles-de-la-charite.org\\\/wp-content\\\/uploads\\\/2023\\\/06\\\/0316-Australia-5.jpg\",\"contentUrl\":\"https:\\\/\\\/filles-de-la-charite.org\\\/wp-content\\\/uploads\\\/2023\\\/06\\\/0316-Australia-5.jpg\",\"width\":1280,\"height\":720},{\"@type\":\"BreadcrumbList\",\"@id\":\"https:\\\/\\\/filles-de-la-charite.org\\\/pt-pt\\\/fr-tomaz-mavric-cm-superior-general-visits-the-daughters-of-charity-in-australia-5-2\\\/#breadcrumb\",\"itemListElement\":[{\"@type\":\"ListItem\",\"position\":1,\"name\":\"Santa Lu\u00edsa - \u00c1sia\",\"item\":\"https:\\\/\\\/filles-de-la-charite.org\\\/pt-pt\\\/category\\\/santa-luisa-asia-pt-pt\\\/\"},{\"@type\":\"ListItem\",\"position\":2,\"name\":\"Pe. Toma\u017e Mavri\u010d CM, Superior Geral, visitou Australia\"}]},{\"@type\":\"WebSite\",\"@id\":\"https:\\\/\\\/filles-de-la-charite.org\\\/pt-pt\\\/#website\",\"url\":\"https:\\\/\\\/filles-de-la-charite.org\\\/pt-pt\\\/\",\"name\":\"Hijas de la Caridad\",\"description\":\"L\u2019amour de J\u00e9sus nous presse \u00e0 prendre soin des personnes les plus d\u00e9munies\",\"publisher\":{\"@id\":\"https:\\\/\\\/filles-de-la-charite.org\\\/pt-pt\\\/#organization\"},\"potentialAction\":[{\"@type\":\"SearchAction\",\"target\":{\"@type\":\"EntryPoint\",\"urlTemplate\":\"https:\\\/\\\/filles-de-la-charite.org\\\/pt-pt\\\/?s={search_term_string}\"},\"query-input\":{\"@type\":\"PropertyValueSpecification\",\"valueRequired\":true,\"valueName\":\"search_term_string\"}}],\"inLanguage\":\"pt-PT\"},{\"@type\":\"Organization\",\"@id\":\"https:\\\/\\\/filles-de-la-charite.org\\\/pt-pt\\\/#organization\",\"name\":\"Hijas de la Caridad\",\"url\":\"https:\\\/\\\/filles-de-la-charite.org\\\/pt-pt\\\/\",\"logo\":{\"@type\":\"ImageObject\",\"inLanguage\":\"pt-PT\",\"@id\":\"https:\\\/\\\/filles-de-la-charite.org\\\/pt-pt\\\/#\\\/schema\\\/logo\\\/image\\\/\",\"url\":\"https:\\\/\\\/filles-de-la-charite.org\\\/wp-content\\\/uploads\\\/2023\\\/03\\\/isotipo-Hijas-de-la-Caridad.png\",\"contentUrl\":\"https:\\\/\\\/filles-de-la-charite.org\\\/wp-content\\\/uploads\\\/2023\\\/03\\\/isotipo-Hijas-de-la-Caridad.png\",\"width\":1417,\"height\":1417,\"caption\":\"Hijas de la Caridad\"},\"image\":{\"@id\":\"https:\\\/\\\/filles-de-la-charite.org\\\/pt-pt\\\/#\\\/schema\\\/logo\\\/image\\\/\"}},{\"@type\":\"Person\",\"@id\":\"https:\\\/\\\/filles-de-la-charite.org\\\/pt-pt\\\/#\\\/schema\\\/person\\\/427567b2eccfc2dd7d206da186a1f438\",\"name\":\"admin\",\"image\":{\"@type\":\"ImageObject\",\"inLanguage\":\"pt-PT\",\"@id\":\"https:\\\/\\\/secure.gravatar.com\\\/avatar\\\/948b492cce32b586ac2db0eaa926ee87024f7afe218d73b397ea5ddfc5f43ea1?s=96&d=mm&r=g\",\"url\":\"https:\\\/\\\/secure.gravatar.com\\\/avatar\\\/948b492cce32b586ac2db0eaa926ee87024f7afe218d73b397ea5ddfc5f43ea1?s=96&d=mm&r=g\",\"contentUrl\":\"https:\\\/\\\/secure.gravatar.com\\\/avatar\\\/948b492cce32b586ac2db0eaa926ee87024f7afe218d73b397ea5ddfc5f43ea1?s=96&d=mm&r=g\",\"caption\":\"admin\"},\"sameAs\":[\"https:\\\/\\\/filles-de-la-charite.org\"],\"url\":\"https:\\\/\\\/filles-de-la-charite.org\\\/pt-pt\\\/author\\\/caridad\\\/\"}]}<\/script>\n<!-- \/ Yoast SEO plugin. -->","yoast_head_json":{"title":"Pe. Toma\u017e Mavri\u010d CM, Superior Geral, visitou Australia - Filles de la Charit\u00e9","robots":{"index":"index","follow":"follow","max-snippet":"max-snippet:-1","max-image-preview":"max-image-preview:large","max-video-preview":"max-video-preview:-1"},"canonical":"https:\/\/filles-de-la-charite.org\/pt-pt\/fr-tomaz-mavric-cm-superior-general-visits-the-daughters-of-charity-in-australia-5-2\/","og_locale":"pt_PT","og_type":"article","og_title":"Pe. Toma\u017e Mavri\u010d CM, Superior Geral, visitou Australia - Filles de la Charit\u00e9","og_description":"Durante sua visita \u00e0 Congrega\u00e7\u00e3o da Miss\u00e3o, Prov\u00edncia da Oceania, o Pe. Tomaz visitou tamb\u00e9m as Filhas da Caridade. Chegou na ter\u00e7a-feira, 11 de Fevereiro, depois de um voo de volta de Melbourne, onde se encontrou com os Confrades de CM e nossas tr\u00eas Filhas da Caridade residentes. &nbsp;Vinte e cinco Filhas da Caridade se [&hellip;]","og_url":"https:\/\/filles-de-la-charite.org\/pt-pt\/fr-tomaz-mavric-cm-superior-general-visits-the-daughters-of-charity-in-australia-5-2\/","og_site_name":"Filles de la Charit\u00e9","article_published_time":"2020-03-16T21:40:22+00:00","article_modified_time":"2024-03-17T17:53:54+00:00","og_image":[{"width":1280,"height":720,"url":"https:\/\/filles-de-la-charite.org\/wp-content\/uploads\/2023\/06\/0316-Australia-5.jpg","type":"image\/jpeg"}],"author":"admin","twitter_card":"summary_large_image","twitter_misc":{"Escrito por":"admin","Tempo estimado de leitura":"4 minutos"},"schema":{"@context":"https:\/\/schema.org","@graph":[{"@type":"Article","@id":"https:\/\/filles-de-la-charite.org\/pt-pt\/fr-tomaz-mavric-cm-superior-general-visits-the-daughters-of-charity-in-australia-5-2\/#article","isPartOf":{"@id":"https:\/\/filles-de-la-charite.org\/pt-pt\/fr-tomaz-mavric-cm-superior-general-visits-the-daughters-of-charity-in-australia-5-2\/"},"author":{"name":"admin","@id":"https:\/\/filles-de-la-charite.org\/pt-pt\/#\/schema\/person\/427567b2eccfc2dd7d206da186a1f438"},"headline":"Pe. Toma\u017e Mavri\u010d CM, Superior Geral, visitou Australia","datePublished":"2020-03-16T21:40:22+00:00","dateModified":"2024-03-17T17:53:54+00:00","mainEntityOfPage":{"@id":"https:\/\/filles-de-la-charite.org\/pt-pt\/fr-tomaz-mavric-cm-superior-general-visits-the-daughters-of-charity-in-australia-5-2\/"},"wordCount":889,"publisher":{"@id":"https:\/\/filles-de-la-charite.org\/pt-pt\/#organization"},"image":{"@id":"https:\/\/filles-de-la-charite.org\/pt-pt\/fr-tomaz-mavric-cm-superior-general-visits-the-daughters-of-charity-in-australia-5-2\/#primaryimage"},"thumbnailUrl":"https:\/\/filles-de-la-charite.org\/wp-content\/uploads\/2023\/06\/0316-Australia-5.jpg","articleSection":["Rosalie Rendu - RU e Austr\u00e1lia"],"inLanguage":"pt-PT"},{"@type":"WebPage","@id":"https:\/\/filles-de-la-charite.org\/pt-pt\/fr-tomaz-mavric-cm-superior-general-visits-the-daughters-of-charity-in-australia-5-2\/","url":"https:\/\/filles-de-la-charite.org\/pt-pt\/fr-tomaz-mavric-cm-superior-general-visits-the-daughters-of-charity-in-australia-5-2\/","name":"Pe. Toma\u017e Mavri\u010d CM, Superior Geral, visitou Australia - Filles de la Charit\u00e9","isPartOf":{"@id":"https:\/\/filles-de-la-charite.org\/pt-pt\/#website"},"primaryImageOfPage":{"@id":"https:\/\/filles-de-la-charite.org\/pt-pt\/fr-tomaz-mavric-cm-superior-general-visits-the-daughters-of-charity-in-australia-5-2\/#primaryimage"},"image":{"@id":"https:\/\/filles-de-la-charite.org\/pt-pt\/fr-tomaz-mavric-cm-superior-general-visits-the-daughters-of-charity-in-australia-5-2\/#primaryimage"},"thumbnailUrl":"https:\/\/filles-de-la-charite.org\/wp-content\/uploads\/2023\/06\/0316-Australia-5.jpg","datePublished":"2020-03-16T21:40:22+00:00","dateModified":"2024-03-17T17:53:54+00:00","breadcrumb":{"@id":"https:\/\/filles-de-la-charite.org\/pt-pt\/fr-tomaz-mavric-cm-superior-general-visits-the-daughters-of-charity-in-australia-5-2\/#breadcrumb"},"inLanguage":"pt-PT","potentialAction":[{"@type":"ReadAction","target":["https:\/\/filles-de-la-charite.org\/pt-pt\/fr-tomaz-mavric-cm-superior-general-visits-the-daughters-of-charity-in-australia-5-2\/"]}]},{"@type":"ImageObject","inLanguage":"pt-PT","@id":"https:\/\/filles-de-la-charite.org\/pt-pt\/fr-tomaz-mavric-cm-superior-general-visits-the-daughters-of-charity-in-australia-5-2\/#primaryimage","url":"https:\/\/filles-de-la-charite.org\/wp-content\/uploads\/2023\/06\/0316-Australia-5.jpg","contentUrl":"https:\/\/filles-de-la-charite.org\/wp-content\/uploads\/2023\/06\/0316-Australia-5.jpg","width":1280,"height":720},{"@type":"BreadcrumbList","@id":"https:\/\/filles-de-la-charite.org\/pt-pt\/fr-tomaz-mavric-cm-superior-general-visits-the-daughters-of-charity-in-australia-5-2\/#breadcrumb","itemListElement":[{"@type":"ListItem","position":1,"name":"Santa Lu\u00edsa - \u00c1sia","item":"https:\/\/filles-de-la-charite.org\/pt-pt\/category\/santa-luisa-asia-pt-pt\/"},{"@type":"ListItem","position":2,"name":"Pe. Toma\u017e Mavri\u010d CM, Superior Geral, visitou Australia"}]},{"@type":"WebSite","@id":"https:\/\/filles-de-la-charite.org\/pt-pt\/#website","url":"https:\/\/filles-de-la-charite.org\/pt-pt\/","name":"Hijas de la Caridad","description":"L\u2019amour de J\u00e9sus nous presse \u00e0 prendre soin des personnes les plus d\u00e9munies","publisher":{"@id":"https:\/\/filles-de-la-charite.org\/pt-pt\/#organization"},"potentialAction":[{"@type":"SearchAction","target":{"@type":"EntryPoint","urlTemplate":"https:\/\/filles-de-la-charite.org\/pt-pt\/?s={search_term_string}"},"query-input":{"@type":"PropertyValueSpecification","valueRequired":true,"valueName":"search_term_string"}}],"inLanguage":"pt-PT"},{"@type":"Organization","@id":"https:\/\/filles-de-la-charite.org\/pt-pt\/#organization","name":"Hijas de la Caridad","url":"https:\/\/filles-de-la-charite.org\/pt-pt\/","logo":{"@type":"ImageObject","inLanguage":"pt-PT","@id":"https:\/\/filles-de-la-charite.org\/pt-pt\/#\/schema\/logo\/image\/","url":"https:\/\/filles-de-la-charite.org\/wp-content\/uploads\/2023\/03\/isotipo-Hijas-de-la-Caridad.png","contentUrl":"https:\/\/filles-de-la-charite.org\/wp-content\/uploads\/2023\/03\/isotipo-Hijas-de-la-Caridad.png","width":1417,"height":1417,"caption":"Hijas de la Caridad"},"image":{"@id":"https:\/\/filles-de-la-charite.org\/pt-pt\/#\/schema\/logo\/image\/"}},{"@type":"Person","@id":"https:\/\/filles-de-la-charite.org\/pt-pt\/#\/schema\/person\/427567b2eccfc2dd7d206da186a1f438","name":"admin","image":{"@type":"ImageObject","inLanguage":"pt-PT","@id":"https:\/\/secure.gravatar.com\/avatar\/948b492cce32b586ac2db0eaa926ee87024f7afe218d73b397ea5ddfc5f43ea1?s=96&d=mm&r=g","url":"https:\/\/secure.gravatar.com\/avatar\/948b492cce32b586ac2db0eaa926ee87024f7afe218d73b397ea5ddfc5f43ea1?s=96&d=mm&r=g","contentUrl":"https:\/\/secure.gravatar.com\/avatar\/948b492cce32b586ac2db0eaa926ee87024f7afe218d73b397ea5ddfc5f43ea1?s=96&d=mm&r=g","caption":"admin"},"sameAs":["https:\/\/filles-de-la-charite.org"],"url":"https:\/\/filles-de-la-charite.org\/pt-pt\/author\/caridad\/"}]}},"_links":{"self":[{"href":"https:\/\/filles-de-la-charite.org\/pt-pt\/wp-json\/wp\/v2\/posts\/25145","targetHints":{"allow":["GET"]}}],"collection":[{"href":"https:\/\/filles-de-la-charite.org\/pt-pt\/wp-json\/wp\/v2\/posts"}],"about":[{"href":"https:\/\/filles-de-la-charite.org\/pt-pt\/wp-json\/wp\/v2\/types\/post"}],"author":[{"embeddable":true,"href":"https:\/\/filles-de-la-charite.org\/pt-pt\/wp-json\/wp\/v2\/users\/1"}],"replies":[{"embeddable":true,"href":"https:\/\/filles-de-la-charite.org\/pt-pt\/wp-json\/wp\/v2\/comments?post=25145"}],"version-history":[{"count":1,"href":"https:\/\/filles-de-la-charite.org\/pt-pt\/wp-json\/wp\/v2\/posts\/25145\/revisions"}],"predecessor-version":[{"id":25146,"href":"https:\/\/filles-de-la-charite.org\/pt-pt\/wp-json\/wp\/v2\/posts\/25145\/revisions\/25146"}],"wp:featuredmedia":[{"embeddable":true,"href":"https:\/\/filles-de-la-charite.org\/pt-pt\/wp-json\/wp\/v2\/media\/14591"}],"wp:attachment":[{"href":"https:\/\/filles-de-la-charite.org\/pt-pt\/wp-json\/wp\/v2\/media?parent=25145"}],"wp:term":[{"taxonomy":"category","embeddable":true,"href":"https:\/\/filles-de-la-charite.org\/pt-pt\/wp-json\/wp\/v2\/categories?post=25145"},{"taxonomy":"post_tag","embeddable":true,"href":"https:\/\/filles-de-la-charite.org\/pt-pt\/wp-json\/wp\/v2\/tags?post=25145"}],"curies":[{"name":"wp","href":"https:\/\/api.w.org\/{rel}","templated":true}]}}