{"id":25149,"date":"2020-04-01T20:39:54","date_gmt":"2020-04-01T18:39:54","guid":{"rendered":"https:\/\/hijascaridad.sjdigitaldemo.ovh\/succession-in-the-company-5-2\/"},"modified":"2024-03-17T18:53:30","modified_gmt":"2024-03-17T17:53:30","slug":"succession-in-the-company-5-2","status":"publish","type":"post","link":"https:\/\/filles-de-la-charite.org\/pt-pt\/succession-in-the-company-5-2\/","title":{"rendered":"Sucess\u00e3o na Companhia"},"content":{"rendered":"\n<h3 class=\"has-text-align-center wp-block-heading\"><span style=\"color: #0000ff\">Carta do Pe. Tomaz Mavri\u010d, CM<\/span> <span style=\"color: #0000ff\">Superior Geral<\/span> <span style=\"color: #0000ff\">1 de Abril de 2020<\/span><\/h3>\n\n\n\n<p>O falecimento da Irm\u00e3 Kathleen mergulha-nos a todos na tristeza, mas a nossa f\u00e9 inabal\u00e1vel na Ressurrei\u00e7\u00e3o mant\u00e9m-nos na esperan\u00e7a de que nos veremos novamente e que estaremos juntos por toda eternidade...Toda boa organiza\u00e7\u00e3o tem um plano de sucess\u00e3o. A Companhia das Filhas da Caridade n\u00e3o \u00e9 exce\u00e7\u00e3o. As suas Constitui\u00e7\u00f5es preveem isto. O objetivo desta carta \u00e9 inform\u00e1-las sobre as medidas que foram ou ser\u00e3o tomadas a este respeito.<\/p>\n\n\n\n<p><span style=\"color: #0000ff\">A Constitui\u00e7\u00e3o 66g estipula: \u201c<em>Seu of\u00edcio <\/em>(o da Superiora geral)<em>torna-se vacante quando expira seu mandato; isto tamb\u00e9m pode ocorrer por motivo de morte...Tornando-se vacante o of\u00edcio de Superiora geral, a Assistente geral o assume at\u00e9 a pr\u00f3xima Assembleia geral ordin\u00e1ria\u201d.<\/em><\/span><\/p>\n\n\n\n<p>Diante da morte da Irm\u00e3 Kathleen, Irm\u00e3 Fran\u00e7oise PETIT, como Assistente geral, assumiu imediatamente esta fun\u00e7\u00e3o e permanecer\u00e1 nela at\u00e9 a Assembleia geral do ano que vem. Tenho confian\u00e7a que todas dedicar\u00e3o \u00e0 Irm\u00e3 Fran\u00e7oise o mesmo apoio e a mesma uni\u00e3o de ora\u00e7\u00e3o que ofereceram \u00e0 Irm\u00e3 Kathleen. Ela foi uma ajuda preciosa para a Irm\u00e3 Kathleen, especialmente durante a sua enfermidade e, de agora em diante Irm\u00e3 Fran\u00e7oise conta com a ajuda de cada uma.<\/p>\n\n\n\n<figure class=\"wp-block-image\"><img decoding=\"async\" src=\"https:\/\/filles-de-la-charite.org\/wp-content\/uploads\/2023\/06\/Appler-Petite-103.jpg\" alt=\"\" class=\"wp-image-40734\" \/><\/figure>\n\n\n\n<p> A \u00faltima visita da Ir. Kathleen a uma Prov\u00edncia. Em novembro de 2018, na Sardenha, com Ir. Fran\u00e7oise[\/caption]<\/p>\n","protected":false},"excerpt":{"rendered":"<p>Carta do Pe. Tomaz Mavri\u010d, CM Superior Geral 1 de Abril de 2020 O falecimento da Irm\u00e3 Kathleen mergulha-nos a todos na tristeza, mas a nossa f\u00e9 inabal\u00e1vel na Ressurrei\u00e7\u00e3o mant\u00e9m-nos na esperan\u00e7a de que nos veremos novamente e que estaremos juntos por toda eternidade&#8230;Toda boa organiza\u00e7\u00e3o tem um plano de sucess\u00e3o. A Companhia das [&hellip;]<\/p>\n","protected":false},"author":1,"featured_media":14624,"comment_status":"closed","ping_status":"closed","sticky":false,"template":"","format":"standard","meta":{"_acf_changed":false,"footnotes":"","_links_to":"","_links_to_target":""},"categories":[561],"tags":[],"class_list":["post-25149","post","type-post","status-publish","format-standard","has-post-thumbnail","hentry","category-casa-mae-pt-pt"],"acf":[],"yoast_head":"<!-- This site is optimized with the Yoast SEO plugin v27.5 - https:\/\/yoast.com\/product\/yoast-seo-wordpress\/ -->\n<title>Sucess\u00e3o na Companhia - Filles de la Charit\u00e9<\/title>\n<meta name=\"robots\" content=\"index, follow, max-snippet:-1, max-image-preview:large, max-video-preview:-1\" \/>\n<link rel=\"canonical\" href=\"https:\/\/filles-de-la-charite.org\/pt-pt\/succession-in-the-company-5-2\/\" \/>\n<meta property=\"og:locale\" content=\"pt_PT\" \/>\n<meta property=\"og:type\" content=\"article\" \/>\n<meta property=\"og:title\" content=\"Sucess\u00e3o na Companhia - Filles de la Charit\u00e9\" \/>\n<meta property=\"og:description\" content=\"Carta do Pe. Tomaz Mavri\u010d, CM Superior Geral 1 de Abril de 2020 O falecimento da Irm\u00e3 Kathleen mergulha-nos a todos na tristeza, mas a nossa f\u00e9 inabal\u00e1vel na Ressurrei\u00e7\u00e3o mant\u00e9m-nos na esperan\u00e7a de que nos veremos novamente e que estaremos juntos por toda eternidade&#8230;Toda boa organiza\u00e7\u00e3o tem um plano de sucess\u00e3o. A Companhia das [&hellip;]\" \/>\n<meta property=\"og:url\" content=\"https:\/\/filles-de-la-charite.org\/pt-pt\/succession-in-the-company-5-2\/\" \/>\n<meta property=\"og:site_name\" content=\"Filles de la Charit\u00e9\" \/>\n<meta property=\"article:published_time\" content=\"2020-04-01T18:39:54+00:00\" \/>\n<meta property=\"article:modified_time\" content=\"2024-03-17T17:53:30+00:00\" \/>\n<meta property=\"og:image\" content=\"https:\/\/filles-de-la-charite.org\/wp-content\/uploads\/2023\/06\/Appler-Petite-103.jpg\" \/>\n\t<meta property=\"og:image:width\" content=\"1441\" \/>\n\t<meta property=\"og:image:height\" content=\"960\" \/>\n\t<meta property=\"og:image:type\" content=\"image\/jpeg\" \/>\n<meta name=\"author\" content=\"admin\" \/>\n<meta name=\"twitter:card\" content=\"summary_large_image\" \/>\n<meta name=\"twitter:label1\" content=\"Escrito por\" \/>\n\t<meta name=\"twitter:data1\" content=\"admin\" \/>\n\t<meta name=\"twitter:label2\" content=\"Tempo estimado de leitura\" \/>\n\t<meta name=\"twitter:data2\" content=\"1 minuto\" \/>\n<script type=\"application\/ld+json\" class=\"yoast-schema-graph\">{\"@context\":\"https:\\\/\\\/schema.org\",\"@graph\":[{\"@type\":\"Article\",\"@id\":\"https:\\\/\\\/filles-de-la-charite.org\\\/pt-pt\\\/succession-in-the-company-5-2\\\/#article\",\"isPartOf\":{\"@id\":\"https:\\\/\\\/filles-de-la-charite.org\\\/pt-pt\\\/succession-in-the-company-5-2\\\/\"},\"author\":{\"name\":\"admin\",\"@id\":\"https:\\\/\\\/filles-de-la-charite.org\\\/pt-pt\\\/#\\\/schema\\\/person\\\/427567b2eccfc2dd7d206da186a1f438\"},\"headline\":\"Sucess\u00e3o na Companhia\",\"datePublished\":\"2020-04-01T18:39:54+00:00\",\"dateModified\":\"2024-03-17T17:53:30+00:00\",\"mainEntityOfPage\":{\"@id\":\"https:\\\/\\\/filles-de-la-charite.org\\\/pt-pt\\\/succession-in-the-company-5-2\\\/\"},\"wordCount\":246,\"publisher\":{\"@id\":\"https:\\\/\\\/filles-de-la-charite.org\\\/pt-pt\\\/#organization\"},\"image\":{\"@id\":\"https:\\\/\\\/filles-de-la-charite.org\\\/pt-pt\\\/succession-in-the-company-5-2\\\/#primaryimage\"},\"thumbnailUrl\":\"https:\\\/\\\/filles-de-la-charite.org\\\/wp-content\\\/uploads\\\/2023\\\/06\\\/Appler-Petite-103.jpg\",\"articleSection\":[\"Casa-M\u00e3e\"],\"inLanguage\":\"pt-PT\"},{\"@type\":\"WebPage\",\"@id\":\"https:\\\/\\\/filles-de-la-charite.org\\\/pt-pt\\\/succession-in-the-company-5-2\\\/\",\"url\":\"https:\\\/\\\/filles-de-la-charite.org\\\/pt-pt\\\/succession-in-the-company-5-2\\\/\",\"name\":\"Sucess\u00e3o na Companhia - Filles de la Charit\u00e9\",\"isPartOf\":{\"@id\":\"https:\\\/\\\/filles-de-la-charite.org\\\/pt-pt\\\/#website\"},\"primaryImageOfPage\":{\"@id\":\"https:\\\/\\\/filles-de-la-charite.org\\\/pt-pt\\\/succession-in-the-company-5-2\\\/#primaryimage\"},\"image\":{\"@id\":\"https:\\\/\\\/filles-de-la-charite.org\\\/pt-pt\\\/succession-in-the-company-5-2\\\/#primaryimage\"},\"thumbnailUrl\":\"https:\\\/\\\/filles-de-la-charite.org\\\/wp-content\\\/uploads\\\/2023\\\/06\\\/Appler-Petite-103.jpg\",\"datePublished\":\"2020-04-01T18:39:54+00:00\",\"dateModified\":\"2024-03-17T17:53:30+00:00\",\"breadcrumb\":{\"@id\":\"https:\\\/\\\/filles-de-la-charite.org\\\/pt-pt\\\/succession-in-the-company-5-2\\\/#breadcrumb\"},\"inLanguage\":\"pt-PT\",\"potentialAction\":[{\"@type\":\"ReadAction\",\"target\":[\"https:\\\/\\\/filles-de-la-charite.org\\\/pt-pt\\\/succession-in-the-company-5-2\\\/\"]}]},{\"@type\":\"ImageObject\",\"inLanguage\":\"pt-PT\",\"@id\":\"https:\\\/\\\/filles-de-la-charite.org\\\/pt-pt\\\/succession-in-the-company-5-2\\\/#primaryimage\",\"url\":\"https:\\\/\\\/filles-de-la-charite.org\\\/wp-content\\\/uploads\\\/2023\\\/06\\\/Appler-Petite-103.jpg\",\"contentUrl\":\"https:\\\/\\\/filles-de-la-charite.org\\\/wp-content\\\/uploads\\\/2023\\\/06\\\/Appler-Petite-103.jpg\",\"width\":1441,\"height\":960},{\"@type\":\"BreadcrumbList\",\"@id\":\"https:\\\/\\\/filles-de-la-charite.org\\\/pt-pt\\\/succession-in-the-company-5-2\\\/#breadcrumb\",\"itemListElement\":[{\"@type\":\"ListItem\",\"position\":1,\"name\":\"Vars\u00f3via - Pol\u00f3nia\",\"item\":\"https:\\\/\\\/filles-de-la-charite.org\\\/pt-pt\\\/category\\\/varsovia-polonia-pt-pt\\\/\"},{\"@type\":\"ListItem\",\"position\":2,\"name\":\"Sucess\u00e3o na Companhia\"}]},{\"@type\":\"WebSite\",\"@id\":\"https:\\\/\\\/filles-de-la-charite.org\\\/pt-pt\\\/#website\",\"url\":\"https:\\\/\\\/filles-de-la-charite.org\\\/pt-pt\\\/\",\"name\":\"Hijas de la Caridad\",\"description\":\"L\u2019amour de J\u00e9sus nous presse \u00e0 prendre soin des personnes les plus d\u00e9munies\",\"publisher\":{\"@id\":\"https:\\\/\\\/filles-de-la-charite.org\\\/pt-pt\\\/#organization\"},\"potentialAction\":[{\"@type\":\"SearchAction\",\"target\":{\"@type\":\"EntryPoint\",\"urlTemplate\":\"https:\\\/\\\/filles-de-la-charite.org\\\/pt-pt\\\/?s={search_term_string}\"},\"query-input\":{\"@type\":\"PropertyValueSpecification\",\"valueRequired\":true,\"valueName\":\"search_term_string\"}}],\"inLanguage\":\"pt-PT\"},{\"@type\":\"Organization\",\"@id\":\"https:\\\/\\\/filles-de-la-charite.org\\\/pt-pt\\\/#organization\",\"name\":\"Hijas de la Caridad\",\"url\":\"https:\\\/\\\/filles-de-la-charite.org\\\/pt-pt\\\/\",\"logo\":{\"@type\":\"ImageObject\",\"inLanguage\":\"pt-PT\",\"@id\":\"https:\\\/\\\/filles-de-la-charite.org\\\/pt-pt\\\/#\\\/schema\\\/logo\\\/image\\\/\",\"url\":\"https:\\\/\\\/filles-de-la-charite.org\\\/wp-content\\\/uploads\\\/2023\\\/03\\\/isotipo-Hijas-de-la-Caridad.png\",\"contentUrl\":\"https:\\\/\\\/filles-de-la-charite.org\\\/wp-content\\\/uploads\\\/2023\\\/03\\\/isotipo-Hijas-de-la-Caridad.png\",\"width\":1417,\"height\":1417,\"caption\":\"Hijas de la Caridad\"},\"image\":{\"@id\":\"https:\\\/\\\/filles-de-la-charite.org\\\/pt-pt\\\/#\\\/schema\\\/logo\\\/image\\\/\"}},{\"@type\":\"Person\",\"@id\":\"https:\\\/\\\/filles-de-la-charite.org\\\/pt-pt\\\/#\\\/schema\\\/person\\\/427567b2eccfc2dd7d206da186a1f438\",\"name\":\"admin\",\"image\":{\"@type\":\"ImageObject\",\"inLanguage\":\"pt-PT\",\"@id\":\"https:\\\/\\\/secure.gravatar.com\\\/avatar\\\/948b492cce32b586ac2db0eaa926ee87024f7afe218d73b397ea5ddfc5f43ea1?s=96&d=mm&r=g\",\"url\":\"https:\\\/\\\/secure.gravatar.com\\\/avatar\\\/948b492cce32b586ac2db0eaa926ee87024f7afe218d73b397ea5ddfc5f43ea1?s=96&d=mm&r=g\",\"contentUrl\":\"https:\\\/\\\/secure.gravatar.com\\\/avatar\\\/948b492cce32b586ac2db0eaa926ee87024f7afe218d73b397ea5ddfc5f43ea1?s=96&d=mm&r=g\",\"caption\":\"admin\"},\"sameAs\":[\"https:\\\/\\\/filles-de-la-charite.org\"],\"url\":\"https:\\\/\\\/filles-de-la-charite.org\\\/pt-pt\\\/author\\\/caridad\\\/\"}]}<\/script>\n<!-- \/ Yoast SEO plugin. -->","yoast_head_json":{"title":"Sucess\u00e3o na Companhia - Filles de la Charit\u00e9","robots":{"index":"index","follow":"follow","max-snippet":"max-snippet:-1","max-image-preview":"max-image-preview:large","max-video-preview":"max-video-preview:-1"},"canonical":"https:\/\/filles-de-la-charite.org\/pt-pt\/succession-in-the-company-5-2\/","og_locale":"pt_PT","og_type":"article","og_title":"Sucess\u00e3o na Companhia - Filles de la Charit\u00e9","og_description":"Carta do Pe. Tomaz Mavri\u010d, CM Superior Geral 1 de Abril de 2020 O falecimento da Irm\u00e3 Kathleen mergulha-nos a todos na tristeza, mas a nossa f\u00e9 inabal\u00e1vel na Ressurrei\u00e7\u00e3o mant\u00e9m-nos na esperan\u00e7a de que nos veremos novamente e que estaremos juntos por toda eternidade&#8230;Toda boa organiza\u00e7\u00e3o tem um plano de sucess\u00e3o. A Companhia das [&hellip;]","og_url":"https:\/\/filles-de-la-charite.org\/pt-pt\/succession-in-the-company-5-2\/","og_site_name":"Filles de la Charit\u00e9","article_published_time":"2020-04-01T18:39:54+00:00","article_modified_time":"2024-03-17T17:53:30+00:00","og_image":[{"width":1441,"height":960,"url":"https:\/\/filles-de-la-charite.org\/wp-content\/uploads\/2023\/06\/Appler-Petite-103.jpg","type":"image\/jpeg"}],"author":"admin","twitter_card":"summary_large_image","twitter_misc":{"Escrito por":"admin","Tempo estimado de leitura":"1 minuto"},"schema":{"@context":"https:\/\/schema.org","@graph":[{"@type":"Article","@id":"https:\/\/filles-de-la-charite.org\/pt-pt\/succession-in-the-company-5-2\/#article","isPartOf":{"@id":"https:\/\/filles-de-la-charite.org\/pt-pt\/succession-in-the-company-5-2\/"},"author":{"name":"admin","@id":"https:\/\/filles-de-la-charite.org\/pt-pt\/#\/schema\/person\/427567b2eccfc2dd7d206da186a1f438"},"headline":"Sucess\u00e3o na Companhia","datePublished":"2020-04-01T18:39:54+00:00","dateModified":"2024-03-17T17:53:30+00:00","mainEntityOfPage":{"@id":"https:\/\/filles-de-la-charite.org\/pt-pt\/succession-in-the-company-5-2\/"},"wordCount":246,"publisher":{"@id":"https:\/\/filles-de-la-charite.org\/pt-pt\/#organization"},"image":{"@id":"https:\/\/filles-de-la-charite.org\/pt-pt\/succession-in-the-company-5-2\/#primaryimage"},"thumbnailUrl":"https:\/\/filles-de-la-charite.org\/wp-content\/uploads\/2023\/06\/Appler-Petite-103.jpg","articleSection":["Casa-M\u00e3e"],"inLanguage":"pt-PT"},{"@type":"WebPage","@id":"https:\/\/filles-de-la-charite.org\/pt-pt\/succession-in-the-company-5-2\/","url":"https:\/\/filles-de-la-charite.org\/pt-pt\/succession-in-the-company-5-2\/","name":"Sucess\u00e3o na Companhia - Filles de la Charit\u00e9","isPartOf":{"@id":"https:\/\/filles-de-la-charite.org\/pt-pt\/#website"},"primaryImageOfPage":{"@id":"https:\/\/filles-de-la-charite.org\/pt-pt\/succession-in-the-company-5-2\/#primaryimage"},"image":{"@id":"https:\/\/filles-de-la-charite.org\/pt-pt\/succession-in-the-company-5-2\/#primaryimage"},"thumbnailUrl":"https:\/\/filles-de-la-charite.org\/wp-content\/uploads\/2023\/06\/Appler-Petite-103.jpg","datePublished":"2020-04-01T18:39:54+00:00","dateModified":"2024-03-17T17:53:30+00:00","breadcrumb":{"@id":"https:\/\/filles-de-la-charite.org\/pt-pt\/succession-in-the-company-5-2\/#breadcrumb"},"inLanguage":"pt-PT","potentialAction":[{"@type":"ReadAction","target":["https:\/\/filles-de-la-charite.org\/pt-pt\/succession-in-the-company-5-2\/"]}]},{"@type":"ImageObject","inLanguage":"pt-PT","@id":"https:\/\/filles-de-la-charite.org\/pt-pt\/succession-in-the-company-5-2\/#primaryimage","url":"https:\/\/filles-de-la-charite.org\/wp-content\/uploads\/2023\/06\/Appler-Petite-103.jpg","contentUrl":"https:\/\/filles-de-la-charite.org\/wp-content\/uploads\/2023\/06\/Appler-Petite-103.jpg","width":1441,"height":960},{"@type":"BreadcrumbList","@id":"https:\/\/filles-de-la-charite.org\/pt-pt\/succession-in-the-company-5-2\/#breadcrumb","itemListElement":[{"@type":"ListItem","position":1,"name":"Vars\u00f3via - Pol\u00f3nia","item":"https:\/\/filles-de-la-charite.org\/pt-pt\/category\/varsovia-polonia-pt-pt\/"},{"@type":"ListItem","position":2,"name":"Sucess\u00e3o na Companhia"}]},{"@type":"WebSite","@id":"https:\/\/filles-de-la-charite.org\/pt-pt\/#website","url":"https:\/\/filles-de-la-charite.org\/pt-pt\/","name":"Hijas de la Caridad","description":"L\u2019amour de J\u00e9sus nous presse \u00e0 prendre soin des personnes les plus d\u00e9munies","publisher":{"@id":"https:\/\/filles-de-la-charite.org\/pt-pt\/#organization"},"potentialAction":[{"@type":"SearchAction","target":{"@type":"EntryPoint","urlTemplate":"https:\/\/filles-de-la-charite.org\/pt-pt\/?s={search_term_string}"},"query-input":{"@type":"PropertyValueSpecification","valueRequired":true,"valueName":"search_term_string"}}],"inLanguage":"pt-PT"},{"@type":"Organization","@id":"https:\/\/filles-de-la-charite.org\/pt-pt\/#organization","name":"Hijas de la Caridad","url":"https:\/\/filles-de-la-charite.org\/pt-pt\/","logo":{"@type":"ImageObject","inLanguage":"pt-PT","@id":"https:\/\/filles-de-la-charite.org\/pt-pt\/#\/schema\/logo\/image\/","url":"https:\/\/filles-de-la-charite.org\/wp-content\/uploads\/2023\/03\/isotipo-Hijas-de-la-Caridad.png","contentUrl":"https:\/\/filles-de-la-charite.org\/wp-content\/uploads\/2023\/03\/isotipo-Hijas-de-la-Caridad.png","width":1417,"height":1417,"caption":"Hijas de la Caridad"},"image":{"@id":"https:\/\/filles-de-la-charite.org\/pt-pt\/#\/schema\/logo\/image\/"}},{"@type":"Person","@id":"https:\/\/filles-de-la-charite.org\/pt-pt\/#\/schema\/person\/427567b2eccfc2dd7d206da186a1f438","name":"admin","image":{"@type":"ImageObject","inLanguage":"pt-PT","@id":"https:\/\/secure.gravatar.com\/avatar\/948b492cce32b586ac2db0eaa926ee87024f7afe218d73b397ea5ddfc5f43ea1?s=96&d=mm&r=g","url":"https:\/\/secure.gravatar.com\/avatar\/948b492cce32b586ac2db0eaa926ee87024f7afe218d73b397ea5ddfc5f43ea1?s=96&d=mm&r=g","contentUrl":"https:\/\/secure.gravatar.com\/avatar\/948b492cce32b586ac2db0eaa926ee87024f7afe218d73b397ea5ddfc5f43ea1?s=96&d=mm&r=g","caption":"admin"},"sameAs":["https:\/\/filles-de-la-charite.org"],"url":"https:\/\/filles-de-la-charite.org\/pt-pt\/author\/caridad\/"}]}},"_links":{"self":[{"href":"https:\/\/filles-de-la-charite.org\/pt-pt\/wp-json\/wp\/v2\/posts\/25149","targetHints":{"allow":["GET"]}}],"collection":[{"href":"https:\/\/filles-de-la-charite.org\/pt-pt\/wp-json\/wp\/v2\/posts"}],"about":[{"href":"https:\/\/filles-de-la-charite.org\/pt-pt\/wp-json\/wp\/v2\/types\/post"}],"author":[{"embeddable":true,"href":"https:\/\/filles-de-la-charite.org\/pt-pt\/wp-json\/wp\/v2\/users\/1"}],"replies":[{"embeddable":true,"href":"https:\/\/filles-de-la-charite.org\/pt-pt\/wp-json\/wp\/v2\/comments?post=25149"}],"version-history":[{"count":1,"href":"https:\/\/filles-de-la-charite.org\/pt-pt\/wp-json\/wp\/v2\/posts\/25149\/revisions"}],"predecessor-version":[{"id":25150,"href":"https:\/\/filles-de-la-charite.org\/pt-pt\/wp-json\/wp\/v2\/posts\/25149\/revisions\/25150"}],"wp:featuredmedia":[{"embeddable":true,"href":"https:\/\/filles-de-la-charite.org\/pt-pt\/wp-json\/wp\/v2\/media\/14624"}],"wp:attachment":[{"href":"https:\/\/filles-de-la-charite.org\/pt-pt\/wp-json\/wp\/v2\/media?parent=25149"}],"wp:term":[{"taxonomy":"category","embeddable":true,"href":"https:\/\/filles-de-la-charite.org\/pt-pt\/wp-json\/wp\/v2\/categories?post=25149"},{"taxonomy":"post_tag","embeddable":true,"href":"https:\/\/filles-de-la-charite.org\/pt-pt\/wp-json\/wp\/v2\/tags?post=25149"}],"curies":[{"name":"wp","href":"https:\/\/api.w.org\/{rel}","templated":true}]}}