{"id":25151,"date":"2020-04-06T07:03:09","date_gmt":"2020-04-06T05:03:09","guid":{"rendered":"https:\/\/hijascaridad.sjdigitaldemo.ovh\/first-vincentian-formation-session-for-the-daughters-of-charity-of-brazil-5-2\/"},"modified":"2024-03-17T18:53:23","modified_gmt":"2024-03-17T17:53:23","slug":"first-vincentian-formation-session-for-the-daughters-of-charity-of-brazil-5-2","status":"publish","type":"post","link":"https:\/\/filles-de-la-charite.org\/pt-pt\/first-vincentian-formation-session-for-the-daughters-of-charity-of-brazil-5-2\/","title":{"rendered":"1\u00aa sess\u00e3o de forma\u00e7\u00e3o vicentina das Filhas da Caridade do Brasil"},"content":{"rendered":"\n<p>MAGNIFICAT, SENHOR ! Sim magnificat por esta feliz inspira\u00e7\u00e3o de fazer este momento intenso de forma\u00e7\u00e3o vicentina que abrangeu todas as prov\u00edncias das Filhas da Caridade do Brasil.<\/p>\n\n\n\n<p>De 1\u00b0 de julho a 3 de agosto de 2019 realizou-se no Rio de Janeiro a Sess\u00e3o de Forma\u00e7\u00e3o Vicentina para as Filhas da Caridade das seis Prov\u00edncias do Brasil. Foram momentos de muita partilha, estudos, revigoramento do Carisma Vicentina, redescobertas, conhecimentos , encontros e reencontros... Bendito seja Deus! Uma iniciativa toda iluminada pelas luzes do Esp\u00edrito Santo e conduzida pela presen\u00e7a materna da Sant\u00edssima Virgem Maria.<\/p>\n\n\n\n<p>&nbsp;Revigorar o amor a Jesus Cristo na pessoa dos Pobres, o carisma e o sentido de perten\u00e7a a Companhia, tendo em vista cuidar das nossas ra\u00edzes vicentinas, viver com fidelidade e autenticidade nossa voca\u00e7\u00e3o de Serva de Cristo na pessoa dos Pobres e abrir caminho para um futuro iluminado por Jesus Cristo e a viv\u00eancia dos valores. A Sess\u00e3o na verdade, come\u00e7ou em maio de 2018, quando no encontro das visitadoras do corrido ano, no ber\u00e7o da Casa M\u00e3e, em Paris&nbsp; foi lan\u00e7ada a id\u00e9ia, rezada, apresentada a Deus , antes de tudo. Depois planejada, estudada em&nbsp; detalhes e assumida por toda Companhia; Conselho Geral, Provinciais e Superiores Gerais... Assim nasce a 1\u00aa Sess\u00e3o de Forma\u00e7\u00e3o Vicentina Brasileira.O Tema trabalhado foi : SER de DEUS para SER-VIR os irm\u00e3os: Eis a nossa Voca\u00e7\u00e3o. Um&nbsp; convite a&nbsp; ASSUMIR A POSTURA DE APRENDIZ atrav\u00e9s do estudo e da ora\u00e7\u00e3o, deixar que o Mestre nos lave os p\u00e9s a fim de recebermos o seu Esp\u00edrito e a seu exemplo, conscientes da ess\u00eancia divina em nosso ser, SAIRMOS ao encontro dos irm\u00e3os, porque esta \u00e9 genuinamente a nossa voca\u00e7\u00e3o: SERVIR COM AMOR os nossos irm\u00e3os, preferencialmente os mais desprovidos do b\u00e1sico para sua sobreviv\u00eancia.<\/p>\n\n\n\n<p>Nossa palavra a Ir. Kathleen, Conselho Geral Equipe de organiza\u00e7\u00e3o&nbsp;, Visitadoras e Conselho de cada Prov\u00edncia , Diretores Provinciais&nbsp; e a todos os envolvidos nesse processo da Sess\u00e3o de Forma\u00e7\u00e3o Vicentina Filhas da Caridade do Brasil&nbsp; \u00e9 de:&nbsp;GRATID\u00c3O!<\/p>\n\n\n\n<p class=\"has-text-align-right\"><em><span style=\"color: #333399\">Ir. Faride Pereira Dutra \u2013 Provincia do Rio de Janeiro \u2013 Brasil<\/span><\/em><\/p>\n\n\n\n<div class=\"wp-block-image\"><figure class=\"aligncenter\"><img decoding=\"async\" src=\"https:\/\/filles-de-la-charite.org\/wp-content\/uploads\/2023\/06\/200306-Brazil-1.jpg\" alt=\"\" class=\"wp-image-40744\" \/><\/figure><\/div>\n","protected":false},"excerpt":{"rendered":"<p>MAGNIFICAT, SENHOR ! Sim magnificat por esta feliz inspira\u00e7\u00e3o de fazer este momento intenso de forma\u00e7\u00e3o vicentina que abrangeu todas as prov\u00edncias das Filhas da Caridade do Brasil. De 1\u00b0 de julho a 3 de agosto de 2019 realizou-se no Rio de Janeiro a Sess\u00e3o de Forma\u00e7\u00e3o Vicentina para as Filhas da Caridade das seis [&hellip;]<\/p>\n","protected":false},"author":1,"featured_media":14639,"comment_status":"closed","ping_status":"closed","sticky":false,"template":"","format":"standard","meta":{"_acf_changed":false,"footnotes":"","_links_to":"","_links_to_target":""},"categories":[667],"tags":[],"class_list":["post-25151","post","type-post","status-publish","format-standard","has-post-thumbnail","hentry","category-rio-de-janeiro-brasil-pt-pt"],"acf":[],"yoast_head":"<!-- This site is optimized with the Yoast SEO plugin v27.5 - https:\/\/yoast.com\/product\/yoast-seo-wordpress\/ -->\n<title>1\u00aa sess\u00e3o de forma\u00e7\u00e3o vicentina das Filhas da Caridade do Brasil - Filles de la Charit\u00e9<\/title>\n<meta name=\"robots\" content=\"index, follow, max-snippet:-1, max-image-preview:large, max-video-preview:-1\" \/>\n<link rel=\"canonical\" href=\"https:\/\/filles-de-la-charite.org\/pt-pt\/first-vincentian-formation-session-for-the-daughters-of-charity-of-brazil-5-2\/\" \/>\n<meta property=\"og:locale\" content=\"pt_PT\" \/>\n<meta property=\"og:type\" content=\"article\" \/>\n<meta property=\"og:title\" content=\"1\u00aa sess\u00e3o de forma\u00e7\u00e3o vicentina das Filhas da Caridade do Brasil - Filles de la Charit\u00e9\" \/>\n<meta property=\"og:description\" content=\"MAGNIFICAT, SENHOR ! Sim magnificat por esta feliz inspira\u00e7\u00e3o de fazer este momento intenso de forma\u00e7\u00e3o vicentina que abrangeu todas as prov\u00edncias das Filhas da Caridade do Brasil. De 1\u00b0 de julho a 3 de agosto de 2019 realizou-se no Rio de Janeiro a Sess\u00e3o de Forma\u00e7\u00e3o Vicentina para as Filhas da Caridade das seis [&hellip;]\" \/>\n<meta property=\"og:url\" content=\"https:\/\/filles-de-la-charite.org\/pt-pt\/first-vincentian-formation-session-for-the-daughters-of-charity-of-brazil-5-2\/\" \/>\n<meta property=\"og:site_name\" content=\"Filles de la Charit\u00e9\" \/>\n<meta property=\"article:published_time\" content=\"2020-04-06T05:03:09+00:00\" \/>\n<meta property=\"article:modified_time\" content=\"2024-03-17T17:53:23+00:00\" \/>\n<meta property=\"og:image\" content=\"https:\/\/filles-de-la-charite.org\/wp-content\/uploads\/2023\/06\/200406-Brazil-ftd.jpg\" \/>\n\t<meta property=\"og:image:width\" content=\"1200\" \/>\n\t<meta property=\"og:image:height\" content=\"630\" \/>\n\t<meta property=\"og:image:type\" content=\"image\/jpeg\" \/>\n<meta name=\"author\" content=\"admin\" \/>\n<meta name=\"twitter:card\" content=\"summary_large_image\" \/>\n<meta name=\"twitter:label1\" content=\"Escrito por\" \/>\n\t<meta name=\"twitter:data1\" content=\"admin\" \/>\n\t<meta name=\"twitter:label2\" content=\"Tempo estimado de leitura\" \/>\n\t<meta name=\"twitter:data2\" content=\"2 minutos\" \/>\n<script type=\"application\/ld+json\" class=\"yoast-schema-graph\">{\"@context\":\"https:\\\/\\\/schema.org\",\"@graph\":[{\"@type\":\"Article\",\"@id\":\"https:\\\/\\\/filles-de-la-charite.org\\\/pt-pt\\\/first-vincentian-formation-session-for-the-daughters-of-charity-of-brazil-5-2\\\/#article\",\"isPartOf\":{\"@id\":\"https:\\\/\\\/filles-de-la-charite.org\\\/pt-pt\\\/first-vincentian-formation-session-for-the-daughters-of-charity-of-brazil-5-2\\\/\"},\"author\":{\"name\":\"admin\",\"@id\":\"https:\\\/\\\/filles-de-la-charite.org\\\/pt-pt\\\/#\\\/schema\\\/person\\\/427567b2eccfc2dd7d206da186a1f438\"},\"headline\":\"1\u00aa sess\u00e3o de forma\u00e7\u00e3o vicentina das Filhas da Caridade do Brasil\",\"datePublished\":\"2020-04-06T05:03:09+00:00\",\"dateModified\":\"2024-03-17T17:53:23+00:00\",\"mainEntityOfPage\":{\"@id\":\"https:\\\/\\\/filles-de-la-charite.org\\\/pt-pt\\\/first-vincentian-formation-session-for-the-daughters-of-charity-of-brazil-5-2\\\/\"},\"wordCount\":392,\"publisher\":{\"@id\":\"https:\\\/\\\/filles-de-la-charite.org\\\/pt-pt\\\/#organization\"},\"image\":{\"@id\":\"https:\\\/\\\/filles-de-la-charite.org\\\/pt-pt\\\/first-vincentian-formation-session-for-the-daughters-of-charity-of-brazil-5-2\\\/#primaryimage\"},\"thumbnailUrl\":\"https:\\\/\\\/filles-de-la-charite.org\\\/wp-content\\\/uploads\\\/2023\\\/06\\\/200406-Brazil-ftd.jpg\",\"articleSection\":[\"Rio de Janeiro - Brasil\"],\"inLanguage\":\"pt-PT\"},{\"@type\":\"WebPage\",\"@id\":\"https:\\\/\\\/filles-de-la-charite.org\\\/pt-pt\\\/first-vincentian-formation-session-for-the-daughters-of-charity-of-brazil-5-2\\\/\",\"url\":\"https:\\\/\\\/filles-de-la-charite.org\\\/pt-pt\\\/first-vincentian-formation-session-for-the-daughters-of-charity-of-brazil-5-2\\\/\",\"name\":\"1\u00aa sess\u00e3o de forma\u00e7\u00e3o vicentina das Filhas da Caridade do Brasil - Filles de la Charit\u00e9\",\"isPartOf\":{\"@id\":\"https:\\\/\\\/filles-de-la-charite.org\\\/pt-pt\\\/#website\"},\"primaryImageOfPage\":{\"@id\":\"https:\\\/\\\/filles-de-la-charite.org\\\/pt-pt\\\/first-vincentian-formation-session-for-the-daughters-of-charity-of-brazil-5-2\\\/#primaryimage\"},\"image\":{\"@id\":\"https:\\\/\\\/filles-de-la-charite.org\\\/pt-pt\\\/first-vincentian-formation-session-for-the-daughters-of-charity-of-brazil-5-2\\\/#primaryimage\"},\"thumbnailUrl\":\"https:\\\/\\\/filles-de-la-charite.org\\\/wp-content\\\/uploads\\\/2023\\\/06\\\/200406-Brazil-ftd.jpg\",\"datePublished\":\"2020-04-06T05:03:09+00:00\",\"dateModified\":\"2024-03-17T17:53:23+00:00\",\"breadcrumb\":{\"@id\":\"https:\\\/\\\/filles-de-la-charite.org\\\/pt-pt\\\/first-vincentian-formation-session-for-the-daughters-of-charity-of-brazil-5-2\\\/#breadcrumb\"},\"inLanguage\":\"pt-PT\",\"potentialAction\":[{\"@type\":\"ReadAction\",\"target\":[\"https:\\\/\\\/filles-de-la-charite.org\\\/pt-pt\\\/first-vincentian-formation-session-for-the-daughters-of-charity-of-brazil-5-2\\\/\"]}]},{\"@type\":\"ImageObject\",\"inLanguage\":\"pt-PT\",\"@id\":\"https:\\\/\\\/filles-de-la-charite.org\\\/pt-pt\\\/first-vincentian-formation-session-for-the-daughters-of-charity-of-brazil-5-2\\\/#primaryimage\",\"url\":\"https:\\\/\\\/filles-de-la-charite.org\\\/wp-content\\\/uploads\\\/2023\\\/06\\\/200406-Brazil-ftd.jpg\",\"contentUrl\":\"https:\\\/\\\/filles-de-la-charite.org\\\/wp-content\\\/uploads\\\/2023\\\/06\\\/200406-Brazil-ftd.jpg\",\"width\":1200,\"height\":630},{\"@type\":\"BreadcrumbList\",\"@id\":\"https:\\\/\\\/filles-de-la-charite.org\\\/pt-pt\\\/first-vincentian-formation-session-for-the-daughters-of-charity-of-brazil-5-2\\\/#breadcrumb\",\"itemListElement\":[{\"@type\":\"ListItem\",\"position\":1,\"name\":\"Belo Horizonte - Brasil\",\"item\":\"https:\\\/\\\/filles-de-la-charite.org\\\/pt-pt\\\/category\\\/belo-horizonte-brasil-pt-pt\\\/\"},{\"@type\":\"ListItem\",\"position\":2,\"name\":\"1\u00aa sess\u00e3o de forma\u00e7\u00e3o vicentina das Filhas da Caridade do Brasil\"}]},{\"@type\":\"WebSite\",\"@id\":\"https:\\\/\\\/filles-de-la-charite.org\\\/pt-pt\\\/#website\",\"url\":\"https:\\\/\\\/filles-de-la-charite.org\\\/pt-pt\\\/\",\"name\":\"Hijas de la Caridad\",\"description\":\"L\u2019amour de J\u00e9sus nous presse \u00e0 prendre soin des personnes les plus d\u00e9munies\",\"publisher\":{\"@id\":\"https:\\\/\\\/filles-de-la-charite.org\\\/pt-pt\\\/#organization\"},\"potentialAction\":[{\"@type\":\"SearchAction\",\"target\":{\"@type\":\"EntryPoint\",\"urlTemplate\":\"https:\\\/\\\/filles-de-la-charite.org\\\/pt-pt\\\/?s={search_term_string}\"},\"query-input\":{\"@type\":\"PropertyValueSpecification\",\"valueRequired\":true,\"valueName\":\"search_term_string\"}}],\"inLanguage\":\"pt-PT\"},{\"@type\":\"Organization\",\"@id\":\"https:\\\/\\\/filles-de-la-charite.org\\\/pt-pt\\\/#organization\",\"name\":\"Hijas de la Caridad\",\"url\":\"https:\\\/\\\/filles-de-la-charite.org\\\/pt-pt\\\/\",\"logo\":{\"@type\":\"ImageObject\",\"inLanguage\":\"pt-PT\",\"@id\":\"https:\\\/\\\/filles-de-la-charite.org\\\/pt-pt\\\/#\\\/schema\\\/logo\\\/image\\\/\",\"url\":\"https:\\\/\\\/filles-de-la-charite.org\\\/wp-content\\\/uploads\\\/2023\\\/03\\\/isotipo-Hijas-de-la-Caridad.png\",\"contentUrl\":\"https:\\\/\\\/filles-de-la-charite.org\\\/wp-content\\\/uploads\\\/2023\\\/03\\\/isotipo-Hijas-de-la-Caridad.png\",\"width\":1417,\"height\":1417,\"caption\":\"Hijas de la Caridad\"},\"image\":{\"@id\":\"https:\\\/\\\/filles-de-la-charite.org\\\/pt-pt\\\/#\\\/schema\\\/logo\\\/image\\\/\"}},{\"@type\":\"Person\",\"@id\":\"https:\\\/\\\/filles-de-la-charite.org\\\/pt-pt\\\/#\\\/schema\\\/person\\\/427567b2eccfc2dd7d206da186a1f438\",\"name\":\"admin\",\"image\":{\"@type\":\"ImageObject\",\"inLanguage\":\"pt-PT\",\"@id\":\"https:\\\/\\\/secure.gravatar.com\\\/avatar\\\/948b492cce32b586ac2db0eaa926ee87024f7afe218d73b397ea5ddfc5f43ea1?s=96&d=mm&r=g\",\"url\":\"https:\\\/\\\/secure.gravatar.com\\\/avatar\\\/948b492cce32b586ac2db0eaa926ee87024f7afe218d73b397ea5ddfc5f43ea1?s=96&d=mm&r=g\",\"contentUrl\":\"https:\\\/\\\/secure.gravatar.com\\\/avatar\\\/948b492cce32b586ac2db0eaa926ee87024f7afe218d73b397ea5ddfc5f43ea1?s=96&d=mm&r=g\",\"caption\":\"admin\"},\"sameAs\":[\"https:\\\/\\\/filles-de-la-charite.org\"],\"url\":\"https:\\\/\\\/filles-de-la-charite.org\\\/pt-pt\\\/author\\\/caridad\\\/\"}]}<\/script>\n<!-- \/ Yoast SEO plugin. -->","yoast_head_json":{"title":"1\u00aa sess\u00e3o de forma\u00e7\u00e3o vicentina das Filhas da Caridade do Brasil - Filles de la Charit\u00e9","robots":{"index":"index","follow":"follow","max-snippet":"max-snippet:-1","max-image-preview":"max-image-preview:large","max-video-preview":"max-video-preview:-1"},"canonical":"https:\/\/filles-de-la-charite.org\/pt-pt\/first-vincentian-formation-session-for-the-daughters-of-charity-of-brazil-5-2\/","og_locale":"pt_PT","og_type":"article","og_title":"1\u00aa sess\u00e3o de forma\u00e7\u00e3o vicentina das Filhas da Caridade do Brasil - Filles de la Charit\u00e9","og_description":"MAGNIFICAT, SENHOR ! Sim magnificat por esta feliz inspira\u00e7\u00e3o de fazer este momento intenso de forma\u00e7\u00e3o vicentina que abrangeu todas as prov\u00edncias das Filhas da Caridade do Brasil. De 1\u00b0 de julho a 3 de agosto de 2019 realizou-se no Rio de Janeiro a Sess\u00e3o de Forma\u00e7\u00e3o Vicentina para as Filhas da Caridade das seis [&hellip;]","og_url":"https:\/\/filles-de-la-charite.org\/pt-pt\/first-vincentian-formation-session-for-the-daughters-of-charity-of-brazil-5-2\/","og_site_name":"Filles de la Charit\u00e9","article_published_time":"2020-04-06T05:03:09+00:00","article_modified_time":"2024-03-17T17:53:23+00:00","og_image":[{"width":1200,"height":630,"url":"https:\/\/filles-de-la-charite.org\/wp-content\/uploads\/2023\/06\/200406-Brazil-ftd.jpg","type":"image\/jpeg"}],"author":"admin","twitter_card":"summary_large_image","twitter_misc":{"Escrito por":"admin","Tempo estimado de leitura":"2 minutos"},"schema":{"@context":"https:\/\/schema.org","@graph":[{"@type":"Article","@id":"https:\/\/filles-de-la-charite.org\/pt-pt\/first-vincentian-formation-session-for-the-daughters-of-charity-of-brazil-5-2\/#article","isPartOf":{"@id":"https:\/\/filles-de-la-charite.org\/pt-pt\/first-vincentian-formation-session-for-the-daughters-of-charity-of-brazil-5-2\/"},"author":{"name":"admin","@id":"https:\/\/filles-de-la-charite.org\/pt-pt\/#\/schema\/person\/427567b2eccfc2dd7d206da186a1f438"},"headline":"1\u00aa sess\u00e3o de forma\u00e7\u00e3o vicentina das Filhas da Caridade do Brasil","datePublished":"2020-04-06T05:03:09+00:00","dateModified":"2024-03-17T17:53:23+00:00","mainEntityOfPage":{"@id":"https:\/\/filles-de-la-charite.org\/pt-pt\/first-vincentian-formation-session-for-the-daughters-of-charity-of-brazil-5-2\/"},"wordCount":392,"publisher":{"@id":"https:\/\/filles-de-la-charite.org\/pt-pt\/#organization"},"image":{"@id":"https:\/\/filles-de-la-charite.org\/pt-pt\/first-vincentian-formation-session-for-the-daughters-of-charity-of-brazil-5-2\/#primaryimage"},"thumbnailUrl":"https:\/\/filles-de-la-charite.org\/wp-content\/uploads\/2023\/06\/200406-Brazil-ftd.jpg","articleSection":["Rio de Janeiro - Brasil"],"inLanguage":"pt-PT"},{"@type":"WebPage","@id":"https:\/\/filles-de-la-charite.org\/pt-pt\/first-vincentian-formation-session-for-the-daughters-of-charity-of-brazil-5-2\/","url":"https:\/\/filles-de-la-charite.org\/pt-pt\/first-vincentian-formation-session-for-the-daughters-of-charity-of-brazil-5-2\/","name":"1\u00aa sess\u00e3o de forma\u00e7\u00e3o vicentina das Filhas da Caridade do Brasil - Filles de la Charit\u00e9","isPartOf":{"@id":"https:\/\/filles-de-la-charite.org\/pt-pt\/#website"},"primaryImageOfPage":{"@id":"https:\/\/filles-de-la-charite.org\/pt-pt\/first-vincentian-formation-session-for-the-daughters-of-charity-of-brazil-5-2\/#primaryimage"},"image":{"@id":"https:\/\/filles-de-la-charite.org\/pt-pt\/first-vincentian-formation-session-for-the-daughters-of-charity-of-brazil-5-2\/#primaryimage"},"thumbnailUrl":"https:\/\/filles-de-la-charite.org\/wp-content\/uploads\/2023\/06\/200406-Brazil-ftd.jpg","datePublished":"2020-04-06T05:03:09+00:00","dateModified":"2024-03-17T17:53:23+00:00","breadcrumb":{"@id":"https:\/\/filles-de-la-charite.org\/pt-pt\/first-vincentian-formation-session-for-the-daughters-of-charity-of-brazil-5-2\/#breadcrumb"},"inLanguage":"pt-PT","potentialAction":[{"@type":"ReadAction","target":["https:\/\/filles-de-la-charite.org\/pt-pt\/first-vincentian-formation-session-for-the-daughters-of-charity-of-brazil-5-2\/"]}]},{"@type":"ImageObject","inLanguage":"pt-PT","@id":"https:\/\/filles-de-la-charite.org\/pt-pt\/first-vincentian-formation-session-for-the-daughters-of-charity-of-brazil-5-2\/#primaryimage","url":"https:\/\/filles-de-la-charite.org\/wp-content\/uploads\/2023\/06\/200406-Brazil-ftd.jpg","contentUrl":"https:\/\/filles-de-la-charite.org\/wp-content\/uploads\/2023\/06\/200406-Brazil-ftd.jpg","width":1200,"height":630},{"@type":"BreadcrumbList","@id":"https:\/\/filles-de-la-charite.org\/pt-pt\/first-vincentian-formation-session-for-the-daughters-of-charity-of-brazil-5-2\/#breadcrumb","itemListElement":[{"@type":"ListItem","position":1,"name":"Belo Horizonte - Brasil","item":"https:\/\/filles-de-la-charite.org\/pt-pt\/category\/belo-horizonte-brasil-pt-pt\/"},{"@type":"ListItem","position":2,"name":"1\u00aa sess\u00e3o de forma\u00e7\u00e3o vicentina das Filhas da Caridade do Brasil"}]},{"@type":"WebSite","@id":"https:\/\/filles-de-la-charite.org\/pt-pt\/#website","url":"https:\/\/filles-de-la-charite.org\/pt-pt\/","name":"Hijas de la Caridad","description":"L\u2019amour de J\u00e9sus nous presse \u00e0 prendre soin des personnes les plus d\u00e9munies","publisher":{"@id":"https:\/\/filles-de-la-charite.org\/pt-pt\/#organization"},"potentialAction":[{"@type":"SearchAction","target":{"@type":"EntryPoint","urlTemplate":"https:\/\/filles-de-la-charite.org\/pt-pt\/?s={search_term_string}"},"query-input":{"@type":"PropertyValueSpecification","valueRequired":true,"valueName":"search_term_string"}}],"inLanguage":"pt-PT"},{"@type":"Organization","@id":"https:\/\/filles-de-la-charite.org\/pt-pt\/#organization","name":"Hijas de la Caridad","url":"https:\/\/filles-de-la-charite.org\/pt-pt\/","logo":{"@type":"ImageObject","inLanguage":"pt-PT","@id":"https:\/\/filles-de-la-charite.org\/pt-pt\/#\/schema\/logo\/image\/","url":"https:\/\/filles-de-la-charite.org\/wp-content\/uploads\/2023\/03\/isotipo-Hijas-de-la-Caridad.png","contentUrl":"https:\/\/filles-de-la-charite.org\/wp-content\/uploads\/2023\/03\/isotipo-Hijas-de-la-Caridad.png","width":1417,"height":1417,"caption":"Hijas de la Caridad"},"image":{"@id":"https:\/\/filles-de-la-charite.org\/pt-pt\/#\/schema\/logo\/image\/"}},{"@type":"Person","@id":"https:\/\/filles-de-la-charite.org\/pt-pt\/#\/schema\/person\/427567b2eccfc2dd7d206da186a1f438","name":"admin","image":{"@type":"ImageObject","inLanguage":"pt-PT","@id":"https:\/\/secure.gravatar.com\/avatar\/948b492cce32b586ac2db0eaa926ee87024f7afe218d73b397ea5ddfc5f43ea1?s=96&d=mm&r=g","url":"https:\/\/secure.gravatar.com\/avatar\/948b492cce32b586ac2db0eaa926ee87024f7afe218d73b397ea5ddfc5f43ea1?s=96&d=mm&r=g","contentUrl":"https:\/\/secure.gravatar.com\/avatar\/948b492cce32b586ac2db0eaa926ee87024f7afe218d73b397ea5ddfc5f43ea1?s=96&d=mm&r=g","caption":"admin"},"sameAs":["https:\/\/filles-de-la-charite.org"],"url":"https:\/\/filles-de-la-charite.org\/pt-pt\/author\/caridad\/"}]}},"_links":{"self":[{"href":"https:\/\/filles-de-la-charite.org\/pt-pt\/wp-json\/wp\/v2\/posts\/25151","targetHints":{"allow":["GET"]}}],"collection":[{"href":"https:\/\/filles-de-la-charite.org\/pt-pt\/wp-json\/wp\/v2\/posts"}],"about":[{"href":"https:\/\/filles-de-la-charite.org\/pt-pt\/wp-json\/wp\/v2\/types\/post"}],"author":[{"embeddable":true,"href":"https:\/\/filles-de-la-charite.org\/pt-pt\/wp-json\/wp\/v2\/users\/1"}],"replies":[{"embeddable":true,"href":"https:\/\/filles-de-la-charite.org\/pt-pt\/wp-json\/wp\/v2\/comments?post=25151"}],"version-history":[{"count":1,"href":"https:\/\/filles-de-la-charite.org\/pt-pt\/wp-json\/wp\/v2\/posts\/25151\/revisions"}],"predecessor-version":[{"id":25152,"href":"https:\/\/filles-de-la-charite.org\/pt-pt\/wp-json\/wp\/v2\/posts\/25151\/revisions\/25152"}],"wp:featuredmedia":[{"embeddable":true,"href":"https:\/\/filles-de-la-charite.org\/pt-pt\/wp-json\/wp\/v2\/media\/14639"}],"wp:attachment":[{"href":"https:\/\/filles-de-la-charite.org\/pt-pt\/wp-json\/wp\/v2\/media?parent=25151"}],"wp:term":[{"taxonomy":"category","embeddable":true,"href":"https:\/\/filles-de-la-charite.org\/pt-pt\/wp-json\/wp\/v2\/categories?post=25151"},{"taxonomy":"post_tag","embeddable":true,"href":"https:\/\/filles-de-la-charite.org\/pt-pt\/wp-json\/wp\/v2\/tags?post=25151"}],"curies":[{"name":"wp","href":"https:\/\/api.w.org\/{rel}","templated":true}]}}