{"id":25153,"date":"2020-04-10T21:54:43","date_gmt":"2020-04-10T19:54:43","guid":{"rendered":"https:\/\/hijascaridad.sjdigitaldemo.ovh\/ephata-break-through-the-gate-go-towards-encounter-5-2\/"},"modified":"2024-03-17T18:53:13","modified_gmt":"2024-03-17T17:53:13","slug":"ephata-break-through-the-gate-go-towards-encounter-5-2","status":"publish","type":"post","link":"https:\/\/filles-de-la-charite.org\/pt-pt\/ephata-break-through-the-gate-go-towards-encounter-5-2\/","title":{"rendered":"Ephata! Sair porta a fora\u2026Ir para encontrar"},"content":{"rendered":"\n<p><\/p>\n\n\n\n<p class=\"has-text-align-left\">Na sexta-feira passada, 21 de Fevereiro de 2020, \u00e0s 17 horas, todas as Irm\u00e3s que se encontram em Marrocos foram convocadas ao &#8220;Hospital Espanhol&#8221; de Tetouan para descobrir, \u00e0 luz do Esp\u00edrito Santo, a nossa presen\u00e7a carism\u00e1tica no cuidado e servi\u00e7o dos nossos irm\u00e3os e irm\u00e3s mais pobres.<\/p>\n\n\n\n<p>A Irm\u00e3 Paula recordou-nos a necessidade de recordar a hist\u00f3ria para agradecer e saber de onde viemos. Estas mesmas palavras foram acolhidas pela nossa Visitadora, Irm\u00e3 M\u00aa del Carmen Polo, juntamente com o Director, Juan de la Rosa e a Conselheira para a Miss\u00e3o Ad-Gentes, Irm\u00e3 Ana M\u00aa Guti\u00e9rrez. A Irm\u00e3 Maria del Carmen encorajou-nos a perguntar-nos, para onde vamos? Convidou-nos a entrar em contacto com a realidade que temos diante dos nossos olhos, a saber que recursos humanos temos de discernir \u00e0 luz do Esp\u00edrito Santo, numa disponibilidade sempre renovada.<\/p>\n\n\n\n<div class=\"wp-block-image\"><figure class=\"aligncenter\"><img decoding=\"async\" src=\"https:\/\/filles-de-la-charite.org\/wp-content\/uploads\/2023\/06\/200410-Ephata-3.jpg\" alt=\"\" class=\"wp-image-40752\" \/><\/figure><\/div>\n\n\n\n<p>A partir deste momento come\u00e7amos a nossa sess\u00e3o de trabalho com um tempo de ora\u00e7\u00e3o e reflex\u00e3o pessoal, para passarmos a trabalhar em grupos no documento preparado pelas comunidades de Marrocos durante o per\u00edodo da Inter-Assembleia (ano de 2018). Um tempo de di\u00e1logo sincero, profundo e empenhado sobre a necessidade de avalia\u00e7\u00e3o e um apelo premente para nos abrirmos a algo novo, a fim de responder generosamente.<\/p>\n\n\n\n<p>O dia de s\u00e1bado iniciou com a ora\u00e7\u00e3o de Laudes, que nos preparou para acolher o Pe. Manuel Corull\u00f3n, que nos encorajaria, com toda a profundidade do seu conhecimento e experi\u00eancia de vida, a trabalhar pela constru\u00e7\u00e3o do Reino de Deus, gerando compaix\u00e3o, espanto, transforma\u00e7\u00e3o, sendo um sacramento vivo do di\u00e1logo que Deus quer estabelecer com cada homem e mulher, para alcan\u00e7ar a dignidade de nos reconhecermos como membros da Fam\u00edlia Humana.<\/p>\n\n\n\n<div class=\"wp-block-image\"><figure class=\"aligncenter\"><img decoding=\"async\" src=\"https:\/\/filles-de-la-charite.org\/wp-content\/uploads\/2023\/06\/200410-Ephata-2.jpg\" alt=\"\" class=\"wp-image-40751\" \/><\/figure><\/div>\n\n\n\n<p>No domingo, dia do Senhor, \u00e0 luz da forma\u00e7\u00e3o recebida e dos momentos de reflex\u00e3o e di\u00e1logo, todas as Irm\u00e3s se encontraram com a Irm\u00e3 M\u00aa del Carmen e a Irm\u00e3 Ana M\u00aa para propor um roteiro que ajudar\u00e1 o Conselho a iluminar o caminho a seguir, para o qual o Esp\u00edrito nos impele a sentir-nos amadas, perdoadas e encontradas.<\/p>\n\n\n\n<p>Agradecemos o acolhimento, a prepara\u00e7\u00e3o e os detalhes da comunidade de Tetouan e a participa\u00e7\u00e3o e disponibilidade de todas as Irm\u00e3s de Marrocos, que tornaram poss\u00edvel a busca de caminhos para sair porta a fora, para encontrar\u2026<\/p>\n\n\n\n<div class=\"wp-block-image\"><figure class=\"aligncenter\"><img decoding=\"async\" src=\"https:\/\/filles-de-la-charite.org\/wp-content\/uploads\/2023\/06\/200410-Ephata-1.jpg\" alt=\"\" class=\"wp-image-40750\" \/><\/figure><\/div>\n\n\n\n<p>Com grande alegria e gratid\u00e3o ao Senhor conclu\u00edmos o nosso encontro fraterno com a celebra\u00e7\u00e3o da Eucaristia e a participa\u00e7\u00e3o activa dos idosos do Hospital espanhol.<\/p>\n\n\n\n<p class=\"has-text-align-right\"><span style=\"color: #0000ff\"><em>Ir M\u00aa Trinidad Gonz\u00e1lez, FC\n(Tirado da <a href=\"http:\/\/hhccespanasur.org\/ephata-franquear-la-puertair-haciaencontrarse\/\" target=\"_blank\" rel=\"noopener noreferrer\">p\u00e1gina web Espa\u00f1a-Sur<\/a>)<\/em><\/span><\/p>\n","protected":false},"excerpt":{"rendered":"<p>Na sexta-feira passada, 21 de Fevereiro de 2020, \u00e0s 17 horas, todas as Irm\u00e3s que se encontram em Marrocos foram convocadas ao &#8220;Hospital Espanhol&#8221; de Tetouan para descobrir, \u00e0 luz do Esp\u00edrito Santo, a nossa presen\u00e7a carism\u00e1tica no cuidado e servi\u00e7o dos nossos irm\u00e3os e irm\u00e3s mais pobres. A Irm\u00e3 Paula recordou-nos a necessidade de [&hellip;]<\/p>\n","protected":false},"author":1,"featured_media":14665,"comment_status":"closed","ping_status":"closed","sticky":false,"template":"","format":"standard","meta":{"_acf_changed":false,"_et_pb_use_builder":"","_et_pb_old_content":"","_et_gb_content_width":"","footnotes":"","_links_to":"","_links_to_target":""},"categories":[807],"tags":[],"class_list":["post-25153","post","type-post","status-publish","format-standard","has-post-thumbnail","hentry","category-espana-sur-pt-pt"],"acf":[],"yoast_head":"<!-- This site is optimized with the Yoast SEO plugin v27.5 - https:\/\/yoast.com\/product\/yoast-seo-wordpress\/ -->\n<title>Ephata! Sair porta a fora\u2026Ir para encontrar - Filles de la Charit\u00e9<\/title>\n<meta name=\"robots\" content=\"index, follow, max-snippet:-1, max-image-preview:large, max-video-preview:-1\" \/>\n<link rel=\"canonical\" href=\"https:\/\/filles-de-la-charite.org\/pt-pt\/ephata-break-through-the-gate-go-towards-encounter-5-2\/\" \/>\n<meta property=\"og:locale\" content=\"pt_PT\" \/>\n<meta property=\"og:type\" content=\"article\" \/>\n<meta property=\"og:title\" content=\"Ephata! Sair porta a fora\u2026Ir para encontrar - Filles de la Charit\u00e9\" \/>\n<meta property=\"og:description\" content=\"Na sexta-feira passada, 21 de Fevereiro de 2020, \u00e0s 17 horas, todas as Irm\u00e3s que se encontram em Marrocos foram convocadas ao &#8220;Hospital Espanhol&#8221; de Tetouan para descobrir, \u00e0 luz do Esp\u00edrito Santo, a nossa presen\u00e7a carism\u00e1tica no cuidado e servi\u00e7o dos nossos irm\u00e3os e irm\u00e3s mais pobres. A Irm\u00e3 Paula recordou-nos a necessidade de [&hellip;]\" \/>\n<meta property=\"og:url\" content=\"https:\/\/filles-de-la-charite.org\/pt-pt\/ephata-break-through-the-gate-go-towards-encounter-5-2\/\" \/>\n<meta property=\"og:site_name\" content=\"Filles de la Charit\u00e9\" \/>\n<meta property=\"article:published_time\" content=\"2020-04-10T19:54:43+00:00\" \/>\n<meta property=\"article:modified_time\" content=\"2024-03-17T17:53:13+00:00\" \/>\n<meta property=\"og:image\" content=\"https:\/\/filles-de-la-charite.org\/wp-content\/uploads\/2023\/06\/200410-Ephata-thmb-300x199-1.jpg\" \/>\n\t<meta property=\"og:image:width\" content=\"300\" \/>\n\t<meta property=\"og:image:height\" content=\"199\" \/>\n\t<meta property=\"og:image:type\" content=\"image\/jpeg\" \/>\n<meta name=\"author\" content=\"admin\" \/>\n<meta name=\"twitter:card\" content=\"summary_large_image\" \/>\n<meta name=\"twitter:label1\" content=\"Escrito por\" \/>\n\t<meta name=\"twitter:data1\" content=\"admin\" \/>\n\t<meta name=\"twitter:label2\" content=\"Tempo estimado de leitura\" \/>\n\t<meta name=\"twitter:data2\" content=\"2 minutos\" \/>\n<script type=\"application\/ld+json\" class=\"yoast-schema-graph\">{\"@context\":\"https:\\\/\\\/schema.org\",\"@graph\":[{\"@type\":\"Article\",\"@id\":\"https:\\\/\\\/filles-de-la-charite.org\\\/pt-pt\\\/ephata-break-through-the-gate-go-towards-encounter-5-2\\\/#article\",\"isPartOf\":{\"@id\":\"https:\\\/\\\/filles-de-la-charite.org\\\/pt-pt\\\/ephata-break-through-the-gate-go-towards-encounter-5-2\\\/\"},\"author\":{\"name\":\"admin\",\"@id\":\"https:\\\/\\\/filles-de-la-charite.org\\\/pt-pt\\\/#\\\/schema\\\/person\\\/427567b2eccfc2dd7d206da186a1f438\"},\"headline\":\"Ephata! Sair porta a fora\u2026Ir para encontrar\",\"datePublished\":\"2020-04-10T19:54:43+00:00\",\"dateModified\":\"2024-03-17T17:53:13+00:00\",\"mainEntityOfPage\":{\"@id\":\"https:\\\/\\\/filles-de-la-charite.org\\\/pt-pt\\\/ephata-break-through-the-gate-go-towards-encounter-5-2\\\/\"},\"wordCount\":456,\"publisher\":{\"@id\":\"https:\\\/\\\/filles-de-la-charite.org\\\/pt-pt\\\/#organization\"},\"image\":{\"@id\":\"https:\\\/\\\/filles-de-la-charite.org\\\/pt-pt\\\/ephata-break-through-the-gate-go-towards-encounter-5-2\\\/#primaryimage\"},\"thumbnailUrl\":\"https:\\\/\\\/filles-de-la-charite.org\\\/wp-content\\\/uploads\\\/2023\\\/06\\\/200410-Ephata-thmb-300x199-1.jpg\",\"articleSection\":[\"Espa\u00f1a-Sur\"],\"inLanguage\":\"pt-PT\"},{\"@type\":\"WebPage\",\"@id\":\"https:\\\/\\\/filles-de-la-charite.org\\\/pt-pt\\\/ephata-break-through-the-gate-go-towards-encounter-5-2\\\/\",\"url\":\"https:\\\/\\\/filles-de-la-charite.org\\\/pt-pt\\\/ephata-break-through-the-gate-go-towards-encounter-5-2\\\/\",\"name\":\"Ephata! Sair porta a fora\u2026Ir para encontrar - Filles de la Charit\u00e9\",\"isPartOf\":{\"@id\":\"https:\\\/\\\/filles-de-la-charite.org\\\/pt-pt\\\/#website\"},\"primaryImageOfPage\":{\"@id\":\"https:\\\/\\\/filles-de-la-charite.org\\\/pt-pt\\\/ephata-break-through-the-gate-go-towards-encounter-5-2\\\/#primaryimage\"},\"image\":{\"@id\":\"https:\\\/\\\/filles-de-la-charite.org\\\/pt-pt\\\/ephata-break-through-the-gate-go-towards-encounter-5-2\\\/#primaryimage\"},\"thumbnailUrl\":\"https:\\\/\\\/filles-de-la-charite.org\\\/wp-content\\\/uploads\\\/2023\\\/06\\\/200410-Ephata-thmb-300x199-1.jpg\",\"datePublished\":\"2020-04-10T19:54:43+00:00\",\"dateModified\":\"2024-03-17T17:53:13+00:00\",\"breadcrumb\":{\"@id\":\"https:\\\/\\\/filles-de-la-charite.org\\\/pt-pt\\\/ephata-break-through-the-gate-go-towards-encounter-5-2\\\/#breadcrumb\"},\"inLanguage\":\"pt-PT\",\"potentialAction\":[{\"@type\":\"ReadAction\",\"target\":[\"https:\\\/\\\/filles-de-la-charite.org\\\/pt-pt\\\/ephata-break-through-the-gate-go-towards-encounter-5-2\\\/\"]}]},{\"@type\":\"ImageObject\",\"inLanguage\":\"pt-PT\",\"@id\":\"https:\\\/\\\/filles-de-la-charite.org\\\/pt-pt\\\/ephata-break-through-the-gate-go-towards-encounter-5-2\\\/#primaryimage\",\"url\":\"https:\\\/\\\/filles-de-la-charite.org\\\/wp-content\\\/uploads\\\/2023\\\/06\\\/200410-Ephata-thmb-300x199-1.jpg\",\"contentUrl\":\"https:\\\/\\\/filles-de-la-charite.org\\\/wp-content\\\/uploads\\\/2023\\\/06\\\/200410-Ephata-thmb-300x199-1.jpg\",\"width\":300,\"height\":199},{\"@type\":\"BreadcrumbList\",\"@id\":\"https:\\\/\\\/filles-de-la-charite.org\\\/pt-pt\\\/ephata-break-through-the-gate-go-towards-encounter-5-2\\\/#breadcrumb\",\"itemListElement\":[{\"@type\":\"ListItem\",\"position\":1,\"name\":\"Espa\u00f1a-Sur\",\"item\":\"https:\\\/\\\/filles-de-la-charite.org\\\/pt-pt\\\/category\\\/espana-sur-pt-pt\\\/\"},{\"@type\":\"ListItem\",\"position\":2,\"name\":\"Ephata! Sair porta a fora\u2026Ir para encontrar\"}]},{\"@type\":\"WebSite\",\"@id\":\"https:\\\/\\\/filles-de-la-charite.org\\\/pt-pt\\\/#website\",\"url\":\"https:\\\/\\\/filles-de-la-charite.org\\\/pt-pt\\\/\",\"name\":\"Hijas de la Caridad\",\"description\":\"L\u2019amour de J\u00e9sus nous presse \u00e0 prendre soin des personnes les plus d\u00e9munies\",\"publisher\":{\"@id\":\"https:\\\/\\\/filles-de-la-charite.org\\\/pt-pt\\\/#organization\"},\"potentialAction\":[{\"@type\":\"SearchAction\",\"target\":{\"@type\":\"EntryPoint\",\"urlTemplate\":\"https:\\\/\\\/filles-de-la-charite.org\\\/pt-pt\\\/?s={search_term_string}\"},\"query-input\":{\"@type\":\"PropertyValueSpecification\",\"valueRequired\":true,\"valueName\":\"search_term_string\"}}],\"inLanguage\":\"pt-PT\"},{\"@type\":\"Organization\",\"@id\":\"https:\\\/\\\/filles-de-la-charite.org\\\/pt-pt\\\/#organization\",\"name\":\"Hijas de la Caridad\",\"url\":\"https:\\\/\\\/filles-de-la-charite.org\\\/pt-pt\\\/\",\"logo\":{\"@type\":\"ImageObject\",\"inLanguage\":\"pt-PT\",\"@id\":\"https:\\\/\\\/filles-de-la-charite.org\\\/pt-pt\\\/#\\\/schema\\\/logo\\\/image\\\/\",\"url\":\"https:\\\/\\\/filles-de-la-charite.org\\\/wp-content\\\/uploads\\\/2023\\\/03\\\/isotipo-Hijas-de-la-Caridad.png\",\"contentUrl\":\"https:\\\/\\\/filles-de-la-charite.org\\\/wp-content\\\/uploads\\\/2023\\\/03\\\/isotipo-Hijas-de-la-Caridad.png\",\"width\":1417,\"height\":1417,\"caption\":\"Hijas de la Caridad\"},\"image\":{\"@id\":\"https:\\\/\\\/filles-de-la-charite.org\\\/pt-pt\\\/#\\\/schema\\\/logo\\\/image\\\/\"}},{\"@type\":\"Person\",\"@id\":\"https:\\\/\\\/filles-de-la-charite.org\\\/pt-pt\\\/#\\\/schema\\\/person\\\/427567b2eccfc2dd7d206da186a1f438\",\"name\":\"admin\",\"image\":{\"@type\":\"ImageObject\",\"inLanguage\":\"pt-PT\",\"@id\":\"https:\\\/\\\/secure.gravatar.com\\\/avatar\\\/948b492cce32b586ac2db0eaa926ee87024f7afe218d73b397ea5ddfc5f43ea1?s=96&d=mm&r=g\",\"url\":\"https:\\\/\\\/secure.gravatar.com\\\/avatar\\\/948b492cce32b586ac2db0eaa926ee87024f7afe218d73b397ea5ddfc5f43ea1?s=96&d=mm&r=g\",\"contentUrl\":\"https:\\\/\\\/secure.gravatar.com\\\/avatar\\\/948b492cce32b586ac2db0eaa926ee87024f7afe218d73b397ea5ddfc5f43ea1?s=96&d=mm&r=g\",\"caption\":\"admin\"},\"sameAs\":[\"https:\\\/\\\/filles-de-la-charite.org\"],\"url\":\"https:\\\/\\\/filles-de-la-charite.org\\\/pt-pt\\\/author\\\/caridad\\\/\"}]}<\/script>\n<!-- \/ Yoast SEO plugin. -->","yoast_head_json":{"title":"Ephata! Sair porta a fora\u2026Ir para encontrar - Filles de la Charit\u00e9","robots":{"index":"index","follow":"follow","max-snippet":"max-snippet:-1","max-image-preview":"max-image-preview:large","max-video-preview":"max-video-preview:-1"},"canonical":"https:\/\/filles-de-la-charite.org\/pt-pt\/ephata-break-through-the-gate-go-towards-encounter-5-2\/","og_locale":"pt_PT","og_type":"article","og_title":"Ephata! Sair porta a fora\u2026Ir para encontrar - Filles de la Charit\u00e9","og_description":"Na sexta-feira passada, 21 de Fevereiro de 2020, \u00e0s 17 horas, todas as Irm\u00e3s que se encontram em Marrocos foram convocadas ao &#8220;Hospital Espanhol&#8221; de Tetouan para descobrir, \u00e0 luz do Esp\u00edrito Santo, a nossa presen\u00e7a carism\u00e1tica no cuidado e servi\u00e7o dos nossos irm\u00e3os e irm\u00e3s mais pobres. A Irm\u00e3 Paula recordou-nos a necessidade de [&hellip;]","og_url":"https:\/\/filles-de-la-charite.org\/pt-pt\/ephata-break-through-the-gate-go-towards-encounter-5-2\/","og_site_name":"Filles de la Charit\u00e9","article_published_time":"2020-04-10T19:54:43+00:00","article_modified_time":"2024-03-17T17:53:13+00:00","og_image":[{"width":300,"height":199,"url":"https:\/\/filles-de-la-charite.org\/wp-content\/uploads\/2023\/06\/200410-Ephata-thmb-300x199-1.jpg","type":"image\/jpeg"}],"author":"admin","twitter_card":"summary_large_image","twitter_misc":{"Escrito por":"admin","Tempo estimado de leitura":"2 minutos"},"schema":{"@context":"https:\/\/schema.org","@graph":[{"@type":"Article","@id":"https:\/\/filles-de-la-charite.org\/pt-pt\/ephata-break-through-the-gate-go-towards-encounter-5-2\/#article","isPartOf":{"@id":"https:\/\/filles-de-la-charite.org\/pt-pt\/ephata-break-through-the-gate-go-towards-encounter-5-2\/"},"author":{"name":"admin","@id":"https:\/\/filles-de-la-charite.org\/pt-pt\/#\/schema\/person\/427567b2eccfc2dd7d206da186a1f438"},"headline":"Ephata! Sair porta a fora\u2026Ir para encontrar","datePublished":"2020-04-10T19:54:43+00:00","dateModified":"2024-03-17T17:53:13+00:00","mainEntityOfPage":{"@id":"https:\/\/filles-de-la-charite.org\/pt-pt\/ephata-break-through-the-gate-go-towards-encounter-5-2\/"},"wordCount":456,"publisher":{"@id":"https:\/\/filles-de-la-charite.org\/pt-pt\/#organization"},"image":{"@id":"https:\/\/filles-de-la-charite.org\/pt-pt\/ephata-break-through-the-gate-go-towards-encounter-5-2\/#primaryimage"},"thumbnailUrl":"https:\/\/filles-de-la-charite.org\/wp-content\/uploads\/2023\/06\/200410-Ephata-thmb-300x199-1.jpg","articleSection":["Espa\u00f1a-Sur"],"inLanguage":"pt-PT"},{"@type":"WebPage","@id":"https:\/\/filles-de-la-charite.org\/pt-pt\/ephata-break-through-the-gate-go-towards-encounter-5-2\/","url":"https:\/\/filles-de-la-charite.org\/pt-pt\/ephata-break-through-the-gate-go-towards-encounter-5-2\/","name":"Ephata! Sair porta a fora\u2026Ir para encontrar - Filles de la Charit\u00e9","isPartOf":{"@id":"https:\/\/filles-de-la-charite.org\/pt-pt\/#website"},"primaryImageOfPage":{"@id":"https:\/\/filles-de-la-charite.org\/pt-pt\/ephata-break-through-the-gate-go-towards-encounter-5-2\/#primaryimage"},"image":{"@id":"https:\/\/filles-de-la-charite.org\/pt-pt\/ephata-break-through-the-gate-go-towards-encounter-5-2\/#primaryimage"},"thumbnailUrl":"https:\/\/filles-de-la-charite.org\/wp-content\/uploads\/2023\/06\/200410-Ephata-thmb-300x199-1.jpg","datePublished":"2020-04-10T19:54:43+00:00","dateModified":"2024-03-17T17:53:13+00:00","breadcrumb":{"@id":"https:\/\/filles-de-la-charite.org\/pt-pt\/ephata-break-through-the-gate-go-towards-encounter-5-2\/#breadcrumb"},"inLanguage":"pt-PT","potentialAction":[{"@type":"ReadAction","target":["https:\/\/filles-de-la-charite.org\/pt-pt\/ephata-break-through-the-gate-go-towards-encounter-5-2\/"]}]},{"@type":"ImageObject","inLanguage":"pt-PT","@id":"https:\/\/filles-de-la-charite.org\/pt-pt\/ephata-break-through-the-gate-go-towards-encounter-5-2\/#primaryimage","url":"https:\/\/filles-de-la-charite.org\/wp-content\/uploads\/2023\/06\/200410-Ephata-thmb-300x199-1.jpg","contentUrl":"https:\/\/filles-de-la-charite.org\/wp-content\/uploads\/2023\/06\/200410-Ephata-thmb-300x199-1.jpg","width":300,"height":199},{"@type":"BreadcrumbList","@id":"https:\/\/filles-de-la-charite.org\/pt-pt\/ephata-break-through-the-gate-go-towards-encounter-5-2\/#breadcrumb","itemListElement":[{"@type":"ListItem","position":1,"name":"Espa\u00f1a-Sur","item":"https:\/\/filles-de-la-charite.org\/pt-pt\/category\/espana-sur-pt-pt\/"},{"@type":"ListItem","position":2,"name":"Ephata! Sair porta a fora\u2026Ir para encontrar"}]},{"@type":"WebSite","@id":"https:\/\/filles-de-la-charite.org\/pt-pt\/#website","url":"https:\/\/filles-de-la-charite.org\/pt-pt\/","name":"Hijas de la Caridad","description":"L\u2019amour de J\u00e9sus nous presse \u00e0 prendre soin des personnes les plus d\u00e9munies","publisher":{"@id":"https:\/\/filles-de-la-charite.org\/pt-pt\/#organization"},"potentialAction":[{"@type":"SearchAction","target":{"@type":"EntryPoint","urlTemplate":"https:\/\/filles-de-la-charite.org\/pt-pt\/?s={search_term_string}"},"query-input":{"@type":"PropertyValueSpecification","valueRequired":true,"valueName":"search_term_string"}}],"inLanguage":"pt-PT"},{"@type":"Organization","@id":"https:\/\/filles-de-la-charite.org\/pt-pt\/#organization","name":"Hijas de la Caridad","url":"https:\/\/filles-de-la-charite.org\/pt-pt\/","logo":{"@type":"ImageObject","inLanguage":"pt-PT","@id":"https:\/\/filles-de-la-charite.org\/pt-pt\/#\/schema\/logo\/image\/","url":"https:\/\/filles-de-la-charite.org\/wp-content\/uploads\/2023\/03\/isotipo-Hijas-de-la-Caridad.png","contentUrl":"https:\/\/filles-de-la-charite.org\/wp-content\/uploads\/2023\/03\/isotipo-Hijas-de-la-Caridad.png","width":1417,"height":1417,"caption":"Hijas de la Caridad"},"image":{"@id":"https:\/\/filles-de-la-charite.org\/pt-pt\/#\/schema\/logo\/image\/"}},{"@type":"Person","@id":"https:\/\/filles-de-la-charite.org\/pt-pt\/#\/schema\/person\/427567b2eccfc2dd7d206da186a1f438","name":"admin","image":{"@type":"ImageObject","inLanguage":"pt-PT","@id":"https:\/\/secure.gravatar.com\/avatar\/948b492cce32b586ac2db0eaa926ee87024f7afe218d73b397ea5ddfc5f43ea1?s=96&d=mm&r=g","url":"https:\/\/secure.gravatar.com\/avatar\/948b492cce32b586ac2db0eaa926ee87024f7afe218d73b397ea5ddfc5f43ea1?s=96&d=mm&r=g","contentUrl":"https:\/\/secure.gravatar.com\/avatar\/948b492cce32b586ac2db0eaa926ee87024f7afe218d73b397ea5ddfc5f43ea1?s=96&d=mm&r=g","caption":"admin"},"sameAs":["https:\/\/filles-de-la-charite.org"],"url":"https:\/\/filles-de-la-charite.org\/pt-pt\/author\/caridad\/"}]}},"_links":{"self":[{"href":"https:\/\/filles-de-la-charite.org\/pt-pt\/wp-json\/wp\/v2\/posts\/25153","targetHints":{"allow":["GET"]}}],"collection":[{"href":"https:\/\/filles-de-la-charite.org\/pt-pt\/wp-json\/wp\/v2\/posts"}],"about":[{"href":"https:\/\/filles-de-la-charite.org\/pt-pt\/wp-json\/wp\/v2\/types\/post"}],"author":[{"embeddable":true,"href":"https:\/\/filles-de-la-charite.org\/pt-pt\/wp-json\/wp\/v2\/users\/1"}],"replies":[{"embeddable":true,"href":"https:\/\/filles-de-la-charite.org\/pt-pt\/wp-json\/wp\/v2\/comments?post=25153"}],"version-history":[{"count":1,"href":"https:\/\/filles-de-la-charite.org\/pt-pt\/wp-json\/wp\/v2\/posts\/25153\/revisions"}],"predecessor-version":[{"id":25154,"href":"https:\/\/filles-de-la-charite.org\/pt-pt\/wp-json\/wp\/v2\/posts\/25153\/revisions\/25154"}],"wp:featuredmedia":[{"embeddable":true,"href":"https:\/\/filles-de-la-charite.org\/pt-pt\/wp-json\/wp\/v2\/media\/14665"}],"wp:attachment":[{"href":"https:\/\/filles-de-la-charite.org\/pt-pt\/wp-json\/wp\/v2\/media?parent=25153"}],"wp:term":[{"taxonomy":"category","embeddable":true,"href":"https:\/\/filles-de-la-charite.org\/pt-pt\/wp-json\/wp\/v2\/categories?post=25153"},{"taxonomy":"post_tag","embeddable":true,"href":"https:\/\/filles-de-la-charite.org\/pt-pt\/wp-json\/wp\/v2\/tags?post=25153"}],"curies":[{"name":"wp","href":"https:\/\/api.w.org\/{rel}","templated":true}]}}