{"id":25155,"date":"2020-04-25T21:35:14","date_gmt":"2020-04-25T19:35:14","guid":{"rendered":"https:\/\/hijascaridad.sjdigitaldemo.ovh\/mia-missionario-da-mulher-consagrada-usmi-diocese-de-sassari-sardenha-2\/"},"modified":"2024-03-17T18:52:46","modified_gmt":"2024-03-17T17:52:46","slug":"mia-missionario-da-mulher-consagrada-usmi-diocese-de-sassari-sardenha-2","status":"publish","type":"post","link":"https:\/\/filles-de-la-charite.org\/pt-pt\/mia-missionario-da-mulher-consagrada-usmi-diocese-de-sassari-sardenha-2\/","title":{"rendered":"Mia mission\u00e1rio da mulher consagrada, USMI diocese de Sassari, Sardenha"},"content":{"rendered":"\n<p>A Irm\u00e3 Anna Anedda, FC, delegada diocesana na Uni\u00e3o dos Superiores Maiores em It\u00e1lia (USMI), prop\u00f4s que a celebra\u00e7\u00e3o do Dia Mission\u00e1rio das Irm\u00e3s de 2019 fosse realizada na Capela da Casa Santa Lu\u00edsa das Filhas da Caridade. H\u00e1 muitas Irm\u00e3s que, devido \u00e0 sua idade ou doen\u00e7a, j\u00e1 n\u00e3o realizam qualquer \"servi\u00e7o\", mas permanecem em \"servi\u00e7o\", em miss\u00e3o, no cora\u00e7\u00e3o da Igreja com a ora\u00e7\u00e3o, a oferta dos seus sofrimentos e o seu amor pela humanidade, como Santa Teresa de Lisieux.<\/p>\n\n\n\n<p>Na sua homilia, o Padre Franco Granata, do Convento Carmelita de Sassari, que presidiu \u00e0 celebra\u00e7\u00e3o eucar\u00edstica, salientou que nada pode deter aqueles que continuam a amar, nem a idade, nem a doen\u00e7a, nem um ambiente hostil. A Eucaristia foi concelebrada pelo Reitor do Semin\u00e1rio, pelo Director do Centro Vocacional Diocesano e pelo Padre Jos\u00e9 do Convento de Santa Maria; estiveram representadas quase todas as congrega\u00e7\u00f5es religiosas da cidade, em particular a Madre Adriana Reis Miranda, Superiora Geral das Irm\u00e3s Pias Educadoras de S\u00e3o Jo\u00e3o Evangelista de Sassari e a Madre Maria Scalas das Irm\u00e3s do Gets\u00e9mani, tamb\u00e9m de Sassari.<\/p>\n\n\n\n<div class=\"wp-block-image\"><figure class=\"aligncenter\"><img decoding=\"async\" src=\"https:\/\/filles-de-la-charite.org\/wp-content\/uploads\/2023\/06\/200425-Sardegna-1.jpg\" alt=\"\" class=\"wp-image-40781\" \/><\/figure><\/div>\n\n\n\n<p>Hoje, a profiss\u00e3o religiosa n\u00e3o exige uma mudan\u00e7a de nome como no passado; homens e mulheres consagrados mant\u00eam o nome que receberam no baptismo, que \u00e9 o primeiro verdadeiro apelo. A miss\u00e3o nasce na pia batismal. Batizado e enviado como todos os crist\u00e3os. Enviadas n\u00e3o necessariamente para terras distantes, mas para onde a obedi\u00eancia as envia, como nos ensina a padroeira das miss\u00f5es. Durante a adora\u00e7\u00e3o diante do Sant\u00edssimo Sacramento, que se seguiu ap\u00f3s \u00e0 celebra\u00e7\u00e3o eucar\u00edstica, e antes de o Padre Ilario Bianchi concluir a ora\u00e7\u00e3o com a b\u00ean\u00e7\u00e3o, foram oferecidas cinco velas para representar as expectativas, esperan\u00e7as, alegrias e sofrimentos dos povos dos cinco continentes.<\/p>\n\n\n\n<div class=\"wp-block-image\"><figure class=\"aligncenter\"><img decoding=\"async\" src=\"https:\/\/filles-de-la-charite.org\/wp-content\/uploads\/2023\/06\/200425-Sardegna-2.jpg\" alt=\"\" class=\"wp-image-40782\" \/><\/figure><\/div>\n\n\n\n<p>Um mundo de r\u00e1pidas mudan\u00e7as, como este, precisa da luz e do calor do Evangelho que pode ser abra\u00e7ado em cada momento por todos os crentes. Atrav\u00e9s do amor, cada canto da terra pode ser alcan\u00e7ado imediatamente, mesmo a aldeia mais remota de Madag\u00e1scar, Brasil ou \u00cdndia. Foi o que fez a pequena Teresa, que compreendeu que \"no cora\u00e7\u00e3o da Igreja, minha m\u00e3e, eu serei amor e serei tudo\".<\/p>\n\n\n\n<p class=\"has-text-align-right\">Dom Antonino Canu<\/p>\n\n\n\n<div class=\"wp-block-image\"><figure class=\"aligncenter\"><img decoding=\"async\" src=\"https:\/\/filles-de-la-charite.org\/wp-content\/uploads\/2023\/06\/200425-Sardegna-3.jpg\" alt=\"\" class=\"wp-image-40783\" \/><\/figure><\/div>\n","protected":false},"excerpt":{"rendered":"<p>A Irm\u00e3 Anna Anedda, FC, delegada diocesana na Uni\u00e3o dos Superiores Maiores em It\u00e1lia (USMI), prop\u00f4s que a celebra\u00e7\u00e3o do Dia Mission\u00e1rio das Irm\u00e3s de 2019 fosse realizada na Capela da Casa Santa Lu\u00edsa das Filhas da Caridade. H\u00e1 muitas Irm\u00e3s que, devido \u00e0 sua idade ou doen\u00e7a, j\u00e1 n\u00e3o realizam qualquer &#8220;servi\u00e7o&#8221;, mas permanecem [&hellip;]<\/p>\n","protected":false},"author":1,"featured_media":14691,"comment_status":"closed","ping_status":"closed","sticky":false,"template":"","format":"standard","meta":{"_acf_changed":false,"footnotes":"","_links_to":"","_links_to_target":""},"categories":[686],"tags":[],"class_list":["post-25155","post","type-post","status-publish","format-standard","has-post-thumbnail","hentry","category-sardenha-italia-pt-pt"],"acf":[],"yoast_head":"<!-- This site is optimized with the Yoast SEO plugin v27.5 - https:\/\/yoast.com\/product\/yoast-seo-wordpress\/ -->\n<title>Mia mission\u00e1rio da mulher consagrada, USMI diocese de Sassari, Sardenha - Filles de la Charit\u00e9<\/title>\n<meta name=\"robots\" content=\"index, follow, max-snippet:-1, max-image-preview:large, max-video-preview:-1\" \/>\n<link rel=\"canonical\" href=\"https:\/\/filles-de-la-charite.org\/pt-pt\/mia-missionario-da-mulher-consagrada-usmi-diocese-de-sassari-sardenha-2\/\" \/>\n<meta property=\"og:locale\" content=\"pt_PT\" \/>\n<meta property=\"og:type\" content=\"article\" \/>\n<meta property=\"og:title\" content=\"Mia mission\u00e1rio da mulher consagrada, USMI diocese de Sassari, Sardenha - Filles de la Charit\u00e9\" \/>\n<meta property=\"og:description\" content=\"A Irm\u00e3 Anna Anedda, FC, delegada diocesana na Uni\u00e3o dos Superiores Maiores em It\u00e1lia (USMI), prop\u00f4s que a celebra\u00e7\u00e3o do Dia Mission\u00e1rio das Irm\u00e3s de 2019 fosse realizada na Capela da Casa Santa Lu\u00edsa das Filhas da Caridade. H\u00e1 muitas Irm\u00e3s que, devido \u00e0 sua idade ou doen\u00e7a, j\u00e1 n\u00e3o realizam qualquer &#8220;servi\u00e7o&#8221;, mas permanecem [&hellip;]\" \/>\n<meta property=\"og:url\" content=\"https:\/\/filles-de-la-charite.org\/pt-pt\/mia-missionario-da-mulher-consagrada-usmi-diocese-de-sassari-sardenha-2\/\" \/>\n<meta property=\"og:site_name\" content=\"Filles de la Charit\u00e9\" \/>\n<meta property=\"article:published_time\" content=\"2020-04-25T19:35:14+00:00\" \/>\n<meta property=\"article:modified_time\" content=\"2024-03-17T17:52:46+00:00\" \/>\n<meta property=\"og:image\" content=\"https:\/\/filles-de-la-charite.org\/wp-content\/uploads\/2023\/06\/200425-Sardegna-thmb.jpg\" \/>\n\t<meta property=\"og:image:width\" content=\"300\" \/>\n\t<meta property=\"og:image:height\" content=\"200\" \/>\n\t<meta property=\"og:image:type\" content=\"image\/jpeg\" \/>\n<meta name=\"author\" content=\"admin\" \/>\n<meta name=\"twitter:card\" content=\"summary_large_image\" \/>\n<meta name=\"twitter:label1\" content=\"Escrito por\" \/>\n\t<meta name=\"twitter:data1\" content=\"admin\" \/>\n\t<meta name=\"twitter:label2\" content=\"Tempo estimado de leitura\" \/>\n\t<meta name=\"twitter:data2\" content=\"2 minutos\" \/>\n<script type=\"application\/ld+json\" class=\"yoast-schema-graph\">{\"@context\":\"https:\\\/\\\/schema.org\",\"@graph\":[{\"@type\":\"Article\",\"@id\":\"https:\\\/\\\/filles-de-la-charite.org\\\/pt-pt\\\/mia-missionario-da-mulher-consagrada-usmi-diocese-de-sassari-sardenha-2\\\/#article\",\"isPartOf\":{\"@id\":\"https:\\\/\\\/filles-de-la-charite.org\\\/pt-pt\\\/mia-missionario-da-mulher-consagrada-usmi-diocese-de-sassari-sardenha-2\\\/\"},\"author\":{\"name\":\"admin\",\"@id\":\"https:\\\/\\\/filles-de-la-charite.org\\\/pt-pt\\\/#\\\/schema\\\/person\\\/427567b2eccfc2dd7d206da186a1f438\"},\"headline\":\"Mia mission\u00e1rio da mulher consagrada, USMI diocese de Sassari, Sardenha\",\"datePublished\":\"2020-04-25T19:35:14+00:00\",\"dateModified\":\"2024-03-17T17:52:46+00:00\",\"mainEntityOfPage\":{\"@id\":\"https:\\\/\\\/filles-de-la-charite.org\\\/pt-pt\\\/mia-missionario-da-mulher-consagrada-usmi-diocese-de-sassari-sardenha-2\\\/\"},\"wordCount\":419,\"publisher\":{\"@id\":\"https:\\\/\\\/filles-de-la-charite.org\\\/pt-pt\\\/#organization\"},\"image\":{\"@id\":\"https:\\\/\\\/filles-de-la-charite.org\\\/pt-pt\\\/mia-missionario-da-mulher-consagrada-usmi-diocese-de-sassari-sardenha-2\\\/#primaryimage\"},\"thumbnailUrl\":\"https:\\\/\\\/filles-de-la-charite.org\\\/wp-content\\\/uploads\\\/2023\\\/06\\\/200425-Sardegna-thmb.jpg\",\"articleSection\":[\"Sardenha - It\u00e1lia\"],\"inLanguage\":\"pt-PT\"},{\"@type\":\"WebPage\",\"@id\":\"https:\\\/\\\/filles-de-la-charite.org\\\/pt-pt\\\/mia-missionario-da-mulher-consagrada-usmi-diocese-de-sassari-sardenha-2\\\/\",\"url\":\"https:\\\/\\\/filles-de-la-charite.org\\\/pt-pt\\\/mia-missionario-da-mulher-consagrada-usmi-diocese-de-sassari-sardenha-2\\\/\",\"name\":\"Mia mission\u00e1rio da mulher consagrada, USMI diocese de Sassari, Sardenha - Filles de la Charit\u00e9\",\"isPartOf\":{\"@id\":\"https:\\\/\\\/filles-de-la-charite.org\\\/pt-pt\\\/#website\"},\"primaryImageOfPage\":{\"@id\":\"https:\\\/\\\/filles-de-la-charite.org\\\/pt-pt\\\/mia-missionario-da-mulher-consagrada-usmi-diocese-de-sassari-sardenha-2\\\/#primaryimage\"},\"image\":{\"@id\":\"https:\\\/\\\/filles-de-la-charite.org\\\/pt-pt\\\/mia-missionario-da-mulher-consagrada-usmi-diocese-de-sassari-sardenha-2\\\/#primaryimage\"},\"thumbnailUrl\":\"https:\\\/\\\/filles-de-la-charite.org\\\/wp-content\\\/uploads\\\/2023\\\/06\\\/200425-Sardegna-thmb.jpg\",\"datePublished\":\"2020-04-25T19:35:14+00:00\",\"dateModified\":\"2024-03-17T17:52:46+00:00\",\"breadcrumb\":{\"@id\":\"https:\\\/\\\/filles-de-la-charite.org\\\/pt-pt\\\/mia-missionario-da-mulher-consagrada-usmi-diocese-de-sassari-sardenha-2\\\/#breadcrumb\"},\"inLanguage\":\"pt-PT\",\"potentialAction\":[{\"@type\":\"ReadAction\",\"target\":[\"https:\\\/\\\/filles-de-la-charite.org\\\/pt-pt\\\/mia-missionario-da-mulher-consagrada-usmi-diocese-de-sassari-sardenha-2\\\/\"]}]},{\"@type\":\"ImageObject\",\"inLanguage\":\"pt-PT\",\"@id\":\"https:\\\/\\\/filles-de-la-charite.org\\\/pt-pt\\\/mia-missionario-da-mulher-consagrada-usmi-diocese-de-sassari-sardenha-2\\\/#primaryimage\",\"url\":\"https:\\\/\\\/filles-de-la-charite.org\\\/wp-content\\\/uploads\\\/2023\\\/06\\\/200425-Sardegna-thmb.jpg\",\"contentUrl\":\"https:\\\/\\\/filles-de-la-charite.org\\\/wp-content\\\/uploads\\\/2023\\\/06\\\/200425-Sardegna-thmb.jpg\",\"width\":300,\"height\":200},{\"@type\":\"BreadcrumbList\",\"@id\":\"https:\\\/\\\/filles-de-la-charite.org\\\/pt-pt\\\/mia-missionario-da-mulher-consagrada-usmi-diocese-de-sassari-sardenha-2\\\/#breadcrumb\",\"itemListElement\":[{\"@type\":\"ListItem\",\"position\":1,\"name\":\"San Vincenzo &#8211; Italia\",\"item\":\"https:\\\/\\\/filles-de-la-charite.org\\\/pt-pt\\\/category\\\/san-vincenzo-italia-pt-pt\\\/\"},{\"@type\":\"ListItem\",\"position\":2,\"name\":\"Mia mission\u00e1rio da mulher consagrada, USMI diocese de Sassari, Sardenha\"}]},{\"@type\":\"WebSite\",\"@id\":\"https:\\\/\\\/filles-de-la-charite.org\\\/pt-pt\\\/#website\",\"url\":\"https:\\\/\\\/filles-de-la-charite.org\\\/pt-pt\\\/\",\"name\":\"Hijas de la Caridad\",\"description\":\"L\u2019amour de J\u00e9sus nous presse \u00e0 prendre soin des personnes les plus d\u00e9munies\",\"publisher\":{\"@id\":\"https:\\\/\\\/filles-de-la-charite.org\\\/pt-pt\\\/#organization\"},\"potentialAction\":[{\"@type\":\"SearchAction\",\"target\":{\"@type\":\"EntryPoint\",\"urlTemplate\":\"https:\\\/\\\/filles-de-la-charite.org\\\/pt-pt\\\/?s={search_term_string}\"},\"query-input\":{\"@type\":\"PropertyValueSpecification\",\"valueRequired\":true,\"valueName\":\"search_term_string\"}}],\"inLanguage\":\"pt-PT\"},{\"@type\":\"Organization\",\"@id\":\"https:\\\/\\\/filles-de-la-charite.org\\\/pt-pt\\\/#organization\",\"name\":\"Hijas de la Caridad\",\"url\":\"https:\\\/\\\/filles-de-la-charite.org\\\/pt-pt\\\/\",\"logo\":{\"@type\":\"ImageObject\",\"inLanguage\":\"pt-PT\",\"@id\":\"https:\\\/\\\/filles-de-la-charite.org\\\/pt-pt\\\/#\\\/schema\\\/logo\\\/image\\\/\",\"url\":\"https:\\\/\\\/filles-de-la-charite.org\\\/wp-content\\\/uploads\\\/2023\\\/03\\\/isotipo-Hijas-de-la-Caridad.png\",\"contentUrl\":\"https:\\\/\\\/filles-de-la-charite.org\\\/wp-content\\\/uploads\\\/2023\\\/03\\\/isotipo-Hijas-de-la-Caridad.png\",\"width\":1417,\"height\":1417,\"caption\":\"Hijas de la Caridad\"},\"image\":{\"@id\":\"https:\\\/\\\/filles-de-la-charite.org\\\/pt-pt\\\/#\\\/schema\\\/logo\\\/image\\\/\"}},{\"@type\":\"Person\",\"@id\":\"https:\\\/\\\/filles-de-la-charite.org\\\/pt-pt\\\/#\\\/schema\\\/person\\\/427567b2eccfc2dd7d206da186a1f438\",\"name\":\"admin\",\"image\":{\"@type\":\"ImageObject\",\"inLanguage\":\"pt-PT\",\"@id\":\"https:\\\/\\\/secure.gravatar.com\\\/avatar\\\/948b492cce32b586ac2db0eaa926ee87024f7afe218d73b397ea5ddfc5f43ea1?s=96&d=mm&r=g\",\"url\":\"https:\\\/\\\/secure.gravatar.com\\\/avatar\\\/948b492cce32b586ac2db0eaa926ee87024f7afe218d73b397ea5ddfc5f43ea1?s=96&d=mm&r=g\",\"contentUrl\":\"https:\\\/\\\/secure.gravatar.com\\\/avatar\\\/948b492cce32b586ac2db0eaa926ee87024f7afe218d73b397ea5ddfc5f43ea1?s=96&d=mm&r=g\",\"caption\":\"admin\"},\"sameAs\":[\"https:\\\/\\\/filles-de-la-charite.org\"],\"url\":\"https:\\\/\\\/filles-de-la-charite.org\\\/pt-pt\\\/author\\\/caridad\\\/\"}]}<\/script>\n<!-- \/ Yoast SEO plugin. -->","yoast_head_json":{"title":"Mia mission\u00e1rio da mulher consagrada, USMI diocese de Sassari, Sardenha - Filles de la Charit\u00e9","robots":{"index":"index","follow":"follow","max-snippet":"max-snippet:-1","max-image-preview":"max-image-preview:large","max-video-preview":"max-video-preview:-1"},"canonical":"https:\/\/filles-de-la-charite.org\/pt-pt\/mia-missionario-da-mulher-consagrada-usmi-diocese-de-sassari-sardenha-2\/","og_locale":"pt_PT","og_type":"article","og_title":"Mia mission\u00e1rio da mulher consagrada, USMI diocese de Sassari, Sardenha - Filles de la Charit\u00e9","og_description":"A Irm\u00e3 Anna Anedda, FC, delegada diocesana na Uni\u00e3o dos Superiores Maiores em It\u00e1lia (USMI), prop\u00f4s que a celebra\u00e7\u00e3o do Dia Mission\u00e1rio das Irm\u00e3s de 2019 fosse realizada na Capela da Casa Santa Lu\u00edsa das Filhas da Caridade. H\u00e1 muitas Irm\u00e3s que, devido \u00e0 sua idade ou doen\u00e7a, j\u00e1 n\u00e3o realizam qualquer &#8220;servi\u00e7o&#8221;, mas permanecem [&hellip;]","og_url":"https:\/\/filles-de-la-charite.org\/pt-pt\/mia-missionario-da-mulher-consagrada-usmi-diocese-de-sassari-sardenha-2\/","og_site_name":"Filles de la Charit\u00e9","article_published_time":"2020-04-25T19:35:14+00:00","article_modified_time":"2024-03-17T17:52:46+00:00","og_image":[{"width":300,"height":200,"url":"https:\/\/filles-de-la-charite.org\/wp-content\/uploads\/2023\/06\/200425-Sardegna-thmb.jpg","type":"image\/jpeg"}],"author":"admin","twitter_card":"summary_large_image","twitter_misc":{"Escrito por":"admin","Tempo estimado de leitura":"2 minutos"},"schema":{"@context":"https:\/\/schema.org","@graph":[{"@type":"Article","@id":"https:\/\/filles-de-la-charite.org\/pt-pt\/mia-missionario-da-mulher-consagrada-usmi-diocese-de-sassari-sardenha-2\/#article","isPartOf":{"@id":"https:\/\/filles-de-la-charite.org\/pt-pt\/mia-missionario-da-mulher-consagrada-usmi-diocese-de-sassari-sardenha-2\/"},"author":{"name":"admin","@id":"https:\/\/filles-de-la-charite.org\/pt-pt\/#\/schema\/person\/427567b2eccfc2dd7d206da186a1f438"},"headline":"Mia mission\u00e1rio da mulher consagrada, USMI diocese de Sassari, Sardenha","datePublished":"2020-04-25T19:35:14+00:00","dateModified":"2024-03-17T17:52:46+00:00","mainEntityOfPage":{"@id":"https:\/\/filles-de-la-charite.org\/pt-pt\/mia-missionario-da-mulher-consagrada-usmi-diocese-de-sassari-sardenha-2\/"},"wordCount":419,"publisher":{"@id":"https:\/\/filles-de-la-charite.org\/pt-pt\/#organization"},"image":{"@id":"https:\/\/filles-de-la-charite.org\/pt-pt\/mia-missionario-da-mulher-consagrada-usmi-diocese-de-sassari-sardenha-2\/#primaryimage"},"thumbnailUrl":"https:\/\/filles-de-la-charite.org\/wp-content\/uploads\/2023\/06\/200425-Sardegna-thmb.jpg","articleSection":["Sardenha - It\u00e1lia"],"inLanguage":"pt-PT"},{"@type":"WebPage","@id":"https:\/\/filles-de-la-charite.org\/pt-pt\/mia-missionario-da-mulher-consagrada-usmi-diocese-de-sassari-sardenha-2\/","url":"https:\/\/filles-de-la-charite.org\/pt-pt\/mia-missionario-da-mulher-consagrada-usmi-diocese-de-sassari-sardenha-2\/","name":"Mia mission\u00e1rio da mulher consagrada, USMI diocese de Sassari, Sardenha - Filles de la Charit\u00e9","isPartOf":{"@id":"https:\/\/filles-de-la-charite.org\/pt-pt\/#website"},"primaryImageOfPage":{"@id":"https:\/\/filles-de-la-charite.org\/pt-pt\/mia-missionario-da-mulher-consagrada-usmi-diocese-de-sassari-sardenha-2\/#primaryimage"},"image":{"@id":"https:\/\/filles-de-la-charite.org\/pt-pt\/mia-missionario-da-mulher-consagrada-usmi-diocese-de-sassari-sardenha-2\/#primaryimage"},"thumbnailUrl":"https:\/\/filles-de-la-charite.org\/wp-content\/uploads\/2023\/06\/200425-Sardegna-thmb.jpg","datePublished":"2020-04-25T19:35:14+00:00","dateModified":"2024-03-17T17:52:46+00:00","breadcrumb":{"@id":"https:\/\/filles-de-la-charite.org\/pt-pt\/mia-missionario-da-mulher-consagrada-usmi-diocese-de-sassari-sardenha-2\/#breadcrumb"},"inLanguage":"pt-PT","potentialAction":[{"@type":"ReadAction","target":["https:\/\/filles-de-la-charite.org\/pt-pt\/mia-missionario-da-mulher-consagrada-usmi-diocese-de-sassari-sardenha-2\/"]}]},{"@type":"ImageObject","inLanguage":"pt-PT","@id":"https:\/\/filles-de-la-charite.org\/pt-pt\/mia-missionario-da-mulher-consagrada-usmi-diocese-de-sassari-sardenha-2\/#primaryimage","url":"https:\/\/filles-de-la-charite.org\/wp-content\/uploads\/2023\/06\/200425-Sardegna-thmb.jpg","contentUrl":"https:\/\/filles-de-la-charite.org\/wp-content\/uploads\/2023\/06\/200425-Sardegna-thmb.jpg","width":300,"height":200},{"@type":"BreadcrumbList","@id":"https:\/\/filles-de-la-charite.org\/pt-pt\/mia-missionario-da-mulher-consagrada-usmi-diocese-de-sassari-sardenha-2\/#breadcrumb","itemListElement":[{"@type":"ListItem","position":1,"name":"San Vincenzo &#8211; Italia","item":"https:\/\/filles-de-la-charite.org\/pt-pt\/category\/san-vincenzo-italia-pt-pt\/"},{"@type":"ListItem","position":2,"name":"Mia mission\u00e1rio da mulher consagrada, USMI diocese de Sassari, Sardenha"}]},{"@type":"WebSite","@id":"https:\/\/filles-de-la-charite.org\/pt-pt\/#website","url":"https:\/\/filles-de-la-charite.org\/pt-pt\/","name":"Hijas de la Caridad","description":"L\u2019amour de J\u00e9sus nous presse \u00e0 prendre soin des personnes les plus d\u00e9munies","publisher":{"@id":"https:\/\/filles-de-la-charite.org\/pt-pt\/#organization"},"potentialAction":[{"@type":"SearchAction","target":{"@type":"EntryPoint","urlTemplate":"https:\/\/filles-de-la-charite.org\/pt-pt\/?s={search_term_string}"},"query-input":{"@type":"PropertyValueSpecification","valueRequired":true,"valueName":"search_term_string"}}],"inLanguage":"pt-PT"},{"@type":"Organization","@id":"https:\/\/filles-de-la-charite.org\/pt-pt\/#organization","name":"Hijas de la Caridad","url":"https:\/\/filles-de-la-charite.org\/pt-pt\/","logo":{"@type":"ImageObject","inLanguage":"pt-PT","@id":"https:\/\/filles-de-la-charite.org\/pt-pt\/#\/schema\/logo\/image\/","url":"https:\/\/filles-de-la-charite.org\/wp-content\/uploads\/2023\/03\/isotipo-Hijas-de-la-Caridad.png","contentUrl":"https:\/\/filles-de-la-charite.org\/wp-content\/uploads\/2023\/03\/isotipo-Hijas-de-la-Caridad.png","width":1417,"height":1417,"caption":"Hijas de la Caridad"},"image":{"@id":"https:\/\/filles-de-la-charite.org\/pt-pt\/#\/schema\/logo\/image\/"}},{"@type":"Person","@id":"https:\/\/filles-de-la-charite.org\/pt-pt\/#\/schema\/person\/427567b2eccfc2dd7d206da186a1f438","name":"admin","image":{"@type":"ImageObject","inLanguage":"pt-PT","@id":"https:\/\/secure.gravatar.com\/avatar\/948b492cce32b586ac2db0eaa926ee87024f7afe218d73b397ea5ddfc5f43ea1?s=96&d=mm&r=g","url":"https:\/\/secure.gravatar.com\/avatar\/948b492cce32b586ac2db0eaa926ee87024f7afe218d73b397ea5ddfc5f43ea1?s=96&d=mm&r=g","contentUrl":"https:\/\/secure.gravatar.com\/avatar\/948b492cce32b586ac2db0eaa926ee87024f7afe218d73b397ea5ddfc5f43ea1?s=96&d=mm&r=g","caption":"admin"},"sameAs":["https:\/\/filles-de-la-charite.org"],"url":"https:\/\/filles-de-la-charite.org\/pt-pt\/author\/caridad\/"}]}},"_links":{"self":[{"href":"https:\/\/filles-de-la-charite.org\/pt-pt\/wp-json\/wp\/v2\/posts\/25155","targetHints":{"allow":["GET"]}}],"collection":[{"href":"https:\/\/filles-de-la-charite.org\/pt-pt\/wp-json\/wp\/v2\/posts"}],"about":[{"href":"https:\/\/filles-de-la-charite.org\/pt-pt\/wp-json\/wp\/v2\/types\/post"}],"author":[{"embeddable":true,"href":"https:\/\/filles-de-la-charite.org\/pt-pt\/wp-json\/wp\/v2\/users\/1"}],"replies":[{"embeddable":true,"href":"https:\/\/filles-de-la-charite.org\/pt-pt\/wp-json\/wp\/v2\/comments?post=25155"}],"version-history":[{"count":1,"href":"https:\/\/filles-de-la-charite.org\/pt-pt\/wp-json\/wp\/v2\/posts\/25155\/revisions"}],"predecessor-version":[{"id":25156,"href":"https:\/\/filles-de-la-charite.org\/pt-pt\/wp-json\/wp\/v2\/posts\/25155\/revisions\/25156"}],"wp:featuredmedia":[{"embeddable":true,"href":"https:\/\/filles-de-la-charite.org\/pt-pt\/wp-json\/wp\/v2\/media\/14691"}],"wp:attachment":[{"href":"https:\/\/filles-de-la-charite.org\/pt-pt\/wp-json\/wp\/v2\/media?parent=25155"}],"wp:term":[{"taxonomy":"category","embeddable":true,"href":"https:\/\/filles-de-la-charite.org\/pt-pt\/wp-json\/wp\/v2\/categories?post=25155"},{"taxonomy":"post_tag","embeddable":true,"href":"https:\/\/filles-de-la-charite.org\/pt-pt\/wp-json\/wp\/v2\/tags?post=25155"}],"curies":[{"name":"wp","href":"https:\/\/api.w.org\/{rel}","templated":true}]}}