{"id":25157,"date":"2020-04-30T21:48:25","date_gmt":"2020-04-30T19:48:25","guid":{"rendered":"https:\/\/hijascaridad.sjdigitaldemo.ovh\/porque-tive-fome-e-me-destes-de-comer-2\/"},"modified":"2024-03-17T18:52:35","modified_gmt":"2024-03-17T17:52:35","slug":"porque-tive-fome-e-me-destes-de-comer-2","status":"publish","type":"post","link":"https:\/\/filles-de-la-charite.org\/pt-pt\/porque-tive-fome-e-me-destes-de-comer-2\/","title":{"rendered":"Porque tive fome e me destes de comer"},"content":{"rendered":"\n<p>Sob esta passagem b\u00edblica quero partilhar convosco a miss\u00e3o que as Filhas da Caridade da Prov\u00edncia da Milagrosa Bogot\u00e1 - Venezuela est\u00e3o a fazer neste tempo de quarentena e de pandemia mundial.<\/p>\n\n\n\n<p>Mais de 250 pessoas de rua chegam todos os dias ao Centro Ambulat\u00f3rio Medalha Milagrosa, sob a orienta\u00e7\u00e3o da Irm\u00e3 Nohem\u00ed S\u00e1nchez F.C., precisamente ao meio-dia para receber o almo\u00e7o, talvez a \u00fanica refei\u00e7\u00e3o do dia. S\u00e3o seres humanos com fome, sem recursos, sem teto, abrigados sob o manto da miseric\u00f3rdia de Deus, dos benfeitores e das Filhas da Caridade.<\/p>\n\n\n\n<div class=\"wp-block-image\"><figure class=\"alignright\"><img decoding=\"async\" src=\"https:\/\/filles-de-la-charite.org\/wp-content\/uploads\/2023\/06\/0430-LaMilagrosa-3-300x200.jpg\" alt=\"\" class=\"wp-image-40832\" \/><\/figure><\/div>\n\n\n\n<p>H\u00e1 muitos benfeitores que se juntaram a esta luta para conseguir comida para estes nossos irm\u00e3os e irm\u00e3s na rua. Todos os dias Deus convida as pessoas a ajudar a aliviar a fome destes homens e mulheres que vivem na rua. J\u00e1 a Fam\u00edlia Vicentina liderada pelo Padre Toma' Mavri\u010d, C.M. deu o primeiro passo convidando os Conselhos Nacionais a organizar a caridade em favor dos mais insignificantes para a sociedade de hoje, sobeste lema \"Na Fam\u00edlia Vicentina continuaremos a globalizar a caridade e n\u00e3o a indiferen\u00e7a\".<\/p>\n\n\n\n<p>H\u00e1 muitas m\u00e3os que ajudam neste trabalho di\u00e1rio, a Irm\u00e3 Cecilia Triana, F.C. a nossa Visitadora Provincial, juntamente com o Padre Diretor \u00c1lvaro Mauricio Fernandez C.M., um grupo de Filhas da Caridade e as jovens postulantes, ajudam a atenuar a fome da popula\u00e7\u00e3o de rua.<\/p>\n\n\n\n<div class=\"wp-block-image\"><figure class=\"aligncenter\"><img decoding=\"async\" src=\"https:\/\/filles-de-la-charite.org\/wp-content\/uploads\/2023\/06\/0430-LaMilagrosa-1.jpg\" alt=\"\" class=\"wp-image-40830\" \/><\/figure><\/div>\n\n\n\n<p>Mas os nossos irm\u00e3os de rua tamb\u00e9m t\u00eam uma miss\u00e3o, serem os propagadores da Medalha Milagrosa, por essa raz\u00e3o, foram encarregados de ajudar a distribuir a Medalha nas ruas de Bogot\u00e1, esta miss\u00e3o tem dois objetivos importantes, pedir a prote\u00e7\u00e3o da Virgem Milagrosa para a Col\u00f4mbia e o mundo inteiro e procurar estrat\u00e9gias para que mais pessoas conhe\u00e7am a Nossa M\u00e3e, a Virgem da Medalha Milagrosa; aqui todos trabalham, as nossas irm\u00e3s mais velhas est\u00e3o encarregadas de organizar as medalhas que os habitantes de rua levar\u00e3o para todos os cantos da capital.<\/p>\n\n\n\n<div class=\"wp-block-image\"><figure class=\"aligncenter\"><img decoding=\"async\" src=\"https:\/\/filles-de-la-charite.org\/wp-content\/uploads\/2023\/06\/0430-LaMilagrosa-2.jpg\" alt=\"\" class=\"wp-image-40831\" \/><\/figure><\/div>\n\n\n\n<p>Gra\u00e7as a Deus por este trabalho que as Filhas da Caridade fazem em favor dos mais pobres.<\/p>\n\n\n\n<p class=\"has-text-align-right\"><em>Irm\u00e3 Sandra Emilce Vivas Ram\u00edrez, H.C.<\/em><\/p>\n","protected":false},"excerpt":{"rendered":"<p>Sob esta passagem b\u00edblica quero partilhar convosco a miss\u00e3o que as Filhas da Caridade da Prov\u00edncia da Milagrosa Bogot\u00e1 &#8211; Venezuela est\u00e3o a fazer neste tempo de quarentena e de pandemia mundial. Mais de 250 pessoas de rua chegam todos os dias ao Centro Ambulat\u00f3rio Medalha Milagrosa, sob a orienta\u00e7\u00e3o da Irm\u00e3 Nohem\u00ed S\u00e1nchez F.C., [&hellip;]<\/p>\n","protected":false},"author":1,"featured_media":14717,"comment_status":"closed","ping_status":"closed","sticky":false,"template":"","format":"standard","meta":{"_acf_changed":false,"footnotes":"","_links_to":"","_links_to_target":""},"categories":[618],"tags":[],"class_list":["post-25157","post","type-post","status-publish","format-standard","has-post-thumbnail","hentry","category-la-milagrosa-venezuela-pt-pt"],"acf":[],"yoast_head":"<!-- This site is optimized with the Yoast SEO plugin v27.5 - https:\/\/yoast.com\/product\/yoast-seo-wordpress\/ -->\n<title>Porque tive fome e me destes de comer - Filles de la Charit\u00e9<\/title>\n<meta name=\"robots\" content=\"index, follow, max-snippet:-1, max-image-preview:large, max-video-preview:-1\" \/>\n<link rel=\"canonical\" href=\"https:\/\/filles-de-la-charite.org\/pt-pt\/porque-tive-fome-e-me-destes-de-comer-2\/\" \/>\n<meta property=\"og:locale\" content=\"pt_PT\" \/>\n<meta property=\"og:type\" content=\"article\" \/>\n<meta property=\"og:title\" content=\"Porque tive fome e me destes de comer - Filles de la Charit\u00e9\" \/>\n<meta property=\"og:description\" content=\"Sob esta passagem b\u00edblica quero partilhar convosco a miss\u00e3o que as Filhas da Caridade da Prov\u00edncia da Milagrosa Bogot\u00e1 &#8211; Venezuela est\u00e3o a fazer neste tempo de quarentena e de pandemia mundial. Mais de 250 pessoas de rua chegam todos os dias ao Centro Ambulat\u00f3rio Medalha Milagrosa, sob a orienta\u00e7\u00e3o da Irm\u00e3 Nohem\u00ed S\u00e1nchez F.C., [&hellip;]\" \/>\n<meta property=\"og:url\" content=\"https:\/\/filles-de-la-charite.org\/pt-pt\/porque-tive-fome-e-me-destes-de-comer-2\/\" \/>\n<meta property=\"og:site_name\" content=\"Filles de la Charit\u00e9\" \/>\n<meta property=\"article:published_time\" content=\"2020-04-30T19:48:25+00:00\" \/>\n<meta property=\"article:modified_time\" content=\"2024-03-17T17:52:35+00:00\" \/>\n<meta property=\"og:image\" content=\"https:\/\/filles-de-la-charite.org\/wp-content\/uploads\/2023\/06\/0430-LaMilagrosa-thmb.jpg\" \/>\n\t<meta property=\"og:image:width\" content=\"400\" \/>\n\t<meta property=\"og:image:height\" content=\"267\" \/>\n\t<meta property=\"og:image:type\" content=\"image\/jpeg\" \/>\n<meta name=\"author\" content=\"admin\" \/>\n<meta name=\"twitter:card\" content=\"summary_large_image\" \/>\n<meta name=\"twitter:label1\" content=\"Escrito por\" \/>\n\t<meta name=\"twitter:data1\" content=\"admin\" \/>\n\t<meta name=\"twitter:label2\" content=\"Tempo estimado de leitura\" \/>\n\t<meta name=\"twitter:data2\" content=\"2 minutos\" \/>\n<script type=\"application\/ld+json\" class=\"yoast-schema-graph\">{\"@context\":\"https:\\\/\\\/schema.org\",\"@graph\":[{\"@type\":\"Article\",\"@id\":\"https:\\\/\\\/filles-de-la-charite.org\\\/pt-pt\\\/porque-tive-fome-e-me-destes-de-comer-2\\\/#article\",\"isPartOf\":{\"@id\":\"https:\\\/\\\/filles-de-la-charite.org\\\/pt-pt\\\/porque-tive-fome-e-me-destes-de-comer-2\\\/\"},\"author\":{\"name\":\"admin\",\"@id\":\"https:\\\/\\\/filles-de-la-charite.org\\\/pt-pt\\\/#\\\/schema\\\/person\\\/427567b2eccfc2dd7d206da186a1f438\"},\"headline\":\"Porque tive fome e me destes de comer\",\"datePublished\":\"2020-04-30T19:48:25+00:00\",\"dateModified\":\"2024-03-17T17:52:35+00:00\",\"mainEntityOfPage\":{\"@id\":\"https:\\\/\\\/filles-de-la-charite.org\\\/pt-pt\\\/porque-tive-fome-e-me-destes-de-comer-2\\\/\"},\"wordCount\":387,\"publisher\":{\"@id\":\"https:\\\/\\\/filles-de-la-charite.org\\\/pt-pt\\\/#organization\"},\"image\":{\"@id\":\"https:\\\/\\\/filles-de-la-charite.org\\\/pt-pt\\\/porque-tive-fome-e-me-destes-de-comer-2\\\/#primaryimage\"},\"thumbnailUrl\":\"https:\\\/\\\/filles-de-la-charite.org\\\/wp-content\\\/uploads\\\/2023\\\/06\\\/0430-LaMilagrosa-thmb.jpg\",\"articleSection\":[\"La Milagrosa - Venezuela\"],\"inLanguage\":\"pt-PT\"},{\"@type\":\"WebPage\",\"@id\":\"https:\\\/\\\/filles-de-la-charite.org\\\/pt-pt\\\/porque-tive-fome-e-me-destes-de-comer-2\\\/\",\"url\":\"https:\\\/\\\/filles-de-la-charite.org\\\/pt-pt\\\/porque-tive-fome-e-me-destes-de-comer-2\\\/\",\"name\":\"Porque tive fome e me destes de comer - Filles de la Charit\u00e9\",\"isPartOf\":{\"@id\":\"https:\\\/\\\/filles-de-la-charite.org\\\/pt-pt\\\/#website\"},\"primaryImageOfPage\":{\"@id\":\"https:\\\/\\\/filles-de-la-charite.org\\\/pt-pt\\\/porque-tive-fome-e-me-destes-de-comer-2\\\/#primaryimage\"},\"image\":{\"@id\":\"https:\\\/\\\/filles-de-la-charite.org\\\/pt-pt\\\/porque-tive-fome-e-me-destes-de-comer-2\\\/#primaryimage\"},\"thumbnailUrl\":\"https:\\\/\\\/filles-de-la-charite.org\\\/wp-content\\\/uploads\\\/2023\\\/06\\\/0430-LaMilagrosa-thmb.jpg\",\"datePublished\":\"2020-04-30T19:48:25+00:00\",\"dateModified\":\"2024-03-17T17:52:35+00:00\",\"breadcrumb\":{\"@id\":\"https:\\\/\\\/filles-de-la-charite.org\\\/pt-pt\\\/porque-tive-fome-e-me-destes-de-comer-2\\\/#breadcrumb\"},\"inLanguage\":\"pt-PT\",\"potentialAction\":[{\"@type\":\"ReadAction\",\"target\":[\"https:\\\/\\\/filles-de-la-charite.org\\\/pt-pt\\\/porque-tive-fome-e-me-destes-de-comer-2\\\/\"]}]},{\"@type\":\"ImageObject\",\"inLanguage\":\"pt-PT\",\"@id\":\"https:\\\/\\\/filles-de-la-charite.org\\\/pt-pt\\\/porque-tive-fome-e-me-destes-de-comer-2\\\/#primaryimage\",\"url\":\"https:\\\/\\\/filles-de-la-charite.org\\\/wp-content\\\/uploads\\\/2023\\\/06\\\/0430-LaMilagrosa-thmb.jpg\",\"contentUrl\":\"https:\\\/\\\/filles-de-la-charite.org\\\/wp-content\\\/uploads\\\/2023\\\/06\\\/0430-LaMilagrosa-thmb.jpg\",\"width\":400,\"height\":267},{\"@type\":\"BreadcrumbList\",\"@id\":\"https:\\\/\\\/filles-de-la-charite.org\\\/pt-pt\\\/porque-tive-fome-e-me-destes-de-comer-2\\\/#breadcrumb\",\"itemListElement\":[{\"@type\":\"ListItem\",\"position\":1,\"name\":\"La Milagrosa - Venezuela\",\"item\":\"https:\\\/\\\/filles-de-la-charite.org\\\/pt-pt\\\/category\\\/la-milagrosa-venezuela-pt-pt\\\/\"},{\"@type\":\"ListItem\",\"position\":2,\"name\":\"Porque tive fome e me destes de comer\"}]},{\"@type\":\"WebSite\",\"@id\":\"https:\\\/\\\/filles-de-la-charite.org\\\/pt-pt\\\/#website\",\"url\":\"https:\\\/\\\/filles-de-la-charite.org\\\/pt-pt\\\/\",\"name\":\"Hijas de la Caridad\",\"description\":\"L\u2019amour de J\u00e9sus nous presse \u00e0 prendre soin des personnes les plus d\u00e9munies\",\"publisher\":{\"@id\":\"https:\\\/\\\/filles-de-la-charite.org\\\/pt-pt\\\/#organization\"},\"potentialAction\":[{\"@type\":\"SearchAction\",\"target\":{\"@type\":\"EntryPoint\",\"urlTemplate\":\"https:\\\/\\\/filles-de-la-charite.org\\\/pt-pt\\\/?s={search_term_string}\"},\"query-input\":{\"@type\":\"PropertyValueSpecification\",\"valueRequired\":true,\"valueName\":\"search_term_string\"}}],\"inLanguage\":\"pt-PT\"},{\"@type\":\"Organization\",\"@id\":\"https:\\\/\\\/filles-de-la-charite.org\\\/pt-pt\\\/#organization\",\"name\":\"Hijas de la Caridad\",\"url\":\"https:\\\/\\\/filles-de-la-charite.org\\\/pt-pt\\\/\",\"logo\":{\"@type\":\"ImageObject\",\"inLanguage\":\"pt-PT\",\"@id\":\"https:\\\/\\\/filles-de-la-charite.org\\\/pt-pt\\\/#\\\/schema\\\/logo\\\/image\\\/\",\"url\":\"https:\\\/\\\/filles-de-la-charite.org\\\/wp-content\\\/uploads\\\/2023\\\/03\\\/isotipo-Hijas-de-la-Caridad.png\",\"contentUrl\":\"https:\\\/\\\/filles-de-la-charite.org\\\/wp-content\\\/uploads\\\/2023\\\/03\\\/isotipo-Hijas-de-la-Caridad.png\",\"width\":1417,\"height\":1417,\"caption\":\"Hijas de la Caridad\"},\"image\":{\"@id\":\"https:\\\/\\\/filles-de-la-charite.org\\\/pt-pt\\\/#\\\/schema\\\/logo\\\/image\\\/\"}},{\"@type\":\"Person\",\"@id\":\"https:\\\/\\\/filles-de-la-charite.org\\\/pt-pt\\\/#\\\/schema\\\/person\\\/427567b2eccfc2dd7d206da186a1f438\",\"name\":\"admin\",\"image\":{\"@type\":\"ImageObject\",\"inLanguage\":\"pt-PT\",\"@id\":\"https:\\\/\\\/secure.gravatar.com\\\/avatar\\\/948b492cce32b586ac2db0eaa926ee87024f7afe218d73b397ea5ddfc5f43ea1?s=96&d=mm&r=g\",\"url\":\"https:\\\/\\\/secure.gravatar.com\\\/avatar\\\/948b492cce32b586ac2db0eaa926ee87024f7afe218d73b397ea5ddfc5f43ea1?s=96&d=mm&r=g\",\"contentUrl\":\"https:\\\/\\\/secure.gravatar.com\\\/avatar\\\/948b492cce32b586ac2db0eaa926ee87024f7afe218d73b397ea5ddfc5f43ea1?s=96&d=mm&r=g\",\"caption\":\"admin\"},\"sameAs\":[\"https:\\\/\\\/filles-de-la-charite.org\"],\"url\":\"https:\\\/\\\/filles-de-la-charite.org\\\/pt-pt\\\/author\\\/caridad\\\/\"}]}<\/script>\n<!-- \/ Yoast SEO plugin. -->","yoast_head_json":{"title":"Porque tive fome e me destes de comer - Filles de la Charit\u00e9","robots":{"index":"index","follow":"follow","max-snippet":"max-snippet:-1","max-image-preview":"max-image-preview:large","max-video-preview":"max-video-preview:-1"},"canonical":"https:\/\/filles-de-la-charite.org\/pt-pt\/porque-tive-fome-e-me-destes-de-comer-2\/","og_locale":"pt_PT","og_type":"article","og_title":"Porque tive fome e me destes de comer - Filles de la Charit\u00e9","og_description":"Sob esta passagem b\u00edblica quero partilhar convosco a miss\u00e3o que as Filhas da Caridade da Prov\u00edncia da Milagrosa Bogot\u00e1 &#8211; Venezuela est\u00e3o a fazer neste tempo de quarentena e de pandemia mundial. Mais de 250 pessoas de rua chegam todos os dias ao Centro Ambulat\u00f3rio Medalha Milagrosa, sob a orienta\u00e7\u00e3o da Irm\u00e3 Nohem\u00ed S\u00e1nchez F.C., [&hellip;]","og_url":"https:\/\/filles-de-la-charite.org\/pt-pt\/porque-tive-fome-e-me-destes-de-comer-2\/","og_site_name":"Filles de la Charit\u00e9","article_published_time":"2020-04-30T19:48:25+00:00","article_modified_time":"2024-03-17T17:52:35+00:00","og_image":[{"width":400,"height":267,"url":"https:\/\/filles-de-la-charite.org\/wp-content\/uploads\/2023\/06\/0430-LaMilagrosa-thmb.jpg","type":"image\/jpeg"}],"author":"admin","twitter_card":"summary_large_image","twitter_misc":{"Escrito por":"admin","Tempo estimado de leitura":"2 minutos"},"schema":{"@context":"https:\/\/schema.org","@graph":[{"@type":"Article","@id":"https:\/\/filles-de-la-charite.org\/pt-pt\/porque-tive-fome-e-me-destes-de-comer-2\/#article","isPartOf":{"@id":"https:\/\/filles-de-la-charite.org\/pt-pt\/porque-tive-fome-e-me-destes-de-comer-2\/"},"author":{"name":"admin","@id":"https:\/\/filles-de-la-charite.org\/pt-pt\/#\/schema\/person\/427567b2eccfc2dd7d206da186a1f438"},"headline":"Porque tive fome e me destes de comer","datePublished":"2020-04-30T19:48:25+00:00","dateModified":"2024-03-17T17:52:35+00:00","mainEntityOfPage":{"@id":"https:\/\/filles-de-la-charite.org\/pt-pt\/porque-tive-fome-e-me-destes-de-comer-2\/"},"wordCount":387,"publisher":{"@id":"https:\/\/filles-de-la-charite.org\/pt-pt\/#organization"},"image":{"@id":"https:\/\/filles-de-la-charite.org\/pt-pt\/porque-tive-fome-e-me-destes-de-comer-2\/#primaryimage"},"thumbnailUrl":"https:\/\/filles-de-la-charite.org\/wp-content\/uploads\/2023\/06\/0430-LaMilagrosa-thmb.jpg","articleSection":["La Milagrosa - Venezuela"],"inLanguage":"pt-PT"},{"@type":"WebPage","@id":"https:\/\/filles-de-la-charite.org\/pt-pt\/porque-tive-fome-e-me-destes-de-comer-2\/","url":"https:\/\/filles-de-la-charite.org\/pt-pt\/porque-tive-fome-e-me-destes-de-comer-2\/","name":"Porque tive fome e me destes de comer - Filles de la Charit\u00e9","isPartOf":{"@id":"https:\/\/filles-de-la-charite.org\/pt-pt\/#website"},"primaryImageOfPage":{"@id":"https:\/\/filles-de-la-charite.org\/pt-pt\/porque-tive-fome-e-me-destes-de-comer-2\/#primaryimage"},"image":{"@id":"https:\/\/filles-de-la-charite.org\/pt-pt\/porque-tive-fome-e-me-destes-de-comer-2\/#primaryimage"},"thumbnailUrl":"https:\/\/filles-de-la-charite.org\/wp-content\/uploads\/2023\/06\/0430-LaMilagrosa-thmb.jpg","datePublished":"2020-04-30T19:48:25+00:00","dateModified":"2024-03-17T17:52:35+00:00","breadcrumb":{"@id":"https:\/\/filles-de-la-charite.org\/pt-pt\/porque-tive-fome-e-me-destes-de-comer-2\/#breadcrumb"},"inLanguage":"pt-PT","potentialAction":[{"@type":"ReadAction","target":["https:\/\/filles-de-la-charite.org\/pt-pt\/porque-tive-fome-e-me-destes-de-comer-2\/"]}]},{"@type":"ImageObject","inLanguage":"pt-PT","@id":"https:\/\/filles-de-la-charite.org\/pt-pt\/porque-tive-fome-e-me-destes-de-comer-2\/#primaryimage","url":"https:\/\/filles-de-la-charite.org\/wp-content\/uploads\/2023\/06\/0430-LaMilagrosa-thmb.jpg","contentUrl":"https:\/\/filles-de-la-charite.org\/wp-content\/uploads\/2023\/06\/0430-LaMilagrosa-thmb.jpg","width":400,"height":267},{"@type":"BreadcrumbList","@id":"https:\/\/filles-de-la-charite.org\/pt-pt\/porque-tive-fome-e-me-destes-de-comer-2\/#breadcrumb","itemListElement":[{"@type":"ListItem","position":1,"name":"La Milagrosa - Venezuela","item":"https:\/\/filles-de-la-charite.org\/pt-pt\/category\/la-milagrosa-venezuela-pt-pt\/"},{"@type":"ListItem","position":2,"name":"Porque tive fome e me destes de comer"}]},{"@type":"WebSite","@id":"https:\/\/filles-de-la-charite.org\/pt-pt\/#website","url":"https:\/\/filles-de-la-charite.org\/pt-pt\/","name":"Hijas de la Caridad","description":"L\u2019amour de J\u00e9sus nous presse \u00e0 prendre soin des personnes les plus d\u00e9munies","publisher":{"@id":"https:\/\/filles-de-la-charite.org\/pt-pt\/#organization"},"potentialAction":[{"@type":"SearchAction","target":{"@type":"EntryPoint","urlTemplate":"https:\/\/filles-de-la-charite.org\/pt-pt\/?s={search_term_string}"},"query-input":{"@type":"PropertyValueSpecification","valueRequired":true,"valueName":"search_term_string"}}],"inLanguage":"pt-PT"},{"@type":"Organization","@id":"https:\/\/filles-de-la-charite.org\/pt-pt\/#organization","name":"Hijas de la Caridad","url":"https:\/\/filles-de-la-charite.org\/pt-pt\/","logo":{"@type":"ImageObject","inLanguage":"pt-PT","@id":"https:\/\/filles-de-la-charite.org\/pt-pt\/#\/schema\/logo\/image\/","url":"https:\/\/filles-de-la-charite.org\/wp-content\/uploads\/2023\/03\/isotipo-Hijas-de-la-Caridad.png","contentUrl":"https:\/\/filles-de-la-charite.org\/wp-content\/uploads\/2023\/03\/isotipo-Hijas-de-la-Caridad.png","width":1417,"height":1417,"caption":"Hijas de la Caridad"},"image":{"@id":"https:\/\/filles-de-la-charite.org\/pt-pt\/#\/schema\/logo\/image\/"}},{"@type":"Person","@id":"https:\/\/filles-de-la-charite.org\/pt-pt\/#\/schema\/person\/427567b2eccfc2dd7d206da186a1f438","name":"admin","image":{"@type":"ImageObject","inLanguage":"pt-PT","@id":"https:\/\/secure.gravatar.com\/avatar\/948b492cce32b586ac2db0eaa926ee87024f7afe218d73b397ea5ddfc5f43ea1?s=96&d=mm&r=g","url":"https:\/\/secure.gravatar.com\/avatar\/948b492cce32b586ac2db0eaa926ee87024f7afe218d73b397ea5ddfc5f43ea1?s=96&d=mm&r=g","contentUrl":"https:\/\/secure.gravatar.com\/avatar\/948b492cce32b586ac2db0eaa926ee87024f7afe218d73b397ea5ddfc5f43ea1?s=96&d=mm&r=g","caption":"admin"},"sameAs":["https:\/\/filles-de-la-charite.org"],"url":"https:\/\/filles-de-la-charite.org\/pt-pt\/author\/caridad\/"}]}},"_links":{"self":[{"href":"https:\/\/filles-de-la-charite.org\/pt-pt\/wp-json\/wp\/v2\/posts\/25157","targetHints":{"allow":["GET"]}}],"collection":[{"href":"https:\/\/filles-de-la-charite.org\/pt-pt\/wp-json\/wp\/v2\/posts"}],"about":[{"href":"https:\/\/filles-de-la-charite.org\/pt-pt\/wp-json\/wp\/v2\/types\/post"}],"author":[{"embeddable":true,"href":"https:\/\/filles-de-la-charite.org\/pt-pt\/wp-json\/wp\/v2\/users\/1"}],"replies":[{"embeddable":true,"href":"https:\/\/filles-de-la-charite.org\/pt-pt\/wp-json\/wp\/v2\/comments?post=25157"}],"version-history":[{"count":1,"href":"https:\/\/filles-de-la-charite.org\/pt-pt\/wp-json\/wp\/v2\/posts\/25157\/revisions"}],"predecessor-version":[{"id":25158,"href":"https:\/\/filles-de-la-charite.org\/pt-pt\/wp-json\/wp\/v2\/posts\/25157\/revisions\/25158"}],"wp:featuredmedia":[{"embeddable":true,"href":"https:\/\/filles-de-la-charite.org\/pt-pt\/wp-json\/wp\/v2\/media\/14717"}],"wp:attachment":[{"href":"https:\/\/filles-de-la-charite.org\/pt-pt\/wp-json\/wp\/v2\/media?parent=25157"}],"wp:term":[{"taxonomy":"category","embeddable":true,"href":"https:\/\/filles-de-la-charite.org\/pt-pt\/wp-json\/wp\/v2\/categories?post=25157"},{"taxonomy":"post_tag","embeddable":true,"href":"https:\/\/filles-de-la-charite.org\/pt-pt\/wp-json\/wp\/v2\/tags?post=25157"}],"curies":[{"name":"wp","href":"https:\/\/api.w.org\/{rel}","templated":true}]}}