{"id":25160,"date":"2020-05-17T21:38:03","date_gmt":"2020-05-17T19:38:03","guid":{"rendered":"https:\/\/hijascaridad.sjdigitaldemo.ovh\/tempo-de-recordar-e-implementar-o-laudato-si-no-seu-5o-aniversario-2\/"},"modified":"2024-03-17T18:29:28","modified_gmt":"2024-03-17T17:29:28","slug":"tempo-de-recordar-e-implementar-o-laudato-si-no-seu-5o-aniversario-2","status":"publish","type":"post","link":"https:\/\/filles-de-la-charite.org\/pt-pt\/tempo-de-recordar-e-implementar-o-laudato-si-no-seu-5o-aniversario-2\/","title":{"rendered":"Tempo de recordar e implementar o laudato si\u2019- no seu 5\u00ba anivers\u00e1rio"},"content":{"rendered":"\n<p>A terra, a nossa casa comum, est\u00e1 a sofrer. O mau uso, frequentemente por falta de apre\u00e7o e aten\u00e7\u00e3o, levou-nos a procurar lucro em vez de cuidarmos da terra de Deus, o nosso dom mais precioso. Partimos do princ\u00edpio que a nossa casa comum, nas palavras do Papa Francisco, &#8220;parece cada vez mais uma imensa pilha de sujidade&#8221; (n\u00ba 20). O dia 24 de Maio deste ano marca o quinto anivers\u00e1rio da publica\u00e7\u00e3o de Laudato Si&#8221;. Esta enc\u00edclica contribuiu consideravelmente para a doutrina social da Igreja &#8220;sobre os cuidados da nossa casa comum&#8221;. Jeffery Sachs chamou-lhe &#8220;um grande e oportuno presente para a humanidade&#8221; <em>(Sachs, Jeffery D, in America Magazine 06.07.2015)<\/em>e o Papa Francisco apelou a uma resposta r\u00e1pida e abrangente. Infelizmente, a nossa resposta durante estes cinco anos n\u00e3o tem sido r\u00e1pida nem global. Certamente, agora, quando enfrentamos as restri\u00e7\u00f5es impostas pelo Covid-19 e os frequentes lembretes de que podemos esperar um mundo muito diferente, \u00e9 a oportunidade de &#8220;procurar um novo come\u00e7o&#8221; e fomentar uma cultura de cuidado com a terra. Isto implica, acima de tudo, responder aos gritos das pessoas que lutam contra a pobreza devido \u00e0 economia global.<\/p>\n\n\n\n<p>Laudato Si &#8220;\u00e9 uma leitura longa mas gratificante. A primeira parte descreve como e porqu\u00ea a nossa terra e a maior parte da sua popula\u00e7\u00e3o est\u00e3o a sofrer. O seu conte\u00fado \u00e9 apoiado pela ci\u00eancia moderna, o que d\u00e1 credibilidade ao debate. Depois de descrever o sofrimento da &#8220;nossa casa comum&#8221;, o Papa encoraja-nos a reconhecer e a assumir a responsabilidade pela nossa participa\u00e7\u00e3o na causa deste sofrimento. Em conclus\u00e3o, a enc\u00edclica apresenta a &#8220;ecologia integral&#8221; (225) como uma forma de enfatizar o lugar \u00fanico do ser humano na cria\u00e7\u00e3o. Ao estar nesse lugar \u00fanico, o Papa Francisco desafia-nos a renovar o nosso modo de vida em harmonia com Deus, com os nossos semelhantes e com a natureza.<\/p>\n\n\n\n<p>Este tempo de &#8220;distanciamento social&#8221; proporciona-nos uma grande oportunidade para celebrar o anivers\u00e1rio do documento e &#8220;procurar um novo come\u00e7o&#8221;, adoptando alguns h\u00e1bitos sugeridos pelo Papa Francisco. Estas sugest\u00f5es t\u00eam a ver com: como alcan\u00e7ar a paz interior (227) e reavivar a pr\u00e1tica de &#8220;rezar a b\u00ean\u00e7\u00e3o antes das refei\u00e7\u00f5es&#8221; (227) como uma forma de se tornar mais consciente da comida como um presente de Deus. No par\u00e1grafo 206 recordamos que &#8220;comprar \u00e9 sempre um acto moral, n\u00e3o apenas econ\u00f3mico&#8221; e que &#8220;menos \u00e9 mais&#8221;, um valor apreciado em muitas tradi\u00e7\u00f5es religiosas. (222) Os par\u00e1grafos 228 e 231 proporcionam uma excelente discuss\u00e3o sobre o amor fraterno e social. Os temas aqui referidos destinam-se simplesmente a agu\u00e7ar o gosto e dar uma ideia dos muitos aspectos explorados em Laudato Si&#8221;. Trata-se talvez de um dos documentos mais acess\u00edveis e pr\u00e1ticos do Vaticano. Os guias e estudos da enc\u00edclica, dispon\u00edveis na web, sustentam que \u00e9 uma das leituras mais encorajadoras e ilustrativas. Vamos aproveit\u00e1-la!<\/p>\n\n\n\n<p><em>Irm\u00e3 Anna Byrne, Filha da Caridade, Capel\u00e3 do Col\u00e9gio Integral de Santa Lu\u00edsa, Belfast A Irm\u00e3 Anna v\u00ea este tempo como uma oportunidade valiosa para assegurar que Laudato Si&#8217; seja novamente visitado e posto em pr\u00e1tica.<\/em><\/p>\n","protected":false},"excerpt":{"rendered":"<p>A terra, a nossa casa comum, est\u00e1 a sofrer. O mau uso, frequentemente por falta de apre\u00e7o e aten\u00e7\u00e3o, levou-nos a procurar lucro em vez de cuidarmos da terra de Deus, o nosso dom mais precioso. Partimos do princ\u00edpio que a nossa casa comum, nas palavras do Papa Francisco, &#8220;parece cada vez mais uma imensa [&hellip;]<\/p>\n","protected":false},"author":1,"featured_media":14731,"comment_status":"closed","ping_status":"closed","sticky":false,"template":"","format":"standard","meta":{"_acf_changed":false,"_et_pb_use_builder":"","_et_pb_old_content":"","_et_gb_content_width":"","footnotes":"","_links_to":"","_links_to_target":""},"categories":[606],"tags":[],"class_list":["post-25160","post","type-post","status-publish","format-standard","has-post-thumbnail","hentry","category-irlanda-pt-pt"],"acf":[],"yoast_head":"<!-- This site is optimized with the Yoast SEO plugin v27.5 - https:\/\/yoast.com\/product\/yoast-seo-wordpress\/ -->\n<title>Tempo de recordar e implementar o laudato si\u2019- no seu 5\u00ba anivers\u00e1rio - Filles de la Charit\u00e9<\/title>\n<meta name=\"robots\" content=\"index, follow, max-snippet:-1, max-image-preview:large, max-video-preview:-1\" \/>\n<link rel=\"canonical\" href=\"https:\/\/filles-de-la-charite.org\/pt-pt\/tempo-de-recordar-e-implementar-o-laudato-si-no-seu-5o-aniversario-2\/\" \/>\n<meta property=\"og:locale\" content=\"pt_PT\" \/>\n<meta property=\"og:type\" content=\"article\" \/>\n<meta property=\"og:title\" content=\"Tempo de recordar e implementar o laudato si\u2019- no seu 5\u00ba anivers\u00e1rio - Filles de la Charit\u00e9\" \/>\n<meta property=\"og:description\" content=\"A terra, a nossa casa comum, est\u00e1 a sofrer. O mau uso, frequentemente por falta de apre\u00e7o e aten\u00e7\u00e3o, levou-nos a procurar lucro em vez de cuidarmos da terra de Deus, o nosso dom mais precioso. Partimos do princ\u00edpio que a nossa casa comum, nas palavras do Papa Francisco, &#8220;parece cada vez mais uma imensa [&hellip;]\" \/>\n<meta property=\"og:url\" content=\"https:\/\/filles-de-la-charite.org\/pt-pt\/tempo-de-recordar-e-implementar-o-laudato-si-no-seu-5o-aniversario-2\/\" \/>\n<meta property=\"og:site_name\" content=\"Filles de la Charit\u00e9\" \/>\n<meta property=\"article:published_time\" content=\"2020-05-17T19:38:03+00:00\" \/>\n<meta property=\"article:modified_time\" content=\"2024-03-17T17:29:28+00:00\" \/>\n<meta property=\"og:image\" content=\"https:\/\/filles-de-la-charite.org\/wp-content\/uploads\/2023\/06\/0517-LaudatoSi-FTD.jpg\" \/>\n\t<meta property=\"og:image:width\" content=\"1201\" \/>\n\t<meta property=\"og:image:height\" content=\"630\" \/>\n\t<meta property=\"og:image:type\" content=\"image\/jpeg\" \/>\n<meta name=\"author\" content=\"admin\" \/>\n<meta name=\"twitter:card\" content=\"summary_large_image\" \/>\n<meta name=\"twitter:label1\" content=\"Escrito por\" \/>\n\t<meta name=\"twitter:data1\" content=\"admin\" \/>\n\t<meta name=\"twitter:label2\" content=\"Tempo estimado de leitura\" \/>\n\t<meta name=\"twitter:data2\" content=\"3 minutos\" \/>\n<script type=\"application\/ld+json\" class=\"yoast-schema-graph\">{\"@context\":\"https:\\\/\\\/schema.org\",\"@graph\":[{\"@type\":\"Article\",\"@id\":\"https:\\\/\\\/filles-de-la-charite.org\\\/pt-pt\\\/tempo-de-recordar-e-implementar-o-laudato-si-no-seu-5o-aniversario-2\\\/#article\",\"isPartOf\":{\"@id\":\"https:\\\/\\\/filles-de-la-charite.org\\\/pt-pt\\\/tempo-de-recordar-e-implementar-o-laudato-si-no-seu-5o-aniversario-2\\\/\"},\"author\":{\"name\":\"admin\",\"@id\":\"https:\\\/\\\/filles-de-la-charite.org\\\/pt-pt\\\/#\\\/schema\\\/person\\\/427567b2eccfc2dd7d206da186a1f438\"},\"headline\":\"Tempo de recordar e implementar o laudato si\u2019- no seu 5\u00ba anivers\u00e1rio\",\"datePublished\":\"2020-05-17T19:38:03+00:00\",\"dateModified\":\"2024-03-17T17:29:28+00:00\",\"mainEntityOfPage\":{\"@id\":\"https:\\\/\\\/filles-de-la-charite.org\\\/pt-pt\\\/tempo-de-recordar-e-implementar-o-laudato-si-no-seu-5o-aniversario-2\\\/\"},\"wordCount\":549,\"publisher\":{\"@id\":\"https:\\\/\\\/filles-de-la-charite.org\\\/pt-pt\\\/#organization\"},\"image\":{\"@id\":\"https:\\\/\\\/filles-de-la-charite.org\\\/pt-pt\\\/tempo-de-recordar-e-implementar-o-laudato-si-no-seu-5o-aniversario-2\\\/#primaryimage\"},\"thumbnailUrl\":\"https:\\\/\\\/filles-de-la-charite.org\\\/wp-content\\\/uploads\\\/2023\\\/06\\\/0517-LaudatoSi-FTD.jpg\",\"articleSection\":[\"Irlanda\"],\"inLanguage\":\"pt-PT\"},{\"@type\":\"WebPage\",\"@id\":\"https:\\\/\\\/filles-de-la-charite.org\\\/pt-pt\\\/tempo-de-recordar-e-implementar-o-laudato-si-no-seu-5o-aniversario-2\\\/\",\"url\":\"https:\\\/\\\/filles-de-la-charite.org\\\/pt-pt\\\/tempo-de-recordar-e-implementar-o-laudato-si-no-seu-5o-aniversario-2\\\/\",\"name\":\"Tempo de recordar e implementar o laudato si\u2019- no seu 5\u00ba anivers\u00e1rio - Filles de la Charit\u00e9\",\"isPartOf\":{\"@id\":\"https:\\\/\\\/filles-de-la-charite.org\\\/pt-pt\\\/#website\"},\"primaryImageOfPage\":{\"@id\":\"https:\\\/\\\/filles-de-la-charite.org\\\/pt-pt\\\/tempo-de-recordar-e-implementar-o-laudato-si-no-seu-5o-aniversario-2\\\/#primaryimage\"},\"image\":{\"@id\":\"https:\\\/\\\/filles-de-la-charite.org\\\/pt-pt\\\/tempo-de-recordar-e-implementar-o-laudato-si-no-seu-5o-aniversario-2\\\/#primaryimage\"},\"thumbnailUrl\":\"https:\\\/\\\/filles-de-la-charite.org\\\/wp-content\\\/uploads\\\/2023\\\/06\\\/0517-LaudatoSi-FTD.jpg\",\"datePublished\":\"2020-05-17T19:38:03+00:00\",\"dateModified\":\"2024-03-17T17:29:28+00:00\",\"breadcrumb\":{\"@id\":\"https:\\\/\\\/filles-de-la-charite.org\\\/pt-pt\\\/tempo-de-recordar-e-implementar-o-laudato-si-no-seu-5o-aniversario-2\\\/#breadcrumb\"},\"inLanguage\":\"pt-PT\",\"potentialAction\":[{\"@type\":\"ReadAction\",\"target\":[\"https:\\\/\\\/filles-de-la-charite.org\\\/pt-pt\\\/tempo-de-recordar-e-implementar-o-laudato-si-no-seu-5o-aniversario-2\\\/\"]}]},{\"@type\":\"ImageObject\",\"inLanguage\":\"pt-PT\",\"@id\":\"https:\\\/\\\/filles-de-la-charite.org\\\/pt-pt\\\/tempo-de-recordar-e-implementar-o-laudato-si-no-seu-5o-aniversario-2\\\/#primaryimage\",\"url\":\"https:\\\/\\\/filles-de-la-charite.org\\\/wp-content\\\/uploads\\\/2023\\\/06\\\/0517-LaudatoSi-FTD.jpg\",\"contentUrl\":\"https:\\\/\\\/filles-de-la-charite.org\\\/wp-content\\\/uploads\\\/2023\\\/06\\\/0517-LaudatoSi-FTD.jpg\",\"width\":1201,\"height\":630},{\"@type\":\"BreadcrumbList\",\"@id\":\"https:\\\/\\\/filles-de-la-charite.org\\\/pt-pt\\\/tempo-de-recordar-e-implementar-o-laudato-si-no-seu-5o-aniversario-2\\\/#breadcrumb\",\"itemListElement\":[{\"@type\":\"ListItem\",\"position\":1,\"name\":\"Espa\u00f1a-Norte\",\"item\":\"https:\\\/\\\/filles-de-la-charite.org\\\/pt-pt\\\/category\\\/espana-norte-pt-pt\\\/\"},{\"@type\":\"ListItem\",\"position\":2,\"name\":\"Tempo de recordar e implementar o laudato si\u2019- no seu 5\u00ba anivers\u00e1rio\"}]},{\"@type\":\"WebSite\",\"@id\":\"https:\\\/\\\/filles-de-la-charite.org\\\/pt-pt\\\/#website\",\"url\":\"https:\\\/\\\/filles-de-la-charite.org\\\/pt-pt\\\/\",\"name\":\"Hijas de la Caridad\",\"description\":\"L\u2019amour de J\u00e9sus nous presse \u00e0 prendre soin des personnes les plus d\u00e9munies\",\"publisher\":{\"@id\":\"https:\\\/\\\/filles-de-la-charite.org\\\/pt-pt\\\/#organization\"},\"potentialAction\":[{\"@type\":\"SearchAction\",\"target\":{\"@type\":\"EntryPoint\",\"urlTemplate\":\"https:\\\/\\\/filles-de-la-charite.org\\\/pt-pt\\\/?s={search_term_string}\"},\"query-input\":{\"@type\":\"PropertyValueSpecification\",\"valueRequired\":true,\"valueName\":\"search_term_string\"}}],\"inLanguage\":\"pt-PT\"},{\"@type\":\"Organization\",\"@id\":\"https:\\\/\\\/filles-de-la-charite.org\\\/pt-pt\\\/#organization\",\"name\":\"Hijas de la Caridad\",\"url\":\"https:\\\/\\\/filles-de-la-charite.org\\\/pt-pt\\\/\",\"logo\":{\"@type\":\"ImageObject\",\"inLanguage\":\"pt-PT\",\"@id\":\"https:\\\/\\\/filles-de-la-charite.org\\\/pt-pt\\\/#\\\/schema\\\/logo\\\/image\\\/\",\"url\":\"https:\\\/\\\/filles-de-la-charite.org\\\/wp-content\\\/uploads\\\/2023\\\/03\\\/isotipo-Hijas-de-la-Caridad.png\",\"contentUrl\":\"https:\\\/\\\/filles-de-la-charite.org\\\/wp-content\\\/uploads\\\/2023\\\/03\\\/isotipo-Hijas-de-la-Caridad.png\",\"width\":1417,\"height\":1417,\"caption\":\"Hijas de la Caridad\"},\"image\":{\"@id\":\"https:\\\/\\\/filles-de-la-charite.org\\\/pt-pt\\\/#\\\/schema\\\/logo\\\/image\\\/\"}},{\"@type\":\"Person\",\"@id\":\"https:\\\/\\\/filles-de-la-charite.org\\\/pt-pt\\\/#\\\/schema\\\/person\\\/427567b2eccfc2dd7d206da186a1f438\",\"name\":\"admin\",\"image\":{\"@type\":\"ImageObject\",\"inLanguage\":\"pt-PT\",\"@id\":\"https:\\\/\\\/secure.gravatar.com\\\/avatar\\\/948b492cce32b586ac2db0eaa926ee87024f7afe218d73b397ea5ddfc5f43ea1?s=96&d=mm&r=g\",\"url\":\"https:\\\/\\\/secure.gravatar.com\\\/avatar\\\/948b492cce32b586ac2db0eaa926ee87024f7afe218d73b397ea5ddfc5f43ea1?s=96&d=mm&r=g\",\"contentUrl\":\"https:\\\/\\\/secure.gravatar.com\\\/avatar\\\/948b492cce32b586ac2db0eaa926ee87024f7afe218d73b397ea5ddfc5f43ea1?s=96&d=mm&r=g\",\"caption\":\"admin\"},\"sameAs\":[\"https:\\\/\\\/filles-de-la-charite.org\"],\"url\":\"https:\\\/\\\/filles-de-la-charite.org\\\/pt-pt\\\/author\\\/caridad\\\/\"}]}<\/script>\n<!-- \/ Yoast SEO plugin. -->","yoast_head_json":{"title":"Tempo de recordar e implementar o laudato si\u2019- no seu 5\u00ba anivers\u00e1rio - Filles de la Charit\u00e9","robots":{"index":"index","follow":"follow","max-snippet":"max-snippet:-1","max-image-preview":"max-image-preview:large","max-video-preview":"max-video-preview:-1"},"canonical":"https:\/\/filles-de-la-charite.org\/pt-pt\/tempo-de-recordar-e-implementar-o-laudato-si-no-seu-5o-aniversario-2\/","og_locale":"pt_PT","og_type":"article","og_title":"Tempo de recordar e implementar o laudato si\u2019- no seu 5\u00ba anivers\u00e1rio - Filles de la Charit\u00e9","og_description":"A terra, a nossa casa comum, est\u00e1 a sofrer. O mau uso, frequentemente por falta de apre\u00e7o e aten\u00e7\u00e3o, levou-nos a procurar lucro em vez de cuidarmos da terra de Deus, o nosso dom mais precioso. Partimos do princ\u00edpio que a nossa casa comum, nas palavras do Papa Francisco, &#8220;parece cada vez mais uma imensa [&hellip;]","og_url":"https:\/\/filles-de-la-charite.org\/pt-pt\/tempo-de-recordar-e-implementar-o-laudato-si-no-seu-5o-aniversario-2\/","og_site_name":"Filles de la Charit\u00e9","article_published_time":"2020-05-17T19:38:03+00:00","article_modified_time":"2024-03-17T17:29:28+00:00","og_image":[{"width":1201,"height":630,"url":"https:\/\/filles-de-la-charite.org\/wp-content\/uploads\/2023\/06\/0517-LaudatoSi-FTD.jpg","type":"image\/jpeg"}],"author":"admin","twitter_card":"summary_large_image","twitter_misc":{"Escrito por":"admin","Tempo estimado de leitura":"3 minutos"},"schema":{"@context":"https:\/\/schema.org","@graph":[{"@type":"Article","@id":"https:\/\/filles-de-la-charite.org\/pt-pt\/tempo-de-recordar-e-implementar-o-laudato-si-no-seu-5o-aniversario-2\/#article","isPartOf":{"@id":"https:\/\/filles-de-la-charite.org\/pt-pt\/tempo-de-recordar-e-implementar-o-laudato-si-no-seu-5o-aniversario-2\/"},"author":{"name":"admin","@id":"https:\/\/filles-de-la-charite.org\/pt-pt\/#\/schema\/person\/427567b2eccfc2dd7d206da186a1f438"},"headline":"Tempo de recordar e implementar o laudato si\u2019- no seu 5\u00ba anivers\u00e1rio","datePublished":"2020-05-17T19:38:03+00:00","dateModified":"2024-03-17T17:29:28+00:00","mainEntityOfPage":{"@id":"https:\/\/filles-de-la-charite.org\/pt-pt\/tempo-de-recordar-e-implementar-o-laudato-si-no-seu-5o-aniversario-2\/"},"wordCount":549,"publisher":{"@id":"https:\/\/filles-de-la-charite.org\/pt-pt\/#organization"},"image":{"@id":"https:\/\/filles-de-la-charite.org\/pt-pt\/tempo-de-recordar-e-implementar-o-laudato-si-no-seu-5o-aniversario-2\/#primaryimage"},"thumbnailUrl":"https:\/\/filles-de-la-charite.org\/wp-content\/uploads\/2023\/06\/0517-LaudatoSi-FTD.jpg","articleSection":["Irlanda"],"inLanguage":"pt-PT"},{"@type":"WebPage","@id":"https:\/\/filles-de-la-charite.org\/pt-pt\/tempo-de-recordar-e-implementar-o-laudato-si-no-seu-5o-aniversario-2\/","url":"https:\/\/filles-de-la-charite.org\/pt-pt\/tempo-de-recordar-e-implementar-o-laudato-si-no-seu-5o-aniversario-2\/","name":"Tempo de recordar e implementar o laudato si\u2019- no seu 5\u00ba anivers\u00e1rio - Filles de la Charit\u00e9","isPartOf":{"@id":"https:\/\/filles-de-la-charite.org\/pt-pt\/#website"},"primaryImageOfPage":{"@id":"https:\/\/filles-de-la-charite.org\/pt-pt\/tempo-de-recordar-e-implementar-o-laudato-si-no-seu-5o-aniversario-2\/#primaryimage"},"image":{"@id":"https:\/\/filles-de-la-charite.org\/pt-pt\/tempo-de-recordar-e-implementar-o-laudato-si-no-seu-5o-aniversario-2\/#primaryimage"},"thumbnailUrl":"https:\/\/filles-de-la-charite.org\/wp-content\/uploads\/2023\/06\/0517-LaudatoSi-FTD.jpg","datePublished":"2020-05-17T19:38:03+00:00","dateModified":"2024-03-17T17:29:28+00:00","breadcrumb":{"@id":"https:\/\/filles-de-la-charite.org\/pt-pt\/tempo-de-recordar-e-implementar-o-laudato-si-no-seu-5o-aniversario-2\/#breadcrumb"},"inLanguage":"pt-PT","potentialAction":[{"@type":"ReadAction","target":["https:\/\/filles-de-la-charite.org\/pt-pt\/tempo-de-recordar-e-implementar-o-laudato-si-no-seu-5o-aniversario-2\/"]}]},{"@type":"ImageObject","inLanguage":"pt-PT","@id":"https:\/\/filles-de-la-charite.org\/pt-pt\/tempo-de-recordar-e-implementar-o-laudato-si-no-seu-5o-aniversario-2\/#primaryimage","url":"https:\/\/filles-de-la-charite.org\/wp-content\/uploads\/2023\/06\/0517-LaudatoSi-FTD.jpg","contentUrl":"https:\/\/filles-de-la-charite.org\/wp-content\/uploads\/2023\/06\/0517-LaudatoSi-FTD.jpg","width":1201,"height":630},{"@type":"BreadcrumbList","@id":"https:\/\/filles-de-la-charite.org\/pt-pt\/tempo-de-recordar-e-implementar-o-laudato-si-no-seu-5o-aniversario-2\/#breadcrumb","itemListElement":[{"@type":"ListItem","position":1,"name":"Espa\u00f1a-Norte","item":"https:\/\/filles-de-la-charite.org\/pt-pt\/category\/espana-norte-pt-pt\/"},{"@type":"ListItem","position":2,"name":"Tempo de recordar e implementar o laudato si\u2019- no seu 5\u00ba anivers\u00e1rio"}]},{"@type":"WebSite","@id":"https:\/\/filles-de-la-charite.org\/pt-pt\/#website","url":"https:\/\/filles-de-la-charite.org\/pt-pt\/","name":"Hijas de la Caridad","description":"L\u2019amour de J\u00e9sus nous presse \u00e0 prendre soin des personnes les plus d\u00e9munies","publisher":{"@id":"https:\/\/filles-de-la-charite.org\/pt-pt\/#organization"},"potentialAction":[{"@type":"SearchAction","target":{"@type":"EntryPoint","urlTemplate":"https:\/\/filles-de-la-charite.org\/pt-pt\/?s={search_term_string}"},"query-input":{"@type":"PropertyValueSpecification","valueRequired":true,"valueName":"search_term_string"}}],"inLanguage":"pt-PT"},{"@type":"Organization","@id":"https:\/\/filles-de-la-charite.org\/pt-pt\/#organization","name":"Hijas de la Caridad","url":"https:\/\/filles-de-la-charite.org\/pt-pt\/","logo":{"@type":"ImageObject","inLanguage":"pt-PT","@id":"https:\/\/filles-de-la-charite.org\/pt-pt\/#\/schema\/logo\/image\/","url":"https:\/\/filles-de-la-charite.org\/wp-content\/uploads\/2023\/03\/isotipo-Hijas-de-la-Caridad.png","contentUrl":"https:\/\/filles-de-la-charite.org\/wp-content\/uploads\/2023\/03\/isotipo-Hijas-de-la-Caridad.png","width":1417,"height":1417,"caption":"Hijas de la Caridad"},"image":{"@id":"https:\/\/filles-de-la-charite.org\/pt-pt\/#\/schema\/logo\/image\/"}},{"@type":"Person","@id":"https:\/\/filles-de-la-charite.org\/pt-pt\/#\/schema\/person\/427567b2eccfc2dd7d206da186a1f438","name":"admin","image":{"@type":"ImageObject","inLanguage":"pt-PT","@id":"https:\/\/secure.gravatar.com\/avatar\/948b492cce32b586ac2db0eaa926ee87024f7afe218d73b397ea5ddfc5f43ea1?s=96&d=mm&r=g","url":"https:\/\/secure.gravatar.com\/avatar\/948b492cce32b586ac2db0eaa926ee87024f7afe218d73b397ea5ddfc5f43ea1?s=96&d=mm&r=g","contentUrl":"https:\/\/secure.gravatar.com\/avatar\/948b492cce32b586ac2db0eaa926ee87024f7afe218d73b397ea5ddfc5f43ea1?s=96&d=mm&r=g","caption":"admin"},"sameAs":["https:\/\/filles-de-la-charite.org"],"url":"https:\/\/filles-de-la-charite.org\/pt-pt\/author\/caridad\/"}]}},"_links":{"self":[{"href":"https:\/\/filles-de-la-charite.org\/pt-pt\/wp-json\/wp\/v2\/posts\/25160","targetHints":{"allow":["GET"]}}],"collection":[{"href":"https:\/\/filles-de-la-charite.org\/pt-pt\/wp-json\/wp\/v2\/posts"}],"about":[{"href":"https:\/\/filles-de-la-charite.org\/pt-pt\/wp-json\/wp\/v2\/types\/post"}],"author":[{"embeddable":true,"href":"https:\/\/filles-de-la-charite.org\/pt-pt\/wp-json\/wp\/v2\/users\/1"}],"replies":[{"embeddable":true,"href":"https:\/\/filles-de-la-charite.org\/pt-pt\/wp-json\/wp\/v2\/comments?post=25160"}],"version-history":[{"count":1,"href":"https:\/\/filles-de-la-charite.org\/pt-pt\/wp-json\/wp\/v2\/posts\/25160\/revisions"}],"predecessor-version":[{"id":34534,"href":"https:\/\/filles-de-la-charite.org\/pt-pt\/wp-json\/wp\/v2\/posts\/25160\/revisions\/34534"}],"wp:featuredmedia":[{"embeddable":true,"href":"https:\/\/filles-de-la-charite.org\/pt-pt\/wp-json\/wp\/v2\/media\/14731"}],"wp:attachment":[{"href":"https:\/\/filles-de-la-charite.org\/pt-pt\/wp-json\/wp\/v2\/media?parent=25160"}],"wp:term":[{"taxonomy":"category","embeddable":true,"href":"https:\/\/filles-de-la-charite.org\/pt-pt\/wp-json\/wp\/v2\/categories?post=25160"},{"taxonomy":"post_tag","embeddable":true,"href":"https:\/\/filles-de-la-charite.org\/pt-pt\/wp-json\/wp\/v2\/tags?post=25160"}],"curies":[{"name":"wp","href":"https:\/\/api.w.org\/{rel}","templated":true}]}}