{"id":25165,"date":"2020-06-22T22:33:49","date_gmt":"2020-06-22T20:33:49","guid":{"rendered":"https:\/\/hijascaridad.sjdigitaldemo.ovh\/50th-anniversary-of-the-province-of-belo-horizonte-brazil-1970-2020-a-story-woven-with-golden-threads-5-2\/"},"modified":"2024-03-17T18:29:01","modified_gmt":"2024-03-17T17:29:01","slug":"50th-anniversary-of-the-province-of-belo-horizonte-brazil-1970-2020-a-story-woven-with-golden-threads-5-2","status":"publish","type":"post","link":"https:\/\/filles-de-la-charite.org\/pt-pt\/50th-anniversary-of-the-province-of-belo-horizonte-brazil-1970-2020-a-story-woven-with-golden-threads-5-2\/","title":{"rendered":"Cinquenten\u00e1rio da Prov\u00edncia de Belo Horizonte \u2013 Brasil. 1970-2020 \u2013 uma hist\u00f3ria tecida com fios de ouro"},"content":{"rendered":"\n<p>O ano de 2020 marca as comemora\u00e7\u00f5es dos 50 anos de vida-miss\u00e3o da Prov\u00edncia de Belo Horizonte \u2013 Brasil.<\/p>\n\n\n\n<p>Eis que no 17 de maio de 1970, Solenidade de Pentecostes, se deu uma nova divis\u00e3o na Prov\u00edncia Brasileira das Filhas da Caridade e assim nasceu a Prov\u00edncia de Belo Horizonte. Irm\u00e3 Constan\u00e7a de Magalh\u00e3es Dutra foi ent\u00e3o designada Visitadora.&nbsp;<em>Era um novo come\u00e7o!<\/em><\/p>\n\n\n\n<p>Atualmente, as Irm\u00e3s se fazem presentes nos Estados de: Minas Gerais, Goi\u00e1s, Tocantins e o Distrito Federal servindo com m\u00e3os laboriosas e aud\u00e1cia criativa, os nossos Senhores e Mestres. Com vigor mission\u00e1rio abriram frentes de trabalho nas regi\u00f5es mais sofridas da Prov\u00edncia, levando o doce consolo da esperan\u00e7a que nos move e faz avan\u00e7ar. Pela a\u00e7\u00e3o do Esp\u00edrito Santo e pelas m\u00e3os laboriosas de tantas Filhas da Caridade, muitas realidades foram transformadas e o Evangelho anunciado.<\/p>\n\n\n\n<div class=\"wp-block-image is-style-default\"><figure class=\"alignright\"><img decoding=\"async\" src=\"https:\/\/filles-de-la-charite.org\/wp-content\/uploads\/2023\/06\/200623-BeloHorizonte-3.jpg\" alt=\"\" class=\"wp-image-41020\"\/><\/figure><\/div>\n\n\n\n<p>Hoje, cinq\u00fcenta anos depois, com o cora\u00e7\u00e3o reconhecido, agradecemos a Deus por esta bela&nbsp;<strong><em>hist\u00f3ria tecida com fios de our<\/em><\/strong><em>o<\/em>, pelas m\u00e3os de tantas Irm\u00e3s que com amor se dedicaram ao servi\u00e7o de Cristo nos pobres.<\/p>\n\n\n\n<p>Para nossa Prov\u00edncia este Cinquenten\u00e1rio foi tempo para celebrar e atualizar o Carisma, para reviveracontecimentos marcantes, de gratid\u00e3o por tantos benef\u00edcios recebidos do Senhor, tempo para fortalecer a ora\u00e7\u00e3o e os la\u00e7os de unidade.<\/p>\n\n\n\n<p>Assim foi com muita alegria que, mesmo distante, nos unimos no dia 31 de maio, Solenidade de Pentecostes, para agradecer pelo passado da Prov\u00edncia, para revigorar a paix\u00e3o com que se deve viver o presente, sobretudo em tempo t\u00e3o incertos. E como nos diz o Papa Francisco:&nbsp;<em>n\u00e3o temos somente uma gloriosa hist\u00f3ria para recordar e contar, mas uma grande hist\u00f3ria para construir!&nbsp;<\/em>Assim tamb\u00e9m, por estaA\u00e7\u00e3o de Gra\u00e7as<em>,&nbsp;<\/em>nos comprometemos<em>a abra\u00e7ar o futuro com esperan\u00e7a. Um futuro, no qual o Esp\u00edrito nos projeta para fazer conosco ainda grandes coisas.<\/em><\/p>\n\n\n\n<p>Entregamos mais uma vez ao Paraclito a condu\u00e7\u00e3o de nossa querida Prov\u00edncia e, sob as b\u00ean\u00e7\u00e3os da M\u00e3e e Guardi\u00e3 da Companhia, revigoramos nossas for\u00e7as para avan\u00e7armos juntas, com confian\u00e7a e alegria, pelas vias da caridade e da miss\u00e3o para responder aos apelos da Companhia e da Igreja a partir do tema da pr\u00f3xima Assembleia geral \u2013&nbsp;<em>Ephata: Sair porta afora\u2026 ir para\u2026encontrar.<\/em><\/p>\n\n\n\n<p><em>Irm\u00e3 Jane Carla G. Souza, FC<br>Prov\u00edncia de Belo Horizonte \u2013 Brasil<\/em><\/p>\n\n\n\n<div class=\"wp-block-image is-style-default\"><figure class=\"aligncenter\"><img decoding=\"async\" src=\"https:\/\/filles-de-la-charite.org\/wp-content\/uploads\/2023\/06\/200623-BeloHorizonte-2.jpg\" alt=\"\" class=\"wp-image-41019\"\/><\/figure><\/div>\n\n\n\n<div class=\"wp-block-image is-style-default\"><figure class=\"aligncenter\"><img decoding=\"async\" src=\"https:\/\/filles-de-la-charite.org\/wp-content\/uploads\/2023\/06\/200623-BeloHorizonte-4.jpg\" alt=\"\" class=\"wp-image-41021\"\/><\/figure><\/div>\n","protected":false},"excerpt":{"rendered":"<p>O ano de 2020 marca as comemora\u00e7\u00f5es dos 50 anos de vida-miss\u00e3o da Prov\u00edncia de Belo Horizonte \u2013 Brasil. Eis que no 17 de maio de 1970, Solenidade de Pentecostes, se deu uma nova divis\u00e3o na Prov\u00edncia Brasileira das Filhas da Caridade e assim nasceu a Prov\u00edncia de Belo Horizonte. Irm\u00e3 Constan\u00e7a de Magalh\u00e3es Dutra [&hellip;]<\/p>\n","protected":false},"author":1,"featured_media":14827,"comment_status":"closed","ping_status":"closed","sticky":false,"template":"","format":"standard","meta":{"_acf_changed":false,"footnotes":"","_links_to":"","_links_to_target":""},"categories":[776],"tags":[],"class_list":["post-25165","post","type-post","status-publish","format-standard","has-post-thumbnail","hentry","category-belo-horizonte-brasil-pt-pt"],"acf":[],"yoast_head":"<!-- This site is optimized with the Yoast SEO plugin v27.5 - https:\/\/yoast.com\/product\/yoast-seo-wordpress\/ -->\n<title>Cinquenten\u00e1rio da Prov\u00edncia de Belo Horizonte \u2013 Brasil. 1970-2020 \u2013 uma hist\u00f3ria tecida com fios de ouro - Filles de la Charit\u00e9<\/title>\n<meta name=\"robots\" content=\"index, follow, max-snippet:-1, max-image-preview:large, max-video-preview:-1\" \/>\n<link rel=\"canonical\" href=\"https:\/\/filles-de-la-charite.org\/pt-pt\/50th-anniversary-of-the-province-of-belo-horizonte-brazil-1970-2020-a-story-woven-with-golden-threads-5-2\/\" \/>\n<meta property=\"og:locale\" content=\"pt_PT\" \/>\n<meta property=\"og:type\" content=\"article\" \/>\n<meta property=\"og:title\" content=\"Cinquenten\u00e1rio da Prov\u00edncia de Belo Horizonte \u2013 Brasil. 1970-2020 \u2013 uma hist\u00f3ria tecida com fios de ouro - Filles de la Charit\u00e9\" \/>\n<meta property=\"og:description\" content=\"O ano de 2020 marca as comemora\u00e7\u00f5es dos 50 anos de vida-miss\u00e3o da Prov\u00edncia de Belo Horizonte \u2013 Brasil. Eis que no 17 de maio de 1970, Solenidade de Pentecostes, se deu uma nova divis\u00e3o na Prov\u00edncia Brasileira das Filhas da Caridade e assim nasceu a Prov\u00edncia de Belo Horizonte. Irm\u00e3 Constan\u00e7a de Magalh\u00e3es Dutra [&hellip;]\" \/>\n<meta property=\"og:url\" content=\"https:\/\/filles-de-la-charite.org\/pt-pt\/50th-anniversary-of-the-province-of-belo-horizonte-brazil-1970-2020-a-story-woven-with-golden-threads-5-2\/\" \/>\n<meta property=\"og:site_name\" content=\"Filles de la Charit\u00e9\" \/>\n<meta property=\"article:published_time\" content=\"2020-06-22T20:33:49+00:00\" \/>\n<meta property=\"article:modified_time\" content=\"2024-03-17T17:29:01+00:00\" \/>\n<meta property=\"og:image\" content=\"https:\/\/filles-de-la-charite.org\/wp-content\/uploads\/2023\/06\/200623-BeloHorizonte-1.jpg\" \/>\n\t<meta property=\"og:image:width\" content=\"1280\" \/>\n\t<meta property=\"og:image:height\" content=\"720\" \/>\n\t<meta property=\"og:image:type\" content=\"image\/jpeg\" \/>\n<meta name=\"author\" content=\"admin\" \/>\n<meta name=\"twitter:card\" content=\"summary_large_image\" \/>\n<meta name=\"twitter:label1\" content=\"Escrito por\" \/>\n\t<meta name=\"twitter:data1\" content=\"admin\" \/>\n\t<meta name=\"twitter:label2\" content=\"Tempo estimado de leitura\" \/>\n\t<meta name=\"twitter:data2\" content=\"2 minutos\" \/>\n<script type=\"application\/ld+json\" class=\"yoast-schema-graph\">{\"@context\":\"https:\\\/\\\/schema.org\",\"@graph\":[{\"@type\":\"Article\",\"@id\":\"https:\\\/\\\/filles-de-la-charite.org\\\/pt-pt\\\/50th-anniversary-of-the-province-of-belo-horizonte-brazil-1970-2020-a-story-woven-with-golden-threads-5-2\\\/#article\",\"isPartOf\":{\"@id\":\"https:\\\/\\\/filles-de-la-charite.org\\\/pt-pt\\\/50th-anniversary-of-the-province-of-belo-horizonte-brazil-1970-2020-a-story-woven-with-golden-threads-5-2\\\/\"},\"author\":{\"name\":\"admin\",\"@id\":\"https:\\\/\\\/filles-de-la-charite.org\\\/pt-pt\\\/#\\\/schema\\\/person\\\/427567b2eccfc2dd7d206da186a1f438\"},\"headline\":\"Cinquenten\u00e1rio da Prov\u00edncia de Belo Horizonte \u2013 Brasil. 1970-2020 \u2013 uma hist\u00f3ria tecida com fios de ouro\",\"datePublished\":\"2020-06-22T20:33:49+00:00\",\"dateModified\":\"2024-03-17T17:29:01+00:00\",\"mainEntityOfPage\":{\"@id\":\"https:\\\/\\\/filles-de-la-charite.org\\\/pt-pt\\\/50th-anniversary-of-the-province-of-belo-horizonte-brazil-1970-2020-a-story-woven-with-golden-threads-5-2\\\/\"},\"wordCount\":448,\"publisher\":{\"@id\":\"https:\\\/\\\/filles-de-la-charite.org\\\/pt-pt\\\/#organization\"},\"image\":{\"@id\":\"https:\\\/\\\/filles-de-la-charite.org\\\/pt-pt\\\/50th-anniversary-of-the-province-of-belo-horizonte-brazil-1970-2020-a-story-woven-with-golden-threads-5-2\\\/#primaryimage\"},\"thumbnailUrl\":\"https:\\\/\\\/filles-de-la-charite.org\\\/wp-content\\\/uploads\\\/2023\\\/06\\\/200623-BeloHorizonte-1.jpg\",\"articleSection\":[\"Belo Horizonte - Brasil\"],\"inLanguage\":\"pt-PT\"},{\"@type\":\"WebPage\",\"@id\":\"https:\\\/\\\/filles-de-la-charite.org\\\/pt-pt\\\/50th-anniversary-of-the-province-of-belo-horizonte-brazil-1970-2020-a-story-woven-with-golden-threads-5-2\\\/\",\"url\":\"https:\\\/\\\/filles-de-la-charite.org\\\/pt-pt\\\/50th-anniversary-of-the-province-of-belo-horizonte-brazil-1970-2020-a-story-woven-with-golden-threads-5-2\\\/\",\"name\":\"Cinquenten\u00e1rio da Prov\u00edncia de Belo Horizonte \u2013 Brasil. 1970-2020 \u2013 uma hist\u00f3ria tecida com fios de ouro - Filles de la Charit\u00e9\",\"isPartOf\":{\"@id\":\"https:\\\/\\\/filles-de-la-charite.org\\\/pt-pt\\\/#website\"},\"primaryImageOfPage\":{\"@id\":\"https:\\\/\\\/filles-de-la-charite.org\\\/pt-pt\\\/50th-anniversary-of-the-province-of-belo-horizonte-brazil-1970-2020-a-story-woven-with-golden-threads-5-2\\\/#primaryimage\"},\"image\":{\"@id\":\"https:\\\/\\\/filles-de-la-charite.org\\\/pt-pt\\\/50th-anniversary-of-the-province-of-belo-horizonte-brazil-1970-2020-a-story-woven-with-golden-threads-5-2\\\/#primaryimage\"},\"thumbnailUrl\":\"https:\\\/\\\/filles-de-la-charite.org\\\/wp-content\\\/uploads\\\/2023\\\/06\\\/200623-BeloHorizonte-1.jpg\",\"datePublished\":\"2020-06-22T20:33:49+00:00\",\"dateModified\":\"2024-03-17T17:29:01+00:00\",\"breadcrumb\":{\"@id\":\"https:\\\/\\\/filles-de-la-charite.org\\\/pt-pt\\\/50th-anniversary-of-the-province-of-belo-horizonte-brazil-1970-2020-a-story-woven-with-golden-threads-5-2\\\/#breadcrumb\"},\"inLanguage\":\"pt-PT\",\"potentialAction\":[{\"@type\":\"ReadAction\",\"target\":[\"https:\\\/\\\/filles-de-la-charite.org\\\/pt-pt\\\/50th-anniversary-of-the-province-of-belo-horizonte-brazil-1970-2020-a-story-woven-with-golden-threads-5-2\\\/\"]}]},{\"@type\":\"ImageObject\",\"inLanguage\":\"pt-PT\",\"@id\":\"https:\\\/\\\/filles-de-la-charite.org\\\/pt-pt\\\/50th-anniversary-of-the-province-of-belo-horizonte-brazil-1970-2020-a-story-woven-with-golden-threads-5-2\\\/#primaryimage\",\"url\":\"https:\\\/\\\/filles-de-la-charite.org\\\/wp-content\\\/uploads\\\/2023\\\/06\\\/200623-BeloHorizonte-1.jpg\",\"contentUrl\":\"https:\\\/\\\/filles-de-la-charite.org\\\/wp-content\\\/uploads\\\/2023\\\/06\\\/200623-BeloHorizonte-1.jpg\",\"width\":1280,\"height\":720},{\"@type\":\"BreadcrumbList\",\"@id\":\"https:\\\/\\\/filles-de-la-charite.org\\\/pt-pt\\\/50th-anniversary-of-the-province-of-belo-horizonte-brazil-1970-2020-a-story-woven-with-golden-threads-5-2\\\/#breadcrumb\",\"itemListElement\":[{\"@type\":\"ListItem\",\"position\":1,\"name\":\"Belo Horizonte - Brasil\",\"item\":\"https:\\\/\\\/filles-de-la-charite.org\\\/pt-pt\\\/category\\\/belo-horizonte-brasil-pt-pt\\\/\"},{\"@type\":\"ListItem\",\"position\":2,\"name\":\"Cinquenten\u00e1rio da Prov\u00edncia de Belo Horizonte \u2013 Brasil. 1970-2020 \u2013 uma hist\u00f3ria tecida com fios de ouro\"}]},{\"@type\":\"WebSite\",\"@id\":\"https:\\\/\\\/filles-de-la-charite.org\\\/pt-pt\\\/#website\",\"url\":\"https:\\\/\\\/filles-de-la-charite.org\\\/pt-pt\\\/\",\"name\":\"Hijas de la Caridad\",\"description\":\"L\u2019amour de J\u00e9sus nous presse \u00e0 prendre soin des personnes les plus d\u00e9munies\",\"publisher\":{\"@id\":\"https:\\\/\\\/filles-de-la-charite.org\\\/pt-pt\\\/#organization\"},\"potentialAction\":[{\"@type\":\"SearchAction\",\"target\":{\"@type\":\"EntryPoint\",\"urlTemplate\":\"https:\\\/\\\/filles-de-la-charite.org\\\/pt-pt\\\/?s={search_term_string}\"},\"query-input\":{\"@type\":\"PropertyValueSpecification\",\"valueRequired\":true,\"valueName\":\"search_term_string\"}}],\"inLanguage\":\"pt-PT\"},{\"@type\":\"Organization\",\"@id\":\"https:\\\/\\\/filles-de-la-charite.org\\\/pt-pt\\\/#organization\",\"name\":\"Hijas de la Caridad\",\"url\":\"https:\\\/\\\/filles-de-la-charite.org\\\/pt-pt\\\/\",\"logo\":{\"@type\":\"ImageObject\",\"inLanguage\":\"pt-PT\",\"@id\":\"https:\\\/\\\/filles-de-la-charite.org\\\/pt-pt\\\/#\\\/schema\\\/logo\\\/image\\\/\",\"url\":\"https:\\\/\\\/filles-de-la-charite.org\\\/wp-content\\\/uploads\\\/2023\\\/03\\\/isotipo-Hijas-de-la-Caridad.png\",\"contentUrl\":\"https:\\\/\\\/filles-de-la-charite.org\\\/wp-content\\\/uploads\\\/2023\\\/03\\\/isotipo-Hijas-de-la-Caridad.png\",\"width\":1417,\"height\":1417,\"caption\":\"Hijas de la Caridad\"},\"image\":{\"@id\":\"https:\\\/\\\/filles-de-la-charite.org\\\/pt-pt\\\/#\\\/schema\\\/logo\\\/image\\\/\"}},{\"@type\":\"Person\",\"@id\":\"https:\\\/\\\/filles-de-la-charite.org\\\/pt-pt\\\/#\\\/schema\\\/person\\\/427567b2eccfc2dd7d206da186a1f438\",\"name\":\"admin\",\"image\":{\"@type\":\"ImageObject\",\"inLanguage\":\"pt-PT\",\"@id\":\"https:\\\/\\\/secure.gravatar.com\\\/avatar\\\/948b492cce32b586ac2db0eaa926ee87024f7afe218d73b397ea5ddfc5f43ea1?s=96&d=mm&r=g\",\"url\":\"https:\\\/\\\/secure.gravatar.com\\\/avatar\\\/948b492cce32b586ac2db0eaa926ee87024f7afe218d73b397ea5ddfc5f43ea1?s=96&d=mm&r=g\",\"contentUrl\":\"https:\\\/\\\/secure.gravatar.com\\\/avatar\\\/948b492cce32b586ac2db0eaa926ee87024f7afe218d73b397ea5ddfc5f43ea1?s=96&d=mm&r=g\",\"caption\":\"admin\"},\"sameAs\":[\"https:\\\/\\\/filles-de-la-charite.org\"],\"url\":\"https:\\\/\\\/filles-de-la-charite.org\\\/pt-pt\\\/author\\\/caridad\\\/\"}]}<\/script>\n<!-- \/ Yoast SEO plugin. -->","yoast_head_json":{"title":"Cinquenten\u00e1rio da Prov\u00edncia de Belo Horizonte \u2013 Brasil. 1970-2020 \u2013 uma hist\u00f3ria tecida com fios de ouro - Filles de la Charit\u00e9","robots":{"index":"index","follow":"follow","max-snippet":"max-snippet:-1","max-image-preview":"max-image-preview:large","max-video-preview":"max-video-preview:-1"},"canonical":"https:\/\/filles-de-la-charite.org\/pt-pt\/50th-anniversary-of-the-province-of-belo-horizonte-brazil-1970-2020-a-story-woven-with-golden-threads-5-2\/","og_locale":"pt_PT","og_type":"article","og_title":"Cinquenten\u00e1rio da Prov\u00edncia de Belo Horizonte \u2013 Brasil. 1970-2020 \u2013 uma hist\u00f3ria tecida com fios de ouro - Filles de la Charit\u00e9","og_description":"O ano de 2020 marca as comemora\u00e7\u00f5es dos 50 anos de vida-miss\u00e3o da Prov\u00edncia de Belo Horizonte \u2013 Brasil. Eis que no 17 de maio de 1970, Solenidade de Pentecostes, se deu uma nova divis\u00e3o na Prov\u00edncia Brasileira das Filhas da Caridade e assim nasceu a Prov\u00edncia de Belo Horizonte. Irm\u00e3 Constan\u00e7a de Magalh\u00e3es Dutra [&hellip;]","og_url":"https:\/\/filles-de-la-charite.org\/pt-pt\/50th-anniversary-of-the-province-of-belo-horizonte-brazil-1970-2020-a-story-woven-with-golden-threads-5-2\/","og_site_name":"Filles de la Charit\u00e9","article_published_time":"2020-06-22T20:33:49+00:00","article_modified_time":"2024-03-17T17:29:01+00:00","og_image":[{"width":1280,"height":720,"url":"https:\/\/filles-de-la-charite.org\/wp-content\/uploads\/2023\/06\/200623-BeloHorizonte-1.jpg","type":"image\/jpeg"}],"author":"admin","twitter_card":"summary_large_image","twitter_misc":{"Escrito por":"admin","Tempo estimado de leitura":"2 minutos"},"schema":{"@context":"https:\/\/schema.org","@graph":[{"@type":"Article","@id":"https:\/\/filles-de-la-charite.org\/pt-pt\/50th-anniversary-of-the-province-of-belo-horizonte-brazil-1970-2020-a-story-woven-with-golden-threads-5-2\/#article","isPartOf":{"@id":"https:\/\/filles-de-la-charite.org\/pt-pt\/50th-anniversary-of-the-province-of-belo-horizonte-brazil-1970-2020-a-story-woven-with-golden-threads-5-2\/"},"author":{"name":"admin","@id":"https:\/\/filles-de-la-charite.org\/pt-pt\/#\/schema\/person\/427567b2eccfc2dd7d206da186a1f438"},"headline":"Cinquenten\u00e1rio da Prov\u00edncia de Belo Horizonte \u2013 Brasil. 1970-2020 \u2013 uma hist\u00f3ria tecida com fios de ouro","datePublished":"2020-06-22T20:33:49+00:00","dateModified":"2024-03-17T17:29:01+00:00","mainEntityOfPage":{"@id":"https:\/\/filles-de-la-charite.org\/pt-pt\/50th-anniversary-of-the-province-of-belo-horizonte-brazil-1970-2020-a-story-woven-with-golden-threads-5-2\/"},"wordCount":448,"publisher":{"@id":"https:\/\/filles-de-la-charite.org\/pt-pt\/#organization"},"image":{"@id":"https:\/\/filles-de-la-charite.org\/pt-pt\/50th-anniversary-of-the-province-of-belo-horizonte-brazil-1970-2020-a-story-woven-with-golden-threads-5-2\/#primaryimage"},"thumbnailUrl":"https:\/\/filles-de-la-charite.org\/wp-content\/uploads\/2023\/06\/200623-BeloHorizonte-1.jpg","articleSection":["Belo Horizonte - Brasil"],"inLanguage":"pt-PT"},{"@type":"WebPage","@id":"https:\/\/filles-de-la-charite.org\/pt-pt\/50th-anniversary-of-the-province-of-belo-horizonte-brazil-1970-2020-a-story-woven-with-golden-threads-5-2\/","url":"https:\/\/filles-de-la-charite.org\/pt-pt\/50th-anniversary-of-the-province-of-belo-horizonte-brazil-1970-2020-a-story-woven-with-golden-threads-5-2\/","name":"Cinquenten\u00e1rio da Prov\u00edncia de Belo Horizonte \u2013 Brasil. 1970-2020 \u2013 uma hist\u00f3ria tecida com fios de ouro - Filles de la Charit\u00e9","isPartOf":{"@id":"https:\/\/filles-de-la-charite.org\/pt-pt\/#website"},"primaryImageOfPage":{"@id":"https:\/\/filles-de-la-charite.org\/pt-pt\/50th-anniversary-of-the-province-of-belo-horizonte-brazil-1970-2020-a-story-woven-with-golden-threads-5-2\/#primaryimage"},"image":{"@id":"https:\/\/filles-de-la-charite.org\/pt-pt\/50th-anniversary-of-the-province-of-belo-horizonte-brazil-1970-2020-a-story-woven-with-golden-threads-5-2\/#primaryimage"},"thumbnailUrl":"https:\/\/filles-de-la-charite.org\/wp-content\/uploads\/2023\/06\/200623-BeloHorizonte-1.jpg","datePublished":"2020-06-22T20:33:49+00:00","dateModified":"2024-03-17T17:29:01+00:00","breadcrumb":{"@id":"https:\/\/filles-de-la-charite.org\/pt-pt\/50th-anniversary-of-the-province-of-belo-horizonte-brazil-1970-2020-a-story-woven-with-golden-threads-5-2\/#breadcrumb"},"inLanguage":"pt-PT","potentialAction":[{"@type":"ReadAction","target":["https:\/\/filles-de-la-charite.org\/pt-pt\/50th-anniversary-of-the-province-of-belo-horizonte-brazil-1970-2020-a-story-woven-with-golden-threads-5-2\/"]}]},{"@type":"ImageObject","inLanguage":"pt-PT","@id":"https:\/\/filles-de-la-charite.org\/pt-pt\/50th-anniversary-of-the-province-of-belo-horizonte-brazil-1970-2020-a-story-woven-with-golden-threads-5-2\/#primaryimage","url":"https:\/\/filles-de-la-charite.org\/wp-content\/uploads\/2023\/06\/200623-BeloHorizonte-1.jpg","contentUrl":"https:\/\/filles-de-la-charite.org\/wp-content\/uploads\/2023\/06\/200623-BeloHorizonte-1.jpg","width":1280,"height":720},{"@type":"BreadcrumbList","@id":"https:\/\/filles-de-la-charite.org\/pt-pt\/50th-anniversary-of-the-province-of-belo-horizonte-brazil-1970-2020-a-story-woven-with-golden-threads-5-2\/#breadcrumb","itemListElement":[{"@type":"ListItem","position":1,"name":"Belo Horizonte - Brasil","item":"https:\/\/filles-de-la-charite.org\/pt-pt\/category\/belo-horizonte-brasil-pt-pt\/"},{"@type":"ListItem","position":2,"name":"Cinquenten\u00e1rio da Prov\u00edncia de Belo Horizonte \u2013 Brasil. 1970-2020 \u2013 uma hist\u00f3ria tecida com fios de ouro"}]},{"@type":"WebSite","@id":"https:\/\/filles-de-la-charite.org\/pt-pt\/#website","url":"https:\/\/filles-de-la-charite.org\/pt-pt\/","name":"Hijas de la Caridad","description":"L\u2019amour de J\u00e9sus nous presse \u00e0 prendre soin des personnes les plus d\u00e9munies","publisher":{"@id":"https:\/\/filles-de-la-charite.org\/pt-pt\/#organization"},"potentialAction":[{"@type":"SearchAction","target":{"@type":"EntryPoint","urlTemplate":"https:\/\/filles-de-la-charite.org\/pt-pt\/?s={search_term_string}"},"query-input":{"@type":"PropertyValueSpecification","valueRequired":true,"valueName":"search_term_string"}}],"inLanguage":"pt-PT"},{"@type":"Organization","@id":"https:\/\/filles-de-la-charite.org\/pt-pt\/#organization","name":"Hijas de la Caridad","url":"https:\/\/filles-de-la-charite.org\/pt-pt\/","logo":{"@type":"ImageObject","inLanguage":"pt-PT","@id":"https:\/\/filles-de-la-charite.org\/pt-pt\/#\/schema\/logo\/image\/","url":"https:\/\/filles-de-la-charite.org\/wp-content\/uploads\/2023\/03\/isotipo-Hijas-de-la-Caridad.png","contentUrl":"https:\/\/filles-de-la-charite.org\/wp-content\/uploads\/2023\/03\/isotipo-Hijas-de-la-Caridad.png","width":1417,"height":1417,"caption":"Hijas de la Caridad"},"image":{"@id":"https:\/\/filles-de-la-charite.org\/pt-pt\/#\/schema\/logo\/image\/"}},{"@type":"Person","@id":"https:\/\/filles-de-la-charite.org\/pt-pt\/#\/schema\/person\/427567b2eccfc2dd7d206da186a1f438","name":"admin","image":{"@type":"ImageObject","inLanguage":"pt-PT","@id":"https:\/\/secure.gravatar.com\/avatar\/948b492cce32b586ac2db0eaa926ee87024f7afe218d73b397ea5ddfc5f43ea1?s=96&d=mm&r=g","url":"https:\/\/secure.gravatar.com\/avatar\/948b492cce32b586ac2db0eaa926ee87024f7afe218d73b397ea5ddfc5f43ea1?s=96&d=mm&r=g","contentUrl":"https:\/\/secure.gravatar.com\/avatar\/948b492cce32b586ac2db0eaa926ee87024f7afe218d73b397ea5ddfc5f43ea1?s=96&d=mm&r=g","caption":"admin"},"sameAs":["https:\/\/filles-de-la-charite.org"],"url":"https:\/\/filles-de-la-charite.org\/pt-pt\/author\/caridad\/"}]}},"_links":{"self":[{"href":"https:\/\/filles-de-la-charite.org\/pt-pt\/wp-json\/wp\/v2\/posts\/25165","targetHints":{"allow":["GET"]}}],"collection":[{"href":"https:\/\/filles-de-la-charite.org\/pt-pt\/wp-json\/wp\/v2\/posts"}],"about":[{"href":"https:\/\/filles-de-la-charite.org\/pt-pt\/wp-json\/wp\/v2\/types\/post"}],"author":[{"embeddable":true,"href":"https:\/\/filles-de-la-charite.org\/pt-pt\/wp-json\/wp\/v2\/users\/1"}],"replies":[{"embeddable":true,"href":"https:\/\/filles-de-la-charite.org\/pt-pt\/wp-json\/wp\/v2\/comments?post=25165"}],"version-history":[{"count":1,"href":"https:\/\/filles-de-la-charite.org\/pt-pt\/wp-json\/wp\/v2\/posts\/25165\/revisions"}],"predecessor-version":[{"id":25166,"href":"https:\/\/filles-de-la-charite.org\/pt-pt\/wp-json\/wp\/v2\/posts\/25165\/revisions\/25166"}],"wp:featuredmedia":[{"embeddable":true,"href":"https:\/\/filles-de-la-charite.org\/pt-pt\/wp-json\/wp\/v2\/media\/14827"}],"wp:attachment":[{"href":"https:\/\/filles-de-la-charite.org\/pt-pt\/wp-json\/wp\/v2\/media?parent=25165"}],"wp:term":[{"taxonomy":"category","embeddable":true,"href":"https:\/\/filles-de-la-charite.org\/pt-pt\/wp-json\/wp\/v2\/categories?post=25165"},{"taxonomy":"post_tag","embeddable":true,"href":"https:\/\/filles-de-la-charite.org\/pt-pt\/wp-json\/wp\/v2\/tags?post=25165"}],"curies":[{"name":"wp","href":"https:\/\/api.w.org\/{rel}","templated":true}]}}