{"id":25169,"date":"2020-06-29T22:41:52","date_gmt":"2020-06-29T20:41:52","guid":{"rendered":"https:\/\/hijascaridad.sjdigitaldemo.ovh\/waiting-in-line-outside-the-soup-kitchen-of-the-daughters-of-charity-during-the-covid-19-in-madrid-5-2\/"},"modified":"2024-03-17T18:28:47","modified_gmt":"2024-03-17T17:28:47","slug":"waiting-in-line-outside-the-soup-kitchen-of-the-daughters-of-charity-during-the-covid-19-in-madrid-5-2","status":"publish","type":"post","link":"https:\/\/filles-de-la-charite.org\/pt-pt\/waiting-in-line-outside-the-soup-kitchen-of-the-daughters-of-charity-during-the-covid-19-in-madrid-5-2\/","title":{"rendered":"Uma fila espera fora do refeit\u00f3rio social das Filhas da Caridade durante o COVID-19 em Madrid"},"content":{"rendered":"\n<p>Durante a pandemia, o programa de S. Vicente de Paulo teve de adaptar o seu servi\u00e7o \u00e0s circunst\u00e2ncias, a fim de fornecer alimentos. As pessoas esperam l\u00e1 fora na fila para receber o que costumava ser servido numa bandeja sentada \u00e0 mesa, o menu: num recipiente pl\u00e1stico carne e batatas, uma sandu\u00edche de omelete, uma sandu\u00edche de sardinha e uma fruta.<\/p>\n\n\n\n<p>Um utilizador \"artista\" \u00e0 espera na fila quis agradecer este servi\u00e7o vital com um belo desenho. ( veja abaixo o desenho)<\/p>\n\n\n\n<figure class=\"wp-block-image\"><img decoding=\"async\" src=\"https:\/\/filles-de-la-charite.org\/wp-content\/uploads\/2023\/06\/0630-comedor-2.jpg\" alt=\"\" class=\"wp-image-41041\" \/><\/figure>\n\n\n\n<p><span style=\"color: #942092\">O desenho feito por um benefici\u00e1rio como sinal de apre\u00e7o<\/span><\/p>\n\n\n\n<p>O centro serve a homens imigrantes, mas atualmente cerca de 50 por cento dos benefici\u00e1rios s\u00e3o espanh\u00f3is. A percentagem de mulheres era de apenas 11%, agora est\u00e1 a aumentar devido \u00e0 perda do emprego por parte dos jovens trabalhadores do lar. Isto aconteceu a Edita Lopez, a velha mulher de quem ela cuidava morreu com o v\u00edrus corona e a sua filha est\u00e1 a for\u00e7\u00e1-la a deixar o seu local de resid\u00eancia durante 8 anos. Ela deu-lhe at\u00e9 10 de Junho e n\u00e3o tem poupan\u00e7as porque enviou tudo o que ganhou para a sua fam\u00edlia no Paraguai.<\/p>\n\n\n\n<p>A Irm\u00e3 Josefa tem servido aqui desde 2016 na recess\u00e3o de 2008, esteve noutro centro de outra cidade e diz que esta crise \u00e9 mais grave. O ano de 2008 foi apenas financeiro. Agora, \u00e9 tamb\u00e9m uma quest\u00e3o de sa\u00fade. Na crise de 2008, \"aqueles que tinham uma rede familiar, especialmente pais ou av\u00f3s mais velhos, ajudaram a salvar o dia. Nesta pandemia, as pessoas foram deixadas sozinhas, as crian\u00e7as n\u00e3o puderam estar com os seus pais mais velhos ou enfrentar juntos as suas dificuldades.<\/p>\n\n\n\n<p>O rosto da pobreza tornou-se confuso e nesta fila de espera pode ver um sem-abrigo de longa data, bem como uma pessoa independente que perdeu recentemente o seu emprego. Pode reconhecer estes \u00faltimos \"porque as primeiras vezes que olham de longe, \u00e0 espera que a fila avance, v\u00eam e v\u00e3o\".<\/p>\n\n\n\n<div class=\"wp-block-image\"><figure class=\"aligncenter\"><img decoding=\"async\" src=\"https:\/\/filles-de-la-charite.org\/wp-content\/uploads\/2023\/06\/0630-comedor-1.jpg\" alt=\"\" class=\"wp-image-41040\" \/><\/figure><\/div>\n\n\n\n<p>Na porta h\u00e1 v\u00e1rias bicicletas parqueadas. Na cal\u00e7ada h\u00e1 mais de uma d\u00fazia de mochilas de ciclistas esprando suas mochilas. A ant\u00edtese de trabalhar para entregar alimentos em casa e alimentar-se de caridade. Jarrison chega quase todos os dias por volta das 13h00. Ele veio do Peru h\u00e1 oito meses para trabalhar para poder enviar dinheiro \u00e0 sua fam\u00edlia, \"mas agora isso \u00e9 imposs\u00edvel. Ganha cerca de 400 euros \"e quase tudo vai para o aluguer do seu alojamento\". \"Com o que as Filhas da Caridade me d\u00e3o, tenho o suficiente, ou recebo-o, para o almo\u00e7o e o jantar. Tamb\u00e9m me deram este fato de chuva, estou muito grato\", diz ele, ao dirigir-se para o port\u00e3o onde outros colegas param para o almo\u00e7o.<\/p>\n\n\n\n<p>\"Sou espanhol e andaluz, em Erte (uma medida de flexibilidade laboral, por vezes antes do encerramento de uma empresa...) e com 10 euros na minha conta\", grita o \u00fanico espanhol disposto a dizer porque tem de mendigar.<\/p>\n\n\n\n<p><strong><em>Esperamos que esta pandemia passe brevemente e que o Centro Integral de S. Vicente de Paulo possa continuar o seu servi\u00e7o integral aos nossos irm\u00e3os e irm\u00e3s.<\/em><\/strong><\/p>\n","protected":false},"excerpt":{"rendered":"<p>Durante a pandemia, o programa de S. Vicente de Paulo teve de adaptar o seu servi\u00e7o \u00e0s circunst\u00e2ncias, a fim de fornecer alimentos. As pessoas esperam l\u00e1 fora na fila para receber o que costumava ser servido numa bandeja sentada \u00e0 mesa, o menu: num recipiente pl\u00e1stico carne e batatas, uma sandu\u00edche de omelete, uma [&hellip;]<\/p>\n","protected":false},"author":1,"featured_media":14897,"comment_status":"closed","ping_status":"closed","sticky":false,"template":"","format":"standard","meta":{"_acf_changed":false,"footnotes":"","_links_to":"","_links_to_target":""},"categories":[814],"tags":[],"class_list":["post-25169","post","type-post","status-publish","format-standard","has-post-thumbnail","hentry","category-madrid-santa-luisa-pt-pt"],"acf":[],"yoast_head":"<!-- This site is optimized with the Yoast SEO plugin v27.5 - https:\/\/yoast.com\/product\/yoast-seo-wordpress\/ -->\n<title>Uma fila espera fora do refeit\u00f3rio social das Filhas da Caridade durante o COVID-19 em Madrid - Filles de la Charit\u00e9<\/title>\n<meta name=\"robots\" content=\"index, follow, max-snippet:-1, max-image-preview:large, max-video-preview:-1\" \/>\n<link rel=\"canonical\" href=\"https:\/\/filles-de-la-charite.org\/pt-pt\/waiting-in-line-outside-the-soup-kitchen-of-the-daughters-of-charity-during-the-covid-19-in-madrid-5-2\/\" \/>\n<meta property=\"og:locale\" content=\"pt_PT\" \/>\n<meta property=\"og:type\" content=\"article\" \/>\n<meta property=\"og:title\" content=\"Uma fila espera fora do refeit\u00f3rio social das Filhas da Caridade durante o COVID-19 em Madrid - Filles de la Charit\u00e9\" \/>\n<meta property=\"og:description\" content=\"Durante a pandemia, o programa de S. Vicente de Paulo teve de adaptar o seu servi\u00e7o \u00e0s circunst\u00e2ncias, a fim de fornecer alimentos. As pessoas esperam l\u00e1 fora na fila para receber o que costumava ser servido numa bandeja sentada \u00e0 mesa, o menu: num recipiente pl\u00e1stico carne e batatas, uma sandu\u00edche de omelete, uma [&hellip;]\" \/>\n<meta property=\"og:url\" content=\"https:\/\/filles-de-la-charite.org\/pt-pt\/waiting-in-line-outside-the-soup-kitchen-of-the-daughters-of-charity-during-the-covid-19-in-madrid-5-2\/\" \/>\n<meta property=\"og:site_name\" content=\"Filles de la Charit\u00e9\" \/>\n<meta property=\"article:published_time\" content=\"2020-06-29T20:41:52+00:00\" \/>\n<meta property=\"article:modified_time\" content=\"2024-03-17T17:28:47+00:00\" \/>\n<meta property=\"og:image\" content=\"https:\/\/filles-de-la-charite.org\/wp-content\/uploads\/2023\/06\/0630-comedor-thmb.jpg\" \/>\n\t<meta property=\"og:image:width\" content=\"420\" \/>\n\t<meta property=\"og:image:height\" content=\"280\" \/>\n\t<meta property=\"og:image:type\" content=\"image\/jpeg\" \/>\n<meta name=\"author\" content=\"admin\" \/>\n<meta name=\"twitter:card\" content=\"summary_large_image\" \/>\n<meta name=\"twitter:label1\" content=\"Escrito por\" \/>\n\t<meta name=\"twitter:data1\" content=\"admin\" \/>\n\t<meta name=\"twitter:label2\" content=\"Tempo estimado de leitura\" \/>\n\t<meta name=\"twitter:data2\" content=\"3 minutos\" \/>\n<script type=\"application\/ld+json\" class=\"yoast-schema-graph\">{\"@context\":\"https:\\\/\\\/schema.org\",\"@graph\":[{\"@type\":\"Article\",\"@id\":\"https:\\\/\\\/filles-de-la-charite.org\\\/pt-pt\\\/waiting-in-line-outside-the-soup-kitchen-of-the-daughters-of-charity-during-the-covid-19-in-madrid-5-2\\\/#article\",\"isPartOf\":{\"@id\":\"https:\\\/\\\/filles-de-la-charite.org\\\/pt-pt\\\/waiting-in-line-outside-the-soup-kitchen-of-the-daughters-of-charity-during-the-covid-19-in-madrid-5-2\\\/\"},\"author\":{\"name\":\"admin\",\"@id\":\"https:\\\/\\\/filles-de-la-charite.org\\\/pt-pt\\\/#\\\/schema\\\/person\\\/427567b2eccfc2dd7d206da186a1f438\"},\"headline\":\"Uma fila espera fora do refeit\u00f3rio social das Filhas da Caridade durante o COVID-19 em Madrid\",\"datePublished\":\"2020-06-29T20:41:52+00:00\",\"dateModified\":\"2024-03-17T17:28:47+00:00\",\"mainEntityOfPage\":{\"@id\":\"https:\\\/\\\/filles-de-la-charite.org\\\/pt-pt\\\/waiting-in-line-outside-the-soup-kitchen-of-the-daughters-of-charity-during-the-covid-19-in-madrid-5-2\\\/\"},\"wordCount\":549,\"publisher\":{\"@id\":\"https:\\\/\\\/filles-de-la-charite.org\\\/pt-pt\\\/#organization\"},\"image\":{\"@id\":\"https:\\\/\\\/filles-de-la-charite.org\\\/pt-pt\\\/waiting-in-line-outside-the-soup-kitchen-of-the-daughters-of-charity-during-the-covid-19-in-madrid-5-2\\\/#primaryimage\"},\"thumbnailUrl\":\"https:\\\/\\\/filles-de-la-charite.org\\\/wp-content\\\/uploads\\\/2023\\\/06\\\/0630-comedor-thmb.jpg\",\"articleSection\":[\"Madrid - Santa Luisa\"],\"inLanguage\":\"pt-PT\"},{\"@type\":\"WebPage\",\"@id\":\"https:\\\/\\\/filles-de-la-charite.org\\\/pt-pt\\\/waiting-in-line-outside-the-soup-kitchen-of-the-daughters-of-charity-during-the-covid-19-in-madrid-5-2\\\/\",\"url\":\"https:\\\/\\\/filles-de-la-charite.org\\\/pt-pt\\\/waiting-in-line-outside-the-soup-kitchen-of-the-daughters-of-charity-during-the-covid-19-in-madrid-5-2\\\/\",\"name\":\"Uma fila espera fora do refeit\u00f3rio social das Filhas da Caridade durante o COVID-19 em Madrid - Filles de la Charit\u00e9\",\"isPartOf\":{\"@id\":\"https:\\\/\\\/filles-de-la-charite.org\\\/pt-pt\\\/#website\"},\"primaryImageOfPage\":{\"@id\":\"https:\\\/\\\/filles-de-la-charite.org\\\/pt-pt\\\/waiting-in-line-outside-the-soup-kitchen-of-the-daughters-of-charity-during-the-covid-19-in-madrid-5-2\\\/#primaryimage\"},\"image\":{\"@id\":\"https:\\\/\\\/filles-de-la-charite.org\\\/pt-pt\\\/waiting-in-line-outside-the-soup-kitchen-of-the-daughters-of-charity-during-the-covid-19-in-madrid-5-2\\\/#primaryimage\"},\"thumbnailUrl\":\"https:\\\/\\\/filles-de-la-charite.org\\\/wp-content\\\/uploads\\\/2023\\\/06\\\/0630-comedor-thmb.jpg\",\"datePublished\":\"2020-06-29T20:41:52+00:00\",\"dateModified\":\"2024-03-17T17:28:47+00:00\",\"breadcrumb\":{\"@id\":\"https:\\\/\\\/filles-de-la-charite.org\\\/pt-pt\\\/waiting-in-line-outside-the-soup-kitchen-of-the-daughters-of-charity-during-the-covid-19-in-madrid-5-2\\\/#breadcrumb\"},\"inLanguage\":\"pt-PT\",\"potentialAction\":[{\"@type\":\"ReadAction\",\"target\":[\"https:\\\/\\\/filles-de-la-charite.org\\\/pt-pt\\\/waiting-in-line-outside-the-soup-kitchen-of-the-daughters-of-charity-during-the-covid-19-in-madrid-5-2\\\/\"]}]},{\"@type\":\"ImageObject\",\"inLanguage\":\"pt-PT\",\"@id\":\"https:\\\/\\\/filles-de-la-charite.org\\\/pt-pt\\\/waiting-in-line-outside-the-soup-kitchen-of-the-daughters-of-charity-during-the-covid-19-in-madrid-5-2\\\/#primaryimage\",\"url\":\"https:\\\/\\\/filles-de-la-charite.org\\\/wp-content\\\/uploads\\\/2023\\\/06\\\/0630-comedor-thmb.jpg\",\"contentUrl\":\"https:\\\/\\\/filles-de-la-charite.org\\\/wp-content\\\/uploads\\\/2023\\\/06\\\/0630-comedor-thmb.jpg\",\"width\":420,\"height\":280},{\"@type\":\"BreadcrumbList\",\"@id\":\"https:\\\/\\\/filles-de-la-charite.org\\\/pt-pt\\\/waiting-in-line-outside-the-soup-kitchen-of-the-daughters-of-charity-during-the-covid-19-in-madrid-5-2\\\/#breadcrumb\",\"itemListElement\":[{\"@type\":\"ListItem\",\"position\":1,\"name\":\"Filhas da Caridade\",\"item\":\"https:\\\/\\\/filles-de-la-charite.org\\\/pt-pt\\\/category\\\/filhas-da-caridade\\\/\"},{\"@type\":\"ListItem\",\"position\":2,\"name\":\"Uma fila espera fora do refeit\u00f3rio social das Filhas da Caridade durante o COVID-19 em Madrid\"}]},{\"@type\":\"WebSite\",\"@id\":\"https:\\\/\\\/filles-de-la-charite.org\\\/pt-pt\\\/#website\",\"url\":\"https:\\\/\\\/filles-de-la-charite.org\\\/pt-pt\\\/\",\"name\":\"Hijas de la Caridad\",\"description\":\"L\u2019amour de J\u00e9sus nous presse \u00e0 prendre soin des personnes les plus d\u00e9munies\",\"publisher\":{\"@id\":\"https:\\\/\\\/filles-de-la-charite.org\\\/pt-pt\\\/#organization\"},\"potentialAction\":[{\"@type\":\"SearchAction\",\"target\":{\"@type\":\"EntryPoint\",\"urlTemplate\":\"https:\\\/\\\/filles-de-la-charite.org\\\/pt-pt\\\/?s={search_term_string}\"},\"query-input\":{\"@type\":\"PropertyValueSpecification\",\"valueRequired\":true,\"valueName\":\"search_term_string\"}}],\"inLanguage\":\"pt-PT\"},{\"@type\":\"Organization\",\"@id\":\"https:\\\/\\\/filles-de-la-charite.org\\\/pt-pt\\\/#organization\",\"name\":\"Hijas de la Caridad\",\"url\":\"https:\\\/\\\/filles-de-la-charite.org\\\/pt-pt\\\/\",\"logo\":{\"@type\":\"ImageObject\",\"inLanguage\":\"pt-PT\",\"@id\":\"https:\\\/\\\/filles-de-la-charite.org\\\/pt-pt\\\/#\\\/schema\\\/logo\\\/image\\\/\",\"url\":\"https:\\\/\\\/filles-de-la-charite.org\\\/wp-content\\\/uploads\\\/2023\\\/03\\\/isotipo-Hijas-de-la-Caridad.png\",\"contentUrl\":\"https:\\\/\\\/filles-de-la-charite.org\\\/wp-content\\\/uploads\\\/2023\\\/03\\\/isotipo-Hijas-de-la-Caridad.png\",\"width\":1417,\"height\":1417,\"caption\":\"Hijas de la Caridad\"},\"image\":{\"@id\":\"https:\\\/\\\/filles-de-la-charite.org\\\/pt-pt\\\/#\\\/schema\\\/logo\\\/image\\\/\"}},{\"@type\":\"Person\",\"@id\":\"https:\\\/\\\/filles-de-la-charite.org\\\/pt-pt\\\/#\\\/schema\\\/person\\\/427567b2eccfc2dd7d206da186a1f438\",\"name\":\"admin\",\"image\":{\"@type\":\"ImageObject\",\"inLanguage\":\"pt-PT\",\"@id\":\"https:\\\/\\\/secure.gravatar.com\\\/avatar\\\/948b492cce32b586ac2db0eaa926ee87024f7afe218d73b397ea5ddfc5f43ea1?s=96&d=mm&r=g\",\"url\":\"https:\\\/\\\/secure.gravatar.com\\\/avatar\\\/948b492cce32b586ac2db0eaa926ee87024f7afe218d73b397ea5ddfc5f43ea1?s=96&d=mm&r=g\",\"contentUrl\":\"https:\\\/\\\/secure.gravatar.com\\\/avatar\\\/948b492cce32b586ac2db0eaa926ee87024f7afe218d73b397ea5ddfc5f43ea1?s=96&d=mm&r=g\",\"caption\":\"admin\"},\"sameAs\":[\"https:\\\/\\\/filles-de-la-charite.org\"],\"url\":\"https:\\\/\\\/filles-de-la-charite.org\\\/pt-pt\\\/author\\\/caridad\\\/\"}]}<\/script>\n<!-- \/ Yoast SEO plugin. -->","yoast_head_json":{"title":"Uma fila espera fora do refeit\u00f3rio social das Filhas da Caridade durante o COVID-19 em Madrid - Filles de la Charit\u00e9","robots":{"index":"index","follow":"follow","max-snippet":"max-snippet:-1","max-image-preview":"max-image-preview:large","max-video-preview":"max-video-preview:-1"},"canonical":"https:\/\/filles-de-la-charite.org\/pt-pt\/waiting-in-line-outside-the-soup-kitchen-of-the-daughters-of-charity-during-the-covid-19-in-madrid-5-2\/","og_locale":"pt_PT","og_type":"article","og_title":"Uma fila espera fora do refeit\u00f3rio social das Filhas da Caridade durante o COVID-19 em Madrid - Filles de la Charit\u00e9","og_description":"Durante a pandemia, o programa de S. Vicente de Paulo teve de adaptar o seu servi\u00e7o \u00e0s circunst\u00e2ncias, a fim de fornecer alimentos. As pessoas esperam l\u00e1 fora na fila para receber o que costumava ser servido numa bandeja sentada \u00e0 mesa, o menu: num recipiente pl\u00e1stico carne e batatas, uma sandu\u00edche de omelete, uma [&hellip;]","og_url":"https:\/\/filles-de-la-charite.org\/pt-pt\/waiting-in-line-outside-the-soup-kitchen-of-the-daughters-of-charity-during-the-covid-19-in-madrid-5-2\/","og_site_name":"Filles de la Charit\u00e9","article_published_time":"2020-06-29T20:41:52+00:00","article_modified_time":"2024-03-17T17:28:47+00:00","og_image":[{"width":420,"height":280,"url":"https:\/\/filles-de-la-charite.org\/wp-content\/uploads\/2023\/06\/0630-comedor-thmb.jpg","type":"image\/jpeg"}],"author":"admin","twitter_card":"summary_large_image","twitter_misc":{"Escrito por":"admin","Tempo estimado de leitura":"3 minutos"},"schema":{"@context":"https:\/\/schema.org","@graph":[{"@type":"Article","@id":"https:\/\/filles-de-la-charite.org\/pt-pt\/waiting-in-line-outside-the-soup-kitchen-of-the-daughters-of-charity-during-the-covid-19-in-madrid-5-2\/#article","isPartOf":{"@id":"https:\/\/filles-de-la-charite.org\/pt-pt\/waiting-in-line-outside-the-soup-kitchen-of-the-daughters-of-charity-during-the-covid-19-in-madrid-5-2\/"},"author":{"name":"admin","@id":"https:\/\/filles-de-la-charite.org\/pt-pt\/#\/schema\/person\/427567b2eccfc2dd7d206da186a1f438"},"headline":"Uma fila espera fora do refeit\u00f3rio social das Filhas da Caridade durante o COVID-19 em Madrid","datePublished":"2020-06-29T20:41:52+00:00","dateModified":"2024-03-17T17:28:47+00:00","mainEntityOfPage":{"@id":"https:\/\/filles-de-la-charite.org\/pt-pt\/waiting-in-line-outside-the-soup-kitchen-of-the-daughters-of-charity-during-the-covid-19-in-madrid-5-2\/"},"wordCount":549,"publisher":{"@id":"https:\/\/filles-de-la-charite.org\/pt-pt\/#organization"},"image":{"@id":"https:\/\/filles-de-la-charite.org\/pt-pt\/waiting-in-line-outside-the-soup-kitchen-of-the-daughters-of-charity-during-the-covid-19-in-madrid-5-2\/#primaryimage"},"thumbnailUrl":"https:\/\/filles-de-la-charite.org\/wp-content\/uploads\/2023\/06\/0630-comedor-thmb.jpg","articleSection":["Madrid - Santa Luisa"],"inLanguage":"pt-PT"},{"@type":"WebPage","@id":"https:\/\/filles-de-la-charite.org\/pt-pt\/waiting-in-line-outside-the-soup-kitchen-of-the-daughters-of-charity-during-the-covid-19-in-madrid-5-2\/","url":"https:\/\/filles-de-la-charite.org\/pt-pt\/waiting-in-line-outside-the-soup-kitchen-of-the-daughters-of-charity-during-the-covid-19-in-madrid-5-2\/","name":"Uma fila espera fora do refeit\u00f3rio social das Filhas da Caridade durante o COVID-19 em Madrid - Filles de la Charit\u00e9","isPartOf":{"@id":"https:\/\/filles-de-la-charite.org\/pt-pt\/#website"},"primaryImageOfPage":{"@id":"https:\/\/filles-de-la-charite.org\/pt-pt\/waiting-in-line-outside-the-soup-kitchen-of-the-daughters-of-charity-during-the-covid-19-in-madrid-5-2\/#primaryimage"},"image":{"@id":"https:\/\/filles-de-la-charite.org\/pt-pt\/waiting-in-line-outside-the-soup-kitchen-of-the-daughters-of-charity-during-the-covid-19-in-madrid-5-2\/#primaryimage"},"thumbnailUrl":"https:\/\/filles-de-la-charite.org\/wp-content\/uploads\/2023\/06\/0630-comedor-thmb.jpg","datePublished":"2020-06-29T20:41:52+00:00","dateModified":"2024-03-17T17:28:47+00:00","breadcrumb":{"@id":"https:\/\/filles-de-la-charite.org\/pt-pt\/waiting-in-line-outside-the-soup-kitchen-of-the-daughters-of-charity-during-the-covid-19-in-madrid-5-2\/#breadcrumb"},"inLanguage":"pt-PT","potentialAction":[{"@type":"ReadAction","target":["https:\/\/filles-de-la-charite.org\/pt-pt\/waiting-in-line-outside-the-soup-kitchen-of-the-daughters-of-charity-during-the-covid-19-in-madrid-5-2\/"]}]},{"@type":"ImageObject","inLanguage":"pt-PT","@id":"https:\/\/filles-de-la-charite.org\/pt-pt\/waiting-in-line-outside-the-soup-kitchen-of-the-daughters-of-charity-during-the-covid-19-in-madrid-5-2\/#primaryimage","url":"https:\/\/filles-de-la-charite.org\/wp-content\/uploads\/2023\/06\/0630-comedor-thmb.jpg","contentUrl":"https:\/\/filles-de-la-charite.org\/wp-content\/uploads\/2023\/06\/0630-comedor-thmb.jpg","width":420,"height":280},{"@type":"BreadcrumbList","@id":"https:\/\/filles-de-la-charite.org\/pt-pt\/waiting-in-line-outside-the-soup-kitchen-of-the-daughters-of-charity-during-the-covid-19-in-madrid-5-2\/#breadcrumb","itemListElement":[{"@type":"ListItem","position":1,"name":"Filhas da Caridade","item":"https:\/\/filles-de-la-charite.org\/pt-pt\/category\/filhas-da-caridade\/"},{"@type":"ListItem","position":2,"name":"Uma fila espera fora do refeit\u00f3rio social das Filhas da Caridade durante o COVID-19 em Madrid"}]},{"@type":"WebSite","@id":"https:\/\/filles-de-la-charite.org\/pt-pt\/#website","url":"https:\/\/filles-de-la-charite.org\/pt-pt\/","name":"Hijas de la Caridad","description":"L\u2019amour de J\u00e9sus nous presse \u00e0 prendre soin des personnes les plus d\u00e9munies","publisher":{"@id":"https:\/\/filles-de-la-charite.org\/pt-pt\/#organization"},"potentialAction":[{"@type":"SearchAction","target":{"@type":"EntryPoint","urlTemplate":"https:\/\/filles-de-la-charite.org\/pt-pt\/?s={search_term_string}"},"query-input":{"@type":"PropertyValueSpecification","valueRequired":true,"valueName":"search_term_string"}}],"inLanguage":"pt-PT"},{"@type":"Organization","@id":"https:\/\/filles-de-la-charite.org\/pt-pt\/#organization","name":"Hijas de la Caridad","url":"https:\/\/filles-de-la-charite.org\/pt-pt\/","logo":{"@type":"ImageObject","inLanguage":"pt-PT","@id":"https:\/\/filles-de-la-charite.org\/pt-pt\/#\/schema\/logo\/image\/","url":"https:\/\/filles-de-la-charite.org\/wp-content\/uploads\/2023\/03\/isotipo-Hijas-de-la-Caridad.png","contentUrl":"https:\/\/filles-de-la-charite.org\/wp-content\/uploads\/2023\/03\/isotipo-Hijas-de-la-Caridad.png","width":1417,"height":1417,"caption":"Hijas de la Caridad"},"image":{"@id":"https:\/\/filles-de-la-charite.org\/pt-pt\/#\/schema\/logo\/image\/"}},{"@type":"Person","@id":"https:\/\/filles-de-la-charite.org\/pt-pt\/#\/schema\/person\/427567b2eccfc2dd7d206da186a1f438","name":"admin","image":{"@type":"ImageObject","inLanguage":"pt-PT","@id":"https:\/\/secure.gravatar.com\/avatar\/948b492cce32b586ac2db0eaa926ee87024f7afe218d73b397ea5ddfc5f43ea1?s=96&d=mm&r=g","url":"https:\/\/secure.gravatar.com\/avatar\/948b492cce32b586ac2db0eaa926ee87024f7afe218d73b397ea5ddfc5f43ea1?s=96&d=mm&r=g","contentUrl":"https:\/\/secure.gravatar.com\/avatar\/948b492cce32b586ac2db0eaa926ee87024f7afe218d73b397ea5ddfc5f43ea1?s=96&d=mm&r=g","caption":"admin"},"sameAs":["https:\/\/filles-de-la-charite.org"],"url":"https:\/\/filles-de-la-charite.org\/pt-pt\/author\/caridad\/"}]}},"_links":{"self":[{"href":"https:\/\/filles-de-la-charite.org\/pt-pt\/wp-json\/wp\/v2\/posts\/25169","targetHints":{"allow":["GET"]}}],"collection":[{"href":"https:\/\/filles-de-la-charite.org\/pt-pt\/wp-json\/wp\/v2\/posts"}],"about":[{"href":"https:\/\/filles-de-la-charite.org\/pt-pt\/wp-json\/wp\/v2\/types\/post"}],"author":[{"embeddable":true,"href":"https:\/\/filles-de-la-charite.org\/pt-pt\/wp-json\/wp\/v2\/users\/1"}],"replies":[{"embeddable":true,"href":"https:\/\/filles-de-la-charite.org\/pt-pt\/wp-json\/wp\/v2\/comments?post=25169"}],"version-history":[{"count":1,"href":"https:\/\/filles-de-la-charite.org\/pt-pt\/wp-json\/wp\/v2\/posts\/25169\/revisions"}],"predecessor-version":[{"id":25170,"href":"https:\/\/filles-de-la-charite.org\/pt-pt\/wp-json\/wp\/v2\/posts\/25169\/revisions\/25170"}],"wp:featuredmedia":[{"embeddable":true,"href":"https:\/\/filles-de-la-charite.org\/pt-pt\/wp-json\/wp\/v2\/media\/14897"}],"wp:attachment":[{"href":"https:\/\/filles-de-la-charite.org\/pt-pt\/wp-json\/wp\/v2\/media?parent=25169"}],"wp:term":[{"taxonomy":"category","embeddable":true,"href":"https:\/\/filles-de-la-charite.org\/pt-pt\/wp-json\/wp\/v2\/categories?post=25169"},{"taxonomy":"post_tag","embeddable":true,"href":"https:\/\/filles-de-la-charite.org\/pt-pt\/wp-json\/wp\/v2\/tags?post=25169"}],"curies":[{"name":"wp","href":"https:\/\/api.w.org\/{rel}","templated":true}]}}