{"id":25171,"date":"2020-07-03T11:07:18","date_gmt":"2020-07-03T09:07:18","guid":{"rendered":"https:\/\/hijascaridad.sjdigitaldemo.ovh\/did-you-say-lockdown-5-2\/"},"modified":"2024-03-17T18:28:30","modified_gmt":"2024-03-17T17:28:30","slug":"did-you-say-lockdown-5-2","status":"publish","type":"post","link":"https:\/\/filles-de-la-charite.org\/pt-pt\/did-you-say-lockdown-5-2\/","title":{"rendered":"Disse \u201clockdown\u201d?"},"content":{"rendered":"\n<p>Esta palavra, falada in\u00fameras vezes em todo o mundo desde o in\u00edcio deste ano e experimentada por igual n\u00famero de pessoas, tem causado afli\u00e7\u00e3o f\u00edsica, sociol\u00f3gica, psicol\u00f3gica, econ\u00f3mica, bem como v\u00e1rias adversidades; o seu alcance ir\u00e1 desdobrar-se nos meses seguintes. No entanto, trouxe tamb\u00e9m uma excepcional efus\u00e3o de generosidade, tanto espiritual como corporalmente. Por um breve momento, vamos &#8220;virar a medalha&#8221; (uma das famosas express\u00f5es de S\u00e3o Vicente de Paulo) e ousemos ver o &#8220;encerramento&#8221; com os cora\u00e7\u00f5es cheios de esperan\u00e7a&#8230;<\/p>\n\n\n\n<p>Os trabalhadores da sa\u00fade que serviram na linha da frente da batalha foram entusiasticamente encorajados por pessoas em numerosas cidades em Fran\u00e7a: todas as noites \u00e0s oito horas, aplausos, ru\u00eddos alegres e sons de instrumentos improvisados que ressoaram em ruas inteiras expressaram apoio e solidariedade e demonstraram apre\u00e7o pelo profissionalismo e dedica\u00e7\u00e3o dos trabalhadores m\u00e9dicos. Mais concretamente, comida, refei\u00e7\u00f5es e presentes foram-lhes trazidos; o cuidado com os seus filhos foi organizado para aliviar as exig\u00eancias do seu trabalho.<\/p>\n\n\n\n<p>Recordamos aqueles cujos trabalhos provaram ser essenciais para a sobreviv\u00eancia dos outros: caixas, padeiros, catadores de lixo&#8230; e nunca deixaram de trabalhar.<\/p>\n\n\n\n<p>Tamb\u00e9m foram organizados momentos de relaxamento para manter a moral. De facto, viver num apartamento ou ter um jardim n\u00e3o d\u00e1 a impress\u00e3o de um encerramento. Alguns foram criativos, desde varandas ou telhados, animaram jogos, cantaram m\u00fasicas populares ou tocaram can\u00e7\u00f5es religiosas e seculares escritas especialmente para a ocasi\u00e3o que convidava outros a dan\u00e7ar; uma lufada de ar fresco antes de voltar para dentro das quatro paredes&#8230;<\/p>\n\n\n\n<p>Aos vulner\u00e1veis e isolados foi dada aten\u00e7\u00e3o atrav\u00e9s da iniciativa de pessoas individuais, associa\u00e7\u00f5es, par\u00f3quias, escolas&#8230;: compras, telefonemas, cartas, refei\u00e7\u00f5es, contato com os servi\u00e7os sociais; trabalhadores da sa\u00fade, estudantes do semin\u00e1rio, e os jovens confinaram-se voluntariamente durante v\u00e1rias semanas para servir pessoas mais velhas em algumas institui\u00e7\u00f5es e para evitar infec\u00e7\u00f5es.<\/p>\n\n\n\n<p>Os prisioneiros n\u00e3o foram esquecidos: um n\u00famero gratuito tornou poss\u00edvel ouvi-los 24 horas por dia.<\/p>\n\n\n\n<p>A Diocese de Paris em colabora\u00e7\u00e3o com a C\u00e2mara Municipal da capital e a participa\u00e7\u00e3o de mais de 500 volunt\u00e1rios distribu\u00edram pacotes de almo\u00e7o para os sem abrigo, 7 dias por semana; mais de 1.400 refei\u00e7\u00f5es embaladas foram preparadas diariamente atrav\u00e9s dos esfor\u00e7os de uma escola de segunda m\u00e3o de renome em Paris.<\/p>\n\n\n\n<p>Muitos senhorios adiaram o pagamento dos alugueres dos seus inquilinos e at\u00e9 cancelaram as taxas de arrendamento de estabelecimentos comerciais&#8230;<\/p>\n\n\n\n<p>Mas, &#8220;as pessoas n\u00e3o vivem s\u00f3 de p\u00e3o&#8221; !!!! As igrejas permaneceram abertas para que aqueles que saem para comprar bens de primeira necessidade pudessem fazer uma visita curta no tempo permitido.<\/p>\n\n\n\n<p>Todos os meios t\u00e9cnicos de comunica\u00e7\u00e3o foram aproveitados para trazer alimento espiritual: a Eucaristia que \u00e9 transmitida em directo, todo o tipo de ora\u00e7\u00f5es: louvor, ter\u00e7o, adora\u00e7\u00e3o ao Sant\u00edssimo Sacramento, esta\u00e7\u00f5es da Cruz, retiros&#8230; Para a festa da Anuncia\u00e7\u00e3o (25 de Mar\u00e7o \u00faltimo), velas foram acesas e colocadas em janelas e sinos de igreja tocaram por toda a Fran\u00e7a!<\/p>\n\n\n\n<p>No p\u00f3s-lockdown, continuaremos a difundir esta criatividade, este empenho, este zelo, esta f\u00e9, esta capacidade de cuidar dos outros?<\/p>\n","protected":false},"excerpt":{"rendered":"<p>Esta palavra, falada in\u00fameras vezes em todo o mundo desde o in\u00edcio deste ano e experimentada por igual n\u00famero de pessoas, tem causado afli\u00e7\u00e3o f\u00edsica, sociol\u00f3gica, psicol\u00f3gica, econ\u00f3mica, bem como v\u00e1rias adversidades; o seu alcance ir\u00e1 desdobrar-se nos meses seguintes. No entanto, trouxe tamb\u00e9m uma excepcional efus\u00e3o de generosidade, tanto espiritual como corporalmente. Por um [&hellip;]<\/p>\n","protected":false},"author":1,"featured_media":14904,"comment_status":"closed","ping_status":"closed","sticky":false,"template":"","format":"standard","meta":{"_acf_changed":false,"_et_pb_use_builder":"","_et_pb_old_content":"","_et_gb_content_width":"","footnotes":"","_links_to":"","_links_to_target":""},"categories":[566],"tags":[],"class_list":["post-25171","post","type-post","status-publish","format-standard","has-post-thumbnail","hentry","category-belgica-franca-suica-pt-pt"],"acf":[],"yoast_head":"<!-- This site is optimized with the Yoast SEO plugin v27.5 - https:\/\/yoast.com\/product\/yoast-seo-wordpress\/ -->\n<title>Disse \u201clockdown\u201d? - Filles de la Charit\u00e9<\/title>\n<meta name=\"robots\" content=\"index, follow, max-snippet:-1, max-image-preview:large, max-video-preview:-1\" \/>\n<link rel=\"canonical\" href=\"https:\/\/filles-de-la-charite.org\/pt-pt\/did-you-say-lockdown-5-2\/\" \/>\n<meta property=\"og:locale\" content=\"pt_PT\" \/>\n<meta property=\"og:type\" content=\"article\" \/>\n<meta property=\"og:title\" content=\"Disse \u201clockdown\u201d? - Filles de la Charit\u00e9\" \/>\n<meta property=\"og:description\" content=\"Esta palavra, falada in\u00fameras vezes em todo o mundo desde o in\u00edcio deste ano e experimentada por igual n\u00famero de pessoas, tem causado afli\u00e7\u00e3o f\u00edsica, sociol\u00f3gica, psicol\u00f3gica, econ\u00f3mica, bem como v\u00e1rias adversidades; o seu alcance ir\u00e1 desdobrar-se nos meses seguintes. No entanto, trouxe tamb\u00e9m uma excepcional efus\u00e3o de generosidade, tanto espiritual como corporalmente. Por um [&hellip;]\" \/>\n<meta property=\"og:url\" content=\"https:\/\/filles-de-la-charite.org\/pt-pt\/did-you-say-lockdown-5-2\/\" \/>\n<meta property=\"og:site_name\" content=\"Filles de la Charit\u00e9\" \/>\n<meta property=\"article:published_time\" content=\"2020-07-03T09:07:18+00:00\" \/>\n<meta property=\"article:modified_time\" content=\"2024-03-17T17:28:30+00:00\" \/>\n<meta property=\"og:image\" content=\"https:\/\/filles-de-la-charite.org\/wp-content\/uploads\/2023\/06\/200703-lockdown-ftd.jpg\" \/>\n\t<meta property=\"og:image:width\" content=\"1199\" \/>\n\t<meta property=\"og:image:height\" content=\"630\" \/>\n\t<meta property=\"og:image:type\" content=\"image\/jpeg\" \/>\n<meta name=\"author\" content=\"admin\" \/>\n<meta name=\"twitter:card\" content=\"summary_large_image\" \/>\n<meta name=\"twitter:label1\" content=\"Escrito por\" \/>\n\t<meta name=\"twitter:data1\" content=\"admin\" \/>\n\t<meta name=\"twitter:label2\" content=\"Tempo estimado de leitura\" \/>\n\t<meta name=\"twitter:data2\" content=\"3 minutos\" \/>\n<script type=\"application\/ld+json\" class=\"yoast-schema-graph\">{\"@context\":\"https:\\\/\\\/schema.org\",\"@graph\":[{\"@type\":\"Article\",\"@id\":\"https:\\\/\\\/filles-de-la-charite.org\\\/pt-pt\\\/did-you-say-lockdown-5-2\\\/#article\",\"isPartOf\":{\"@id\":\"https:\\\/\\\/filles-de-la-charite.org\\\/pt-pt\\\/did-you-say-lockdown-5-2\\\/\"},\"author\":{\"name\":\"admin\",\"@id\":\"https:\\\/\\\/filles-de-la-charite.org\\\/pt-pt\\\/#\\\/schema\\\/person\\\/427567b2eccfc2dd7d206da186a1f438\"},\"headline\":\"Disse \u201clockdown\u201d?\",\"datePublished\":\"2020-07-03T09:07:18+00:00\",\"dateModified\":\"2024-03-17T17:28:30+00:00\",\"mainEntityOfPage\":{\"@id\":\"https:\\\/\\\/filles-de-la-charite.org\\\/pt-pt\\\/did-you-say-lockdown-5-2\\\/\"},\"wordCount\":561,\"publisher\":{\"@id\":\"https:\\\/\\\/filles-de-la-charite.org\\\/pt-pt\\\/#organization\"},\"image\":{\"@id\":\"https:\\\/\\\/filles-de-la-charite.org\\\/pt-pt\\\/did-you-say-lockdown-5-2\\\/#primaryimage\"},\"thumbnailUrl\":\"https:\\\/\\\/filles-de-la-charite.org\\\/wp-content\\\/uploads\\\/2023\\\/06\\\/200703-lockdown-ftd.jpg\",\"articleSection\":[\"B\u00e9lgica-Fran\u00e7a-Su\u00ed\u00e7a\"],\"inLanguage\":\"pt-PT\"},{\"@type\":\"WebPage\",\"@id\":\"https:\\\/\\\/filles-de-la-charite.org\\\/pt-pt\\\/did-you-say-lockdown-5-2\\\/\",\"url\":\"https:\\\/\\\/filles-de-la-charite.org\\\/pt-pt\\\/did-you-say-lockdown-5-2\\\/\",\"name\":\"Disse \u201clockdown\u201d? - Filles de la Charit\u00e9\",\"isPartOf\":{\"@id\":\"https:\\\/\\\/filles-de-la-charite.org\\\/pt-pt\\\/#website\"},\"primaryImageOfPage\":{\"@id\":\"https:\\\/\\\/filles-de-la-charite.org\\\/pt-pt\\\/did-you-say-lockdown-5-2\\\/#primaryimage\"},\"image\":{\"@id\":\"https:\\\/\\\/filles-de-la-charite.org\\\/pt-pt\\\/did-you-say-lockdown-5-2\\\/#primaryimage\"},\"thumbnailUrl\":\"https:\\\/\\\/filles-de-la-charite.org\\\/wp-content\\\/uploads\\\/2023\\\/06\\\/200703-lockdown-ftd.jpg\",\"datePublished\":\"2020-07-03T09:07:18+00:00\",\"dateModified\":\"2024-03-17T17:28:30+00:00\",\"breadcrumb\":{\"@id\":\"https:\\\/\\\/filles-de-la-charite.org\\\/pt-pt\\\/did-you-say-lockdown-5-2\\\/#breadcrumb\"},\"inLanguage\":\"pt-PT\",\"potentialAction\":[{\"@type\":\"ReadAction\",\"target\":[\"https:\\\/\\\/filles-de-la-charite.org\\\/pt-pt\\\/did-you-say-lockdown-5-2\\\/\"]}]},{\"@type\":\"ImageObject\",\"inLanguage\":\"pt-PT\",\"@id\":\"https:\\\/\\\/filles-de-la-charite.org\\\/pt-pt\\\/did-you-say-lockdown-5-2\\\/#primaryimage\",\"url\":\"https:\\\/\\\/filles-de-la-charite.org\\\/wp-content\\\/uploads\\\/2023\\\/06\\\/200703-lockdown-ftd.jpg\",\"contentUrl\":\"https:\\\/\\\/filles-de-la-charite.org\\\/wp-content\\\/uploads\\\/2023\\\/06\\\/200703-lockdown-ftd.jpg\",\"width\":1199,\"height\":630},{\"@type\":\"BreadcrumbList\",\"@id\":\"https:\\\/\\\/filles-de-la-charite.org\\\/pt-pt\\\/did-you-say-lockdown-5-2\\\/#breadcrumb\",\"itemListElement\":[{\"@type\":\"ListItem\",\"position\":1,\"name\":\"B\u00e9lgica-Fran\u00e7a-Su\u00ed\u00e7a\",\"item\":\"https:\\\/\\\/filles-de-la-charite.org\\\/pt-pt\\\/category\\\/belgica-franca-suica-pt-pt\\\/\"},{\"@type\":\"ListItem\",\"position\":2,\"name\":\"Disse \u201clockdown\u201d?\"}]},{\"@type\":\"WebSite\",\"@id\":\"https:\\\/\\\/filles-de-la-charite.org\\\/pt-pt\\\/#website\",\"url\":\"https:\\\/\\\/filles-de-la-charite.org\\\/pt-pt\\\/\",\"name\":\"Hijas de la Caridad\",\"description\":\"L\u2019amour de J\u00e9sus nous presse \u00e0 prendre soin des personnes les plus d\u00e9munies\",\"publisher\":{\"@id\":\"https:\\\/\\\/filles-de-la-charite.org\\\/pt-pt\\\/#organization\"},\"potentialAction\":[{\"@type\":\"SearchAction\",\"target\":{\"@type\":\"EntryPoint\",\"urlTemplate\":\"https:\\\/\\\/filles-de-la-charite.org\\\/pt-pt\\\/?s={search_term_string}\"},\"query-input\":{\"@type\":\"PropertyValueSpecification\",\"valueRequired\":true,\"valueName\":\"search_term_string\"}}],\"inLanguage\":\"pt-PT\"},{\"@type\":\"Organization\",\"@id\":\"https:\\\/\\\/filles-de-la-charite.org\\\/pt-pt\\\/#organization\",\"name\":\"Hijas de la Caridad\",\"url\":\"https:\\\/\\\/filles-de-la-charite.org\\\/pt-pt\\\/\",\"logo\":{\"@type\":\"ImageObject\",\"inLanguage\":\"pt-PT\",\"@id\":\"https:\\\/\\\/filles-de-la-charite.org\\\/pt-pt\\\/#\\\/schema\\\/logo\\\/image\\\/\",\"url\":\"https:\\\/\\\/filles-de-la-charite.org\\\/wp-content\\\/uploads\\\/2023\\\/03\\\/isotipo-Hijas-de-la-Caridad.png\",\"contentUrl\":\"https:\\\/\\\/filles-de-la-charite.org\\\/wp-content\\\/uploads\\\/2023\\\/03\\\/isotipo-Hijas-de-la-Caridad.png\",\"width\":1417,\"height\":1417,\"caption\":\"Hijas de la Caridad\"},\"image\":{\"@id\":\"https:\\\/\\\/filles-de-la-charite.org\\\/pt-pt\\\/#\\\/schema\\\/logo\\\/image\\\/\"}},{\"@type\":\"Person\",\"@id\":\"https:\\\/\\\/filles-de-la-charite.org\\\/pt-pt\\\/#\\\/schema\\\/person\\\/427567b2eccfc2dd7d206da186a1f438\",\"name\":\"admin\",\"image\":{\"@type\":\"ImageObject\",\"inLanguage\":\"pt-PT\",\"@id\":\"https:\\\/\\\/secure.gravatar.com\\\/avatar\\\/948b492cce32b586ac2db0eaa926ee87024f7afe218d73b397ea5ddfc5f43ea1?s=96&d=mm&r=g\",\"url\":\"https:\\\/\\\/secure.gravatar.com\\\/avatar\\\/948b492cce32b586ac2db0eaa926ee87024f7afe218d73b397ea5ddfc5f43ea1?s=96&d=mm&r=g\",\"contentUrl\":\"https:\\\/\\\/secure.gravatar.com\\\/avatar\\\/948b492cce32b586ac2db0eaa926ee87024f7afe218d73b397ea5ddfc5f43ea1?s=96&d=mm&r=g\",\"caption\":\"admin\"},\"sameAs\":[\"https:\\\/\\\/filles-de-la-charite.org\"],\"url\":\"https:\\\/\\\/filles-de-la-charite.org\\\/pt-pt\\\/author\\\/caridad\\\/\"}]}<\/script>\n<!-- \/ Yoast SEO plugin. -->","yoast_head_json":{"title":"Disse \u201clockdown\u201d? - Filles de la Charit\u00e9","robots":{"index":"index","follow":"follow","max-snippet":"max-snippet:-1","max-image-preview":"max-image-preview:large","max-video-preview":"max-video-preview:-1"},"canonical":"https:\/\/filles-de-la-charite.org\/pt-pt\/did-you-say-lockdown-5-2\/","og_locale":"pt_PT","og_type":"article","og_title":"Disse \u201clockdown\u201d? - Filles de la Charit\u00e9","og_description":"Esta palavra, falada in\u00fameras vezes em todo o mundo desde o in\u00edcio deste ano e experimentada por igual n\u00famero de pessoas, tem causado afli\u00e7\u00e3o f\u00edsica, sociol\u00f3gica, psicol\u00f3gica, econ\u00f3mica, bem como v\u00e1rias adversidades; o seu alcance ir\u00e1 desdobrar-se nos meses seguintes. No entanto, trouxe tamb\u00e9m uma excepcional efus\u00e3o de generosidade, tanto espiritual como corporalmente. Por um [&hellip;]","og_url":"https:\/\/filles-de-la-charite.org\/pt-pt\/did-you-say-lockdown-5-2\/","og_site_name":"Filles de la Charit\u00e9","article_published_time":"2020-07-03T09:07:18+00:00","article_modified_time":"2024-03-17T17:28:30+00:00","og_image":[{"width":1199,"height":630,"url":"https:\/\/filles-de-la-charite.org\/wp-content\/uploads\/2023\/06\/200703-lockdown-ftd.jpg","type":"image\/jpeg"}],"author":"admin","twitter_card":"summary_large_image","twitter_misc":{"Escrito por":"admin","Tempo estimado de leitura":"3 minutos"},"schema":{"@context":"https:\/\/schema.org","@graph":[{"@type":"Article","@id":"https:\/\/filles-de-la-charite.org\/pt-pt\/did-you-say-lockdown-5-2\/#article","isPartOf":{"@id":"https:\/\/filles-de-la-charite.org\/pt-pt\/did-you-say-lockdown-5-2\/"},"author":{"name":"admin","@id":"https:\/\/filles-de-la-charite.org\/pt-pt\/#\/schema\/person\/427567b2eccfc2dd7d206da186a1f438"},"headline":"Disse \u201clockdown\u201d?","datePublished":"2020-07-03T09:07:18+00:00","dateModified":"2024-03-17T17:28:30+00:00","mainEntityOfPage":{"@id":"https:\/\/filles-de-la-charite.org\/pt-pt\/did-you-say-lockdown-5-2\/"},"wordCount":561,"publisher":{"@id":"https:\/\/filles-de-la-charite.org\/pt-pt\/#organization"},"image":{"@id":"https:\/\/filles-de-la-charite.org\/pt-pt\/did-you-say-lockdown-5-2\/#primaryimage"},"thumbnailUrl":"https:\/\/filles-de-la-charite.org\/wp-content\/uploads\/2023\/06\/200703-lockdown-ftd.jpg","articleSection":["B\u00e9lgica-Fran\u00e7a-Su\u00ed\u00e7a"],"inLanguage":"pt-PT"},{"@type":"WebPage","@id":"https:\/\/filles-de-la-charite.org\/pt-pt\/did-you-say-lockdown-5-2\/","url":"https:\/\/filles-de-la-charite.org\/pt-pt\/did-you-say-lockdown-5-2\/","name":"Disse \u201clockdown\u201d? - Filles de la Charit\u00e9","isPartOf":{"@id":"https:\/\/filles-de-la-charite.org\/pt-pt\/#website"},"primaryImageOfPage":{"@id":"https:\/\/filles-de-la-charite.org\/pt-pt\/did-you-say-lockdown-5-2\/#primaryimage"},"image":{"@id":"https:\/\/filles-de-la-charite.org\/pt-pt\/did-you-say-lockdown-5-2\/#primaryimage"},"thumbnailUrl":"https:\/\/filles-de-la-charite.org\/wp-content\/uploads\/2023\/06\/200703-lockdown-ftd.jpg","datePublished":"2020-07-03T09:07:18+00:00","dateModified":"2024-03-17T17:28:30+00:00","breadcrumb":{"@id":"https:\/\/filles-de-la-charite.org\/pt-pt\/did-you-say-lockdown-5-2\/#breadcrumb"},"inLanguage":"pt-PT","potentialAction":[{"@type":"ReadAction","target":["https:\/\/filles-de-la-charite.org\/pt-pt\/did-you-say-lockdown-5-2\/"]}]},{"@type":"ImageObject","inLanguage":"pt-PT","@id":"https:\/\/filles-de-la-charite.org\/pt-pt\/did-you-say-lockdown-5-2\/#primaryimage","url":"https:\/\/filles-de-la-charite.org\/wp-content\/uploads\/2023\/06\/200703-lockdown-ftd.jpg","contentUrl":"https:\/\/filles-de-la-charite.org\/wp-content\/uploads\/2023\/06\/200703-lockdown-ftd.jpg","width":1199,"height":630},{"@type":"BreadcrumbList","@id":"https:\/\/filles-de-la-charite.org\/pt-pt\/did-you-say-lockdown-5-2\/#breadcrumb","itemListElement":[{"@type":"ListItem","position":1,"name":"B\u00e9lgica-Fran\u00e7a-Su\u00ed\u00e7a","item":"https:\/\/filles-de-la-charite.org\/pt-pt\/category\/belgica-franca-suica-pt-pt\/"},{"@type":"ListItem","position":2,"name":"Disse \u201clockdown\u201d?"}]},{"@type":"WebSite","@id":"https:\/\/filles-de-la-charite.org\/pt-pt\/#website","url":"https:\/\/filles-de-la-charite.org\/pt-pt\/","name":"Hijas de la Caridad","description":"L\u2019amour de J\u00e9sus nous presse \u00e0 prendre soin des personnes les plus d\u00e9munies","publisher":{"@id":"https:\/\/filles-de-la-charite.org\/pt-pt\/#organization"},"potentialAction":[{"@type":"SearchAction","target":{"@type":"EntryPoint","urlTemplate":"https:\/\/filles-de-la-charite.org\/pt-pt\/?s={search_term_string}"},"query-input":{"@type":"PropertyValueSpecification","valueRequired":true,"valueName":"search_term_string"}}],"inLanguage":"pt-PT"},{"@type":"Organization","@id":"https:\/\/filles-de-la-charite.org\/pt-pt\/#organization","name":"Hijas de la Caridad","url":"https:\/\/filles-de-la-charite.org\/pt-pt\/","logo":{"@type":"ImageObject","inLanguage":"pt-PT","@id":"https:\/\/filles-de-la-charite.org\/pt-pt\/#\/schema\/logo\/image\/","url":"https:\/\/filles-de-la-charite.org\/wp-content\/uploads\/2023\/03\/isotipo-Hijas-de-la-Caridad.png","contentUrl":"https:\/\/filles-de-la-charite.org\/wp-content\/uploads\/2023\/03\/isotipo-Hijas-de-la-Caridad.png","width":1417,"height":1417,"caption":"Hijas de la Caridad"},"image":{"@id":"https:\/\/filles-de-la-charite.org\/pt-pt\/#\/schema\/logo\/image\/"}},{"@type":"Person","@id":"https:\/\/filles-de-la-charite.org\/pt-pt\/#\/schema\/person\/427567b2eccfc2dd7d206da186a1f438","name":"admin","image":{"@type":"ImageObject","inLanguage":"pt-PT","@id":"https:\/\/secure.gravatar.com\/avatar\/948b492cce32b586ac2db0eaa926ee87024f7afe218d73b397ea5ddfc5f43ea1?s=96&d=mm&r=g","url":"https:\/\/secure.gravatar.com\/avatar\/948b492cce32b586ac2db0eaa926ee87024f7afe218d73b397ea5ddfc5f43ea1?s=96&d=mm&r=g","contentUrl":"https:\/\/secure.gravatar.com\/avatar\/948b492cce32b586ac2db0eaa926ee87024f7afe218d73b397ea5ddfc5f43ea1?s=96&d=mm&r=g","caption":"admin"},"sameAs":["https:\/\/filles-de-la-charite.org"],"url":"https:\/\/filles-de-la-charite.org\/pt-pt\/author\/caridad\/"}]}},"_links":{"self":[{"href":"https:\/\/filles-de-la-charite.org\/pt-pt\/wp-json\/wp\/v2\/posts\/25171","targetHints":{"allow":["GET"]}}],"collection":[{"href":"https:\/\/filles-de-la-charite.org\/pt-pt\/wp-json\/wp\/v2\/posts"}],"about":[{"href":"https:\/\/filles-de-la-charite.org\/pt-pt\/wp-json\/wp\/v2\/types\/post"}],"author":[{"embeddable":true,"href":"https:\/\/filles-de-la-charite.org\/pt-pt\/wp-json\/wp\/v2\/users\/1"}],"replies":[{"embeddable":true,"href":"https:\/\/filles-de-la-charite.org\/pt-pt\/wp-json\/wp\/v2\/comments?post=25171"}],"version-history":[{"count":1,"href":"https:\/\/filles-de-la-charite.org\/pt-pt\/wp-json\/wp\/v2\/posts\/25171\/revisions"}],"predecessor-version":[{"id":34533,"href":"https:\/\/filles-de-la-charite.org\/pt-pt\/wp-json\/wp\/v2\/posts\/25171\/revisions\/34533"}],"wp:featuredmedia":[{"embeddable":true,"href":"https:\/\/filles-de-la-charite.org\/pt-pt\/wp-json\/wp\/v2\/media\/14904"}],"wp:attachment":[{"href":"https:\/\/filles-de-la-charite.org\/pt-pt\/wp-json\/wp\/v2\/media?parent=25171"}],"wp:term":[{"taxonomy":"category","embeddable":true,"href":"https:\/\/filles-de-la-charite.org\/pt-pt\/wp-json\/wp\/v2\/categories?post=25171"},{"taxonomy":"post_tag","embeddable":true,"href":"https:\/\/filles-de-la-charite.org\/pt-pt\/wp-json\/wp\/v2\/tags?post=25171"}],"curies":[{"name":"wp","href":"https:\/\/api.w.org\/{rel}","templated":true}]}}